{"id":132251,"date":"2021-05-24T08:56:19","date_gmt":"2021-05-24T06:56:19","guid":{"rendered":"https:\/\/dicodusport.fr\/blog\/?p=132251"},"modified":"2021-05-24T14:55:12","modified_gmt":"2021-05-24T12:55:12","slug":"championnats-d-europe-de-natation-bilan-mitige-pour-lequipe-de-france","status":"publish","type":"post","link":"https:\/\/dicodusport.fr\/blog\/championnats-d-europe-de-natation-bilan-mitige-pour-lequipe-de-france\/","title":{"rendered":"Championnats d&rsquo;Europe de natation : bilan mitig\u00e9 pour l&rsquo;\u00e9quipe de France"},"content":{"rendered":"<p style=\"text-align: justify;\"><em><strong>CHAMPIONNATS D&rsquo;EUROPE DE NATATION &#8211; C&rsquo;\u00e9tait la derni\u00e8re grande comp\u00e9tition de natation avant les Jeux Olympiques. Entre d\u00e9ceptions et belles surprises, les nageurs fran\u00e7ais ont altern\u00e9 le bon et le moins bon.\u00a0<\/strong><\/em><\/p>\n<h2>L&rsquo;eau libre au top<\/h2>\n<p style=\"text-align: justify;\">Parent pauvre de la natation, la nage en eau libre est pourtant tr\u00e8s pourvoyeuse de m\u00e9dailles pour la France. Emmen\u00e9e par son leader <strong>Marc-Antoine Olivier<\/strong>, l&rsquo;\u00e9quipe de France a r\u00e9pondu pr\u00e9sente. Avec 5 podiums, les nageurs fran\u00e7ais se sont class\u00e9s troisi\u00e8mes du tableau des m\u00e9dailles. <strong>Marc-Antoine Olivier<\/strong> s&rsquo;est offert deux m\u00e9dailles d&rsquo;argent au 5 et 10 km. <strong>Oc\u00e9ane Cassignol<\/strong> a termin\u00e9 troisi\u00e8me du 5 km. C&rsquo;est la plus longue distance qui a le mieux r\u00e9ussie aux Fran\u00e7ais : chez les femmes <strong>Lara Grangeon<\/strong> est vice-championne d&rsquo;Europe et <a href=\"https:\/\/dicodusport.fr\/blog\/championnats-deurope-de-natation-axel-reymond-en-or-sur-le-25km\/\"><strong>Axel Reymond<\/strong> a d\u00e9croch\u00e9 sont troisi\u00e8me titre continental sur 25 km<\/a>.<\/p>\n<h2>D\u00e9convenues en bassin de 50m<\/h2>\n<p style=\"text-align: justify;\">Malgr\u00e9 les quelques absences de marque (Lesaffre, Gastaldello&#8230;), l&rsquo;\u00e9quipe de France avait quand m\u00eame de quoi esp\u00e9rer bien mieux. S&rsquo;il y a bien une nageuse qui a r\u00e9pondu pr\u00e9sente, c&rsquo;est bien <strong>Marie Wattel<\/strong>. M\u00e9daill\u00e9 de bronze avec le relais f\u00e9minin, <a href=\"https:\/\/dicodusport.fr\/blog\/championnats-deurope-de-natation-marie-wattel-titree-sur-100-metres-papillon\/\">elle remporte le lendemain le 100 m\u00e8tres papillon<\/a>. Apr\u00e8s ce premier titre europ\u00e9en individuel, la Lilloise confirme en prenant une tr\u00e8s belle m\u00e9daille d&rsquo;argent sur le 100 m\u00e8tres nage libre. Les deux autres m\u00e9dailles ont \u00e9t\u00e9 obtenues par <strong>Yohann Ndoye Brouard<\/strong> sur 100 m\u00e8tres dos qui prend le bronze et <strong>M\u00e9lanie Henique<\/strong> vice-championne d&rsquo;Europe du 50 m\u00e8tres papillon. On peut ajouter les m\u00e9dailles de bronze de <strong>Charlotte Bonnet<\/strong>, <strong>Anouchka Martin<\/strong> et <strong>Assia Touati<\/strong> en 4&#215;100 m\u00e8tres.<\/p>\n<blockquote class=\"twitter-tweet\">\n<p dir=\"ltr\" lang=\"fr\">\u00c0 \u00e9galit\u00e9 avec Anna Ntountounaki, Marie Wattel d\u00e9croche le titre europ\u00e9en sur 100 m\u00e8tres papillon ! &#x1f1eb;&#x1f1f7;&#x1f947; <a href=\"https:\/\/twitter.com\/hashtag\/Budapest2021?src=hash&amp;ref_src=twsrc%5Etfw\">#Budapest2021<\/a><a href=\"https:\/\/t.co\/i1v2V2pCuv\">https:\/\/t.co\/i1v2V2pCuv<\/a><\/p>\n<p>\u2014 Dicodusport &#x2b50;&#x2b50; (@dicodusport) <a href=\"https:\/\/twitter.com\/dicodusport\/status\/1394700271503224834?ref_src=twsrc%5Etfw\">May 18, 2021<\/a><\/p><\/blockquote>\n<p><script async src=\"https:\/\/platform.twitter.com\/widgets.js\" charset=\"utf-8\"><\/script><\/p>\n<p style=\"text-align: justify;\">Sur sa distance de pr\u00e9dilection o\u00f9 elle \u00e9tait tenante du titre, <strong>Charlotte Bonnet<\/strong> termine au pied du podium. Pourtant en t\u00eate \u00e0 50 m\u00e8tres de l&rsquo;arriv\u00e9e, elle finit par craquer et prend la quatri\u00e8me place. Attendu \u00e9galement pour sa premi\u00e8re grande comp\u00e9tition, <strong>Florent Manaudou\u00a0<\/strong>n&rsquo;a sign\u00e9 que le 5\u00e8me temps de la finale du 50 m\u00e8tres nage libre. D\u00e9\u00e7u de son temps, il avouait ne pas \u00eatre en grande forme. Il fut \u00e9galement \u00e9limin\u00e9 en demi-finales du 50 m\u00e8tres papillon. De retour de blessure, <strong>Damien Joly\u00a0<\/strong>est lui aussi rest\u00e9 au pied du podium du 1500 m\u00e8tres nage libre. Align\u00e9 sur 100 m\u00e8tres papillon, <strong>Mehdy Metella\u00a0<\/strong>n&rsquo;a pu se qualifier pour la finale et a termin\u00e9 5\u00e8me du relais 4&#215;100 m\u00e8tres 4 nages masculin. Au total, seulement 5 m\u00e9dailles en bassin auxquelles ont ajoute les 5 en eau libre, la France r\u00e9colte 10 m\u00e9dailles, dont deux en or, et se classe 8\u00e8me au tableau des m\u00e9dailles. A noter qu&rsquo;<strong>Alexis Jandard<\/strong> signe la meilleure performances en plongeon avec une 6\u00e8me place \u00e0 1 m\u00e8tre. Enfin, il n&rsquo;y avait pas de Fran\u00e7ais repr\u00e9sent\u00e9s en natation artistique.<\/p>\n","protected":false},"excerpt":{"rendered":"<p>CHAMPIONNATS D&rsquo;EUROPE DE NATATION &#8211; C&rsquo;\u00e9tait la derni\u00e8re grande comp\u00e9tition de natation avant les Jeux Olympiques. Entre d\u00e9ceptions et belles surprises, les nageurs fran\u00e7ais ont altern\u00e9 le bon et le moins bon.<\/p>\n","protected":false},"author":43,"featured_media":130655,"comment_status":"open","ping_status":"closed","sticky":false,"template":"","format":"standard","meta":{"_acf_changed":false,"_daextam_enable_autolinks":"","footnotes":""},"categories":[2306],"tags":[7840,69],"class_list":["post-132251","post","type-post","status-publish","format-standard","has-post-thumbnail","hentry","category-natation","tag-budapest","tag-natation"],"acf":[],"yoast_head":"<!-- This site is optimized with the Yoast SEO Premium plugin v26.7 (Yoast SEO v26.7) - https:\/\/yoast.com\/wordpress\/plugins\/seo\/ -->\n<title>Championnats d&#039;Europe de natation : bilan mitig\u00e9 pour l&#039;\u00e9quipe de France<\/title>\n<meta name=\"description\" content=\"CHAMPIONNATS D&#039;EUROPE DE NATATION - Avec un total de 10 m\u00e9dailles, l&#039;\u00e9quipe de France termine 8e nation. Un bilan l\u00e9g\u00e8rement d\u00e9cevant mais encourageant.\" \/>\n<meta name=\"robots\" content=\"index, follow, max-snippet:-1, max-image-preview:large, max-video-preview:-1\" \/>\n<link rel=\"canonical\" href=\"https:\/\/dicodusport.fr\/blog\/championnats-d-europe-de-natation-bilan-mitige-pour-lequipe-de-france\/\" \/>\n<meta property=\"og:locale\" content=\"fr_FR\" \/>\n<meta property=\"og:type\" content=\"article\" \/>\n<meta property=\"og:title\" content=\"Championnats d&#039;Europe de natation : bilan mitig\u00e9 pour l&#039;\u00e9quipe de France\" \/>\n<meta property=\"og:description\" content=\"CHAMPIONNATS D&#039;EUROPE DE NATATION - Avec un total de 10 m\u00e9dailles, l&#039;\u00e9quipe de France termine 8e nation. Un bilan l\u00e9g\u00e8rement d\u00e9cevant mais encourageant.\" \/>\n<meta property=\"og:url\" content=\"https:\/\/dicodusport.fr\/blog\/championnats-d-europe-de-natation-bilan-mitige-pour-lequipe-de-france\/\" \/>\n<meta property=\"og:site_name\" content=\"Dicodusport\" \/>\n<meta property=\"article:publisher\" content=\"https:\/\/www.facebook.com\/dicodusport\" \/>\n<meta property=\"article:author\" content=\"https:\/\/www.facebook.com\/Max.Bld2\/\" \/>\n<meta property=\"article:published_time\" content=\"2021-05-24T06:56:19+00:00\" \/>\n<meta property=\"article:modified_time\" content=\"2021-05-24T12:55:12+00:00\" \/>\n<meta property=\"og:image\" content=\"https:\/\/dicodusport.fr\/blog\/wp-content\/uploads\/2021\/05\/Championnats-dEurope-de-natation-Marie-Wattel-titree-sur-100-metres-papillon.png\" \/>\n\t<meta property=\"og:image:width\" content=\"800\" \/>\n\t<meta property=\"og:image:height\" content=\"445\" \/>\n\t<meta property=\"og:image:type\" content=\"image\/png\" \/>\n<meta name=\"author\" content=\"Maxime Boulard\" \/>\n<meta name=\"twitter:card\" content=\"summary_large_image\" \/>\n<meta name=\"twitter:title\" content=\"Championnats d&#039;Europe de natation : bilan mitig\u00e9 pour l&#039;\u00e9quipe de France\" \/>\n<meta name=\"twitter:creator\" content=\"@https:\/\/twitter.com\/MaximeB_2\" \/>\n<meta name=\"twitter:site\" content=\"@dicodusport\" \/>\n<script type=\"application\/ld+json\" class=\"yoast-schema-graph\">{\"@context\":\"https:\/\/schema.org\",\"@graph\":[{\"@type\":\"NewsArticle\",\"@id\":\"https:\/\/dicodusport.fr\/blog\/championnats-d-europe-de-natation-bilan-mitige-pour-lequipe-de-france\/#article\",\"isPartOf\":{\"@id\":\"https:\/\/dicodusport.fr\/blog\/championnats-d-europe-de-natation-bilan-mitige-pour-lequipe-de-france\/\"},\"author\":{\"name\":\"Maxime Boulard\",\"@id\":\"https:\/\/dicodusport.fr\/blog\/#\/schema\/person\/5aab10ee856e86ac63e9819a9da34784\"},\"headline\":\"Championnats d&rsquo;Europe de natation : bilan mitig\u00e9 pour l&rsquo;\u00e9quipe de France\",\"datePublished\":\"2021-05-24T06:56:19+00:00\",\"dateModified\":\"2021-05-24T12:55:12+00:00\",\"mainEntityOfPage\":{\"@id\":\"https:\/\/dicodusport.fr\/blog\/championnats-d-europe-de-natation-bilan-mitige-pour-lequipe-de-france\/\"},\"wordCount\":546,\"commentCount\":0,\"publisher\":{\"@id\":\"https:\/\/dicodusport.fr\/blog\/#organization\"},\"image\":{\"@id\":\"https:\/\/dicodusport.fr\/blog\/championnats-d-europe-de-natation-bilan-mitige-pour-lequipe-de-france\/#primaryimage\"},\"thumbnailUrl\":\"https:\/\/dicodusport.fr\/blog\/wp-content\/uploads\/2021\/05\/Championnats-dEurope-de-natation-Marie-Wattel-titree-sur-100-metres-papillon.png\",\"keywords\":[\"Budapest\",\"natation\"],\"articleSection\":[\"Natation\"],\"inLanguage\":\"fr-FR\",\"potentialAction\":[{\"@type\":\"CommentAction\",\"name\":\"Comment\",\"target\":[\"https:\/\/dicodusport.fr\/blog\/championnats-d-europe-de-natation-bilan-mitige-pour-lequipe-de-france\/#respond\"]}],\"copyrightYear\":\"2021\",\"copyrightHolder\":{\"@id\":\"https:\/\/dicodusport.fr\/blog\/#organization\"}},{\"@type\":\"WebPage\",\"@id\":\"https:\/\/dicodusport.fr\/blog\/championnats-d-europe-de-natation-bilan-mitige-pour-lequipe-de-france\/\",\"url\":\"https:\/\/dicodusport.fr\/blog\/championnats-d-europe-de-natation-bilan-mitige-pour-lequipe-de-france\/\",\"name\":\"Championnats d'Europe de natation : bilan mitig\u00e9 pour l'\u00e9quipe de France\",\"isPartOf\":{\"@id\":\"https:\/\/dicodusport.fr\/blog\/#website\"},\"primaryImageOfPage\":{\"@id\":\"https:\/\/dicodusport.fr\/blog\/championnats-d-europe-de-natation-bilan-mitige-pour-lequipe-de-france\/#primaryimage\"},\"image\":{\"@id\":\"https:\/\/dicodusport.fr\/blog\/championnats-d-europe-de-natation-bilan-mitige-pour-lequipe-de-france\/#primaryimage\"},\"thumbnailUrl\":\"https:\/\/dicodusport.fr\/blog\/wp-content\/uploads\/2021\/05\/Championnats-dEurope-de-natation-Marie-Wattel-titree-sur-100-metres-papillon.png\",\"datePublished\":\"2021-05-24T06:56:19+00:00\",\"dateModified\":\"2021-05-24T12:55:12+00:00\",\"description\":\"CHAMPIONNATS D'EUROPE DE NATATION - Avec un total de 10 m\u00e9dailles, l'\u00e9quipe de France termine 8e nation. Un bilan l\u00e9g\u00e8rement d\u00e9cevant mais encourageant.\",\"breadcrumb\":{\"@id\":\"https:\/\/dicodusport.fr\/blog\/championnats-d-europe-de-natation-bilan-mitige-pour-lequipe-de-france\/#breadcrumb\"},\"inLanguage\":\"fr-FR\",\"potentialAction\":[{\"@type\":\"ReadAction\",\"target\":[\"https:\/\/dicodusport.fr\/blog\/championnats-d-europe-de-natation-bilan-mitige-pour-lequipe-de-france\/\"]}]},{\"@type\":\"ImageObject\",\"inLanguage\":\"fr-FR\",\"@id\":\"https:\/\/dicodusport.fr\/blog\/championnats-d-europe-de-natation-bilan-mitige-pour-lequipe-de-france\/#primaryimage\",\"url\":\"https:\/\/dicodusport.fr\/blog\/wp-content\/uploads\/2021\/05\/Championnats-dEurope-de-natation-Marie-Wattel-titree-sur-100-metres-papillon.png\",\"contentUrl\":\"https:\/\/dicodusport.fr\/blog\/wp-content\/uploads\/2021\/05\/Championnats-dEurope-de-natation-Marie-Wattel-titree-sur-100-metres-papillon.png\",\"width\":800,\"height\":445,\"caption\":\"Natation - Jeux Olympiques de Tokyo : la s\u00e9lection fran\u00e7aise\"},{\"@type\":\"BreadcrumbList\",\"@id\":\"https:\/\/dicodusport.fr\/blog\/championnats-d-europe-de-natation-bilan-mitige-pour-lequipe-de-france\/#breadcrumb\",\"itemListElement\":[{\"@type\":\"ListItem\",\"position\":1,\"name\":\"Accueil\",\"item\":\"https:\/\/dicodusport.fr\/blog\/\"},{\"@type\":\"ListItem\",\"position\":2,\"name\":\"Championnats d&rsquo;Europe de natation : bilan mitig\u00e9 pour l&rsquo;\u00e9quipe de France\"}]},{\"@type\":\"WebSite\",\"@id\":\"https:\/\/dicodusport.fr\/blog\/#website\",\"url\":\"https:\/\/dicodusport.fr\/blog\/\",\"name\":\"Dicodusport\",\"description\":\"L&#039;encyclop\u00e9die de l&#039;actualit\u00e9 sportive\",\"publisher\":{\"@id\":\"https:\/\/dicodusport.fr\/blog\/#organization\"},\"potentialAction\":[{\"@type\":\"SearchAction\",\"target\":{\"@type\":\"EntryPoint\",\"urlTemplate\":\"https:\/\/dicodusport.fr\/blog\/?s={search_term_string}\"},\"query-input\":{\"@type\":\"PropertyValueSpecification\",\"valueRequired\":true,\"valueName\":\"search_term_string\"}}],\"inLanguage\":\"fr-FR\"},{\"@type\":\"NewsMediaOrganization\",\"@id\":\"https:\/\/dicodusport.fr\/blog\/#organization\",\"name\":\"Dicodusport\",\"url\":\"https:\/\/dicodusport.fr\/blog\/\",\"logo\":{\"@type\":\"ImageObject\",\"inLanguage\":\"fr-FR\",\"@id\":\"https:\/\/dicodusport.fr\/blog\/#\/schema\/logo\/image\/\",\"url\":\"https:\/\/dicodusport.fr\/blog\/wp-content\/uploads\/2020\/06\/cropped-LOGO-DICODUSPORT-2020-SANS-FOND-SANS-TEXTE.png\",\"contentUrl\":\"https:\/\/dicodusport.fr\/blog\/wp-content\/uploads\/2020\/06\/cropped-LOGO-DICODUSPORT-2020-SANS-FOND-SANS-TEXTE.png\",\"width\":512,\"height\":512,\"caption\":\"Dicodusport\"},\"image\":{\"@id\":\"https:\/\/dicodusport.fr\/blog\/#\/schema\/logo\/image\/\"},\"sameAs\":[\"https:\/\/www.facebook.com\/dicodusport\",\"https:\/\/x.com\/dicodusport\",\"https:\/\/www.instagram.com\/dicodusport\/\",\"https:\/\/www.youtube.com\/channel\/UC7V2KZ5sd3htJivAbA4ZG3w\"],\"description\":\"Dicodusport est l'encyclop\u00e9die de l'actualit\u00e9 sportive.\",\"email\":\"bonjour@dicodusport.fr\",\"legalName\":\"DICODUSPORT\",\"foundingDate\":\"2018-01-14\",\"vatID\":\"FR71834470973\",\"taxID\":\"83447097300043\",\"numberOfEmployees\":{\"@type\":\"QuantitativeValue\",\"minValue\":\"1\",\"maxValue\":\"10\"}},{\"@type\":\"Person\",\"@id\":\"https:\/\/dicodusport.fr\/blog\/#\/schema\/person\/5aab10ee856e86ac63e9819a9da34784\",\"name\":\"Maxime Boulard\",\"image\":{\"@type\":\"ImageObject\",\"inLanguage\":\"fr-FR\",\"@id\":\"https:\/\/dicodusport.fr\/blog\/#\/schema\/person\/image\/\",\"url\":\"https:\/\/dicodusport.fr\/blog\/wp-content\/uploads\/2021\/05\/Maxime-Boulard-150x150.jpg\",\"contentUrl\":\"https:\/\/dicodusport.fr\/blog\/wp-content\/uploads\/2021\/05\/Maxime-Boulard-150x150.jpg\",\"caption\":\"Maxime Boulard\"},\"description\":\"Journaliste\/r\u00e9dacteur depuis octobre 2020 - Si mon plus vieux souvenir de sport aurait pu m'en d\u00e9go\u00fbter, la finale de la Coupe du monde 2006 a \u00e9t\u00e9 tout le contraire. V\u00e9ritable d\u00e9clencheur d'une passion qui aujourd'hui ne fait que grandir avec le temps, mon leitmotiv est la France qui brille ! Je relate les exploits pass\u00e9s et pr\u00e9sents du sport bleu-blanc-rouge sans m\u00e9nagement depuis octobre 2020. Sport valide ou handisport, aucune diff\u00e9rence, il n'y a que du sport et plusieurs fa\u00e7ons de le pratiquer.\",\"sameAs\":[\"https:\/\/www.facebook.com\/Max.Bld2\/\",\"https:\/\/x.com\/https:\/\/twitter.com\/MaximeB_2\"],\"url\":\"https:\/\/dicodusport.fr\/blog\/author\/maxime-b\/\"}]}<\/script>\n<!-- \/ Yoast SEO Premium plugin. -->","yoast_head_json":{"title":"Championnats d'Europe de natation : bilan mitig\u00e9 pour l'\u00e9quipe de France","description":"CHAMPIONNATS D'EUROPE DE NATATION - Avec un total de 10 m\u00e9dailles, l'\u00e9quipe de France termine 8e nation. Un bilan l\u00e9g\u00e8rement d\u00e9cevant mais encourageant.","robots":{"index":"index","follow":"follow","max-snippet":"max-snippet:-1","max-image-preview":"max-image-preview:large","max-video-preview":"max-video-preview:-1"},"canonical":"https:\/\/dicodusport.fr\/blog\/championnats-d-europe-de-natation-bilan-mitige-pour-lequipe-de-france\/","og_locale":"fr_FR","og_type":"article","og_title":"Championnats d'Europe de natation : bilan mitig\u00e9 pour l'\u00e9quipe de France","og_description":"CHAMPIONNATS D'EUROPE DE NATATION - Avec un total de 10 m\u00e9dailles, l'\u00e9quipe de France termine 8e nation. Un bilan l\u00e9g\u00e8rement d\u00e9cevant mais encourageant.","og_url":"https:\/\/dicodusport.fr\/blog\/championnats-d-europe-de-natation-bilan-mitige-pour-lequipe-de-france\/","og_site_name":"Dicodusport","article_publisher":"https:\/\/www.facebook.com\/dicodusport","article_author":"https:\/\/www.facebook.com\/Max.Bld2\/","article_published_time":"2021-05-24T06:56:19+00:00","article_modified_time":"2021-05-24T12:55:12+00:00","og_image":[{"width":800,"height":445,"url":"https:\/\/dicodusport.fr\/blog\/wp-content\/uploads\/2021\/05\/Championnats-dEurope-de-natation-Marie-Wattel-titree-sur-100-metres-papillon.png","type":"image\/png"}],"author":"Maxime Boulard","twitter_card":"summary_large_image","twitter_title":"Championnats d'Europe de natation : bilan mitig\u00e9 pour l'\u00e9quipe de France","twitter_creator":"@https:\/\/twitter.com\/MaximeB_2","twitter_site":"@dicodusport","schema":{"@context":"https:\/\/schema.org","@graph":[{"@type":"NewsArticle","@id":"https:\/\/dicodusport.fr\/blog\/championnats-d-europe-de-natation-bilan-mitige-pour-lequipe-de-france\/#article","isPartOf":{"@id":"https:\/\/dicodusport.fr\/blog\/championnats-d-europe-de-natation-bilan-mitige-pour-lequipe-de-france\/"},"author":{"name":"Maxime Boulard","@id":"https:\/\/dicodusport.fr\/blog\/#\/schema\/person\/5aab10ee856e86ac63e9819a9da34784"},"headline":"Championnats d&rsquo;Europe de natation : bilan mitig\u00e9 pour l&rsquo;\u00e9quipe de France","datePublished":"2021-05-24T06:56:19+00:00","dateModified":"2021-05-24T12:55:12+00:00","mainEntityOfPage":{"@id":"https:\/\/dicodusport.fr\/blog\/championnats-d-europe-de-natation-bilan-mitige-pour-lequipe-de-france\/"},"wordCount":546,"commentCount":0,"publisher":{"@id":"https:\/\/dicodusport.fr\/blog\/#organization"},"image":{"@id":"https:\/\/dicodusport.fr\/blog\/championnats-d-europe-de-natation-bilan-mitige-pour-lequipe-de-france\/#primaryimage"},"thumbnailUrl":"https:\/\/dicodusport.fr\/blog\/wp-content\/uploads\/2021\/05\/Championnats-dEurope-de-natation-Marie-Wattel-titree-sur-100-metres-papillon.png","keywords":["Budapest","natation"],"articleSection":["Natation"],"inLanguage":"fr-FR","potentialAction":[{"@type":"CommentAction","name":"Comment","target":["https:\/\/dicodusport.fr\/blog\/championnats-d-europe-de-natation-bilan-mitige-pour-lequipe-de-france\/#respond"]}],"copyrightYear":"2021","copyrightHolder":{"@id":"https:\/\/dicodusport.fr\/blog\/#organization"}},{"@type":"WebPage","@id":"https:\/\/dicodusport.fr\/blog\/championnats-d-europe-de-natation-bilan-mitige-pour-lequipe-de-france\/","url":"https:\/\/dicodusport.fr\/blog\/championnats-d-europe-de-natation-bilan-mitige-pour-lequipe-de-france\/","name":"Championnats d'Europe de natation : bilan mitig\u00e9 pour l'\u00e9quipe de France","isPartOf":{"@id":"https:\/\/dicodusport.fr\/blog\/#website"},"primaryImageOfPage":{"@id":"https:\/\/dicodusport.fr\/blog\/championnats-d-europe-de-natation-bilan-mitige-pour-lequipe-de-france\/#primaryimage"},"image":{"@id":"https:\/\/dicodusport.fr\/blog\/championnats-d-europe-de-natation-bilan-mitige-pour-lequipe-de-france\/#primaryimage"},"thumbnailUrl":"https:\/\/dicodusport.fr\/blog\/wp-content\/uploads\/2021\/05\/Championnats-dEurope-de-natation-Marie-Wattel-titree-sur-100-metres-papillon.png","datePublished":"2021-05-24T06:56:19+00:00","dateModified":"2021-05-24T12:55:12+00:00","description":"CHAMPIONNATS D'EUROPE DE NATATION - Avec un total de 10 m\u00e9dailles, l'\u00e9quipe de France termine 8e nation. Un bilan l\u00e9g\u00e8rement d\u00e9cevant mais encourageant.","breadcrumb":{"@id":"https:\/\/dicodusport.fr\/blog\/championnats-d-europe-de-natation-bilan-mitige-pour-lequipe-de-france\/#breadcrumb"},"inLanguage":"fr-FR","potentialAction":[{"@type":"ReadAction","target":["https:\/\/dicodusport.fr\/blog\/championnats-d-europe-de-natation-bilan-mitige-pour-lequipe-de-france\/"]}]},{"@type":"ImageObject","inLanguage":"fr-FR","@id":"https:\/\/dicodusport.fr\/blog\/championnats-d-europe-de-natation-bilan-mitige-pour-lequipe-de-france\/#primaryimage","url":"https:\/\/dicodusport.fr\/blog\/wp-content\/uploads\/2021\/05\/Championnats-dEurope-de-natation-Marie-Wattel-titree-sur-100-metres-papillon.png","contentUrl":"https:\/\/dicodusport.fr\/blog\/wp-content\/uploads\/2021\/05\/Championnats-dEurope-de-natation-Marie-Wattel-titree-sur-100-metres-papillon.png","width":800,"height":445,"caption":"Natation - Jeux Olympiques de Tokyo : la s\u00e9lection fran\u00e7aise"},{"@type":"BreadcrumbList","@id":"https:\/\/dicodusport.fr\/blog\/championnats-d-europe-de-natation-bilan-mitige-pour-lequipe-de-france\/#breadcrumb","itemListElement":[{"@type":"ListItem","position":1,"name":"Accueil","item":"https:\/\/dicodusport.fr\/blog\/"},{"@type":"ListItem","position":2,"name":"Championnats d&rsquo;Europe de natation : bilan mitig\u00e9 pour l&rsquo;\u00e9quipe de France"}]},{"@type":"WebSite","@id":"https:\/\/dicodusport.fr\/blog\/#website","url":"https:\/\/dicodusport.fr\/blog\/","name":"Dicodusport","description":"L&#039;encyclop\u00e9die de l&#039;actualit\u00e9 sportive","publisher":{"@id":"https:\/\/dicodusport.fr\/blog\/#organization"},"potentialAction":[{"@type":"SearchAction","target":{"@type":"EntryPoint","urlTemplate":"https:\/\/dicodusport.fr\/blog\/?s={search_term_string}"},"query-input":{"@type":"PropertyValueSpecification","valueRequired":true,"valueName":"search_term_string"}}],"inLanguage":"fr-FR"},{"@type":"NewsMediaOrganization","@id":"https:\/\/dicodusport.fr\/blog\/#organization","name":"Dicodusport","url":"https:\/\/dicodusport.fr\/blog\/","logo":{"@type":"ImageObject","inLanguage":"fr-FR","@id":"https:\/\/dicodusport.fr\/blog\/#\/schema\/logo\/image\/","url":"https:\/\/dicodusport.fr\/blog\/wp-content\/uploads\/2020\/06\/cropped-LOGO-DICODUSPORT-2020-SANS-FOND-SANS-TEXTE.png","contentUrl":"https:\/\/dicodusport.fr\/blog\/wp-content\/uploads\/2020\/06\/cropped-LOGO-DICODUSPORT-2020-SANS-FOND-SANS-TEXTE.png","width":512,"height":512,"caption":"Dicodusport"},"image":{"@id":"https:\/\/dicodusport.fr\/blog\/#\/schema\/logo\/image\/"},"sameAs":["https:\/\/www.facebook.com\/dicodusport","https:\/\/x.com\/dicodusport","https:\/\/www.instagram.com\/dicodusport\/","https:\/\/www.youtube.com\/channel\/UC7V2KZ5sd3htJivAbA4ZG3w"],"description":"Dicodusport est l'encyclop\u00e9die de l'actualit\u00e9 sportive.","email":"bonjour@dicodusport.fr","legalName":"DICODUSPORT","foundingDate":"2018-01-14","vatID":"FR71834470973","taxID":"83447097300043","numberOfEmployees":{"@type":"QuantitativeValue","minValue":"1","maxValue":"10"}},{"@type":"Person","@id":"https:\/\/dicodusport.fr\/blog\/#\/schema\/person\/5aab10ee856e86ac63e9819a9da34784","name":"Maxime Boulard","image":{"@type":"ImageObject","inLanguage":"fr-FR","@id":"https:\/\/dicodusport.fr\/blog\/#\/schema\/person\/image\/","url":"https:\/\/dicodusport.fr\/blog\/wp-content\/uploads\/2021\/05\/Maxime-Boulard-150x150.jpg","contentUrl":"https:\/\/dicodusport.fr\/blog\/wp-content\/uploads\/2021\/05\/Maxime-Boulard-150x150.jpg","caption":"Maxime Boulard"},"description":"Journaliste\/r\u00e9dacteur depuis octobre 2020 - Si mon plus vieux souvenir de sport aurait pu m'en d\u00e9go\u00fbter, la finale de la Coupe du monde 2006 a \u00e9t\u00e9 tout le contraire. V\u00e9ritable d\u00e9clencheur d'une passion qui aujourd'hui ne fait que grandir avec le temps, mon leitmotiv est la France qui brille ! Je relate les exploits pass\u00e9s et pr\u00e9sents du sport bleu-blanc-rouge sans m\u00e9nagement depuis octobre 2020. Sport valide ou handisport, aucune diff\u00e9rence, il n'y a que du sport et plusieurs fa\u00e7ons de le pratiquer.","sameAs":["https:\/\/www.facebook.com\/Max.Bld2\/","https:\/\/x.com\/https:\/\/twitter.com\/MaximeB_2"],"url":"https:\/\/dicodusport.fr\/blog\/author\/maxime-b\/"}]}},"_links":{"self":[{"href":"https:\/\/dicodusport.fr\/blog\/wp-json\/wp\/v2\/posts\/132251","targetHints":{"allow":["GET"]}}],"collection":[{"href":"https:\/\/dicodusport.fr\/blog\/wp-json\/wp\/v2\/posts"}],"about":[{"href":"https:\/\/dicodusport.fr\/blog\/wp-json\/wp\/v2\/types\/post"}],"author":[{"embeddable":true,"href":"https:\/\/dicodusport.fr\/blog\/wp-json\/wp\/v2\/users\/43"}],"replies":[{"embeddable":true,"href":"https:\/\/dicodusport.fr\/blog\/wp-json\/wp\/v2\/comments?post=132251"}],"version-history":[{"count":0,"href":"https:\/\/dicodusport.fr\/blog\/wp-json\/wp\/v2\/posts\/132251\/revisions"}],"wp:featuredmedia":[{"embeddable":true,"href":"https:\/\/dicodusport.fr\/blog\/wp-json\/wp\/v2\/media\/130655"}],"wp:attachment":[{"href":"https:\/\/dicodusport.fr\/blog\/wp-json\/wp\/v2\/media?parent=132251"}],"wp:term":[{"taxonomy":"category","embeddable":true,"href":"https:\/\/dicodusport.fr\/blog\/wp-json\/wp\/v2\/categories?post=132251"},{"taxonomy":"post_tag","embeddable":true,"href":"https:\/\/dicodusport.fr\/blog\/wp-json\/wp\/v2\/tags?post=132251"}],"curies":[{"name":"wp","href":"https:\/\/api.w.org\/{rel}","templated":true}]}}