{"id":132373,"date":"2021-05-24T14:07:24","date_gmt":"2021-05-24T12:07:24","guid":{"rendered":"https:\/\/dicodusport.fr\/blog\/?p=132373"},"modified":"2021-05-24T14:34:53","modified_gmt":"2021-05-24T12:34:53","slug":"aymeric-laporte-verra-bien-leuro-avec-lespagne","status":"publish","type":"post","link":"https:\/\/dicodusport.fr\/blog\/aymeric-laporte-verra-bien-leuro-avec-lespagne\/","title":{"rendered":"Aymeric Laporte verra bien l&rsquo;Euro avec l\u2019Espagne"},"content":{"rendered":"<p style=\"text-align: justify;\"><em><strong>Le d\u00e9fenseur fran\u00e7ais naturalis\u00e9 espagnol il y a peu, Aymeric Laporte, conna\u00eetra sa premi\u00e8re grande comp\u00e9tition internationale avec l\u2019Espagne. Appel\u00e9 dans <a href=\"https:\/\/dicodusport.fr\/blog\/euro-2020-liste-espagne\/\">la liste de Luis Enrique<\/a>, le Citizen aura peut-\u00eatre l\u2019occasion d\u2019y croiser les Bleus lors de la phase finale.<\/strong><\/em><\/p>\n<h2 style=\"text-align: justify;\">Rendez-vous manqu\u00e9 avec l\u2019\u00e9quipe de France<\/h2>\n<p style=\"text-align: justify;\">La grosse surprise de la liste de la <b>Roja<\/b>, l\u2019absence de Sergio Ramos, aura \u00e9clips\u00e9 la pr\u00e9sence du Fran\u00e7ais naturalis\u00e9 espagnol <b>Aymeric Laporte<\/b>. La <b>FIFA<\/b> ayant donn\u00e9 son feu vert au d\u00e9fenseur central de <b>Manchester City<\/b> et \u00e0 la s\u00e9lection espagnole, la pr\u00e9sence de <b>Laporte<\/b> dans la liste de la <b>Roja<\/b> se faisait pressentir. Appel\u00e9 trois fois par <b>Didier Deschamps<\/b> et l\u2019<strong>\u00e9<\/strong><b>quipe de France<\/b> sans jamais pouvoir jouer pour cause de blessures et de choix du s\u00e9lectionneur, <b>Aymeric Laporte<\/b> a fait le choix d\u2019accepter la convocation de son pays d\u2019adoption, l\u2019Espagne, l\u00e0 o\u00f9 il a pass\u00e9 une bonne partie de sa formation et de sa carri\u00e8re (\u00e0 l\u2019Athletic Bilbao).<\/p>\n<p style=\"text-align: justify;\">Pass\u00e9 par les s\u00e9lections de jeunes de l\u2019<strong>\u00e9<\/strong><b>quipe de France<\/b>, <b>Laporte<\/b> n\u2019aura finalement jamais eu sa chance avec <b>Didier Deschamps<\/b>, \u00e0 un poste o\u00f9 la concurrence en Bleus est importante.<\/p>\n<blockquote class=\"twitter-tweet\">\n<p dir=\"ltr\" lang=\"es\">&#x1f6a8; OFICIAL | \u00a1\u00a1\u00a1NUESTRA SELECCI\u00d3N!!!<\/p>\n<p>&#x1f1ea;&#x1f1f8; Estos son los 24 futbolistas que defender\u00e1n los colores de la <a href=\"https:\/\/twitter.com\/SeFutbol?ref_src=twsrc%5Etfw\">@SeFutbol<\/a> en la <a href=\"https:\/\/twitter.com\/hashtag\/EURO2020?src=hash&amp;ref_src=twsrc%5Etfw\">#EURO2020<\/a>.<\/p>\n<p>&#x1f4aa;&#x1f3fb; \u00a1\u00a1Vuestro grito de \u00e1nimo ser\u00e1 nuestra energ\u00eda en la lucha por el Campeonato de Europa!!<a href=\"https:\/\/twitter.com\/hashtag\/SomosEspa%C3%B1a?src=hash&amp;ref_src=twsrc%5Etfw\">#SomosEspa\u00f1a<\/a> <a href=\"https:\/\/twitter.com\/hashtag\/SomosFederaci%C3%B3n?src=hash&amp;ref_src=twsrc%5Etfw\">#SomosFederaci\u00f3n<\/a> <a href=\"https:\/\/t.co\/KY87e0im3p\">pic.twitter.com\/KY87e0im3p<\/a><\/p>\n<p>\u2014 Selecci\u00f3n Espa\u00f1ola de F\u00fatbol (@SeFutbol) <a href=\"https:\/\/twitter.com\/SeFutbol\/status\/1396773195248803857?ref_src=twsrc%5Etfw\">May 24, 2021<\/a><\/p><\/blockquote>\n<p><script async src=\"https:\/\/platform.twitter.com\/widgets.js\" charset=\"utf-8\"><\/script><\/p>\n<h2 style=\"text-align: justify;\">Un nouveau d\u00e9fi pour Laporte<\/h2>\n<p style=\"text-align: justify;\">Barr\u00e9 par la concurrence de John Stones et Ruben Dias \u00e0 <b>Manchester City<\/b> cette saison, <b>Aymeric Laporte<\/b> sort d\u2019une saison mitig\u00e9e avec les champions d\u2019Angleterre. Un manque de temps de jeu qui n\u2019a pas emp\u00each\u00e9 <b>Luis Enrique<\/b> d\u2019appeler pour la premi\u00e8re fois le natif d\u2019Agen : \u00ab\u00a0<em>C\u2019est un joueur de haut niveau, un bon renfort pour la s\u00e9lection, avec de l\u2019exp\u00e9rience internationale et il \u00e9volue dans l\u2019un des meilleurs clubs du monde.<\/em>\u00a0\u00bb<\/p>\n<p style=\"text-align: justify;\">Si <strong>Laporte<\/strong> n\u2019arrive pas forc\u00e9ment dans la peau d\u2019un titulaire avec la <strong>Roja<\/strong>, il aura un vrai coup \u00e0 jouer face \u00e0 Pau Torres, Eric Garcia et Diego Llorente. De quoi gagner sa place rapidement et faire oublier l\u2019absence pesante de Sergio Ramos. A 27 ans, <b>Laporte<\/b> aura l\u2019occasion en juin de lancer sa carri\u00e8re internationale avec l\u2019<b>Espagne<\/b> lors de l\u2019<b>Euro<\/b> et de corriger une anomalie pour l\u2019un des d\u00e9fenseurs les plus talentueux de sa g\u00e9n\u00e9ration.<\/p>\n<div id=\"quads-ad2\" class=\"quads-location quads-ad2\">\n<div id=\"optidigital-adslot-Content_2\" class=\"Content_2 optidigital-ad-center\" data-google-query-id=\"CIbGmIef4vACFc4i0wodzg8HEQ\"><\/div>\n<\/div>\n","protected":false},"excerpt":{"rendered":"<p>Le d\u00e9fenseur fran\u00e7ais naturalis\u00e9 espagnol il y a peu, Aymeric Laporte, conna\u00eetra sa premi\u00e8re grande comp\u00e9tition internationale avec l\u2019Espagne. Appel\u00e9 dans la liste de Luis Enrique, le Citizen aura peut-\u00eatre l\u2019occasion d\u2019y croiser les Bleus lors de la phase finale.<\/p>\n","protected":false},"author":14,"featured_media":128873,"comment_status":"open","ping_status":"closed","sticky":false,"template":"","format":"standard","meta":{"_acf_changed":false,"_daextam_enable_autolinks":"","footnotes":""},"categories":[47044],"tags":[4957,359,8708],"class_list":["post-132373","post","type-post","status-publish","format-standard","has-post-thumbnail","hentry","category-euro-de-football","tag-aymeric-laporte","tag-espagne","tag-luis-enrique"],"acf":[],"yoast_head":"<!-- This site is optimized with the Yoast SEO Premium plugin v26.7 (Yoast SEO v26.7) - https:\/\/yoast.com\/wordpress\/plugins\/seo\/ -->\n<title>Aymeric Laporte verra bien l&#039;Euro avec l\u2019Espagne<\/title>\n<meta name=\"description\" content=\"EURO 2020 - Le d\u00e9fenseur fran\u00e7ais naturalis\u00e9 espagnol il y a peu, Aymeric Laporte, conna\u00eetra sa premi\u00e8re grande comp\u00e9tition internationale avec l\u2019Espagne.\" \/>\n<meta name=\"robots\" content=\"index, follow, max-snippet:-1, max-image-preview:large, max-video-preview:-1\" \/>\n<link rel=\"canonical\" href=\"https:\/\/dicodusport.fr\/blog\/aymeric-laporte-verra-bien-leuro-avec-lespagne\/\" \/>\n<meta property=\"og:locale\" content=\"fr_FR\" \/>\n<meta property=\"og:type\" content=\"article\" \/>\n<meta property=\"og:title\" content=\"Aymeric Laporte verra bien l&#039;Euro avec l\u2019Espagne\" \/>\n<meta property=\"og:description\" content=\"EURO 2020 - Le d\u00e9fenseur fran\u00e7ais naturalis\u00e9 espagnol il y a peu, Aymeric Laporte, conna\u00eetra sa premi\u00e8re grande comp\u00e9tition internationale avec l\u2019Espagne.\" \/>\n<meta property=\"og:url\" content=\"https:\/\/dicodusport.fr\/blog\/aymeric-laporte-verra-bien-leuro-avec-lespagne\/\" \/>\n<meta property=\"og:site_name\" content=\"Dicodusport\" \/>\n<meta property=\"article:publisher\" content=\"https:\/\/www.facebook.com\/dicodusport\" \/>\n<meta property=\"article:published_time\" content=\"2021-05-24T12:07:24+00:00\" \/>\n<meta property=\"article:modified_time\" content=\"2021-05-24T12:34:53+00:00\" \/>\n<meta property=\"og:image\" content=\"https:\/\/dicodusport.fr\/blog\/wp-content\/uploads\/2021\/05\/Aymeric-Laporte-en-route-pour-jouer-lEuro-avec-lEspagne.png\" \/>\n\t<meta property=\"og:image:width\" content=\"800\" \/>\n\t<meta property=\"og:image:height\" content=\"445\" \/>\n\t<meta property=\"og:image:type\" content=\"image\/png\" \/>\n<meta name=\"author\" content=\"Romain Delanis\" \/>\n<meta name=\"twitter:card\" content=\"summary_large_image\" \/>\n<meta name=\"twitter:title\" content=\"Aymeric Laporte verra bien l&#039;Euro avec l\u2019Espagne\" \/>\n<meta name=\"twitter:creator\" content=\"@https:\/\/twitter.com\/RDelanis\" \/>\n<meta name=\"twitter:site\" content=\"@dicodusport\" \/>\n<script type=\"application\/ld+json\" class=\"yoast-schema-graph\">{\"@context\":\"https:\/\/schema.org\",\"@graph\":[{\"@type\":\"NewsArticle\",\"@id\":\"https:\/\/dicodusport.fr\/blog\/aymeric-laporte-verra-bien-leuro-avec-lespagne\/#article\",\"isPartOf\":{\"@id\":\"https:\/\/dicodusport.fr\/blog\/aymeric-laporte-verra-bien-leuro-avec-lespagne\/\"},\"author\":{\"name\":\"Romain Delanis\",\"@id\":\"https:\/\/dicodusport.fr\/blog\/#\/schema\/person\/8c78730a59f8a1e617f7a19026ebc14a\"},\"headline\":\"Aymeric Laporte verra bien l&rsquo;Euro avec l\u2019Espagne\",\"datePublished\":\"2021-05-24T12:07:24+00:00\",\"dateModified\":\"2021-05-24T12:34:53+00:00\",\"mainEntityOfPage\":{\"@id\":\"https:\/\/dicodusport.fr\/blog\/aymeric-laporte-verra-bien-leuro-avec-lespagne\/\"},\"wordCount\":461,\"commentCount\":0,\"publisher\":{\"@id\":\"https:\/\/dicodusport.fr\/blog\/#organization\"},\"image\":{\"@id\":\"https:\/\/dicodusport.fr\/blog\/aymeric-laporte-verra-bien-leuro-avec-lespagne\/#primaryimage\"},\"thumbnailUrl\":\"https:\/\/dicodusport.fr\/blog\/wp-content\/uploads\/2021\/05\/Aymeric-Laporte-en-route-pour-jouer-lEuro-avec-lEspagne.png\",\"keywords\":[\"Aymeric Laporte\",\"Espagne\",\"Luis Enrique\"],\"articleSection\":[\"Euro de football\"],\"inLanguage\":\"fr-FR\",\"potentialAction\":[{\"@type\":\"CommentAction\",\"name\":\"Comment\",\"target\":[\"https:\/\/dicodusport.fr\/blog\/aymeric-laporte-verra-bien-leuro-avec-lespagne\/#respond\"]}],\"copyrightYear\":\"2021\",\"copyrightHolder\":{\"@id\":\"https:\/\/dicodusport.fr\/blog\/#organization\"}},{\"@type\":\"WebPage\",\"@id\":\"https:\/\/dicodusport.fr\/blog\/aymeric-laporte-verra-bien-leuro-avec-lespagne\/\",\"url\":\"https:\/\/dicodusport.fr\/blog\/aymeric-laporte-verra-bien-leuro-avec-lespagne\/\",\"name\":\"Aymeric Laporte verra bien l'Euro avec l\u2019Espagne\",\"isPartOf\":{\"@id\":\"https:\/\/dicodusport.fr\/blog\/#website\"},\"primaryImageOfPage\":{\"@id\":\"https:\/\/dicodusport.fr\/blog\/aymeric-laporte-verra-bien-leuro-avec-lespagne\/#primaryimage\"},\"image\":{\"@id\":\"https:\/\/dicodusport.fr\/blog\/aymeric-laporte-verra-bien-leuro-avec-lespagne\/#primaryimage\"},\"thumbnailUrl\":\"https:\/\/dicodusport.fr\/blog\/wp-content\/uploads\/2021\/05\/Aymeric-Laporte-en-route-pour-jouer-lEuro-avec-lEspagne.png\",\"datePublished\":\"2021-05-24T12:07:24+00:00\",\"dateModified\":\"2021-05-24T12:34:53+00:00\",\"description\":\"EURO 2020 - Le d\u00e9fenseur fran\u00e7ais naturalis\u00e9 espagnol il y a peu, Aymeric Laporte, conna\u00eetra sa premi\u00e8re grande comp\u00e9tition internationale avec l\u2019Espagne.\",\"breadcrumb\":{\"@id\":\"https:\/\/dicodusport.fr\/blog\/aymeric-laporte-verra-bien-leuro-avec-lespagne\/#breadcrumb\"},\"inLanguage\":\"fr-FR\",\"potentialAction\":[{\"@type\":\"ReadAction\",\"target\":[\"https:\/\/dicodusport.fr\/blog\/aymeric-laporte-verra-bien-leuro-avec-lespagne\/\"]}]},{\"@type\":\"ImageObject\",\"inLanguage\":\"fr-FR\",\"@id\":\"https:\/\/dicodusport.fr\/blog\/aymeric-laporte-verra-bien-leuro-avec-lespagne\/#primaryimage\",\"url\":\"https:\/\/dicodusport.fr\/blog\/wp-content\/uploads\/2021\/05\/Aymeric-Laporte-en-route-pour-jouer-lEuro-avec-lEspagne.png\",\"contentUrl\":\"https:\/\/dicodusport.fr\/blog\/wp-content\/uploads\/2021\/05\/Aymeric-Laporte-en-route-pour-jouer-lEuro-avec-lEspagne.png\",\"width\":800,\"height\":445,\"caption\":\"Aymeric Laporte en route pour jouer l'Euro avec l'Espagne ?\"},{\"@type\":\"BreadcrumbList\",\"@id\":\"https:\/\/dicodusport.fr\/blog\/aymeric-laporte-verra-bien-leuro-avec-lespagne\/#breadcrumb\",\"itemListElement\":[{\"@type\":\"ListItem\",\"position\":1,\"name\":\"Accueil\",\"item\":\"https:\/\/dicodusport.fr\/blog\/\"},{\"@type\":\"ListItem\",\"position\":2,\"name\":\"Aymeric Laporte verra bien l&rsquo;Euro avec l\u2019Espagne\"}]},{\"@type\":\"WebSite\",\"@id\":\"https:\/\/dicodusport.fr\/blog\/#website\",\"url\":\"https:\/\/dicodusport.fr\/blog\/\",\"name\":\"Dicodusport\",\"description\":\"L&#039;encyclop\u00e9die de l&#039;actualit\u00e9 sportive\",\"publisher\":{\"@id\":\"https:\/\/dicodusport.fr\/blog\/#organization\"},\"potentialAction\":[{\"@type\":\"SearchAction\",\"target\":{\"@type\":\"EntryPoint\",\"urlTemplate\":\"https:\/\/dicodusport.fr\/blog\/?s={search_term_string}\"},\"query-input\":{\"@type\":\"PropertyValueSpecification\",\"valueRequired\":true,\"valueName\":\"search_term_string\"}}],\"inLanguage\":\"fr-FR\"},{\"@type\":\"NewsMediaOrganization\",\"@id\":\"https:\/\/dicodusport.fr\/blog\/#organization\",\"name\":\"Dicodusport\",\"url\":\"https:\/\/dicodusport.fr\/blog\/\",\"logo\":{\"@type\":\"ImageObject\",\"inLanguage\":\"fr-FR\",\"@id\":\"https:\/\/dicodusport.fr\/blog\/#\/schema\/logo\/image\/\",\"url\":\"https:\/\/dicodusport.fr\/blog\/wp-content\/uploads\/2020\/06\/cropped-LOGO-DICODUSPORT-2020-SANS-FOND-SANS-TEXTE.png\",\"contentUrl\":\"https:\/\/dicodusport.fr\/blog\/wp-content\/uploads\/2020\/06\/cropped-LOGO-DICODUSPORT-2020-SANS-FOND-SANS-TEXTE.png\",\"width\":512,\"height\":512,\"caption\":\"Dicodusport\"},\"image\":{\"@id\":\"https:\/\/dicodusport.fr\/blog\/#\/schema\/logo\/image\/\"},\"sameAs\":[\"https:\/\/www.facebook.com\/dicodusport\",\"https:\/\/x.com\/dicodusport\",\"https:\/\/www.instagram.com\/dicodusport\/\",\"https:\/\/www.youtube.com\/channel\/UC7V2KZ5sd3htJivAbA4ZG3w\"],\"description\":\"Dicodusport est l'encyclop\u00e9die de l'actualit\u00e9 sportive.\",\"email\":\"bonjour@dicodusport.fr\",\"legalName\":\"DICODUSPORT\",\"foundingDate\":\"2018-01-14\",\"vatID\":\"FR71834470973\",\"taxID\":\"83447097300043\",\"numberOfEmployees\":{\"@type\":\"QuantitativeValue\",\"minValue\":\"1\",\"maxValue\":\"10\"}},{\"@type\":\"Person\",\"@id\":\"https:\/\/dicodusport.fr\/blog\/#\/schema\/person\/8c78730a59f8a1e617f7a19026ebc14a\",\"name\":\"Romain Delanis\",\"image\":{\"@type\":\"ImageObject\",\"inLanguage\":\"fr-FR\",\"@id\":\"https:\/\/dicodusport.fr\/blog\/#\/schema\/person\/image\/\",\"url\":\"https:\/\/dicodusport.fr\/blog\/wp-content\/uploads\/2021\/05\/Romain-Delanis-150x150.jpg\",\"contentUrl\":\"https:\/\/dicodusport.fr\/blog\/wp-content\/uploads\/2021\/05\/Romain-Delanis-150x150.jpg\",\"caption\":\"Romain Delanis\"},\"description\":\"Journaliste\/R\u00e9dacteur depuis novembre 2015 - Capable de passer un samedi apr\u00e8s-midi devant la Ligue 2 puis le biathlon sans oublier la finale de l\u2019ATP Rotterdam, j\u2019aime aussi mettre mon r\u00e9veil pour me faire un Pistons\/Bulls qui rappelle de bons souvenirs. Tout cela, j\u2019ai choisi il y a maintenant quelques temps de vous le raconter avec Dicodusport, pour vous faire vivre ma passion parfois inconsid\u00e9r\u00e9e pour le sport en g\u00e9n\u00e9ral (mais surtout le foot faut se l\u2019avouer).\",\"sameAs\":[\"https:\/\/x.com\/https:\/\/twitter.com\/RDelanis\"],\"url\":\"https:\/\/dicodusport.fr\/blog\/author\/romain\/\"}]}<\/script>\n<!-- \/ Yoast SEO Premium plugin. -->","yoast_head_json":{"title":"Aymeric Laporte verra bien l'Euro avec l\u2019Espagne","description":"EURO 2020 - Le d\u00e9fenseur fran\u00e7ais naturalis\u00e9 espagnol il y a peu, Aymeric Laporte, conna\u00eetra sa premi\u00e8re grande comp\u00e9tition internationale avec l\u2019Espagne.","robots":{"index":"index","follow":"follow","max-snippet":"max-snippet:-1","max-image-preview":"max-image-preview:large","max-video-preview":"max-video-preview:-1"},"canonical":"https:\/\/dicodusport.fr\/blog\/aymeric-laporte-verra-bien-leuro-avec-lespagne\/","og_locale":"fr_FR","og_type":"article","og_title":"Aymeric Laporte verra bien l'Euro avec l\u2019Espagne","og_description":"EURO 2020 - Le d\u00e9fenseur fran\u00e7ais naturalis\u00e9 espagnol il y a peu, Aymeric Laporte, conna\u00eetra sa premi\u00e8re grande comp\u00e9tition internationale avec l\u2019Espagne.","og_url":"https:\/\/dicodusport.fr\/blog\/aymeric-laporte-verra-bien-leuro-avec-lespagne\/","og_site_name":"Dicodusport","article_publisher":"https:\/\/www.facebook.com\/dicodusport","article_published_time":"2021-05-24T12:07:24+00:00","article_modified_time":"2021-05-24T12:34:53+00:00","og_image":[{"width":800,"height":445,"url":"https:\/\/dicodusport.fr\/blog\/wp-content\/uploads\/2021\/05\/Aymeric-Laporte-en-route-pour-jouer-lEuro-avec-lEspagne.png","type":"image\/png"}],"author":"Romain Delanis","twitter_card":"summary_large_image","twitter_title":"Aymeric Laporte verra bien l'Euro avec l\u2019Espagne","twitter_creator":"@https:\/\/twitter.com\/RDelanis","twitter_site":"@dicodusport","schema":{"@context":"https:\/\/schema.org","@graph":[{"@type":"NewsArticle","@id":"https:\/\/dicodusport.fr\/blog\/aymeric-laporte-verra-bien-leuro-avec-lespagne\/#article","isPartOf":{"@id":"https:\/\/dicodusport.fr\/blog\/aymeric-laporte-verra-bien-leuro-avec-lespagne\/"},"author":{"name":"Romain Delanis","@id":"https:\/\/dicodusport.fr\/blog\/#\/schema\/person\/8c78730a59f8a1e617f7a19026ebc14a"},"headline":"Aymeric Laporte verra bien l&rsquo;Euro avec l\u2019Espagne","datePublished":"2021-05-24T12:07:24+00:00","dateModified":"2021-05-24T12:34:53+00:00","mainEntityOfPage":{"@id":"https:\/\/dicodusport.fr\/blog\/aymeric-laporte-verra-bien-leuro-avec-lespagne\/"},"wordCount":461,"commentCount":0,"publisher":{"@id":"https:\/\/dicodusport.fr\/blog\/#organization"},"image":{"@id":"https:\/\/dicodusport.fr\/blog\/aymeric-laporte-verra-bien-leuro-avec-lespagne\/#primaryimage"},"thumbnailUrl":"https:\/\/dicodusport.fr\/blog\/wp-content\/uploads\/2021\/05\/Aymeric-Laporte-en-route-pour-jouer-lEuro-avec-lEspagne.png","keywords":["Aymeric Laporte","Espagne","Luis Enrique"],"articleSection":["Euro de football"],"inLanguage":"fr-FR","potentialAction":[{"@type":"CommentAction","name":"Comment","target":["https:\/\/dicodusport.fr\/blog\/aymeric-laporte-verra-bien-leuro-avec-lespagne\/#respond"]}],"copyrightYear":"2021","copyrightHolder":{"@id":"https:\/\/dicodusport.fr\/blog\/#organization"}},{"@type":"WebPage","@id":"https:\/\/dicodusport.fr\/blog\/aymeric-laporte-verra-bien-leuro-avec-lespagne\/","url":"https:\/\/dicodusport.fr\/blog\/aymeric-laporte-verra-bien-leuro-avec-lespagne\/","name":"Aymeric Laporte verra bien l'Euro avec l\u2019Espagne","isPartOf":{"@id":"https:\/\/dicodusport.fr\/blog\/#website"},"primaryImageOfPage":{"@id":"https:\/\/dicodusport.fr\/blog\/aymeric-laporte-verra-bien-leuro-avec-lespagne\/#primaryimage"},"image":{"@id":"https:\/\/dicodusport.fr\/blog\/aymeric-laporte-verra-bien-leuro-avec-lespagne\/#primaryimage"},"thumbnailUrl":"https:\/\/dicodusport.fr\/blog\/wp-content\/uploads\/2021\/05\/Aymeric-Laporte-en-route-pour-jouer-lEuro-avec-lEspagne.png","datePublished":"2021-05-24T12:07:24+00:00","dateModified":"2021-05-24T12:34:53+00:00","description":"EURO 2020 - Le d\u00e9fenseur fran\u00e7ais naturalis\u00e9 espagnol il y a peu, Aymeric Laporte, conna\u00eetra sa premi\u00e8re grande comp\u00e9tition internationale avec l\u2019Espagne.","breadcrumb":{"@id":"https:\/\/dicodusport.fr\/blog\/aymeric-laporte-verra-bien-leuro-avec-lespagne\/#breadcrumb"},"inLanguage":"fr-FR","potentialAction":[{"@type":"ReadAction","target":["https:\/\/dicodusport.fr\/blog\/aymeric-laporte-verra-bien-leuro-avec-lespagne\/"]}]},{"@type":"ImageObject","inLanguage":"fr-FR","@id":"https:\/\/dicodusport.fr\/blog\/aymeric-laporte-verra-bien-leuro-avec-lespagne\/#primaryimage","url":"https:\/\/dicodusport.fr\/blog\/wp-content\/uploads\/2021\/05\/Aymeric-Laporte-en-route-pour-jouer-lEuro-avec-lEspagne.png","contentUrl":"https:\/\/dicodusport.fr\/blog\/wp-content\/uploads\/2021\/05\/Aymeric-Laporte-en-route-pour-jouer-lEuro-avec-lEspagne.png","width":800,"height":445,"caption":"Aymeric Laporte en route pour jouer l'Euro avec l'Espagne ?"},{"@type":"BreadcrumbList","@id":"https:\/\/dicodusport.fr\/blog\/aymeric-laporte-verra-bien-leuro-avec-lespagne\/#breadcrumb","itemListElement":[{"@type":"ListItem","position":1,"name":"Accueil","item":"https:\/\/dicodusport.fr\/blog\/"},{"@type":"ListItem","position":2,"name":"Aymeric Laporte verra bien l&rsquo;Euro avec l\u2019Espagne"}]},{"@type":"WebSite","@id":"https:\/\/dicodusport.fr\/blog\/#website","url":"https:\/\/dicodusport.fr\/blog\/","name":"Dicodusport","description":"L&#039;encyclop\u00e9die de l&#039;actualit\u00e9 sportive","publisher":{"@id":"https:\/\/dicodusport.fr\/blog\/#organization"},"potentialAction":[{"@type":"SearchAction","target":{"@type":"EntryPoint","urlTemplate":"https:\/\/dicodusport.fr\/blog\/?s={search_term_string}"},"query-input":{"@type":"PropertyValueSpecification","valueRequired":true,"valueName":"search_term_string"}}],"inLanguage":"fr-FR"},{"@type":"NewsMediaOrganization","@id":"https:\/\/dicodusport.fr\/blog\/#organization","name":"Dicodusport","url":"https:\/\/dicodusport.fr\/blog\/","logo":{"@type":"ImageObject","inLanguage":"fr-FR","@id":"https:\/\/dicodusport.fr\/blog\/#\/schema\/logo\/image\/","url":"https:\/\/dicodusport.fr\/blog\/wp-content\/uploads\/2020\/06\/cropped-LOGO-DICODUSPORT-2020-SANS-FOND-SANS-TEXTE.png","contentUrl":"https:\/\/dicodusport.fr\/blog\/wp-content\/uploads\/2020\/06\/cropped-LOGO-DICODUSPORT-2020-SANS-FOND-SANS-TEXTE.png","width":512,"height":512,"caption":"Dicodusport"},"image":{"@id":"https:\/\/dicodusport.fr\/blog\/#\/schema\/logo\/image\/"},"sameAs":["https:\/\/www.facebook.com\/dicodusport","https:\/\/x.com\/dicodusport","https:\/\/www.instagram.com\/dicodusport\/","https:\/\/www.youtube.com\/channel\/UC7V2KZ5sd3htJivAbA4ZG3w"],"description":"Dicodusport est l'encyclop\u00e9die de l'actualit\u00e9 sportive.","email":"bonjour@dicodusport.fr","legalName":"DICODUSPORT","foundingDate":"2018-01-14","vatID":"FR71834470973","taxID":"83447097300043","numberOfEmployees":{"@type":"QuantitativeValue","minValue":"1","maxValue":"10"}},{"@type":"Person","@id":"https:\/\/dicodusport.fr\/blog\/#\/schema\/person\/8c78730a59f8a1e617f7a19026ebc14a","name":"Romain Delanis","image":{"@type":"ImageObject","inLanguage":"fr-FR","@id":"https:\/\/dicodusport.fr\/blog\/#\/schema\/person\/image\/","url":"https:\/\/dicodusport.fr\/blog\/wp-content\/uploads\/2021\/05\/Romain-Delanis-150x150.jpg","contentUrl":"https:\/\/dicodusport.fr\/blog\/wp-content\/uploads\/2021\/05\/Romain-Delanis-150x150.jpg","caption":"Romain Delanis"},"description":"Journaliste\/R\u00e9dacteur depuis novembre 2015 - Capable de passer un samedi apr\u00e8s-midi devant la Ligue 2 puis le biathlon sans oublier la finale de l\u2019ATP Rotterdam, j\u2019aime aussi mettre mon r\u00e9veil pour me faire un Pistons\/Bulls qui rappelle de bons souvenirs. Tout cela, j\u2019ai choisi il y a maintenant quelques temps de vous le raconter avec Dicodusport, pour vous faire vivre ma passion parfois inconsid\u00e9r\u00e9e pour le sport en g\u00e9n\u00e9ral (mais surtout le foot faut se l\u2019avouer).","sameAs":["https:\/\/x.com\/https:\/\/twitter.com\/RDelanis"],"url":"https:\/\/dicodusport.fr\/blog\/author\/romain\/"}]}},"_links":{"self":[{"href":"https:\/\/dicodusport.fr\/blog\/wp-json\/wp\/v2\/posts\/132373","targetHints":{"allow":["GET"]}}],"collection":[{"href":"https:\/\/dicodusport.fr\/blog\/wp-json\/wp\/v2\/posts"}],"about":[{"href":"https:\/\/dicodusport.fr\/blog\/wp-json\/wp\/v2\/types\/post"}],"author":[{"embeddable":true,"href":"https:\/\/dicodusport.fr\/blog\/wp-json\/wp\/v2\/users\/14"}],"replies":[{"embeddable":true,"href":"https:\/\/dicodusport.fr\/blog\/wp-json\/wp\/v2\/comments?post=132373"}],"version-history":[{"count":0,"href":"https:\/\/dicodusport.fr\/blog\/wp-json\/wp\/v2\/posts\/132373\/revisions"}],"wp:featuredmedia":[{"embeddable":true,"href":"https:\/\/dicodusport.fr\/blog\/wp-json\/wp\/v2\/media\/128873"}],"wp:attachment":[{"href":"https:\/\/dicodusport.fr\/blog\/wp-json\/wp\/v2\/media?parent=132373"}],"wp:term":[{"taxonomy":"category","embeddable":true,"href":"https:\/\/dicodusport.fr\/blog\/wp-json\/wp\/v2\/categories?post=132373"},{"taxonomy":"post_tag","embeddable":true,"href":"https:\/\/dicodusport.fr\/blog\/wp-json\/wp\/v2\/tags?post=132373"}],"curies":[{"name":"wp","href":"https:\/\/api.w.org\/{rel}","templated":true}]}}