{"id":132520,"date":"2021-05-25T07:53:58","date_gmt":"2021-05-25T05:53:58","guid":{"rendered":"https:\/\/dicodusport.fr\/blog\/?p=132520"},"modified":"2021-05-26T08:55:00","modified_gmt":"2021-05-26T06:55:00","slug":"roland-garros-une-premiere-journee-de-qualifications-compliquee-pour-les-francais","status":"publish","type":"post","link":"https:\/\/dicodusport.fr\/blog\/roland-garros-une-premiere-journee-de-qualifications-compliquee-pour-les-francais\/","title":{"rendered":"Roland-Garros : Une premi\u00e8re journ\u00e9e de qualifications compliqu\u00e9e pour les Fran\u00e7ais"},"content":{"rendered":"<p style=\"text-align: justify;\"><em><strong>ROLAND-GARROS &#8211; Quatorze Tricolores faisaient leur entr\u00e9e en mati\u00e8re \u00e0 Porte d\u2019Auteuil ce lundi. Seuls cinq d\u2019entre eux ont valid\u00e9 leur ticket pour le second tour des qualifications. Il faudra remporter trois rencontres pour atteindre le tableau final.<\/strong><\/em><\/p>\n<h2 style=\"text-align: justify;\">Cinq victoires, les exploits Lois Boisson et Arthur Fils<\/h2>\n<p style=\"text-align: justify;\">Certains Fran\u00e7ais \u00e9taient attendus aujourd\u2019hui, quand d\u2019autres partaient tr\u00e8s largement outsiders. C\u2019est le cas de <strong>Lois Boisson<\/strong>. Class\u00e9e 914e au classement WTA, elle est venue \u00e0 bout de Eva Guerrero Alvarez (227e) en trois sets et 1h49 de jeu.<\/p>\n<p style=\"text-align: justify;\">C\u00f4t\u00e9 masculin, le gros coup du jour est \u00e0 mettre \u00e0 l\u2019actif de <strong>Arthur Fils<\/strong> (1034e). Ag\u00e9 de 16 ans, <a href=\"https:\/\/dicodusport.fr\/blog\/roland-garros-qualifications-arthur-fils-s-offre-bernard-tomic\/\">il \u00e9limine Bernard Tomic<\/a>, 213e et ancien 17e mondial, pour son premier match chez les professionnels \u00e0 Roland-Garros. On notera \u00e9galement les qualifications de <strong>Manuel Guinard<\/strong>, <strong>Quentin Halys<\/strong> et <strong>Carole Monnet<\/strong>.<\/p>\n<h2 style=\"text-align: justify;\">Les d\u00e9ceptions Antoine Hoang et Matteo Martineau<\/h2>\n<p style=\"text-align: justify;\">Si l\u2019adversit\u00e9 \u00e9tait trop importante pour <strong>Kyrian Jacquet<\/strong>, <strong>Giovanni Mpetshi Perricard<\/strong>, <strong>Tristan Lamasine<\/strong> et <strong>Julie Belgraver<\/strong>, tous d\u00e9faits aujourd\u2019hui, la marche semblait atteignable pour <strong>Antoine Hoang<\/strong> (133e) et <strong>Matteo Martineau<\/strong> (375e).<\/p>\n<p style=\"text-align: justify;\">Le premier s\u2019est inclin\u00e9 en deux sets contre Blaz Rola (155e) et le second a c\u00e9d\u00e9 dans la troisi\u00e8me manche contre Dmitry Popko (194e). <strong>Salma Djoubri<\/strong> et <strong>Selena Janicijevic<\/strong> ont \u00e9galement \u00e9t\u00e9 d\u00e9faites et elles ne verront pas la suite du tournoi.<\/p>\n<h2 style=\"text-align: justify;\">Les r\u00e9sultats des tricolores<\/h2>\n<h3 style=\"text-align: justify;\">Femmes<\/h3>\n<p style=\"text-align: justify;\">Kostova (BUL) bat <strong>Djoubri<\/strong> <strong>(FRA)<\/strong> : 6-3, 6-2<br \/>\n<strong>Boisson (FRA)<\/strong> bat Guerrero Alvarez (ESP) : 6-0, 4-6, 6-3<br \/>\nBarthel (ALL) bat <strong>Andrianjafitrimo (FRA)<\/strong> : 6-4, 3-6, 7-6 (4)<br \/>\n<strong>Monnet (FRA)<\/strong> bat Shinikova (BUL) : 6-3, 6-3<br \/>\nBenoit (BEL) bat <strong>Belgraver (FRA)<\/strong> : 6-1, 6-0<br \/>\nKuzoma (SVK) bat <strong>Janicijevic (FRA)<\/strong> : 6-4, 7-6<\/p>\n<h3 style=\"text-align: justify;\">Hommes<\/h3>\n<p style=\"text-align: justify;\">Zapata Miralles (ESP) bat <strong>Jacquet (FRA)<\/strong> : 4-6, 6-1, 6-4<br \/>\nMarterer (ALL) bat <strong>Mpetshi Perricard (FRA)<\/strong> : 2-6, 6-3, 6-4<br \/>\nRola (SLQ) bat <strong>Hoang (FRA)<\/strong> : 6-3, 7-6 (3)<br \/>\nPopko (KAZ) bat <strong>Martineau (FRA)<\/strong> : 7-6 (3), 4-6, 6-4<br \/>\n<strong>Guinard (FRA)<\/strong> bat Machac (RTC) : 6-3, 6-3<br \/>\n<strong>Fils (FRA)<\/strong> bat Tomic (AUS) : 6-7 (5), 7-6 (1), 6-3<br \/>\n<strong>Halys (FRA)<\/strong> bat Robredo (ESP) : 7-6 (9), 6-4<br \/>\nKovalik (SLQ) bat <strong>Lamasine (FRA)<\/strong> : 7-5, 7-6<\/p>\n<p style=\"text-align: justify;\">\n","protected":false},"excerpt":{"rendered":"<p>ROLAND-GARROS &#8211; Quatorze Tricolores faisaient leur entr\u00e9e en mati\u00e8re \u00e0 Porte d\u2019Auteuil ce lundi. Seuls cinq d\u2019entre eux ont valid\u00e9 leur ticket pour le second tour des qualifications. Il faudra remporter trois rencontres pour atteindre le tableau final.<\/p>\n","protected":false},"author":57,"featured_media":132531,"comment_status":"open","ping_status":"closed","sticky":false,"template":"","format":"standard","meta":{"_acf_changed":false,"_daextam_enable_autolinks":"","footnotes":""},"categories":[47090],"tags":[4939,159],"class_list":["post-132520","post","type-post","status-publish","format-standard","has-post-thumbnail","hentry","category-roland-garros","tag-qualifications-roland-garros","tag-roland-garros"],"acf":[],"yoast_head":"<!-- This site is optimized with the Yoast SEO Premium plugin v26.7 (Yoast SEO v26.7) - https:\/\/yoast.com\/wordpress\/plugins\/seo\/ -->\n<title>Roland-Garros : Une premi\u00e8re journ\u00e9e de qualifications compliqu\u00e9e pour les Fran\u00e7ais<\/title>\n<meta name=\"description\" content=\"ROLAND-GARROS - Quatorze Tricolores faisaient leur entr\u00e9e en mati\u00e8re \u00e0 Porte d\u2019Auteuil ce lundi. Seuls cinq d\u2019entre eux ont valid\u00e9 leur ticket pour le second tour des qualifications.\" \/>\n<meta name=\"robots\" content=\"index, follow, max-snippet:-1, max-image-preview:large, max-video-preview:-1\" \/>\n<link rel=\"canonical\" href=\"https:\/\/dicodusport.fr\/blog\/roland-garros-une-premiere-journee-de-qualifications-compliquee-pour-les-francais\/\" \/>\n<meta property=\"og:locale\" content=\"fr_FR\" \/>\n<meta property=\"og:type\" content=\"article\" \/>\n<meta property=\"og:title\" content=\"Roland-Garros : Une premi\u00e8re journ\u00e9e de qualifications compliqu\u00e9e pour les Fran\u00e7ais\" \/>\n<meta property=\"og:description\" content=\"ROLAND-GARROS - Quatorze Tricolores faisaient leur entr\u00e9e en mati\u00e8re \u00e0 Porte d\u2019Auteuil ce lundi. Seuls cinq d\u2019entre eux ont valid\u00e9 leur ticket pour le second tour des qualifications.\" \/>\n<meta property=\"og:url\" content=\"https:\/\/dicodusport.fr\/blog\/roland-garros-une-premiere-journee-de-qualifications-compliquee-pour-les-francais\/\" \/>\n<meta property=\"og:site_name\" content=\"Dicodusport\" \/>\n<meta property=\"article:publisher\" content=\"https:\/\/www.facebook.com\/dicodusport\" \/>\n<meta property=\"article:published_time\" content=\"2021-05-25T05:53:58+00:00\" \/>\n<meta property=\"article:modified_time\" content=\"2021-05-26T06:55:00+00:00\" \/>\n<meta property=\"og:image\" content=\"https:\/\/dicodusport.fr\/blog\/wp-content\/uploads\/2021\/05\/Roland-Garros-Une-premiere-journee-de-qualifications-compliquee-pour-les-Francais.png\" \/>\n\t<meta property=\"og:image:width\" content=\"800\" \/>\n\t<meta property=\"og:image:height\" content=\"445\" \/>\n\t<meta property=\"og:image:type\" content=\"image\/png\" \/>\n<meta name=\"author\" content=\"Vincent Soubab\u00e8re\" \/>\n<meta name=\"twitter:card\" content=\"summary_large_image\" \/>\n<meta name=\"twitter:creator\" content=\"@dicodusport\" \/>\n<meta name=\"twitter:site\" content=\"@dicodusport\" \/>\n<script type=\"application\/ld+json\" class=\"yoast-schema-graph\">{\"@context\":\"https:\/\/schema.org\",\"@graph\":[{\"@type\":\"NewsArticle\",\"@id\":\"https:\/\/dicodusport.fr\/blog\/roland-garros-une-premiere-journee-de-qualifications-compliquee-pour-les-francais\/#article\",\"isPartOf\":{\"@id\":\"https:\/\/dicodusport.fr\/blog\/roland-garros-une-premiere-journee-de-qualifications-compliquee-pour-les-francais\/\"},\"author\":{\"name\":\"Vincent Soubab\u00e8re\",\"@id\":\"https:\/\/dicodusport.fr\/blog\/#\/schema\/person\/ba9487b5b85f57eecfb00513e982c05b\"},\"headline\":\"Roland-Garros : Une premi\u00e8re journ\u00e9e de qualifications compliqu\u00e9e pour les Fran\u00e7ais\",\"datePublished\":\"2021-05-25T05:53:58+00:00\",\"dateModified\":\"2021-05-26T06:55:00+00:00\",\"mainEntityOfPage\":{\"@id\":\"https:\/\/dicodusport.fr\/blog\/roland-garros-une-premiere-journee-de-qualifications-compliquee-pour-les-francais\/\"},\"wordCount\":359,\"commentCount\":0,\"publisher\":{\"@id\":\"https:\/\/dicodusport.fr\/blog\/#organization\"},\"image\":{\"@id\":\"https:\/\/dicodusport.fr\/blog\/roland-garros-une-premiere-journee-de-qualifications-compliquee-pour-les-francais\/#primaryimage\"},\"thumbnailUrl\":\"https:\/\/dicodusport.fr\/blog\/wp-content\/uploads\/2021\/05\/Roland-Garros-Une-premiere-journee-de-qualifications-compliquee-pour-les-Francais.png\",\"keywords\":[\"Qualifications Roland-Garros\",\"Roland-Garros\"],\"articleSection\":[\"Roland-Garros\"],\"inLanguage\":\"fr-FR\",\"potentialAction\":[{\"@type\":\"CommentAction\",\"name\":\"Comment\",\"target\":[\"https:\/\/dicodusport.fr\/blog\/roland-garros-une-premiere-journee-de-qualifications-compliquee-pour-les-francais\/#respond\"]}],\"copyrightYear\":\"2021\",\"copyrightHolder\":{\"@id\":\"https:\/\/dicodusport.fr\/blog\/#organization\"}},{\"@type\":\"WebPage\",\"@id\":\"https:\/\/dicodusport.fr\/blog\/roland-garros-une-premiere-journee-de-qualifications-compliquee-pour-les-francais\/\",\"url\":\"https:\/\/dicodusport.fr\/blog\/roland-garros-une-premiere-journee-de-qualifications-compliquee-pour-les-francais\/\",\"name\":\"Roland-Garros : Une premi\u00e8re journ\u00e9e de qualifications compliqu\u00e9e pour les Fran\u00e7ais\",\"isPartOf\":{\"@id\":\"https:\/\/dicodusport.fr\/blog\/#website\"},\"primaryImageOfPage\":{\"@id\":\"https:\/\/dicodusport.fr\/blog\/roland-garros-une-premiere-journee-de-qualifications-compliquee-pour-les-francais\/#primaryimage\"},\"image\":{\"@id\":\"https:\/\/dicodusport.fr\/blog\/roland-garros-une-premiere-journee-de-qualifications-compliquee-pour-les-francais\/#primaryimage\"},\"thumbnailUrl\":\"https:\/\/dicodusport.fr\/blog\/wp-content\/uploads\/2021\/05\/Roland-Garros-Une-premiere-journee-de-qualifications-compliquee-pour-les-Francais.png\",\"datePublished\":\"2021-05-25T05:53:58+00:00\",\"dateModified\":\"2021-05-26T06:55:00+00:00\",\"description\":\"ROLAND-GARROS - Quatorze Tricolores faisaient leur entr\u00e9e en mati\u00e8re \u00e0 Porte d\u2019Auteuil ce lundi. Seuls cinq d\u2019entre eux ont valid\u00e9 leur ticket pour le second tour des qualifications.\",\"breadcrumb\":{\"@id\":\"https:\/\/dicodusport.fr\/blog\/roland-garros-une-premiere-journee-de-qualifications-compliquee-pour-les-francais\/#breadcrumb\"},\"inLanguage\":\"fr-FR\",\"potentialAction\":[{\"@type\":\"ReadAction\",\"target\":[\"https:\/\/dicodusport.fr\/blog\/roland-garros-une-premiere-journee-de-qualifications-compliquee-pour-les-francais\/\"]}]},{\"@type\":\"ImageObject\",\"inLanguage\":\"fr-FR\",\"@id\":\"https:\/\/dicodusport.fr\/blog\/roland-garros-une-premiere-journee-de-qualifications-compliquee-pour-les-francais\/#primaryimage\",\"url\":\"https:\/\/dicodusport.fr\/blog\/wp-content\/uploads\/2021\/05\/Roland-Garros-Une-premiere-journee-de-qualifications-compliquee-pour-les-Francais.png\",\"contentUrl\":\"https:\/\/dicodusport.fr\/blog\/wp-content\/uploads\/2021\/05\/Roland-Garros-Une-premiere-journee-de-qualifications-compliquee-pour-les-Francais.png\",\"width\":800,\"height\":445,\"caption\":\"Roland-Garros : Une premi\u00e8re journ\u00e9e de qualifications compliqu\u00e9e pour les Fran\u00e7ais\"},{\"@type\":\"BreadcrumbList\",\"@id\":\"https:\/\/dicodusport.fr\/blog\/roland-garros-une-premiere-journee-de-qualifications-compliquee-pour-les-francais\/#breadcrumb\",\"itemListElement\":[{\"@type\":\"ListItem\",\"position\":1,\"name\":\"Accueil\",\"item\":\"https:\/\/dicodusport.fr\/blog\/\"},{\"@type\":\"ListItem\",\"position\":2,\"name\":\"Roland-Garros : Une premi\u00e8re journ\u00e9e de qualifications compliqu\u00e9e pour les Fran\u00e7ais\"}]},{\"@type\":\"WebSite\",\"@id\":\"https:\/\/dicodusport.fr\/blog\/#website\",\"url\":\"https:\/\/dicodusport.fr\/blog\/\",\"name\":\"Dicodusport\",\"description\":\"L&#039;encyclop\u00e9die de l&#039;actualit\u00e9 sportive\",\"publisher\":{\"@id\":\"https:\/\/dicodusport.fr\/blog\/#organization\"},\"potentialAction\":[{\"@type\":\"SearchAction\",\"target\":{\"@type\":\"EntryPoint\",\"urlTemplate\":\"https:\/\/dicodusport.fr\/blog\/?s={search_term_string}\"},\"query-input\":{\"@type\":\"PropertyValueSpecification\",\"valueRequired\":true,\"valueName\":\"search_term_string\"}}],\"inLanguage\":\"fr-FR\"},{\"@type\":\"NewsMediaOrganization\",\"@id\":\"https:\/\/dicodusport.fr\/blog\/#organization\",\"name\":\"Dicodusport\",\"url\":\"https:\/\/dicodusport.fr\/blog\/\",\"logo\":{\"@type\":\"ImageObject\",\"inLanguage\":\"fr-FR\",\"@id\":\"https:\/\/dicodusport.fr\/blog\/#\/schema\/logo\/image\/\",\"url\":\"https:\/\/dicodusport.fr\/blog\/wp-content\/uploads\/2020\/06\/cropped-LOGO-DICODUSPORT-2020-SANS-FOND-SANS-TEXTE.png\",\"contentUrl\":\"https:\/\/dicodusport.fr\/blog\/wp-content\/uploads\/2020\/06\/cropped-LOGO-DICODUSPORT-2020-SANS-FOND-SANS-TEXTE.png\",\"width\":512,\"height\":512,\"caption\":\"Dicodusport\"},\"image\":{\"@id\":\"https:\/\/dicodusport.fr\/blog\/#\/schema\/logo\/image\/\"},\"sameAs\":[\"https:\/\/www.facebook.com\/dicodusport\",\"https:\/\/x.com\/dicodusport\",\"https:\/\/www.instagram.com\/dicodusport\/\",\"https:\/\/www.youtube.com\/channel\/UC7V2KZ5sd3htJivAbA4ZG3w\"],\"description\":\"Dicodusport est l'encyclop\u00e9die de l'actualit\u00e9 sportive.\",\"email\":\"bonjour@dicodusport.fr\",\"legalName\":\"DICODUSPORT\",\"foundingDate\":\"2018-01-14\",\"vatID\":\"FR71834470973\",\"taxID\":\"83447097300043\",\"numberOfEmployees\":{\"@type\":\"QuantitativeValue\",\"minValue\":\"1\",\"maxValue\":\"10\"}},{\"@type\":\"Person\",\"@id\":\"https:\/\/dicodusport.fr\/blog\/#\/schema\/person\/ba9487b5b85f57eecfb00513e982c05b\",\"name\":\"Vincent Soubab\u00e8re\",\"image\":{\"@type\":\"ImageObject\",\"inLanguage\":\"fr-FR\",\"@id\":\"https:\/\/dicodusport.fr\/blog\/#\/schema\/person\/image\/\",\"url\":\"https:\/\/dicodusport.fr\/blog\/wp-content\/uploads\/2021\/05\/Vincent-Soubabere-150x150.jpg\",\"contentUrl\":\"https:\/\/dicodusport.fr\/blog\/wp-content\/uploads\/2021\/05\/Vincent-Soubabere-150x150.jpg\",\"caption\":\"Vincent Soubab\u00e8re\"},\"description\":\"Journaliste\/r\u00e9dacteur depuis ao\u00fbt 2018 - Passionn\u00e9 de sport depuis tout petit, je me suis logiquement tourn\u00e9 vers le journalisme sportif depuis ao\u00fbt 2018. Grand supporter des Girondins, je suis aussi un fan de football. Je pratique le tennis et suis l'actualit\u00e9 de la petite balle jaune. En juillet, vous risquez de me croiser sur les routes du Tour.\",\"url\":\"https:\/\/dicodusport.fr\/blog\/author\/vincents\/\"}]}<\/script>\n<!-- \/ Yoast SEO Premium plugin. -->","yoast_head_json":{"title":"Roland-Garros : Une premi\u00e8re journ\u00e9e de qualifications compliqu\u00e9e pour les Fran\u00e7ais","description":"ROLAND-GARROS - Quatorze Tricolores faisaient leur entr\u00e9e en mati\u00e8re \u00e0 Porte d\u2019Auteuil ce lundi. Seuls cinq d\u2019entre eux ont valid\u00e9 leur ticket pour le second tour des qualifications.","robots":{"index":"index","follow":"follow","max-snippet":"max-snippet:-1","max-image-preview":"max-image-preview:large","max-video-preview":"max-video-preview:-1"},"canonical":"https:\/\/dicodusport.fr\/blog\/roland-garros-une-premiere-journee-de-qualifications-compliquee-pour-les-francais\/","og_locale":"fr_FR","og_type":"article","og_title":"Roland-Garros : Une premi\u00e8re journ\u00e9e de qualifications compliqu\u00e9e pour les Fran\u00e7ais","og_description":"ROLAND-GARROS - Quatorze Tricolores faisaient leur entr\u00e9e en mati\u00e8re \u00e0 Porte d\u2019Auteuil ce lundi. Seuls cinq d\u2019entre eux ont valid\u00e9 leur ticket pour le second tour des qualifications.","og_url":"https:\/\/dicodusport.fr\/blog\/roland-garros-une-premiere-journee-de-qualifications-compliquee-pour-les-francais\/","og_site_name":"Dicodusport","article_publisher":"https:\/\/www.facebook.com\/dicodusport","article_published_time":"2021-05-25T05:53:58+00:00","article_modified_time":"2021-05-26T06:55:00+00:00","og_image":[{"width":800,"height":445,"url":"https:\/\/dicodusport.fr\/blog\/wp-content\/uploads\/2021\/05\/Roland-Garros-Une-premiere-journee-de-qualifications-compliquee-pour-les-Francais.png","type":"image\/png"}],"author":"Vincent Soubab\u00e8re","twitter_card":"summary_large_image","twitter_creator":"@dicodusport","twitter_site":"@dicodusport","schema":{"@context":"https:\/\/schema.org","@graph":[{"@type":"NewsArticle","@id":"https:\/\/dicodusport.fr\/blog\/roland-garros-une-premiere-journee-de-qualifications-compliquee-pour-les-francais\/#article","isPartOf":{"@id":"https:\/\/dicodusport.fr\/blog\/roland-garros-une-premiere-journee-de-qualifications-compliquee-pour-les-francais\/"},"author":{"name":"Vincent Soubab\u00e8re","@id":"https:\/\/dicodusport.fr\/blog\/#\/schema\/person\/ba9487b5b85f57eecfb00513e982c05b"},"headline":"Roland-Garros : Une premi\u00e8re journ\u00e9e de qualifications compliqu\u00e9e pour les Fran\u00e7ais","datePublished":"2021-05-25T05:53:58+00:00","dateModified":"2021-05-26T06:55:00+00:00","mainEntityOfPage":{"@id":"https:\/\/dicodusport.fr\/blog\/roland-garros-une-premiere-journee-de-qualifications-compliquee-pour-les-francais\/"},"wordCount":359,"commentCount":0,"publisher":{"@id":"https:\/\/dicodusport.fr\/blog\/#organization"},"image":{"@id":"https:\/\/dicodusport.fr\/blog\/roland-garros-une-premiere-journee-de-qualifications-compliquee-pour-les-francais\/#primaryimage"},"thumbnailUrl":"https:\/\/dicodusport.fr\/blog\/wp-content\/uploads\/2021\/05\/Roland-Garros-Une-premiere-journee-de-qualifications-compliquee-pour-les-Francais.png","keywords":["Qualifications Roland-Garros","Roland-Garros"],"articleSection":["Roland-Garros"],"inLanguage":"fr-FR","potentialAction":[{"@type":"CommentAction","name":"Comment","target":["https:\/\/dicodusport.fr\/blog\/roland-garros-une-premiere-journee-de-qualifications-compliquee-pour-les-francais\/#respond"]}],"copyrightYear":"2021","copyrightHolder":{"@id":"https:\/\/dicodusport.fr\/blog\/#organization"}},{"@type":"WebPage","@id":"https:\/\/dicodusport.fr\/blog\/roland-garros-une-premiere-journee-de-qualifications-compliquee-pour-les-francais\/","url":"https:\/\/dicodusport.fr\/blog\/roland-garros-une-premiere-journee-de-qualifications-compliquee-pour-les-francais\/","name":"Roland-Garros : Une premi\u00e8re journ\u00e9e de qualifications compliqu\u00e9e pour les Fran\u00e7ais","isPartOf":{"@id":"https:\/\/dicodusport.fr\/blog\/#website"},"primaryImageOfPage":{"@id":"https:\/\/dicodusport.fr\/blog\/roland-garros-une-premiere-journee-de-qualifications-compliquee-pour-les-francais\/#primaryimage"},"image":{"@id":"https:\/\/dicodusport.fr\/blog\/roland-garros-une-premiere-journee-de-qualifications-compliquee-pour-les-francais\/#primaryimage"},"thumbnailUrl":"https:\/\/dicodusport.fr\/blog\/wp-content\/uploads\/2021\/05\/Roland-Garros-Une-premiere-journee-de-qualifications-compliquee-pour-les-Francais.png","datePublished":"2021-05-25T05:53:58+00:00","dateModified":"2021-05-26T06:55:00+00:00","description":"ROLAND-GARROS - Quatorze Tricolores faisaient leur entr\u00e9e en mati\u00e8re \u00e0 Porte d\u2019Auteuil ce lundi. Seuls cinq d\u2019entre eux ont valid\u00e9 leur ticket pour le second tour des qualifications.","breadcrumb":{"@id":"https:\/\/dicodusport.fr\/blog\/roland-garros-une-premiere-journee-de-qualifications-compliquee-pour-les-francais\/#breadcrumb"},"inLanguage":"fr-FR","potentialAction":[{"@type":"ReadAction","target":["https:\/\/dicodusport.fr\/blog\/roland-garros-une-premiere-journee-de-qualifications-compliquee-pour-les-francais\/"]}]},{"@type":"ImageObject","inLanguage":"fr-FR","@id":"https:\/\/dicodusport.fr\/blog\/roland-garros-une-premiere-journee-de-qualifications-compliquee-pour-les-francais\/#primaryimage","url":"https:\/\/dicodusport.fr\/blog\/wp-content\/uploads\/2021\/05\/Roland-Garros-Une-premiere-journee-de-qualifications-compliquee-pour-les-Francais.png","contentUrl":"https:\/\/dicodusport.fr\/blog\/wp-content\/uploads\/2021\/05\/Roland-Garros-Une-premiere-journee-de-qualifications-compliquee-pour-les-Francais.png","width":800,"height":445,"caption":"Roland-Garros : Une premi\u00e8re journ\u00e9e de qualifications compliqu\u00e9e pour les Fran\u00e7ais"},{"@type":"BreadcrumbList","@id":"https:\/\/dicodusport.fr\/blog\/roland-garros-une-premiere-journee-de-qualifications-compliquee-pour-les-francais\/#breadcrumb","itemListElement":[{"@type":"ListItem","position":1,"name":"Accueil","item":"https:\/\/dicodusport.fr\/blog\/"},{"@type":"ListItem","position":2,"name":"Roland-Garros : Une premi\u00e8re journ\u00e9e de qualifications compliqu\u00e9e pour les Fran\u00e7ais"}]},{"@type":"WebSite","@id":"https:\/\/dicodusport.fr\/blog\/#website","url":"https:\/\/dicodusport.fr\/blog\/","name":"Dicodusport","description":"L&#039;encyclop\u00e9die de l&#039;actualit\u00e9 sportive","publisher":{"@id":"https:\/\/dicodusport.fr\/blog\/#organization"},"potentialAction":[{"@type":"SearchAction","target":{"@type":"EntryPoint","urlTemplate":"https:\/\/dicodusport.fr\/blog\/?s={search_term_string}"},"query-input":{"@type":"PropertyValueSpecification","valueRequired":true,"valueName":"search_term_string"}}],"inLanguage":"fr-FR"},{"@type":"NewsMediaOrganization","@id":"https:\/\/dicodusport.fr\/blog\/#organization","name":"Dicodusport","url":"https:\/\/dicodusport.fr\/blog\/","logo":{"@type":"ImageObject","inLanguage":"fr-FR","@id":"https:\/\/dicodusport.fr\/blog\/#\/schema\/logo\/image\/","url":"https:\/\/dicodusport.fr\/blog\/wp-content\/uploads\/2020\/06\/cropped-LOGO-DICODUSPORT-2020-SANS-FOND-SANS-TEXTE.png","contentUrl":"https:\/\/dicodusport.fr\/blog\/wp-content\/uploads\/2020\/06\/cropped-LOGO-DICODUSPORT-2020-SANS-FOND-SANS-TEXTE.png","width":512,"height":512,"caption":"Dicodusport"},"image":{"@id":"https:\/\/dicodusport.fr\/blog\/#\/schema\/logo\/image\/"},"sameAs":["https:\/\/www.facebook.com\/dicodusport","https:\/\/x.com\/dicodusport","https:\/\/www.instagram.com\/dicodusport\/","https:\/\/www.youtube.com\/channel\/UC7V2KZ5sd3htJivAbA4ZG3w"],"description":"Dicodusport est l'encyclop\u00e9die de l'actualit\u00e9 sportive.","email":"bonjour@dicodusport.fr","legalName":"DICODUSPORT","foundingDate":"2018-01-14","vatID":"FR71834470973","taxID":"83447097300043","numberOfEmployees":{"@type":"QuantitativeValue","minValue":"1","maxValue":"10"}},{"@type":"Person","@id":"https:\/\/dicodusport.fr\/blog\/#\/schema\/person\/ba9487b5b85f57eecfb00513e982c05b","name":"Vincent Soubab\u00e8re","image":{"@type":"ImageObject","inLanguage":"fr-FR","@id":"https:\/\/dicodusport.fr\/blog\/#\/schema\/person\/image\/","url":"https:\/\/dicodusport.fr\/blog\/wp-content\/uploads\/2021\/05\/Vincent-Soubabere-150x150.jpg","contentUrl":"https:\/\/dicodusport.fr\/blog\/wp-content\/uploads\/2021\/05\/Vincent-Soubabere-150x150.jpg","caption":"Vincent Soubab\u00e8re"},"description":"Journaliste\/r\u00e9dacteur depuis ao\u00fbt 2018 - Passionn\u00e9 de sport depuis tout petit, je me suis logiquement tourn\u00e9 vers le journalisme sportif depuis ao\u00fbt 2018. Grand supporter des Girondins, je suis aussi un fan de football. Je pratique le tennis et suis l'actualit\u00e9 de la petite balle jaune. En juillet, vous risquez de me croiser sur les routes du Tour.","url":"https:\/\/dicodusport.fr\/blog\/author\/vincents\/"}]}},"_links":{"self":[{"href":"https:\/\/dicodusport.fr\/blog\/wp-json\/wp\/v2\/posts\/132520","targetHints":{"allow":["GET"]}}],"collection":[{"href":"https:\/\/dicodusport.fr\/blog\/wp-json\/wp\/v2\/posts"}],"about":[{"href":"https:\/\/dicodusport.fr\/blog\/wp-json\/wp\/v2\/types\/post"}],"author":[{"embeddable":true,"href":"https:\/\/dicodusport.fr\/blog\/wp-json\/wp\/v2\/users\/57"}],"replies":[{"embeddable":true,"href":"https:\/\/dicodusport.fr\/blog\/wp-json\/wp\/v2\/comments?post=132520"}],"version-history":[{"count":0,"href":"https:\/\/dicodusport.fr\/blog\/wp-json\/wp\/v2\/posts\/132520\/revisions"}],"wp:featuredmedia":[{"embeddable":true,"href":"https:\/\/dicodusport.fr\/blog\/wp-json\/wp\/v2\/media\/132531"}],"wp:attachment":[{"href":"https:\/\/dicodusport.fr\/blog\/wp-json\/wp\/v2\/media?parent=132520"}],"wp:term":[{"taxonomy":"category","embeddable":true,"href":"https:\/\/dicodusport.fr\/blog\/wp-json\/wp\/v2\/categories?post=132520"},{"taxonomy":"post_tag","embeddable":true,"href":"https:\/\/dicodusport.fr\/blog\/wp-json\/wp\/v2\/tags?post=132520"}],"curies":[{"name":"wp","href":"https:\/\/api.w.org\/{rel}","templated":true}]}}