{"id":132536,"date":"2021-05-25T09:15:53","date_gmt":"2021-05-25T07:15:53","guid":{"rendered":"https:\/\/dicodusport.fr\/blog\/?p=132536&#038;preview=true&#038;preview_id=132536"},"modified":"2021-06-01T10:59:26","modified_gmt":"2021-06-01T08:59:26","slug":"benedetta-pilato-est-votre-championne-du-week-end","status":"publish","type":"post","link":"https:\/\/dicodusport.fr\/blog\/benedetta-pilato-est-votre-championne-du-week-end\/","title":{"rendered":"Benedetta Pilato est votre Championne du week-end"},"content":{"rendered":"<p style=\"text-align: justify;\"><strong><em>NATATION &#8211; Nouvelle recordwoman du monde du 50 m brasse \u00e0 seulement 16 ans, l&rsquo;Italienne Benedetta Pilato est votre Championne du week-end. Elle devance Cecilie\u00a0Uttrup\u00a0Ludwig, laur\u00e9ate de la 3\u00e8me \u00e9tape du Tour de Burgos, pour la premi\u00e8re victoire WorldTour de la saison pour la formation fran\u00e7aise FDJ &#8211; Nouvelle Aquitaine &#8211; Futuroscope.<\/em><\/strong><\/p>\n<p style=\"text-align: justify;\"><strong>Simone Biles<\/strong>, qui a ex\u00e9cut\u00e9 une figure incroyable pour son retour \u00e0 la comp\u00e9tition (double salto arri\u00e8re corps carp\u00e9), est troisi\u00e8me. La quatri\u00e8me place revient \u00e0 la Suissesse <strong>Nicola Spirig<\/strong>, laur\u00e9ate de la Coupe du monde de triathlon \u00e0 Lisbonne.<\/p>\n<p style=\"text-align: justify;\"><strong><span style=\"font-size: 12px;\"><em>Sondage r\u00e9alis\u00e9 sur notre page <a href=\"https:\/\/www.facebook.com\/dicodusport\/\" target=\"_blank\" rel=\"noopener\">Facebook<\/a><\/em><\/span><\/strong><\/p>\n<h2 style=\"text-align: justify;\">La course record de Benedetta Pilato<\/h2>\n<blockquote class=\"twitter-tweet\">\n<p dir=\"ltr\" lang=\"fr\">&#x1f3ca;&#x1f1ee;&#x1f1f9;&#x1f60d; Benedetta Pilato s&rsquo;offre un record du monde \u00e0 tout juste 16 ans !<\/p>\n<p>En 29&Prime;30 sur 50m brasse, l&rsquo;Italienne am\u00e9liore la meilleure marque de l&rsquo;histoire d\u00e9tenue par Lilly King <a href=\"https:\/\/twitter.com\/hashtag\/Budapest2021?src=hash&amp;ref_src=twsrc%5Etfw\">#Budapest2021<\/a> <a href=\"https:\/\/twitter.com\/hashtag\/Natation?src=hash&amp;ref_src=twsrc%5Etfw\">#Natation<\/a><\/p>\n<p>Suivez les Championnats d\u2019Europe en direct &#x25b6; <a href=\"https:\/\/t.co\/BOr226adax\">https:\/\/t.co\/BOr226adax<\/a> <a href=\"https:\/\/t.co\/3in4xGj9d3\">pic.twitter.com\/3in4xGj9d3<\/a><\/p>\n<p>\u2014 France tv sport (@francetvsport) <a href=\"https:\/\/twitter.com\/francetvsport\/status\/1396151438154285057?ref_src=twsrc%5Etfw\">May 22, 2021<\/a><\/p><\/blockquote>\n<p><script async src=\"https:\/\/platform.twitter.com\/widgets.js\" charset=\"utf-8\"><\/script><\/p>\n","protected":false},"excerpt":{"rendered":"<p>NATATION &#8211; Nouvelle recordwoman du monde du 50 m brasse \u00e0 seulement 16 ans, l&rsquo;Italienne Benedetta Pilato est votre Championne du week-end. Elle devance Cecilie\u00a0Uttrup\u00a0Ludwig, laur\u00e9ate de la 3\u00e8me \u00e9tape du Tour de Burgos, pour la premi\u00e8re victoire WorldTour de la saison pour la formation fran\u00e7aise FDJ &#8211; Nouvelle Aquitaine &#8211; Futuroscope.<\/p>\n","protected":false},"author":4,"featured_media":132538,"comment_status":"open","ping_status":"closed","sticky":false,"template":"","format":"standard","meta":{"_acf_changed":false,"_daextam_enable_autolinks":"","footnotes":""},"categories":[2366,2306],"tags":[15397,17,69],"class_list":["post-132536","post","type-post","status-publish","format-standard","has-post-thumbnail","hentry","category-multisports","category-natation","tag-championne-du-week-end","tag-dicodusport","tag-natation"],"acf":[],"yoast_head":"<!-- This site is optimized with the Yoast SEO Premium plugin v26.7 (Yoast SEO v26.7) - https:\/\/yoast.com\/wordpress\/plugins\/seo\/ -->\n<title>Benedetta Pilato est votre Championne du week-end<\/title>\n<meta name=\"description\" content=\"NATATION - Nouvelle recordwoman du monde du 50 m brasse \u00e0 seulement 16 ans, l&#039;Italienne Benedetta Pilato est votre Championne du week-end.\" \/>\n<meta name=\"robots\" content=\"index, follow, max-snippet:-1, max-image-preview:large, max-video-preview:-1\" \/>\n<link rel=\"canonical\" href=\"https:\/\/dicodusport.fr\/blog\/benedetta-pilato-est-votre-championne-du-week-end\/\" \/>\n<meta property=\"og:locale\" content=\"fr_FR\" \/>\n<meta property=\"og:type\" content=\"article\" \/>\n<meta property=\"og:title\" content=\"Benedetta Pilato est votre Championne du week-end\" \/>\n<meta property=\"og:description\" content=\"NATATION - Nouvelle recordwoman du monde du 50 m brasse \u00e0 seulement 16 ans, l&#039;Italienne Benedetta Pilato est votre Championne du week-end.\" \/>\n<meta property=\"og:url\" content=\"https:\/\/dicodusport.fr\/blog\/benedetta-pilato-est-votre-championne-du-week-end\/\" \/>\n<meta property=\"og:site_name\" content=\"Dicodusport\" \/>\n<meta property=\"article:publisher\" content=\"https:\/\/www.facebook.com\/dicodusport\" \/>\n<meta property=\"article:author\" content=\"https:\/\/www.facebook.com\/florent.ostermann\" \/>\n<meta property=\"article:published_time\" content=\"2021-05-25T07:15:53+00:00\" \/>\n<meta property=\"article:modified_time\" content=\"2021-06-01T08:59:26+00:00\" \/>\n<meta property=\"og:image\" content=\"https:\/\/dicodusport.fr\/blog\/wp-content\/uploads\/2021\/05\/Benedetta-Pilato-est-votre-Championne-du-week-end.png\" \/>\n\t<meta property=\"og:image:width\" content=\"800\" \/>\n\t<meta property=\"og:image:height\" content=\"445\" \/>\n\t<meta property=\"og:image:type\" content=\"image\/png\" \/>\n<meta name=\"author\" content=\"Flo Ostermann\" \/>\n<meta name=\"twitter:card\" content=\"summary_large_image\" \/>\n<meta name=\"twitter:title\" content=\"Benedetta Pilato est votre Championne du week-end\" \/>\n<meta name=\"twitter:creator\" content=\"@https:\/\/twitter.com\/FlOstermann\" \/>\n<meta name=\"twitter:site\" content=\"@dicodusport\" \/>\n<script type=\"application\/ld+json\" class=\"yoast-schema-graph\">{\"@context\":\"https:\/\/schema.org\",\"@graph\":[{\"@type\":\"NewsArticle\",\"@id\":\"https:\/\/dicodusport.fr\/blog\/benedetta-pilato-est-votre-championne-du-week-end\/#article\",\"isPartOf\":{\"@id\":\"https:\/\/dicodusport.fr\/blog\/benedetta-pilato-est-votre-championne-du-week-end\/\"},\"author\":{\"name\":\"Flo Ostermann\",\"@id\":\"https:\/\/dicodusport.fr\/blog\/#\/schema\/person\/cb02af4c173ce4a653b55e9baf388d4a\"},\"headline\":\"Benedetta Pilato est votre Championne du week-end\",\"datePublished\":\"2021-05-25T07:15:53+00:00\",\"dateModified\":\"2021-06-01T08:59:26+00:00\",\"mainEntityOfPage\":{\"@id\":\"https:\/\/dicodusport.fr\/blog\/benedetta-pilato-est-votre-championne-du-week-end\/\"},\"wordCount\":187,\"commentCount\":0,\"publisher\":{\"@id\":\"https:\/\/dicodusport.fr\/blog\/#organization\"},\"image\":{\"@id\":\"https:\/\/dicodusport.fr\/blog\/benedetta-pilato-est-votre-championne-du-week-end\/#primaryimage\"},\"thumbnailUrl\":\"https:\/\/dicodusport.fr\/blog\/wp-content\/uploads\/2021\/05\/Benedetta-Pilato-est-votre-Championne-du-week-end.png\",\"keywords\":[\"Championne du week-end\",\"Dicodusport\",\"natation\"],\"articleSection\":[\"Multisports\",\"Natation\"],\"inLanguage\":\"fr-FR\",\"potentialAction\":[{\"@type\":\"CommentAction\",\"name\":\"Comment\",\"target\":[\"https:\/\/dicodusport.fr\/blog\/benedetta-pilato-est-votre-championne-du-week-end\/#respond\"]}],\"copyrightYear\":\"2021\",\"copyrightHolder\":{\"@id\":\"https:\/\/dicodusport.fr\/blog\/#organization\"}},{\"@type\":\"WebPage\",\"@id\":\"https:\/\/dicodusport.fr\/blog\/benedetta-pilato-est-votre-championne-du-week-end\/\",\"url\":\"https:\/\/dicodusport.fr\/blog\/benedetta-pilato-est-votre-championne-du-week-end\/\",\"name\":\"Benedetta Pilato est votre Championne du week-end\",\"isPartOf\":{\"@id\":\"https:\/\/dicodusport.fr\/blog\/#website\"},\"primaryImageOfPage\":{\"@id\":\"https:\/\/dicodusport.fr\/blog\/benedetta-pilato-est-votre-championne-du-week-end\/#primaryimage\"},\"image\":{\"@id\":\"https:\/\/dicodusport.fr\/blog\/benedetta-pilato-est-votre-championne-du-week-end\/#primaryimage\"},\"thumbnailUrl\":\"https:\/\/dicodusport.fr\/blog\/wp-content\/uploads\/2021\/05\/Benedetta-Pilato-est-votre-Championne-du-week-end.png\",\"datePublished\":\"2021-05-25T07:15:53+00:00\",\"dateModified\":\"2021-06-01T08:59:26+00:00\",\"description\":\"NATATION - Nouvelle recordwoman du monde du 50 m brasse \u00e0 seulement 16 ans, l'Italienne Benedetta Pilato est votre Championne du week-end.\",\"breadcrumb\":{\"@id\":\"https:\/\/dicodusport.fr\/blog\/benedetta-pilato-est-votre-championne-du-week-end\/#breadcrumb\"},\"inLanguage\":\"fr-FR\",\"potentialAction\":[{\"@type\":\"ReadAction\",\"target\":[\"https:\/\/dicodusport.fr\/blog\/benedetta-pilato-est-votre-championne-du-week-end\/\"]}]},{\"@type\":\"ImageObject\",\"inLanguage\":\"fr-FR\",\"@id\":\"https:\/\/dicodusport.fr\/blog\/benedetta-pilato-est-votre-championne-du-week-end\/#primaryimage\",\"url\":\"https:\/\/dicodusport.fr\/blog\/wp-content\/uploads\/2021\/05\/Benedetta-Pilato-est-votre-Championne-du-week-end.png\",\"contentUrl\":\"https:\/\/dicodusport.fr\/blog\/wp-content\/uploads\/2021\/05\/Benedetta-Pilato-est-votre-Championne-du-week-end.png\",\"width\":800,\"height\":445,\"caption\":\"Benedetta Pilato est votre Championne du week-end\"},{\"@type\":\"BreadcrumbList\",\"@id\":\"https:\/\/dicodusport.fr\/blog\/benedetta-pilato-est-votre-championne-du-week-end\/#breadcrumb\",\"itemListElement\":[{\"@type\":\"ListItem\",\"position\":1,\"name\":\"Accueil\",\"item\":\"https:\/\/dicodusport.fr\/blog\/\"},{\"@type\":\"ListItem\",\"position\":2,\"name\":\"Benedetta Pilato est votre Championne du week-end\"}]},{\"@type\":\"WebSite\",\"@id\":\"https:\/\/dicodusport.fr\/blog\/#website\",\"url\":\"https:\/\/dicodusport.fr\/blog\/\",\"name\":\"Dicodusport\",\"description\":\"L&#039;encyclop\u00e9die de l&#039;actualit\u00e9 sportive\",\"publisher\":{\"@id\":\"https:\/\/dicodusport.fr\/blog\/#organization\"},\"potentialAction\":[{\"@type\":\"SearchAction\",\"target\":{\"@type\":\"EntryPoint\",\"urlTemplate\":\"https:\/\/dicodusport.fr\/blog\/?s={search_term_string}\"},\"query-input\":{\"@type\":\"PropertyValueSpecification\",\"valueRequired\":true,\"valueName\":\"search_term_string\"}}],\"inLanguage\":\"fr-FR\"},{\"@type\":\"NewsMediaOrganization\",\"@id\":\"https:\/\/dicodusport.fr\/blog\/#organization\",\"name\":\"Dicodusport\",\"url\":\"https:\/\/dicodusport.fr\/blog\/\",\"logo\":{\"@type\":\"ImageObject\",\"inLanguage\":\"fr-FR\",\"@id\":\"https:\/\/dicodusport.fr\/blog\/#\/schema\/logo\/image\/\",\"url\":\"https:\/\/dicodusport.fr\/blog\/wp-content\/uploads\/2020\/06\/cropped-LOGO-DICODUSPORT-2020-SANS-FOND-SANS-TEXTE.png\",\"contentUrl\":\"https:\/\/dicodusport.fr\/blog\/wp-content\/uploads\/2020\/06\/cropped-LOGO-DICODUSPORT-2020-SANS-FOND-SANS-TEXTE.png\",\"width\":512,\"height\":512,\"caption\":\"Dicodusport\"},\"image\":{\"@id\":\"https:\/\/dicodusport.fr\/blog\/#\/schema\/logo\/image\/\"},\"sameAs\":[\"https:\/\/www.facebook.com\/dicodusport\",\"https:\/\/x.com\/dicodusport\",\"https:\/\/www.instagram.com\/dicodusport\/\",\"https:\/\/www.youtube.com\/channel\/UC7V2KZ5sd3htJivAbA4ZG3w\"],\"description\":\"Dicodusport est l'encyclop\u00e9die de l'actualit\u00e9 sportive.\",\"email\":\"bonjour@dicodusport.fr\",\"legalName\":\"DICODUSPORT\",\"foundingDate\":\"2018-01-14\",\"vatID\":\"FR71834470973\",\"taxID\":\"83447097300043\",\"numberOfEmployees\":{\"@type\":\"QuantitativeValue\",\"minValue\":\"1\",\"maxValue\":\"10\"}},{\"@type\":\"Person\",\"@id\":\"https:\/\/dicodusport.fr\/blog\/#\/schema\/person\/cb02af4c173ce4a653b55e9baf388d4a\",\"name\":\"Flo Ostermann\",\"image\":{\"@type\":\"ImageObject\",\"inLanguage\":\"fr-FR\",\"@id\":\"https:\/\/dicodusport.fr\/blog\/#\/schema\/person\/image\/\",\"url\":\"https:\/\/dicodusport.fr\/blog\/wp-content\/uploads\/2021\/05\/Flo-Ostermann-150x150.jpg\",\"contentUrl\":\"https:\/\/dicodusport.fr\/blog\/wp-content\/uploads\/2021\/05\/Flo-Ostermann-150x150.jpg\",\"caption\":\"Flo Ostermann\"},\"description\":\"Journaliste\/R\u00e9dacteur depuis septembre 2015 - Mes premiers souvenirs dans le sport ? Les envol\u00e9es du Stade Toulousain et les duels Villeneuve-Schumacher et H\u00e4kkinen-Schumacher \u00e0 la fin des ann\u00e9es 90, la Coupe du monde de football en 1998, l\u2019exploit du XV de France face aux All Blacks en 1999, mais aussi Richard C\u0153ur de Lion qui vole sur les montagnes du Tour de France. Bien parti pour devenir professeur d\u2019EPS, les \u00e9v\u00e9nements de la vie (et la flemme d\u2019animer des s\u00e9ances de 3x500 m\u00e8tres toute ma vie) m\u2019ont conduit \u00e0 revoir mes plans. Me voil\u00e0 depuis fin 2017 sur Dicodusport, m\u00e9dia gr\u00e2ce (et pour) lequel je partage ma passion : le sport dans tous ses \u00e9tats. Le tout accompagn\u00e9 par les fous furieux et folles furieuses cit\u00e9s sur cette page !\",\"sameAs\":[\"https:\/\/www.facebook.com\/florent.ostermann\",\"https:\/\/x.com\/https:\/\/twitter.com\/FlOstermann\",\"admin\"],\"url\":\"https:\/\/dicodusport.fr\/blog\/author\/flo\/\"}]}<\/script>\n<!-- \/ Yoast SEO Premium plugin. -->","yoast_head_json":{"title":"Benedetta Pilato est votre Championne du week-end","description":"NATATION - Nouvelle recordwoman du monde du 50 m brasse \u00e0 seulement 16 ans, l'Italienne Benedetta Pilato est votre Championne du week-end.","robots":{"index":"index","follow":"follow","max-snippet":"max-snippet:-1","max-image-preview":"max-image-preview:large","max-video-preview":"max-video-preview:-1"},"canonical":"https:\/\/dicodusport.fr\/blog\/benedetta-pilato-est-votre-championne-du-week-end\/","og_locale":"fr_FR","og_type":"article","og_title":"Benedetta Pilato est votre Championne du week-end","og_description":"NATATION - Nouvelle recordwoman du monde du 50 m brasse \u00e0 seulement 16 ans, l'Italienne Benedetta Pilato est votre Championne du week-end.","og_url":"https:\/\/dicodusport.fr\/blog\/benedetta-pilato-est-votre-championne-du-week-end\/","og_site_name":"Dicodusport","article_publisher":"https:\/\/www.facebook.com\/dicodusport","article_author":"https:\/\/www.facebook.com\/florent.ostermann","article_published_time":"2021-05-25T07:15:53+00:00","article_modified_time":"2021-06-01T08:59:26+00:00","og_image":[{"width":800,"height":445,"url":"https:\/\/dicodusport.fr\/blog\/wp-content\/uploads\/2021\/05\/Benedetta-Pilato-est-votre-Championne-du-week-end.png","type":"image\/png"}],"author":"Flo Ostermann","twitter_card":"summary_large_image","twitter_title":"Benedetta Pilato est votre Championne du week-end","twitter_creator":"@https:\/\/twitter.com\/FlOstermann","twitter_site":"@dicodusport","schema":{"@context":"https:\/\/schema.org","@graph":[{"@type":"NewsArticle","@id":"https:\/\/dicodusport.fr\/blog\/benedetta-pilato-est-votre-championne-du-week-end\/#article","isPartOf":{"@id":"https:\/\/dicodusport.fr\/blog\/benedetta-pilato-est-votre-championne-du-week-end\/"},"author":{"name":"Flo Ostermann","@id":"https:\/\/dicodusport.fr\/blog\/#\/schema\/person\/cb02af4c173ce4a653b55e9baf388d4a"},"headline":"Benedetta Pilato est votre Championne du week-end","datePublished":"2021-05-25T07:15:53+00:00","dateModified":"2021-06-01T08:59:26+00:00","mainEntityOfPage":{"@id":"https:\/\/dicodusport.fr\/blog\/benedetta-pilato-est-votre-championne-du-week-end\/"},"wordCount":187,"commentCount":0,"publisher":{"@id":"https:\/\/dicodusport.fr\/blog\/#organization"},"image":{"@id":"https:\/\/dicodusport.fr\/blog\/benedetta-pilato-est-votre-championne-du-week-end\/#primaryimage"},"thumbnailUrl":"https:\/\/dicodusport.fr\/blog\/wp-content\/uploads\/2021\/05\/Benedetta-Pilato-est-votre-Championne-du-week-end.png","keywords":["Championne du week-end","Dicodusport","natation"],"articleSection":["Multisports","Natation"],"inLanguage":"fr-FR","potentialAction":[{"@type":"CommentAction","name":"Comment","target":["https:\/\/dicodusport.fr\/blog\/benedetta-pilato-est-votre-championne-du-week-end\/#respond"]}],"copyrightYear":"2021","copyrightHolder":{"@id":"https:\/\/dicodusport.fr\/blog\/#organization"}},{"@type":"WebPage","@id":"https:\/\/dicodusport.fr\/blog\/benedetta-pilato-est-votre-championne-du-week-end\/","url":"https:\/\/dicodusport.fr\/blog\/benedetta-pilato-est-votre-championne-du-week-end\/","name":"Benedetta Pilato est votre Championne du week-end","isPartOf":{"@id":"https:\/\/dicodusport.fr\/blog\/#website"},"primaryImageOfPage":{"@id":"https:\/\/dicodusport.fr\/blog\/benedetta-pilato-est-votre-championne-du-week-end\/#primaryimage"},"image":{"@id":"https:\/\/dicodusport.fr\/blog\/benedetta-pilato-est-votre-championne-du-week-end\/#primaryimage"},"thumbnailUrl":"https:\/\/dicodusport.fr\/blog\/wp-content\/uploads\/2021\/05\/Benedetta-Pilato-est-votre-Championne-du-week-end.png","datePublished":"2021-05-25T07:15:53+00:00","dateModified":"2021-06-01T08:59:26+00:00","description":"NATATION - Nouvelle recordwoman du monde du 50 m brasse \u00e0 seulement 16 ans, l'Italienne Benedetta Pilato est votre Championne du week-end.","breadcrumb":{"@id":"https:\/\/dicodusport.fr\/blog\/benedetta-pilato-est-votre-championne-du-week-end\/#breadcrumb"},"inLanguage":"fr-FR","potentialAction":[{"@type":"ReadAction","target":["https:\/\/dicodusport.fr\/blog\/benedetta-pilato-est-votre-championne-du-week-end\/"]}]},{"@type":"ImageObject","inLanguage":"fr-FR","@id":"https:\/\/dicodusport.fr\/blog\/benedetta-pilato-est-votre-championne-du-week-end\/#primaryimage","url":"https:\/\/dicodusport.fr\/blog\/wp-content\/uploads\/2021\/05\/Benedetta-Pilato-est-votre-Championne-du-week-end.png","contentUrl":"https:\/\/dicodusport.fr\/blog\/wp-content\/uploads\/2021\/05\/Benedetta-Pilato-est-votre-Championne-du-week-end.png","width":800,"height":445,"caption":"Benedetta Pilato est votre Championne du week-end"},{"@type":"BreadcrumbList","@id":"https:\/\/dicodusport.fr\/blog\/benedetta-pilato-est-votre-championne-du-week-end\/#breadcrumb","itemListElement":[{"@type":"ListItem","position":1,"name":"Accueil","item":"https:\/\/dicodusport.fr\/blog\/"},{"@type":"ListItem","position":2,"name":"Benedetta Pilato est votre Championne du week-end"}]},{"@type":"WebSite","@id":"https:\/\/dicodusport.fr\/blog\/#website","url":"https:\/\/dicodusport.fr\/blog\/","name":"Dicodusport","description":"L&#039;encyclop\u00e9die de l&#039;actualit\u00e9 sportive","publisher":{"@id":"https:\/\/dicodusport.fr\/blog\/#organization"},"potentialAction":[{"@type":"SearchAction","target":{"@type":"EntryPoint","urlTemplate":"https:\/\/dicodusport.fr\/blog\/?s={search_term_string}"},"query-input":{"@type":"PropertyValueSpecification","valueRequired":true,"valueName":"search_term_string"}}],"inLanguage":"fr-FR"},{"@type":"NewsMediaOrganization","@id":"https:\/\/dicodusport.fr\/blog\/#organization","name":"Dicodusport","url":"https:\/\/dicodusport.fr\/blog\/","logo":{"@type":"ImageObject","inLanguage":"fr-FR","@id":"https:\/\/dicodusport.fr\/blog\/#\/schema\/logo\/image\/","url":"https:\/\/dicodusport.fr\/blog\/wp-content\/uploads\/2020\/06\/cropped-LOGO-DICODUSPORT-2020-SANS-FOND-SANS-TEXTE.png","contentUrl":"https:\/\/dicodusport.fr\/blog\/wp-content\/uploads\/2020\/06\/cropped-LOGO-DICODUSPORT-2020-SANS-FOND-SANS-TEXTE.png","width":512,"height":512,"caption":"Dicodusport"},"image":{"@id":"https:\/\/dicodusport.fr\/blog\/#\/schema\/logo\/image\/"},"sameAs":["https:\/\/www.facebook.com\/dicodusport","https:\/\/x.com\/dicodusport","https:\/\/www.instagram.com\/dicodusport\/","https:\/\/www.youtube.com\/channel\/UC7V2KZ5sd3htJivAbA4ZG3w"],"description":"Dicodusport est l'encyclop\u00e9die de l'actualit\u00e9 sportive.","email":"bonjour@dicodusport.fr","legalName":"DICODUSPORT","foundingDate":"2018-01-14","vatID":"FR71834470973","taxID":"83447097300043","numberOfEmployees":{"@type":"QuantitativeValue","minValue":"1","maxValue":"10"}},{"@type":"Person","@id":"https:\/\/dicodusport.fr\/blog\/#\/schema\/person\/cb02af4c173ce4a653b55e9baf388d4a","name":"Flo Ostermann","image":{"@type":"ImageObject","inLanguage":"fr-FR","@id":"https:\/\/dicodusport.fr\/blog\/#\/schema\/person\/image\/","url":"https:\/\/dicodusport.fr\/blog\/wp-content\/uploads\/2021\/05\/Flo-Ostermann-150x150.jpg","contentUrl":"https:\/\/dicodusport.fr\/blog\/wp-content\/uploads\/2021\/05\/Flo-Ostermann-150x150.jpg","caption":"Flo Ostermann"},"description":"Journaliste\/R\u00e9dacteur depuis septembre 2015 - Mes premiers souvenirs dans le sport ? Les envol\u00e9es du Stade Toulousain et les duels Villeneuve-Schumacher et H\u00e4kkinen-Schumacher \u00e0 la fin des ann\u00e9es 90, la Coupe du monde de football en 1998, l\u2019exploit du XV de France face aux All Blacks en 1999, mais aussi Richard C\u0153ur de Lion qui vole sur les montagnes du Tour de France. Bien parti pour devenir professeur d\u2019EPS, les \u00e9v\u00e9nements de la vie (et la flemme d\u2019animer des s\u00e9ances de 3x500 m\u00e8tres toute ma vie) m\u2019ont conduit \u00e0 revoir mes plans. Me voil\u00e0 depuis fin 2017 sur Dicodusport, m\u00e9dia gr\u00e2ce (et pour) lequel je partage ma passion : le sport dans tous ses \u00e9tats. Le tout accompagn\u00e9 par les fous furieux et folles furieuses cit\u00e9s sur cette page !","sameAs":["https:\/\/www.facebook.com\/florent.ostermann","https:\/\/x.com\/https:\/\/twitter.com\/FlOstermann","admin"],"url":"https:\/\/dicodusport.fr\/blog\/author\/flo\/"}]}},"_links":{"self":[{"href":"https:\/\/dicodusport.fr\/blog\/wp-json\/wp\/v2\/posts\/132536","targetHints":{"allow":["GET"]}}],"collection":[{"href":"https:\/\/dicodusport.fr\/blog\/wp-json\/wp\/v2\/posts"}],"about":[{"href":"https:\/\/dicodusport.fr\/blog\/wp-json\/wp\/v2\/types\/post"}],"author":[{"embeddable":true,"href":"https:\/\/dicodusport.fr\/blog\/wp-json\/wp\/v2\/users\/4"}],"replies":[{"embeddable":true,"href":"https:\/\/dicodusport.fr\/blog\/wp-json\/wp\/v2\/comments?post=132536"}],"version-history":[{"count":0,"href":"https:\/\/dicodusport.fr\/blog\/wp-json\/wp\/v2\/posts\/132536\/revisions"}],"wp:featuredmedia":[{"embeddable":true,"href":"https:\/\/dicodusport.fr\/blog\/wp-json\/wp\/v2\/media\/132538"}],"wp:attachment":[{"href":"https:\/\/dicodusport.fr\/blog\/wp-json\/wp\/v2\/media?parent=132536"}],"wp:term":[{"taxonomy":"category","embeddable":true,"href":"https:\/\/dicodusport.fr\/blog\/wp-json\/wp\/v2\/categories?post=132536"},{"taxonomy":"post_tag","embeddable":true,"href":"https:\/\/dicodusport.fr\/blog\/wp-json\/wp\/v2\/tags?post=132536"}],"curies":[{"name":"wp","href":"https:\/\/api.w.org\/{rel}","templated":true}]}}