{"id":132549,"date":"2021-05-25T11:57:17","date_gmt":"2021-05-25T09:57:17","guid":{"rendered":"https:\/\/dicodusport.fr\/blog\/?p=132549&#038;preview=true&#038;preview_id=132549"},"modified":"2021-05-26T09:32:46","modified_gmt":"2021-05-26T07:32:46","slug":"tour-d-italie-2021-remco-evenepoel-stop-ou-encore","status":"publish","type":"post","link":"https:\/\/dicodusport.fr\/blog\/tour-d-italie-2021-remco-evenepoel-stop-ou-encore\/","title":{"rendered":"Tour d&rsquo;Italie 2021 : Remco Evenepoel, stop ou encore ?"},"content":{"rendered":"<p style=\"text-align: justify;\"><strong><em><a href=\"https:\/\/dicodusport.fr\/blog\/actualites\/cyclisme\/tour-d-italie-2021\/\">TOUR D&rsquo;ITALIE 2021<\/a> &#8211; Remco Evenepoel (Deceuninck &#8211; Quick-Step) a perdu 24 minutes sur l&rsquo;\u00e9tape de lundi. On se demande d\u00e9sormais si le prodige belge va terminer le Tour d&rsquo;Italie.<\/em><\/strong><\/p>\n<p style=\"text-align: justify;\">Apr\u00e8s une premi\u00e8re semaine tr\u00e8s r\u00e9ussie, <strong>Remco Evenepoel<\/strong> paye la note et accuse le coup depuis plusieurs jours. Un peu de temps perdu sur l&rsquo;\u00e9tape des Stade Bianche (2&rsquo;08 sur Bernal) puis sur le Zoncolan (1&rsquo;30) avant d&rsquo;exploser compl\u00e8tement lundi sur un profil pourtant amput\u00e9 de deux cols (24&rsquo;05). Sans jour de course avant de s&rsquo;\u00e9lancer sur le Giro, le Belge manque d&rsquo;entra\u00eenement et une question se pose pour cette deuxi\u00e8me journ\u00e9e de repos : sera-t-il au d\u00e9part mercredi, alors qu&rsquo;il pointe d\u00e9sormais \u00e0 plus de 28 minutes au <a href=\"https:\/\/dicodusport.fr\/blog\/tour-d-italie-2021-classement-general-maillot-rose\/\">classement g\u00e9n\u00e9ral<\/a> ?<\/p>\n<p style=\"text-align: justify;\">Au soir de la terrible mont\u00e9e du Zoncolan, <strong>Patrick Lefevere<\/strong> se montrait prudent dans les colonnes de <a href=\"https:\/\/www.lequipe.fr\/Cyclisme-sur-route\/Actualites\/Remco-evenepoel-sur-un-fil-pour-poursuivre-le-tour-d-italie\/1255046\"><em>L&rsquo;\u00c9quipe<\/em><\/a> :<\/p>\n<blockquote>\n<p style=\"text-align: justify;\">On doit voir si son organisme n&rsquo;a pas \u00e9t\u00e9 trop sollicit\u00e9. S&rsquo;il perd trop de temps, on le fera rentrer \u00e0 la maison, je ne pense pas que ce serait un service \u00e0 lui rendre de rester en course pour souffrir. Il a d\u00e9j\u00e0 suffisamment appris en deux semaines.<\/p>\n<\/blockquote>\n<p style=\"text-align: justify;\">Le sc\u00e9nario annonc\u00e9 par l&rsquo;homme fort de l&rsquo;\u00e9quipe belge est arriv\u00e9. Mais <strong>Remco Evenepoel<\/strong> ne semble pas lui dans l&rsquo;id\u00e9e d&rsquo;abandonner comme il l&rsquo;a confi\u00e9 \u00e0 l&rsquo;arriv\u00e9e de l&rsquo;\u00e9tape \u00e0 nos confr\u00e8res du Het Nieuwsblad :<\/p>\n<blockquote>\n<p style=\"text-align: justify;\">Je veux terminer le Tour d&rsquo;Italie. Je n&rsquo;ai jamais dit que je quitterais le Giro, que je n&rsquo;\u00e9tais pas s\u00fbr de le finir. Nous allons bien profiter de la journ\u00e9e de repos et ensuite faire au mieux la derni\u00e8re semaine.<\/p>\n<\/blockquote>\n<blockquote class=\"twitter-tweet\">\n<p dir=\"ltr\" lang=\"fr\">Evenepoel au Het Nieuwsblad sur son r\u00e9sultat: \u00ab\u00a0C&rsquo;est vous qui avez toujours r\u00eav\u00e9, nous savions que cela allait arriver. Ce n&rsquo;est pas une honte, je ne me suis entra\u00een\u00e9 que pendant 2 mois (&#8230;) Je veux terminer ce <a href=\"https:\/\/twitter.com\/hashtag\/Giro?src=hash&amp;ref_src=twsrc%5Etfw\">#Giro<\/a>. Je serai ravi d&rsquo;aider Almeida.\u00a0\u00bb<a href=\"https:\/\/t.co\/sDU10EWU7F\">https:\/\/t.co\/sDU10EWU7F<\/a><\/p>\n<p>\u2014 Le Gruppetto (@LeGruppetto) <a href=\"https:\/\/twitter.com\/LeGruppetto\/status\/1396853156701683716?ref_src=twsrc%5Etfw\">May 24, 2021<\/a><\/p><\/blockquote>\n<p><script async src=\"https:\/\/platform.twitter.com\/widgets.js\" charset=\"utf-8\"><\/script><\/p>\n<p style=\"text-align: justify;\"><strong>Evenepoel<\/strong> s&rsquo;est m\u00eame d\u00e9clar\u00e9 pr\u00eat \u00e0 se mettre au service de Joao Almeida. Patrick Lefevere arrivera-t-il \u00e0 ses fins ? R\u00e9ponse dans les prochaines heures.<\/p>\n","protected":false},"excerpt":{"rendered":"<p>TOUR D&rsquo;ITALIE 2021 &#8211; Remco Evenepoel (Deceuninck &#8211; Quick-Step) a perdu 24 minutes sur l&rsquo;\u00e9tape de lundi. On se demande d\u00e9sormais si le prodige belge va terminer le Tour d&rsquo;Italie.<\/p>\n","protected":false},"author":1,"featured_media":132566,"comment_status":"open","ping_status":"closed","sticky":false,"template":"","format":"standard","meta":{"_acf_changed":false,"_daextam_enable_autolinks":"","footnotes":""},"categories":[47041],"tags":[574,2830,8420],"class_list":["post-132549","post","type-post","status-publish","format-standard","has-post-thumbnail","hentry","category-tour-d-italie","tag-cyclisme","tag-giro","tag-remco-evenepoel"],"acf":[],"yoast_head":"<!-- This site is optimized with the Yoast SEO Premium plugin v26.7 (Yoast SEO v26.7) - https:\/\/yoast.com\/wordpress\/plugins\/seo\/ -->\n<title>Tour d&#039;Italie 2021 : Remco Evenepoel, stop ou encore ?<\/title>\n<meta name=\"description\" content=\"TOUR D&#039;ITALIE 2021 - Remco Evenepoel (Deceuninck - Quick-Step) a perdu 24 minutes sur l&#039;\u00e9tape de lundi. On se demande d\u00e9sormais si le prodige belge va terminer le Tour d&#039;Italie.\" \/>\n<meta name=\"robots\" content=\"index, follow, max-snippet:-1, max-image-preview:large, max-video-preview:-1\" \/>\n<link rel=\"canonical\" href=\"https:\/\/dicodusport.fr\/blog\/tour-d-italie-2021-remco-evenepoel-stop-ou-encore\/\" \/>\n<meta property=\"og:locale\" content=\"fr_FR\" \/>\n<meta property=\"og:type\" content=\"article\" \/>\n<meta property=\"og:title\" content=\"Tour d&#039;Italie 2021 : Remco Evenepoel, stop ou encore ?\" \/>\n<meta property=\"og:description\" content=\"TOUR D&#039;ITALIE 2021 - Remco Evenepoel (Deceuninck - Quick-Step) a perdu 24 minutes sur l&#039;\u00e9tape de lundi. On se demande d\u00e9sormais si le prodige belge va terminer le Tour d&#039;Italie.\" \/>\n<meta property=\"og:url\" content=\"https:\/\/dicodusport.fr\/blog\/tour-d-italie-2021-remco-evenepoel-stop-ou-encore\/\" \/>\n<meta property=\"og:site_name\" content=\"Dicodusport\" \/>\n<meta property=\"article:publisher\" content=\"https:\/\/www.facebook.com\/dicodusport\" \/>\n<meta property=\"article:author\" content=\"https:\/\/www.facebook.com\/dicodusport\" \/>\n<meta property=\"article:published_time\" content=\"2021-05-25T09:57:17+00:00\" \/>\n<meta property=\"article:modified_time\" content=\"2021-05-26T07:32:46+00:00\" \/>\n<meta property=\"og:image\" content=\"https:\/\/dicodusport.fr\/blog\/wp-content\/uploads\/2021\/05\/Tour-dItalie-2021-Remco-Evenepoel-stop-ou-encore.png\" \/>\n\t<meta property=\"og:image:width\" content=\"800\" \/>\n\t<meta property=\"og:image:height\" content=\"445\" \/>\n\t<meta property=\"og:image:type\" content=\"image\/png\" \/>\n<meta name=\"author\" content=\"Nicolas Jacquemard\" \/>\n<meta name=\"twitter:card\" content=\"summary_large_image\" \/>\n<meta name=\"twitter:title\" content=\"Tour d&#039;Italie 2021 : Remco Evenepoel, stop ou encore ?\" \/>\n<meta name=\"twitter:creator\" content=\"@https:\/\/twitter.com\/Nico_Jacquemard\" \/>\n<meta name=\"twitter:site\" content=\"@dicodusport\" \/>\n<script type=\"application\/ld+json\" class=\"yoast-schema-graph\">{\"@context\":\"https:\/\/schema.org\",\"@graph\":[{\"@type\":\"NewsArticle\",\"@id\":\"https:\/\/dicodusport.fr\/blog\/tour-d-italie-2021-remco-evenepoel-stop-ou-encore\/#article\",\"isPartOf\":{\"@id\":\"https:\/\/dicodusport.fr\/blog\/tour-d-italie-2021-remco-evenepoel-stop-ou-encore\/\"},\"author\":{\"name\":\"Nicolas Jacquemard\",\"@id\":\"https:\/\/dicodusport.fr\/blog\/#\/schema\/person\/55dcb50ad410894e431ed812bbb70191\"},\"headline\":\"Tour d&rsquo;Italie 2021 : Remco Evenepoel, stop ou encore ?\",\"datePublished\":\"2021-05-25T09:57:17+00:00\",\"dateModified\":\"2021-05-26T07:32:46+00:00\",\"mainEntityOfPage\":{\"@id\":\"https:\/\/dicodusport.fr\/blog\/tour-d-italie-2021-remco-evenepoel-stop-ou-encore\/\"},\"wordCount\":387,\"commentCount\":0,\"publisher\":{\"@id\":\"https:\/\/dicodusport.fr\/blog\/#organization\"},\"image\":{\"@id\":\"https:\/\/dicodusport.fr\/blog\/tour-d-italie-2021-remco-evenepoel-stop-ou-encore\/#primaryimage\"},\"thumbnailUrl\":\"https:\/\/dicodusport.fr\/blog\/wp-content\/uploads\/2021\/05\/Tour-dItalie-2021-Remco-Evenepoel-stop-ou-encore.png\",\"keywords\":[\"Cyclisme\",\"Giro\",\"Remco Evenepoel\"],\"articleSection\":[\"Tour d'Italie\"],\"inLanguage\":\"fr-FR\",\"potentialAction\":[{\"@type\":\"CommentAction\",\"name\":\"Comment\",\"target\":[\"https:\/\/dicodusport.fr\/blog\/tour-d-italie-2021-remco-evenepoel-stop-ou-encore\/#respond\"]}],\"copyrightYear\":\"2021\",\"copyrightHolder\":{\"@id\":\"https:\/\/dicodusport.fr\/blog\/#organization\"}},{\"@type\":\"WebPage\",\"@id\":\"https:\/\/dicodusport.fr\/blog\/tour-d-italie-2021-remco-evenepoel-stop-ou-encore\/\",\"url\":\"https:\/\/dicodusport.fr\/blog\/tour-d-italie-2021-remco-evenepoel-stop-ou-encore\/\",\"name\":\"Tour d'Italie 2021 : Remco Evenepoel, stop ou encore ?\",\"isPartOf\":{\"@id\":\"https:\/\/dicodusport.fr\/blog\/#website\"},\"primaryImageOfPage\":{\"@id\":\"https:\/\/dicodusport.fr\/blog\/tour-d-italie-2021-remco-evenepoel-stop-ou-encore\/#primaryimage\"},\"image\":{\"@id\":\"https:\/\/dicodusport.fr\/blog\/tour-d-italie-2021-remco-evenepoel-stop-ou-encore\/#primaryimage\"},\"thumbnailUrl\":\"https:\/\/dicodusport.fr\/blog\/wp-content\/uploads\/2021\/05\/Tour-dItalie-2021-Remco-Evenepoel-stop-ou-encore.png\",\"datePublished\":\"2021-05-25T09:57:17+00:00\",\"dateModified\":\"2021-05-26T07:32:46+00:00\",\"description\":\"TOUR D'ITALIE 2021 - Remco Evenepoel (Deceuninck - Quick-Step) a perdu 24 minutes sur l'\u00e9tape de lundi. On se demande d\u00e9sormais si le prodige belge va terminer le Tour d'Italie.\",\"breadcrumb\":{\"@id\":\"https:\/\/dicodusport.fr\/blog\/tour-d-italie-2021-remco-evenepoel-stop-ou-encore\/#breadcrumb\"},\"inLanguage\":\"fr-FR\",\"potentialAction\":[{\"@type\":\"ReadAction\",\"target\":[\"https:\/\/dicodusport.fr\/blog\/tour-d-italie-2021-remco-evenepoel-stop-ou-encore\/\"]}]},{\"@type\":\"ImageObject\",\"inLanguage\":\"fr-FR\",\"@id\":\"https:\/\/dicodusport.fr\/blog\/tour-d-italie-2021-remco-evenepoel-stop-ou-encore\/#primaryimage\",\"url\":\"https:\/\/dicodusport.fr\/blog\/wp-content\/uploads\/2021\/05\/Tour-dItalie-2021-Remco-Evenepoel-stop-ou-encore.png\",\"contentUrl\":\"https:\/\/dicodusport.fr\/blog\/wp-content\/uploads\/2021\/05\/Tour-dItalie-2021-Remco-Evenepoel-stop-ou-encore.png\",\"width\":800,\"height\":445,\"caption\":\"Tour d'Italie 2021 : Remco Evenepoel, stop ou encore ?\"},{\"@type\":\"BreadcrumbList\",\"@id\":\"https:\/\/dicodusport.fr\/blog\/tour-d-italie-2021-remco-evenepoel-stop-ou-encore\/#breadcrumb\",\"itemListElement\":[{\"@type\":\"ListItem\",\"position\":1,\"name\":\"Accueil\",\"item\":\"https:\/\/dicodusport.fr\/blog\/\"},{\"@type\":\"ListItem\",\"position\":2,\"name\":\"Tour d&rsquo;Italie 2021 : Remco Evenepoel, stop ou encore ?\"}]},{\"@type\":\"WebSite\",\"@id\":\"https:\/\/dicodusport.fr\/blog\/#website\",\"url\":\"https:\/\/dicodusport.fr\/blog\/\",\"name\":\"Dicodusport\",\"description\":\"L&#039;encyclop\u00e9die de l&#039;actualit\u00e9 sportive\",\"publisher\":{\"@id\":\"https:\/\/dicodusport.fr\/blog\/#organization\"},\"potentialAction\":[{\"@type\":\"SearchAction\",\"target\":{\"@type\":\"EntryPoint\",\"urlTemplate\":\"https:\/\/dicodusport.fr\/blog\/?s={search_term_string}\"},\"query-input\":{\"@type\":\"PropertyValueSpecification\",\"valueRequired\":true,\"valueName\":\"search_term_string\"}}],\"inLanguage\":\"fr-FR\"},{\"@type\":\"NewsMediaOrganization\",\"@id\":\"https:\/\/dicodusport.fr\/blog\/#organization\",\"name\":\"Dicodusport\",\"url\":\"https:\/\/dicodusport.fr\/blog\/\",\"logo\":{\"@type\":\"ImageObject\",\"inLanguage\":\"fr-FR\",\"@id\":\"https:\/\/dicodusport.fr\/blog\/#\/schema\/logo\/image\/\",\"url\":\"https:\/\/dicodusport.fr\/blog\/wp-content\/uploads\/2020\/06\/cropped-LOGO-DICODUSPORT-2020-SANS-FOND-SANS-TEXTE.png\",\"contentUrl\":\"https:\/\/dicodusport.fr\/blog\/wp-content\/uploads\/2020\/06\/cropped-LOGO-DICODUSPORT-2020-SANS-FOND-SANS-TEXTE.png\",\"width\":512,\"height\":512,\"caption\":\"Dicodusport\"},\"image\":{\"@id\":\"https:\/\/dicodusport.fr\/blog\/#\/schema\/logo\/image\/\"},\"sameAs\":[\"https:\/\/www.facebook.com\/dicodusport\",\"https:\/\/x.com\/dicodusport\",\"https:\/\/www.instagram.com\/dicodusport\/\",\"https:\/\/www.youtube.com\/channel\/UC7V2KZ5sd3htJivAbA4ZG3w\"],\"description\":\"Dicodusport est l'encyclop\u00e9die de l'actualit\u00e9 sportive.\",\"email\":\"bonjour@dicodusport.fr\",\"legalName\":\"DICODUSPORT\",\"foundingDate\":\"2018-01-14\",\"vatID\":\"FR71834470973\",\"taxID\":\"83447097300043\",\"numberOfEmployees\":{\"@type\":\"QuantitativeValue\",\"minValue\":\"1\",\"maxValue\":\"10\"}},{\"@type\":\"Person\",\"@id\":\"https:\/\/dicodusport.fr\/blog\/#\/schema\/person\/55dcb50ad410894e431ed812bbb70191\",\"name\":\"Nicolas Jacquemard\",\"image\":{\"@type\":\"ImageObject\",\"inLanguage\":\"fr-FR\",\"@id\":\"https:\/\/dicodusport.fr\/blog\/#\/schema\/person\/image\/\",\"url\":\"https:\/\/dicodusport.fr\/blog\/wp-content\/uploads\/2021\/05\/Nicolas-Jacquemard-150x150.jpeg\",\"contentUrl\":\"https:\/\/dicodusport.fr\/blog\/wp-content\/uploads\/2021\/05\/Nicolas-Jacquemard-150x150.jpeg\",\"caption\":\"Nicolas Jacquemard\"},\"description\":\"Passionn\u00e9 de sport et entrepreneur depuis mes 18 ans, la cr\u00e9ation de Dicodusport m'a sembl\u00e9 \u00e9vidente pour participer \u00e0 la m\u00e9diatisation d'un plus grand nombre de sports. Le chemin est long mais avec une \u00e9quipe des plus motiv\u00e9es et les Jeux Olympiques de Paris 2024 en point de mire, nous y arriverons ! Journaliste dans le monde du sport depuis plus de 5 ans, je traite aussi bien de football, de rugby, de biathlon que de cyclisme.\",\"sameAs\":[\"https:\/\/www.facebook.com\/dicodusport\",\"https:\/\/x.com\/https:\/\/twitter.com\/Nico_Jacquemard\"],\"url\":\"https:\/\/dicodusport.fr\/blog\/author\/dicodusport\/\"}]}<\/script>\n<!-- \/ Yoast SEO Premium plugin. -->","yoast_head_json":{"title":"Tour d'Italie 2021 : Remco Evenepoel, stop ou encore ?","description":"TOUR D'ITALIE 2021 - Remco Evenepoel (Deceuninck - Quick-Step) a perdu 24 minutes sur l'\u00e9tape de lundi. On se demande d\u00e9sormais si le prodige belge va terminer le Tour d'Italie.","robots":{"index":"index","follow":"follow","max-snippet":"max-snippet:-1","max-image-preview":"max-image-preview:large","max-video-preview":"max-video-preview:-1"},"canonical":"https:\/\/dicodusport.fr\/blog\/tour-d-italie-2021-remco-evenepoel-stop-ou-encore\/","og_locale":"fr_FR","og_type":"article","og_title":"Tour d'Italie 2021 : Remco Evenepoel, stop ou encore ?","og_description":"TOUR D'ITALIE 2021 - Remco Evenepoel (Deceuninck - Quick-Step) a perdu 24 minutes sur l'\u00e9tape de lundi. On se demande d\u00e9sormais si le prodige belge va terminer le Tour d'Italie.","og_url":"https:\/\/dicodusport.fr\/blog\/tour-d-italie-2021-remco-evenepoel-stop-ou-encore\/","og_site_name":"Dicodusport","article_publisher":"https:\/\/www.facebook.com\/dicodusport","article_author":"https:\/\/www.facebook.com\/dicodusport","article_published_time":"2021-05-25T09:57:17+00:00","article_modified_time":"2021-05-26T07:32:46+00:00","og_image":[{"width":800,"height":445,"url":"https:\/\/dicodusport.fr\/blog\/wp-content\/uploads\/2021\/05\/Tour-dItalie-2021-Remco-Evenepoel-stop-ou-encore.png","type":"image\/png"}],"author":"Nicolas Jacquemard","twitter_card":"summary_large_image","twitter_title":"Tour d'Italie 2021 : Remco Evenepoel, stop ou encore ?","twitter_creator":"@https:\/\/twitter.com\/Nico_Jacquemard","twitter_site":"@dicodusport","schema":{"@context":"https:\/\/schema.org","@graph":[{"@type":"NewsArticle","@id":"https:\/\/dicodusport.fr\/blog\/tour-d-italie-2021-remco-evenepoel-stop-ou-encore\/#article","isPartOf":{"@id":"https:\/\/dicodusport.fr\/blog\/tour-d-italie-2021-remco-evenepoel-stop-ou-encore\/"},"author":{"name":"Nicolas Jacquemard","@id":"https:\/\/dicodusport.fr\/blog\/#\/schema\/person\/55dcb50ad410894e431ed812bbb70191"},"headline":"Tour d&rsquo;Italie 2021 : Remco Evenepoel, stop ou encore ?","datePublished":"2021-05-25T09:57:17+00:00","dateModified":"2021-05-26T07:32:46+00:00","mainEntityOfPage":{"@id":"https:\/\/dicodusport.fr\/blog\/tour-d-italie-2021-remco-evenepoel-stop-ou-encore\/"},"wordCount":387,"commentCount":0,"publisher":{"@id":"https:\/\/dicodusport.fr\/blog\/#organization"},"image":{"@id":"https:\/\/dicodusport.fr\/blog\/tour-d-italie-2021-remco-evenepoel-stop-ou-encore\/#primaryimage"},"thumbnailUrl":"https:\/\/dicodusport.fr\/blog\/wp-content\/uploads\/2021\/05\/Tour-dItalie-2021-Remco-Evenepoel-stop-ou-encore.png","keywords":["Cyclisme","Giro","Remco Evenepoel"],"articleSection":["Tour d'Italie"],"inLanguage":"fr-FR","potentialAction":[{"@type":"CommentAction","name":"Comment","target":["https:\/\/dicodusport.fr\/blog\/tour-d-italie-2021-remco-evenepoel-stop-ou-encore\/#respond"]}],"copyrightYear":"2021","copyrightHolder":{"@id":"https:\/\/dicodusport.fr\/blog\/#organization"}},{"@type":"WebPage","@id":"https:\/\/dicodusport.fr\/blog\/tour-d-italie-2021-remco-evenepoel-stop-ou-encore\/","url":"https:\/\/dicodusport.fr\/blog\/tour-d-italie-2021-remco-evenepoel-stop-ou-encore\/","name":"Tour d'Italie 2021 : Remco Evenepoel, stop ou encore ?","isPartOf":{"@id":"https:\/\/dicodusport.fr\/blog\/#website"},"primaryImageOfPage":{"@id":"https:\/\/dicodusport.fr\/blog\/tour-d-italie-2021-remco-evenepoel-stop-ou-encore\/#primaryimage"},"image":{"@id":"https:\/\/dicodusport.fr\/blog\/tour-d-italie-2021-remco-evenepoel-stop-ou-encore\/#primaryimage"},"thumbnailUrl":"https:\/\/dicodusport.fr\/blog\/wp-content\/uploads\/2021\/05\/Tour-dItalie-2021-Remco-Evenepoel-stop-ou-encore.png","datePublished":"2021-05-25T09:57:17+00:00","dateModified":"2021-05-26T07:32:46+00:00","description":"TOUR D'ITALIE 2021 - Remco Evenepoel (Deceuninck - Quick-Step) a perdu 24 minutes sur l'\u00e9tape de lundi. On se demande d\u00e9sormais si le prodige belge va terminer le Tour d'Italie.","breadcrumb":{"@id":"https:\/\/dicodusport.fr\/blog\/tour-d-italie-2021-remco-evenepoel-stop-ou-encore\/#breadcrumb"},"inLanguage":"fr-FR","potentialAction":[{"@type":"ReadAction","target":["https:\/\/dicodusport.fr\/blog\/tour-d-italie-2021-remco-evenepoel-stop-ou-encore\/"]}]},{"@type":"ImageObject","inLanguage":"fr-FR","@id":"https:\/\/dicodusport.fr\/blog\/tour-d-italie-2021-remco-evenepoel-stop-ou-encore\/#primaryimage","url":"https:\/\/dicodusport.fr\/blog\/wp-content\/uploads\/2021\/05\/Tour-dItalie-2021-Remco-Evenepoel-stop-ou-encore.png","contentUrl":"https:\/\/dicodusport.fr\/blog\/wp-content\/uploads\/2021\/05\/Tour-dItalie-2021-Remco-Evenepoel-stop-ou-encore.png","width":800,"height":445,"caption":"Tour d'Italie 2021 : Remco Evenepoel, stop ou encore ?"},{"@type":"BreadcrumbList","@id":"https:\/\/dicodusport.fr\/blog\/tour-d-italie-2021-remco-evenepoel-stop-ou-encore\/#breadcrumb","itemListElement":[{"@type":"ListItem","position":1,"name":"Accueil","item":"https:\/\/dicodusport.fr\/blog\/"},{"@type":"ListItem","position":2,"name":"Tour d&rsquo;Italie 2021 : Remco Evenepoel, stop ou encore ?"}]},{"@type":"WebSite","@id":"https:\/\/dicodusport.fr\/blog\/#website","url":"https:\/\/dicodusport.fr\/blog\/","name":"Dicodusport","description":"L&#039;encyclop\u00e9die de l&#039;actualit\u00e9 sportive","publisher":{"@id":"https:\/\/dicodusport.fr\/blog\/#organization"},"potentialAction":[{"@type":"SearchAction","target":{"@type":"EntryPoint","urlTemplate":"https:\/\/dicodusport.fr\/blog\/?s={search_term_string}"},"query-input":{"@type":"PropertyValueSpecification","valueRequired":true,"valueName":"search_term_string"}}],"inLanguage":"fr-FR"},{"@type":"NewsMediaOrganization","@id":"https:\/\/dicodusport.fr\/blog\/#organization","name":"Dicodusport","url":"https:\/\/dicodusport.fr\/blog\/","logo":{"@type":"ImageObject","inLanguage":"fr-FR","@id":"https:\/\/dicodusport.fr\/blog\/#\/schema\/logo\/image\/","url":"https:\/\/dicodusport.fr\/blog\/wp-content\/uploads\/2020\/06\/cropped-LOGO-DICODUSPORT-2020-SANS-FOND-SANS-TEXTE.png","contentUrl":"https:\/\/dicodusport.fr\/blog\/wp-content\/uploads\/2020\/06\/cropped-LOGO-DICODUSPORT-2020-SANS-FOND-SANS-TEXTE.png","width":512,"height":512,"caption":"Dicodusport"},"image":{"@id":"https:\/\/dicodusport.fr\/blog\/#\/schema\/logo\/image\/"},"sameAs":["https:\/\/www.facebook.com\/dicodusport","https:\/\/x.com\/dicodusport","https:\/\/www.instagram.com\/dicodusport\/","https:\/\/www.youtube.com\/channel\/UC7V2KZ5sd3htJivAbA4ZG3w"],"description":"Dicodusport est l'encyclop\u00e9die de l'actualit\u00e9 sportive.","email":"bonjour@dicodusport.fr","legalName":"DICODUSPORT","foundingDate":"2018-01-14","vatID":"FR71834470973","taxID":"83447097300043","numberOfEmployees":{"@type":"QuantitativeValue","minValue":"1","maxValue":"10"}},{"@type":"Person","@id":"https:\/\/dicodusport.fr\/blog\/#\/schema\/person\/55dcb50ad410894e431ed812bbb70191","name":"Nicolas Jacquemard","image":{"@type":"ImageObject","inLanguage":"fr-FR","@id":"https:\/\/dicodusport.fr\/blog\/#\/schema\/person\/image\/","url":"https:\/\/dicodusport.fr\/blog\/wp-content\/uploads\/2021\/05\/Nicolas-Jacquemard-150x150.jpeg","contentUrl":"https:\/\/dicodusport.fr\/blog\/wp-content\/uploads\/2021\/05\/Nicolas-Jacquemard-150x150.jpeg","caption":"Nicolas Jacquemard"},"description":"Passionn\u00e9 de sport et entrepreneur depuis mes 18 ans, la cr\u00e9ation de Dicodusport m'a sembl\u00e9 \u00e9vidente pour participer \u00e0 la m\u00e9diatisation d'un plus grand nombre de sports. Le chemin est long mais avec une \u00e9quipe des plus motiv\u00e9es et les Jeux Olympiques de Paris 2024 en point de mire, nous y arriverons ! Journaliste dans le monde du sport depuis plus de 5 ans, je traite aussi bien de football, de rugby, de biathlon que de cyclisme.","sameAs":["https:\/\/www.facebook.com\/dicodusport","https:\/\/x.com\/https:\/\/twitter.com\/Nico_Jacquemard"],"url":"https:\/\/dicodusport.fr\/blog\/author\/dicodusport\/"}]}},"_links":{"self":[{"href":"https:\/\/dicodusport.fr\/blog\/wp-json\/wp\/v2\/posts\/132549","targetHints":{"allow":["GET"]}}],"collection":[{"href":"https:\/\/dicodusport.fr\/blog\/wp-json\/wp\/v2\/posts"}],"about":[{"href":"https:\/\/dicodusport.fr\/blog\/wp-json\/wp\/v2\/types\/post"}],"author":[{"embeddable":true,"href":"https:\/\/dicodusport.fr\/blog\/wp-json\/wp\/v2\/users\/1"}],"replies":[{"embeddable":true,"href":"https:\/\/dicodusport.fr\/blog\/wp-json\/wp\/v2\/comments?post=132549"}],"version-history":[{"count":0,"href":"https:\/\/dicodusport.fr\/blog\/wp-json\/wp\/v2\/posts\/132549\/revisions"}],"wp:featuredmedia":[{"embeddable":true,"href":"https:\/\/dicodusport.fr\/blog\/wp-json\/wp\/v2\/media\/132566"}],"wp:attachment":[{"href":"https:\/\/dicodusport.fr\/blog\/wp-json\/wp\/v2\/media?parent=132549"}],"wp:term":[{"taxonomy":"category","embeddable":true,"href":"https:\/\/dicodusport.fr\/blog\/wp-json\/wp\/v2\/categories?post=132549"},{"taxonomy":"post_tag","embeddable":true,"href":"https:\/\/dicodusport.fr\/blog\/wp-json\/wp\/v2\/tags?post=132549"}],"curies":[{"name":"wp","href":"https:\/\/api.w.org\/{rel}","templated":true}]}}