{"id":132701,"date":"2021-05-26T14:21:45","date_gmt":"2021-05-26T12:21:45","guid":{"rendered":"https:\/\/dicodusport.fr\/blog\/?p=132701&#038;preview=true&#038;preview_id=132701"},"modified":"2021-05-28T21:23:15","modified_gmt":"2021-05-28T19:23:15","slug":"euro-2020-la-liste-du-danemark","status":"publish","type":"post","link":"https:\/\/dicodusport.fr\/blog\/euro-2020-la-liste-du-danemark\/","title":{"rendered":"Euro 2020 : la liste du Danemark"},"content":{"rendered":"<p style=\"text-align: justify;\"><strong><a style=\"font-style: italic;\" href=\"https:\/\/dicodusport.fr\/blog\/actualites\/football\/euro-2020\/\">Euro 2020<\/a><i> &#8211; Le s\u00e9lectionneur de l&rsquo;\u00e9quipe du <a href=\"https:\/\/dicodusport.fr\/blog\/euro-2020-le-danemark-redorer-son-blason\/\">Danemark<\/a>, Kasper Hjulmand, a annonc\u00e9 la liste des 26 Danois retenus pour l&rsquo;Euro.<\/i><\/strong><\/p>\n<p style=\"text-align: justify;\">Le Danemark a mis sur pied une \u00e9quipe solide. Les stars <strong>Christian Eriksen<\/strong> (Inter Milan) et <strong>Andreas Christensen<\/strong> (Chelsea) ont \u00e9t\u00e9 appel\u00e9s. Tout comme la jeune p\u00e9pite <strong>Jonas Wind<\/strong> (FC Copenhague) qui a toutes les qualit\u00e9s pour \u00eatre l&rsquo;une des r\u00e9v\u00e9lations de cet Euro. Les Danois feront office de gros outsiders pour ce tournoi.<\/p>\n<h2 style=\"text-align: justify;\">La liste des 26 Danois<\/h2>\n<p style=\"text-align: justify;\"><strong>Gardiens :<\/strong><\/p>\n<p style=\"text-align: justify;\">Kasper Schmeichel (Leicester), Jonas L\u00f6ssl (Everton), Frederik Ronnow (Schalke 04)<\/p>\n<p style=\"text-align: justify;\"><strong>D\u00e9fenseurs :<\/strong><\/p>\n<p style=\"text-align: justify;\">Simon Kjaer (AC Milan), Andreas Christensen (Chelsea), Jannik Vestergaard (Southampton), Joachim Andersen (Fulham), Zanka (Copenhague), Daniel Wass (Valence), Jens Stryger Larsen (Udinese), Joakim Maehle (Atalanta), Nicolai Boilesen (Copenhague)<\/p>\n<p style=\"text-align: justify;\"><strong>Milieux :<\/strong><\/p>\n<p style=\"text-align: justify;\">Christian Eriksen (Inter Milan), Thomas Delaney (Borussia Dortmund), Pierre-Emile Hojbjerg (Tottenham), Mathias Jensen (Brentford), Anders Christiansen (Malm\u00f6) et Christian Norgaard (Brentford)<\/p>\n<p style=\"text-align: justify;\"><strong>Attaquants :<\/strong><\/p>\n<p style=\"text-align: justify;\">Kasper Dolberg (OGC Nice), Jonas Wind (Copenhague), Andreas Cornelius (Parme), Martin Braithwaite (FC Barcelone), Robert Skov (Hoffenheim), Mikkel Damsgaard (Sampdoria), Yussuf Poulsen (RB Leipzig), Andreas Skov Olsen (Bologne)<\/p>\n<blockquote class=\"twitter-tweet\">\n<p dir=\"ltr\" lang=\"da\">Her er vores trup til EM!<a href=\"https:\/\/twitter.com\/hashtag\/ForDanmark?src=hash&amp;ref_src=twsrc%5Etfw\">#ForDanmark<\/a> <a href=\"https:\/\/twitter.com\/hashtag\/EURO2020?src=hash&amp;ref_src=twsrc%5Etfw\">#EURO2020<\/a> <a href=\"https:\/\/t.co\/HJgzxRiJ7S\">pic.twitter.com\/HJgzxRiJ7S<\/a><\/p>\n<p>\u2014 DBU &#8211; En Del Af Noget St\u00f8rre (@DBUfodbold) <a href=\"https:\/\/twitter.com\/DBUfodbold\/status\/1397256036222898187?ref_src=twsrc%5Etfw\">May 25, 2021<\/a><\/p><\/blockquote>\n<p><script async src=\"https:\/\/platform.twitter.com\/widgets.js\" charset=\"utf-8\"><\/script><\/p>\n","protected":false},"excerpt":{"rendered":"<p>Euro 2020 &#8211; Le s\u00e9lectionneur de l&rsquo;\u00e9quipe du Danemark, Kasper Hjulmand, a annonc\u00e9 la liste des 26 Danois retenus pour l&rsquo;Euro.<\/p>\n","protected":false},"author":39,"featured_media":132805,"comment_status":"open","ping_status":"closed","sticky":false,"template":"","format":"standard","meta":{"_acf_changed":false,"_daextam_enable_autolinks":"","footnotes":""},"categories":[47044],"tags":[1346,75],"class_list":["post-132701","post","type-post","status-publish","format-standard","has-post-thumbnail","hentry","category-euro-de-football","tag-danemark","tag-football"],"acf":[],"yoast_head":"<!-- This site is optimized with the Yoast SEO Premium plugin v26.7 (Yoast SEO v26.7) - https:\/\/yoast.com\/wordpress\/plugins\/seo\/ -->\n<title>Euro 2020 : la liste du Danemark<\/title>\n<meta name=\"description\" content=\"Euro 2020 - Le s\u00e9lectionneur de l&#039;\u00e9quipe du Danemark, Kasper Hjulmand, a annonc\u00e9 la liste des 26 Danois retenus pour l&#039;Euro.\" \/>\n<meta name=\"robots\" content=\"index, follow, max-snippet:-1, max-image-preview:large, max-video-preview:-1\" \/>\n<link rel=\"canonical\" href=\"https:\/\/dicodusport.fr\/blog\/euro-2020-la-liste-du-danemark\/\" \/>\n<meta property=\"og:locale\" content=\"fr_FR\" \/>\n<meta property=\"og:type\" content=\"article\" \/>\n<meta property=\"og:title\" content=\"Euro 2020 : la liste du Danemark\" \/>\n<meta property=\"og:description\" content=\"Euro 2020 - Le s\u00e9lectionneur de l&#039;\u00e9quipe du Danemark, Kasper Hjulmand, a annonc\u00e9 la liste des 26 Danois retenus pour l&#039;Euro.\" \/>\n<meta property=\"og:url\" content=\"https:\/\/dicodusport.fr\/blog\/euro-2020-la-liste-du-danemark\/\" \/>\n<meta property=\"og:site_name\" content=\"Dicodusport\" \/>\n<meta property=\"article:publisher\" content=\"https:\/\/www.facebook.com\/dicodusport\" \/>\n<meta property=\"article:published_time\" content=\"2021-05-26T12:21:45+00:00\" \/>\n<meta property=\"article:modified_time\" content=\"2021-05-28T19:23:15+00:00\" \/>\n<meta property=\"og:image\" content=\"https:\/\/dicodusport.fr\/blog\/wp-content\/uploads\/2021\/05\/Euro-2020-La-liste-du-Danemark.png\" \/>\n\t<meta property=\"og:image:width\" content=\"800\" \/>\n\t<meta property=\"og:image:height\" content=\"445\" \/>\n\t<meta property=\"og:image:type\" content=\"image\/png\" \/>\n<meta name=\"author\" content=\"Idriss Ahamada\" \/>\n<meta name=\"twitter:card\" content=\"summary_large_image\" \/>\n<meta name=\"twitter:title\" content=\"Euro 2020 : la liste du Danemark\" \/>\n<meta name=\"twitter:creator\" content=\"@https:\/\/twitter.com\/idriss_ia7\" \/>\n<meta name=\"twitter:site\" content=\"@dicodusport\" \/>\n<script type=\"application\/ld+json\" class=\"yoast-schema-graph\">{\"@context\":\"https:\/\/schema.org\",\"@graph\":[{\"@type\":\"NewsArticle\",\"@id\":\"https:\/\/dicodusport.fr\/blog\/euro-2020-la-liste-du-danemark\/#article\",\"isPartOf\":{\"@id\":\"https:\/\/dicodusport.fr\/blog\/euro-2020-la-liste-du-danemark\/\"},\"author\":{\"name\":\"Idriss Ahamada\",\"@id\":\"https:\/\/dicodusport.fr\/blog\/#\/schema\/person\/f3797823174b5e2975b9efe0302f16f4\"},\"headline\":\"Euro 2020 : la liste du Danemark\",\"datePublished\":\"2021-05-26T12:21:45+00:00\",\"dateModified\":\"2021-05-28T19:23:15+00:00\",\"mainEntityOfPage\":{\"@id\":\"https:\/\/dicodusport.fr\/blog\/euro-2020-la-liste-du-danemark\/\"},\"wordCount\":206,\"commentCount\":0,\"publisher\":{\"@id\":\"https:\/\/dicodusport.fr\/blog\/#organization\"},\"image\":{\"@id\":\"https:\/\/dicodusport.fr\/blog\/euro-2020-la-liste-du-danemark\/#primaryimage\"},\"thumbnailUrl\":\"https:\/\/dicodusport.fr\/blog\/wp-content\/uploads\/2021\/05\/Euro-2020-La-liste-du-Danemark.png\",\"keywords\":[\"Danemark\",\"Football\"],\"articleSection\":[\"Euro de football\"],\"inLanguage\":\"fr-FR\",\"potentialAction\":[{\"@type\":\"CommentAction\",\"name\":\"Comment\",\"target\":[\"https:\/\/dicodusport.fr\/blog\/euro-2020-la-liste-du-danemark\/#respond\"]}],\"copyrightYear\":\"2021\",\"copyrightHolder\":{\"@id\":\"https:\/\/dicodusport.fr\/blog\/#organization\"}},{\"@type\":\"WebPage\",\"@id\":\"https:\/\/dicodusport.fr\/blog\/euro-2020-la-liste-du-danemark\/\",\"url\":\"https:\/\/dicodusport.fr\/blog\/euro-2020-la-liste-du-danemark\/\",\"name\":\"Euro 2020 : la liste du Danemark\",\"isPartOf\":{\"@id\":\"https:\/\/dicodusport.fr\/blog\/#website\"},\"primaryImageOfPage\":{\"@id\":\"https:\/\/dicodusport.fr\/blog\/euro-2020-la-liste-du-danemark\/#primaryimage\"},\"image\":{\"@id\":\"https:\/\/dicodusport.fr\/blog\/euro-2020-la-liste-du-danemark\/#primaryimage\"},\"thumbnailUrl\":\"https:\/\/dicodusport.fr\/blog\/wp-content\/uploads\/2021\/05\/Euro-2020-La-liste-du-Danemark.png\",\"datePublished\":\"2021-05-26T12:21:45+00:00\",\"dateModified\":\"2021-05-28T19:23:15+00:00\",\"description\":\"Euro 2020 - Le s\u00e9lectionneur de l'\u00e9quipe du Danemark, Kasper Hjulmand, a annonc\u00e9 la liste des 26 Danois retenus pour l'Euro.\",\"breadcrumb\":{\"@id\":\"https:\/\/dicodusport.fr\/blog\/euro-2020-la-liste-du-danemark\/#breadcrumb\"},\"inLanguage\":\"fr-FR\",\"potentialAction\":[{\"@type\":\"ReadAction\",\"target\":[\"https:\/\/dicodusport.fr\/blog\/euro-2020-la-liste-du-danemark\/\"]}]},{\"@type\":\"ImageObject\",\"inLanguage\":\"fr-FR\",\"@id\":\"https:\/\/dicodusport.fr\/blog\/euro-2020-la-liste-du-danemark\/#primaryimage\",\"url\":\"https:\/\/dicodusport.fr\/blog\/wp-content\/uploads\/2021\/05\/Euro-2020-La-liste-du-Danemark.png\",\"contentUrl\":\"https:\/\/dicodusport.fr\/blog\/wp-content\/uploads\/2021\/05\/Euro-2020-La-liste-du-Danemark.png\",\"width\":800,\"height\":445,\"caption\":\"Christian Eriksen - Photo Fodboldlandsholdene\"},{\"@type\":\"BreadcrumbList\",\"@id\":\"https:\/\/dicodusport.fr\/blog\/euro-2020-la-liste-du-danemark\/#breadcrumb\",\"itemListElement\":[{\"@type\":\"ListItem\",\"position\":1,\"name\":\"Accueil\",\"item\":\"https:\/\/dicodusport.fr\/blog\/\"},{\"@type\":\"ListItem\",\"position\":2,\"name\":\"Euro 2020 : la liste du Danemark\"}]},{\"@type\":\"WebSite\",\"@id\":\"https:\/\/dicodusport.fr\/blog\/#website\",\"url\":\"https:\/\/dicodusport.fr\/blog\/\",\"name\":\"Dicodusport\",\"description\":\"L&#039;encyclop\u00e9die de l&#039;actualit\u00e9 sportive\",\"publisher\":{\"@id\":\"https:\/\/dicodusport.fr\/blog\/#organization\"},\"potentialAction\":[{\"@type\":\"SearchAction\",\"target\":{\"@type\":\"EntryPoint\",\"urlTemplate\":\"https:\/\/dicodusport.fr\/blog\/?s={search_term_string}\"},\"query-input\":{\"@type\":\"PropertyValueSpecification\",\"valueRequired\":true,\"valueName\":\"search_term_string\"}}],\"inLanguage\":\"fr-FR\"},{\"@type\":\"NewsMediaOrganization\",\"@id\":\"https:\/\/dicodusport.fr\/blog\/#organization\",\"name\":\"Dicodusport\",\"url\":\"https:\/\/dicodusport.fr\/blog\/\",\"logo\":{\"@type\":\"ImageObject\",\"inLanguage\":\"fr-FR\",\"@id\":\"https:\/\/dicodusport.fr\/blog\/#\/schema\/logo\/image\/\",\"url\":\"https:\/\/dicodusport.fr\/blog\/wp-content\/uploads\/2020\/06\/cropped-LOGO-DICODUSPORT-2020-SANS-FOND-SANS-TEXTE.png\",\"contentUrl\":\"https:\/\/dicodusport.fr\/blog\/wp-content\/uploads\/2020\/06\/cropped-LOGO-DICODUSPORT-2020-SANS-FOND-SANS-TEXTE.png\",\"width\":512,\"height\":512,\"caption\":\"Dicodusport\"},\"image\":{\"@id\":\"https:\/\/dicodusport.fr\/blog\/#\/schema\/logo\/image\/\"},\"sameAs\":[\"https:\/\/www.facebook.com\/dicodusport\",\"https:\/\/x.com\/dicodusport\",\"https:\/\/www.instagram.com\/dicodusport\/\",\"https:\/\/www.youtube.com\/channel\/UC7V2KZ5sd3htJivAbA4ZG3w\"],\"description\":\"Dicodusport est l'encyclop\u00e9die de l'actualit\u00e9 sportive.\",\"email\":\"bonjour@dicodusport.fr\",\"legalName\":\"DICODUSPORT\",\"foundingDate\":\"2018-01-14\",\"vatID\":\"FR71834470973\",\"taxID\":\"83447097300043\",\"numberOfEmployees\":{\"@type\":\"QuantitativeValue\",\"minValue\":\"1\",\"maxValue\":\"10\"}},{\"@type\":\"Person\",\"@id\":\"https:\/\/dicodusport.fr\/blog\/#\/schema\/person\/f3797823174b5e2975b9efe0302f16f4\",\"name\":\"Idriss Ahamada\",\"image\":{\"@type\":\"ImageObject\",\"inLanguage\":\"fr-FR\",\"@id\":\"https:\/\/dicodusport.fr\/blog\/#\/schema\/person\/image\/\",\"url\":\"https:\/\/dicodusport.fr\/blog\/wp-content\/uploads\/2021\/04\/Maillot-Idriss-Dicodusport-150x150.png\",\"contentUrl\":\"https:\/\/dicodusport.fr\/blog\/wp-content\/uploads\/2021\/04\/Maillot-Idriss-Dicodusport-150x150.png\",\"caption\":\"Idriss Ahamada\"},\"description\":\"Passionn\u00e9 de sport depuis toujours, c\u2019est tout naturellement qu\u2019apr\u00e8s avoir compris que je n\u2019avais pas le niveau pour jouer \u00e0 Manchester United, et pas la force n\u00e9cessaire pour combattre \u00e0 l\u2019UFC que je me suis tourn\u00e9 vers le journalisme pour raconter les exploits et les histoires de ceux qui en sont capables. Le football, surtout quand il est jou\u00e9 en Angleterre, reste mon premier amour. Mais j\u2019aime aussi veiller la nuit pour vous parler de KO et de victoires unanimes \u00e0 l\u2019UFC ou sur les rings de boxe. Mon c\u00f4t\u00e9 fan de Wayne Rooney m\u2019a \u00e9galement pouss\u00e9 \u00e0 devenir polyvalent et \u00e0 parler aussi de rugby (\u00e0 XIII comme \u00e0 XV) et occasionnellement de cyclisme. C\u2019est donc logiquement que j\u2019ai rejoint Dicodusport, pour pouvoir parler de l\u2019actualit\u00e9, sur tous les terrains.\",\"sameAs\":[\"https:\/\/x.com\/https:\/\/twitter.com\/idriss_ia7\"],\"url\":\"https:\/\/dicodusport.fr\/blog\/author\/idriss\/\"}]}<\/script>\n<!-- \/ Yoast SEO Premium plugin. -->","yoast_head_json":{"title":"Euro 2020 : la liste du Danemark","description":"Euro 2020 - Le s\u00e9lectionneur de l'\u00e9quipe du Danemark, Kasper Hjulmand, a annonc\u00e9 la liste des 26 Danois retenus pour l'Euro.","robots":{"index":"index","follow":"follow","max-snippet":"max-snippet:-1","max-image-preview":"max-image-preview:large","max-video-preview":"max-video-preview:-1"},"canonical":"https:\/\/dicodusport.fr\/blog\/euro-2020-la-liste-du-danemark\/","og_locale":"fr_FR","og_type":"article","og_title":"Euro 2020 : la liste du Danemark","og_description":"Euro 2020 - Le s\u00e9lectionneur de l'\u00e9quipe du Danemark, Kasper Hjulmand, a annonc\u00e9 la liste des 26 Danois retenus pour l'Euro.","og_url":"https:\/\/dicodusport.fr\/blog\/euro-2020-la-liste-du-danemark\/","og_site_name":"Dicodusport","article_publisher":"https:\/\/www.facebook.com\/dicodusport","article_published_time":"2021-05-26T12:21:45+00:00","article_modified_time":"2021-05-28T19:23:15+00:00","og_image":[{"width":800,"height":445,"url":"https:\/\/dicodusport.fr\/blog\/wp-content\/uploads\/2021\/05\/Euro-2020-La-liste-du-Danemark.png","type":"image\/png"}],"author":"Idriss Ahamada","twitter_card":"summary_large_image","twitter_title":"Euro 2020 : la liste du Danemark","twitter_creator":"@https:\/\/twitter.com\/idriss_ia7","twitter_site":"@dicodusport","schema":{"@context":"https:\/\/schema.org","@graph":[{"@type":"NewsArticle","@id":"https:\/\/dicodusport.fr\/blog\/euro-2020-la-liste-du-danemark\/#article","isPartOf":{"@id":"https:\/\/dicodusport.fr\/blog\/euro-2020-la-liste-du-danemark\/"},"author":{"name":"Idriss Ahamada","@id":"https:\/\/dicodusport.fr\/blog\/#\/schema\/person\/f3797823174b5e2975b9efe0302f16f4"},"headline":"Euro 2020 : la liste du Danemark","datePublished":"2021-05-26T12:21:45+00:00","dateModified":"2021-05-28T19:23:15+00:00","mainEntityOfPage":{"@id":"https:\/\/dicodusport.fr\/blog\/euro-2020-la-liste-du-danemark\/"},"wordCount":206,"commentCount":0,"publisher":{"@id":"https:\/\/dicodusport.fr\/blog\/#organization"},"image":{"@id":"https:\/\/dicodusport.fr\/blog\/euro-2020-la-liste-du-danemark\/#primaryimage"},"thumbnailUrl":"https:\/\/dicodusport.fr\/blog\/wp-content\/uploads\/2021\/05\/Euro-2020-La-liste-du-Danemark.png","keywords":["Danemark","Football"],"articleSection":["Euro de football"],"inLanguage":"fr-FR","potentialAction":[{"@type":"CommentAction","name":"Comment","target":["https:\/\/dicodusport.fr\/blog\/euro-2020-la-liste-du-danemark\/#respond"]}],"copyrightYear":"2021","copyrightHolder":{"@id":"https:\/\/dicodusport.fr\/blog\/#organization"}},{"@type":"WebPage","@id":"https:\/\/dicodusport.fr\/blog\/euro-2020-la-liste-du-danemark\/","url":"https:\/\/dicodusport.fr\/blog\/euro-2020-la-liste-du-danemark\/","name":"Euro 2020 : la liste du Danemark","isPartOf":{"@id":"https:\/\/dicodusport.fr\/blog\/#website"},"primaryImageOfPage":{"@id":"https:\/\/dicodusport.fr\/blog\/euro-2020-la-liste-du-danemark\/#primaryimage"},"image":{"@id":"https:\/\/dicodusport.fr\/blog\/euro-2020-la-liste-du-danemark\/#primaryimage"},"thumbnailUrl":"https:\/\/dicodusport.fr\/blog\/wp-content\/uploads\/2021\/05\/Euro-2020-La-liste-du-Danemark.png","datePublished":"2021-05-26T12:21:45+00:00","dateModified":"2021-05-28T19:23:15+00:00","description":"Euro 2020 - Le s\u00e9lectionneur de l'\u00e9quipe du Danemark, Kasper Hjulmand, a annonc\u00e9 la liste des 26 Danois retenus pour l'Euro.","breadcrumb":{"@id":"https:\/\/dicodusport.fr\/blog\/euro-2020-la-liste-du-danemark\/#breadcrumb"},"inLanguage":"fr-FR","potentialAction":[{"@type":"ReadAction","target":["https:\/\/dicodusport.fr\/blog\/euro-2020-la-liste-du-danemark\/"]}]},{"@type":"ImageObject","inLanguage":"fr-FR","@id":"https:\/\/dicodusport.fr\/blog\/euro-2020-la-liste-du-danemark\/#primaryimage","url":"https:\/\/dicodusport.fr\/blog\/wp-content\/uploads\/2021\/05\/Euro-2020-La-liste-du-Danemark.png","contentUrl":"https:\/\/dicodusport.fr\/blog\/wp-content\/uploads\/2021\/05\/Euro-2020-La-liste-du-Danemark.png","width":800,"height":445,"caption":"Christian Eriksen - Photo Fodboldlandsholdene"},{"@type":"BreadcrumbList","@id":"https:\/\/dicodusport.fr\/blog\/euro-2020-la-liste-du-danemark\/#breadcrumb","itemListElement":[{"@type":"ListItem","position":1,"name":"Accueil","item":"https:\/\/dicodusport.fr\/blog\/"},{"@type":"ListItem","position":2,"name":"Euro 2020 : la liste du Danemark"}]},{"@type":"WebSite","@id":"https:\/\/dicodusport.fr\/blog\/#website","url":"https:\/\/dicodusport.fr\/blog\/","name":"Dicodusport","description":"L&#039;encyclop\u00e9die de l&#039;actualit\u00e9 sportive","publisher":{"@id":"https:\/\/dicodusport.fr\/blog\/#organization"},"potentialAction":[{"@type":"SearchAction","target":{"@type":"EntryPoint","urlTemplate":"https:\/\/dicodusport.fr\/blog\/?s={search_term_string}"},"query-input":{"@type":"PropertyValueSpecification","valueRequired":true,"valueName":"search_term_string"}}],"inLanguage":"fr-FR"},{"@type":"NewsMediaOrganization","@id":"https:\/\/dicodusport.fr\/blog\/#organization","name":"Dicodusport","url":"https:\/\/dicodusport.fr\/blog\/","logo":{"@type":"ImageObject","inLanguage":"fr-FR","@id":"https:\/\/dicodusport.fr\/blog\/#\/schema\/logo\/image\/","url":"https:\/\/dicodusport.fr\/blog\/wp-content\/uploads\/2020\/06\/cropped-LOGO-DICODUSPORT-2020-SANS-FOND-SANS-TEXTE.png","contentUrl":"https:\/\/dicodusport.fr\/blog\/wp-content\/uploads\/2020\/06\/cropped-LOGO-DICODUSPORT-2020-SANS-FOND-SANS-TEXTE.png","width":512,"height":512,"caption":"Dicodusport"},"image":{"@id":"https:\/\/dicodusport.fr\/blog\/#\/schema\/logo\/image\/"},"sameAs":["https:\/\/www.facebook.com\/dicodusport","https:\/\/x.com\/dicodusport","https:\/\/www.instagram.com\/dicodusport\/","https:\/\/www.youtube.com\/channel\/UC7V2KZ5sd3htJivAbA4ZG3w"],"description":"Dicodusport est l'encyclop\u00e9die de l'actualit\u00e9 sportive.","email":"bonjour@dicodusport.fr","legalName":"DICODUSPORT","foundingDate":"2018-01-14","vatID":"FR71834470973","taxID":"83447097300043","numberOfEmployees":{"@type":"QuantitativeValue","minValue":"1","maxValue":"10"}},{"@type":"Person","@id":"https:\/\/dicodusport.fr\/blog\/#\/schema\/person\/f3797823174b5e2975b9efe0302f16f4","name":"Idriss Ahamada","image":{"@type":"ImageObject","inLanguage":"fr-FR","@id":"https:\/\/dicodusport.fr\/blog\/#\/schema\/person\/image\/","url":"https:\/\/dicodusport.fr\/blog\/wp-content\/uploads\/2021\/04\/Maillot-Idriss-Dicodusport-150x150.png","contentUrl":"https:\/\/dicodusport.fr\/blog\/wp-content\/uploads\/2021\/04\/Maillot-Idriss-Dicodusport-150x150.png","caption":"Idriss Ahamada"},"description":"Passionn\u00e9 de sport depuis toujours, c\u2019est tout naturellement qu\u2019apr\u00e8s avoir compris que je n\u2019avais pas le niveau pour jouer \u00e0 Manchester United, et pas la force n\u00e9cessaire pour combattre \u00e0 l\u2019UFC que je me suis tourn\u00e9 vers le journalisme pour raconter les exploits et les histoires de ceux qui en sont capables. Le football, surtout quand il est jou\u00e9 en Angleterre, reste mon premier amour. Mais j\u2019aime aussi veiller la nuit pour vous parler de KO et de victoires unanimes \u00e0 l\u2019UFC ou sur les rings de boxe. Mon c\u00f4t\u00e9 fan de Wayne Rooney m\u2019a \u00e9galement pouss\u00e9 \u00e0 devenir polyvalent et \u00e0 parler aussi de rugby (\u00e0 XIII comme \u00e0 XV) et occasionnellement de cyclisme. C\u2019est donc logiquement que j\u2019ai rejoint Dicodusport, pour pouvoir parler de l\u2019actualit\u00e9, sur tous les terrains.","sameAs":["https:\/\/x.com\/https:\/\/twitter.com\/idriss_ia7"],"url":"https:\/\/dicodusport.fr\/blog\/author\/idriss\/"}]}},"_links":{"self":[{"href":"https:\/\/dicodusport.fr\/blog\/wp-json\/wp\/v2\/posts\/132701","targetHints":{"allow":["GET"]}}],"collection":[{"href":"https:\/\/dicodusport.fr\/blog\/wp-json\/wp\/v2\/posts"}],"about":[{"href":"https:\/\/dicodusport.fr\/blog\/wp-json\/wp\/v2\/types\/post"}],"author":[{"embeddable":true,"href":"https:\/\/dicodusport.fr\/blog\/wp-json\/wp\/v2\/users\/39"}],"replies":[{"embeddable":true,"href":"https:\/\/dicodusport.fr\/blog\/wp-json\/wp\/v2\/comments?post=132701"}],"version-history":[{"count":0,"href":"https:\/\/dicodusport.fr\/blog\/wp-json\/wp\/v2\/posts\/132701\/revisions"}],"wp:featuredmedia":[{"embeddable":true,"href":"https:\/\/dicodusport.fr\/blog\/wp-json\/wp\/v2\/media\/132805"}],"wp:attachment":[{"href":"https:\/\/dicodusport.fr\/blog\/wp-json\/wp\/v2\/media?parent=132701"}],"wp:term":[{"taxonomy":"category","embeddable":true,"href":"https:\/\/dicodusport.fr\/blog\/wp-json\/wp\/v2\/categories?post=132701"},{"taxonomy":"post_tag","embeddable":true,"href":"https:\/\/dicodusport.fr\/blog\/wp-json\/wp\/v2\/tags?post=132701"}],"curies":[{"name":"wp","href":"https:\/\/api.w.org\/{rel}","templated":true}]}}