{"id":132720,"date":"2021-05-28T11:55:18","date_gmt":"2021-05-28T09:55:18","guid":{"rendered":"https:\/\/dicodusport.fr\/blog\/?p=132720"},"modified":"2021-06-09T21:33:43","modified_gmt":"2021-06-09T19:33:43","slug":"euro-2020-le-danemark-redorer-son-blason","status":"publish","type":"post","link":"https:\/\/dicodusport.fr\/blog\/euro-2020-le-danemark-redorer-son-blason\/","title":{"rendered":"Euro 2020 : le Danemark doit redorer son blason"},"content":{"rendered":"<p style=\"text-align: justify;\"><em><strong><a href=\"https:\/\/dicodusport.fr\/blog\/actualites\/football\/euro-2020\/\">Euro 2020<\/a> &#8211;<\/strong> <strong>La r\u00e9daction de Dicodusport vous propose en pr\u00e9paration de l&rsquo;Euro 2020 une pr\u00e9sentation de chaque s\u00e9lection engag\u00e9e. Apr\u00e8s les quatre premi\u00e8res nations, place \u00e0 un Danemark revanchard.\u00a0<\/strong><\/em><\/p>\n<h2 style=\"text-align: justify;\"><strong>Une histoire du Danemark\u00a0<\/strong><\/h2>\n<p style=\"text-align: justify;\">Absent des Euro 2016 et 2008, \u00e9limin\u00e9 au premier tour en 2012, <strong>le Danemark veut faire son grand retour sur la sc\u00e8ne europ\u00e9enne<\/strong>. Et c&rsquo;est sur cette m\u00eame sc\u00e8ne que les Danois ont sign\u00e9 le plus bel exploit de leur histoire, sur un coup du destin incroyable.<\/p>\n<p style=\"text-align: justify;\">C&rsquo;est avec une \u00e9quipe alliant exp\u00e9rience et jeunesse que <strong>Kasper Hjulmand<\/strong> esp\u00e8re marcher sur les pas de ses a\u00een\u00e9s. En 1992, les Rouge et Blanc ne sont pas qualifi\u00e9s pour la comp\u00e9tition, terminant deuxi\u00e8mes de leur groupe. Mais l&rsquo;exclusion de la Yougoslavie pour des raisons politiques va entra\u00eener le rep\u00eachage de la s\u00e9lection nordique. En poules, le Danemark termine second devant l&rsquo;Angleterre et la France, pourtant favorites pour le titre. Le format de l&rsquo;\u00e9poque ne comportant que deux phases, les co\u00e9quipiers de <strong>Laudrup<\/strong> s&rsquo;offraient une demi-finale face aux Pays-Bas, remport\u00e9e 3-2 apr\u00e8s tirs au but.<\/p>\n<p style=\"text-align: justify;\">En finale, face aux champions du monde en titre allemands, les Danois jouent sans complexe et font tomber la Mannschaft (2-0) ultra favorite, pour signer <strong>l&rsquo;une des plus belles pages de l&rsquo;histoire du foot<\/strong>.<\/p>\n<h2 style=\"text-align: justify;\"><strong>Le parcours en qualifications du Danemark<\/strong><\/h2>\n<p style=\"text-align: justify;\">En qualifications, le <strong>Danemark<\/strong> avait h\u00e9rit\u00e9 d&rsquo;un groupe \u00e0 sa port\u00e9e, avec la Suisse, l&rsquo;Irlande, la G\u00e9orgie et Gibraltar. Les Danois ont tenu leur rang en s&#8217;emparant de la deuxi\u00e8me place &#8211; un point derri\u00e8re les Helv\u00e8tes &#8211; en restant invaincus en huit rencontres (quatre nuls, quatre victoires). Si les Rouge et Bleu ont pass\u00e9 12 buts en deux matchs \u00e0 Gibraltar, ils pourront se mordre les doigts de leur match nul (0-0) sur la pelouse de la G\u00e9orgie qui leur co\u00fbte la place de leader.<\/p>\n<p style=\"text-align: justify;\">Emmen\u00e9s par un <strong>Christian Eriksen<\/strong> de gala avec 5 buts et quatre passes, les Danois ont assur\u00e9 l&rsquo;essentiel, et n&rsquo;auront jamais trembl\u00e9 pour se qualifier \u00e0 l&rsquo;Euro.<\/p>\n<h2 style=\"text-align: justify;\"><strong>Les joueurs \u00e0 suivre\u00a0<\/strong><\/h2>\n<p style=\"text-align: justify;\">Toute grande \u00e9quipe poss\u00e8de un grand gardien. En 1992, le Danemark avait <strong>Scheimchel<\/strong> p\u00e8re. 29 ans plus tard, c&rsquo;est <strong>Scheimchel<\/strong> fils qui gardera les buts danois. Le champion d&rsquo;Angleterre 2016 avec Leicester est une valeur s\u00fbre de l&rsquo;effectif des Foxes et jouera pleinement son r\u00f4le de leader, du haut de ses 34 ans.<\/p>\n<p style=\"text-align: justify;\">Devant, <strong>Eriksen<\/strong> et<strong> Braithwaite<\/strong> seront les plus attendus. Mais attention \u00e0 la p\u00e9pite <strong>Jonas Wind<\/strong>. Le jeune buteur du FC Copenhague pourrait bien crever l&rsquo;\u00e9cran cet \u00e9t\u00e9. \u00c0 22 ans, il a inscrit 26 buts en 69 rencontres pour le club de la capitale danoise, dont 2 en 3 matchs d&rsquo;Europa League cette saison.<\/p>\n<div id=\"attachment_132805\" style=\"width: 810px\" class=\"wp-caption aligncenter\"><a href=\"https:\/\/dicodusport.fr\/blog\/wp-content\/uploads\/2021\/05\/Euro-2020-La-liste-du-Danemark.png\"><img loading=\"lazy\" decoding=\"async\" aria-describedby=\"caption-attachment-132805\" class=\"size-full wp-image-132805\" src=\"https:\/\/dicodusport.fr\/blog\/wp-content\/uploads\/2021\/05\/Euro-2020-La-liste-du-Danemark.png\" alt=\"Euro 2020 - La liste du Danemark\" width=\"800\" height=\"445\" srcset=\"https:\/\/dicodusport.fr\/blog\/wp-content\/uploads\/2021\/05\/Euro-2020-La-liste-du-Danemark.png 800w, https:\/\/dicodusport.fr\/blog\/wp-content\/uploads\/2021\/05\/Euro-2020-La-liste-du-Danemark-300x167.png 300w, https:\/\/dicodusport.fr\/blog\/wp-content\/uploads\/2021\/05\/Euro-2020-La-liste-du-Danemark-768x427.png 768w\" sizes=\"auto, (max-width: 800px) 100vw, 800px\" \/><\/a><p id=\"caption-attachment-132805\" class=\"wp-caption-text\">Christian Eriksen &#8211; Photo Fodboldlandsholdene<\/p><\/div>\n<hr \/>\n<ul>\n<li style=\"text-align: justify;\"><span style=\"font-size: 20px;\"><strong>\u00c0 lire aussi \u2013 <a href=\"https:\/\/dicodusport.fr\/blog\/euro-2020-la-liste-du-danemark\/\">La liste du Danemark<\/a><\/strong><\/span><\/li>\n<\/ul>\n<hr \/>\n<h2 style=\"text-align: justify;\"><strong>Le pronostic de la r\u00e9daction\u00a0<\/strong><\/h2>\n<p style=\"text-align: justify;\">Lors du tirage au sort, les Danois ont h\u00e9rit\u00e9 de la <strong>Belgique<\/strong>, la <strong>Finlande<\/strong> et la <strong>Russie<\/strong>. Si la premi\u00e8re place semble promise aux Diables Rouges au sein du <a href=\"https:\/\/dicodusport.fr\/blog\/euro-2020-groupe-b-calendrier-et-classement\/\">groupe B<\/a>, le Danemark a clairement une carte \u00e0 jouer pour la place de second. Il faudra \u00eatre s\u00e9rieux et appliqu\u00e9 mais le Danemark n&rsquo;a rien \u00e0 envier \u00e0 ces s\u00e9lections. On mise sur une qualification du Danemark en huiti\u00e8mes mais l&rsquo;aventure devrait rapidement s&rsquo;arr\u00eater par la suite.<\/p>\n<h2 style=\"text-align: justify;\"><strong>Le calendrier du Danemark \u00e0 l\u2019Euro<\/strong><\/h2>\n<p style=\"text-align: justify;\"><strong>Samedi 12 juin (18h, beIN SPORTS) :<\/strong> Danemark &#8211; Finlande<br \/>\n<strong>Jeudi 17 juin (18h, beIN SPORTS) :<\/strong> Danemark &#8211; Belgique<br \/>\n<strong>Lundi 21 juin (21h, beIN SPORTS) :<\/strong> Russie &#8211; Danemark<\/p>\n","protected":false},"excerpt":{"rendered":"<p>Euro 2020 &#8211; La r\u00e9daction de Dicodusport vous propose en pr\u00e9paration de l&rsquo;Euro 2020 une pr\u00e9sentation de chaque s\u00e9lection engag\u00e9e. Apr\u00e8s les quatre premi\u00e8res nations, place \u00e0 un Danemark revanchard.\u00a0<\/p>\n","protected":false},"author":51,"featured_media":133418,"comment_status":"open","ping_status":"closed","sticky":false,"template":"","format":"standard","meta":{"_acf_changed":false,"_daextam_enable_autolinks":"","footnotes":""},"categories":[47044],"tags":[1346,75],"class_list":["post-132720","post","type-post","status-publish","format-standard","has-post-thumbnail","hentry","category-euro-de-football","tag-danemark","tag-football"],"acf":[],"yoast_head":"<!-- This site is optimized with the Yoast SEO Premium plugin v26.7 (Yoast SEO v26.7) - https:\/\/yoast.com\/wordpress\/plugins\/seo\/ -->\n<title>Euro 2020 : le Danemark doit redorer son blason - Dicodusport<\/title>\n<meta name=\"description\" content=\"La r\u00e9daction de Dicodusport vous propose en pr\u00e9paration de l&#039;Euro 2020 une pr\u00e9sentation de chaque s\u00e9lection. Cap sur le Danemark.\" \/>\n<meta name=\"robots\" content=\"index, follow, max-snippet:-1, max-image-preview:large, max-video-preview:-1\" \/>\n<link rel=\"canonical\" href=\"https:\/\/dicodusport.fr\/blog\/euro-2020-le-danemark-redorer-son-blason\/\" \/>\n<meta property=\"og:locale\" content=\"fr_FR\" \/>\n<meta property=\"og:type\" content=\"article\" \/>\n<meta property=\"og:title\" content=\"Euro 2020 : le Danemark doit redorer son blason\" \/>\n<meta property=\"og:description\" content=\"La r\u00e9daction de Dicodusport vous propose en pr\u00e9paration de l&#039;Euro 2020 une pr\u00e9sentation de chaque s\u00e9lection. Cap sur le Danemark.\" \/>\n<meta property=\"og:url\" content=\"https:\/\/dicodusport.fr\/blog\/euro-2020-le-danemark-redorer-son-blason\/\" \/>\n<meta property=\"og:site_name\" content=\"Dicodusport\" \/>\n<meta property=\"article:publisher\" content=\"https:\/\/www.facebook.com\/dicodusport\" \/>\n<meta property=\"article:published_time\" content=\"2021-05-28T09:55:18+00:00\" \/>\n<meta property=\"article:modified_time\" content=\"2021-06-09T19:33:43+00:00\" \/>\n<meta property=\"og:image\" content=\"https:\/\/dicodusport.fr\/blog\/wp-content\/uploads\/2021\/05\/Euro-2020-Le-Danemark-doit-redorer-son-blason.png\" \/>\n\t<meta property=\"og:image:width\" content=\"800\" \/>\n\t<meta property=\"og:image:height\" content=\"445\" \/>\n\t<meta property=\"og:image:type\" content=\"image\/png\" \/>\n<meta name=\"author\" content=\"Antonin Gizolme\" \/>\n<meta name=\"twitter:card\" content=\"summary_large_image\" \/>\n<meta name=\"twitter:title\" content=\"Euro 2020 : le Danemark doit redorer son blason\" \/>\n<meta name=\"twitter:creator\" content=\"@https:\/\/twitter.com\/AntoninGizolme\" \/>\n<meta name=\"twitter:site\" content=\"@dicodusport\" \/>\n<script type=\"application\/ld+json\" class=\"yoast-schema-graph\">{\"@context\":\"https:\/\/schema.org\",\"@graph\":[{\"@type\":\"NewsArticle\",\"@id\":\"https:\/\/dicodusport.fr\/blog\/euro-2020-le-danemark-redorer-son-blason\/#article\",\"isPartOf\":{\"@id\":\"https:\/\/dicodusport.fr\/blog\/euro-2020-le-danemark-redorer-son-blason\/\"},\"author\":{\"name\":\"Antonin Gizolme\",\"@id\":\"https:\/\/dicodusport.fr\/blog\/#\/schema\/person\/b5f72959ae80a547dcc15f019adf6e0c\"},\"headline\":\"Euro 2020 : le Danemark doit redorer son blason\",\"datePublished\":\"2021-05-28T09:55:18+00:00\",\"dateModified\":\"2021-06-09T19:33:43+00:00\",\"mainEntityOfPage\":{\"@id\":\"https:\/\/dicodusport.fr\/blog\/euro-2020-le-danemark-redorer-son-blason\/\"},\"wordCount\":618,\"commentCount\":0,\"publisher\":{\"@id\":\"https:\/\/dicodusport.fr\/blog\/#organization\"},\"image\":{\"@id\":\"https:\/\/dicodusport.fr\/blog\/euro-2020-le-danemark-redorer-son-blason\/#primaryimage\"},\"thumbnailUrl\":\"https:\/\/dicodusport.fr\/blog\/wp-content\/uploads\/2021\/05\/Euro-2020-Le-Danemark-doit-redorer-son-blason.png\",\"keywords\":[\"Danemark\",\"Football\"],\"articleSection\":[\"Euro de football\"],\"inLanguage\":\"fr-FR\",\"potentialAction\":[{\"@type\":\"CommentAction\",\"name\":\"Comment\",\"target\":[\"https:\/\/dicodusport.fr\/blog\/euro-2020-le-danemark-redorer-son-blason\/#respond\"]}],\"copyrightYear\":\"2021\",\"copyrightHolder\":{\"@id\":\"https:\/\/dicodusport.fr\/blog\/#organization\"}},{\"@type\":\"WebPage\",\"@id\":\"https:\/\/dicodusport.fr\/blog\/euro-2020-le-danemark-redorer-son-blason\/\",\"url\":\"https:\/\/dicodusport.fr\/blog\/euro-2020-le-danemark-redorer-son-blason\/\",\"name\":\"Euro 2020 : le Danemark doit redorer son blason - Dicodusport\",\"isPartOf\":{\"@id\":\"https:\/\/dicodusport.fr\/blog\/#website\"},\"primaryImageOfPage\":{\"@id\":\"https:\/\/dicodusport.fr\/blog\/euro-2020-le-danemark-redorer-son-blason\/#primaryimage\"},\"image\":{\"@id\":\"https:\/\/dicodusport.fr\/blog\/euro-2020-le-danemark-redorer-son-blason\/#primaryimage\"},\"thumbnailUrl\":\"https:\/\/dicodusport.fr\/blog\/wp-content\/uploads\/2021\/05\/Euro-2020-Le-Danemark-doit-redorer-son-blason.png\",\"datePublished\":\"2021-05-28T09:55:18+00:00\",\"dateModified\":\"2021-06-09T19:33:43+00:00\",\"description\":\"La r\u00e9daction de Dicodusport vous propose en pr\u00e9paration de l'Euro 2020 une pr\u00e9sentation de chaque s\u00e9lection. Cap sur le Danemark.\",\"breadcrumb\":{\"@id\":\"https:\/\/dicodusport.fr\/blog\/euro-2020-le-danemark-redorer-son-blason\/#breadcrumb\"},\"inLanguage\":\"fr-FR\",\"potentialAction\":[{\"@type\":\"ReadAction\",\"target\":[\"https:\/\/dicodusport.fr\/blog\/euro-2020-le-danemark-redorer-son-blason\/\"]}]},{\"@type\":\"ImageObject\",\"inLanguage\":\"fr-FR\",\"@id\":\"https:\/\/dicodusport.fr\/blog\/euro-2020-le-danemark-redorer-son-blason\/#primaryimage\",\"url\":\"https:\/\/dicodusport.fr\/blog\/wp-content\/uploads\/2021\/05\/Euro-2020-Le-Danemark-doit-redorer-son-blason.png\",\"contentUrl\":\"https:\/\/dicodusport.fr\/blog\/wp-content\/uploads\/2021\/05\/Euro-2020-Le-Danemark-doit-redorer-son-blason.png\",\"width\":800,\"height\":445,\"caption\":\"Euro 2020 : le Danemark doit redorer son blason\"},{\"@type\":\"BreadcrumbList\",\"@id\":\"https:\/\/dicodusport.fr\/blog\/euro-2020-le-danemark-redorer-son-blason\/#breadcrumb\",\"itemListElement\":[{\"@type\":\"ListItem\",\"position\":1,\"name\":\"Accueil\",\"item\":\"https:\/\/dicodusport.fr\/blog\/\"},{\"@type\":\"ListItem\",\"position\":2,\"name\":\"Euro 2020 : le Danemark doit redorer son blason\"}]},{\"@type\":\"WebSite\",\"@id\":\"https:\/\/dicodusport.fr\/blog\/#website\",\"url\":\"https:\/\/dicodusport.fr\/blog\/\",\"name\":\"Dicodusport\",\"description\":\"L&#039;encyclop\u00e9die de l&#039;actualit\u00e9 sportive\",\"publisher\":{\"@id\":\"https:\/\/dicodusport.fr\/blog\/#organization\"},\"potentialAction\":[{\"@type\":\"SearchAction\",\"target\":{\"@type\":\"EntryPoint\",\"urlTemplate\":\"https:\/\/dicodusport.fr\/blog\/?s={search_term_string}\"},\"query-input\":{\"@type\":\"PropertyValueSpecification\",\"valueRequired\":true,\"valueName\":\"search_term_string\"}}],\"inLanguage\":\"fr-FR\"},{\"@type\":\"NewsMediaOrganization\",\"@id\":\"https:\/\/dicodusport.fr\/blog\/#organization\",\"name\":\"Dicodusport\",\"url\":\"https:\/\/dicodusport.fr\/blog\/\",\"logo\":{\"@type\":\"ImageObject\",\"inLanguage\":\"fr-FR\",\"@id\":\"https:\/\/dicodusport.fr\/blog\/#\/schema\/logo\/image\/\",\"url\":\"https:\/\/dicodusport.fr\/blog\/wp-content\/uploads\/2020\/06\/cropped-LOGO-DICODUSPORT-2020-SANS-FOND-SANS-TEXTE.png\",\"contentUrl\":\"https:\/\/dicodusport.fr\/blog\/wp-content\/uploads\/2020\/06\/cropped-LOGO-DICODUSPORT-2020-SANS-FOND-SANS-TEXTE.png\",\"width\":512,\"height\":512,\"caption\":\"Dicodusport\"},\"image\":{\"@id\":\"https:\/\/dicodusport.fr\/blog\/#\/schema\/logo\/image\/\"},\"sameAs\":[\"https:\/\/www.facebook.com\/dicodusport\",\"https:\/\/x.com\/dicodusport\",\"https:\/\/www.instagram.com\/dicodusport\/\",\"https:\/\/www.youtube.com\/channel\/UC7V2KZ5sd3htJivAbA4ZG3w\"],\"description\":\"Dicodusport est l'encyclop\u00e9die de l'actualit\u00e9 sportive.\",\"email\":\"bonjour@dicodusport.fr\",\"legalName\":\"DICODUSPORT\",\"foundingDate\":\"2018-01-14\",\"vatID\":\"FR71834470973\",\"taxID\":\"83447097300043\",\"numberOfEmployees\":{\"@type\":\"QuantitativeValue\",\"minValue\":\"1\",\"maxValue\":\"10\"}},{\"@type\":\"Person\",\"@id\":\"https:\/\/dicodusport.fr\/blog\/#\/schema\/person\/b5f72959ae80a547dcc15f019adf6e0c\",\"name\":\"Antonin Gizolme\",\"image\":{\"@type\":\"ImageObject\",\"inLanguage\":\"fr-FR\",\"@id\":\"https:\/\/dicodusport.fr\/blog\/#\/schema\/person\/image\/\",\"url\":\"https:\/\/dicodusport.fr\/blog\/wp-content\/uploads\/2021\/04\/Maillot-Anto-Dicodusport-150x150.png\",\"contentUrl\":\"https:\/\/dicodusport.fr\/blog\/wp-content\/uploads\/2021\/04\/Maillot-Anto-Dicodusport-150x150.png\",\"caption\":\"Antonin Gizolme\"},\"description\":\"Journaliste\/R\u00e9dacteur depuis mars 2021 - N\u00e9 un soir de Ligue des Champions, c\u2019est tout naturellement que je suis un passionn\u00e9 de football depuis ma plus tendre enfance. Durant des ann\u00e9es, j\u2019ai \u00e9t\u00e9 berc\u00e9 par la douce m\u00e9lodie de la Ligue des Champions, subjugu\u00e9 par les coups-francs de Juninho et admiratif devant les coups de reins de Karim Benzema. Malheureusement pour moi, mes genoux en carton m\u2019ont emp\u00each\u00e9 de suivre les traces de mes idoles pour \u00e9crire l\u2019Histoire. Alors, c\u2019est ici que je vais me charger de vous la raconter.\",\"sameAs\":[\"https:\/\/x.com\/https:\/\/twitter.com\/AntoninGizolme\"],\"url\":\"https:\/\/dicodusport.fr\/blog\/author\/antoning\/\"}]}<\/script>\n<!-- \/ Yoast SEO Premium plugin. -->","yoast_head_json":{"title":"Euro 2020 : le Danemark doit redorer son blason - Dicodusport","description":"La r\u00e9daction de Dicodusport vous propose en pr\u00e9paration de l'Euro 2020 une pr\u00e9sentation de chaque s\u00e9lection. Cap sur le Danemark.","robots":{"index":"index","follow":"follow","max-snippet":"max-snippet:-1","max-image-preview":"max-image-preview:large","max-video-preview":"max-video-preview:-1"},"canonical":"https:\/\/dicodusport.fr\/blog\/euro-2020-le-danemark-redorer-son-blason\/","og_locale":"fr_FR","og_type":"article","og_title":"Euro 2020 : le Danemark doit redorer son blason","og_description":"La r\u00e9daction de Dicodusport vous propose en pr\u00e9paration de l'Euro 2020 une pr\u00e9sentation de chaque s\u00e9lection. Cap sur le Danemark.","og_url":"https:\/\/dicodusport.fr\/blog\/euro-2020-le-danemark-redorer-son-blason\/","og_site_name":"Dicodusport","article_publisher":"https:\/\/www.facebook.com\/dicodusport","article_published_time":"2021-05-28T09:55:18+00:00","article_modified_time":"2021-06-09T19:33:43+00:00","og_image":[{"width":800,"height":445,"url":"https:\/\/dicodusport.fr\/blog\/wp-content\/uploads\/2021\/05\/Euro-2020-Le-Danemark-doit-redorer-son-blason.png","type":"image\/png"}],"author":"Antonin Gizolme","twitter_card":"summary_large_image","twitter_title":"Euro 2020 : le Danemark doit redorer son blason","twitter_creator":"@https:\/\/twitter.com\/AntoninGizolme","twitter_site":"@dicodusport","schema":{"@context":"https:\/\/schema.org","@graph":[{"@type":"NewsArticle","@id":"https:\/\/dicodusport.fr\/blog\/euro-2020-le-danemark-redorer-son-blason\/#article","isPartOf":{"@id":"https:\/\/dicodusport.fr\/blog\/euro-2020-le-danemark-redorer-son-blason\/"},"author":{"name":"Antonin Gizolme","@id":"https:\/\/dicodusport.fr\/blog\/#\/schema\/person\/b5f72959ae80a547dcc15f019adf6e0c"},"headline":"Euro 2020 : le Danemark doit redorer son blason","datePublished":"2021-05-28T09:55:18+00:00","dateModified":"2021-06-09T19:33:43+00:00","mainEntityOfPage":{"@id":"https:\/\/dicodusport.fr\/blog\/euro-2020-le-danemark-redorer-son-blason\/"},"wordCount":618,"commentCount":0,"publisher":{"@id":"https:\/\/dicodusport.fr\/blog\/#organization"},"image":{"@id":"https:\/\/dicodusport.fr\/blog\/euro-2020-le-danemark-redorer-son-blason\/#primaryimage"},"thumbnailUrl":"https:\/\/dicodusport.fr\/blog\/wp-content\/uploads\/2021\/05\/Euro-2020-Le-Danemark-doit-redorer-son-blason.png","keywords":["Danemark","Football"],"articleSection":["Euro de football"],"inLanguage":"fr-FR","potentialAction":[{"@type":"CommentAction","name":"Comment","target":["https:\/\/dicodusport.fr\/blog\/euro-2020-le-danemark-redorer-son-blason\/#respond"]}],"copyrightYear":"2021","copyrightHolder":{"@id":"https:\/\/dicodusport.fr\/blog\/#organization"}},{"@type":"WebPage","@id":"https:\/\/dicodusport.fr\/blog\/euro-2020-le-danemark-redorer-son-blason\/","url":"https:\/\/dicodusport.fr\/blog\/euro-2020-le-danemark-redorer-son-blason\/","name":"Euro 2020 : le Danemark doit redorer son blason - Dicodusport","isPartOf":{"@id":"https:\/\/dicodusport.fr\/blog\/#website"},"primaryImageOfPage":{"@id":"https:\/\/dicodusport.fr\/blog\/euro-2020-le-danemark-redorer-son-blason\/#primaryimage"},"image":{"@id":"https:\/\/dicodusport.fr\/blog\/euro-2020-le-danemark-redorer-son-blason\/#primaryimage"},"thumbnailUrl":"https:\/\/dicodusport.fr\/blog\/wp-content\/uploads\/2021\/05\/Euro-2020-Le-Danemark-doit-redorer-son-blason.png","datePublished":"2021-05-28T09:55:18+00:00","dateModified":"2021-06-09T19:33:43+00:00","description":"La r\u00e9daction de Dicodusport vous propose en pr\u00e9paration de l'Euro 2020 une pr\u00e9sentation de chaque s\u00e9lection. Cap sur le Danemark.","breadcrumb":{"@id":"https:\/\/dicodusport.fr\/blog\/euro-2020-le-danemark-redorer-son-blason\/#breadcrumb"},"inLanguage":"fr-FR","potentialAction":[{"@type":"ReadAction","target":["https:\/\/dicodusport.fr\/blog\/euro-2020-le-danemark-redorer-son-blason\/"]}]},{"@type":"ImageObject","inLanguage":"fr-FR","@id":"https:\/\/dicodusport.fr\/blog\/euro-2020-le-danemark-redorer-son-blason\/#primaryimage","url":"https:\/\/dicodusport.fr\/blog\/wp-content\/uploads\/2021\/05\/Euro-2020-Le-Danemark-doit-redorer-son-blason.png","contentUrl":"https:\/\/dicodusport.fr\/blog\/wp-content\/uploads\/2021\/05\/Euro-2020-Le-Danemark-doit-redorer-son-blason.png","width":800,"height":445,"caption":"Euro 2020 : le Danemark doit redorer son blason"},{"@type":"BreadcrumbList","@id":"https:\/\/dicodusport.fr\/blog\/euro-2020-le-danemark-redorer-son-blason\/#breadcrumb","itemListElement":[{"@type":"ListItem","position":1,"name":"Accueil","item":"https:\/\/dicodusport.fr\/blog\/"},{"@type":"ListItem","position":2,"name":"Euro 2020 : le Danemark doit redorer son blason"}]},{"@type":"WebSite","@id":"https:\/\/dicodusport.fr\/blog\/#website","url":"https:\/\/dicodusport.fr\/blog\/","name":"Dicodusport","description":"L&#039;encyclop\u00e9die de l&#039;actualit\u00e9 sportive","publisher":{"@id":"https:\/\/dicodusport.fr\/blog\/#organization"},"potentialAction":[{"@type":"SearchAction","target":{"@type":"EntryPoint","urlTemplate":"https:\/\/dicodusport.fr\/blog\/?s={search_term_string}"},"query-input":{"@type":"PropertyValueSpecification","valueRequired":true,"valueName":"search_term_string"}}],"inLanguage":"fr-FR"},{"@type":"NewsMediaOrganization","@id":"https:\/\/dicodusport.fr\/blog\/#organization","name":"Dicodusport","url":"https:\/\/dicodusport.fr\/blog\/","logo":{"@type":"ImageObject","inLanguage":"fr-FR","@id":"https:\/\/dicodusport.fr\/blog\/#\/schema\/logo\/image\/","url":"https:\/\/dicodusport.fr\/blog\/wp-content\/uploads\/2020\/06\/cropped-LOGO-DICODUSPORT-2020-SANS-FOND-SANS-TEXTE.png","contentUrl":"https:\/\/dicodusport.fr\/blog\/wp-content\/uploads\/2020\/06\/cropped-LOGO-DICODUSPORT-2020-SANS-FOND-SANS-TEXTE.png","width":512,"height":512,"caption":"Dicodusport"},"image":{"@id":"https:\/\/dicodusport.fr\/blog\/#\/schema\/logo\/image\/"},"sameAs":["https:\/\/www.facebook.com\/dicodusport","https:\/\/x.com\/dicodusport","https:\/\/www.instagram.com\/dicodusport\/","https:\/\/www.youtube.com\/channel\/UC7V2KZ5sd3htJivAbA4ZG3w"],"description":"Dicodusport est l'encyclop\u00e9die de l'actualit\u00e9 sportive.","email":"bonjour@dicodusport.fr","legalName":"DICODUSPORT","foundingDate":"2018-01-14","vatID":"FR71834470973","taxID":"83447097300043","numberOfEmployees":{"@type":"QuantitativeValue","minValue":"1","maxValue":"10"}},{"@type":"Person","@id":"https:\/\/dicodusport.fr\/blog\/#\/schema\/person\/b5f72959ae80a547dcc15f019adf6e0c","name":"Antonin Gizolme","image":{"@type":"ImageObject","inLanguage":"fr-FR","@id":"https:\/\/dicodusport.fr\/blog\/#\/schema\/person\/image\/","url":"https:\/\/dicodusport.fr\/blog\/wp-content\/uploads\/2021\/04\/Maillot-Anto-Dicodusport-150x150.png","contentUrl":"https:\/\/dicodusport.fr\/blog\/wp-content\/uploads\/2021\/04\/Maillot-Anto-Dicodusport-150x150.png","caption":"Antonin Gizolme"},"description":"Journaliste\/R\u00e9dacteur depuis mars 2021 - N\u00e9 un soir de Ligue des Champions, c\u2019est tout naturellement que je suis un passionn\u00e9 de football depuis ma plus tendre enfance. Durant des ann\u00e9es, j\u2019ai \u00e9t\u00e9 berc\u00e9 par la douce m\u00e9lodie de la Ligue des Champions, subjugu\u00e9 par les coups-francs de Juninho et admiratif devant les coups de reins de Karim Benzema. Malheureusement pour moi, mes genoux en carton m\u2019ont emp\u00each\u00e9 de suivre les traces de mes idoles pour \u00e9crire l\u2019Histoire. Alors, c\u2019est ici que je vais me charger de vous la raconter.","sameAs":["https:\/\/x.com\/https:\/\/twitter.com\/AntoninGizolme"],"url":"https:\/\/dicodusport.fr\/blog\/author\/antoning\/"}]}},"_links":{"self":[{"href":"https:\/\/dicodusport.fr\/blog\/wp-json\/wp\/v2\/posts\/132720","targetHints":{"allow":["GET"]}}],"collection":[{"href":"https:\/\/dicodusport.fr\/blog\/wp-json\/wp\/v2\/posts"}],"about":[{"href":"https:\/\/dicodusport.fr\/blog\/wp-json\/wp\/v2\/types\/post"}],"author":[{"embeddable":true,"href":"https:\/\/dicodusport.fr\/blog\/wp-json\/wp\/v2\/users\/51"}],"replies":[{"embeddable":true,"href":"https:\/\/dicodusport.fr\/blog\/wp-json\/wp\/v2\/comments?post=132720"}],"version-history":[{"count":0,"href":"https:\/\/dicodusport.fr\/blog\/wp-json\/wp\/v2\/posts\/132720\/revisions"}],"wp:featuredmedia":[{"embeddable":true,"href":"https:\/\/dicodusport.fr\/blog\/wp-json\/wp\/v2\/media\/133418"}],"wp:attachment":[{"href":"https:\/\/dicodusport.fr\/blog\/wp-json\/wp\/v2\/media?parent=132720"}],"wp:term":[{"taxonomy":"category","embeddable":true,"href":"https:\/\/dicodusport.fr\/blog\/wp-json\/wp\/v2\/categories?post=132720"},{"taxonomy":"post_tag","embeddable":true,"href":"https:\/\/dicodusport.fr\/blog\/wp-json\/wp\/v2\/tags?post=132720"}],"curies":[{"name":"wp","href":"https:\/\/api.w.org\/{rel}","templated":true}]}}