{"id":132728,"date":"2021-05-26T16:27:19","date_gmt":"2021-05-26T14:27:19","guid":{"rendered":"https:\/\/dicodusport.fr\/blog\/?p=132728"},"modified":"2021-05-26T16:27:19","modified_gmt":"2021-05-26T14:27:19","slug":"un-footballeur-uruguayen-en-quarantaine-s-echappe-de-son-hotel-en-flammes-par-la-fenetre","status":"publish","type":"post","link":"https:\/\/dicodusport.fr\/blog\/un-footballeur-uruguayen-en-quarantaine-s-echappe-de-son-hotel-en-flammes-par-la-fenetre\/","title":{"rendered":"Un footballeur uruguayen en quarantaine s\u2019\u00e9chappe de son h\u00f4tel en flammes par la fen\u00eatre"},"content":{"rendered":"<p style=\"text-align: justify;\"><strong><i>Francisco Duarte, milieu de terrain de Rentistas, s&rsquo;est retrouv\u00e9 au milieu d&rsquo;un h\u00f4tel incendi\u00e9 apr\u00e8s avoir \u00e9t\u00e9 plac\u00e9 en quarantaine suite \u00e0 un test positif au Covid-19. Cloitr\u00e9 au onzi\u00e8me \u00e9tage de l\u2019h\u00f4tel \u00e0 Buenos Aires, il s&rsquo;est sauv\u00e9 en se\u00a0suspendant \u00e0 son balcon.<\/i><\/strong><\/p>\n<p style=\"text-align: justify;\">On peut dire que <strong>Francisco Duarte<\/strong> a eu chaud\u00a0! Le footballeur uruguayen s\u2019est retrouv\u00e9 au milieu des flammes dans un h\u00f4tel de <strong>Buenos Aires<\/strong>. En d\u00e9placement avec son club de <strong>Rentistas<\/strong> pour affronter le <strong>Racing<\/strong> en <strong>Copa Libertadores<\/strong>, lui et deux de ses co\u00e9quipiers ont \u00e9t\u00e9 test\u00e9 positifs au <strong>Covid-19<\/strong>. Cela a entra\u00een\u00e9 la mise en quarantaine des trois joueurs concern\u00e9s, chacun dans leur chambre.<\/p>\n<h2 style=\"text-align: justify;\"><strong>Plus de peur que de mal<\/strong><\/h2>\n<p style=\"text-align: justify;\">Mais en pleine nuit, un incendie a \u00e9t\u00e9 d\u00e9clar\u00e9 dans ce m\u00eame h\u00f4tel. Les flammes commencent alors \u00e0 prendre de plus en plus d\u2019ampleur au sein du b\u00e2timent et <strong>Duarte<\/strong> se retrouve pris au pi\u00e8ge. C\u2019est la perte d\u2019odorat li\u00e9e au coronavirus qui l\u2019a, selon lui, emp\u00each\u00e9 de remarquer la fum\u00e9e. Il n\u2019a donc essay\u00e9 de s\u2019enfuir qu\u2019\u00e0 partir du moment o\u00f9 il a vu le brasier en face de lui. Il \u00e9tait donc trop tard pour lui d\u2019essayer de sortir de sa chambre. Sa seule solution est donc de se suspendre \u00e0 son balcon, situ\u00e9 au 11<sup>\u00e8me<\/sup> \u00e9tage. Dans une vid\u00e9o diffus\u00e9e par la mairie de <strong>Buenos Aires<\/strong>, il est possible d\u2019observer le milieu de terrain suspendu \u00e0 son balcon pour sauver sa vie.<\/p>\n<blockquote class=\"twitter-tweet\">\n<p dir=\"ltr\" lang=\"es\">TREMENDO<\/p>\n<p>&#x25b6;&#xfe0f; A Francisco Duarte, jugador de Rentistas &#x1f1fa;&#x1f1fe;, se le incendi\u00f3 la habitaci\u00f3n y tuvo que colgarse de la ventana para ser rescatado por los bomberos<br \/>\n&#x25b6;&#xfe0f; El equipo uruguayo juega hoy con Racing por la Libertadores<\/p>\n<p>Fuente: <a href=\"https:\/\/twitter.com\/SebasGiovanelli?ref_src=twsrc%5Etfw\">@SebasGiovanelli<\/a><\/p>\n<p><a href=\"https:\/\/t.co\/s0hzmfEIPS\">pic.twitter.com\/s0hzmfEIPS<\/a><\/p>\n<p>\u2014 TNT Sports Argentina (@TNTSportsAR) <a href=\"https:\/\/twitter.com\/TNTSportsAR\/status\/1397190930109812742?ref_src=twsrc%5Etfw\">May 25, 2021<\/a><\/p><\/blockquote>\n<p style=\"text-align: justify;\"><script async src=\"https:\/\/platform.twitter.com\/widgets.js\" charset=\"utf-8\"><\/script><\/p>\n<p style=\"text-align: justify;\">Mais tout est bien qui finit bien pour l\u2019Uruguayen. En effet, les pompiers sont intervenus avec une grue pour l\u2019extirper de cette d\u00e9licate situation et lui sauver la vie par la m\u00eame occasion. <strong>Francisco Duarte<\/strong> s\u2019en sort donc sans la moindre \u00e9gratignure est et actuellement en <em>\u00ab\u00a0parfaite condition\u00a0\u00bb<\/em>. En revanche, son club de <strong>Rentistas<\/strong>, a lui, lourdement perdu sa rencontre contre le <strong>Racing<\/strong> (3-0) et se retrouve donc dernier de son groupe sans la moindre victoire.<\/p>\n","protected":false},"excerpt":{"rendered":"<p>Francisco Duarte, milieu de terrain de Rentistas, s&rsquo;est retrouv\u00e9 au milieu d&rsquo;un h\u00f4tel incendi\u00e9 apr\u00e8s avoir \u00e9t\u00e9 plac\u00e9 en quarantaine suite \u00e0 un test positif au Covid-19. Cloitr\u00e9 au onzi\u00e8me \u00e9tage de l\u2019h\u00f4tel \u00e0 Buenos Aires, il s&rsquo;est sauv\u00e9 en se\u00a0suspendant \u00e0 son balcon.<\/p>\n","protected":false},"author":52,"featured_media":132845,"comment_status":"open","ping_status":"closed","sticky":false,"template":"","format":"standard","meta":{"_acf_changed":false,"_daextam_enable_autolinks":"","footnotes":""},"categories":[2301],"tags":[75,4482],"class_list":["post-132728","post","type-post","status-publish","format-standard","has-post-thumbnail","hentry","category-football","tag-football","tag-racing"],"acf":[],"yoast_head":"<!-- This site is optimized with the Yoast SEO Premium plugin v26.7 (Yoast SEO v26.7) - https:\/\/yoast.com\/wordpress\/plugins\/seo\/ -->\n<title>Un footballeur uruguayen en quarantaine s\u2019\u00e9chappe de son h\u00f4tel en flammes par la fen\u00eatre<\/title>\n<meta name=\"description\" content=\"Francisco Duarte, milieu de Rentistas, s&#039;est retrouv\u00e9 au milieu d&#039;un h\u00f4tel incendi\u00e9 de Buenos Aires apr\u00e8s avoir \u00e9t\u00e9 plac\u00e9 en quarantaine.\" \/>\n<meta name=\"robots\" content=\"index, follow, max-snippet:-1, max-image-preview:large, max-video-preview:-1\" \/>\n<link rel=\"canonical\" href=\"https:\/\/dicodusport.fr\/blog\/un-footballeur-uruguayen-en-quarantaine-s-echappe-de-son-hotel-en-flammes-par-la-fenetre\/\" \/>\n<meta property=\"og:locale\" content=\"fr_FR\" \/>\n<meta property=\"og:type\" content=\"article\" \/>\n<meta property=\"og:title\" content=\"Un footballeur uruguayen en quarantaine s\u2019\u00e9chappe de son h\u00f4tel en flammes par la fen\u00eatre\" \/>\n<meta property=\"og:description\" content=\"Francisco Duarte, milieu de Rentistas, s&#039;est retrouv\u00e9 au milieu d&#039;un h\u00f4tel incendi\u00e9 de Buenos Aires apr\u00e8s avoir \u00e9t\u00e9 plac\u00e9 en quarantaine.\" \/>\n<meta property=\"og:url\" content=\"https:\/\/dicodusport.fr\/blog\/un-footballeur-uruguayen-en-quarantaine-s-echappe-de-son-hotel-en-flammes-par-la-fenetre\/\" \/>\n<meta property=\"og:site_name\" content=\"Dicodusport\" \/>\n<meta property=\"article:publisher\" content=\"https:\/\/www.facebook.com\/dicodusport\" \/>\n<meta property=\"article:published_time\" content=\"2021-05-26T14:27:19+00:00\" \/>\n<meta property=\"og:image\" content=\"https:\/\/dicodusport.fr\/blog\/wp-content\/uploads\/2021\/05\/Un-footballeur-uruguayen-en-quarantaine-sechappe-de-son-hotel-en-flammes-par-la-fenetre.png\" \/>\n\t<meta property=\"og:image:width\" content=\"800\" \/>\n\t<meta property=\"og:image:height\" content=\"445\" \/>\n\t<meta property=\"og:image:type\" content=\"image\/png\" \/>\n<meta name=\"author\" content=\"Jean Bod\u00e9r\u00e9\" \/>\n<meta name=\"twitter:card\" content=\"summary_large_image\" \/>\n<meta name=\"twitter:title\" content=\"Un footballeur uruguayen en quarantaine s\u2019\u00e9chappe de son h\u00f4tel en flammes par la fen\u00eatre\" \/>\n<meta name=\"twitter:creator\" content=\"@dicodusport\" \/>\n<meta name=\"twitter:site\" content=\"@dicodusport\" \/>\n<script type=\"application\/ld+json\" class=\"yoast-schema-graph\">{\"@context\":\"https:\/\/schema.org\",\"@graph\":[{\"@type\":\"NewsArticle\",\"@id\":\"https:\/\/dicodusport.fr\/blog\/un-footballeur-uruguayen-en-quarantaine-s-echappe-de-son-hotel-en-flammes-par-la-fenetre\/#article\",\"isPartOf\":{\"@id\":\"https:\/\/dicodusport.fr\/blog\/un-footballeur-uruguayen-en-quarantaine-s-echappe-de-son-hotel-en-flammes-par-la-fenetre\/\"},\"author\":{\"name\":\"Jean Bod\u00e9r\u00e9\",\"@id\":\"https:\/\/dicodusport.fr\/blog\/#\/schema\/person\/cb75f6e4b58e9b98515bdc7902bb5a05\"},\"headline\":\"Un footballeur uruguayen en quarantaine s\u2019\u00e9chappe de son h\u00f4tel en flammes par la fen\u00eatre\",\"datePublished\":\"2021-05-26T14:27:19+00:00\",\"mainEntityOfPage\":{\"@id\":\"https:\/\/dicodusport.fr\/blog\/un-footballeur-uruguayen-en-quarantaine-s-echappe-de-son-hotel-en-flammes-par-la-fenetre\/\"},\"wordCount\":427,\"commentCount\":0,\"publisher\":{\"@id\":\"https:\/\/dicodusport.fr\/blog\/#organization\"},\"image\":{\"@id\":\"https:\/\/dicodusport.fr\/blog\/un-footballeur-uruguayen-en-quarantaine-s-echappe-de-son-hotel-en-flammes-par-la-fenetre\/#primaryimage\"},\"thumbnailUrl\":\"https:\/\/dicodusport.fr\/blog\/wp-content\/uploads\/2021\/05\/Un-footballeur-uruguayen-en-quarantaine-sechappe-de-son-hotel-en-flammes-par-la-fenetre.png\",\"keywords\":[\"Football\",\"Racing\"],\"articleSection\":[\"Football\"],\"inLanguage\":\"fr-FR\",\"potentialAction\":[{\"@type\":\"CommentAction\",\"name\":\"Comment\",\"target\":[\"https:\/\/dicodusport.fr\/blog\/un-footballeur-uruguayen-en-quarantaine-s-echappe-de-son-hotel-en-flammes-par-la-fenetre\/#respond\"]}],\"copyrightYear\":\"2021\",\"copyrightHolder\":{\"@id\":\"https:\/\/dicodusport.fr\/blog\/#organization\"}},{\"@type\":\"WebPage\",\"@id\":\"https:\/\/dicodusport.fr\/blog\/un-footballeur-uruguayen-en-quarantaine-s-echappe-de-son-hotel-en-flammes-par-la-fenetre\/\",\"url\":\"https:\/\/dicodusport.fr\/blog\/un-footballeur-uruguayen-en-quarantaine-s-echappe-de-son-hotel-en-flammes-par-la-fenetre\/\",\"name\":\"Un footballeur uruguayen en quarantaine s\u2019\u00e9chappe de son h\u00f4tel en flammes par la fen\u00eatre\",\"isPartOf\":{\"@id\":\"https:\/\/dicodusport.fr\/blog\/#website\"},\"primaryImageOfPage\":{\"@id\":\"https:\/\/dicodusport.fr\/blog\/un-footballeur-uruguayen-en-quarantaine-s-echappe-de-son-hotel-en-flammes-par-la-fenetre\/#primaryimage\"},\"image\":{\"@id\":\"https:\/\/dicodusport.fr\/blog\/un-footballeur-uruguayen-en-quarantaine-s-echappe-de-son-hotel-en-flammes-par-la-fenetre\/#primaryimage\"},\"thumbnailUrl\":\"https:\/\/dicodusport.fr\/blog\/wp-content\/uploads\/2021\/05\/Un-footballeur-uruguayen-en-quarantaine-sechappe-de-son-hotel-en-flammes-par-la-fenetre.png\",\"datePublished\":\"2021-05-26T14:27:19+00:00\",\"description\":\"Francisco Duarte, milieu de Rentistas, s'est retrouv\u00e9 au milieu d'un h\u00f4tel incendi\u00e9 de Buenos Aires apr\u00e8s avoir \u00e9t\u00e9 plac\u00e9 en quarantaine.\",\"breadcrumb\":{\"@id\":\"https:\/\/dicodusport.fr\/blog\/un-footballeur-uruguayen-en-quarantaine-s-echappe-de-son-hotel-en-flammes-par-la-fenetre\/#breadcrumb\"},\"inLanguage\":\"fr-FR\",\"potentialAction\":[{\"@type\":\"ReadAction\",\"target\":[\"https:\/\/dicodusport.fr\/blog\/un-footballeur-uruguayen-en-quarantaine-s-echappe-de-son-hotel-en-flammes-par-la-fenetre\/\"]}]},{\"@type\":\"ImageObject\",\"inLanguage\":\"fr-FR\",\"@id\":\"https:\/\/dicodusport.fr\/blog\/un-footballeur-uruguayen-en-quarantaine-s-echappe-de-son-hotel-en-flammes-par-la-fenetre\/#primaryimage\",\"url\":\"https:\/\/dicodusport.fr\/blog\/wp-content\/uploads\/2021\/05\/Un-footballeur-uruguayen-en-quarantaine-sechappe-de-son-hotel-en-flammes-par-la-fenetre.png\",\"contentUrl\":\"https:\/\/dicodusport.fr\/blog\/wp-content\/uploads\/2021\/05\/Un-footballeur-uruguayen-en-quarantaine-sechappe-de-son-hotel-en-flammes-par-la-fenetre.png\",\"width\":800,\"height\":445,\"caption\":\"Un footballeur uruguayen en quarantaine s\u2019\u00e9chappe de son h\u00f4tel en flammes par la fen\u00eatre\"},{\"@type\":\"BreadcrumbList\",\"@id\":\"https:\/\/dicodusport.fr\/blog\/un-footballeur-uruguayen-en-quarantaine-s-echappe-de-son-hotel-en-flammes-par-la-fenetre\/#breadcrumb\",\"itemListElement\":[{\"@type\":\"ListItem\",\"position\":1,\"name\":\"Accueil\",\"item\":\"https:\/\/dicodusport.fr\/blog\/\"},{\"@type\":\"ListItem\",\"position\":2,\"name\":\"Un footballeur uruguayen en quarantaine s\u2019\u00e9chappe de son h\u00f4tel en flammes par la fen\u00eatre\"}]},{\"@type\":\"WebSite\",\"@id\":\"https:\/\/dicodusport.fr\/blog\/#website\",\"url\":\"https:\/\/dicodusport.fr\/blog\/\",\"name\":\"Dicodusport\",\"description\":\"L&#039;encyclop\u00e9die de l&#039;actualit\u00e9 sportive\",\"publisher\":{\"@id\":\"https:\/\/dicodusport.fr\/blog\/#organization\"},\"potentialAction\":[{\"@type\":\"SearchAction\",\"target\":{\"@type\":\"EntryPoint\",\"urlTemplate\":\"https:\/\/dicodusport.fr\/blog\/?s={search_term_string}\"},\"query-input\":{\"@type\":\"PropertyValueSpecification\",\"valueRequired\":true,\"valueName\":\"search_term_string\"}}],\"inLanguage\":\"fr-FR\"},{\"@type\":\"NewsMediaOrganization\",\"@id\":\"https:\/\/dicodusport.fr\/blog\/#organization\",\"name\":\"Dicodusport\",\"url\":\"https:\/\/dicodusport.fr\/blog\/\",\"logo\":{\"@type\":\"ImageObject\",\"inLanguage\":\"fr-FR\",\"@id\":\"https:\/\/dicodusport.fr\/blog\/#\/schema\/logo\/image\/\",\"url\":\"https:\/\/dicodusport.fr\/blog\/wp-content\/uploads\/2020\/06\/cropped-LOGO-DICODUSPORT-2020-SANS-FOND-SANS-TEXTE.png\",\"contentUrl\":\"https:\/\/dicodusport.fr\/blog\/wp-content\/uploads\/2020\/06\/cropped-LOGO-DICODUSPORT-2020-SANS-FOND-SANS-TEXTE.png\",\"width\":512,\"height\":512,\"caption\":\"Dicodusport\"},\"image\":{\"@id\":\"https:\/\/dicodusport.fr\/blog\/#\/schema\/logo\/image\/\"},\"sameAs\":[\"https:\/\/www.facebook.com\/dicodusport\",\"https:\/\/x.com\/dicodusport\",\"https:\/\/www.instagram.com\/dicodusport\/\",\"https:\/\/www.youtube.com\/channel\/UC7V2KZ5sd3htJivAbA4ZG3w\"],\"description\":\"Dicodusport est l'encyclop\u00e9die de l'actualit\u00e9 sportive.\",\"email\":\"bonjour@dicodusport.fr\",\"legalName\":\"DICODUSPORT\",\"foundingDate\":\"2018-01-14\",\"vatID\":\"FR71834470973\",\"taxID\":\"83447097300043\",\"numberOfEmployees\":{\"@type\":\"QuantitativeValue\",\"minValue\":\"1\",\"maxValue\":\"10\"}},{\"@type\":\"Person\",\"@id\":\"https:\/\/dicodusport.fr\/blog\/#\/schema\/person\/cb75f6e4b58e9b98515bdc7902bb5a05\",\"name\":\"Jean Bod\u00e9r\u00e9\",\"image\":{\"@type\":\"ImageObject\",\"inLanguage\":\"fr-FR\",\"@id\":\"https:\/\/dicodusport.fr\/blog\/#\/schema\/person\/image\/\",\"url\":\"https:\/\/dicodusport.fr\/blog\/wp-content\/uploads\/2020\/06\/cropped-LOGO-DICODUSPORT-2020-SANS-FOND-SANS-TEXTE-150x150.png\",\"contentUrl\":\"https:\/\/dicodusport.fr\/blog\/wp-content\/uploads\/2020\/06\/cropped-LOGO-DICODUSPORT-2020-SANS-FOND-SANS-TEXTE-150x150.png\",\"caption\":\"Jean Bod\u00e9r\u00e9\"},\"url\":\"https:\/\/dicodusport.fr\/blog\/author\/jeanb\/\"}]}<\/script>\n<!-- \/ Yoast SEO Premium plugin. -->","yoast_head_json":{"title":"Un footballeur uruguayen en quarantaine s\u2019\u00e9chappe de son h\u00f4tel en flammes par la fen\u00eatre","description":"Francisco Duarte, milieu de Rentistas, s'est retrouv\u00e9 au milieu d'un h\u00f4tel incendi\u00e9 de Buenos Aires apr\u00e8s avoir \u00e9t\u00e9 plac\u00e9 en quarantaine.","robots":{"index":"index","follow":"follow","max-snippet":"max-snippet:-1","max-image-preview":"max-image-preview:large","max-video-preview":"max-video-preview:-1"},"canonical":"https:\/\/dicodusport.fr\/blog\/un-footballeur-uruguayen-en-quarantaine-s-echappe-de-son-hotel-en-flammes-par-la-fenetre\/","og_locale":"fr_FR","og_type":"article","og_title":"Un footballeur uruguayen en quarantaine s\u2019\u00e9chappe de son h\u00f4tel en flammes par la fen\u00eatre","og_description":"Francisco Duarte, milieu de Rentistas, s'est retrouv\u00e9 au milieu d'un h\u00f4tel incendi\u00e9 de Buenos Aires apr\u00e8s avoir \u00e9t\u00e9 plac\u00e9 en quarantaine.","og_url":"https:\/\/dicodusport.fr\/blog\/un-footballeur-uruguayen-en-quarantaine-s-echappe-de-son-hotel-en-flammes-par-la-fenetre\/","og_site_name":"Dicodusport","article_publisher":"https:\/\/www.facebook.com\/dicodusport","article_published_time":"2021-05-26T14:27:19+00:00","og_image":[{"width":800,"height":445,"url":"https:\/\/dicodusport.fr\/blog\/wp-content\/uploads\/2021\/05\/Un-footballeur-uruguayen-en-quarantaine-sechappe-de-son-hotel-en-flammes-par-la-fenetre.png","type":"image\/png"}],"author":"Jean Bod\u00e9r\u00e9","twitter_card":"summary_large_image","twitter_title":"Un footballeur uruguayen en quarantaine s\u2019\u00e9chappe de son h\u00f4tel en flammes par la fen\u00eatre","twitter_creator":"@dicodusport","twitter_site":"@dicodusport","schema":{"@context":"https:\/\/schema.org","@graph":[{"@type":"NewsArticle","@id":"https:\/\/dicodusport.fr\/blog\/un-footballeur-uruguayen-en-quarantaine-s-echappe-de-son-hotel-en-flammes-par-la-fenetre\/#article","isPartOf":{"@id":"https:\/\/dicodusport.fr\/blog\/un-footballeur-uruguayen-en-quarantaine-s-echappe-de-son-hotel-en-flammes-par-la-fenetre\/"},"author":{"name":"Jean Bod\u00e9r\u00e9","@id":"https:\/\/dicodusport.fr\/blog\/#\/schema\/person\/cb75f6e4b58e9b98515bdc7902bb5a05"},"headline":"Un footballeur uruguayen en quarantaine s\u2019\u00e9chappe de son h\u00f4tel en flammes par la fen\u00eatre","datePublished":"2021-05-26T14:27:19+00:00","mainEntityOfPage":{"@id":"https:\/\/dicodusport.fr\/blog\/un-footballeur-uruguayen-en-quarantaine-s-echappe-de-son-hotel-en-flammes-par-la-fenetre\/"},"wordCount":427,"commentCount":0,"publisher":{"@id":"https:\/\/dicodusport.fr\/blog\/#organization"},"image":{"@id":"https:\/\/dicodusport.fr\/blog\/un-footballeur-uruguayen-en-quarantaine-s-echappe-de-son-hotel-en-flammes-par-la-fenetre\/#primaryimage"},"thumbnailUrl":"https:\/\/dicodusport.fr\/blog\/wp-content\/uploads\/2021\/05\/Un-footballeur-uruguayen-en-quarantaine-sechappe-de-son-hotel-en-flammes-par-la-fenetre.png","keywords":["Football","Racing"],"articleSection":["Football"],"inLanguage":"fr-FR","potentialAction":[{"@type":"CommentAction","name":"Comment","target":["https:\/\/dicodusport.fr\/blog\/un-footballeur-uruguayen-en-quarantaine-s-echappe-de-son-hotel-en-flammes-par-la-fenetre\/#respond"]}],"copyrightYear":"2021","copyrightHolder":{"@id":"https:\/\/dicodusport.fr\/blog\/#organization"}},{"@type":"WebPage","@id":"https:\/\/dicodusport.fr\/blog\/un-footballeur-uruguayen-en-quarantaine-s-echappe-de-son-hotel-en-flammes-par-la-fenetre\/","url":"https:\/\/dicodusport.fr\/blog\/un-footballeur-uruguayen-en-quarantaine-s-echappe-de-son-hotel-en-flammes-par-la-fenetre\/","name":"Un footballeur uruguayen en quarantaine s\u2019\u00e9chappe de son h\u00f4tel en flammes par la fen\u00eatre","isPartOf":{"@id":"https:\/\/dicodusport.fr\/blog\/#website"},"primaryImageOfPage":{"@id":"https:\/\/dicodusport.fr\/blog\/un-footballeur-uruguayen-en-quarantaine-s-echappe-de-son-hotel-en-flammes-par-la-fenetre\/#primaryimage"},"image":{"@id":"https:\/\/dicodusport.fr\/blog\/un-footballeur-uruguayen-en-quarantaine-s-echappe-de-son-hotel-en-flammes-par-la-fenetre\/#primaryimage"},"thumbnailUrl":"https:\/\/dicodusport.fr\/blog\/wp-content\/uploads\/2021\/05\/Un-footballeur-uruguayen-en-quarantaine-sechappe-de-son-hotel-en-flammes-par-la-fenetre.png","datePublished":"2021-05-26T14:27:19+00:00","description":"Francisco Duarte, milieu de Rentistas, s'est retrouv\u00e9 au milieu d'un h\u00f4tel incendi\u00e9 de Buenos Aires apr\u00e8s avoir \u00e9t\u00e9 plac\u00e9 en quarantaine.","breadcrumb":{"@id":"https:\/\/dicodusport.fr\/blog\/un-footballeur-uruguayen-en-quarantaine-s-echappe-de-son-hotel-en-flammes-par-la-fenetre\/#breadcrumb"},"inLanguage":"fr-FR","potentialAction":[{"@type":"ReadAction","target":["https:\/\/dicodusport.fr\/blog\/un-footballeur-uruguayen-en-quarantaine-s-echappe-de-son-hotel-en-flammes-par-la-fenetre\/"]}]},{"@type":"ImageObject","inLanguage":"fr-FR","@id":"https:\/\/dicodusport.fr\/blog\/un-footballeur-uruguayen-en-quarantaine-s-echappe-de-son-hotel-en-flammes-par-la-fenetre\/#primaryimage","url":"https:\/\/dicodusport.fr\/blog\/wp-content\/uploads\/2021\/05\/Un-footballeur-uruguayen-en-quarantaine-sechappe-de-son-hotel-en-flammes-par-la-fenetre.png","contentUrl":"https:\/\/dicodusport.fr\/blog\/wp-content\/uploads\/2021\/05\/Un-footballeur-uruguayen-en-quarantaine-sechappe-de-son-hotel-en-flammes-par-la-fenetre.png","width":800,"height":445,"caption":"Un footballeur uruguayen en quarantaine s\u2019\u00e9chappe de son h\u00f4tel en flammes par la fen\u00eatre"},{"@type":"BreadcrumbList","@id":"https:\/\/dicodusport.fr\/blog\/un-footballeur-uruguayen-en-quarantaine-s-echappe-de-son-hotel-en-flammes-par-la-fenetre\/#breadcrumb","itemListElement":[{"@type":"ListItem","position":1,"name":"Accueil","item":"https:\/\/dicodusport.fr\/blog\/"},{"@type":"ListItem","position":2,"name":"Un footballeur uruguayen en quarantaine s\u2019\u00e9chappe de son h\u00f4tel en flammes par la fen\u00eatre"}]},{"@type":"WebSite","@id":"https:\/\/dicodusport.fr\/blog\/#website","url":"https:\/\/dicodusport.fr\/blog\/","name":"Dicodusport","description":"L&#039;encyclop\u00e9die de l&#039;actualit\u00e9 sportive","publisher":{"@id":"https:\/\/dicodusport.fr\/blog\/#organization"},"potentialAction":[{"@type":"SearchAction","target":{"@type":"EntryPoint","urlTemplate":"https:\/\/dicodusport.fr\/blog\/?s={search_term_string}"},"query-input":{"@type":"PropertyValueSpecification","valueRequired":true,"valueName":"search_term_string"}}],"inLanguage":"fr-FR"},{"@type":"NewsMediaOrganization","@id":"https:\/\/dicodusport.fr\/blog\/#organization","name":"Dicodusport","url":"https:\/\/dicodusport.fr\/blog\/","logo":{"@type":"ImageObject","inLanguage":"fr-FR","@id":"https:\/\/dicodusport.fr\/blog\/#\/schema\/logo\/image\/","url":"https:\/\/dicodusport.fr\/blog\/wp-content\/uploads\/2020\/06\/cropped-LOGO-DICODUSPORT-2020-SANS-FOND-SANS-TEXTE.png","contentUrl":"https:\/\/dicodusport.fr\/blog\/wp-content\/uploads\/2020\/06\/cropped-LOGO-DICODUSPORT-2020-SANS-FOND-SANS-TEXTE.png","width":512,"height":512,"caption":"Dicodusport"},"image":{"@id":"https:\/\/dicodusport.fr\/blog\/#\/schema\/logo\/image\/"},"sameAs":["https:\/\/www.facebook.com\/dicodusport","https:\/\/x.com\/dicodusport","https:\/\/www.instagram.com\/dicodusport\/","https:\/\/www.youtube.com\/channel\/UC7V2KZ5sd3htJivAbA4ZG3w"],"description":"Dicodusport est l'encyclop\u00e9die de l'actualit\u00e9 sportive.","email":"bonjour@dicodusport.fr","legalName":"DICODUSPORT","foundingDate":"2018-01-14","vatID":"FR71834470973","taxID":"83447097300043","numberOfEmployees":{"@type":"QuantitativeValue","minValue":"1","maxValue":"10"}},{"@type":"Person","@id":"https:\/\/dicodusport.fr\/blog\/#\/schema\/person\/cb75f6e4b58e9b98515bdc7902bb5a05","name":"Jean Bod\u00e9r\u00e9","image":{"@type":"ImageObject","inLanguage":"fr-FR","@id":"https:\/\/dicodusport.fr\/blog\/#\/schema\/person\/image\/","url":"https:\/\/dicodusport.fr\/blog\/wp-content\/uploads\/2020\/06\/cropped-LOGO-DICODUSPORT-2020-SANS-FOND-SANS-TEXTE-150x150.png","contentUrl":"https:\/\/dicodusport.fr\/blog\/wp-content\/uploads\/2020\/06\/cropped-LOGO-DICODUSPORT-2020-SANS-FOND-SANS-TEXTE-150x150.png","caption":"Jean Bod\u00e9r\u00e9"},"url":"https:\/\/dicodusport.fr\/blog\/author\/jeanb\/"}]}},"_links":{"self":[{"href":"https:\/\/dicodusport.fr\/blog\/wp-json\/wp\/v2\/posts\/132728","targetHints":{"allow":["GET"]}}],"collection":[{"href":"https:\/\/dicodusport.fr\/blog\/wp-json\/wp\/v2\/posts"}],"about":[{"href":"https:\/\/dicodusport.fr\/blog\/wp-json\/wp\/v2\/types\/post"}],"author":[{"embeddable":true,"href":"https:\/\/dicodusport.fr\/blog\/wp-json\/wp\/v2\/users\/52"}],"replies":[{"embeddable":true,"href":"https:\/\/dicodusport.fr\/blog\/wp-json\/wp\/v2\/comments?post=132728"}],"version-history":[{"count":0,"href":"https:\/\/dicodusport.fr\/blog\/wp-json\/wp\/v2\/posts\/132728\/revisions"}],"wp:featuredmedia":[{"embeddable":true,"href":"https:\/\/dicodusport.fr\/blog\/wp-json\/wp\/v2\/media\/132845"}],"wp:attachment":[{"href":"https:\/\/dicodusport.fr\/blog\/wp-json\/wp\/v2\/media?parent=132728"}],"wp:term":[{"taxonomy":"category","embeddable":true,"href":"https:\/\/dicodusport.fr\/blog\/wp-json\/wp\/v2\/categories?post=132728"},{"taxonomy":"post_tag","embeddable":true,"href":"https:\/\/dicodusport.fr\/blog\/wp-json\/wp\/v2\/tags?post=132728"}],"curies":[{"name":"wp","href":"https:\/\/api.w.org\/{rel}","templated":true}]}}