{"id":132968,"date":"2021-05-26T23:59:31","date_gmt":"2021-05-26T21:59:31","guid":{"rendered":"https:\/\/dicodusport.fr\/blog\/?p=132968"},"modified":"2021-05-28T12:04:10","modified_gmt":"2021-05-28T10:04:10","slug":"villarreal-remporte-la-premiere-ligue-europa-de-son-histoire","status":"publish","type":"post","link":"https:\/\/dicodusport.fr\/blog\/villarreal-remporte-la-premiere-ligue-europa-de-son-histoire\/","title":{"rendered":"Villarreal remporte la premi\u00e8re Ligue Europa de son histoire !"},"content":{"rendered":"<p style=\"text-align: justify;\"><em><strong>LIGUE EUROPA &#8211; Au bout du suspense, Villarreal remporte pour la premi\u00e8re fois de son histoire la Ligue Europa. Dans le temps r\u00e9glementaire, Gerard Moreno a ouvert le score (29e) avant que Cavani ne lui r\u00e9ponde (55e). Les deux \u00e9quipes n\u2019ont pas pu faire la diff\u00e9rence en prolongations et c\u2019est Villarreal qui sort vainqueur de la s\u00e9ance de tirs au but (11-10).<\/strong><\/em><\/p>\n<h2 style=\"text-align: justify;\">Une domination st\u00e9rile dans le premier acte, les Red Devils punis<\/h2>\n<p style=\"text-align: justify;\">Avec 64% de possession de balle \u00e0 la pause, les hommes d\u2019Ole Gunnar Solskjaer ont mis le pied sur le ballon sans parvenir \u00e0 cr\u00e9er beaucoup de danger. Dans le premier quart d\u2019heure, ils acculent les joueurs de Villarreal vers leur but, se cr\u00e9ant une premi\u00e8re occasion par l\u2019interm\u00e9diaire de <strong>McTominay<\/strong>, reprenant sans contr\u00f4le une passe en retrait de <strong>Rashford<\/strong> (7e). Sa tentative passe cependant assez largement \u00e0 c\u00f4t\u00e9. Les joueurs du sous-marin jaune vont commencer \u00e0 sortir et cr\u00e9ent une premi\u00e8re alerte avec la reprise de <strong>Trigueros<\/strong> qui, en bout de course, ne peut redresser sa frappe (16e). S\u2019en suivent plusieurs mouvements sans r\u00e9el danger, comme ce tir manqu\u00e9 par <strong>Luke Shaw<\/strong> (20e), la t\u00eate de <strong>Pau Torres<\/strong> qui s\u2019envole apr\u00e8s un beau centre en coup du foulard de <strong>Bacca<\/strong> (23e) ou encore cette tentative manqu\u00e9e de <strong>Pino<\/strong> (27e).<\/p>\n<p style=\"text-align: justify;\">On notera quand m\u00eame sa vol\u00e9e qui partait bien, quelques minutes plus t\u00f4t, contr\u00e9e par la d\u00e9fense mancunienne (23e). Du c\u00f4t\u00e9 adverse, la frappe lointaine de <strong>Rashford<\/strong>, trop centr\u00e9e et facilement capt\u00e9e par <strong>Rulli<\/strong> (24e), reste le seul tir cadr\u00e9 des siens pendant les 45 premi\u00e8res minutes. On pensait revenir aux vestiaires sur un score nul et vierge, mais la solution viendra finalement sur coup de pied arr\u00eat\u00e9. C\u2019est <strong>Gerard Moreno<\/strong> &#8211; laiss\u00e9 libre par <strong>Lindelof<\/strong> &#8211; qui vient couper le ballon de <strong>Dani Parejo<\/strong> (1-0, 29e). Le dernier quart d\u2019heure du premier acte est assez insipide, seul un bon d\u00e9bordement de <strong>Wan-Bissaka<\/strong> est \u00e0 retenir. L\u2019Anglais centre pour <strong>Cavani<\/strong> mais <strong>Raul Albiol<\/strong> s\u2019interpose et remet vers son gardien (45e+1). L\u2019arbitre siffle la pause, Villarreal m\u00e8ne un but \u00e0 rien.<\/p>\n<blockquote class=\"twitter-tweet\">\n<p dir=\"ltr\" lang=\"fr\">&#x1f1ea;&#x1f1f8; L&rsquo;OUVERTURE DU SCORE DE VILLARREAL ! L&rsquo;in\u00e9vitable Gerard Moreno se jette sur un coup franc magnifiquement tir\u00e9 par Parejo et fait trembler les filets de De Gea ! Les Red Devils, plut\u00f4t dominateurs, sont dos au mur !<\/p>\n<p>&#x1f4fa; RMC Sport 1 et RMC Story<a href=\"https:\/\/twitter.com\/hashtag\/RMCEuropa?src=hash&amp;ref_src=twsrc%5Etfw\">#RMCEuropa<\/a> <a href=\"https:\/\/t.co\/mK0tzVoe1C\">pic.twitter.com\/mK0tzVoe1C<\/a><\/p>\n<p>\u2014 RMC Sport (@RMCsport) <a href=\"https:\/\/twitter.com\/RMCsport\/status\/1397638335221440513?ref_src=twsrc%5Etfw\">May 26, 2021<\/a><\/p><\/blockquote>\n<p><script async src=\"https:\/\/platform.twitter.com\/widgets.js\" charset=\"utf-8\"><\/script><\/p>\n<h2 style=\"text-align: justify;\">Une seconde p\u00e9riode \u00e0 sens unique<\/h2>\n<p style=\"text-align: justify;\">Les Red Devils se sont fait peur dans les premi\u00e8res minutes, avec un gros cafouillage dans leur surface qui aurait pu profiter \u00e0 <strong>Gerard Moreno<\/strong> (48e), mais ils vont vite reprendre le contr\u00f4le du jeu, mettant les Espagnols sous pression. C\u2019est <strong>McTominay<\/strong> qui alerte en premier la d\u00e9fense adverse, mais sa frappe est d\u00e9vi\u00e9e en corner (54e). C\u2019est sur ce coup de pied de coin que Manchester United va \u00e9galiser. Le ballon revient sur <strong>Rashford<\/strong>, qui voit sa frappe contr\u00e9e. <strong>Cavani<\/strong> peut conclure pr\u00e8s du but (55e). Deux minutes plus tard, les Mancuniens manquent une belle opportunit\u00e9 de passer devant. <strong>Wan-Bissaka<\/strong> centre pour <strong>Luke Shaw<\/strong> qui remet de la t\u00eate en retrait pour <strong>McTominay<\/strong>. Ce dernier loupe le ballon, mais <strong>Bruno Fernandes<\/strong> arrive derri\u00e8re et croise trop sa frappe (57e).<\/p>\n<blockquote class=\"twitter-tweet\">\n<p dir=\"ltr\" lang=\"fr\">&#x1f4a5; Cavani permet aux Red Devils de revenir ! El Matador est \u00e0 l&rsquo;aff\u00fbt sur un ballon qui tra\u00eene dans la surface et crucifie Rulli. Apr\u00e8s v\u00e9rification d&rsquo;un \u00e9ventuel hors jeu \u00e0 la vid\u00e9o, M. Turpin valide le but !<\/p>\n<p>&#x1f4fa; RMC Sport 1 et RMC Story<a href=\"https:\/\/twitter.com\/hashtag\/RMCEuropa?src=hash&amp;ref_src=twsrc%5Etfw\">#RMCEuropa<\/a> <a href=\"https:\/\/t.co\/GXQawAsnEF\">pic.twitter.com\/GXQawAsnEF<\/a><\/p>\n<p>\u2014 RMC Sport (@RMCsport) <a href=\"https:\/\/twitter.com\/RMCsport\/status\/1397648960928591877?ref_src=twsrc%5Etfw\">May 26, 2021<\/a><\/p><\/blockquote>\n<p><script async src=\"https:\/\/platform.twitter.com\/widgets.js\" charset=\"utf-8\"><\/script><\/p>\n<p style=\"text-align: justify;\">Les Red Devils poussent, et <strong>Luke Shaw<\/strong> se joue de son vis-\u00e0-vis et centre fort pour <strong>Cavani<\/strong>. El Matador reprend le ballon de la t\u00eate mais <strong>Pau Torres<\/strong> est sur la trajectoire (72e). L\u2019attaquant uruguayen va de nouveau se mettre en \u00e9vidence sur ce centre de <strong>McTominay<\/strong>, tentant une madjer d\u00e9vi\u00e9e en corner par <strong>Raul Albiol<\/strong> (79e). En fin de match, <strong>Pogba<\/strong> manque sa t\u00eate sur un bon centre de <strong>Luke Shaw<\/strong> (89e). <strong>Pau Torres<\/strong> tente une frappe \u00e0 la derni\u00e8re minute de la rencontre, mais cette derni\u00e8re passe au-dessus (90e+2). C\u2019est parti pour les prolongations.<\/p>\n<h2 style=\"text-align: justify;\">Des prolongations assez ferm\u00e9es, une s\u00e9ance de tirs aux buts d\u00e9cisive<\/h2>\n<p style=\"text-align: justify;\">Le premier acte de ces prolongations est assez calme, avec pour seules occasions la frappe non cadr\u00e9e d\u2019<strong>Alberto Moreno<\/strong> (99e) et le coup franc de <strong>Parejo<\/strong> box\u00e9 par <strong>De Gea<\/strong> (102e). Les deux \u00e9quipes se neutralisent, et n\u2019apportent pas vraiment de danger. Le plus grand danger viendra en seconde p\u00e9riode, avec le bon centre d\u2019<strong>Alcacer<\/strong> pour <strong>Coquelin<\/strong> qui remet de la poitrine pour <strong>Gerard Moreno<\/strong> qui voit sa frappe contr\u00e9e (113e). La d\u00e9cision de la rencontre viendra de la s\u00e9ance de tirs au but.<\/p>\n<p style=\"text-align: justify;\"><strong>G\u00e9rard Moreno<\/strong> est le premier tireur et convertit son penalty. <strong>Juan Mata<\/strong> \u00e9galise (1-1) avant que <strong>Raba<\/strong> ne marque \u00e0 son tour (2-1). C\u00f4t\u00e9 United, c&rsquo;est <strong>Alex Telles<\/strong> qui remporte son duel (2-2). <strong>Paco Alcacer<\/strong> s&rsquo;\u00e9lance ensuite, <strong>De Gea<\/strong> pense arr\u00eater sa frappe mais il ne peut que la d\u00e9vier, sans parvenir \u00e0 la sortir du but (3-2). Le penalty suivant est similaire, <strong>Rulli<\/strong> touche le ballon de <strong>Bruno Fernandes<\/strong> mais ne peut l&rsquo;arr\u00eater (3-3). <strong>Alberto Moreno<\/strong> redonne l&rsquo;avantage aux siens (4-3) avant de voir <strong>Rashford<\/strong> \u00e9galiser (4-4). <strong>Dani Parejo<\/strong> conclut une premi\u00e8re s\u00e9rie parfaite pour Villarreal (5-4), tout comme <strong>Cavani<\/strong> pour les Red Devils (5-5). <strong>Moi Gomez<\/strong> et <strong>Fred<\/strong> marquent \u00e9galement (6-6).<\/p>\n<p style=\"text-align: justify;\">Le capitaine <strong>Raul Albiol<\/strong> convertit \u00e9galement son penalty (7-6), <strong>James<\/strong> aussi (7-7). <strong>Francis Coquelin<\/strong> rend l&rsquo;avantage \u00e0 son \u00e9quipe (8-7). <strong>Rulli<\/strong> est pas loin de sortir l&rsquo;arr\u00eat sur sa droite, mais <strong>Luke Shaw<\/strong> s&rsquo;en sort bien et \u00e9galise (8-8). <strong>Mario Gaspar<\/strong> marque \u00e9galement (9-8), <strong>Tuanzebe<\/strong> \u00e9galise (9-9). <strong>Pau Torres<\/strong> inscrit le dixi\u00e8me tir au but de son \u00e9quipe (10-9), <strong>Lindelof<\/strong> en fait de m\u00eame (10-10). C&rsquo;est au tour des gardiens de tirer, <strong>Rulli<\/strong> ne bronche pas (11-10), mais <strong>De Gea<\/strong> voit son tir contr\u00e9 par le portier argentin. Villarreal remporte sa premi\u00e8re Ligue Europa au bout du suspense !<\/p>\n<blockquote class=\"twitter-tweet\">\n<p dir=\"ltr\" lang=\"en\">&#x23f0; RESULT &#x23f0;<\/p>\n<p>&#x1f7e1; Villarreal win an epic penalty shoot-out to become Europa League winners for the first time!<\/p>\n<p>&#x1f51d; Who impressed you most?<a href=\"https:\/\/twitter.com\/hashtag\/UELfinal?src=hash&amp;ref_src=twsrc%5Etfw\">#UELfinal<\/a> <a href=\"https:\/\/t.co\/lVpikKUosZ\">https:\/\/t.co\/lVpikKUosZ<\/a> <a href=\"https:\/\/t.co\/3j7rKBQQEg\">pic.twitter.com\/3j7rKBQQEg<\/a><\/p>\n<p>\u2014 UEFA Europa League (@EuropaLeague) <a href=\"https:\/\/twitter.com\/EuropaLeague\/status\/1397673729472319496?ref_src=twsrc%5Etfw\">May 26, 2021<\/a><\/p><\/blockquote>\n<p><script async src=\"https:\/\/platform.twitter.com\/widgets.js\" charset=\"utf-8\"><\/script><\/p>\n<ul>\n<li style=\"text-align: justify;\"><strong>\u00c0 lire aussi &#8211; <a href=\"https:\/\/dicodusport.fr\/blog\/ligue-europa-notes-finale-villarreal-manchester-united\/\">Les notes de Villarreal &#8211; Manchester United<\/a><\/strong><\/li>\n<\/ul>\n","protected":false},"excerpt":{"rendered":"<p>LIGUE EUROPA &#8211; Au bout du suspense, Villarreal remporte pour la premi\u00e8re fois de son histoire la Ligue Europa. Dans le temps r\u00e9glementaire, Gerard Moreno a ouvert le score (29e) avant que Cavani ne lui r\u00e9ponde (55e). Les deux \u00e9quipes n\u2019ont pas pu faire la diff\u00e9rence en prolongations et c\u2019est Villarreal qui sort vainqueur de la s\u00e9ance de tirs au but (11-10).<\/p>\n","protected":false},"author":57,"featured_media":132987,"comment_status":"open","ping_status":"closed","sticky":false,"template":"","format":"standard","meta":{"_acf_changed":false,"_daextam_enable_autolinks":"","footnotes":""},"categories":[2301],"tags":[75,4437,4155,24,3828],"class_list":["post-132968","post","type-post","status-publish","format-standard","has-post-thumbnail","hentry","category-football","tag-football","tag-ligue-europa","tag-manchester-united","tag-sport","tag-villarreal"],"acf":[],"yoast_head":"<!-- This site is optimized with the Yoast SEO Premium plugin v26.7 (Yoast SEO v26.7) - https:\/\/yoast.com\/wordpress\/plugins\/seo\/ -->\n<title>Villarreal remporte la premi\u00e8re Ligue Europa de son histoire !<\/title>\n<meta name=\"description\" content=\"La finale de Ligue Europa se d\u00e9roulait ce soir \u00e0 Gda\u0144sk en Pologne. Au bout du suspense, c&#039;est Villarreal qui s&#039;impose aux tirs au but.\" \/>\n<meta name=\"robots\" content=\"index, follow, max-snippet:-1, max-image-preview:large, max-video-preview:-1\" \/>\n<link rel=\"canonical\" href=\"https:\/\/dicodusport.fr\/blog\/villarreal-remporte-la-premiere-ligue-europa-de-son-histoire\/\" \/>\n<meta property=\"og:locale\" content=\"fr_FR\" \/>\n<meta property=\"og:type\" content=\"article\" \/>\n<meta property=\"og:title\" content=\"Villarreal remporte la premi\u00e8re Ligue Europa de son histoire !\" \/>\n<meta property=\"og:description\" content=\"La finale de Ligue Europa se d\u00e9roulait ce soir \u00e0 Gda\u0144sk en Pologne. Au bout du suspense, c&#039;est Villarreal qui s&#039;impose aux tirs au but.\" \/>\n<meta property=\"og:url\" content=\"https:\/\/dicodusport.fr\/blog\/villarreal-remporte-la-premiere-ligue-europa-de-son-histoire\/\" \/>\n<meta property=\"og:site_name\" content=\"Dicodusport\" \/>\n<meta property=\"article:publisher\" content=\"https:\/\/www.facebook.com\/dicodusport\" \/>\n<meta property=\"article:published_time\" content=\"2021-05-26T21:59:31+00:00\" \/>\n<meta property=\"article:modified_time\" content=\"2021-05-28T10:04:10+00:00\" \/>\n<meta property=\"og:image\" content=\"https:\/\/dicodusport.fr\/blog\/wp-content\/uploads\/2021\/05\/Villarreal-remporte-la-premiere-Ligue-Europa-de-son-histoire-.png\" \/>\n\t<meta property=\"og:image:width\" content=\"800\" \/>\n\t<meta property=\"og:image:height\" content=\"445\" \/>\n\t<meta property=\"og:image:type\" content=\"image\/png\" \/>\n<meta name=\"author\" content=\"Vincent Soubab\u00e8re\" \/>\n<meta name=\"twitter:card\" content=\"summary_large_image\" \/>\n<meta name=\"twitter:title\" content=\"Villarreal remporte la premi\u00e8re Ligue Europa de son histoire !\" \/>\n<meta name=\"twitter:creator\" content=\"@dicodusport\" \/>\n<meta name=\"twitter:site\" content=\"@dicodusport\" \/>\n<script type=\"application\/ld+json\" class=\"yoast-schema-graph\">{\"@context\":\"https:\/\/schema.org\",\"@graph\":[{\"@type\":\"NewsArticle\",\"@id\":\"https:\/\/dicodusport.fr\/blog\/villarreal-remporte-la-premiere-ligue-europa-de-son-histoire\/#article\",\"isPartOf\":{\"@id\":\"https:\/\/dicodusport.fr\/blog\/villarreal-remporte-la-premiere-ligue-europa-de-son-histoire\/\"},\"author\":{\"name\":\"Vincent Soubab\u00e8re\",\"@id\":\"https:\/\/dicodusport.fr\/blog\/#\/schema\/person\/ba9487b5b85f57eecfb00513e982c05b\"},\"headline\":\"Villarreal remporte la premi\u00e8re Ligue Europa de son histoire !\",\"datePublished\":\"2021-05-26T21:59:31+00:00\",\"dateModified\":\"2021-05-28T10:04:10+00:00\",\"mainEntityOfPage\":{\"@id\":\"https:\/\/dicodusport.fr\/blog\/villarreal-remporte-la-premiere-ligue-europa-de-son-histoire\/\"},\"wordCount\":1151,\"commentCount\":0,\"publisher\":{\"@id\":\"https:\/\/dicodusport.fr\/blog\/#organization\"},\"image\":{\"@id\":\"https:\/\/dicodusport.fr\/blog\/villarreal-remporte-la-premiere-ligue-europa-de-son-histoire\/#primaryimage\"},\"thumbnailUrl\":\"https:\/\/dicodusport.fr\/blog\/wp-content\/uploads\/2021\/05\/Villarreal-remporte-la-premiere-Ligue-Europa-de-son-histoire-.png\",\"keywords\":[\"Football\",\"Ligue Europa\",\"Manchester United\",\"sport\",\"Villarreal\"],\"articleSection\":[\"Football\"],\"inLanguage\":\"fr-FR\",\"potentialAction\":[{\"@type\":\"CommentAction\",\"name\":\"Comment\",\"target\":[\"https:\/\/dicodusport.fr\/blog\/villarreal-remporte-la-premiere-ligue-europa-de-son-histoire\/#respond\"]}],\"copyrightYear\":\"2021\",\"copyrightHolder\":{\"@id\":\"https:\/\/dicodusport.fr\/blog\/#organization\"}},{\"@type\":\"WebPage\",\"@id\":\"https:\/\/dicodusport.fr\/blog\/villarreal-remporte-la-premiere-ligue-europa-de-son-histoire\/\",\"url\":\"https:\/\/dicodusport.fr\/blog\/villarreal-remporte-la-premiere-ligue-europa-de-son-histoire\/\",\"name\":\"Villarreal remporte la premi\u00e8re Ligue Europa de son histoire !\",\"isPartOf\":{\"@id\":\"https:\/\/dicodusport.fr\/blog\/#website\"},\"primaryImageOfPage\":{\"@id\":\"https:\/\/dicodusport.fr\/blog\/villarreal-remporte-la-premiere-ligue-europa-de-son-histoire\/#primaryimage\"},\"image\":{\"@id\":\"https:\/\/dicodusport.fr\/blog\/villarreal-remporte-la-premiere-ligue-europa-de-son-histoire\/#primaryimage\"},\"thumbnailUrl\":\"https:\/\/dicodusport.fr\/blog\/wp-content\/uploads\/2021\/05\/Villarreal-remporte-la-premiere-Ligue-Europa-de-son-histoire-.png\",\"datePublished\":\"2021-05-26T21:59:31+00:00\",\"dateModified\":\"2021-05-28T10:04:10+00:00\",\"description\":\"La finale de Ligue Europa se d\u00e9roulait ce soir \u00e0 Gda\u0144sk en Pologne. Au bout du suspense, c'est Villarreal qui s'impose aux tirs au but.\",\"breadcrumb\":{\"@id\":\"https:\/\/dicodusport.fr\/blog\/villarreal-remporte-la-premiere-ligue-europa-de-son-histoire\/#breadcrumb\"},\"inLanguage\":\"fr-FR\",\"potentialAction\":[{\"@type\":\"ReadAction\",\"target\":[\"https:\/\/dicodusport.fr\/blog\/villarreal-remporte-la-premiere-ligue-europa-de-son-histoire\/\"]}]},{\"@type\":\"ImageObject\",\"inLanguage\":\"fr-FR\",\"@id\":\"https:\/\/dicodusport.fr\/blog\/villarreal-remporte-la-premiere-ligue-europa-de-son-histoire\/#primaryimage\",\"url\":\"https:\/\/dicodusport.fr\/blog\/wp-content\/uploads\/2021\/05\/Villarreal-remporte-la-premiere-Ligue-Europa-de-son-histoire-.png\",\"contentUrl\":\"https:\/\/dicodusport.fr\/blog\/wp-content\/uploads\/2021\/05\/Villarreal-remporte-la-premiere-Ligue-Europa-de-son-histoire-.png\",\"width\":800,\"height\":445,\"caption\":\"Villarreal remporte la premi\u00e8re Ligue Europa de son histoire !\"},{\"@type\":\"BreadcrumbList\",\"@id\":\"https:\/\/dicodusport.fr\/blog\/villarreal-remporte-la-premiere-ligue-europa-de-son-histoire\/#breadcrumb\",\"itemListElement\":[{\"@type\":\"ListItem\",\"position\":1,\"name\":\"Accueil\",\"item\":\"https:\/\/dicodusport.fr\/blog\/\"},{\"@type\":\"ListItem\",\"position\":2,\"name\":\"Villarreal remporte la premi\u00e8re Ligue Europa de son histoire !\"}]},{\"@type\":\"WebSite\",\"@id\":\"https:\/\/dicodusport.fr\/blog\/#website\",\"url\":\"https:\/\/dicodusport.fr\/blog\/\",\"name\":\"Dicodusport\",\"description\":\"L&#039;encyclop\u00e9die de l&#039;actualit\u00e9 sportive\",\"publisher\":{\"@id\":\"https:\/\/dicodusport.fr\/blog\/#organization\"},\"potentialAction\":[{\"@type\":\"SearchAction\",\"target\":{\"@type\":\"EntryPoint\",\"urlTemplate\":\"https:\/\/dicodusport.fr\/blog\/?s={search_term_string}\"},\"query-input\":{\"@type\":\"PropertyValueSpecification\",\"valueRequired\":true,\"valueName\":\"search_term_string\"}}],\"inLanguage\":\"fr-FR\"},{\"@type\":\"NewsMediaOrganization\",\"@id\":\"https:\/\/dicodusport.fr\/blog\/#organization\",\"name\":\"Dicodusport\",\"url\":\"https:\/\/dicodusport.fr\/blog\/\",\"logo\":{\"@type\":\"ImageObject\",\"inLanguage\":\"fr-FR\",\"@id\":\"https:\/\/dicodusport.fr\/blog\/#\/schema\/logo\/image\/\",\"url\":\"https:\/\/dicodusport.fr\/blog\/wp-content\/uploads\/2020\/06\/cropped-LOGO-DICODUSPORT-2020-SANS-FOND-SANS-TEXTE.png\",\"contentUrl\":\"https:\/\/dicodusport.fr\/blog\/wp-content\/uploads\/2020\/06\/cropped-LOGO-DICODUSPORT-2020-SANS-FOND-SANS-TEXTE.png\",\"width\":512,\"height\":512,\"caption\":\"Dicodusport\"},\"image\":{\"@id\":\"https:\/\/dicodusport.fr\/blog\/#\/schema\/logo\/image\/\"},\"sameAs\":[\"https:\/\/www.facebook.com\/dicodusport\",\"https:\/\/x.com\/dicodusport\",\"https:\/\/www.instagram.com\/dicodusport\/\",\"https:\/\/www.youtube.com\/channel\/UC7V2KZ5sd3htJivAbA4ZG3w\"],\"description\":\"Dicodusport est l'encyclop\u00e9die de l'actualit\u00e9 sportive.\",\"email\":\"bonjour@dicodusport.fr\",\"legalName\":\"DICODUSPORT\",\"foundingDate\":\"2018-01-14\",\"vatID\":\"FR71834470973\",\"taxID\":\"83447097300043\",\"numberOfEmployees\":{\"@type\":\"QuantitativeValue\",\"minValue\":\"1\",\"maxValue\":\"10\"}},{\"@type\":\"Person\",\"@id\":\"https:\/\/dicodusport.fr\/blog\/#\/schema\/person\/ba9487b5b85f57eecfb00513e982c05b\",\"name\":\"Vincent Soubab\u00e8re\",\"image\":{\"@type\":\"ImageObject\",\"inLanguage\":\"fr-FR\",\"@id\":\"https:\/\/dicodusport.fr\/blog\/#\/schema\/person\/image\/\",\"url\":\"https:\/\/dicodusport.fr\/blog\/wp-content\/uploads\/2021\/05\/Vincent-Soubabere-150x150.jpg\",\"contentUrl\":\"https:\/\/dicodusport.fr\/blog\/wp-content\/uploads\/2021\/05\/Vincent-Soubabere-150x150.jpg\",\"caption\":\"Vincent Soubab\u00e8re\"},\"description\":\"Journaliste\/r\u00e9dacteur depuis ao\u00fbt 2018 - Passionn\u00e9 de sport depuis tout petit, je me suis logiquement tourn\u00e9 vers le journalisme sportif depuis ao\u00fbt 2018. Grand supporter des Girondins, je suis aussi un fan de football. Je pratique le tennis et suis l'actualit\u00e9 de la petite balle jaune. En juillet, vous risquez de me croiser sur les routes du Tour.\",\"url\":\"https:\/\/dicodusport.fr\/blog\/author\/vincents\/\"}]}<\/script>\n<!-- \/ Yoast SEO Premium plugin. -->","yoast_head_json":{"title":"Villarreal remporte la premi\u00e8re Ligue Europa de son histoire !","description":"La finale de Ligue Europa se d\u00e9roulait ce soir \u00e0 Gda\u0144sk en Pologne. Au bout du suspense, c'est Villarreal qui s'impose aux tirs au but.","robots":{"index":"index","follow":"follow","max-snippet":"max-snippet:-1","max-image-preview":"max-image-preview:large","max-video-preview":"max-video-preview:-1"},"canonical":"https:\/\/dicodusport.fr\/blog\/villarreal-remporte-la-premiere-ligue-europa-de-son-histoire\/","og_locale":"fr_FR","og_type":"article","og_title":"Villarreal remporte la premi\u00e8re Ligue Europa de son histoire !","og_description":"La finale de Ligue Europa se d\u00e9roulait ce soir \u00e0 Gda\u0144sk en Pologne. Au bout du suspense, c'est Villarreal qui s'impose aux tirs au but.","og_url":"https:\/\/dicodusport.fr\/blog\/villarreal-remporte-la-premiere-ligue-europa-de-son-histoire\/","og_site_name":"Dicodusport","article_publisher":"https:\/\/www.facebook.com\/dicodusport","article_published_time":"2021-05-26T21:59:31+00:00","article_modified_time":"2021-05-28T10:04:10+00:00","og_image":[{"width":800,"height":445,"url":"https:\/\/dicodusport.fr\/blog\/wp-content\/uploads\/2021\/05\/Villarreal-remporte-la-premiere-Ligue-Europa-de-son-histoire-.png","type":"image\/png"}],"author":"Vincent Soubab\u00e8re","twitter_card":"summary_large_image","twitter_title":"Villarreal remporte la premi\u00e8re Ligue Europa de son histoire !","twitter_creator":"@dicodusport","twitter_site":"@dicodusport","schema":{"@context":"https:\/\/schema.org","@graph":[{"@type":"NewsArticle","@id":"https:\/\/dicodusport.fr\/blog\/villarreal-remporte-la-premiere-ligue-europa-de-son-histoire\/#article","isPartOf":{"@id":"https:\/\/dicodusport.fr\/blog\/villarreal-remporte-la-premiere-ligue-europa-de-son-histoire\/"},"author":{"name":"Vincent Soubab\u00e8re","@id":"https:\/\/dicodusport.fr\/blog\/#\/schema\/person\/ba9487b5b85f57eecfb00513e982c05b"},"headline":"Villarreal remporte la premi\u00e8re Ligue Europa de son histoire !","datePublished":"2021-05-26T21:59:31+00:00","dateModified":"2021-05-28T10:04:10+00:00","mainEntityOfPage":{"@id":"https:\/\/dicodusport.fr\/blog\/villarreal-remporte-la-premiere-ligue-europa-de-son-histoire\/"},"wordCount":1151,"commentCount":0,"publisher":{"@id":"https:\/\/dicodusport.fr\/blog\/#organization"},"image":{"@id":"https:\/\/dicodusport.fr\/blog\/villarreal-remporte-la-premiere-ligue-europa-de-son-histoire\/#primaryimage"},"thumbnailUrl":"https:\/\/dicodusport.fr\/blog\/wp-content\/uploads\/2021\/05\/Villarreal-remporte-la-premiere-Ligue-Europa-de-son-histoire-.png","keywords":["Football","Ligue Europa","Manchester United","sport","Villarreal"],"articleSection":["Football"],"inLanguage":"fr-FR","potentialAction":[{"@type":"CommentAction","name":"Comment","target":["https:\/\/dicodusport.fr\/blog\/villarreal-remporte-la-premiere-ligue-europa-de-son-histoire\/#respond"]}],"copyrightYear":"2021","copyrightHolder":{"@id":"https:\/\/dicodusport.fr\/blog\/#organization"}},{"@type":"WebPage","@id":"https:\/\/dicodusport.fr\/blog\/villarreal-remporte-la-premiere-ligue-europa-de-son-histoire\/","url":"https:\/\/dicodusport.fr\/blog\/villarreal-remporte-la-premiere-ligue-europa-de-son-histoire\/","name":"Villarreal remporte la premi\u00e8re Ligue Europa de son histoire !","isPartOf":{"@id":"https:\/\/dicodusport.fr\/blog\/#website"},"primaryImageOfPage":{"@id":"https:\/\/dicodusport.fr\/blog\/villarreal-remporte-la-premiere-ligue-europa-de-son-histoire\/#primaryimage"},"image":{"@id":"https:\/\/dicodusport.fr\/blog\/villarreal-remporte-la-premiere-ligue-europa-de-son-histoire\/#primaryimage"},"thumbnailUrl":"https:\/\/dicodusport.fr\/blog\/wp-content\/uploads\/2021\/05\/Villarreal-remporte-la-premiere-Ligue-Europa-de-son-histoire-.png","datePublished":"2021-05-26T21:59:31+00:00","dateModified":"2021-05-28T10:04:10+00:00","description":"La finale de Ligue Europa se d\u00e9roulait ce soir \u00e0 Gda\u0144sk en Pologne. Au bout du suspense, c'est Villarreal qui s'impose aux tirs au but.","breadcrumb":{"@id":"https:\/\/dicodusport.fr\/blog\/villarreal-remporte-la-premiere-ligue-europa-de-son-histoire\/#breadcrumb"},"inLanguage":"fr-FR","potentialAction":[{"@type":"ReadAction","target":["https:\/\/dicodusport.fr\/blog\/villarreal-remporte-la-premiere-ligue-europa-de-son-histoire\/"]}]},{"@type":"ImageObject","inLanguage":"fr-FR","@id":"https:\/\/dicodusport.fr\/blog\/villarreal-remporte-la-premiere-ligue-europa-de-son-histoire\/#primaryimage","url":"https:\/\/dicodusport.fr\/blog\/wp-content\/uploads\/2021\/05\/Villarreal-remporte-la-premiere-Ligue-Europa-de-son-histoire-.png","contentUrl":"https:\/\/dicodusport.fr\/blog\/wp-content\/uploads\/2021\/05\/Villarreal-remporte-la-premiere-Ligue-Europa-de-son-histoire-.png","width":800,"height":445,"caption":"Villarreal remporte la premi\u00e8re Ligue Europa de son histoire !"},{"@type":"BreadcrumbList","@id":"https:\/\/dicodusport.fr\/blog\/villarreal-remporte-la-premiere-ligue-europa-de-son-histoire\/#breadcrumb","itemListElement":[{"@type":"ListItem","position":1,"name":"Accueil","item":"https:\/\/dicodusport.fr\/blog\/"},{"@type":"ListItem","position":2,"name":"Villarreal remporte la premi\u00e8re Ligue Europa de son histoire !"}]},{"@type":"WebSite","@id":"https:\/\/dicodusport.fr\/blog\/#website","url":"https:\/\/dicodusport.fr\/blog\/","name":"Dicodusport","description":"L&#039;encyclop\u00e9die de l&#039;actualit\u00e9 sportive","publisher":{"@id":"https:\/\/dicodusport.fr\/blog\/#organization"},"potentialAction":[{"@type":"SearchAction","target":{"@type":"EntryPoint","urlTemplate":"https:\/\/dicodusport.fr\/blog\/?s={search_term_string}"},"query-input":{"@type":"PropertyValueSpecification","valueRequired":true,"valueName":"search_term_string"}}],"inLanguage":"fr-FR"},{"@type":"NewsMediaOrganization","@id":"https:\/\/dicodusport.fr\/blog\/#organization","name":"Dicodusport","url":"https:\/\/dicodusport.fr\/blog\/","logo":{"@type":"ImageObject","inLanguage":"fr-FR","@id":"https:\/\/dicodusport.fr\/blog\/#\/schema\/logo\/image\/","url":"https:\/\/dicodusport.fr\/blog\/wp-content\/uploads\/2020\/06\/cropped-LOGO-DICODUSPORT-2020-SANS-FOND-SANS-TEXTE.png","contentUrl":"https:\/\/dicodusport.fr\/blog\/wp-content\/uploads\/2020\/06\/cropped-LOGO-DICODUSPORT-2020-SANS-FOND-SANS-TEXTE.png","width":512,"height":512,"caption":"Dicodusport"},"image":{"@id":"https:\/\/dicodusport.fr\/blog\/#\/schema\/logo\/image\/"},"sameAs":["https:\/\/www.facebook.com\/dicodusport","https:\/\/x.com\/dicodusport","https:\/\/www.instagram.com\/dicodusport\/","https:\/\/www.youtube.com\/channel\/UC7V2KZ5sd3htJivAbA4ZG3w"],"description":"Dicodusport est l'encyclop\u00e9die de l'actualit\u00e9 sportive.","email":"bonjour@dicodusport.fr","legalName":"DICODUSPORT","foundingDate":"2018-01-14","vatID":"FR71834470973","taxID":"83447097300043","numberOfEmployees":{"@type":"QuantitativeValue","minValue":"1","maxValue":"10"}},{"@type":"Person","@id":"https:\/\/dicodusport.fr\/blog\/#\/schema\/person\/ba9487b5b85f57eecfb00513e982c05b","name":"Vincent Soubab\u00e8re","image":{"@type":"ImageObject","inLanguage":"fr-FR","@id":"https:\/\/dicodusport.fr\/blog\/#\/schema\/person\/image\/","url":"https:\/\/dicodusport.fr\/blog\/wp-content\/uploads\/2021\/05\/Vincent-Soubabere-150x150.jpg","contentUrl":"https:\/\/dicodusport.fr\/blog\/wp-content\/uploads\/2021\/05\/Vincent-Soubabere-150x150.jpg","caption":"Vincent Soubab\u00e8re"},"description":"Journaliste\/r\u00e9dacteur depuis ao\u00fbt 2018 - Passionn\u00e9 de sport depuis tout petit, je me suis logiquement tourn\u00e9 vers le journalisme sportif depuis ao\u00fbt 2018. Grand supporter des Girondins, je suis aussi un fan de football. Je pratique le tennis et suis l'actualit\u00e9 de la petite balle jaune. En juillet, vous risquez de me croiser sur les routes du Tour.","url":"https:\/\/dicodusport.fr\/blog\/author\/vincents\/"}]}},"_links":{"self":[{"href":"https:\/\/dicodusport.fr\/blog\/wp-json\/wp\/v2\/posts\/132968","targetHints":{"allow":["GET"]}}],"collection":[{"href":"https:\/\/dicodusport.fr\/blog\/wp-json\/wp\/v2\/posts"}],"about":[{"href":"https:\/\/dicodusport.fr\/blog\/wp-json\/wp\/v2\/types\/post"}],"author":[{"embeddable":true,"href":"https:\/\/dicodusport.fr\/blog\/wp-json\/wp\/v2\/users\/57"}],"replies":[{"embeddable":true,"href":"https:\/\/dicodusport.fr\/blog\/wp-json\/wp\/v2\/comments?post=132968"}],"version-history":[{"count":0,"href":"https:\/\/dicodusport.fr\/blog\/wp-json\/wp\/v2\/posts\/132968\/revisions"}],"wp:featuredmedia":[{"embeddable":true,"href":"https:\/\/dicodusport.fr\/blog\/wp-json\/wp\/v2\/media\/132987"}],"wp:attachment":[{"href":"https:\/\/dicodusport.fr\/blog\/wp-json\/wp\/v2\/media?parent=132968"}],"wp:term":[{"taxonomy":"category","embeddable":true,"href":"https:\/\/dicodusport.fr\/blog\/wp-json\/wp\/v2\/categories?post=132968"},{"taxonomy":"post_tag","embeddable":true,"href":"https:\/\/dicodusport.fr\/blog\/wp-json\/wp\/v2\/tags?post=132968"}],"curies":[{"name":"wp","href":"https:\/\/api.w.org\/{rel}","templated":true}]}}