{"id":133003,"date":"2021-05-27T20:35:13","date_gmt":"2021-05-27T18:35:13","guid":{"rendered":"https:\/\/dicodusport.fr\/blog\/?p=133003"},"modified":"2021-05-27T20:49:37","modified_gmt":"2021-05-27T18:49:37","slug":"tour-d-italie-2021-19eme-etape-parcours-en-detail","status":"publish","type":"post","link":"https:\/\/dicodusport.fr\/blog\/tour-d-italie-2021-19eme-etape-parcours-en-detail\/","title":{"rendered":"Tour d&rsquo;Italie 2021 &#8211; 19\u00e8me \u00e9tape : le parcours en d\u00e9tail"},"content":{"rendered":"<p style=\"text-align: justify;\"><span class=\"tojvnm2t a6sixzi8 abs2jz4q a8s20v7p t1p8iaqh k5wvi7nf q3lfd5jv pk4s997a bipmatt0 cebpdrjk qowsmv63 owwhemhu dp1hu0rb dhp61c6y iyyx5f41\"><em><strong>CYCLISME &#8211; Les coureurs se d\u00e9placeront d&rsquo;Abbiategrasso \u00e0 Alpe di Mera sur 166 kilom\u00e8tres sur la 19\u00e8me \u00e9tape du Tour d&rsquo;Italie 2021. L&rsquo;\u00e9tape a \u00e9t\u00e9 modifi\u00e9e suite \u00e0 la trag\u00e9die du t\u00e9l\u00e9ph\u00e9rique de Mottarone.<\/strong><\/em> <\/span><\/p>\n<p style=\"text-align: justify;\"><span class=\"tojvnm2t a6sixzi8 abs2jz4q a8s20v7p t1p8iaqh k5wvi7nf q3lfd5jv pk4s997a bipmatt0 cebpdrjk qowsmv63 owwhemhu dp1hu0rb dhp61c6y iyyx5f41\">D&rsquo;abord, le d\u00e9part sera donn\u00e9 \u00e0 <strong>Abbiategrasso<\/strong> \u00e0 12h35, une ville d&rsquo;un peu plus de 30 000 habitants \u00e0 plus de 10 kilom\u00e8tres \u00e0 l&rsquo;ouest de Milan. <\/span><span class=\"tojvnm2t a6sixzi8 abs2jz4q a8s20v7p t1p8iaqh k5wvi7nf q3lfd5jv pk4s997a bipmatt0 cebpdrjk qowsmv63 owwhemhu dp1hu0rb dhp61c6y iyyx5f41\">Ensuite, les coureurs prendront part \u00e0 70 kilom\u00e8tres en plaine en prenant la direction de <strong>Ponte Nuovo<\/strong>, de <strong>Novara<\/strong>, de <strong>Baraggione<\/strong> et <strong>Orla San Giulio<\/strong> sur les bords du Lac d&rsquo;Orta. <\/span><\/p>\n<p style=\"text-align: justify;\"><span class=\"tojvnm2t a6sixzi8 abs2jz4q a8s20v7p t1p8iaqh k5wvi7nf q3lfd5jv pk4s997a bipmatt0 cebpdrjk qowsmv63 owwhemhu dp1hu0rb dhp61c6y iyyx5f41\">Par la suite, le peloton grimpera l&rsquo;<strong>Alpe Agogna<\/strong> pour 12,8 km \u00e0 2,9 %. Ce col pr\u00e9sentera des pourcentages entre 6 et 8 % sur les deux premiers kilom\u00e8tres. Les 10 kilom\u00e8tres suivants seront de longs faux plats montants et parfois descendants. Les 800 derniers m\u00e8tres seront \u00e0 500 %. <\/span><\/p>\n<p style=\"text-align: justify;\"><span class=\"tojvnm2t a6sixzi8 abs2jz4q a8s20v7p t1p8iaqh k5wvi7nf q3lfd5jv pk4s997a bipmatt0 cebpdrjk qowsmv63 owwhemhu dp1hu0rb dhp61c6y iyyx5f41\">Les coureurs descendront sur les rives du Lac Majeur sur <strong>Stresa<\/strong> et <strong>Baveno<\/strong> pour plus de 25 kilom\u00e8tres en plaine pour retourner sur les hauteurs du <strong>Lac d&rsquo;Orta<\/strong> mais sur la rive ouest. <\/span><span class=\"tojvnm2t a6sixzi8 abs2jz4q a8s20v7p t1p8iaqh k5wvi7nf q3lfd5jv pk4s997a bipmatt0 cebpdrjk qowsmv63 owwhemhu dp1hu0rb dhp61c6y iyyx5f41\">Puis, les concurrents graviront la deuxi\u00e8me difficult\u00e9 du jour avec le <strong>Passo della Colma<\/strong> avec ses 7,7 km \u00e0 5,9 %.<\/span><\/p>\n<h2 style=\"text-align: justify;\">L&rsquo;Alpe di Mera en dessert<\/h2>\n<p style=\"text-align: justify;\"><span class=\"tojvnm2t a6sixzi8 abs2jz4q a8s20v7p t1p8iaqh k5wvi7nf q3lfd5jv pk4s997a bipmatt0 cebpdrjk qowsmv63 owwhemhu dp1hu0rb dhp61c6y iyyx5f41\">Apr\u00e8s une descente de d&rsquo;environ 10 kilom\u00e8tres sur <strong>Varallo<\/strong>, les coureurs emprunteront un long faux plat montant sur 20 kilom\u00e8tres jusqu&rsquo;\u00e0 <strong>Scopello<\/strong> en longeant la rivi\u00e8re Sesia. <\/span><\/p>\n<p style=\"text-align: justify;\"><span class=\"tojvnm2t a6sixzi8 abs2jz4q a8s20v7p t1p8iaqh k5wvi7nf q3lfd5jv pk4s997a bipmatt0 cebpdrjk qowsmv63 owwhemhu dp1hu0rb dhp61c6y iyyx5f41\">Enfin, ils feront face \u00e0 l&rsquo;ultime ascension de la journ\u00e9e avec l&rsquo;<strong>Alpe di Mera<\/strong>. Ce col, long de 9,8 km \u00e0 8,9 %, sera tr\u00e8s difficile sur des routes \u00e9troites et sinueuses avec seulement le premier kilom\u00e8tre \u00e0 plus de 3 %. Le reste de la mont\u00e9e proposera de tr\u00e8s nombreux passages \u00e0 plus de 10 % qui pourraient mettre \u00e0 mal les coureurs apr\u00e8s 19 jours de course.<\/span><\/p>\n<h2 style=\"text-align: justify;\">La carte du parcours de la 19\u00e8me \u00e9tape du Tour d&rsquo;Italie 2021<\/h2>\n<div id=\"attachment_133311\" style=\"width: 2570px\" class=\"wp-caption aligncenter\"><a href=\"https:\/\/dicodusport.fr\/blog\/wp-content\/uploads\/2021\/05\/La-carte-du-parcours-de-la-19eme-etape-du-Tour-dItalie-2021-scaled.jpg\"><img loading=\"lazy\" decoding=\"async\" aria-describedby=\"caption-attachment-133311\" class=\"size-full wp-image-133311\" src=\"https:\/\/dicodusport.fr\/blog\/wp-content\/uploads\/2021\/05\/La-carte-du-parcours-de-la-19eme-etape-du-Tour-dItalie-2021-scaled.jpg\" alt=\"La carte du parcours de la 19\u00e8me \u00e9tape du Tour d'Italie 2021\" width=\"2560\" height=\"2560\" srcset=\"https:\/\/dicodusport.fr\/blog\/wp-content\/uploads\/2021\/05\/La-carte-du-parcours-de-la-19eme-etape-du-Tour-dItalie-2021-scaled.jpg 2560w, https:\/\/dicodusport.fr\/blog\/wp-content\/uploads\/2021\/05\/La-carte-du-parcours-de-la-19eme-etape-du-Tour-dItalie-2021-300x300.jpg 300w, https:\/\/dicodusport.fr\/blog\/wp-content\/uploads\/2021\/05\/La-carte-du-parcours-de-la-19eme-etape-du-Tour-dItalie-2021-1024x1024.jpg 1024w, https:\/\/dicodusport.fr\/blog\/wp-content\/uploads\/2021\/05\/La-carte-du-parcours-de-la-19eme-etape-du-Tour-dItalie-2021-150x150.jpg 150w, https:\/\/dicodusport.fr\/blog\/wp-content\/uploads\/2021\/05\/La-carte-du-parcours-de-la-19eme-etape-du-Tour-dItalie-2021-768x768.jpg 768w, https:\/\/dicodusport.fr\/blog\/wp-content\/uploads\/2021\/05\/La-carte-du-parcours-de-la-19eme-etape-du-Tour-dItalie-2021-1536x1536.jpg 1536w, https:\/\/dicodusport.fr\/blog\/wp-content\/uploads\/2021\/05\/La-carte-du-parcours-de-la-19eme-etape-du-Tour-dItalie-2021-2048x2048.jpg 2048w, https:\/\/dicodusport.fr\/blog\/wp-content\/uploads\/2021\/05\/La-carte-du-parcours-de-la-19eme-etape-du-Tour-dItalie-2021-80x80.jpg 80w\" sizes=\"auto, (max-width: 2560px) 100vw, 2560px\" \/><\/a><p id=\"caption-attachment-133311\" class=\"wp-caption-text\">La carte du parcours de la 19\u00e8me \u00e9tape du Tour d&rsquo;Italie 2021<\/p><\/div>\n","protected":false},"excerpt":{"rendered":"<p>CYCLISME &#8211; Les coureurs se d\u00e9placeront d&rsquo;Abbiategrasso \u00e0 Alpe di Mera sur 166 kilom\u00e8tres sur la 19\u00e8me \u00e9tape du Tour d&rsquo;Italie 2021. L&rsquo;\u00e9tape a \u00e9t\u00e9 modifi\u00e9e suite \u00e0 la trag\u00e9die du t\u00e9l\u00e9ph\u00e9rique de Mottarone.<\/p>\n","protected":false},"author":48,"featured_media":133312,"comment_status":"open","ping_status":"closed","sticky":false,"template":"","format":"standard","meta":{"_acf_changed":false,"_daextam_enable_autolinks":"","footnotes":""},"categories":[47041],"tags":[3119,4722],"class_list":["post-133003","post","type-post","status-publish","format-standard","has-post-thumbnail","hentry","category-tour-d-italie","tag-actualite-cyclisme","tag-tour-ditalie"],"acf":[],"yoast_head":"<!-- This site is optimized with the Yoast SEO Premium plugin v26.7 (Yoast SEO v26.7) - https:\/\/yoast.com\/wordpress\/plugins\/seo\/ -->\n<title>Tour d&#039;Italie 2021 - 19\u00e8me \u00e9tape : le parcours en d\u00e9tail<\/title>\n<meta name=\"description\" content=\"CYCLISME - Les coureurs se d\u00e9placeront d&#039;Abbiategrasso \u00e0 Alpe di Mera sur 166 kilom\u00e8tres sur la 19\u00e8me \u00e9tape du Tour d&#039;Italie 2021. Le parcours en d\u00e9tail.\" \/>\n<meta name=\"robots\" content=\"index, follow, max-snippet:-1, max-image-preview:large, max-video-preview:-1\" \/>\n<link rel=\"canonical\" href=\"https:\/\/dicodusport.fr\/blog\/tour-d-italie-2021-19eme-etape-parcours-en-detail\/\" \/>\n<meta property=\"og:locale\" content=\"fr_FR\" \/>\n<meta property=\"og:type\" content=\"article\" \/>\n<meta property=\"og:title\" content=\"Tour d&#039;Italie 2021 - 19\u00e8me \u00e9tape : le parcours en d\u00e9tail\" \/>\n<meta property=\"og:description\" content=\"CYCLISME - Les coureurs se d\u00e9placeront d&#039;Abbiategrasso \u00e0 Alpe di Mera sur 166 kilom\u00e8tres sur la 19\u00e8me \u00e9tape du Tour d&#039;Italie 2021. Le parcours en d\u00e9tail.\" \/>\n<meta property=\"og:url\" content=\"https:\/\/dicodusport.fr\/blog\/tour-d-italie-2021-19eme-etape-parcours-en-detail\/\" \/>\n<meta property=\"og:site_name\" content=\"Dicodusport\" \/>\n<meta property=\"article:publisher\" content=\"https:\/\/www.facebook.com\/dicodusport\" \/>\n<meta property=\"article:author\" content=\"https:\/\/www.facebook.com\/groups\/LesRoisDuPeloton\" \/>\n<meta property=\"article:published_time\" content=\"2021-05-27T18:35:13+00:00\" \/>\n<meta property=\"article:modified_time\" content=\"2021-05-27T18:49:37+00:00\" \/>\n<meta property=\"og:image\" content=\"https:\/\/dicodusport.fr\/blog\/wp-content\/uploads\/2021\/05\/Tour-dItalie-2021-19eme-etape-le-parcours-en-detail.png\" \/>\n\t<meta property=\"og:image:width\" content=\"1200\" \/>\n\t<meta property=\"og:image:height\" content=\"670\" \/>\n\t<meta property=\"og:image:type\" content=\"image\/png\" \/>\n<meta name=\"author\" content=\"Emilien Descampiaux\" \/>\n<meta name=\"twitter:card\" content=\"summary_large_image\" \/>\n<meta name=\"twitter:title\" content=\"Tour d&#039;Italie 2021 - 19\u00e8me \u00e9tape : le parcours en d\u00e9tail\" \/>\n<meta name=\"twitter:creator\" content=\"@https:\/\/twitter.com\/LRoisDuPeloton\" \/>\n<meta name=\"twitter:site\" content=\"@dicodusport\" \/>\n<script type=\"application\/ld+json\" class=\"yoast-schema-graph\">{\"@context\":\"https:\/\/schema.org\",\"@graph\":[{\"@type\":\"NewsArticle\",\"@id\":\"https:\/\/dicodusport.fr\/blog\/tour-d-italie-2021-19eme-etape-parcours-en-detail\/#article\",\"isPartOf\":{\"@id\":\"https:\/\/dicodusport.fr\/blog\/tour-d-italie-2021-19eme-etape-parcours-en-detail\/\"},\"author\":{\"name\":\"Emilien Descampiaux\",\"@id\":\"https:\/\/dicodusport.fr\/blog\/#\/schema\/person\/6db4bae06b171592211be385b32876a7\"},\"headline\":\"Tour d&rsquo;Italie 2021 &#8211; 19\u00e8me \u00e9tape : le parcours en d\u00e9tail\",\"datePublished\":\"2021-05-27T18:35:13+00:00\",\"dateModified\":\"2021-05-27T18:49:37+00:00\",\"mainEntityOfPage\":{\"@id\":\"https:\/\/dicodusport.fr\/blog\/tour-d-italie-2021-19eme-etape-parcours-en-detail\/\"},\"wordCount\":333,\"commentCount\":0,\"publisher\":{\"@id\":\"https:\/\/dicodusport.fr\/blog\/#organization\"},\"image\":{\"@id\":\"https:\/\/dicodusport.fr\/blog\/tour-d-italie-2021-19eme-etape-parcours-en-detail\/#primaryimage\"},\"thumbnailUrl\":\"https:\/\/dicodusport.fr\/blog\/wp-content\/uploads\/2021\/05\/Tour-dItalie-2021-19eme-etape-le-parcours-en-detail.png\",\"keywords\":[\"Actualit\u00e9 Cyclisme\",\"Tour d'Italie\"],\"articleSection\":[\"Tour d'Italie\"],\"inLanguage\":\"fr-FR\",\"potentialAction\":[{\"@type\":\"CommentAction\",\"name\":\"Comment\",\"target\":[\"https:\/\/dicodusport.fr\/blog\/tour-d-italie-2021-19eme-etape-parcours-en-detail\/#respond\"]}],\"copyrightYear\":\"2021\",\"copyrightHolder\":{\"@id\":\"https:\/\/dicodusport.fr\/blog\/#organization\"}},{\"@type\":\"WebPage\",\"@id\":\"https:\/\/dicodusport.fr\/blog\/tour-d-italie-2021-19eme-etape-parcours-en-detail\/\",\"url\":\"https:\/\/dicodusport.fr\/blog\/tour-d-italie-2021-19eme-etape-parcours-en-detail\/\",\"name\":\"Tour d'Italie 2021 - 19\u00e8me \u00e9tape : le parcours en d\u00e9tail\",\"isPartOf\":{\"@id\":\"https:\/\/dicodusport.fr\/blog\/#website\"},\"primaryImageOfPage\":{\"@id\":\"https:\/\/dicodusport.fr\/blog\/tour-d-italie-2021-19eme-etape-parcours-en-detail\/#primaryimage\"},\"image\":{\"@id\":\"https:\/\/dicodusport.fr\/blog\/tour-d-italie-2021-19eme-etape-parcours-en-detail\/#primaryimage\"},\"thumbnailUrl\":\"https:\/\/dicodusport.fr\/blog\/wp-content\/uploads\/2021\/05\/Tour-dItalie-2021-19eme-etape-le-parcours-en-detail.png\",\"datePublished\":\"2021-05-27T18:35:13+00:00\",\"dateModified\":\"2021-05-27T18:49:37+00:00\",\"description\":\"CYCLISME - Les coureurs se d\u00e9placeront d'Abbiategrasso \u00e0 Alpe di Mera sur 166 kilom\u00e8tres sur la 19\u00e8me \u00e9tape du Tour d'Italie 2021. Le parcours en d\u00e9tail.\",\"breadcrumb\":{\"@id\":\"https:\/\/dicodusport.fr\/blog\/tour-d-italie-2021-19eme-etape-parcours-en-detail\/#breadcrumb\"},\"inLanguage\":\"fr-FR\",\"potentialAction\":[{\"@type\":\"ReadAction\",\"target\":[\"https:\/\/dicodusport.fr\/blog\/tour-d-italie-2021-19eme-etape-parcours-en-detail\/\"]}]},{\"@type\":\"ImageObject\",\"inLanguage\":\"fr-FR\",\"@id\":\"https:\/\/dicodusport.fr\/blog\/tour-d-italie-2021-19eme-etape-parcours-en-detail\/#primaryimage\",\"url\":\"https:\/\/dicodusport.fr\/blog\/wp-content\/uploads\/2021\/05\/Tour-dItalie-2021-19eme-etape-le-parcours-en-detail.png\",\"contentUrl\":\"https:\/\/dicodusport.fr\/blog\/wp-content\/uploads\/2021\/05\/Tour-dItalie-2021-19eme-etape-le-parcours-en-detail.png\",\"width\":1200,\"height\":670},{\"@type\":\"BreadcrumbList\",\"@id\":\"https:\/\/dicodusport.fr\/blog\/tour-d-italie-2021-19eme-etape-parcours-en-detail\/#breadcrumb\",\"itemListElement\":[{\"@type\":\"ListItem\",\"position\":1,\"name\":\"Accueil\",\"item\":\"https:\/\/dicodusport.fr\/blog\/\"},{\"@type\":\"ListItem\",\"position\":2,\"name\":\"Tour d&rsquo;Italie 2021 &#8211; 19\u00e8me \u00e9tape : le parcours en d\u00e9tail\"}]},{\"@type\":\"WebSite\",\"@id\":\"https:\/\/dicodusport.fr\/blog\/#website\",\"url\":\"https:\/\/dicodusport.fr\/blog\/\",\"name\":\"Dicodusport\",\"description\":\"L&#039;encyclop\u00e9die de l&#039;actualit\u00e9 sportive\",\"publisher\":{\"@id\":\"https:\/\/dicodusport.fr\/blog\/#organization\"},\"potentialAction\":[{\"@type\":\"SearchAction\",\"target\":{\"@type\":\"EntryPoint\",\"urlTemplate\":\"https:\/\/dicodusport.fr\/blog\/?s={search_term_string}\"},\"query-input\":{\"@type\":\"PropertyValueSpecification\",\"valueRequired\":true,\"valueName\":\"search_term_string\"}}],\"inLanguage\":\"fr-FR\"},{\"@type\":\"NewsMediaOrganization\",\"@id\":\"https:\/\/dicodusport.fr\/blog\/#organization\",\"name\":\"Dicodusport\",\"url\":\"https:\/\/dicodusport.fr\/blog\/\",\"logo\":{\"@type\":\"ImageObject\",\"inLanguage\":\"fr-FR\",\"@id\":\"https:\/\/dicodusport.fr\/blog\/#\/schema\/logo\/image\/\",\"url\":\"https:\/\/dicodusport.fr\/blog\/wp-content\/uploads\/2020\/06\/cropped-LOGO-DICODUSPORT-2020-SANS-FOND-SANS-TEXTE.png\",\"contentUrl\":\"https:\/\/dicodusport.fr\/blog\/wp-content\/uploads\/2020\/06\/cropped-LOGO-DICODUSPORT-2020-SANS-FOND-SANS-TEXTE.png\",\"width\":512,\"height\":512,\"caption\":\"Dicodusport\"},\"image\":{\"@id\":\"https:\/\/dicodusport.fr\/blog\/#\/schema\/logo\/image\/\"},\"sameAs\":[\"https:\/\/www.facebook.com\/dicodusport\",\"https:\/\/x.com\/dicodusport\",\"https:\/\/www.instagram.com\/dicodusport\/\",\"https:\/\/www.youtube.com\/channel\/UC7V2KZ5sd3htJivAbA4ZG3w\"],\"description\":\"Dicodusport est l'encyclop\u00e9die de l'actualit\u00e9 sportive.\",\"email\":\"bonjour@dicodusport.fr\",\"legalName\":\"DICODUSPORT\",\"foundingDate\":\"2018-01-14\",\"vatID\":\"FR71834470973\",\"taxID\":\"83447097300043\",\"numberOfEmployees\":{\"@type\":\"QuantitativeValue\",\"minValue\":\"1\",\"maxValue\":\"10\"}},{\"@type\":\"Person\",\"@id\":\"https:\/\/dicodusport.fr\/blog\/#\/schema\/person\/6db4bae06b171592211be385b32876a7\",\"name\":\"Emilien Descampiaux\",\"image\":{\"@type\":\"ImageObject\",\"inLanguage\":\"fr-FR\",\"@id\":\"https:\/\/dicodusport.fr\/blog\/#\/schema\/person\/image\/\",\"url\":\"https:\/\/dicodusport.fr\/blog\/wp-content\/uploads\/2021\/05\/Emilien-Descampiaux-150x150.jpg\",\"contentUrl\":\"https:\/\/dicodusport.fr\/blog\/wp-content\/uploads\/2021\/05\/Emilien-Descampiaux-150x150.jpg\",\"caption\":\"Emilien Descampiaux\"},\"description\":\"Journaliste\/r\u00e9dacteur depuis 2014 - Fan de la classe de Frank Vandenbroucke, je vis cyclisme (et de ses paysages) depuis plus de 20 ans. Je suis tr\u00e8s impliqu\u00e9 sur mes diff\u00e9rents r\u00e9seaux sociaux pour partager ma passion sur le monde et l'Histoire de la bicyclette avec ma voix sur les images en noir et blanc du succ\u00e8s de Rik Van Steenbergen lors du Ronde sur le V\u00e9lodrome de Gand.\",\"sameAs\":[\"https:\/\/www.facebook.com\/groups\/LesRoisDuPeloton\",\"https:\/\/x.com\/https:\/\/twitter.com\/LRoisDuPeloton\"],\"url\":\"https:\/\/dicodusport.fr\/blog\/author\/emiliend\/\"}]}<\/script>\n<!-- \/ Yoast SEO Premium plugin. -->","yoast_head_json":{"title":"Tour d'Italie 2021 - 19\u00e8me \u00e9tape : le parcours en d\u00e9tail","description":"CYCLISME - Les coureurs se d\u00e9placeront d'Abbiategrasso \u00e0 Alpe di Mera sur 166 kilom\u00e8tres sur la 19\u00e8me \u00e9tape du Tour d'Italie 2021. Le parcours en d\u00e9tail.","robots":{"index":"index","follow":"follow","max-snippet":"max-snippet:-1","max-image-preview":"max-image-preview:large","max-video-preview":"max-video-preview:-1"},"canonical":"https:\/\/dicodusport.fr\/blog\/tour-d-italie-2021-19eme-etape-parcours-en-detail\/","og_locale":"fr_FR","og_type":"article","og_title":"Tour d'Italie 2021 - 19\u00e8me \u00e9tape : le parcours en d\u00e9tail","og_description":"CYCLISME - Les coureurs se d\u00e9placeront d'Abbiategrasso \u00e0 Alpe di Mera sur 166 kilom\u00e8tres sur la 19\u00e8me \u00e9tape du Tour d'Italie 2021. Le parcours en d\u00e9tail.","og_url":"https:\/\/dicodusport.fr\/blog\/tour-d-italie-2021-19eme-etape-parcours-en-detail\/","og_site_name":"Dicodusport","article_publisher":"https:\/\/www.facebook.com\/dicodusport","article_author":"https:\/\/www.facebook.com\/groups\/LesRoisDuPeloton","article_published_time":"2021-05-27T18:35:13+00:00","article_modified_time":"2021-05-27T18:49:37+00:00","og_image":[{"width":1200,"height":670,"url":"https:\/\/dicodusport.fr\/blog\/wp-content\/uploads\/2021\/05\/Tour-dItalie-2021-19eme-etape-le-parcours-en-detail.png","type":"image\/png"}],"author":"Emilien Descampiaux","twitter_card":"summary_large_image","twitter_title":"Tour d'Italie 2021 - 19\u00e8me \u00e9tape : le parcours en d\u00e9tail","twitter_creator":"@https:\/\/twitter.com\/LRoisDuPeloton","twitter_site":"@dicodusport","schema":{"@context":"https:\/\/schema.org","@graph":[{"@type":"NewsArticle","@id":"https:\/\/dicodusport.fr\/blog\/tour-d-italie-2021-19eme-etape-parcours-en-detail\/#article","isPartOf":{"@id":"https:\/\/dicodusport.fr\/blog\/tour-d-italie-2021-19eme-etape-parcours-en-detail\/"},"author":{"name":"Emilien Descampiaux","@id":"https:\/\/dicodusport.fr\/blog\/#\/schema\/person\/6db4bae06b171592211be385b32876a7"},"headline":"Tour d&rsquo;Italie 2021 &#8211; 19\u00e8me \u00e9tape : le parcours en d\u00e9tail","datePublished":"2021-05-27T18:35:13+00:00","dateModified":"2021-05-27T18:49:37+00:00","mainEntityOfPage":{"@id":"https:\/\/dicodusport.fr\/blog\/tour-d-italie-2021-19eme-etape-parcours-en-detail\/"},"wordCount":333,"commentCount":0,"publisher":{"@id":"https:\/\/dicodusport.fr\/blog\/#organization"},"image":{"@id":"https:\/\/dicodusport.fr\/blog\/tour-d-italie-2021-19eme-etape-parcours-en-detail\/#primaryimage"},"thumbnailUrl":"https:\/\/dicodusport.fr\/blog\/wp-content\/uploads\/2021\/05\/Tour-dItalie-2021-19eme-etape-le-parcours-en-detail.png","keywords":["Actualit\u00e9 Cyclisme","Tour d'Italie"],"articleSection":["Tour d'Italie"],"inLanguage":"fr-FR","potentialAction":[{"@type":"CommentAction","name":"Comment","target":["https:\/\/dicodusport.fr\/blog\/tour-d-italie-2021-19eme-etape-parcours-en-detail\/#respond"]}],"copyrightYear":"2021","copyrightHolder":{"@id":"https:\/\/dicodusport.fr\/blog\/#organization"}},{"@type":"WebPage","@id":"https:\/\/dicodusport.fr\/blog\/tour-d-italie-2021-19eme-etape-parcours-en-detail\/","url":"https:\/\/dicodusport.fr\/blog\/tour-d-italie-2021-19eme-etape-parcours-en-detail\/","name":"Tour d'Italie 2021 - 19\u00e8me \u00e9tape : le parcours en d\u00e9tail","isPartOf":{"@id":"https:\/\/dicodusport.fr\/blog\/#website"},"primaryImageOfPage":{"@id":"https:\/\/dicodusport.fr\/blog\/tour-d-italie-2021-19eme-etape-parcours-en-detail\/#primaryimage"},"image":{"@id":"https:\/\/dicodusport.fr\/blog\/tour-d-italie-2021-19eme-etape-parcours-en-detail\/#primaryimage"},"thumbnailUrl":"https:\/\/dicodusport.fr\/blog\/wp-content\/uploads\/2021\/05\/Tour-dItalie-2021-19eme-etape-le-parcours-en-detail.png","datePublished":"2021-05-27T18:35:13+00:00","dateModified":"2021-05-27T18:49:37+00:00","description":"CYCLISME - Les coureurs se d\u00e9placeront d'Abbiategrasso \u00e0 Alpe di Mera sur 166 kilom\u00e8tres sur la 19\u00e8me \u00e9tape du Tour d'Italie 2021. Le parcours en d\u00e9tail.","breadcrumb":{"@id":"https:\/\/dicodusport.fr\/blog\/tour-d-italie-2021-19eme-etape-parcours-en-detail\/#breadcrumb"},"inLanguage":"fr-FR","potentialAction":[{"@type":"ReadAction","target":["https:\/\/dicodusport.fr\/blog\/tour-d-italie-2021-19eme-etape-parcours-en-detail\/"]}]},{"@type":"ImageObject","inLanguage":"fr-FR","@id":"https:\/\/dicodusport.fr\/blog\/tour-d-italie-2021-19eme-etape-parcours-en-detail\/#primaryimage","url":"https:\/\/dicodusport.fr\/blog\/wp-content\/uploads\/2021\/05\/Tour-dItalie-2021-19eme-etape-le-parcours-en-detail.png","contentUrl":"https:\/\/dicodusport.fr\/blog\/wp-content\/uploads\/2021\/05\/Tour-dItalie-2021-19eme-etape-le-parcours-en-detail.png","width":1200,"height":670},{"@type":"BreadcrumbList","@id":"https:\/\/dicodusport.fr\/blog\/tour-d-italie-2021-19eme-etape-parcours-en-detail\/#breadcrumb","itemListElement":[{"@type":"ListItem","position":1,"name":"Accueil","item":"https:\/\/dicodusport.fr\/blog\/"},{"@type":"ListItem","position":2,"name":"Tour d&rsquo;Italie 2021 &#8211; 19\u00e8me \u00e9tape : le parcours en d\u00e9tail"}]},{"@type":"WebSite","@id":"https:\/\/dicodusport.fr\/blog\/#website","url":"https:\/\/dicodusport.fr\/blog\/","name":"Dicodusport","description":"L&#039;encyclop\u00e9die de l&#039;actualit\u00e9 sportive","publisher":{"@id":"https:\/\/dicodusport.fr\/blog\/#organization"},"potentialAction":[{"@type":"SearchAction","target":{"@type":"EntryPoint","urlTemplate":"https:\/\/dicodusport.fr\/blog\/?s={search_term_string}"},"query-input":{"@type":"PropertyValueSpecification","valueRequired":true,"valueName":"search_term_string"}}],"inLanguage":"fr-FR"},{"@type":"NewsMediaOrganization","@id":"https:\/\/dicodusport.fr\/blog\/#organization","name":"Dicodusport","url":"https:\/\/dicodusport.fr\/blog\/","logo":{"@type":"ImageObject","inLanguage":"fr-FR","@id":"https:\/\/dicodusport.fr\/blog\/#\/schema\/logo\/image\/","url":"https:\/\/dicodusport.fr\/blog\/wp-content\/uploads\/2020\/06\/cropped-LOGO-DICODUSPORT-2020-SANS-FOND-SANS-TEXTE.png","contentUrl":"https:\/\/dicodusport.fr\/blog\/wp-content\/uploads\/2020\/06\/cropped-LOGO-DICODUSPORT-2020-SANS-FOND-SANS-TEXTE.png","width":512,"height":512,"caption":"Dicodusport"},"image":{"@id":"https:\/\/dicodusport.fr\/blog\/#\/schema\/logo\/image\/"},"sameAs":["https:\/\/www.facebook.com\/dicodusport","https:\/\/x.com\/dicodusport","https:\/\/www.instagram.com\/dicodusport\/","https:\/\/www.youtube.com\/channel\/UC7V2KZ5sd3htJivAbA4ZG3w"],"description":"Dicodusport est l'encyclop\u00e9die de l'actualit\u00e9 sportive.","email":"bonjour@dicodusport.fr","legalName":"DICODUSPORT","foundingDate":"2018-01-14","vatID":"FR71834470973","taxID":"83447097300043","numberOfEmployees":{"@type":"QuantitativeValue","minValue":"1","maxValue":"10"}},{"@type":"Person","@id":"https:\/\/dicodusport.fr\/blog\/#\/schema\/person\/6db4bae06b171592211be385b32876a7","name":"Emilien Descampiaux","image":{"@type":"ImageObject","inLanguage":"fr-FR","@id":"https:\/\/dicodusport.fr\/blog\/#\/schema\/person\/image\/","url":"https:\/\/dicodusport.fr\/blog\/wp-content\/uploads\/2021\/05\/Emilien-Descampiaux-150x150.jpg","contentUrl":"https:\/\/dicodusport.fr\/blog\/wp-content\/uploads\/2021\/05\/Emilien-Descampiaux-150x150.jpg","caption":"Emilien Descampiaux"},"description":"Journaliste\/r\u00e9dacteur depuis 2014 - Fan de la classe de Frank Vandenbroucke, je vis cyclisme (et de ses paysages) depuis plus de 20 ans. Je suis tr\u00e8s impliqu\u00e9 sur mes diff\u00e9rents r\u00e9seaux sociaux pour partager ma passion sur le monde et l'Histoire de la bicyclette avec ma voix sur les images en noir et blanc du succ\u00e8s de Rik Van Steenbergen lors du Ronde sur le V\u00e9lodrome de Gand.","sameAs":["https:\/\/www.facebook.com\/groups\/LesRoisDuPeloton","https:\/\/x.com\/https:\/\/twitter.com\/LRoisDuPeloton"],"url":"https:\/\/dicodusport.fr\/blog\/author\/emiliend\/"}]}},"_links":{"self":[{"href":"https:\/\/dicodusport.fr\/blog\/wp-json\/wp\/v2\/posts\/133003","targetHints":{"allow":["GET"]}}],"collection":[{"href":"https:\/\/dicodusport.fr\/blog\/wp-json\/wp\/v2\/posts"}],"about":[{"href":"https:\/\/dicodusport.fr\/blog\/wp-json\/wp\/v2\/types\/post"}],"author":[{"embeddable":true,"href":"https:\/\/dicodusport.fr\/blog\/wp-json\/wp\/v2\/users\/48"}],"replies":[{"embeddable":true,"href":"https:\/\/dicodusport.fr\/blog\/wp-json\/wp\/v2\/comments?post=133003"}],"version-history":[{"count":0,"href":"https:\/\/dicodusport.fr\/blog\/wp-json\/wp\/v2\/posts\/133003\/revisions"}],"wp:featuredmedia":[{"embeddable":true,"href":"https:\/\/dicodusport.fr\/blog\/wp-json\/wp\/v2\/media\/133312"}],"wp:attachment":[{"href":"https:\/\/dicodusport.fr\/blog\/wp-json\/wp\/v2\/media?parent=133003"}],"wp:term":[{"taxonomy":"category","embeddable":true,"href":"https:\/\/dicodusport.fr\/blog\/wp-json\/wp\/v2\/categories?post=133003"},{"taxonomy":"post_tag","embeddable":true,"href":"https:\/\/dicodusport.fr\/blog\/wp-json\/wp\/v2\/tags?post=133003"}],"curies":[{"name":"wp","href":"https:\/\/api.w.org\/{rel}","templated":true}]}}