{"id":133112,"date":"2021-05-27T20:01:24","date_gmt":"2021-05-27T18:01:24","guid":{"rendered":"https:\/\/dicodusport.fr\/blog\/?p=133112"},"modified":"2021-06-09T21:32:09","modified_gmt":"2021-06-09T19:32:09","slug":"euro-2020-la-suisse-ne-veut-plus-etre-neutre","status":"publish","type":"post","link":"https:\/\/dicodusport.fr\/blog\/euro-2020-la-suisse-ne-veut-plus-etre-neutre\/","title":{"rendered":"Euro 2020 : La Suisse ne veut plus \u00eatre neutre"},"content":{"rendered":"<p style=\"text-align: justify;\"><em><strong><a href=\"https:\/\/dicodusport.fr\/blog\/actualites\/football\/euro-2020\/\">EURO 2020<\/a> &#8211; La r\u00e9daction de Dicodusport vous propose en pr\u00e9paration de l&rsquo;Euro 2020, une pr\u00e9sentation de chaque s\u00e9lection engag\u00e9e. Place aujourd&rsquo;hui \u00e0 la Suisse. La Nati, si elle est devenue une participante r\u00e9guli\u00e8re des derniers tournois majeurs, voudra d\u00e9sormais briser son plafond de verre.<\/strong><\/em><\/p>\n<h2 style=\"text-align: justify;\">Une histoire de la Suisse<\/h2>\n<p style=\"text-align: justify;\">Le palmar\u00e8s international de la <strong>Suisse<\/strong> ne peut nullement faire rougir les favoris du tournoi. Si les Helv\u00e8tes ont \u00e9t\u00e9 3 fois quart de finalistes du Mondial, le dernier date&#8230; de 1954 ! En ce qui concerne l&rsquo;<strong>Euro<\/strong>, nos voisins vont participer \u00e0 leur 5\u00e8me phase finale. A leur actif, une d\u00e9sillusion \u00e9norme en 2008. Co-organistrice du tournoi avec l<strong>&lsquo;Autriche<\/strong>, les co\u00e9quipiers d<strong>&lsquo;Alexander Frei<\/strong> n&rsquo;allaient pas passer la phase de poules. Maigre consolation tout de m\u00eame, une premi\u00e8re victoire dans une phase finale face au <strong>Portugal<\/strong> sur le score de 2-0. Un pass\u00e9 loin d&rsquo;\u00eatre des plus glorieux donc, et qui pourrait s&rsquo;av\u00e9rer \u00eatre inqui\u00e9tant au regard du tournoi qui d\u00e9bute le mois prochain. Mais depuis 2014 et la prise en main de la s\u00e9lection par <strong>Vladimir Petkovic<\/strong>, la donne est diff\u00e9rente. Depuis cette date, la s\u00e9lection n&rsquo;a rat\u00e9 aucun tournoi majeur.<\/p>\n<p style=\"text-align: justify;\">Mieux, les co\u00e9quipiers de <strong>Granit Xhaka<\/strong> ont m\u00eame toujours r\u00e9ussi \u00e0 passer la phase de poules. Cependant leur parcours s&rsquo;est \u00e0 chaque fois arr\u00eat\u00e9 en 8\u00e8mes de finale comme, \u00e0 <strong>l&rsquo;Euro en France en 2016<\/strong> face \u00e0 la<strong> Pologne<\/strong> et une fatale s\u00e9ance de tirs aux buts. Pour sa 5\u00e8me participation \u00e0 l&rsquo;Euro, la Suisse voudra donc franchir un cap. Et pour cela, elle pourra s&rsquo;appuyer sur ce qui reste son plus beau parcours lors d&rsquo;un tournoi international. En effet, lors de la saison 2018-2019, la <em>Nati<\/em> a r\u00e9ussi \u00e0 atteindre le dernier carr\u00e9 de la <strong>Ligue des Nations<\/strong>. Une d\u00e9faite face au futur vainqueur, le Portugal, dans les tous derniers instants du match. La Suisse serait-elle en passe de grandir ?<\/p>\n<h2 style=\"text-align: justify;\">La qualification de la Suisse pour l&rsquo;Euro 2020<\/h2>\n<p style=\"text-align: justify;\">Apr\u00e8s un d\u00e9but de campagne plut\u00f4t compliqu\u00e9, les Suisses sont sortis vainqueurs de leur groupe de qualification. Avec 17 points, ils ont devanc\u00e9 d&rsquo;une unit\u00e9 le <strong>Danemark<\/strong> qui verra lui aussi l&rsquo;<strong>Euro<\/strong>. Au contraire de l&rsquo;<strong>Eire, <\/strong>de la<strong> G\u00e9orgie <\/strong>et de <strong>Gibraltar<\/strong> qui faisaient \u00e9galement partie de ce groupe. Loin d&rsquo;\u00eatre la s\u00e9lection la plus impressionnante lors de cette phase de qualification, avec notamment un nul et une d\u00e9faite face aux Danois, la Suisse devra donc hausser le ton dans un groupe qui s&rsquo;av\u00e8re \u00eatre assez homog\u00e8ne derri\u00e8re l&rsquo;<strong>Italie.<\/strong><\/p>\n<h2 style=\"text-align: justify;\">Les joueurs \u00e0 suivre<\/h2>\n<p style=\"text-align: justify;\">On pourrait \u00e9voquer des joueurs phares comme<strong> Granit Xhaka<\/strong>, <strong>Yann Sommer<\/strong> ou <strong>Xherdan Shaqiri<\/strong>, mais notre choix s&rsquo;est port\u00e9 sur une potentielle r\u00e9v\u00e9lation. Il s&rsquo;agit de<strong> Ruben Vargas<\/strong>. Joueur de 22 ans, \u00e9voluant \u00e0<strong> Augsbourg<\/strong>, cet ailier gauche virevoltant qui pourrait donner des maux de t\u00eate aux d\u00e9fenses adverses, de part sa facult\u00e9 de percussion.<\/p>\n<div id=\"attachment_133302\" style=\"width: 1210px\" class=\"wp-caption aligncenter\"><a href=\"https:\/\/dicodusport.fr\/blog\/wp-content\/uploads\/2021\/05\/Ruben-Vargas.jpg\"><img loading=\"lazy\" decoding=\"async\" aria-describedby=\"caption-attachment-133302\" class=\"size-full wp-image-133302\" src=\"https:\/\/dicodusport.fr\/blog\/wp-content\/uploads\/2021\/05\/Ruben-Vargas.jpg\" alt=\"Ruben Vargas\" width=\"1200\" height=\"800\" srcset=\"https:\/\/dicodusport.fr\/blog\/wp-content\/uploads\/2021\/05\/Ruben-Vargas.jpg 1200w, https:\/\/dicodusport.fr\/blog\/wp-content\/uploads\/2021\/05\/Ruben-Vargas-300x200.jpg 300w, https:\/\/dicodusport.fr\/blog\/wp-content\/uploads\/2021\/05\/Ruben-Vargas-1024x683.jpg 1024w, https:\/\/dicodusport.fr\/blog\/wp-content\/uploads\/2021\/05\/Ruben-Vargas-768x512.jpg 768w\" sizes=\"auto, (max-width: 1200px) 100vw, 1200px\" \/><\/a><p id=\"caption-attachment-133302\" class=\"wp-caption-text\">Ruben Vargas &#8211; Photo TDG<\/p><\/div>\n<hr \/>\n<ul>\n<li style=\"text-align: justify;\"><span style=\"font-size: 20px;\"><strong>\u00c0 lire aussi \u2013 <a href=\"https:\/\/dicodusport.fr\/blog\/euro-2020-la-liste-de-la-suisse\/\">La liste de la Suisse<\/a><\/strong><\/span><\/li>\n<\/ul>\n<hr \/>\n<h2 style=\"text-align: justify;\">Le pronostic de la r\u00e9daction<\/h2>\n<p style=\"text-align: justify;\">Pr\u00e9sente dans le <a href=\"https:\/\/dicodusport.fr\/blog\/euro-2020-groupe-a-calendrier-et-classement\/\">groupe A<\/a> en compagnie de <strong>l&rsquo;Italie<\/strong>, de la <strong>Turquie<\/strong> et du <strong>Pays de Galles<\/strong>, la <strong>Suisse<\/strong> pourrait avoir un r\u00f4le \u00e0 jouer. Cependant, l&rsquo;entr\u00e9e en lice face aux Gallois risque d\u00e9j\u00e0 d&rsquo;\u00eatre d\u00e9terminante. Le faux pas est presque interdit pour pr\u00e9tendre \u00e0 une qualification. Si l&rsquo;Italie fait office de favori dans ce groupe, la lutte s&rsquo;annonce acharn\u00e9e. Mais on mise tout de m\u00eame sur une qualification des Helv\u00e8tes, pour qui un quart de finale serait d\u00e9j\u00e0 une r\u00e9elle performance.<\/p>\n<p style=\"text-align: justify;\"><span style=\"text-decoration: underline;\"><strong>Le calendrier de la Suisse \u00e0 l\u2019Euro<\/strong><\/span><\/p>\n<p style=\"text-align: justify;\"><strong>Samedi 12 juin (15h, beIN SPORTS) :<\/strong> Pays de Galles &#8211; Suisse<br \/>\n<strong>Mercredi 16 juin (21h, M6) :<\/strong>\u00a0Italie \u2013 Suisse<br \/>\n<strong>Dimanche 20 juin (18h, beIN SPORTS) :<\/strong> Suisse &#8211; Turquie<\/p>\n","protected":false},"excerpt":{"rendered":"<p>EURO 2020 &#8211; La r\u00e9daction de Dicodusport vous propose en pr\u00e9paration de l&rsquo;Euro 2020, une pr\u00e9sentation de chaque s\u00e9lection engag\u00e9e. Place aujourd&rsquo;hui \u00e0 la Suisse. La Nati, si ele est devenue une participante r\u00e9guli\u00e8re des derniers tournois majeurs, voudra d\u00e9sormais briser son plafond de verre.<\/p>\n","protected":false},"author":37,"featured_media":133299,"comment_status":"open","ping_status":"closed","sticky":false,"template":"","format":"standard","meta":{"_acf_changed":false,"_daextam_enable_autolinks":"","footnotes":""},"categories":[47044],"tags":[75,334],"class_list":["post-133112","post","type-post","status-publish","format-standard","has-post-thumbnail","hentry","category-euro-de-football","tag-football","tag-suisse"],"acf":[],"yoast_head":"<!-- This site is optimized with the Yoast SEO Premium plugin v26.7 (Yoast SEO v26.7) - https:\/\/yoast.com\/wordpress\/plugins\/seo\/ -->\n<title>Euro 2020 : La Suisse ne veut plus \u00eatre neutre<\/title>\n<meta name=\"description\" content=\"La r\u00e9daction de Dicodusport vous propose en amont de l&#039;Euro 2020 une pr\u00e9sentation de chaque \u00e9quipe engag\u00e9e. Place \u00e0 la Suisse.\" \/>\n<meta name=\"robots\" content=\"index, follow, max-snippet:-1, max-image-preview:large, max-video-preview:-1\" \/>\n<link rel=\"canonical\" href=\"https:\/\/dicodusport.fr\/blog\/euro-2020-la-suisse-ne-veut-plus-etre-neutre\/\" \/>\n<meta property=\"og:locale\" content=\"fr_FR\" \/>\n<meta property=\"og:type\" content=\"article\" \/>\n<meta property=\"og:title\" content=\"Euro 2020 : La Suisse ne veut plus \u00eatre neutre\" \/>\n<meta property=\"og:description\" content=\"La r\u00e9daction de Dicodusport vous propose en amont de l&#039;Euro 2020 une pr\u00e9sentation de chaque \u00e9quipe engag\u00e9e. Place \u00e0 la Suisse.\" \/>\n<meta property=\"og:url\" content=\"https:\/\/dicodusport.fr\/blog\/euro-2020-la-suisse-ne-veut-plus-etre-neutre\/\" \/>\n<meta property=\"og:site_name\" content=\"Dicodusport\" \/>\n<meta property=\"article:publisher\" content=\"https:\/\/www.facebook.com\/dicodusport\" \/>\n<meta property=\"article:author\" content=\"https:\/\/www.facebook.com\/julien.correia.52\" \/>\n<meta property=\"article:published_time\" content=\"2021-05-27T18:01:24+00:00\" \/>\n<meta property=\"article:modified_time\" content=\"2021-06-09T19:32:09+00:00\" \/>\n<meta property=\"og:image\" content=\"https:\/\/dicodusport.fr\/blog\/wp-content\/uploads\/2021\/05\/Euro-2020-La-Suisse-ne-veut-plus-etre-neutre.png\" \/>\n\t<meta property=\"og:image:width\" content=\"800\" \/>\n\t<meta property=\"og:image:height\" content=\"445\" \/>\n\t<meta property=\"og:image:type\" content=\"image\/png\" \/>\n<meta name=\"author\" content=\"Julien Correia\" \/>\n<meta name=\"twitter:card\" content=\"summary_large_image\" \/>\n<meta name=\"twitter:title\" content=\"Euro 2020 : La Suisse ne veut plus \u00eatre neutre\" \/>\n<meta name=\"twitter:creator\" content=\"@https:\/\/twitter.com\/julienco_psg70\" \/>\n<meta name=\"twitter:site\" content=\"@dicodusport\" \/>\n<script type=\"application\/ld+json\" class=\"yoast-schema-graph\">{\"@context\":\"https:\/\/schema.org\",\"@graph\":[{\"@type\":\"NewsArticle\",\"@id\":\"https:\/\/dicodusport.fr\/blog\/euro-2020-la-suisse-ne-veut-plus-etre-neutre\/#article\",\"isPartOf\":{\"@id\":\"https:\/\/dicodusport.fr\/blog\/euro-2020-la-suisse-ne-veut-plus-etre-neutre\/\"},\"author\":{\"name\":\"Julien Correia\",\"@id\":\"https:\/\/dicodusport.fr\/blog\/#\/schema\/person\/0f73d157e4670e108e23009fa82f2239\"},\"headline\":\"Euro 2020 : La Suisse ne veut plus \u00eatre neutre\",\"datePublished\":\"2021-05-27T18:01:24+00:00\",\"dateModified\":\"2021-06-09T19:32:09+00:00\",\"mainEntityOfPage\":{\"@id\":\"https:\/\/dicodusport.fr\/blog\/euro-2020-la-suisse-ne-veut-plus-etre-neutre\/\"},\"wordCount\":671,\"commentCount\":0,\"publisher\":{\"@id\":\"https:\/\/dicodusport.fr\/blog\/#organization\"},\"image\":{\"@id\":\"https:\/\/dicodusport.fr\/blog\/euro-2020-la-suisse-ne-veut-plus-etre-neutre\/#primaryimage\"},\"thumbnailUrl\":\"https:\/\/dicodusport.fr\/blog\/wp-content\/uploads\/2021\/05\/Euro-2020-La-Suisse-ne-veut-plus-etre-neutre.png\",\"keywords\":[\"Football\",\"Suisse\"],\"articleSection\":[\"Euro de football\"],\"inLanguage\":\"fr-FR\",\"potentialAction\":[{\"@type\":\"CommentAction\",\"name\":\"Comment\",\"target\":[\"https:\/\/dicodusport.fr\/blog\/euro-2020-la-suisse-ne-veut-plus-etre-neutre\/#respond\"]}],\"copyrightYear\":\"2021\",\"copyrightHolder\":{\"@id\":\"https:\/\/dicodusport.fr\/blog\/#organization\"}},{\"@type\":\"WebPage\",\"@id\":\"https:\/\/dicodusport.fr\/blog\/euro-2020-la-suisse-ne-veut-plus-etre-neutre\/\",\"url\":\"https:\/\/dicodusport.fr\/blog\/euro-2020-la-suisse-ne-veut-plus-etre-neutre\/\",\"name\":\"Euro 2020 : La Suisse ne veut plus \u00eatre neutre\",\"isPartOf\":{\"@id\":\"https:\/\/dicodusport.fr\/blog\/#website\"},\"primaryImageOfPage\":{\"@id\":\"https:\/\/dicodusport.fr\/blog\/euro-2020-la-suisse-ne-veut-plus-etre-neutre\/#primaryimage\"},\"image\":{\"@id\":\"https:\/\/dicodusport.fr\/blog\/euro-2020-la-suisse-ne-veut-plus-etre-neutre\/#primaryimage\"},\"thumbnailUrl\":\"https:\/\/dicodusport.fr\/blog\/wp-content\/uploads\/2021\/05\/Euro-2020-La-Suisse-ne-veut-plus-etre-neutre.png\",\"datePublished\":\"2021-05-27T18:01:24+00:00\",\"dateModified\":\"2021-06-09T19:32:09+00:00\",\"description\":\"La r\u00e9daction de Dicodusport vous propose en amont de l'Euro 2020 une pr\u00e9sentation de chaque \u00e9quipe engag\u00e9e. Place \u00e0 la Suisse.\",\"breadcrumb\":{\"@id\":\"https:\/\/dicodusport.fr\/blog\/euro-2020-la-suisse-ne-veut-plus-etre-neutre\/#breadcrumb\"},\"inLanguage\":\"fr-FR\",\"potentialAction\":[{\"@type\":\"ReadAction\",\"target\":[\"https:\/\/dicodusport.fr\/blog\/euro-2020-la-suisse-ne-veut-plus-etre-neutre\/\"]}]},{\"@type\":\"ImageObject\",\"inLanguage\":\"fr-FR\",\"@id\":\"https:\/\/dicodusport.fr\/blog\/euro-2020-la-suisse-ne-veut-plus-etre-neutre\/#primaryimage\",\"url\":\"https:\/\/dicodusport.fr\/blog\/wp-content\/uploads\/2021\/05\/Euro-2020-La-Suisse-ne-veut-plus-etre-neutre.png\",\"contentUrl\":\"https:\/\/dicodusport.fr\/blog\/wp-content\/uploads\/2021\/05\/Euro-2020-La-Suisse-ne-veut-plus-etre-neutre.png\",\"width\":800,\"height\":445,\"caption\":\"Euro 2020 : La Suisse ne veut plus \u00eatre neutre\"},{\"@type\":\"BreadcrumbList\",\"@id\":\"https:\/\/dicodusport.fr\/blog\/euro-2020-la-suisse-ne-veut-plus-etre-neutre\/#breadcrumb\",\"itemListElement\":[{\"@type\":\"ListItem\",\"position\":1,\"name\":\"Accueil\",\"item\":\"https:\/\/dicodusport.fr\/blog\/\"},{\"@type\":\"ListItem\",\"position\":2,\"name\":\"Euro 2020 : La Suisse ne veut plus \u00eatre neutre\"}]},{\"@type\":\"WebSite\",\"@id\":\"https:\/\/dicodusport.fr\/blog\/#website\",\"url\":\"https:\/\/dicodusport.fr\/blog\/\",\"name\":\"Dicodusport\",\"description\":\"L&#039;encyclop\u00e9die de l&#039;actualit\u00e9 sportive\",\"publisher\":{\"@id\":\"https:\/\/dicodusport.fr\/blog\/#organization\"},\"potentialAction\":[{\"@type\":\"SearchAction\",\"target\":{\"@type\":\"EntryPoint\",\"urlTemplate\":\"https:\/\/dicodusport.fr\/blog\/?s={search_term_string}\"},\"query-input\":{\"@type\":\"PropertyValueSpecification\",\"valueRequired\":true,\"valueName\":\"search_term_string\"}}],\"inLanguage\":\"fr-FR\"},{\"@type\":\"NewsMediaOrganization\",\"@id\":\"https:\/\/dicodusport.fr\/blog\/#organization\",\"name\":\"Dicodusport\",\"url\":\"https:\/\/dicodusport.fr\/blog\/\",\"logo\":{\"@type\":\"ImageObject\",\"inLanguage\":\"fr-FR\",\"@id\":\"https:\/\/dicodusport.fr\/blog\/#\/schema\/logo\/image\/\",\"url\":\"https:\/\/dicodusport.fr\/blog\/wp-content\/uploads\/2020\/06\/cropped-LOGO-DICODUSPORT-2020-SANS-FOND-SANS-TEXTE.png\",\"contentUrl\":\"https:\/\/dicodusport.fr\/blog\/wp-content\/uploads\/2020\/06\/cropped-LOGO-DICODUSPORT-2020-SANS-FOND-SANS-TEXTE.png\",\"width\":512,\"height\":512,\"caption\":\"Dicodusport\"},\"image\":{\"@id\":\"https:\/\/dicodusport.fr\/blog\/#\/schema\/logo\/image\/\"},\"sameAs\":[\"https:\/\/www.facebook.com\/dicodusport\",\"https:\/\/x.com\/dicodusport\",\"https:\/\/www.instagram.com\/dicodusport\/\",\"https:\/\/www.youtube.com\/channel\/UC7V2KZ5sd3htJivAbA4ZG3w\"],\"description\":\"Dicodusport est l'encyclop\u00e9die de l'actualit\u00e9 sportive.\",\"email\":\"bonjour@dicodusport.fr\",\"legalName\":\"DICODUSPORT\",\"foundingDate\":\"2018-01-14\",\"vatID\":\"FR71834470973\",\"taxID\":\"83447097300043\",\"numberOfEmployees\":{\"@type\":\"QuantitativeValue\",\"minValue\":\"1\",\"maxValue\":\"10\"}},{\"@type\":\"Person\",\"@id\":\"https:\/\/dicodusport.fr\/blog\/#\/schema\/person\/0f73d157e4670e108e23009fa82f2239\",\"name\":\"Julien Correia\",\"image\":{\"@type\":\"ImageObject\",\"inLanguage\":\"fr-FR\",\"@id\":\"https:\/\/dicodusport.fr\/blog\/#\/schema\/person\/image\/\",\"url\":\"https:\/\/dicodusport.fr\/blog\/wp-content\/uploads\/2021\/05\/Julien-Correia-150x150.jpg\",\"contentUrl\":\"https:\/\/dicodusport.fr\/blog\/wp-content\/uploads\/2021\/05\/Julien-Correia-150x150.jpg\",\"caption\":\"Julien Correia\"},\"description\":\"Journaliste\/r\u00e9dacteur depuis janvier 2019 - Tomb\u00e9 dans le monde du ballon rond \u00e9tant petit, j\u2019aurais pu devenir pro sans ces foutus ligaments crois\u00e9s. D\u00e9filant sur les champs (mais pas Elys\u00e9es) en 98, j\u2019ai \u00e9t\u00e9 berc\u00e9 par les exploits de Mister George, piqu\u00e9 par la technique du Snake, grandi avec Captain Rai et Ronnie, m\u00fbri avec Pauleta et Edi. Mais Ibracadabra, je suis d\u00e9sormais reconverti en runner\/traileur. Moins rapide que Bolt et moins endurant que Jornet, c\u2019est donc plume \u00e0 la main que je partage les exploits de ces athl\u00e8tes !\",\"sameAs\":[\"https:\/\/www.facebook.com\/julien.correia.52\",\"https:\/\/x.com\/https:\/\/twitter.com\/julienco_psg70\"],\"url\":\"https:\/\/dicodusport.fr\/blog\/author\/julien-c\/\"}]}<\/script>\n<!-- \/ Yoast SEO Premium plugin. -->","yoast_head_json":{"title":"Euro 2020 : La Suisse ne veut plus \u00eatre neutre","description":"La r\u00e9daction de Dicodusport vous propose en amont de l'Euro 2020 une pr\u00e9sentation de chaque \u00e9quipe engag\u00e9e. Place \u00e0 la Suisse.","robots":{"index":"index","follow":"follow","max-snippet":"max-snippet:-1","max-image-preview":"max-image-preview:large","max-video-preview":"max-video-preview:-1"},"canonical":"https:\/\/dicodusport.fr\/blog\/euro-2020-la-suisse-ne-veut-plus-etre-neutre\/","og_locale":"fr_FR","og_type":"article","og_title":"Euro 2020 : La Suisse ne veut plus \u00eatre neutre","og_description":"La r\u00e9daction de Dicodusport vous propose en amont de l'Euro 2020 une pr\u00e9sentation de chaque \u00e9quipe engag\u00e9e. Place \u00e0 la Suisse.","og_url":"https:\/\/dicodusport.fr\/blog\/euro-2020-la-suisse-ne-veut-plus-etre-neutre\/","og_site_name":"Dicodusport","article_publisher":"https:\/\/www.facebook.com\/dicodusport","article_author":"https:\/\/www.facebook.com\/julien.correia.52","article_published_time":"2021-05-27T18:01:24+00:00","article_modified_time":"2021-06-09T19:32:09+00:00","og_image":[{"width":800,"height":445,"url":"https:\/\/dicodusport.fr\/blog\/wp-content\/uploads\/2021\/05\/Euro-2020-La-Suisse-ne-veut-plus-etre-neutre.png","type":"image\/png"}],"author":"Julien Correia","twitter_card":"summary_large_image","twitter_title":"Euro 2020 : La Suisse ne veut plus \u00eatre neutre","twitter_creator":"@https:\/\/twitter.com\/julienco_psg70","twitter_site":"@dicodusport","schema":{"@context":"https:\/\/schema.org","@graph":[{"@type":"NewsArticle","@id":"https:\/\/dicodusport.fr\/blog\/euro-2020-la-suisse-ne-veut-plus-etre-neutre\/#article","isPartOf":{"@id":"https:\/\/dicodusport.fr\/blog\/euro-2020-la-suisse-ne-veut-plus-etre-neutre\/"},"author":{"name":"Julien Correia","@id":"https:\/\/dicodusport.fr\/blog\/#\/schema\/person\/0f73d157e4670e108e23009fa82f2239"},"headline":"Euro 2020 : La Suisse ne veut plus \u00eatre neutre","datePublished":"2021-05-27T18:01:24+00:00","dateModified":"2021-06-09T19:32:09+00:00","mainEntityOfPage":{"@id":"https:\/\/dicodusport.fr\/blog\/euro-2020-la-suisse-ne-veut-plus-etre-neutre\/"},"wordCount":671,"commentCount":0,"publisher":{"@id":"https:\/\/dicodusport.fr\/blog\/#organization"},"image":{"@id":"https:\/\/dicodusport.fr\/blog\/euro-2020-la-suisse-ne-veut-plus-etre-neutre\/#primaryimage"},"thumbnailUrl":"https:\/\/dicodusport.fr\/blog\/wp-content\/uploads\/2021\/05\/Euro-2020-La-Suisse-ne-veut-plus-etre-neutre.png","keywords":["Football","Suisse"],"articleSection":["Euro de football"],"inLanguage":"fr-FR","potentialAction":[{"@type":"CommentAction","name":"Comment","target":["https:\/\/dicodusport.fr\/blog\/euro-2020-la-suisse-ne-veut-plus-etre-neutre\/#respond"]}],"copyrightYear":"2021","copyrightHolder":{"@id":"https:\/\/dicodusport.fr\/blog\/#organization"}},{"@type":"WebPage","@id":"https:\/\/dicodusport.fr\/blog\/euro-2020-la-suisse-ne-veut-plus-etre-neutre\/","url":"https:\/\/dicodusport.fr\/blog\/euro-2020-la-suisse-ne-veut-plus-etre-neutre\/","name":"Euro 2020 : La Suisse ne veut plus \u00eatre neutre","isPartOf":{"@id":"https:\/\/dicodusport.fr\/blog\/#website"},"primaryImageOfPage":{"@id":"https:\/\/dicodusport.fr\/blog\/euro-2020-la-suisse-ne-veut-plus-etre-neutre\/#primaryimage"},"image":{"@id":"https:\/\/dicodusport.fr\/blog\/euro-2020-la-suisse-ne-veut-plus-etre-neutre\/#primaryimage"},"thumbnailUrl":"https:\/\/dicodusport.fr\/blog\/wp-content\/uploads\/2021\/05\/Euro-2020-La-Suisse-ne-veut-plus-etre-neutre.png","datePublished":"2021-05-27T18:01:24+00:00","dateModified":"2021-06-09T19:32:09+00:00","description":"La r\u00e9daction de Dicodusport vous propose en amont de l'Euro 2020 une pr\u00e9sentation de chaque \u00e9quipe engag\u00e9e. Place \u00e0 la Suisse.","breadcrumb":{"@id":"https:\/\/dicodusport.fr\/blog\/euro-2020-la-suisse-ne-veut-plus-etre-neutre\/#breadcrumb"},"inLanguage":"fr-FR","potentialAction":[{"@type":"ReadAction","target":["https:\/\/dicodusport.fr\/blog\/euro-2020-la-suisse-ne-veut-plus-etre-neutre\/"]}]},{"@type":"ImageObject","inLanguage":"fr-FR","@id":"https:\/\/dicodusport.fr\/blog\/euro-2020-la-suisse-ne-veut-plus-etre-neutre\/#primaryimage","url":"https:\/\/dicodusport.fr\/blog\/wp-content\/uploads\/2021\/05\/Euro-2020-La-Suisse-ne-veut-plus-etre-neutre.png","contentUrl":"https:\/\/dicodusport.fr\/blog\/wp-content\/uploads\/2021\/05\/Euro-2020-La-Suisse-ne-veut-plus-etre-neutre.png","width":800,"height":445,"caption":"Euro 2020 : La Suisse ne veut plus \u00eatre neutre"},{"@type":"BreadcrumbList","@id":"https:\/\/dicodusport.fr\/blog\/euro-2020-la-suisse-ne-veut-plus-etre-neutre\/#breadcrumb","itemListElement":[{"@type":"ListItem","position":1,"name":"Accueil","item":"https:\/\/dicodusport.fr\/blog\/"},{"@type":"ListItem","position":2,"name":"Euro 2020 : La Suisse ne veut plus \u00eatre neutre"}]},{"@type":"WebSite","@id":"https:\/\/dicodusport.fr\/blog\/#website","url":"https:\/\/dicodusport.fr\/blog\/","name":"Dicodusport","description":"L&#039;encyclop\u00e9die de l&#039;actualit\u00e9 sportive","publisher":{"@id":"https:\/\/dicodusport.fr\/blog\/#organization"},"potentialAction":[{"@type":"SearchAction","target":{"@type":"EntryPoint","urlTemplate":"https:\/\/dicodusport.fr\/blog\/?s={search_term_string}"},"query-input":{"@type":"PropertyValueSpecification","valueRequired":true,"valueName":"search_term_string"}}],"inLanguage":"fr-FR"},{"@type":"NewsMediaOrganization","@id":"https:\/\/dicodusport.fr\/blog\/#organization","name":"Dicodusport","url":"https:\/\/dicodusport.fr\/blog\/","logo":{"@type":"ImageObject","inLanguage":"fr-FR","@id":"https:\/\/dicodusport.fr\/blog\/#\/schema\/logo\/image\/","url":"https:\/\/dicodusport.fr\/blog\/wp-content\/uploads\/2020\/06\/cropped-LOGO-DICODUSPORT-2020-SANS-FOND-SANS-TEXTE.png","contentUrl":"https:\/\/dicodusport.fr\/blog\/wp-content\/uploads\/2020\/06\/cropped-LOGO-DICODUSPORT-2020-SANS-FOND-SANS-TEXTE.png","width":512,"height":512,"caption":"Dicodusport"},"image":{"@id":"https:\/\/dicodusport.fr\/blog\/#\/schema\/logo\/image\/"},"sameAs":["https:\/\/www.facebook.com\/dicodusport","https:\/\/x.com\/dicodusport","https:\/\/www.instagram.com\/dicodusport\/","https:\/\/www.youtube.com\/channel\/UC7V2KZ5sd3htJivAbA4ZG3w"],"description":"Dicodusport est l'encyclop\u00e9die de l'actualit\u00e9 sportive.","email":"bonjour@dicodusport.fr","legalName":"DICODUSPORT","foundingDate":"2018-01-14","vatID":"FR71834470973","taxID":"83447097300043","numberOfEmployees":{"@type":"QuantitativeValue","minValue":"1","maxValue":"10"}},{"@type":"Person","@id":"https:\/\/dicodusport.fr\/blog\/#\/schema\/person\/0f73d157e4670e108e23009fa82f2239","name":"Julien Correia","image":{"@type":"ImageObject","inLanguage":"fr-FR","@id":"https:\/\/dicodusport.fr\/blog\/#\/schema\/person\/image\/","url":"https:\/\/dicodusport.fr\/blog\/wp-content\/uploads\/2021\/05\/Julien-Correia-150x150.jpg","contentUrl":"https:\/\/dicodusport.fr\/blog\/wp-content\/uploads\/2021\/05\/Julien-Correia-150x150.jpg","caption":"Julien Correia"},"description":"Journaliste\/r\u00e9dacteur depuis janvier 2019 - Tomb\u00e9 dans le monde du ballon rond \u00e9tant petit, j\u2019aurais pu devenir pro sans ces foutus ligaments crois\u00e9s. D\u00e9filant sur les champs (mais pas Elys\u00e9es) en 98, j\u2019ai \u00e9t\u00e9 berc\u00e9 par les exploits de Mister George, piqu\u00e9 par la technique du Snake, grandi avec Captain Rai et Ronnie, m\u00fbri avec Pauleta et Edi. Mais Ibracadabra, je suis d\u00e9sormais reconverti en runner\/traileur. Moins rapide que Bolt et moins endurant que Jornet, c\u2019est donc plume \u00e0 la main que je partage les exploits de ces athl\u00e8tes !","sameAs":["https:\/\/www.facebook.com\/julien.correia.52","https:\/\/x.com\/https:\/\/twitter.com\/julienco_psg70"],"url":"https:\/\/dicodusport.fr\/blog\/author\/julien-c\/"}]}},"_links":{"self":[{"href":"https:\/\/dicodusport.fr\/blog\/wp-json\/wp\/v2\/posts\/133112","targetHints":{"allow":["GET"]}}],"collection":[{"href":"https:\/\/dicodusport.fr\/blog\/wp-json\/wp\/v2\/posts"}],"about":[{"href":"https:\/\/dicodusport.fr\/blog\/wp-json\/wp\/v2\/types\/post"}],"author":[{"embeddable":true,"href":"https:\/\/dicodusport.fr\/blog\/wp-json\/wp\/v2\/users\/37"}],"replies":[{"embeddable":true,"href":"https:\/\/dicodusport.fr\/blog\/wp-json\/wp\/v2\/comments?post=133112"}],"version-history":[{"count":0,"href":"https:\/\/dicodusport.fr\/blog\/wp-json\/wp\/v2\/posts\/133112\/revisions"}],"wp:featuredmedia":[{"embeddable":true,"href":"https:\/\/dicodusport.fr\/blog\/wp-json\/wp\/v2\/media\/133299"}],"wp:attachment":[{"href":"https:\/\/dicodusport.fr\/blog\/wp-json\/wp\/v2\/media?parent=133112"}],"wp:term":[{"taxonomy":"category","embeddable":true,"href":"https:\/\/dicodusport.fr\/blog\/wp-json\/wp\/v2\/categories?post=133112"},{"taxonomy":"post_tag","embeddable":true,"href":"https:\/\/dicodusport.fr\/blog\/wp-json\/wp\/v2\/tags?post=133112"}],"curies":[{"name":"wp","href":"https:\/\/api.w.org\/{rel}","templated":true}]}}