{"id":133705,"date":"2021-05-29T13:39:32","date_gmt":"2021-05-29T11:39:32","guid":{"rendered":"https:\/\/dicodusport.fr\/blog\/?p=133705"},"modified":"2021-06-09T21:35:02","modified_gmt":"2021-06-09T19:35:02","slug":"euro-2020-belgique-ou-possession-d-un-reve","status":"publish","type":"post","link":"https:\/\/dicodusport.fr\/blog\/euro-2020-belgique-ou-possession-d-un-reve\/","title":{"rendered":"Euro 2020 : la Belgique, ou la possession d&rsquo;un r\u00eave"},"content":{"rendered":"<p style=\"text-align: justify;\"><em><strong><a href=\"https:\/\/dicodusport.fr\/blog\/actualites\/football\/euro-2020\/\">EURO 2020<\/a> \u2013 La r\u00e9daction de Dicodusport vous propose en pr\u00e9paration de l\u2019Euro 2020 une pr\u00e9sentation de chaque s\u00e9lection engag\u00e9e. Aujourd&rsquo;hui, c&rsquo;est du lourd avec un grand favori : la Belgique.<br \/>\n<\/strong><\/em><\/p>\n<h2 style=\"text-align: justify;\">Une histoire de la Belgique<\/h2>\n<p style=\"text-align: justify;\">C&rsquo;est une \u00e9quipe qui se cherche toujours un destin international. Voil\u00e0 plusieurs ann\u00e9es que <strong>la Belgique<\/strong> est annonc\u00e9e comme un \u00e9pouvantail. Voil\u00e0 plusieurs ann\u00e9es qu&rsquo;elle n&rsquo;en finit pas de d\u00e9cevoir. Des ann\u00e9es glorieuses, l&rsquo;\u00e9quipe masculine belge de football en a connu quelques-unes.<\/p>\n<p style=\"text-align: justify;\">La premi\u00e8re d&rsquo;entre elles traverse les ann\u00e9es 1980 et commence par une surprise. A l&rsquo;Euro italien de 1980, <strong>les Diables Rouges<\/strong> s&rsquo;en vont d\u00e9fier la RFA en finale. Ils avaient tenu t\u00eate \u00e0 un groupe compos\u00e9 de l&rsquo;Italie, de l&rsquo;Espagne et de l&rsquo;Angleterre. En finale, les hommes de <strong>Guy Thys<\/strong> perdent 2-1. Il faudra attendre le championnat d&rsquo;Europe en France en 2016 pour que <strong>les Belges<\/strong> retrouvent le go\u00fbt des cimes. Un go\u00fbt jusqu&rsquo;\u00e0 pr\u00e9sent pas davantage r\u00e9compens\u00e9 qu&rsquo;une troisi\u00e8me place glan\u00e9e en Russie en 2018, lors du dernier Mondial.<\/p>\n<h2 style=\"text-align: justify;\">Les \u00e9liminatoires de la Belgique pour l&rsquo;Euro 2020<\/h2>\n<p style=\"text-align: justify;\">Le parcours de <strong>la Belgique<\/strong> a \u00e9t\u00e9 tr\u00e8s facile. 10 matchs, 10 victoires, merci au revoir. Les hommes de <strong>Roberto Martinez<\/strong> avaient h\u00e9rit\u00e9 d&rsquo;un groupe largement \u00e0 leur port\u00e9e. Ils devaient se d\u00e9partir de la Russie, de l\u2019\u00c9cosse, de Chypre, du Kazakhstan et de Saint-Marin.<\/p>\n<p style=\"text-align: justify;\">Les matchs spectaculaires seront bien s\u00fbr rest\u00e9s dans les m\u00e9moires outre-Qui\u00e9vrain. Les fess\u00e9es 6-1 et 9-0 respectivement administr\u00e9es \u00e0 Chypre et Saint-Marin en font partie. Meilleure attaque et meilleure d\u00e9fense, <strong>la Belgique<\/strong> sort des \u00e9liminatoires comme la meilleure \u00e9quipe du lot. De quoi faire rougir quelques diables.<\/p>\n<h2 style=\"text-align: justify;\">Les joueurs belges \u00e0 suivre<\/h2>\n<p style=\"text-align: justify;\">La meilleure d\u00e9fense, c&rsquo;est l&rsquo;attaque parait-il. A ce compte-l\u00e0, <strong>la Belgique<\/strong> pourrait bien \u00eatre une \u00e9quipe imbattable. Les munitions offensives belges semblent, sinon illimit\u00e9es, en tout cas devoir faire peur \u00e0 beaucoup d&rsquo;engag\u00e9s. Dans l&rsquo;animation offensives des <strong>Diables Rzouges<\/strong>, on pense \u00e9videment \u00e0 <strong>Kevin De Bruyne, Youri Tielemans <\/strong>et<strong> Eden Hazard<\/strong>. Ces trois-l\u00e0 auront pour mission d&rsquo;alimenter la machine \u00e0 buts, <strong>Romelu Lukaku<\/strong>.<\/p>\n<p style=\"text-align: justify;\">C&rsquo;est tout de m\u00eame derri\u00e8re que la machine belge pourrait semble plus gripp\u00e9e. Si <strong>Thibaut Courtois<\/strong> semble revenir \u00e0 son plus haut niveau, le reste des d\u00e9fenseurs ne semble pas tout \u00e0 fait \u00e0 la mesure. C&rsquo;est l\u00e0 leur point faible.<\/p>\n<div id=\"attachment_133772\" style=\"width: 2570px\" class=\"wp-caption aligncenter\"><a href=\"https:\/\/dicodusport.fr\/blog\/wp-content\/uploads\/2021\/05\/Thibaut-Courtois-scaled.jpg\"><img loading=\"lazy\" decoding=\"async\" aria-describedby=\"caption-attachment-133772\" class=\"size-full wp-image-133772\" src=\"https:\/\/dicodusport.fr\/blog\/wp-content\/uploads\/2021\/05\/Thibaut-Courtois-scaled.jpg\" alt=\"Thibaut Courtois\" width=\"2560\" height=\"1707\" srcset=\"https:\/\/dicodusport.fr\/blog\/wp-content\/uploads\/2021\/05\/Thibaut-Courtois-scaled.jpg 2560w, https:\/\/dicodusport.fr\/blog\/wp-content\/uploads\/2021\/05\/Thibaut-Courtois-300x200.jpg 300w, https:\/\/dicodusport.fr\/blog\/wp-content\/uploads\/2021\/05\/Thibaut-Courtois-1024x683.jpg 1024w, https:\/\/dicodusport.fr\/blog\/wp-content\/uploads\/2021\/05\/Thibaut-Courtois-768x512.jpg 768w, https:\/\/dicodusport.fr\/blog\/wp-content\/uploads\/2021\/05\/Thibaut-Courtois-1536x1024.jpg 1536w, https:\/\/dicodusport.fr\/blog\/wp-content\/uploads\/2021\/05\/Thibaut-Courtois-2048x1366.jpg 2048w\" sizes=\"auto, (max-width: 2560px) 100vw, 2560px\" \/><\/a><p id=\"caption-attachment-133772\" class=\"wp-caption-text\">Thibaut Courtois &#8211; Photo Belgian Red Devils<\/p><\/div>\n<hr \/>\n<ul>\n<li style=\"text-align: justify;\"><span style=\"font-size: 20px;\"><strong>\u00c0 lire aussi &#8211; <a href=\"https:\/\/dicodusport.fr\/blog\/euro-2020-liste-belgique\/\">La liste de la Belgique<\/a><\/strong><\/span><\/li>\n<\/ul>\n<hr \/>\n<h2 style=\"text-align: justify;\">Notre pronostic<\/h2>\n<p style=\"text-align: justify;\"><strong>La Belgique<\/strong> abordera une nouvelle fois une comp\u00e9tition internationale avec la pancarte du favori. Une pancarte qui a toutefois sembl\u00e9 trop lourde dans le pass\u00e9. Aucun probl\u00e8me a priori pour passer la phase de groupes et le <strong>Danemark<\/strong>, la <strong>Finlande<\/strong> et la <strong>Russie<\/strong>\u00a0au sein du <a href=\"https:\/\/dicodusport.fr\/blog\/euro-2020-groupe-b-calendrier-et-classement\/\">groupe B<\/a>. Leur statut les oblige presque \u00e0 accrocher le dernier carr\u00e9 de la comp\u00e9tition.<\/p>\n<h2 style=\"text-align: justify;\"><strong>Le calendrier du Danemark \u00e0 l\u2019Euro<\/strong><\/h2>\n<p style=\"text-align: justify;\"><strong>Samedi 12 juin (21h, M6) :<\/strong> Belgique \u2013 Russie<br \/>\n<strong>Jeudi 17 juin (18h, beIN SPORTS) :<\/strong>\u00a0Danemark \u2013 Belgique<br \/>\n<strong>Lundi 21 juin (21h, beIN SPORTS) :<\/strong> Finlande &#8211; Belgique<\/p>\n","protected":false},"excerpt":{"rendered":"<p>EURO 2020 \u2013 La r\u00e9daction de Dicodusport vous propose en pr\u00e9paration de l\u2019Euro 2020 une pr\u00e9sentation de chaque s\u00e9lection engag\u00e9e. Aujourd&rsquo;hui, c&rsquo;est du lourd avec un grand favori : la Belgique.<\/p>\n","protected":false},"author":40,"featured_media":133775,"comment_status":"open","ping_status":"closed","sticky":false,"template":"","format":"standard","meta":{"_acf_changed":false,"_daextam_enable_autolinks":"","footnotes":""},"categories":[47044],"tags":[373,75],"class_list":["post-133705","post","type-post","status-publish","format-standard","has-post-thumbnail","hentry","category-euro-de-football","tag-belgique","tag-football"],"acf":[],"yoast_head":"<!-- This site is optimized with the Yoast SEO Premium plugin v26.7 (Yoast SEO v26.7) - https:\/\/yoast.com\/wordpress\/plugins\/seo\/ -->\n<title>- Euro 2020 : la Belgique, ou la possession d&#039;un r\u00eave Dicodusport<\/title>\n<meta name=\"description\" content=\"La r\u00e9daction de Dicodusport vous propose en pr\u00e9paration de l\u2019Euro 2020 une pr\u00e9sentation de chaque s\u00e9lection engag\u00e9e. Aujourd&#039;hui, la Belgique.\" \/>\n<meta name=\"robots\" content=\"index, follow, max-snippet:-1, max-image-preview:large, max-video-preview:-1\" \/>\n<link rel=\"canonical\" href=\"https:\/\/dicodusport.fr\/blog\/euro-2020-belgique-ou-possession-d-un-reve\/\" \/>\n<meta property=\"og:locale\" content=\"fr_FR\" \/>\n<meta property=\"og:type\" content=\"article\" \/>\n<meta property=\"og:title\" content=\"Euro 2020 : la Belgique, ou la possession d&#039;un r\u00eave\" \/>\n<meta property=\"og:description\" content=\"La r\u00e9daction de Dicodusport vous propose en pr\u00e9paration de l\u2019Euro 2020 une pr\u00e9sentation de chaque s\u00e9lection engag\u00e9e. Aujourd&#039;hui, la Belgique.\" \/>\n<meta property=\"og:url\" content=\"https:\/\/dicodusport.fr\/blog\/euro-2020-belgique-ou-possession-d-un-reve\/\" \/>\n<meta property=\"og:site_name\" content=\"Dicodusport\" \/>\n<meta property=\"article:publisher\" content=\"https:\/\/www.facebook.com\/dicodusport\" \/>\n<meta property=\"article:published_time\" content=\"2021-05-29T11:39:32+00:00\" \/>\n<meta property=\"article:modified_time\" content=\"2021-06-09T19:35:02+00:00\" \/>\n<meta property=\"og:image\" content=\"https:\/\/dicodusport.fr\/blog\/wp-content\/uploads\/2021\/05\/Euro-2020-La-Belgique-ou-la-possession-dun-reve.png\" \/>\n\t<meta property=\"og:image:width\" content=\"800\" \/>\n\t<meta property=\"og:image:height\" content=\"445\" \/>\n\t<meta property=\"og:image:type\" content=\"image\/png\" \/>\n<meta name=\"author\" content=\"Jordane Mougenot-Pelletier\" \/>\n<meta name=\"twitter:card\" content=\"summary_large_image\" \/>\n<meta name=\"twitter:title\" content=\"Euro 2020 : la Belgique, ou la possession d&#039;un r\u00eave\" \/>\n<meta name=\"twitter:creator\" content=\"@https:\/\/twitter.com\/jmp_pmj\" \/>\n<meta name=\"twitter:site\" content=\"@dicodusport\" \/>\n<script type=\"application\/ld+json\" class=\"yoast-schema-graph\">{\"@context\":\"https:\/\/schema.org\",\"@graph\":[{\"@type\":\"NewsArticle\",\"@id\":\"https:\/\/dicodusport.fr\/blog\/euro-2020-belgique-ou-possession-d-un-reve\/#article\",\"isPartOf\":{\"@id\":\"https:\/\/dicodusport.fr\/blog\/euro-2020-belgique-ou-possession-d-un-reve\/\"},\"author\":{\"name\":\"Jordane Mougenot-Pelletier\",\"@id\":\"https:\/\/dicodusport.fr\/blog\/#\/schema\/person\/20a73cde459581e727623fffec174040\"},\"headline\":\"Euro 2020 : la Belgique, ou la possession d&rsquo;un r\u00eave\",\"datePublished\":\"2021-05-29T11:39:32+00:00\",\"dateModified\":\"2021-06-09T19:35:02+00:00\",\"mainEntityOfPage\":{\"@id\":\"https:\/\/dicodusport.fr\/blog\/euro-2020-belgique-ou-possession-d-un-reve\/\"},\"wordCount\":543,\"commentCount\":0,\"publisher\":{\"@id\":\"https:\/\/dicodusport.fr\/blog\/#organization\"},\"image\":{\"@id\":\"https:\/\/dicodusport.fr\/blog\/euro-2020-belgique-ou-possession-d-un-reve\/#primaryimage\"},\"thumbnailUrl\":\"https:\/\/dicodusport.fr\/blog\/wp-content\/uploads\/2021\/05\/Euro-2020-La-Belgique-ou-la-possession-dun-reve.png\",\"keywords\":[\"Belgique\",\"Football\"],\"articleSection\":[\"Euro de football\"],\"inLanguage\":\"fr-FR\",\"potentialAction\":[{\"@type\":\"CommentAction\",\"name\":\"Comment\",\"target\":[\"https:\/\/dicodusport.fr\/blog\/euro-2020-belgique-ou-possession-d-un-reve\/#respond\"]}],\"copyrightYear\":\"2021\",\"copyrightHolder\":{\"@id\":\"https:\/\/dicodusport.fr\/blog\/#organization\"}},{\"@type\":\"WebPage\",\"@id\":\"https:\/\/dicodusport.fr\/blog\/euro-2020-belgique-ou-possession-d-un-reve\/\",\"url\":\"https:\/\/dicodusport.fr\/blog\/euro-2020-belgique-ou-possession-d-un-reve\/\",\"name\":\"- Euro 2020 : la Belgique, ou la possession d'un r\u00eave Dicodusport\",\"isPartOf\":{\"@id\":\"https:\/\/dicodusport.fr\/blog\/#website\"},\"primaryImageOfPage\":{\"@id\":\"https:\/\/dicodusport.fr\/blog\/euro-2020-belgique-ou-possession-d-un-reve\/#primaryimage\"},\"image\":{\"@id\":\"https:\/\/dicodusport.fr\/blog\/euro-2020-belgique-ou-possession-d-un-reve\/#primaryimage\"},\"thumbnailUrl\":\"https:\/\/dicodusport.fr\/blog\/wp-content\/uploads\/2021\/05\/Euro-2020-La-Belgique-ou-la-possession-dun-reve.png\",\"datePublished\":\"2021-05-29T11:39:32+00:00\",\"dateModified\":\"2021-06-09T19:35:02+00:00\",\"description\":\"La r\u00e9daction de Dicodusport vous propose en pr\u00e9paration de l\u2019Euro 2020 une pr\u00e9sentation de chaque s\u00e9lection engag\u00e9e. Aujourd'hui, la Belgique.\",\"breadcrumb\":{\"@id\":\"https:\/\/dicodusport.fr\/blog\/euro-2020-belgique-ou-possession-d-un-reve\/#breadcrumb\"},\"inLanguage\":\"fr-FR\",\"potentialAction\":[{\"@type\":\"ReadAction\",\"target\":[\"https:\/\/dicodusport.fr\/blog\/euro-2020-belgique-ou-possession-d-un-reve\/\"]}]},{\"@type\":\"ImageObject\",\"inLanguage\":\"fr-FR\",\"@id\":\"https:\/\/dicodusport.fr\/blog\/euro-2020-belgique-ou-possession-d-un-reve\/#primaryimage\",\"url\":\"https:\/\/dicodusport.fr\/blog\/wp-content\/uploads\/2021\/05\/Euro-2020-La-Belgique-ou-la-possession-dun-reve.png\",\"contentUrl\":\"https:\/\/dicodusport.fr\/blog\/wp-content\/uploads\/2021\/05\/Euro-2020-La-Belgique-ou-la-possession-dun-reve.png\",\"width\":800,\"height\":445,\"caption\":\"Euro 2020 : la Belgique, ou la possession d'un r\u00eave\"},{\"@type\":\"BreadcrumbList\",\"@id\":\"https:\/\/dicodusport.fr\/blog\/euro-2020-belgique-ou-possession-d-un-reve\/#breadcrumb\",\"itemListElement\":[{\"@type\":\"ListItem\",\"position\":1,\"name\":\"Accueil\",\"item\":\"https:\/\/dicodusport.fr\/blog\/\"},{\"@type\":\"ListItem\",\"position\":2,\"name\":\"Euro 2020 : la Belgique, ou la possession d&rsquo;un r\u00eave\"}]},{\"@type\":\"WebSite\",\"@id\":\"https:\/\/dicodusport.fr\/blog\/#website\",\"url\":\"https:\/\/dicodusport.fr\/blog\/\",\"name\":\"Dicodusport\",\"description\":\"L&#039;encyclop\u00e9die de l&#039;actualit\u00e9 sportive\",\"publisher\":{\"@id\":\"https:\/\/dicodusport.fr\/blog\/#organization\"},\"potentialAction\":[{\"@type\":\"SearchAction\",\"target\":{\"@type\":\"EntryPoint\",\"urlTemplate\":\"https:\/\/dicodusport.fr\/blog\/?s={search_term_string}\"},\"query-input\":{\"@type\":\"PropertyValueSpecification\",\"valueRequired\":true,\"valueName\":\"search_term_string\"}}],\"inLanguage\":\"fr-FR\"},{\"@type\":\"NewsMediaOrganization\",\"@id\":\"https:\/\/dicodusport.fr\/blog\/#organization\",\"name\":\"Dicodusport\",\"url\":\"https:\/\/dicodusport.fr\/blog\/\",\"logo\":{\"@type\":\"ImageObject\",\"inLanguage\":\"fr-FR\",\"@id\":\"https:\/\/dicodusport.fr\/blog\/#\/schema\/logo\/image\/\",\"url\":\"https:\/\/dicodusport.fr\/blog\/wp-content\/uploads\/2020\/06\/cropped-LOGO-DICODUSPORT-2020-SANS-FOND-SANS-TEXTE.png\",\"contentUrl\":\"https:\/\/dicodusport.fr\/blog\/wp-content\/uploads\/2020\/06\/cropped-LOGO-DICODUSPORT-2020-SANS-FOND-SANS-TEXTE.png\",\"width\":512,\"height\":512,\"caption\":\"Dicodusport\"},\"image\":{\"@id\":\"https:\/\/dicodusport.fr\/blog\/#\/schema\/logo\/image\/\"},\"sameAs\":[\"https:\/\/www.facebook.com\/dicodusport\",\"https:\/\/x.com\/dicodusport\",\"https:\/\/www.instagram.com\/dicodusport\/\",\"https:\/\/www.youtube.com\/channel\/UC7V2KZ5sd3htJivAbA4ZG3w\"],\"description\":\"Dicodusport est l'encyclop\u00e9die de l'actualit\u00e9 sportive.\",\"email\":\"bonjour@dicodusport.fr\",\"legalName\":\"DICODUSPORT\",\"foundingDate\":\"2018-01-14\",\"vatID\":\"FR71834470973\",\"taxID\":\"83447097300043\",\"numberOfEmployees\":{\"@type\":\"QuantitativeValue\",\"minValue\":\"1\",\"maxValue\":\"10\"}},{\"@type\":\"Person\",\"@id\":\"https:\/\/dicodusport.fr\/blog\/#\/schema\/person\/20a73cde459581e727623fffec174040\",\"name\":\"Jordane Mougenot-Pelletier\",\"image\":{\"@type\":\"ImageObject\",\"inLanguage\":\"fr-FR\",\"@id\":\"https:\/\/dicodusport.fr\/blog\/#\/schema\/person\/image\/\",\"url\":\"https:\/\/dicodusport.fr\/blog\/wp-content\/uploads\/2021\/05\/Jordane-MP-150x150.jpg\",\"contentUrl\":\"https:\/\/dicodusport.fr\/blog\/wp-content\/uploads\/2021\/05\/Jordane-MP-150x150.jpg\",\"caption\":\"Jordane Mougenot-Pelletier\"},\"description\":\"Journaliste\/r\u00e9dacteur depuis mai 2018 - Dans mon sang coule \u00e0 la fois le feu des penne \u00e0 l'arrabiata et la glace du Grand Colombier. Amoureux des belles lettres et des Talking Heads, je supporte un club olympique. Int\u00e9ress\u00e9 par les relations qu'entretient le sport avec la soci\u00e9t\u00e9, je m'int\u00e9resse autant \u00e0 Marc C\u00e9cillon qu'\u00e0 Pep Guardiola, \u00e0 Tonya Harding qu'\u00e0 Philipp Roth. Enfant des 90's, on ne me fera pas croire qu'il y a eu plus beau \u00e0 voir depuis Zin\u00e9dine Zidane, Marco Pantani et Pete Sampras. La b\u00e9chamel est une invention du diable, la Super Ligue aussi.\",\"sameAs\":[\"https:\/\/x.com\/https:\/\/twitter.com\/jmp_pmj\"],\"url\":\"https:\/\/dicodusport.fr\/blog\/author\/jordane\/\"}]}<\/script>\n<!-- \/ Yoast SEO Premium plugin. -->","yoast_head_json":{"title":"- Euro 2020 : la Belgique, ou la possession d'un r\u00eave Dicodusport","description":"La r\u00e9daction de Dicodusport vous propose en pr\u00e9paration de l\u2019Euro 2020 une pr\u00e9sentation de chaque s\u00e9lection engag\u00e9e. Aujourd'hui, la Belgique.","robots":{"index":"index","follow":"follow","max-snippet":"max-snippet:-1","max-image-preview":"max-image-preview:large","max-video-preview":"max-video-preview:-1"},"canonical":"https:\/\/dicodusport.fr\/blog\/euro-2020-belgique-ou-possession-d-un-reve\/","og_locale":"fr_FR","og_type":"article","og_title":"Euro 2020 : la Belgique, ou la possession d'un r\u00eave","og_description":"La r\u00e9daction de Dicodusport vous propose en pr\u00e9paration de l\u2019Euro 2020 une pr\u00e9sentation de chaque s\u00e9lection engag\u00e9e. Aujourd'hui, la Belgique.","og_url":"https:\/\/dicodusport.fr\/blog\/euro-2020-belgique-ou-possession-d-un-reve\/","og_site_name":"Dicodusport","article_publisher":"https:\/\/www.facebook.com\/dicodusport","article_published_time":"2021-05-29T11:39:32+00:00","article_modified_time":"2021-06-09T19:35:02+00:00","og_image":[{"width":800,"height":445,"url":"https:\/\/dicodusport.fr\/blog\/wp-content\/uploads\/2021\/05\/Euro-2020-La-Belgique-ou-la-possession-dun-reve.png","type":"image\/png"}],"author":"Jordane Mougenot-Pelletier","twitter_card":"summary_large_image","twitter_title":"Euro 2020 : la Belgique, ou la possession d'un r\u00eave","twitter_creator":"@https:\/\/twitter.com\/jmp_pmj","twitter_site":"@dicodusport","schema":{"@context":"https:\/\/schema.org","@graph":[{"@type":"NewsArticle","@id":"https:\/\/dicodusport.fr\/blog\/euro-2020-belgique-ou-possession-d-un-reve\/#article","isPartOf":{"@id":"https:\/\/dicodusport.fr\/blog\/euro-2020-belgique-ou-possession-d-un-reve\/"},"author":{"name":"Jordane Mougenot-Pelletier","@id":"https:\/\/dicodusport.fr\/blog\/#\/schema\/person\/20a73cde459581e727623fffec174040"},"headline":"Euro 2020 : la Belgique, ou la possession d&rsquo;un r\u00eave","datePublished":"2021-05-29T11:39:32+00:00","dateModified":"2021-06-09T19:35:02+00:00","mainEntityOfPage":{"@id":"https:\/\/dicodusport.fr\/blog\/euro-2020-belgique-ou-possession-d-un-reve\/"},"wordCount":543,"commentCount":0,"publisher":{"@id":"https:\/\/dicodusport.fr\/blog\/#organization"},"image":{"@id":"https:\/\/dicodusport.fr\/blog\/euro-2020-belgique-ou-possession-d-un-reve\/#primaryimage"},"thumbnailUrl":"https:\/\/dicodusport.fr\/blog\/wp-content\/uploads\/2021\/05\/Euro-2020-La-Belgique-ou-la-possession-dun-reve.png","keywords":["Belgique","Football"],"articleSection":["Euro de football"],"inLanguage":"fr-FR","potentialAction":[{"@type":"CommentAction","name":"Comment","target":["https:\/\/dicodusport.fr\/blog\/euro-2020-belgique-ou-possession-d-un-reve\/#respond"]}],"copyrightYear":"2021","copyrightHolder":{"@id":"https:\/\/dicodusport.fr\/blog\/#organization"}},{"@type":"WebPage","@id":"https:\/\/dicodusport.fr\/blog\/euro-2020-belgique-ou-possession-d-un-reve\/","url":"https:\/\/dicodusport.fr\/blog\/euro-2020-belgique-ou-possession-d-un-reve\/","name":"- Euro 2020 : la Belgique, ou la possession d'un r\u00eave Dicodusport","isPartOf":{"@id":"https:\/\/dicodusport.fr\/blog\/#website"},"primaryImageOfPage":{"@id":"https:\/\/dicodusport.fr\/blog\/euro-2020-belgique-ou-possession-d-un-reve\/#primaryimage"},"image":{"@id":"https:\/\/dicodusport.fr\/blog\/euro-2020-belgique-ou-possession-d-un-reve\/#primaryimage"},"thumbnailUrl":"https:\/\/dicodusport.fr\/blog\/wp-content\/uploads\/2021\/05\/Euro-2020-La-Belgique-ou-la-possession-dun-reve.png","datePublished":"2021-05-29T11:39:32+00:00","dateModified":"2021-06-09T19:35:02+00:00","description":"La r\u00e9daction de Dicodusport vous propose en pr\u00e9paration de l\u2019Euro 2020 une pr\u00e9sentation de chaque s\u00e9lection engag\u00e9e. Aujourd'hui, la Belgique.","breadcrumb":{"@id":"https:\/\/dicodusport.fr\/blog\/euro-2020-belgique-ou-possession-d-un-reve\/#breadcrumb"},"inLanguage":"fr-FR","potentialAction":[{"@type":"ReadAction","target":["https:\/\/dicodusport.fr\/blog\/euro-2020-belgique-ou-possession-d-un-reve\/"]}]},{"@type":"ImageObject","inLanguage":"fr-FR","@id":"https:\/\/dicodusport.fr\/blog\/euro-2020-belgique-ou-possession-d-un-reve\/#primaryimage","url":"https:\/\/dicodusport.fr\/blog\/wp-content\/uploads\/2021\/05\/Euro-2020-La-Belgique-ou-la-possession-dun-reve.png","contentUrl":"https:\/\/dicodusport.fr\/blog\/wp-content\/uploads\/2021\/05\/Euro-2020-La-Belgique-ou-la-possession-dun-reve.png","width":800,"height":445,"caption":"Euro 2020 : la Belgique, ou la possession d'un r\u00eave"},{"@type":"BreadcrumbList","@id":"https:\/\/dicodusport.fr\/blog\/euro-2020-belgique-ou-possession-d-un-reve\/#breadcrumb","itemListElement":[{"@type":"ListItem","position":1,"name":"Accueil","item":"https:\/\/dicodusport.fr\/blog\/"},{"@type":"ListItem","position":2,"name":"Euro 2020 : la Belgique, ou la possession d&rsquo;un r\u00eave"}]},{"@type":"WebSite","@id":"https:\/\/dicodusport.fr\/blog\/#website","url":"https:\/\/dicodusport.fr\/blog\/","name":"Dicodusport","description":"L&#039;encyclop\u00e9die de l&#039;actualit\u00e9 sportive","publisher":{"@id":"https:\/\/dicodusport.fr\/blog\/#organization"},"potentialAction":[{"@type":"SearchAction","target":{"@type":"EntryPoint","urlTemplate":"https:\/\/dicodusport.fr\/blog\/?s={search_term_string}"},"query-input":{"@type":"PropertyValueSpecification","valueRequired":true,"valueName":"search_term_string"}}],"inLanguage":"fr-FR"},{"@type":"NewsMediaOrganization","@id":"https:\/\/dicodusport.fr\/blog\/#organization","name":"Dicodusport","url":"https:\/\/dicodusport.fr\/blog\/","logo":{"@type":"ImageObject","inLanguage":"fr-FR","@id":"https:\/\/dicodusport.fr\/blog\/#\/schema\/logo\/image\/","url":"https:\/\/dicodusport.fr\/blog\/wp-content\/uploads\/2020\/06\/cropped-LOGO-DICODUSPORT-2020-SANS-FOND-SANS-TEXTE.png","contentUrl":"https:\/\/dicodusport.fr\/blog\/wp-content\/uploads\/2020\/06\/cropped-LOGO-DICODUSPORT-2020-SANS-FOND-SANS-TEXTE.png","width":512,"height":512,"caption":"Dicodusport"},"image":{"@id":"https:\/\/dicodusport.fr\/blog\/#\/schema\/logo\/image\/"},"sameAs":["https:\/\/www.facebook.com\/dicodusport","https:\/\/x.com\/dicodusport","https:\/\/www.instagram.com\/dicodusport\/","https:\/\/www.youtube.com\/channel\/UC7V2KZ5sd3htJivAbA4ZG3w"],"description":"Dicodusport est l'encyclop\u00e9die de l'actualit\u00e9 sportive.","email":"bonjour@dicodusport.fr","legalName":"DICODUSPORT","foundingDate":"2018-01-14","vatID":"FR71834470973","taxID":"83447097300043","numberOfEmployees":{"@type":"QuantitativeValue","minValue":"1","maxValue":"10"}},{"@type":"Person","@id":"https:\/\/dicodusport.fr\/blog\/#\/schema\/person\/20a73cde459581e727623fffec174040","name":"Jordane Mougenot-Pelletier","image":{"@type":"ImageObject","inLanguage":"fr-FR","@id":"https:\/\/dicodusport.fr\/blog\/#\/schema\/person\/image\/","url":"https:\/\/dicodusport.fr\/blog\/wp-content\/uploads\/2021\/05\/Jordane-MP-150x150.jpg","contentUrl":"https:\/\/dicodusport.fr\/blog\/wp-content\/uploads\/2021\/05\/Jordane-MP-150x150.jpg","caption":"Jordane Mougenot-Pelletier"},"description":"Journaliste\/r\u00e9dacteur depuis mai 2018 - Dans mon sang coule \u00e0 la fois le feu des penne \u00e0 l'arrabiata et la glace du Grand Colombier. Amoureux des belles lettres et des Talking Heads, je supporte un club olympique. Int\u00e9ress\u00e9 par les relations qu'entretient le sport avec la soci\u00e9t\u00e9, je m'int\u00e9resse autant \u00e0 Marc C\u00e9cillon qu'\u00e0 Pep Guardiola, \u00e0 Tonya Harding qu'\u00e0 Philipp Roth. Enfant des 90's, on ne me fera pas croire qu'il y a eu plus beau \u00e0 voir depuis Zin\u00e9dine Zidane, Marco Pantani et Pete Sampras. La b\u00e9chamel est une invention du diable, la Super Ligue aussi.","sameAs":["https:\/\/x.com\/https:\/\/twitter.com\/jmp_pmj"],"url":"https:\/\/dicodusport.fr\/blog\/author\/jordane\/"}]}},"_links":{"self":[{"href":"https:\/\/dicodusport.fr\/blog\/wp-json\/wp\/v2\/posts\/133705","targetHints":{"allow":["GET"]}}],"collection":[{"href":"https:\/\/dicodusport.fr\/blog\/wp-json\/wp\/v2\/posts"}],"about":[{"href":"https:\/\/dicodusport.fr\/blog\/wp-json\/wp\/v2\/types\/post"}],"author":[{"embeddable":true,"href":"https:\/\/dicodusport.fr\/blog\/wp-json\/wp\/v2\/users\/40"}],"replies":[{"embeddable":true,"href":"https:\/\/dicodusport.fr\/blog\/wp-json\/wp\/v2\/comments?post=133705"}],"version-history":[{"count":0,"href":"https:\/\/dicodusport.fr\/blog\/wp-json\/wp\/v2\/posts\/133705\/revisions"}],"wp:featuredmedia":[{"embeddable":true,"href":"https:\/\/dicodusport.fr\/blog\/wp-json\/wp\/v2\/media\/133775"}],"wp:attachment":[{"href":"https:\/\/dicodusport.fr\/blog\/wp-json\/wp\/v2\/media?parent=133705"}],"wp:term":[{"taxonomy":"category","embeddable":true,"href":"https:\/\/dicodusport.fr\/blog\/wp-json\/wp\/v2\/categories?post=133705"},{"taxonomy":"post_tag","embeddable":true,"href":"https:\/\/dicodusport.fr\/blog\/wp-json\/wp\/v2\/tags?post=133705"}],"curies":[{"name":"wp","href":"https:\/\/api.w.org\/{rel}","templated":true}]}}