{"id":133967,"date":"2021-05-29T22:57:55","date_gmt":"2021-05-29T20:57:55","guid":{"rendered":"https:\/\/dicodusport.fr\/blog\/?p=133967"},"modified":"2025-09-16T09:03:04","modified_gmt":"2025-09-16T07:03:04","slug":"chelsea-soffre-une-seconde-ligue-des-champions","status":"publish","type":"post","link":"https:\/\/dicodusport.fr\/blog\/chelsea-soffre-une-seconde-ligue-des-champions\/","title":{"rendered":"Chelsea s\u2019offre une seconde Ligue des Champions !"},"content":{"rendered":"<p style=\"text-align: justify;\"><em><strong>LIGUE DES CHAMPIONS &#8211; Dans un match anim\u00e9, les joueurs de Thomas Tuchel se sont logiquement impos\u00e9s gr\u00e2ce \u00e0 un but de Kai Havertz. Apr\u00e8s 2012, les Blues inscrivent pour la deuxi\u00e8me fois leur nom au palmar\u00e8s de la plus prestigieuse des comp\u00e9titions.<\/strong><\/em><\/p>\n<h2>Avantage Chelsea \u00e0 la mi-temps<\/h2>\n<p style=\"text-align: justify;\">Le premier acte s\u2019est emball\u00e9 d\u00e8s les premi\u00e8res minutes, avec de tr\u00e8s beaux mouvements de part et d&rsquo;autre. Ederson aurait pu \u00eatre passeur d\u00e9cisif sur cette excellente ouverture pour Sterling, mais ce dernier contr\u00f4le mal son ballon et voit le retour de James. Il tente alors une talonnade mais Mendy est vigilant et conc\u00e8de un corner (8e). Deux minutes plus tard, c\u2019est au tour des Blues de se montrer dangereux, avec un bon d\u00e9bordement de Kai Havertz qui centre pour Werner. L\u2019attaquant allemand rate le ballon (10e). Sur l\u2019action qui suit, les Skyblues effectuent un beau mouvement mais Chilwell intervient parfaitement devant Mahrez (10e). Le d\u00e9fenseur sera \u00e9galement \u00e0 l\u2019initiative de la prochaine action de son \u00e9quipe, avec une r\u00e9cup\u00e9ration haute. Il donne un bon ballon \u00e0 Timo Werner qui \u00e9crase trop sa frappe, tranquillement capt\u00e9e par Ederson (15e).<\/p>\n<p style=\"text-align: justify;\">Il r\u00e9cup\u00e8re rapidement le ballon et tente un nouveau tir mais ce dernier est d\u00e9vi\u00e9 en corner par la d\u00e9fense des Citizens (17e). Chelsea insiste avec un nouveau centre de Chilwell &#8211; excellent ce soir &#8211; pour Kant\u00e9, mais le milieu de terrain ne trouve pas le cadre (17e). Les hommes de Pep Guardiola, en difficult\u00e9, essayent de se projeter rapidement apr\u00e8s la r\u00e9cup\u00e9ration du cuir, comme sur cette action de De Bruyne qui d\u00e9cale Foden. Alors que le prodige anglais d\u00e9clenche sa frappe, R\u00fcdiger effectue un super retour pour contrer le ballon (27e). Le match se calme ensuite, et alors que l\u2019on se rapproche du retour aux vestiaires, Mason Mount donne un excellent ballon en profondeur pour <strong>Kai Havertz<\/strong>. Celui-ci se d\u00e9barrasse d\u2019Ederson d\u2019un crochet avant d\u2019ouvrir le score dans le but vide (43e). Chelsea m\u00e8ne d\u2019un but \u00e0 la mi-temps.<\/p>\n<h2>Manchester City ne trouve pas la solution<\/h2>\n<p style=\"text-align: justify;\">Le match repart sur des bases plus ferm\u00e9es, avec pour seule occasion dans le premier quart d\u2019heure une frappe de Sterling repouss\u00e9e par James (60e). Manchester City a le contr\u00f4le du ballon mais ne parvient pas vraiment \u00e0 se montrer dangereux. Et quand il l&rsquo;est, la d\u00e9fense de Chelsea prend le dessus, comme sur ce sauvetage d\u2019Azpilicueta devant Gundogan (68e). Les Blues manquent de doubler la mise sur ce contre rondement men\u00e9 par Havertz, mais Pulisic ne cadre pas son ballon piqu\u00e9 devant la tr\u00e8s bonne sortie d\u2019Ederson (73e).<\/p>\n<p style=\"text-align: justify;\">Les Skyblues continuent de contr\u00f4ler le ballon, mais ils ne parviennent toujours pas \u00e0 mettre en danger la d\u00e9fense de Chelsea qui prend syst\u00e9matiquement le dessus. Quand ce n\u2019est pas le cas, Edouard Mendy est l\u00e0 pour la suppl\u00e9er, \u00e0 l\u2019image de ce centre piqu\u00e9 d\u2019Aguero capt\u00e9 par le portier (85e). Les joueurs de Thomas Tuchel g\u00e8rent leur avantage malgr\u00e9 un frisson en fin de rencontre. Sur la derni\u00e8re action du match, <strong>Riyad Mahrez<\/strong> prend sa chance. Edouard Mendy est tout heureux de voir le ballon passer juste au-dessus de sa transversale. Chelsea peut souffler, l\u2019arbitre siffle la fin du match. Les Blues remportent pour la deuxi\u00e8me fois de leur histoire la Ligue des champions.<\/p>\n<blockquote class=\"twitter-tweet\">\n<p dir=\"ltr\" lang=\"en\">&#x1f3c6; Chelsea have won the UEFA Champions League for a second time! &#x1f44f;&#x1f44f;&#x1f44f;<a href=\"https:\/\/twitter.com\/hashtag\/UCL?src=hash&amp;ref_src=twsrc%5Etfw\">#UCL<\/a> <a href=\"https:\/\/twitter.com\/hashtag\/UCLfinal?src=hash&amp;ref_src=twsrc%5Etfw\">#UCLfinal<\/a> <a href=\"https:\/\/t.co\/3ogfCK5C71\">pic.twitter.com\/3ogfCK5C71<\/a><\/p>\n<p>\u2014 UEFA Champions League (@ChampionsLeague) <a href=\"https:\/\/twitter.com\/ChampionsLeague\/status\/1398745220938973184?ref_src=twsrc%5Etfw\">May 29, 2021<\/a><\/p><\/blockquote>\n<p><script async src=\"https:\/\/platform.twitter.com\/widgets.js\" charset=\"utf-8\"><\/script><\/p>\n<h2>Les notes du match<\/h2>\n<p>Ederson 6<br \/>\nKyle Walker 5<br \/>\nJohn Stones 5<br \/>\nRuben Dias 6<br \/>\nOleksandr Zinchenko 4<br \/>\nPhil Foden 4<br \/>\n\u0130lkay G\u00fcndo\u011fan 6<br \/>\nBernardo Silva 5<br \/>\nRiyad Mahrez 4<br \/>\nK\u00e9vin de Bruyne 5<br \/>\nRaheem Sterling 5<\/p>\n<p>Edouard Mendy 6<br \/>\nAntonio Rudiger 6<br \/>\nThiago Silva Non not\u00e9, remplac\u00e9 par Andreas Christiansen 6<br \/>\nC\u00e9sar Azpilicueta 6<br \/>\nBenjamin Chilwell 7<br \/>\nJorginho 5<br \/>\nN\u2019golo Kant\u00e9 7<br \/>\nReece James 6<br \/>\nMason Mount 7<br \/>\nKai Havertz 9<br \/>\nTimo Werner 5<\/p>\n","protected":false},"excerpt":{"rendered":"<p>Les joueurs de Thomas Tuchel se sont impos\u00e9s \u00e0 Porto en finale de C1, remportant la seconde Ligue des champions de leur histoire.<\/p>\n","protected":false},"author":57,"featured_media":133970,"comment_status":"open","ping_status":"closed","sticky":false,"template":"","format":"standard","meta":{"_acf_changed":false,"_daextam_enable_autolinks":"","footnotes":""},"categories":[47250],"tags":[2760,75,419,3169,24],"class_list":["post-133967","post","type-post","status-publish","format-standard","has-post-thumbnail","hentry","category-ligue-des-champions-de-football","tag-chelsea","tag-football","tag-ligue-des-champions","tag-manchester-city","tag-sport"],"acf":[],"yoast_head":"<!-- This site is optimized with the Yoast SEO Premium plugin v26.7 (Yoast SEO v26.7) - https:\/\/yoast.com\/wordpress\/plugins\/seo\/ -->\n<title>Chelsea s\u2019offre une seconde Ligue des Champions !<\/title>\n<meta name=\"description\" content=\"Les joueurs de Thomas Tuchel se sont impos\u00e9s \u00e0 Porto en finale de C1, remportant la seconde Ligue des champions de leur histoire.\" \/>\n<meta name=\"robots\" content=\"index, follow, max-snippet:-1, max-image-preview:large, max-video-preview:-1\" \/>\n<link rel=\"canonical\" href=\"https:\/\/dicodusport.fr\/blog\/chelsea-soffre-une-seconde-ligue-des-champions\/\" \/>\n<meta property=\"og:locale\" content=\"fr_FR\" \/>\n<meta property=\"og:type\" content=\"article\" \/>\n<meta property=\"og:title\" content=\"Chelsea s\u2019offre une seconde Ligue des Champions !\" \/>\n<meta property=\"og:description\" content=\"Les joueurs de Thomas Tuchel se sont impos\u00e9s \u00e0 Porto en finale de C1, remportant la seconde Ligue des champions de leur histoire.\" \/>\n<meta property=\"og:url\" content=\"https:\/\/dicodusport.fr\/blog\/chelsea-soffre-une-seconde-ligue-des-champions\/\" \/>\n<meta property=\"og:site_name\" content=\"Dicodusport\" \/>\n<meta property=\"article:publisher\" content=\"https:\/\/www.facebook.com\/dicodusport\" \/>\n<meta property=\"article:published_time\" content=\"2021-05-29T20:57:55+00:00\" \/>\n<meta property=\"article:modified_time\" content=\"2025-09-16T07:03:04+00:00\" \/>\n<meta property=\"og:image\" content=\"https:\/\/dicodusport.fr\/blog\/wp-content\/uploads\/2021\/05\/Chelsea-soffre-une-seconde-Ligue-des-champions-.jpg\" \/>\n\t<meta property=\"og:image:width\" content=\"800\" \/>\n\t<meta property=\"og:image:height\" content=\"445\" \/>\n\t<meta property=\"og:image:type\" content=\"image\/jpeg\" \/>\n<meta name=\"author\" content=\"Vincent Soubab\u00e8re\" \/>\n<meta name=\"twitter:card\" content=\"summary_large_image\" \/>\n<meta name=\"twitter:creator\" content=\"@dicodusport\" \/>\n<meta name=\"twitter:site\" content=\"@dicodusport\" \/>\n<script type=\"application\/ld+json\" class=\"yoast-schema-graph\">{\"@context\":\"https:\/\/schema.org\",\"@graph\":[{\"@type\":\"NewsArticle\",\"@id\":\"https:\/\/dicodusport.fr\/blog\/chelsea-soffre-une-seconde-ligue-des-champions\/#article\",\"isPartOf\":{\"@id\":\"https:\/\/dicodusport.fr\/blog\/chelsea-soffre-une-seconde-ligue-des-champions\/\"},\"author\":{\"name\":\"Vincent Soubab\u00e8re\",\"@id\":\"https:\/\/dicodusport.fr\/blog\/#\/schema\/person\/ba9487b5b85f57eecfb00513e982c05b\"},\"headline\":\"Chelsea s\u2019offre une seconde Ligue des Champions !\",\"datePublished\":\"2021-05-29T20:57:55+00:00\",\"dateModified\":\"2025-09-16T07:03:04+00:00\",\"mainEntityOfPage\":{\"@id\":\"https:\/\/dicodusport.fr\/blog\/chelsea-soffre-une-seconde-ligue-des-champions\/\"},\"wordCount\":692,\"commentCount\":0,\"publisher\":{\"@id\":\"https:\/\/dicodusport.fr\/blog\/#organization\"},\"image\":{\"@id\":\"https:\/\/dicodusport.fr\/blog\/chelsea-soffre-une-seconde-ligue-des-champions\/#primaryimage\"},\"thumbnailUrl\":\"https:\/\/dicodusport.fr\/blog\/wp-content\/uploads\/2021\/05\/Chelsea-soffre-une-seconde-Ligue-des-champions-.jpg\",\"keywords\":[\"Chelsea\",\"Football\",\"Ligue des champions\",\"Manchester City\",\"sport\"],\"articleSection\":[\"Ligue des Champions de football\"],\"inLanguage\":\"fr-FR\",\"potentialAction\":[{\"@type\":\"CommentAction\",\"name\":\"Comment\",\"target\":[\"https:\/\/dicodusport.fr\/blog\/chelsea-soffre-une-seconde-ligue-des-champions\/#respond\"]}],\"copyrightYear\":\"2021\",\"copyrightHolder\":{\"@id\":\"https:\/\/dicodusport.fr\/blog\/#organization\"}},{\"@type\":\"WebPage\",\"@id\":\"https:\/\/dicodusport.fr\/blog\/chelsea-soffre-une-seconde-ligue-des-champions\/\",\"url\":\"https:\/\/dicodusport.fr\/blog\/chelsea-soffre-une-seconde-ligue-des-champions\/\",\"name\":\"Chelsea s\u2019offre une seconde Ligue des Champions !\",\"isPartOf\":{\"@id\":\"https:\/\/dicodusport.fr\/blog\/#website\"},\"primaryImageOfPage\":{\"@id\":\"https:\/\/dicodusport.fr\/blog\/chelsea-soffre-une-seconde-ligue-des-champions\/#primaryimage\"},\"image\":{\"@id\":\"https:\/\/dicodusport.fr\/blog\/chelsea-soffre-une-seconde-ligue-des-champions\/#primaryimage\"},\"thumbnailUrl\":\"https:\/\/dicodusport.fr\/blog\/wp-content\/uploads\/2021\/05\/Chelsea-soffre-une-seconde-Ligue-des-champions-.jpg\",\"datePublished\":\"2021-05-29T20:57:55+00:00\",\"dateModified\":\"2025-09-16T07:03:04+00:00\",\"description\":\"Les joueurs de Thomas Tuchel se sont impos\u00e9s \u00e0 Porto en finale de C1, remportant la seconde Ligue des champions de leur histoire.\",\"breadcrumb\":{\"@id\":\"https:\/\/dicodusport.fr\/blog\/chelsea-soffre-une-seconde-ligue-des-champions\/#breadcrumb\"},\"inLanguage\":\"fr-FR\",\"potentialAction\":[{\"@type\":\"ReadAction\",\"target\":[\"https:\/\/dicodusport.fr\/blog\/chelsea-soffre-une-seconde-ligue-des-champions\/\"]}]},{\"@type\":\"ImageObject\",\"inLanguage\":\"fr-FR\",\"@id\":\"https:\/\/dicodusport.fr\/blog\/chelsea-soffre-une-seconde-ligue-des-champions\/#primaryimage\",\"url\":\"https:\/\/dicodusport.fr\/blog\/wp-content\/uploads\/2021\/05\/Chelsea-soffre-une-seconde-Ligue-des-champions-.jpg\",\"contentUrl\":\"https:\/\/dicodusport.fr\/blog\/wp-content\/uploads\/2021\/05\/Chelsea-soffre-une-seconde-Ligue-des-champions-.jpg\",\"width\":800,\"height\":445},{\"@type\":\"BreadcrumbList\",\"@id\":\"https:\/\/dicodusport.fr\/blog\/chelsea-soffre-une-seconde-ligue-des-champions\/#breadcrumb\",\"itemListElement\":[{\"@type\":\"ListItem\",\"position\":1,\"name\":\"Accueil\",\"item\":\"https:\/\/dicodusport.fr\/blog\/\"},{\"@type\":\"ListItem\",\"position\":2,\"name\":\"Chelsea s\u2019offre une seconde Ligue des Champions !\"}]},{\"@type\":\"WebSite\",\"@id\":\"https:\/\/dicodusport.fr\/blog\/#website\",\"url\":\"https:\/\/dicodusport.fr\/blog\/\",\"name\":\"Dicodusport\",\"description\":\"L&#039;encyclop\u00e9die de l&#039;actualit\u00e9 sportive\",\"publisher\":{\"@id\":\"https:\/\/dicodusport.fr\/blog\/#organization\"},\"potentialAction\":[{\"@type\":\"SearchAction\",\"target\":{\"@type\":\"EntryPoint\",\"urlTemplate\":\"https:\/\/dicodusport.fr\/blog\/?s={search_term_string}\"},\"query-input\":{\"@type\":\"PropertyValueSpecification\",\"valueRequired\":true,\"valueName\":\"search_term_string\"}}],\"inLanguage\":\"fr-FR\"},{\"@type\":\"NewsMediaOrganization\",\"@id\":\"https:\/\/dicodusport.fr\/blog\/#organization\",\"name\":\"Dicodusport\",\"url\":\"https:\/\/dicodusport.fr\/blog\/\",\"logo\":{\"@type\":\"ImageObject\",\"inLanguage\":\"fr-FR\",\"@id\":\"https:\/\/dicodusport.fr\/blog\/#\/schema\/logo\/image\/\",\"url\":\"https:\/\/dicodusport.fr\/blog\/wp-content\/uploads\/2020\/06\/cropped-LOGO-DICODUSPORT-2020-SANS-FOND-SANS-TEXTE.png\",\"contentUrl\":\"https:\/\/dicodusport.fr\/blog\/wp-content\/uploads\/2020\/06\/cropped-LOGO-DICODUSPORT-2020-SANS-FOND-SANS-TEXTE.png\",\"width\":512,\"height\":512,\"caption\":\"Dicodusport\"},\"image\":{\"@id\":\"https:\/\/dicodusport.fr\/blog\/#\/schema\/logo\/image\/\"},\"sameAs\":[\"https:\/\/www.facebook.com\/dicodusport\",\"https:\/\/x.com\/dicodusport\",\"https:\/\/www.instagram.com\/dicodusport\/\",\"https:\/\/www.youtube.com\/channel\/UC7V2KZ5sd3htJivAbA4ZG3w\"],\"description\":\"Dicodusport est l'encyclop\u00e9die de l'actualit\u00e9 sportive.\",\"email\":\"bonjour@dicodusport.fr\",\"legalName\":\"DICODUSPORT\",\"foundingDate\":\"2018-01-14\",\"vatID\":\"FR71834470973\",\"taxID\":\"83447097300043\",\"numberOfEmployees\":{\"@type\":\"QuantitativeValue\",\"minValue\":\"1\",\"maxValue\":\"10\"}},{\"@type\":\"Person\",\"@id\":\"https:\/\/dicodusport.fr\/blog\/#\/schema\/person\/ba9487b5b85f57eecfb00513e982c05b\",\"name\":\"Vincent Soubab\u00e8re\",\"image\":{\"@type\":\"ImageObject\",\"inLanguage\":\"fr-FR\",\"@id\":\"https:\/\/dicodusport.fr\/blog\/#\/schema\/person\/image\/\",\"url\":\"https:\/\/dicodusport.fr\/blog\/wp-content\/uploads\/2021\/05\/Vincent-Soubabere-150x150.jpg\",\"contentUrl\":\"https:\/\/dicodusport.fr\/blog\/wp-content\/uploads\/2021\/05\/Vincent-Soubabere-150x150.jpg\",\"caption\":\"Vincent Soubab\u00e8re\"},\"description\":\"Journaliste\/r\u00e9dacteur depuis ao\u00fbt 2018 - Passionn\u00e9 de sport depuis tout petit, je me suis logiquement tourn\u00e9 vers le journalisme sportif depuis ao\u00fbt 2018. Grand supporter des Girondins, je suis aussi un fan de football. Je pratique le tennis et suis l'actualit\u00e9 de la petite balle jaune. En juillet, vous risquez de me croiser sur les routes du Tour.\",\"url\":\"https:\/\/dicodusport.fr\/blog\/author\/vincents\/\"}]}<\/script>\n<!-- \/ Yoast SEO Premium plugin. -->","yoast_head_json":{"title":"Chelsea s\u2019offre une seconde Ligue des Champions !","description":"Les joueurs de Thomas Tuchel se sont impos\u00e9s \u00e0 Porto en finale de C1, remportant la seconde Ligue des champions de leur histoire.","robots":{"index":"index","follow":"follow","max-snippet":"max-snippet:-1","max-image-preview":"max-image-preview:large","max-video-preview":"max-video-preview:-1"},"canonical":"https:\/\/dicodusport.fr\/blog\/chelsea-soffre-une-seconde-ligue-des-champions\/","og_locale":"fr_FR","og_type":"article","og_title":"Chelsea s\u2019offre une seconde Ligue des Champions !","og_description":"Les joueurs de Thomas Tuchel se sont impos\u00e9s \u00e0 Porto en finale de C1, remportant la seconde Ligue des champions de leur histoire.","og_url":"https:\/\/dicodusport.fr\/blog\/chelsea-soffre-une-seconde-ligue-des-champions\/","og_site_name":"Dicodusport","article_publisher":"https:\/\/www.facebook.com\/dicodusport","article_published_time":"2021-05-29T20:57:55+00:00","article_modified_time":"2025-09-16T07:03:04+00:00","og_image":[{"width":800,"height":445,"url":"https:\/\/dicodusport.fr\/blog\/wp-content\/uploads\/2021\/05\/Chelsea-soffre-une-seconde-Ligue-des-champions-.jpg","type":"image\/jpeg"}],"author":"Vincent Soubab\u00e8re","twitter_card":"summary_large_image","twitter_creator":"@dicodusport","twitter_site":"@dicodusport","schema":{"@context":"https:\/\/schema.org","@graph":[{"@type":"NewsArticle","@id":"https:\/\/dicodusport.fr\/blog\/chelsea-soffre-une-seconde-ligue-des-champions\/#article","isPartOf":{"@id":"https:\/\/dicodusport.fr\/blog\/chelsea-soffre-une-seconde-ligue-des-champions\/"},"author":{"name":"Vincent Soubab\u00e8re","@id":"https:\/\/dicodusport.fr\/blog\/#\/schema\/person\/ba9487b5b85f57eecfb00513e982c05b"},"headline":"Chelsea s\u2019offre une seconde Ligue des Champions !","datePublished":"2021-05-29T20:57:55+00:00","dateModified":"2025-09-16T07:03:04+00:00","mainEntityOfPage":{"@id":"https:\/\/dicodusport.fr\/blog\/chelsea-soffre-une-seconde-ligue-des-champions\/"},"wordCount":692,"commentCount":0,"publisher":{"@id":"https:\/\/dicodusport.fr\/blog\/#organization"},"image":{"@id":"https:\/\/dicodusport.fr\/blog\/chelsea-soffre-une-seconde-ligue-des-champions\/#primaryimage"},"thumbnailUrl":"https:\/\/dicodusport.fr\/blog\/wp-content\/uploads\/2021\/05\/Chelsea-soffre-une-seconde-Ligue-des-champions-.jpg","keywords":["Chelsea","Football","Ligue des champions","Manchester City","sport"],"articleSection":["Ligue des Champions de football"],"inLanguage":"fr-FR","potentialAction":[{"@type":"CommentAction","name":"Comment","target":["https:\/\/dicodusport.fr\/blog\/chelsea-soffre-une-seconde-ligue-des-champions\/#respond"]}],"copyrightYear":"2021","copyrightHolder":{"@id":"https:\/\/dicodusport.fr\/blog\/#organization"}},{"@type":"WebPage","@id":"https:\/\/dicodusport.fr\/blog\/chelsea-soffre-une-seconde-ligue-des-champions\/","url":"https:\/\/dicodusport.fr\/blog\/chelsea-soffre-une-seconde-ligue-des-champions\/","name":"Chelsea s\u2019offre une seconde Ligue des Champions !","isPartOf":{"@id":"https:\/\/dicodusport.fr\/blog\/#website"},"primaryImageOfPage":{"@id":"https:\/\/dicodusport.fr\/blog\/chelsea-soffre-une-seconde-ligue-des-champions\/#primaryimage"},"image":{"@id":"https:\/\/dicodusport.fr\/blog\/chelsea-soffre-une-seconde-ligue-des-champions\/#primaryimage"},"thumbnailUrl":"https:\/\/dicodusport.fr\/blog\/wp-content\/uploads\/2021\/05\/Chelsea-soffre-une-seconde-Ligue-des-champions-.jpg","datePublished":"2021-05-29T20:57:55+00:00","dateModified":"2025-09-16T07:03:04+00:00","description":"Les joueurs de Thomas Tuchel se sont impos\u00e9s \u00e0 Porto en finale de C1, remportant la seconde Ligue des champions de leur histoire.","breadcrumb":{"@id":"https:\/\/dicodusport.fr\/blog\/chelsea-soffre-une-seconde-ligue-des-champions\/#breadcrumb"},"inLanguage":"fr-FR","potentialAction":[{"@type":"ReadAction","target":["https:\/\/dicodusport.fr\/blog\/chelsea-soffre-une-seconde-ligue-des-champions\/"]}]},{"@type":"ImageObject","inLanguage":"fr-FR","@id":"https:\/\/dicodusport.fr\/blog\/chelsea-soffre-une-seconde-ligue-des-champions\/#primaryimage","url":"https:\/\/dicodusport.fr\/blog\/wp-content\/uploads\/2021\/05\/Chelsea-soffre-une-seconde-Ligue-des-champions-.jpg","contentUrl":"https:\/\/dicodusport.fr\/blog\/wp-content\/uploads\/2021\/05\/Chelsea-soffre-une-seconde-Ligue-des-champions-.jpg","width":800,"height":445},{"@type":"BreadcrumbList","@id":"https:\/\/dicodusport.fr\/blog\/chelsea-soffre-une-seconde-ligue-des-champions\/#breadcrumb","itemListElement":[{"@type":"ListItem","position":1,"name":"Accueil","item":"https:\/\/dicodusport.fr\/blog\/"},{"@type":"ListItem","position":2,"name":"Chelsea s\u2019offre une seconde Ligue des Champions !"}]},{"@type":"WebSite","@id":"https:\/\/dicodusport.fr\/blog\/#website","url":"https:\/\/dicodusport.fr\/blog\/","name":"Dicodusport","description":"L&#039;encyclop\u00e9die de l&#039;actualit\u00e9 sportive","publisher":{"@id":"https:\/\/dicodusport.fr\/blog\/#organization"},"potentialAction":[{"@type":"SearchAction","target":{"@type":"EntryPoint","urlTemplate":"https:\/\/dicodusport.fr\/blog\/?s={search_term_string}"},"query-input":{"@type":"PropertyValueSpecification","valueRequired":true,"valueName":"search_term_string"}}],"inLanguage":"fr-FR"},{"@type":"NewsMediaOrganization","@id":"https:\/\/dicodusport.fr\/blog\/#organization","name":"Dicodusport","url":"https:\/\/dicodusport.fr\/blog\/","logo":{"@type":"ImageObject","inLanguage":"fr-FR","@id":"https:\/\/dicodusport.fr\/blog\/#\/schema\/logo\/image\/","url":"https:\/\/dicodusport.fr\/blog\/wp-content\/uploads\/2020\/06\/cropped-LOGO-DICODUSPORT-2020-SANS-FOND-SANS-TEXTE.png","contentUrl":"https:\/\/dicodusport.fr\/blog\/wp-content\/uploads\/2020\/06\/cropped-LOGO-DICODUSPORT-2020-SANS-FOND-SANS-TEXTE.png","width":512,"height":512,"caption":"Dicodusport"},"image":{"@id":"https:\/\/dicodusport.fr\/blog\/#\/schema\/logo\/image\/"},"sameAs":["https:\/\/www.facebook.com\/dicodusport","https:\/\/x.com\/dicodusport","https:\/\/www.instagram.com\/dicodusport\/","https:\/\/www.youtube.com\/channel\/UC7V2KZ5sd3htJivAbA4ZG3w"],"description":"Dicodusport est l'encyclop\u00e9die de l'actualit\u00e9 sportive.","email":"bonjour@dicodusport.fr","legalName":"DICODUSPORT","foundingDate":"2018-01-14","vatID":"FR71834470973","taxID":"83447097300043","numberOfEmployees":{"@type":"QuantitativeValue","minValue":"1","maxValue":"10"}},{"@type":"Person","@id":"https:\/\/dicodusport.fr\/blog\/#\/schema\/person\/ba9487b5b85f57eecfb00513e982c05b","name":"Vincent Soubab\u00e8re","image":{"@type":"ImageObject","inLanguage":"fr-FR","@id":"https:\/\/dicodusport.fr\/blog\/#\/schema\/person\/image\/","url":"https:\/\/dicodusport.fr\/blog\/wp-content\/uploads\/2021\/05\/Vincent-Soubabere-150x150.jpg","contentUrl":"https:\/\/dicodusport.fr\/blog\/wp-content\/uploads\/2021\/05\/Vincent-Soubabere-150x150.jpg","caption":"Vincent Soubab\u00e8re"},"description":"Journaliste\/r\u00e9dacteur depuis ao\u00fbt 2018 - Passionn\u00e9 de sport depuis tout petit, je me suis logiquement tourn\u00e9 vers le journalisme sportif depuis ao\u00fbt 2018. Grand supporter des Girondins, je suis aussi un fan de football. Je pratique le tennis et suis l'actualit\u00e9 de la petite balle jaune. En juillet, vous risquez de me croiser sur les routes du Tour.","url":"https:\/\/dicodusport.fr\/blog\/author\/vincents\/"}]}},"_links":{"self":[{"href":"https:\/\/dicodusport.fr\/blog\/wp-json\/wp\/v2\/posts\/133967","targetHints":{"allow":["GET"]}}],"collection":[{"href":"https:\/\/dicodusport.fr\/blog\/wp-json\/wp\/v2\/posts"}],"about":[{"href":"https:\/\/dicodusport.fr\/blog\/wp-json\/wp\/v2\/types\/post"}],"author":[{"embeddable":true,"href":"https:\/\/dicodusport.fr\/blog\/wp-json\/wp\/v2\/users\/57"}],"replies":[{"embeddable":true,"href":"https:\/\/dicodusport.fr\/blog\/wp-json\/wp\/v2\/comments?post=133967"}],"version-history":[{"count":1,"href":"https:\/\/dicodusport.fr\/blog\/wp-json\/wp\/v2\/posts\/133967\/revisions"}],"predecessor-version":[{"id":611564,"href":"https:\/\/dicodusport.fr\/blog\/wp-json\/wp\/v2\/posts\/133967\/revisions\/611564"}],"wp:featuredmedia":[{"embeddable":true,"href":"https:\/\/dicodusport.fr\/blog\/wp-json\/wp\/v2\/media\/133970"}],"wp:attachment":[{"href":"https:\/\/dicodusport.fr\/blog\/wp-json\/wp\/v2\/media?parent=133967"}],"wp:term":[{"taxonomy":"category","embeddable":true,"href":"https:\/\/dicodusport.fr\/blog\/wp-json\/wp\/v2\/categories?post=133967"},{"taxonomy":"post_tag","embeddable":true,"href":"https:\/\/dicodusport.fr\/blog\/wp-json\/wp\/v2\/tags?post=133967"}],"curies":[{"name":"wp","href":"https:\/\/api.w.org\/{rel}","templated":true}]}}