{"id":13397,"date":"2018-02-25T15:00:29","date_gmt":"2018-02-25T14:00:29","guid":{"rendered":"http:\/\/dicodusport.fr\/blog\/?p=13397"},"modified":"2018-02-25T18:21:53","modified_gmt":"2018-02-25T17:21:53","slug":"top-10-des-bleus-aux-jeux-olympiques-de-pyeongchang","status":"publish","type":"post","link":"https:\/\/dicodusport.fr\/blog\/top-10-des-bleus-aux-jeux-olympiques-de-pyeongchang\/","title":{"rendered":"Top 10 des Bleus aux Jeux Olympiques de Pyeongchang"},"content":{"rendered":"<p style=\"text-align: justify;\"><em><strong>Apr\u00e8s 15 jours de comp\u00e9tition, les Jeux Olympiques de Pyeongchang, c&rsquo;est d\u00e9j\u00e0 fini. Quels sont les Tricolores qui ont marqu\u00e9 cette olympiade ? <\/strong><\/em><\/p>\n<p style=\"text-align: justify;\"><img loading=\"lazy\" decoding=\"async\" class=\"alignnone size-full wp-image-13398\" src=\"http:\/\/dicodusport.fr\/blog\/wp-content\/uploads\/2018\/02\/Ce\u0301re\u0301monie-douverture.png\" alt=\"Ce\u0301re\u0301monie d'ouverture\" width=\"800\" height=\"445\" srcset=\"https:\/\/dicodusport.fr\/blog\/wp-content\/uploads\/2018\/02\/Ce\u0301re\u0301monie-douverture.png 800w, https:\/\/dicodusport.fr\/blog\/wp-content\/uploads\/2018\/02\/Ce\u0301re\u0301monie-douverture-300x167.png 300w, https:\/\/dicodusport.fr\/blog\/wp-content\/uploads\/2018\/02\/Ce\u0301re\u0301monie-douverture-768x427.png 768w\" sizes=\"auto, (max-width: 800px) 100vw, 800px\" \/><\/p>\n<p style=\"text-align: right;\"><a href=\"http:\/\/dicodusport.fr\/blog\/top-10-des-bleus-aux-jeux-olympiques-de-pyeongchang\/2\/#dix\" class=\"su-button su-button-style-flat\" style=\"color:#FFFFFF;background-color:#005f9b;border-color:#004c7c;border-radius:4px\" target=\"_self\"><span style=\"color:#FFFFFF;padding:0px 20px;font-size:16px;line-height:32px;border-color:#4d8fb9;border-radius:4px;text-shadow:none\"> Lancer le diaporama<\/span><\/a>\n<p style=\"text-align: justify;\"><em><strong>Nicolas Jacquemard<\/strong><br \/>\n<\/em><a style=\"color: #000000;\" href=\"https:\/\/twitter.com\/Nico_Jacquemard\" target=\"_blank\" rel=\"noopener noreferrer\"><img loading=\"lazy\" decoding=\"async\" class=\"alignnone wp-image-2908\" src=\"http:\/\/dicodusport.fr\/blog\/wp-content\/uploads\/2017\/07\/logo-twitter-150x150.png\" alt=\"\" width=\"39\" height=\"39\" \/><\/a><a style=\"color: #000000;\" href=\"https:\/\/www.facebook.com\/dicodusport\/\" target=\"_blank\" rel=\"noopener noreferrer\"><img loading=\"lazy\" decoding=\"async\" class=\"alignnone wp-image-2909\" src=\"http:\/\/dicodusport.fr\/blog\/wp-content\/uploads\/2017\/07\/logo-facebook-150x150.png\" alt=\"\" width=\"40\" height=\"40\" \/><\/a><\/p>\n<p style=\"text-align: justify;\"><!--nextpage--><\/p>\n<p style=\"text-align: justify;\"><a id=\"dix\"><\/a><img loading=\"lazy\" decoding=\"async\" class=\"alignnone size-full wp-image-13400\" src=\"http:\/\/dicodusport.fr\/blog\/wp-content\/uploads\/2018\/02\/Anais-Bescond.png\" alt=\"\" width=\"800\" height=\"445\" srcset=\"https:\/\/dicodusport.fr\/blog\/wp-content\/uploads\/2018\/02\/Anais-Bescond.png 800w, https:\/\/dicodusport.fr\/blog\/wp-content\/uploads\/2018\/02\/Anais-Bescond-300x167.png 300w, https:\/\/dicodusport.fr\/blog\/wp-content\/uploads\/2018\/02\/Anais-Bescond-768x427.png 768w\" sizes=\"auto, (max-width: 800px) 100vw, 800px\" \/><\/p>\n<h4 style=\"text-align: justify;\">10\u00e8me : Anais Bescond, bronze en poursuite et en relais f\u00e9minin et or en relais mixte<\/h4>\n<p style=\"text-align: justify;\"><a href=\"https:\/\/dicodusport.fr\/blog\/jo-2018-biathlon-poursuite-dahlmeier-reine-bescond-bronze\/\" target=\"_blank\" rel=\"noopener\">Seule biathl\u00e8te fran\u00e7aise m\u00e9daill\u00e9e en individuel<\/a>, Ana\u00efs Bescond aura r\u00e9alis\u00e9 une superbe poursuite pour remonter de la 19\u00e8me \u00e0 la 3\u00e8me place. \u00c9galement m\u00e9daill\u00e9e avec le relais f\u00e9minin et championne olympique avec le relais mixte.<\/p>\n<p style=\"text-align: right;\"><a href=\"http:\/\/dicodusport.fr\/blog\/top-10-des-bleus-aux-jeux-olympiques-de-pyeongchang\/3\/#neuf\" class=\"su-button su-button-style-flat\" style=\"color:#FFFFFF;background-color:#005f9b;border-color:#004c7c;border-radius:4px\" target=\"_self\"><span style=\"color:#FFFFFF;padding:0px 20px;font-size:16px;line-height:32px;border-color:#4d8fb9;border-radius:4px;text-shadow:none\"> Suivant<\/span><\/a>\n<p style=\"text-align: justify;\"><!--nextpage--><a id=\"neuf\"><\/a><img loading=\"lazy\" decoding=\"async\" class=\"alignnone size-full wp-image-13401\" src=\"http:\/\/dicodusport.fr\/blog\/wp-content\/uploads\/2018\/02\/Ski-de-fond.png\" alt=\"Ski de fond\" width=\"800\" height=\"445\" srcset=\"https:\/\/dicodusport.fr\/blog\/wp-content\/uploads\/2018\/02\/Ski-de-fond.png 800w, https:\/\/dicodusport.fr\/blog\/wp-content\/uploads\/2018\/02\/Ski-de-fond-300x167.png 300w, https:\/\/dicodusport.fr\/blog\/wp-content\/uploads\/2018\/02\/Ski-de-fond-768x427.png 768w\" sizes=\"auto, (max-width: 800px) 100vw, 800px\" \/><\/p>\n<h4 style=\"text-align: justify;\"><strong>9\u00e8me : Bronze pour le relais ski de fond et sprint par \u00e9quipes <\/strong><\/h4>\n<p style=\"text-align: justify;\">Maurice Manificat, tr\u00e8s d\u00e9\u00e7u apr\u00e8s sa 5\u00e8me place en individuel, a remis les pendules \u00e0 l&rsquo;heure avec ses copains. D&rsquo;abord <a href=\"https:\/\/dicodusport.fr\/blog\/jo-2018-ski-de-fond-relais-hommes-norvege-or-francais-bronzes\/\" target=\"_blank\" rel=\"noopener\">en relais avec Jean-Marc Gaillard, Cl\u00e9ment Parisse et Adrien Backscheider<\/a> puis <a href=\"https:\/\/dicodusport.fr\/blog\/jo-2018-ski-de-fond-relais-sprint-hommes-relais-sprint-bronze\/\" target=\"_blank\" rel=\"noopener\">en sprint avec Richard Jouve<\/a>. Jamais le ski de fond fran\u00e7ais avait remport\u00e9 deux m\u00e9dailles sur une olympiade.<\/p>\n<p style=\"text-align: right;\"><a href=\"http:\/\/dicodusport.fr\/blog\/top-10-des-bleus-aux-jeux-olympiques-de-pyeongchang\/4\/#huit\" class=\"su-button su-button-style-flat\" style=\"color:#FFFFFF;background-color:#005f9b;border-color:#004c7c;border-radius:4px\" target=\"_self\"><span style=\"color:#FFFFFF;padding:0px 20px;font-size:16px;line-height:32px;border-color:#4d8fb9;border-radius:4px;text-shadow:none\"> Suivant<\/span><\/a>\n<p style=\"text-align: justify;\"><!--nextpage--><\/p>\n<p style=\"text-align: justify;\"><a id=\"huit\"><\/a><img loading=\"lazy\" decoding=\"async\" class=\"alignnone size-full wp-image-13402\" src=\"http:\/\/dicodusport.fr\/blog\/wp-content\/uploads\/2018\/02\/Julia-Pereira-de-Sousa-1.png\" alt=\"Julia Pereira de Sousa\" width=\"800\" height=\"445\" srcset=\"https:\/\/dicodusport.fr\/blog\/wp-content\/uploads\/2018\/02\/Julia-Pereira-de-Sousa-1.png 800w, https:\/\/dicodusport.fr\/blog\/wp-content\/uploads\/2018\/02\/Julia-Pereira-de-Sousa-1-300x167.png 300w, https:\/\/dicodusport.fr\/blog\/wp-content\/uploads\/2018\/02\/Julia-Pereira-de-Sousa-1-768x427.png 768w\" sizes=\"auto, (max-width: 800px) 100vw, 800px\" \/><\/p>\n<h4 style=\"text-align: justify;\">8\u00e8me : Julia Pereira de Sousa, argent en snowboard cross<\/h4>\n<p style=\"text-align: justify;\">Alors que l&rsquo;on attendait ses trois partenaires de l&rsquo;\u00e9quipe de France, <a href=\"https:\/\/dicodusport.fr\/blog\/jo-2018-snowboardcross-f-pereira-de-sousa-argent-moioli-titree\/\" target=\"_blank\" rel=\"noopener\">Julia Pereira de Sousa a cr\u00e9\u00e9 la sensation<\/a> en allant d\u00e9crocher une m\u00e9daille d&rsquo;argent \u00e0 seulement 16 ans. Chlo\u00e9 Trespeuch prend la 5\u00e8me place de la finale.<\/p>\n<p style=\"text-align: right;\"><a href=\"http:\/\/dicodusport.fr\/blog\/top-10-des-bleus-aux-jeux-olympiques-de-pyeongchang\/5\/#sept\" class=\"su-button su-button-style-flat\" style=\"color:#FFFFFF;background-color:#005f9b;border-color:#004c7c;border-radius:4px\" target=\"_self\"><span style=\"color:#FFFFFF;padding:0px 20px;font-size:16px;line-height:32px;border-color:#4d8fb9;border-radius:4px;text-shadow:none\"> Suivant<\/span><\/a>\n<p style=\"text-align: justify;\"><!--nextpage--><\/p>\n<p style=\"text-align: justify;\"><a id=\"sept\"><\/a><img loading=\"lazy\" decoding=\"async\" class=\"alignnone size-full wp-image-13404\" src=\"http:\/\/dicodusport.fr\/blog\/wp-content\/uploads\/2018\/02\/Marie-Martinod-1.png\" alt=\"Marie Martinod\" width=\"800\" height=\"445\" srcset=\"https:\/\/dicodusport.fr\/blog\/wp-content\/uploads\/2018\/02\/Marie-Martinod-1.png 800w, https:\/\/dicodusport.fr\/blog\/wp-content\/uploads\/2018\/02\/Marie-Martinod-1-300x167.png 300w, https:\/\/dicodusport.fr\/blog\/wp-content\/uploads\/2018\/02\/Marie-Martinod-1-768x427.png 768w\" sizes=\"auto, (max-width: 800px) 100vw, 800px\" \/><\/p>\n<h4 style=\"text-align: justify;\">7\u00e8me : Marie Martinod, argent en ski halfpipe<\/h4>\n<p style=\"text-align: justify;\">D\u00e9j\u00e0 en argent \u00e0 Sotchi en 2014, <a href=\"https:\/\/dicodusport.fr\/blog\/jo-2018-ski-halfpipe-f-martinod-recidive-argent-sharpe-sacree\/\" target=\"_blank\" rel=\"noopener\">Marie Martinod a r\u00e9it\u00e9r\u00e9 sa performance en d\u00e9crochant \u00e0 nouveau le m\u00eame m\u00e9tal<\/a>. Belle image de la championne avec sa fille sur le podium.<\/p>\n<p style=\"text-align: right;\"><a href=\"http:\/\/dicodusport.fr\/blog\/top-10-des-bleus-aux-jeux-olympiques-de-pyeongchang\/6\/#six\" class=\"su-button su-button-style-flat\" style=\"color:#FFFFFF;background-color:#005f9b;border-color:#004c7c;border-radius:4px\" target=\"_self\"><span style=\"color:#FFFFFF;padding:0px 20px;font-size:16px;line-height:32px;border-color:#4d8fb9;border-radius:4px;text-shadow:none\"> Suivant<\/span><\/a>\n<p style=\"text-align: justify;\"><!--nextpage--><\/p>\n<p style=\"text-align: justify;\"><a id=\"six\"><\/a><img loading=\"lazy\" decoding=\"async\" class=\"alignnone size-full wp-image-13405\" src=\"http:\/\/dicodusport.fr\/blog\/wp-content\/uploads\/2018\/02\/Gabriella-Papadakis-Guillaume-Cizeron.png\" alt=\"Gabriella Papadakis Guillaume Cizeron\" width=\"800\" height=\"445\" srcset=\"https:\/\/dicodusport.fr\/blog\/wp-content\/uploads\/2018\/02\/Gabriella-Papadakis-Guillaume-Cizeron.png 800w, https:\/\/dicodusport.fr\/blog\/wp-content\/uploads\/2018\/02\/Gabriella-Papadakis-Guillaume-Cizeron-300x167.png 300w, https:\/\/dicodusport.fr\/blog\/wp-content\/uploads\/2018\/02\/Gabriella-Papadakis-Guillaume-Cizeron-768x427.png 768w\" sizes=\"auto, (max-width: 800px) 100vw, 800px\" \/><\/p>\n<h4 style=\"text-align: justify;\">6\u00e8me : Gabriella Papadakis Guillaume Cizeron, argent en danse sur glace<\/h4>\n<p style=\"text-align: justify;\">Ils \u00e9taient venus pour \u00eatre champions olympiques, <a href=\"https:\/\/dicodusport.fr\/blog\/jo-2018-danse-glace-papadakis-cizeron-argent\/\" target=\"_blank\" rel=\"noopener\">ils repartent avec une belle m\u00e9daille d&rsquo;argent<\/a>, la faute \u00e0 une robe qui se d\u00e9tache et au couple canadien compos\u00e9 de\u00a0<span class=\"st\">Tessa Virtue et Scott Moir<\/span> au top niveau.<\/p>\n<p style=\"text-align: right;\"><a href=\"http:\/\/dicodusport.fr\/blog\/top-10-des-bleus-aux-jeux-olympiques-de-pyeongchang\/7\/#cinq\" class=\"su-button su-button-style-flat\" style=\"color:#FFFFFF;background-color:#005f9b;border-color:#004c7c;border-radius:4px\" target=\"_self\"><span style=\"color:#FFFFFF;padding:0px 20px;font-size:16px;line-height:32px;border-color:#4d8fb9;border-radius:4px;text-shadow:none\"> Suivant<\/span><\/a>\n<p style=\"text-align: justify;\"><!--nextpage--><\/p>\n<p style=\"text-align: justify;\"><a id=\"cinq\"><\/a><img loading=\"lazy\" decoding=\"async\" class=\"alignnone size-full wp-image-13406\" src=\"http:\/\/dicodusport.fr\/blog\/wp-content\/uploads\/2018\/02\/Alexis-Pinturault.png\" alt=\"Alexis Pinturault\" width=\"800\" height=\"445\" srcset=\"https:\/\/dicodusport.fr\/blog\/wp-content\/uploads\/2018\/02\/Alexis-Pinturault.png 800w, https:\/\/dicodusport.fr\/blog\/wp-content\/uploads\/2018\/02\/Alexis-Pinturault-300x167.png 300w, https:\/\/dicodusport.fr\/blog\/wp-content\/uploads\/2018\/02\/Alexis-Pinturault-768x427.png 768w\" sizes=\"auto, (max-width: 800px) 100vw, 800px\" \/><\/p>\n<h4 style=\"text-align: justify;\">5\u00e8me : Alexis Pinturault, argent en combin\u00e9 et bronze en g\u00e9ant<\/h4>\n<p style=\"text-align: justify;\">S&rsquo;il pouvait pr\u00e9tendre \u00e0 l&rsquo;or en combin\u00e9 ou en g\u00e9ant, Alexis Pinturault ne peut pas se reprocher grand chose en tombant sur un Marcel Hirscher de gala. Il repart avec deux belles m\u00e9dailles (<a href=\"https:\/\/dicodusport.fr\/blog\/jo-2018-combine-h-pinturault-muffat-jeandet-medailles-hirscher-imprenable\/\" target=\"_blank\" rel=\"noopener\">combin\u00e9<\/a> et <a href=\"https:\/\/dicodusport.fr\/blog\/jo-2018-slalom-geant-h-hirscher-realise-double-pinturault-bronze\/\" target=\"_blank\" rel=\"noopener\">g\u00e9ant<\/a>) qui s&rsquo;ajoutent \u00e0 celle en bronze d\u00e9croch\u00e9e sur le g\u00e9ant \u00e0 Sotchi.<\/p>\n<p style=\"text-align: right;\"><a href=\"http:\/\/dicodusport.fr\/blog\/top-10-des-bleus-aux-jeux-olympiques-de-pyeongchang\/8\/#quatre\" class=\"su-button su-button-style-flat\" style=\"color:#FFFFFF;background-color:#005f9b;border-color:#004c7c;border-radius:4px\" target=\"_self\"><span style=\"color:#FFFFFF;padding:0px 20px;font-size:16px;line-height:32px;border-color:#4d8fb9;border-radius:4px;text-shadow:none\"> Suivant<\/span><\/a>\n<p style=\"text-align: justify;\"><!--nextpage--><\/p>\n<p style=\"text-align: justify;\"><a id=\"quatre\"><\/a><img loading=\"lazy\" decoding=\"async\" class=\"alignnone size-full wp-image-13407\" src=\"http:\/\/dicodusport.fr\/blog\/wp-content\/uploads\/2018\/02\/Relais-mixte-biathlon.png\" alt=\"Relais mixte biathlon\" width=\"800\" height=\"445\" srcset=\"https:\/\/dicodusport.fr\/blog\/wp-content\/uploads\/2018\/02\/Relais-mixte-biathlon.png 800w, https:\/\/dicodusport.fr\/blog\/wp-content\/uploads\/2018\/02\/Relais-mixte-biathlon-300x167.png 300w, https:\/\/dicodusport.fr\/blog\/wp-content\/uploads\/2018\/02\/Relais-mixte-biathlon-768x427.png 768w\" sizes=\"auto, (max-width: 800px) 100vw, 800px\" \/><\/p>\n<h4 style=\"text-align: justify;\">4\u00e8me : Or pour le relais mixte en biathlon<\/h4>\n<p style=\"text-align: justify;\">Les Bleus avaient une carte \u00e0 jouer sur les trois relais et <a href=\"https:\/\/dicodusport.fr\/blog\/jo-2018-biathlon-relais-mixte-relais-or\/\" target=\"_blank\" rel=\"noopener\">c&rsquo;est le mixte qui aura d\u00e9croch\u00e9 le graal<\/a>. A la bagarre jusqu&rsquo;au dernier relais, Martin Fourcade a assur\u00e9 la victoire fran\u00e7aise en faisant une course parfaite.<\/p>\n<p style=\"text-align: right;\"><a href=\"http:\/\/dicodusport.fr\/blog\/top-10-des-bleus-aux-jeux-olympiques-de-pyeongchang\/9\/#trois\" class=\"su-button su-button-style-flat\" style=\"color:#FFFFFF;background-color:#005f9b;border-color:#004c7c;border-radius:4px\" target=\"_self\"><span style=\"color:#FFFFFF;padding:0px 20px;font-size:16px;line-height:32px;border-color:#4d8fb9;border-radius:4px;text-shadow:none\"> Suivant<\/span><\/a>\n<p style=\"text-align: justify;\"><!--nextpage--><\/p>\n<p style=\"text-align: justify;\"><a id=\"trois\"><\/a><img loading=\"lazy\" decoding=\"async\" class=\"alignnone size-full wp-image-13408\" src=\"http:\/\/dicodusport.fr\/blog\/wp-content\/uploads\/2018\/02\/Perrine-Laffont-1.png\" alt=\"Perrine Laffont \" width=\"800\" height=\"445\" srcset=\"https:\/\/dicodusport.fr\/blog\/wp-content\/uploads\/2018\/02\/Perrine-Laffont-1.png 800w, https:\/\/dicodusport.fr\/blog\/wp-content\/uploads\/2018\/02\/Perrine-Laffont-1-300x167.png 300w, https:\/\/dicodusport.fr\/blog\/wp-content\/uploads\/2018\/02\/Perrine-Laffont-1-768x427.png 768w\" sizes=\"auto, (max-width: 800px) 100vw, 800px\" \/><\/p>\n<h4 style=\"text-align: justify;\">3\u00e8me : Perrine Laffont, or en ski de bosses<\/h4>\n<p style=\"text-align: justify;\">A seulement 19 ans, la Fran\u00e7aise a \u00e9t\u00e9 <a href=\"https:\/\/dicodusport.fr\/blog\/jo-2018-ski-de-bosses-perrine-a-fait\/\" target=\"_blank\" rel=\"noopener\">la premi\u00e8re m\u00e9daill\u00e9e des Jeux Olympiques pour le clan tricolore<\/a>, en d\u00e9crochant l&rsquo;or sur l&rsquo;\u00e9preuve de ski de bosses.<\/p>\n<p style=\"text-align: right;\"><a href=\"http:\/\/dicodusport.fr\/blog\/top-10-des-bleus-aux-jeux-olympiques-de-pyeongchang\/10\/#deux\" class=\"su-button su-button-style-flat\" style=\"color:#FFFFFF;background-color:#005f9b;border-color:#004c7c;border-radius:4px\" target=\"_self\"><span style=\"color:#FFFFFF;padding:0px 20px;font-size:16px;line-height:32px;border-color:#4d8fb9;border-radius:4px;text-shadow:none\"> Suivant<\/span><\/a>\n<p style=\"text-align: justify;\"><!--nextpage--><\/p>\n<p style=\"text-align: justify;\"><a id=\"deux\"><\/a><img loading=\"lazy\" decoding=\"async\" class=\"alignnone size-full wp-image-13409\" src=\"http:\/\/dicodusport.fr\/blog\/wp-content\/uploads\/2018\/02\/Pierre-Vaultier-1.png\" alt=\"Pierre Vaultier\" width=\"800\" height=\"445\" srcset=\"https:\/\/dicodusport.fr\/blog\/wp-content\/uploads\/2018\/02\/Pierre-Vaultier-1.png 800w, https:\/\/dicodusport.fr\/blog\/wp-content\/uploads\/2018\/02\/Pierre-Vaultier-1-300x167.png 300w, https:\/\/dicodusport.fr\/blog\/wp-content\/uploads\/2018\/02\/Pierre-Vaultier-1-768x427.png 768w\" sizes=\"auto, (max-width: 800px) 100vw, 800px\" \/><\/p>\n<h4 style=\"text-align: justify;\">2\u00e8me : Pierre Vaultier, or en snowboard cross<\/h4>\n<p style=\"text-align: justify;\">Quatre ans apr\u00e8s son titre olympique \u00e0 Sotchi, <a href=\"https:\/\/dicodusport.fr\/blog\/jo-2018-snowboardcross-h-pierre-vaultier-double-la-mise\/\" target=\"_blank\" rel=\"noopener\">Pierre Vaultier a de nouveau d\u00e9croch\u00e9 l&rsquo;or en Cor\u00e9e du Sud<\/a>. Favori, le Fran\u00e7ais a tenu son rang malgr\u00e9 une frayeur en demi-finale.<\/p>\n<p style=\"text-align: right;\"><a href=\"http:\/\/dicodusport.fr\/blog\/top-10-des-bleus-aux-jeux-olympiques-de-pyeongchang\/11\/#un\" class=\"su-button su-button-style-flat\" style=\"color:#FFFFFF;background-color:#005f9b;border-color:#004c7c;border-radius:4px\" target=\"_self\"><span style=\"color:#FFFFFF;padding:0px 20px;font-size:16px;line-height:32px;border-color:#4d8fb9;border-radius:4px;text-shadow:none\"> Suivant<\/span><\/a>\n<p style=\"text-align: justify;\"><!--nextpage--><\/p>\n<p style=\"text-align: justify;\"><a id=\"un\"><\/a><img loading=\"lazy\" decoding=\"async\" class=\"alignnone size-full wp-image-13410\" src=\"http:\/\/dicodusport.fr\/blog\/wp-content\/uploads\/2018\/02\/Martin-Fourcade-1.png\" alt=\"Martin Fourcade \" width=\"800\" height=\"445\" srcset=\"https:\/\/dicodusport.fr\/blog\/wp-content\/uploads\/2018\/02\/Martin-Fourcade-1.png 800w, https:\/\/dicodusport.fr\/blog\/wp-content\/uploads\/2018\/02\/Martin-Fourcade-1-300x167.png 300w, https:\/\/dicodusport.fr\/blog\/wp-content\/uploads\/2018\/02\/Martin-Fourcade-1-768x427.png 768w\" sizes=\"auto, (max-width: 800px) 100vw, 800px\" \/><\/p>\n<h4 style=\"text-align: justify;\">1er : Martin Fourcade, or en poursuite, mass start et relais mixte<\/h4>\n<p style=\"text-align: justify;\">Apr\u00e8s avoir rat\u00e9 son sprint, le Catalan a d&rsquo;abord r\u00e9pondu en patron <a href=\"https:\/\/dicodusport.fr\/blog\/jo-2018-biathlon-poursuite-fourcade-en-or\/\" target=\"_blank\" rel=\"noopener\">en remportant largement la poursuite<\/a>. Apr\u00e8s une nouvelle frustration sur l&rsquo;individuelle,<a href=\"https:\/\/dicodusport.fr\/blog\/jo-2018-biathlon-mass-start-h-fourcade-victoire-photo-finish\/\" target=\"_blank\" rel=\"noopener\"> il nous a offert un suspense haletant sur la mass start<\/a> pour s&rsquo;imposer \u00e0 la photo finish face \u00e0 l&rsquo;Allemand Simon Schempp. Quelques jours plus tard, <a href=\"https:\/\/dicodusport.fr\/blog\/jo-2018-biathlon-relais-mixte-relais-or\/\" target=\"_blank\" rel=\"noopener\">il compl\u00e9tera sa collection avec le titre en relais mixte<\/a>. Il devient alors <span class=\"st\">l&rsquo;athl\u00e8te fran\u00e7ais le plus titr\u00e9 de l&rsquo;histoire des Jeux Olympiques. L\u00e9gende.<\/span><\/p>\n<p style=\"text-align: left;\"><a href=\"http:\/\/dicodusport.fr\/blog\/top-10-des-bleus-aux-jeux-olympiques-de-pyeongchang\/\" class=\"su-button su-button-style-flat\" style=\"color:#FFFFFF;background-color:#005f9b;border-color:#004c7c;border-radius:4px\" target=\"_self\"><span style=\"color:#FFFFFF;padding:0px 20px;font-size:16px;line-height:32px;border-color:#4d8fb9;border-radius:4px;text-shadow:none\"> Revenir au d\u00e9but<\/span><\/a>\n<div class=\"dem-poll-shortcode\">\n<style id=\"democracy-poll\">.democracy:after{content:'';display:table;clear:both}.democracy ul li,.democracy ul{background:0 0;padding:0;margin:0}.democracy ul li:before{display:none}.democracy input[type=radio],.democracy input[type=checkbox]{margin:0;vertical-align:middle}.democracy input[type=radio]:focus,.democracy input[type=checkbox]:focus{outline:none}.democracy ul{list-style:none !important;border:none !important}.democracy ul li{list-style:none !important}input[type=submit].dem-button,a.dem-button,.dem-button{position:relative;display:inline-block;text-decoration:none;line-height:1;border:0;margin:0;padding:0;cursor:pointer;white-space:nowrap;-webkit-user-select:none;-moz-user-select:none;-ms-user-select:none;user-select:none}input[type=submit].dem-button:focus,a.dem-button:focus,.dem-button:focus{outline:none}input[type=submit].dem-button:disabled,a.dem-button:disabled,.dem-button:disabled{opacity:.6;cursor:not-allowed}a.dem-button:hover{text-decoration:none !important}.democracy{position:relative;margin:0 auto}.democracy input[type=radio],.democracy input[type=checkbox]{margin-right:.2em}.dem-screen{position:relative;line-height:1.3}.democracy ul.dem-vote{margin-bottom:1em}.democracy ul.dem-vote li{padding-bottom:0;margin-bottom:0}.democracy ul.dem-vote li>*{margin-bottom:.6em}.democracy ul.dem-answers li{padding-bottom:1em}.dem-answers .dem-label{margin-bottom:.2em;line-height:1.2}.dem-graph{position:relative;color:#555;color:rgba(0,0,0,.6);box-sizing:content-box;width:100%;display:table;height:1.2em;line-height:1.2em}.dem-fill{position:absolute;top:0;left:0;height:100%;background-color:#7cb4dd}.dem-voted-this .dem-fill{background-color:#ffc45a}.dem-votes-txt,.dem-percent-txt{position:relative;display:table-cell;padding-left:.3em;vertical-align:middle;font-size:90%}.dem-poll-info{padding-bottom:1em}.dem-poll-info:after{content:'';display:table;clear:both}.dem-poll-info>*{font-size:85%;display:block;float:right;clear:both;text-align:right;opacity:.7;line-height:1.3}.dem-vote label{float:none;display:block}.dem-results-link{display:inline-block;line-height:1;margin:.8em 1em}.dem-vote .dem-disabled{opacity:.5}.democracy .dem-bottom{padding-bottom:1em}.dem-bottom{text-align:center}.dem-bottom:after{content:'';display:table;clear:both}.dem-poll-title{display:block;margin-bottom:1.5em;margin-top:1.2em;font-size:120%}.dem-notice{z-index:10;position:absolute;top:0;border-radius:2px;width:100%;padding:1.5em 2em;text-align:center;background:rgba(247,241,212,.8);color:#6d6214}.dem-notice-close{position:absolute;top:0;right:0;padding:5px;cursor:pointer;line-height:.6;font-size:150%}.dem-notice-close:hover{color:#d26616}.dem-star{font-size:90%;vertical-align:baseline;padding-left:.3em;color:#ff4e00}.dem-poll-note{font-size:90%;padding:.5em;opacity:.8;line-height:1.3}.democracy .dem-copyright{position:absolute;bottom:-1em;right:0;text-decoration:none;border-bottom:0;color:#b2b2b2;opacity:.5;line-height:1}.democracy .dem-copyright:hover{opacity:1}.dem-add-answer{position:relative}.dem-add-answer>*{display:block}.dem-add-answer a{display:inline-block}input.dem-add-answer-txt{width:100%;box-sizing:border-box}.dem-add-answer-close{position:absolute;right:0;padding:0 .7em;cursor:pointer;color:#333}.dem-add-answer-close:hover{color:#ff2700}.dem-edit-link{display:block;position:absolute;top:0;right:0;line-height:1;text-decoration:none !important;border:none !important}.dem-edit-link svg{width:1.2em!important;fill:#6c6c6c}.dem-edit-link:hover svg{fill:#35a91d}.dem-loader{display:none;position:absolute;top:0;left:0;width:100%;height:100%}.dem-loader>*{display:table-cell;vertical-align:middle;text-align:center}.dem-loader svg{width:20%;max-width:100px;min-width:80px;margin-bottom:15%}.dem-loader [class^=dem-]{margin-bottom:15%!important}.dem__collapser{display:block;cursor:pointer;text-align:center;font-size:150%;line-height:1}.dem__collapser:hover{color:#f31;background:rgba(255,255,255,.3)}.dem__collapser.expanded{position:relative;height:1em}.dem__collapser.collapsed{position:absolute;top:0;bottom:0;right:0;left:0}.dem__collapser .arr{display:block;position:absolute;bottom:0;width:100%}.dem__collapser.collapsed .arr:before{content:\"\u25be\"}.dem__collapser.expanded .arr:before{content:\"\u25b4\"}.dem-poll-shortcode{margin-bottom:1.5em}.dem-archives .dem-elem-wrap{margin-bottom:2em;padding-bottom:20px;border-bottom:1px dashed rgba(0,0,0,.1)}.dem-archives .dem-archive-link{display:none}.dem-paging{text-align:center;margin:1.5em auto}.dem-paging>*{display:inline-block;padding:.3em .8em;border-radius:.2em;background:#e2e2e2;color:#333;text-decoration:none;text-transform:lowercase;user-select:none}.dem-paging>a{color:#333}.dem-paging>a:hover{background:#ccc;color:#333;text-decoration:none}.dem-paging .current{background:#656565;color:#fff}.dem-paging .dots{background:0 0}.democracy{border-color:#ccc;border:1px solid rgba(0,0,0,.1);background-color:#eee;background-color:rgba(0,0,0,.1);background-image:-webkit-linear-gradient(bottom,rgba(0,0,0,.05),transparent);background-image:linear-gradient(to top,rgba(0,0,0,.05),transparent);padding:1em;padding-bottom:.5em;margin-bottom:1em}.dem-poll-title{margin:0;font-size:115%;margin:-.9em;margin-bottom:1em;text-align:center;padding:1em;border-bottom:1px solid rgba(0,0,0,.1)}.dem-percent-txt,.dem-label-percent-txt{display:none}.dem-votes-txt-percent:before{content:'- ';display:inline}.dem-revote-button:before{content:'\u25c2 '}.dem-graph{background-color:rgba(255,255,255,.8)}.dem-results-link{margin-bottom:0}.dem__checkbox,.dem__radio{display:none !important}.dem__checkbox_label,.dem__radio_label{position:relative;box-sizing:content-box}.dem__checkbox_label .dem__spot{border-radius:3px}.dem__radio_label .dem__spot{border-radius:50%}.dem__checkbox_label .dem__spot,.dem__radio_label .dem__spot{position:relative;display:inline-block;vertical-align:baseline;width:.9em;height:.9em;margin-right:.3em;cursor:pointer;background:#fff;border:1px solid #ccc}.dem__checkbox_label .dem__spot:after{width:.9em;height:.32em;top:-.1em;left:.145em;border:.17em solid #333;border-top:none;border-right:none;-webkit-transform:rotate(-45deg);transform:rotate(-45deg);background:0 0}.dem__radio_label .dem__spot:after{width:.5em;height:.5em;border-radius:50%;top:50%;left:50%;-webkit-transform:translate(-50%,-50%);transform:translate(-50%,-50%);background:#333}.dem__checkbox_label .dem__spot:after,.dem__radio_label .dem__spot:after{content:'';position:absolute;opacity:0}.dem__checkbox_label:hover .dem__spot:after,.dem__radio_label:hover .dem__spot:after{opacity:.2}.dem__checkbox:checked+.dem__spot,.dem__radio:checked+.dem__spot{border-color:#999}.dem__checkbox:checked+.dem__spot:after,.dem__radio:checked+.dem__spot:after{opacity:1}.dem__checkbox:disabled+.dem__spot,.dem__radio:disabled+.dem__spot{opacity:.5}.dem__checkbox:not(:checked):disabled+.dem__spot:after,.dem__radio:not(:checked):disabled+.dem__spot:after{opacity:0}input[type=submit].dem-button,a.dem-button,.dem-button{font-size:90%;font-family:tahoma,arial,sans-serif;padding:.8em 1.6em !important;color:#fff;background:#61a9de;text-transform:uppercase}input[type=submit].dem-button:hover,a.dem-button:hover,.dem-button:hover{color:#fff;background:#3b8bc6}a.dem-button:visited{color:#fff}.dem-loader .fill{fill:#0248ed !important}.dem-loader .css-fill{background-color:#0248ed !important}.dem-loader .stroke{stroke:#0248ed !important}.dem-graph{background:#a5a5a5 !important}.dem-fill{background-color:#1c62ed !important}.dem-voted-this .dem-fill{background-color:#30a82a !important}.dem-graph{height:25px;line-height:25px}.dem-button{background-color:#f71339 !important}.dem-button{color:#efefef !important}.democracy{background-color:#fff;color:#000}.dem-poll-info{color:#000}.dem-votes-txt,.dem-percent-txt{color:#fff}<\/style>\n<div id=\"democracy-7\" class=\"democracy\" data-opts='{\"ajax_url\":\"https:\\\/\\\/dicodusport.fr\\\/blog\\\/wp-admin\\\/admin-ajax.php\",\"pid\":7,\"max_answs\":0,\"answs_max_height\":\"-1\",\"anim_speed\":\"400\",\"line_anim_speed\":1500}' ><strong class=\"dem-poll-title\">Et vous, quel est le moment qui vous a le plus marqu\u00e9 ?<\/strong><div class=\"dem-screen voted\"><ul class=\"dem-answers\" data-voted-class=\"dem-voted-this\" data-voted-txt=\"(Votre vote)\">\n\t<li  class=\"dem-winner\" title=\"7 voix - 64% des votes\" data-aid=\"19\">\n\t<div class=\"dem-label\">Martin Fourcade, or en poursuite, mass start et relais mixte  <span class=\"dem-label-percent-txt\">64%, 7 <span class=\"votxt\">voix<\/span><\/span><\/div>\n\t<div class=\"dem-graph\">\n\t\t<div class=\"dem-fill\" data-width=\"100%\"><\/div>\n\t\t<div class=\"dem-votes-txt\">\n\t\t\t<span class=\"dem-votes-txt-votes\">7 <span class=\"votxt\">voix<\/span><\/span>\n\t\t\t<span class=\"dem-votes-txt-percent\">64%<\/span>\n\t\t<\/div>\n\t\t<div class=\"dem-percent-txt\">7 voix - 64% des votes<\/div>\n\t<\/div>\n<\/li><li  title=\"2 voix - 18% des votes\" data-aid=\"22\">\n\t<div class=\"dem-label\">L'Or pour le relais mixte en biathlon  <span class=\"dem-label-percent-txt\">18%, 2 <span class=\"votxt\">voix<\/span><\/span><\/div>\n\t<div class=\"dem-graph\">\n\t\t<div class=\"dem-fill\" data-width=\"29%\"><\/div>\n\t\t<div class=\"dem-votes-txt\">\n\t\t\t<span class=\"dem-votes-txt-votes\">2 <span class=\"votxt\">voix<\/span><\/span>\n\t\t\t<span class=\"dem-votes-txt-percent\">18%<\/span>\n\t\t<\/div>\n\t\t<div class=\"dem-percent-txt\">2 voix - 18% des votes<\/div>\n\t<\/div>\n<\/li><li  title=\"1 voix - 9% des votes\" data-aid=\"21\">\n\t<div class=\"dem-label\">Perrine Laffont, or en ski de bosses  <span class=\"dem-label-percent-txt\">9%, 1 <span class=\"votxt\">voix<\/span><\/span><\/div>\n\t<div class=\"dem-graph\">\n\t\t<div class=\"dem-fill\" data-width=\"14%\"><\/div>\n\t\t<div class=\"dem-votes-txt\">\n\t\t\t<span class=\"dem-votes-txt-votes\">1 <span class=\"votxt\">voix<\/span><\/span>\n\t\t\t<span class=\"dem-votes-txt-percent\">9%<\/span>\n\t\t<\/div>\n\t\t<div class=\"dem-percent-txt\">1 voix - 9% des votes<\/div>\n\t<\/div>\n<\/li><li  title=\"1 voix - 9% des votes\" data-aid=\"28\">\n\t<div class=\"dem-label\">Anais Bescond, bronze en poursuite et en relais f\u00e9minin et or en relais mixte  <span class=\"dem-label-percent-txt\">9%, 1 <span class=\"votxt\">voix<\/span><\/span><\/div>\n\t<div class=\"dem-graph\">\n\t\t<div class=\"dem-fill\" data-width=\"14%\"><\/div>\n\t\t<div class=\"dem-votes-txt\">\n\t\t\t<span class=\"dem-votes-txt-votes\">1 <span class=\"votxt\">voix<\/span><\/span>\n\t\t\t<span class=\"dem-votes-txt-percent\">9%<\/span>\n\t\t<\/div>\n\t\t<div class=\"dem-percent-txt\">1 voix - 9% des votes<\/div>\n\t<\/div>\n<\/li><li  class=\"dem-novoted\" title=\"0 voix - 0% des votes\" data-aid=\"20\">\n\t<div class=\"dem-label\">Pierre Vaultier, or en snowboard cross  <span class=\"dem-label-percent-txt\">0%, 0 <span class=\"votxt\">voix<\/span><\/span><\/div>\n\t<div class=\"dem-graph\">\n\t\t<div class=\"dem-fill\" data-width=\"1px\"><\/div>\n\t\t<div class=\"dem-votes-txt\">\n\t\t\t<span class=\"dem-votes-txt-votes\">0 <span class=\"votxt\">voix<\/span><\/span>\n\t\t\t\n\t\t<\/div>\n\t\t<div class=\"dem-percent-txt\">0 voix - 0% des votes<\/div>\n\t<\/div>\n<\/li><li  class=\"dem-novoted\" title=\"0 voix - 0% des votes\" data-aid=\"23\">\n\t<div class=\"dem-label\">Alexis Pinturault, argent en combin\u00e9 et bronze en g\u00e9ant  <span class=\"dem-label-percent-txt\">0%, 0 <span class=\"votxt\">voix<\/span><\/span><\/div>\n\t<div class=\"dem-graph\">\n\t\t<div class=\"dem-fill\" data-width=\"1px\"><\/div>\n\t\t<div class=\"dem-votes-txt\">\n\t\t\t<span class=\"dem-votes-txt-votes\">0 <span class=\"votxt\">voix<\/span><\/span>\n\t\t\t\n\t\t<\/div>\n\t\t<div class=\"dem-percent-txt\">0 voix - 0% des votes<\/div>\n\t<\/div>\n<\/li><li  class=\"dem-novoted\" title=\"0 voix - 0% des votes\" data-aid=\"24\">\n\t<div class=\"dem-label\">Gabriella Papadakis Guillaume Cizeron, argent en danse sur glace  <span class=\"dem-label-percent-txt\">0%, 0 <span class=\"votxt\">voix<\/span><\/span><\/div>\n\t<div class=\"dem-graph\">\n\t\t<div class=\"dem-fill\" data-width=\"1px\"><\/div>\n\t\t<div class=\"dem-votes-txt\">\n\t\t\t<span class=\"dem-votes-txt-votes\">0 <span class=\"votxt\">voix<\/span><\/span>\n\t\t\t\n\t\t<\/div>\n\t\t<div class=\"dem-percent-txt\">0 voix - 0% des votes<\/div>\n\t<\/div>\n<\/li><li  class=\"dem-novoted\" title=\"0 voix - 0% des votes\" data-aid=\"25\">\n\t<div class=\"dem-label\">Marie Martinod, argent en ski halfpipe  <span class=\"dem-label-percent-txt\">0%, 0 <span class=\"votxt\">voix<\/span><\/span><\/div>\n\t<div class=\"dem-graph\">\n\t\t<div class=\"dem-fill\" data-width=\"1px\"><\/div>\n\t\t<div class=\"dem-votes-txt\">\n\t\t\t<span class=\"dem-votes-txt-votes\">0 <span class=\"votxt\">voix<\/span><\/span>\n\t\t\t\n\t\t<\/div>\n\t\t<div class=\"dem-percent-txt\">0 voix - 0% des votes<\/div>\n\t<\/div>\n<\/li><li  class=\"dem-novoted\" title=\"0 voix - 0% des votes\" data-aid=\"26\">\n\t<div class=\"dem-label\">Julia Pereira de Sousa, argent en snowboard cross  <span class=\"dem-label-percent-txt\">0%, 0 <span class=\"votxt\">voix<\/span><\/span><\/div>\n\t<div class=\"dem-graph\">\n\t\t<div class=\"dem-fill\" data-width=\"1px\"><\/div>\n\t\t<div class=\"dem-votes-txt\">\n\t\t\t<span class=\"dem-votes-txt-votes\">0 <span class=\"votxt\">voix<\/span><\/span>\n\t\t\t\n\t\t<\/div>\n\t\t<div class=\"dem-percent-txt\">0 voix - 0% des votes<\/div>\n\t<\/div>\n<\/li><li  class=\"dem-novoted\" title=\"0 voix - 0% des votes\" data-aid=\"27\">\n\t<div class=\"dem-label\">Bronze pour le relais ski de fond et sprint par \u00e9quipes  <span class=\"dem-label-percent-txt\">0%, 0 <span class=\"votxt\">voix<\/span><\/span><\/div>\n\t<div class=\"dem-graph\">\n\t\t<div class=\"dem-fill\" data-width=\"1px\"><\/div>\n\t\t<div class=\"dem-votes-txt\">\n\t\t\t<span class=\"dem-votes-txt-votes\">0 <span class=\"votxt\">voix<\/span><\/span>\n\t\t\t\n\t\t<\/div>\n\t\t<div class=\"dem-percent-txt\">0 voix - 0% des votes<\/div>\n\t<\/div>\n<\/li>\n<\/ul>\n<div class=\"dem-bottom\">\n\t<div class=\"dem-poll-info\">\n\t\t<div class=\"dem-total-votes\">Total des votes : 11<\/div>\n\t\t\n\t\t<div class=\"dem-date\" title=\"D\u00e9but\">\n\t\t\t<span class=\"dem-begin-date\">25 f\u00e9vrier 2018<\/span> - <span class=\"dem-end-date\" title=\"Fin\">12 ao\u00fbt 2021<\/span>\n\t\t<\/div>\n\t\t\n\t\t<div>Les votes sont clos<\/div>\n\t\t\n\t<\/div>\n\t\n<\/div><\/div><noscript>Poll Options are limited because JavaScript is disabled in your browser.<\/noscript><div class=\"dem-loader\"><div><style type=\"text\/css\">\n.dem-circle {\n  width:100%;\n  height:100%;\n  min-width:40px;\n  min-height:40px;\n  max-width:70px;\n  max-height:70px;\n\n  position: relative;\n  margin: 0 auto;\n}\n\n.double-bounce1, .double-bounce2 {\n  width: 100%;\n  height: 100%;\n  border-radius: 50%;\n  background-color: #226ec6;\n  opacity: 0.6;\n  position: absolute;\n  top: 0;\n  left: 0;\n  \n  -webkit-animation: bounce 2.0s infinite ease-in-out;\n  animation: bounce 2.0s infinite ease-in-out;\n}\n\n.double-bounce2 {\n  -webkit-animation-delay: -1.0s;\n  animation-delay: -1.0s;\n}\n\n@-webkit-keyframes bounce {\n  0%, 100% { -webkit-transform: scale(0.0) }\n  50% { -webkit-transform: scale(1.0) }\n}\n\n@keyframes bounce {\n  0%, 100% { \n    transform: scale(0.0);\n    -webkit-transform: scale(0.0);\n  } 50% { \n    transform: scale(1.0);\n    -webkit-transform: scale(1.0);\n  }\n}<\/style>\n\n<div class=\"dem-circle\">\n  <div class=\"double-bounce1 css-fill\"><\/div>\n  <div class=\"double-bounce2 css-fill\"><\/div>\n<\/div><\/div><\/div><\/div><!--democracy--><\/div>\n<p><em><strong>Nicolas Jacquemard<\/strong><br \/>\n<\/em><a style=\"color: #000000;\" href=\"https:\/\/twitter.com\/Nico_Jacquemard\" target=\"_blank\" rel=\"noopener noreferrer\"><img loading=\"lazy\" decoding=\"async\" class=\"alignnone wp-image-2908\" src=\"http:\/\/dicodusport.fr\/blog\/wp-content\/uploads\/2017\/07\/logo-twitter-150x150.png\" alt=\"\" width=\"39\" height=\"39\" \/><\/a><a style=\"color: #000000;\" href=\"https:\/\/www.facebook.com\/dicodusport\/\" target=\"_blank\" rel=\"noopener noreferrer\"><img loading=\"lazy\" decoding=\"async\" class=\"alignnone wp-image-2909\" src=\"http:\/\/dicodusport.fr\/blog\/wp-content\/uploads\/2017\/07\/logo-facebook-150x150.png\" alt=\"\" width=\"40\" height=\"40\" \/><\/a><\/p>\n","protected":false},"excerpt":{"rendered":"<p>Apr\u00e8s 15 jours de comp\u00e9tition, les Jeux Olympiques de Pyeongchang, c&rsquo;est d\u00e9j\u00e0 fini. Quels sont les Tricolores qui ont marqu\u00e9 cette olympiade ? <\/p>\n","protected":false},"author":1,"featured_media":13411,"comment_status":"open","ping_status":"closed","sticky":false,"template":"","format":"standard","meta":{"_acf_changed":false,"_daextam_enable_autolinks":"","footnotes":""},"categories":[2,2426,3588,2313],"tags":[2427,161,3544,2821,2429,2425],"class_list":["post-13397","post","type-post","status-publish","format-standard","has-post-thumbnail","hentry","category-actualites","category-biathlon","category-pyeongchang-2018","category-sports-dhiver","tag-biathlon","tag-jeux-olympiques","tag-jo-de-pyeongchang","tag-marie-martinod","tag-martin-fourcade","tag-pierre-vaultier"],"acf":[],"yoast_head":"<!-- This site is optimized with the Yoast SEO Premium plugin v26.7 (Yoast SEO v26.7) - https:\/\/yoast.com\/wordpress\/plugins\/seo\/ -->\n<title>Top 10 des Bleus aux Jeux Olympiques de Pyeongchang<\/title>\n<meta name=\"description\" content=\"Apr\u00e8s 15 jours de comp\u00e9tition, les Jeux Olympiques de Pyeongchang, c&#039;est d\u00e9j\u00e0 fini. Quels sont les Tricolores qui ont marqu\u00e9 cette olympiade ? \u00a0\" \/>\n<meta name=\"robots\" content=\"index, follow, max-snippet:-1, max-image-preview:large, max-video-preview:-1\" \/>\n<link rel=\"canonical\" href=\"https:\/\/dicodusport.fr\/blog\/top-10-des-bleus-aux-jeux-olympiques-de-pyeongchang\/\" \/>\n<link rel=\"next\" href=\"https:\/\/dicodusport.fr\/blog\/top-10-des-bleus-aux-jeux-olympiques-de-pyeongchang\/2\/\" \/>\n<meta property=\"og:locale\" content=\"fr_FR\" \/>\n<meta property=\"og:type\" content=\"article\" \/>\n<meta property=\"og:title\" content=\"Top 10 des Bleus aux Jeux Olympiques de Pyeongchang\" \/>\n<meta property=\"og:description\" content=\"Apr\u00e8s 15 jours de comp\u00e9tition, les Jeux Olympiques de Pyeongchang, c&#039;est d\u00e9j\u00e0 fini. Quels sont les Tricolores qui ont marqu\u00e9 cette olympiade ? \u00a0\" \/>\n<meta property=\"og:url\" content=\"https:\/\/dicodusport.fr\/blog\/top-10-des-bleus-aux-jeux-olympiques-de-pyeongchang\/\" \/>\n<meta property=\"og:site_name\" content=\"Dicodusport\" \/>\n<meta property=\"article:publisher\" content=\"https:\/\/www.facebook.com\/dicodusport\" \/>\n<meta property=\"article:author\" content=\"https:\/\/www.facebook.com\/dicodusport\" \/>\n<meta property=\"article:published_time\" content=\"2018-02-25T14:00:29+00:00\" \/>\n<meta property=\"article:modified_time\" content=\"2018-02-25T17:21:53+00:00\" \/>\n<meta property=\"og:image\" content=\"https:\/\/dicodusport.fr\/blog\/wp-content\/uploads\/2018\/02\/Top-10-Bleus-JO-2018.png\" \/>\n\t<meta property=\"og:image:width\" content=\"800\" \/>\n\t<meta property=\"og:image:height\" content=\"445\" \/>\n\t<meta property=\"og:image:type\" content=\"image\/png\" \/>\n<meta name=\"author\" content=\"Nicolas Jacquemard\" \/>\n<meta name=\"twitter:card\" content=\"summary_large_image\" \/>\n<meta name=\"twitter:creator\" content=\"@https:\/\/twitter.com\/Nico_Jacquemard\" \/>\n<meta name=\"twitter:site\" content=\"@dicodusport\" \/>\n<script type=\"application\/ld+json\" class=\"yoast-schema-graph\">{\"@context\":\"https:\/\/schema.org\",\"@graph\":[{\"@type\":\"NewsArticle\",\"@id\":\"https:\/\/dicodusport.fr\/blog\/top-10-des-bleus-aux-jeux-olympiques-de-pyeongchang\/#article\",\"isPartOf\":{\"@id\":\"https:\/\/dicodusport.fr\/blog\/top-10-des-bleus-aux-jeux-olympiques-de-pyeongchang\/\"},\"author\":{\"name\":\"Nicolas Jacquemard\",\"@id\":\"https:\/\/dicodusport.fr\/blog\/#\/schema\/person\/55dcb50ad410894e431ed812bbb70191\"},\"headline\":\"Top 10 des Bleus aux Jeux Olympiques de Pyeongchang\",\"datePublished\":\"2018-02-25T14:00:29+00:00\",\"dateModified\":\"2018-02-25T17:21:53+00:00\",\"mainEntityOfPage\":{\"@id\":\"https:\/\/dicodusport.fr\/blog\/top-10-des-bleus-aux-jeux-olympiques-de-pyeongchang\/\"},\"wordCount\":822,\"commentCount\":0,\"publisher\":{\"@id\":\"https:\/\/dicodusport.fr\/blog\/#organization\"},\"image\":{\"@id\":\"https:\/\/dicodusport.fr\/blog\/top-10-des-bleus-aux-jeux-olympiques-de-pyeongchang\/#primaryimage\"},\"thumbnailUrl\":\"https:\/\/dicodusport.fr\/blog\/wp-content\/uploads\/2018\/02\/Top-10-Bleus-JO-2018.png\",\"keywords\":[\"Biathlon\",\"Jeux Olympiques\",\"JO de Pyeongchang\",\"Marie Martinod\",\"Martin Fourcade\",\"Pierre Vaultier\"],\"articleSection\":[\"Actualit\u00e9s\",\"Biathlon\",\"Pyeongchang 2018\",\"Sports d'hiver\"],\"inLanguage\":\"fr-FR\",\"potentialAction\":[{\"@type\":\"CommentAction\",\"name\":\"Comment\",\"target\":[\"https:\/\/dicodusport.fr\/blog\/top-10-des-bleus-aux-jeux-olympiques-de-pyeongchang\/#respond\"]}],\"copyrightYear\":\"2018\",\"copyrightHolder\":{\"@id\":\"https:\/\/dicodusport.fr\/blog\/#organization\"}},{\"@type\":\"WebPage\",\"@id\":\"https:\/\/dicodusport.fr\/blog\/top-10-des-bleus-aux-jeux-olympiques-de-pyeongchang\/\",\"url\":\"https:\/\/dicodusport.fr\/blog\/top-10-des-bleus-aux-jeux-olympiques-de-pyeongchang\/\",\"name\":\"Top 10 des Bleus aux Jeux Olympiques de Pyeongchang\",\"isPartOf\":{\"@id\":\"https:\/\/dicodusport.fr\/blog\/#website\"},\"primaryImageOfPage\":{\"@id\":\"https:\/\/dicodusport.fr\/blog\/top-10-des-bleus-aux-jeux-olympiques-de-pyeongchang\/#primaryimage\"},\"image\":{\"@id\":\"https:\/\/dicodusport.fr\/blog\/top-10-des-bleus-aux-jeux-olympiques-de-pyeongchang\/#primaryimage\"},\"thumbnailUrl\":\"https:\/\/dicodusport.fr\/blog\/wp-content\/uploads\/2018\/02\/Top-10-Bleus-JO-2018.png\",\"datePublished\":\"2018-02-25T14:00:29+00:00\",\"dateModified\":\"2018-02-25T17:21:53+00:00\",\"description\":\"Apr\u00e8s 15 jours de comp\u00e9tition, les Jeux Olympiques de Pyeongchang, c'est d\u00e9j\u00e0 fini. Quels sont les Tricolores qui ont marqu\u00e9 cette olympiade ? \u00a0\",\"inLanguage\":\"fr-FR\",\"potentialAction\":[{\"@type\":\"ReadAction\",\"target\":[\"https:\/\/dicodusport.fr\/blog\/top-10-des-bleus-aux-jeux-olympiques-de-pyeongchang\/\"]}]},{\"@type\":\"ImageObject\",\"inLanguage\":\"fr-FR\",\"@id\":\"https:\/\/dicodusport.fr\/blog\/top-10-des-bleus-aux-jeux-olympiques-de-pyeongchang\/#primaryimage\",\"url\":\"https:\/\/dicodusport.fr\/blog\/wp-content\/uploads\/2018\/02\/Top-10-Bleus-JO-2018.png\",\"contentUrl\":\"https:\/\/dicodusport.fr\/blog\/wp-content\/uploads\/2018\/02\/Top-10-Bleus-JO-2018.png\",\"width\":800,\"height\":445,\"caption\":\"Top 10 Bleus JO 2018\"},{\"@type\":\"WebSite\",\"@id\":\"https:\/\/dicodusport.fr\/blog\/#website\",\"url\":\"https:\/\/dicodusport.fr\/blog\/\",\"name\":\"Dicodusport\",\"description\":\"L&#039;encyclop\u00e9die de l&#039;actualit\u00e9 sportive\",\"publisher\":{\"@id\":\"https:\/\/dicodusport.fr\/blog\/#organization\"},\"potentialAction\":[{\"@type\":\"SearchAction\",\"target\":{\"@type\":\"EntryPoint\",\"urlTemplate\":\"https:\/\/dicodusport.fr\/blog\/?s={search_term_string}\"},\"query-input\":{\"@type\":\"PropertyValueSpecification\",\"valueRequired\":true,\"valueName\":\"search_term_string\"}}],\"inLanguage\":\"fr-FR\"},{\"@type\":\"NewsMediaOrganization\",\"@id\":\"https:\/\/dicodusport.fr\/blog\/#organization\",\"name\":\"Dicodusport\",\"url\":\"https:\/\/dicodusport.fr\/blog\/\",\"logo\":{\"@type\":\"ImageObject\",\"inLanguage\":\"fr-FR\",\"@id\":\"https:\/\/dicodusport.fr\/blog\/#\/schema\/logo\/image\/\",\"url\":\"https:\/\/dicodusport.fr\/blog\/wp-content\/uploads\/2020\/06\/cropped-LOGO-DICODUSPORT-2020-SANS-FOND-SANS-TEXTE.png\",\"contentUrl\":\"https:\/\/dicodusport.fr\/blog\/wp-content\/uploads\/2020\/06\/cropped-LOGO-DICODUSPORT-2020-SANS-FOND-SANS-TEXTE.png\",\"width\":512,\"height\":512,\"caption\":\"Dicodusport\"},\"image\":{\"@id\":\"https:\/\/dicodusport.fr\/blog\/#\/schema\/logo\/image\/\"},\"sameAs\":[\"https:\/\/www.facebook.com\/dicodusport\",\"https:\/\/x.com\/dicodusport\",\"https:\/\/www.instagram.com\/dicodusport\/\",\"https:\/\/www.youtube.com\/channel\/UC7V2KZ5sd3htJivAbA4ZG3w\"],\"description\":\"Dicodusport est l'encyclop\u00e9die de l'actualit\u00e9 sportive.\",\"email\":\"bonjour@dicodusport.fr\",\"legalName\":\"DICODUSPORT\",\"foundingDate\":\"2018-01-14\",\"vatID\":\"FR71834470973\",\"taxID\":\"83447097300043\",\"numberOfEmployees\":{\"@type\":\"QuantitativeValue\",\"minValue\":\"1\",\"maxValue\":\"10\"}},{\"@type\":\"Person\",\"@id\":\"https:\/\/dicodusport.fr\/blog\/#\/schema\/person\/55dcb50ad410894e431ed812bbb70191\",\"name\":\"Nicolas Jacquemard\",\"image\":{\"@type\":\"ImageObject\",\"inLanguage\":\"fr-FR\",\"@id\":\"https:\/\/dicodusport.fr\/blog\/#\/schema\/person\/image\/\",\"url\":\"https:\/\/dicodusport.fr\/blog\/wp-content\/uploads\/2021\/05\/Nicolas-Jacquemard-150x150.jpeg\",\"contentUrl\":\"https:\/\/dicodusport.fr\/blog\/wp-content\/uploads\/2021\/05\/Nicolas-Jacquemard-150x150.jpeg\",\"caption\":\"Nicolas Jacquemard\"},\"description\":\"Passionn\u00e9 de sport et entrepreneur depuis mes 18 ans, la cr\u00e9ation de Dicodusport m'a sembl\u00e9 \u00e9vidente pour participer \u00e0 la m\u00e9diatisation d'un plus grand nombre de sports. Le chemin est long mais avec une \u00e9quipe des plus motiv\u00e9es et les Jeux Olympiques de Paris 2024 en point de mire, nous y arriverons ! Journaliste dans le monde du sport depuis plus de 5 ans, je traite aussi bien de football, de rugby, de biathlon que de cyclisme.\",\"sameAs\":[\"https:\/\/www.facebook.com\/dicodusport\",\"https:\/\/x.com\/https:\/\/twitter.com\/Nico_Jacquemard\"],\"url\":\"https:\/\/dicodusport.fr\/blog\/author\/dicodusport\/\"}]}<\/script>\n<!-- \/ Yoast SEO Premium plugin. -->","yoast_head_json":{"title":"Top 10 des Bleus aux Jeux Olympiques de Pyeongchang","description":"Apr\u00e8s 15 jours de comp\u00e9tition, les Jeux Olympiques de Pyeongchang, c'est d\u00e9j\u00e0 fini. Quels sont les Tricolores qui ont marqu\u00e9 cette olympiade ? \u00a0","robots":{"index":"index","follow":"follow","max-snippet":"max-snippet:-1","max-image-preview":"max-image-preview:large","max-video-preview":"max-video-preview:-1"},"canonical":"https:\/\/dicodusport.fr\/blog\/top-10-des-bleus-aux-jeux-olympiques-de-pyeongchang\/","next":"https:\/\/dicodusport.fr\/blog\/top-10-des-bleus-aux-jeux-olympiques-de-pyeongchang\/2\/","og_locale":"fr_FR","og_type":"article","og_title":"Top 10 des Bleus aux Jeux Olympiques de Pyeongchang","og_description":"Apr\u00e8s 15 jours de comp\u00e9tition, les Jeux Olympiques de Pyeongchang, c'est d\u00e9j\u00e0 fini. Quels sont les Tricolores qui ont marqu\u00e9 cette olympiade ? \u00a0","og_url":"https:\/\/dicodusport.fr\/blog\/top-10-des-bleus-aux-jeux-olympiques-de-pyeongchang\/","og_site_name":"Dicodusport","article_publisher":"https:\/\/www.facebook.com\/dicodusport","article_author":"https:\/\/www.facebook.com\/dicodusport","article_published_time":"2018-02-25T14:00:29+00:00","article_modified_time":"2018-02-25T17:21:53+00:00","og_image":[{"width":800,"height":445,"url":"https:\/\/dicodusport.fr\/blog\/wp-content\/uploads\/2018\/02\/Top-10-Bleus-JO-2018.png","type":"image\/png"}],"author":"Nicolas Jacquemard","twitter_card":"summary_large_image","twitter_creator":"@https:\/\/twitter.com\/Nico_Jacquemard","twitter_site":"@dicodusport","schema":{"@context":"https:\/\/schema.org","@graph":[{"@type":"NewsArticle","@id":"https:\/\/dicodusport.fr\/blog\/top-10-des-bleus-aux-jeux-olympiques-de-pyeongchang\/#article","isPartOf":{"@id":"https:\/\/dicodusport.fr\/blog\/top-10-des-bleus-aux-jeux-olympiques-de-pyeongchang\/"},"author":{"name":"Nicolas Jacquemard","@id":"https:\/\/dicodusport.fr\/blog\/#\/schema\/person\/55dcb50ad410894e431ed812bbb70191"},"headline":"Top 10 des Bleus aux Jeux Olympiques de Pyeongchang","datePublished":"2018-02-25T14:00:29+00:00","dateModified":"2018-02-25T17:21:53+00:00","mainEntityOfPage":{"@id":"https:\/\/dicodusport.fr\/blog\/top-10-des-bleus-aux-jeux-olympiques-de-pyeongchang\/"},"wordCount":822,"commentCount":0,"publisher":{"@id":"https:\/\/dicodusport.fr\/blog\/#organization"},"image":{"@id":"https:\/\/dicodusport.fr\/blog\/top-10-des-bleus-aux-jeux-olympiques-de-pyeongchang\/#primaryimage"},"thumbnailUrl":"https:\/\/dicodusport.fr\/blog\/wp-content\/uploads\/2018\/02\/Top-10-Bleus-JO-2018.png","keywords":["Biathlon","Jeux Olympiques","JO de Pyeongchang","Marie Martinod","Martin Fourcade","Pierre Vaultier"],"articleSection":["Actualit\u00e9s","Biathlon","Pyeongchang 2018","Sports d'hiver"],"inLanguage":"fr-FR","potentialAction":[{"@type":"CommentAction","name":"Comment","target":["https:\/\/dicodusport.fr\/blog\/top-10-des-bleus-aux-jeux-olympiques-de-pyeongchang\/#respond"]}],"copyrightYear":"2018","copyrightHolder":{"@id":"https:\/\/dicodusport.fr\/blog\/#organization"}},{"@type":"WebPage","@id":"https:\/\/dicodusport.fr\/blog\/top-10-des-bleus-aux-jeux-olympiques-de-pyeongchang\/","url":"https:\/\/dicodusport.fr\/blog\/top-10-des-bleus-aux-jeux-olympiques-de-pyeongchang\/","name":"Top 10 des Bleus aux Jeux Olympiques de Pyeongchang","isPartOf":{"@id":"https:\/\/dicodusport.fr\/blog\/#website"},"primaryImageOfPage":{"@id":"https:\/\/dicodusport.fr\/blog\/top-10-des-bleus-aux-jeux-olympiques-de-pyeongchang\/#primaryimage"},"image":{"@id":"https:\/\/dicodusport.fr\/blog\/top-10-des-bleus-aux-jeux-olympiques-de-pyeongchang\/#primaryimage"},"thumbnailUrl":"https:\/\/dicodusport.fr\/blog\/wp-content\/uploads\/2018\/02\/Top-10-Bleus-JO-2018.png","datePublished":"2018-02-25T14:00:29+00:00","dateModified":"2018-02-25T17:21:53+00:00","description":"Apr\u00e8s 15 jours de comp\u00e9tition, les Jeux Olympiques de Pyeongchang, c'est d\u00e9j\u00e0 fini. Quels sont les Tricolores qui ont marqu\u00e9 cette olympiade ? \u00a0","inLanguage":"fr-FR","potentialAction":[{"@type":"ReadAction","target":["https:\/\/dicodusport.fr\/blog\/top-10-des-bleus-aux-jeux-olympiques-de-pyeongchang\/"]}]},{"@type":"ImageObject","inLanguage":"fr-FR","@id":"https:\/\/dicodusport.fr\/blog\/top-10-des-bleus-aux-jeux-olympiques-de-pyeongchang\/#primaryimage","url":"https:\/\/dicodusport.fr\/blog\/wp-content\/uploads\/2018\/02\/Top-10-Bleus-JO-2018.png","contentUrl":"https:\/\/dicodusport.fr\/blog\/wp-content\/uploads\/2018\/02\/Top-10-Bleus-JO-2018.png","width":800,"height":445,"caption":"Top 10 Bleus JO 2018"},{"@type":"WebSite","@id":"https:\/\/dicodusport.fr\/blog\/#website","url":"https:\/\/dicodusport.fr\/blog\/","name":"Dicodusport","description":"L&#039;encyclop\u00e9die de l&#039;actualit\u00e9 sportive","publisher":{"@id":"https:\/\/dicodusport.fr\/blog\/#organization"},"potentialAction":[{"@type":"SearchAction","target":{"@type":"EntryPoint","urlTemplate":"https:\/\/dicodusport.fr\/blog\/?s={search_term_string}"},"query-input":{"@type":"PropertyValueSpecification","valueRequired":true,"valueName":"search_term_string"}}],"inLanguage":"fr-FR"},{"@type":"NewsMediaOrganization","@id":"https:\/\/dicodusport.fr\/blog\/#organization","name":"Dicodusport","url":"https:\/\/dicodusport.fr\/blog\/","logo":{"@type":"ImageObject","inLanguage":"fr-FR","@id":"https:\/\/dicodusport.fr\/blog\/#\/schema\/logo\/image\/","url":"https:\/\/dicodusport.fr\/blog\/wp-content\/uploads\/2020\/06\/cropped-LOGO-DICODUSPORT-2020-SANS-FOND-SANS-TEXTE.png","contentUrl":"https:\/\/dicodusport.fr\/blog\/wp-content\/uploads\/2020\/06\/cropped-LOGO-DICODUSPORT-2020-SANS-FOND-SANS-TEXTE.png","width":512,"height":512,"caption":"Dicodusport"},"image":{"@id":"https:\/\/dicodusport.fr\/blog\/#\/schema\/logo\/image\/"},"sameAs":["https:\/\/www.facebook.com\/dicodusport","https:\/\/x.com\/dicodusport","https:\/\/www.instagram.com\/dicodusport\/","https:\/\/www.youtube.com\/channel\/UC7V2KZ5sd3htJivAbA4ZG3w"],"description":"Dicodusport est l'encyclop\u00e9die de l'actualit\u00e9 sportive.","email":"bonjour@dicodusport.fr","legalName":"DICODUSPORT","foundingDate":"2018-01-14","vatID":"FR71834470973","taxID":"83447097300043","numberOfEmployees":{"@type":"QuantitativeValue","minValue":"1","maxValue":"10"}},{"@type":"Person","@id":"https:\/\/dicodusport.fr\/blog\/#\/schema\/person\/55dcb50ad410894e431ed812bbb70191","name":"Nicolas Jacquemard","image":{"@type":"ImageObject","inLanguage":"fr-FR","@id":"https:\/\/dicodusport.fr\/blog\/#\/schema\/person\/image\/","url":"https:\/\/dicodusport.fr\/blog\/wp-content\/uploads\/2021\/05\/Nicolas-Jacquemard-150x150.jpeg","contentUrl":"https:\/\/dicodusport.fr\/blog\/wp-content\/uploads\/2021\/05\/Nicolas-Jacquemard-150x150.jpeg","caption":"Nicolas Jacquemard"},"description":"Passionn\u00e9 de sport et entrepreneur depuis mes 18 ans, la cr\u00e9ation de Dicodusport m'a sembl\u00e9 \u00e9vidente pour participer \u00e0 la m\u00e9diatisation d'un plus grand nombre de sports. Le chemin est long mais avec une \u00e9quipe des plus motiv\u00e9es et les Jeux Olympiques de Paris 2024 en point de mire, nous y arriverons ! Journaliste dans le monde du sport depuis plus de 5 ans, je traite aussi bien de football, de rugby, de biathlon que de cyclisme.","sameAs":["https:\/\/www.facebook.com\/dicodusport","https:\/\/x.com\/https:\/\/twitter.com\/Nico_Jacquemard"],"url":"https:\/\/dicodusport.fr\/blog\/author\/dicodusport\/"}]}},"_links":{"self":[{"href":"https:\/\/dicodusport.fr\/blog\/wp-json\/wp\/v2\/posts\/13397","targetHints":{"allow":["GET"]}}],"collection":[{"href":"https:\/\/dicodusport.fr\/blog\/wp-json\/wp\/v2\/posts"}],"about":[{"href":"https:\/\/dicodusport.fr\/blog\/wp-json\/wp\/v2\/types\/post"}],"author":[{"embeddable":true,"href":"https:\/\/dicodusport.fr\/blog\/wp-json\/wp\/v2\/users\/1"}],"replies":[{"embeddable":true,"href":"https:\/\/dicodusport.fr\/blog\/wp-json\/wp\/v2\/comments?post=13397"}],"version-history":[{"count":0,"href":"https:\/\/dicodusport.fr\/blog\/wp-json\/wp\/v2\/posts\/13397\/revisions"}],"wp:featuredmedia":[{"embeddable":true,"href":"https:\/\/dicodusport.fr\/blog\/wp-json\/wp\/v2\/media\/13411"}],"wp:attachment":[{"href":"https:\/\/dicodusport.fr\/blog\/wp-json\/wp\/v2\/media?parent=13397"}],"wp:term":[{"taxonomy":"category","embeddable":true,"href":"https:\/\/dicodusport.fr\/blog\/wp-json\/wp\/v2\/categories?post=13397"},{"taxonomy":"post_tag","embeddable":true,"href":"https:\/\/dicodusport.fr\/blog\/wp-json\/wp\/v2\/tags?post=13397"}],"curies":[{"name":"wp","href":"https:\/\/api.w.org\/{rel}","templated":true}]}}