{"id":134453,"date":"2021-06-21T23:00:10","date_gmt":"2021-06-21T21:00:10","guid":{"rendered":"https:\/\/dicodusport.fr\/blog\/?p=134453&#038;preview=true&#038;preview_id=134453"},"modified":"2021-06-23T23:16:41","modified_gmt":"2021-06-23T21:16:41","slug":"euro-2020-groupe-b-calendrier-et-classement","status":"publish","type":"post","link":"https:\/\/dicodusport.fr\/blog\/euro-2020-groupe-b-calendrier-et-classement\/","title":{"rendered":"Euro 2020 \u2013 Groupe B : calendrier et classement"},"content":{"rendered":"<p style=\"text-align: justify;\"><b><i><a href=\"https:\/\/dicodusport.fr\/blog\/actualites\/football\/euro-2020\/\" target=\"_blank\" rel=\"noopener\">EURO 2020<\/a> \u2013 D\u00e9couvrez le calendrier et le classement du groupe B de l&rsquo;Euro 2020, qui se d\u00e9roule du 11 juin au 11 juillet.<\/i><\/b><\/p>\n<h2 style=\"text-align: center;\">&#8211; JOURN\u00c9E 1 &#8211;<\/h2>\n<table style=\"width: 800px;\">\n<tbody>\n<tr style=\"height: 24px;\">\n<td style=\"width: 800px; background-color: #0d8ea2; text-align: center; vertical-align: middle; height: 22px;\" colspan=\"3\"><span style=\"color: #ffffff;\"><strong>SAMEDI 12 JUIN 2021<\/strong><\/span><\/td>\n<\/tr>\n<tr>\n<td style=\"width: 38%; text-align: center; vertical-align: middle;\"><span style=\"color: #000000;\">&#x1f1e9;&#x1f1f0; DANEMARK<\/span><\/td>\n<td style=\"text-align: center; width: 24%; vertical-align: middle;\">0 &#8211; 1<br \/>\n<a href=\"https:\/\/dicodusport.fr\/blog\/euro-2020-apres-la-frayeur-eriksen-le-danemark-sincline-contre-la-finlande\/\" target=\"_blank\" rel=\"noopener\"><span style=\"font-size: 0.8em;\"><strong>R\u00e9sum\u00e9<\/strong><\/span><\/a><\/td>\n<td style=\"text-align: center; width: 38%; vertical-align: middle;\"><b>FINLANDE &#x1f1eb;&#x1f1ee;<\/b><\/td>\n<\/tr>\n<tr>\n<td style=\"width: 38%; text-align: center; vertical-align: middle;\"><strong><span style=\"color: #000080;\"><span style=\"color: #000000;\">&#x1f1e7;&#x1f1ea; BELGIQUE<\/span><\/span><\/strong><\/td>\n<td style=\"text-align: center; width: 24%; vertical-align: middle;\">3 &#8211; 0<br \/>\n<a href=\"https:\/\/dicodusport.fr\/blog\/euro-2020-la-belgique-facile-face-a-la-russie\/\" target=\"_blank\" rel=\"noopener\"><span style=\"font-size: 0.8em;\"><strong>R\u00e9sum\u00e9<\/strong><\/span><\/a><\/td>\n<td style=\"text-align: center; width: 38%; vertical-align: middle;\">RUSSIE &#x1f1f7;&#x1f1fa;<\/td>\n<\/tr>\n<\/tbody>\n<\/table>\n<hr \/>\n<h2 style=\"text-align: center;\">&#8211; JOURN\u00c9E 2 &#8211;<\/h2>\n<table style=\"width: 800px;\">\n<tbody>\n<tr style=\"height: 24px;\">\n<td style=\"width: 800px; background-color: #0d8ea2; text-align: center; vertical-align: middle; height: 22px;\" colspan=\"3\"><span style=\"color: #ffffff;\"><strong>MERCREDI 16 JUIN 2021<\/strong><\/span><\/td>\n<\/tr>\n<tr style=\"height: 10px;\">\n<td style=\"width: 38%; text-align: center; vertical-align: middle; height: 10px;\">&#x1f1eb;&#x1f1ee; FINLANDE<\/td>\n<td style=\"text-align: center; width: 24%; vertical-align: middle; height: 10px;\">0 &#8211; 1<br \/>\n<a href=\"https:\/\/dicodusport.fr\/blog\/euro-2020-russie-domine-finlande-coup-de-chaud-sur-petersbourg\/\" target=\"_blank\" rel=\"noopener\"><span style=\"font-size: 0.8em;\"><strong>R\u00e9sum\u00e9<\/strong><\/span><\/a><\/td>\n<td style=\"text-align: center; width: 38%; vertical-align: middle; height: 10px;\"><strong>RUSSIE &#x1f1f7;&#x1f1fa;<\/strong><\/td>\n<\/tr>\n<tr style=\"height: 24px;\">\n<td style=\"width: 800px; background-color: #0d8ea2; text-align: center; vertical-align: middle; height: 22px;\" colspan=\"3\"><span style=\"color: #ffffff;\"><strong>JEUDI 17 JUIN 2021<\/strong><\/span><\/td>\n<\/tr>\n<tr style=\"height: 10px;\">\n<td style=\"width: 38%; text-align: center; vertical-align: middle; height: 10px;\">&#x1f1e9;&#x1f1f0; DANEMARK<\/td>\n<td style=\"text-align: center; width: 24%; vertical-align: middle; height: 10px;\">1 &#8211; 2<br \/>\n<a href=\"https:\/\/dicodusport.fr\/blog\/euro-2020-apres-une-rencontre-haletante-la-belgique-valide-son-billet-pour-les-8emes\/\" target=\"_blank\" rel=\"noopener\"><span style=\"font-size: 0.8em;\"><strong>R\u00e9sum\u00e9<\/strong><\/span><\/a><\/td>\n<td style=\"text-align: center; width: 38%; vertical-align: middle; height: 10px;\"><strong>BELGIQUE &#x1f1e7;&#x1f1ea;<\/strong><\/td>\n<\/tr>\n<\/tbody>\n<\/table>\n<hr \/>\n<h2 style=\"text-align: center;\">&#8211; JOURN\u00c9E 3 &#8211;<\/h2>\n<table style=\"width: 800px;\">\n<tbody>\n<tr style=\"height: 24px;\">\n<td style=\"width: 800px; background-color: #0d8ea2; text-align: center; vertical-align: middle; height: 22px;\" colspan=\"3\"><span style=\"color: #ffffff;\"><strong>LUNDI 21 JUIN 2021<\/strong><\/span><\/td>\n<\/tr>\n<tr style=\"height: 10px;\">\n<td style=\"width: 38%; text-align: center; vertical-align: middle; height: 10px;\"><strong>&#x1f1eb;&#x1f1ee; <\/strong>FINLANDE<\/td>\n<td style=\"text-align: center; width: 24%; vertical-align: middle; height: 10px;\">0 &#8211; 2<br \/>\n<a href=\"https:\/\/dicodusport.fr\/blog\/euro-2020-la-belgique-recue-trois-sur-trois-apres-succes-face-finlande\/\" target=\"_blank\" rel=\"noopener\"><span style=\"font-size: 0.8em;\"><strong>R\u00e9sum\u00e9<\/strong><\/span><\/a><\/td>\n<td style=\"text-align: center; width: 38%; vertical-align: middle; height: 10px;\"><strong>BELGIQUE &#x1f1e7;&#x1f1ea;<\/strong><\/td>\n<\/tr>\n<tr>\n<td style=\"width: 38%; text-align: center; vertical-align: middle;\"><strong>&#x1f1f7;&#x1f1fa; <\/strong>RUSSIE<\/td>\n<td style=\"text-align: center; width: 24%; vertical-align: middle;\">1 &#8211; 4<br \/>\n<a href=\"https:\/\/dicodusport.fr\/blog\/euro-2020-le-danemark-assomme-la-russie-et-se-qualifie-pour-les-huitiemes\/\" target=\"_blank\" rel=\"noopener\"><span style=\"font-size: 0.8em;\"><strong>R\u00e9sum\u00e9<\/strong><\/span><\/a><\/td>\n<td style=\"text-align: center; width: 38%; vertical-align: middle;\"><strong>DANEMARK &#x1f1e9;&#x1f1f0;<\/strong><\/td>\n<\/tr>\n<\/tbody>\n<\/table>\n<hr \/>\n<p>&nbsp;<\/p>\n<h2 style=\"text-align: justify;\">Classement<\/h2>\n<div class=\"su-table su-table-alternate\">\n<table class=\"table-style-2\" style=\"width: 100%\">\n<tbody>\n<tr style=\"height: 22px\">\n<td style=\"height: 22px;width: 6%;text-align: center\"><strong>#<\/strong><\/td>\n<td style=\"height: 22px;width: 30%\"><strong>\u00c9quipes<\/strong><\/td>\n<td style=\"height: 22px;text-align: center;width: 8%\"><strong><abbr title=\"Points\">Pts<\/abbr><\/strong><\/td>\n<td style=\"height: 22px;text-align: center;width: 8%\"><strong><abbr title=\"Jou\u00e9s\">J<\/abbr><\/strong><\/td>\n<td style=\"height: 22px;text-align: center;width: 8%\"><strong><abbr title=\"Gagn\u00e9s\">G<\/abbr><\/strong><\/td>\n<td style=\"height: 22px;text-align: center;width: 8%\"><strong><abbr title=\"Nuls\">N<\/abbr><\/strong><\/td>\n<td style=\"height: 22px;text-align: center;width: 8%\"><strong><abbr title=\"Perdus\">P<\/abbr><\/strong><\/td>\n<td style=\"height: 22px;text-align: center;width: 8%\"><strong><abbr title=\"Pour\">p.<\/abbr><\/strong><\/td>\n<td style=\"height: 22px;text-align: center;width: 8%\"><strong><abbr title=\"Contre\">c.<\/abbr><\/strong><\/td>\n<td style=\"height: 22px;text-align: center;width: 8%\"><strong><abbr title=\"Diff\u00e9rence\">diff.<\/abbr><\/strong><\/td>\n<\/tr>\n<tr style=\"height: 22px\">\n<td style=\"text-align: center;width: 6%;height: 22px\">1.<\/td>\n<td style=\"width: 30%;height: 22px\"><strong>&#x1f1e7;&#x1f1ea; Belgique<\/strong><\/td>\n<td style=\"text-align: center;width: 8%;height: 22px\">9<\/td>\n<td style=\"text-align: center;width: 8%;height: 22px\">3<\/td>\n<td style=\"text-align: center;width: 8%;height: 22px\">3<\/td>\n<td style=\"text-align: center;width: 8%;height: 22px\">0<\/td>\n<td style=\"text-align: center;width: 8%;height: 22px\">0<\/td>\n<td style=\"text-align: center;width: 8%;height: 22px\">5<\/td>\n<td style=\"text-align: center;width: 8%;height: 22px\">1<\/td>\n<td style=\"text-align: center;width: 8%;height: 22px\">+4<\/td>\n<\/tr>\n<tr class=\"promu2\" style=\"height: 22px\">\n<td class=\"tdcol-5\" style=\"height: 22px;text-align: center;width: 6%\">2.<\/td>\n<td class=\"tdcol-30\" style=\"height: 22px;width: 30%\"><strong><span style=\"color: #000080\"><span style=\"color: #000000\">&#x1f1e9;&#x1f1f0; Danemark<\/span><\/span><\/strong><\/td>\n<td class=\"tdcol-10\" style=\"height: 22px;text-align: center;width: 8%\">3<\/td>\n<td class=\"tdcol-5\" style=\"height: 22px;text-align: center;width: 8%\">3<\/td>\n<td class=\"tdcol-5\" style=\"height: 22px;text-align: center;width: 8%\">1<\/td>\n<td class=\"tdcol-5\" style=\"height: 22px;text-align: center;width: 8%\">0<\/td>\n<td class=\"tdcol-5\" style=\"height: 22px;text-align: center;width: 8%\">2<\/td>\n<td class=\"tdcol-5\" style=\"height: 22px;text-align: center;width: 8%\">5<\/td>\n<td class=\"tdcol-5\" style=\"height: 22px;text-align: center;width: 8%\">4<\/td>\n<td class=\"tdcol-10\" style=\"height: 22px;text-align: center;width: 8%\">+1<\/td>\n<\/tr>\n<tr style=\"height: 22px\">\n<td class=\"tdcol-5\" style=\"height: 10px;text-align: center;width: 6%\">3.<\/td>\n<td class=\"tdcol-30\" style=\"height: 10px;width: 30%\"><strong>&#x1f1eb;&#x1f1ee; <\/strong>Finlande<\/td>\n<td class=\"tdcol-10\" style=\"height: 10px;text-align: center;width: 8%\">3<\/td>\n<td class=\"tdcol-5\" style=\"height: 10px;text-align: center;width: 8%\">3<\/td>\n<td class=\"tdcol-5\" style=\"height: 10px;text-align: center;width: 8%\">1<\/td>\n<td class=\"tdcol-5\" style=\"height: 10px;text-align: center;width: 8%\">0<\/td>\n<td class=\"tdcol-5\" style=\"height: 10px;text-align: center;width: 8%\">2<\/td>\n<td class=\"tdcol-5\" style=\"height: 10px;text-align: center;width: 8%\">1<\/td>\n<td class=\"tdcol-5\" style=\"height: 10px;text-align: center;width: 8%\">3<\/td>\n<td class=\"tdcol-10\" style=\"height: 10px;text-align: center;width: 8%\">-2<\/td>\n<\/tr>\n<tr class=\"promu1\" style=\"height: 22px\">\n<td class=\"tdcol-5\" style=\"height: 22px;text-align: center;width: 6%\">4.<\/td>\n<td class=\"tdcol-30\" style=\"height: 22px;width: 30%\"><strong>&#x1f1f7;&#x1f1fa; <\/strong>Russie<\/td>\n<td class=\"tdcol-10\" style=\"height: 22px;text-align: center;width: 8%\">3<\/td>\n<td class=\"tdcol-5\" style=\"height: 22px;text-align: center;width: 8%\">3<\/td>\n<td class=\"tdcol-5\" style=\"height: 22px;text-align: center;width: 8%\">1<\/td>\n<td class=\"tdcol-5\" style=\"height: 22px;text-align: center;width: 8%\">0<\/td>\n<td class=\"tdcol-5\" style=\"height: 22px;text-align: center;width: 8%\">2<\/td>\n<td class=\"tdcol-5\" style=\"height: 22px;text-align: center;width: 8%\">2<\/td>\n<td class=\"tdcol-5\" style=\"height: 22px;text-align: center;width: 8%\">7<\/td>\n<td class=\"tdcol-10\" style=\"height: 22px;text-align: center;width: 8%\">-5<\/td>\n<\/tr>\n<\/tbody>\n<\/table>\n<\/div>\n<p style=\"text-align: justify;\">Les deux premi\u00e8res \u00e9quipes du groupe ainsi que les 4 meilleurs troisi\u00e8mes de l&rsquo;ensemble des groupes se qualifient pour les huiti\u00e8mes de finale.<\/p>\n<h2 style=\"text-align: justify;\"><strong>\u00c0 lire aussi<\/strong><\/h2>\n<ul>\n<li><a href=\"https:\/\/dicodusport.fr\/blog\/euro-2020-calendrier-et-resultats-de-tous-les-groupes\/\" target=\"_blank\" rel=\"noopener\"><strong>Euro 2020 : Calendrier et r\u00e9sultats de tous les groupes<\/strong><\/a><\/li>\n<li style=\"text-align: justify;\"><a href=\"https:\/\/dicodusport.fr\/blog\/toute-l-actualite-euro-2020\/\"><strong>Toute l&rsquo;actualit\u00e9 de l&rsquo;Euro 2020<\/strong><\/a><\/li>\n<\/ul>\n","protected":false},"excerpt":{"rendered":"<p>EURO 2020 \u2013 D\u00e9couvrez le calendrier et le classement du groupe B de l&rsquo;Euro 2020, qui se d\u00e9roule du 11 juin au 11 juillet.<\/p>\n","protected":false},"author":12,"featured_media":134446,"comment_status":"open","ping_status":"closed","sticky":false,"template":"","format":"standard","meta":{"_acf_changed":false,"_daextam_enable_autolinks":"","footnotes":""},"categories":[47044],"tags":[],"class_list":["post-134453","post","type-post","status-publish","format-standard","has-post-thumbnail","hentry","category-euro-de-football"],"acf":[],"yoast_head":"<!-- This site is optimized with the Yoast SEO Premium plugin v26.7 (Yoast SEO v26.7) - https:\/\/yoast.com\/wordpress\/plugins\/seo\/ -->\n<title>Euro 2020 \u2013 Groupe B : calendrier et classement<\/title>\n<meta name=\"description\" content=\"EURO 2020 \u2013 D\u00e9couvrez le calendrier et le classement du groupe B de l&#039;Euro 2020, qui se d\u00e9roule du 11 juin au 11 juillet.\" \/>\n<meta name=\"robots\" content=\"index, follow, max-snippet:-1, max-image-preview:large, max-video-preview:-1\" \/>\n<link rel=\"canonical\" href=\"https:\/\/dicodusport.fr\/blog\/euro-2020-groupe-b-calendrier-et-classement\/\" \/>\n<meta property=\"og:locale\" content=\"fr_FR\" \/>\n<meta property=\"og:type\" content=\"article\" \/>\n<meta property=\"og:title\" content=\"Euro 2020 \u2013 Groupe B : calendrier et classement\" \/>\n<meta property=\"og:description\" content=\"EURO 2020 \u2013 D\u00e9couvrez le calendrier et le classement du groupe B de l&#039;Euro 2020, qui se d\u00e9roule du 11 juin au 11 juillet.\" \/>\n<meta property=\"og:url\" content=\"https:\/\/dicodusport.fr\/blog\/euro-2020-groupe-b-calendrier-et-classement\/\" \/>\n<meta property=\"og:site_name\" content=\"Dicodusport\" \/>\n<meta property=\"article:publisher\" content=\"https:\/\/www.facebook.com\/dicodusport\" \/>\n<meta property=\"article:published_time\" content=\"2021-06-21T21:00:10+00:00\" \/>\n<meta property=\"article:modified_time\" content=\"2021-06-23T21:16:41+00:00\" \/>\n<meta property=\"og:image\" content=\"https:\/\/dicodusport.fr\/blog\/wp-content\/uploads\/2021\/05\/Euro-2020-\u2013-Groupe-B-calendrier-et-classement.png\" \/>\n\t<meta property=\"og:image:width\" content=\"1200\" \/>\n\t<meta property=\"og:image:height\" content=\"670\" \/>\n\t<meta property=\"og:image:type\" content=\"image\/png\" \/>\n<meta name=\"author\" content=\"Arlette Yeye\" \/>\n<meta name=\"twitter:card\" content=\"summary_large_image\" \/>\n<meta name=\"twitter:title\" content=\"Euro 2020 \u2013 Groupe B : calendrier et classement\" \/>\n<meta name=\"twitter:creator\" content=\"@https:\/\/twitter.com\/Shiclette94\" \/>\n<meta name=\"twitter:site\" content=\"@dicodusport\" \/>\n<script type=\"application\/ld+json\" class=\"yoast-schema-graph\">{\"@context\":\"https:\/\/schema.org\",\"@graph\":[{\"@type\":\"NewsArticle\",\"@id\":\"https:\/\/dicodusport.fr\/blog\/euro-2020-groupe-b-calendrier-et-classement\/#article\",\"isPartOf\":{\"@id\":\"https:\/\/dicodusport.fr\/blog\/euro-2020-groupe-b-calendrier-et-classement\/\"},\"author\":{\"name\":\"Arlette Yeye\",\"@id\":\"https:\/\/dicodusport.fr\/blog\/#\/schema\/person\/cce96fa88785bd8573e3d43078ac8c79\"},\"headline\":\"Euro 2020 \u2013 Groupe B : calendrier et classement\",\"datePublished\":\"2021-06-21T21:00:10+00:00\",\"dateModified\":\"2021-06-23T21:16:41+00:00\",\"mainEntityOfPage\":{\"@id\":\"https:\/\/dicodusport.fr\/blog\/euro-2020-groupe-b-calendrier-et-classement\/\"},\"wordCount\":238,\"commentCount\":0,\"publisher\":{\"@id\":\"https:\/\/dicodusport.fr\/blog\/#organization\"},\"image\":{\"@id\":\"https:\/\/dicodusport.fr\/blog\/euro-2020-groupe-b-calendrier-et-classement\/#primaryimage\"},\"thumbnailUrl\":\"https:\/\/dicodusport.fr\/blog\/wp-content\/uploads\/2021\/05\/Euro-2020-\u2013-Groupe-B-calendrier-et-classement.png\",\"articleSection\":[\"Euro de football\"],\"inLanguage\":\"fr-FR\",\"potentialAction\":[{\"@type\":\"CommentAction\",\"name\":\"Comment\",\"target\":[\"https:\/\/dicodusport.fr\/blog\/euro-2020-groupe-b-calendrier-et-classement\/#respond\"]}],\"copyrightYear\":\"2021\",\"copyrightHolder\":{\"@id\":\"https:\/\/dicodusport.fr\/blog\/#organization\"}},{\"@type\":\"WebPage\",\"@id\":\"https:\/\/dicodusport.fr\/blog\/euro-2020-groupe-b-calendrier-et-classement\/\",\"url\":\"https:\/\/dicodusport.fr\/blog\/euro-2020-groupe-b-calendrier-et-classement\/\",\"name\":\"Euro 2020 \u2013 Groupe B : calendrier et classement\",\"isPartOf\":{\"@id\":\"https:\/\/dicodusport.fr\/blog\/#website\"},\"primaryImageOfPage\":{\"@id\":\"https:\/\/dicodusport.fr\/blog\/euro-2020-groupe-b-calendrier-et-classement\/#primaryimage\"},\"image\":{\"@id\":\"https:\/\/dicodusport.fr\/blog\/euro-2020-groupe-b-calendrier-et-classement\/#primaryimage\"},\"thumbnailUrl\":\"https:\/\/dicodusport.fr\/blog\/wp-content\/uploads\/2021\/05\/Euro-2020-\u2013-Groupe-B-calendrier-et-classement.png\",\"datePublished\":\"2021-06-21T21:00:10+00:00\",\"dateModified\":\"2021-06-23T21:16:41+00:00\",\"description\":\"EURO 2020 \u2013 D\u00e9couvrez le calendrier et le classement du groupe B de l'Euro 2020, qui se d\u00e9roule du 11 juin au 11 juillet.\",\"breadcrumb\":{\"@id\":\"https:\/\/dicodusport.fr\/blog\/euro-2020-groupe-b-calendrier-et-classement\/#breadcrumb\"},\"inLanguage\":\"fr-FR\",\"potentialAction\":[{\"@type\":\"ReadAction\",\"target\":[\"https:\/\/dicodusport.fr\/blog\/euro-2020-groupe-b-calendrier-et-classement\/\"]}]},{\"@type\":\"ImageObject\",\"inLanguage\":\"fr-FR\",\"@id\":\"https:\/\/dicodusport.fr\/blog\/euro-2020-groupe-b-calendrier-et-classement\/#primaryimage\",\"url\":\"https:\/\/dicodusport.fr\/blog\/wp-content\/uploads\/2021\/05\/Euro-2020-\u2013-Groupe-B-calendrier-et-classement.png\",\"contentUrl\":\"https:\/\/dicodusport.fr\/blog\/wp-content\/uploads\/2021\/05\/Euro-2020-\u2013-Groupe-B-calendrier-et-classement.png\",\"width\":1200,\"height\":670},{\"@type\":\"BreadcrumbList\",\"@id\":\"https:\/\/dicodusport.fr\/blog\/euro-2020-groupe-b-calendrier-et-classement\/#breadcrumb\",\"itemListElement\":[{\"@type\":\"ListItem\",\"position\":1,\"name\":\"Accueil\",\"item\":\"https:\/\/dicodusport.fr\/blog\/\"},{\"@type\":\"ListItem\",\"position\":2,\"name\":\"Euro 2020 \u2013 Groupe B : calendrier et classement\"}]},{\"@type\":\"WebSite\",\"@id\":\"https:\/\/dicodusport.fr\/blog\/#website\",\"url\":\"https:\/\/dicodusport.fr\/blog\/\",\"name\":\"Dicodusport\",\"description\":\"L&#039;encyclop\u00e9die de l&#039;actualit\u00e9 sportive\",\"publisher\":{\"@id\":\"https:\/\/dicodusport.fr\/blog\/#organization\"},\"potentialAction\":[{\"@type\":\"SearchAction\",\"target\":{\"@type\":\"EntryPoint\",\"urlTemplate\":\"https:\/\/dicodusport.fr\/blog\/?s={search_term_string}\"},\"query-input\":{\"@type\":\"PropertyValueSpecification\",\"valueRequired\":true,\"valueName\":\"search_term_string\"}}],\"inLanguage\":\"fr-FR\"},{\"@type\":\"NewsMediaOrganization\",\"@id\":\"https:\/\/dicodusport.fr\/blog\/#organization\",\"name\":\"Dicodusport\",\"url\":\"https:\/\/dicodusport.fr\/blog\/\",\"logo\":{\"@type\":\"ImageObject\",\"inLanguage\":\"fr-FR\",\"@id\":\"https:\/\/dicodusport.fr\/blog\/#\/schema\/logo\/image\/\",\"url\":\"https:\/\/dicodusport.fr\/blog\/wp-content\/uploads\/2020\/06\/cropped-LOGO-DICODUSPORT-2020-SANS-FOND-SANS-TEXTE.png\",\"contentUrl\":\"https:\/\/dicodusport.fr\/blog\/wp-content\/uploads\/2020\/06\/cropped-LOGO-DICODUSPORT-2020-SANS-FOND-SANS-TEXTE.png\",\"width\":512,\"height\":512,\"caption\":\"Dicodusport\"},\"image\":{\"@id\":\"https:\/\/dicodusport.fr\/blog\/#\/schema\/logo\/image\/\"},\"sameAs\":[\"https:\/\/www.facebook.com\/dicodusport\",\"https:\/\/x.com\/dicodusport\",\"https:\/\/www.instagram.com\/dicodusport\/\",\"https:\/\/www.youtube.com\/channel\/UC7V2KZ5sd3htJivAbA4ZG3w\"],\"description\":\"Dicodusport est l'encyclop\u00e9die de l'actualit\u00e9 sportive.\",\"email\":\"bonjour@dicodusport.fr\",\"legalName\":\"DICODUSPORT\",\"foundingDate\":\"2018-01-14\",\"vatID\":\"FR71834470973\",\"taxID\":\"83447097300043\",\"numberOfEmployees\":{\"@type\":\"QuantitativeValue\",\"minValue\":\"1\",\"maxValue\":\"10\"}},{\"@type\":\"Person\",\"@id\":\"https:\/\/dicodusport.fr\/blog\/#\/schema\/person\/cce96fa88785bd8573e3d43078ac8c79\",\"name\":\"Arlette Yeye\",\"image\":{\"@type\":\"ImageObject\",\"inLanguage\":\"fr-FR\",\"@id\":\"https:\/\/dicodusport.fr\/blog\/#\/schema\/person\/image\/\",\"url\":\"https:\/\/secure.gravatar.com\/avatar\/dca4a6239e6d708e46c45d60e160de6c?s=96&d=wp_user_avatar&r=g\",\"contentUrl\":\"https:\/\/secure.gravatar.com\/avatar\/dca4a6239e6d708e46c45d60e160de6c?s=96&d=wp_user_avatar&r=g\",\"caption\":\"Arlette Yeye\"},\"description\":\"Journaliste\/r\u00e9dactrice depuis septembre 2015 - Supportrice de Chelsea, j'ai pour sports de pr\u00e9dilection le handball, l'athl\u00e9tisme et le tennis. Si je tweete plus vite que mon ombre, vous pouvez aussi me retrouver les week-ends sur les playgrounds de Bruxelles pour un petit foot ou basket entre potes. Parcourir la France, l'Europe et plus si affinit\u00e9s pour suivre mes sportifs pr\u00e9f\u00e9r\u00e9s ? Mon kif ! Et c'est avec plaisir que je partage les r\u00e9sultats des sports populaires mais \u00e9galement plus confidentiels pour Dicodusport.\",\"sameAs\":[\"https:\/\/x.com\/https:\/\/twitter.com\/Shiclette94\"],\"url\":\"https:\/\/dicodusport.fr\/blog\/author\/arlette\/\"}]}<\/script>\n<!-- \/ Yoast SEO Premium plugin. -->","yoast_head_json":{"title":"Euro 2020 \u2013 Groupe B : calendrier et classement","description":"EURO 2020 \u2013 D\u00e9couvrez le calendrier et le classement du groupe B de l'Euro 2020, qui se d\u00e9roule du 11 juin au 11 juillet.","robots":{"index":"index","follow":"follow","max-snippet":"max-snippet:-1","max-image-preview":"max-image-preview:large","max-video-preview":"max-video-preview:-1"},"canonical":"https:\/\/dicodusport.fr\/blog\/euro-2020-groupe-b-calendrier-et-classement\/","og_locale":"fr_FR","og_type":"article","og_title":"Euro 2020 \u2013 Groupe B : calendrier et classement","og_description":"EURO 2020 \u2013 D\u00e9couvrez le calendrier et le classement du groupe B de l'Euro 2020, qui se d\u00e9roule du 11 juin au 11 juillet.","og_url":"https:\/\/dicodusport.fr\/blog\/euro-2020-groupe-b-calendrier-et-classement\/","og_site_name":"Dicodusport","article_publisher":"https:\/\/www.facebook.com\/dicodusport","article_published_time":"2021-06-21T21:00:10+00:00","article_modified_time":"2021-06-23T21:16:41+00:00","og_image":[{"width":1200,"height":670,"url":"https:\/\/dicodusport.fr\/blog\/wp-content\/uploads\/2021\/05\/Euro-2020-\u2013-Groupe-B-calendrier-et-classement.png","type":"image\/png"}],"author":"Arlette Yeye","twitter_card":"summary_large_image","twitter_title":"Euro 2020 \u2013 Groupe B : calendrier et classement","twitter_creator":"@https:\/\/twitter.com\/Shiclette94","twitter_site":"@dicodusport","schema":{"@context":"https:\/\/schema.org","@graph":[{"@type":"NewsArticle","@id":"https:\/\/dicodusport.fr\/blog\/euro-2020-groupe-b-calendrier-et-classement\/#article","isPartOf":{"@id":"https:\/\/dicodusport.fr\/blog\/euro-2020-groupe-b-calendrier-et-classement\/"},"author":{"name":"Arlette Yeye","@id":"https:\/\/dicodusport.fr\/blog\/#\/schema\/person\/cce96fa88785bd8573e3d43078ac8c79"},"headline":"Euro 2020 \u2013 Groupe B : calendrier et classement","datePublished":"2021-06-21T21:00:10+00:00","dateModified":"2021-06-23T21:16:41+00:00","mainEntityOfPage":{"@id":"https:\/\/dicodusport.fr\/blog\/euro-2020-groupe-b-calendrier-et-classement\/"},"wordCount":238,"commentCount":0,"publisher":{"@id":"https:\/\/dicodusport.fr\/blog\/#organization"},"image":{"@id":"https:\/\/dicodusport.fr\/blog\/euro-2020-groupe-b-calendrier-et-classement\/#primaryimage"},"thumbnailUrl":"https:\/\/dicodusport.fr\/blog\/wp-content\/uploads\/2021\/05\/Euro-2020-\u2013-Groupe-B-calendrier-et-classement.png","articleSection":["Euro de football"],"inLanguage":"fr-FR","potentialAction":[{"@type":"CommentAction","name":"Comment","target":["https:\/\/dicodusport.fr\/blog\/euro-2020-groupe-b-calendrier-et-classement\/#respond"]}],"copyrightYear":"2021","copyrightHolder":{"@id":"https:\/\/dicodusport.fr\/blog\/#organization"}},{"@type":"WebPage","@id":"https:\/\/dicodusport.fr\/blog\/euro-2020-groupe-b-calendrier-et-classement\/","url":"https:\/\/dicodusport.fr\/blog\/euro-2020-groupe-b-calendrier-et-classement\/","name":"Euro 2020 \u2013 Groupe B : calendrier et classement","isPartOf":{"@id":"https:\/\/dicodusport.fr\/blog\/#website"},"primaryImageOfPage":{"@id":"https:\/\/dicodusport.fr\/blog\/euro-2020-groupe-b-calendrier-et-classement\/#primaryimage"},"image":{"@id":"https:\/\/dicodusport.fr\/blog\/euro-2020-groupe-b-calendrier-et-classement\/#primaryimage"},"thumbnailUrl":"https:\/\/dicodusport.fr\/blog\/wp-content\/uploads\/2021\/05\/Euro-2020-\u2013-Groupe-B-calendrier-et-classement.png","datePublished":"2021-06-21T21:00:10+00:00","dateModified":"2021-06-23T21:16:41+00:00","description":"EURO 2020 \u2013 D\u00e9couvrez le calendrier et le classement du groupe B de l'Euro 2020, qui se d\u00e9roule du 11 juin au 11 juillet.","breadcrumb":{"@id":"https:\/\/dicodusport.fr\/blog\/euro-2020-groupe-b-calendrier-et-classement\/#breadcrumb"},"inLanguage":"fr-FR","potentialAction":[{"@type":"ReadAction","target":["https:\/\/dicodusport.fr\/blog\/euro-2020-groupe-b-calendrier-et-classement\/"]}]},{"@type":"ImageObject","inLanguage":"fr-FR","@id":"https:\/\/dicodusport.fr\/blog\/euro-2020-groupe-b-calendrier-et-classement\/#primaryimage","url":"https:\/\/dicodusport.fr\/blog\/wp-content\/uploads\/2021\/05\/Euro-2020-\u2013-Groupe-B-calendrier-et-classement.png","contentUrl":"https:\/\/dicodusport.fr\/blog\/wp-content\/uploads\/2021\/05\/Euro-2020-\u2013-Groupe-B-calendrier-et-classement.png","width":1200,"height":670},{"@type":"BreadcrumbList","@id":"https:\/\/dicodusport.fr\/blog\/euro-2020-groupe-b-calendrier-et-classement\/#breadcrumb","itemListElement":[{"@type":"ListItem","position":1,"name":"Accueil","item":"https:\/\/dicodusport.fr\/blog\/"},{"@type":"ListItem","position":2,"name":"Euro 2020 \u2013 Groupe B : calendrier et classement"}]},{"@type":"WebSite","@id":"https:\/\/dicodusport.fr\/blog\/#website","url":"https:\/\/dicodusport.fr\/blog\/","name":"Dicodusport","description":"L&#039;encyclop\u00e9die de l&#039;actualit\u00e9 sportive","publisher":{"@id":"https:\/\/dicodusport.fr\/blog\/#organization"},"potentialAction":[{"@type":"SearchAction","target":{"@type":"EntryPoint","urlTemplate":"https:\/\/dicodusport.fr\/blog\/?s={search_term_string}"},"query-input":{"@type":"PropertyValueSpecification","valueRequired":true,"valueName":"search_term_string"}}],"inLanguage":"fr-FR"},{"@type":"NewsMediaOrganization","@id":"https:\/\/dicodusport.fr\/blog\/#organization","name":"Dicodusport","url":"https:\/\/dicodusport.fr\/blog\/","logo":{"@type":"ImageObject","inLanguage":"fr-FR","@id":"https:\/\/dicodusport.fr\/blog\/#\/schema\/logo\/image\/","url":"https:\/\/dicodusport.fr\/blog\/wp-content\/uploads\/2020\/06\/cropped-LOGO-DICODUSPORT-2020-SANS-FOND-SANS-TEXTE.png","contentUrl":"https:\/\/dicodusport.fr\/blog\/wp-content\/uploads\/2020\/06\/cropped-LOGO-DICODUSPORT-2020-SANS-FOND-SANS-TEXTE.png","width":512,"height":512,"caption":"Dicodusport"},"image":{"@id":"https:\/\/dicodusport.fr\/blog\/#\/schema\/logo\/image\/"},"sameAs":["https:\/\/www.facebook.com\/dicodusport","https:\/\/x.com\/dicodusport","https:\/\/www.instagram.com\/dicodusport\/","https:\/\/www.youtube.com\/channel\/UC7V2KZ5sd3htJivAbA4ZG3w"],"description":"Dicodusport est l'encyclop\u00e9die de l'actualit\u00e9 sportive.","email":"bonjour@dicodusport.fr","legalName":"DICODUSPORT","foundingDate":"2018-01-14","vatID":"FR71834470973","taxID":"83447097300043","numberOfEmployees":{"@type":"QuantitativeValue","minValue":"1","maxValue":"10"}},{"@type":"Person","@id":"https:\/\/dicodusport.fr\/blog\/#\/schema\/person\/cce96fa88785bd8573e3d43078ac8c79","name":"Arlette Yeye","image":{"@type":"ImageObject","inLanguage":"fr-FR","@id":"https:\/\/dicodusport.fr\/blog\/#\/schema\/person\/image\/","url":"https:\/\/secure.gravatar.com\/avatar\/dca4a6239e6d708e46c45d60e160de6c?s=96&d=wp_user_avatar&r=g","contentUrl":"https:\/\/secure.gravatar.com\/avatar\/dca4a6239e6d708e46c45d60e160de6c?s=96&d=wp_user_avatar&r=g","caption":"Arlette Yeye"},"description":"Journaliste\/r\u00e9dactrice depuis septembre 2015 - Supportrice de Chelsea, j'ai pour sports de pr\u00e9dilection le handball, l'athl\u00e9tisme et le tennis. Si je tweete plus vite que mon ombre, vous pouvez aussi me retrouver les week-ends sur les playgrounds de Bruxelles pour un petit foot ou basket entre potes. Parcourir la France, l'Europe et plus si affinit\u00e9s pour suivre mes sportifs pr\u00e9f\u00e9r\u00e9s ? Mon kif ! Et c'est avec plaisir que je partage les r\u00e9sultats des sports populaires mais \u00e9galement plus confidentiels pour Dicodusport.","sameAs":["https:\/\/x.com\/https:\/\/twitter.com\/Shiclette94"],"url":"https:\/\/dicodusport.fr\/blog\/author\/arlette\/"}]}},"_links":{"self":[{"href":"https:\/\/dicodusport.fr\/blog\/wp-json\/wp\/v2\/posts\/134453","targetHints":{"allow":["GET"]}}],"collection":[{"href":"https:\/\/dicodusport.fr\/blog\/wp-json\/wp\/v2\/posts"}],"about":[{"href":"https:\/\/dicodusport.fr\/blog\/wp-json\/wp\/v2\/types\/post"}],"author":[{"embeddable":true,"href":"https:\/\/dicodusport.fr\/blog\/wp-json\/wp\/v2\/users\/12"}],"replies":[{"embeddable":true,"href":"https:\/\/dicodusport.fr\/blog\/wp-json\/wp\/v2\/comments?post=134453"}],"version-history":[{"count":0,"href":"https:\/\/dicodusport.fr\/blog\/wp-json\/wp\/v2\/posts\/134453\/revisions"}],"wp:featuredmedia":[{"embeddable":true,"href":"https:\/\/dicodusport.fr\/blog\/wp-json\/wp\/v2\/media\/134446"}],"wp:attachment":[{"href":"https:\/\/dicodusport.fr\/blog\/wp-json\/wp\/v2\/media?parent=134453"}],"wp:term":[{"taxonomy":"category","embeddable":true,"href":"https:\/\/dicodusport.fr\/blog\/wp-json\/wp\/v2\/categories?post=134453"},{"taxonomy":"post_tag","embeddable":true,"href":"https:\/\/dicodusport.fr\/blog\/wp-json\/wp\/v2\/tags?post=134453"}],"curies":[{"name":"wp","href":"https:\/\/api.w.org\/{rel}","templated":true}]}}