{"id":134823,"date":"2021-06-02T08:00:26","date_gmt":"2021-06-02T06:00:26","guid":{"rendered":"https:\/\/dicodusport.fr\/blog\/?p=134823"},"modified":"2021-06-02T07:43:23","modified_gmt":"2021-06-02T05:43:23","slug":"2-juin-2015-nouveau-scandale-sepp-blatter-demissionne-de-la-fifa","status":"publish","type":"post","link":"https:\/\/dicodusport.fr\/blog\/2-juin-2015-nouveau-scandale-sepp-blatter-demissionne-de-la-fifa\/","title":{"rendered":"2 juin 2015 : Nouveau scandale, Sepp Blatter d\u00e9missionne de la FIFA"},"content":{"rendered":"<p style=\"text-align: justify;\"><em><strong>Directeur des programmes de d\u00e9veloppement \u00e0 la FIFA en 1975, Joseph Blatter -oui c\u2019est son nom- est ensuite pass\u00e9 secr\u00e9taire g\u00e9n\u00e9ral en 1981. Apr\u00e8s son \u00e9lection en 1998 au poste de pr\u00e9sident de l\u2019association, les rumeurs de corruption vont d\u00e9j\u00e0 bon train. Et <a href=\"https:\/\/dicodusport.fr\/blog\/les-faits-divers-du-sport-fifagate-chute-de-sepp-blatter\/\">des affaires<\/a>, il y en a eu. Trop peut-\u00eatre pour le Suisse qui a d\u00e9cid\u00e9 finalement de mettre un terme \u00e0 ses fonctions.<\/strong><\/em><\/p>\n<h2>\u00c7a s&rsquo;est pass\u00e9 le 2 juin 2015<\/h2>\n<p style=\"text-align: justify;\">Tout commence peu avant la r\u00e9\u00e9lection de <strong>Sepp Blatter<\/strong> lorsque des hauts responsables de la <strong>FIFA<\/strong> sont arr\u00eat\u00e9s, soup\u00e7onn\u00e9s d\u2019avoir touch\u00e9 des <span style=\"text-decoration: line-through;\">centaines<\/span>, des <span style=\"text-decoration: line-through;\">milliers<\/span>, des millions de dollars de r\u00e9trocommissions pour la diffusion de comp\u00e9titions internationales. Et ce, depuis plus de 25 ans. \u00c7a c\u2019\u00e9tait pour la justice am\u00e9ricaine. Car de leur c\u00f4t\u00e9, les autorit\u00e9s suisses ont \u00e9galement un gros doss\u2019 ! L\u2019enqu\u00eate est ouverte pour blanchiment d\u2019argent et gestion d\u00e9loyale en ce qui concerne le choix des pays h\u00f4tes des Coupes du monde 2018 et 2022. Malgr\u00e9 plusieurs appels \u00e0 la d\u00e9mission visant <strong>Sepp Blatter<\/strong>, il d\u00e9cide de poursuivre.<\/p>\n<p style=\"text-align: justify;\">Peu avant ce 2 juin 2015, le pr\u00e9sident en poste depuis 1998 est alors r\u00e9\u00e9lu pour un cinqui\u00e8me mandat. Il l\u2019a dit et r\u00e9p\u00e9t\u00e9, il ne quittera pas le navire. Pourtant \u2026 La goutte de trop \u2026 c\u2019est l\u2019accusation port\u00e9e par le <em>New York Times<\/em> contre <strong>J\u00e9r\u00f4me Valcke<\/strong>. Ce dernier, secr\u00e9taire g\u00e9n\u00e9ral de la FIFA, grand acolyte de <strong>Blatter<\/strong>, aurait envoy\u00e9 10 millions de dollars sur des comptes appartenant \u00e0 <strong>Jack Warner<\/strong>. Et <strong>Jack<\/strong> <strong>Warner<\/strong>, qui a lui aussi connu quelques scandales, n\u2019est autre que l\u2019ancien vice-pr\u00e9sident de la F\u00e9d\u00e9ration internationale. Encore une histoire de gros sous visant \u00e9galement le pr\u00e9sident fra\u00eechement r\u00e9\u00e9lu. Cette fois, s\u2019en est trop, <strong>Sepp Blatter<\/strong> capitule, et d\u00e9missionne.<\/p>\n<p style=\"text-align: justify;\"><strong>Info<\/strong> : D\u00e9cembre 2015, la commission d\u2019\u00e9thique de la <strong>FIFA<\/strong> suspend <strong>Sepp Blatter<\/strong> pendant huit ans de toute activit\u00e9 li\u00e9e au football. Ce d\u00e9lai est ensuite r\u00e9duit \u00e0 six ans. Le nouveau pr\u00e9sident de l\u2019organisation est \u00e9lu en f\u00e9vrier 2016, il s\u2019agit de <strong>Gianni<\/strong> <strong>Infantino<\/strong>. Ce dernier \u00e9tait auparavant secr\u00e9taire g\u00e9n\u00e9ral de l\u2019<strong>UEFA<\/strong> depuis 2009.<\/p>\n","protected":false},"excerpt":{"rendered":"<p>Directeur des programmes de d\u00e9veloppement \u00e0 la FIFA en 1975, Joseph Blatter -oui c\u2019est son nom- est ensuite pass\u00e9 secr\u00e9taire g\u00e9n\u00e9ral en 1981. Apr\u00e8s son \u00e9lection en 1998 au poste de pr\u00e9sident de l\u2019association, les rumeurs de corruption vont d\u00e9j\u00e0 bon train. Et des affaires, il y en a eu. Trop peut-\u00eatre pour le Suisse qui a d\u00e9cid\u00e9 finalement de mettre un terme \u00e0 ses fonctions.<\/p>\n","protected":false},"author":18,"featured_media":134876,"comment_status":"open","ping_status":"closed","sticky":false,"template":"","format":"standard","meta":{"_acf_changed":false,"_daextam_enable_autolinks":"","footnotes":""},"categories":[2301,8],"tags":[80,75,5007],"class_list":["post-134823","post","type-post","status-publish","format-standard","has-post-thumbnail","hentry","category-football","category-histoire","tag-fifa","tag-football","tag-sepp-blatter"],"acf":[],"yoast_head":"<!-- This site is optimized with the Yoast SEO Premium plugin v26.7 (Yoast SEO v26.7) - https:\/\/yoast.com\/wordpress\/plugins\/seo\/ -->\n<title>2 juin 2015 : Nouveau scandale, Sepp Blatter d\u00e9missionne de la FIFA<\/title>\n<meta name=\"description\" content=\"Le 2 juin 2015, apr\u00e8s un nouveau scandale, Sepp Blatter d\u00e9cide de d\u00e9missionner de son poste de pr\u00e9sident de la FIFA qu&#039;il occupe depuis 1998.\" \/>\n<meta name=\"robots\" content=\"index, follow, max-snippet:-1, max-image-preview:large, max-video-preview:-1\" \/>\n<link rel=\"canonical\" href=\"https:\/\/dicodusport.fr\/blog\/2-juin-2015-nouveau-scandale-sepp-blatter-demissionne-de-la-fifa\/\" \/>\n<meta property=\"og:locale\" content=\"fr_FR\" \/>\n<meta property=\"og:type\" content=\"article\" \/>\n<meta property=\"og:title\" content=\"2 juin 2015 : Nouveau scandale, Sepp Blatter d\u00e9missionne de la FIFA\" \/>\n<meta property=\"og:description\" content=\"Le 2 juin 2015, apr\u00e8s un nouveau scandale, Sepp Blatter d\u00e9cide de d\u00e9missionner de son poste de pr\u00e9sident de la FIFA qu&#039;il occupe depuis 1998.\" \/>\n<meta property=\"og:url\" content=\"https:\/\/dicodusport.fr\/blog\/2-juin-2015-nouveau-scandale-sepp-blatter-demissionne-de-la-fifa\/\" \/>\n<meta property=\"og:site_name\" content=\"Dicodusport\" \/>\n<meta property=\"article:publisher\" content=\"https:\/\/www.facebook.com\/dicodusport\" \/>\n<meta property=\"article:author\" content=\"https:\/\/www.facebook.com\/soocube\" \/>\n<meta property=\"article:published_time\" content=\"2021-06-02T06:00:26+00:00\" \/>\n<meta property=\"og:image\" content=\"https:\/\/dicodusport.fr\/blog\/wp-content\/uploads\/2021\/06\/2-juin-2015-Nouveau-scandale-Sepp-Blatter-demissionne-de-la-FIFA.png\" \/>\n\t<meta property=\"og:image:width\" content=\"800\" \/>\n\t<meta property=\"og:image:height\" content=\"445\" \/>\n\t<meta property=\"og:image:type\" content=\"image\/png\" \/>\n<meta name=\"author\" content=\"Sophie Clapier\" \/>\n<meta name=\"twitter:card\" content=\"summary_large_image\" \/>\n<meta name=\"twitter:title\" content=\"2 juin 2015 : Nouveau scandale, Sepp Blatter d\u00e9missionne de la FIFA\" \/>\n<meta name=\"twitter:creator\" content=\"@https:\/\/twitter.com\/soocube\" \/>\n<meta name=\"twitter:site\" content=\"@dicodusport\" \/>\n<script type=\"application\/ld+json\" class=\"yoast-schema-graph\">{\"@context\":\"https:\/\/schema.org\",\"@graph\":[{\"@type\":\"NewsArticle\",\"@id\":\"https:\/\/dicodusport.fr\/blog\/2-juin-2015-nouveau-scandale-sepp-blatter-demissionne-de-la-fifa\/#article\",\"isPartOf\":{\"@id\":\"https:\/\/dicodusport.fr\/blog\/2-juin-2015-nouveau-scandale-sepp-blatter-demissionne-de-la-fifa\/\"},\"author\":{\"name\":\"Sophie Clapier\",\"@id\":\"https:\/\/dicodusport.fr\/blog\/#\/schema\/person\/416c975648aca9da8839bdfe333a21c9\"},\"headline\":\"2 juin 2015 : Nouveau scandale, Sepp Blatter d\u00e9missionne de la FIFA\",\"datePublished\":\"2021-06-02T06:00:26+00:00\",\"mainEntityOfPage\":{\"@id\":\"https:\/\/dicodusport.fr\/blog\/2-juin-2015-nouveau-scandale-sepp-blatter-demissionne-de-la-fifa\/\"},\"wordCount\":396,\"commentCount\":0,\"publisher\":{\"@id\":\"https:\/\/dicodusport.fr\/blog\/#organization\"},\"image\":{\"@id\":\"https:\/\/dicodusport.fr\/blog\/2-juin-2015-nouveau-scandale-sepp-blatter-demissionne-de-la-fifa\/#primaryimage\"},\"thumbnailUrl\":\"https:\/\/dicodusport.fr\/blog\/wp-content\/uploads\/2021\/06\/2-juin-2015-Nouveau-scandale-Sepp-Blatter-demissionne-de-la-FIFA.png\",\"keywords\":[\"fifa\",\"Football\",\"Sepp Blatter\"],\"articleSection\":[\"Football\",\"Histoire\"],\"inLanguage\":\"fr-FR\",\"potentialAction\":[{\"@type\":\"CommentAction\",\"name\":\"Comment\",\"target\":[\"https:\/\/dicodusport.fr\/blog\/2-juin-2015-nouveau-scandale-sepp-blatter-demissionne-de-la-fifa\/#respond\"]}],\"copyrightYear\":\"2021\",\"copyrightHolder\":{\"@id\":\"https:\/\/dicodusport.fr\/blog\/#organization\"}},{\"@type\":\"WebPage\",\"@id\":\"https:\/\/dicodusport.fr\/blog\/2-juin-2015-nouveau-scandale-sepp-blatter-demissionne-de-la-fifa\/\",\"url\":\"https:\/\/dicodusport.fr\/blog\/2-juin-2015-nouveau-scandale-sepp-blatter-demissionne-de-la-fifa\/\",\"name\":\"2 juin 2015 : Nouveau scandale, Sepp Blatter d\u00e9missionne de la FIFA\",\"isPartOf\":{\"@id\":\"https:\/\/dicodusport.fr\/blog\/#website\"},\"primaryImageOfPage\":{\"@id\":\"https:\/\/dicodusport.fr\/blog\/2-juin-2015-nouveau-scandale-sepp-blatter-demissionne-de-la-fifa\/#primaryimage\"},\"image\":{\"@id\":\"https:\/\/dicodusport.fr\/blog\/2-juin-2015-nouveau-scandale-sepp-blatter-demissionne-de-la-fifa\/#primaryimage\"},\"thumbnailUrl\":\"https:\/\/dicodusport.fr\/blog\/wp-content\/uploads\/2021\/06\/2-juin-2015-Nouveau-scandale-Sepp-Blatter-demissionne-de-la-FIFA.png\",\"datePublished\":\"2021-06-02T06:00:26+00:00\",\"description\":\"Le 2 juin 2015, apr\u00e8s un nouveau scandale, Sepp Blatter d\u00e9cide de d\u00e9missionner de son poste de pr\u00e9sident de la FIFA qu'il occupe depuis 1998.\",\"breadcrumb\":{\"@id\":\"https:\/\/dicodusport.fr\/blog\/2-juin-2015-nouveau-scandale-sepp-blatter-demissionne-de-la-fifa\/#breadcrumb\"},\"inLanguage\":\"fr-FR\",\"potentialAction\":[{\"@type\":\"ReadAction\",\"target\":[\"https:\/\/dicodusport.fr\/blog\/2-juin-2015-nouveau-scandale-sepp-blatter-demissionne-de-la-fifa\/\"]}]},{\"@type\":\"ImageObject\",\"inLanguage\":\"fr-FR\",\"@id\":\"https:\/\/dicodusport.fr\/blog\/2-juin-2015-nouveau-scandale-sepp-blatter-demissionne-de-la-fifa\/#primaryimage\",\"url\":\"https:\/\/dicodusport.fr\/blog\/wp-content\/uploads\/2021\/06\/2-juin-2015-Nouveau-scandale-Sepp-Blatter-demissionne-de-la-FIFA.png\",\"contentUrl\":\"https:\/\/dicodusport.fr\/blog\/wp-content\/uploads\/2021\/06\/2-juin-2015-Nouveau-scandale-Sepp-Blatter-demissionne-de-la-FIFA.png\",\"width\":800,\"height\":445,\"caption\":\"2 juin 2015 : Nouveau scandale, Sepp Blatter d\u00e9missionne de la FIFA\"},{\"@type\":\"BreadcrumbList\",\"@id\":\"https:\/\/dicodusport.fr\/blog\/2-juin-2015-nouveau-scandale-sepp-blatter-demissionne-de-la-fifa\/#breadcrumb\",\"itemListElement\":[{\"@type\":\"ListItem\",\"position\":1,\"name\":\"Accueil\",\"item\":\"https:\/\/dicodusport.fr\/blog\/\"},{\"@type\":\"ListItem\",\"position\":2,\"name\":\"2 juin 2015 : Nouveau scandale, Sepp Blatter d\u00e9missionne de la FIFA\"}]},{\"@type\":\"WebSite\",\"@id\":\"https:\/\/dicodusport.fr\/blog\/#website\",\"url\":\"https:\/\/dicodusport.fr\/blog\/\",\"name\":\"Dicodusport\",\"description\":\"L&#039;encyclop\u00e9die de l&#039;actualit\u00e9 sportive\",\"publisher\":{\"@id\":\"https:\/\/dicodusport.fr\/blog\/#organization\"},\"potentialAction\":[{\"@type\":\"SearchAction\",\"target\":{\"@type\":\"EntryPoint\",\"urlTemplate\":\"https:\/\/dicodusport.fr\/blog\/?s={search_term_string}\"},\"query-input\":{\"@type\":\"PropertyValueSpecification\",\"valueRequired\":true,\"valueName\":\"search_term_string\"}}],\"inLanguage\":\"fr-FR\"},{\"@type\":\"NewsMediaOrganization\",\"@id\":\"https:\/\/dicodusport.fr\/blog\/#organization\",\"name\":\"Dicodusport\",\"url\":\"https:\/\/dicodusport.fr\/blog\/\",\"logo\":{\"@type\":\"ImageObject\",\"inLanguage\":\"fr-FR\",\"@id\":\"https:\/\/dicodusport.fr\/blog\/#\/schema\/logo\/image\/\",\"url\":\"https:\/\/dicodusport.fr\/blog\/wp-content\/uploads\/2020\/06\/cropped-LOGO-DICODUSPORT-2020-SANS-FOND-SANS-TEXTE.png\",\"contentUrl\":\"https:\/\/dicodusport.fr\/blog\/wp-content\/uploads\/2020\/06\/cropped-LOGO-DICODUSPORT-2020-SANS-FOND-SANS-TEXTE.png\",\"width\":512,\"height\":512,\"caption\":\"Dicodusport\"},\"image\":{\"@id\":\"https:\/\/dicodusport.fr\/blog\/#\/schema\/logo\/image\/\"},\"sameAs\":[\"https:\/\/www.facebook.com\/dicodusport\",\"https:\/\/x.com\/dicodusport\",\"https:\/\/www.instagram.com\/dicodusport\/\",\"https:\/\/www.youtube.com\/channel\/UC7V2KZ5sd3htJivAbA4ZG3w\"],\"description\":\"Dicodusport est l'encyclop\u00e9die de l'actualit\u00e9 sportive.\",\"email\":\"bonjour@dicodusport.fr\",\"legalName\":\"DICODUSPORT\",\"foundingDate\":\"2018-01-14\",\"vatID\":\"FR71834470973\",\"taxID\":\"83447097300043\",\"numberOfEmployees\":{\"@type\":\"QuantitativeValue\",\"minValue\":\"1\",\"maxValue\":\"10\"}},{\"@type\":\"Person\",\"@id\":\"https:\/\/dicodusport.fr\/blog\/#\/schema\/person\/416c975648aca9da8839bdfe333a21c9\",\"name\":\"Sophie Clapier\",\"image\":{\"@type\":\"ImageObject\",\"inLanguage\":\"fr-FR\",\"@id\":\"https:\/\/dicodusport.fr\/blog\/#\/schema\/person\/image\/\",\"url\":\"https:\/\/dicodusport.fr\/blog\/wp-content\/uploads\/2021\/05\/Sophie-Clapier-150x150.jpg\",\"contentUrl\":\"https:\/\/dicodusport.fr\/blog\/wp-content\/uploads\/2021\/05\/Sophie-Clapier-150x150.jpg\",\"caption\":\"Sophie Clapier\"},\"description\":\"Journaliste\/r\u00e9dactrice depuis janvier 2016 - Passionn\u00e9e de sport depuis toujours, j\u2019en ai pratiqu\u00e9 quelques-uns. Judo, football, handball ou encore tennis, je n\u2019ai jamais pu me mettre d\u2019accord sur un en particulier. Mais \u00e7a, c\u2019\u00e9tait avant de d\u00e9couvrir le basket, devenu mon sport de pr\u00e9dilection. Les actions NBA, le All-Star Week-end, la fureur des Game 7 pendant les playoffs ou mieux, lors des Finals, this is why we play. Team Spurs T.P, je m\u2019accroche encore \u00e0 Gregg Popovich (don\u2019t leave !). Team chef Curry, je souhaite qu\u2019il finisse aux Warriors (staaaay !). Non, il n\u2019y a pas qu\u2019eux, des petits nouveaux -et des petites nouvelles \u00e9videmment- arrivent chaque jour dans toutes les disciplines et cr\u00e9ent de nouveaux exploits. Alors pour les grands \u00e9v\u00e9nements et comp\u00e9titions internationales, vive les pulsations 240\/minutes et le d\u00e9fibrillateur pas loin, et allez les Bleu(e)s ! C\u2019est s\u00fbr, j\u2019aurai plus vu ma vie sur un terrain de sport, mais \u00e0 d\u00e9faut d\u2019en faire en haut niveau, je le partage avec vous.\",\"sameAs\":[\"https:\/\/www.facebook.com\/soocube\",\"https:\/\/x.com\/https:\/\/twitter.com\/soocube\",\"admin\"],\"url\":\"https:\/\/dicodusport.fr\/blog\/author\/sophie\/\"}]}<\/script>\n<!-- \/ Yoast SEO Premium plugin. -->","yoast_head_json":{"title":"2 juin 2015 : Nouveau scandale, Sepp Blatter d\u00e9missionne de la FIFA","description":"Le 2 juin 2015, apr\u00e8s un nouveau scandale, Sepp Blatter d\u00e9cide de d\u00e9missionner de son poste de pr\u00e9sident de la FIFA qu'il occupe depuis 1998.","robots":{"index":"index","follow":"follow","max-snippet":"max-snippet:-1","max-image-preview":"max-image-preview:large","max-video-preview":"max-video-preview:-1"},"canonical":"https:\/\/dicodusport.fr\/blog\/2-juin-2015-nouveau-scandale-sepp-blatter-demissionne-de-la-fifa\/","og_locale":"fr_FR","og_type":"article","og_title":"2 juin 2015 : Nouveau scandale, Sepp Blatter d\u00e9missionne de la FIFA","og_description":"Le 2 juin 2015, apr\u00e8s un nouveau scandale, Sepp Blatter d\u00e9cide de d\u00e9missionner de son poste de pr\u00e9sident de la FIFA qu'il occupe depuis 1998.","og_url":"https:\/\/dicodusport.fr\/blog\/2-juin-2015-nouveau-scandale-sepp-blatter-demissionne-de-la-fifa\/","og_site_name":"Dicodusport","article_publisher":"https:\/\/www.facebook.com\/dicodusport","article_author":"https:\/\/www.facebook.com\/soocube","article_published_time":"2021-06-02T06:00:26+00:00","og_image":[{"width":800,"height":445,"url":"https:\/\/dicodusport.fr\/blog\/wp-content\/uploads\/2021\/06\/2-juin-2015-Nouveau-scandale-Sepp-Blatter-demissionne-de-la-FIFA.png","type":"image\/png"}],"author":"Sophie Clapier","twitter_card":"summary_large_image","twitter_title":"2 juin 2015 : Nouveau scandale, Sepp Blatter d\u00e9missionne de la FIFA","twitter_creator":"@https:\/\/twitter.com\/soocube","twitter_site":"@dicodusport","schema":{"@context":"https:\/\/schema.org","@graph":[{"@type":"NewsArticle","@id":"https:\/\/dicodusport.fr\/blog\/2-juin-2015-nouveau-scandale-sepp-blatter-demissionne-de-la-fifa\/#article","isPartOf":{"@id":"https:\/\/dicodusport.fr\/blog\/2-juin-2015-nouveau-scandale-sepp-blatter-demissionne-de-la-fifa\/"},"author":{"name":"Sophie Clapier","@id":"https:\/\/dicodusport.fr\/blog\/#\/schema\/person\/416c975648aca9da8839bdfe333a21c9"},"headline":"2 juin 2015 : Nouveau scandale, Sepp Blatter d\u00e9missionne de la FIFA","datePublished":"2021-06-02T06:00:26+00:00","mainEntityOfPage":{"@id":"https:\/\/dicodusport.fr\/blog\/2-juin-2015-nouveau-scandale-sepp-blatter-demissionne-de-la-fifa\/"},"wordCount":396,"commentCount":0,"publisher":{"@id":"https:\/\/dicodusport.fr\/blog\/#organization"},"image":{"@id":"https:\/\/dicodusport.fr\/blog\/2-juin-2015-nouveau-scandale-sepp-blatter-demissionne-de-la-fifa\/#primaryimage"},"thumbnailUrl":"https:\/\/dicodusport.fr\/blog\/wp-content\/uploads\/2021\/06\/2-juin-2015-Nouveau-scandale-Sepp-Blatter-demissionne-de-la-FIFA.png","keywords":["fifa","Football","Sepp Blatter"],"articleSection":["Football","Histoire"],"inLanguage":"fr-FR","potentialAction":[{"@type":"CommentAction","name":"Comment","target":["https:\/\/dicodusport.fr\/blog\/2-juin-2015-nouveau-scandale-sepp-blatter-demissionne-de-la-fifa\/#respond"]}],"copyrightYear":"2021","copyrightHolder":{"@id":"https:\/\/dicodusport.fr\/blog\/#organization"}},{"@type":"WebPage","@id":"https:\/\/dicodusport.fr\/blog\/2-juin-2015-nouveau-scandale-sepp-blatter-demissionne-de-la-fifa\/","url":"https:\/\/dicodusport.fr\/blog\/2-juin-2015-nouveau-scandale-sepp-blatter-demissionne-de-la-fifa\/","name":"2 juin 2015 : Nouveau scandale, Sepp Blatter d\u00e9missionne de la FIFA","isPartOf":{"@id":"https:\/\/dicodusport.fr\/blog\/#website"},"primaryImageOfPage":{"@id":"https:\/\/dicodusport.fr\/blog\/2-juin-2015-nouveau-scandale-sepp-blatter-demissionne-de-la-fifa\/#primaryimage"},"image":{"@id":"https:\/\/dicodusport.fr\/blog\/2-juin-2015-nouveau-scandale-sepp-blatter-demissionne-de-la-fifa\/#primaryimage"},"thumbnailUrl":"https:\/\/dicodusport.fr\/blog\/wp-content\/uploads\/2021\/06\/2-juin-2015-Nouveau-scandale-Sepp-Blatter-demissionne-de-la-FIFA.png","datePublished":"2021-06-02T06:00:26+00:00","description":"Le 2 juin 2015, apr\u00e8s un nouveau scandale, Sepp Blatter d\u00e9cide de d\u00e9missionner de son poste de pr\u00e9sident de la FIFA qu'il occupe depuis 1998.","breadcrumb":{"@id":"https:\/\/dicodusport.fr\/blog\/2-juin-2015-nouveau-scandale-sepp-blatter-demissionne-de-la-fifa\/#breadcrumb"},"inLanguage":"fr-FR","potentialAction":[{"@type":"ReadAction","target":["https:\/\/dicodusport.fr\/blog\/2-juin-2015-nouveau-scandale-sepp-blatter-demissionne-de-la-fifa\/"]}]},{"@type":"ImageObject","inLanguage":"fr-FR","@id":"https:\/\/dicodusport.fr\/blog\/2-juin-2015-nouveau-scandale-sepp-blatter-demissionne-de-la-fifa\/#primaryimage","url":"https:\/\/dicodusport.fr\/blog\/wp-content\/uploads\/2021\/06\/2-juin-2015-Nouveau-scandale-Sepp-Blatter-demissionne-de-la-FIFA.png","contentUrl":"https:\/\/dicodusport.fr\/blog\/wp-content\/uploads\/2021\/06\/2-juin-2015-Nouveau-scandale-Sepp-Blatter-demissionne-de-la-FIFA.png","width":800,"height":445,"caption":"2 juin 2015 : Nouveau scandale, Sepp Blatter d\u00e9missionne de la FIFA"},{"@type":"BreadcrumbList","@id":"https:\/\/dicodusport.fr\/blog\/2-juin-2015-nouveau-scandale-sepp-blatter-demissionne-de-la-fifa\/#breadcrumb","itemListElement":[{"@type":"ListItem","position":1,"name":"Accueil","item":"https:\/\/dicodusport.fr\/blog\/"},{"@type":"ListItem","position":2,"name":"2 juin 2015 : Nouveau scandale, Sepp Blatter d\u00e9missionne de la FIFA"}]},{"@type":"WebSite","@id":"https:\/\/dicodusport.fr\/blog\/#website","url":"https:\/\/dicodusport.fr\/blog\/","name":"Dicodusport","description":"L&#039;encyclop\u00e9die de l&#039;actualit\u00e9 sportive","publisher":{"@id":"https:\/\/dicodusport.fr\/blog\/#organization"},"potentialAction":[{"@type":"SearchAction","target":{"@type":"EntryPoint","urlTemplate":"https:\/\/dicodusport.fr\/blog\/?s={search_term_string}"},"query-input":{"@type":"PropertyValueSpecification","valueRequired":true,"valueName":"search_term_string"}}],"inLanguage":"fr-FR"},{"@type":"NewsMediaOrganization","@id":"https:\/\/dicodusport.fr\/blog\/#organization","name":"Dicodusport","url":"https:\/\/dicodusport.fr\/blog\/","logo":{"@type":"ImageObject","inLanguage":"fr-FR","@id":"https:\/\/dicodusport.fr\/blog\/#\/schema\/logo\/image\/","url":"https:\/\/dicodusport.fr\/blog\/wp-content\/uploads\/2020\/06\/cropped-LOGO-DICODUSPORT-2020-SANS-FOND-SANS-TEXTE.png","contentUrl":"https:\/\/dicodusport.fr\/blog\/wp-content\/uploads\/2020\/06\/cropped-LOGO-DICODUSPORT-2020-SANS-FOND-SANS-TEXTE.png","width":512,"height":512,"caption":"Dicodusport"},"image":{"@id":"https:\/\/dicodusport.fr\/blog\/#\/schema\/logo\/image\/"},"sameAs":["https:\/\/www.facebook.com\/dicodusport","https:\/\/x.com\/dicodusport","https:\/\/www.instagram.com\/dicodusport\/","https:\/\/www.youtube.com\/channel\/UC7V2KZ5sd3htJivAbA4ZG3w"],"description":"Dicodusport est l'encyclop\u00e9die de l'actualit\u00e9 sportive.","email":"bonjour@dicodusport.fr","legalName":"DICODUSPORT","foundingDate":"2018-01-14","vatID":"FR71834470973","taxID":"83447097300043","numberOfEmployees":{"@type":"QuantitativeValue","minValue":"1","maxValue":"10"}},{"@type":"Person","@id":"https:\/\/dicodusport.fr\/blog\/#\/schema\/person\/416c975648aca9da8839bdfe333a21c9","name":"Sophie Clapier","image":{"@type":"ImageObject","inLanguage":"fr-FR","@id":"https:\/\/dicodusport.fr\/blog\/#\/schema\/person\/image\/","url":"https:\/\/dicodusport.fr\/blog\/wp-content\/uploads\/2021\/05\/Sophie-Clapier-150x150.jpg","contentUrl":"https:\/\/dicodusport.fr\/blog\/wp-content\/uploads\/2021\/05\/Sophie-Clapier-150x150.jpg","caption":"Sophie Clapier"},"description":"Journaliste\/r\u00e9dactrice depuis janvier 2016 - Passionn\u00e9e de sport depuis toujours, j\u2019en ai pratiqu\u00e9 quelques-uns. Judo, football, handball ou encore tennis, je n\u2019ai jamais pu me mettre d\u2019accord sur un en particulier. Mais \u00e7a, c\u2019\u00e9tait avant de d\u00e9couvrir le basket, devenu mon sport de pr\u00e9dilection. Les actions NBA, le All-Star Week-end, la fureur des Game 7 pendant les playoffs ou mieux, lors des Finals, this is why we play. Team Spurs T.P, je m\u2019accroche encore \u00e0 Gregg Popovich (don\u2019t leave !). Team chef Curry, je souhaite qu\u2019il finisse aux Warriors (staaaay !). Non, il n\u2019y a pas qu\u2019eux, des petits nouveaux -et des petites nouvelles \u00e9videmment- arrivent chaque jour dans toutes les disciplines et cr\u00e9ent de nouveaux exploits. Alors pour les grands \u00e9v\u00e9nements et comp\u00e9titions internationales, vive les pulsations 240\/minutes et le d\u00e9fibrillateur pas loin, et allez les Bleu(e)s ! C\u2019est s\u00fbr, j\u2019aurai plus vu ma vie sur un terrain de sport, mais \u00e0 d\u00e9faut d\u2019en faire en haut niveau, je le partage avec vous.","sameAs":["https:\/\/www.facebook.com\/soocube","https:\/\/x.com\/https:\/\/twitter.com\/soocube","admin"],"url":"https:\/\/dicodusport.fr\/blog\/author\/sophie\/"}]}},"_links":{"self":[{"href":"https:\/\/dicodusport.fr\/blog\/wp-json\/wp\/v2\/posts\/134823","targetHints":{"allow":["GET"]}}],"collection":[{"href":"https:\/\/dicodusport.fr\/blog\/wp-json\/wp\/v2\/posts"}],"about":[{"href":"https:\/\/dicodusport.fr\/blog\/wp-json\/wp\/v2\/types\/post"}],"author":[{"embeddable":true,"href":"https:\/\/dicodusport.fr\/blog\/wp-json\/wp\/v2\/users\/18"}],"replies":[{"embeddable":true,"href":"https:\/\/dicodusport.fr\/blog\/wp-json\/wp\/v2\/comments?post=134823"}],"version-history":[{"count":0,"href":"https:\/\/dicodusport.fr\/blog\/wp-json\/wp\/v2\/posts\/134823\/revisions"}],"wp:featuredmedia":[{"embeddable":true,"href":"https:\/\/dicodusport.fr\/blog\/wp-json\/wp\/v2\/media\/134876"}],"wp:attachment":[{"href":"https:\/\/dicodusport.fr\/blog\/wp-json\/wp\/v2\/media?parent=134823"}],"wp:term":[{"taxonomy":"category","embeddable":true,"href":"https:\/\/dicodusport.fr\/blog\/wp-json\/wp\/v2\/categories?post=134823"},{"taxonomy":"post_tag","embeddable":true,"href":"https:\/\/dicodusport.fr\/blog\/wp-json\/wp\/v2\/tags?post=134823"}],"curies":[{"name":"wp","href":"https:\/\/api.w.org\/{rel}","templated":true}]}}