{"id":134911,"date":"2021-06-02T12:55:40","date_gmt":"2021-06-02T10:55:40","guid":{"rendered":"https:\/\/dicodusport.fr\/blog\/?p=134911"},"modified":"2021-06-03T09:50:27","modified_gmt":"2021-06-03T07:50:27","slug":"nba-fin-de-saison-pour-evan-fournier-et-les-celtics","status":"publish","type":"post","link":"https:\/\/dicodusport.fr\/blog\/nba-fin-de-saison-pour-evan-fournier-et-les-celtics\/","title":{"rendered":"NBA : Fin de saison pour Evan Fournier et les Celtics"},"content":{"rendered":"<p style=\"text-align: justify;\"><strong><em><a href=\"https:\/\/dicodusport.fr\/blog\/actualites\/basket-ball\/nba\/nba-2020-2021\/\">NBA 2020\/21<\/a> &#8211; C&rsquo;est la deuxi\u00e8me \u00e9quipe \u00e9limin\u00e9e dans ces playoffs <a href=\"https:\/\/dicodusport.fr\/blog\/nba-playoffs-les-bucks-balaient-le-heat-4-0\/\">apr\u00e8s le Heat le week-end dernier<\/a>. Apr\u00e8s leur <a href=\"https:\/\/dicodusport.fr\/blog\/nba-playoffs-brooklyn-qualifie-les-nuggets-sur-la-bonne-voie-les-suns-humilient-les-lakers\/\">d\u00e9faite au Barclays Center cette nuit<\/a>, les Boston Celtics ont officiellement perdu la s\u00e9rie face aux Nets (4-1). Les joueurs de l&rsquo;\u00e9quipe au tr\u00e8fle ont \u00e9vit\u00e9 de justesse le sweep. Apr\u00e8s une saison d\u00e9cevante, il faut maintenant se pencher vers l&rsquo;avenir. Quel futur pour les Celtics ? Autour de quels joueurs ? Le Fran\u00e7ais Evan Fournier sera-t-il encore \u00e0 Boston l&rsquo;ann\u00e9e prochaine ?<\/em><\/strong><\/p>\n<p style=\"text-align: justify;\">Sur cette s\u00e9rie face aux Nets, <strong>les Celtics n&rsquo;auront jamais vraiment exist\u00e9<\/strong>. <a href=\"https:\/\/dicodusport.fr\/blog\/nba-playoffs-les-hawks-prennent-lavantage-les-celtics-et-les-clippers-recollent\/\">Un match 3 gagn\u00e9 \u00e0 la maison<\/a> leur a permis de sauver l&rsquo;honneur. En dehors de cette victoire presque inesp\u00e9r\u00e9e, les joueurs de Brad Stevens ont conc\u00e9d\u00e9 un \u00e9cart de 15 points de moyenne, et ont encaiss\u00e9 125 points par match des Nets. Jamais ils n&rsquo;ont eu les armes pour contrer <a href=\"https:\/\/dicodusport.fr\/blog\/nba-james-harden-rejoint-brooklyn-dans-un-enorme-transfert\/\">le trio infernal<\/a> <strong>Kevin Durant<\/strong> (32.6pts de moyenne sur la s\u00e9rie) &#8211; <strong>James Harden<\/strong> (27.8pts 7.2 rebonds et 10.6 passes) &#8211; <strong>Kyrie Irving<\/strong> (24.8pts). Leur manque de fond de jeu collectif s&rsquo;est cruellement fait ressentir. <strong>Seul point de satisfaction : Jayson Tatum<\/strong>. Depuis <a href=\"https:\/\/dicodusport.fr\/blog\/nba-fin-de-saison-pour-jaylen-brown-chez-les-celtics\/\">la blessure de Jaylen Brown<\/a>, le jeune ailier a port\u00e9 son \u00e9quipe sur son dos. Individuellement, il a \u00e9t\u00e9 monstrueux malgr\u00e9 le fait que toute l&rsquo;attention de la d\u00e9fense de Brooklyn soit port\u00e9e sur lui. Il est la superstar sur laquelle l&rsquo;\u00e9quipe peut (et doit) b\u00e2tir son avenir.<\/p>\n<blockquote class=\"twitter-tweet\">\n<p dir=\"ltr\" lang=\"en\">Harden, Kyrie, and KD fuel the <a href=\"https:\/\/twitter.com\/BrooklynNets?ref_src=twsrc%5Etfw\">@BrooklynNets<\/a>&lsquo; Game 5 win&#8230; they advance to face Milwaukee in the East Semis! <a href=\"https:\/\/twitter.com\/hashtag\/BrooklynTogether?src=hash&amp;ref_src=twsrc%5Etfw\">#BrooklynTogether<\/a> <a href=\"https:\/\/twitter.com\/hashtag\/NBAPlayoffs?src=hash&amp;ref_src=twsrc%5Etfw\">#NBAPlayoffs<\/a> <a href=\"https:\/\/twitter.com\/JHarden13?ref_src=twsrc%5Etfw\">@JHarden13<\/a>: 34 PTS, 10 REB, 10 AST<a href=\"https:\/\/twitter.com\/KyrieIrving?ref_src=twsrc%5Etfw\">@KyrieIrving<\/a>: 25 PTS, 3 3PM<a href=\"https:\/\/twitter.com\/KDTrey5?ref_src=twsrc%5Etfw\">@KDTrey5<\/a>: 24 PTS, 4 3PM<\/p>\n<p>Game 1: Saturday at 7:30pm\/et on TNT <a href=\"https:\/\/t.co\/J63jkPqsMf\">pic.twitter.com\/J63jkPqsMf<\/a><\/p>\n<p>\u2014 NBA (@NBA) <a href=\"https:\/\/twitter.com\/NBA\/status\/1399957196394356739?ref_src=twsrc%5Etfw\">June 2, 2021<\/a><\/p><\/blockquote>\n<p><script async src=\"https:\/\/platform.twitter.com\/widgets.js\" charset=\"utf-8\"><\/script><\/p>\n<h2 style=\"text-align: justify;\">Quel avenir pour Boston ?<\/h2>\n<p style=\"text-align: justify;\">Par rapport \u00e0 d&rsquo;autres jeunes \u00e9quipes, les Celtics ont une base de joueurs qui ont d\u00e9j\u00e0 prouv\u00e9 au plus haut niveau. C&rsquo;est le cas de Jayson Tatum bien s\u00fbr, mais aussi de <strong>Jaylen Brown <\/strong>et<strong> Marcus Smart<\/strong> qui peuvent constituer de solides lieutenants pour leur ailier star. Le premier notamment, a connu une <a href=\"https:\/\/dicodusport.fr\/blog\/nba-la-course-aux-trophees-votez-pour-la-meilleure-progression-de-la-saison\/\">telle explosion cette saison<\/a> que les d\u00e9fenses adverses se m\u00e9fient presque autant de lui que de Tatum. Les deux ailiers sont de plus <strong>sous contrat pendant encore 3 et 5 ans<\/strong>. Pour Marcus Smart, patron d\u00e9fensif de l&rsquo;\u00e9quipe, la saison \u00e0 venir va \u00eatre d\u00e9terminante puisqu&rsquo;il sera agent libre \u00e0 son issue. Si son c\u0153ur semble attach\u00e9 \u00e0 Boston, tout d\u00e9pendra des offres qu&rsquo;il recevra des autres \u00e9quipes l&rsquo;\u00e9t\u00e9 prochain. Les Celtics ont aussi un <strong>noyau de jeunes joueurs \u00e0 d\u00e9velopper<\/strong> (Aaron Nesmith, Grant et Robert Williams, Romeo Langford, Payton Pritchard&#8230;) qui pourront servir de<em> role-players<\/em> \u00e0 l&rsquo;avenir. Tout cela avec le retour du public qu&rsquo;on conna\u00eet tr\u00e8s bruyant au TD Garden d\u00e8s la saison prochaine. L&rsquo;avenir est loin d&rsquo;\u00eatre sombre pour Boston.<\/p>\n<p style=\"text-align: justify;\">Reste pour la franchise du Massachussets \u00e0 g\u00e9rer le cas<strong> Kemba Walker<\/strong>. Le meneur quadruple all-star a connu une baisse statistique drastique depuis son arriv\u00e9e de Charlotte \u00e0 l&rsquo;inter-saison 2019 et<strong> sa pr\u00e9sence semble presque g\u00eaner le d\u00e9veloppement du duo Brown\/Tatum<\/strong>. Son contrat se poursuit l&rsquo;ann\u00e9e prochaine et il b\u00e9n\u00e9ficiera d&rsquo;une option \u00e0 37 millions de $ pour la saison 2022\/23. Autant dire que s&rsquo;il n&rsquo;est pas transf\u00e9r\u00e9, Walker est li\u00e9 aux Celtics jusqu&rsquo;\u00e0 l&rsquo;\u00e9t\u00e9 2023. La machine \u00e0 transfert pourrait ainsi \u00eatre d\u00e9clench\u00e9e. La piste d&rsquo;un int\u00e9rieur dominant ferait sens pour Boston, qui souffre largement dans ce secteur. Anthony Davis et Andre Drummond avaient par exemple \u00e9t\u00e9 dans leurs petits papiers ces derni\u00e8res ann\u00e9es.<\/p>\n<p style=\"text-align: justify;\">Tous ces potentiels mouvements sont d\u00e9pendants de la volont\u00e9 des nouvelles personnes en charge. En effet, le patron sportif de la franchise depuis 2003, l&rsquo;ancien joueur <strong>Danny Ainge<\/strong>, va quitter son poste. Il va \u00eatre remplac\u00e9 par l&rsquo;actuel coach <strong>Brad Stevens<\/strong>, qui va prendre en grade. Reste \u00e0 voir si Stevens, qui conna\u00eet son \u00e9quipe par c\u0153ur, croit en l&rsquo;avenir de celle-ci ou pas. Une continuit\u00e9 d&rsquo;effectif pourrait \u00eatre attendue mais rien n&rsquo;est s\u00fbr. Si ce n&rsquo;est pas le cas, <strong>il pourrait tout envoyer valser pendant l&rsquo;intersaison en appuyant sur le bouton rouge de la machine \u00e0 transferts<\/strong>. Un nouveau coach est en tout cas attendu d\u00e8s cet \u00e9t\u00e9.<\/p>\n<blockquote class=\"twitter-tweet\">\n<p dir=\"ltr\" lang=\"en\">Boston head coach Brad Stevens is planning to transition from his current role into becoming the new head of basketball ops. of the Celtics, sources tell <a href=\"https:\/\/twitter.com\/TheAthletic?ref_src=twsrc%5Etfw\">@TheAthletic<\/a> <a href=\"https:\/\/twitter.com\/Stadium?ref_src=twsrc%5Etfw\">@Stadium<\/a>.<\/p>\n<p>Danny Ainge plans to resign from his role as Celtics President, sources said.<\/p>\n<p>\u2014 Shams Charania (@ShamsCharania) <a href=\"https:\/\/twitter.com\/ShamsCharania\/status\/1400094456129507335?ref_src=twsrc%5Etfw\">June 2, 2021<\/a><\/p><\/blockquote>\n<p><script async src=\"https:\/\/platform.twitter.com\/widgets.js\" charset=\"utf-8\"><\/script><\/p>\n<h2 style=\"text-align: justify;\">Evan Fournier : reste ou part ?<\/h2>\n<p style=\"text-align: justify;\"><strong>Evan Fournier<\/strong>, qui n&rsquo;a jou\u00e9 que 21 matchs avec les Celtics, <a href=\"https:\/\/dicodusport.fr\/blog\/nba-debuts-compliques-pour-evan-fournier-a-boston\/\">avait connu des d\u00e9buts difficiles dans le Massachussets<\/a>. Malgr\u00e9 une l\u00e9g\u00e8re am\u00e9lioration statistique depuis, on peut avoir <strong>le sentiment que le Fran\u00e7ais ne s&rsquo;est jamais vraiment int\u00e9gr\u00e9<\/strong> \u00e0 l&rsquo;\u00e9quipe. Rien d&rsquo;anormal apr\u00e8s avoir pass\u00e9 sept ann\u00e9es \u00e0 jouer avec (quasiment) les m\u00eames joueurs \u00e0 Orlando. Le passage vers une \u00e9quipe largement plus comp\u00e9titive \u00e0 Boston n&rsquo;a pas \u00e9t\u00e9 chose ais\u00e9e. <strong>Le natif de Charenton est agent libre cet \u00e9t\u00e9<\/strong>. Les Celtics, qui ont d\u00e9j\u00e0 132 millions de $ garantis la saison prochaine, auront-ils les fonds pour lui proposer un contrat longue dur\u00e9e ? Rien de s\u00fbr. Notre Frenchie pourrait tout \u00e0 fait atterrir dans une autre franchise. Les Nuggets, Knicks ou Mavericks s\u2019\u00e9taient d\u00e9j\u00e0 montr\u00e9s int\u00e9ress\u00e9s par son profil<a href=\"https:\/\/dicodusport.fr\/blog\/nba-evan-fournier-chez-les-celtics-nikola-vucevic-part-pour-les-bulls\/\"> lors de la trade deadline<\/a>. Au sortir de sa meilleure saison statistique &#8211; avant son transfert \u00e0 Boston &#8211; <strong>Fournier a en tout cas les arguments pour aller chercher un gros contrat cet \u00e9t\u00e9<\/strong>. C&rsquo;est tout ce qu&rsquo;on lui souhaite.<\/p>\n","protected":false},"excerpt":{"rendered":"<p>NBA 2020\/21 &#8211; C&rsquo;est la deuxi\u00e8me \u00e9quipe \u00e9limin\u00e9e dans ces playoffs apr\u00e8s le Heat le week-end dernier. Apr\u00e8s leur d\u00e9faite au Barclays Center cette nuit, les Boston Celtics ont officiellement perdu la s\u00e9rie face aux Nets (4-1). Les joueurs de l&rsquo;\u00e9quipe au tr\u00e8fle ont \u00e9vit\u00e9 de justesse le sweep. Apr\u00e8s une saison d\u00e9cevante, il faut maintenant se pencher vers l&rsquo;avenir. Quel futur pour les Celtics ? Autour de quels joueurs ? Le Fran\u00e7ais Evan Fournier sera-t-il encore \u00e0 Boston l&rsquo;ann\u00e9e prochaine ?<\/p>\n","protected":false},"author":13,"featured_media":134943,"comment_status":"open","ping_status":"closed","sticky":false,"template":"","format":"standard","meta":{"_acf_changed":false,"_daextam_enable_autolinks":"","footnotes":""},"categories":[10533],"tags":[1826,6546,2470,4220],"class_list":["post-134911","post","type-post","status-publish","format-standard","has-post-thumbnail","hentry","category-nba","tag-boston-celtics","tag-evan-fournier","tag-jayson-tatum","tag-nba-playoffs"],"acf":[],"yoast_head":"<!-- This site is optimized with the Yoast SEO Premium plugin v26.7 (Yoast SEO v26.7) - https:\/\/yoast.com\/wordpress\/plugins\/seo\/ -->\n<title>NBA : Fin de saison pour Evan Fournier et les Celtics<\/title>\n<meta name=\"description\" content=\"Apr\u00e8s une saison d\u00e9cevante, les Celtics doivent maintenant se pencher vers l&#039;avenir. Quel futur pour eux ? Quid d&#039;Evan Fournier ?\" \/>\n<meta name=\"robots\" content=\"index, follow, max-snippet:-1, max-image-preview:large, max-video-preview:-1\" \/>\n<link rel=\"canonical\" href=\"https:\/\/dicodusport.fr\/blog\/nba-fin-de-saison-pour-evan-fournier-et-les-celtics\/\" \/>\n<meta property=\"og:locale\" content=\"fr_FR\" \/>\n<meta property=\"og:type\" content=\"article\" \/>\n<meta property=\"og:title\" content=\"NBA : Fin de saison pour Evan Fournier et les Celtics\" \/>\n<meta property=\"og:description\" content=\"Apr\u00e8s une saison d\u00e9cevante, les Celtics doivent maintenant se pencher vers l&#039;avenir. Quel futur pour eux ? Quid d&#039;Evan Fournier ?\" \/>\n<meta property=\"og:url\" content=\"https:\/\/dicodusport.fr\/blog\/nba-fin-de-saison-pour-evan-fournier-et-les-celtics\/\" \/>\n<meta property=\"og:site_name\" content=\"Dicodusport\" \/>\n<meta property=\"article:publisher\" content=\"https:\/\/www.facebook.com\/dicodusport\" \/>\n<meta property=\"article:published_time\" content=\"2021-06-02T10:55:40+00:00\" \/>\n<meta property=\"article:modified_time\" content=\"2021-06-03T07:50:27+00:00\" \/>\n<meta property=\"og:image\" content=\"https:\/\/dicodusport.fr\/blog\/wp-content\/uploads\/2021\/06\/NBA-Fin-de-saison-pour-Evan-Fournier-et-les-Celtics.png\" \/>\n\t<meta property=\"og:image:width\" content=\"800\" \/>\n\t<meta property=\"og:image:height\" content=\"445\" \/>\n\t<meta property=\"og:image:type\" content=\"image\/png\" \/>\n<meta name=\"author\" content=\"Tom Compayrot\" \/>\n<meta name=\"twitter:card\" content=\"summary_large_image\" \/>\n<meta name=\"twitter:title\" content=\"NBA : Fin de saison pour Evan Fournier et les Celtics\" \/>\n<meta name=\"twitter:creator\" content=\"@https:\/\/twitter.com\/Tom_Cprt\" \/>\n<meta name=\"twitter:site\" content=\"@dicodusport\" \/>\n<script type=\"application\/ld+json\" class=\"yoast-schema-graph\">{\"@context\":\"https:\/\/schema.org\",\"@graph\":[{\"@type\":\"NewsArticle\",\"@id\":\"https:\/\/dicodusport.fr\/blog\/nba-fin-de-saison-pour-evan-fournier-et-les-celtics\/#article\",\"isPartOf\":{\"@id\":\"https:\/\/dicodusport.fr\/blog\/nba-fin-de-saison-pour-evan-fournier-et-les-celtics\/\"},\"author\":{\"name\":\"Tom Compayrot\",\"@id\":\"https:\/\/dicodusport.fr\/blog\/#\/schema\/person\/bf1e4f404e108bd2be5b447b16bde9a7\"},\"headline\":\"NBA : Fin de saison pour Evan Fournier et les Celtics\",\"datePublished\":\"2021-06-02T10:55:40+00:00\",\"dateModified\":\"2021-06-03T07:50:27+00:00\",\"mainEntityOfPage\":{\"@id\":\"https:\/\/dicodusport.fr\/blog\/nba-fin-de-saison-pour-evan-fournier-et-les-celtics\/\"},\"wordCount\":984,\"commentCount\":0,\"publisher\":{\"@id\":\"https:\/\/dicodusport.fr\/blog\/#organization\"},\"image\":{\"@id\":\"https:\/\/dicodusport.fr\/blog\/nba-fin-de-saison-pour-evan-fournier-et-les-celtics\/#primaryimage\"},\"thumbnailUrl\":\"https:\/\/dicodusport.fr\/blog\/wp-content\/uploads\/2021\/06\/NBA-Fin-de-saison-pour-Evan-Fournier-et-les-Celtics.png\",\"keywords\":[\"Boston Celtics\",\"Evan Fournier\",\"Jayson Tatum\",\"NBA Playoffs\"],\"articleSection\":[\"NBA\"],\"inLanguage\":\"fr-FR\",\"potentialAction\":[{\"@type\":\"CommentAction\",\"name\":\"Comment\",\"target\":[\"https:\/\/dicodusport.fr\/blog\/nba-fin-de-saison-pour-evan-fournier-et-les-celtics\/#respond\"]}],\"copyrightYear\":\"2021\",\"copyrightHolder\":{\"@id\":\"https:\/\/dicodusport.fr\/blog\/#organization\"}},{\"@type\":\"WebPage\",\"@id\":\"https:\/\/dicodusport.fr\/blog\/nba-fin-de-saison-pour-evan-fournier-et-les-celtics\/\",\"url\":\"https:\/\/dicodusport.fr\/blog\/nba-fin-de-saison-pour-evan-fournier-et-les-celtics\/\",\"name\":\"NBA : Fin de saison pour Evan Fournier et les Celtics\",\"isPartOf\":{\"@id\":\"https:\/\/dicodusport.fr\/blog\/#website\"},\"primaryImageOfPage\":{\"@id\":\"https:\/\/dicodusport.fr\/blog\/nba-fin-de-saison-pour-evan-fournier-et-les-celtics\/#primaryimage\"},\"image\":{\"@id\":\"https:\/\/dicodusport.fr\/blog\/nba-fin-de-saison-pour-evan-fournier-et-les-celtics\/#primaryimage\"},\"thumbnailUrl\":\"https:\/\/dicodusport.fr\/blog\/wp-content\/uploads\/2021\/06\/NBA-Fin-de-saison-pour-Evan-Fournier-et-les-Celtics.png\",\"datePublished\":\"2021-06-02T10:55:40+00:00\",\"dateModified\":\"2021-06-03T07:50:27+00:00\",\"description\":\"Apr\u00e8s une saison d\u00e9cevante, les Celtics doivent maintenant se pencher vers l'avenir. Quel futur pour eux ? Quid d'Evan Fournier ?\",\"breadcrumb\":{\"@id\":\"https:\/\/dicodusport.fr\/blog\/nba-fin-de-saison-pour-evan-fournier-et-les-celtics\/#breadcrumb\"},\"inLanguage\":\"fr-FR\",\"potentialAction\":[{\"@type\":\"ReadAction\",\"target\":[\"https:\/\/dicodusport.fr\/blog\/nba-fin-de-saison-pour-evan-fournier-et-les-celtics\/\"]}]},{\"@type\":\"ImageObject\",\"inLanguage\":\"fr-FR\",\"@id\":\"https:\/\/dicodusport.fr\/blog\/nba-fin-de-saison-pour-evan-fournier-et-les-celtics\/#primaryimage\",\"url\":\"https:\/\/dicodusport.fr\/blog\/wp-content\/uploads\/2021\/06\/NBA-Fin-de-saison-pour-Evan-Fournier-et-les-Celtics.png\",\"contentUrl\":\"https:\/\/dicodusport.fr\/blog\/wp-content\/uploads\/2021\/06\/NBA-Fin-de-saison-pour-Evan-Fournier-et-les-Celtics.png\",\"width\":800,\"height\":445,\"caption\":\"NBA : Fin de saison pour Evan Fournier et les Celtics\"},{\"@type\":\"BreadcrumbList\",\"@id\":\"https:\/\/dicodusport.fr\/blog\/nba-fin-de-saison-pour-evan-fournier-et-les-celtics\/#breadcrumb\",\"itemListElement\":[{\"@type\":\"ListItem\",\"position\":1,\"name\":\"Accueil\",\"item\":\"https:\/\/dicodusport.fr\/blog\/\"},{\"@type\":\"ListItem\",\"position\":2,\"name\":\"NBA : Fin de saison pour Evan Fournier et les Celtics\"}]},{\"@type\":\"WebSite\",\"@id\":\"https:\/\/dicodusport.fr\/blog\/#website\",\"url\":\"https:\/\/dicodusport.fr\/blog\/\",\"name\":\"Dicodusport\",\"description\":\"L&#039;encyclop\u00e9die de l&#039;actualit\u00e9 sportive\",\"publisher\":{\"@id\":\"https:\/\/dicodusport.fr\/blog\/#organization\"},\"potentialAction\":[{\"@type\":\"SearchAction\",\"target\":{\"@type\":\"EntryPoint\",\"urlTemplate\":\"https:\/\/dicodusport.fr\/blog\/?s={search_term_string}\"},\"query-input\":{\"@type\":\"PropertyValueSpecification\",\"valueRequired\":true,\"valueName\":\"search_term_string\"}}],\"inLanguage\":\"fr-FR\"},{\"@type\":\"NewsMediaOrganization\",\"@id\":\"https:\/\/dicodusport.fr\/blog\/#organization\",\"name\":\"Dicodusport\",\"url\":\"https:\/\/dicodusport.fr\/blog\/\",\"logo\":{\"@type\":\"ImageObject\",\"inLanguage\":\"fr-FR\",\"@id\":\"https:\/\/dicodusport.fr\/blog\/#\/schema\/logo\/image\/\",\"url\":\"https:\/\/dicodusport.fr\/blog\/wp-content\/uploads\/2020\/06\/cropped-LOGO-DICODUSPORT-2020-SANS-FOND-SANS-TEXTE.png\",\"contentUrl\":\"https:\/\/dicodusport.fr\/blog\/wp-content\/uploads\/2020\/06\/cropped-LOGO-DICODUSPORT-2020-SANS-FOND-SANS-TEXTE.png\",\"width\":512,\"height\":512,\"caption\":\"Dicodusport\"},\"image\":{\"@id\":\"https:\/\/dicodusport.fr\/blog\/#\/schema\/logo\/image\/\"},\"sameAs\":[\"https:\/\/www.facebook.com\/dicodusport\",\"https:\/\/x.com\/dicodusport\",\"https:\/\/www.instagram.com\/dicodusport\/\",\"https:\/\/www.youtube.com\/channel\/UC7V2KZ5sd3htJivAbA4ZG3w\"],\"description\":\"Dicodusport est l'encyclop\u00e9die de l'actualit\u00e9 sportive.\",\"email\":\"bonjour@dicodusport.fr\",\"legalName\":\"DICODUSPORT\",\"foundingDate\":\"2018-01-14\",\"vatID\":\"FR71834470973\",\"taxID\":\"83447097300043\",\"numberOfEmployees\":{\"@type\":\"QuantitativeValue\",\"minValue\":\"1\",\"maxValue\":\"10\"}},{\"@type\":\"Person\",\"@id\":\"https:\/\/dicodusport.fr\/blog\/#\/schema\/person\/bf1e4f404e108bd2be5b447b16bde9a7\",\"name\":\"Tom Compayrot\",\"image\":{\"@type\":\"ImageObject\",\"inLanguage\":\"fr-FR\",\"@id\":\"https:\/\/dicodusport.fr\/blog\/#\/schema\/person\/image\/\",\"url\":\"https:\/\/dicodusport.fr\/blog\/wp-content\/uploads\/2021\/05\/Tom-Compayrot-150x150.jpg\",\"contentUrl\":\"https:\/\/dicodusport.fr\/blog\/wp-content\/uploads\/2021\/05\/Tom-Compayrot-150x150.jpg\",\"caption\":\"Tom Compayrot\"},\"description\":\"Journaliste\/r\u00e9dacteur depuis mars 2017 - Amoureux de la petite balle jaune et du gros ballon orange qui tra\u00eene sa carcasse sur Dicodusport depuis 2017. Rafael Nadal et LeBron James sont les meilleurs joueurs de l'histoire.\",\"sameAs\":[\"https:\/\/x.com\/https:\/\/twitter.com\/Tom_Cprt\"],\"url\":\"https:\/\/dicodusport.fr\/blog\/author\/tom\/\"}]}<\/script>\n<!-- \/ Yoast SEO Premium plugin. -->","yoast_head_json":{"title":"NBA : Fin de saison pour Evan Fournier et les Celtics","description":"Apr\u00e8s une saison d\u00e9cevante, les Celtics doivent maintenant se pencher vers l'avenir. Quel futur pour eux ? Quid d'Evan Fournier ?","robots":{"index":"index","follow":"follow","max-snippet":"max-snippet:-1","max-image-preview":"max-image-preview:large","max-video-preview":"max-video-preview:-1"},"canonical":"https:\/\/dicodusport.fr\/blog\/nba-fin-de-saison-pour-evan-fournier-et-les-celtics\/","og_locale":"fr_FR","og_type":"article","og_title":"NBA : Fin de saison pour Evan Fournier et les Celtics","og_description":"Apr\u00e8s une saison d\u00e9cevante, les Celtics doivent maintenant se pencher vers l'avenir. Quel futur pour eux ? Quid d'Evan Fournier ?","og_url":"https:\/\/dicodusport.fr\/blog\/nba-fin-de-saison-pour-evan-fournier-et-les-celtics\/","og_site_name":"Dicodusport","article_publisher":"https:\/\/www.facebook.com\/dicodusport","article_published_time":"2021-06-02T10:55:40+00:00","article_modified_time":"2021-06-03T07:50:27+00:00","og_image":[{"width":800,"height":445,"url":"https:\/\/dicodusport.fr\/blog\/wp-content\/uploads\/2021\/06\/NBA-Fin-de-saison-pour-Evan-Fournier-et-les-Celtics.png","type":"image\/png"}],"author":"Tom Compayrot","twitter_card":"summary_large_image","twitter_title":"NBA : Fin de saison pour Evan Fournier et les Celtics","twitter_creator":"@https:\/\/twitter.com\/Tom_Cprt","twitter_site":"@dicodusport","schema":{"@context":"https:\/\/schema.org","@graph":[{"@type":"NewsArticle","@id":"https:\/\/dicodusport.fr\/blog\/nba-fin-de-saison-pour-evan-fournier-et-les-celtics\/#article","isPartOf":{"@id":"https:\/\/dicodusport.fr\/blog\/nba-fin-de-saison-pour-evan-fournier-et-les-celtics\/"},"author":{"name":"Tom Compayrot","@id":"https:\/\/dicodusport.fr\/blog\/#\/schema\/person\/bf1e4f404e108bd2be5b447b16bde9a7"},"headline":"NBA : Fin de saison pour Evan Fournier et les Celtics","datePublished":"2021-06-02T10:55:40+00:00","dateModified":"2021-06-03T07:50:27+00:00","mainEntityOfPage":{"@id":"https:\/\/dicodusport.fr\/blog\/nba-fin-de-saison-pour-evan-fournier-et-les-celtics\/"},"wordCount":984,"commentCount":0,"publisher":{"@id":"https:\/\/dicodusport.fr\/blog\/#organization"},"image":{"@id":"https:\/\/dicodusport.fr\/blog\/nba-fin-de-saison-pour-evan-fournier-et-les-celtics\/#primaryimage"},"thumbnailUrl":"https:\/\/dicodusport.fr\/blog\/wp-content\/uploads\/2021\/06\/NBA-Fin-de-saison-pour-Evan-Fournier-et-les-Celtics.png","keywords":["Boston Celtics","Evan Fournier","Jayson Tatum","NBA Playoffs"],"articleSection":["NBA"],"inLanguage":"fr-FR","potentialAction":[{"@type":"CommentAction","name":"Comment","target":["https:\/\/dicodusport.fr\/blog\/nba-fin-de-saison-pour-evan-fournier-et-les-celtics\/#respond"]}],"copyrightYear":"2021","copyrightHolder":{"@id":"https:\/\/dicodusport.fr\/blog\/#organization"}},{"@type":"WebPage","@id":"https:\/\/dicodusport.fr\/blog\/nba-fin-de-saison-pour-evan-fournier-et-les-celtics\/","url":"https:\/\/dicodusport.fr\/blog\/nba-fin-de-saison-pour-evan-fournier-et-les-celtics\/","name":"NBA : Fin de saison pour Evan Fournier et les Celtics","isPartOf":{"@id":"https:\/\/dicodusport.fr\/blog\/#website"},"primaryImageOfPage":{"@id":"https:\/\/dicodusport.fr\/blog\/nba-fin-de-saison-pour-evan-fournier-et-les-celtics\/#primaryimage"},"image":{"@id":"https:\/\/dicodusport.fr\/blog\/nba-fin-de-saison-pour-evan-fournier-et-les-celtics\/#primaryimage"},"thumbnailUrl":"https:\/\/dicodusport.fr\/blog\/wp-content\/uploads\/2021\/06\/NBA-Fin-de-saison-pour-Evan-Fournier-et-les-Celtics.png","datePublished":"2021-06-02T10:55:40+00:00","dateModified":"2021-06-03T07:50:27+00:00","description":"Apr\u00e8s une saison d\u00e9cevante, les Celtics doivent maintenant se pencher vers l'avenir. Quel futur pour eux ? Quid d'Evan Fournier ?","breadcrumb":{"@id":"https:\/\/dicodusport.fr\/blog\/nba-fin-de-saison-pour-evan-fournier-et-les-celtics\/#breadcrumb"},"inLanguage":"fr-FR","potentialAction":[{"@type":"ReadAction","target":["https:\/\/dicodusport.fr\/blog\/nba-fin-de-saison-pour-evan-fournier-et-les-celtics\/"]}]},{"@type":"ImageObject","inLanguage":"fr-FR","@id":"https:\/\/dicodusport.fr\/blog\/nba-fin-de-saison-pour-evan-fournier-et-les-celtics\/#primaryimage","url":"https:\/\/dicodusport.fr\/blog\/wp-content\/uploads\/2021\/06\/NBA-Fin-de-saison-pour-Evan-Fournier-et-les-Celtics.png","contentUrl":"https:\/\/dicodusport.fr\/blog\/wp-content\/uploads\/2021\/06\/NBA-Fin-de-saison-pour-Evan-Fournier-et-les-Celtics.png","width":800,"height":445,"caption":"NBA : Fin de saison pour Evan Fournier et les Celtics"},{"@type":"BreadcrumbList","@id":"https:\/\/dicodusport.fr\/blog\/nba-fin-de-saison-pour-evan-fournier-et-les-celtics\/#breadcrumb","itemListElement":[{"@type":"ListItem","position":1,"name":"Accueil","item":"https:\/\/dicodusport.fr\/blog\/"},{"@type":"ListItem","position":2,"name":"NBA : Fin de saison pour Evan Fournier et les Celtics"}]},{"@type":"WebSite","@id":"https:\/\/dicodusport.fr\/blog\/#website","url":"https:\/\/dicodusport.fr\/blog\/","name":"Dicodusport","description":"L&#039;encyclop\u00e9die de l&#039;actualit\u00e9 sportive","publisher":{"@id":"https:\/\/dicodusport.fr\/blog\/#organization"},"potentialAction":[{"@type":"SearchAction","target":{"@type":"EntryPoint","urlTemplate":"https:\/\/dicodusport.fr\/blog\/?s={search_term_string}"},"query-input":{"@type":"PropertyValueSpecification","valueRequired":true,"valueName":"search_term_string"}}],"inLanguage":"fr-FR"},{"@type":"NewsMediaOrganization","@id":"https:\/\/dicodusport.fr\/blog\/#organization","name":"Dicodusport","url":"https:\/\/dicodusport.fr\/blog\/","logo":{"@type":"ImageObject","inLanguage":"fr-FR","@id":"https:\/\/dicodusport.fr\/blog\/#\/schema\/logo\/image\/","url":"https:\/\/dicodusport.fr\/blog\/wp-content\/uploads\/2020\/06\/cropped-LOGO-DICODUSPORT-2020-SANS-FOND-SANS-TEXTE.png","contentUrl":"https:\/\/dicodusport.fr\/blog\/wp-content\/uploads\/2020\/06\/cropped-LOGO-DICODUSPORT-2020-SANS-FOND-SANS-TEXTE.png","width":512,"height":512,"caption":"Dicodusport"},"image":{"@id":"https:\/\/dicodusport.fr\/blog\/#\/schema\/logo\/image\/"},"sameAs":["https:\/\/www.facebook.com\/dicodusport","https:\/\/x.com\/dicodusport","https:\/\/www.instagram.com\/dicodusport\/","https:\/\/www.youtube.com\/channel\/UC7V2KZ5sd3htJivAbA4ZG3w"],"description":"Dicodusport est l'encyclop\u00e9die de l'actualit\u00e9 sportive.","email":"bonjour@dicodusport.fr","legalName":"DICODUSPORT","foundingDate":"2018-01-14","vatID":"FR71834470973","taxID":"83447097300043","numberOfEmployees":{"@type":"QuantitativeValue","minValue":"1","maxValue":"10"}},{"@type":"Person","@id":"https:\/\/dicodusport.fr\/blog\/#\/schema\/person\/bf1e4f404e108bd2be5b447b16bde9a7","name":"Tom Compayrot","image":{"@type":"ImageObject","inLanguage":"fr-FR","@id":"https:\/\/dicodusport.fr\/blog\/#\/schema\/person\/image\/","url":"https:\/\/dicodusport.fr\/blog\/wp-content\/uploads\/2021\/05\/Tom-Compayrot-150x150.jpg","contentUrl":"https:\/\/dicodusport.fr\/blog\/wp-content\/uploads\/2021\/05\/Tom-Compayrot-150x150.jpg","caption":"Tom Compayrot"},"description":"Journaliste\/r\u00e9dacteur depuis mars 2017 - Amoureux de la petite balle jaune et du gros ballon orange qui tra\u00eene sa carcasse sur Dicodusport depuis 2017. Rafael Nadal et LeBron James sont les meilleurs joueurs de l'histoire.","sameAs":["https:\/\/x.com\/https:\/\/twitter.com\/Tom_Cprt"],"url":"https:\/\/dicodusport.fr\/blog\/author\/tom\/"}]}},"_links":{"self":[{"href":"https:\/\/dicodusport.fr\/blog\/wp-json\/wp\/v2\/posts\/134911","targetHints":{"allow":["GET"]}}],"collection":[{"href":"https:\/\/dicodusport.fr\/blog\/wp-json\/wp\/v2\/posts"}],"about":[{"href":"https:\/\/dicodusport.fr\/blog\/wp-json\/wp\/v2\/types\/post"}],"author":[{"embeddable":true,"href":"https:\/\/dicodusport.fr\/blog\/wp-json\/wp\/v2\/users\/13"}],"replies":[{"embeddable":true,"href":"https:\/\/dicodusport.fr\/blog\/wp-json\/wp\/v2\/comments?post=134911"}],"version-history":[{"count":0,"href":"https:\/\/dicodusport.fr\/blog\/wp-json\/wp\/v2\/posts\/134911\/revisions"}],"wp:featuredmedia":[{"embeddable":true,"href":"https:\/\/dicodusport.fr\/blog\/wp-json\/wp\/v2\/media\/134943"}],"wp:attachment":[{"href":"https:\/\/dicodusport.fr\/blog\/wp-json\/wp\/v2\/media?parent=134911"}],"wp:term":[{"taxonomy":"category","embeddable":true,"href":"https:\/\/dicodusport.fr\/blog\/wp-json\/wp\/v2\/categories?post=134911"},{"taxonomy":"post_tag","embeddable":true,"href":"https:\/\/dicodusport.fr\/blog\/wp-json\/wp\/v2\/tags?post=134911"}],"curies":[{"name":"wp","href":"https:\/\/api.w.org\/{rel}","templated":true}]}}