{"id":135101,"date":"2021-06-02T23:19:43","date_gmt":"2021-06-02T21:19:43","guid":{"rendered":"https:\/\/dicodusport.fr\/blog\/?p=135101&#038;preview=true&#038;preview_id=135101"},"modified":"2021-06-09T13:01:12","modified_gmt":"2021-06-09T11:01:12","slug":"france-pays-de-galles-notes-des-bleus","status":"publish","type":"post","link":"https:\/\/dicodusport.fr\/blog\/france-pays-de-galles-notes-des-bleus\/","title":{"rendered":"France &#8211; Pays de Galles : les notes des Bleus"},"content":{"rendered":"<p style=\"text-align: justify;\"><strong><em>MATCH DE PR\u00c9PARATION EURO 2020 &#8211; S\u00e9rieuse, <a href=\"https:\/\/dicodusport.fr\/blog\/match-amical-serieuse-et-appliquee-la-france-dispose-facilement-du-pays-de-galles\/\">l&rsquo;\u00e9quipe de France a domin\u00e9 le Pays de Galles (3-0)<\/a> \u00e0 Nice. Les notes des Bleus.<\/em><\/strong><\/p>\n<h2 style=\"text-align: justify;\">Les notes des Bleus face au Pays de Galles<\/h2>\n<h3 style=\"text-align: justify;\">Les notes du gardien et des d\u00e9fenseurs<\/h3>\n<p style=\"text-align: justify;\"><strong>Hugo Lloris (6) :<\/strong> Pour sa 100\u00e8me cape en tant que capitaine, il a \u00e9t\u00e9 solide en d\u00e9but de match et a r\u00e9pondu pr\u00e9sent sur le peu de choses qu\u2019il a eu \u00e0 faire par la suite. Un arr\u00eat d\u00e9terminant (65&prime;). Solide.<\/p>\n<p style=\"text-align: justify;\"><strong>Lucas Hernandez (6) :<\/strong> Il a contenu Gareth Bale et s&rsquo;est propos\u00e9 offensivement. Remplac\u00e9 par Lucas Digne (45&prime;).<\/p>\n<p style=\"text-align: justify;\"><strong>Lucas Digne (6) :<\/strong> Entr\u00e9 \u00e0 la mi-temps, il s&rsquo;est plus illustr\u00e9 offensivement, comme en atteste sa frappe contr\u00e9e (62&prime;), que d\u00e9fensivement. Mais il a bien r\u00e9ussi le peu qu\u2019il a entrepris.<\/p>\n<p style=\"text-align: justify;\"><strong>Presnel Kimpembe (5)\u00a0:<\/strong> Costaud mais parfois en manque d\u2019attention face \u00e0 la vivacit\u00e9 des Gallois.<\/p>\n<p style=\"text-align: justify;\"><strong>Rapha\u00ebl Varane (6)\u00a0:<\/strong> Solide comme \u00e0 son habitude, le boss c\u2019est lui.<\/p>\n<p style=\"text-align: justify;\"><strong>Benjamin Pavard (4)\u00a0:<\/strong> Il a \u00e9t\u00e9 limit\u00e9 tant offensivement que d\u00e9fensivement ce soir, souvent pris dans son couloir. En difficult\u00e9, il a \u00e9t\u00e9 remplac\u00e9 \u00e0 la mi-temps par Jules Kound\u00e9.<\/p>\n<p style=\"text-align: justify;\"><strong>Jules Kound\u00e9 (6) :<\/strong> Une bonne premi\u00e8re en bleu, solide, juste et sans prise de risque. Pr\u00e9sent offensivement face au bloc gallois. Propre et sobre.<\/p>\n<p style=\"text-align: center;\"><a href=\"http:\/\/dicodusport.fr\/blog\/france-pays-de-galles-notes-des-bleus\/2\/#notesmilieuxetattaquants\" class=\"su-button su-button-style-flat\" style=\"color:#FFFFFF;background-color:#005f9b;border-color:#004c7c;border-radius:4px\" target=\"_self\"><span style=\"color:#FFFFFF;padding:0px 26px;font-size:20px;line-height:40px;border-color:#4d8fb9;border-radius:4px;text-shadow:none\"> Les notes des milieux et des attaquants<\/span><\/a>\n<p><!--nextpage--><a id=\"notesmilieuxetattaquants\"><\/a><strong><em>MATCH DE PR\u00c9PARATION EURO 2020 &#8211; S\u00e9rieuse, l&rsquo;\u00e9quipe de France a domin\u00e9 le Pays de Galles (3-0) \u00e0 Nice. Les notes des Bleus.<\/em><\/strong><\/p>\n<h3 style=\"text-align: justify;\">Les notes des milieux et des attaquants<\/h3>\n<p style=\"text-align: justify;\"><strong>Corentin Tolisso (7) :<\/strong> Un miracle qu\u2019il soit dans cette liste, mais il a montr\u00e9 qu\u2019il avait sa place. Solide et toujours juste dans les transmissions, efficace \u00e0 la r\u00e9cup\u00e9ration. Il c\u00e8de sa place \u00e0 Sissoko apr\u00e8s 65 minutes.<\/p>\n<p style=\"text-align: justify;\"><strong>Adrien Rabiot (6,5) :<\/strong> Bon et souvent juste au milieu. Il a r\u00e9cup\u00e9r\u00e9 de nombreux ballons, tout en \u00e9tant propre dans la circulation du cuir.<\/p>\n<p style=\"text-align: justify;\"><strong>Paul Pogba (6) :<\/strong> Il s\u2019est souvent projet\u00e9 vers l&rsquo;avant, au point d&rsquo;\u00eatre rappel\u00e9 \u00e0 l&rsquo;ordre par Didier Deschamps. Costaud\u00a0 \u00e0 la r\u00e9cup\u00e9ration, il a baiss\u00e9 un peu de rythme apr\u00e8s la pause. Solide comme d\u2019hab. Coman prend sa place \u00e0 la 65\u00e8me.<\/p>\n<p style=\"text-align: justify;\"><strong>Antoine Griezmann (7,5) :<\/strong> Une patate dans la lucarne (48&prime;), beaucoup de pr\u00e9sence, tant offensivement que d\u00e9fensivement, un vrai m\u00e9tronome. Il a laiss\u00e9 sa place \u00e0 Ben Yedder en fin de match.<\/p>\n<p style=\"text-align: justify;\"><strong>Kylian Mbapp\u00e9 (7) : <\/strong>Un but, une remise en talonnade sur le but de Griezmann. Total r\u00e9gal ce soir. Remplac\u00e9 par son pote Ousmane Demb\u00e9l\u00e9, encore buteur.<\/p>\n<p style=\"text-align: justify;\"><strong>Karim Benzema (7) :<\/strong> La Marseillaise sur le bout des l\u00e8vres, un p\u00e9no rat\u00e9 et un poteau. Tr\u00e8s en vue et d\u00e9j\u00e0 ultra pr\u00e9cieux dans le jeu, il a apport\u00e9 de la fluidit\u00e9 pr\u00e8s du but gallois. Une perf&rsquo; qui laisse esp\u00e9rer de belles choses pour son retour, 5 ans et demi apr\u00e8s.<\/p>\n<p style=\"text-align: center;\"><a href=\"http:\/\/dicodusport.fr\/blog\/france-pays-de-galles-notes-des-bleus\/\" class=\"su-button su-button-style-flat\" style=\"color:#FFFFFF;background-color:#005f9b;border-color:#004c7c;border-radius:4px\" target=\"_self\"><span style=\"color:#FFFFFF;padding:0px 26px;font-size:20px;line-height:40px;border-color:#4d8fb9;border-radius:4px;text-shadow:none\"> Revenir aux notes du gardien et des d\u00e9fenseurs<\/span><\/a>\n<p>&nbsp;<\/p>\n","protected":false},"excerpt":{"rendered":"<p>MATCH DE PR\u00c9PARATION EURO 2020 &#8211; S\u00e9rieuse, l&rsquo;\u00e9quipe de France a domin\u00e9 le Pays de Galles (3-0) \u00e0 Nice. Les notes des Bleus.<\/p>\n","protected":false},"author":51,"featured_media":135116,"comment_status":"open","ping_status":"closed","sticky":false,"template":"","format":"standard","meta":{"_acf_changed":false,"_daextam_enable_autolinks":"","footnotes":""},"categories":[47044],"tags":[6966,30,24],"class_list":["post-135101","post","type-post","status-publish","format-standard","has-post-thumbnail","hentry","category-euro-de-football","tag-equipe-de-france-de-football","tag-france","tag-sport"],"acf":[],"yoast_head":"<!-- This site is optimized with the Yoast SEO Premium plugin v26.7 (Yoast SEO v26.7) - https:\/\/yoast.com\/wordpress\/plugins\/seo\/ -->\n<title>France - Pays de Galles : les notes des Bleus<\/title>\n<meta name=\"description\" content=\"NOTES FRANCE - PAYS DE GALLES - S\u00e9rieuse, l&#039;\u00e9quipe de France a domin\u00e9 le Pays de Galles (3-0) \u00e0 Nice. Les notes des Bleus.\" \/>\n<meta name=\"robots\" content=\"index, follow, max-snippet:-1, max-image-preview:large, max-video-preview:-1\" \/>\n<link rel=\"canonical\" href=\"https:\/\/dicodusport.fr\/blog\/france-pays-de-galles-notes-des-bleus\/\" \/>\n<link rel=\"next\" href=\"https:\/\/dicodusport.fr\/blog\/france-pays-de-galles-notes-des-bleus\/2\/\" \/>\n<meta property=\"og:locale\" content=\"fr_FR\" \/>\n<meta property=\"og:type\" content=\"article\" \/>\n<meta property=\"og:title\" content=\"France - Pays de Galles : les notes des Bleus\" \/>\n<meta property=\"og:description\" content=\"NOTES FRANCE - PAYS DE GALLES - S\u00e9rieuse, l&#039;\u00e9quipe de France a domin\u00e9 le Pays de Galles (3-0) \u00e0 Nice. Les notes des Bleus.\" \/>\n<meta property=\"og:url\" content=\"https:\/\/dicodusport.fr\/blog\/france-pays-de-galles-notes-des-bleus\/\" \/>\n<meta property=\"og:site_name\" content=\"Dicodusport\" \/>\n<meta property=\"article:publisher\" content=\"https:\/\/www.facebook.com\/dicodusport\" \/>\n<meta property=\"article:published_time\" content=\"2021-06-02T21:19:43+00:00\" \/>\n<meta property=\"article:modified_time\" content=\"2021-06-09T11:01:12+00:00\" \/>\n<meta property=\"og:image\" content=\"https:\/\/dicodusport.fr\/blog\/wp-content\/uploads\/2021\/06\/France-Pays-de-Galles-Les-notes-des-Bleus.png\" \/>\n\t<meta property=\"og:image:width\" content=\"800\" \/>\n\t<meta property=\"og:image:height\" content=\"445\" \/>\n\t<meta property=\"og:image:type\" content=\"image\/png\" \/>\n<meta name=\"author\" content=\"Antonin Gizolme\" \/>\n<meta name=\"twitter:card\" content=\"summary_large_image\" \/>\n<meta name=\"twitter:title\" content=\"France - Pays de Galles : les notes des Bleus\" \/>\n<meta name=\"twitter:creator\" content=\"@https:\/\/twitter.com\/AntoninGizolme\" \/>\n<meta name=\"twitter:site\" content=\"@dicodusport\" \/>\n<script type=\"application\/ld+json\" class=\"yoast-schema-graph\">{\"@context\":\"https:\/\/schema.org\",\"@graph\":[{\"@type\":\"NewsArticle\",\"@id\":\"https:\/\/dicodusport.fr\/blog\/france-pays-de-galles-notes-des-bleus\/#article\",\"isPartOf\":{\"@id\":\"https:\/\/dicodusport.fr\/blog\/france-pays-de-galles-notes-des-bleus\/\"},\"author\":{\"name\":\"Antonin Gizolme\",\"@id\":\"https:\/\/dicodusport.fr\/blog\/#\/schema\/person\/b5f72959ae80a547dcc15f019adf6e0c\"},\"headline\":\"France &#8211; Pays de Galles : les notes des Bleus\",\"datePublished\":\"2021-06-02T21:19:43+00:00\",\"dateModified\":\"2021-06-09T11:01:12+00:00\",\"mainEntityOfPage\":{\"@id\":\"https:\/\/dicodusport.fr\/blog\/france-pays-de-galles-notes-des-bleus\/\"},\"wordCount\":533,\"commentCount\":0,\"publisher\":{\"@id\":\"https:\/\/dicodusport.fr\/blog\/#organization\"},\"image\":{\"@id\":\"https:\/\/dicodusport.fr\/blog\/france-pays-de-galles-notes-des-bleus\/#primaryimage\"},\"thumbnailUrl\":\"https:\/\/dicodusport.fr\/blog\/wp-content\/uploads\/2021\/06\/France-Pays-de-Galles-Les-notes-des-Bleus.png\",\"keywords\":[\"Equipe de France de football\",\"France\",\"sport\"],\"articleSection\":[\"Euro de football\"],\"inLanguage\":\"fr-FR\",\"potentialAction\":[{\"@type\":\"CommentAction\",\"name\":\"Comment\",\"target\":[\"https:\/\/dicodusport.fr\/blog\/france-pays-de-galles-notes-des-bleus\/#respond\"]}],\"copyrightYear\":\"2021\",\"copyrightHolder\":{\"@id\":\"https:\/\/dicodusport.fr\/blog\/#organization\"}},{\"@type\":\"WebPage\",\"@id\":\"https:\/\/dicodusport.fr\/blog\/france-pays-de-galles-notes-des-bleus\/\",\"url\":\"https:\/\/dicodusport.fr\/blog\/france-pays-de-galles-notes-des-bleus\/\",\"name\":\"France - Pays de Galles : les notes des Bleus\",\"isPartOf\":{\"@id\":\"https:\/\/dicodusport.fr\/blog\/#website\"},\"primaryImageOfPage\":{\"@id\":\"https:\/\/dicodusport.fr\/blog\/france-pays-de-galles-notes-des-bleus\/#primaryimage\"},\"image\":{\"@id\":\"https:\/\/dicodusport.fr\/blog\/france-pays-de-galles-notes-des-bleus\/#primaryimage\"},\"thumbnailUrl\":\"https:\/\/dicodusport.fr\/blog\/wp-content\/uploads\/2021\/06\/France-Pays-de-Galles-Les-notes-des-Bleus.png\",\"datePublished\":\"2021-06-02T21:19:43+00:00\",\"dateModified\":\"2021-06-09T11:01:12+00:00\",\"description\":\"NOTES FRANCE - PAYS DE GALLES - S\u00e9rieuse, l'\u00e9quipe de France a domin\u00e9 le Pays de Galles (3-0) \u00e0 Nice. Les notes des Bleus.\",\"inLanguage\":\"fr-FR\",\"potentialAction\":[{\"@type\":\"ReadAction\",\"target\":[\"https:\/\/dicodusport.fr\/blog\/france-pays-de-galles-notes-des-bleus\/\"]}]},{\"@type\":\"ImageObject\",\"inLanguage\":\"fr-FR\",\"@id\":\"https:\/\/dicodusport.fr\/blog\/france-pays-de-galles-notes-des-bleus\/#primaryimage\",\"url\":\"https:\/\/dicodusport.fr\/blog\/wp-content\/uploads\/2021\/06\/France-Pays-de-Galles-Les-notes-des-Bleus.png\",\"contentUrl\":\"https:\/\/dicodusport.fr\/blog\/wp-content\/uploads\/2021\/06\/France-Pays-de-Galles-Les-notes-des-Bleus.png\",\"width\":800,\"height\":445,\"caption\":\"Les Bleus favoris - Photo Icon Sport\"},{\"@type\":\"WebSite\",\"@id\":\"https:\/\/dicodusport.fr\/blog\/#website\",\"url\":\"https:\/\/dicodusport.fr\/blog\/\",\"name\":\"Dicodusport\",\"description\":\"L&#039;encyclop\u00e9die de l&#039;actualit\u00e9 sportive\",\"publisher\":{\"@id\":\"https:\/\/dicodusport.fr\/blog\/#organization\"},\"potentialAction\":[{\"@type\":\"SearchAction\",\"target\":{\"@type\":\"EntryPoint\",\"urlTemplate\":\"https:\/\/dicodusport.fr\/blog\/?s={search_term_string}\"},\"query-input\":{\"@type\":\"PropertyValueSpecification\",\"valueRequired\":true,\"valueName\":\"search_term_string\"}}],\"inLanguage\":\"fr-FR\"},{\"@type\":\"NewsMediaOrganization\",\"@id\":\"https:\/\/dicodusport.fr\/blog\/#organization\",\"name\":\"Dicodusport\",\"url\":\"https:\/\/dicodusport.fr\/blog\/\",\"logo\":{\"@type\":\"ImageObject\",\"inLanguage\":\"fr-FR\",\"@id\":\"https:\/\/dicodusport.fr\/blog\/#\/schema\/logo\/image\/\",\"url\":\"https:\/\/dicodusport.fr\/blog\/wp-content\/uploads\/2020\/06\/cropped-LOGO-DICODUSPORT-2020-SANS-FOND-SANS-TEXTE.png\",\"contentUrl\":\"https:\/\/dicodusport.fr\/blog\/wp-content\/uploads\/2020\/06\/cropped-LOGO-DICODUSPORT-2020-SANS-FOND-SANS-TEXTE.png\",\"width\":512,\"height\":512,\"caption\":\"Dicodusport\"},\"image\":{\"@id\":\"https:\/\/dicodusport.fr\/blog\/#\/schema\/logo\/image\/\"},\"sameAs\":[\"https:\/\/www.facebook.com\/dicodusport\",\"https:\/\/x.com\/dicodusport\",\"https:\/\/www.instagram.com\/dicodusport\/\",\"https:\/\/www.youtube.com\/channel\/UC7V2KZ5sd3htJivAbA4ZG3w\"],\"description\":\"Dicodusport est l'encyclop\u00e9die de l'actualit\u00e9 sportive.\",\"email\":\"bonjour@dicodusport.fr\",\"legalName\":\"DICODUSPORT\",\"foundingDate\":\"2018-01-14\",\"vatID\":\"FR71834470973\",\"taxID\":\"83447097300043\",\"numberOfEmployees\":{\"@type\":\"QuantitativeValue\",\"minValue\":\"1\",\"maxValue\":\"10\"}},{\"@type\":\"Person\",\"@id\":\"https:\/\/dicodusport.fr\/blog\/#\/schema\/person\/b5f72959ae80a547dcc15f019adf6e0c\",\"name\":\"Antonin Gizolme\",\"image\":{\"@type\":\"ImageObject\",\"inLanguage\":\"fr-FR\",\"@id\":\"https:\/\/dicodusport.fr\/blog\/#\/schema\/person\/image\/\",\"url\":\"https:\/\/dicodusport.fr\/blog\/wp-content\/uploads\/2021\/04\/Maillot-Anto-Dicodusport-150x150.png\",\"contentUrl\":\"https:\/\/dicodusport.fr\/blog\/wp-content\/uploads\/2021\/04\/Maillot-Anto-Dicodusport-150x150.png\",\"caption\":\"Antonin Gizolme\"},\"description\":\"Journaliste\/R\u00e9dacteur depuis mars 2021 - N\u00e9 un soir de Ligue des Champions, c\u2019est tout naturellement que je suis un passionn\u00e9 de football depuis ma plus tendre enfance. Durant des ann\u00e9es, j\u2019ai \u00e9t\u00e9 berc\u00e9 par la douce m\u00e9lodie de la Ligue des Champions, subjugu\u00e9 par les coups-francs de Juninho et admiratif devant les coups de reins de Karim Benzema. Malheureusement pour moi, mes genoux en carton m\u2019ont emp\u00each\u00e9 de suivre les traces de mes idoles pour \u00e9crire l\u2019Histoire. Alors, c\u2019est ici que je vais me charger de vous la raconter.\",\"sameAs\":[\"https:\/\/x.com\/https:\/\/twitter.com\/AntoninGizolme\"],\"url\":\"https:\/\/dicodusport.fr\/blog\/author\/antoning\/\"}]}<\/script>\n<!-- \/ Yoast SEO Premium plugin. -->","yoast_head_json":{"title":"France - Pays de Galles : les notes des Bleus","description":"NOTES FRANCE - PAYS DE GALLES - S\u00e9rieuse, l'\u00e9quipe de France a domin\u00e9 le Pays de Galles (3-0) \u00e0 Nice. Les notes des Bleus.","robots":{"index":"index","follow":"follow","max-snippet":"max-snippet:-1","max-image-preview":"max-image-preview:large","max-video-preview":"max-video-preview:-1"},"canonical":"https:\/\/dicodusport.fr\/blog\/france-pays-de-galles-notes-des-bleus\/","next":"https:\/\/dicodusport.fr\/blog\/france-pays-de-galles-notes-des-bleus\/2\/","og_locale":"fr_FR","og_type":"article","og_title":"France - Pays de Galles : les notes des Bleus","og_description":"NOTES FRANCE - PAYS DE GALLES - S\u00e9rieuse, l'\u00e9quipe de France a domin\u00e9 le Pays de Galles (3-0) \u00e0 Nice. Les notes des Bleus.","og_url":"https:\/\/dicodusport.fr\/blog\/france-pays-de-galles-notes-des-bleus\/","og_site_name":"Dicodusport","article_publisher":"https:\/\/www.facebook.com\/dicodusport","article_published_time":"2021-06-02T21:19:43+00:00","article_modified_time":"2021-06-09T11:01:12+00:00","og_image":[{"width":800,"height":445,"url":"https:\/\/dicodusport.fr\/blog\/wp-content\/uploads\/2021\/06\/France-Pays-de-Galles-Les-notes-des-Bleus.png","type":"image\/png"}],"author":"Antonin Gizolme","twitter_card":"summary_large_image","twitter_title":"France - Pays de Galles : les notes des Bleus","twitter_creator":"@https:\/\/twitter.com\/AntoninGizolme","twitter_site":"@dicodusport","schema":{"@context":"https:\/\/schema.org","@graph":[{"@type":"NewsArticle","@id":"https:\/\/dicodusport.fr\/blog\/france-pays-de-galles-notes-des-bleus\/#article","isPartOf":{"@id":"https:\/\/dicodusport.fr\/blog\/france-pays-de-galles-notes-des-bleus\/"},"author":{"name":"Antonin Gizolme","@id":"https:\/\/dicodusport.fr\/blog\/#\/schema\/person\/b5f72959ae80a547dcc15f019adf6e0c"},"headline":"France &#8211; Pays de Galles : les notes des Bleus","datePublished":"2021-06-02T21:19:43+00:00","dateModified":"2021-06-09T11:01:12+00:00","mainEntityOfPage":{"@id":"https:\/\/dicodusport.fr\/blog\/france-pays-de-galles-notes-des-bleus\/"},"wordCount":533,"commentCount":0,"publisher":{"@id":"https:\/\/dicodusport.fr\/blog\/#organization"},"image":{"@id":"https:\/\/dicodusport.fr\/blog\/france-pays-de-galles-notes-des-bleus\/#primaryimage"},"thumbnailUrl":"https:\/\/dicodusport.fr\/blog\/wp-content\/uploads\/2021\/06\/France-Pays-de-Galles-Les-notes-des-Bleus.png","keywords":["Equipe de France de football","France","sport"],"articleSection":["Euro de football"],"inLanguage":"fr-FR","potentialAction":[{"@type":"CommentAction","name":"Comment","target":["https:\/\/dicodusport.fr\/blog\/france-pays-de-galles-notes-des-bleus\/#respond"]}],"copyrightYear":"2021","copyrightHolder":{"@id":"https:\/\/dicodusport.fr\/blog\/#organization"}},{"@type":"WebPage","@id":"https:\/\/dicodusport.fr\/blog\/france-pays-de-galles-notes-des-bleus\/","url":"https:\/\/dicodusport.fr\/blog\/france-pays-de-galles-notes-des-bleus\/","name":"France - Pays de Galles : les notes des Bleus","isPartOf":{"@id":"https:\/\/dicodusport.fr\/blog\/#website"},"primaryImageOfPage":{"@id":"https:\/\/dicodusport.fr\/blog\/france-pays-de-galles-notes-des-bleus\/#primaryimage"},"image":{"@id":"https:\/\/dicodusport.fr\/blog\/france-pays-de-galles-notes-des-bleus\/#primaryimage"},"thumbnailUrl":"https:\/\/dicodusport.fr\/blog\/wp-content\/uploads\/2021\/06\/France-Pays-de-Galles-Les-notes-des-Bleus.png","datePublished":"2021-06-02T21:19:43+00:00","dateModified":"2021-06-09T11:01:12+00:00","description":"NOTES FRANCE - PAYS DE GALLES - S\u00e9rieuse, l'\u00e9quipe de France a domin\u00e9 le Pays de Galles (3-0) \u00e0 Nice. Les notes des Bleus.","inLanguage":"fr-FR","potentialAction":[{"@type":"ReadAction","target":["https:\/\/dicodusport.fr\/blog\/france-pays-de-galles-notes-des-bleus\/"]}]},{"@type":"ImageObject","inLanguage":"fr-FR","@id":"https:\/\/dicodusport.fr\/blog\/france-pays-de-galles-notes-des-bleus\/#primaryimage","url":"https:\/\/dicodusport.fr\/blog\/wp-content\/uploads\/2021\/06\/France-Pays-de-Galles-Les-notes-des-Bleus.png","contentUrl":"https:\/\/dicodusport.fr\/blog\/wp-content\/uploads\/2021\/06\/France-Pays-de-Galles-Les-notes-des-Bleus.png","width":800,"height":445,"caption":"Les Bleus favoris - Photo Icon Sport"},{"@type":"WebSite","@id":"https:\/\/dicodusport.fr\/blog\/#website","url":"https:\/\/dicodusport.fr\/blog\/","name":"Dicodusport","description":"L&#039;encyclop\u00e9die de l&#039;actualit\u00e9 sportive","publisher":{"@id":"https:\/\/dicodusport.fr\/blog\/#organization"},"potentialAction":[{"@type":"SearchAction","target":{"@type":"EntryPoint","urlTemplate":"https:\/\/dicodusport.fr\/blog\/?s={search_term_string}"},"query-input":{"@type":"PropertyValueSpecification","valueRequired":true,"valueName":"search_term_string"}}],"inLanguage":"fr-FR"},{"@type":"NewsMediaOrganization","@id":"https:\/\/dicodusport.fr\/blog\/#organization","name":"Dicodusport","url":"https:\/\/dicodusport.fr\/blog\/","logo":{"@type":"ImageObject","inLanguage":"fr-FR","@id":"https:\/\/dicodusport.fr\/blog\/#\/schema\/logo\/image\/","url":"https:\/\/dicodusport.fr\/blog\/wp-content\/uploads\/2020\/06\/cropped-LOGO-DICODUSPORT-2020-SANS-FOND-SANS-TEXTE.png","contentUrl":"https:\/\/dicodusport.fr\/blog\/wp-content\/uploads\/2020\/06\/cropped-LOGO-DICODUSPORT-2020-SANS-FOND-SANS-TEXTE.png","width":512,"height":512,"caption":"Dicodusport"},"image":{"@id":"https:\/\/dicodusport.fr\/blog\/#\/schema\/logo\/image\/"},"sameAs":["https:\/\/www.facebook.com\/dicodusport","https:\/\/x.com\/dicodusport","https:\/\/www.instagram.com\/dicodusport\/","https:\/\/www.youtube.com\/channel\/UC7V2KZ5sd3htJivAbA4ZG3w"],"description":"Dicodusport est l'encyclop\u00e9die de l'actualit\u00e9 sportive.","email":"bonjour@dicodusport.fr","legalName":"DICODUSPORT","foundingDate":"2018-01-14","vatID":"FR71834470973","taxID":"83447097300043","numberOfEmployees":{"@type":"QuantitativeValue","minValue":"1","maxValue":"10"}},{"@type":"Person","@id":"https:\/\/dicodusport.fr\/blog\/#\/schema\/person\/b5f72959ae80a547dcc15f019adf6e0c","name":"Antonin Gizolme","image":{"@type":"ImageObject","inLanguage":"fr-FR","@id":"https:\/\/dicodusport.fr\/blog\/#\/schema\/person\/image\/","url":"https:\/\/dicodusport.fr\/blog\/wp-content\/uploads\/2021\/04\/Maillot-Anto-Dicodusport-150x150.png","contentUrl":"https:\/\/dicodusport.fr\/blog\/wp-content\/uploads\/2021\/04\/Maillot-Anto-Dicodusport-150x150.png","caption":"Antonin Gizolme"},"description":"Journaliste\/R\u00e9dacteur depuis mars 2021 - N\u00e9 un soir de Ligue des Champions, c\u2019est tout naturellement que je suis un passionn\u00e9 de football depuis ma plus tendre enfance. Durant des ann\u00e9es, j\u2019ai \u00e9t\u00e9 berc\u00e9 par la douce m\u00e9lodie de la Ligue des Champions, subjugu\u00e9 par les coups-francs de Juninho et admiratif devant les coups de reins de Karim Benzema. Malheureusement pour moi, mes genoux en carton m\u2019ont emp\u00each\u00e9 de suivre les traces de mes idoles pour \u00e9crire l\u2019Histoire. Alors, c\u2019est ici que je vais me charger de vous la raconter.","sameAs":["https:\/\/x.com\/https:\/\/twitter.com\/AntoninGizolme"],"url":"https:\/\/dicodusport.fr\/blog\/author\/antoning\/"}]}},"_links":{"self":[{"href":"https:\/\/dicodusport.fr\/blog\/wp-json\/wp\/v2\/posts\/135101","targetHints":{"allow":["GET"]}}],"collection":[{"href":"https:\/\/dicodusport.fr\/blog\/wp-json\/wp\/v2\/posts"}],"about":[{"href":"https:\/\/dicodusport.fr\/blog\/wp-json\/wp\/v2\/types\/post"}],"author":[{"embeddable":true,"href":"https:\/\/dicodusport.fr\/blog\/wp-json\/wp\/v2\/users\/51"}],"replies":[{"embeddable":true,"href":"https:\/\/dicodusport.fr\/blog\/wp-json\/wp\/v2\/comments?post=135101"}],"version-history":[{"count":0,"href":"https:\/\/dicodusport.fr\/blog\/wp-json\/wp\/v2\/posts\/135101\/revisions"}],"wp:featuredmedia":[{"embeddable":true,"href":"https:\/\/dicodusport.fr\/blog\/wp-json\/wp\/v2\/media\/135116"}],"wp:attachment":[{"href":"https:\/\/dicodusport.fr\/blog\/wp-json\/wp\/v2\/media?parent=135101"}],"wp:term":[{"taxonomy":"category","embeddable":true,"href":"https:\/\/dicodusport.fr\/blog\/wp-json\/wp\/v2\/categories?post=135101"},{"taxonomy":"post_tag","embeddable":true,"href":"https:\/\/dicodusport.fr\/blog\/wp-json\/wp\/v2\/tags?post=135101"}],"curies":[{"name":"wp","href":"https:\/\/api.w.org\/{rel}","templated":true}]}}