{"id":135536,"date":"2021-06-04T21:22:24","date_gmt":"2021-06-04T19:22:24","guid":{"rendered":"https:\/\/dicodusport.fr\/blog\/?p=135536"},"modified":"2021-06-09T21:59:30","modified_gmt":"2021-06-09T19:59:30","slug":"euro-2020-espagne-prete-a-effacer-9-ans-de-disette","status":"publish","type":"post","link":"https:\/\/dicodusport.fr\/blog\/euro-2020-espagne-prete-a-effacer-9-ans-de-disette\/","title":{"rendered":"Euro 2020 : l&rsquo;Espagne pr\u00eate \u00e0 effacer 9 ans de disette ?"},"content":{"rendered":"<p style=\"text-align: justify;\"><em><strong><a href=\"https:\/\/dicodusport.fr\/blog\/actualites\/football\/euro-2020\/\">EURO 2020<\/a> \u2013 La r\u00e9daction de Dicodusport vous propose en pr\u00e9paration de l\u2019Euro 2020, une pr\u00e9sentation de chaque s\u00e9lection engag\u00e9e. Place \u00e0 l&rsquo;Espagne, \u00e9quipe qui n&rsquo;a plus atteint le stade des quarts de finale d&rsquo;une comp\u00e9tition internationale depuis l&rsquo;Euro 2012.\u00a0<\/strong><\/em><\/p>\n<h2>Une histoire de l&rsquo;Espagne<\/h2>\n<p style=\"text-align: justify;\">Cr\u00e9\u00e9e en 1913, la <span class=\"lang-es\" lang=\"es\"><strong>Real Federaci\u00f3n Espa\u00f1ola de F\u00fatbol<\/strong> est l&rsquo;union de deux f\u00e9d\u00e9rations concurrentes f\u00e9d\u00e9r\u00e9es afin de r\u00e9pondre aux exigences de la<strong> FIFA<\/strong>. C&rsquo;est en 1920, soit 7 ann\u00e9es plus tard, que l&rsquo;\u00e9quipe d&rsquo;Espagne a jou\u00e9 et remport\u00e9 son premier match face au <strong>Danemark<\/strong> lors des <strong>Jeux Olympiques d&rsquo;Anvers<\/strong> sur le score de 1-0. Cependant, l&rsquo;histoire de cette \u00e9quipe fut pendant longtemps perturb\u00e9e par les guerres civiles et internationales jusqu&rsquo;en 1945.<\/span><\/p>\n<p style=\"text-align: justify;\">Pendant de nombreuses ann\u00e9es, l&rsquo;<strong>Espagne<\/strong> a figur\u00e9 presque syst\u00e9matiquement dans les comp\u00e9titions internationales. Et c&rsquo;est au cours des ann\u00e9es 60 que l&rsquo;Espagne a connu la plus belle g\u00e9n\u00e9ration de son histoire dans le 20\u00e8me si\u00e8cle. Avec une g\u00e9n\u00e9ration dor\u00e9e \u00e0 l&rsquo;image du double Ballon d&rsquo;or <strong>Alfredo Di Stefano<\/strong>, de <strong>Luis Suarez<\/strong> Ballon d&rsquo;or 1960 ou encore de <strong>Francisco Gento<\/strong>, l&rsquo;Espagne pouvait nourrir de grands espoirs pour son futur. C&rsquo;est ainsi qu&rsquo;en 1964, l&rsquo;Espagne remporta sa premi\u00e8re Coupe d&rsquo;Europe, son seul titre international jusqu&rsquo;ici. Par la suite, l&rsquo;Espagne a connu une longue p\u00e9riode de disette apr\u00e8s les d\u00e9parts en retraite de Suarez et Gento, les deux artisans du titre de 1964.<\/p>\n<p style=\"text-align: justify;\">C&rsquo;est au cours des ann\u00e9es 2000 que l&rsquo;Espagne a commenc\u00e9 \u00e0 se rapprocher des premiers rangs europ\u00e9ens et mondiaux. En effet, avec des joueurs comme <strong>Iker Casillas<\/strong>, <strong>Xavi<\/strong>, <strong>Inesta<\/strong> ou encore <strong>Sergio Ramos<\/strong>, le futur s&rsquo;annon\u00e7ait de la meilleure des mani\u00e8res pour la Roja. \u00c9limin\u00e9e par l&rsquo;\u00e9quipe de France en demi-finales de la <strong>Coupe du monde 2006<\/strong>, la <strong>Roja<\/strong> avait cependant marqu\u00e9 cette comp\u00e9tition par sa jeune g\u00e9n\u00e9ration prometteuse et talentueuse. C&rsquo;est en 2008 que cette g\u00e9n\u00e9ration dor\u00e9e d\u00e9butait sa longue p\u00e9riode de domination internationale par sa victoire en Coupe d&rsquo;Europe. L&rsquo;Espagne domina ensuite la <strong>Coupe du monde 2010<\/strong> et l&rsquo;<strong>Euro 2012<\/strong>, comp\u00e9titions remport\u00e9es avec brio et sans conteste.<\/p>\n<h2>Le parcours de l&rsquo;Espagne en qualifications pour l&rsquo;Euro 2020<\/h2>\n<p style=\"text-align: justify;\">D\u00e9cevants depuis leur victoire \u00e0 l&rsquo;<strong>Euro 2012<\/strong>, les Espagnols d\u00e9butaient cette p\u00e9riode de qualification sur un \u00e9chec cuisant en <strong>Coupe du monde 2018<\/strong>. \u00c9limin\u00e9s aux tirs au but en huiti\u00e8mes de finale par la Russie, les Espagnols d\u00e9butaient leur campagne de qualifications avec un nouveau s\u00e9lectionneur en la personne de Luis Enrique. Dans un g<strong>roupe F<\/strong> compos\u00e9 de la <strong>Norv\u00e8ge<\/strong>, de la <strong>Su\u00e8de<\/strong>, de <strong>Malte<\/strong>, de la <strong>Roumanie<\/strong> et des <strong>\u00celes F\u00e9ro\u00e9<\/strong>, les Espagnols n&rsquo;ont pas v\u00e9ritablement \u00e9t\u00e9 inqui\u00e9t\u00e9s au cours de ces qualifications. Malgr\u00e9 deux match nuls conc\u00e9d\u00e9s face \u00e0 la Su\u00e8de et \u00e0 la Norv\u00e8ge, les Espagnols ont fait parler leur talent offensif avec une victoire 7-0 face \u00e0 Malte et un succ\u00e8s 5-0 face \u00e0 la Roumanie. Une premi\u00e8re place au classement, 5 points devant la Su\u00e8de, deuxi\u00e8me de ce groupe F.<\/p>\n<p style=\"text-align: justify;\">En <strong>Ligue des Nations<\/strong>, les Espagnols ont fait sensation dans un groupe compos\u00e9 de l&rsquo;<strong>Allemagne<\/strong>, de l&rsquo;<strong>Ukraine<\/strong> et de la <strong>Suisse<\/strong>. En effet, malgr\u00e9 un match nul conc\u00e9d\u00e9 face aux Allemands et une d\u00e9faite en Ukraine, c&rsquo;est lors du match retour face aux Allemands de <strong>Joachim L\u00f6w<\/strong> que les Espagnols ont marqu\u00e9 les esprits. Avec un tripl\u00e9 sign\u00e9 <strong>Ferran Torres<\/strong>, les Espagnols ont terrass\u00e9 les Allemands 6-0 et se sont qualifi\u00e9s pour le Final Four de la Ligue des Nations. Une performance r\u00e9f\u00e9rence pour la Roja qui lui servira certainement en pr\u00e9paration des grands matchs de cet Euro 2020.<\/p>\n<h2><strong>Les joueurs de la Roja \u00e0 suivre<\/strong><\/h2>\n<p style=\"text-align: justify;\">Apr\u00e8s la surprise de la non-s\u00e9lection de <strong>Sergio Ramos<\/strong> pour cet Euro, le Franco-Espagnol <strong>Aymeric Laporte<\/strong> fera ses grands d\u00e9buts avec l&rsquo;Espagne apr\u00e8s sa naturalisation en mai 2021. Il devrait, \u00e0 n&rsquo;en pas douter, faire partie du 11 type de la Roja pour cette comp\u00e9tition. La triplette <strong>Busquets<\/strong>, <strong>Koke<\/strong>, <strong>Pedri<\/strong> au milieu de terrain est certainement l&rsquo;une des meilleures du monde actuellement, sans oublier la pr\u00e9sence de <strong>Thiago Alcantara<\/strong>.<\/p>\n<p style=\"text-align: justify;\">Offensivement, les Espagnols auront de quoi inqui\u00e9ter les d\u00e9fenses adverses avec <strong>Alvaro Morata<\/strong> et <strong>Ferran Torres<\/strong> qui sont probablement les joueurs les plus adroits offensivement. Emmen\u00e9s par <strong>Luis Enrique<\/strong>, les Espagnols pourront compter sur une certaine homog\u00e9n\u00e9it\u00e9 et une vraie compl\u00e9mentarit\u00e9 qui feront de la Roja l&rsquo;une des \u00e9quipes favorites de cet Euro 2020.<\/p>\n<div id=\"attachment_135793\" style=\"width: 2570px\" class=\"wp-caption aligncenter\"><img loading=\"lazy\" decoding=\"async\" aria-describedby=\"caption-attachment-135793\" class=\"wp-image-135793 size-full\" src=\"https:\/\/dicodusport.fr\/blog\/wp-content\/uploads\/2021\/06\/Ferran-Torres-scaled.jpg\" alt=\"Ferran Torres\" width=\"2560\" height=\"1707\" srcset=\"https:\/\/dicodusport.fr\/blog\/wp-content\/uploads\/2021\/06\/Ferran-Torres-scaled.jpg 2560w, https:\/\/dicodusport.fr\/blog\/wp-content\/uploads\/2021\/06\/Ferran-Torres-300x200.jpg 300w, https:\/\/dicodusport.fr\/blog\/wp-content\/uploads\/2021\/06\/Ferran-Torres-1024x683.jpg 1024w, https:\/\/dicodusport.fr\/blog\/wp-content\/uploads\/2021\/06\/Ferran-Torres-768x512.jpg 768w, https:\/\/dicodusport.fr\/blog\/wp-content\/uploads\/2021\/06\/Ferran-Torres-1536x1024.jpg 1536w, https:\/\/dicodusport.fr\/blog\/wp-content\/uploads\/2021\/06\/Ferran-Torres-2048x1365.jpg 2048w\" sizes=\"auto, (max-width: 2560px) 100vw, 2560px\" \/><p id=\"caption-attachment-135793\" class=\"wp-caption-text\">Ferran Torres &#8211; Photo Icon Sport<\/p><\/div>\n<hr \/>\n<ul>\n<li style=\"text-align: justify;\"><strong><span style=\"font-size: 20px;\">\u00c0 lire aussi &#8211; <a href=\"https:\/\/dicodusport.fr\/blog\/euro-2020-liste-espagne\/\">La liste de l&rsquo;Espagne<\/a><\/span><\/strong><\/li>\n<\/ul>\n<hr \/>\n<h2>Le pronostic de la r\u00e9daction<\/h2>\n<p style=\"text-align: justify;\">Dans un <a href=\"https:\/\/dicodusport.fr\/blog\/euro-2020-groupe-e-calendrier-et-classement\/\">groupe E<\/a> compos\u00e9 de la<strong> Su\u00e8de<\/strong>, de la <strong>Pologne<\/strong> et de la <strong>Slovaquie<\/strong>, la Roja est incontestablement favorite de son groupe. Attention aux surprises, les Polonais et les Su\u00e9dois auront certainement les arguments pour poser des probl\u00e8mes aux hommes de Luis Enrique. En tout cas, la qualification semble \u00eatre largement dans les cordes des Espagnols. M\u00e9fiance, cette \u00e9quipe d&rsquo;Espagne semble pr\u00eate \u00e0 effacer 9 ans de disette sur le plan international. Il faudra tr\u00e8s certainement compter sur elle pour faire partie du dernier carr\u00e9 de cet Euro 2020.<\/p>\n<h2 style=\"text-align: justify;\">Le calendrier des Su\u00e9dois \u00e0 l\u2019Euro<\/h2>\n<p style=\"text-align: justify;\"><strong>Lundi 14 Juin (21h, TF1) :\u00a0<\/strong>Espagne \u2013 Su\u00e8de<br \/>\n<strong>Samedi 19 Juin (21h, beIN SPORTS 1) : <\/strong>Espagne &#8211; Pologne<br \/>\n<strong>Mercredi 23 Juin (18h, beIN SPORTS 1) :<\/strong> Slovaquie &#8211; Espagne<\/p>\n","protected":false},"excerpt":{"rendered":"<p>EURO 2020 \u2013 La r\u00e9daction de Dicodusport vous propose en pr\u00e9paration de l\u2019Euro 2020, une pr\u00e9sentation de chaque s\u00e9lection engag\u00e9e. Place \u00e0 l&rsquo;Espagne, \u00e9quipe qui n&rsquo;a plus atteint le stade des quarts de finale d&rsquo;une comp\u00e9tition internationale depuis l&rsquo;Euro 2012.\u00a0<\/p>\n","protected":false},"author":46,"featured_media":135791,"comment_status":"open","ping_status":"closed","sticky":false,"template":"","format":"standard","meta":{"_acf_changed":false,"_daextam_enable_autolinks":"","footnotes":""},"categories":[47044],"tags":[359,75],"class_list":["post-135536","post","type-post","status-publish","format-standard","has-post-thumbnail","hentry","category-euro-de-football","tag-espagne","tag-football"],"acf":[],"yoast_head":"<!-- This site is optimized with the Yoast SEO Premium plugin v26.7 (Yoast SEO v26.7) - https:\/\/yoast.com\/wordpress\/plugins\/seo\/ -->\n<title>Euro 2020 : l&#039;Espagne pr\u00eate \u00e0 effacer 9 ans de disette ?<\/title>\n<meta name=\"description\" content=\"La r\u00e9daction de Dicodusport vous propose une pr\u00e9sentation de chaque s\u00e9lection engag\u00e9e \u00e0 l&#039;Euro 2020. Place \u00e0 l&#039;Espagne, sans Sergio Ramos.\" \/>\n<meta name=\"robots\" content=\"index, follow, max-snippet:-1, max-image-preview:large, max-video-preview:-1\" \/>\n<link rel=\"canonical\" href=\"https:\/\/dicodusport.fr\/blog\/euro-2020-espagne-prete-a-effacer-9-ans-de-disette\/\" \/>\n<meta property=\"og:locale\" content=\"fr_FR\" \/>\n<meta property=\"og:type\" content=\"article\" \/>\n<meta property=\"og:title\" content=\"Euro 2020 : l&#039;Espagne pr\u00eate \u00e0 effacer 9 ans de disette ?\" \/>\n<meta property=\"og:description\" content=\"La r\u00e9daction de Dicodusport vous propose une pr\u00e9sentation de chaque s\u00e9lection engag\u00e9e \u00e0 l&#039;Euro 2020. Place \u00e0 l&#039;Espagne, sans Sergio Ramos.\" \/>\n<meta property=\"og:url\" content=\"https:\/\/dicodusport.fr\/blog\/euro-2020-espagne-prete-a-effacer-9-ans-de-disette\/\" \/>\n<meta property=\"og:site_name\" content=\"Dicodusport\" \/>\n<meta property=\"article:publisher\" content=\"https:\/\/www.facebook.com\/dicodusport\" \/>\n<meta property=\"article:published_time\" content=\"2021-06-04T19:22:24+00:00\" \/>\n<meta property=\"article:modified_time\" content=\"2021-06-09T19:59:30+00:00\" \/>\n<meta property=\"og:image\" content=\"https:\/\/dicodusport.fr\/blog\/wp-content\/uploads\/2021\/06\/Euro-2020-LEspagne-prete-a-effacer-9-ans-de-disette.png\" \/>\n\t<meta property=\"og:image:width\" content=\"800\" \/>\n\t<meta property=\"og:image:height\" content=\"445\" \/>\n\t<meta property=\"og:image:type\" content=\"image\/png\" \/>\n<meta name=\"author\" content=\"Tanguy Le Jeune\" \/>\n<meta name=\"twitter:card\" content=\"summary_large_image\" \/>\n<meta name=\"twitter:title\" content=\"Euro 2020 : l&#039;Espagne pr\u00eate \u00e0 effacer 9 ans de disette ?\" \/>\n<meta name=\"twitter:creator\" content=\"@https:\/\/twitter.com\/LeJeuneT_\" \/>\n<meta name=\"twitter:site\" content=\"@dicodusport\" \/>\n<script type=\"application\/ld+json\" class=\"yoast-schema-graph\">{\"@context\":\"https:\/\/schema.org\",\"@graph\":[{\"@type\":\"NewsArticle\",\"@id\":\"https:\/\/dicodusport.fr\/blog\/euro-2020-espagne-prete-a-effacer-9-ans-de-disette\/#article\",\"isPartOf\":{\"@id\":\"https:\/\/dicodusport.fr\/blog\/euro-2020-espagne-prete-a-effacer-9-ans-de-disette\/\"},\"author\":{\"name\":\"Tanguy Le Jeune\",\"@id\":\"https:\/\/dicodusport.fr\/blog\/#\/schema\/person\/37ea0f6075559930024fec7c0f79e8f2\"},\"headline\":\"Euro 2020 : l&rsquo;Espagne pr\u00eate \u00e0 effacer 9 ans de disette ?\",\"datePublished\":\"2021-06-04T19:22:24+00:00\",\"dateModified\":\"2021-06-09T19:59:30+00:00\",\"mainEntityOfPage\":{\"@id\":\"https:\/\/dicodusport.fr\/blog\/euro-2020-espagne-prete-a-effacer-9-ans-de-disette\/\"},\"wordCount\":965,\"commentCount\":0,\"publisher\":{\"@id\":\"https:\/\/dicodusport.fr\/blog\/#organization\"},\"image\":{\"@id\":\"https:\/\/dicodusport.fr\/blog\/euro-2020-espagne-prete-a-effacer-9-ans-de-disette\/#primaryimage\"},\"thumbnailUrl\":\"https:\/\/dicodusport.fr\/blog\/wp-content\/uploads\/2021\/06\/Euro-2020-LEspagne-prete-a-effacer-9-ans-de-disette.png\",\"keywords\":[\"Espagne\",\"Football\"],\"articleSection\":[\"Euro de football\"],\"inLanguage\":\"fr-FR\",\"potentialAction\":[{\"@type\":\"CommentAction\",\"name\":\"Comment\",\"target\":[\"https:\/\/dicodusport.fr\/blog\/euro-2020-espagne-prete-a-effacer-9-ans-de-disette\/#respond\"]}],\"copyrightYear\":\"2021\",\"copyrightHolder\":{\"@id\":\"https:\/\/dicodusport.fr\/blog\/#organization\"}},{\"@type\":\"WebPage\",\"@id\":\"https:\/\/dicodusport.fr\/blog\/euro-2020-espagne-prete-a-effacer-9-ans-de-disette\/\",\"url\":\"https:\/\/dicodusport.fr\/blog\/euro-2020-espagne-prete-a-effacer-9-ans-de-disette\/\",\"name\":\"Euro 2020 : l'Espagne pr\u00eate \u00e0 effacer 9 ans de disette ?\",\"isPartOf\":{\"@id\":\"https:\/\/dicodusport.fr\/blog\/#website\"},\"primaryImageOfPage\":{\"@id\":\"https:\/\/dicodusport.fr\/blog\/euro-2020-espagne-prete-a-effacer-9-ans-de-disette\/#primaryimage\"},\"image\":{\"@id\":\"https:\/\/dicodusport.fr\/blog\/euro-2020-espagne-prete-a-effacer-9-ans-de-disette\/#primaryimage\"},\"thumbnailUrl\":\"https:\/\/dicodusport.fr\/blog\/wp-content\/uploads\/2021\/06\/Euro-2020-LEspagne-prete-a-effacer-9-ans-de-disette.png\",\"datePublished\":\"2021-06-04T19:22:24+00:00\",\"dateModified\":\"2021-06-09T19:59:30+00:00\",\"description\":\"La r\u00e9daction de Dicodusport vous propose une pr\u00e9sentation de chaque s\u00e9lection engag\u00e9e \u00e0 l'Euro 2020. Place \u00e0 l'Espagne, sans Sergio Ramos.\",\"breadcrumb\":{\"@id\":\"https:\/\/dicodusport.fr\/blog\/euro-2020-espagne-prete-a-effacer-9-ans-de-disette\/#breadcrumb\"},\"inLanguage\":\"fr-FR\",\"potentialAction\":[{\"@type\":\"ReadAction\",\"target\":[\"https:\/\/dicodusport.fr\/blog\/euro-2020-espagne-prete-a-effacer-9-ans-de-disette\/\"]}]},{\"@type\":\"ImageObject\",\"inLanguage\":\"fr-FR\",\"@id\":\"https:\/\/dicodusport.fr\/blog\/euro-2020-espagne-prete-a-effacer-9-ans-de-disette\/#primaryimage\",\"url\":\"https:\/\/dicodusport.fr\/blog\/wp-content\/uploads\/2021\/06\/Euro-2020-LEspagne-prete-a-effacer-9-ans-de-disette.png\",\"contentUrl\":\"https:\/\/dicodusport.fr\/blog\/wp-content\/uploads\/2021\/06\/Euro-2020-LEspagne-prete-a-effacer-9-ans-de-disette.png\",\"width\":800,\"height\":445,\"caption\":\"Euro 2020 : l'Espagne pr\u00eate \u00e0 effacer 9 ans de disette ?\"},{\"@type\":\"BreadcrumbList\",\"@id\":\"https:\/\/dicodusport.fr\/blog\/euro-2020-espagne-prete-a-effacer-9-ans-de-disette\/#breadcrumb\",\"itemListElement\":[{\"@type\":\"ListItem\",\"position\":1,\"name\":\"Accueil\",\"item\":\"https:\/\/dicodusport.fr\/blog\/\"},{\"@type\":\"ListItem\",\"position\":2,\"name\":\"Euro 2020 : l&rsquo;Espagne pr\u00eate \u00e0 effacer 9 ans de disette ?\"}]},{\"@type\":\"WebSite\",\"@id\":\"https:\/\/dicodusport.fr\/blog\/#website\",\"url\":\"https:\/\/dicodusport.fr\/blog\/\",\"name\":\"Dicodusport\",\"description\":\"L&#039;encyclop\u00e9die de l&#039;actualit\u00e9 sportive\",\"publisher\":{\"@id\":\"https:\/\/dicodusport.fr\/blog\/#organization\"},\"potentialAction\":[{\"@type\":\"SearchAction\",\"target\":{\"@type\":\"EntryPoint\",\"urlTemplate\":\"https:\/\/dicodusport.fr\/blog\/?s={search_term_string}\"},\"query-input\":{\"@type\":\"PropertyValueSpecification\",\"valueRequired\":true,\"valueName\":\"search_term_string\"}}],\"inLanguage\":\"fr-FR\"},{\"@type\":\"NewsMediaOrganization\",\"@id\":\"https:\/\/dicodusport.fr\/blog\/#organization\",\"name\":\"Dicodusport\",\"url\":\"https:\/\/dicodusport.fr\/blog\/\",\"logo\":{\"@type\":\"ImageObject\",\"inLanguage\":\"fr-FR\",\"@id\":\"https:\/\/dicodusport.fr\/blog\/#\/schema\/logo\/image\/\",\"url\":\"https:\/\/dicodusport.fr\/blog\/wp-content\/uploads\/2020\/06\/cropped-LOGO-DICODUSPORT-2020-SANS-FOND-SANS-TEXTE.png\",\"contentUrl\":\"https:\/\/dicodusport.fr\/blog\/wp-content\/uploads\/2020\/06\/cropped-LOGO-DICODUSPORT-2020-SANS-FOND-SANS-TEXTE.png\",\"width\":512,\"height\":512,\"caption\":\"Dicodusport\"},\"image\":{\"@id\":\"https:\/\/dicodusport.fr\/blog\/#\/schema\/logo\/image\/\"},\"sameAs\":[\"https:\/\/www.facebook.com\/dicodusport\",\"https:\/\/x.com\/dicodusport\",\"https:\/\/www.instagram.com\/dicodusport\/\",\"https:\/\/www.youtube.com\/channel\/UC7V2KZ5sd3htJivAbA4ZG3w\"],\"description\":\"Dicodusport est l'encyclop\u00e9die de l'actualit\u00e9 sportive.\",\"email\":\"bonjour@dicodusport.fr\",\"legalName\":\"DICODUSPORT\",\"foundingDate\":\"2018-01-14\",\"vatID\":\"FR71834470973\",\"taxID\":\"83447097300043\",\"numberOfEmployees\":{\"@type\":\"QuantitativeValue\",\"minValue\":\"1\",\"maxValue\":\"10\"}},{\"@type\":\"Person\",\"@id\":\"https:\/\/dicodusport.fr\/blog\/#\/schema\/person\/37ea0f6075559930024fec7c0f79e8f2\",\"name\":\"Tanguy Le Jeune\",\"image\":{\"@type\":\"ImageObject\",\"inLanguage\":\"fr-FR\",\"@id\":\"https:\/\/dicodusport.fr\/blog\/#\/schema\/person\/image\/\",\"url\":\"https:\/\/dicodusport.fr\/blog\/wp-content\/uploads\/2021\/05\/Tanguy-Le-Jeune-150x150.jpg\",\"contentUrl\":\"https:\/\/dicodusport.fr\/blog\/wp-content\/uploads\/2021\/05\/Tanguy-Le-Jeune-150x150.jpg\",\"caption\":\"Tanguy Le Jeune\"},\"description\":\"Journaliste\/r\u00e9dacteur depuis novembre 2020 - Lionel Messi, Kobe Bryant, Lewis Hamilton. Quel rapport entre ces trois l\u00e9gendes ? Aucun, hormis leur statut de l\u00e9gende. Mais, pour moi, ces stars ont quelque chose en commun. Ce sont mes idoles, mes exemples et les grands cr\u00e9ateurs de ma passion pour le sport. Malgr\u00e9 mon cruel manque de talent pour pratiquer le sport au haut niveau, mon amour et ma passion me poussent, chaque jour, \u00e0 vous partager l\u2019actualit\u00e9 au travers de ce que je sais probablement faire le mieux : \u00e9crire.\",\"sameAs\":[\"https:\/\/www.instagram.com\/tanguyljn_\/\",\"https:\/\/x.com\/https:\/\/twitter.com\/LeJeuneT_\"],\"url\":\"https:\/\/dicodusport.fr\/blog\/author\/tanguylj\/\"}]}<\/script>\n<!-- \/ Yoast SEO Premium plugin. -->","yoast_head_json":{"title":"Euro 2020 : l'Espagne pr\u00eate \u00e0 effacer 9 ans de disette ?","description":"La r\u00e9daction de Dicodusport vous propose une pr\u00e9sentation de chaque s\u00e9lection engag\u00e9e \u00e0 l'Euro 2020. Place \u00e0 l'Espagne, sans Sergio Ramos.","robots":{"index":"index","follow":"follow","max-snippet":"max-snippet:-1","max-image-preview":"max-image-preview:large","max-video-preview":"max-video-preview:-1"},"canonical":"https:\/\/dicodusport.fr\/blog\/euro-2020-espagne-prete-a-effacer-9-ans-de-disette\/","og_locale":"fr_FR","og_type":"article","og_title":"Euro 2020 : l'Espagne pr\u00eate \u00e0 effacer 9 ans de disette ?","og_description":"La r\u00e9daction de Dicodusport vous propose une pr\u00e9sentation de chaque s\u00e9lection engag\u00e9e \u00e0 l'Euro 2020. Place \u00e0 l'Espagne, sans Sergio Ramos.","og_url":"https:\/\/dicodusport.fr\/blog\/euro-2020-espagne-prete-a-effacer-9-ans-de-disette\/","og_site_name":"Dicodusport","article_publisher":"https:\/\/www.facebook.com\/dicodusport","article_published_time":"2021-06-04T19:22:24+00:00","article_modified_time":"2021-06-09T19:59:30+00:00","og_image":[{"width":800,"height":445,"url":"https:\/\/dicodusport.fr\/blog\/wp-content\/uploads\/2021\/06\/Euro-2020-LEspagne-prete-a-effacer-9-ans-de-disette.png","type":"image\/png"}],"author":"Tanguy Le Jeune","twitter_card":"summary_large_image","twitter_title":"Euro 2020 : l'Espagne pr\u00eate \u00e0 effacer 9 ans de disette ?","twitter_creator":"@https:\/\/twitter.com\/LeJeuneT_","twitter_site":"@dicodusport","schema":{"@context":"https:\/\/schema.org","@graph":[{"@type":"NewsArticle","@id":"https:\/\/dicodusport.fr\/blog\/euro-2020-espagne-prete-a-effacer-9-ans-de-disette\/#article","isPartOf":{"@id":"https:\/\/dicodusport.fr\/blog\/euro-2020-espagne-prete-a-effacer-9-ans-de-disette\/"},"author":{"name":"Tanguy Le Jeune","@id":"https:\/\/dicodusport.fr\/blog\/#\/schema\/person\/37ea0f6075559930024fec7c0f79e8f2"},"headline":"Euro 2020 : l&rsquo;Espagne pr\u00eate \u00e0 effacer 9 ans de disette ?","datePublished":"2021-06-04T19:22:24+00:00","dateModified":"2021-06-09T19:59:30+00:00","mainEntityOfPage":{"@id":"https:\/\/dicodusport.fr\/blog\/euro-2020-espagne-prete-a-effacer-9-ans-de-disette\/"},"wordCount":965,"commentCount":0,"publisher":{"@id":"https:\/\/dicodusport.fr\/blog\/#organization"},"image":{"@id":"https:\/\/dicodusport.fr\/blog\/euro-2020-espagne-prete-a-effacer-9-ans-de-disette\/#primaryimage"},"thumbnailUrl":"https:\/\/dicodusport.fr\/blog\/wp-content\/uploads\/2021\/06\/Euro-2020-LEspagne-prete-a-effacer-9-ans-de-disette.png","keywords":["Espagne","Football"],"articleSection":["Euro de football"],"inLanguage":"fr-FR","potentialAction":[{"@type":"CommentAction","name":"Comment","target":["https:\/\/dicodusport.fr\/blog\/euro-2020-espagne-prete-a-effacer-9-ans-de-disette\/#respond"]}],"copyrightYear":"2021","copyrightHolder":{"@id":"https:\/\/dicodusport.fr\/blog\/#organization"}},{"@type":"WebPage","@id":"https:\/\/dicodusport.fr\/blog\/euro-2020-espagne-prete-a-effacer-9-ans-de-disette\/","url":"https:\/\/dicodusport.fr\/blog\/euro-2020-espagne-prete-a-effacer-9-ans-de-disette\/","name":"Euro 2020 : l'Espagne pr\u00eate \u00e0 effacer 9 ans de disette ?","isPartOf":{"@id":"https:\/\/dicodusport.fr\/blog\/#website"},"primaryImageOfPage":{"@id":"https:\/\/dicodusport.fr\/blog\/euro-2020-espagne-prete-a-effacer-9-ans-de-disette\/#primaryimage"},"image":{"@id":"https:\/\/dicodusport.fr\/blog\/euro-2020-espagne-prete-a-effacer-9-ans-de-disette\/#primaryimage"},"thumbnailUrl":"https:\/\/dicodusport.fr\/blog\/wp-content\/uploads\/2021\/06\/Euro-2020-LEspagne-prete-a-effacer-9-ans-de-disette.png","datePublished":"2021-06-04T19:22:24+00:00","dateModified":"2021-06-09T19:59:30+00:00","description":"La r\u00e9daction de Dicodusport vous propose une pr\u00e9sentation de chaque s\u00e9lection engag\u00e9e \u00e0 l'Euro 2020. Place \u00e0 l'Espagne, sans Sergio Ramos.","breadcrumb":{"@id":"https:\/\/dicodusport.fr\/blog\/euro-2020-espagne-prete-a-effacer-9-ans-de-disette\/#breadcrumb"},"inLanguage":"fr-FR","potentialAction":[{"@type":"ReadAction","target":["https:\/\/dicodusport.fr\/blog\/euro-2020-espagne-prete-a-effacer-9-ans-de-disette\/"]}]},{"@type":"ImageObject","inLanguage":"fr-FR","@id":"https:\/\/dicodusport.fr\/blog\/euro-2020-espagne-prete-a-effacer-9-ans-de-disette\/#primaryimage","url":"https:\/\/dicodusport.fr\/blog\/wp-content\/uploads\/2021\/06\/Euro-2020-LEspagne-prete-a-effacer-9-ans-de-disette.png","contentUrl":"https:\/\/dicodusport.fr\/blog\/wp-content\/uploads\/2021\/06\/Euro-2020-LEspagne-prete-a-effacer-9-ans-de-disette.png","width":800,"height":445,"caption":"Euro 2020 : l'Espagne pr\u00eate \u00e0 effacer 9 ans de disette ?"},{"@type":"BreadcrumbList","@id":"https:\/\/dicodusport.fr\/blog\/euro-2020-espagne-prete-a-effacer-9-ans-de-disette\/#breadcrumb","itemListElement":[{"@type":"ListItem","position":1,"name":"Accueil","item":"https:\/\/dicodusport.fr\/blog\/"},{"@type":"ListItem","position":2,"name":"Euro 2020 : l&rsquo;Espagne pr\u00eate \u00e0 effacer 9 ans de disette ?"}]},{"@type":"WebSite","@id":"https:\/\/dicodusport.fr\/blog\/#website","url":"https:\/\/dicodusport.fr\/blog\/","name":"Dicodusport","description":"L&#039;encyclop\u00e9die de l&#039;actualit\u00e9 sportive","publisher":{"@id":"https:\/\/dicodusport.fr\/blog\/#organization"},"potentialAction":[{"@type":"SearchAction","target":{"@type":"EntryPoint","urlTemplate":"https:\/\/dicodusport.fr\/blog\/?s={search_term_string}"},"query-input":{"@type":"PropertyValueSpecification","valueRequired":true,"valueName":"search_term_string"}}],"inLanguage":"fr-FR"},{"@type":"NewsMediaOrganization","@id":"https:\/\/dicodusport.fr\/blog\/#organization","name":"Dicodusport","url":"https:\/\/dicodusport.fr\/blog\/","logo":{"@type":"ImageObject","inLanguage":"fr-FR","@id":"https:\/\/dicodusport.fr\/blog\/#\/schema\/logo\/image\/","url":"https:\/\/dicodusport.fr\/blog\/wp-content\/uploads\/2020\/06\/cropped-LOGO-DICODUSPORT-2020-SANS-FOND-SANS-TEXTE.png","contentUrl":"https:\/\/dicodusport.fr\/blog\/wp-content\/uploads\/2020\/06\/cropped-LOGO-DICODUSPORT-2020-SANS-FOND-SANS-TEXTE.png","width":512,"height":512,"caption":"Dicodusport"},"image":{"@id":"https:\/\/dicodusport.fr\/blog\/#\/schema\/logo\/image\/"},"sameAs":["https:\/\/www.facebook.com\/dicodusport","https:\/\/x.com\/dicodusport","https:\/\/www.instagram.com\/dicodusport\/","https:\/\/www.youtube.com\/channel\/UC7V2KZ5sd3htJivAbA4ZG3w"],"description":"Dicodusport est l'encyclop\u00e9die de l'actualit\u00e9 sportive.","email":"bonjour@dicodusport.fr","legalName":"DICODUSPORT","foundingDate":"2018-01-14","vatID":"FR71834470973","taxID":"83447097300043","numberOfEmployees":{"@type":"QuantitativeValue","minValue":"1","maxValue":"10"}},{"@type":"Person","@id":"https:\/\/dicodusport.fr\/blog\/#\/schema\/person\/37ea0f6075559930024fec7c0f79e8f2","name":"Tanguy Le Jeune","image":{"@type":"ImageObject","inLanguage":"fr-FR","@id":"https:\/\/dicodusport.fr\/blog\/#\/schema\/person\/image\/","url":"https:\/\/dicodusport.fr\/blog\/wp-content\/uploads\/2021\/05\/Tanguy-Le-Jeune-150x150.jpg","contentUrl":"https:\/\/dicodusport.fr\/blog\/wp-content\/uploads\/2021\/05\/Tanguy-Le-Jeune-150x150.jpg","caption":"Tanguy Le Jeune"},"description":"Journaliste\/r\u00e9dacteur depuis novembre 2020 - Lionel Messi, Kobe Bryant, Lewis Hamilton. Quel rapport entre ces trois l\u00e9gendes ? Aucun, hormis leur statut de l\u00e9gende. Mais, pour moi, ces stars ont quelque chose en commun. Ce sont mes idoles, mes exemples et les grands cr\u00e9ateurs de ma passion pour le sport. Malgr\u00e9 mon cruel manque de talent pour pratiquer le sport au haut niveau, mon amour et ma passion me poussent, chaque jour, \u00e0 vous partager l\u2019actualit\u00e9 au travers de ce que je sais probablement faire le mieux : \u00e9crire.","sameAs":["https:\/\/www.instagram.com\/tanguyljn_\/","https:\/\/x.com\/https:\/\/twitter.com\/LeJeuneT_"],"url":"https:\/\/dicodusport.fr\/blog\/author\/tanguylj\/"}]}},"_links":{"self":[{"href":"https:\/\/dicodusport.fr\/blog\/wp-json\/wp\/v2\/posts\/135536","targetHints":{"allow":["GET"]}}],"collection":[{"href":"https:\/\/dicodusport.fr\/blog\/wp-json\/wp\/v2\/posts"}],"about":[{"href":"https:\/\/dicodusport.fr\/blog\/wp-json\/wp\/v2\/types\/post"}],"author":[{"embeddable":true,"href":"https:\/\/dicodusport.fr\/blog\/wp-json\/wp\/v2\/users\/46"}],"replies":[{"embeddable":true,"href":"https:\/\/dicodusport.fr\/blog\/wp-json\/wp\/v2\/comments?post=135536"}],"version-history":[{"count":0,"href":"https:\/\/dicodusport.fr\/blog\/wp-json\/wp\/v2\/posts\/135536\/revisions"}],"wp:featuredmedia":[{"embeddable":true,"href":"https:\/\/dicodusport.fr\/blog\/wp-json\/wp\/v2\/media\/135791"}],"wp:attachment":[{"href":"https:\/\/dicodusport.fr\/blog\/wp-json\/wp\/v2\/media?parent=135536"}],"wp:term":[{"taxonomy":"category","embeddable":true,"href":"https:\/\/dicodusport.fr\/blog\/wp-json\/wp\/v2\/categories?post=135536"},{"taxonomy":"post_tag","embeddable":true,"href":"https:\/\/dicodusport.fr\/blog\/wp-json\/wp\/v2\/tags?post=135536"}],"curies":[{"name":"wp","href":"https:\/\/api.w.org\/{rel}","templated":true}]}}