{"id":135780,"date":"2021-06-05T22:16:38","date_gmt":"2021-06-05T20:16:38","guid":{"rendered":"https:\/\/dicodusport.fr\/blog\/?p=135780&#038;preview=true&#038;preview_id=135780"},"modified":"2021-06-09T21:52:05","modified_gmt":"2021-06-09T19:52:05","slug":"euro-2020-le-portugal-peut-il-conserver-son-titre","status":"publish","type":"post","link":"https:\/\/dicodusport.fr\/blog\/euro-2020-le-portugal-peut-il-conserver-son-titre\/","title":{"rendered":"Euro 2020 : Le Portugal peut-il conserver son titre ?"},"content":{"rendered":"<p style=\"text-align: justify;\"><em><strong><a href=\"https:\/\/dicodusport.fr\/blog\/actualites\/football\/euro-2020\/\">EURO 2020<\/a> &#8211; La r\u00e9daction de Dicodusport vous propose en pr\u00e9paration de l&rsquo;Euro 2020, une pr\u00e9sentation de chaque s\u00e9lection engag\u00e9e. Parlons aujourd&rsquo;hui du champion en titre : le Portugal. Futur adversaire des Bleus en poule, les Lusitaniens devront \u00eatre \u00e0 leur meilleur niveau pour sortir du groupe de la mort.<br \/>\n<\/strong><\/em><\/p>\n<h2 style=\"text-align: justify;\">Une histoire du Portugal<\/h2>\n<p style=\"text-align: justify;\">Apr\u00e8s s&rsquo;\u00eatre qualifi\u00e9s pour l&rsquo;Euro 2000, les hommes de <strong>Humberto Coelho<\/strong> sont tomb\u00e9s dans le groupe de deux favoris : l&rsquo;<strong>Allemagne<\/strong> et l&rsquo;<strong>Angleterre<\/strong>. L&rsquo;\u00e9quipe portugaise finit par gagner tous ses matchs de poule et se hisse en quarts de finale de la comp\u00e9tition. Ils \u00e9cartent facilement la <strong>Turquie<\/strong> (2-0) avant de rencontrer l&rsquo;<strong>\u00e9quipe de France<\/strong>, championne du monde en titre, en demi-finales. Le match est tr\u00e8s serr\u00e9 et les deux s\u00e9lections iront jusqu&rsquo;en prolongations durant lesquelles <strong>Abel Xavier<\/strong> commettra la faute ultime avec une main dans la surface. Dans une p\u00e9riode o\u00f9 la r\u00e8gle du but en or r\u00e8gne, <strong>Zin\u00e9dine Zidane<\/strong> marquera sur penalty pour d\u00e9livrer les Bleus.<\/p>\n<p style=\"text-align: justify;\">Le <strong>Portugal<\/strong> a su prendre sa revanche en finale de l&rsquo;Euro 2016 en <strong>France<\/strong>. Face aux h\u00f4tes, le match ira encore une fois jusqu&rsquo;aux prolongations, car aucun but ne sera marqu\u00e9 jusqu&rsquo;\u00e0 la 109\u00e8me minute. Le Portugais <strong>Eder<\/strong> finit par marquer le but qui apportera \u00e0 la Sele\u00e7\u00e3o des<em> Rouge et Vert<\/em> le premier sacre continental de son histoire.<\/p>\n<h2 style=\"text-align: justify;\">Le parcours en qualifications pour l&rsquo;Euro 2020<\/h2>\n<p style=\"text-align: justify;\">Lors des \u00e9liminatoires de l&rsquo;Euro 2020, les hommes de <strong>Fernando Santos<\/strong> se retrouvent dans le groupe B, en compagnie de la <strong>Lituanie<\/strong>, le <strong>Luxembourg<\/strong>, la <strong>Serbie<\/strong> et l&rsquo;<strong>Ukraine<\/strong>. Ils ne perdent aucun match, except\u00e9 celui \u00e0 l&rsquo;ext\u00e9rieur contre l&rsquo;<strong>Ukraine<\/strong> (2-1), ce qui les place deuxi\u00e8mes du groupe, mais qualifi\u00e9s pour la comp\u00e9tition.<\/p>\n<h2 style=\"text-align: justify;\">Les joueurs \u00e0 suivre<\/h2>\n<p style=\"text-align: justify;\">Parmi les 26 joueurs s\u00e9lectionn\u00e9s, on retrouve l\u2019in\u00e9vitable <strong>Cristiano Ronaldo<\/strong> (Juventus) en t\u00eate d\u2019affiche pour ce qui sera peut-\u00eatre son dernier Euro. De plus, il faudra suivre les Mancuniens <strong>Bruno Fernandes<\/strong>, <strong>Bernardo Silva<\/strong>, <strong>Jo\u00e3o Cancelo<\/strong> ainsi que <strong>R\u00faben Dias<\/strong>, tout juste \u00e9lu meilleur joueur de la saison en Premier League.<\/p>\n<p style=\"text-align: justify;\">Quelques joueurs \u00e9voluant en Ligue 1 cette saison apparaissent sur la liste comme <strong>Anthony Lopez<\/strong> (OL), <strong>Renato Sanches<\/strong> (LOSC), <strong>Jos\u00e9 Fonte<\/strong> (LOSC) ou encore <strong>Danilo Pereira<\/strong> (PSG). Le lat\u00e9ral gauche consid\u00e9r\u00e9 comme la p\u00e9pite du football portugais, <strong>Nuno Mendes<\/strong> (Sporting CP), sera \u00e9galement de la partie du haut de ses 18 ans.<\/p>\n<div id=\"attachment_136092\" style=\"width: 2570px\" class=\"wp-caption aligncenter\"><img loading=\"lazy\" decoding=\"async\" aria-describedby=\"caption-attachment-136092\" class=\"size-full wp-image-136092\" src=\"https:\/\/dicodusport.fr\/blog\/wp-content\/uploads\/2021\/06\/Ruben-Dias-scaled.jpg\" alt=\"Ruben Dias\" width=\"2560\" height=\"1707\" srcset=\"https:\/\/dicodusport.fr\/blog\/wp-content\/uploads\/2021\/06\/Ruben-Dias-scaled.jpg 2560w, https:\/\/dicodusport.fr\/blog\/wp-content\/uploads\/2021\/06\/Ruben-Dias-300x200.jpg 300w, https:\/\/dicodusport.fr\/blog\/wp-content\/uploads\/2021\/06\/Ruben-Dias-1024x683.jpg 1024w, https:\/\/dicodusport.fr\/blog\/wp-content\/uploads\/2021\/06\/Ruben-Dias-768x512.jpg 768w, https:\/\/dicodusport.fr\/blog\/wp-content\/uploads\/2021\/06\/Ruben-Dias-1536x1024.jpg 1536w, https:\/\/dicodusport.fr\/blog\/wp-content\/uploads\/2021\/06\/Ruben-Dias-2048x1366.jpg 2048w\" sizes=\"auto, (max-width: 2560px) 100vw, 2560px\" \/><p id=\"caption-attachment-136092\" class=\"wp-caption-text\">Ruben Dias &#8211; Photo Icon Sport<\/p><\/div>\n<hr \/>\n<ul>\n<li style=\"text-align: justify;\"><span style=\"font-size: 20px;\"><strong>\u00c0 lire aussi &#8211; <a href=\"https:\/\/dicodusport.fr\/blog\/euro-2020-la-liste-du-portugal\/\">La liste du Portugal<\/a><\/strong><\/span><\/li>\n<\/ul>\n<hr \/>\n<h2 style=\"text-align: justify;\">Le pronostic de la r\u00e9daction<\/h2>\n<p style=\"text-align: justify;\">Au sein du <a href=\"https:\/\/dicodusport.fr\/blog\/euro-2020-groupe-f-calendrier-et-classement\/\">Groupe F<\/a>, la <strong>Hongrie<\/strong> devrait \u00eatre \u00e9limin\u00e9e, sauf \u00e9norme surprise. Les places qualificatives pour les phase finales se joueront alors entre<strong>\u00a0<\/strong>l&rsquo;<strong>Allemagne, <\/strong>la<strong> France <\/strong>et le<strong> Portugal. <\/strong>Dans une comp\u00e9tition o\u00f9 le public sera de retour, il semblerait que tout soit possible. On imagine que le troisi\u00e8me de ce groupe fera partie des 4 meilleurs troisi\u00e8mes pour se qualifier en huiti\u00e8mes de finale. Le <strong>Portugal<\/strong> est tout a fait capable de remporter la Coupe pour la deuxi\u00e8me fois cons\u00e9cutive.<\/p>\n<h2 style=\"text-align: justify;\"><strong>Le calendrier du Portugal<\/strong><\/h2>\n<p style=\"text-align: justify;\"><strong>Mardi 15 juin \u00e0 18h (beIN SPORTS)<\/strong> : Hongrie &#8211; Portugal<br \/>\n<strong>Samedi 19 juin \u00e0 18h (M6 et beIN SPORTS)<\/strong> : Portugal &#8211; Allemagne<br \/>\n<strong>Mercredi 23 juin \u00e0 \u00e0 21h (TF1 et beIN SPORTS)<\/strong> : Portugal &#8211; France<\/p>\n","protected":false},"excerpt":{"rendered":"<p>EURO 2020 &#8211; La r\u00e9daction de Dicodusport vous propose en pr\u00e9paration de l&rsquo;Euro 2020, une pr\u00e9sentation de chaque s\u00e9lection engag\u00e9e. Parlons aujourd&rsquo;hui du champion en titre : le Portugal. Futur adversaire des Bleus en poule, les Lusitaniens devront \u00eatre \u00e0 leur meilleur niveau pour sortir du groupe de la mort.<\/p>\n","protected":false},"author":54,"featured_media":136090,"comment_status":"open","ping_status":"closed","sticky":false,"template":"","format":"standard","meta":{"_acf_changed":false,"_daextam_enable_autolinks":"","footnotes":""},"categories":[47044],"tags":[75,89],"class_list":["post-135780","post","type-post","status-publish","format-standard","has-post-thumbnail","hentry","category-euro-de-football","tag-football","tag-portugal"],"acf":[],"yoast_head":"<!-- This site is optimized with the Yoast SEO Premium plugin v26.7 (Yoast SEO v26.7) - https:\/\/yoast.com\/wordpress\/plugins\/seo\/ -->\n<title>Euro 2020 : Le Portugal peut-il conserver son titre ? Dicodusport<\/title>\n<meta name=\"description\" content=\"La r\u00e9daction de Dicodusport propose une pr\u00e9sentation des s\u00e9lections qualifi\u00e9es pour l&#039;Euro 2020. Parlons du champion en titre : le Portugal.\" \/>\n<meta name=\"robots\" content=\"index, follow, max-snippet:-1, max-image-preview:large, max-video-preview:-1\" \/>\n<link rel=\"canonical\" href=\"https:\/\/dicodusport.fr\/blog\/euro-2020-le-portugal-peut-il-conserver-son-titre\/\" \/>\n<meta property=\"og:locale\" content=\"fr_FR\" \/>\n<meta property=\"og:type\" content=\"article\" \/>\n<meta property=\"og:title\" content=\"Euro 2020 : Le Portugal peut-il conserver son titre ?\" \/>\n<meta property=\"og:description\" content=\"La r\u00e9daction de Dicodusport propose une pr\u00e9sentation des s\u00e9lections qualifi\u00e9es pour l&#039;Euro 2020. Parlons du champion en titre : le Portugal.\" \/>\n<meta property=\"og:url\" content=\"https:\/\/dicodusport.fr\/blog\/euro-2020-le-portugal-peut-il-conserver-son-titre\/\" \/>\n<meta property=\"og:site_name\" content=\"Dicodusport\" \/>\n<meta property=\"article:publisher\" content=\"https:\/\/www.facebook.com\/dicodusport\" \/>\n<meta property=\"article:author\" content=\"https:\/\/www.facebook.com\/roxane.lecacher\" \/>\n<meta property=\"article:published_time\" content=\"2021-06-05T20:16:38+00:00\" \/>\n<meta property=\"article:modified_time\" content=\"2021-06-09T19:52:05+00:00\" \/>\n<meta property=\"og:image\" content=\"https:\/\/dicodusport.fr\/blog\/wp-content\/uploads\/2021\/06\/Euro-2020-Le-Portugal-peut-il-conserver-son-titre.png\" \/>\n\t<meta property=\"og:image:width\" content=\"800\" \/>\n\t<meta property=\"og:image:height\" content=\"445\" \/>\n\t<meta property=\"og:image:type\" content=\"image\/png\" \/>\n<meta name=\"author\" content=\"Roxane Lecacher\" \/>\n<meta name=\"twitter:card\" content=\"summary_large_image\" \/>\n<meta name=\"twitter:title\" content=\"Euro 2020 : Le Portugal peut-il conserver son titre ?\" \/>\n<meta name=\"twitter:creator\" content=\"@dicodusport\" \/>\n<meta name=\"twitter:site\" content=\"@dicodusport\" \/>\n<script type=\"application\/ld+json\" class=\"yoast-schema-graph\">{\"@context\":\"https:\/\/schema.org\",\"@graph\":[{\"@type\":\"NewsArticle\",\"@id\":\"https:\/\/dicodusport.fr\/blog\/euro-2020-le-portugal-peut-il-conserver-son-titre\/#article\",\"isPartOf\":{\"@id\":\"https:\/\/dicodusport.fr\/blog\/euro-2020-le-portugal-peut-il-conserver-son-titre\/\"},\"author\":{\"name\":\"Roxane Lecacher\",\"@id\":\"https:\/\/dicodusport.fr\/blog\/#\/schema\/person\/819fb2545dd2715bd7c0580d6d4b411a\"},\"headline\":\"Euro 2020 : Le Portugal peut-il conserver son titre ?\",\"datePublished\":\"2021-06-05T20:16:38+00:00\",\"dateModified\":\"2021-06-09T19:52:05+00:00\",\"mainEntityOfPage\":{\"@id\":\"https:\/\/dicodusport.fr\/blog\/euro-2020-le-portugal-peut-il-conserver-son-titre\/\"},\"wordCount\":575,\"commentCount\":0,\"publisher\":{\"@id\":\"https:\/\/dicodusport.fr\/blog\/#organization\"},\"image\":{\"@id\":\"https:\/\/dicodusport.fr\/blog\/euro-2020-le-portugal-peut-il-conserver-son-titre\/#primaryimage\"},\"thumbnailUrl\":\"https:\/\/dicodusport.fr\/blog\/wp-content\/uploads\/2021\/06\/Euro-2020-Le-Portugal-peut-il-conserver-son-titre.png\",\"keywords\":[\"Football\",\"Portugal\"],\"articleSection\":[\"Euro de football\"],\"inLanguage\":\"fr-FR\",\"potentialAction\":[{\"@type\":\"CommentAction\",\"name\":\"Comment\",\"target\":[\"https:\/\/dicodusport.fr\/blog\/euro-2020-le-portugal-peut-il-conserver-son-titre\/#respond\"]}],\"copyrightYear\":\"2021\",\"copyrightHolder\":{\"@id\":\"https:\/\/dicodusport.fr\/blog\/#organization\"}},{\"@type\":\"WebPage\",\"@id\":\"https:\/\/dicodusport.fr\/blog\/euro-2020-le-portugal-peut-il-conserver-son-titre\/\",\"url\":\"https:\/\/dicodusport.fr\/blog\/euro-2020-le-portugal-peut-il-conserver-son-titre\/\",\"name\":\"Euro 2020 : Le Portugal peut-il conserver son titre ? Dicodusport\",\"isPartOf\":{\"@id\":\"https:\/\/dicodusport.fr\/blog\/#website\"},\"primaryImageOfPage\":{\"@id\":\"https:\/\/dicodusport.fr\/blog\/euro-2020-le-portugal-peut-il-conserver-son-titre\/#primaryimage\"},\"image\":{\"@id\":\"https:\/\/dicodusport.fr\/blog\/euro-2020-le-portugal-peut-il-conserver-son-titre\/#primaryimage\"},\"thumbnailUrl\":\"https:\/\/dicodusport.fr\/blog\/wp-content\/uploads\/2021\/06\/Euro-2020-Le-Portugal-peut-il-conserver-son-titre.png\",\"datePublished\":\"2021-06-05T20:16:38+00:00\",\"dateModified\":\"2021-06-09T19:52:05+00:00\",\"description\":\"La r\u00e9daction de Dicodusport propose une pr\u00e9sentation des s\u00e9lections qualifi\u00e9es pour l'Euro 2020. Parlons du champion en titre : le Portugal.\",\"breadcrumb\":{\"@id\":\"https:\/\/dicodusport.fr\/blog\/euro-2020-le-portugal-peut-il-conserver-son-titre\/#breadcrumb\"},\"inLanguage\":\"fr-FR\",\"potentialAction\":[{\"@type\":\"ReadAction\",\"target\":[\"https:\/\/dicodusport.fr\/blog\/euro-2020-le-portugal-peut-il-conserver-son-titre\/\"]}]},{\"@type\":\"ImageObject\",\"inLanguage\":\"fr-FR\",\"@id\":\"https:\/\/dicodusport.fr\/blog\/euro-2020-le-portugal-peut-il-conserver-son-titre\/#primaryimage\",\"url\":\"https:\/\/dicodusport.fr\/blog\/wp-content\/uploads\/2021\/06\/Euro-2020-Le-Portugal-peut-il-conserver-son-titre.png\",\"contentUrl\":\"https:\/\/dicodusport.fr\/blog\/wp-content\/uploads\/2021\/06\/Euro-2020-Le-Portugal-peut-il-conserver-son-titre.png\",\"width\":800,\"height\":445,\"caption\":\"Euro 2020 : Le Portugal peut-il conserver son titre ?\"},{\"@type\":\"BreadcrumbList\",\"@id\":\"https:\/\/dicodusport.fr\/blog\/euro-2020-le-portugal-peut-il-conserver-son-titre\/#breadcrumb\",\"itemListElement\":[{\"@type\":\"ListItem\",\"position\":1,\"name\":\"Accueil\",\"item\":\"https:\/\/dicodusport.fr\/blog\/\"},{\"@type\":\"ListItem\",\"position\":2,\"name\":\"Euro 2020 : Le Portugal peut-il conserver son titre ?\"}]},{\"@type\":\"WebSite\",\"@id\":\"https:\/\/dicodusport.fr\/blog\/#website\",\"url\":\"https:\/\/dicodusport.fr\/blog\/\",\"name\":\"Dicodusport\",\"description\":\"L&#039;encyclop\u00e9die de l&#039;actualit\u00e9 sportive\",\"publisher\":{\"@id\":\"https:\/\/dicodusport.fr\/blog\/#organization\"},\"potentialAction\":[{\"@type\":\"SearchAction\",\"target\":{\"@type\":\"EntryPoint\",\"urlTemplate\":\"https:\/\/dicodusport.fr\/blog\/?s={search_term_string}\"},\"query-input\":{\"@type\":\"PropertyValueSpecification\",\"valueRequired\":true,\"valueName\":\"search_term_string\"}}],\"inLanguage\":\"fr-FR\"},{\"@type\":\"NewsMediaOrganization\",\"@id\":\"https:\/\/dicodusport.fr\/blog\/#organization\",\"name\":\"Dicodusport\",\"url\":\"https:\/\/dicodusport.fr\/blog\/\",\"logo\":{\"@type\":\"ImageObject\",\"inLanguage\":\"fr-FR\",\"@id\":\"https:\/\/dicodusport.fr\/blog\/#\/schema\/logo\/image\/\",\"url\":\"https:\/\/dicodusport.fr\/blog\/wp-content\/uploads\/2020\/06\/cropped-LOGO-DICODUSPORT-2020-SANS-FOND-SANS-TEXTE.png\",\"contentUrl\":\"https:\/\/dicodusport.fr\/blog\/wp-content\/uploads\/2020\/06\/cropped-LOGO-DICODUSPORT-2020-SANS-FOND-SANS-TEXTE.png\",\"width\":512,\"height\":512,\"caption\":\"Dicodusport\"},\"image\":{\"@id\":\"https:\/\/dicodusport.fr\/blog\/#\/schema\/logo\/image\/\"},\"sameAs\":[\"https:\/\/www.facebook.com\/dicodusport\",\"https:\/\/x.com\/dicodusport\",\"https:\/\/www.instagram.com\/dicodusport\/\",\"https:\/\/www.youtube.com\/channel\/UC7V2KZ5sd3htJivAbA4ZG3w\"],\"description\":\"Dicodusport est l'encyclop\u00e9die de l'actualit\u00e9 sportive.\",\"email\":\"bonjour@dicodusport.fr\",\"legalName\":\"DICODUSPORT\",\"foundingDate\":\"2018-01-14\",\"vatID\":\"FR71834470973\",\"taxID\":\"83447097300043\",\"numberOfEmployees\":{\"@type\":\"QuantitativeValue\",\"minValue\":\"1\",\"maxValue\":\"10\"}},{\"@type\":\"Person\",\"@id\":\"https:\/\/dicodusport.fr\/blog\/#\/schema\/person\/819fb2545dd2715bd7c0580d6d4b411a\",\"name\":\"Roxane Lecacher\",\"image\":{\"@type\":\"ImageObject\",\"inLanguage\":\"fr-FR\",\"@id\":\"https:\/\/dicodusport.fr\/blog\/#\/schema\/person\/image\/\",\"url\":\"https:\/\/dicodusport.fr\/blog\/wp-content\/uploads\/2021\/05\/Roxane-Lecacher-150x150.jpg\",\"contentUrl\":\"https:\/\/dicodusport.fr\/blog\/wp-content\/uploads\/2021\/05\/Roxane-Lecacher-150x150.jpg\",\"caption\":\"Roxane Lecacher\"},\"description\":\"Journaliste\/r\u00e9dactrice depuis janvier 2021 - N\u00e9e quelques jours avant la premi\u00e8re \u00e9toile des Bleus, je baigne dans une famille tr\u00e8s sportive. Je n\u2019ai eu d\u2019autres choix que de me passionner pour le sujet. Pratiquante de l\u2019athl\u00e9tisme depuis toute petite, j\u2019ai aussi un attrait tout particulier pour la Formule 1, le biathlon et le foot. Pendant les grands \u00e9v\u00e9nements, il est impossible de d\u00e9crocher de ma t\u00e9l\u00e9. C\u2019est \u00e0 travers Dicodusport que j\u2019aime d\u00e9sormais vous transmettre mes \u00e9motions et ma passion.\",\"sameAs\":[\"https:\/\/www.facebook.com\/roxane.lecacher\",\"https:\/\/fr.linkedin.com\/in\/roxane-lecacher-23368313b\"],\"url\":\"https:\/\/dicodusport.fr\/blog\/author\/roxanel\/\"}]}<\/script>\n<!-- \/ Yoast SEO Premium plugin. -->","yoast_head_json":{"title":"Euro 2020 : Le Portugal peut-il conserver son titre ? Dicodusport","description":"La r\u00e9daction de Dicodusport propose une pr\u00e9sentation des s\u00e9lections qualifi\u00e9es pour l'Euro 2020. Parlons du champion en titre : le Portugal.","robots":{"index":"index","follow":"follow","max-snippet":"max-snippet:-1","max-image-preview":"max-image-preview:large","max-video-preview":"max-video-preview:-1"},"canonical":"https:\/\/dicodusport.fr\/blog\/euro-2020-le-portugal-peut-il-conserver-son-titre\/","og_locale":"fr_FR","og_type":"article","og_title":"Euro 2020 : Le Portugal peut-il conserver son titre ?","og_description":"La r\u00e9daction de Dicodusport propose une pr\u00e9sentation des s\u00e9lections qualifi\u00e9es pour l'Euro 2020. Parlons du champion en titre : le Portugal.","og_url":"https:\/\/dicodusport.fr\/blog\/euro-2020-le-portugal-peut-il-conserver-son-titre\/","og_site_name":"Dicodusport","article_publisher":"https:\/\/www.facebook.com\/dicodusport","article_author":"https:\/\/www.facebook.com\/roxane.lecacher","article_published_time":"2021-06-05T20:16:38+00:00","article_modified_time":"2021-06-09T19:52:05+00:00","og_image":[{"width":800,"height":445,"url":"https:\/\/dicodusport.fr\/blog\/wp-content\/uploads\/2021\/06\/Euro-2020-Le-Portugal-peut-il-conserver-son-titre.png","type":"image\/png"}],"author":"Roxane Lecacher","twitter_card":"summary_large_image","twitter_title":"Euro 2020 : Le Portugal peut-il conserver son titre ?","twitter_creator":"@dicodusport","twitter_site":"@dicodusport","schema":{"@context":"https:\/\/schema.org","@graph":[{"@type":"NewsArticle","@id":"https:\/\/dicodusport.fr\/blog\/euro-2020-le-portugal-peut-il-conserver-son-titre\/#article","isPartOf":{"@id":"https:\/\/dicodusport.fr\/blog\/euro-2020-le-portugal-peut-il-conserver-son-titre\/"},"author":{"name":"Roxane Lecacher","@id":"https:\/\/dicodusport.fr\/blog\/#\/schema\/person\/819fb2545dd2715bd7c0580d6d4b411a"},"headline":"Euro 2020 : Le Portugal peut-il conserver son titre ?","datePublished":"2021-06-05T20:16:38+00:00","dateModified":"2021-06-09T19:52:05+00:00","mainEntityOfPage":{"@id":"https:\/\/dicodusport.fr\/blog\/euro-2020-le-portugal-peut-il-conserver-son-titre\/"},"wordCount":575,"commentCount":0,"publisher":{"@id":"https:\/\/dicodusport.fr\/blog\/#organization"},"image":{"@id":"https:\/\/dicodusport.fr\/blog\/euro-2020-le-portugal-peut-il-conserver-son-titre\/#primaryimage"},"thumbnailUrl":"https:\/\/dicodusport.fr\/blog\/wp-content\/uploads\/2021\/06\/Euro-2020-Le-Portugal-peut-il-conserver-son-titre.png","keywords":["Football","Portugal"],"articleSection":["Euro de football"],"inLanguage":"fr-FR","potentialAction":[{"@type":"CommentAction","name":"Comment","target":["https:\/\/dicodusport.fr\/blog\/euro-2020-le-portugal-peut-il-conserver-son-titre\/#respond"]}],"copyrightYear":"2021","copyrightHolder":{"@id":"https:\/\/dicodusport.fr\/blog\/#organization"}},{"@type":"WebPage","@id":"https:\/\/dicodusport.fr\/blog\/euro-2020-le-portugal-peut-il-conserver-son-titre\/","url":"https:\/\/dicodusport.fr\/blog\/euro-2020-le-portugal-peut-il-conserver-son-titre\/","name":"Euro 2020 : Le Portugal peut-il conserver son titre ? Dicodusport","isPartOf":{"@id":"https:\/\/dicodusport.fr\/blog\/#website"},"primaryImageOfPage":{"@id":"https:\/\/dicodusport.fr\/blog\/euro-2020-le-portugal-peut-il-conserver-son-titre\/#primaryimage"},"image":{"@id":"https:\/\/dicodusport.fr\/blog\/euro-2020-le-portugal-peut-il-conserver-son-titre\/#primaryimage"},"thumbnailUrl":"https:\/\/dicodusport.fr\/blog\/wp-content\/uploads\/2021\/06\/Euro-2020-Le-Portugal-peut-il-conserver-son-titre.png","datePublished":"2021-06-05T20:16:38+00:00","dateModified":"2021-06-09T19:52:05+00:00","description":"La r\u00e9daction de Dicodusport propose une pr\u00e9sentation des s\u00e9lections qualifi\u00e9es pour l'Euro 2020. Parlons du champion en titre : le Portugal.","breadcrumb":{"@id":"https:\/\/dicodusport.fr\/blog\/euro-2020-le-portugal-peut-il-conserver-son-titre\/#breadcrumb"},"inLanguage":"fr-FR","potentialAction":[{"@type":"ReadAction","target":["https:\/\/dicodusport.fr\/blog\/euro-2020-le-portugal-peut-il-conserver-son-titre\/"]}]},{"@type":"ImageObject","inLanguage":"fr-FR","@id":"https:\/\/dicodusport.fr\/blog\/euro-2020-le-portugal-peut-il-conserver-son-titre\/#primaryimage","url":"https:\/\/dicodusport.fr\/blog\/wp-content\/uploads\/2021\/06\/Euro-2020-Le-Portugal-peut-il-conserver-son-titre.png","contentUrl":"https:\/\/dicodusport.fr\/blog\/wp-content\/uploads\/2021\/06\/Euro-2020-Le-Portugal-peut-il-conserver-son-titre.png","width":800,"height":445,"caption":"Euro 2020 : Le Portugal peut-il conserver son titre ?"},{"@type":"BreadcrumbList","@id":"https:\/\/dicodusport.fr\/blog\/euro-2020-le-portugal-peut-il-conserver-son-titre\/#breadcrumb","itemListElement":[{"@type":"ListItem","position":1,"name":"Accueil","item":"https:\/\/dicodusport.fr\/blog\/"},{"@type":"ListItem","position":2,"name":"Euro 2020 : Le Portugal peut-il conserver son titre ?"}]},{"@type":"WebSite","@id":"https:\/\/dicodusport.fr\/blog\/#website","url":"https:\/\/dicodusport.fr\/blog\/","name":"Dicodusport","description":"L&#039;encyclop\u00e9die de l&#039;actualit\u00e9 sportive","publisher":{"@id":"https:\/\/dicodusport.fr\/blog\/#organization"},"potentialAction":[{"@type":"SearchAction","target":{"@type":"EntryPoint","urlTemplate":"https:\/\/dicodusport.fr\/blog\/?s={search_term_string}"},"query-input":{"@type":"PropertyValueSpecification","valueRequired":true,"valueName":"search_term_string"}}],"inLanguage":"fr-FR"},{"@type":"NewsMediaOrganization","@id":"https:\/\/dicodusport.fr\/blog\/#organization","name":"Dicodusport","url":"https:\/\/dicodusport.fr\/blog\/","logo":{"@type":"ImageObject","inLanguage":"fr-FR","@id":"https:\/\/dicodusport.fr\/blog\/#\/schema\/logo\/image\/","url":"https:\/\/dicodusport.fr\/blog\/wp-content\/uploads\/2020\/06\/cropped-LOGO-DICODUSPORT-2020-SANS-FOND-SANS-TEXTE.png","contentUrl":"https:\/\/dicodusport.fr\/blog\/wp-content\/uploads\/2020\/06\/cropped-LOGO-DICODUSPORT-2020-SANS-FOND-SANS-TEXTE.png","width":512,"height":512,"caption":"Dicodusport"},"image":{"@id":"https:\/\/dicodusport.fr\/blog\/#\/schema\/logo\/image\/"},"sameAs":["https:\/\/www.facebook.com\/dicodusport","https:\/\/x.com\/dicodusport","https:\/\/www.instagram.com\/dicodusport\/","https:\/\/www.youtube.com\/channel\/UC7V2KZ5sd3htJivAbA4ZG3w"],"description":"Dicodusport est l'encyclop\u00e9die de l'actualit\u00e9 sportive.","email":"bonjour@dicodusport.fr","legalName":"DICODUSPORT","foundingDate":"2018-01-14","vatID":"FR71834470973","taxID":"83447097300043","numberOfEmployees":{"@type":"QuantitativeValue","minValue":"1","maxValue":"10"}},{"@type":"Person","@id":"https:\/\/dicodusport.fr\/blog\/#\/schema\/person\/819fb2545dd2715bd7c0580d6d4b411a","name":"Roxane Lecacher","image":{"@type":"ImageObject","inLanguage":"fr-FR","@id":"https:\/\/dicodusport.fr\/blog\/#\/schema\/person\/image\/","url":"https:\/\/dicodusport.fr\/blog\/wp-content\/uploads\/2021\/05\/Roxane-Lecacher-150x150.jpg","contentUrl":"https:\/\/dicodusport.fr\/blog\/wp-content\/uploads\/2021\/05\/Roxane-Lecacher-150x150.jpg","caption":"Roxane Lecacher"},"description":"Journaliste\/r\u00e9dactrice depuis janvier 2021 - N\u00e9e quelques jours avant la premi\u00e8re \u00e9toile des Bleus, je baigne dans une famille tr\u00e8s sportive. Je n\u2019ai eu d\u2019autres choix que de me passionner pour le sujet. Pratiquante de l\u2019athl\u00e9tisme depuis toute petite, j\u2019ai aussi un attrait tout particulier pour la Formule 1, le biathlon et le foot. Pendant les grands \u00e9v\u00e9nements, il est impossible de d\u00e9crocher de ma t\u00e9l\u00e9. C\u2019est \u00e0 travers Dicodusport que j\u2019aime d\u00e9sormais vous transmettre mes \u00e9motions et ma passion.","sameAs":["https:\/\/www.facebook.com\/roxane.lecacher","https:\/\/fr.linkedin.com\/in\/roxane-lecacher-23368313b"],"url":"https:\/\/dicodusport.fr\/blog\/author\/roxanel\/"}]}},"_links":{"self":[{"href":"https:\/\/dicodusport.fr\/blog\/wp-json\/wp\/v2\/posts\/135780","targetHints":{"allow":["GET"]}}],"collection":[{"href":"https:\/\/dicodusport.fr\/blog\/wp-json\/wp\/v2\/posts"}],"about":[{"href":"https:\/\/dicodusport.fr\/blog\/wp-json\/wp\/v2\/types\/post"}],"author":[{"embeddable":true,"href":"https:\/\/dicodusport.fr\/blog\/wp-json\/wp\/v2\/users\/54"}],"replies":[{"embeddable":true,"href":"https:\/\/dicodusport.fr\/blog\/wp-json\/wp\/v2\/comments?post=135780"}],"version-history":[{"count":0,"href":"https:\/\/dicodusport.fr\/blog\/wp-json\/wp\/v2\/posts\/135780\/revisions"}],"wp:featuredmedia":[{"embeddable":true,"href":"https:\/\/dicodusport.fr\/blog\/wp-json\/wp\/v2\/media\/136090"}],"wp:attachment":[{"href":"https:\/\/dicodusport.fr\/blog\/wp-json\/wp\/v2\/media?parent=135780"}],"wp:term":[{"taxonomy":"category","embeddable":true,"href":"https:\/\/dicodusport.fr\/blog\/wp-json\/wp\/v2\/categories?post=135780"},{"taxonomy":"post_tag","embeddable":true,"href":"https:\/\/dicodusport.fr\/blog\/wp-json\/wp\/v2\/tags?post=135780"}],"curies":[{"name":"wp","href":"https:\/\/api.w.org\/{rel}","templated":true}]}}