{"id":13580,"date":"2018-03-01T16:00:07","date_gmt":"2018-03-01T15:00:07","guid":{"rendered":"http:\/\/dicodusport.fr\/blog\/?p=13580"},"modified":"2018-03-01T15:06:39","modified_gmt":"2018-03-01T14:06:39","slug":"le-mois-de-sylvain-6-fevrier-2018-plus-loin-plus-haut-plus-fort","status":"publish","type":"post","link":"https:\/\/dicodusport.fr\/blog\/le-mois-de-sylvain-6-fevrier-2018-plus-loin-plus-haut-plus-fort\/","title":{"rendered":"Le mois de Sylvain #6\u00a0: f\u00e9vrier 2018, plus loin, plus haut, plus fort"},"content":{"rendered":"<p style=\"text-align: justify;\" align=\"JUSTIFY\"><em><strong>En ce mois olympique, le Mois de Sylvain fera la part belle aux Jeux olympiques d&rsquo;hiver de Pyeongchang, mais pas seulement\u00a0!<\/strong><\/em><\/p>\n<h4 style=\"text-align: justify;\" align=\"JUSTIFY\">La perf du mois\u00a0: Ester Ledecka, la reine des neiges<\/h4>\n<p style=\"text-align: justify;\" align=\"JUSTIFY\">Durant ces Jeux Olympiques, nombre d&rsquo;athl\u00e8tes ont brill\u00e9. <a href=\"http:\/\/dicodusport.fr\/blog\/femme-week-end-double-jeu-ester-ledecka\/\">Mais la performance la plus incroyable reste celle d&rsquo;Ester Ledecka<\/a>. Cette jeune Tch\u00e8que de 22 ans a r\u00e9ussi l&rsquo;exploit de devenir championne olympique \u00e0 la fois en\u00a0ski alpin et en snowboard\u00a0! Snowboardeuse de formation, Ledecka\u00a0a d\u00e9but\u00e9\u00a0en Coupe du monde de ski Alpin il y a seulement 2 ans. Elle n&rsquo;\u00e9tait jamais mont\u00e9e sur un podium de Coupe du Monde. Pourtant, Ledecka s&rsquo;est offert le luxe de coiffer au poteau la fine fleur du ski f\u00e9minin en remportant le Super-G pour 1 centi\u00e8me, surprenant tout le monde, y compris elle.<\/p>\n<p style=\"text-align: justify;\" align=\"JUSTIFY\">Apr\u00e8s cet exploit sur les spatules, Ester Ledecka a encha\u00een\u00e9 sur sa discipline de pr\u00e9dilection, le g\u00e9ant parall\u00e8le en snowboard. Favorite de la comp\u00e9tition, elle a r\u00e9alis\u00e9 le meilleur temps des qualifications, puis s&rsquo;est offert le scalp de Patrizia Kumme championne olympique \u00e0 Sotchi avant de s&rsquo;imposer en finale face \u00e0 Selina J\u00f6rg.<\/p>\n<p style=\"text-align: justify;\" align=\"JUSTIFY\">Une performance historique dont on parlera encore longtemps !<\/p>\n<h4 style=\"text-align: justify;\" align=\"JUSTIFY\">La \u00ab\u00a0contre perf\u00a0\u00bb\u00a0: Tessa Worley<\/h4>\n<p><img loading=\"lazy\" decoding=\"async\" class=\"aligncenter size-full wp-image-13485\" src=\"http:\/\/dicodusport.fr\/blog\/wp-content\/uploads\/2018\/02\/Tessa-Worley-2.png\" alt=\"Tessa Worley\" width=\"800\" height=\"445\" srcset=\"https:\/\/dicodusport.fr\/blog\/wp-content\/uploads\/2018\/02\/Tessa-Worley-2.png 800w, https:\/\/dicodusport.fr\/blog\/wp-content\/uploads\/2018\/02\/Tessa-Worley-2-300x167.png 300w, https:\/\/dicodusport.fr\/blog\/wp-content\/uploads\/2018\/02\/Tessa-Worley-2-768x427.png 768w\" sizes=\"auto, (max-width: 800px) 100vw, 800px\" \/><\/p>\n<p style=\"text-align: justify;\" align=\"JUSTIFY\">Tessa Worley, consid\u00e9r\u00e9e comme la meilleure de chance de m\u00e9daille pour le ski alpin f\u00e9minin fran\u00e7ais, est pass\u00e9e \u00e0 c\u00f4t\u00e9 de ses Jeux. Championne du monde en titre du Slalom G\u00e9ant, la Fran\u00e7aise n&rsquo;a pas r\u00e9ussi \u00e0 compenser le retard pris lors de la premi\u00e8re manche et termine 7\u00e8me de l&rsquo;\u00e9preuve. Ses performances lors du Super-G\u00a0(27\u00e8me place) et de l&rsquo;\u00e9preuve par \u00e9quipe ne lui ont pas permis de rattraper un bilan d\u00e9cevant.<\/p>\n<p style=\"text-align: justify;\" align=\"JUSTIFY\">Actuellement deuxi\u00e8me de la Coupe du Monde de slalom g\u00e9ant, souhaitons lui de se nourrir de cette d\u00e9ception pour aller chercher Viktoria Rebensburg\u00a0et ainsi conserver son titre.<\/p>\n<h4 align=\"JUSTIFY\">L&rsquo;image du mois<\/h4>\n<p align=\"JUSTIFY\">Lors de la victoire des Milwaukee Bucks face au New-York Knicks (103-89) au d\u00e9but du mois, Giannis Antetokounmpo a r\u00e9alis\u00e9 un dunk hallucinant, passant par dessus Tim Hardaway Junior.<\/p>\n<p><span class=\"fnR5fTMSis2c8eKgFvmkPrxEyjNiqPK97Ie4LRHWJ57z9dGOBYXHVoMQAxNU1yZdbkp68J2aCh0tcqwL4bQlW1YVo\"><iframe loading=\"lazy\" title=\"Dunk of the Year Candidate: Giannis Antetokounmpo Literally HURDLES For the Slam\" width=\"740\" height=\"416\" src=\"https:\/\/www.youtube.com\/embed\/MDIQBfdmusY?feature=oembed\" frameborder=\"0\" allow=\"accelerometer; autoplay; clipboard-write; encrypted-media; gyroscope; picture-in-picture; web-share\" allowfullscreen><\/iframe><\/span><\/p>\n<h4 align=\"JUSTIFY\"><\/h4>\n<h4 style=\"text-align: justify;\" align=\"JUSTIFY\">La r\u00e9v\u00e9lation\u00a0: \u00a0Julia Pereira de Sousa<\/h4>\n<p><img loading=\"lazy\" decoding=\"async\" class=\"aligncenter size-full wp-image-13402\" src=\"http:\/\/dicodusport.fr\/blog\/wp-content\/uploads\/2018\/02\/Julia-Pereira-de-Sousa-1.png\" alt=\"Julia Pereira de Sousa\" width=\"800\" height=\"445\" srcset=\"https:\/\/dicodusport.fr\/blog\/wp-content\/uploads\/2018\/02\/Julia-Pereira-de-Sousa-1.png 800w, https:\/\/dicodusport.fr\/blog\/wp-content\/uploads\/2018\/02\/Julia-Pereira-de-Sousa-1-300x167.png 300w, https:\/\/dicodusport.fr\/blog\/wp-content\/uploads\/2018\/02\/Julia-Pereira-de-Sousa-1-768x427.png 768w\" sizes=\"auto, (max-width: 800px) 100vw, 800px\" \/><\/p>\n<p style=\"text-align: justify;\" align=\"JUSTIFY\"><a href=\"https:\/\/dicodusport.fr\/blog\/jo-2018-snowboardcross-f-pereira-de-sousa-argent-moioli-titree\/\">Julia Pereira de Sousa n&rsquo;a que 16 ans mais elle est d\u00e9j\u00e0 m\u00e9daill\u00e9e olympique de\u00a0snowboardcross\u00a0!<\/a> Contrainte de passer par les rep\u00eachages pour se hisser en quart de finale, elle parvient \u00e0 se hisser jusqu&rsquo;en finale. Durant celle-ci, elle est rest\u00e9e au contact de la t\u00eate durant toute la course et d\u00e9croche la m\u00e9daille d&rsquo;argent.<\/p>\n<p style=\"text-align: justify;\" align=\"JUSTIFY\">Si la France avait de grandes chances de m\u00e9dailles dans la discipline, on s&rsquo;attendait plut\u00f4t \u00e0 voir briller Chlo\u00e9 Trespeuch, seconde au classement de la Coupe du monde et en bronze \u00e0 Sotchi. Mais qu&rsquo;importe, la rel\u00e8ve est d\u00e9j\u00e0 assur\u00e9e\u00a0!<\/p>\n<h4 style=\"text-align: justify;\" align=\"JUSTIFY\">Le chiffre\u00a0: 97,75<\/h4>\n<p style=\"text-align: justify;\" align=\"JUSTIFY\">Comme le score r\u00e9alis\u00e9 par Shaun White pour son dernier run lors de l&rsquo;\u00e9preuve de half-pipe des Jeux Olympiques. Un run incroyable lui permettant de remporter son troisi\u00e8me titre olympique, performance in\u00e9dite pour un snowboarder.<\/p>\n<p style=\"text-align: justify;\" align=\"JUSTIFY\">En cadeau, le run de Flying Tomato\u00a0:<\/p>\n<p><a href=\"https:\/\/www.youtube.com\/watch?v=gqzoF0Tf5o4\">https:\/\/www.youtube.com\/watch?v=gqzoF0Tf5o4<\/a><\/p>\n<h4 align=\"JUSTIFY\"><\/h4>\n<h4 style=\"text-align: justify;\" align=\"JUSTIFY\">La bonne nouvelle\u00a0: Le XV de France retrouve enfin le chemin de la victoire<\/h4>\n<p style=\"text-align: justify;\" align=\"JUSTIFY\">En s&rsquo;imposant 34-17 face \u00e0 l&rsquo;Italie pour le compte de la 3\u00e8me journ\u00e9e du Tournoi de VI Nations, le XV de France a enfin mis un terme \u00e0 une effroyable s\u00e9rie de 343 jours sans victoire. Il n&rsquo;y a tout de m\u00eame pas de quoi pavoiser, d&rsquo;autant plus que les hommes de Jacques Brunel ont perdu leurs\u00a0deux premiers matchs du Tournoi face \u00e0 l&rsquo;Irlande et l&rsquo;Ecosse. Mais au moins la France n&rsquo;h\u00e9ritera pas de la cuill\u00e8re de bois&#8230;<\/p>\n<p align=\"JUSTIFY\"><em><strong>Sylvain Leleu<\/strong><br \/>\n<\/em><a href=\"https:\/\/www.facebook.com\/sylvain.leleu.31?ref=br_rs\" target=\"_blank\" rel=\"noopener noreferrer\"><img loading=\"lazy\" decoding=\"async\" class=\"alignnone wp-image-2909\" src=\"http:\/\/dicodusport.fr\/blog\/wp-content\/uploads\/2017\/07\/logo-facebook-150x150.png\" alt=\"\" width=\"40\" height=\"40\" \/><\/a><\/p>\n<p style=\"text-align: justify;\" align=\"JUSTIFY\">\n","protected":false},"excerpt":{"rendered":"<p>En ce mois olympique, le Mois de Sylvain fera la part belle aux Jeux Olympiques d&rsquo;hiver de Pyeongchang, mais pas seulement !<\/p>\n","protected":false},"author":26,"featured_media":13674,"comment_status":"open","ping_status":"closed","sticky":false,"template":"","format":"standard","meta":{"_acf_changed":false,"_daextam_enable_autolinks":"","footnotes":""},"categories":[2,2366],"tags":[2521,3817,2232,1638],"class_list":["post-13580","post","type-post","status-publish","format-standard","has-post-thumbnail","hentry","category-actualites","category-multisports","tag-giannis-antetokounmpo","tag-julia-pereira-de-sousa","tag-tessa-worley","tag-xv-de-france"],"acf":[],"yoast_head":"<!-- This site is optimized with the Yoast SEO Premium plugin v26.7 (Yoast SEO v26.7) - https:\/\/yoast.com\/wordpress\/plugins\/seo\/ -->\n<title>Le mois de Sylvain #6\u00a0: f\u00e9vrier 2018, plus loin, plus haut, plus fort<\/title>\n<meta name=\"description\" content=\"En ce mois Olympique, le Mois de Sylvain fera la part belle aux Jeux olympiques d&#039;hiver de Pyeongchang, mais pas seulement\u00a0!\" \/>\n<meta name=\"robots\" content=\"index, follow, max-snippet:-1, max-image-preview:large, max-video-preview:-1\" \/>\n<link rel=\"canonical\" href=\"https:\/\/dicodusport.fr\/blog\/le-mois-de-sylvain-6-fevrier-2018-plus-loin-plus-haut-plus-fort\/\" \/>\n<meta property=\"og:locale\" content=\"fr_FR\" \/>\n<meta property=\"og:type\" content=\"article\" \/>\n<meta property=\"og:title\" content=\"Le mois de Sylvain #6\u00a0: f\u00e9vrier 2018, plus loin, plus haut, plus fort\" \/>\n<meta property=\"og:description\" content=\"En ce mois Olympique, le Mois de Sylvain fera la part belle aux Jeux olympiques d&#039;hiver de Pyeongchang, mais pas seulement\u00a0!\" \/>\n<meta property=\"og:url\" content=\"https:\/\/dicodusport.fr\/blog\/le-mois-de-sylvain-6-fevrier-2018-plus-loin-plus-haut-plus-fort\/\" \/>\n<meta property=\"og:site_name\" content=\"Dicodusport\" \/>\n<meta property=\"article:publisher\" content=\"https:\/\/www.facebook.com\/dicodusport\" \/>\n<meta property=\"article:published_time\" content=\"2018-03-01T15:00:07+00:00\" \/>\n<meta property=\"og:image\" content=\"https:\/\/dicodusport.fr\/blog\/wp-content\/uploads\/2018\/03\/Ester-Ledecka-le-mois-de-Sylvain.png\" \/>\n\t<meta property=\"og:image:width\" content=\"1200\" \/>\n\t<meta property=\"og:image:height\" content=\"670\" \/>\n\t<meta property=\"og:image:type\" content=\"image\/png\" \/>\n<meta name=\"author\" content=\"Sylvain\" \/>\n<meta name=\"twitter:card\" content=\"summary_large_image\" \/>\n<meta name=\"twitter:creator\" content=\"@dicodusport\" \/>\n<meta name=\"twitter:site\" content=\"@dicodusport\" \/>\n<script type=\"application\/ld+json\" class=\"yoast-schema-graph\">{\"@context\":\"https:\/\/schema.org\",\"@graph\":[{\"@type\":\"NewsArticle\",\"@id\":\"https:\/\/dicodusport.fr\/blog\/le-mois-de-sylvain-6-fevrier-2018-plus-loin-plus-haut-plus-fort\/#article\",\"isPartOf\":{\"@id\":\"https:\/\/dicodusport.fr\/blog\/le-mois-de-sylvain-6-fevrier-2018-plus-loin-plus-haut-plus-fort\/\"},\"author\":{\"name\":\"Sylvain\",\"@id\":\"https:\/\/dicodusport.fr\/blog\/#\/schema\/person\/0b5160bdeebad496060fe9e40cebd0ba\"},\"headline\":\"Le mois de Sylvain #6\u00a0: f\u00e9vrier 2018, plus loin, plus haut, plus fort\",\"datePublished\":\"2018-03-01T15:00:07+00:00\",\"mainEntityOfPage\":{\"@id\":\"https:\/\/dicodusport.fr\/blog\/le-mois-de-sylvain-6-fevrier-2018-plus-loin-plus-haut-plus-fort\/\"},\"wordCount\":666,\"commentCount\":0,\"publisher\":{\"@id\":\"https:\/\/dicodusport.fr\/blog\/#organization\"},\"image\":{\"@id\":\"https:\/\/dicodusport.fr\/blog\/le-mois-de-sylvain-6-fevrier-2018-plus-loin-plus-haut-plus-fort\/#primaryimage\"},\"thumbnailUrl\":\"https:\/\/dicodusport.fr\/blog\/wp-content\/uploads\/2018\/03\/Ester-Ledecka-le-mois-de-Sylvain.png\",\"keywords\":[\"Giannis Antetokounmpo\",\"Julia Pereira de Sousa\",\"Tessa Worley\",\"XV de France\"],\"articleSection\":[\"Actualit\u00e9s\",\"Multisports\"],\"inLanguage\":\"fr-FR\",\"potentialAction\":[{\"@type\":\"CommentAction\",\"name\":\"Comment\",\"target\":[\"https:\/\/dicodusport.fr\/blog\/le-mois-de-sylvain-6-fevrier-2018-plus-loin-plus-haut-plus-fort\/#respond\"]}],\"copyrightYear\":\"2018\",\"copyrightHolder\":{\"@id\":\"https:\/\/dicodusport.fr\/blog\/#organization\"}},{\"@type\":\"WebPage\",\"@id\":\"https:\/\/dicodusport.fr\/blog\/le-mois-de-sylvain-6-fevrier-2018-plus-loin-plus-haut-plus-fort\/\",\"url\":\"https:\/\/dicodusport.fr\/blog\/le-mois-de-sylvain-6-fevrier-2018-plus-loin-plus-haut-plus-fort\/\",\"name\":\"Le mois de Sylvain #6\u00a0: f\u00e9vrier 2018, plus loin, plus haut, plus fort\",\"isPartOf\":{\"@id\":\"https:\/\/dicodusport.fr\/blog\/#website\"},\"primaryImageOfPage\":{\"@id\":\"https:\/\/dicodusport.fr\/blog\/le-mois-de-sylvain-6-fevrier-2018-plus-loin-plus-haut-plus-fort\/#primaryimage\"},\"image\":{\"@id\":\"https:\/\/dicodusport.fr\/blog\/le-mois-de-sylvain-6-fevrier-2018-plus-loin-plus-haut-plus-fort\/#primaryimage\"},\"thumbnailUrl\":\"https:\/\/dicodusport.fr\/blog\/wp-content\/uploads\/2018\/03\/Ester-Ledecka-le-mois-de-Sylvain.png\",\"datePublished\":\"2018-03-01T15:00:07+00:00\",\"description\":\"En ce mois Olympique, le Mois de Sylvain fera la part belle aux Jeux olympiques d'hiver de Pyeongchang, mais pas seulement\u00a0!\",\"breadcrumb\":{\"@id\":\"https:\/\/dicodusport.fr\/blog\/le-mois-de-sylvain-6-fevrier-2018-plus-loin-plus-haut-plus-fort\/#breadcrumb\"},\"inLanguage\":\"fr-FR\",\"potentialAction\":[{\"@type\":\"ReadAction\",\"target\":[\"https:\/\/dicodusport.fr\/blog\/le-mois-de-sylvain-6-fevrier-2018-plus-loin-plus-haut-plus-fort\/\"]}]},{\"@type\":\"ImageObject\",\"inLanguage\":\"fr-FR\",\"@id\":\"https:\/\/dicodusport.fr\/blog\/le-mois-de-sylvain-6-fevrier-2018-plus-loin-plus-haut-plus-fort\/#primaryimage\",\"url\":\"https:\/\/dicodusport.fr\/blog\/wp-content\/uploads\/2018\/03\/Ester-Ledecka-le-mois-de-Sylvain.png\",\"contentUrl\":\"https:\/\/dicodusport.fr\/blog\/wp-content\/uploads\/2018\/03\/Ester-Ledecka-le-mois-de-Sylvain.png\",\"width\":1200,\"height\":670,\"caption\":\"Ester Ledecka le mois de Sylvain\"},{\"@type\":\"BreadcrumbList\",\"@id\":\"https:\/\/dicodusport.fr\/blog\/le-mois-de-sylvain-6-fevrier-2018-plus-loin-plus-haut-plus-fort\/#breadcrumb\",\"itemListElement\":[{\"@type\":\"ListItem\",\"position\":1,\"name\":\"Accueil\",\"item\":\"https:\/\/dicodusport.fr\/blog\/\"},{\"@type\":\"ListItem\",\"position\":2,\"name\":\"Le mois de Sylvain #6\u00a0: f\u00e9vrier 2018, plus loin, plus haut, plus fort\"}]},{\"@type\":\"WebSite\",\"@id\":\"https:\/\/dicodusport.fr\/blog\/#website\",\"url\":\"https:\/\/dicodusport.fr\/blog\/\",\"name\":\"Dicodusport\",\"description\":\"L&#039;encyclop\u00e9die de l&#039;actualit\u00e9 sportive\",\"publisher\":{\"@id\":\"https:\/\/dicodusport.fr\/blog\/#organization\"},\"potentialAction\":[{\"@type\":\"SearchAction\",\"target\":{\"@type\":\"EntryPoint\",\"urlTemplate\":\"https:\/\/dicodusport.fr\/blog\/?s={search_term_string}\"},\"query-input\":{\"@type\":\"PropertyValueSpecification\",\"valueRequired\":true,\"valueName\":\"search_term_string\"}}],\"inLanguage\":\"fr-FR\"},{\"@type\":\"NewsMediaOrganization\",\"@id\":\"https:\/\/dicodusport.fr\/blog\/#organization\",\"name\":\"Dicodusport\",\"url\":\"https:\/\/dicodusport.fr\/blog\/\",\"logo\":{\"@type\":\"ImageObject\",\"inLanguage\":\"fr-FR\",\"@id\":\"https:\/\/dicodusport.fr\/blog\/#\/schema\/logo\/image\/\",\"url\":\"https:\/\/dicodusport.fr\/blog\/wp-content\/uploads\/2020\/06\/cropped-LOGO-DICODUSPORT-2020-SANS-FOND-SANS-TEXTE.png\",\"contentUrl\":\"https:\/\/dicodusport.fr\/blog\/wp-content\/uploads\/2020\/06\/cropped-LOGO-DICODUSPORT-2020-SANS-FOND-SANS-TEXTE.png\",\"width\":512,\"height\":512,\"caption\":\"Dicodusport\"},\"image\":{\"@id\":\"https:\/\/dicodusport.fr\/blog\/#\/schema\/logo\/image\/\"},\"sameAs\":[\"https:\/\/www.facebook.com\/dicodusport\",\"https:\/\/x.com\/dicodusport\",\"https:\/\/www.instagram.com\/dicodusport\/\",\"https:\/\/www.youtube.com\/channel\/UC7V2KZ5sd3htJivAbA4ZG3w\"],\"description\":\"Dicodusport est l'encyclop\u00e9die de l'actualit\u00e9 sportive.\",\"email\":\"bonjour@dicodusport.fr\",\"legalName\":\"DICODUSPORT\",\"foundingDate\":\"2018-01-14\",\"vatID\":\"FR71834470973\",\"taxID\":\"83447097300043\",\"numberOfEmployees\":{\"@type\":\"QuantitativeValue\",\"minValue\":\"1\",\"maxValue\":\"10\"}},{\"@type\":\"Person\",\"@id\":\"https:\/\/dicodusport.fr\/blog\/#\/schema\/person\/0b5160bdeebad496060fe9e40cebd0ba\",\"name\":\"Sylvain\",\"image\":{\"@type\":\"ImageObject\",\"inLanguage\":\"fr-FR\",\"@id\":\"https:\/\/dicodusport.fr\/blog\/#\/schema\/person\/image\/\",\"url\":\"https:\/\/dicodusport.fr\/blog\/wp-content\/uploads\/2018\/06\/User-blue-icon-150x150.png\",\"contentUrl\":\"https:\/\/dicodusport.fr\/blog\/wp-content\/uploads\/2018\/06\/User-blue-icon-150x150.png\",\"caption\":\"Sylvain\"},\"url\":\"https:\/\/dicodusport.fr\/blog\/author\/sylvain\/\"}]}<\/script>\n<!-- \/ Yoast SEO Premium plugin. -->","yoast_head_json":{"title":"Le mois de Sylvain #6\u00a0: f\u00e9vrier 2018, plus loin, plus haut, plus fort","description":"En ce mois Olympique, le Mois de Sylvain fera la part belle aux Jeux olympiques d'hiver de Pyeongchang, mais pas seulement\u00a0!","robots":{"index":"index","follow":"follow","max-snippet":"max-snippet:-1","max-image-preview":"max-image-preview:large","max-video-preview":"max-video-preview:-1"},"canonical":"https:\/\/dicodusport.fr\/blog\/le-mois-de-sylvain-6-fevrier-2018-plus-loin-plus-haut-plus-fort\/","og_locale":"fr_FR","og_type":"article","og_title":"Le mois de Sylvain #6\u00a0: f\u00e9vrier 2018, plus loin, plus haut, plus fort","og_description":"En ce mois Olympique, le Mois de Sylvain fera la part belle aux Jeux olympiques d'hiver de Pyeongchang, mais pas seulement\u00a0!","og_url":"https:\/\/dicodusport.fr\/blog\/le-mois-de-sylvain-6-fevrier-2018-plus-loin-plus-haut-plus-fort\/","og_site_name":"Dicodusport","article_publisher":"https:\/\/www.facebook.com\/dicodusport","article_published_time":"2018-03-01T15:00:07+00:00","og_image":[{"width":1200,"height":670,"url":"https:\/\/dicodusport.fr\/blog\/wp-content\/uploads\/2018\/03\/Ester-Ledecka-le-mois-de-Sylvain.png","type":"image\/png"}],"author":"Sylvain","twitter_card":"summary_large_image","twitter_creator":"@dicodusport","twitter_site":"@dicodusport","schema":{"@context":"https:\/\/schema.org","@graph":[{"@type":"NewsArticle","@id":"https:\/\/dicodusport.fr\/blog\/le-mois-de-sylvain-6-fevrier-2018-plus-loin-plus-haut-plus-fort\/#article","isPartOf":{"@id":"https:\/\/dicodusport.fr\/blog\/le-mois-de-sylvain-6-fevrier-2018-plus-loin-plus-haut-plus-fort\/"},"author":{"name":"Sylvain","@id":"https:\/\/dicodusport.fr\/blog\/#\/schema\/person\/0b5160bdeebad496060fe9e40cebd0ba"},"headline":"Le mois de Sylvain #6\u00a0: f\u00e9vrier 2018, plus loin, plus haut, plus fort","datePublished":"2018-03-01T15:00:07+00:00","mainEntityOfPage":{"@id":"https:\/\/dicodusport.fr\/blog\/le-mois-de-sylvain-6-fevrier-2018-plus-loin-plus-haut-plus-fort\/"},"wordCount":666,"commentCount":0,"publisher":{"@id":"https:\/\/dicodusport.fr\/blog\/#organization"},"image":{"@id":"https:\/\/dicodusport.fr\/blog\/le-mois-de-sylvain-6-fevrier-2018-plus-loin-plus-haut-plus-fort\/#primaryimage"},"thumbnailUrl":"https:\/\/dicodusport.fr\/blog\/wp-content\/uploads\/2018\/03\/Ester-Ledecka-le-mois-de-Sylvain.png","keywords":["Giannis Antetokounmpo","Julia Pereira de Sousa","Tessa Worley","XV de France"],"articleSection":["Actualit\u00e9s","Multisports"],"inLanguage":"fr-FR","potentialAction":[{"@type":"CommentAction","name":"Comment","target":["https:\/\/dicodusport.fr\/blog\/le-mois-de-sylvain-6-fevrier-2018-plus-loin-plus-haut-plus-fort\/#respond"]}],"copyrightYear":"2018","copyrightHolder":{"@id":"https:\/\/dicodusport.fr\/blog\/#organization"}},{"@type":"WebPage","@id":"https:\/\/dicodusport.fr\/blog\/le-mois-de-sylvain-6-fevrier-2018-plus-loin-plus-haut-plus-fort\/","url":"https:\/\/dicodusport.fr\/blog\/le-mois-de-sylvain-6-fevrier-2018-plus-loin-plus-haut-plus-fort\/","name":"Le mois de Sylvain #6\u00a0: f\u00e9vrier 2018, plus loin, plus haut, plus fort","isPartOf":{"@id":"https:\/\/dicodusport.fr\/blog\/#website"},"primaryImageOfPage":{"@id":"https:\/\/dicodusport.fr\/blog\/le-mois-de-sylvain-6-fevrier-2018-plus-loin-plus-haut-plus-fort\/#primaryimage"},"image":{"@id":"https:\/\/dicodusport.fr\/blog\/le-mois-de-sylvain-6-fevrier-2018-plus-loin-plus-haut-plus-fort\/#primaryimage"},"thumbnailUrl":"https:\/\/dicodusport.fr\/blog\/wp-content\/uploads\/2018\/03\/Ester-Ledecka-le-mois-de-Sylvain.png","datePublished":"2018-03-01T15:00:07+00:00","description":"En ce mois Olympique, le Mois de Sylvain fera la part belle aux Jeux olympiques d'hiver de Pyeongchang, mais pas seulement\u00a0!","breadcrumb":{"@id":"https:\/\/dicodusport.fr\/blog\/le-mois-de-sylvain-6-fevrier-2018-plus-loin-plus-haut-plus-fort\/#breadcrumb"},"inLanguage":"fr-FR","potentialAction":[{"@type":"ReadAction","target":["https:\/\/dicodusport.fr\/blog\/le-mois-de-sylvain-6-fevrier-2018-plus-loin-plus-haut-plus-fort\/"]}]},{"@type":"ImageObject","inLanguage":"fr-FR","@id":"https:\/\/dicodusport.fr\/blog\/le-mois-de-sylvain-6-fevrier-2018-plus-loin-plus-haut-plus-fort\/#primaryimage","url":"https:\/\/dicodusport.fr\/blog\/wp-content\/uploads\/2018\/03\/Ester-Ledecka-le-mois-de-Sylvain.png","contentUrl":"https:\/\/dicodusport.fr\/blog\/wp-content\/uploads\/2018\/03\/Ester-Ledecka-le-mois-de-Sylvain.png","width":1200,"height":670,"caption":"Ester Ledecka le mois de Sylvain"},{"@type":"BreadcrumbList","@id":"https:\/\/dicodusport.fr\/blog\/le-mois-de-sylvain-6-fevrier-2018-plus-loin-plus-haut-plus-fort\/#breadcrumb","itemListElement":[{"@type":"ListItem","position":1,"name":"Accueil","item":"https:\/\/dicodusport.fr\/blog\/"},{"@type":"ListItem","position":2,"name":"Le mois de Sylvain #6\u00a0: f\u00e9vrier 2018, plus loin, plus haut, plus fort"}]},{"@type":"WebSite","@id":"https:\/\/dicodusport.fr\/blog\/#website","url":"https:\/\/dicodusport.fr\/blog\/","name":"Dicodusport","description":"L&#039;encyclop\u00e9die de l&#039;actualit\u00e9 sportive","publisher":{"@id":"https:\/\/dicodusport.fr\/blog\/#organization"},"potentialAction":[{"@type":"SearchAction","target":{"@type":"EntryPoint","urlTemplate":"https:\/\/dicodusport.fr\/blog\/?s={search_term_string}"},"query-input":{"@type":"PropertyValueSpecification","valueRequired":true,"valueName":"search_term_string"}}],"inLanguage":"fr-FR"},{"@type":"NewsMediaOrganization","@id":"https:\/\/dicodusport.fr\/blog\/#organization","name":"Dicodusport","url":"https:\/\/dicodusport.fr\/blog\/","logo":{"@type":"ImageObject","inLanguage":"fr-FR","@id":"https:\/\/dicodusport.fr\/blog\/#\/schema\/logo\/image\/","url":"https:\/\/dicodusport.fr\/blog\/wp-content\/uploads\/2020\/06\/cropped-LOGO-DICODUSPORT-2020-SANS-FOND-SANS-TEXTE.png","contentUrl":"https:\/\/dicodusport.fr\/blog\/wp-content\/uploads\/2020\/06\/cropped-LOGO-DICODUSPORT-2020-SANS-FOND-SANS-TEXTE.png","width":512,"height":512,"caption":"Dicodusport"},"image":{"@id":"https:\/\/dicodusport.fr\/blog\/#\/schema\/logo\/image\/"},"sameAs":["https:\/\/www.facebook.com\/dicodusport","https:\/\/x.com\/dicodusport","https:\/\/www.instagram.com\/dicodusport\/","https:\/\/www.youtube.com\/channel\/UC7V2KZ5sd3htJivAbA4ZG3w"],"description":"Dicodusport est l'encyclop\u00e9die de l'actualit\u00e9 sportive.","email":"bonjour@dicodusport.fr","legalName":"DICODUSPORT","foundingDate":"2018-01-14","vatID":"FR71834470973","taxID":"83447097300043","numberOfEmployees":{"@type":"QuantitativeValue","minValue":"1","maxValue":"10"}},{"@type":"Person","@id":"https:\/\/dicodusport.fr\/blog\/#\/schema\/person\/0b5160bdeebad496060fe9e40cebd0ba","name":"Sylvain","image":{"@type":"ImageObject","inLanguage":"fr-FR","@id":"https:\/\/dicodusport.fr\/blog\/#\/schema\/person\/image\/","url":"https:\/\/dicodusport.fr\/blog\/wp-content\/uploads\/2018\/06\/User-blue-icon-150x150.png","contentUrl":"https:\/\/dicodusport.fr\/blog\/wp-content\/uploads\/2018\/06\/User-blue-icon-150x150.png","caption":"Sylvain"},"url":"https:\/\/dicodusport.fr\/blog\/author\/sylvain\/"}]}},"_links":{"self":[{"href":"https:\/\/dicodusport.fr\/blog\/wp-json\/wp\/v2\/posts\/13580","targetHints":{"allow":["GET"]}}],"collection":[{"href":"https:\/\/dicodusport.fr\/blog\/wp-json\/wp\/v2\/posts"}],"about":[{"href":"https:\/\/dicodusport.fr\/blog\/wp-json\/wp\/v2\/types\/post"}],"author":[{"embeddable":true,"href":"https:\/\/dicodusport.fr\/blog\/wp-json\/wp\/v2\/users\/26"}],"replies":[{"embeddable":true,"href":"https:\/\/dicodusport.fr\/blog\/wp-json\/wp\/v2\/comments?post=13580"}],"version-history":[{"count":0,"href":"https:\/\/dicodusport.fr\/blog\/wp-json\/wp\/v2\/posts\/13580\/revisions"}],"wp:featuredmedia":[{"embeddable":true,"href":"https:\/\/dicodusport.fr\/blog\/wp-json\/wp\/v2\/media\/13674"}],"wp:attachment":[{"href":"https:\/\/dicodusport.fr\/blog\/wp-json\/wp\/v2\/media?parent=13580"}],"wp:term":[{"taxonomy":"category","embeddable":true,"href":"https:\/\/dicodusport.fr\/blog\/wp-json\/wp\/v2\/categories?post=13580"},{"taxonomy":"post_tag","embeddable":true,"href":"https:\/\/dicodusport.fr\/blog\/wp-json\/wp\/v2\/tags?post=13580"}],"curies":[{"name":"wp","href":"https:\/\/api.w.org\/{rel}","templated":true}]}}