{"id":135891,"date":"2021-06-05T14:56:39","date_gmt":"2021-06-05T12:56:39","guid":{"rendered":"https:\/\/dicodusport.fr\/blog\/?p=135891&#038;preview=true&#038;preview_id=135891"},"modified":"2021-06-05T21:40:03","modified_gmt":"2021-06-05T19:40:03","slug":"motogp-grand-prix-de-catalogne-fabio-quartararo-decroche-une-5eme-pole-position-cette-saison","status":"publish","type":"post","link":"https:\/\/dicodusport.fr\/blog\/motogp-grand-prix-de-catalogne-fabio-quartararo-decroche-une-5eme-pole-position-cette-saison\/","title":{"rendered":"Grand Prix de Catalogne : Fabio Quartararo d\u00e9croche une 5\u00e8me pole position cette saison"},"content":{"rendered":"<p style=\"text-align: justify;\"><strong><em><a href=\"https:\/\/dicodusport.fr\/blog\/motogp-grand-prix-de-catalogne-2021-horaires-et-programme-tv-complet\/\">MOTOGP &#8211; GRAND PRIX DE CATALOGNE<\/a> &#8211; Intouchable, Fabio Quartararo (Yamaha) a d\u00e9croch\u00e9 une nouvelle pole position, en Catalogne cette fois. Le Ni\u00e7ois, poleman pour la 15\u00e8me fois en cat\u00e9gorie reine, devance la Ducati officielle de Jack Miller et la Pramac de son compatriote, Johann Zarco.<\/em><\/strong><\/p>\n<p style=\"text-align: justify;\">El Diablo a assum\u00e9 son statut ! Arriv\u00e9 dans la peau du favori en Catalogne, <strong>Fabio Quartararo<\/strong> (Yamaha) a d\u00e9croch\u00e9 ce samedi sa 5\u00e8me pole position cette saison, la 5\u00e8me cons\u00e9cutive ! S\u00fbr de sa force et de sa moto, le Ni\u00e7ois, en 1:38.853, devance un <strong>Jack Miller<\/strong> (Ducati) qui avait d\u00fb passer par la Q1 pour rejoindre la Q2. <strong>Johann Zarco<\/strong> (Pramac) confirme aussi sa bonne forme, avec une troisi\u00e8me place sur la grille, et toutes ses chances pour la course de dimanche.<\/p>\n<p style=\"text-align: justify;\">Derri\u00e8re, les KTM d&rsquo;<strong>Oliveira<\/strong> et <strong>Binder<\/strong> ont confirm\u00e9 leur bonne forme du Grand Prix d&rsquo;Italie, en s&rsquo;\u00e9lan\u00e7ant des 4\u00e8me et 8\u00e8me rang. <strong>Joan Mir<\/strong> (Suzuki), champion du monde en titre, ne s&rsquo;\u00e9lancera qu&rsquo;en 10\u00e8me position. Nouvelle d\u00e9ception pour <strong>Marc Marquez<\/strong> (Honda), seulement 13\u00e8me sur la grille.<\/p>\n<blockquote class=\"twitter-tweet\">\n<p dir=\"ltr\" lang=\"fr\">.<a href=\"https:\/\/twitter.com\/FabioQ20?ref_src=twsrc%5Etfw\">@FabioQ20<\/a> encore en pole &#x1f60d; <a href=\"https:\/\/twitter.com\/hashtag\/CatalanGP?src=hash&amp;ref_src=twsrc%5Etfw\">#CatalanGP<\/a><\/p>\n<p>Le Ni\u00e7ois r\u00e9alise sa 5\u00e8me pole position d&rsquo;affil\u00e9e. Juste exceptionnel ! &#x1f44f;<\/p>\n<p>\u00c9norme tour de <a href=\"https:\/\/twitter.com\/JohannZarco1?ref_src=twsrc%5Etfw\">@JohannZarco1<\/a>, qui se place en 1re ligne &#x1f601; <a href=\"https:\/\/t.co\/xXDnyKsQjM\">pic.twitter.com\/xXDnyKsQjM<\/a><\/p>\n<p>\u2014 CANAL+ MotoGP&#x2122; (@CanalplusMotoGP) <a href=\"https:\/\/twitter.com\/CanalplusMotoGP\/status\/1401161162675429378?ref_src=twsrc%5Etfw\">June 5, 2021<\/a><\/p><\/blockquote>\n<p><script async src=\"https:\/\/platform.twitter.com\/widgets.js\" charset=\"utf-8\"><\/script><\/p>\n<ul>\n<li style=\"text-align: justify;\"><a href=\"https:\/\/dicodusport.fr\/blog\/motogp-grand-prix-de-catalogne-2021-grille-de-depart\/?utm_source=rss&amp;utm_medium=rss&amp;utm_campaign=motogp-grand-prix-de-catalogne-2021-grille-de-depart\"><strong>La grille de d\u00e9part du Grand Prix de Catalogne<\/strong><\/a><\/li>\n<\/ul>\n","protected":false},"excerpt":{"rendered":"<p>MOTOGP &#8211; GRAND PRIX DE CATALOGNE &#8211; Intouchable, Fabio Quartararo (Yamaha) a d\u00e9croch\u00e9 une nouvelle pole position, en Catalogne cette fois. Le Ni\u00e7ois devance la Ducati officielle de Jack Miller et la Pramac de son compatriote, Johann Zarco.<\/p>\n","protected":false},"author":4,"featured_media":134101,"comment_status":"open","ping_status":"closed","sticky":false,"template":"","format":"standard","meta":{"_acf_changed":false,"_daextam_enable_autolinks":"","footnotes":""},"categories":[47087],"tags":[11776,10938,24],"class_list":["post-135891","post","type-post","status-publish","format-standard","has-post-thumbnail","hentry","category-motogp","tag-grand-prix-de-catalogne","tag-motogp","tag-sport"],"acf":[],"yoast_head":"<!-- This site is optimized with the Yoast SEO Premium plugin v26.7 (Yoast SEO v26.7) - https:\/\/yoast.com\/wordpress\/plugins\/seo\/ -->\n<title>Grand Prix de Catalogne : Fabio Quartararo d\u00e9croche une 5\u00e8me pole position cette saison<\/title>\n<meta name=\"description\" content=\"MOTOGP - GRAND PRIX DE CATALOGNE - Intouchable, Fabio Quartararo (Yamaha) a d\u00e9croch\u00e9 une nouvelle pole position, en Catalogne cette fois.\" \/>\n<meta name=\"robots\" content=\"index, follow, max-snippet:-1, max-image-preview:large, max-video-preview:-1\" \/>\n<link rel=\"canonical\" href=\"https:\/\/dicodusport.fr\/blog\/motogp-grand-prix-de-catalogne-fabio-quartararo-decroche-une-5eme-pole-position-cette-saison\/\" \/>\n<meta property=\"og:locale\" content=\"fr_FR\" \/>\n<meta property=\"og:type\" content=\"article\" \/>\n<meta property=\"og:title\" content=\"Grand Prix de Catalogne : Fabio Quartararo d\u00e9croche une 5\u00e8me pole position cette saison\" \/>\n<meta property=\"og:description\" content=\"MOTOGP - GRAND PRIX DE CATALOGNE - Intouchable, Fabio Quartararo (Yamaha) a d\u00e9croch\u00e9 une nouvelle pole position, en Catalogne cette fois.\" \/>\n<meta property=\"og:url\" content=\"https:\/\/dicodusport.fr\/blog\/motogp-grand-prix-de-catalogne-fabio-quartararo-decroche-une-5eme-pole-position-cette-saison\/\" \/>\n<meta property=\"og:site_name\" content=\"Dicodusport\" \/>\n<meta property=\"article:publisher\" content=\"https:\/\/www.facebook.com\/dicodusport\" \/>\n<meta property=\"article:author\" content=\"https:\/\/www.facebook.com\/florent.ostermann\" \/>\n<meta property=\"article:published_time\" content=\"2021-06-05T12:56:39+00:00\" \/>\n<meta property=\"article:modified_time\" content=\"2021-06-05T19:40:03+00:00\" \/>\n<meta property=\"og:image\" content=\"https:\/\/dicodusport.fr\/blog\/wp-content\/uploads\/2021\/05\/Grand-Prix-dItalie-Fabio-Quartararo-roi-du-Mugello-.png\" \/>\n\t<meta property=\"og:image:width\" content=\"800\" \/>\n\t<meta property=\"og:image:height\" content=\"445\" \/>\n\t<meta property=\"og:image:type\" content=\"image\/png\" \/>\n<meta name=\"author\" content=\"Flo Ostermann\" \/>\n<meta name=\"twitter:card\" content=\"summary_large_image\" \/>\n<meta name=\"twitter:title\" content=\"Grand Prix de Catalogne : Fabio Quartararo d\u00e9croche une 5\u00e8me pole position cette saison\" \/>\n<meta name=\"twitter:creator\" content=\"@https:\/\/twitter.com\/FlOstermann\" \/>\n<meta name=\"twitter:site\" content=\"@dicodusport\" \/>\n<script type=\"application\/ld+json\" class=\"yoast-schema-graph\">{\"@context\":\"https:\/\/schema.org\",\"@graph\":[{\"@type\":\"NewsArticle\",\"@id\":\"https:\/\/dicodusport.fr\/blog\/motogp-grand-prix-de-catalogne-fabio-quartararo-decroche-une-5eme-pole-position-cette-saison\/#article\",\"isPartOf\":{\"@id\":\"https:\/\/dicodusport.fr\/blog\/motogp-grand-prix-de-catalogne-fabio-quartararo-decroche-une-5eme-pole-position-cette-saison\/\"},\"author\":{\"name\":\"Flo Ostermann\",\"@id\":\"https:\/\/dicodusport.fr\/blog\/#\/schema\/person\/cb02af4c173ce4a653b55e9baf388d4a\"},\"headline\":\"Grand Prix de Catalogne : Fabio Quartararo d\u00e9croche une 5\u00e8me pole position cette saison\",\"datePublished\":\"2021-06-05T12:56:39+00:00\",\"dateModified\":\"2021-06-05T19:40:03+00:00\",\"mainEntityOfPage\":{\"@id\":\"https:\/\/dicodusport.fr\/blog\/motogp-grand-prix-de-catalogne-fabio-quartararo-decroche-une-5eme-pole-position-cette-saison\/\"},\"wordCount\":259,\"commentCount\":0,\"publisher\":{\"@id\":\"https:\/\/dicodusport.fr\/blog\/#organization\"},\"image\":{\"@id\":\"https:\/\/dicodusport.fr\/blog\/motogp-grand-prix-de-catalogne-fabio-quartararo-decroche-une-5eme-pole-position-cette-saison\/#primaryimage\"},\"thumbnailUrl\":\"https:\/\/dicodusport.fr\/blog\/wp-content\/uploads\/2021\/05\/Grand-Prix-dItalie-Fabio-Quartararo-roi-du-Mugello-.png\",\"keywords\":[\"Grand Prix de Catalogne\",\"MotoGP\",\"sport\"],\"articleSection\":[\"MotoGP\"],\"inLanguage\":\"fr-FR\",\"potentialAction\":[{\"@type\":\"CommentAction\",\"name\":\"Comment\",\"target\":[\"https:\/\/dicodusport.fr\/blog\/motogp-grand-prix-de-catalogne-fabio-quartararo-decroche-une-5eme-pole-position-cette-saison\/#respond\"]}],\"copyrightYear\":\"2021\",\"copyrightHolder\":{\"@id\":\"https:\/\/dicodusport.fr\/blog\/#organization\"}},{\"@type\":\"WebPage\",\"@id\":\"https:\/\/dicodusport.fr\/blog\/motogp-grand-prix-de-catalogne-fabio-quartararo-decroche-une-5eme-pole-position-cette-saison\/\",\"url\":\"https:\/\/dicodusport.fr\/blog\/motogp-grand-prix-de-catalogne-fabio-quartararo-decroche-une-5eme-pole-position-cette-saison\/\",\"name\":\"Grand Prix de Catalogne : Fabio Quartararo d\u00e9croche une 5\u00e8me pole position cette saison\",\"isPartOf\":{\"@id\":\"https:\/\/dicodusport.fr\/blog\/#website\"},\"primaryImageOfPage\":{\"@id\":\"https:\/\/dicodusport.fr\/blog\/motogp-grand-prix-de-catalogne-fabio-quartararo-decroche-une-5eme-pole-position-cette-saison\/#primaryimage\"},\"image\":{\"@id\":\"https:\/\/dicodusport.fr\/blog\/motogp-grand-prix-de-catalogne-fabio-quartararo-decroche-une-5eme-pole-position-cette-saison\/#primaryimage\"},\"thumbnailUrl\":\"https:\/\/dicodusport.fr\/blog\/wp-content\/uploads\/2021\/05\/Grand-Prix-dItalie-Fabio-Quartararo-roi-du-Mugello-.png\",\"datePublished\":\"2021-06-05T12:56:39+00:00\",\"dateModified\":\"2021-06-05T19:40:03+00:00\",\"description\":\"MOTOGP - GRAND PRIX DE CATALOGNE - Intouchable, Fabio Quartararo (Yamaha) a d\u00e9croch\u00e9 une nouvelle pole position, en Catalogne cette fois.\",\"breadcrumb\":{\"@id\":\"https:\/\/dicodusport.fr\/blog\/motogp-grand-prix-de-catalogne-fabio-quartararo-decroche-une-5eme-pole-position-cette-saison\/#breadcrumb\"},\"inLanguage\":\"fr-FR\",\"potentialAction\":[{\"@type\":\"ReadAction\",\"target\":[\"https:\/\/dicodusport.fr\/blog\/motogp-grand-prix-de-catalogne-fabio-quartararo-decroche-une-5eme-pole-position-cette-saison\/\"]}]},{\"@type\":\"ImageObject\",\"inLanguage\":\"fr-FR\",\"@id\":\"https:\/\/dicodusport.fr\/blog\/motogp-grand-prix-de-catalogne-fabio-quartararo-decroche-une-5eme-pole-position-cette-saison\/#primaryimage\",\"url\":\"https:\/\/dicodusport.fr\/blog\/wp-content\/uploads\/2021\/05\/Grand-Prix-dItalie-Fabio-Quartararo-roi-du-Mugello-.png\",\"contentUrl\":\"https:\/\/dicodusport.fr\/blog\/wp-content\/uploads\/2021\/05\/Grand-Prix-dItalie-Fabio-Quartararo-roi-du-Mugello-.png\",\"width\":800,\"height\":445,\"caption\":\"Grand Prix de Catalogne : Fabio Quartararo d\u00e9croche une 5\u00e8me pole position cette saison\"},{\"@type\":\"BreadcrumbList\",\"@id\":\"https:\/\/dicodusport.fr\/blog\/motogp-grand-prix-de-catalogne-fabio-quartararo-decroche-une-5eme-pole-position-cette-saison\/#breadcrumb\",\"itemListElement\":[{\"@type\":\"ListItem\",\"position\":1,\"name\":\"Accueil\",\"item\":\"https:\/\/dicodusport.fr\/blog\/\"},{\"@type\":\"ListItem\",\"position\":2,\"name\":\"Grand Prix de Catalogne : Fabio Quartararo d\u00e9croche une 5\u00e8me pole position cette saison\"}]},{\"@type\":\"WebSite\",\"@id\":\"https:\/\/dicodusport.fr\/blog\/#website\",\"url\":\"https:\/\/dicodusport.fr\/blog\/\",\"name\":\"Dicodusport\",\"description\":\"L&#039;encyclop\u00e9die de l&#039;actualit\u00e9 sportive\",\"publisher\":{\"@id\":\"https:\/\/dicodusport.fr\/blog\/#organization\"},\"potentialAction\":[{\"@type\":\"SearchAction\",\"target\":{\"@type\":\"EntryPoint\",\"urlTemplate\":\"https:\/\/dicodusport.fr\/blog\/?s={search_term_string}\"},\"query-input\":{\"@type\":\"PropertyValueSpecification\",\"valueRequired\":true,\"valueName\":\"search_term_string\"}}],\"inLanguage\":\"fr-FR\"},{\"@type\":\"NewsMediaOrganization\",\"@id\":\"https:\/\/dicodusport.fr\/blog\/#organization\",\"name\":\"Dicodusport\",\"url\":\"https:\/\/dicodusport.fr\/blog\/\",\"logo\":{\"@type\":\"ImageObject\",\"inLanguage\":\"fr-FR\",\"@id\":\"https:\/\/dicodusport.fr\/blog\/#\/schema\/logo\/image\/\",\"url\":\"https:\/\/dicodusport.fr\/blog\/wp-content\/uploads\/2020\/06\/cropped-LOGO-DICODUSPORT-2020-SANS-FOND-SANS-TEXTE.png\",\"contentUrl\":\"https:\/\/dicodusport.fr\/blog\/wp-content\/uploads\/2020\/06\/cropped-LOGO-DICODUSPORT-2020-SANS-FOND-SANS-TEXTE.png\",\"width\":512,\"height\":512,\"caption\":\"Dicodusport\"},\"image\":{\"@id\":\"https:\/\/dicodusport.fr\/blog\/#\/schema\/logo\/image\/\"},\"sameAs\":[\"https:\/\/www.facebook.com\/dicodusport\",\"https:\/\/x.com\/dicodusport\",\"https:\/\/www.instagram.com\/dicodusport\/\",\"https:\/\/www.youtube.com\/channel\/UC7V2KZ5sd3htJivAbA4ZG3w\"],\"description\":\"Dicodusport est l'encyclop\u00e9die de l'actualit\u00e9 sportive.\",\"email\":\"bonjour@dicodusport.fr\",\"legalName\":\"DICODUSPORT\",\"foundingDate\":\"2018-01-14\",\"vatID\":\"FR71834470973\",\"taxID\":\"83447097300043\",\"numberOfEmployees\":{\"@type\":\"QuantitativeValue\",\"minValue\":\"1\",\"maxValue\":\"10\"}},{\"@type\":\"Person\",\"@id\":\"https:\/\/dicodusport.fr\/blog\/#\/schema\/person\/cb02af4c173ce4a653b55e9baf388d4a\",\"name\":\"Flo Ostermann\",\"image\":{\"@type\":\"ImageObject\",\"inLanguage\":\"fr-FR\",\"@id\":\"https:\/\/dicodusport.fr\/blog\/#\/schema\/person\/image\/\",\"url\":\"https:\/\/dicodusport.fr\/blog\/wp-content\/uploads\/2021\/05\/Flo-Ostermann-150x150.jpg\",\"contentUrl\":\"https:\/\/dicodusport.fr\/blog\/wp-content\/uploads\/2021\/05\/Flo-Ostermann-150x150.jpg\",\"caption\":\"Flo Ostermann\"},\"description\":\"Journaliste\/R\u00e9dacteur depuis septembre 2015 - Mes premiers souvenirs dans le sport ? Les envol\u00e9es du Stade Toulousain et les duels Villeneuve-Schumacher et H\u00e4kkinen-Schumacher \u00e0 la fin des ann\u00e9es 90, la Coupe du monde de football en 1998, l\u2019exploit du XV de France face aux All Blacks en 1999, mais aussi Richard C\u0153ur de Lion qui vole sur les montagnes du Tour de France. Bien parti pour devenir professeur d\u2019EPS, les \u00e9v\u00e9nements de la vie (et la flemme d\u2019animer des s\u00e9ances de 3x500 m\u00e8tres toute ma vie) m\u2019ont conduit \u00e0 revoir mes plans. Me voil\u00e0 depuis fin 2017 sur Dicodusport, m\u00e9dia gr\u00e2ce (et pour) lequel je partage ma passion : le sport dans tous ses \u00e9tats. Le tout accompagn\u00e9 par les fous furieux et folles furieuses cit\u00e9s sur cette page !\",\"sameAs\":[\"https:\/\/www.facebook.com\/florent.ostermann\",\"https:\/\/x.com\/https:\/\/twitter.com\/FlOstermann\",\"admin\"],\"url\":\"https:\/\/dicodusport.fr\/blog\/author\/flo\/\"}]}<\/script>\n<!-- \/ Yoast SEO Premium plugin. -->","yoast_head_json":{"title":"Grand Prix de Catalogne : Fabio Quartararo d\u00e9croche une 5\u00e8me pole position cette saison","description":"MOTOGP - GRAND PRIX DE CATALOGNE - Intouchable, Fabio Quartararo (Yamaha) a d\u00e9croch\u00e9 une nouvelle pole position, en Catalogne cette fois.","robots":{"index":"index","follow":"follow","max-snippet":"max-snippet:-1","max-image-preview":"max-image-preview:large","max-video-preview":"max-video-preview:-1"},"canonical":"https:\/\/dicodusport.fr\/blog\/motogp-grand-prix-de-catalogne-fabio-quartararo-decroche-une-5eme-pole-position-cette-saison\/","og_locale":"fr_FR","og_type":"article","og_title":"Grand Prix de Catalogne : Fabio Quartararo d\u00e9croche une 5\u00e8me pole position cette saison","og_description":"MOTOGP - GRAND PRIX DE CATALOGNE - Intouchable, Fabio Quartararo (Yamaha) a d\u00e9croch\u00e9 une nouvelle pole position, en Catalogne cette fois.","og_url":"https:\/\/dicodusport.fr\/blog\/motogp-grand-prix-de-catalogne-fabio-quartararo-decroche-une-5eme-pole-position-cette-saison\/","og_site_name":"Dicodusport","article_publisher":"https:\/\/www.facebook.com\/dicodusport","article_author":"https:\/\/www.facebook.com\/florent.ostermann","article_published_time":"2021-06-05T12:56:39+00:00","article_modified_time":"2021-06-05T19:40:03+00:00","og_image":[{"width":800,"height":445,"url":"https:\/\/dicodusport.fr\/blog\/wp-content\/uploads\/2021\/05\/Grand-Prix-dItalie-Fabio-Quartararo-roi-du-Mugello-.png","type":"image\/png"}],"author":"Flo Ostermann","twitter_card":"summary_large_image","twitter_title":"Grand Prix de Catalogne : Fabio Quartararo d\u00e9croche une 5\u00e8me pole position cette saison","twitter_creator":"@https:\/\/twitter.com\/FlOstermann","twitter_site":"@dicodusport","schema":{"@context":"https:\/\/schema.org","@graph":[{"@type":"NewsArticle","@id":"https:\/\/dicodusport.fr\/blog\/motogp-grand-prix-de-catalogne-fabio-quartararo-decroche-une-5eme-pole-position-cette-saison\/#article","isPartOf":{"@id":"https:\/\/dicodusport.fr\/blog\/motogp-grand-prix-de-catalogne-fabio-quartararo-decroche-une-5eme-pole-position-cette-saison\/"},"author":{"name":"Flo Ostermann","@id":"https:\/\/dicodusport.fr\/blog\/#\/schema\/person\/cb02af4c173ce4a653b55e9baf388d4a"},"headline":"Grand Prix de Catalogne : Fabio Quartararo d\u00e9croche une 5\u00e8me pole position cette saison","datePublished":"2021-06-05T12:56:39+00:00","dateModified":"2021-06-05T19:40:03+00:00","mainEntityOfPage":{"@id":"https:\/\/dicodusport.fr\/blog\/motogp-grand-prix-de-catalogne-fabio-quartararo-decroche-une-5eme-pole-position-cette-saison\/"},"wordCount":259,"commentCount":0,"publisher":{"@id":"https:\/\/dicodusport.fr\/blog\/#organization"},"image":{"@id":"https:\/\/dicodusport.fr\/blog\/motogp-grand-prix-de-catalogne-fabio-quartararo-decroche-une-5eme-pole-position-cette-saison\/#primaryimage"},"thumbnailUrl":"https:\/\/dicodusport.fr\/blog\/wp-content\/uploads\/2021\/05\/Grand-Prix-dItalie-Fabio-Quartararo-roi-du-Mugello-.png","keywords":["Grand Prix de Catalogne","MotoGP","sport"],"articleSection":["MotoGP"],"inLanguage":"fr-FR","potentialAction":[{"@type":"CommentAction","name":"Comment","target":["https:\/\/dicodusport.fr\/blog\/motogp-grand-prix-de-catalogne-fabio-quartararo-decroche-une-5eme-pole-position-cette-saison\/#respond"]}],"copyrightYear":"2021","copyrightHolder":{"@id":"https:\/\/dicodusport.fr\/blog\/#organization"}},{"@type":"WebPage","@id":"https:\/\/dicodusport.fr\/blog\/motogp-grand-prix-de-catalogne-fabio-quartararo-decroche-une-5eme-pole-position-cette-saison\/","url":"https:\/\/dicodusport.fr\/blog\/motogp-grand-prix-de-catalogne-fabio-quartararo-decroche-une-5eme-pole-position-cette-saison\/","name":"Grand Prix de Catalogne : Fabio Quartararo d\u00e9croche une 5\u00e8me pole position cette saison","isPartOf":{"@id":"https:\/\/dicodusport.fr\/blog\/#website"},"primaryImageOfPage":{"@id":"https:\/\/dicodusport.fr\/blog\/motogp-grand-prix-de-catalogne-fabio-quartararo-decroche-une-5eme-pole-position-cette-saison\/#primaryimage"},"image":{"@id":"https:\/\/dicodusport.fr\/blog\/motogp-grand-prix-de-catalogne-fabio-quartararo-decroche-une-5eme-pole-position-cette-saison\/#primaryimage"},"thumbnailUrl":"https:\/\/dicodusport.fr\/blog\/wp-content\/uploads\/2021\/05\/Grand-Prix-dItalie-Fabio-Quartararo-roi-du-Mugello-.png","datePublished":"2021-06-05T12:56:39+00:00","dateModified":"2021-06-05T19:40:03+00:00","description":"MOTOGP - GRAND PRIX DE CATALOGNE - Intouchable, Fabio Quartararo (Yamaha) a d\u00e9croch\u00e9 une nouvelle pole position, en Catalogne cette fois.","breadcrumb":{"@id":"https:\/\/dicodusport.fr\/blog\/motogp-grand-prix-de-catalogne-fabio-quartararo-decroche-une-5eme-pole-position-cette-saison\/#breadcrumb"},"inLanguage":"fr-FR","potentialAction":[{"@type":"ReadAction","target":["https:\/\/dicodusport.fr\/blog\/motogp-grand-prix-de-catalogne-fabio-quartararo-decroche-une-5eme-pole-position-cette-saison\/"]}]},{"@type":"ImageObject","inLanguage":"fr-FR","@id":"https:\/\/dicodusport.fr\/blog\/motogp-grand-prix-de-catalogne-fabio-quartararo-decroche-une-5eme-pole-position-cette-saison\/#primaryimage","url":"https:\/\/dicodusport.fr\/blog\/wp-content\/uploads\/2021\/05\/Grand-Prix-dItalie-Fabio-Quartararo-roi-du-Mugello-.png","contentUrl":"https:\/\/dicodusport.fr\/blog\/wp-content\/uploads\/2021\/05\/Grand-Prix-dItalie-Fabio-Quartararo-roi-du-Mugello-.png","width":800,"height":445,"caption":"Grand Prix de Catalogne : Fabio Quartararo d\u00e9croche une 5\u00e8me pole position cette saison"},{"@type":"BreadcrumbList","@id":"https:\/\/dicodusport.fr\/blog\/motogp-grand-prix-de-catalogne-fabio-quartararo-decroche-une-5eme-pole-position-cette-saison\/#breadcrumb","itemListElement":[{"@type":"ListItem","position":1,"name":"Accueil","item":"https:\/\/dicodusport.fr\/blog\/"},{"@type":"ListItem","position":2,"name":"Grand Prix de Catalogne : Fabio Quartararo d\u00e9croche une 5\u00e8me pole position cette saison"}]},{"@type":"WebSite","@id":"https:\/\/dicodusport.fr\/blog\/#website","url":"https:\/\/dicodusport.fr\/blog\/","name":"Dicodusport","description":"L&#039;encyclop\u00e9die de l&#039;actualit\u00e9 sportive","publisher":{"@id":"https:\/\/dicodusport.fr\/blog\/#organization"},"potentialAction":[{"@type":"SearchAction","target":{"@type":"EntryPoint","urlTemplate":"https:\/\/dicodusport.fr\/blog\/?s={search_term_string}"},"query-input":{"@type":"PropertyValueSpecification","valueRequired":true,"valueName":"search_term_string"}}],"inLanguage":"fr-FR"},{"@type":"NewsMediaOrganization","@id":"https:\/\/dicodusport.fr\/blog\/#organization","name":"Dicodusport","url":"https:\/\/dicodusport.fr\/blog\/","logo":{"@type":"ImageObject","inLanguage":"fr-FR","@id":"https:\/\/dicodusport.fr\/blog\/#\/schema\/logo\/image\/","url":"https:\/\/dicodusport.fr\/blog\/wp-content\/uploads\/2020\/06\/cropped-LOGO-DICODUSPORT-2020-SANS-FOND-SANS-TEXTE.png","contentUrl":"https:\/\/dicodusport.fr\/blog\/wp-content\/uploads\/2020\/06\/cropped-LOGO-DICODUSPORT-2020-SANS-FOND-SANS-TEXTE.png","width":512,"height":512,"caption":"Dicodusport"},"image":{"@id":"https:\/\/dicodusport.fr\/blog\/#\/schema\/logo\/image\/"},"sameAs":["https:\/\/www.facebook.com\/dicodusport","https:\/\/x.com\/dicodusport","https:\/\/www.instagram.com\/dicodusport\/","https:\/\/www.youtube.com\/channel\/UC7V2KZ5sd3htJivAbA4ZG3w"],"description":"Dicodusport est l'encyclop\u00e9die de l'actualit\u00e9 sportive.","email":"bonjour@dicodusport.fr","legalName":"DICODUSPORT","foundingDate":"2018-01-14","vatID":"FR71834470973","taxID":"83447097300043","numberOfEmployees":{"@type":"QuantitativeValue","minValue":"1","maxValue":"10"}},{"@type":"Person","@id":"https:\/\/dicodusport.fr\/blog\/#\/schema\/person\/cb02af4c173ce4a653b55e9baf388d4a","name":"Flo Ostermann","image":{"@type":"ImageObject","inLanguage":"fr-FR","@id":"https:\/\/dicodusport.fr\/blog\/#\/schema\/person\/image\/","url":"https:\/\/dicodusport.fr\/blog\/wp-content\/uploads\/2021\/05\/Flo-Ostermann-150x150.jpg","contentUrl":"https:\/\/dicodusport.fr\/blog\/wp-content\/uploads\/2021\/05\/Flo-Ostermann-150x150.jpg","caption":"Flo Ostermann"},"description":"Journaliste\/R\u00e9dacteur depuis septembre 2015 - Mes premiers souvenirs dans le sport ? Les envol\u00e9es du Stade Toulousain et les duels Villeneuve-Schumacher et H\u00e4kkinen-Schumacher \u00e0 la fin des ann\u00e9es 90, la Coupe du monde de football en 1998, l\u2019exploit du XV de France face aux All Blacks en 1999, mais aussi Richard C\u0153ur de Lion qui vole sur les montagnes du Tour de France. Bien parti pour devenir professeur d\u2019EPS, les \u00e9v\u00e9nements de la vie (et la flemme d\u2019animer des s\u00e9ances de 3x500 m\u00e8tres toute ma vie) m\u2019ont conduit \u00e0 revoir mes plans. Me voil\u00e0 depuis fin 2017 sur Dicodusport, m\u00e9dia gr\u00e2ce (et pour) lequel je partage ma passion : le sport dans tous ses \u00e9tats. Le tout accompagn\u00e9 par les fous furieux et folles furieuses cit\u00e9s sur cette page !","sameAs":["https:\/\/www.facebook.com\/florent.ostermann","https:\/\/x.com\/https:\/\/twitter.com\/FlOstermann","admin"],"url":"https:\/\/dicodusport.fr\/blog\/author\/flo\/"}]}},"_links":{"self":[{"href":"https:\/\/dicodusport.fr\/blog\/wp-json\/wp\/v2\/posts\/135891","targetHints":{"allow":["GET"]}}],"collection":[{"href":"https:\/\/dicodusport.fr\/blog\/wp-json\/wp\/v2\/posts"}],"about":[{"href":"https:\/\/dicodusport.fr\/blog\/wp-json\/wp\/v2\/types\/post"}],"author":[{"embeddable":true,"href":"https:\/\/dicodusport.fr\/blog\/wp-json\/wp\/v2\/users\/4"}],"replies":[{"embeddable":true,"href":"https:\/\/dicodusport.fr\/blog\/wp-json\/wp\/v2\/comments?post=135891"}],"version-history":[{"count":0,"href":"https:\/\/dicodusport.fr\/blog\/wp-json\/wp\/v2\/posts\/135891\/revisions"}],"wp:featuredmedia":[{"embeddable":true,"href":"https:\/\/dicodusport.fr\/blog\/wp-json\/wp\/v2\/media\/134101"}],"wp:attachment":[{"href":"https:\/\/dicodusport.fr\/blog\/wp-json\/wp\/v2\/media?parent=135891"}],"wp:term":[{"taxonomy":"category","embeddable":true,"href":"https:\/\/dicodusport.fr\/blog\/wp-json\/wp\/v2\/categories?post=135891"},{"taxonomy":"post_tag","embeddable":true,"href":"https:\/\/dicodusport.fr\/blog\/wp-json\/wp\/v2\/tags?post=135891"}],"curies":[{"name":"wp","href":"https:\/\/api.w.org\/{rel}","templated":true}]}}