{"id":136493,"date":"2021-06-07T12:38:50","date_gmt":"2021-06-07T10:38:50","guid":{"rendered":"https:\/\/dicodusport.fr\/blog\/?p=136493"},"modified":"2021-06-07T14:57:17","modified_gmt":"2021-06-07T12:57:17","slug":"cyclo-cross-marion-norbert-riberolle-representera-desormais-la-belgique","status":"publish","type":"post","link":"https:\/\/dicodusport.fr\/blog\/cyclo-cross-marion-norbert-riberolle-representera-desormais-la-belgique\/","title":{"rendered":"Cyclo-cross : Marion Norbert-Riberolle repr\u00e9sentera d\u00e9sormais la Belgique"},"content":{"rendered":"<p style=\"text-align: justify;\"><strong><em>CYCLO-CROSS &#8211; C&rsquo;est un petit coup de tonnerre dans le monde du cyclo-cross fran\u00e7ais. Championne du monde juniors en 2019, Marion Norbert-Riberolle a annonc\u00e9 ce lundi matin avoir obtenu la nationalit\u00e9 belge. Elle courra d\u00e9sormais sous les couleurs de la Belgique.\u00a0<\/em><\/strong><\/p>\n<h2 style=\"text-align: justify;\">De l&rsquo;Hexagone au Plat pays<\/h2>\n<p style=\"text-align: justify;\"><strong>Marion Norbert-Riberolle<\/strong>, c&rsquo;est un sacr\u00e9 palmar\u00e8s en s\u00e9lection jeunes. Apr\u00e8s deux Top 10 aux championnats du monde espoirs, elle r\u00e9alise son premier podium professionnel en 2018-2019 o\u00f9 elle termine 3\u00e8me aux championnats de France. Mais c&rsquo;est v\u00e9ritablement l&rsquo;ann\u00e9e d&rsquo;apr\u00e8s qu&rsquo;elle se fait un nom dans la discipline. Elle remporte les titres nationaux en espoirs et en s\u00e9niors, ainsi que la m\u00e9daille de bronze des championnats d&rsquo;Europe espoirs, avant de devenir <a href=\"https:\/\/dicodusport.fr\/blog\/championnats-du-monde-2020-u23-marion-norbert-riberolle-sacree-dubendorf\/\">la premi\u00e8re Fran\u00e7aise championne du monde de cyclo-cross en moins de 23 ans<\/a>. Cette saison, elle a sign\u00e9 deux nouveaux podiums aux championnats de France, et une 10\u00e8me place mondiale.<\/p>\n<p style=\"text-align: justify;\">C&rsquo;est ce lundi matin qu&rsquo;elle a annonc\u00e9 sur ses r\u00e9seaux sociaux avoir obtenu la nationalit\u00e9 belge. Elle en a aussi profit\u00e9 pour annoncer sa pr\u00e9sence aux Championnats de Belgique \u00e0 Waregem le 20 juin prochain. Elle remercie entre autres la F\u00e9d\u00e9ration Fran\u00e7aise de Cyclisme de l&rsquo;avoir accompagn\u00e9e, et s&rsquo;est dit fi\u00e8re d&rsquo;avoir port\u00e9e le maillot tricolore.<\/p>\n<p><iframe loading=\"lazy\" style=\"border: none; overflow: hidden;\" src=\"https:\/\/www.facebook.com\/plugins\/post.php?href=https%3A%2F%2Fwww.facebook.com%2Fmarion.norbert%2Fposts%2F4420994401264500&amp;show_text=true&amp;width=500\" width=\"500\" height=\"582\" frameborder=\"0\" scrolling=\"no\" allowfullscreen=\"allowfullscreen\"><\/iframe><\/p>\n","protected":false},"excerpt":{"rendered":"<p>CYCLO-CROSS &#8211; C&rsquo;est un petit coup de tonnerre dans le monde du cyclo-cross fran\u00e7ais. Championne du monde juniors en 2019, Marion Norbert-Riberolle a annonc\u00e9 ce lundi matin avoir obtenu la nationalit\u00e9 belge. Elle courra d\u00e9sormais sous les couleurs de la Belgique.\u00a0<\/p>\n","protected":false},"author":43,"featured_media":136511,"comment_status":"open","ping_status":"closed","sticky":false,"template":"","format":"standard","meta":{"_acf_changed":false,"_daextam_enable_autolinks":"","footnotes":""},"categories":[9611],"tags":[6666],"class_list":["post-136493","post","type-post","status-publish","format-standard","has-post-thumbnail","hentry","category-cyclo-cross","tag-cyclo-cross"],"acf":[],"yoast_head":"<!-- This site is optimized with the Yoast SEO Premium plugin v26.7 (Yoast SEO v26.7) - https:\/\/yoast.com\/wordpress\/plugins\/seo\/ -->\n<title>Cyclo-cross : Marion Norbert-Riberolle repr\u00e9sentera d\u00e9sormais la Belgique<\/title>\n<meta name=\"description\" content=\"Championne du monde espoirs de cyclo-cross, Marion Norbert-Riberolle a annonc\u00e9 aujourd&#039;hui avoir obtenu la nationalit\u00e9 belge.\" \/>\n<meta name=\"robots\" content=\"index, follow, max-snippet:-1, max-image-preview:large, max-video-preview:-1\" \/>\n<link rel=\"canonical\" href=\"https:\/\/dicodusport.fr\/blog\/cyclo-cross-marion-norbert-riberolle-representera-desormais-la-belgique\/\" \/>\n<meta property=\"og:locale\" content=\"fr_FR\" \/>\n<meta property=\"og:type\" content=\"article\" \/>\n<meta property=\"og:title\" content=\"Cyclo-cross : Marion Norbert-Riberolle repr\u00e9sentera d\u00e9sormais la Belgique\" \/>\n<meta property=\"og:description\" content=\"Championne du monde espoirs de cyclo-cross, Marion Norbert-Riberolle a annonc\u00e9 aujourd&#039;hui avoir obtenu la nationalit\u00e9 belge.\" \/>\n<meta property=\"og:url\" content=\"https:\/\/dicodusport.fr\/blog\/cyclo-cross-marion-norbert-riberolle-representera-desormais-la-belgique\/\" \/>\n<meta property=\"og:site_name\" content=\"Dicodusport\" \/>\n<meta property=\"article:publisher\" content=\"https:\/\/www.facebook.com\/dicodusport\" \/>\n<meta property=\"article:author\" content=\"https:\/\/www.facebook.com\/Max.Bld2\/\" \/>\n<meta property=\"article:published_time\" content=\"2021-06-07T10:38:50+00:00\" \/>\n<meta property=\"article:modified_time\" content=\"2021-06-07T12:57:17+00:00\" \/>\n<meta property=\"og:image\" content=\"https:\/\/dicodusport.fr\/blog\/wp-content\/uploads\/2021\/06\/Cyclo-cross-Marion-Norbert-Riberolle-representera-desormais-la-Belgique.png\" \/>\n\t<meta property=\"og:image:width\" content=\"800\" \/>\n\t<meta property=\"og:image:height\" content=\"445\" \/>\n\t<meta property=\"og:image:type\" content=\"image\/png\" \/>\n<meta name=\"author\" content=\"Maxime Boulard\" \/>\n<meta name=\"twitter:card\" content=\"summary_large_image\" \/>\n<meta name=\"twitter:title\" content=\"Cyclo-cross : Marion Norbert-Riberolle repr\u00e9sentera d\u00e9sormais la Belgique\" \/>\n<meta name=\"twitter:creator\" content=\"@https:\/\/twitter.com\/MaximeB_2\" \/>\n<meta name=\"twitter:site\" content=\"@dicodusport\" \/>\n<script type=\"application\/ld+json\" class=\"yoast-schema-graph\">{\"@context\":\"https:\/\/schema.org\",\"@graph\":[{\"@type\":\"NewsArticle\",\"@id\":\"https:\/\/dicodusport.fr\/blog\/cyclo-cross-marion-norbert-riberolle-representera-desormais-la-belgique\/#article\",\"isPartOf\":{\"@id\":\"https:\/\/dicodusport.fr\/blog\/cyclo-cross-marion-norbert-riberolle-representera-desormais-la-belgique\/\"},\"author\":{\"name\":\"Maxime Boulard\",\"@id\":\"https:\/\/dicodusport.fr\/blog\/#\/schema\/person\/5aab10ee856e86ac63e9819a9da34784\"},\"headline\":\"Cyclo-cross : Marion Norbert-Riberolle repr\u00e9sentera d\u00e9sormais la Belgique\",\"datePublished\":\"2021-06-07T10:38:50+00:00\",\"dateModified\":\"2021-06-07T12:57:17+00:00\",\"mainEntityOfPage\":{\"@id\":\"https:\/\/dicodusport.fr\/blog\/cyclo-cross-marion-norbert-riberolle-representera-desormais-la-belgique\/\"},\"wordCount\":240,\"commentCount\":0,\"publisher\":{\"@id\":\"https:\/\/dicodusport.fr\/blog\/#organization\"},\"image\":{\"@id\":\"https:\/\/dicodusport.fr\/blog\/cyclo-cross-marion-norbert-riberolle-representera-desormais-la-belgique\/#primaryimage\"},\"thumbnailUrl\":\"https:\/\/dicodusport.fr\/blog\/wp-content\/uploads\/2021\/06\/Cyclo-cross-Marion-Norbert-Riberolle-representera-desormais-la-Belgique.png\",\"keywords\":[\"Cyclo-cross\"],\"articleSection\":[\"Cyclo-cross\"],\"inLanguage\":\"fr-FR\",\"potentialAction\":[{\"@type\":\"CommentAction\",\"name\":\"Comment\",\"target\":[\"https:\/\/dicodusport.fr\/blog\/cyclo-cross-marion-norbert-riberolle-representera-desormais-la-belgique\/#respond\"]}],\"copyrightYear\":\"2021\",\"copyrightHolder\":{\"@id\":\"https:\/\/dicodusport.fr\/blog\/#organization\"}},{\"@type\":\"WebPage\",\"@id\":\"https:\/\/dicodusport.fr\/blog\/cyclo-cross-marion-norbert-riberolle-representera-desormais-la-belgique\/\",\"url\":\"https:\/\/dicodusport.fr\/blog\/cyclo-cross-marion-norbert-riberolle-representera-desormais-la-belgique\/\",\"name\":\"Cyclo-cross : Marion Norbert-Riberolle repr\u00e9sentera d\u00e9sormais la Belgique\",\"isPartOf\":{\"@id\":\"https:\/\/dicodusport.fr\/blog\/#website\"},\"primaryImageOfPage\":{\"@id\":\"https:\/\/dicodusport.fr\/blog\/cyclo-cross-marion-norbert-riberolle-representera-desormais-la-belgique\/#primaryimage\"},\"image\":{\"@id\":\"https:\/\/dicodusport.fr\/blog\/cyclo-cross-marion-norbert-riberolle-representera-desormais-la-belgique\/#primaryimage\"},\"thumbnailUrl\":\"https:\/\/dicodusport.fr\/blog\/wp-content\/uploads\/2021\/06\/Cyclo-cross-Marion-Norbert-Riberolle-representera-desormais-la-Belgique.png\",\"datePublished\":\"2021-06-07T10:38:50+00:00\",\"dateModified\":\"2021-06-07T12:57:17+00:00\",\"description\":\"Championne du monde espoirs de cyclo-cross, Marion Norbert-Riberolle a annonc\u00e9 aujourd'hui avoir obtenu la nationalit\u00e9 belge.\",\"breadcrumb\":{\"@id\":\"https:\/\/dicodusport.fr\/blog\/cyclo-cross-marion-norbert-riberolle-representera-desormais-la-belgique\/#breadcrumb\"},\"inLanguage\":\"fr-FR\",\"potentialAction\":[{\"@type\":\"ReadAction\",\"target\":[\"https:\/\/dicodusport.fr\/blog\/cyclo-cross-marion-norbert-riberolle-representera-desormais-la-belgique\/\"]}]},{\"@type\":\"ImageObject\",\"inLanguage\":\"fr-FR\",\"@id\":\"https:\/\/dicodusport.fr\/blog\/cyclo-cross-marion-norbert-riberolle-representera-desormais-la-belgique\/#primaryimage\",\"url\":\"https:\/\/dicodusport.fr\/blog\/wp-content\/uploads\/2021\/06\/Cyclo-cross-Marion-Norbert-Riberolle-representera-desormais-la-Belgique.png\",\"contentUrl\":\"https:\/\/dicodusport.fr\/blog\/wp-content\/uploads\/2021\/06\/Cyclo-cross-Marion-Norbert-Riberolle-representera-desormais-la-Belgique.png\",\"width\":800,\"height\":445,\"caption\":\"Cyclo-cross : Marion Norbert-Riberolle repr\u00e9sentera d\u00e9sormais la Belgique\"},{\"@type\":\"BreadcrumbList\",\"@id\":\"https:\/\/dicodusport.fr\/blog\/cyclo-cross-marion-norbert-riberolle-representera-desormais-la-belgique\/#breadcrumb\",\"itemListElement\":[{\"@type\":\"ListItem\",\"position\":1,\"name\":\"Accueil\",\"item\":\"https:\/\/dicodusport.fr\/blog\/\"},{\"@type\":\"ListItem\",\"position\":2,\"name\":\"Cyclo-cross : Marion Norbert-Riberolle repr\u00e9sentera d\u00e9sormais la Belgique\"}]},{\"@type\":\"WebSite\",\"@id\":\"https:\/\/dicodusport.fr\/blog\/#website\",\"url\":\"https:\/\/dicodusport.fr\/blog\/\",\"name\":\"Dicodusport\",\"description\":\"L&#039;encyclop\u00e9die de l&#039;actualit\u00e9 sportive\",\"publisher\":{\"@id\":\"https:\/\/dicodusport.fr\/blog\/#organization\"},\"potentialAction\":[{\"@type\":\"SearchAction\",\"target\":{\"@type\":\"EntryPoint\",\"urlTemplate\":\"https:\/\/dicodusport.fr\/blog\/?s={search_term_string}\"},\"query-input\":{\"@type\":\"PropertyValueSpecification\",\"valueRequired\":true,\"valueName\":\"search_term_string\"}}],\"inLanguage\":\"fr-FR\"},{\"@type\":\"NewsMediaOrganization\",\"@id\":\"https:\/\/dicodusport.fr\/blog\/#organization\",\"name\":\"Dicodusport\",\"url\":\"https:\/\/dicodusport.fr\/blog\/\",\"logo\":{\"@type\":\"ImageObject\",\"inLanguage\":\"fr-FR\",\"@id\":\"https:\/\/dicodusport.fr\/blog\/#\/schema\/logo\/image\/\",\"url\":\"https:\/\/dicodusport.fr\/blog\/wp-content\/uploads\/2020\/06\/cropped-LOGO-DICODUSPORT-2020-SANS-FOND-SANS-TEXTE.png\",\"contentUrl\":\"https:\/\/dicodusport.fr\/blog\/wp-content\/uploads\/2020\/06\/cropped-LOGO-DICODUSPORT-2020-SANS-FOND-SANS-TEXTE.png\",\"width\":512,\"height\":512,\"caption\":\"Dicodusport\"},\"image\":{\"@id\":\"https:\/\/dicodusport.fr\/blog\/#\/schema\/logo\/image\/\"},\"sameAs\":[\"https:\/\/www.facebook.com\/dicodusport\",\"https:\/\/x.com\/dicodusport\",\"https:\/\/www.instagram.com\/dicodusport\/\",\"https:\/\/www.youtube.com\/channel\/UC7V2KZ5sd3htJivAbA4ZG3w\"],\"description\":\"Dicodusport est l'encyclop\u00e9die de l'actualit\u00e9 sportive.\",\"email\":\"bonjour@dicodusport.fr\",\"legalName\":\"DICODUSPORT\",\"foundingDate\":\"2018-01-14\",\"vatID\":\"FR71834470973\",\"taxID\":\"83447097300043\",\"numberOfEmployees\":{\"@type\":\"QuantitativeValue\",\"minValue\":\"1\",\"maxValue\":\"10\"}},{\"@type\":\"Person\",\"@id\":\"https:\/\/dicodusport.fr\/blog\/#\/schema\/person\/5aab10ee856e86ac63e9819a9da34784\",\"name\":\"Maxime Boulard\",\"image\":{\"@type\":\"ImageObject\",\"inLanguage\":\"fr-FR\",\"@id\":\"https:\/\/dicodusport.fr\/blog\/#\/schema\/person\/image\/\",\"url\":\"https:\/\/dicodusport.fr\/blog\/wp-content\/uploads\/2021\/05\/Maxime-Boulard-150x150.jpg\",\"contentUrl\":\"https:\/\/dicodusport.fr\/blog\/wp-content\/uploads\/2021\/05\/Maxime-Boulard-150x150.jpg\",\"caption\":\"Maxime Boulard\"},\"description\":\"Journaliste\/r\u00e9dacteur depuis octobre 2020 - Si mon plus vieux souvenir de sport aurait pu m'en d\u00e9go\u00fbter, la finale de la Coupe du monde 2006 a \u00e9t\u00e9 tout le contraire. V\u00e9ritable d\u00e9clencheur d'une passion qui aujourd'hui ne fait que grandir avec le temps, mon leitmotiv est la France qui brille ! Je relate les exploits pass\u00e9s et pr\u00e9sents du sport bleu-blanc-rouge sans m\u00e9nagement depuis octobre 2020. Sport valide ou handisport, aucune diff\u00e9rence, il n'y a que du sport et plusieurs fa\u00e7ons de le pratiquer.\",\"sameAs\":[\"https:\/\/www.facebook.com\/Max.Bld2\/\",\"https:\/\/x.com\/https:\/\/twitter.com\/MaximeB_2\"],\"url\":\"https:\/\/dicodusport.fr\/blog\/author\/maxime-b\/\"}]}<\/script>\n<!-- \/ Yoast SEO Premium plugin. -->","yoast_head_json":{"title":"Cyclo-cross : Marion Norbert-Riberolle repr\u00e9sentera d\u00e9sormais la Belgique","description":"Championne du monde espoirs de cyclo-cross, Marion Norbert-Riberolle a annonc\u00e9 aujourd'hui avoir obtenu la nationalit\u00e9 belge.","robots":{"index":"index","follow":"follow","max-snippet":"max-snippet:-1","max-image-preview":"max-image-preview:large","max-video-preview":"max-video-preview:-1"},"canonical":"https:\/\/dicodusport.fr\/blog\/cyclo-cross-marion-norbert-riberolle-representera-desormais-la-belgique\/","og_locale":"fr_FR","og_type":"article","og_title":"Cyclo-cross : Marion Norbert-Riberolle repr\u00e9sentera d\u00e9sormais la Belgique","og_description":"Championne du monde espoirs de cyclo-cross, Marion Norbert-Riberolle a annonc\u00e9 aujourd'hui avoir obtenu la nationalit\u00e9 belge.","og_url":"https:\/\/dicodusport.fr\/blog\/cyclo-cross-marion-norbert-riberolle-representera-desormais-la-belgique\/","og_site_name":"Dicodusport","article_publisher":"https:\/\/www.facebook.com\/dicodusport","article_author":"https:\/\/www.facebook.com\/Max.Bld2\/","article_published_time":"2021-06-07T10:38:50+00:00","article_modified_time":"2021-06-07T12:57:17+00:00","og_image":[{"width":800,"height":445,"url":"https:\/\/dicodusport.fr\/blog\/wp-content\/uploads\/2021\/06\/Cyclo-cross-Marion-Norbert-Riberolle-representera-desormais-la-Belgique.png","type":"image\/png"}],"author":"Maxime Boulard","twitter_card":"summary_large_image","twitter_title":"Cyclo-cross : Marion Norbert-Riberolle repr\u00e9sentera d\u00e9sormais la Belgique","twitter_creator":"@https:\/\/twitter.com\/MaximeB_2","twitter_site":"@dicodusport","schema":{"@context":"https:\/\/schema.org","@graph":[{"@type":"NewsArticle","@id":"https:\/\/dicodusport.fr\/blog\/cyclo-cross-marion-norbert-riberolle-representera-desormais-la-belgique\/#article","isPartOf":{"@id":"https:\/\/dicodusport.fr\/blog\/cyclo-cross-marion-norbert-riberolle-representera-desormais-la-belgique\/"},"author":{"name":"Maxime Boulard","@id":"https:\/\/dicodusport.fr\/blog\/#\/schema\/person\/5aab10ee856e86ac63e9819a9da34784"},"headline":"Cyclo-cross : Marion Norbert-Riberolle repr\u00e9sentera d\u00e9sormais la Belgique","datePublished":"2021-06-07T10:38:50+00:00","dateModified":"2021-06-07T12:57:17+00:00","mainEntityOfPage":{"@id":"https:\/\/dicodusport.fr\/blog\/cyclo-cross-marion-norbert-riberolle-representera-desormais-la-belgique\/"},"wordCount":240,"commentCount":0,"publisher":{"@id":"https:\/\/dicodusport.fr\/blog\/#organization"},"image":{"@id":"https:\/\/dicodusport.fr\/blog\/cyclo-cross-marion-norbert-riberolle-representera-desormais-la-belgique\/#primaryimage"},"thumbnailUrl":"https:\/\/dicodusport.fr\/blog\/wp-content\/uploads\/2021\/06\/Cyclo-cross-Marion-Norbert-Riberolle-representera-desormais-la-Belgique.png","keywords":["Cyclo-cross"],"articleSection":["Cyclo-cross"],"inLanguage":"fr-FR","potentialAction":[{"@type":"CommentAction","name":"Comment","target":["https:\/\/dicodusport.fr\/blog\/cyclo-cross-marion-norbert-riberolle-representera-desormais-la-belgique\/#respond"]}],"copyrightYear":"2021","copyrightHolder":{"@id":"https:\/\/dicodusport.fr\/blog\/#organization"}},{"@type":"WebPage","@id":"https:\/\/dicodusport.fr\/blog\/cyclo-cross-marion-norbert-riberolle-representera-desormais-la-belgique\/","url":"https:\/\/dicodusport.fr\/blog\/cyclo-cross-marion-norbert-riberolle-representera-desormais-la-belgique\/","name":"Cyclo-cross : Marion Norbert-Riberolle repr\u00e9sentera d\u00e9sormais la Belgique","isPartOf":{"@id":"https:\/\/dicodusport.fr\/blog\/#website"},"primaryImageOfPage":{"@id":"https:\/\/dicodusport.fr\/blog\/cyclo-cross-marion-norbert-riberolle-representera-desormais-la-belgique\/#primaryimage"},"image":{"@id":"https:\/\/dicodusport.fr\/blog\/cyclo-cross-marion-norbert-riberolle-representera-desormais-la-belgique\/#primaryimage"},"thumbnailUrl":"https:\/\/dicodusport.fr\/blog\/wp-content\/uploads\/2021\/06\/Cyclo-cross-Marion-Norbert-Riberolle-representera-desormais-la-Belgique.png","datePublished":"2021-06-07T10:38:50+00:00","dateModified":"2021-06-07T12:57:17+00:00","description":"Championne du monde espoirs de cyclo-cross, Marion Norbert-Riberolle a annonc\u00e9 aujourd'hui avoir obtenu la nationalit\u00e9 belge.","breadcrumb":{"@id":"https:\/\/dicodusport.fr\/blog\/cyclo-cross-marion-norbert-riberolle-representera-desormais-la-belgique\/#breadcrumb"},"inLanguage":"fr-FR","potentialAction":[{"@type":"ReadAction","target":["https:\/\/dicodusport.fr\/blog\/cyclo-cross-marion-norbert-riberolle-representera-desormais-la-belgique\/"]}]},{"@type":"ImageObject","inLanguage":"fr-FR","@id":"https:\/\/dicodusport.fr\/blog\/cyclo-cross-marion-norbert-riberolle-representera-desormais-la-belgique\/#primaryimage","url":"https:\/\/dicodusport.fr\/blog\/wp-content\/uploads\/2021\/06\/Cyclo-cross-Marion-Norbert-Riberolle-representera-desormais-la-Belgique.png","contentUrl":"https:\/\/dicodusport.fr\/blog\/wp-content\/uploads\/2021\/06\/Cyclo-cross-Marion-Norbert-Riberolle-representera-desormais-la-Belgique.png","width":800,"height":445,"caption":"Cyclo-cross : Marion Norbert-Riberolle repr\u00e9sentera d\u00e9sormais la Belgique"},{"@type":"BreadcrumbList","@id":"https:\/\/dicodusport.fr\/blog\/cyclo-cross-marion-norbert-riberolle-representera-desormais-la-belgique\/#breadcrumb","itemListElement":[{"@type":"ListItem","position":1,"name":"Accueil","item":"https:\/\/dicodusport.fr\/blog\/"},{"@type":"ListItem","position":2,"name":"Cyclo-cross : Marion Norbert-Riberolle repr\u00e9sentera d\u00e9sormais la Belgique"}]},{"@type":"WebSite","@id":"https:\/\/dicodusport.fr\/blog\/#website","url":"https:\/\/dicodusport.fr\/blog\/","name":"Dicodusport","description":"L&#039;encyclop\u00e9die de l&#039;actualit\u00e9 sportive","publisher":{"@id":"https:\/\/dicodusport.fr\/blog\/#organization"},"potentialAction":[{"@type":"SearchAction","target":{"@type":"EntryPoint","urlTemplate":"https:\/\/dicodusport.fr\/blog\/?s={search_term_string}"},"query-input":{"@type":"PropertyValueSpecification","valueRequired":true,"valueName":"search_term_string"}}],"inLanguage":"fr-FR"},{"@type":"NewsMediaOrganization","@id":"https:\/\/dicodusport.fr\/blog\/#organization","name":"Dicodusport","url":"https:\/\/dicodusport.fr\/blog\/","logo":{"@type":"ImageObject","inLanguage":"fr-FR","@id":"https:\/\/dicodusport.fr\/blog\/#\/schema\/logo\/image\/","url":"https:\/\/dicodusport.fr\/blog\/wp-content\/uploads\/2020\/06\/cropped-LOGO-DICODUSPORT-2020-SANS-FOND-SANS-TEXTE.png","contentUrl":"https:\/\/dicodusport.fr\/blog\/wp-content\/uploads\/2020\/06\/cropped-LOGO-DICODUSPORT-2020-SANS-FOND-SANS-TEXTE.png","width":512,"height":512,"caption":"Dicodusport"},"image":{"@id":"https:\/\/dicodusport.fr\/blog\/#\/schema\/logo\/image\/"},"sameAs":["https:\/\/www.facebook.com\/dicodusport","https:\/\/x.com\/dicodusport","https:\/\/www.instagram.com\/dicodusport\/","https:\/\/www.youtube.com\/channel\/UC7V2KZ5sd3htJivAbA4ZG3w"],"description":"Dicodusport est l'encyclop\u00e9die de l'actualit\u00e9 sportive.","email":"bonjour@dicodusport.fr","legalName":"DICODUSPORT","foundingDate":"2018-01-14","vatID":"FR71834470973","taxID":"83447097300043","numberOfEmployees":{"@type":"QuantitativeValue","minValue":"1","maxValue":"10"}},{"@type":"Person","@id":"https:\/\/dicodusport.fr\/blog\/#\/schema\/person\/5aab10ee856e86ac63e9819a9da34784","name":"Maxime Boulard","image":{"@type":"ImageObject","inLanguage":"fr-FR","@id":"https:\/\/dicodusport.fr\/blog\/#\/schema\/person\/image\/","url":"https:\/\/dicodusport.fr\/blog\/wp-content\/uploads\/2021\/05\/Maxime-Boulard-150x150.jpg","contentUrl":"https:\/\/dicodusport.fr\/blog\/wp-content\/uploads\/2021\/05\/Maxime-Boulard-150x150.jpg","caption":"Maxime Boulard"},"description":"Journaliste\/r\u00e9dacteur depuis octobre 2020 - Si mon plus vieux souvenir de sport aurait pu m'en d\u00e9go\u00fbter, la finale de la Coupe du monde 2006 a \u00e9t\u00e9 tout le contraire. V\u00e9ritable d\u00e9clencheur d'une passion qui aujourd'hui ne fait que grandir avec le temps, mon leitmotiv est la France qui brille ! Je relate les exploits pass\u00e9s et pr\u00e9sents du sport bleu-blanc-rouge sans m\u00e9nagement depuis octobre 2020. Sport valide ou handisport, aucune diff\u00e9rence, il n'y a que du sport et plusieurs fa\u00e7ons de le pratiquer.","sameAs":["https:\/\/www.facebook.com\/Max.Bld2\/","https:\/\/x.com\/https:\/\/twitter.com\/MaximeB_2"],"url":"https:\/\/dicodusport.fr\/blog\/author\/maxime-b\/"}]}},"_links":{"self":[{"href":"https:\/\/dicodusport.fr\/blog\/wp-json\/wp\/v2\/posts\/136493","targetHints":{"allow":["GET"]}}],"collection":[{"href":"https:\/\/dicodusport.fr\/blog\/wp-json\/wp\/v2\/posts"}],"about":[{"href":"https:\/\/dicodusport.fr\/blog\/wp-json\/wp\/v2\/types\/post"}],"author":[{"embeddable":true,"href":"https:\/\/dicodusport.fr\/blog\/wp-json\/wp\/v2\/users\/43"}],"replies":[{"embeddable":true,"href":"https:\/\/dicodusport.fr\/blog\/wp-json\/wp\/v2\/comments?post=136493"}],"version-history":[{"count":0,"href":"https:\/\/dicodusport.fr\/blog\/wp-json\/wp\/v2\/posts\/136493\/revisions"}],"wp:featuredmedia":[{"embeddable":true,"href":"https:\/\/dicodusport.fr\/blog\/wp-json\/wp\/v2\/media\/136511"}],"wp:attachment":[{"href":"https:\/\/dicodusport.fr\/blog\/wp-json\/wp\/v2\/media?parent=136493"}],"wp:term":[{"taxonomy":"category","embeddable":true,"href":"https:\/\/dicodusport.fr\/blog\/wp-json\/wp\/v2\/categories?post=136493"},{"taxonomy":"post_tag","embeddable":true,"href":"https:\/\/dicodusport.fr\/blog\/wp-json\/wp\/v2\/tags?post=136493"}],"curies":[{"name":"wp","href":"https:\/\/api.w.org\/{rel}","templated":true}]}}