{"id":1365,"date":"2017-04-04T23:22:56","date_gmt":"2017-04-04T22:22:56","guid":{"rendered":"http:\/\/dicodusport.fr\/blog\/?p=1365"},"modified":"2025-06-10T17:00:33","modified_gmt":"2025-06-10T15:00:33","slug":"muriel-celia-mere-fille-aux-jeux-mondiaux-fsgt","status":"publish","type":"post","link":"https:\/\/dicodusport.fr\/blog\/muriel-celia-mere-fille-aux-jeux-mondiaux-fsgt\/","title":{"rendered":"Muriel et C\u00e9lia, m\u00e8re et fille aux Jeux mondiaux FSGT"},"content":{"rendered":"<p class=\"p1\" style=\"text-align: justify;\"><span style=\"color: #000000;\"><em>On a rencontr\u00e9 Muriel et C\u00e9lia, m\u00e8re et fille dans la vie, qui participeront ensemble aux jeux mondiaux FSGT avec l&rsquo;\u00e9quipe de France de <span style=\"color: #0000ff;\"><a style=\"color: #0000ff;\" href=\"http:\/\/dicodusport.fr\/definition-sport\/basket-ball\/\" target=\"_blank\" rel=\"noopener\">basket<\/a><\/span>.<\/em><\/span><\/p>\n<p class=\"p1\" style=\"text-align: justify;\"><span style=\"text-decoration: underline; color: #000000;\"><strong><span class=\"s1\">Pouvez-vous vous pr\u00e9senter en quelques mots ?<\/span><\/strong><\/span><\/p>\n<p class=\"p1\" style=\"text-align: justify;\"><span class=\"s1\" style=\"color: #000000;\"><strong>C\u00e9lia<\/strong> : 16 ans, je suis la cadette de l&rsquo;\u00e9quipe fille.<\/span><\/p>\n<p class=\"p2\" style=\"text-align: justify;\"><span style=\"color: #000000;\"><span class=\"s1\"><strong>Muriel<\/strong> : 52 ans, la doyenne de l&rsquo;\u00e9quipe fille. Responsable de la d\u00e9l\u00e9gation basket.\u00a0<\/span><span class=\"s1\">Nous jouons ensemble depuis 3 ans, m\u00e8re et fille dans la m\u00eame \u00e9quipe FGST.<\/span><\/span><\/p>\n<p class=\"p2\" style=\"text-align: justify;\"><span style=\"text-decoration: underline; color: #000000;\"><strong><span class=\"s1\">Qu&rsquo;est ce que la FSGT ?<\/span><\/strong><\/span><\/p>\n<p class=\"p1\" style=\"text-align: justify;\"><span class=\"s1\" style=\"color: #000000;\"><strong>C<\/strong> : C&rsquo;est un sport familial o\u00f9 la mixit\u00e9 et tous les niveaux des pratiquants peuvent se confondre, pour partager un sport que l&rsquo;on aime. C&rsquo;est \u00e9galement une cat\u00e9gorie comp\u00e9titive, avec un championnat pour s&rsquo;affronter. Mais un loisir avant tout sans \u00ab\u00a0prise de t\u00eate\u00a0\u00bb &#8230;<\/span><\/p>\n<p class=\"p2\" style=\"text-align: justify;\"><span style=\"color: #000000;\"><span class=\"s1\"><strong>M<\/strong> : C&rsquo;est une f\u00e9d\u00e9ration sportive comme les autres. Mais pas vraiment, car c&rsquo;est le seul endroit o\u00f9 l&rsquo;on accueille tout le monde pour pratiquer un sport comme nulle part ailleurs.\u00a0<\/span><span class=\"s1\">Le basket s&rsquo;y joue en mixte, filles et gar\u00e7ons au sein des m\u00eame \u00e9quipes, et sans limite de niveau, d&rsquo;\u00e2ge ou de milieu. L<\/span><span class=\"s1\">es r\u00e8gles y sont adapt\u00e9es avec des points bonus pour que les filles arrivent \u00e0 trouver leur place<\/span><span class=\"s1\">. C&rsquo;est aussi l&rsquo;opportunit\u00e9 pour moi de jouer avec mes 2 filles et c<\/span><span class=\"s1\">&lsquo;est le cas pour de nombreuses autres pratiques sportives \u00e0 la FSGT !!!<\/span><\/span><\/p>\n<p class=\"p2\" style=\"text-align: justify;\"><span style=\"text-decoration: underline; color: #000000;\"><strong><span class=\"s1\">Qu&rsquo;est-ce que sont les Jeux mondiaux CSIT ?<\/span><\/strong><\/span><\/p>\n<p class=\"p1\" style=\"text-align: justify;\"><span style=\"color: #000000;\"><span class=\"s1\"><strong>C<\/strong> : Il y a 9 ans, je suis rest\u00e9e \u00e0 la maison quand ma grande s\u0153ur a fait les premiers Jeux mondiaux avec maman. \u00a0<\/span><span class=\"s1\">Je ne pensais pas que je pourrais vivre la m\u00eame exp\u00e9rience extraordinaire un jour.\u00a0<\/span><span class=\"s1\">Je suis tr\u00e8s heureuse et impatiente de d\u00e9couvrir cet \u00e9v\u00e9nement. Je suis surtout tr\u00e8s f<\/span><span class=\"s1\">i\u00e8re d&rsquo;\u00eatre en \u00e9quipe de FRANCE et de participer \u00e0 ces Jeux.<\/span><\/span><\/p>\n<p class=\"p2\" style=\"text-align: justify;\"><span style=\"color: #000000;\"><span class=\"s1\"><strong>M<\/strong> : C&rsquo;est un \u00e9v\u00e9nement exceptionnel \u00e0 vivre. Ce seront mes deuxi\u00e8mes Jeux apr\u00e8s Rimini, en Italie, en 2008. C&rsquo;est un lieu de rencontres incroyables gr\u00e2ce au basket. Plusieurs pays sont repr\u00e9sent\u00e9s, des sportifs venus pour des comp\u00e9titions certes, mais avant tout pour l&rsquo;envie de se surpasser pour repr\u00e9senter son pays dans un<\/span><span class=\"s1\">\u00a0contexte \u00ab\u00a0Jeux Olympiques du sport loisir\u00a0\u00bb. Ensuite, je ne veux pas d\u00e9voiler au reste du groupe ce qui les attend, i<\/span><span class=\"s1\">l faudra nous suivre pour conna\u00eetre notre quotidien \u00e0 Riga, en Lettonie\u00a0<\/span><span class=\"s2\">&#x1f609;<\/span><\/span><\/p>\n<p class=\"p2\" style=\"text-align: justify;\"><span style=\"text-decoration: underline; color: #000000;\"><strong><span class=\"s1\">Pourquoi avoir lanc\u00e9 une campagne de crowdfunding ?<\/span><\/strong><\/span><\/p>\n<p class=\"p1\" style=\"text-align: justify;\"><span class=\"s1\" style=\"color: #000000;\"><strong>M<\/strong> : Le co\u00fbt de notre participation \u00e9tait un obstacle assez important pour r\u00e9aliser ce projet. Il nous fallait trouver des aides financi\u00e8res. Les instances sportives nous ont apport\u00e9 leur aide, mais la FSGT au niveau local n&rsquo;a que peu de moyens. Il nous fallait trouver d&rsquo;autres pistes de ressources, d&rsquo;o\u00f9 l&rsquo;id\u00e9e d&rsquo;une prospection participative vers tous nos r\u00e9seaux.<\/span><\/p>\n<p class=\"p2\" style=\"text-align: justify;\"><span style=\"text-decoration: underline; color: #000000;\"><strong><span class=\"s1\">Pourquoi avoir choisi <span style=\"color: #0000ff;\"><a style=\"color: #0000ff; text-decoration: underline;\" href=\"http:\/\/fosburit.com\" target=\"_blank\" rel=\"noopener\">Fosburit<\/a><\/span> ?<\/span><\/strong><\/span><\/p>\n<p class=\"p1\" style=\"text-align: justify;\"><span style=\"color: #000000;\"><span class=\"s1\"><strong>M<\/strong> : C&rsquo;est plut\u00f4t Fosburit qui nous a choisi <\/span><span class=\"s2\">&#x1f60a;<\/span><span class=\"s1\">. \u00a0<\/span><span class=\"s1\">Yann fait partie des candidats \u00e0 la s\u00e9lection gar\u00e7on. Il nous a pr\u00e9sent\u00e9 ce concept et nous l&rsquo;avons adopt\u00e9 car il allie la convivialit\u00e9 et l&rsquo;originalit\u00e9. Il implique aussi la motivation de tous les membres du groupe pour booster la dynamique et faire que ce projet soit construit en faisant participer tous ceux qui nous suivent dans cette aventure.\u00a0<\/span><span class=\"s1\">Un grand MERCI \u00e0 Yann, au passage, qui est sur liste d&rsquo;attente car la s\u00e9lection est boucl\u00e9e, mais qui s&rsquo;implique sans rel\u00e2che dans ce projet.<\/span><\/span><\/p>\n<p class=\"p2\" style=\"text-align: justify;\"><span style=\"color: #000000;\"><strong><span class=\"s1\">Quels seront les objectifs pour les \u00e9quipes de basket ?<\/span><\/strong><\/span><\/p>\n<p class=\"p1\" style=\"text-align: justify;\"><span style=\"color: #000000;\"><span class=\"s1\"><strong>C<\/strong> : Passer une semaine de r\u00eave, par le sport, les rencontres, les d\u00e9couvertes. Revenir sans regrets, avec le sentiment d&rsquo;avoir tout donn\u00e9, ne rien l\u00e2cher. Mais revenir avec une m\u00e9daille dans la poche ce serait quand m\u00eame l&rsquo;id\u00e9al <\/span><span class=\"s2\">&#x1f609;<\/span><\/span><\/p>\n<p class=\"p2\" style=\"text-align: justify;\"><span style=\"color: #000000;\"><span class=\"s1\"><strong>M<\/strong> : Avant tout, repr\u00e9senter fi\u00e8rement non seulement son pays mais aussi le basket fran\u00e7ais. D\u00e9fendre nos valeurs sportives et humaines si particuli\u00e8res en FSGT. \u00a0<\/span><span class=\"s1\">Nous nous pr\u00e9parons depuis le d\u00e9but de la saison pour ces Jeux, ce qui n&rsquo;\u00e9tait pas le cas en 2008, o\u00f9 tout \u00e9tait pass\u00e9 tr\u00e8s vite.\u00a0<\/span><span class=\"s1\">Quel que soit le r\u00e9sultat, il faudra donner le meilleur de nous m\u00eame et mettre en pratique tout le travail effectu\u00e9 par les joueurs, joueuses et l&rsquo;encadrement. E<\/span><span class=\"s1\">t si une m\u00e9daille pouvait revenir dans nos bagages, ce serait le bonheur, peu importe la couleur.<\/span><\/span><\/p>\n<p class=\"p2\" style=\"text-align: justify;\"><span style=\"text-decoration: underline; color: #000000;\"><strong><span class=\"s1\">Le mot de la fin ?<\/span><\/strong><\/span><\/p>\n<p class=\"p1\" style=\"text-align: justify;\"><span style=\"color: #000000;\"><span class=\"s1\"><strong>C<\/strong> : L&rsquo;important c&rsquo;est de participer, il para\u00eet, mais l&rsquo;important c&rsquo;est d&rsquo;aller jusqu&rsquo;au bout\u00a0<\/span><span class=\"s2\">&#x1f609;<\/span><\/span><\/p>\n<p class=\"p2\" style=\"text-align: justify;\"><span style=\"color: #000000;\"><span class=\"s1\"><strong>M<\/strong> : j&rsquo;ai eu l&rsquo;immense chance de participer \u00e0 la premi\u00e8re \u00e9dition des Jeux. Cette fois, ce sont sans aucun doute mes derniers en tant que joueuse.\u00a0<\/span><span class=\"s1\">Depuis 2008 et la soir\u00e9e m\u00e9morable d&rsquo;un France-Mexique support\u00e9 par les 300 sportifs fran\u00e7ais, nous n&rsquo;avions pas pu y participer de nouveau faute de financement. Certains pays nous ont cherch\u00e9 : \u00ab\u00a0Dommage, ils ne sont pas l\u00e0 les basketteurs fran\u00e7ais ?\u00a0\u00bb.\u00a0<\/span><span class=\"s1\">Nous sommes de retour\u00a0 !!!!\u00a0<\/span><span class=\"s1\">&#8230; Aventure \u00e0 suivre !!!!<\/span><\/span><\/p>\n<p style=\"text-align: justify;\"><span style=\"color: #000000;\"><strong>Pour soutenir Muriel, C\u00e9lia\u00a0et les \u00e9quipes de basket FSGT, c&rsquo;est par <span style=\"color: #0000ff;\"><a style=\"color: #0000ff;\" href=\"https:\/\/www.fosburit.com\/projets\/projet\/5eme-jeux-sportifs-mondiaux-amateurs-csit-a-riga-lettonie\/\" target=\"_blank\" rel=\"noopener\">ici<\/a><\/span> !\u00a0<\/strong><\/span><\/p>\n<p style=\"text-align: justify;\"><img loading=\"lazy\" decoding=\"async\" class=\"size-thumbnail wp-image-999 aligncenter\" src=\"http:\/\/dicodusport.fr\/blog\/wp-content\/uploads\/2017\/01\/cropped-logo-dicodusport-sans-fond-150x150.png\" alt=\"\" width=\"150\" height=\"150\" srcset=\"https:\/\/dicodusport.fr\/blog\/wp-content\/uploads\/2017\/01\/cropped-logo-dicodusport-sans-fond-150x150.png 150w, https:\/\/dicodusport.fr\/blog\/wp-content\/uploads\/2017\/01\/cropped-logo-dicodusport-sans-fond-300x300.png 300w, https:\/\/dicodusport.fr\/blog\/wp-content\/uploads\/2017\/01\/cropped-logo-dicodusport-sans-fond-270x270.png 270w, https:\/\/dicodusport.fr\/blog\/wp-content\/uploads\/2017\/01\/cropped-logo-dicodusport-sans-fond-192x192.png 192w, https:\/\/dicodusport.fr\/blog\/wp-content\/uploads\/2017\/01\/cropped-logo-dicodusport-sans-fond-180x180.png 180w, https:\/\/dicodusport.fr\/blog\/wp-content\/uploads\/2017\/01\/cropped-logo-dicodusport-sans-fond-32x32.png 32w, https:\/\/dicodusport.fr\/blog\/wp-content\/uploads\/2017\/01\/cropped-logo-dicodusport-sans-fond.png 512w\" sizes=\"auto, (max-width: 150px) 100vw, 150px\" \/><\/p>\n","protected":false},"excerpt":{"rendered":"<p>On a rencontr\u00e9 Muriel et C\u00e9lia, m\u00e8re et fille dans la vie, qui participeront ensemble aux jeux mondiaux FSGT avec l&rsquo;\u00e9quipe de France de basket. Pouvez-vous vous pr\u00e9senter en quelques mots ? C\u00e9lia : 16 ans, je suis la cadette de l&rsquo;\u00e9quipe fille. Muriel : 52 ans, la doyenne de l&rsquo;\u00e9quipe fille. Responsable de la [&hellip;]<\/p>\n","protected":false},"author":1,"featured_media":1366,"comment_status":"open","ping_status":"closed","sticky":false,"template":"","format":"standard","meta":{"_acf_changed":false,"_daextam_enable_autolinks":"","footnotes":""},"categories":[47033,4],"tags":[517,96],"class_list":["post-1365","post","type-post","status-publish","format-standard","has-post-thumbnail","hentry","category-jeux-mondiaux","category-portraits","tag-basketball","tag-fosburit"],"acf":[],"yoast_head":"<!-- This site is optimized with the Yoast SEO Premium plugin v26.7 (Yoast SEO v26.7) - https:\/\/yoast.com\/wordpress\/plugins\/seo\/ -->\n<title>Muriel et C\u00e9lia, m\u00e8re et fille aux Jeux mondiaux FSGT<\/title>\n<meta name=\"description\" content=\"On a rencontr\u00e9 Muriel et C\u00e9lia, m\u00e8re et fille \u00e0 la vie, qui participeront ensemble aux jeux mondiaux FSGT avec l&#039;\u00e9quipe de France de Basket.\" \/>\n<meta name=\"robots\" content=\"index, follow, max-snippet:-1, max-image-preview:large, max-video-preview:-1\" \/>\n<link rel=\"canonical\" href=\"https:\/\/dicodusport.fr\/blog\/muriel-celia-mere-fille-aux-jeux-mondiaux-fsgt\/\" \/>\n<meta property=\"og:locale\" content=\"fr_FR\" \/>\n<meta property=\"og:type\" content=\"article\" \/>\n<meta property=\"og:title\" content=\"Muriel et C\u00e9lia, m\u00e8re et fille aux Jeux mondiaux FSGT\" \/>\n<meta property=\"og:description\" content=\"On a rencontr\u00e9 Muriel et C\u00e9lia, m\u00e8re et fille \u00e0 la vie, qui participeront ensemble aux jeux mondiaux FSGT avec l&#039;\u00e9quipe de France de Basket.\" \/>\n<meta property=\"og:url\" content=\"https:\/\/dicodusport.fr\/blog\/muriel-celia-mere-fille-aux-jeux-mondiaux-fsgt\/\" \/>\n<meta property=\"og:site_name\" content=\"Dicodusport\" \/>\n<meta property=\"article:publisher\" content=\"https:\/\/www.facebook.com\/dicodusport\" \/>\n<meta property=\"article:author\" content=\"https:\/\/www.facebook.com\/dicodusport\" \/>\n<meta property=\"article:published_time\" content=\"2017-04-04T22:22:56+00:00\" \/>\n<meta property=\"article:modified_time\" content=\"2025-06-10T15:00:33+00:00\" \/>\n<meta property=\"og:image\" content=\"https:\/\/dicodusport.fr\/blog\/wp-content\/uploads\/2017\/04\/Muriel-celia-FSGT.png\" \/>\n\t<meta property=\"og:image:width\" content=\"1200\" \/>\n\t<meta property=\"og:image:height\" content=\"670\" \/>\n\t<meta property=\"og:image:type\" content=\"image\/png\" \/>\n<meta name=\"author\" content=\"Nicolas Jacquemard\" \/>\n<meta name=\"twitter:card\" content=\"summary_large_image\" \/>\n<meta name=\"twitter:creator\" content=\"@https:\/\/twitter.com\/Nico_Jacquemard\" \/>\n<meta name=\"twitter:site\" content=\"@dicodusport\" \/>\n<script type=\"application\/ld+json\" class=\"yoast-schema-graph\">{\"@context\":\"https:\/\/schema.org\",\"@graph\":[{\"@type\":\"NewsArticle\",\"@id\":\"https:\/\/dicodusport.fr\/blog\/muriel-celia-mere-fille-aux-jeux-mondiaux-fsgt\/#article\",\"isPartOf\":{\"@id\":\"https:\/\/dicodusport.fr\/blog\/muriel-celia-mere-fille-aux-jeux-mondiaux-fsgt\/\"},\"author\":{\"name\":\"Nicolas Jacquemard\",\"@id\":\"https:\/\/dicodusport.fr\/blog\/#\/schema\/person\/55dcb50ad410894e431ed812bbb70191\"},\"headline\":\"Muriel et C\u00e9lia, m\u00e8re et fille aux Jeux mondiaux FSGT\",\"datePublished\":\"2017-04-04T22:22:56+00:00\",\"dateModified\":\"2025-06-10T15:00:33+00:00\",\"mainEntityOfPage\":{\"@id\":\"https:\/\/dicodusport.fr\/blog\/muriel-celia-mere-fille-aux-jeux-mondiaux-fsgt\/\"},\"wordCount\":895,\"commentCount\":0,\"publisher\":{\"@id\":\"https:\/\/dicodusport.fr\/blog\/#organization\"},\"image\":{\"@id\":\"https:\/\/dicodusport.fr\/blog\/muriel-celia-mere-fille-aux-jeux-mondiaux-fsgt\/#primaryimage\"},\"thumbnailUrl\":\"https:\/\/dicodusport.fr\/blog\/wp-content\/uploads\/2017\/04\/Muriel-celia-FSGT.png\",\"keywords\":[\"basketball\",\"fosburit\"],\"articleSection\":[\"Jeux Mondiaux\",\"Portraits\"],\"inLanguage\":\"fr-FR\",\"potentialAction\":[{\"@type\":\"CommentAction\",\"name\":\"Comment\",\"target\":[\"https:\/\/dicodusport.fr\/blog\/muriel-celia-mere-fille-aux-jeux-mondiaux-fsgt\/#respond\"]}],\"copyrightYear\":\"2017\",\"copyrightHolder\":{\"@id\":\"https:\/\/dicodusport.fr\/blog\/#organization\"}},{\"@type\":\"WebPage\",\"@id\":\"https:\/\/dicodusport.fr\/blog\/muriel-celia-mere-fille-aux-jeux-mondiaux-fsgt\/\",\"url\":\"https:\/\/dicodusport.fr\/blog\/muriel-celia-mere-fille-aux-jeux-mondiaux-fsgt\/\",\"name\":\"Muriel et C\u00e9lia, m\u00e8re et fille aux Jeux mondiaux FSGT\",\"isPartOf\":{\"@id\":\"https:\/\/dicodusport.fr\/blog\/#website\"},\"primaryImageOfPage\":{\"@id\":\"https:\/\/dicodusport.fr\/blog\/muriel-celia-mere-fille-aux-jeux-mondiaux-fsgt\/#primaryimage\"},\"image\":{\"@id\":\"https:\/\/dicodusport.fr\/blog\/muriel-celia-mere-fille-aux-jeux-mondiaux-fsgt\/#primaryimage\"},\"thumbnailUrl\":\"https:\/\/dicodusport.fr\/blog\/wp-content\/uploads\/2017\/04\/Muriel-celia-FSGT.png\",\"datePublished\":\"2017-04-04T22:22:56+00:00\",\"dateModified\":\"2025-06-10T15:00:33+00:00\",\"description\":\"On a rencontr\u00e9 Muriel et C\u00e9lia, m\u00e8re et fille \u00e0 la vie, qui participeront ensemble aux jeux mondiaux FSGT avec l'\u00e9quipe de France de Basket.\",\"breadcrumb\":{\"@id\":\"https:\/\/dicodusport.fr\/blog\/muriel-celia-mere-fille-aux-jeux-mondiaux-fsgt\/#breadcrumb\"},\"inLanguage\":\"fr-FR\",\"potentialAction\":[{\"@type\":\"ReadAction\",\"target\":[\"https:\/\/dicodusport.fr\/blog\/muriel-celia-mere-fille-aux-jeux-mondiaux-fsgt\/\"]}]},{\"@type\":\"ImageObject\",\"inLanguage\":\"fr-FR\",\"@id\":\"https:\/\/dicodusport.fr\/blog\/muriel-celia-mere-fille-aux-jeux-mondiaux-fsgt\/#primaryimage\",\"url\":\"https:\/\/dicodusport.fr\/blog\/wp-content\/uploads\/2017\/04\/Muriel-celia-FSGT.png\",\"contentUrl\":\"https:\/\/dicodusport.fr\/blog\/wp-content\/uploads\/2017\/04\/Muriel-celia-FSGT.png\",\"width\":1200,\"height\":670,\"caption\":\"Muriel celia FSGT\"},{\"@type\":\"BreadcrumbList\",\"@id\":\"https:\/\/dicodusport.fr\/blog\/muriel-celia-mere-fille-aux-jeux-mondiaux-fsgt\/#breadcrumb\",\"itemListElement\":[{\"@type\":\"ListItem\",\"position\":1,\"name\":\"Accueil\",\"item\":\"https:\/\/dicodusport.fr\/blog\/\"},{\"@type\":\"ListItem\",\"position\":2,\"name\":\"Muriel et C\u00e9lia, m\u00e8re et fille aux Jeux mondiaux FSGT\"}]},{\"@type\":\"WebSite\",\"@id\":\"https:\/\/dicodusport.fr\/blog\/#website\",\"url\":\"https:\/\/dicodusport.fr\/blog\/\",\"name\":\"Dicodusport\",\"description\":\"L&#039;encyclop\u00e9die de l&#039;actualit\u00e9 sportive\",\"publisher\":{\"@id\":\"https:\/\/dicodusport.fr\/blog\/#organization\"},\"potentialAction\":[{\"@type\":\"SearchAction\",\"target\":{\"@type\":\"EntryPoint\",\"urlTemplate\":\"https:\/\/dicodusport.fr\/blog\/?s={search_term_string}\"},\"query-input\":{\"@type\":\"PropertyValueSpecification\",\"valueRequired\":true,\"valueName\":\"search_term_string\"}}],\"inLanguage\":\"fr-FR\"},{\"@type\":\"NewsMediaOrganization\",\"@id\":\"https:\/\/dicodusport.fr\/blog\/#organization\",\"name\":\"Dicodusport\",\"url\":\"https:\/\/dicodusport.fr\/blog\/\",\"logo\":{\"@type\":\"ImageObject\",\"inLanguage\":\"fr-FR\",\"@id\":\"https:\/\/dicodusport.fr\/blog\/#\/schema\/logo\/image\/\",\"url\":\"https:\/\/dicodusport.fr\/blog\/wp-content\/uploads\/2020\/06\/cropped-LOGO-DICODUSPORT-2020-SANS-FOND-SANS-TEXTE.png\",\"contentUrl\":\"https:\/\/dicodusport.fr\/blog\/wp-content\/uploads\/2020\/06\/cropped-LOGO-DICODUSPORT-2020-SANS-FOND-SANS-TEXTE.png\",\"width\":512,\"height\":512,\"caption\":\"Dicodusport\"},\"image\":{\"@id\":\"https:\/\/dicodusport.fr\/blog\/#\/schema\/logo\/image\/\"},\"sameAs\":[\"https:\/\/www.facebook.com\/dicodusport\",\"https:\/\/x.com\/dicodusport\",\"https:\/\/www.instagram.com\/dicodusport\/\",\"https:\/\/www.youtube.com\/channel\/UC7V2KZ5sd3htJivAbA4ZG3w\"],\"description\":\"Dicodusport est l'encyclop\u00e9die de l'actualit\u00e9 sportive.\",\"email\":\"bonjour@dicodusport.fr\",\"legalName\":\"DICODUSPORT\",\"foundingDate\":\"2018-01-14\",\"vatID\":\"FR71834470973\",\"taxID\":\"83447097300043\",\"numberOfEmployees\":{\"@type\":\"QuantitativeValue\",\"minValue\":\"1\",\"maxValue\":\"10\"}},{\"@type\":\"Person\",\"@id\":\"https:\/\/dicodusport.fr\/blog\/#\/schema\/person\/55dcb50ad410894e431ed812bbb70191\",\"name\":\"Nicolas Jacquemard\",\"image\":{\"@type\":\"ImageObject\",\"inLanguage\":\"fr-FR\",\"@id\":\"https:\/\/dicodusport.fr\/blog\/#\/schema\/person\/image\/\",\"url\":\"https:\/\/dicodusport.fr\/blog\/wp-content\/uploads\/2021\/05\/Nicolas-Jacquemard-150x150.jpeg\",\"contentUrl\":\"https:\/\/dicodusport.fr\/blog\/wp-content\/uploads\/2021\/05\/Nicolas-Jacquemard-150x150.jpeg\",\"caption\":\"Nicolas Jacquemard\"},\"description\":\"Passionn\u00e9 de sport et entrepreneur depuis mes 18 ans, la cr\u00e9ation de Dicodusport m'a sembl\u00e9 \u00e9vidente pour participer \u00e0 la m\u00e9diatisation d'un plus grand nombre de sports. Le chemin est long mais avec une \u00e9quipe des plus motiv\u00e9es et les Jeux Olympiques de Paris 2024 en point de mire, nous y arriverons ! Journaliste dans le monde du sport depuis plus de 5 ans, je traite aussi bien de football, de rugby, de biathlon que de cyclisme.\",\"sameAs\":[\"https:\/\/www.facebook.com\/dicodusport\",\"https:\/\/x.com\/https:\/\/twitter.com\/Nico_Jacquemard\"],\"url\":\"https:\/\/dicodusport.fr\/blog\/author\/dicodusport\/\"}]}<\/script>\n<!-- \/ Yoast SEO Premium plugin. -->","yoast_head_json":{"title":"Muriel et C\u00e9lia, m\u00e8re et fille aux Jeux mondiaux FSGT","description":"On a rencontr\u00e9 Muriel et C\u00e9lia, m\u00e8re et fille \u00e0 la vie, qui participeront ensemble aux jeux mondiaux FSGT avec l'\u00e9quipe de France de Basket.","robots":{"index":"index","follow":"follow","max-snippet":"max-snippet:-1","max-image-preview":"max-image-preview:large","max-video-preview":"max-video-preview:-1"},"canonical":"https:\/\/dicodusport.fr\/blog\/muriel-celia-mere-fille-aux-jeux-mondiaux-fsgt\/","og_locale":"fr_FR","og_type":"article","og_title":"Muriel et C\u00e9lia, m\u00e8re et fille aux Jeux mondiaux FSGT","og_description":"On a rencontr\u00e9 Muriel et C\u00e9lia, m\u00e8re et fille \u00e0 la vie, qui participeront ensemble aux jeux mondiaux FSGT avec l'\u00e9quipe de France de Basket.","og_url":"https:\/\/dicodusport.fr\/blog\/muriel-celia-mere-fille-aux-jeux-mondiaux-fsgt\/","og_site_name":"Dicodusport","article_publisher":"https:\/\/www.facebook.com\/dicodusport","article_author":"https:\/\/www.facebook.com\/dicodusport","article_published_time":"2017-04-04T22:22:56+00:00","article_modified_time":"2025-06-10T15:00:33+00:00","og_image":[{"width":1200,"height":670,"url":"https:\/\/dicodusport.fr\/blog\/wp-content\/uploads\/2017\/04\/Muriel-celia-FSGT.png","type":"image\/png"}],"author":"Nicolas Jacquemard","twitter_card":"summary_large_image","twitter_creator":"@https:\/\/twitter.com\/Nico_Jacquemard","twitter_site":"@dicodusport","schema":{"@context":"https:\/\/schema.org","@graph":[{"@type":"NewsArticle","@id":"https:\/\/dicodusport.fr\/blog\/muriel-celia-mere-fille-aux-jeux-mondiaux-fsgt\/#article","isPartOf":{"@id":"https:\/\/dicodusport.fr\/blog\/muriel-celia-mere-fille-aux-jeux-mondiaux-fsgt\/"},"author":{"name":"Nicolas Jacquemard","@id":"https:\/\/dicodusport.fr\/blog\/#\/schema\/person\/55dcb50ad410894e431ed812bbb70191"},"headline":"Muriel et C\u00e9lia, m\u00e8re et fille aux Jeux mondiaux FSGT","datePublished":"2017-04-04T22:22:56+00:00","dateModified":"2025-06-10T15:00:33+00:00","mainEntityOfPage":{"@id":"https:\/\/dicodusport.fr\/blog\/muriel-celia-mere-fille-aux-jeux-mondiaux-fsgt\/"},"wordCount":895,"commentCount":0,"publisher":{"@id":"https:\/\/dicodusport.fr\/blog\/#organization"},"image":{"@id":"https:\/\/dicodusport.fr\/blog\/muriel-celia-mere-fille-aux-jeux-mondiaux-fsgt\/#primaryimage"},"thumbnailUrl":"https:\/\/dicodusport.fr\/blog\/wp-content\/uploads\/2017\/04\/Muriel-celia-FSGT.png","keywords":["basketball","fosburit"],"articleSection":["Jeux Mondiaux","Portraits"],"inLanguage":"fr-FR","potentialAction":[{"@type":"CommentAction","name":"Comment","target":["https:\/\/dicodusport.fr\/blog\/muriel-celia-mere-fille-aux-jeux-mondiaux-fsgt\/#respond"]}],"copyrightYear":"2017","copyrightHolder":{"@id":"https:\/\/dicodusport.fr\/blog\/#organization"}},{"@type":"WebPage","@id":"https:\/\/dicodusport.fr\/blog\/muriel-celia-mere-fille-aux-jeux-mondiaux-fsgt\/","url":"https:\/\/dicodusport.fr\/blog\/muriel-celia-mere-fille-aux-jeux-mondiaux-fsgt\/","name":"Muriel et C\u00e9lia, m\u00e8re et fille aux Jeux mondiaux FSGT","isPartOf":{"@id":"https:\/\/dicodusport.fr\/blog\/#website"},"primaryImageOfPage":{"@id":"https:\/\/dicodusport.fr\/blog\/muriel-celia-mere-fille-aux-jeux-mondiaux-fsgt\/#primaryimage"},"image":{"@id":"https:\/\/dicodusport.fr\/blog\/muriel-celia-mere-fille-aux-jeux-mondiaux-fsgt\/#primaryimage"},"thumbnailUrl":"https:\/\/dicodusport.fr\/blog\/wp-content\/uploads\/2017\/04\/Muriel-celia-FSGT.png","datePublished":"2017-04-04T22:22:56+00:00","dateModified":"2025-06-10T15:00:33+00:00","description":"On a rencontr\u00e9 Muriel et C\u00e9lia, m\u00e8re et fille \u00e0 la vie, qui participeront ensemble aux jeux mondiaux FSGT avec l'\u00e9quipe de France de Basket.","breadcrumb":{"@id":"https:\/\/dicodusport.fr\/blog\/muriel-celia-mere-fille-aux-jeux-mondiaux-fsgt\/#breadcrumb"},"inLanguage":"fr-FR","potentialAction":[{"@type":"ReadAction","target":["https:\/\/dicodusport.fr\/blog\/muriel-celia-mere-fille-aux-jeux-mondiaux-fsgt\/"]}]},{"@type":"ImageObject","inLanguage":"fr-FR","@id":"https:\/\/dicodusport.fr\/blog\/muriel-celia-mere-fille-aux-jeux-mondiaux-fsgt\/#primaryimage","url":"https:\/\/dicodusport.fr\/blog\/wp-content\/uploads\/2017\/04\/Muriel-celia-FSGT.png","contentUrl":"https:\/\/dicodusport.fr\/blog\/wp-content\/uploads\/2017\/04\/Muriel-celia-FSGT.png","width":1200,"height":670,"caption":"Muriel celia FSGT"},{"@type":"BreadcrumbList","@id":"https:\/\/dicodusport.fr\/blog\/muriel-celia-mere-fille-aux-jeux-mondiaux-fsgt\/#breadcrumb","itemListElement":[{"@type":"ListItem","position":1,"name":"Accueil","item":"https:\/\/dicodusport.fr\/blog\/"},{"@type":"ListItem","position":2,"name":"Muriel et C\u00e9lia, m\u00e8re et fille aux Jeux mondiaux FSGT"}]},{"@type":"WebSite","@id":"https:\/\/dicodusport.fr\/blog\/#website","url":"https:\/\/dicodusport.fr\/blog\/","name":"Dicodusport","description":"L&#039;encyclop\u00e9die de l&#039;actualit\u00e9 sportive","publisher":{"@id":"https:\/\/dicodusport.fr\/blog\/#organization"},"potentialAction":[{"@type":"SearchAction","target":{"@type":"EntryPoint","urlTemplate":"https:\/\/dicodusport.fr\/blog\/?s={search_term_string}"},"query-input":{"@type":"PropertyValueSpecification","valueRequired":true,"valueName":"search_term_string"}}],"inLanguage":"fr-FR"},{"@type":"NewsMediaOrganization","@id":"https:\/\/dicodusport.fr\/blog\/#organization","name":"Dicodusport","url":"https:\/\/dicodusport.fr\/blog\/","logo":{"@type":"ImageObject","inLanguage":"fr-FR","@id":"https:\/\/dicodusport.fr\/blog\/#\/schema\/logo\/image\/","url":"https:\/\/dicodusport.fr\/blog\/wp-content\/uploads\/2020\/06\/cropped-LOGO-DICODUSPORT-2020-SANS-FOND-SANS-TEXTE.png","contentUrl":"https:\/\/dicodusport.fr\/blog\/wp-content\/uploads\/2020\/06\/cropped-LOGO-DICODUSPORT-2020-SANS-FOND-SANS-TEXTE.png","width":512,"height":512,"caption":"Dicodusport"},"image":{"@id":"https:\/\/dicodusport.fr\/blog\/#\/schema\/logo\/image\/"},"sameAs":["https:\/\/www.facebook.com\/dicodusport","https:\/\/x.com\/dicodusport","https:\/\/www.instagram.com\/dicodusport\/","https:\/\/www.youtube.com\/channel\/UC7V2KZ5sd3htJivAbA4ZG3w"],"description":"Dicodusport est l'encyclop\u00e9die de l'actualit\u00e9 sportive.","email":"bonjour@dicodusport.fr","legalName":"DICODUSPORT","foundingDate":"2018-01-14","vatID":"FR71834470973","taxID":"83447097300043","numberOfEmployees":{"@type":"QuantitativeValue","minValue":"1","maxValue":"10"}},{"@type":"Person","@id":"https:\/\/dicodusport.fr\/blog\/#\/schema\/person\/55dcb50ad410894e431ed812bbb70191","name":"Nicolas Jacquemard","image":{"@type":"ImageObject","inLanguage":"fr-FR","@id":"https:\/\/dicodusport.fr\/blog\/#\/schema\/person\/image\/","url":"https:\/\/dicodusport.fr\/blog\/wp-content\/uploads\/2021\/05\/Nicolas-Jacquemard-150x150.jpeg","contentUrl":"https:\/\/dicodusport.fr\/blog\/wp-content\/uploads\/2021\/05\/Nicolas-Jacquemard-150x150.jpeg","caption":"Nicolas Jacquemard"},"description":"Passionn\u00e9 de sport et entrepreneur depuis mes 18 ans, la cr\u00e9ation de Dicodusport m'a sembl\u00e9 \u00e9vidente pour participer \u00e0 la m\u00e9diatisation d'un plus grand nombre de sports. Le chemin est long mais avec une \u00e9quipe des plus motiv\u00e9es et les Jeux Olympiques de Paris 2024 en point de mire, nous y arriverons ! Journaliste dans le monde du sport depuis plus de 5 ans, je traite aussi bien de football, de rugby, de biathlon que de cyclisme.","sameAs":["https:\/\/www.facebook.com\/dicodusport","https:\/\/x.com\/https:\/\/twitter.com\/Nico_Jacquemard"],"url":"https:\/\/dicodusport.fr\/blog\/author\/dicodusport\/"}]}},"_links":{"self":[{"href":"https:\/\/dicodusport.fr\/blog\/wp-json\/wp\/v2\/posts\/1365","targetHints":{"allow":["GET"]}}],"collection":[{"href":"https:\/\/dicodusport.fr\/blog\/wp-json\/wp\/v2\/posts"}],"about":[{"href":"https:\/\/dicodusport.fr\/blog\/wp-json\/wp\/v2\/types\/post"}],"author":[{"embeddable":true,"href":"https:\/\/dicodusport.fr\/blog\/wp-json\/wp\/v2\/users\/1"}],"replies":[{"embeddable":true,"href":"https:\/\/dicodusport.fr\/blog\/wp-json\/wp\/v2\/comments?post=1365"}],"version-history":[{"count":1,"href":"https:\/\/dicodusport.fr\/blog\/wp-json\/wp\/v2\/posts\/1365\/revisions"}],"predecessor-version":[{"id":585788,"href":"https:\/\/dicodusport.fr\/blog\/wp-json\/wp\/v2\/posts\/1365\/revisions\/585788"}],"wp:featuredmedia":[{"embeddable":true,"href":"https:\/\/dicodusport.fr\/blog\/wp-json\/wp\/v2\/media\/1366"}],"wp:attachment":[{"href":"https:\/\/dicodusport.fr\/blog\/wp-json\/wp\/v2\/media?parent=1365"}],"wp:term":[{"taxonomy":"category","embeddable":true,"href":"https:\/\/dicodusport.fr\/blog\/wp-json\/wp\/v2\/categories?post=1365"},{"taxonomy":"post_tag","embeddable":true,"href":"https:\/\/dicodusport.fr\/blog\/wp-json\/wp\/v2\/tags?post=1365"}],"curies":[{"name":"wp","href":"https:\/\/api.w.org\/{rel}","templated":true}]}}