{"id":136526,"date":"2021-06-07T14:13:10","date_gmt":"2021-06-07T12:13:10","guid":{"rendered":"https:\/\/dicodusport.fr\/blog\/?p=136526&#038;preview=true&#038;preview_id=136526"},"modified":"2021-06-09T13:00:35","modified_gmt":"2021-06-09T11:00:35","slug":"didier-deschamps-une-equipe-de-france-plus-forte-dans-sa-globalite-avec-karim-benzema","status":"publish","type":"post","link":"https:\/\/dicodusport.fr\/blog\/didier-deschamps-une-equipe-de-france-plus-forte-dans-sa-globalite-avec-karim-benzema\/","title":{"rendered":"Didier Deschamps : \u00ab\u00a0Une \u00e9quipe de France plus forte dans sa globalit\u00e9 avec Karim Benzema\u00a0\u00bb"},"content":{"rendered":"<p style=\"text-align: justify;\"><strong><em><a href=\"https:\/\/dicodusport.fr\/blog\/actualites\/football\/euro-2020\/\">EURO 2020<\/a> &#8211; Interrog\u00e9 par nos confr\u00e8res d&rsquo;Europe 1, Didier Deschamps a une nouvelle fois \u00e9voqu\u00e9 le retour en \u00e9quipe de France de Karim Benzema.\u00a0<\/em><\/strong><\/p>\n<p style=\"text-align: justify;\">Auteur d&rsquo;un premier match int\u00e9ressant, <strong>Karim Benzema<\/strong> pourrait encha\u00eener face \u00e0 la Bulgarie avec Kylian Mbapp\u00e9 et Antoine Griezmann. Interrog\u00e9 sur le \u00ab\u00a0Merci Didier\u00a0\u00bb l\u00e2ch\u00e9 par le Madril\u00e8ne en conf\u00e9rence de presse la semaine pass\u00e9e, le s\u00e9lectionneur a r\u00e9torqu\u00e9 que <strong>Karim Benzema<\/strong> savait comment le \u00ab\u00a0remercier\u00a0\u00bb, car il n&rsquo;y a qu&rsquo;une v\u00e9rit\u00e9, \u00e0 savoir celle du terrain.<\/p>\n<p style=\"text-align: justify;\">Trouver le bon \u00e9quilibre en peu de matchs pour \u00eatre pr\u00eat pour l&rsquo;Allemagne dans une semaine est donc l&rsquo;\u00e9quation que doit r\u00e9soudre <strong>Didier Deschamps<\/strong>. Si la tendance \u00e0 aligner ses trois armes offensives ensemble se confirme, il faudra trouver avec quels joueurs au milieu de terrain. Si N&rsquo;Golo Kant\u00e9 et Paul Pogba en seront tr\u00e8s probablement, il reste une troisi\u00e8me place \u00e0 prendre, avec plusieurs profils diff\u00e9rents d&rsquo;Adrien Rabiot \u00e0 Thomas Lemar en passant par Corentin Tolisso.<\/p>\n<p style=\"text-align: justify;\">Pour conclure la partie sur Karim Benzema, l&rsquo;homme fort des Bleus a expliqu\u00e9 que s&rsquo;il l&rsquo;avait rappel\u00e9 c&rsquo;est qu&rsquo;il consid\u00e9rait <em>\u00ab\u00a0l&rsquo;\u00e9quipe de France plus forte dans sa globalit\u00e9 avec lui\u00a0\u00bb<\/em>.<\/p>\n<blockquote class=\"twitter-tweet\" data-conversation=\"none\">\n<p dir=\"ltr\" lang=\"fr\">Didier Deschamps sur Karim Benzema et sa pr\u00e9sence dans le groupe <a href=\"https:\/\/twitter.com\/hashtag\/Euro2020?src=hash&amp;ref_src=twsrc%5Etfw\">#Euro2020<\/a> : \u00ab\u00a0On ne va pas refaire l&rsquo;histoire (&#8230;) C&rsquo;est un non \u00e9v\u00e8nement (&#8230;) Je n&rsquo;ai jamais dit qu&rsquo;il n&rsquo;\u00e9tait pas s\u00e9lectionnable (&#8230;) Il n&rsquo;y a qu&rsquo;une v\u00e9rit\u00e9 c&rsquo;est celle du terrain\u00a0\u00bb<a href=\"https:\/\/twitter.com\/hashtag\/Europe1?src=hash&amp;ref_src=twsrc%5Etfw\">#Europe1<\/a> <a href=\"https:\/\/t.co\/CJj2rWAiwl\">pic.twitter.com\/CJj2rWAiwl<\/a><\/p>\n<p>\u2014 Europe 1 &#x1f3a7;&#x1f30d;&#x1f4fb; (@Europe1) <a href=\"https:\/\/twitter.com\/Europe1\/status\/1401778974125084676?ref_src=twsrc%5Etfw\">June 7, 2021<\/a><\/p><\/blockquote>\n<p style=\"text-align: justify;\"><script async src=\"https:\/\/platform.twitter.com\/widgets.js\" charset=\"utf-8\"><\/script><\/p>\n","protected":false},"excerpt":{"rendered":"<p>EURO 2020 &#8211; Interrog\u00e9 par nos confr\u00e8res d&rsquo;Europe 1, Didier Deschamps a une nouvelle fois \u00e9voqu\u00e9 le retour en \u00e9quipe de France de Karim Benzema.\u00a0<\/p>\n","protected":false},"author":1,"featured_media":136529,"comment_status":"open","ping_status":"closed","sticky":false,"template":"","format":"standard","meta":{"_acf_changed":false,"_daextam_enable_autolinks":"","footnotes":""},"categories":[47044],"tags":[3072,4318,30,4727],"class_list":["post-136526","post","type-post","status-publish","format-standard","has-post-thumbnail","hentry","category-euro-de-football","tag-benzema","tag-didier-deschamps","tag-france","tag-karim-benzema"],"acf":[],"yoast_head":"<!-- This site is optimized with the Yoast SEO Premium plugin v26.7 (Yoast SEO v26.7) - https:\/\/yoast.com\/wordpress\/plugins\/seo\/ -->\n<title>Didier Deschamps : &quot;Une \u00e9quipe de France plus forte dans sa globalit\u00e9 avec Karim Benzema&quot;<\/title>\n<meta name=\"description\" content=\"Interrog\u00e9 par nos confr\u00e8res d&#039;Europe 1, Didier Deschamps a une nouvelle fois \u00e9voqu\u00e9 le retour en \u00e9quipe de France de Karim Benzema.\u00a0\" \/>\n<meta name=\"robots\" content=\"index, follow, max-snippet:-1, max-image-preview:large, max-video-preview:-1\" \/>\n<link rel=\"canonical\" href=\"https:\/\/dicodusport.fr\/blog\/didier-deschamps-une-equipe-de-france-plus-forte-dans-sa-globalite-avec-karim-benzema\/\" \/>\n<meta property=\"og:locale\" content=\"fr_FR\" \/>\n<meta property=\"og:type\" content=\"article\" \/>\n<meta property=\"og:title\" content=\"Didier Deschamps : &quot;Une \u00e9quipe de France plus forte dans sa globalit\u00e9 avec Karim Benzema&quot;\" \/>\n<meta property=\"og:description\" content=\"Interrog\u00e9 par nos confr\u00e8res d&#039;Europe 1, Didier Deschamps a une nouvelle fois \u00e9voqu\u00e9 le retour en \u00e9quipe de France de Karim Benzema.\u00a0\" \/>\n<meta property=\"og:url\" content=\"https:\/\/dicodusport.fr\/blog\/didier-deschamps-une-equipe-de-france-plus-forte-dans-sa-globalite-avec-karim-benzema\/\" \/>\n<meta property=\"og:site_name\" content=\"Dicodusport\" \/>\n<meta property=\"article:publisher\" content=\"https:\/\/www.facebook.com\/dicodusport\" \/>\n<meta property=\"article:author\" content=\"https:\/\/www.facebook.com\/dicodusport\" \/>\n<meta property=\"article:published_time\" content=\"2021-06-07T12:13:10+00:00\" \/>\n<meta property=\"article:modified_time\" content=\"2021-06-09T11:00:35+00:00\" \/>\n<meta property=\"og:image\" content=\"https:\/\/dicodusport.fr\/blog\/wp-content\/uploads\/2021\/06\/Karim-Benzema-Didier-Deschamps.png\" \/>\n\t<meta property=\"og:image:width\" content=\"1200\" \/>\n\t<meta property=\"og:image:height\" content=\"670\" \/>\n\t<meta property=\"og:image:type\" content=\"image\/png\" \/>\n<meta name=\"author\" content=\"Nicolas Jacquemard\" \/>\n<meta name=\"twitter:card\" content=\"summary_large_image\" \/>\n<meta name=\"twitter:title\" content=\"Didier Deschamps : &quot;Une \u00e9quipe de France plus forte dans sa globalit\u00e9 avec Karim Benzema&quot;\" \/>\n<meta name=\"twitter:creator\" content=\"@https:\/\/twitter.com\/Nico_Jacquemard\" \/>\n<meta name=\"twitter:site\" content=\"@dicodusport\" \/>\n<script type=\"application\/ld+json\" class=\"yoast-schema-graph\">{\"@context\":\"https:\/\/schema.org\",\"@graph\":[{\"@type\":\"NewsArticle\",\"@id\":\"https:\/\/dicodusport.fr\/blog\/didier-deschamps-une-equipe-de-france-plus-forte-dans-sa-globalite-avec-karim-benzema\/#article\",\"isPartOf\":{\"@id\":\"https:\/\/dicodusport.fr\/blog\/didier-deschamps-une-equipe-de-france-plus-forte-dans-sa-globalite-avec-karim-benzema\/\"},\"author\":{\"name\":\"Nicolas Jacquemard\",\"@id\":\"https:\/\/dicodusport.fr\/blog\/#\/schema\/person\/55dcb50ad410894e431ed812bbb70191\"},\"headline\":\"Didier Deschamps : \u00ab\u00a0Une \u00e9quipe de France plus forte dans sa globalit\u00e9 avec Karim Benzema\u00a0\u00bb\",\"datePublished\":\"2021-06-07T12:13:10+00:00\",\"dateModified\":\"2021-06-09T11:00:35+00:00\",\"mainEntityOfPage\":{\"@id\":\"https:\/\/dicodusport.fr\/blog\/didier-deschamps-une-equipe-de-france-plus-forte-dans-sa-globalite-avec-karim-benzema\/\"},\"wordCount\":295,\"commentCount\":0,\"publisher\":{\"@id\":\"https:\/\/dicodusport.fr\/blog\/#organization\"},\"image\":{\"@id\":\"https:\/\/dicodusport.fr\/blog\/didier-deschamps-une-equipe-de-france-plus-forte-dans-sa-globalite-avec-karim-benzema\/#primaryimage\"},\"thumbnailUrl\":\"https:\/\/dicodusport.fr\/blog\/wp-content\/uploads\/2021\/06\/Karim-Benzema-Didier-Deschamps.png\",\"keywords\":[\"benzema\",\"Didier Deschamps\",\"France\",\"Karim Benzema\"],\"articleSection\":[\"Euro de football\"],\"inLanguage\":\"fr-FR\",\"potentialAction\":[{\"@type\":\"CommentAction\",\"name\":\"Comment\",\"target\":[\"https:\/\/dicodusport.fr\/blog\/didier-deschamps-une-equipe-de-france-plus-forte-dans-sa-globalite-avec-karim-benzema\/#respond\"]}],\"copyrightYear\":\"2021\",\"copyrightHolder\":{\"@id\":\"https:\/\/dicodusport.fr\/blog\/#organization\"}},{\"@type\":\"WebPage\",\"@id\":\"https:\/\/dicodusport.fr\/blog\/didier-deschamps-une-equipe-de-france-plus-forte-dans-sa-globalite-avec-karim-benzema\/\",\"url\":\"https:\/\/dicodusport.fr\/blog\/didier-deschamps-une-equipe-de-france-plus-forte-dans-sa-globalite-avec-karim-benzema\/\",\"name\":\"Didier Deschamps : \\\"Une \u00e9quipe de France plus forte dans sa globalit\u00e9 avec Karim Benzema\\\"\",\"isPartOf\":{\"@id\":\"https:\/\/dicodusport.fr\/blog\/#website\"},\"primaryImageOfPage\":{\"@id\":\"https:\/\/dicodusport.fr\/blog\/didier-deschamps-une-equipe-de-france-plus-forte-dans-sa-globalite-avec-karim-benzema\/#primaryimage\"},\"image\":{\"@id\":\"https:\/\/dicodusport.fr\/blog\/didier-deschamps-une-equipe-de-france-plus-forte-dans-sa-globalite-avec-karim-benzema\/#primaryimage\"},\"thumbnailUrl\":\"https:\/\/dicodusport.fr\/blog\/wp-content\/uploads\/2021\/06\/Karim-Benzema-Didier-Deschamps.png\",\"datePublished\":\"2021-06-07T12:13:10+00:00\",\"dateModified\":\"2021-06-09T11:00:35+00:00\",\"description\":\"Interrog\u00e9 par nos confr\u00e8res d'Europe 1, Didier Deschamps a une nouvelle fois \u00e9voqu\u00e9 le retour en \u00e9quipe de France de Karim Benzema.\u00a0\",\"breadcrumb\":{\"@id\":\"https:\/\/dicodusport.fr\/blog\/didier-deschamps-une-equipe-de-france-plus-forte-dans-sa-globalite-avec-karim-benzema\/#breadcrumb\"},\"inLanguage\":\"fr-FR\",\"potentialAction\":[{\"@type\":\"ReadAction\",\"target\":[\"https:\/\/dicodusport.fr\/blog\/didier-deschamps-une-equipe-de-france-plus-forte-dans-sa-globalite-avec-karim-benzema\/\"]}]},{\"@type\":\"ImageObject\",\"inLanguage\":\"fr-FR\",\"@id\":\"https:\/\/dicodusport.fr\/blog\/didier-deschamps-une-equipe-de-france-plus-forte-dans-sa-globalite-avec-karim-benzema\/#primaryimage\",\"url\":\"https:\/\/dicodusport.fr\/blog\/wp-content\/uploads\/2021\/06\/Karim-Benzema-Didier-Deschamps.png\",\"contentUrl\":\"https:\/\/dicodusport.fr\/blog\/wp-content\/uploads\/2021\/06\/Karim-Benzema-Didier-Deschamps.png\",\"width\":1200,\"height\":670},{\"@type\":\"BreadcrumbList\",\"@id\":\"https:\/\/dicodusport.fr\/blog\/didier-deschamps-une-equipe-de-france-plus-forte-dans-sa-globalite-avec-karim-benzema\/#breadcrumb\",\"itemListElement\":[{\"@type\":\"ListItem\",\"position\":1,\"name\":\"Accueil\",\"item\":\"https:\/\/dicodusport.fr\/blog\/\"},{\"@type\":\"ListItem\",\"position\":2,\"name\":\"Didier Deschamps : \u00ab\u00a0Une \u00e9quipe de France plus forte dans sa globalit\u00e9 avec Karim Benzema\u00a0\u00bb\"}]},{\"@type\":\"WebSite\",\"@id\":\"https:\/\/dicodusport.fr\/blog\/#website\",\"url\":\"https:\/\/dicodusport.fr\/blog\/\",\"name\":\"Dicodusport\",\"description\":\"L&#039;encyclop\u00e9die de l&#039;actualit\u00e9 sportive\",\"publisher\":{\"@id\":\"https:\/\/dicodusport.fr\/blog\/#organization\"},\"potentialAction\":[{\"@type\":\"SearchAction\",\"target\":{\"@type\":\"EntryPoint\",\"urlTemplate\":\"https:\/\/dicodusport.fr\/blog\/?s={search_term_string}\"},\"query-input\":{\"@type\":\"PropertyValueSpecification\",\"valueRequired\":true,\"valueName\":\"search_term_string\"}}],\"inLanguage\":\"fr-FR\"},{\"@type\":\"NewsMediaOrganization\",\"@id\":\"https:\/\/dicodusport.fr\/blog\/#organization\",\"name\":\"Dicodusport\",\"url\":\"https:\/\/dicodusport.fr\/blog\/\",\"logo\":{\"@type\":\"ImageObject\",\"inLanguage\":\"fr-FR\",\"@id\":\"https:\/\/dicodusport.fr\/blog\/#\/schema\/logo\/image\/\",\"url\":\"https:\/\/dicodusport.fr\/blog\/wp-content\/uploads\/2020\/06\/cropped-LOGO-DICODUSPORT-2020-SANS-FOND-SANS-TEXTE.png\",\"contentUrl\":\"https:\/\/dicodusport.fr\/blog\/wp-content\/uploads\/2020\/06\/cropped-LOGO-DICODUSPORT-2020-SANS-FOND-SANS-TEXTE.png\",\"width\":512,\"height\":512,\"caption\":\"Dicodusport\"},\"image\":{\"@id\":\"https:\/\/dicodusport.fr\/blog\/#\/schema\/logo\/image\/\"},\"sameAs\":[\"https:\/\/www.facebook.com\/dicodusport\",\"https:\/\/x.com\/dicodusport\",\"https:\/\/www.instagram.com\/dicodusport\/\",\"https:\/\/www.youtube.com\/channel\/UC7V2KZ5sd3htJivAbA4ZG3w\"],\"description\":\"Dicodusport est l'encyclop\u00e9die de l'actualit\u00e9 sportive.\",\"email\":\"bonjour@dicodusport.fr\",\"legalName\":\"DICODUSPORT\",\"foundingDate\":\"2018-01-14\",\"vatID\":\"FR71834470973\",\"taxID\":\"83447097300043\",\"numberOfEmployees\":{\"@type\":\"QuantitativeValue\",\"minValue\":\"1\",\"maxValue\":\"10\"}},{\"@type\":\"Person\",\"@id\":\"https:\/\/dicodusport.fr\/blog\/#\/schema\/person\/55dcb50ad410894e431ed812bbb70191\",\"name\":\"Nicolas Jacquemard\",\"image\":{\"@type\":\"ImageObject\",\"inLanguage\":\"fr-FR\",\"@id\":\"https:\/\/dicodusport.fr\/blog\/#\/schema\/person\/image\/\",\"url\":\"https:\/\/dicodusport.fr\/blog\/wp-content\/uploads\/2021\/05\/Nicolas-Jacquemard-150x150.jpeg\",\"contentUrl\":\"https:\/\/dicodusport.fr\/blog\/wp-content\/uploads\/2021\/05\/Nicolas-Jacquemard-150x150.jpeg\",\"caption\":\"Nicolas Jacquemard\"},\"description\":\"Passionn\u00e9 de sport et entrepreneur depuis mes 18 ans, la cr\u00e9ation de Dicodusport m'a sembl\u00e9 \u00e9vidente pour participer \u00e0 la m\u00e9diatisation d'un plus grand nombre de sports. Le chemin est long mais avec une \u00e9quipe des plus motiv\u00e9es et les Jeux Olympiques de Paris 2024 en point de mire, nous y arriverons ! Journaliste dans le monde du sport depuis plus de 5 ans, je traite aussi bien de football, de rugby, de biathlon que de cyclisme.\",\"sameAs\":[\"https:\/\/www.facebook.com\/dicodusport\",\"https:\/\/x.com\/https:\/\/twitter.com\/Nico_Jacquemard\"],\"url\":\"https:\/\/dicodusport.fr\/blog\/author\/dicodusport\/\"}]}<\/script>\n<!-- \/ Yoast SEO Premium plugin. -->","yoast_head_json":{"title":"Didier Deschamps : \"Une \u00e9quipe de France plus forte dans sa globalit\u00e9 avec Karim Benzema\"","description":"Interrog\u00e9 par nos confr\u00e8res d'Europe 1, Didier Deschamps a une nouvelle fois \u00e9voqu\u00e9 le retour en \u00e9quipe de France de Karim Benzema.\u00a0","robots":{"index":"index","follow":"follow","max-snippet":"max-snippet:-1","max-image-preview":"max-image-preview:large","max-video-preview":"max-video-preview:-1"},"canonical":"https:\/\/dicodusport.fr\/blog\/didier-deschamps-une-equipe-de-france-plus-forte-dans-sa-globalite-avec-karim-benzema\/","og_locale":"fr_FR","og_type":"article","og_title":"Didier Deschamps : \"Une \u00e9quipe de France plus forte dans sa globalit\u00e9 avec Karim Benzema\"","og_description":"Interrog\u00e9 par nos confr\u00e8res d'Europe 1, Didier Deschamps a une nouvelle fois \u00e9voqu\u00e9 le retour en \u00e9quipe de France de Karim Benzema.\u00a0","og_url":"https:\/\/dicodusport.fr\/blog\/didier-deschamps-une-equipe-de-france-plus-forte-dans-sa-globalite-avec-karim-benzema\/","og_site_name":"Dicodusport","article_publisher":"https:\/\/www.facebook.com\/dicodusport","article_author":"https:\/\/www.facebook.com\/dicodusport","article_published_time":"2021-06-07T12:13:10+00:00","article_modified_time":"2021-06-09T11:00:35+00:00","og_image":[{"width":1200,"height":670,"url":"https:\/\/dicodusport.fr\/blog\/wp-content\/uploads\/2021\/06\/Karim-Benzema-Didier-Deschamps.png","type":"image\/png"}],"author":"Nicolas Jacquemard","twitter_card":"summary_large_image","twitter_title":"Didier Deschamps : \"Une \u00e9quipe de France plus forte dans sa globalit\u00e9 avec Karim Benzema\"","twitter_creator":"@https:\/\/twitter.com\/Nico_Jacquemard","twitter_site":"@dicodusport","schema":{"@context":"https:\/\/schema.org","@graph":[{"@type":"NewsArticle","@id":"https:\/\/dicodusport.fr\/blog\/didier-deschamps-une-equipe-de-france-plus-forte-dans-sa-globalite-avec-karim-benzema\/#article","isPartOf":{"@id":"https:\/\/dicodusport.fr\/blog\/didier-deschamps-une-equipe-de-france-plus-forte-dans-sa-globalite-avec-karim-benzema\/"},"author":{"name":"Nicolas Jacquemard","@id":"https:\/\/dicodusport.fr\/blog\/#\/schema\/person\/55dcb50ad410894e431ed812bbb70191"},"headline":"Didier Deschamps : \u00ab\u00a0Une \u00e9quipe de France plus forte dans sa globalit\u00e9 avec Karim Benzema\u00a0\u00bb","datePublished":"2021-06-07T12:13:10+00:00","dateModified":"2021-06-09T11:00:35+00:00","mainEntityOfPage":{"@id":"https:\/\/dicodusport.fr\/blog\/didier-deschamps-une-equipe-de-france-plus-forte-dans-sa-globalite-avec-karim-benzema\/"},"wordCount":295,"commentCount":0,"publisher":{"@id":"https:\/\/dicodusport.fr\/blog\/#organization"},"image":{"@id":"https:\/\/dicodusport.fr\/blog\/didier-deschamps-une-equipe-de-france-plus-forte-dans-sa-globalite-avec-karim-benzema\/#primaryimage"},"thumbnailUrl":"https:\/\/dicodusport.fr\/blog\/wp-content\/uploads\/2021\/06\/Karim-Benzema-Didier-Deschamps.png","keywords":["benzema","Didier Deschamps","France","Karim Benzema"],"articleSection":["Euro de football"],"inLanguage":"fr-FR","potentialAction":[{"@type":"CommentAction","name":"Comment","target":["https:\/\/dicodusport.fr\/blog\/didier-deschamps-une-equipe-de-france-plus-forte-dans-sa-globalite-avec-karim-benzema\/#respond"]}],"copyrightYear":"2021","copyrightHolder":{"@id":"https:\/\/dicodusport.fr\/blog\/#organization"}},{"@type":"WebPage","@id":"https:\/\/dicodusport.fr\/blog\/didier-deschamps-une-equipe-de-france-plus-forte-dans-sa-globalite-avec-karim-benzema\/","url":"https:\/\/dicodusport.fr\/blog\/didier-deschamps-une-equipe-de-france-plus-forte-dans-sa-globalite-avec-karim-benzema\/","name":"Didier Deschamps : \"Une \u00e9quipe de France plus forte dans sa globalit\u00e9 avec Karim Benzema\"","isPartOf":{"@id":"https:\/\/dicodusport.fr\/blog\/#website"},"primaryImageOfPage":{"@id":"https:\/\/dicodusport.fr\/blog\/didier-deschamps-une-equipe-de-france-plus-forte-dans-sa-globalite-avec-karim-benzema\/#primaryimage"},"image":{"@id":"https:\/\/dicodusport.fr\/blog\/didier-deschamps-une-equipe-de-france-plus-forte-dans-sa-globalite-avec-karim-benzema\/#primaryimage"},"thumbnailUrl":"https:\/\/dicodusport.fr\/blog\/wp-content\/uploads\/2021\/06\/Karim-Benzema-Didier-Deschamps.png","datePublished":"2021-06-07T12:13:10+00:00","dateModified":"2021-06-09T11:00:35+00:00","description":"Interrog\u00e9 par nos confr\u00e8res d'Europe 1, Didier Deschamps a une nouvelle fois \u00e9voqu\u00e9 le retour en \u00e9quipe de France de Karim Benzema.\u00a0","breadcrumb":{"@id":"https:\/\/dicodusport.fr\/blog\/didier-deschamps-une-equipe-de-france-plus-forte-dans-sa-globalite-avec-karim-benzema\/#breadcrumb"},"inLanguage":"fr-FR","potentialAction":[{"@type":"ReadAction","target":["https:\/\/dicodusport.fr\/blog\/didier-deschamps-une-equipe-de-france-plus-forte-dans-sa-globalite-avec-karim-benzema\/"]}]},{"@type":"ImageObject","inLanguage":"fr-FR","@id":"https:\/\/dicodusport.fr\/blog\/didier-deschamps-une-equipe-de-france-plus-forte-dans-sa-globalite-avec-karim-benzema\/#primaryimage","url":"https:\/\/dicodusport.fr\/blog\/wp-content\/uploads\/2021\/06\/Karim-Benzema-Didier-Deschamps.png","contentUrl":"https:\/\/dicodusport.fr\/blog\/wp-content\/uploads\/2021\/06\/Karim-Benzema-Didier-Deschamps.png","width":1200,"height":670},{"@type":"BreadcrumbList","@id":"https:\/\/dicodusport.fr\/blog\/didier-deschamps-une-equipe-de-france-plus-forte-dans-sa-globalite-avec-karim-benzema\/#breadcrumb","itemListElement":[{"@type":"ListItem","position":1,"name":"Accueil","item":"https:\/\/dicodusport.fr\/blog\/"},{"@type":"ListItem","position":2,"name":"Didier Deschamps : \u00ab\u00a0Une \u00e9quipe de France plus forte dans sa globalit\u00e9 avec Karim Benzema\u00a0\u00bb"}]},{"@type":"WebSite","@id":"https:\/\/dicodusport.fr\/blog\/#website","url":"https:\/\/dicodusport.fr\/blog\/","name":"Dicodusport","description":"L&#039;encyclop\u00e9die de l&#039;actualit\u00e9 sportive","publisher":{"@id":"https:\/\/dicodusport.fr\/blog\/#organization"},"potentialAction":[{"@type":"SearchAction","target":{"@type":"EntryPoint","urlTemplate":"https:\/\/dicodusport.fr\/blog\/?s={search_term_string}"},"query-input":{"@type":"PropertyValueSpecification","valueRequired":true,"valueName":"search_term_string"}}],"inLanguage":"fr-FR"},{"@type":"NewsMediaOrganization","@id":"https:\/\/dicodusport.fr\/blog\/#organization","name":"Dicodusport","url":"https:\/\/dicodusport.fr\/blog\/","logo":{"@type":"ImageObject","inLanguage":"fr-FR","@id":"https:\/\/dicodusport.fr\/blog\/#\/schema\/logo\/image\/","url":"https:\/\/dicodusport.fr\/blog\/wp-content\/uploads\/2020\/06\/cropped-LOGO-DICODUSPORT-2020-SANS-FOND-SANS-TEXTE.png","contentUrl":"https:\/\/dicodusport.fr\/blog\/wp-content\/uploads\/2020\/06\/cropped-LOGO-DICODUSPORT-2020-SANS-FOND-SANS-TEXTE.png","width":512,"height":512,"caption":"Dicodusport"},"image":{"@id":"https:\/\/dicodusport.fr\/blog\/#\/schema\/logo\/image\/"},"sameAs":["https:\/\/www.facebook.com\/dicodusport","https:\/\/x.com\/dicodusport","https:\/\/www.instagram.com\/dicodusport\/","https:\/\/www.youtube.com\/channel\/UC7V2KZ5sd3htJivAbA4ZG3w"],"description":"Dicodusport est l'encyclop\u00e9die de l'actualit\u00e9 sportive.","email":"bonjour@dicodusport.fr","legalName":"DICODUSPORT","foundingDate":"2018-01-14","vatID":"FR71834470973","taxID":"83447097300043","numberOfEmployees":{"@type":"QuantitativeValue","minValue":"1","maxValue":"10"}},{"@type":"Person","@id":"https:\/\/dicodusport.fr\/blog\/#\/schema\/person\/55dcb50ad410894e431ed812bbb70191","name":"Nicolas Jacquemard","image":{"@type":"ImageObject","inLanguage":"fr-FR","@id":"https:\/\/dicodusport.fr\/blog\/#\/schema\/person\/image\/","url":"https:\/\/dicodusport.fr\/blog\/wp-content\/uploads\/2021\/05\/Nicolas-Jacquemard-150x150.jpeg","contentUrl":"https:\/\/dicodusport.fr\/blog\/wp-content\/uploads\/2021\/05\/Nicolas-Jacquemard-150x150.jpeg","caption":"Nicolas Jacquemard"},"description":"Passionn\u00e9 de sport et entrepreneur depuis mes 18 ans, la cr\u00e9ation de Dicodusport m'a sembl\u00e9 \u00e9vidente pour participer \u00e0 la m\u00e9diatisation d'un plus grand nombre de sports. Le chemin est long mais avec une \u00e9quipe des plus motiv\u00e9es et les Jeux Olympiques de Paris 2024 en point de mire, nous y arriverons ! Journaliste dans le monde du sport depuis plus de 5 ans, je traite aussi bien de football, de rugby, de biathlon que de cyclisme.","sameAs":["https:\/\/www.facebook.com\/dicodusport","https:\/\/x.com\/https:\/\/twitter.com\/Nico_Jacquemard"],"url":"https:\/\/dicodusport.fr\/blog\/author\/dicodusport\/"}]}},"_links":{"self":[{"href":"https:\/\/dicodusport.fr\/blog\/wp-json\/wp\/v2\/posts\/136526","targetHints":{"allow":["GET"]}}],"collection":[{"href":"https:\/\/dicodusport.fr\/blog\/wp-json\/wp\/v2\/posts"}],"about":[{"href":"https:\/\/dicodusport.fr\/blog\/wp-json\/wp\/v2\/types\/post"}],"author":[{"embeddable":true,"href":"https:\/\/dicodusport.fr\/blog\/wp-json\/wp\/v2\/users\/1"}],"replies":[{"embeddable":true,"href":"https:\/\/dicodusport.fr\/blog\/wp-json\/wp\/v2\/comments?post=136526"}],"version-history":[{"count":0,"href":"https:\/\/dicodusport.fr\/blog\/wp-json\/wp\/v2\/posts\/136526\/revisions"}],"wp:featuredmedia":[{"embeddable":true,"href":"https:\/\/dicodusport.fr\/blog\/wp-json\/wp\/v2\/media\/136529"}],"wp:attachment":[{"href":"https:\/\/dicodusport.fr\/blog\/wp-json\/wp\/v2\/media?parent=136526"}],"wp:term":[{"taxonomy":"category","embeddable":true,"href":"https:\/\/dicodusport.fr\/blog\/wp-json\/wp\/v2\/categories?post=136526"},{"taxonomy":"post_tag","embeddable":true,"href":"https:\/\/dicodusport.fr\/blog\/wp-json\/wp\/v2\/tags?post=136526"}],"curies":[{"name":"wp","href":"https:\/\/api.w.org\/{rel}","templated":true}]}}