{"id":136726,"date":"2021-06-07T21:07:16","date_gmt":"2021-06-07T19:07:16","guid":{"rendered":"https:\/\/dicodusport.fr\/blog\/?p=136726&#038;preview=true&#038;preview_id=136726"},"modified":"2021-06-07T21:20:52","modified_gmt":"2021-06-07T19:20:52","slug":"pierre-fairbank-est-votre-champion-du-week-end","status":"publish","type":"post","link":"https:\/\/dicodusport.fr\/blog\/pierre-fairbank-est-votre-champion-du-week-end\/","title":{"rendered":"Pierre Fairbank est votre Champion du week-end"},"content":{"rendered":"<p style=\"text-align: justify;\"><strong><em>ATHL\u00c9TISME HANDISPORT &#8211; Triple champion d&rsquo;Europe sur 100 m, 400 m et 800 m T53, Pierre Fairbank est votre Champion du week-end. Il devance Miguel Oliveira, vainqueur du Grand Prix de MotoGP en Catalogne.<\/em><\/strong><\/p>\n<p style=\"text-align: justify;\">Troisi\u00e8me, on retrouve <strong>Mark Padun<\/strong>, laur\u00e9at de deux \u00e9tapes sur le Dauphin\u00e9. Auteur de la meilleure performance mondiale de l&rsquo;ann\u00e9e \u00e0 la perche (6m10), <strong>Mondo Duplantis<\/strong> est 4\u00e8me.<\/p>\n<p style=\"text-align: justify;\"><strong><span style=\"font-size: 12px;\"><em>Sondage r\u00e9alis\u00e9 sur notre page <a href=\"https:\/\/www.facebook.com\/dicodusport\/\" target=\"_blank\" rel=\"noopener\">Facebook<\/a>.<\/em><\/span><\/strong><\/p>\n<h2 style=\"text-align: justify;\">Le 800m\u00a0 victorieux de Pierre Fairbank<\/h2>\n<blockquote class=\"twitter-tweet\">\n<p dir=\"ltr\" lang=\"en\">Triple gold for &#x1f1eb;&#x1f1f7; Pierre Fairbank at the Euros! Today he won in the men&rsquo;s 800m T53 (1:45.59 &#8211; season best)<\/p>\n<p>&#x1f4fa; Watch live: <a href=\"https:\/\/t.co\/0iQjxT3bAS\">https:\/\/t.co\/0iQjxT3bAS<\/a><br \/>\n&#x1f4ca; Schedule &amp; results: <a href=\"https:\/\/t.co\/t7zfoIgDZP\">https:\/\/t.co\/t7zfoIgDZP<\/a><br \/>\n<a href=\"https:\/\/twitter.com\/hashtag\/Bydgoszcz2021?src=hash&amp;ref_src=twsrc%5Etfw\">#Bydgoszcz2021<\/a> <a href=\"https:\/\/twitter.com\/Paralympics?ref_src=twsrc%5Etfw\">@Paralympics<\/a> <a href=\"https:\/\/twitter.com\/EquipeFRA?ref_src=twsrc%5Etfw\">@EquipeFRA<\/a> <a href=\"https:\/\/twitter.com\/AthleHandisport?ref_src=twsrc%5Etfw\">@AthleHandisport<\/a> <a href=\"https:\/\/twitter.com\/FRAparalympique?ref_src=twsrc%5Etfw\">@FRAparalympique<\/a> <a href=\"https:\/\/t.co\/nkmnRvbxiU\">pic.twitter.com\/nkmnRvbxiU<\/a><\/p>\n<p>\u2014 Para Athletics (@ParaAthletics) <a href=\"https:\/\/twitter.com\/ParaAthletics\/status\/1400871941892939780?ref_src=twsrc%5Etfw\">June 4, 2021<\/a><\/p><\/blockquote>\n<p><script async src=\"https:\/\/platform.twitter.com\/widgets.js\" charset=\"utf-8\"><\/script><\/p>\n","protected":false},"excerpt":{"rendered":"<p>ATHL\u00c9TISME HANDISPORT &#8211; Triple champion d&rsquo;Europe sur 100 m, 400 m et 800 m T53, Pierre Fairbank est votre Champion du week-end. Il devance Miguel Oliveira, vainqueur du Grand Prix de MotoGP en Catalogne.<\/p>\n","protected":false},"author":4,"featured_media":136732,"comment_status":"open","ping_status":"closed","sticky":false,"template":"","format":"standard","meta":{"_acf_changed":false,"_daextam_enable_autolinks":"","footnotes":""},"categories":[2308,5753,2366],"tags":[6961,15392,17],"class_list":["post-136726","post","type-post","status-publish","format-standard","has-post-thumbnail","hentry","category-athletisme","category-handisport","category-multisports","tag-athletisme-handisport","tag-champion-du-week-end","tag-dicodusport"],"acf":[],"yoast_head":"<!-- This site is optimized with the Yoast SEO Premium plugin v26.7 (Yoast SEO v26.7) - https:\/\/yoast.com\/wordpress\/plugins\/seo\/ -->\n<title>Pierre Fairbank est votre Champion du week-end<\/title>\n<meta name=\"description\" content=\"ATHL\u00c9TISME HANDISPORT - Triple champion d&#039;Europe sur 100 m, 400 m et 800 m T53, Pierre Fairbank est votre Champion du week-end.\" \/>\n<meta name=\"robots\" content=\"index, follow, max-snippet:-1, max-image-preview:large, max-video-preview:-1\" \/>\n<link rel=\"canonical\" href=\"https:\/\/dicodusport.fr\/blog\/pierre-fairbank-est-votre-champion-du-week-end\/\" \/>\n<meta property=\"og:locale\" content=\"fr_FR\" \/>\n<meta property=\"og:type\" content=\"article\" \/>\n<meta property=\"og:title\" content=\"Pierre Fairbank est votre Champion du week-end\" \/>\n<meta property=\"og:description\" content=\"ATHL\u00c9TISME HANDISPORT - Triple champion d&#039;Europe sur 100 m, 400 m et 800 m T53, Pierre Fairbank est votre Champion du week-end.\" \/>\n<meta property=\"og:url\" content=\"https:\/\/dicodusport.fr\/blog\/pierre-fairbank-est-votre-champion-du-week-end\/\" \/>\n<meta property=\"og:site_name\" content=\"Dicodusport\" \/>\n<meta property=\"article:publisher\" content=\"https:\/\/www.facebook.com\/dicodusport\" \/>\n<meta property=\"article:author\" content=\"https:\/\/www.facebook.com\/florent.ostermann\" \/>\n<meta property=\"article:published_time\" content=\"2021-06-07T19:07:16+00:00\" \/>\n<meta property=\"article:modified_time\" content=\"2021-06-07T19:20:52+00:00\" \/>\n<meta property=\"og:image\" content=\"https:\/\/dicodusport.fr\/blog\/wp-content\/uploads\/2021\/06\/Pierre-Fairbank-est-votre-Champion-du-week-end.png\" \/>\n\t<meta property=\"og:image:width\" content=\"800\" \/>\n\t<meta property=\"og:image:height\" content=\"445\" \/>\n\t<meta property=\"og:image:type\" content=\"image\/png\" \/>\n<meta name=\"author\" content=\"Flo Ostermann\" \/>\n<meta name=\"twitter:card\" content=\"summary_large_image\" \/>\n<meta name=\"twitter:title\" content=\"Pierre Fairbank est votre Champion du week-end\" \/>\n<meta name=\"twitter:creator\" content=\"@https:\/\/twitter.com\/FlOstermann\" \/>\n<meta name=\"twitter:site\" content=\"@dicodusport\" \/>\n<script type=\"application\/ld+json\" class=\"yoast-schema-graph\">{\"@context\":\"https:\/\/schema.org\",\"@graph\":[{\"@type\":\"NewsArticle\",\"@id\":\"https:\/\/dicodusport.fr\/blog\/pierre-fairbank-est-votre-champion-du-week-end\/#article\",\"isPartOf\":{\"@id\":\"https:\/\/dicodusport.fr\/blog\/pierre-fairbank-est-votre-champion-du-week-end\/\"},\"author\":{\"name\":\"Flo Ostermann\",\"@id\":\"https:\/\/dicodusport.fr\/blog\/#\/schema\/person\/cb02af4c173ce4a653b55e9baf388d4a\"},\"headline\":\"Pierre Fairbank est votre Champion du week-end\",\"datePublished\":\"2021-06-07T19:07:16+00:00\",\"dateModified\":\"2021-06-07T19:20:52+00:00\",\"mainEntityOfPage\":{\"@id\":\"https:\/\/dicodusport.fr\/blog\/pierre-fairbank-est-votre-champion-du-week-end\/\"},\"wordCount\":144,\"commentCount\":0,\"publisher\":{\"@id\":\"https:\/\/dicodusport.fr\/blog\/#organization\"},\"image\":{\"@id\":\"https:\/\/dicodusport.fr\/blog\/pierre-fairbank-est-votre-champion-du-week-end\/#primaryimage\"},\"thumbnailUrl\":\"https:\/\/dicodusport.fr\/blog\/wp-content\/uploads\/2021\/06\/Pierre-Fairbank-est-votre-Champion-du-week-end.png\",\"keywords\":[\"athl\u00e9tisme handisport\",\"Champion du week-end\",\"Dicodusport\"],\"articleSection\":[\"Athl\u00e9tisme\",\"Handisport\",\"Multisports\"],\"inLanguage\":\"fr-FR\",\"potentialAction\":[{\"@type\":\"CommentAction\",\"name\":\"Comment\",\"target\":[\"https:\/\/dicodusport.fr\/blog\/pierre-fairbank-est-votre-champion-du-week-end\/#respond\"]}],\"copyrightYear\":\"2021\",\"copyrightHolder\":{\"@id\":\"https:\/\/dicodusport.fr\/blog\/#organization\"}},{\"@type\":\"WebPage\",\"@id\":\"https:\/\/dicodusport.fr\/blog\/pierre-fairbank-est-votre-champion-du-week-end\/\",\"url\":\"https:\/\/dicodusport.fr\/blog\/pierre-fairbank-est-votre-champion-du-week-end\/\",\"name\":\"Pierre Fairbank est votre Champion du week-end\",\"isPartOf\":{\"@id\":\"https:\/\/dicodusport.fr\/blog\/#website\"},\"primaryImageOfPage\":{\"@id\":\"https:\/\/dicodusport.fr\/blog\/pierre-fairbank-est-votre-champion-du-week-end\/#primaryimage\"},\"image\":{\"@id\":\"https:\/\/dicodusport.fr\/blog\/pierre-fairbank-est-votre-champion-du-week-end\/#primaryimage\"},\"thumbnailUrl\":\"https:\/\/dicodusport.fr\/blog\/wp-content\/uploads\/2021\/06\/Pierre-Fairbank-est-votre-Champion-du-week-end.png\",\"datePublished\":\"2021-06-07T19:07:16+00:00\",\"dateModified\":\"2021-06-07T19:20:52+00:00\",\"description\":\"ATHL\u00c9TISME HANDISPORT - Triple champion d'Europe sur 100 m, 400 m et 800 m T53, Pierre Fairbank est votre Champion du week-end.\",\"breadcrumb\":{\"@id\":\"https:\/\/dicodusport.fr\/blog\/pierre-fairbank-est-votre-champion-du-week-end\/#breadcrumb\"},\"inLanguage\":\"fr-FR\",\"potentialAction\":[{\"@type\":\"ReadAction\",\"target\":[\"https:\/\/dicodusport.fr\/blog\/pierre-fairbank-est-votre-champion-du-week-end\/\"]}]},{\"@type\":\"ImageObject\",\"inLanguage\":\"fr-FR\",\"@id\":\"https:\/\/dicodusport.fr\/blog\/pierre-fairbank-est-votre-champion-du-week-end\/#primaryimage\",\"url\":\"https:\/\/dicodusport.fr\/blog\/wp-content\/uploads\/2021\/06\/Pierre-Fairbank-est-votre-Champion-du-week-end.png\",\"contentUrl\":\"https:\/\/dicodusport.fr\/blog\/wp-content\/uploads\/2021\/06\/Pierre-Fairbank-est-votre-Champion-du-week-end.png\",\"width\":800,\"height\":445,\"caption\":\"Pierre Fairbank est votre Champion du week-end\"},{\"@type\":\"BreadcrumbList\",\"@id\":\"https:\/\/dicodusport.fr\/blog\/pierre-fairbank-est-votre-champion-du-week-end\/#breadcrumb\",\"itemListElement\":[{\"@type\":\"ListItem\",\"position\":1,\"name\":\"Accueil\",\"item\":\"https:\/\/dicodusport.fr\/blog\/\"},{\"@type\":\"ListItem\",\"position\":2,\"name\":\"Pierre Fairbank est votre Champion du week-end\"}]},{\"@type\":\"WebSite\",\"@id\":\"https:\/\/dicodusport.fr\/blog\/#website\",\"url\":\"https:\/\/dicodusport.fr\/blog\/\",\"name\":\"Dicodusport\",\"description\":\"L&#039;encyclop\u00e9die de l&#039;actualit\u00e9 sportive\",\"publisher\":{\"@id\":\"https:\/\/dicodusport.fr\/blog\/#organization\"},\"potentialAction\":[{\"@type\":\"SearchAction\",\"target\":{\"@type\":\"EntryPoint\",\"urlTemplate\":\"https:\/\/dicodusport.fr\/blog\/?s={search_term_string}\"},\"query-input\":{\"@type\":\"PropertyValueSpecification\",\"valueRequired\":true,\"valueName\":\"search_term_string\"}}],\"inLanguage\":\"fr-FR\"},{\"@type\":\"NewsMediaOrganization\",\"@id\":\"https:\/\/dicodusport.fr\/blog\/#organization\",\"name\":\"Dicodusport\",\"url\":\"https:\/\/dicodusport.fr\/blog\/\",\"logo\":{\"@type\":\"ImageObject\",\"inLanguage\":\"fr-FR\",\"@id\":\"https:\/\/dicodusport.fr\/blog\/#\/schema\/logo\/image\/\",\"url\":\"https:\/\/dicodusport.fr\/blog\/wp-content\/uploads\/2020\/06\/cropped-LOGO-DICODUSPORT-2020-SANS-FOND-SANS-TEXTE.png\",\"contentUrl\":\"https:\/\/dicodusport.fr\/blog\/wp-content\/uploads\/2020\/06\/cropped-LOGO-DICODUSPORT-2020-SANS-FOND-SANS-TEXTE.png\",\"width\":512,\"height\":512,\"caption\":\"Dicodusport\"},\"image\":{\"@id\":\"https:\/\/dicodusport.fr\/blog\/#\/schema\/logo\/image\/\"},\"sameAs\":[\"https:\/\/www.facebook.com\/dicodusport\",\"https:\/\/x.com\/dicodusport\",\"https:\/\/www.instagram.com\/dicodusport\/\",\"https:\/\/www.youtube.com\/channel\/UC7V2KZ5sd3htJivAbA4ZG3w\"],\"description\":\"Dicodusport est l'encyclop\u00e9die de l'actualit\u00e9 sportive.\",\"email\":\"bonjour@dicodusport.fr\",\"legalName\":\"DICODUSPORT\",\"foundingDate\":\"2018-01-14\",\"vatID\":\"FR71834470973\",\"taxID\":\"83447097300043\",\"numberOfEmployees\":{\"@type\":\"QuantitativeValue\",\"minValue\":\"1\",\"maxValue\":\"10\"}},{\"@type\":\"Person\",\"@id\":\"https:\/\/dicodusport.fr\/blog\/#\/schema\/person\/cb02af4c173ce4a653b55e9baf388d4a\",\"name\":\"Flo Ostermann\",\"image\":{\"@type\":\"ImageObject\",\"inLanguage\":\"fr-FR\",\"@id\":\"https:\/\/dicodusport.fr\/blog\/#\/schema\/person\/image\/\",\"url\":\"https:\/\/dicodusport.fr\/blog\/wp-content\/uploads\/2021\/05\/Flo-Ostermann-150x150.jpg\",\"contentUrl\":\"https:\/\/dicodusport.fr\/blog\/wp-content\/uploads\/2021\/05\/Flo-Ostermann-150x150.jpg\",\"caption\":\"Flo Ostermann\"},\"description\":\"Journaliste\/R\u00e9dacteur depuis septembre 2015 - Mes premiers souvenirs dans le sport ? Les envol\u00e9es du Stade Toulousain et les duels Villeneuve-Schumacher et H\u00e4kkinen-Schumacher \u00e0 la fin des ann\u00e9es 90, la Coupe du monde de football en 1998, l\u2019exploit du XV de France face aux All Blacks en 1999, mais aussi Richard C\u0153ur de Lion qui vole sur les montagnes du Tour de France. Bien parti pour devenir professeur d\u2019EPS, les \u00e9v\u00e9nements de la vie (et la flemme d\u2019animer des s\u00e9ances de 3x500 m\u00e8tres toute ma vie) m\u2019ont conduit \u00e0 revoir mes plans. Me voil\u00e0 depuis fin 2017 sur Dicodusport, m\u00e9dia gr\u00e2ce (et pour) lequel je partage ma passion : le sport dans tous ses \u00e9tats. Le tout accompagn\u00e9 par les fous furieux et folles furieuses cit\u00e9s sur cette page !\",\"sameAs\":[\"https:\/\/www.facebook.com\/florent.ostermann\",\"https:\/\/x.com\/https:\/\/twitter.com\/FlOstermann\",\"admin\"],\"url\":\"https:\/\/dicodusport.fr\/blog\/author\/flo\/\"}]}<\/script>\n<!-- \/ Yoast SEO Premium plugin. -->","yoast_head_json":{"title":"Pierre Fairbank est votre Champion du week-end","description":"ATHL\u00c9TISME HANDISPORT - Triple champion d'Europe sur 100 m, 400 m et 800 m T53, Pierre Fairbank est votre Champion du week-end.","robots":{"index":"index","follow":"follow","max-snippet":"max-snippet:-1","max-image-preview":"max-image-preview:large","max-video-preview":"max-video-preview:-1"},"canonical":"https:\/\/dicodusport.fr\/blog\/pierre-fairbank-est-votre-champion-du-week-end\/","og_locale":"fr_FR","og_type":"article","og_title":"Pierre Fairbank est votre Champion du week-end","og_description":"ATHL\u00c9TISME HANDISPORT - Triple champion d'Europe sur 100 m, 400 m et 800 m T53, Pierre Fairbank est votre Champion du week-end.","og_url":"https:\/\/dicodusport.fr\/blog\/pierre-fairbank-est-votre-champion-du-week-end\/","og_site_name":"Dicodusport","article_publisher":"https:\/\/www.facebook.com\/dicodusport","article_author":"https:\/\/www.facebook.com\/florent.ostermann","article_published_time":"2021-06-07T19:07:16+00:00","article_modified_time":"2021-06-07T19:20:52+00:00","og_image":[{"width":800,"height":445,"url":"https:\/\/dicodusport.fr\/blog\/wp-content\/uploads\/2021\/06\/Pierre-Fairbank-est-votre-Champion-du-week-end.png","type":"image\/png"}],"author":"Flo Ostermann","twitter_card":"summary_large_image","twitter_title":"Pierre Fairbank est votre Champion du week-end","twitter_creator":"@https:\/\/twitter.com\/FlOstermann","twitter_site":"@dicodusport","schema":{"@context":"https:\/\/schema.org","@graph":[{"@type":"NewsArticle","@id":"https:\/\/dicodusport.fr\/blog\/pierre-fairbank-est-votre-champion-du-week-end\/#article","isPartOf":{"@id":"https:\/\/dicodusport.fr\/blog\/pierre-fairbank-est-votre-champion-du-week-end\/"},"author":{"name":"Flo Ostermann","@id":"https:\/\/dicodusport.fr\/blog\/#\/schema\/person\/cb02af4c173ce4a653b55e9baf388d4a"},"headline":"Pierre Fairbank est votre Champion du week-end","datePublished":"2021-06-07T19:07:16+00:00","dateModified":"2021-06-07T19:20:52+00:00","mainEntityOfPage":{"@id":"https:\/\/dicodusport.fr\/blog\/pierre-fairbank-est-votre-champion-du-week-end\/"},"wordCount":144,"commentCount":0,"publisher":{"@id":"https:\/\/dicodusport.fr\/blog\/#organization"},"image":{"@id":"https:\/\/dicodusport.fr\/blog\/pierre-fairbank-est-votre-champion-du-week-end\/#primaryimage"},"thumbnailUrl":"https:\/\/dicodusport.fr\/blog\/wp-content\/uploads\/2021\/06\/Pierre-Fairbank-est-votre-Champion-du-week-end.png","keywords":["athl\u00e9tisme handisport","Champion du week-end","Dicodusport"],"articleSection":["Athl\u00e9tisme","Handisport","Multisports"],"inLanguage":"fr-FR","potentialAction":[{"@type":"CommentAction","name":"Comment","target":["https:\/\/dicodusport.fr\/blog\/pierre-fairbank-est-votre-champion-du-week-end\/#respond"]}],"copyrightYear":"2021","copyrightHolder":{"@id":"https:\/\/dicodusport.fr\/blog\/#organization"}},{"@type":"WebPage","@id":"https:\/\/dicodusport.fr\/blog\/pierre-fairbank-est-votre-champion-du-week-end\/","url":"https:\/\/dicodusport.fr\/blog\/pierre-fairbank-est-votre-champion-du-week-end\/","name":"Pierre Fairbank est votre Champion du week-end","isPartOf":{"@id":"https:\/\/dicodusport.fr\/blog\/#website"},"primaryImageOfPage":{"@id":"https:\/\/dicodusport.fr\/blog\/pierre-fairbank-est-votre-champion-du-week-end\/#primaryimage"},"image":{"@id":"https:\/\/dicodusport.fr\/blog\/pierre-fairbank-est-votre-champion-du-week-end\/#primaryimage"},"thumbnailUrl":"https:\/\/dicodusport.fr\/blog\/wp-content\/uploads\/2021\/06\/Pierre-Fairbank-est-votre-Champion-du-week-end.png","datePublished":"2021-06-07T19:07:16+00:00","dateModified":"2021-06-07T19:20:52+00:00","description":"ATHL\u00c9TISME HANDISPORT - Triple champion d'Europe sur 100 m, 400 m et 800 m T53, Pierre Fairbank est votre Champion du week-end.","breadcrumb":{"@id":"https:\/\/dicodusport.fr\/blog\/pierre-fairbank-est-votre-champion-du-week-end\/#breadcrumb"},"inLanguage":"fr-FR","potentialAction":[{"@type":"ReadAction","target":["https:\/\/dicodusport.fr\/blog\/pierre-fairbank-est-votre-champion-du-week-end\/"]}]},{"@type":"ImageObject","inLanguage":"fr-FR","@id":"https:\/\/dicodusport.fr\/blog\/pierre-fairbank-est-votre-champion-du-week-end\/#primaryimage","url":"https:\/\/dicodusport.fr\/blog\/wp-content\/uploads\/2021\/06\/Pierre-Fairbank-est-votre-Champion-du-week-end.png","contentUrl":"https:\/\/dicodusport.fr\/blog\/wp-content\/uploads\/2021\/06\/Pierre-Fairbank-est-votre-Champion-du-week-end.png","width":800,"height":445,"caption":"Pierre Fairbank est votre Champion du week-end"},{"@type":"BreadcrumbList","@id":"https:\/\/dicodusport.fr\/blog\/pierre-fairbank-est-votre-champion-du-week-end\/#breadcrumb","itemListElement":[{"@type":"ListItem","position":1,"name":"Accueil","item":"https:\/\/dicodusport.fr\/blog\/"},{"@type":"ListItem","position":2,"name":"Pierre Fairbank est votre Champion du week-end"}]},{"@type":"WebSite","@id":"https:\/\/dicodusport.fr\/blog\/#website","url":"https:\/\/dicodusport.fr\/blog\/","name":"Dicodusport","description":"L&#039;encyclop\u00e9die de l&#039;actualit\u00e9 sportive","publisher":{"@id":"https:\/\/dicodusport.fr\/blog\/#organization"},"potentialAction":[{"@type":"SearchAction","target":{"@type":"EntryPoint","urlTemplate":"https:\/\/dicodusport.fr\/blog\/?s={search_term_string}"},"query-input":{"@type":"PropertyValueSpecification","valueRequired":true,"valueName":"search_term_string"}}],"inLanguage":"fr-FR"},{"@type":"NewsMediaOrganization","@id":"https:\/\/dicodusport.fr\/blog\/#organization","name":"Dicodusport","url":"https:\/\/dicodusport.fr\/blog\/","logo":{"@type":"ImageObject","inLanguage":"fr-FR","@id":"https:\/\/dicodusport.fr\/blog\/#\/schema\/logo\/image\/","url":"https:\/\/dicodusport.fr\/blog\/wp-content\/uploads\/2020\/06\/cropped-LOGO-DICODUSPORT-2020-SANS-FOND-SANS-TEXTE.png","contentUrl":"https:\/\/dicodusport.fr\/blog\/wp-content\/uploads\/2020\/06\/cropped-LOGO-DICODUSPORT-2020-SANS-FOND-SANS-TEXTE.png","width":512,"height":512,"caption":"Dicodusport"},"image":{"@id":"https:\/\/dicodusport.fr\/blog\/#\/schema\/logo\/image\/"},"sameAs":["https:\/\/www.facebook.com\/dicodusport","https:\/\/x.com\/dicodusport","https:\/\/www.instagram.com\/dicodusport\/","https:\/\/www.youtube.com\/channel\/UC7V2KZ5sd3htJivAbA4ZG3w"],"description":"Dicodusport est l'encyclop\u00e9die de l'actualit\u00e9 sportive.","email":"bonjour@dicodusport.fr","legalName":"DICODUSPORT","foundingDate":"2018-01-14","vatID":"FR71834470973","taxID":"83447097300043","numberOfEmployees":{"@type":"QuantitativeValue","minValue":"1","maxValue":"10"}},{"@type":"Person","@id":"https:\/\/dicodusport.fr\/blog\/#\/schema\/person\/cb02af4c173ce4a653b55e9baf388d4a","name":"Flo Ostermann","image":{"@type":"ImageObject","inLanguage":"fr-FR","@id":"https:\/\/dicodusport.fr\/blog\/#\/schema\/person\/image\/","url":"https:\/\/dicodusport.fr\/blog\/wp-content\/uploads\/2021\/05\/Flo-Ostermann-150x150.jpg","contentUrl":"https:\/\/dicodusport.fr\/blog\/wp-content\/uploads\/2021\/05\/Flo-Ostermann-150x150.jpg","caption":"Flo Ostermann"},"description":"Journaliste\/R\u00e9dacteur depuis septembre 2015 - Mes premiers souvenirs dans le sport ? Les envol\u00e9es du Stade Toulousain et les duels Villeneuve-Schumacher et H\u00e4kkinen-Schumacher \u00e0 la fin des ann\u00e9es 90, la Coupe du monde de football en 1998, l\u2019exploit du XV de France face aux All Blacks en 1999, mais aussi Richard C\u0153ur de Lion qui vole sur les montagnes du Tour de France. Bien parti pour devenir professeur d\u2019EPS, les \u00e9v\u00e9nements de la vie (et la flemme d\u2019animer des s\u00e9ances de 3x500 m\u00e8tres toute ma vie) m\u2019ont conduit \u00e0 revoir mes plans. Me voil\u00e0 depuis fin 2017 sur Dicodusport, m\u00e9dia gr\u00e2ce (et pour) lequel je partage ma passion : le sport dans tous ses \u00e9tats. Le tout accompagn\u00e9 par les fous furieux et folles furieuses cit\u00e9s sur cette page !","sameAs":["https:\/\/www.facebook.com\/florent.ostermann","https:\/\/x.com\/https:\/\/twitter.com\/FlOstermann","admin"],"url":"https:\/\/dicodusport.fr\/blog\/author\/flo\/"}]}},"_links":{"self":[{"href":"https:\/\/dicodusport.fr\/blog\/wp-json\/wp\/v2\/posts\/136726","targetHints":{"allow":["GET"]}}],"collection":[{"href":"https:\/\/dicodusport.fr\/blog\/wp-json\/wp\/v2\/posts"}],"about":[{"href":"https:\/\/dicodusport.fr\/blog\/wp-json\/wp\/v2\/types\/post"}],"author":[{"embeddable":true,"href":"https:\/\/dicodusport.fr\/blog\/wp-json\/wp\/v2\/users\/4"}],"replies":[{"embeddable":true,"href":"https:\/\/dicodusport.fr\/blog\/wp-json\/wp\/v2\/comments?post=136726"}],"version-history":[{"count":0,"href":"https:\/\/dicodusport.fr\/blog\/wp-json\/wp\/v2\/posts\/136726\/revisions"}],"wp:featuredmedia":[{"embeddable":true,"href":"https:\/\/dicodusport.fr\/blog\/wp-json\/wp\/v2\/media\/136732"}],"wp:attachment":[{"href":"https:\/\/dicodusport.fr\/blog\/wp-json\/wp\/v2\/media?parent=136726"}],"wp:term":[{"taxonomy":"category","embeddable":true,"href":"https:\/\/dicodusport.fr\/blog\/wp-json\/wp\/v2\/categories?post=136726"},{"taxonomy":"post_tag","embeddable":true,"href":"https:\/\/dicodusport.fr\/blog\/wp-json\/wp\/v2\/tags?post=136726"}],"curies":[{"name":"wp","href":"https:\/\/api.w.org\/{rel}","templated":true}]}}