{"id":136960,"date":"2021-06-08T17:45:32","date_gmt":"2021-06-08T15:45:32","guid":{"rendered":"https:\/\/dicodusport.fr\/blog\/?p=136960"},"modified":"2021-06-08T17:45:32","modified_gmt":"2021-06-08T15:45:32","slug":"bmx-flat-matthias-dandois-champion-du-monde-pour-la-9eme-fois","status":"publish","type":"post","link":"https:\/\/dicodusport.fr\/blog\/bmx-flat-matthias-dandois-champion-du-monde-pour-la-9eme-fois\/","title":{"rendered":"BMX Flat : Matthias Dandois champion du monde pour la 9\u00e8me fois"},"content":{"rendered":"<p style=\"text-align: justify;\"><strong><em>CHAMPIONNATS DU MONDE DE BMX FLAT &#8211; Il est inarr\u00eatable ! Quelques jours apr\u00e8s le titre europ\u00e9en, Matthias Dandois remporte les mondiaux et une neuvi\u00e8me couronne plan\u00e9taire. Incroyable !<\/em><\/strong><\/p>\n<h2>O\u00f9 s&rsquo;arr\u00eatera-t-il ?<\/h2>\n<p style=\"text-align: justify;\">Organis\u00e9s \u00e0 Montpellier, les championnats du monde de BMX flat r\u00e9ussissent tr\u00e8s bien aux Fran\u00e7ais. Champion d&rsquo;Europe le week-end dernier, <strong>Matthias Dandois<\/strong> ne s&rsquo;est pas arr\u00eat\u00e9 l\u00e0. Dans la foul\u00e9e, le Tricolore s&rsquo;est offert un neuvi\u00e8me titre mondial ce mardi avec un run incroyable. Avec un score de 93.83, il devance le Japonais <strong>Moto Sasaki\u00a0<\/strong>92.00 points. Et ce n&rsquo;est pas tout puisqu&rsquo;\u00e0 la troisi\u00e8me place, on retrouve un autre Fran\u00e7ais, <strong>Alexandre Jumelin<\/strong>, qui d\u00e9croche le bronze (88.33). La performance des Fran\u00e7ais ne s&rsquo;arr\u00eate pas l\u00e0, puisque le troisi\u00e8me Tricolore <strong>Matthieu Bonnecuelle\u00a0<\/strong>est au pied du podium.<\/p>\n<blockquote class=\"twitter-tweet\">\n<p dir=\"ltr\" lang=\"en\">93.83 for Matthias Dandois! &#x1f1eb;&#x1f1f7;<\/p>\n<p>The Frenchman goes top and only Alexandre Jumelin can take away the rainbow stripes! <a href=\"https:\/\/twitter.com\/hashtag\/Montpellier2021?src=hash&amp;ref_src=twsrc%5Etfw\">#Montpellier2021<\/a> <a href=\"https:\/\/t.co\/cORbekPjDh\">pic.twitter.com\/cORbekPjDh<\/a><\/p>\n<p>\u2014 UCI BMX Freestyle (@UCI_BMX_FS) <a href=\"https:\/\/twitter.com\/UCI_BMX_FS\/status\/1402268327347634186?ref_src=twsrc%5Etfw\">June 8, 2021<\/a><\/p><\/blockquote>\n<p><script async src=\"https:\/\/platform.twitter.com\/widgets.js\" charset=\"utf-8\"><\/script><\/p>\n","protected":false},"excerpt":{"rendered":"<p>CHAMPIONNATS DU MONDE DE BMX FLAT &#8211; Il est inarr\u00eatable ! Quelques jours apr\u00e8s le titre europ\u00e9en, Matthias Dandois remporte les mondiaux et une neuvi\u00e8me couronne plan\u00e9taire. Incroyable !<\/p>\n","protected":false},"author":43,"featured_media":136992,"comment_status":"open","ping_status":"closed","sticky":false,"template":"","format":"standard","meta":{"_acf_changed":false,"_daextam_enable_autolinks":"","footnotes":""},"categories":[17219],"tags":[9163,24],"class_list":["post-136960","post","type-post","status-publish","format-standard","has-post-thumbnail","hentry","category-bmx","tag-bmx-flat","tag-sport"],"acf":[],"yoast_head":"<!-- This site is optimized with the Yoast SEO Premium plugin v26.7 (Yoast SEO v26.7) - https:\/\/yoast.com\/wordpress\/plugins\/seo\/ -->\n<title>BMX Flat : Matthias Dandois champion du monde pour la 9\u00e8me fois<\/title>\n<meta name=\"description\" content=\"CHAMPIONNATS DU MONDE DE BMX FLAT - Quelques jours apr\u00e8s le titre europ\u00e9en, Matthias Dandois une neuvi\u00e8me couronne plan\u00e9taire. Incroyable !\" \/>\n<meta name=\"robots\" content=\"index, follow, max-snippet:-1, max-image-preview:large, max-video-preview:-1\" \/>\n<link rel=\"canonical\" href=\"https:\/\/dicodusport.fr\/blog\/bmx-flat-matthias-dandois-champion-du-monde-pour-la-9eme-fois\/\" \/>\n<meta property=\"og:locale\" content=\"fr_FR\" \/>\n<meta property=\"og:type\" content=\"article\" \/>\n<meta property=\"og:title\" content=\"BMX Flat : Matthias Dandois champion du monde pour la 9\u00e8me fois\" \/>\n<meta property=\"og:description\" content=\"CHAMPIONNATS DU MONDE DE BMX FLAT - Quelques jours apr\u00e8s le titre europ\u00e9en, Matthias Dandois une neuvi\u00e8me couronne plan\u00e9taire. Incroyable !\" \/>\n<meta property=\"og:url\" content=\"https:\/\/dicodusport.fr\/blog\/bmx-flat-matthias-dandois-champion-du-monde-pour-la-9eme-fois\/\" \/>\n<meta property=\"og:site_name\" content=\"Dicodusport\" \/>\n<meta property=\"article:publisher\" content=\"https:\/\/www.facebook.com\/dicodusport\" \/>\n<meta property=\"article:author\" content=\"https:\/\/www.facebook.com\/Max.Bld2\/\" \/>\n<meta property=\"article:published_time\" content=\"2021-06-08T15:45:32+00:00\" \/>\n<meta property=\"og:image\" content=\"https:\/\/dicodusport.fr\/blog\/wp-content\/uploads\/2021\/06\/BMX-Flat-Matthias-Dandois-champion-du-monde-pour-la-9eme-fois.png\" \/>\n\t<meta property=\"og:image:width\" content=\"800\" \/>\n\t<meta property=\"og:image:height\" content=\"445\" \/>\n\t<meta property=\"og:image:type\" content=\"image\/png\" \/>\n<meta name=\"author\" content=\"Maxime Boulard\" \/>\n<meta name=\"twitter:card\" content=\"summary_large_image\" \/>\n<meta name=\"twitter:title\" content=\"BMX Flat : Matthias Dandois champion du monde pour la 9\u00e8me fois\" \/>\n<meta name=\"twitter:creator\" content=\"@https:\/\/twitter.com\/MaximeB_2\" \/>\n<meta name=\"twitter:site\" content=\"@dicodusport\" \/>\n<script type=\"application\/ld+json\" class=\"yoast-schema-graph\">{\"@context\":\"https:\/\/schema.org\",\"@graph\":[{\"@type\":\"NewsArticle\",\"@id\":\"https:\/\/dicodusport.fr\/blog\/bmx-flat-matthias-dandois-champion-du-monde-pour-la-9eme-fois\/#article\",\"isPartOf\":{\"@id\":\"https:\/\/dicodusport.fr\/blog\/bmx-flat-matthias-dandois-champion-du-monde-pour-la-9eme-fois\/\"},\"author\":{\"name\":\"Maxime Boulard\",\"@id\":\"https:\/\/dicodusport.fr\/blog\/#\/schema\/person\/5aab10ee856e86ac63e9819a9da34784\"},\"headline\":\"BMX Flat : Matthias Dandois champion du monde pour la 9\u00e8me fois\",\"datePublished\":\"2021-06-08T15:45:32+00:00\",\"mainEntityOfPage\":{\"@id\":\"https:\/\/dicodusport.fr\/blog\/bmx-flat-matthias-dandois-champion-du-monde-pour-la-9eme-fois\/\"},\"wordCount\":193,\"commentCount\":0,\"publisher\":{\"@id\":\"https:\/\/dicodusport.fr\/blog\/#organization\"},\"image\":{\"@id\":\"https:\/\/dicodusport.fr\/blog\/bmx-flat-matthias-dandois-champion-du-monde-pour-la-9eme-fois\/#primaryimage\"},\"thumbnailUrl\":\"https:\/\/dicodusport.fr\/blog\/wp-content\/uploads\/2021\/06\/BMX-Flat-Matthias-Dandois-champion-du-monde-pour-la-9eme-fois.png\",\"keywords\":[\"BMX Flat\",\"sport\"],\"articleSection\":[\"BMX\"],\"inLanguage\":\"fr-FR\",\"potentialAction\":[{\"@type\":\"CommentAction\",\"name\":\"Comment\",\"target\":[\"https:\/\/dicodusport.fr\/blog\/bmx-flat-matthias-dandois-champion-du-monde-pour-la-9eme-fois\/#respond\"]}],\"copyrightYear\":\"2021\",\"copyrightHolder\":{\"@id\":\"https:\/\/dicodusport.fr\/blog\/#organization\"}},{\"@type\":\"WebPage\",\"@id\":\"https:\/\/dicodusport.fr\/blog\/bmx-flat-matthias-dandois-champion-du-monde-pour-la-9eme-fois\/\",\"url\":\"https:\/\/dicodusport.fr\/blog\/bmx-flat-matthias-dandois-champion-du-monde-pour-la-9eme-fois\/\",\"name\":\"BMX Flat : Matthias Dandois champion du monde pour la 9\u00e8me fois\",\"isPartOf\":{\"@id\":\"https:\/\/dicodusport.fr\/blog\/#website\"},\"primaryImageOfPage\":{\"@id\":\"https:\/\/dicodusport.fr\/blog\/bmx-flat-matthias-dandois-champion-du-monde-pour-la-9eme-fois\/#primaryimage\"},\"image\":{\"@id\":\"https:\/\/dicodusport.fr\/blog\/bmx-flat-matthias-dandois-champion-du-monde-pour-la-9eme-fois\/#primaryimage\"},\"thumbnailUrl\":\"https:\/\/dicodusport.fr\/blog\/wp-content\/uploads\/2021\/06\/BMX-Flat-Matthias-Dandois-champion-du-monde-pour-la-9eme-fois.png\",\"datePublished\":\"2021-06-08T15:45:32+00:00\",\"description\":\"CHAMPIONNATS DU MONDE DE BMX FLAT - Quelques jours apr\u00e8s le titre europ\u00e9en, Matthias Dandois une neuvi\u00e8me couronne plan\u00e9taire. Incroyable !\",\"breadcrumb\":{\"@id\":\"https:\/\/dicodusport.fr\/blog\/bmx-flat-matthias-dandois-champion-du-monde-pour-la-9eme-fois\/#breadcrumb\"},\"inLanguage\":\"fr-FR\",\"potentialAction\":[{\"@type\":\"ReadAction\",\"target\":[\"https:\/\/dicodusport.fr\/blog\/bmx-flat-matthias-dandois-champion-du-monde-pour-la-9eme-fois\/\"]}]},{\"@type\":\"ImageObject\",\"inLanguage\":\"fr-FR\",\"@id\":\"https:\/\/dicodusport.fr\/blog\/bmx-flat-matthias-dandois-champion-du-monde-pour-la-9eme-fois\/#primaryimage\",\"url\":\"https:\/\/dicodusport.fr\/blog\/wp-content\/uploads\/2021\/06\/BMX-Flat-Matthias-Dandois-champion-du-monde-pour-la-9eme-fois.png\",\"contentUrl\":\"https:\/\/dicodusport.fr\/blog\/wp-content\/uploads\/2021\/06\/BMX-Flat-Matthias-Dandois-champion-du-monde-pour-la-9eme-fois.png\",\"width\":800,\"height\":445,\"caption\":\"BMX Flat : Matthias Dandois champion du monde pour la 9\u00e8me fois\"},{\"@type\":\"BreadcrumbList\",\"@id\":\"https:\/\/dicodusport.fr\/blog\/bmx-flat-matthias-dandois-champion-du-monde-pour-la-9eme-fois\/#breadcrumb\",\"itemListElement\":[{\"@type\":\"ListItem\",\"position\":1,\"name\":\"Accueil\",\"item\":\"https:\/\/dicodusport.fr\/blog\/\"},{\"@type\":\"ListItem\",\"position\":2,\"name\":\"BMX Flat : Matthias Dandois champion du monde pour la 9\u00e8me fois\"}]},{\"@type\":\"WebSite\",\"@id\":\"https:\/\/dicodusport.fr\/blog\/#website\",\"url\":\"https:\/\/dicodusport.fr\/blog\/\",\"name\":\"Dicodusport\",\"description\":\"L&#039;encyclop\u00e9die de l&#039;actualit\u00e9 sportive\",\"publisher\":{\"@id\":\"https:\/\/dicodusport.fr\/blog\/#organization\"},\"potentialAction\":[{\"@type\":\"SearchAction\",\"target\":{\"@type\":\"EntryPoint\",\"urlTemplate\":\"https:\/\/dicodusport.fr\/blog\/?s={search_term_string}\"},\"query-input\":{\"@type\":\"PropertyValueSpecification\",\"valueRequired\":true,\"valueName\":\"search_term_string\"}}],\"inLanguage\":\"fr-FR\"},{\"@type\":\"NewsMediaOrganization\",\"@id\":\"https:\/\/dicodusport.fr\/blog\/#organization\",\"name\":\"Dicodusport\",\"url\":\"https:\/\/dicodusport.fr\/blog\/\",\"logo\":{\"@type\":\"ImageObject\",\"inLanguage\":\"fr-FR\",\"@id\":\"https:\/\/dicodusport.fr\/blog\/#\/schema\/logo\/image\/\",\"url\":\"https:\/\/dicodusport.fr\/blog\/wp-content\/uploads\/2020\/06\/cropped-LOGO-DICODUSPORT-2020-SANS-FOND-SANS-TEXTE.png\",\"contentUrl\":\"https:\/\/dicodusport.fr\/blog\/wp-content\/uploads\/2020\/06\/cropped-LOGO-DICODUSPORT-2020-SANS-FOND-SANS-TEXTE.png\",\"width\":512,\"height\":512,\"caption\":\"Dicodusport\"},\"image\":{\"@id\":\"https:\/\/dicodusport.fr\/blog\/#\/schema\/logo\/image\/\"},\"sameAs\":[\"https:\/\/www.facebook.com\/dicodusport\",\"https:\/\/x.com\/dicodusport\",\"https:\/\/www.instagram.com\/dicodusport\/\",\"https:\/\/www.youtube.com\/channel\/UC7V2KZ5sd3htJivAbA4ZG3w\"],\"description\":\"Dicodusport est l'encyclop\u00e9die de l'actualit\u00e9 sportive.\",\"email\":\"bonjour@dicodusport.fr\",\"legalName\":\"DICODUSPORT\",\"foundingDate\":\"2018-01-14\",\"vatID\":\"FR71834470973\",\"taxID\":\"83447097300043\",\"numberOfEmployees\":{\"@type\":\"QuantitativeValue\",\"minValue\":\"1\",\"maxValue\":\"10\"}},{\"@type\":\"Person\",\"@id\":\"https:\/\/dicodusport.fr\/blog\/#\/schema\/person\/5aab10ee856e86ac63e9819a9da34784\",\"name\":\"Maxime Boulard\",\"image\":{\"@type\":\"ImageObject\",\"inLanguage\":\"fr-FR\",\"@id\":\"https:\/\/dicodusport.fr\/blog\/#\/schema\/person\/image\/\",\"url\":\"https:\/\/dicodusport.fr\/blog\/wp-content\/uploads\/2021\/05\/Maxime-Boulard-150x150.jpg\",\"contentUrl\":\"https:\/\/dicodusport.fr\/blog\/wp-content\/uploads\/2021\/05\/Maxime-Boulard-150x150.jpg\",\"caption\":\"Maxime Boulard\"},\"description\":\"Journaliste\/r\u00e9dacteur depuis octobre 2020 - Si mon plus vieux souvenir de sport aurait pu m'en d\u00e9go\u00fbter, la finale de la Coupe du monde 2006 a \u00e9t\u00e9 tout le contraire. V\u00e9ritable d\u00e9clencheur d'une passion qui aujourd'hui ne fait que grandir avec le temps, mon leitmotiv est la France qui brille ! Je relate les exploits pass\u00e9s et pr\u00e9sents du sport bleu-blanc-rouge sans m\u00e9nagement depuis octobre 2020. Sport valide ou handisport, aucune diff\u00e9rence, il n'y a que du sport et plusieurs fa\u00e7ons de le pratiquer.\",\"sameAs\":[\"https:\/\/www.facebook.com\/Max.Bld2\/\",\"https:\/\/x.com\/https:\/\/twitter.com\/MaximeB_2\"],\"url\":\"https:\/\/dicodusport.fr\/blog\/author\/maxime-b\/\"}]}<\/script>\n<!-- \/ Yoast SEO Premium plugin. -->","yoast_head_json":{"title":"BMX Flat : Matthias Dandois champion du monde pour la 9\u00e8me fois","description":"CHAMPIONNATS DU MONDE DE BMX FLAT - Quelques jours apr\u00e8s le titre europ\u00e9en, Matthias Dandois une neuvi\u00e8me couronne plan\u00e9taire. Incroyable !","robots":{"index":"index","follow":"follow","max-snippet":"max-snippet:-1","max-image-preview":"max-image-preview:large","max-video-preview":"max-video-preview:-1"},"canonical":"https:\/\/dicodusport.fr\/blog\/bmx-flat-matthias-dandois-champion-du-monde-pour-la-9eme-fois\/","og_locale":"fr_FR","og_type":"article","og_title":"BMX Flat : Matthias Dandois champion du monde pour la 9\u00e8me fois","og_description":"CHAMPIONNATS DU MONDE DE BMX FLAT - Quelques jours apr\u00e8s le titre europ\u00e9en, Matthias Dandois une neuvi\u00e8me couronne plan\u00e9taire. Incroyable !","og_url":"https:\/\/dicodusport.fr\/blog\/bmx-flat-matthias-dandois-champion-du-monde-pour-la-9eme-fois\/","og_site_name":"Dicodusport","article_publisher":"https:\/\/www.facebook.com\/dicodusport","article_author":"https:\/\/www.facebook.com\/Max.Bld2\/","article_published_time":"2021-06-08T15:45:32+00:00","og_image":[{"width":800,"height":445,"url":"https:\/\/dicodusport.fr\/blog\/wp-content\/uploads\/2021\/06\/BMX-Flat-Matthias-Dandois-champion-du-monde-pour-la-9eme-fois.png","type":"image\/png"}],"author":"Maxime Boulard","twitter_card":"summary_large_image","twitter_title":"BMX Flat : Matthias Dandois champion du monde pour la 9\u00e8me fois","twitter_creator":"@https:\/\/twitter.com\/MaximeB_2","twitter_site":"@dicodusport","schema":{"@context":"https:\/\/schema.org","@graph":[{"@type":"NewsArticle","@id":"https:\/\/dicodusport.fr\/blog\/bmx-flat-matthias-dandois-champion-du-monde-pour-la-9eme-fois\/#article","isPartOf":{"@id":"https:\/\/dicodusport.fr\/blog\/bmx-flat-matthias-dandois-champion-du-monde-pour-la-9eme-fois\/"},"author":{"name":"Maxime Boulard","@id":"https:\/\/dicodusport.fr\/blog\/#\/schema\/person\/5aab10ee856e86ac63e9819a9da34784"},"headline":"BMX Flat : Matthias Dandois champion du monde pour la 9\u00e8me fois","datePublished":"2021-06-08T15:45:32+00:00","mainEntityOfPage":{"@id":"https:\/\/dicodusport.fr\/blog\/bmx-flat-matthias-dandois-champion-du-monde-pour-la-9eme-fois\/"},"wordCount":193,"commentCount":0,"publisher":{"@id":"https:\/\/dicodusport.fr\/blog\/#organization"},"image":{"@id":"https:\/\/dicodusport.fr\/blog\/bmx-flat-matthias-dandois-champion-du-monde-pour-la-9eme-fois\/#primaryimage"},"thumbnailUrl":"https:\/\/dicodusport.fr\/blog\/wp-content\/uploads\/2021\/06\/BMX-Flat-Matthias-Dandois-champion-du-monde-pour-la-9eme-fois.png","keywords":["BMX Flat","sport"],"articleSection":["BMX"],"inLanguage":"fr-FR","potentialAction":[{"@type":"CommentAction","name":"Comment","target":["https:\/\/dicodusport.fr\/blog\/bmx-flat-matthias-dandois-champion-du-monde-pour-la-9eme-fois\/#respond"]}],"copyrightYear":"2021","copyrightHolder":{"@id":"https:\/\/dicodusport.fr\/blog\/#organization"}},{"@type":"WebPage","@id":"https:\/\/dicodusport.fr\/blog\/bmx-flat-matthias-dandois-champion-du-monde-pour-la-9eme-fois\/","url":"https:\/\/dicodusport.fr\/blog\/bmx-flat-matthias-dandois-champion-du-monde-pour-la-9eme-fois\/","name":"BMX Flat : Matthias Dandois champion du monde pour la 9\u00e8me fois","isPartOf":{"@id":"https:\/\/dicodusport.fr\/blog\/#website"},"primaryImageOfPage":{"@id":"https:\/\/dicodusport.fr\/blog\/bmx-flat-matthias-dandois-champion-du-monde-pour-la-9eme-fois\/#primaryimage"},"image":{"@id":"https:\/\/dicodusport.fr\/blog\/bmx-flat-matthias-dandois-champion-du-monde-pour-la-9eme-fois\/#primaryimage"},"thumbnailUrl":"https:\/\/dicodusport.fr\/blog\/wp-content\/uploads\/2021\/06\/BMX-Flat-Matthias-Dandois-champion-du-monde-pour-la-9eme-fois.png","datePublished":"2021-06-08T15:45:32+00:00","description":"CHAMPIONNATS DU MONDE DE BMX FLAT - Quelques jours apr\u00e8s le titre europ\u00e9en, Matthias Dandois une neuvi\u00e8me couronne plan\u00e9taire. Incroyable !","breadcrumb":{"@id":"https:\/\/dicodusport.fr\/blog\/bmx-flat-matthias-dandois-champion-du-monde-pour-la-9eme-fois\/#breadcrumb"},"inLanguage":"fr-FR","potentialAction":[{"@type":"ReadAction","target":["https:\/\/dicodusport.fr\/blog\/bmx-flat-matthias-dandois-champion-du-monde-pour-la-9eme-fois\/"]}]},{"@type":"ImageObject","inLanguage":"fr-FR","@id":"https:\/\/dicodusport.fr\/blog\/bmx-flat-matthias-dandois-champion-du-monde-pour-la-9eme-fois\/#primaryimage","url":"https:\/\/dicodusport.fr\/blog\/wp-content\/uploads\/2021\/06\/BMX-Flat-Matthias-Dandois-champion-du-monde-pour-la-9eme-fois.png","contentUrl":"https:\/\/dicodusport.fr\/blog\/wp-content\/uploads\/2021\/06\/BMX-Flat-Matthias-Dandois-champion-du-monde-pour-la-9eme-fois.png","width":800,"height":445,"caption":"BMX Flat : Matthias Dandois champion du monde pour la 9\u00e8me fois"},{"@type":"BreadcrumbList","@id":"https:\/\/dicodusport.fr\/blog\/bmx-flat-matthias-dandois-champion-du-monde-pour-la-9eme-fois\/#breadcrumb","itemListElement":[{"@type":"ListItem","position":1,"name":"Accueil","item":"https:\/\/dicodusport.fr\/blog\/"},{"@type":"ListItem","position":2,"name":"BMX Flat : Matthias Dandois champion du monde pour la 9\u00e8me fois"}]},{"@type":"WebSite","@id":"https:\/\/dicodusport.fr\/blog\/#website","url":"https:\/\/dicodusport.fr\/blog\/","name":"Dicodusport","description":"L&#039;encyclop\u00e9die de l&#039;actualit\u00e9 sportive","publisher":{"@id":"https:\/\/dicodusport.fr\/blog\/#organization"},"potentialAction":[{"@type":"SearchAction","target":{"@type":"EntryPoint","urlTemplate":"https:\/\/dicodusport.fr\/blog\/?s={search_term_string}"},"query-input":{"@type":"PropertyValueSpecification","valueRequired":true,"valueName":"search_term_string"}}],"inLanguage":"fr-FR"},{"@type":"NewsMediaOrganization","@id":"https:\/\/dicodusport.fr\/blog\/#organization","name":"Dicodusport","url":"https:\/\/dicodusport.fr\/blog\/","logo":{"@type":"ImageObject","inLanguage":"fr-FR","@id":"https:\/\/dicodusport.fr\/blog\/#\/schema\/logo\/image\/","url":"https:\/\/dicodusport.fr\/blog\/wp-content\/uploads\/2020\/06\/cropped-LOGO-DICODUSPORT-2020-SANS-FOND-SANS-TEXTE.png","contentUrl":"https:\/\/dicodusport.fr\/blog\/wp-content\/uploads\/2020\/06\/cropped-LOGO-DICODUSPORT-2020-SANS-FOND-SANS-TEXTE.png","width":512,"height":512,"caption":"Dicodusport"},"image":{"@id":"https:\/\/dicodusport.fr\/blog\/#\/schema\/logo\/image\/"},"sameAs":["https:\/\/www.facebook.com\/dicodusport","https:\/\/x.com\/dicodusport","https:\/\/www.instagram.com\/dicodusport\/","https:\/\/www.youtube.com\/channel\/UC7V2KZ5sd3htJivAbA4ZG3w"],"description":"Dicodusport est l'encyclop\u00e9die de l'actualit\u00e9 sportive.","email":"bonjour@dicodusport.fr","legalName":"DICODUSPORT","foundingDate":"2018-01-14","vatID":"FR71834470973","taxID":"83447097300043","numberOfEmployees":{"@type":"QuantitativeValue","minValue":"1","maxValue":"10"}},{"@type":"Person","@id":"https:\/\/dicodusport.fr\/blog\/#\/schema\/person\/5aab10ee856e86ac63e9819a9da34784","name":"Maxime Boulard","image":{"@type":"ImageObject","inLanguage":"fr-FR","@id":"https:\/\/dicodusport.fr\/blog\/#\/schema\/person\/image\/","url":"https:\/\/dicodusport.fr\/blog\/wp-content\/uploads\/2021\/05\/Maxime-Boulard-150x150.jpg","contentUrl":"https:\/\/dicodusport.fr\/blog\/wp-content\/uploads\/2021\/05\/Maxime-Boulard-150x150.jpg","caption":"Maxime Boulard"},"description":"Journaliste\/r\u00e9dacteur depuis octobre 2020 - Si mon plus vieux souvenir de sport aurait pu m'en d\u00e9go\u00fbter, la finale de la Coupe du monde 2006 a \u00e9t\u00e9 tout le contraire. V\u00e9ritable d\u00e9clencheur d'une passion qui aujourd'hui ne fait que grandir avec le temps, mon leitmotiv est la France qui brille ! Je relate les exploits pass\u00e9s et pr\u00e9sents du sport bleu-blanc-rouge sans m\u00e9nagement depuis octobre 2020. Sport valide ou handisport, aucune diff\u00e9rence, il n'y a que du sport et plusieurs fa\u00e7ons de le pratiquer.","sameAs":["https:\/\/www.facebook.com\/Max.Bld2\/","https:\/\/x.com\/https:\/\/twitter.com\/MaximeB_2"],"url":"https:\/\/dicodusport.fr\/blog\/author\/maxime-b\/"}]}},"_links":{"self":[{"href":"https:\/\/dicodusport.fr\/blog\/wp-json\/wp\/v2\/posts\/136960","targetHints":{"allow":["GET"]}}],"collection":[{"href":"https:\/\/dicodusport.fr\/blog\/wp-json\/wp\/v2\/posts"}],"about":[{"href":"https:\/\/dicodusport.fr\/blog\/wp-json\/wp\/v2\/types\/post"}],"author":[{"embeddable":true,"href":"https:\/\/dicodusport.fr\/blog\/wp-json\/wp\/v2\/users\/43"}],"replies":[{"embeddable":true,"href":"https:\/\/dicodusport.fr\/blog\/wp-json\/wp\/v2\/comments?post=136960"}],"version-history":[{"count":0,"href":"https:\/\/dicodusport.fr\/blog\/wp-json\/wp\/v2\/posts\/136960\/revisions"}],"wp:featuredmedia":[{"embeddable":true,"href":"https:\/\/dicodusport.fr\/blog\/wp-json\/wp\/v2\/media\/136992"}],"wp:attachment":[{"href":"https:\/\/dicodusport.fr\/blog\/wp-json\/wp\/v2\/media?parent=136960"}],"wp:term":[{"taxonomy":"category","embeddable":true,"href":"https:\/\/dicodusport.fr\/blog\/wp-json\/wp\/v2\/categories?post=136960"},{"taxonomy":"post_tag","embeddable":true,"href":"https:\/\/dicodusport.fr\/blog\/wp-json\/wp\/v2\/tags?post=136960"}],"curies":[{"name":"wp","href":"https:\/\/api.w.org\/{rel}","templated":true}]}}