{"id":13703,"date":"2018-03-02T16:00:46","date_gmt":"2018-03-02T15:00:46","guid":{"rendered":"http:\/\/dicodusport.fr\/blog\/?p=13703"},"modified":"2018-03-02T14:26:54","modified_gmt":"2018-03-02T13:26:54","slug":"connaissez-vous-marie-bochet-porte-drapeau-equipe-france-paralympique-pyeongchang","status":"publish","type":"post","link":"https:\/\/dicodusport.fr\/blog\/connaissez-vous-marie-bochet-porte-drapeau-equipe-france-paralympique-pyeongchang\/","title":{"rendered":"Connaissez-vous bien Marie Bochet, porte-drapeau de l&rsquo;\u00e9quipe de France paralympique \u00e0 Pyeongchang ?"},"content":{"rendered":"<p style=\"text-align: justify;\"><em><strong>Marie Bochet, multiple m\u00e9daill\u00e9e mondiale et olympique, sera la porte-drapeau de la d\u00e9l\u00e9gation fran\u00e7aise aux Jeux Paralympiques de Pyeongchang. Mais connaissez-vous vraiment tout de cette championne ?<\/strong><\/em><\/p>\n<p style=\"text-align: justify;\">[WpProQuiz 26]\n<p style=\"text-align: justify;\"><em><strong>Nicolas Jacquemard<br \/>\n<\/strong><\/em><a style=\"color: #000000;\" href=\"https:\/\/twitter.com\/Nico_Jacquemard\" target=\"_blank\" rel=\"noopener noreferrer\"><img loading=\"lazy\" decoding=\"async\" class=\"alignnone wp-image-2908\" src=\"http:\/\/dicodusport.fr\/blog\/wp-content\/uploads\/2017\/07\/logo-twitter-150x150.png\" alt=\"\" width=\"39\" height=\"39\" \/><\/a><a style=\"color: #000000;\" href=\"https:\/\/www.facebook.com\/dicodusport\/\" target=\"_blank\" rel=\"noopener noreferrer\"><img loading=\"lazy\" decoding=\"async\" class=\"alignnone wp-image-2909\" src=\"http:\/\/dicodusport.fr\/blog\/wp-content\/uploads\/2017\/07\/logo-facebook-150x150.png\" alt=\"\" width=\"40\" height=\"40\" \/><\/a><\/p>\n<p style=\"text-align: justify;\">\n","protected":false},"excerpt":{"rendered":"<p>Marie Bochet, multiple m\u00e9daill\u00e9e mondiale et olympique, sera la porte-drapeau de la d\u00e9l\u00e9gation fran\u00e7aise aux Jeux Paralympiques de Pyeongchang. Mais connaissez-vous vraiment tout de cette championne ?<\/p>\n","protected":false},"author":1,"featured_media":8244,"comment_status":"open","ping_status":"closed","sticky":false,"template":"","format":"standard","meta":{"_acf_changed":false,"_daextam_enable_autolinks":"","footnotes":""},"categories":[2,3588,3692,2313],"tags":[1756,1265,2754,676,3640],"class_list":["post-13703","post","type-post","status-publish","format-standard","has-post-thumbnail","hentry","category-actualites","category-pyeongchang-2018","category-quiz","category-sports-dhiver","tag-coeur-handisport","tag-handisport","tag-marie-bochet","tag-ski","tag-ski-handisport"],"acf":[],"yoast_head":"<!-- This site is optimized with the Yoast SEO Premium plugin v26.7 (Yoast SEO v26.7) - https:\/\/yoast.com\/wordpress\/plugins\/seo\/ -->\n<title>Connaissez-vous bien Marie Bochet, porte-drapeau de l&#039;\u00e9quipe de France paralympique \u00e0 Pyeongchang ?<\/title>\n<meta name=\"description\" content=\"Marie Bochet, multiple m\u00e9daill\u00e9e mondiale et olympique, sera la porte-drapeau de la d\u00e9l\u00e9gation fran\u00e7aise aux Jeux Paralympiques de Pyeongchang. Mais connaissez-vous vraiment tout de cette championne ?\" \/>\n<meta name=\"robots\" content=\"index, follow, max-snippet:-1, max-image-preview:large, max-video-preview:-1\" \/>\n<link rel=\"canonical\" href=\"https:\/\/dicodusport.fr\/blog\/connaissez-vous-marie-bochet-porte-drapeau-equipe-france-paralympique-pyeongchang\/\" \/>\n<meta property=\"og:locale\" content=\"fr_FR\" \/>\n<meta property=\"og:type\" content=\"article\" \/>\n<meta property=\"og:title\" content=\"Connaissez-vous bien Marie Bochet, porte-drapeau de l&#039;\u00e9quipe de France paralympique \u00e0 Pyeongchang ?\" \/>\n<meta property=\"og:description\" content=\"Marie Bochet, multiple m\u00e9daill\u00e9e mondiale et olympique, sera la porte-drapeau de la d\u00e9l\u00e9gation fran\u00e7aise aux Jeux Paralympiques de Pyeongchang. Mais connaissez-vous vraiment tout de cette championne ?\" \/>\n<meta property=\"og:url\" content=\"https:\/\/dicodusport.fr\/blog\/connaissez-vous-marie-bochet-porte-drapeau-equipe-france-paralympique-pyeongchang\/\" \/>\n<meta property=\"og:site_name\" content=\"Dicodusport\" \/>\n<meta property=\"article:publisher\" content=\"https:\/\/www.facebook.com\/dicodusport\" \/>\n<meta property=\"article:author\" content=\"https:\/\/www.facebook.com\/dicodusport\" \/>\n<meta property=\"article:published_time\" content=\"2018-03-02T15:00:46+00:00\" \/>\n<meta property=\"og:image\" content=\"https:\/\/dicodusport.fr\/blog\/wp-content\/uploads\/2017\/12\/Marie-Bochet-porte-drapeau.png\" \/>\n\t<meta property=\"og:image:width\" content=\"1200\" \/>\n\t<meta property=\"og:image:height\" content=\"670\" \/>\n\t<meta property=\"og:image:type\" content=\"image\/png\" \/>\n<meta name=\"author\" content=\"Nicolas Jacquemard\" \/>\n<meta name=\"twitter:card\" content=\"summary_large_image\" \/>\n<meta name=\"twitter:creator\" content=\"@https:\/\/twitter.com\/Nico_Jacquemard\" \/>\n<meta name=\"twitter:site\" content=\"@dicodusport\" \/>\n<script type=\"application\/ld+json\" class=\"yoast-schema-graph\">{\"@context\":\"https:\/\/schema.org\",\"@graph\":[{\"@type\":\"NewsArticle\",\"@id\":\"https:\/\/dicodusport.fr\/blog\/connaissez-vous-marie-bochet-porte-drapeau-equipe-france-paralympique-pyeongchang\/#article\",\"isPartOf\":{\"@id\":\"https:\/\/dicodusport.fr\/blog\/connaissez-vous-marie-bochet-porte-drapeau-equipe-france-paralympique-pyeongchang\/\"},\"author\":{\"name\":\"Nicolas Jacquemard\",\"@id\":\"https:\/\/dicodusport.fr\/blog\/#\/schema\/person\/55dcb50ad410894e431ed812bbb70191\"},\"headline\":\"Connaissez-vous bien Marie Bochet, porte-drapeau de l&rsquo;\u00e9quipe de France paralympique \u00e0 Pyeongchang ?\",\"datePublished\":\"2018-03-02T15:00:46+00:00\",\"mainEntityOfPage\":{\"@id\":\"https:\/\/dicodusport.fr\/blog\/connaissez-vous-marie-bochet-porte-drapeau-equipe-france-paralympique-pyeongchang\/\"},\"wordCount\":46,\"commentCount\":0,\"publisher\":{\"@id\":\"https:\/\/dicodusport.fr\/blog\/#organization\"},\"image\":{\"@id\":\"https:\/\/dicodusport.fr\/blog\/connaissez-vous-marie-bochet-porte-drapeau-equipe-france-paralympique-pyeongchang\/#primaryimage\"},\"thumbnailUrl\":\"https:\/\/dicodusport.fr\/blog\/wp-content\/uploads\/2017\/12\/Marie-Bochet-porte-drapeau.png\",\"keywords\":[\"coeur handisport\",\"handisport\",\"Marie Bochet\",\"ski\",\"ski handisport\"],\"articleSection\":[\"Actualit\u00e9s\",\"Pyeongchang 2018\",\"Quiz\",\"Sports d'hiver\"],\"inLanguage\":\"fr-FR\",\"potentialAction\":[{\"@type\":\"CommentAction\",\"name\":\"Comment\",\"target\":[\"https:\/\/dicodusport.fr\/blog\/connaissez-vous-marie-bochet-porte-drapeau-equipe-france-paralympique-pyeongchang\/#respond\"]}],\"copyrightYear\":\"2018\",\"copyrightHolder\":{\"@id\":\"https:\/\/dicodusport.fr\/blog\/#organization\"}},{\"@type\":\"WebPage\",\"@id\":\"https:\/\/dicodusport.fr\/blog\/connaissez-vous-marie-bochet-porte-drapeau-equipe-france-paralympique-pyeongchang\/\",\"url\":\"https:\/\/dicodusport.fr\/blog\/connaissez-vous-marie-bochet-porte-drapeau-equipe-france-paralympique-pyeongchang\/\",\"name\":\"Connaissez-vous bien Marie Bochet, porte-drapeau de l'\u00e9quipe de France paralympique \u00e0 Pyeongchang ?\",\"isPartOf\":{\"@id\":\"https:\/\/dicodusport.fr\/blog\/#website\"},\"primaryImageOfPage\":{\"@id\":\"https:\/\/dicodusport.fr\/blog\/connaissez-vous-marie-bochet-porte-drapeau-equipe-france-paralympique-pyeongchang\/#primaryimage\"},\"image\":{\"@id\":\"https:\/\/dicodusport.fr\/blog\/connaissez-vous-marie-bochet-porte-drapeau-equipe-france-paralympique-pyeongchang\/#primaryimage\"},\"thumbnailUrl\":\"https:\/\/dicodusport.fr\/blog\/wp-content\/uploads\/2017\/12\/Marie-Bochet-porte-drapeau.png\",\"datePublished\":\"2018-03-02T15:00:46+00:00\",\"description\":\"Marie Bochet, multiple m\u00e9daill\u00e9e mondiale et olympique, sera la porte-drapeau de la d\u00e9l\u00e9gation fran\u00e7aise aux Jeux Paralympiques de Pyeongchang. Mais connaissez-vous vraiment tout de cette championne ?\",\"breadcrumb\":{\"@id\":\"https:\/\/dicodusport.fr\/blog\/connaissez-vous-marie-bochet-porte-drapeau-equipe-france-paralympique-pyeongchang\/#breadcrumb\"},\"inLanguage\":\"fr-FR\",\"potentialAction\":[{\"@type\":\"ReadAction\",\"target\":[\"https:\/\/dicodusport.fr\/blog\/connaissez-vous-marie-bochet-porte-drapeau-equipe-france-paralympique-pyeongchang\/\"]}]},{\"@type\":\"ImageObject\",\"inLanguage\":\"fr-FR\",\"@id\":\"https:\/\/dicodusport.fr\/blog\/connaissez-vous-marie-bochet-porte-drapeau-equipe-france-paralympique-pyeongchang\/#primaryimage\",\"url\":\"https:\/\/dicodusport.fr\/blog\/wp-content\/uploads\/2017\/12\/Marie-Bochet-porte-drapeau.png\",\"contentUrl\":\"https:\/\/dicodusport.fr\/blog\/wp-content\/uploads\/2017\/12\/Marie-Bochet-porte-drapeau.png\",\"width\":1200,\"height\":670},{\"@type\":\"BreadcrumbList\",\"@id\":\"https:\/\/dicodusport.fr\/blog\/connaissez-vous-marie-bochet-porte-drapeau-equipe-france-paralympique-pyeongchang\/#breadcrumb\",\"itemListElement\":[{\"@type\":\"ListItem\",\"position\":1,\"name\":\"Accueil\",\"item\":\"https:\/\/dicodusport.fr\/blog\/\"},{\"@type\":\"ListItem\",\"position\":2,\"name\":\"Connaissez-vous bien Marie Bochet, porte-drapeau de l&rsquo;\u00e9quipe de France paralympique \u00e0 Pyeongchang ?\"}]},{\"@type\":\"WebSite\",\"@id\":\"https:\/\/dicodusport.fr\/blog\/#website\",\"url\":\"https:\/\/dicodusport.fr\/blog\/\",\"name\":\"Dicodusport\",\"description\":\"L&#039;encyclop\u00e9die de l&#039;actualit\u00e9 sportive\",\"publisher\":{\"@id\":\"https:\/\/dicodusport.fr\/blog\/#organization\"},\"potentialAction\":[{\"@type\":\"SearchAction\",\"target\":{\"@type\":\"EntryPoint\",\"urlTemplate\":\"https:\/\/dicodusport.fr\/blog\/?s={search_term_string}\"},\"query-input\":{\"@type\":\"PropertyValueSpecification\",\"valueRequired\":true,\"valueName\":\"search_term_string\"}}],\"inLanguage\":\"fr-FR\"},{\"@type\":\"NewsMediaOrganization\",\"@id\":\"https:\/\/dicodusport.fr\/blog\/#organization\",\"name\":\"Dicodusport\",\"url\":\"https:\/\/dicodusport.fr\/blog\/\",\"logo\":{\"@type\":\"ImageObject\",\"inLanguage\":\"fr-FR\",\"@id\":\"https:\/\/dicodusport.fr\/blog\/#\/schema\/logo\/image\/\",\"url\":\"https:\/\/dicodusport.fr\/blog\/wp-content\/uploads\/2020\/06\/cropped-LOGO-DICODUSPORT-2020-SANS-FOND-SANS-TEXTE.png\",\"contentUrl\":\"https:\/\/dicodusport.fr\/blog\/wp-content\/uploads\/2020\/06\/cropped-LOGO-DICODUSPORT-2020-SANS-FOND-SANS-TEXTE.png\",\"width\":512,\"height\":512,\"caption\":\"Dicodusport\"},\"image\":{\"@id\":\"https:\/\/dicodusport.fr\/blog\/#\/schema\/logo\/image\/\"},\"sameAs\":[\"https:\/\/www.facebook.com\/dicodusport\",\"https:\/\/x.com\/dicodusport\",\"https:\/\/www.instagram.com\/dicodusport\/\",\"https:\/\/www.youtube.com\/channel\/UC7V2KZ5sd3htJivAbA4ZG3w\"],\"description\":\"Dicodusport est l'encyclop\u00e9die de l'actualit\u00e9 sportive.\",\"email\":\"bonjour@dicodusport.fr\",\"legalName\":\"DICODUSPORT\",\"foundingDate\":\"2018-01-14\",\"vatID\":\"FR71834470973\",\"taxID\":\"83447097300043\",\"numberOfEmployees\":{\"@type\":\"QuantitativeValue\",\"minValue\":\"1\",\"maxValue\":\"10\"}},{\"@type\":\"Person\",\"@id\":\"https:\/\/dicodusport.fr\/blog\/#\/schema\/person\/55dcb50ad410894e431ed812bbb70191\",\"name\":\"Nicolas Jacquemard\",\"image\":{\"@type\":\"ImageObject\",\"inLanguage\":\"fr-FR\",\"@id\":\"https:\/\/dicodusport.fr\/blog\/#\/schema\/person\/image\/\",\"url\":\"https:\/\/dicodusport.fr\/blog\/wp-content\/uploads\/2021\/05\/Nicolas-Jacquemard-150x150.jpeg\",\"contentUrl\":\"https:\/\/dicodusport.fr\/blog\/wp-content\/uploads\/2021\/05\/Nicolas-Jacquemard-150x150.jpeg\",\"caption\":\"Nicolas Jacquemard\"},\"description\":\"Passionn\u00e9 de sport et entrepreneur depuis mes 18 ans, la cr\u00e9ation de Dicodusport m'a sembl\u00e9 \u00e9vidente pour participer \u00e0 la m\u00e9diatisation d'un plus grand nombre de sports. Le chemin est long mais avec une \u00e9quipe des plus motiv\u00e9es et les Jeux Olympiques de Paris 2024 en point de mire, nous y arriverons ! Journaliste dans le monde du sport depuis plus de 5 ans, je traite aussi bien de football, de rugby, de biathlon que de cyclisme.\",\"sameAs\":[\"https:\/\/www.facebook.com\/dicodusport\",\"https:\/\/x.com\/https:\/\/twitter.com\/Nico_Jacquemard\"],\"url\":\"https:\/\/dicodusport.fr\/blog\/author\/dicodusport\/\"}]}<\/script>\n<!-- \/ Yoast SEO Premium plugin. -->","yoast_head_json":{"title":"Connaissez-vous bien Marie Bochet, porte-drapeau de l'\u00e9quipe de France paralympique \u00e0 Pyeongchang ?","description":"Marie Bochet, multiple m\u00e9daill\u00e9e mondiale et olympique, sera la porte-drapeau de la d\u00e9l\u00e9gation fran\u00e7aise aux Jeux Paralympiques de Pyeongchang. Mais connaissez-vous vraiment tout de cette championne ?","robots":{"index":"index","follow":"follow","max-snippet":"max-snippet:-1","max-image-preview":"max-image-preview:large","max-video-preview":"max-video-preview:-1"},"canonical":"https:\/\/dicodusport.fr\/blog\/connaissez-vous-marie-bochet-porte-drapeau-equipe-france-paralympique-pyeongchang\/","og_locale":"fr_FR","og_type":"article","og_title":"Connaissez-vous bien Marie Bochet, porte-drapeau de l'\u00e9quipe de France paralympique \u00e0 Pyeongchang ?","og_description":"Marie Bochet, multiple m\u00e9daill\u00e9e mondiale et olympique, sera la porte-drapeau de la d\u00e9l\u00e9gation fran\u00e7aise aux Jeux Paralympiques de Pyeongchang. Mais connaissez-vous vraiment tout de cette championne ?","og_url":"https:\/\/dicodusport.fr\/blog\/connaissez-vous-marie-bochet-porte-drapeau-equipe-france-paralympique-pyeongchang\/","og_site_name":"Dicodusport","article_publisher":"https:\/\/www.facebook.com\/dicodusport","article_author":"https:\/\/www.facebook.com\/dicodusport","article_published_time":"2018-03-02T15:00:46+00:00","og_image":[{"width":1200,"height":670,"url":"https:\/\/dicodusport.fr\/blog\/wp-content\/uploads\/2017\/12\/Marie-Bochet-porte-drapeau.png","type":"image\/png"}],"author":"Nicolas Jacquemard","twitter_card":"summary_large_image","twitter_creator":"@https:\/\/twitter.com\/Nico_Jacquemard","twitter_site":"@dicodusport","schema":{"@context":"https:\/\/schema.org","@graph":[{"@type":"NewsArticle","@id":"https:\/\/dicodusport.fr\/blog\/connaissez-vous-marie-bochet-porte-drapeau-equipe-france-paralympique-pyeongchang\/#article","isPartOf":{"@id":"https:\/\/dicodusport.fr\/blog\/connaissez-vous-marie-bochet-porte-drapeau-equipe-france-paralympique-pyeongchang\/"},"author":{"name":"Nicolas Jacquemard","@id":"https:\/\/dicodusport.fr\/blog\/#\/schema\/person\/55dcb50ad410894e431ed812bbb70191"},"headline":"Connaissez-vous bien Marie Bochet, porte-drapeau de l&rsquo;\u00e9quipe de France paralympique \u00e0 Pyeongchang ?","datePublished":"2018-03-02T15:00:46+00:00","mainEntityOfPage":{"@id":"https:\/\/dicodusport.fr\/blog\/connaissez-vous-marie-bochet-porte-drapeau-equipe-france-paralympique-pyeongchang\/"},"wordCount":46,"commentCount":0,"publisher":{"@id":"https:\/\/dicodusport.fr\/blog\/#organization"},"image":{"@id":"https:\/\/dicodusport.fr\/blog\/connaissez-vous-marie-bochet-porte-drapeau-equipe-france-paralympique-pyeongchang\/#primaryimage"},"thumbnailUrl":"https:\/\/dicodusport.fr\/blog\/wp-content\/uploads\/2017\/12\/Marie-Bochet-porte-drapeau.png","keywords":["coeur handisport","handisport","Marie Bochet","ski","ski handisport"],"articleSection":["Actualit\u00e9s","Pyeongchang 2018","Quiz","Sports d'hiver"],"inLanguage":"fr-FR","potentialAction":[{"@type":"CommentAction","name":"Comment","target":["https:\/\/dicodusport.fr\/blog\/connaissez-vous-marie-bochet-porte-drapeau-equipe-france-paralympique-pyeongchang\/#respond"]}],"copyrightYear":"2018","copyrightHolder":{"@id":"https:\/\/dicodusport.fr\/blog\/#organization"}},{"@type":"WebPage","@id":"https:\/\/dicodusport.fr\/blog\/connaissez-vous-marie-bochet-porte-drapeau-equipe-france-paralympique-pyeongchang\/","url":"https:\/\/dicodusport.fr\/blog\/connaissez-vous-marie-bochet-porte-drapeau-equipe-france-paralympique-pyeongchang\/","name":"Connaissez-vous bien Marie Bochet, porte-drapeau de l'\u00e9quipe de France paralympique \u00e0 Pyeongchang ?","isPartOf":{"@id":"https:\/\/dicodusport.fr\/blog\/#website"},"primaryImageOfPage":{"@id":"https:\/\/dicodusport.fr\/blog\/connaissez-vous-marie-bochet-porte-drapeau-equipe-france-paralympique-pyeongchang\/#primaryimage"},"image":{"@id":"https:\/\/dicodusport.fr\/blog\/connaissez-vous-marie-bochet-porte-drapeau-equipe-france-paralympique-pyeongchang\/#primaryimage"},"thumbnailUrl":"https:\/\/dicodusport.fr\/blog\/wp-content\/uploads\/2017\/12\/Marie-Bochet-porte-drapeau.png","datePublished":"2018-03-02T15:00:46+00:00","description":"Marie Bochet, multiple m\u00e9daill\u00e9e mondiale et olympique, sera la porte-drapeau de la d\u00e9l\u00e9gation fran\u00e7aise aux Jeux Paralympiques de Pyeongchang. Mais connaissez-vous vraiment tout de cette championne ?","breadcrumb":{"@id":"https:\/\/dicodusport.fr\/blog\/connaissez-vous-marie-bochet-porte-drapeau-equipe-france-paralympique-pyeongchang\/#breadcrumb"},"inLanguage":"fr-FR","potentialAction":[{"@type":"ReadAction","target":["https:\/\/dicodusport.fr\/blog\/connaissez-vous-marie-bochet-porte-drapeau-equipe-france-paralympique-pyeongchang\/"]}]},{"@type":"ImageObject","inLanguage":"fr-FR","@id":"https:\/\/dicodusport.fr\/blog\/connaissez-vous-marie-bochet-porte-drapeau-equipe-france-paralympique-pyeongchang\/#primaryimage","url":"https:\/\/dicodusport.fr\/blog\/wp-content\/uploads\/2017\/12\/Marie-Bochet-porte-drapeau.png","contentUrl":"https:\/\/dicodusport.fr\/blog\/wp-content\/uploads\/2017\/12\/Marie-Bochet-porte-drapeau.png","width":1200,"height":670},{"@type":"BreadcrumbList","@id":"https:\/\/dicodusport.fr\/blog\/connaissez-vous-marie-bochet-porte-drapeau-equipe-france-paralympique-pyeongchang\/#breadcrumb","itemListElement":[{"@type":"ListItem","position":1,"name":"Accueil","item":"https:\/\/dicodusport.fr\/blog\/"},{"@type":"ListItem","position":2,"name":"Connaissez-vous bien Marie Bochet, porte-drapeau de l&rsquo;\u00e9quipe de France paralympique \u00e0 Pyeongchang ?"}]},{"@type":"WebSite","@id":"https:\/\/dicodusport.fr\/blog\/#website","url":"https:\/\/dicodusport.fr\/blog\/","name":"Dicodusport","description":"L&#039;encyclop\u00e9die de l&#039;actualit\u00e9 sportive","publisher":{"@id":"https:\/\/dicodusport.fr\/blog\/#organization"},"potentialAction":[{"@type":"SearchAction","target":{"@type":"EntryPoint","urlTemplate":"https:\/\/dicodusport.fr\/blog\/?s={search_term_string}"},"query-input":{"@type":"PropertyValueSpecification","valueRequired":true,"valueName":"search_term_string"}}],"inLanguage":"fr-FR"},{"@type":"NewsMediaOrganization","@id":"https:\/\/dicodusport.fr\/blog\/#organization","name":"Dicodusport","url":"https:\/\/dicodusport.fr\/blog\/","logo":{"@type":"ImageObject","inLanguage":"fr-FR","@id":"https:\/\/dicodusport.fr\/blog\/#\/schema\/logo\/image\/","url":"https:\/\/dicodusport.fr\/blog\/wp-content\/uploads\/2020\/06\/cropped-LOGO-DICODUSPORT-2020-SANS-FOND-SANS-TEXTE.png","contentUrl":"https:\/\/dicodusport.fr\/blog\/wp-content\/uploads\/2020\/06\/cropped-LOGO-DICODUSPORT-2020-SANS-FOND-SANS-TEXTE.png","width":512,"height":512,"caption":"Dicodusport"},"image":{"@id":"https:\/\/dicodusport.fr\/blog\/#\/schema\/logo\/image\/"},"sameAs":["https:\/\/www.facebook.com\/dicodusport","https:\/\/x.com\/dicodusport","https:\/\/www.instagram.com\/dicodusport\/","https:\/\/www.youtube.com\/channel\/UC7V2KZ5sd3htJivAbA4ZG3w"],"description":"Dicodusport est l'encyclop\u00e9die de l'actualit\u00e9 sportive.","email":"bonjour@dicodusport.fr","legalName":"DICODUSPORT","foundingDate":"2018-01-14","vatID":"FR71834470973","taxID":"83447097300043","numberOfEmployees":{"@type":"QuantitativeValue","minValue":"1","maxValue":"10"}},{"@type":"Person","@id":"https:\/\/dicodusport.fr\/blog\/#\/schema\/person\/55dcb50ad410894e431ed812bbb70191","name":"Nicolas Jacquemard","image":{"@type":"ImageObject","inLanguage":"fr-FR","@id":"https:\/\/dicodusport.fr\/blog\/#\/schema\/person\/image\/","url":"https:\/\/dicodusport.fr\/blog\/wp-content\/uploads\/2021\/05\/Nicolas-Jacquemard-150x150.jpeg","contentUrl":"https:\/\/dicodusport.fr\/blog\/wp-content\/uploads\/2021\/05\/Nicolas-Jacquemard-150x150.jpeg","caption":"Nicolas Jacquemard"},"description":"Passionn\u00e9 de sport et entrepreneur depuis mes 18 ans, la cr\u00e9ation de Dicodusport m'a sembl\u00e9 \u00e9vidente pour participer \u00e0 la m\u00e9diatisation d'un plus grand nombre de sports. Le chemin est long mais avec une \u00e9quipe des plus motiv\u00e9es et les Jeux Olympiques de Paris 2024 en point de mire, nous y arriverons ! Journaliste dans le monde du sport depuis plus de 5 ans, je traite aussi bien de football, de rugby, de biathlon que de cyclisme.","sameAs":["https:\/\/www.facebook.com\/dicodusport","https:\/\/x.com\/https:\/\/twitter.com\/Nico_Jacquemard"],"url":"https:\/\/dicodusport.fr\/blog\/author\/dicodusport\/"}]}},"_links":{"self":[{"href":"https:\/\/dicodusport.fr\/blog\/wp-json\/wp\/v2\/posts\/13703","targetHints":{"allow":["GET"]}}],"collection":[{"href":"https:\/\/dicodusport.fr\/blog\/wp-json\/wp\/v2\/posts"}],"about":[{"href":"https:\/\/dicodusport.fr\/blog\/wp-json\/wp\/v2\/types\/post"}],"author":[{"embeddable":true,"href":"https:\/\/dicodusport.fr\/blog\/wp-json\/wp\/v2\/users\/1"}],"replies":[{"embeddable":true,"href":"https:\/\/dicodusport.fr\/blog\/wp-json\/wp\/v2\/comments?post=13703"}],"version-history":[{"count":0,"href":"https:\/\/dicodusport.fr\/blog\/wp-json\/wp\/v2\/posts\/13703\/revisions"}],"wp:featuredmedia":[{"embeddable":true,"href":"https:\/\/dicodusport.fr\/blog\/wp-json\/wp\/v2\/media\/8244"}],"wp:attachment":[{"href":"https:\/\/dicodusport.fr\/blog\/wp-json\/wp\/v2\/media?parent=13703"}],"wp:term":[{"taxonomy":"category","embeddable":true,"href":"https:\/\/dicodusport.fr\/blog\/wp-json\/wp\/v2\/categories?post=13703"},{"taxonomy":"post_tag","embeddable":true,"href":"https:\/\/dicodusport.fr\/blog\/wp-json\/wp\/v2\/tags?post=13703"}],"curies":[{"name":"wp","href":"https:\/\/api.w.org\/{rel}","templated":true}]}}