{"id":137045,"date":"2021-06-08T21:20:44","date_gmt":"2021-06-08T19:20:44","guid":{"rendered":"https:\/\/dicodusport.fr\/blog\/?p=137045"},"modified":"2021-06-09T13:47:09","modified_gmt":"2021-06-09T11:47:09","slug":"bmx-racing-jeux-olympiques-de-tokyo-la-selection-francaise","status":"publish","type":"post","link":"https:\/\/dicodusport.fr\/blog\/bmx-racing-jeux-olympiques-de-tokyo-la-selection-francaise\/","title":{"rendered":"BMX Racing &#8211; Jeux Olympiques de Tokyo : la s\u00e9lection fran\u00e7aise"},"content":{"rendered":"<p style=\"text-align: justify;\"><em><strong>BMX RACING &#8211; D\u00e9couvrez les athl\u00e8tes s\u00e9lectionn\u00e9s qui repr\u00e9senteront la France aux Jeux Olympiques de Tokyo (29 juillet &#8211; 1er ao\u00fbt).<\/strong><\/em><\/p>\n<p style=\"text-align: justify;\">C&rsquo;est une grosse d\u00e9l\u00e9gation fran\u00e7aise de BMX qui se d\u00e9placera \u00e0 Tokyo. Ce sont 5 cyclistes, 3 hommes et 2 femmes, qui repr\u00e9senteront la France dans les \u00e9preuves de BMX racing. Le num\u00e9ro 1 mondial sera, entre autres, de la partie.<\/p>\n<h2 style=\"text-align: justify;\">Les femmes<\/h2>\n<ul style=\"text-align: justify;\">\n<li><strong>Axelle Etienne<\/strong><\/li>\n<li><strong>Manon Valentino<\/strong><\/li>\n<\/ul>\n<h2 style=\"text-align: justify;\"><strong>Les hommes<\/strong><\/h2>\n<ul>\n<li style=\"text-align: justify;\"><strong>Sylvain Andr\u00e9<\/strong><\/li>\n<li style=\"text-align: justify;\"><strong>Joris Dodet<\/strong><\/li>\n<li style=\"text-align: justify;\"><strong>Romain Mahieu<\/strong><\/li>\n<\/ul>\n<blockquote class=\"twitter-tweet\">\n<p dir=\"ltr\" lang=\"fr\">Avec ses 5&#x20e3; pilotes, l&rsquo;armada fran\u00e7aise est pr\u00eate \u00e0 d\u00e9valer la piste olympique ! <a href=\"https:\/\/twitter.com\/hashtag\/MissionTokyo?src=hash&amp;ref_src=twsrc%5Etfw\">#MissionTokyo<\/a> <a href=\"https:\/\/t.co\/nk1EnuQBRq\">pic.twitter.com\/nk1EnuQBRq<\/a><\/p>\n<p>\u2014 FFC (@FFCyclisme) <a href=\"https:\/\/twitter.com\/FFCyclisme\/status\/1402298573434277891?ref_src=twsrc%5Etfw\">June 8, 2021<\/a><\/p><\/blockquote>\n<p><script async src=\"https:\/\/platform.twitter.com\/widgets.js\" charset=\"utf-8\"><\/script><\/p>\n","protected":false},"excerpt":{"rendered":"<p>BMX RACING &#8211; D\u00e9couvrez les athl\u00e8tes s\u00e9lectionn\u00e9s qui repr\u00e9senteront la France aux Jeux Olympiques de Tokyo (29 juillet &#8211; 1er ao\u00fbt).<\/p>\n","protected":false},"author":43,"featured_media":137081,"comment_status":"open","ping_status":"closed","sticky":false,"template":"","format":"standard","meta":{"_acf_changed":false,"_daextam_enable_autolinks":"","footnotes":""},"categories":[17219,8433],"tags":[1119,161,16171],"class_list":["post-137045","post","type-post","status-publish","format-standard","has-post-thumbnail","hentry","category-bmx","category-jo-tokyo-2020","tag-bmx","tag-jeux-olympiques","tag-selection-francaise-jeux-olympiques"],"acf":[],"yoast_head":"<!-- This site is optimized with the Yoast SEO Premium plugin v26.7 (Yoast SEO v26.7) - https:\/\/yoast.com\/wordpress\/plugins\/seo\/ -->\n<title>BMX Racing - Jeux Olympiques de Tokyo : la s\u00e9lection fran\u00e7aise<\/title>\n<meta name=\"description\" content=\"BMX RACING - D\u00e9couvrez les athl\u00e8tes s\u00e9lectionn\u00e9s qui repr\u00e9senteront la France aux Jeux Olympiques de Tokyo (29 juillet - 1er ao\u00fbt).\" \/>\n<meta name=\"robots\" content=\"index, follow, max-snippet:-1, max-image-preview:large, max-video-preview:-1\" \/>\n<link rel=\"canonical\" href=\"https:\/\/dicodusport.fr\/blog\/bmx-racing-jeux-olympiques-de-tokyo-la-selection-francaise\/\" \/>\n<meta property=\"og:locale\" content=\"fr_FR\" \/>\n<meta property=\"og:type\" content=\"article\" \/>\n<meta property=\"og:title\" content=\"BMX Racing - Jeux Olympiques de Tokyo : la s\u00e9lection fran\u00e7aise\" \/>\n<meta property=\"og:description\" content=\"BMX RACING - D\u00e9couvrez les athl\u00e8tes s\u00e9lectionn\u00e9s qui repr\u00e9senteront la France aux Jeux Olympiques de Tokyo (29 juillet - 1er ao\u00fbt).\" \/>\n<meta property=\"og:url\" content=\"https:\/\/dicodusport.fr\/blog\/bmx-racing-jeux-olympiques-de-tokyo-la-selection-francaise\/\" \/>\n<meta property=\"og:site_name\" content=\"Dicodusport\" \/>\n<meta property=\"article:publisher\" content=\"https:\/\/www.facebook.com\/dicodusport\" \/>\n<meta property=\"article:author\" content=\"https:\/\/www.facebook.com\/Max.Bld2\/\" \/>\n<meta property=\"article:published_time\" content=\"2021-06-08T19:20:44+00:00\" \/>\n<meta property=\"article:modified_time\" content=\"2021-06-09T11:47:09+00:00\" \/>\n<meta property=\"og:image\" content=\"https:\/\/dicodusport.fr\/blog\/wp-content\/uploads\/2021\/06\/BMX-racing-Jeux-Olympiques-de-Tokyo-La-selection-francaise.png\" \/>\n\t<meta property=\"og:image:width\" content=\"800\" \/>\n\t<meta property=\"og:image:height\" content=\"445\" \/>\n\t<meta property=\"og:image:type\" content=\"image\/png\" \/>\n<meta name=\"author\" content=\"Maxime Boulard\" \/>\n<meta name=\"twitter:card\" content=\"summary_large_image\" \/>\n<meta name=\"twitter:title\" content=\"BMX Racing - Jeux Olympiques de Tokyo : la s\u00e9lection fran\u00e7aise\" \/>\n<meta name=\"twitter:creator\" content=\"@https:\/\/twitter.com\/MaximeB_2\" \/>\n<meta name=\"twitter:site\" content=\"@dicodusport\" \/>\n<script type=\"application\/ld+json\" class=\"yoast-schema-graph\">{\"@context\":\"https:\/\/schema.org\",\"@graph\":[{\"@type\":\"NewsArticle\",\"@id\":\"https:\/\/dicodusport.fr\/blog\/bmx-racing-jeux-olympiques-de-tokyo-la-selection-francaise\/#article\",\"isPartOf\":{\"@id\":\"https:\/\/dicodusport.fr\/blog\/bmx-racing-jeux-olympiques-de-tokyo-la-selection-francaise\/\"},\"author\":{\"name\":\"Maxime Boulard\",\"@id\":\"https:\/\/dicodusport.fr\/blog\/#\/schema\/person\/5aab10ee856e86ac63e9819a9da34784\"},\"headline\":\"BMX Racing &#8211; Jeux Olympiques de Tokyo : la s\u00e9lection fran\u00e7aise\",\"datePublished\":\"2021-06-08T19:20:44+00:00\",\"dateModified\":\"2021-06-09T11:47:09+00:00\",\"mainEntityOfPage\":{\"@id\":\"https:\/\/dicodusport.fr\/blog\/bmx-racing-jeux-olympiques-de-tokyo-la-selection-francaise\/\"},\"wordCount\":121,\"commentCount\":0,\"publisher\":{\"@id\":\"https:\/\/dicodusport.fr\/blog\/#organization\"},\"image\":{\"@id\":\"https:\/\/dicodusport.fr\/blog\/bmx-racing-jeux-olympiques-de-tokyo-la-selection-francaise\/#primaryimage\"},\"thumbnailUrl\":\"https:\/\/dicodusport.fr\/blog\/wp-content\/uploads\/2021\/06\/BMX-racing-Jeux-Olympiques-de-Tokyo-La-selection-francaise.png\",\"keywords\":[\"BMX\",\"Jeux Olympiques\",\"s\u00e9lection fran\u00e7aise Jeux Olympiques\"],\"articleSection\":[\"BMX\",\"JO Tokyo 2020\"],\"inLanguage\":\"fr-FR\",\"potentialAction\":[{\"@type\":\"CommentAction\",\"name\":\"Comment\",\"target\":[\"https:\/\/dicodusport.fr\/blog\/bmx-racing-jeux-olympiques-de-tokyo-la-selection-francaise\/#respond\"]}],\"copyrightYear\":\"2021\",\"copyrightHolder\":{\"@id\":\"https:\/\/dicodusport.fr\/blog\/#organization\"}},{\"@type\":\"WebPage\",\"@id\":\"https:\/\/dicodusport.fr\/blog\/bmx-racing-jeux-olympiques-de-tokyo-la-selection-francaise\/\",\"url\":\"https:\/\/dicodusport.fr\/blog\/bmx-racing-jeux-olympiques-de-tokyo-la-selection-francaise\/\",\"name\":\"BMX Racing - Jeux Olympiques de Tokyo : la s\u00e9lection fran\u00e7aise\",\"isPartOf\":{\"@id\":\"https:\/\/dicodusport.fr\/blog\/#website\"},\"primaryImageOfPage\":{\"@id\":\"https:\/\/dicodusport.fr\/blog\/bmx-racing-jeux-olympiques-de-tokyo-la-selection-francaise\/#primaryimage\"},\"image\":{\"@id\":\"https:\/\/dicodusport.fr\/blog\/bmx-racing-jeux-olympiques-de-tokyo-la-selection-francaise\/#primaryimage\"},\"thumbnailUrl\":\"https:\/\/dicodusport.fr\/blog\/wp-content\/uploads\/2021\/06\/BMX-racing-Jeux-Olympiques-de-Tokyo-La-selection-francaise.png\",\"datePublished\":\"2021-06-08T19:20:44+00:00\",\"dateModified\":\"2021-06-09T11:47:09+00:00\",\"description\":\"BMX RACING - D\u00e9couvrez les athl\u00e8tes s\u00e9lectionn\u00e9s qui repr\u00e9senteront la France aux Jeux Olympiques de Tokyo (29 juillet - 1er ao\u00fbt).\",\"breadcrumb\":{\"@id\":\"https:\/\/dicodusport.fr\/blog\/bmx-racing-jeux-olympiques-de-tokyo-la-selection-francaise\/#breadcrumb\"},\"inLanguage\":\"fr-FR\",\"potentialAction\":[{\"@type\":\"ReadAction\",\"target\":[\"https:\/\/dicodusport.fr\/blog\/bmx-racing-jeux-olympiques-de-tokyo-la-selection-francaise\/\"]}]},{\"@type\":\"ImageObject\",\"inLanguage\":\"fr-FR\",\"@id\":\"https:\/\/dicodusport.fr\/blog\/bmx-racing-jeux-olympiques-de-tokyo-la-selection-francaise\/#primaryimage\",\"url\":\"https:\/\/dicodusport.fr\/blog\/wp-content\/uploads\/2021\/06\/BMX-racing-Jeux-Olympiques-de-Tokyo-La-selection-francaise.png\",\"contentUrl\":\"https:\/\/dicodusport.fr\/blog\/wp-content\/uploads\/2021\/06\/BMX-racing-Jeux-Olympiques-de-Tokyo-La-selection-francaise.png\",\"width\":800,\"height\":445,\"caption\":\"BMX racing - Jeux Olympiques de Tokyo : la s\u00e9lection fran\u00e7aise\"},{\"@type\":\"BreadcrumbList\",\"@id\":\"https:\/\/dicodusport.fr\/blog\/bmx-racing-jeux-olympiques-de-tokyo-la-selection-francaise\/#breadcrumb\",\"itemListElement\":[{\"@type\":\"ListItem\",\"position\":1,\"name\":\"Accueil\",\"item\":\"https:\/\/dicodusport.fr\/blog\/\"},{\"@type\":\"ListItem\",\"position\":2,\"name\":\"BMX Racing &#8211; Jeux Olympiques de Tokyo : la s\u00e9lection fran\u00e7aise\"}]},{\"@type\":\"WebSite\",\"@id\":\"https:\/\/dicodusport.fr\/blog\/#website\",\"url\":\"https:\/\/dicodusport.fr\/blog\/\",\"name\":\"Dicodusport\",\"description\":\"L&#039;encyclop\u00e9die de l&#039;actualit\u00e9 sportive\",\"publisher\":{\"@id\":\"https:\/\/dicodusport.fr\/blog\/#organization\"},\"potentialAction\":[{\"@type\":\"SearchAction\",\"target\":{\"@type\":\"EntryPoint\",\"urlTemplate\":\"https:\/\/dicodusport.fr\/blog\/?s={search_term_string}\"},\"query-input\":{\"@type\":\"PropertyValueSpecification\",\"valueRequired\":true,\"valueName\":\"search_term_string\"}}],\"inLanguage\":\"fr-FR\"},{\"@type\":\"NewsMediaOrganization\",\"@id\":\"https:\/\/dicodusport.fr\/blog\/#organization\",\"name\":\"Dicodusport\",\"url\":\"https:\/\/dicodusport.fr\/blog\/\",\"logo\":{\"@type\":\"ImageObject\",\"inLanguage\":\"fr-FR\",\"@id\":\"https:\/\/dicodusport.fr\/blog\/#\/schema\/logo\/image\/\",\"url\":\"https:\/\/dicodusport.fr\/blog\/wp-content\/uploads\/2020\/06\/cropped-LOGO-DICODUSPORT-2020-SANS-FOND-SANS-TEXTE.png\",\"contentUrl\":\"https:\/\/dicodusport.fr\/blog\/wp-content\/uploads\/2020\/06\/cropped-LOGO-DICODUSPORT-2020-SANS-FOND-SANS-TEXTE.png\",\"width\":512,\"height\":512,\"caption\":\"Dicodusport\"},\"image\":{\"@id\":\"https:\/\/dicodusport.fr\/blog\/#\/schema\/logo\/image\/\"},\"sameAs\":[\"https:\/\/www.facebook.com\/dicodusport\",\"https:\/\/x.com\/dicodusport\",\"https:\/\/www.instagram.com\/dicodusport\/\",\"https:\/\/www.youtube.com\/channel\/UC7V2KZ5sd3htJivAbA4ZG3w\"],\"description\":\"Dicodusport est l'encyclop\u00e9die de l'actualit\u00e9 sportive.\",\"email\":\"bonjour@dicodusport.fr\",\"legalName\":\"DICODUSPORT\",\"foundingDate\":\"2018-01-14\",\"vatID\":\"FR71834470973\",\"taxID\":\"83447097300043\",\"numberOfEmployees\":{\"@type\":\"QuantitativeValue\",\"minValue\":\"1\",\"maxValue\":\"10\"}},{\"@type\":\"Person\",\"@id\":\"https:\/\/dicodusport.fr\/blog\/#\/schema\/person\/5aab10ee856e86ac63e9819a9da34784\",\"name\":\"Maxime Boulard\",\"image\":{\"@type\":\"ImageObject\",\"inLanguage\":\"fr-FR\",\"@id\":\"https:\/\/dicodusport.fr\/blog\/#\/schema\/person\/image\/\",\"url\":\"https:\/\/dicodusport.fr\/blog\/wp-content\/uploads\/2021\/05\/Maxime-Boulard-150x150.jpg\",\"contentUrl\":\"https:\/\/dicodusport.fr\/blog\/wp-content\/uploads\/2021\/05\/Maxime-Boulard-150x150.jpg\",\"caption\":\"Maxime Boulard\"},\"description\":\"Journaliste\/r\u00e9dacteur depuis octobre 2020 - Si mon plus vieux souvenir de sport aurait pu m'en d\u00e9go\u00fbter, la finale de la Coupe du monde 2006 a \u00e9t\u00e9 tout le contraire. V\u00e9ritable d\u00e9clencheur d'une passion qui aujourd'hui ne fait que grandir avec le temps, mon leitmotiv est la France qui brille ! Je relate les exploits pass\u00e9s et pr\u00e9sents du sport bleu-blanc-rouge sans m\u00e9nagement depuis octobre 2020. Sport valide ou handisport, aucune diff\u00e9rence, il n'y a que du sport et plusieurs fa\u00e7ons de le pratiquer.\",\"sameAs\":[\"https:\/\/www.facebook.com\/Max.Bld2\/\",\"https:\/\/x.com\/https:\/\/twitter.com\/MaximeB_2\"],\"url\":\"https:\/\/dicodusport.fr\/blog\/author\/maxime-b\/\"}]}<\/script>\n<!-- \/ Yoast SEO Premium plugin. -->","yoast_head_json":{"title":"BMX Racing - Jeux Olympiques de Tokyo : la s\u00e9lection fran\u00e7aise","description":"BMX RACING - D\u00e9couvrez les athl\u00e8tes s\u00e9lectionn\u00e9s qui repr\u00e9senteront la France aux Jeux Olympiques de Tokyo (29 juillet - 1er ao\u00fbt).","robots":{"index":"index","follow":"follow","max-snippet":"max-snippet:-1","max-image-preview":"max-image-preview:large","max-video-preview":"max-video-preview:-1"},"canonical":"https:\/\/dicodusport.fr\/blog\/bmx-racing-jeux-olympiques-de-tokyo-la-selection-francaise\/","og_locale":"fr_FR","og_type":"article","og_title":"BMX Racing - Jeux Olympiques de Tokyo : la s\u00e9lection fran\u00e7aise","og_description":"BMX RACING - D\u00e9couvrez les athl\u00e8tes s\u00e9lectionn\u00e9s qui repr\u00e9senteront la France aux Jeux Olympiques de Tokyo (29 juillet - 1er ao\u00fbt).","og_url":"https:\/\/dicodusport.fr\/blog\/bmx-racing-jeux-olympiques-de-tokyo-la-selection-francaise\/","og_site_name":"Dicodusport","article_publisher":"https:\/\/www.facebook.com\/dicodusport","article_author":"https:\/\/www.facebook.com\/Max.Bld2\/","article_published_time":"2021-06-08T19:20:44+00:00","article_modified_time":"2021-06-09T11:47:09+00:00","og_image":[{"width":800,"height":445,"url":"https:\/\/dicodusport.fr\/blog\/wp-content\/uploads\/2021\/06\/BMX-racing-Jeux-Olympiques-de-Tokyo-La-selection-francaise.png","type":"image\/png"}],"author":"Maxime Boulard","twitter_card":"summary_large_image","twitter_title":"BMX Racing - Jeux Olympiques de Tokyo : la s\u00e9lection fran\u00e7aise","twitter_creator":"@https:\/\/twitter.com\/MaximeB_2","twitter_site":"@dicodusport","schema":{"@context":"https:\/\/schema.org","@graph":[{"@type":"NewsArticle","@id":"https:\/\/dicodusport.fr\/blog\/bmx-racing-jeux-olympiques-de-tokyo-la-selection-francaise\/#article","isPartOf":{"@id":"https:\/\/dicodusport.fr\/blog\/bmx-racing-jeux-olympiques-de-tokyo-la-selection-francaise\/"},"author":{"name":"Maxime Boulard","@id":"https:\/\/dicodusport.fr\/blog\/#\/schema\/person\/5aab10ee856e86ac63e9819a9da34784"},"headline":"BMX Racing &#8211; Jeux Olympiques de Tokyo : la s\u00e9lection fran\u00e7aise","datePublished":"2021-06-08T19:20:44+00:00","dateModified":"2021-06-09T11:47:09+00:00","mainEntityOfPage":{"@id":"https:\/\/dicodusport.fr\/blog\/bmx-racing-jeux-olympiques-de-tokyo-la-selection-francaise\/"},"wordCount":121,"commentCount":0,"publisher":{"@id":"https:\/\/dicodusport.fr\/blog\/#organization"},"image":{"@id":"https:\/\/dicodusport.fr\/blog\/bmx-racing-jeux-olympiques-de-tokyo-la-selection-francaise\/#primaryimage"},"thumbnailUrl":"https:\/\/dicodusport.fr\/blog\/wp-content\/uploads\/2021\/06\/BMX-racing-Jeux-Olympiques-de-Tokyo-La-selection-francaise.png","keywords":["BMX","Jeux Olympiques","s\u00e9lection fran\u00e7aise Jeux Olympiques"],"articleSection":["BMX","JO Tokyo 2020"],"inLanguage":"fr-FR","potentialAction":[{"@type":"CommentAction","name":"Comment","target":["https:\/\/dicodusport.fr\/blog\/bmx-racing-jeux-olympiques-de-tokyo-la-selection-francaise\/#respond"]}],"copyrightYear":"2021","copyrightHolder":{"@id":"https:\/\/dicodusport.fr\/blog\/#organization"}},{"@type":"WebPage","@id":"https:\/\/dicodusport.fr\/blog\/bmx-racing-jeux-olympiques-de-tokyo-la-selection-francaise\/","url":"https:\/\/dicodusport.fr\/blog\/bmx-racing-jeux-olympiques-de-tokyo-la-selection-francaise\/","name":"BMX Racing - Jeux Olympiques de Tokyo : la s\u00e9lection fran\u00e7aise","isPartOf":{"@id":"https:\/\/dicodusport.fr\/blog\/#website"},"primaryImageOfPage":{"@id":"https:\/\/dicodusport.fr\/blog\/bmx-racing-jeux-olympiques-de-tokyo-la-selection-francaise\/#primaryimage"},"image":{"@id":"https:\/\/dicodusport.fr\/blog\/bmx-racing-jeux-olympiques-de-tokyo-la-selection-francaise\/#primaryimage"},"thumbnailUrl":"https:\/\/dicodusport.fr\/blog\/wp-content\/uploads\/2021\/06\/BMX-racing-Jeux-Olympiques-de-Tokyo-La-selection-francaise.png","datePublished":"2021-06-08T19:20:44+00:00","dateModified":"2021-06-09T11:47:09+00:00","description":"BMX RACING - D\u00e9couvrez les athl\u00e8tes s\u00e9lectionn\u00e9s qui repr\u00e9senteront la France aux Jeux Olympiques de Tokyo (29 juillet - 1er ao\u00fbt).","breadcrumb":{"@id":"https:\/\/dicodusport.fr\/blog\/bmx-racing-jeux-olympiques-de-tokyo-la-selection-francaise\/#breadcrumb"},"inLanguage":"fr-FR","potentialAction":[{"@type":"ReadAction","target":["https:\/\/dicodusport.fr\/blog\/bmx-racing-jeux-olympiques-de-tokyo-la-selection-francaise\/"]}]},{"@type":"ImageObject","inLanguage":"fr-FR","@id":"https:\/\/dicodusport.fr\/blog\/bmx-racing-jeux-olympiques-de-tokyo-la-selection-francaise\/#primaryimage","url":"https:\/\/dicodusport.fr\/blog\/wp-content\/uploads\/2021\/06\/BMX-racing-Jeux-Olympiques-de-Tokyo-La-selection-francaise.png","contentUrl":"https:\/\/dicodusport.fr\/blog\/wp-content\/uploads\/2021\/06\/BMX-racing-Jeux-Olympiques-de-Tokyo-La-selection-francaise.png","width":800,"height":445,"caption":"BMX racing - Jeux Olympiques de Tokyo : la s\u00e9lection fran\u00e7aise"},{"@type":"BreadcrumbList","@id":"https:\/\/dicodusport.fr\/blog\/bmx-racing-jeux-olympiques-de-tokyo-la-selection-francaise\/#breadcrumb","itemListElement":[{"@type":"ListItem","position":1,"name":"Accueil","item":"https:\/\/dicodusport.fr\/blog\/"},{"@type":"ListItem","position":2,"name":"BMX Racing &#8211; Jeux Olympiques de Tokyo : la s\u00e9lection fran\u00e7aise"}]},{"@type":"WebSite","@id":"https:\/\/dicodusport.fr\/blog\/#website","url":"https:\/\/dicodusport.fr\/blog\/","name":"Dicodusport","description":"L&#039;encyclop\u00e9die de l&#039;actualit\u00e9 sportive","publisher":{"@id":"https:\/\/dicodusport.fr\/blog\/#organization"},"potentialAction":[{"@type":"SearchAction","target":{"@type":"EntryPoint","urlTemplate":"https:\/\/dicodusport.fr\/blog\/?s={search_term_string}"},"query-input":{"@type":"PropertyValueSpecification","valueRequired":true,"valueName":"search_term_string"}}],"inLanguage":"fr-FR"},{"@type":"NewsMediaOrganization","@id":"https:\/\/dicodusport.fr\/blog\/#organization","name":"Dicodusport","url":"https:\/\/dicodusport.fr\/blog\/","logo":{"@type":"ImageObject","inLanguage":"fr-FR","@id":"https:\/\/dicodusport.fr\/blog\/#\/schema\/logo\/image\/","url":"https:\/\/dicodusport.fr\/blog\/wp-content\/uploads\/2020\/06\/cropped-LOGO-DICODUSPORT-2020-SANS-FOND-SANS-TEXTE.png","contentUrl":"https:\/\/dicodusport.fr\/blog\/wp-content\/uploads\/2020\/06\/cropped-LOGO-DICODUSPORT-2020-SANS-FOND-SANS-TEXTE.png","width":512,"height":512,"caption":"Dicodusport"},"image":{"@id":"https:\/\/dicodusport.fr\/blog\/#\/schema\/logo\/image\/"},"sameAs":["https:\/\/www.facebook.com\/dicodusport","https:\/\/x.com\/dicodusport","https:\/\/www.instagram.com\/dicodusport\/","https:\/\/www.youtube.com\/channel\/UC7V2KZ5sd3htJivAbA4ZG3w"],"description":"Dicodusport est l'encyclop\u00e9die de l'actualit\u00e9 sportive.","email":"bonjour@dicodusport.fr","legalName":"DICODUSPORT","foundingDate":"2018-01-14","vatID":"FR71834470973","taxID":"83447097300043","numberOfEmployees":{"@type":"QuantitativeValue","minValue":"1","maxValue":"10"}},{"@type":"Person","@id":"https:\/\/dicodusport.fr\/blog\/#\/schema\/person\/5aab10ee856e86ac63e9819a9da34784","name":"Maxime Boulard","image":{"@type":"ImageObject","inLanguage":"fr-FR","@id":"https:\/\/dicodusport.fr\/blog\/#\/schema\/person\/image\/","url":"https:\/\/dicodusport.fr\/blog\/wp-content\/uploads\/2021\/05\/Maxime-Boulard-150x150.jpg","contentUrl":"https:\/\/dicodusport.fr\/blog\/wp-content\/uploads\/2021\/05\/Maxime-Boulard-150x150.jpg","caption":"Maxime Boulard"},"description":"Journaliste\/r\u00e9dacteur depuis octobre 2020 - Si mon plus vieux souvenir de sport aurait pu m'en d\u00e9go\u00fbter, la finale de la Coupe du monde 2006 a \u00e9t\u00e9 tout le contraire. V\u00e9ritable d\u00e9clencheur d'une passion qui aujourd'hui ne fait que grandir avec le temps, mon leitmotiv est la France qui brille ! Je relate les exploits pass\u00e9s et pr\u00e9sents du sport bleu-blanc-rouge sans m\u00e9nagement depuis octobre 2020. Sport valide ou handisport, aucune diff\u00e9rence, il n'y a que du sport et plusieurs fa\u00e7ons de le pratiquer.","sameAs":["https:\/\/www.facebook.com\/Max.Bld2\/","https:\/\/x.com\/https:\/\/twitter.com\/MaximeB_2"],"url":"https:\/\/dicodusport.fr\/blog\/author\/maxime-b\/"}]}},"_links":{"self":[{"href":"https:\/\/dicodusport.fr\/blog\/wp-json\/wp\/v2\/posts\/137045","targetHints":{"allow":["GET"]}}],"collection":[{"href":"https:\/\/dicodusport.fr\/blog\/wp-json\/wp\/v2\/posts"}],"about":[{"href":"https:\/\/dicodusport.fr\/blog\/wp-json\/wp\/v2\/types\/post"}],"author":[{"embeddable":true,"href":"https:\/\/dicodusport.fr\/blog\/wp-json\/wp\/v2\/users\/43"}],"replies":[{"embeddable":true,"href":"https:\/\/dicodusport.fr\/blog\/wp-json\/wp\/v2\/comments?post=137045"}],"version-history":[{"count":0,"href":"https:\/\/dicodusport.fr\/blog\/wp-json\/wp\/v2\/posts\/137045\/revisions"}],"wp:featuredmedia":[{"embeddable":true,"href":"https:\/\/dicodusport.fr\/blog\/wp-json\/wp\/v2\/media\/137081"}],"wp:attachment":[{"href":"https:\/\/dicodusport.fr\/blog\/wp-json\/wp\/v2\/media?parent=137045"}],"wp:term":[{"taxonomy":"category","embeddable":true,"href":"https:\/\/dicodusport.fr\/blog\/wp-json\/wp\/v2\/categories?post=137045"},{"taxonomy":"post_tag","embeddable":true,"href":"https:\/\/dicodusport.fr\/blog\/wp-json\/wp\/v2\/tags?post=137045"}],"curies":[{"name":"wp","href":"https:\/\/api.w.org\/{rel}","templated":true}]}}