{"id":137124,"date":"2021-06-09T07:38:47","date_gmt":"2021-06-09T05:38:47","guid":{"rendered":"https:\/\/dicodusport.fr\/blog\/?p=137124"},"modified":"2021-06-09T07:38:47","modified_gmt":"2021-06-09T05:38:47","slug":"nikola-jokic-elu-mvp-de-la-saison-reguliere-2020-2021","status":"publish","type":"post","link":"https:\/\/dicodusport.fr\/blog\/nikola-jokic-elu-mvp-de-la-saison-reguliere-2020-2021\/","title":{"rendered":"Nikola Jokic \u00e9lu MVP de la saison r\u00e9guli\u00e8re 2020-2021"},"content":{"rendered":"<p style=\"text-align: justify;\"><em><strong><a href=\"https:\/\/dicodusport.fr\/blog\/actualites\/basket-ball\/nba\/nba-2020-2021\/\">NBA 2020-2021<\/a> &#8211; Parmi les trois finalistes aux c\u00f4t\u00e9s de Joel Embiid et Stephen Curry, Nikola Jokic a d\u00e9croch\u00e9 le titre de MVP de l\u2019ann\u00e9e au terme d\u2019une saison aboutie. Une saison toujours en cours puisque les Nuggets jouent actuellement les playoffs. Mais retour sur la cons\u00e9cration historique du Serbe.<\/strong><\/em><\/p>\n<p style=\"text-align: justify;\">Avec 72 rencontres jou\u00e9es, <strong>Nikola Jokic<\/strong> a \u00e9t\u00e9 pr\u00e9sent sur l\u2019ensemble des matchs de Denver. C\u2019est peut-\u00eatre ce qui a fait la diff\u00e9rence sur <strong>Joel Embiid<\/strong> qui lui, n\u2019en a disput\u00e9 \u00ab\u00a0que\u00a0\u00bb 51. L\u2019int\u00e9rieur des Nuggets cumule \u00e9galement en fin de saison r\u00e9guli\u00e8re des lignes de stats impressionnantes. Il se situe notamment dans le top 5 des points inscrits, des rebonds pris et des passes d\u00e9cisives d\u00e9livr\u00e9es. En double double de moyenne cette ann\u00e9e avec 26,4 points et 10,8 rebonds, le Serbe a largement permis \u00e0 sa franchise de d\u00e9crocher la troisi\u00e8me place de la conf\u00e9rence ouest.<\/p>\n<p style=\"text-align: justify;\">En l\u2019absence de <strong>Jamal Murray<\/strong>, la t\u00e2che \u00e9tait pourtant loin d\u2019\u00eatre facile. Ce classement, c\u2019est ce qui fait peser la balance en sa faveur face \u00e0 <strong>Stephen Curry<\/strong>. Le meneur des Warriors a certes fait une saison exceptionnelle, mais la 9<sup>\u00e8me<\/sup> place de Golden State n\u2019\u00e9tait pas suffisante pour rivaliser. S\u00e9lectionn\u00e9 en 41<sup>\u00e8me<\/sup> position par les Nuggets lors de la draft 2014, <strong>Nikola Jokic<\/strong> devient ainsi le joueur le plus bas draft\u00e9 de l\u2019histoire \u00e0 devenir MVP de saison r\u00e9guli\u00e8re. Le Joker doit maintenant assumer sur les parquets, ou du moins continuer d&rsquo;assumer son -nouveau- r\u00f4le. Et quoi de mieux que les playoffs pour le faire.<\/p>\n<p style=\"text-align: justify;\">Pas vraiment de contestation possible donc au vu de la saison qu\u2019a sortie Jokic cette ann\u00e9e. Mais alors peut-il continuer de porter les Nuggets un peu plus loin encore ? Le <a href=\"https:\/\/dicodusport.fr\/blog\/nba-playoffs-les-nets-surclassent-les-bucks-belle-victoire-des-suns-face-aux-nuggets\/\">combat contre les Suns<\/a> n\u2019est pas gagn\u00e9\u2026<\/p>\n<blockquote class=\"twitter-tweet\">\n<p dir=\"ltr\" lang=\"fr\">Officiel, Nikola Jokic est le MVP 2020-21 : immense cons\u00e9cration pour un g\u00e9nie atypique, un joueur qui a mis LE JEU au centre des d\u00e9bats <a href=\"https:\/\/t.co\/5px4IqQVBk\">https:\/\/t.co\/5px4IqQVBk<\/a><\/p>\n<p>\u2014 TrashTalk (@TrashTalk_fr) <a href=\"https:\/\/twitter.com\/TrashTalk_fr\/status\/1402428744279760898?ref_src=twsrc%5Etfw\">June 9, 2021<\/a><\/p><\/blockquote>\n<p><script async src=\"https:\/\/platform.twitter.com\/widgets.js\" charset=\"utf-8\"><\/script><\/p>\n","protected":false},"excerpt":{"rendered":"<p>NBA 2020-2021 &#8211; Parmi les trois finalistes aux c\u00f4t\u00e9s de Joel Embiid et Stephen Curry, Nikola Jokic a d\u00e9croch\u00e9 le titre de MVP de l\u2019ann\u00e9e au terme d\u2019une saison aboutie. Une saison toujours en cours puisque les Nuggets jouent actuellement les playoffs. Mais retour sur la cons\u00e9cration historique du Serbe.<\/p>\n","protected":false},"author":18,"featured_media":137138,"comment_status":"open","ping_status":"closed","sticky":false,"template":"","format":"standard","meta":{"_acf_changed":false,"_daextam_enable_autolinks":"","footnotes":""},"categories":[10533],"tags":[1991,3472,179,15070],"class_list":["post-137124","post","type-post","status-publish","format-standard","has-post-thumbnail","hentry","category-nba","tag-denver-nuggets","tag-mvp","tag-nba","tag-nikola-jokic"],"acf":[],"yoast_head":"<!-- This site is optimized with the Yoast SEO Premium plugin v26.7 (Yoast SEO v26.7) - https:\/\/yoast.com\/wordpress\/plugins\/seo\/ -->\n<title>Nikola Jokic \u00e9lu MVP de la saison r\u00e9guli\u00e8re 2020-2021<\/title>\n<meta name=\"description\" content=\"NBA 2020-2021 - Parmi les trois finalistes aux c\u00f4t\u00e9s de Joel Embiid et Stephen Curry, Nikola Jokic a d\u00e9croch\u00e9 le titre de MVP de l\u2019ann\u00e9e.\" \/>\n<meta name=\"robots\" content=\"index, follow, max-snippet:-1, max-image-preview:large, max-video-preview:-1\" \/>\n<link rel=\"canonical\" href=\"https:\/\/dicodusport.fr\/blog\/nikola-jokic-elu-mvp-de-la-saison-reguliere-2020-2021\/\" \/>\n<meta property=\"og:locale\" content=\"fr_FR\" \/>\n<meta property=\"og:type\" content=\"article\" \/>\n<meta property=\"og:title\" content=\"Nikola Jokic \u00e9lu MVP de la saison r\u00e9guli\u00e8re 2020-2021\" \/>\n<meta property=\"og:description\" content=\"NBA 2020-2021 - Parmi les trois finalistes aux c\u00f4t\u00e9s de Joel Embiid et Stephen Curry, Nikola Jokic a d\u00e9croch\u00e9 le titre de MVP de l\u2019ann\u00e9e.\" \/>\n<meta property=\"og:url\" content=\"https:\/\/dicodusport.fr\/blog\/nikola-jokic-elu-mvp-de-la-saison-reguliere-2020-2021\/\" \/>\n<meta property=\"og:site_name\" content=\"Dicodusport\" \/>\n<meta property=\"article:publisher\" content=\"https:\/\/www.facebook.com\/dicodusport\" \/>\n<meta property=\"article:author\" content=\"https:\/\/www.facebook.com\/soocube\" \/>\n<meta property=\"article:published_time\" content=\"2021-06-09T05:38:47+00:00\" \/>\n<meta property=\"og:image\" content=\"https:\/\/dicodusport.fr\/blog\/wp-content\/uploads\/2021\/06\/Nikola-Jokic-elu-MVP-de-la-saison-reguliere-2020-2021.png\" \/>\n\t<meta property=\"og:image:width\" content=\"800\" \/>\n\t<meta property=\"og:image:height\" content=\"445\" \/>\n\t<meta property=\"og:image:type\" content=\"image\/png\" \/>\n<meta name=\"author\" content=\"Sophie Clapier\" \/>\n<meta name=\"twitter:card\" content=\"summary_large_image\" \/>\n<meta name=\"twitter:title\" content=\"Nikola Jokic \u00e9lu MVP de la saison r\u00e9guli\u00e8re 2020-2021\" \/>\n<meta name=\"twitter:creator\" content=\"@https:\/\/twitter.com\/soocube\" \/>\n<meta name=\"twitter:site\" content=\"@dicodusport\" \/>\n<script type=\"application\/ld+json\" class=\"yoast-schema-graph\">{\"@context\":\"https:\/\/schema.org\",\"@graph\":[{\"@type\":\"NewsArticle\",\"@id\":\"https:\/\/dicodusport.fr\/blog\/nikola-jokic-elu-mvp-de-la-saison-reguliere-2020-2021\/#article\",\"isPartOf\":{\"@id\":\"https:\/\/dicodusport.fr\/blog\/nikola-jokic-elu-mvp-de-la-saison-reguliere-2020-2021\/\"},\"author\":{\"name\":\"Sophie Clapier\",\"@id\":\"https:\/\/dicodusport.fr\/blog\/#\/schema\/person\/416c975648aca9da8839bdfe333a21c9\"},\"headline\":\"Nikola Jokic \u00e9lu MVP de la saison r\u00e9guli\u00e8re 2020-2021\",\"datePublished\":\"2021-06-09T05:38:47+00:00\",\"mainEntityOfPage\":{\"@id\":\"https:\/\/dicodusport.fr\/blog\/nikola-jokic-elu-mvp-de-la-saison-reguliere-2020-2021\/\"},\"wordCount\":367,\"commentCount\":0,\"publisher\":{\"@id\":\"https:\/\/dicodusport.fr\/blog\/#organization\"},\"image\":{\"@id\":\"https:\/\/dicodusport.fr\/blog\/nikola-jokic-elu-mvp-de-la-saison-reguliere-2020-2021\/#primaryimage\"},\"thumbnailUrl\":\"https:\/\/dicodusport.fr\/blog\/wp-content\/uploads\/2021\/06\/Nikola-Jokic-elu-MVP-de-la-saison-reguliere-2020-2021.png\",\"keywords\":[\"Denver Nuggets\",\"mvp\",\"NBA\",\"Nikola Jokic\"],\"articleSection\":[\"NBA\"],\"inLanguage\":\"fr-FR\",\"potentialAction\":[{\"@type\":\"CommentAction\",\"name\":\"Comment\",\"target\":[\"https:\/\/dicodusport.fr\/blog\/nikola-jokic-elu-mvp-de-la-saison-reguliere-2020-2021\/#respond\"]}],\"copyrightYear\":\"2021\",\"copyrightHolder\":{\"@id\":\"https:\/\/dicodusport.fr\/blog\/#organization\"}},{\"@type\":\"WebPage\",\"@id\":\"https:\/\/dicodusport.fr\/blog\/nikola-jokic-elu-mvp-de-la-saison-reguliere-2020-2021\/\",\"url\":\"https:\/\/dicodusport.fr\/blog\/nikola-jokic-elu-mvp-de-la-saison-reguliere-2020-2021\/\",\"name\":\"Nikola Jokic \u00e9lu MVP de la saison r\u00e9guli\u00e8re 2020-2021\",\"isPartOf\":{\"@id\":\"https:\/\/dicodusport.fr\/blog\/#website\"},\"primaryImageOfPage\":{\"@id\":\"https:\/\/dicodusport.fr\/blog\/nikola-jokic-elu-mvp-de-la-saison-reguliere-2020-2021\/#primaryimage\"},\"image\":{\"@id\":\"https:\/\/dicodusport.fr\/blog\/nikola-jokic-elu-mvp-de-la-saison-reguliere-2020-2021\/#primaryimage\"},\"thumbnailUrl\":\"https:\/\/dicodusport.fr\/blog\/wp-content\/uploads\/2021\/06\/Nikola-Jokic-elu-MVP-de-la-saison-reguliere-2020-2021.png\",\"datePublished\":\"2021-06-09T05:38:47+00:00\",\"description\":\"NBA 2020-2021 - Parmi les trois finalistes aux c\u00f4t\u00e9s de Joel Embiid et Stephen Curry, Nikola Jokic a d\u00e9croch\u00e9 le titre de MVP de l\u2019ann\u00e9e.\",\"breadcrumb\":{\"@id\":\"https:\/\/dicodusport.fr\/blog\/nikola-jokic-elu-mvp-de-la-saison-reguliere-2020-2021\/#breadcrumb\"},\"inLanguage\":\"fr-FR\",\"potentialAction\":[{\"@type\":\"ReadAction\",\"target\":[\"https:\/\/dicodusport.fr\/blog\/nikola-jokic-elu-mvp-de-la-saison-reguliere-2020-2021\/\"]}]},{\"@type\":\"ImageObject\",\"inLanguage\":\"fr-FR\",\"@id\":\"https:\/\/dicodusport.fr\/blog\/nikola-jokic-elu-mvp-de-la-saison-reguliere-2020-2021\/#primaryimage\",\"url\":\"https:\/\/dicodusport.fr\/blog\/wp-content\/uploads\/2021\/06\/Nikola-Jokic-elu-MVP-de-la-saison-reguliere-2020-2021.png\",\"contentUrl\":\"https:\/\/dicodusport.fr\/blog\/wp-content\/uploads\/2021\/06\/Nikola-Jokic-elu-MVP-de-la-saison-reguliere-2020-2021.png\",\"width\":800,\"height\":445,\"caption\":\"Nikola Jokic, \u00e9lu MVP de la saison r\u00e9guli\u00e8re 2020-2021\"},{\"@type\":\"BreadcrumbList\",\"@id\":\"https:\/\/dicodusport.fr\/blog\/nikola-jokic-elu-mvp-de-la-saison-reguliere-2020-2021\/#breadcrumb\",\"itemListElement\":[{\"@type\":\"ListItem\",\"position\":1,\"name\":\"Accueil\",\"item\":\"https:\/\/dicodusport.fr\/blog\/\"},{\"@type\":\"ListItem\",\"position\":2,\"name\":\"Nikola Jokic \u00e9lu MVP de la saison r\u00e9guli\u00e8re 2020-2021\"}]},{\"@type\":\"WebSite\",\"@id\":\"https:\/\/dicodusport.fr\/blog\/#website\",\"url\":\"https:\/\/dicodusport.fr\/blog\/\",\"name\":\"Dicodusport\",\"description\":\"L&#039;encyclop\u00e9die de l&#039;actualit\u00e9 sportive\",\"publisher\":{\"@id\":\"https:\/\/dicodusport.fr\/blog\/#organization\"},\"potentialAction\":[{\"@type\":\"SearchAction\",\"target\":{\"@type\":\"EntryPoint\",\"urlTemplate\":\"https:\/\/dicodusport.fr\/blog\/?s={search_term_string}\"},\"query-input\":{\"@type\":\"PropertyValueSpecification\",\"valueRequired\":true,\"valueName\":\"search_term_string\"}}],\"inLanguage\":\"fr-FR\"},{\"@type\":\"NewsMediaOrganization\",\"@id\":\"https:\/\/dicodusport.fr\/blog\/#organization\",\"name\":\"Dicodusport\",\"url\":\"https:\/\/dicodusport.fr\/blog\/\",\"logo\":{\"@type\":\"ImageObject\",\"inLanguage\":\"fr-FR\",\"@id\":\"https:\/\/dicodusport.fr\/blog\/#\/schema\/logo\/image\/\",\"url\":\"https:\/\/dicodusport.fr\/blog\/wp-content\/uploads\/2020\/06\/cropped-LOGO-DICODUSPORT-2020-SANS-FOND-SANS-TEXTE.png\",\"contentUrl\":\"https:\/\/dicodusport.fr\/blog\/wp-content\/uploads\/2020\/06\/cropped-LOGO-DICODUSPORT-2020-SANS-FOND-SANS-TEXTE.png\",\"width\":512,\"height\":512,\"caption\":\"Dicodusport\"},\"image\":{\"@id\":\"https:\/\/dicodusport.fr\/blog\/#\/schema\/logo\/image\/\"},\"sameAs\":[\"https:\/\/www.facebook.com\/dicodusport\",\"https:\/\/x.com\/dicodusport\",\"https:\/\/www.instagram.com\/dicodusport\/\",\"https:\/\/www.youtube.com\/channel\/UC7V2KZ5sd3htJivAbA4ZG3w\"],\"description\":\"Dicodusport est l'encyclop\u00e9die de l'actualit\u00e9 sportive.\",\"email\":\"bonjour@dicodusport.fr\",\"legalName\":\"DICODUSPORT\",\"foundingDate\":\"2018-01-14\",\"vatID\":\"FR71834470973\",\"taxID\":\"83447097300043\",\"numberOfEmployees\":{\"@type\":\"QuantitativeValue\",\"minValue\":\"1\",\"maxValue\":\"10\"}},{\"@type\":\"Person\",\"@id\":\"https:\/\/dicodusport.fr\/blog\/#\/schema\/person\/416c975648aca9da8839bdfe333a21c9\",\"name\":\"Sophie Clapier\",\"image\":{\"@type\":\"ImageObject\",\"inLanguage\":\"fr-FR\",\"@id\":\"https:\/\/dicodusport.fr\/blog\/#\/schema\/person\/image\/\",\"url\":\"https:\/\/dicodusport.fr\/blog\/wp-content\/uploads\/2021\/05\/Sophie-Clapier-150x150.jpg\",\"contentUrl\":\"https:\/\/dicodusport.fr\/blog\/wp-content\/uploads\/2021\/05\/Sophie-Clapier-150x150.jpg\",\"caption\":\"Sophie Clapier\"},\"description\":\"Journaliste\/r\u00e9dactrice depuis janvier 2016 - Passionn\u00e9e de sport depuis toujours, j\u2019en ai pratiqu\u00e9 quelques-uns. Judo, football, handball ou encore tennis, je n\u2019ai jamais pu me mettre d\u2019accord sur un en particulier. Mais \u00e7a, c\u2019\u00e9tait avant de d\u00e9couvrir le basket, devenu mon sport de pr\u00e9dilection. Les actions NBA, le All-Star Week-end, la fureur des Game 7 pendant les playoffs ou mieux, lors des Finals, this is why we play. Team Spurs T.P, je m\u2019accroche encore \u00e0 Gregg Popovich (don\u2019t leave !). Team chef Curry, je souhaite qu\u2019il finisse aux Warriors (staaaay !). Non, il n\u2019y a pas qu\u2019eux, des petits nouveaux -et des petites nouvelles \u00e9videmment- arrivent chaque jour dans toutes les disciplines et cr\u00e9ent de nouveaux exploits. Alors pour les grands \u00e9v\u00e9nements et comp\u00e9titions internationales, vive les pulsations 240\/minutes et le d\u00e9fibrillateur pas loin, et allez les Bleu(e)s ! C\u2019est s\u00fbr, j\u2019aurai plus vu ma vie sur un terrain de sport, mais \u00e0 d\u00e9faut d\u2019en faire en haut niveau, je le partage avec vous.\",\"sameAs\":[\"https:\/\/www.facebook.com\/soocube\",\"https:\/\/x.com\/https:\/\/twitter.com\/soocube\",\"admin\"],\"url\":\"https:\/\/dicodusport.fr\/blog\/author\/sophie\/\"}]}<\/script>\n<!-- \/ Yoast SEO Premium plugin. -->","yoast_head_json":{"title":"Nikola Jokic \u00e9lu MVP de la saison r\u00e9guli\u00e8re 2020-2021","description":"NBA 2020-2021 - Parmi les trois finalistes aux c\u00f4t\u00e9s de Joel Embiid et Stephen Curry, Nikola Jokic a d\u00e9croch\u00e9 le titre de MVP de l\u2019ann\u00e9e.","robots":{"index":"index","follow":"follow","max-snippet":"max-snippet:-1","max-image-preview":"max-image-preview:large","max-video-preview":"max-video-preview:-1"},"canonical":"https:\/\/dicodusport.fr\/blog\/nikola-jokic-elu-mvp-de-la-saison-reguliere-2020-2021\/","og_locale":"fr_FR","og_type":"article","og_title":"Nikola Jokic \u00e9lu MVP de la saison r\u00e9guli\u00e8re 2020-2021","og_description":"NBA 2020-2021 - Parmi les trois finalistes aux c\u00f4t\u00e9s de Joel Embiid et Stephen Curry, Nikola Jokic a d\u00e9croch\u00e9 le titre de MVP de l\u2019ann\u00e9e.","og_url":"https:\/\/dicodusport.fr\/blog\/nikola-jokic-elu-mvp-de-la-saison-reguliere-2020-2021\/","og_site_name":"Dicodusport","article_publisher":"https:\/\/www.facebook.com\/dicodusport","article_author":"https:\/\/www.facebook.com\/soocube","article_published_time":"2021-06-09T05:38:47+00:00","og_image":[{"width":800,"height":445,"url":"https:\/\/dicodusport.fr\/blog\/wp-content\/uploads\/2021\/06\/Nikola-Jokic-elu-MVP-de-la-saison-reguliere-2020-2021.png","type":"image\/png"}],"author":"Sophie Clapier","twitter_card":"summary_large_image","twitter_title":"Nikola Jokic \u00e9lu MVP de la saison r\u00e9guli\u00e8re 2020-2021","twitter_creator":"@https:\/\/twitter.com\/soocube","twitter_site":"@dicodusport","schema":{"@context":"https:\/\/schema.org","@graph":[{"@type":"NewsArticle","@id":"https:\/\/dicodusport.fr\/blog\/nikola-jokic-elu-mvp-de-la-saison-reguliere-2020-2021\/#article","isPartOf":{"@id":"https:\/\/dicodusport.fr\/blog\/nikola-jokic-elu-mvp-de-la-saison-reguliere-2020-2021\/"},"author":{"name":"Sophie Clapier","@id":"https:\/\/dicodusport.fr\/blog\/#\/schema\/person\/416c975648aca9da8839bdfe333a21c9"},"headline":"Nikola Jokic \u00e9lu MVP de la saison r\u00e9guli\u00e8re 2020-2021","datePublished":"2021-06-09T05:38:47+00:00","mainEntityOfPage":{"@id":"https:\/\/dicodusport.fr\/blog\/nikola-jokic-elu-mvp-de-la-saison-reguliere-2020-2021\/"},"wordCount":367,"commentCount":0,"publisher":{"@id":"https:\/\/dicodusport.fr\/blog\/#organization"},"image":{"@id":"https:\/\/dicodusport.fr\/blog\/nikola-jokic-elu-mvp-de-la-saison-reguliere-2020-2021\/#primaryimage"},"thumbnailUrl":"https:\/\/dicodusport.fr\/blog\/wp-content\/uploads\/2021\/06\/Nikola-Jokic-elu-MVP-de-la-saison-reguliere-2020-2021.png","keywords":["Denver Nuggets","mvp","NBA","Nikola Jokic"],"articleSection":["NBA"],"inLanguage":"fr-FR","potentialAction":[{"@type":"CommentAction","name":"Comment","target":["https:\/\/dicodusport.fr\/blog\/nikola-jokic-elu-mvp-de-la-saison-reguliere-2020-2021\/#respond"]}],"copyrightYear":"2021","copyrightHolder":{"@id":"https:\/\/dicodusport.fr\/blog\/#organization"}},{"@type":"WebPage","@id":"https:\/\/dicodusport.fr\/blog\/nikola-jokic-elu-mvp-de-la-saison-reguliere-2020-2021\/","url":"https:\/\/dicodusport.fr\/blog\/nikola-jokic-elu-mvp-de-la-saison-reguliere-2020-2021\/","name":"Nikola Jokic \u00e9lu MVP de la saison r\u00e9guli\u00e8re 2020-2021","isPartOf":{"@id":"https:\/\/dicodusport.fr\/blog\/#website"},"primaryImageOfPage":{"@id":"https:\/\/dicodusport.fr\/blog\/nikola-jokic-elu-mvp-de-la-saison-reguliere-2020-2021\/#primaryimage"},"image":{"@id":"https:\/\/dicodusport.fr\/blog\/nikola-jokic-elu-mvp-de-la-saison-reguliere-2020-2021\/#primaryimage"},"thumbnailUrl":"https:\/\/dicodusport.fr\/blog\/wp-content\/uploads\/2021\/06\/Nikola-Jokic-elu-MVP-de-la-saison-reguliere-2020-2021.png","datePublished":"2021-06-09T05:38:47+00:00","description":"NBA 2020-2021 - Parmi les trois finalistes aux c\u00f4t\u00e9s de Joel Embiid et Stephen Curry, Nikola Jokic a d\u00e9croch\u00e9 le titre de MVP de l\u2019ann\u00e9e.","breadcrumb":{"@id":"https:\/\/dicodusport.fr\/blog\/nikola-jokic-elu-mvp-de-la-saison-reguliere-2020-2021\/#breadcrumb"},"inLanguage":"fr-FR","potentialAction":[{"@type":"ReadAction","target":["https:\/\/dicodusport.fr\/blog\/nikola-jokic-elu-mvp-de-la-saison-reguliere-2020-2021\/"]}]},{"@type":"ImageObject","inLanguage":"fr-FR","@id":"https:\/\/dicodusport.fr\/blog\/nikola-jokic-elu-mvp-de-la-saison-reguliere-2020-2021\/#primaryimage","url":"https:\/\/dicodusport.fr\/blog\/wp-content\/uploads\/2021\/06\/Nikola-Jokic-elu-MVP-de-la-saison-reguliere-2020-2021.png","contentUrl":"https:\/\/dicodusport.fr\/blog\/wp-content\/uploads\/2021\/06\/Nikola-Jokic-elu-MVP-de-la-saison-reguliere-2020-2021.png","width":800,"height":445,"caption":"Nikola Jokic, \u00e9lu MVP de la saison r\u00e9guli\u00e8re 2020-2021"},{"@type":"BreadcrumbList","@id":"https:\/\/dicodusport.fr\/blog\/nikola-jokic-elu-mvp-de-la-saison-reguliere-2020-2021\/#breadcrumb","itemListElement":[{"@type":"ListItem","position":1,"name":"Accueil","item":"https:\/\/dicodusport.fr\/blog\/"},{"@type":"ListItem","position":2,"name":"Nikola Jokic \u00e9lu MVP de la saison r\u00e9guli\u00e8re 2020-2021"}]},{"@type":"WebSite","@id":"https:\/\/dicodusport.fr\/blog\/#website","url":"https:\/\/dicodusport.fr\/blog\/","name":"Dicodusport","description":"L&#039;encyclop\u00e9die de l&#039;actualit\u00e9 sportive","publisher":{"@id":"https:\/\/dicodusport.fr\/blog\/#organization"},"potentialAction":[{"@type":"SearchAction","target":{"@type":"EntryPoint","urlTemplate":"https:\/\/dicodusport.fr\/blog\/?s={search_term_string}"},"query-input":{"@type":"PropertyValueSpecification","valueRequired":true,"valueName":"search_term_string"}}],"inLanguage":"fr-FR"},{"@type":"NewsMediaOrganization","@id":"https:\/\/dicodusport.fr\/blog\/#organization","name":"Dicodusport","url":"https:\/\/dicodusport.fr\/blog\/","logo":{"@type":"ImageObject","inLanguage":"fr-FR","@id":"https:\/\/dicodusport.fr\/blog\/#\/schema\/logo\/image\/","url":"https:\/\/dicodusport.fr\/blog\/wp-content\/uploads\/2020\/06\/cropped-LOGO-DICODUSPORT-2020-SANS-FOND-SANS-TEXTE.png","contentUrl":"https:\/\/dicodusport.fr\/blog\/wp-content\/uploads\/2020\/06\/cropped-LOGO-DICODUSPORT-2020-SANS-FOND-SANS-TEXTE.png","width":512,"height":512,"caption":"Dicodusport"},"image":{"@id":"https:\/\/dicodusport.fr\/blog\/#\/schema\/logo\/image\/"},"sameAs":["https:\/\/www.facebook.com\/dicodusport","https:\/\/x.com\/dicodusport","https:\/\/www.instagram.com\/dicodusport\/","https:\/\/www.youtube.com\/channel\/UC7V2KZ5sd3htJivAbA4ZG3w"],"description":"Dicodusport est l'encyclop\u00e9die de l'actualit\u00e9 sportive.","email":"bonjour@dicodusport.fr","legalName":"DICODUSPORT","foundingDate":"2018-01-14","vatID":"FR71834470973","taxID":"83447097300043","numberOfEmployees":{"@type":"QuantitativeValue","minValue":"1","maxValue":"10"}},{"@type":"Person","@id":"https:\/\/dicodusport.fr\/blog\/#\/schema\/person\/416c975648aca9da8839bdfe333a21c9","name":"Sophie Clapier","image":{"@type":"ImageObject","inLanguage":"fr-FR","@id":"https:\/\/dicodusport.fr\/blog\/#\/schema\/person\/image\/","url":"https:\/\/dicodusport.fr\/blog\/wp-content\/uploads\/2021\/05\/Sophie-Clapier-150x150.jpg","contentUrl":"https:\/\/dicodusport.fr\/blog\/wp-content\/uploads\/2021\/05\/Sophie-Clapier-150x150.jpg","caption":"Sophie Clapier"},"description":"Journaliste\/r\u00e9dactrice depuis janvier 2016 - Passionn\u00e9e de sport depuis toujours, j\u2019en ai pratiqu\u00e9 quelques-uns. Judo, football, handball ou encore tennis, je n\u2019ai jamais pu me mettre d\u2019accord sur un en particulier. Mais \u00e7a, c\u2019\u00e9tait avant de d\u00e9couvrir le basket, devenu mon sport de pr\u00e9dilection. Les actions NBA, le All-Star Week-end, la fureur des Game 7 pendant les playoffs ou mieux, lors des Finals, this is why we play. Team Spurs T.P, je m\u2019accroche encore \u00e0 Gregg Popovich (don\u2019t leave !). Team chef Curry, je souhaite qu\u2019il finisse aux Warriors (staaaay !). Non, il n\u2019y a pas qu\u2019eux, des petits nouveaux -et des petites nouvelles \u00e9videmment- arrivent chaque jour dans toutes les disciplines et cr\u00e9ent de nouveaux exploits. Alors pour les grands \u00e9v\u00e9nements et comp\u00e9titions internationales, vive les pulsations 240\/minutes et le d\u00e9fibrillateur pas loin, et allez les Bleu(e)s ! C\u2019est s\u00fbr, j\u2019aurai plus vu ma vie sur un terrain de sport, mais \u00e0 d\u00e9faut d\u2019en faire en haut niveau, je le partage avec vous.","sameAs":["https:\/\/www.facebook.com\/soocube","https:\/\/x.com\/https:\/\/twitter.com\/soocube","admin"],"url":"https:\/\/dicodusport.fr\/blog\/author\/sophie\/"}]}},"_links":{"self":[{"href":"https:\/\/dicodusport.fr\/blog\/wp-json\/wp\/v2\/posts\/137124","targetHints":{"allow":["GET"]}}],"collection":[{"href":"https:\/\/dicodusport.fr\/blog\/wp-json\/wp\/v2\/posts"}],"about":[{"href":"https:\/\/dicodusport.fr\/blog\/wp-json\/wp\/v2\/types\/post"}],"author":[{"embeddable":true,"href":"https:\/\/dicodusport.fr\/blog\/wp-json\/wp\/v2\/users\/18"}],"replies":[{"embeddable":true,"href":"https:\/\/dicodusport.fr\/blog\/wp-json\/wp\/v2\/comments?post=137124"}],"version-history":[{"count":0,"href":"https:\/\/dicodusport.fr\/blog\/wp-json\/wp\/v2\/posts\/137124\/revisions"}],"wp:featuredmedia":[{"embeddable":true,"href":"https:\/\/dicodusport.fr\/blog\/wp-json\/wp\/v2\/media\/137138"}],"wp:attachment":[{"href":"https:\/\/dicodusport.fr\/blog\/wp-json\/wp\/v2\/media?parent=137124"}],"wp:term":[{"taxonomy":"category","embeddable":true,"href":"https:\/\/dicodusport.fr\/blog\/wp-json\/wp\/v2\/categories?post=137124"},{"taxonomy":"post_tag","embeddable":true,"href":"https:\/\/dicodusport.fr\/blog\/wp-json\/wp\/v2\/tags?post=137124"}],"curies":[{"name":"wp","href":"https:\/\/api.w.org\/{rel}","templated":true}]}}