{"id":13737,"date":"2018-03-03T15:47:43","date_gmt":"2018-03-03T14:47:43","guid":{"rendered":"http:\/\/dicodusport.fr\/blog\/?p=13737"},"modified":"2018-03-06T09:40:59","modified_gmt":"2018-03-06T08:40:59","slug":"strade-bianche-tiesj-benoot-gagne-romain-bardet-deuxieme","status":"publish","type":"post","link":"https:\/\/dicodusport.fr\/blog\/strade-bianche-tiesj-benoot-gagne-romain-bardet-deuxieme\/","title":{"rendered":"Strade Bianche : Tiesj Benoot gagne, Romain Bardet deuxi\u00e8me"},"content":{"rendered":"<p style=\"text-align: justify;\"><em><strong>Dans des conditions m\u00e9t\u00e9orologiques dantesques, Tiesj Benoot a r\u00e9alis\u00e9 un sacr\u00e9 num\u00e9ro pour venir s\u2019imposer en solitaire \u00e0 Sienne. Romain Bardet, auteur d\u2019une superbe course prend la 2\u00e8me place juste devant Wout Van Aert.<\/strong><\/em><\/p>\n<p style=\"text-align: justify;\">Une \u00e9chapp\u00e9e matinale s\u2019est form\u00e9e avec notamment trois Fran\u00e7ais, Valentin Madouas, Pierre Latour et Quentin Jauregui. La Movistar a fait le forcing en t\u00eate de peloton pour revenir sur les fuyards et leur leader Alejandro Valverde est pass\u00e9 \u00e0 l\u2019offensif \u00e0 50 kilom\u00e8tres de l\u2019arriv\u00e9e pour cr\u00e9er un petit groupe \u00e0 l\u2019avant. Romain Bardet est revenu de l&rsquo;arri\u00e8re pour rejoindre le groupe Valverde et contrer imm\u00e9diatement. Le coureur de Brioude est alors\u00a0parti avec le triple champion du monde en titre de cyclo-cross, Wout Van Aert .<\/p>\n<p style=\"text-align: justify;\">A seulement 16 kilom\u00e8tres de l\u2019arriv\u00e9e, Tiesj Benoot, est revenu en solitaire sur les deux hommes de t\u00eate pour leur fausser compagnie quelques kilom\u00e8tres plus tard dans la derni\u00e8re difficult\u00e9 du jour. Plus personne ne reverra le coureur belge qui s\u2019impose en solitaire. Romain Bardet est le premier fran\u00e7ais \u00e0 monter sur le podium de cette course devenue mythique ! Alejandro Valverde, l\u2019un des favoris de l\u2019\u00e9preuve, doit se contenter de la 4\u00e8me place.<\/p>\n<p style=\"text-align: justify;\"><em><strong>Nicolas Jacquemard<\/strong><br \/>\n<\/em><a style=\"color: #000000;\" href=\"https:\/\/twitter.com\/Nico_Jacquemard\" target=\"_blank\" rel=\"noopener noreferrer\"><img loading=\"lazy\" decoding=\"async\" class=\"alignnone wp-image-2908\" src=\"http:\/\/dicodusport.fr\/blog\/wp-content\/uploads\/2017\/07\/logo-twitter-150x150.png\" alt=\"\" width=\"39\" height=\"39\" \/><\/a><a style=\"color: #000000;\" href=\"https:\/\/www.facebook.com\/dicodusport\/\" target=\"_blank\" rel=\"noopener noreferrer\"><img loading=\"lazy\" decoding=\"async\" class=\"alignnone wp-image-2909\" src=\"http:\/\/dicodusport.fr\/blog\/wp-content\/uploads\/2017\/07\/logo-facebook-150x150.png\" alt=\"\" width=\"40\" height=\"40\" \/><\/a><\/p>\n","protected":false},"excerpt":{"rendered":"<p>Dans des conditions m\u00e9t\u00e9orologiques dantesques, Tiesj Benoot a r\u00e9alis\u00e9 un sacr\u00e9 num\u00e9ro pour venir s\u2019imposer en solitaire \u00e0 Sienne. Romain Bardet, auteur d\u2019une superbe course prend la 2\u00e8me place juste devant Wout Van Aert. Une \u00e9chapp\u00e9e matinale s\u2019est form\u00e9e avec notamment trois Fran\u00e7ais, Valentin Madouas, Pierre Latour et Quentin Jauregui. La Movistar a fait le [&hellip;]<\/p>\n","protected":false},"author":1,"featured_media":13738,"comment_status":"open","ping_status":"closed","sticky":false,"template":"","format":"standard","meta":{"_acf_changed":false,"_daextam_enable_autolinks":"","footnotes":""},"categories":[2,2307],"tags":[1446,574,4011,3646,4012,579],"class_list":["post-13737","post","type-post","status-publish","format-standard","has-post-thumbnail","hentry","category-actualites","category-cyclisme","tag-bardet","tag-cyclisme","tag-les-strade-bianche","tag-romain-bardet","tag-strade-bianche","tag-velo"],"acf":[],"yoast_head":"<!-- This site is optimized with the Yoast SEO Premium plugin v26.7 (Yoast SEO v26.7) - https:\/\/yoast.com\/wordpress\/plugins\/seo\/ -->\n<title>Strade Bianche : Tiesj Benoot gagne, Romain Bardet deuxi\u00e8me<\/title>\n<meta name=\"description\" content=\"des conditions m\u00e9t\u00e9orologiques dantesques, Tiesj Benoot a r\u00e9alis\u00e9 un sacr\u00e9 num\u00e9ro pour venir s\u2019imposer en solitaire \u00e0 Sienne. Romain Bardet, auteur d\u2019une superbe course prend la 2\u00e8me place juste devant Wout Van Aert.\" \/>\n<meta name=\"robots\" content=\"index, follow, max-snippet:-1, max-image-preview:large, max-video-preview:-1\" \/>\n<link rel=\"canonical\" href=\"https:\/\/dicodusport.fr\/blog\/strade-bianche-tiesj-benoot-gagne-romain-bardet-deuxieme\/\" \/>\n<meta property=\"og:locale\" content=\"fr_FR\" \/>\n<meta property=\"og:type\" content=\"article\" \/>\n<meta property=\"og:title\" content=\"Strade Bianche : Tiesj Benoot gagne, Romain Bardet deuxi\u00e8me\" \/>\n<meta property=\"og:description\" content=\"des conditions m\u00e9t\u00e9orologiques dantesques, Tiesj Benoot a r\u00e9alis\u00e9 un sacr\u00e9 num\u00e9ro pour venir s\u2019imposer en solitaire \u00e0 Sienne. Romain Bardet, auteur d\u2019une superbe course prend la 2\u00e8me place juste devant Wout Van Aert.\" \/>\n<meta property=\"og:url\" content=\"https:\/\/dicodusport.fr\/blog\/strade-bianche-tiesj-benoot-gagne-romain-bardet-deuxieme\/\" \/>\n<meta property=\"og:site_name\" content=\"Dicodusport\" \/>\n<meta property=\"article:publisher\" content=\"https:\/\/www.facebook.com\/dicodusport\" \/>\n<meta property=\"article:author\" content=\"https:\/\/www.facebook.com\/dicodusport\" \/>\n<meta property=\"article:published_time\" content=\"2018-03-03T14:47:43+00:00\" \/>\n<meta property=\"article:modified_time\" content=\"2018-03-06T08:40:59+00:00\" \/>\n<meta property=\"og:image\" content=\"https:\/\/dicodusport.fr\/blog\/wp-content\/uploads\/2018\/03\/Romain-Bardet.png\" \/>\n\t<meta property=\"og:image:width\" content=\"1200\" \/>\n\t<meta property=\"og:image:height\" content=\"670\" \/>\n\t<meta property=\"og:image:type\" content=\"image\/png\" \/>\n<meta name=\"author\" content=\"Nicolas Jacquemard\" \/>\n<meta name=\"twitter:card\" content=\"summary_large_image\" \/>\n<meta name=\"twitter:creator\" content=\"@https:\/\/twitter.com\/Nico_Jacquemard\" \/>\n<meta name=\"twitter:site\" content=\"@dicodusport\" \/>\n<script type=\"application\/ld+json\" class=\"yoast-schema-graph\">{\"@context\":\"https:\/\/schema.org\",\"@graph\":[{\"@type\":\"NewsArticle\",\"@id\":\"https:\/\/dicodusport.fr\/blog\/strade-bianche-tiesj-benoot-gagne-romain-bardet-deuxieme\/#article\",\"isPartOf\":{\"@id\":\"https:\/\/dicodusport.fr\/blog\/strade-bianche-tiesj-benoot-gagne-romain-bardet-deuxieme\/\"},\"author\":{\"name\":\"Nicolas Jacquemard\",\"@id\":\"https:\/\/dicodusport.fr\/blog\/#\/schema\/person\/55dcb50ad410894e431ed812bbb70191\"},\"headline\":\"Strade Bianche : Tiesj Benoot gagne, Romain Bardet deuxi\u00e8me\",\"datePublished\":\"2018-03-03T14:47:43+00:00\",\"dateModified\":\"2018-03-06T08:40:59+00:00\",\"mainEntityOfPage\":{\"@id\":\"https:\/\/dicodusport.fr\/blog\/strade-bianche-tiesj-benoot-gagne-romain-bardet-deuxieme\/\"},\"wordCount\":227,\"commentCount\":0,\"publisher\":{\"@id\":\"https:\/\/dicodusport.fr\/blog\/#organization\"},\"image\":{\"@id\":\"https:\/\/dicodusport.fr\/blog\/strade-bianche-tiesj-benoot-gagne-romain-bardet-deuxieme\/#primaryimage\"},\"thumbnailUrl\":\"https:\/\/dicodusport.fr\/blog\/wp-content\/uploads\/2018\/03\/Romain-Bardet.png\",\"keywords\":[\"bardet\",\"Cyclisme\",\"Les Strade Bianche\",\"Romain Bardet\",\"Strade Bianche\",\"v\u00e9lo\"],\"articleSection\":[\"Actualit\u00e9s\",\"Cyclisme\"],\"inLanguage\":\"fr-FR\",\"potentialAction\":[{\"@type\":\"CommentAction\",\"name\":\"Comment\",\"target\":[\"https:\/\/dicodusport.fr\/blog\/strade-bianche-tiesj-benoot-gagne-romain-bardet-deuxieme\/#respond\"]}],\"copyrightYear\":\"2018\",\"copyrightHolder\":{\"@id\":\"https:\/\/dicodusport.fr\/blog\/#organization\"}},{\"@type\":\"WebPage\",\"@id\":\"https:\/\/dicodusport.fr\/blog\/strade-bianche-tiesj-benoot-gagne-romain-bardet-deuxieme\/\",\"url\":\"https:\/\/dicodusport.fr\/blog\/strade-bianche-tiesj-benoot-gagne-romain-bardet-deuxieme\/\",\"name\":\"Strade Bianche : Tiesj Benoot gagne, Romain Bardet deuxi\u00e8me\",\"isPartOf\":{\"@id\":\"https:\/\/dicodusport.fr\/blog\/#website\"},\"primaryImageOfPage\":{\"@id\":\"https:\/\/dicodusport.fr\/blog\/strade-bianche-tiesj-benoot-gagne-romain-bardet-deuxieme\/#primaryimage\"},\"image\":{\"@id\":\"https:\/\/dicodusport.fr\/blog\/strade-bianche-tiesj-benoot-gagne-romain-bardet-deuxieme\/#primaryimage\"},\"thumbnailUrl\":\"https:\/\/dicodusport.fr\/blog\/wp-content\/uploads\/2018\/03\/Romain-Bardet.png\",\"datePublished\":\"2018-03-03T14:47:43+00:00\",\"dateModified\":\"2018-03-06T08:40:59+00:00\",\"description\":\"des conditions m\u00e9t\u00e9orologiques dantesques, Tiesj Benoot a r\u00e9alis\u00e9 un sacr\u00e9 num\u00e9ro pour venir s\u2019imposer en solitaire \u00e0 Sienne. Romain Bardet, auteur d\u2019une superbe course prend la 2\u00e8me place juste devant Wout Van Aert.\",\"breadcrumb\":{\"@id\":\"https:\/\/dicodusport.fr\/blog\/strade-bianche-tiesj-benoot-gagne-romain-bardet-deuxieme\/#breadcrumb\"},\"inLanguage\":\"fr-FR\",\"potentialAction\":[{\"@type\":\"ReadAction\",\"target\":[\"https:\/\/dicodusport.fr\/blog\/strade-bianche-tiesj-benoot-gagne-romain-bardet-deuxieme\/\"]}]},{\"@type\":\"ImageObject\",\"inLanguage\":\"fr-FR\",\"@id\":\"https:\/\/dicodusport.fr\/blog\/strade-bianche-tiesj-benoot-gagne-romain-bardet-deuxieme\/#primaryimage\",\"url\":\"https:\/\/dicodusport.fr\/blog\/wp-content\/uploads\/2018\/03\/Romain-Bardet.png\",\"contentUrl\":\"https:\/\/dicodusport.fr\/blog\/wp-content\/uploads\/2018\/03\/Romain-Bardet.png\",\"width\":1200,\"height\":670,\"caption\":\"Romain Bardet\"},{\"@type\":\"BreadcrumbList\",\"@id\":\"https:\/\/dicodusport.fr\/blog\/strade-bianche-tiesj-benoot-gagne-romain-bardet-deuxieme\/#breadcrumb\",\"itemListElement\":[{\"@type\":\"ListItem\",\"position\":1,\"name\":\"Accueil\",\"item\":\"https:\/\/dicodusport.fr\/blog\/\"},{\"@type\":\"ListItem\",\"position\":2,\"name\":\"Strade Bianche : Tiesj Benoot gagne, Romain Bardet deuxi\u00e8me\"}]},{\"@type\":\"WebSite\",\"@id\":\"https:\/\/dicodusport.fr\/blog\/#website\",\"url\":\"https:\/\/dicodusport.fr\/blog\/\",\"name\":\"Dicodusport\",\"description\":\"L&#039;encyclop\u00e9die de l&#039;actualit\u00e9 sportive\",\"publisher\":{\"@id\":\"https:\/\/dicodusport.fr\/blog\/#organization\"},\"potentialAction\":[{\"@type\":\"SearchAction\",\"target\":{\"@type\":\"EntryPoint\",\"urlTemplate\":\"https:\/\/dicodusport.fr\/blog\/?s={search_term_string}\"},\"query-input\":{\"@type\":\"PropertyValueSpecification\",\"valueRequired\":true,\"valueName\":\"search_term_string\"}}],\"inLanguage\":\"fr-FR\"},{\"@type\":\"NewsMediaOrganization\",\"@id\":\"https:\/\/dicodusport.fr\/blog\/#organization\",\"name\":\"Dicodusport\",\"url\":\"https:\/\/dicodusport.fr\/blog\/\",\"logo\":{\"@type\":\"ImageObject\",\"inLanguage\":\"fr-FR\",\"@id\":\"https:\/\/dicodusport.fr\/blog\/#\/schema\/logo\/image\/\",\"url\":\"https:\/\/dicodusport.fr\/blog\/wp-content\/uploads\/2020\/06\/cropped-LOGO-DICODUSPORT-2020-SANS-FOND-SANS-TEXTE.png\",\"contentUrl\":\"https:\/\/dicodusport.fr\/blog\/wp-content\/uploads\/2020\/06\/cropped-LOGO-DICODUSPORT-2020-SANS-FOND-SANS-TEXTE.png\",\"width\":512,\"height\":512,\"caption\":\"Dicodusport\"},\"image\":{\"@id\":\"https:\/\/dicodusport.fr\/blog\/#\/schema\/logo\/image\/\"},\"sameAs\":[\"https:\/\/www.facebook.com\/dicodusport\",\"https:\/\/x.com\/dicodusport\",\"https:\/\/www.instagram.com\/dicodusport\/\",\"https:\/\/www.youtube.com\/channel\/UC7V2KZ5sd3htJivAbA4ZG3w\"],\"description\":\"Dicodusport est l'encyclop\u00e9die de l'actualit\u00e9 sportive.\",\"email\":\"bonjour@dicodusport.fr\",\"legalName\":\"DICODUSPORT\",\"foundingDate\":\"2018-01-14\",\"vatID\":\"FR71834470973\",\"taxID\":\"83447097300043\",\"numberOfEmployees\":{\"@type\":\"QuantitativeValue\",\"minValue\":\"1\",\"maxValue\":\"10\"}},{\"@type\":\"Person\",\"@id\":\"https:\/\/dicodusport.fr\/blog\/#\/schema\/person\/55dcb50ad410894e431ed812bbb70191\",\"name\":\"Nicolas Jacquemard\",\"image\":{\"@type\":\"ImageObject\",\"inLanguage\":\"fr-FR\",\"@id\":\"https:\/\/dicodusport.fr\/blog\/#\/schema\/person\/image\/\",\"url\":\"https:\/\/dicodusport.fr\/blog\/wp-content\/uploads\/2021\/05\/Nicolas-Jacquemard-150x150.jpeg\",\"contentUrl\":\"https:\/\/dicodusport.fr\/blog\/wp-content\/uploads\/2021\/05\/Nicolas-Jacquemard-150x150.jpeg\",\"caption\":\"Nicolas Jacquemard\"},\"description\":\"Passionn\u00e9 de sport et entrepreneur depuis mes 18 ans, la cr\u00e9ation de Dicodusport m'a sembl\u00e9 \u00e9vidente pour participer \u00e0 la m\u00e9diatisation d'un plus grand nombre de sports. Le chemin est long mais avec une \u00e9quipe des plus motiv\u00e9es et les Jeux Olympiques de Paris 2024 en point de mire, nous y arriverons ! Journaliste dans le monde du sport depuis plus de 5 ans, je traite aussi bien de football, de rugby, de biathlon que de cyclisme.\",\"sameAs\":[\"https:\/\/www.facebook.com\/dicodusport\",\"https:\/\/x.com\/https:\/\/twitter.com\/Nico_Jacquemard\"],\"url\":\"https:\/\/dicodusport.fr\/blog\/author\/dicodusport\/\"}]}<\/script>\n<!-- \/ Yoast SEO Premium plugin. -->","yoast_head_json":{"title":"Strade Bianche : Tiesj Benoot gagne, Romain Bardet deuxi\u00e8me","description":"des conditions m\u00e9t\u00e9orologiques dantesques, Tiesj Benoot a r\u00e9alis\u00e9 un sacr\u00e9 num\u00e9ro pour venir s\u2019imposer en solitaire \u00e0 Sienne. Romain Bardet, auteur d\u2019une superbe course prend la 2\u00e8me place juste devant Wout Van Aert.","robots":{"index":"index","follow":"follow","max-snippet":"max-snippet:-1","max-image-preview":"max-image-preview:large","max-video-preview":"max-video-preview:-1"},"canonical":"https:\/\/dicodusport.fr\/blog\/strade-bianche-tiesj-benoot-gagne-romain-bardet-deuxieme\/","og_locale":"fr_FR","og_type":"article","og_title":"Strade Bianche : Tiesj Benoot gagne, Romain Bardet deuxi\u00e8me","og_description":"des conditions m\u00e9t\u00e9orologiques dantesques, Tiesj Benoot a r\u00e9alis\u00e9 un sacr\u00e9 num\u00e9ro pour venir s\u2019imposer en solitaire \u00e0 Sienne. Romain Bardet, auteur d\u2019une superbe course prend la 2\u00e8me place juste devant Wout Van Aert.","og_url":"https:\/\/dicodusport.fr\/blog\/strade-bianche-tiesj-benoot-gagne-romain-bardet-deuxieme\/","og_site_name":"Dicodusport","article_publisher":"https:\/\/www.facebook.com\/dicodusport","article_author":"https:\/\/www.facebook.com\/dicodusport","article_published_time":"2018-03-03T14:47:43+00:00","article_modified_time":"2018-03-06T08:40:59+00:00","og_image":[{"width":1200,"height":670,"url":"https:\/\/dicodusport.fr\/blog\/wp-content\/uploads\/2018\/03\/Romain-Bardet.png","type":"image\/png"}],"author":"Nicolas Jacquemard","twitter_card":"summary_large_image","twitter_creator":"@https:\/\/twitter.com\/Nico_Jacquemard","twitter_site":"@dicodusport","schema":{"@context":"https:\/\/schema.org","@graph":[{"@type":"NewsArticle","@id":"https:\/\/dicodusport.fr\/blog\/strade-bianche-tiesj-benoot-gagne-romain-bardet-deuxieme\/#article","isPartOf":{"@id":"https:\/\/dicodusport.fr\/blog\/strade-bianche-tiesj-benoot-gagne-romain-bardet-deuxieme\/"},"author":{"name":"Nicolas Jacquemard","@id":"https:\/\/dicodusport.fr\/blog\/#\/schema\/person\/55dcb50ad410894e431ed812bbb70191"},"headline":"Strade Bianche : Tiesj Benoot gagne, Romain Bardet deuxi\u00e8me","datePublished":"2018-03-03T14:47:43+00:00","dateModified":"2018-03-06T08:40:59+00:00","mainEntityOfPage":{"@id":"https:\/\/dicodusport.fr\/blog\/strade-bianche-tiesj-benoot-gagne-romain-bardet-deuxieme\/"},"wordCount":227,"commentCount":0,"publisher":{"@id":"https:\/\/dicodusport.fr\/blog\/#organization"},"image":{"@id":"https:\/\/dicodusport.fr\/blog\/strade-bianche-tiesj-benoot-gagne-romain-bardet-deuxieme\/#primaryimage"},"thumbnailUrl":"https:\/\/dicodusport.fr\/blog\/wp-content\/uploads\/2018\/03\/Romain-Bardet.png","keywords":["bardet","Cyclisme","Les Strade Bianche","Romain Bardet","Strade Bianche","v\u00e9lo"],"articleSection":["Actualit\u00e9s","Cyclisme"],"inLanguage":"fr-FR","potentialAction":[{"@type":"CommentAction","name":"Comment","target":["https:\/\/dicodusport.fr\/blog\/strade-bianche-tiesj-benoot-gagne-romain-bardet-deuxieme\/#respond"]}],"copyrightYear":"2018","copyrightHolder":{"@id":"https:\/\/dicodusport.fr\/blog\/#organization"}},{"@type":"WebPage","@id":"https:\/\/dicodusport.fr\/blog\/strade-bianche-tiesj-benoot-gagne-romain-bardet-deuxieme\/","url":"https:\/\/dicodusport.fr\/blog\/strade-bianche-tiesj-benoot-gagne-romain-bardet-deuxieme\/","name":"Strade Bianche : Tiesj Benoot gagne, Romain Bardet deuxi\u00e8me","isPartOf":{"@id":"https:\/\/dicodusport.fr\/blog\/#website"},"primaryImageOfPage":{"@id":"https:\/\/dicodusport.fr\/blog\/strade-bianche-tiesj-benoot-gagne-romain-bardet-deuxieme\/#primaryimage"},"image":{"@id":"https:\/\/dicodusport.fr\/blog\/strade-bianche-tiesj-benoot-gagne-romain-bardet-deuxieme\/#primaryimage"},"thumbnailUrl":"https:\/\/dicodusport.fr\/blog\/wp-content\/uploads\/2018\/03\/Romain-Bardet.png","datePublished":"2018-03-03T14:47:43+00:00","dateModified":"2018-03-06T08:40:59+00:00","description":"des conditions m\u00e9t\u00e9orologiques dantesques, Tiesj Benoot a r\u00e9alis\u00e9 un sacr\u00e9 num\u00e9ro pour venir s\u2019imposer en solitaire \u00e0 Sienne. Romain Bardet, auteur d\u2019une superbe course prend la 2\u00e8me place juste devant Wout Van Aert.","breadcrumb":{"@id":"https:\/\/dicodusport.fr\/blog\/strade-bianche-tiesj-benoot-gagne-romain-bardet-deuxieme\/#breadcrumb"},"inLanguage":"fr-FR","potentialAction":[{"@type":"ReadAction","target":["https:\/\/dicodusport.fr\/blog\/strade-bianche-tiesj-benoot-gagne-romain-bardet-deuxieme\/"]}]},{"@type":"ImageObject","inLanguage":"fr-FR","@id":"https:\/\/dicodusport.fr\/blog\/strade-bianche-tiesj-benoot-gagne-romain-bardet-deuxieme\/#primaryimage","url":"https:\/\/dicodusport.fr\/blog\/wp-content\/uploads\/2018\/03\/Romain-Bardet.png","contentUrl":"https:\/\/dicodusport.fr\/blog\/wp-content\/uploads\/2018\/03\/Romain-Bardet.png","width":1200,"height":670,"caption":"Romain Bardet"},{"@type":"BreadcrumbList","@id":"https:\/\/dicodusport.fr\/blog\/strade-bianche-tiesj-benoot-gagne-romain-bardet-deuxieme\/#breadcrumb","itemListElement":[{"@type":"ListItem","position":1,"name":"Accueil","item":"https:\/\/dicodusport.fr\/blog\/"},{"@type":"ListItem","position":2,"name":"Strade Bianche : Tiesj Benoot gagne, Romain Bardet deuxi\u00e8me"}]},{"@type":"WebSite","@id":"https:\/\/dicodusport.fr\/blog\/#website","url":"https:\/\/dicodusport.fr\/blog\/","name":"Dicodusport","description":"L&#039;encyclop\u00e9die de l&#039;actualit\u00e9 sportive","publisher":{"@id":"https:\/\/dicodusport.fr\/blog\/#organization"},"potentialAction":[{"@type":"SearchAction","target":{"@type":"EntryPoint","urlTemplate":"https:\/\/dicodusport.fr\/blog\/?s={search_term_string}"},"query-input":{"@type":"PropertyValueSpecification","valueRequired":true,"valueName":"search_term_string"}}],"inLanguage":"fr-FR"},{"@type":"NewsMediaOrganization","@id":"https:\/\/dicodusport.fr\/blog\/#organization","name":"Dicodusport","url":"https:\/\/dicodusport.fr\/blog\/","logo":{"@type":"ImageObject","inLanguage":"fr-FR","@id":"https:\/\/dicodusport.fr\/blog\/#\/schema\/logo\/image\/","url":"https:\/\/dicodusport.fr\/blog\/wp-content\/uploads\/2020\/06\/cropped-LOGO-DICODUSPORT-2020-SANS-FOND-SANS-TEXTE.png","contentUrl":"https:\/\/dicodusport.fr\/blog\/wp-content\/uploads\/2020\/06\/cropped-LOGO-DICODUSPORT-2020-SANS-FOND-SANS-TEXTE.png","width":512,"height":512,"caption":"Dicodusport"},"image":{"@id":"https:\/\/dicodusport.fr\/blog\/#\/schema\/logo\/image\/"},"sameAs":["https:\/\/www.facebook.com\/dicodusport","https:\/\/x.com\/dicodusport","https:\/\/www.instagram.com\/dicodusport\/","https:\/\/www.youtube.com\/channel\/UC7V2KZ5sd3htJivAbA4ZG3w"],"description":"Dicodusport est l'encyclop\u00e9die de l'actualit\u00e9 sportive.","email":"bonjour@dicodusport.fr","legalName":"DICODUSPORT","foundingDate":"2018-01-14","vatID":"FR71834470973","taxID":"83447097300043","numberOfEmployees":{"@type":"QuantitativeValue","minValue":"1","maxValue":"10"}},{"@type":"Person","@id":"https:\/\/dicodusport.fr\/blog\/#\/schema\/person\/55dcb50ad410894e431ed812bbb70191","name":"Nicolas Jacquemard","image":{"@type":"ImageObject","inLanguage":"fr-FR","@id":"https:\/\/dicodusport.fr\/blog\/#\/schema\/person\/image\/","url":"https:\/\/dicodusport.fr\/blog\/wp-content\/uploads\/2021\/05\/Nicolas-Jacquemard-150x150.jpeg","contentUrl":"https:\/\/dicodusport.fr\/blog\/wp-content\/uploads\/2021\/05\/Nicolas-Jacquemard-150x150.jpeg","caption":"Nicolas Jacquemard"},"description":"Passionn\u00e9 de sport et entrepreneur depuis mes 18 ans, la cr\u00e9ation de Dicodusport m'a sembl\u00e9 \u00e9vidente pour participer \u00e0 la m\u00e9diatisation d'un plus grand nombre de sports. Le chemin est long mais avec une \u00e9quipe des plus motiv\u00e9es et les Jeux Olympiques de Paris 2024 en point de mire, nous y arriverons ! Journaliste dans le monde du sport depuis plus de 5 ans, je traite aussi bien de football, de rugby, de biathlon que de cyclisme.","sameAs":["https:\/\/www.facebook.com\/dicodusport","https:\/\/x.com\/https:\/\/twitter.com\/Nico_Jacquemard"],"url":"https:\/\/dicodusport.fr\/blog\/author\/dicodusport\/"}]}},"_links":{"self":[{"href":"https:\/\/dicodusport.fr\/blog\/wp-json\/wp\/v2\/posts\/13737","targetHints":{"allow":["GET"]}}],"collection":[{"href":"https:\/\/dicodusport.fr\/blog\/wp-json\/wp\/v2\/posts"}],"about":[{"href":"https:\/\/dicodusport.fr\/blog\/wp-json\/wp\/v2\/types\/post"}],"author":[{"embeddable":true,"href":"https:\/\/dicodusport.fr\/blog\/wp-json\/wp\/v2\/users\/1"}],"replies":[{"embeddable":true,"href":"https:\/\/dicodusport.fr\/blog\/wp-json\/wp\/v2\/comments?post=13737"}],"version-history":[{"count":0,"href":"https:\/\/dicodusport.fr\/blog\/wp-json\/wp\/v2\/posts\/13737\/revisions"}],"wp:featuredmedia":[{"embeddable":true,"href":"https:\/\/dicodusport.fr\/blog\/wp-json\/wp\/v2\/media\/13738"}],"wp:attachment":[{"href":"https:\/\/dicodusport.fr\/blog\/wp-json\/wp\/v2\/media?parent=13737"}],"wp:term":[{"taxonomy":"category","embeddable":true,"href":"https:\/\/dicodusport.fr\/blog\/wp-json\/wp\/v2\/categories?post=13737"},{"taxonomy":"post_tag","embeddable":true,"href":"https:\/\/dicodusport.fr\/blog\/wp-json\/wp\/v2\/tags?post=13737"}],"curies":[{"name":"wp","href":"https:\/\/api.w.org\/{rel}","templated":true}]}}