{"id":13801,"date":"2018-03-05T11:00:37","date_gmt":"2018-03-05T10:00:37","guid":{"rendered":"http:\/\/dicodusport.fr\/blog\/?p=13801"},"modified":"2018-03-05T09:50:06","modified_gmt":"2018-03-05T08:50:06","slug":"fitbit-semi-de-paris-fete-running-reussie","status":"publish","type":"post","link":"https:\/\/dicodusport.fr\/blog\/fitbit-semi-de-paris-fete-running-reussie\/","title":{"rendered":"\u00ab\u00a0Fitbit Semi de Paris\u00a0\u00bb : une \u00e9dition 2018 \u00e0 succ\u00e8s"},"content":{"rendered":"<p style=\"text-align: justify;\"><strong><em>C<\/em><\/strong><strong><em>\u2019est ce dimanche qu<\/em><\/strong><strong><em>\u2019a eu lieu la 26<\/em><\/strong><strong><em><sup>\u00e8me<\/sup> <\/em><\/strong><strong><em>\u00e9dition du \u00ab\u00a0Fitbit Semi de Paris\u00a0<\/em><\/strong><strong><em>\u00bb dans les rues de la capitale. Une nouvelle fois, cet <\/em><\/strong><strong><em>\u00e9v\u00e8nement a rassembl\u00e9 un grand nombre d\u2019amoureux de la course \u00e0 pied. <\/em><\/strong><\/p>\n<p style=\"text-align: justify;\">Chaque ann\u00e9e, le mois de mars est synonyme de reprise des courses officielles pour tous les amateurs de course \u00e0 pied, eux qui ont pass\u00e9 une bonne partie de l\u2019hiver \u00e0 se consacrer \u00e0 leur plan d\u2019entrainement afin d\u2019arriver au meilleur de leur forme pour la nouvelle ann\u00e9e de running. Cette reprise est marqu\u00e9e par l\u2019infatigable semi-marathon de Paris, r\u00e9el objectif pour de nombreux participants ou premier test en vue de leur participation \u00e0 l\u2019un des nombreux marathons quelques semaines plus tard (notamment ceux de Bordeaux, Marseille, Paris ou encore Nantes qui arrivent \u00e0 grands pas).<\/p>\n<p style=\"text-align: justify;\">Pour cette 26<sup>\u00e8me<\/sup> \u00e9dition du \u00ab\u00a0Fitbit Semi de Paris\u00a0\u00bb, le succ\u00e8s fut une nouvelle fois au rendez-vous. Plus de 36 000 finishers ont parcouru les quelques 21,097 kilom\u00e8tres dans les rues parisiennes, malgr\u00e9 des conditions climatiques encore une fois bien compliqu\u00e9es, \u00e0 la fois fra\u00eeches et pluvieuses. \u00ab\u00a0Niveau m\u00e9t\u00e9o, c\u2019\u00e9tait presque mieux que l\u2019an dernier, m\u00eame s\u2019il faisait vraiment froid\u00a0\u00bb nous confie Mathilde, elle qui a boucl\u00e9 son semi-marathon en moins de deux heures.<\/p>\n<div id=\"attachment_13802\" style=\"width: 670px\" class=\"wp-caption aligncenter\"><img loading=\"lazy\" decoding=\"async\" aria-describedby=\"caption-attachment-13802\" class=\"size-large wp-image-13802\" src=\"http:\/\/dicodusport.fr\/blog\/wp-content\/uploads\/2018\/03\/Une-me\u0301te\u0301o-encore-bien-capricieuse-cette-anne\u0301e-au-22Fitbit-Semi-de-Paris22-ASO-1024x683.jpeg\" alt=\"\" width=\"660\" height=\"440\" srcset=\"https:\/\/dicodusport.fr\/blog\/wp-content\/uploads\/2018\/03\/Une-me\u0301te\u0301o-encore-bien-capricieuse-cette-anne\u0301e-au-22Fitbit-Semi-de-Paris22-ASO-1024x683.jpeg 1024w, https:\/\/dicodusport.fr\/blog\/wp-content\/uploads\/2018\/03\/Une-me\u0301te\u0301o-encore-bien-capricieuse-cette-anne\u0301e-au-22Fitbit-Semi-de-Paris22-ASO-300x200.jpeg 300w, https:\/\/dicodusport.fr\/blog\/wp-content\/uploads\/2018\/03\/Une-me\u0301te\u0301o-encore-bien-capricieuse-cette-anne\u0301e-au-22Fitbit-Semi-de-Paris22-ASO-768x512.jpeg 768w, https:\/\/dicodusport.fr\/blog\/wp-content\/uploads\/2018\/03\/Une-me\u0301te\u0301o-encore-bien-capricieuse-cette-anne\u0301e-au-22Fitbit-Semi-de-Paris22-ASO.jpeg 1500w\" sizes=\"auto, (max-width: 660px) 100vw, 660px\" \/><p id=\"caption-attachment-13802\" class=\"wp-caption-text\">Une me\u0301te\u0301o encore bien capricieuse cette anne\u0301e au \u00ab\u00a0Fitbit Semi de Paris\u00a0\u00bb &#8211; ASO<\/p><\/div>\n<p style=\"text-align: justify;\">Bien que de plus en plus populaire et accessible \u00e0 un nombre grandissant d\u2019amateurs, le \u00ab\u00a0Fitbit Semi de Paris\u00a0\u00bb version 2018 fut une nouvelle fois l\u2019occasion d\u2019une explication entre costauds. A ce jeu-l\u00e0, le Kenyan Evans Cheruiyot fut le meilleur et s\u2019impose en 1h01devant son compatriote Evans Kurui et l\u2019Ethiopien Hailu Gizachew. La domination du Kenya se confirme \u00e9galement chez les femmes puisque Antonina Kwambai s\u2019impose elle en 1h08 (onzi\u00e8me temps au classement g\u00e9n\u00e9ral).<\/p>\n<div id=\"attachment_13803\" style=\"width: 670px\" class=\"wp-caption aligncenter\"><img loading=\"lazy\" decoding=\"async\" aria-describedby=\"caption-attachment-13803\" class=\"size-large wp-image-13803\" src=\"http:\/\/dicodusport.fr\/blog\/wp-content\/uploads\/2018\/03\/Evans-Cheruiyot-simpose-sur-cette-e\u0301dition-2018-ASO-1024x683.jpeg\" alt=\"\" width=\"660\" height=\"440\" srcset=\"https:\/\/dicodusport.fr\/blog\/wp-content\/uploads\/2018\/03\/Evans-Cheruiyot-simpose-sur-cette-e\u0301dition-2018-ASO-1024x683.jpeg 1024w, https:\/\/dicodusport.fr\/blog\/wp-content\/uploads\/2018\/03\/Evans-Cheruiyot-simpose-sur-cette-e\u0301dition-2018-ASO-300x200.jpeg 300w, https:\/\/dicodusport.fr\/blog\/wp-content\/uploads\/2018\/03\/Evans-Cheruiyot-simpose-sur-cette-e\u0301dition-2018-ASO-768x512.jpeg 768w, https:\/\/dicodusport.fr\/blog\/wp-content\/uploads\/2018\/03\/Evans-Cheruiyot-simpose-sur-cette-e\u0301dition-2018-ASO.jpeg 1500w\" sizes=\"auto, (max-width: 660px) 100vw, 660px\" \/><p id=\"caption-attachment-13803\" class=\"wp-caption-text\">Evans Cheruiyot s&rsquo;impose sur cette e\u0301dition 2018 &#8211; ASO<\/p><\/div>\n<p style=\"text-align: justify;\">Prochain grand rendez-vous running au c\u0153ur de la capitale\u00a0: le Schneider Electric Marathon de Paris qui aura lieu le dimanche 8 avril prochain, avec cette fois, plus de 55 000 participants attendus.<strong><em>\u00a0<\/em><\/strong><\/p>\n<p><strong><em>Bastien Pitte<br \/>\n<a href=\"https:\/\/www.facebook.com\/bastien.pitte\" target=\"_blank\" rel=\"noopener\"><img loading=\"lazy\" decoding=\"async\" class=\"alignnone wp-image-2909\" src=\"http:\/\/dicodusport.fr\/blog\/wp-content\/uploads\/2017\/07\/logo-facebook-150x150.png\" alt=\"\" width=\"39\" height=\"39\" \/><\/a><\/em><\/strong><a href=\"https:\/\/www.linkedin.com\/in\/bastien-pitte\" target=\"_blank\" rel=\"noopener\"><img loading=\"lazy\" decoding=\"async\" class=\"alignnone wp-image-3711\" src=\"http:\/\/dicodusport.fr\/blog\/wp-content\/uploads\/2017\/08\/signature-linkedin-150x150.png\" alt=\"\" width=\"39\" height=\"39\" srcset=\"https:\/\/dicodusport.fr\/blog\/wp-content\/uploads\/2017\/08\/signature-linkedin-150x150.png 150w, https:\/\/dicodusport.fr\/blog\/wp-content\/uploads\/2017\/08\/signature-linkedin.png 295w\" sizes=\"auto, (max-width: 39px) 100vw, 39px\" \/><\/a><\/p>\n","protected":false},"excerpt":{"rendered":"<p>C\u2019est ce dimanche qu\u2019a eu lieu la 26\u00e8me \u00e9dition du \u00ab\u00a0Fitbit Semi de Paris\u00a0\u00bb dans les rues de la capitale. Une nouvelle fois, cet \u00e9v\u00e8nement a rassembl\u00e9 un grand nombre d\u2019amoureux de la course \u00e0 pied.<\/p>\n","protected":false},"author":28,"featured_media":13814,"comment_status":"open","ping_status":"closed","sticky":false,"template":"","format":"standard","meta":{"_acf_changed":false,"_daextam_enable_autolinks":"","footnotes":""},"categories":[2,2308],"tags":[349,429,352,889],"class_list":["post-13801","post","type-post","status-publish","format-standard","has-post-thumbnail","hentry","category-actualites","category-athletisme","tag-course-a-pied","tag-paris","tag-running","tag-semi-marathon"],"acf":[],"yoast_head":"<!-- This site is optimized with the Yoast SEO Premium plugin v26.7 (Yoast SEO v26.7) - https:\/\/yoast.com\/wordpress\/plugins\/seo\/ -->\n<title>&quot;Fitbit Semi de Paris&quot; : une \u00e9dition 2018 \u00e0 succ\u00e8s<\/title>\n<meta name=\"description\" content=\"C\u2019est ce dimanche qu\u2019a eu lieu la 26\u00e8me \u00e9dition du \u00ab\u00a0Fitbit Semi de Paris\u00a0\u00bb dans les rues de la capitale. Une nouvelle fois, cet \u00e9v\u00e8nement a rassembl\u00e9 un grand nombre d\u2019amoureux de la course \u00e0 pied.\" \/>\n<meta name=\"robots\" content=\"index, follow, max-snippet:-1, max-image-preview:large, max-video-preview:-1\" \/>\n<link rel=\"canonical\" href=\"https:\/\/dicodusport.fr\/blog\/fitbit-semi-de-paris-fete-running-reussie\/\" \/>\n<meta property=\"og:locale\" content=\"fr_FR\" \/>\n<meta property=\"og:type\" content=\"article\" \/>\n<meta property=\"og:title\" content=\"&quot;Fitbit Semi de Paris&quot; : une \u00e9dition 2018 \u00e0 succ\u00e8s\" \/>\n<meta property=\"og:description\" content=\"C\u2019est ce dimanche qu\u2019a eu lieu la 26\u00e8me \u00e9dition du \u00ab\u00a0Fitbit Semi de Paris\u00a0\u00bb dans les rues de la capitale. Une nouvelle fois, cet \u00e9v\u00e8nement a rassembl\u00e9 un grand nombre d\u2019amoureux de la course \u00e0 pied.\" \/>\n<meta property=\"og:url\" content=\"https:\/\/dicodusport.fr\/blog\/fitbit-semi-de-paris-fete-running-reussie\/\" \/>\n<meta property=\"og:site_name\" content=\"Dicodusport\" \/>\n<meta property=\"article:publisher\" content=\"https:\/\/www.facebook.com\/dicodusport\" \/>\n<meta property=\"article:published_time\" content=\"2018-03-05T10:00:37+00:00\" \/>\n<meta property=\"og:image\" content=\"https:\/\/dicodusport.fr\/blog\/wp-content\/uploads\/2018\/03\/Fitbit-Semi-de-Paris.png\" \/>\n\t<meta property=\"og:image:width\" content=\"1200\" \/>\n\t<meta property=\"og:image:height\" content=\"670\" \/>\n\t<meta property=\"og:image:type\" content=\"image\/png\" \/>\n<meta name=\"author\" content=\"Bastien Pitte\" \/>\n<meta name=\"twitter:card\" content=\"summary_large_image\" \/>\n<meta name=\"twitter:creator\" content=\"@dicodusport\" \/>\n<meta name=\"twitter:site\" content=\"@dicodusport\" \/>\n<script type=\"application\/ld+json\" class=\"yoast-schema-graph\">{\"@context\":\"https:\/\/schema.org\",\"@graph\":[{\"@type\":\"NewsArticle\",\"@id\":\"https:\/\/dicodusport.fr\/blog\/fitbit-semi-de-paris-fete-running-reussie\/#article\",\"isPartOf\":{\"@id\":\"https:\/\/dicodusport.fr\/blog\/fitbit-semi-de-paris-fete-running-reussie\/\"},\"author\":{\"name\":\"Bastien Pitte\",\"@id\":\"https:\/\/dicodusport.fr\/blog\/#\/schema\/person\/0d3ca824646a2d0c77bdd7e45230c071\"},\"headline\":\"\u00ab\u00a0Fitbit Semi de Paris\u00a0\u00bb : une \u00e9dition 2018 \u00e0 succ\u00e8s\",\"datePublished\":\"2018-03-05T10:00:37+00:00\",\"mainEntityOfPage\":{\"@id\":\"https:\/\/dicodusport.fr\/blog\/fitbit-semi-de-paris-fete-running-reussie\/\"},\"wordCount\":382,\"commentCount\":0,\"publisher\":{\"@id\":\"https:\/\/dicodusport.fr\/blog\/#organization\"},\"image\":{\"@id\":\"https:\/\/dicodusport.fr\/blog\/fitbit-semi-de-paris-fete-running-reussie\/#primaryimage\"},\"thumbnailUrl\":\"https:\/\/dicodusport.fr\/blog\/wp-content\/uploads\/2018\/03\/Fitbit-Semi-de-Paris.png\",\"keywords\":[\"Course \u00e0 pied\",\"Paris\",\"Running\",\"semi marathon\"],\"articleSection\":[\"Actualit\u00e9s\",\"Athl\u00e9tisme\"],\"inLanguage\":\"fr-FR\",\"potentialAction\":[{\"@type\":\"CommentAction\",\"name\":\"Comment\",\"target\":[\"https:\/\/dicodusport.fr\/blog\/fitbit-semi-de-paris-fete-running-reussie\/#respond\"]}],\"copyrightYear\":\"2018\",\"copyrightHolder\":{\"@id\":\"https:\/\/dicodusport.fr\/blog\/#organization\"}},{\"@type\":\"WebPage\",\"@id\":\"https:\/\/dicodusport.fr\/blog\/fitbit-semi-de-paris-fete-running-reussie\/\",\"url\":\"https:\/\/dicodusport.fr\/blog\/fitbit-semi-de-paris-fete-running-reussie\/\",\"name\":\"\\\"Fitbit Semi de Paris\\\" : une \u00e9dition 2018 \u00e0 succ\u00e8s\",\"isPartOf\":{\"@id\":\"https:\/\/dicodusport.fr\/blog\/#website\"},\"primaryImageOfPage\":{\"@id\":\"https:\/\/dicodusport.fr\/blog\/fitbit-semi-de-paris-fete-running-reussie\/#primaryimage\"},\"image\":{\"@id\":\"https:\/\/dicodusport.fr\/blog\/fitbit-semi-de-paris-fete-running-reussie\/#primaryimage\"},\"thumbnailUrl\":\"https:\/\/dicodusport.fr\/blog\/wp-content\/uploads\/2018\/03\/Fitbit-Semi-de-Paris.png\",\"datePublished\":\"2018-03-05T10:00:37+00:00\",\"description\":\"C\u2019est ce dimanche qu\u2019a eu lieu la 26\u00e8me \u00e9dition du \u00ab\u00a0Fitbit Semi de Paris\u00a0\u00bb dans les rues de la capitale. Une nouvelle fois, cet \u00e9v\u00e8nement a rassembl\u00e9 un grand nombre d\u2019amoureux de la course \u00e0 pied.\",\"breadcrumb\":{\"@id\":\"https:\/\/dicodusport.fr\/blog\/fitbit-semi-de-paris-fete-running-reussie\/#breadcrumb\"},\"inLanguage\":\"fr-FR\",\"potentialAction\":[{\"@type\":\"ReadAction\",\"target\":[\"https:\/\/dicodusport.fr\/blog\/fitbit-semi-de-paris-fete-running-reussie\/\"]}]},{\"@type\":\"ImageObject\",\"inLanguage\":\"fr-FR\",\"@id\":\"https:\/\/dicodusport.fr\/blog\/fitbit-semi-de-paris-fete-running-reussie\/#primaryimage\",\"url\":\"https:\/\/dicodusport.fr\/blog\/wp-content\/uploads\/2018\/03\/Fitbit-Semi-de-Paris.png\",\"contentUrl\":\"https:\/\/dicodusport.fr\/blog\/wp-content\/uploads\/2018\/03\/Fitbit-Semi-de-Paris.png\",\"width\":1200,\"height\":670},{\"@type\":\"BreadcrumbList\",\"@id\":\"https:\/\/dicodusport.fr\/blog\/fitbit-semi-de-paris-fete-running-reussie\/#breadcrumb\",\"itemListElement\":[{\"@type\":\"ListItem\",\"position\":1,\"name\":\"Accueil\",\"item\":\"https:\/\/dicodusport.fr\/blog\/\"},{\"@type\":\"ListItem\",\"position\":2,\"name\":\"\u00ab\u00a0Fitbit Semi de Paris\u00a0\u00bb : une \u00e9dition 2018 \u00e0 succ\u00e8s\"}]},{\"@type\":\"WebSite\",\"@id\":\"https:\/\/dicodusport.fr\/blog\/#website\",\"url\":\"https:\/\/dicodusport.fr\/blog\/\",\"name\":\"Dicodusport\",\"description\":\"L&#039;encyclop\u00e9die de l&#039;actualit\u00e9 sportive\",\"publisher\":{\"@id\":\"https:\/\/dicodusport.fr\/blog\/#organization\"},\"potentialAction\":[{\"@type\":\"SearchAction\",\"target\":{\"@type\":\"EntryPoint\",\"urlTemplate\":\"https:\/\/dicodusport.fr\/blog\/?s={search_term_string}\"},\"query-input\":{\"@type\":\"PropertyValueSpecification\",\"valueRequired\":true,\"valueName\":\"search_term_string\"}}],\"inLanguage\":\"fr-FR\"},{\"@type\":\"NewsMediaOrganization\",\"@id\":\"https:\/\/dicodusport.fr\/blog\/#organization\",\"name\":\"Dicodusport\",\"url\":\"https:\/\/dicodusport.fr\/blog\/\",\"logo\":{\"@type\":\"ImageObject\",\"inLanguage\":\"fr-FR\",\"@id\":\"https:\/\/dicodusport.fr\/blog\/#\/schema\/logo\/image\/\",\"url\":\"https:\/\/dicodusport.fr\/blog\/wp-content\/uploads\/2020\/06\/cropped-LOGO-DICODUSPORT-2020-SANS-FOND-SANS-TEXTE.png\",\"contentUrl\":\"https:\/\/dicodusport.fr\/blog\/wp-content\/uploads\/2020\/06\/cropped-LOGO-DICODUSPORT-2020-SANS-FOND-SANS-TEXTE.png\",\"width\":512,\"height\":512,\"caption\":\"Dicodusport\"},\"image\":{\"@id\":\"https:\/\/dicodusport.fr\/blog\/#\/schema\/logo\/image\/\"},\"sameAs\":[\"https:\/\/www.facebook.com\/dicodusport\",\"https:\/\/x.com\/dicodusport\",\"https:\/\/www.instagram.com\/dicodusport\/\",\"https:\/\/www.youtube.com\/channel\/UC7V2KZ5sd3htJivAbA4ZG3w\"],\"description\":\"Dicodusport est l'encyclop\u00e9die de l'actualit\u00e9 sportive.\",\"email\":\"bonjour@dicodusport.fr\",\"legalName\":\"DICODUSPORT\",\"foundingDate\":\"2018-01-14\",\"vatID\":\"FR71834470973\",\"taxID\":\"83447097300043\",\"numberOfEmployees\":{\"@type\":\"QuantitativeValue\",\"minValue\":\"1\",\"maxValue\":\"10\"}},{\"@type\":\"Person\",\"@id\":\"https:\/\/dicodusport.fr\/blog\/#\/schema\/person\/0d3ca824646a2d0c77bdd7e45230c071\",\"name\":\"Bastien Pitte\",\"image\":{\"@type\":\"ImageObject\",\"inLanguage\":\"fr-FR\",\"@id\":\"https:\/\/dicodusport.fr\/blog\/#\/schema\/person\/image\/\",\"url\":\"https:\/\/dicodusport.fr\/blog\/wp-content\/uploads\/2020\/06\/cropped-LOGO-DICODUSPORT-2020-SANS-FOND-SANS-TEXTE-150x150.png\",\"contentUrl\":\"https:\/\/dicodusport.fr\/blog\/wp-content\/uploads\/2020\/06\/cropped-LOGO-DICODUSPORT-2020-SANS-FOND-SANS-TEXTE-150x150.png\",\"caption\":\"Bastien Pitte\"},\"url\":\"https:\/\/dicodusport.fr\/blog\/author\/bastien\/\"}]}<\/script>\n<!-- \/ Yoast SEO Premium plugin. -->","yoast_head_json":{"title":"\"Fitbit Semi de Paris\" : une \u00e9dition 2018 \u00e0 succ\u00e8s","description":"C\u2019est ce dimanche qu\u2019a eu lieu la 26\u00e8me \u00e9dition du \u00ab\u00a0Fitbit Semi de Paris\u00a0\u00bb dans les rues de la capitale. Une nouvelle fois, cet \u00e9v\u00e8nement a rassembl\u00e9 un grand nombre d\u2019amoureux de la course \u00e0 pied.","robots":{"index":"index","follow":"follow","max-snippet":"max-snippet:-1","max-image-preview":"max-image-preview:large","max-video-preview":"max-video-preview:-1"},"canonical":"https:\/\/dicodusport.fr\/blog\/fitbit-semi-de-paris-fete-running-reussie\/","og_locale":"fr_FR","og_type":"article","og_title":"\"Fitbit Semi de Paris\" : une \u00e9dition 2018 \u00e0 succ\u00e8s","og_description":"C\u2019est ce dimanche qu\u2019a eu lieu la 26\u00e8me \u00e9dition du \u00ab\u00a0Fitbit Semi de Paris\u00a0\u00bb dans les rues de la capitale. Une nouvelle fois, cet \u00e9v\u00e8nement a rassembl\u00e9 un grand nombre d\u2019amoureux de la course \u00e0 pied.","og_url":"https:\/\/dicodusport.fr\/blog\/fitbit-semi-de-paris-fete-running-reussie\/","og_site_name":"Dicodusport","article_publisher":"https:\/\/www.facebook.com\/dicodusport","article_published_time":"2018-03-05T10:00:37+00:00","og_image":[{"width":1200,"height":670,"url":"https:\/\/dicodusport.fr\/blog\/wp-content\/uploads\/2018\/03\/Fitbit-Semi-de-Paris.png","type":"image\/png"}],"author":"Bastien Pitte","twitter_card":"summary_large_image","twitter_creator":"@dicodusport","twitter_site":"@dicodusport","schema":{"@context":"https:\/\/schema.org","@graph":[{"@type":"NewsArticle","@id":"https:\/\/dicodusport.fr\/blog\/fitbit-semi-de-paris-fete-running-reussie\/#article","isPartOf":{"@id":"https:\/\/dicodusport.fr\/blog\/fitbit-semi-de-paris-fete-running-reussie\/"},"author":{"name":"Bastien Pitte","@id":"https:\/\/dicodusport.fr\/blog\/#\/schema\/person\/0d3ca824646a2d0c77bdd7e45230c071"},"headline":"\u00ab\u00a0Fitbit Semi de Paris\u00a0\u00bb : une \u00e9dition 2018 \u00e0 succ\u00e8s","datePublished":"2018-03-05T10:00:37+00:00","mainEntityOfPage":{"@id":"https:\/\/dicodusport.fr\/blog\/fitbit-semi-de-paris-fete-running-reussie\/"},"wordCount":382,"commentCount":0,"publisher":{"@id":"https:\/\/dicodusport.fr\/blog\/#organization"},"image":{"@id":"https:\/\/dicodusport.fr\/blog\/fitbit-semi-de-paris-fete-running-reussie\/#primaryimage"},"thumbnailUrl":"https:\/\/dicodusport.fr\/blog\/wp-content\/uploads\/2018\/03\/Fitbit-Semi-de-Paris.png","keywords":["Course \u00e0 pied","Paris","Running","semi marathon"],"articleSection":["Actualit\u00e9s","Athl\u00e9tisme"],"inLanguage":"fr-FR","potentialAction":[{"@type":"CommentAction","name":"Comment","target":["https:\/\/dicodusport.fr\/blog\/fitbit-semi-de-paris-fete-running-reussie\/#respond"]}],"copyrightYear":"2018","copyrightHolder":{"@id":"https:\/\/dicodusport.fr\/blog\/#organization"}},{"@type":"WebPage","@id":"https:\/\/dicodusport.fr\/blog\/fitbit-semi-de-paris-fete-running-reussie\/","url":"https:\/\/dicodusport.fr\/blog\/fitbit-semi-de-paris-fete-running-reussie\/","name":"\"Fitbit Semi de Paris\" : une \u00e9dition 2018 \u00e0 succ\u00e8s","isPartOf":{"@id":"https:\/\/dicodusport.fr\/blog\/#website"},"primaryImageOfPage":{"@id":"https:\/\/dicodusport.fr\/blog\/fitbit-semi-de-paris-fete-running-reussie\/#primaryimage"},"image":{"@id":"https:\/\/dicodusport.fr\/blog\/fitbit-semi-de-paris-fete-running-reussie\/#primaryimage"},"thumbnailUrl":"https:\/\/dicodusport.fr\/blog\/wp-content\/uploads\/2018\/03\/Fitbit-Semi-de-Paris.png","datePublished":"2018-03-05T10:00:37+00:00","description":"C\u2019est ce dimanche qu\u2019a eu lieu la 26\u00e8me \u00e9dition du \u00ab\u00a0Fitbit Semi de Paris\u00a0\u00bb dans les rues de la capitale. Une nouvelle fois, cet \u00e9v\u00e8nement a rassembl\u00e9 un grand nombre d\u2019amoureux de la course \u00e0 pied.","breadcrumb":{"@id":"https:\/\/dicodusport.fr\/blog\/fitbit-semi-de-paris-fete-running-reussie\/#breadcrumb"},"inLanguage":"fr-FR","potentialAction":[{"@type":"ReadAction","target":["https:\/\/dicodusport.fr\/blog\/fitbit-semi-de-paris-fete-running-reussie\/"]}]},{"@type":"ImageObject","inLanguage":"fr-FR","@id":"https:\/\/dicodusport.fr\/blog\/fitbit-semi-de-paris-fete-running-reussie\/#primaryimage","url":"https:\/\/dicodusport.fr\/blog\/wp-content\/uploads\/2018\/03\/Fitbit-Semi-de-Paris.png","contentUrl":"https:\/\/dicodusport.fr\/blog\/wp-content\/uploads\/2018\/03\/Fitbit-Semi-de-Paris.png","width":1200,"height":670},{"@type":"BreadcrumbList","@id":"https:\/\/dicodusport.fr\/blog\/fitbit-semi-de-paris-fete-running-reussie\/#breadcrumb","itemListElement":[{"@type":"ListItem","position":1,"name":"Accueil","item":"https:\/\/dicodusport.fr\/blog\/"},{"@type":"ListItem","position":2,"name":"\u00ab\u00a0Fitbit Semi de Paris\u00a0\u00bb : une \u00e9dition 2018 \u00e0 succ\u00e8s"}]},{"@type":"WebSite","@id":"https:\/\/dicodusport.fr\/blog\/#website","url":"https:\/\/dicodusport.fr\/blog\/","name":"Dicodusport","description":"L&#039;encyclop\u00e9die de l&#039;actualit\u00e9 sportive","publisher":{"@id":"https:\/\/dicodusport.fr\/blog\/#organization"},"potentialAction":[{"@type":"SearchAction","target":{"@type":"EntryPoint","urlTemplate":"https:\/\/dicodusport.fr\/blog\/?s={search_term_string}"},"query-input":{"@type":"PropertyValueSpecification","valueRequired":true,"valueName":"search_term_string"}}],"inLanguage":"fr-FR"},{"@type":"NewsMediaOrganization","@id":"https:\/\/dicodusport.fr\/blog\/#organization","name":"Dicodusport","url":"https:\/\/dicodusport.fr\/blog\/","logo":{"@type":"ImageObject","inLanguage":"fr-FR","@id":"https:\/\/dicodusport.fr\/blog\/#\/schema\/logo\/image\/","url":"https:\/\/dicodusport.fr\/blog\/wp-content\/uploads\/2020\/06\/cropped-LOGO-DICODUSPORT-2020-SANS-FOND-SANS-TEXTE.png","contentUrl":"https:\/\/dicodusport.fr\/blog\/wp-content\/uploads\/2020\/06\/cropped-LOGO-DICODUSPORT-2020-SANS-FOND-SANS-TEXTE.png","width":512,"height":512,"caption":"Dicodusport"},"image":{"@id":"https:\/\/dicodusport.fr\/blog\/#\/schema\/logo\/image\/"},"sameAs":["https:\/\/www.facebook.com\/dicodusport","https:\/\/x.com\/dicodusport","https:\/\/www.instagram.com\/dicodusport\/","https:\/\/www.youtube.com\/channel\/UC7V2KZ5sd3htJivAbA4ZG3w"],"description":"Dicodusport est l'encyclop\u00e9die de l'actualit\u00e9 sportive.","email":"bonjour@dicodusport.fr","legalName":"DICODUSPORT","foundingDate":"2018-01-14","vatID":"FR71834470973","taxID":"83447097300043","numberOfEmployees":{"@type":"QuantitativeValue","minValue":"1","maxValue":"10"}},{"@type":"Person","@id":"https:\/\/dicodusport.fr\/blog\/#\/schema\/person\/0d3ca824646a2d0c77bdd7e45230c071","name":"Bastien Pitte","image":{"@type":"ImageObject","inLanguage":"fr-FR","@id":"https:\/\/dicodusport.fr\/blog\/#\/schema\/person\/image\/","url":"https:\/\/dicodusport.fr\/blog\/wp-content\/uploads\/2020\/06\/cropped-LOGO-DICODUSPORT-2020-SANS-FOND-SANS-TEXTE-150x150.png","contentUrl":"https:\/\/dicodusport.fr\/blog\/wp-content\/uploads\/2020\/06\/cropped-LOGO-DICODUSPORT-2020-SANS-FOND-SANS-TEXTE-150x150.png","caption":"Bastien Pitte"},"url":"https:\/\/dicodusport.fr\/blog\/author\/bastien\/"}]}},"_links":{"self":[{"href":"https:\/\/dicodusport.fr\/blog\/wp-json\/wp\/v2\/posts\/13801","targetHints":{"allow":["GET"]}}],"collection":[{"href":"https:\/\/dicodusport.fr\/blog\/wp-json\/wp\/v2\/posts"}],"about":[{"href":"https:\/\/dicodusport.fr\/blog\/wp-json\/wp\/v2\/types\/post"}],"author":[{"embeddable":true,"href":"https:\/\/dicodusport.fr\/blog\/wp-json\/wp\/v2\/users\/28"}],"replies":[{"embeddable":true,"href":"https:\/\/dicodusport.fr\/blog\/wp-json\/wp\/v2\/comments?post=13801"}],"version-history":[{"count":0,"href":"https:\/\/dicodusport.fr\/blog\/wp-json\/wp\/v2\/posts\/13801\/revisions"}],"wp:featuredmedia":[{"embeddable":true,"href":"https:\/\/dicodusport.fr\/blog\/wp-json\/wp\/v2\/media\/13814"}],"wp:attachment":[{"href":"https:\/\/dicodusport.fr\/blog\/wp-json\/wp\/v2\/media?parent=13801"}],"wp:term":[{"taxonomy":"category","embeddable":true,"href":"https:\/\/dicodusport.fr\/blog\/wp-json\/wp\/v2\/categories?post=13801"},{"taxonomy":"post_tag","embeddable":true,"href":"https:\/\/dicodusport.fr\/blog\/wp-json\/wp\/v2\/tags?post=13801"}],"curies":[{"name":"wp","href":"https:\/\/api.w.org\/{rel}","templated":true}]}}