{"id":13816,"date":"2018-03-05T14:00:45","date_gmt":"2018-03-05T13:00:45","guid":{"rendered":"http:\/\/dicodusport.fr\/blog\/?p=13816"},"modified":"2018-03-05T13:02:52","modified_gmt":"2018-03-05T12:02:52","slug":"homme-du-week-end-sebastien-vigier-le-pistard-qui-monte","status":"publish","type":"post","link":"https:\/\/dicodusport.fr\/blog\/homme-du-week-end-sebastien-vigier-le-pistard-qui-monte\/","title":{"rendered":"L&rsquo;homme du week-end : S\u00e9bastien Vigier, le pistard qui monte"},"content":{"rendered":"<p style=\"text-align: justify;\"><strong><em>A 20 ans, le pistard S\u00e9bastien Vigier est entr\u00e9 dans la cour des grands ce week-end, lors des Mondiaux d&rsquo;Apeldoorn (Pays-Bas). D\u00e9j\u00e0 bronz\u00e9 mercredi dernier en vitesse par \u00e9quipes, il a de nouveau d\u00e9croch\u00e9 le bronze hier en vitesse individuelle. Il est notre homme du week-end.<\/em><\/strong><\/p>\n<p style=\"text-align: justify;\">La natif de Palaiseau a du talent \u00e0 revendre. Double champion d&rsquo;Europe l&rsquo;ann\u00e9e derni\u00e8re \u00e0 Berlin, S\u00e9bastien Vigier s&rsquo;affirme comme le nouveau visage de la piste masculine en France. D\u00e9j\u00e0 en bronze en vitesse par \u00e9quipes \u00e0 Hong Kong l&rsquo;an pass\u00e9, il a r\u00e9\u00e9dit\u00e9 le m\u00eame performance en milieu de semaine derni\u00e8re avec ses co\u00e9quipiers Fran\u00e7ois Pervis et Quentin Lafargue. Signe d&rsquo;un caract\u00e8re bien tremp\u00e9 et d&rsquo;une haine de la d\u00e9faite indiscutable, le jeune tricolore est d\u00e9\u00e7u de la m\u00e9daille, alors que ses comp\u00e8res\u00a0en sont alors\u00a0plut\u00f4t satisfaits. Un guerrier dans l&rsquo;\u00e2me, qui a de nouveau d\u00e9montr\u00e9 tout son talent en vitesse individuelle.<\/p>\n<p style=\"text-align: justify;\">Solide, le pensionnaire de l&rsquo;INSEP a d\u00e9roul\u00e9 jusqu&rsquo;en demi-finale, o\u00f9 il f\u00fbt oppos\u00e9 au colosse australien, Matthew Glaetzer, 25 ans. Super puissant, ce dernier n&rsquo;a laiss\u00e9 aucune chance au Tricolore. Qualifi\u00e9 de <em>\u00ab mobylette \u00bb<\/em> par\u00a0S\u00e9bastien Vigier, l&rsquo;Aussie a pour la petite histoire lamin\u00e9 le Britannique Jack Carlin en finale, deux manches \u00e0 z\u00e9ro. Quant au Fran\u00e7ais, gr\u00e2ce \u00e0 un mental d&rsquo;acier, il a largement domin\u00e9 le v\u00e9t\u00e9ran allemand Maximilian Levy en deux manches\u00a0lors de la\u00a0petite finale, pour s&rsquo;adjuger sa deuxi\u00e8me breloque de la semaine. Si l&rsquo;\u00e9quipe de France\u00a0voulait un nouveau chef de file pour les ann\u00e9es \u00e0 venir, ne cherchez pas plus loin, il s&rsquo;appelle S\u00e9bastien Vigier. Vivement Tokyo en 2020.<\/p>\n<p><em><strong>Flo Ostermann<\/strong><\/em><em><br \/>\n<\/em><a href=\"https:\/\/www.facebook.com\/florent.ostermann\"><img loading=\"lazy\" decoding=\"async\" class=\"alignnone wp-image-2909\" src=\"http:\/\/dicodusport.fr\/blog\/wp-content\/uploads\/2017\/07\/logo-facebook-150x150.png\" alt=\"\" width=\"40\" height=\"40\" \/><\/a><a href=\"https:\/\/twitter.com\/SportInsideMag\"><img loading=\"lazy\" decoding=\"async\" class=\"alignnone wp-image-2908\" src=\"http:\/\/dicodusport.fr\/blog\/wp-content\/uploads\/2017\/07\/logo-twitter-150x150.png\" alt=\"\" width=\"39\" height=\"39\" \/><\/a><\/p>\n<p>&nbsp;<\/p>\n<p>&nbsp;<\/p>\n","protected":false},"excerpt":{"rendered":"<p>A 20 ans, le pistard S\u00e9bastien Vigier est entr\u00e9 dans la cour des grands ce week-end, lors des Mondiaux d&rsquo;Apeldoorn (Pays-Bas). D\u00e9j\u00e0 bronz\u00e9 mercredi dernier en vitesse par \u00e9quipes, il a de nouveau d\u00e9croch\u00e9 le bronze hier en vitesse individuelle. Il est notre homme du week-end.<\/p>\n","protected":false},"author":4,"featured_media":13817,"comment_status":"open","ping_status":"closed","sticky":false,"template":"","format":"standard","meta":{"_acf_changed":false,"_daextam_enable_autolinks":"","footnotes":""},"categories":[2,2307],"tags":[3119,574,1664,1495,2181],"class_list":["post-13816","post","type-post","status-publish","format-standard","has-post-thumbnail","hentry","category-actualites","category-cyclisme","tag-actualite-cyclisme","tag-cyclisme","tag-cyclisme-sur-piste","tag-mondiaux","tag-sebastien-vigier"],"acf":[],"yoast_head":"<!-- This site is optimized with the Yoast SEO Premium plugin v26.7 (Yoast SEO v26.7) - https:\/\/yoast.com\/wordpress\/plugins\/seo\/ -->\n<title>L&#039;homme du week-end : S\u00e9bastien Vigier, le pistard qui monte<\/title>\n<meta name=\"description\" content=\"A 20 ans, le pistard S\u00e9bastien Vigier est entr\u00e9 dans la cour des grands ce week-end, lors des Mondiaux d&#039;Apeldoorn (Pays-Bas). D\u00e9j\u00e0 bronz\u00e9 mercredi dernier en vitesse par \u00e9quipes, il a de nouveau d\u00e9croch\u00e9 le bronze hier en vitesse individuelle. Il est notre homme du week-end.\" \/>\n<meta name=\"robots\" content=\"index, follow, max-snippet:-1, max-image-preview:large, max-video-preview:-1\" \/>\n<link rel=\"canonical\" href=\"https:\/\/dicodusport.fr\/blog\/homme-du-week-end-sebastien-vigier-le-pistard-qui-monte\/\" \/>\n<meta property=\"og:locale\" content=\"fr_FR\" \/>\n<meta property=\"og:type\" content=\"article\" \/>\n<meta property=\"og:title\" content=\"L&#039;homme du week-end : S\u00e9bastien Vigier, le pistard qui monte\" \/>\n<meta property=\"og:description\" content=\"A 20 ans, le pistard S\u00e9bastien Vigier est entr\u00e9 dans la cour des grands ce week-end, lors des Mondiaux d&#039;Apeldoorn (Pays-Bas). D\u00e9j\u00e0 bronz\u00e9 mercredi dernier en vitesse par \u00e9quipes, il a de nouveau d\u00e9croch\u00e9 le bronze hier en vitesse individuelle. Il est notre homme du week-end.\" \/>\n<meta property=\"og:url\" content=\"https:\/\/dicodusport.fr\/blog\/homme-du-week-end-sebastien-vigier-le-pistard-qui-monte\/\" \/>\n<meta property=\"og:site_name\" content=\"Dicodusport\" \/>\n<meta property=\"article:publisher\" content=\"https:\/\/www.facebook.com\/dicodusport\" \/>\n<meta property=\"article:author\" content=\"https:\/\/www.facebook.com\/florent.ostermann\" \/>\n<meta property=\"article:published_time\" content=\"2018-03-05T13:00:45+00:00\" \/>\n<meta property=\"og:image\" content=\"https:\/\/dicodusport.fr\/blog\/wp-content\/uploads\/2018\/03\/S\u00e9bastien-Vigier.png\" \/>\n\t<meta property=\"og:image:width\" content=\"1200\" \/>\n\t<meta property=\"og:image:height\" content=\"670\" \/>\n\t<meta property=\"og:image:type\" content=\"image\/png\" \/>\n<meta name=\"author\" content=\"Flo Ostermann\" \/>\n<meta name=\"twitter:card\" content=\"summary_large_image\" \/>\n<meta name=\"twitter:creator\" content=\"@https:\/\/twitter.com\/FlOstermann\" \/>\n<meta name=\"twitter:site\" content=\"@dicodusport\" \/>\n<script type=\"application\/ld+json\" class=\"yoast-schema-graph\">{\"@context\":\"https:\/\/schema.org\",\"@graph\":[{\"@type\":\"NewsArticle\",\"@id\":\"https:\/\/dicodusport.fr\/blog\/homme-du-week-end-sebastien-vigier-le-pistard-qui-monte\/#article\",\"isPartOf\":{\"@id\":\"https:\/\/dicodusport.fr\/blog\/homme-du-week-end-sebastien-vigier-le-pistard-qui-monte\/\"},\"author\":{\"name\":\"Flo Ostermann\",\"@id\":\"https:\/\/dicodusport.fr\/blog\/#\/schema\/person\/cb02af4c173ce4a653b55e9baf388d4a\"},\"headline\":\"L&rsquo;homme du week-end : S\u00e9bastien Vigier, le pistard qui monte\",\"datePublished\":\"2018-03-05T13:00:45+00:00\",\"mainEntityOfPage\":{\"@id\":\"https:\/\/dicodusport.fr\/blog\/homme-du-week-end-sebastien-vigier-le-pistard-qui-monte\/\"},\"wordCount\":316,\"commentCount\":0,\"publisher\":{\"@id\":\"https:\/\/dicodusport.fr\/blog\/#organization\"},\"image\":{\"@id\":\"https:\/\/dicodusport.fr\/blog\/homme-du-week-end-sebastien-vigier-le-pistard-qui-monte\/#primaryimage\"},\"thumbnailUrl\":\"https:\/\/dicodusport.fr\/blog\/wp-content\/uploads\/2018\/03\/S\u00e9bastien-Vigier.png\",\"keywords\":[\"Actualit\u00e9 Cyclisme\",\"Cyclisme\",\"cyclisme sur piste\",\"mondiaux\",\"S\u00e9bastien Vigier\"],\"articleSection\":[\"Actualit\u00e9s\",\"Cyclisme\"],\"inLanguage\":\"fr-FR\",\"potentialAction\":[{\"@type\":\"CommentAction\",\"name\":\"Comment\",\"target\":[\"https:\/\/dicodusport.fr\/blog\/homme-du-week-end-sebastien-vigier-le-pistard-qui-monte\/#respond\"]}],\"copyrightYear\":\"2018\",\"copyrightHolder\":{\"@id\":\"https:\/\/dicodusport.fr\/blog\/#organization\"}},{\"@type\":\"WebPage\",\"@id\":\"https:\/\/dicodusport.fr\/blog\/homme-du-week-end-sebastien-vigier-le-pistard-qui-monte\/\",\"url\":\"https:\/\/dicodusport.fr\/blog\/homme-du-week-end-sebastien-vigier-le-pistard-qui-monte\/\",\"name\":\"L'homme du week-end : S\u00e9bastien Vigier, le pistard qui monte\",\"isPartOf\":{\"@id\":\"https:\/\/dicodusport.fr\/blog\/#website\"},\"primaryImageOfPage\":{\"@id\":\"https:\/\/dicodusport.fr\/blog\/homme-du-week-end-sebastien-vigier-le-pistard-qui-monte\/#primaryimage\"},\"image\":{\"@id\":\"https:\/\/dicodusport.fr\/blog\/homme-du-week-end-sebastien-vigier-le-pistard-qui-monte\/#primaryimage\"},\"thumbnailUrl\":\"https:\/\/dicodusport.fr\/blog\/wp-content\/uploads\/2018\/03\/S\u00e9bastien-Vigier.png\",\"datePublished\":\"2018-03-05T13:00:45+00:00\",\"description\":\"A 20 ans, le pistard S\u00e9bastien Vigier est entr\u00e9 dans la cour des grands ce week-end, lors des Mondiaux d'Apeldoorn (Pays-Bas). D\u00e9j\u00e0 bronz\u00e9 mercredi dernier en vitesse par \u00e9quipes, il a de nouveau d\u00e9croch\u00e9 le bronze hier en vitesse individuelle. Il est notre homme du week-end.\",\"breadcrumb\":{\"@id\":\"https:\/\/dicodusport.fr\/blog\/homme-du-week-end-sebastien-vigier-le-pistard-qui-monte\/#breadcrumb\"},\"inLanguage\":\"fr-FR\",\"potentialAction\":[{\"@type\":\"ReadAction\",\"target\":[\"https:\/\/dicodusport.fr\/blog\/homme-du-week-end-sebastien-vigier-le-pistard-qui-monte\/\"]}]},{\"@type\":\"ImageObject\",\"inLanguage\":\"fr-FR\",\"@id\":\"https:\/\/dicodusport.fr\/blog\/homme-du-week-end-sebastien-vigier-le-pistard-qui-monte\/#primaryimage\",\"url\":\"https:\/\/dicodusport.fr\/blog\/wp-content\/uploads\/2018\/03\/S\u00e9bastien-Vigier.png\",\"contentUrl\":\"https:\/\/dicodusport.fr\/blog\/wp-content\/uploads\/2018\/03\/S\u00e9bastien-Vigier.png\",\"width\":1200,\"height\":670},{\"@type\":\"BreadcrumbList\",\"@id\":\"https:\/\/dicodusport.fr\/blog\/homme-du-week-end-sebastien-vigier-le-pistard-qui-monte\/#breadcrumb\",\"itemListElement\":[{\"@type\":\"ListItem\",\"position\":1,\"name\":\"Accueil\",\"item\":\"https:\/\/dicodusport.fr\/blog\/\"},{\"@type\":\"ListItem\",\"position\":2,\"name\":\"L&rsquo;homme du week-end : S\u00e9bastien Vigier, le pistard qui monte\"}]},{\"@type\":\"WebSite\",\"@id\":\"https:\/\/dicodusport.fr\/blog\/#website\",\"url\":\"https:\/\/dicodusport.fr\/blog\/\",\"name\":\"Dicodusport\",\"description\":\"L&#039;encyclop\u00e9die de l&#039;actualit\u00e9 sportive\",\"publisher\":{\"@id\":\"https:\/\/dicodusport.fr\/blog\/#organization\"},\"potentialAction\":[{\"@type\":\"SearchAction\",\"target\":{\"@type\":\"EntryPoint\",\"urlTemplate\":\"https:\/\/dicodusport.fr\/blog\/?s={search_term_string}\"},\"query-input\":{\"@type\":\"PropertyValueSpecification\",\"valueRequired\":true,\"valueName\":\"search_term_string\"}}],\"inLanguage\":\"fr-FR\"},{\"@type\":\"NewsMediaOrganization\",\"@id\":\"https:\/\/dicodusport.fr\/blog\/#organization\",\"name\":\"Dicodusport\",\"url\":\"https:\/\/dicodusport.fr\/blog\/\",\"logo\":{\"@type\":\"ImageObject\",\"inLanguage\":\"fr-FR\",\"@id\":\"https:\/\/dicodusport.fr\/blog\/#\/schema\/logo\/image\/\",\"url\":\"https:\/\/dicodusport.fr\/blog\/wp-content\/uploads\/2020\/06\/cropped-LOGO-DICODUSPORT-2020-SANS-FOND-SANS-TEXTE.png\",\"contentUrl\":\"https:\/\/dicodusport.fr\/blog\/wp-content\/uploads\/2020\/06\/cropped-LOGO-DICODUSPORT-2020-SANS-FOND-SANS-TEXTE.png\",\"width\":512,\"height\":512,\"caption\":\"Dicodusport\"},\"image\":{\"@id\":\"https:\/\/dicodusport.fr\/blog\/#\/schema\/logo\/image\/\"},\"sameAs\":[\"https:\/\/www.facebook.com\/dicodusport\",\"https:\/\/x.com\/dicodusport\",\"https:\/\/www.instagram.com\/dicodusport\/\",\"https:\/\/www.youtube.com\/channel\/UC7V2KZ5sd3htJivAbA4ZG3w\"],\"description\":\"Dicodusport est l'encyclop\u00e9die de l'actualit\u00e9 sportive.\",\"email\":\"bonjour@dicodusport.fr\",\"legalName\":\"DICODUSPORT\",\"foundingDate\":\"2018-01-14\",\"vatID\":\"FR71834470973\",\"taxID\":\"83447097300043\",\"numberOfEmployees\":{\"@type\":\"QuantitativeValue\",\"minValue\":\"1\",\"maxValue\":\"10\"}},{\"@type\":\"Person\",\"@id\":\"https:\/\/dicodusport.fr\/blog\/#\/schema\/person\/cb02af4c173ce4a653b55e9baf388d4a\",\"name\":\"Flo Ostermann\",\"image\":{\"@type\":\"ImageObject\",\"inLanguage\":\"fr-FR\",\"@id\":\"https:\/\/dicodusport.fr\/blog\/#\/schema\/person\/image\/\",\"url\":\"https:\/\/dicodusport.fr\/blog\/wp-content\/uploads\/2021\/05\/Flo-Ostermann-150x150.jpg\",\"contentUrl\":\"https:\/\/dicodusport.fr\/blog\/wp-content\/uploads\/2021\/05\/Flo-Ostermann-150x150.jpg\",\"caption\":\"Flo Ostermann\"},\"description\":\"Journaliste\/R\u00e9dacteur depuis septembre 2015 - Mes premiers souvenirs dans le sport ? Les envol\u00e9es du Stade Toulousain et les duels Villeneuve-Schumacher et H\u00e4kkinen-Schumacher \u00e0 la fin des ann\u00e9es 90, la Coupe du monde de football en 1998, l\u2019exploit du XV de France face aux All Blacks en 1999, mais aussi Richard C\u0153ur de Lion qui vole sur les montagnes du Tour de France. Bien parti pour devenir professeur d\u2019EPS, les \u00e9v\u00e9nements de la vie (et la flemme d\u2019animer des s\u00e9ances de 3x500 m\u00e8tres toute ma vie) m\u2019ont conduit \u00e0 revoir mes plans. Me voil\u00e0 depuis fin 2017 sur Dicodusport, m\u00e9dia gr\u00e2ce (et pour) lequel je partage ma passion : le sport dans tous ses \u00e9tats. Le tout accompagn\u00e9 par les fous furieux et folles furieuses cit\u00e9s sur cette page !\",\"sameAs\":[\"https:\/\/www.facebook.com\/florent.ostermann\",\"https:\/\/x.com\/https:\/\/twitter.com\/FlOstermann\",\"admin\"],\"url\":\"https:\/\/dicodusport.fr\/blog\/author\/flo\/\"}]}<\/script>\n<!-- \/ Yoast SEO Premium plugin. -->","yoast_head_json":{"title":"L'homme du week-end : S\u00e9bastien Vigier, le pistard qui monte","description":"A 20 ans, le pistard S\u00e9bastien Vigier est entr\u00e9 dans la cour des grands ce week-end, lors des Mondiaux d'Apeldoorn (Pays-Bas). D\u00e9j\u00e0 bronz\u00e9 mercredi dernier en vitesse par \u00e9quipes, il a de nouveau d\u00e9croch\u00e9 le bronze hier en vitesse individuelle. Il est notre homme du week-end.","robots":{"index":"index","follow":"follow","max-snippet":"max-snippet:-1","max-image-preview":"max-image-preview:large","max-video-preview":"max-video-preview:-1"},"canonical":"https:\/\/dicodusport.fr\/blog\/homme-du-week-end-sebastien-vigier-le-pistard-qui-monte\/","og_locale":"fr_FR","og_type":"article","og_title":"L'homme du week-end : S\u00e9bastien Vigier, le pistard qui monte","og_description":"A 20 ans, le pistard S\u00e9bastien Vigier est entr\u00e9 dans la cour des grands ce week-end, lors des Mondiaux d'Apeldoorn (Pays-Bas). D\u00e9j\u00e0 bronz\u00e9 mercredi dernier en vitesse par \u00e9quipes, il a de nouveau d\u00e9croch\u00e9 le bronze hier en vitesse individuelle. Il est notre homme du week-end.","og_url":"https:\/\/dicodusport.fr\/blog\/homme-du-week-end-sebastien-vigier-le-pistard-qui-monte\/","og_site_name":"Dicodusport","article_publisher":"https:\/\/www.facebook.com\/dicodusport","article_author":"https:\/\/www.facebook.com\/florent.ostermann","article_published_time":"2018-03-05T13:00:45+00:00","og_image":[{"width":1200,"height":670,"url":"https:\/\/dicodusport.fr\/blog\/wp-content\/uploads\/2018\/03\/S\u00e9bastien-Vigier.png","type":"image\/png"}],"author":"Flo Ostermann","twitter_card":"summary_large_image","twitter_creator":"@https:\/\/twitter.com\/FlOstermann","twitter_site":"@dicodusport","schema":{"@context":"https:\/\/schema.org","@graph":[{"@type":"NewsArticle","@id":"https:\/\/dicodusport.fr\/blog\/homme-du-week-end-sebastien-vigier-le-pistard-qui-monte\/#article","isPartOf":{"@id":"https:\/\/dicodusport.fr\/blog\/homme-du-week-end-sebastien-vigier-le-pistard-qui-monte\/"},"author":{"name":"Flo Ostermann","@id":"https:\/\/dicodusport.fr\/blog\/#\/schema\/person\/cb02af4c173ce4a653b55e9baf388d4a"},"headline":"L&rsquo;homme du week-end : S\u00e9bastien Vigier, le pistard qui monte","datePublished":"2018-03-05T13:00:45+00:00","mainEntityOfPage":{"@id":"https:\/\/dicodusport.fr\/blog\/homme-du-week-end-sebastien-vigier-le-pistard-qui-monte\/"},"wordCount":316,"commentCount":0,"publisher":{"@id":"https:\/\/dicodusport.fr\/blog\/#organization"},"image":{"@id":"https:\/\/dicodusport.fr\/blog\/homme-du-week-end-sebastien-vigier-le-pistard-qui-monte\/#primaryimage"},"thumbnailUrl":"https:\/\/dicodusport.fr\/blog\/wp-content\/uploads\/2018\/03\/S\u00e9bastien-Vigier.png","keywords":["Actualit\u00e9 Cyclisme","Cyclisme","cyclisme sur piste","mondiaux","S\u00e9bastien Vigier"],"articleSection":["Actualit\u00e9s","Cyclisme"],"inLanguage":"fr-FR","potentialAction":[{"@type":"CommentAction","name":"Comment","target":["https:\/\/dicodusport.fr\/blog\/homme-du-week-end-sebastien-vigier-le-pistard-qui-monte\/#respond"]}],"copyrightYear":"2018","copyrightHolder":{"@id":"https:\/\/dicodusport.fr\/blog\/#organization"}},{"@type":"WebPage","@id":"https:\/\/dicodusport.fr\/blog\/homme-du-week-end-sebastien-vigier-le-pistard-qui-monte\/","url":"https:\/\/dicodusport.fr\/blog\/homme-du-week-end-sebastien-vigier-le-pistard-qui-monte\/","name":"L'homme du week-end : S\u00e9bastien Vigier, le pistard qui monte","isPartOf":{"@id":"https:\/\/dicodusport.fr\/blog\/#website"},"primaryImageOfPage":{"@id":"https:\/\/dicodusport.fr\/blog\/homme-du-week-end-sebastien-vigier-le-pistard-qui-monte\/#primaryimage"},"image":{"@id":"https:\/\/dicodusport.fr\/blog\/homme-du-week-end-sebastien-vigier-le-pistard-qui-monte\/#primaryimage"},"thumbnailUrl":"https:\/\/dicodusport.fr\/blog\/wp-content\/uploads\/2018\/03\/S\u00e9bastien-Vigier.png","datePublished":"2018-03-05T13:00:45+00:00","description":"A 20 ans, le pistard S\u00e9bastien Vigier est entr\u00e9 dans la cour des grands ce week-end, lors des Mondiaux d'Apeldoorn (Pays-Bas). D\u00e9j\u00e0 bronz\u00e9 mercredi dernier en vitesse par \u00e9quipes, il a de nouveau d\u00e9croch\u00e9 le bronze hier en vitesse individuelle. Il est notre homme du week-end.","breadcrumb":{"@id":"https:\/\/dicodusport.fr\/blog\/homme-du-week-end-sebastien-vigier-le-pistard-qui-monte\/#breadcrumb"},"inLanguage":"fr-FR","potentialAction":[{"@type":"ReadAction","target":["https:\/\/dicodusport.fr\/blog\/homme-du-week-end-sebastien-vigier-le-pistard-qui-monte\/"]}]},{"@type":"ImageObject","inLanguage":"fr-FR","@id":"https:\/\/dicodusport.fr\/blog\/homme-du-week-end-sebastien-vigier-le-pistard-qui-monte\/#primaryimage","url":"https:\/\/dicodusport.fr\/blog\/wp-content\/uploads\/2018\/03\/S\u00e9bastien-Vigier.png","contentUrl":"https:\/\/dicodusport.fr\/blog\/wp-content\/uploads\/2018\/03\/S\u00e9bastien-Vigier.png","width":1200,"height":670},{"@type":"BreadcrumbList","@id":"https:\/\/dicodusport.fr\/blog\/homme-du-week-end-sebastien-vigier-le-pistard-qui-monte\/#breadcrumb","itemListElement":[{"@type":"ListItem","position":1,"name":"Accueil","item":"https:\/\/dicodusport.fr\/blog\/"},{"@type":"ListItem","position":2,"name":"L&rsquo;homme du week-end : S\u00e9bastien Vigier, le pistard qui monte"}]},{"@type":"WebSite","@id":"https:\/\/dicodusport.fr\/blog\/#website","url":"https:\/\/dicodusport.fr\/blog\/","name":"Dicodusport","description":"L&#039;encyclop\u00e9die de l&#039;actualit\u00e9 sportive","publisher":{"@id":"https:\/\/dicodusport.fr\/blog\/#organization"},"potentialAction":[{"@type":"SearchAction","target":{"@type":"EntryPoint","urlTemplate":"https:\/\/dicodusport.fr\/blog\/?s={search_term_string}"},"query-input":{"@type":"PropertyValueSpecification","valueRequired":true,"valueName":"search_term_string"}}],"inLanguage":"fr-FR"},{"@type":"NewsMediaOrganization","@id":"https:\/\/dicodusport.fr\/blog\/#organization","name":"Dicodusport","url":"https:\/\/dicodusport.fr\/blog\/","logo":{"@type":"ImageObject","inLanguage":"fr-FR","@id":"https:\/\/dicodusport.fr\/blog\/#\/schema\/logo\/image\/","url":"https:\/\/dicodusport.fr\/blog\/wp-content\/uploads\/2020\/06\/cropped-LOGO-DICODUSPORT-2020-SANS-FOND-SANS-TEXTE.png","contentUrl":"https:\/\/dicodusport.fr\/blog\/wp-content\/uploads\/2020\/06\/cropped-LOGO-DICODUSPORT-2020-SANS-FOND-SANS-TEXTE.png","width":512,"height":512,"caption":"Dicodusport"},"image":{"@id":"https:\/\/dicodusport.fr\/blog\/#\/schema\/logo\/image\/"},"sameAs":["https:\/\/www.facebook.com\/dicodusport","https:\/\/x.com\/dicodusport","https:\/\/www.instagram.com\/dicodusport\/","https:\/\/www.youtube.com\/channel\/UC7V2KZ5sd3htJivAbA4ZG3w"],"description":"Dicodusport est l'encyclop\u00e9die de l'actualit\u00e9 sportive.","email":"bonjour@dicodusport.fr","legalName":"DICODUSPORT","foundingDate":"2018-01-14","vatID":"FR71834470973","taxID":"83447097300043","numberOfEmployees":{"@type":"QuantitativeValue","minValue":"1","maxValue":"10"}},{"@type":"Person","@id":"https:\/\/dicodusport.fr\/blog\/#\/schema\/person\/cb02af4c173ce4a653b55e9baf388d4a","name":"Flo Ostermann","image":{"@type":"ImageObject","inLanguage":"fr-FR","@id":"https:\/\/dicodusport.fr\/blog\/#\/schema\/person\/image\/","url":"https:\/\/dicodusport.fr\/blog\/wp-content\/uploads\/2021\/05\/Flo-Ostermann-150x150.jpg","contentUrl":"https:\/\/dicodusport.fr\/blog\/wp-content\/uploads\/2021\/05\/Flo-Ostermann-150x150.jpg","caption":"Flo Ostermann"},"description":"Journaliste\/R\u00e9dacteur depuis septembre 2015 - Mes premiers souvenirs dans le sport ? Les envol\u00e9es du Stade Toulousain et les duels Villeneuve-Schumacher et H\u00e4kkinen-Schumacher \u00e0 la fin des ann\u00e9es 90, la Coupe du monde de football en 1998, l\u2019exploit du XV de France face aux All Blacks en 1999, mais aussi Richard C\u0153ur de Lion qui vole sur les montagnes du Tour de France. Bien parti pour devenir professeur d\u2019EPS, les \u00e9v\u00e9nements de la vie (et la flemme d\u2019animer des s\u00e9ances de 3x500 m\u00e8tres toute ma vie) m\u2019ont conduit \u00e0 revoir mes plans. Me voil\u00e0 depuis fin 2017 sur Dicodusport, m\u00e9dia gr\u00e2ce (et pour) lequel je partage ma passion : le sport dans tous ses \u00e9tats. Le tout accompagn\u00e9 par les fous furieux et folles furieuses cit\u00e9s sur cette page !","sameAs":["https:\/\/www.facebook.com\/florent.ostermann","https:\/\/x.com\/https:\/\/twitter.com\/FlOstermann","admin"],"url":"https:\/\/dicodusport.fr\/blog\/author\/flo\/"}]}},"_links":{"self":[{"href":"https:\/\/dicodusport.fr\/blog\/wp-json\/wp\/v2\/posts\/13816","targetHints":{"allow":["GET"]}}],"collection":[{"href":"https:\/\/dicodusport.fr\/blog\/wp-json\/wp\/v2\/posts"}],"about":[{"href":"https:\/\/dicodusport.fr\/blog\/wp-json\/wp\/v2\/types\/post"}],"author":[{"embeddable":true,"href":"https:\/\/dicodusport.fr\/blog\/wp-json\/wp\/v2\/users\/4"}],"replies":[{"embeddable":true,"href":"https:\/\/dicodusport.fr\/blog\/wp-json\/wp\/v2\/comments?post=13816"}],"version-history":[{"count":0,"href":"https:\/\/dicodusport.fr\/blog\/wp-json\/wp\/v2\/posts\/13816\/revisions"}],"wp:featuredmedia":[{"embeddable":true,"href":"https:\/\/dicodusport.fr\/blog\/wp-json\/wp\/v2\/media\/13817"}],"wp:attachment":[{"href":"https:\/\/dicodusport.fr\/blog\/wp-json\/wp\/v2\/media?parent=13816"}],"wp:term":[{"taxonomy":"category","embeddable":true,"href":"https:\/\/dicodusport.fr\/blog\/wp-json\/wp\/v2\/categories?post=13816"},{"taxonomy":"post_tag","embeddable":true,"href":"https:\/\/dicodusport.fr\/blog\/wp-json\/wp\/v2\/tags?post=13816"}],"curies":[{"name":"wp","href":"https:\/\/api.w.org\/{rel}","templated":true}]}}