{"id":138574,"date":"2021-06-13T19:29:31","date_gmt":"2021-06-13T17:29:31","guid":{"rendered":"https:\/\/dicodusport.fr\/blog\/?p=138574&#038;preview=true&#038;preview_id=138574"},"modified":"2021-06-14T13:27:49","modified_gmt":"2021-06-14T11:27:49","slug":"judo-la-france-est-vice-championne-du-monde-par-equipes","status":"publish","type":"post","link":"https:\/\/dicodusport.fr\/blog\/judo-la-france-est-vice-championne-du-monde-par-equipes\/","title":{"rendered":"Judo &#8211; La France est vice-championne du monde par \u00e9quipes"},"content":{"rendered":"<p style=\"text-align: justify;\"><em><strong><a href=\"https:\/\/dicodusport.fr\/blog\/judo-championnats-du-monde-2021-le-programme-complet\/\">JUDO &#8211; CHAMPIONNATS DU MONDE 2021<\/a> &#8211; Comme en 2019, la France est vice-championne du monde. Elle s&rsquo;est inclin\u00e9e en finale face \u00e0 un ind\u00e9boulonnable Japon.<br \/>\n<\/strong><\/em><\/p>\n<h2>Une entr\u00e9e facile<\/h2>\n<p style=\"text-align: justify;\">Dans le tableau D, la France a d&rsquo;abord battu les <strong>Pays-Bas<\/strong> 4-0. <strong>L\u00e9a Fontaine<\/strong> (+70 kg) a battu Karen Stevenson sur ippon. Ensuite, <strong>Cyrille Maret<\/strong> (+90 kg) s&rsquo;est impos\u00e9 face \u00e0 Jur Spijkers. Apr\u00e8s un waza-ari, le Fran\u00e7ais a r\u00e9alis\u00e9 un ippon. Gr\u00e2ce \u00e0 son waza-ari marqu\u00e9 en milieu de combat, <strong>Gaetane Deberdt<\/strong> (-57 kg) s&rsquo;est impos\u00e9e face \u00e0 Okeuni Cornelisse. Pour finir, apr\u00e8s un waza-ari annul\u00e9, <strong>Joan-Benjamin Gaba<\/strong> (-73 kg) en a finalement marqu\u00e9 un pour battre Yannick Van Der Kolk.<\/p>\n<h2>La G\u00e9orgie au bout du bout<\/h2>\n<p style=\"text-align: justify;\"><strong>C\u00e9dric Olivar<\/strong> (+90 kg) a bien lanc\u00e9 les Bleus avec un ippon en moins d&rsquo;une minute face \u00e0 Lasha Bekauri. Apr\u00e8s un waza-ari, Eteri Liparteliani a battu <strong>Gaetane Deberdt<\/strong> (-57 kg) sur ippon. <strong>Joan-Benjamin Gaba<\/strong> (-73 kg) a c\u00e9d\u00e9 au golden score face \u00e0 Nugzari Tatalashvili sur ippon. Apr\u00e8s un waza-ari et alors qu&rsquo;elle dominait le combat, <strong>Marie-\u00c8ve Gahi\u00e9<\/strong> (-70 kg) s&rsquo;est impos\u00e9e sur ippon \u00e0 la toute fin du combat face \u00e0 Mariam Tchanturia. Apr\u00e8s un waza-ari, Avtandili Tchrikishvili s&rsquo;est impos\u00e9 sur ippon face \u00e0 <strong>Francis Damier<\/strong> (-90 kg).<\/p>\n<p style=\"text-align: justify;\">Men\u00e9e 3-2, la France devait remporter le dernier combat. Et c&rsquo;est la jeune <strong>L\u00e9a Fontaine<\/strong> (+70 kg) qui a combattu face \u00e0 Sophio Somkhishvili. Apr\u00e8s un waza-ari, la Fran\u00e7aise s&rsquo;est impos\u00e9e sur ippon. Les deux \u00e9quipes \u00e9tant \u00e0 \u00e9galit\u00e9, il y a eu un tirage au sort et celui-ci a d\u00e9sign\u00e9 la cat\u00e9gorie des -90 kg. Le combat se d\u00e9roulait sous la forme d&rsquo;un golden score. <strong>Francis Damier<\/strong> qui avait \u00e9t\u00e9 battu dans son combat pr\u00e9c\u00e9dent, s&rsquo;est magnifiquement impos\u00e9 sur waza-ari face \u00e0 un Tchrikishvili d\u00e9vast\u00e9.<\/p>\n<h2>Une demi finale bien g\u00e9r\u00e9e<\/h2>\n<p style=\"text-align: justify;\">La France affrontait l&rsquo;<strong>Ouzb\u00e9kistan<\/strong> pour une place en finale.<\/p>\n<p style=\"text-align: justify;\"><strong>Gaetane Deberdt<\/strong> (-57 kg) a bien lanc\u00e9 les Bleus. Au golden score, Shukurjon Aminova a re\u00e7u une troisi\u00e8me p\u00e9nalit\u00e9 pour fausse attaque. Ensuite, <strong>Joan-Benjamin Gaba<\/strong> (-73 kg) s&rsquo;est inclin\u00e9 sur waza-ari face \u00e0 Obidkhon Nomonov. <b>Marie-\u00c8ve Gahi\u00e9<\/b> (-70 kg) a domin\u00e9 son combat face \u00e0 Gulnoza Maniyazova. Si la Fran\u00e7aise pensait avoir marqu\u00e9 un waza-ari sur tani-otoshi, celui-ci a \u00e9t\u00e9 annul\u00e9. Mais loin de se d\u00e9monter, elle a directement r\u00e9alis\u00e9 un ippon derri\u00e8re. <strong>Francis Damier<\/strong> (-90 kg) est all\u00e9 au golden score face \u00e0 Shermukhammad Jandreev. Et alors que le Fran\u00e7ais semblait fatigu\u00e9, il est parvenu \u00e0 marquer un waza-ari sur yoko-guruma. Pour la qualification en finale, <strong>L\u00e9a Fontaine<\/strong> (+70 kg) s&rsquo;est impos\u00e9e face \u00e0 Rinata Ilmatova. La Fran\u00e7aise est bien rentr\u00e9e dans son combat face \u00e0 une Ouzbek qui subissait les attaques. Apr\u00e8s un waza-ari la Fran\u00e7aise a encha\u00een\u00e9 avec une immobilisation.<\/p>\n<h2>Le Japon domine la France<\/h2>\n<p style=\"text-align: justify;\">En finale, la France affrontait le <strong>Japon<\/strong> comme l&rsquo;ann\u00e9e derni\u00e8re. Exempt\u00e9 de premier tour, le Japon a battu l&rsquo;Ukraine puis la Russie 4-0.<\/p>\n<p style=\"text-align: justify;\"><strong>Joan-Benjamin Gaba<\/strong> (-73 kg) a lanc\u00e9 les hostilit\u00e9s face \u00e0 <strong>Soichi Hashimoto<\/strong>. Si le Japonais a tent\u00e9 plus d&rsquo;attaques, il n&rsquo;est pas parvenu \u00e0 marquer et le Fran\u00e7ais a re\u00e7u sa 2e p\u00e9nalit\u00e9 en fin de temps r\u00e9glementaire. Au golden score, malgr\u00e9 une bonne opposition, Gaba ne trouvait pas de solution. Et apr\u00e8s 1 minute 48, il a re\u00e7u sa 3e p\u00e9nalit\u00e9.<\/p>\n<p style=\"text-align: justify;\"><strong>Marie-\u00c8ve Gahi\u00e9<\/strong> (-70 kg) a ensuite pouss\u00e9 <strong>Saki Niizoe<\/strong> \u00e0 la faute. La Japonaise avait 2 p\u00e9nalit\u00e9s avant les deux derni\u00e8res minutes. Alors que la Fran\u00e7aise semblait avoir le combat en mains, elle s&rsquo;est inclin\u00e9e sur ippon au golden score.<\/p>\n<p style=\"text-align: justify;\">C&rsquo;est ensuite <strong>Francis Damier<\/strong> (-90 kg) qui s&rsquo;est pr\u00e9sent\u00e9 sur le tatami. Face \u00e0 <strong>Kenta Nagasawa<\/strong>, il a re\u00e7u 2 p\u00e9nalit\u00e9s avant le waza-ari du Japonais. Celui-ci a ensuite contr\u00f4l\u00e9 le match pour s&rsquo;imposer.<\/p>\n<p style=\"text-align: justify;\">Dos au mur, la France comptait donc sur<strong> L\u00e9a Fontaine<\/strong> (+70 kg). Face \u00e0 <strong>Maya Akiba<\/strong>, c&rsquo;est une nouvelle fois all\u00e9 au golden score alors que la Fran\u00e7aise avait 2 p\u00e9nalit\u00e9s. Et apr\u00e8s 1 minute 40, Fontaine a re\u00e7u une 3e p\u00e9nalit\u00e9. Le Japon s&rsquo;impose donc 4-0.<\/p>\n<p>Si L\u00e9a Fontaine \u00e9tait extr\u00eamement d\u00e9\u00e7ue apr\u00e8s son combat, cette tr\u00e8s jeune \u00e9quipe de France (19 ans pour Damier et Fontaine, 20 ans pour Gaba et 22 ans pour Deberdt) a montr\u00e9 de tr\u00e8s belles choses tout au long de la journ\u00e9e et a eu une belle attitude malgr\u00e9 les diff\u00e9rents r\u00e9sultats en individuel.<\/p>\n<blockquote class=\"twitter-tweet\">\n<p dir=\"ltr\" lang=\"fr\">, .<\/p>\n<p>D\u00e9faite en finale pour cette \u00e9quipe de France qui nous a fait vibrer tout au long de cette journ\u00e9e.<\/p>\n<p>Les Bleus conservent leur titre de vice-champion du monde !<\/p>\n<p>IJF\/S.Gabriela<a href=\"https:\/\/twitter.com\/hashtag\/MeilleursEnsemble?src=hash&amp;ref_src=twsrc%5Etfw\">#MeilleursEnsemble<\/a> <a href=\"https:\/\/t.co\/Tmk3LADGLO\">pic.twitter.com\/Tmk3LADGLO<\/a><\/p>\n<p>\u2014 FF Judo (@ffjudo_officiel) <a href=\"https:\/\/twitter.com\/ffjudo_officiel\/status\/1404126416803930113?ref_src=twsrc%5Etfw\">June 13, 2021<\/a><\/p><\/blockquote>\n<p><script async src=\"https:\/\/platform.twitter.com\/widgets.js\" charset=\"utf-8\"><\/script><\/p>\n","protected":false},"excerpt":{"rendered":"<p>JUDO &#8211; CHAMPIONNATS DU MONDE 2021 &#8211; Comme en 2019, la France est vice-championne du monde. Elle s&rsquo;est inclin\u00e9e en finale face \u00e0 un ind\u00e9boulonnable Japon.<\/p>\n","protected":false},"author":12,"featured_media":138714,"comment_status":"open","ping_status":"closed","sticky":false,"template":"","format":"standard","meta":{"_acf_changed":false,"_daextam_enable_autolinks":"","footnotes":""},"categories":[8651],"tags":[15695,68],"class_list":["post-138574","post","type-post","status-publish","format-standard","has-post-thumbnail","hentry","category-judo","tag-championnats-du-monde-de-judo","tag-judo"],"acf":[],"yoast_head":"<!-- This site is optimized with the Yoast SEO Premium plugin v26.7 (Yoast SEO v26.7) - https:\/\/yoast.com\/wordpress\/plugins\/seo\/ -->\n<title>Judo - La France est vice-championne du monde par \u00e9quipes<\/title>\n<meta name=\"description\" content=\"Comme en 2019, la France est vice-championne du monde. Elle s&#039;est inclin\u00e9e en finale face \u00e0 un ind\u00e9boulonnable Japon.\" \/>\n<meta name=\"robots\" content=\"index, follow, max-snippet:-1, max-image-preview:large, max-video-preview:-1\" \/>\n<link rel=\"canonical\" href=\"https:\/\/dicodusport.fr\/blog\/judo-la-france-est-vice-championne-du-monde-par-equipes\/\" \/>\n<meta property=\"og:locale\" content=\"fr_FR\" \/>\n<meta property=\"og:type\" content=\"article\" \/>\n<meta property=\"og:title\" content=\"Judo - La France est vice-championne du monde par \u00e9quipes\" \/>\n<meta property=\"og:description\" content=\"Comme en 2019, la France est vice-championne du monde. Elle s&#039;est inclin\u00e9e en finale face \u00e0 un ind\u00e9boulonnable Japon.\" \/>\n<meta property=\"og:url\" content=\"https:\/\/dicodusport.fr\/blog\/judo-la-france-est-vice-championne-du-monde-par-equipes\/\" \/>\n<meta property=\"og:site_name\" content=\"Dicodusport\" \/>\n<meta property=\"article:publisher\" content=\"https:\/\/www.facebook.com\/dicodusport\" \/>\n<meta property=\"article:published_time\" content=\"2021-06-13T17:29:31+00:00\" \/>\n<meta property=\"article:modified_time\" content=\"2021-06-14T11:27:49+00:00\" \/>\n<meta property=\"og:image\" content=\"https:\/\/dicodusport.fr\/blog\/wp-content\/uploads\/2021\/06\/Judo-La-France-est-vice-championne-du-monde-par-equipes.jpg\" \/>\n\t<meta property=\"og:image:width\" content=\"800\" \/>\n\t<meta property=\"og:image:height\" content=\"445\" \/>\n\t<meta property=\"og:image:type\" content=\"image\/jpeg\" \/>\n<meta name=\"author\" content=\"Arlette Yeye\" \/>\n<meta name=\"twitter:card\" content=\"summary_large_image\" \/>\n<meta name=\"twitter:title\" content=\"Judo - La France est vice-championne du monde par \u00e9quipes\" \/>\n<meta name=\"twitter:creator\" content=\"@https:\/\/twitter.com\/Shiclette94\" \/>\n<meta name=\"twitter:site\" content=\"@dicodusport\" \/>\n<script type=\"application\/ld+json\" class=\"yoast-schema-graph\">{\"@context\":\"https:\/\/schema.org\",\"@graph\":[{\"@type\":\"NewsArticle\",\"@id\":\"https:\/\/dicodusport.fr\/blog\/judo-la-france-est-vice-championne-du-monde-par-equipes\/#article\",\"isPartOf\":{\"@id\":\"https:\/\/dicodusport.fr\/blog\/judo-la-france-est-vice-championne-du-monde-par-equipes\/\"},\"author\":{\"name\":\"Arlette Yeye\",\"@id\":\"https:\/\/dicodusport.fr\/blog\/#\/schema\/person\/cce96fa88785bd8573e3d43078ac8c79\"},\"headline\":\"Judo &#8211; La France est vice-championne du monde par \u00e9quipes\",\"datePublished\":\"2021-06-13T17:29:31+00:00\",\"dateModified\":\"2021-06-14T11:27:49+00:00\",\"mainEntityOfPage\":{\"@id\":\"https:\/\/dicodusport.fr\/blog\/judo-la-france-est-vice-championne-du-monde-par-equipes\/\"},\"wordCount\":838,\"commentCount\":0,\"publisher\":{\"@id\":\"https:\/\/dicodusport.fr\/blog\/#organization\"},\"image\":{\"@id\":\"https:\/\/dicodusport.fr\/blog\/judo-la-france-est-vice-championne-du-monde-par-equipes\/#primaryimage\"},\"thumbnailUrl\":\"https:\/\/dicodusport.fr\/blog\/wp-content\/uploads\/2021\/06\/Judo-La-France-est-vice-championne-du-monde-par-equipes.jpg\",\"keywords\":[\"championnats du monde de judo\",\"Judo\"],\"articleSection\":[\"Judo\"],\"inLanguage\":\"fr-FR\",\"potentialAction\":[{\"@type\":\"CommentAction\",\"name\":\"Comment\",\"target\":[\"https:\/\/dicodusport.fr\/blog\/judo-la-france-est-vice-championne-du-monde-par-equipes\/#respond\"]}],\"copyrightYear\":\"2021\",\"copyrightHolder\":{\"@id\":\"https:\/\/dicodusport.fr\/blog\/#organization\"}},{\"@type\":\"WebPage\",\"@id\":\"https:\/\/dicodusport.fr\/blog\/judo-la-france-est-vice-championne-du-monde-par-equipes\/\",\"url\":\"https:\/\/dicodusport.fr\/blog\/judo-la-france-est-vice-championne-du-monde-par-equipes\/\",\"name\":\"Judo - La France est vice-championne du monde par \u00e9quipes\",\"isPartOf\":{\"@id\":\"https:\/\/dicodusport.fr\/blog\/#website\"},\"primaryImageOfPage\":{\"@id\":\"https:\/\/dicodusport.fr\/blog\/judo-la-france-est-vice-championne-du-monde-par-equipes\/#primaryimage\"},\"image\":{\"@id\":\"https:\/\/dicodusport.fr\/blog\/judo-la-france-est-vice-championne-du-monde-par-equipes\/#primaryimage\"},\"thumbnailUrl\":\"https:\/\/dicodusport.fr\/blog\/wp-content\/uploads\/2021\/06\/Judo-La-France-est-vice-championne-du-monde-par-equipes.jpg\",\"datePublished\":\"2021-06-13T17:29:31+00:00\",\"dateModified\":\"2021-06-14T11:27:49+00:00\",\"description\":\"Comme en 2019, la France est vice-championne du monde. Elle s'est inclin\u00e9e en finale face \u00e0 un ind\u00e9boulonnable Japon.\",\"breadcrumb\":{\"@id\":\"https:\/\/dicodusport.fr\/blog\/judo-la-france-est-vice-championne-du-monde-par-equipes\/#breadcrumb\"},\"inLanguage\":\"fr-FR\",\"potentialAction\":[{\"@type\":\"ReadAction\",\"target\":[\"https:\/\/dicodusport.fr\/blog\/judo-la-france-est-vice-championne-du-monde-par-equipes\/\"]}]},{\"@type\":\"ImageObject\",\"inLanguage\":\"fr-FR\",\"@id\":\"https:\/\/dicodusport.fr\/blog\/judo-la-france-est-vice-championne-du-monde-par-equipes\/#primaryimage\",\"url\":\"https:\/\/dicodusport.fr\/blog\/wp-content\/uploads\/2021\/06\/Judo-La-France-est-vice-championne-du-monde-par-equipes.jpg\",\"contentUrl\":\"https:\/\/dicodusport.fr\/blog\/wp-content\/uploads\/2021\/06\/Judo-La-France-est-vice-championne-du-monde-par-equipes.jpg\",\"width\":800,\"height\":445,\"caption\":\"Judo - La France est vice-championne du monde par \u00e9quipes\"},{\"@type\":\"BreadcrumbList\",\"@id\":\"https:\/\/dicodusport.fr\/blog\/judo-la-france-est-vice-championne-du-monde-par-equipes\/#breadcrumb\",\"itemListElement\":[{\"@type\":\"ListItem\",\"position\":1,\"name\":\"Accueil\",\"item\":\"https:\/\/dicodusport.fr\/blog\/\"},{\"@type\":\"ListItem\",\"position\":2,\"name\":\"Judo &#8211; La France est vice-championne du monde par \u00e9quipes\"}]},{\"@type\":\"WebSite\",\"@id\":\"https:\/\/dicodusport.fr\/blog\/#website\",\"url\":\"https:\/\/dicodusport.fr\/blog\/\",\"name\":\"Dicodusport\",\"description\":\"L&#039;encyclop\u00e9die de l&#039;actualit\u00e9 sportive\",\"publisher\":{\"@id\":\"https:\/\/dicodusport.fr\/blog\/#organization\"},\"potentialAction\":[{\"@type\":\"SearchAction\",\"target\":{\"@type\":\"EntryPoint\",\"urlTemplate\":\"https:\/\/dicodusport.fr\/blog\/?s={search_term_string}\"},\"query-input\":{\"@type\":\"PropertyValueSpecification\",\"valueRequired\":true,\"valueName\":\"search_term_string\"}}],\"inLanguage\":\"fr-FR\"},{\"@type\":\"NewsMediaOrganization\",\"@id\":\"https:\/\/dicodusport.fr\/blog\/#organization\",\"name\":\"Dicodusport\",\"url\":\"https:\/\/dicodusport.fr\/blog\/\",\"logo\":{\"@type\":\"ImageObject\",\"inLanguage\":\"fr-FR\",\"@id\":\"https:\/\/dicodusport.fr\/blog\/#\/schema\/logo\/image\/\",\"url\":\"https:\/\/dicodusport.fr\/blog\/wp-content\/uploads\/2020\/06\/cropped-LOGO-DICODUSPORT-2020-SANS-FOND-SANS-TEXTE.png\",\"contentUrl\":\"https:\/\/dicodusport.fr\/blog\/wp-content\/uploads\/2020\/06\/cropped-LOGO-DICODUSPORT-2020-SANS-FOND-SANS-TEXTE.png\",\"width\":512,\"height\":512,\"caption\":\"Dicodusport\"},\"image\":{\"@id\":\"https:\/\/dicodusport.fr\/blog\/#\/schema\/logo\/image\/\"},\"sameAs\":[\"https:\/\/www.facebook.com\/dicodusport\",\"https:\/\/x.com\/dicodusport\",\"https:\/\/www.instagram.com\/dicodusport\/\",\"https:\/\/www.youtube.com\/channel\/UC7V2KZ5sd3htJivAbA4ZG3w\"],\"description\":\"Dicodusport est l'encyclop\u00e9die de l'actualit\u00e9 sportive.\",\"email\":\"bonjour@dicodusport.fr\",\"legalName\":\"DICODUSPORT\",\"foundingDate\":\"2018-01-14\",\"vatID\":\"FR71834470973\",\"taxID\":\"83447097300043\",\"numberOfEmployees\":{\"@type\":\"QuantitativeValue\",\"minValue\":\"1\",\"maxValue\":\"10\"}},{\"@type\":\"Person\",\"@id\":\"https:\/\/dicodusport.fr\/blog\/#\/schema\/person\/cce96fa88785bd8573e3d43078ac8c79\",\"name\":\"Arlette Yeye\",\"image\":{\"@type\":\"ImageObject\",\"inLanguage\":\"fr-FR\",\"@id\":\"https:\/\/dicodusport.fr\/blog\/#\/schema\/person\/image\/\",\"url\":\"https:\/\/secure.gravatar.com\/avatar\/dca4a6239e6d708e46c45d60e160de6c?s=96&d=wp_user_avatar&r=g\",\"contentUrl\":\"https:\/\/secure.gravatar.com\/avatar\/dca4a6239e6d708e46c45d60e160de6c?s=96&d=wp_user_avatar&r=g\",\"caption\":\"Arlette Yeye\"},\"description\":\"Journaliste\/r\u00e9dactrice depuis septembre 2015 - Supportrice de Chelsea, j'ai pour sports de pr\u00e9dilection le handball, l'athl\u00e9tisme et le tennis. Si je tweete plus vite que mon ombre, vous pouvez aussi me retrouver les week-ends sur les playgrounds de Bruxelles pour un petit foot ou basket entre potes. Parcourir la France, l'Europe et plus si affinit\u00e9s pour suivre mes sportifs pr\u00e9f\u00e9r\u00e9s ? Mon kif ! Et c'est avec plaisir que je partage les r\u00e9sultats des sports populaires mais \u00e9galement plus confidentiels pour Dicodusport.\",\"sameAs\":[\"https:\/\/x.com\/https:\/\/twitter.com\/Shiclette94\"],\"url\":\"https:\/\/dicodusport.fr\/blog\/author\/arlette\/\"}]}<\/script>\n<!-- \/ Yoast SEO Premium plugin. -->","yoast_head_json":{"title":"Judo - La France est vice-championne du monde par \u00e9quipes","description":"Comme en 2019, la France est vice-championne du monde. Elle s'est inclin\u00e9e en finale face \u00e0 un ind\u00e9boulonnable Japon.","robots":{"index":"index","follow":"follow","max-snippet":"max-snippet:-1","max-image-preview":"max-image-preview:large","max-video-preview":"max-video-preview:-1"},"canonical":"https:\/\/dicodusport.fr\/blog\/judo-la-france-est-vice-championne-du-monde-par-equipes\/","og_locale":"fr_FR","og_type":"article","og_title":"Judo - La France est vice-championne du monde par \u00e9quipes","og_description":"Comme en 2019, la France est vice-championne du monde. Elle s'est inclin\u00e9e en finale face \u00e0 un ind\u00e9boulonnable Japon.","og_url":"https:\/\/dicodusport.fr\/blog\/judo-la-france-est-vice-championne-du-monde-par-equipes\/","og_site_name":"Dicodusport","article_publisher":"https:\/\/www.facebook.com\/dicodusport","article_published_time":"2021-06-13T17:29:31+00:00","article_modified_time":"2021-06-14T11:27:49+00:00","og_image":[{"width":800,"height":445,"url":"https:\/\/dicodusport.fr\/blog\/wp-content\/uploads\/2021\/06\/Judo-La-France-est-vice-championne-du-monde-par-equipes.jpg","type":"image\/jpeg"}],"author":"Arlette Yeye","twitter_card":"summary_large_image","twitter_title":"Judo - La France est vice-championne du monde par \u00e9quipes","twitter_creator":"@https:\/\/twitter.com\/Shiclette94","twitter_site":"@dicodusport","schema":{"@context":"https:\/\/schema.org","@graph":[{"@type":"NewsArticle","@id":"https:\/\/dicodusport.fr\/blog\/judo-la-france-est-vice-championne-du-monde-par-equipes\/#article","isPartOf":{"@id":"https:\/\/dicodusport.fr\/blog\/judo-la-france-est-vice-championne-du-monde-par-equipes\/"},"author":{"name":"Arlette Yeye","@id":"https:\/\/dicodusport.fr\/blog\/#\/schema\/person\/cce96fa88785bd8573e3d43078ac8c79"},"headline":"Judo &#8211; La France est vice-championne du monde par \u00e9quipes","datePublished":"2021-06-13T17:29:31+00:00","dateModified":"2021-06-14T11:27:49+00:00","mainEntityOfPage":{"@id":"https:\/\/dicodusport.fr\/blog\/judo-la-france-est-vice-championne-du-monde-par-equipes\/"},"wordCount":838,"commentCount":0,"publisher":{"@id":"https:\/\/dicodusport.fr\/blog\/#organization"},"image":{"@id":"https:\/\/dicodusport.fr\/blog\/judo-la-france-est-vice-championne-du-monde-par-equipes\/#primaryimage"},"thumbnailUrl":"https:\/\/dicodusport.fr\/blog\/wp-content\/uploads\/2021\/06\/Judo-La-France-est-vice-championne-du-monde-par-equipes.jpg","keywords":["championnats du monde de judo","Judo"],"articleSection":["Judo"],"inLanguage":"fr-FR","potentialAction":[{"@type":"CommentAction","name":"Comment","target":["https:\/\/dicodusport.fr\/blog\/judo-la-france-est-vice-championne-du-monde-par-equipes\/#respond"]}],"copyrightYear":"2021","copyrightHolder":{"@id":"https:\/\/dicodusport.fr\/blog\/#organization"}},{"@type":"WebPage","@id":"https:\/\/dicodusport.fr\/blog\/judo-la-france-est-vice-championne-du-monde-par-equipes\/","url":"https:\/\/dicodusport.fr\/blog\/judo-la-france-est-vice-championne-du-monde-par-equipes\/","name":"Judo - La France est vice-championne du monde par \u00e9quipes","isPartOf":{"@id":"https:\/\/dicodusport.fr\/blog\/#website"},"primaryImageOfPage":{"@id":"https:\/\/dicodusport.fr\/blog\/judo-la-france-est-vice-championne-du-monde-par-equipes\/#primaryimage"},"image":{"@id":"https:\/\/dicodusport.fr\/blog\/judo-la-france-est-vice-championne-du-monde-par-equipes\/#primaryimage"},"thumbnailUrl":"https:\/\/dicodusport.fr\/blog\/wp-content\/uploads\/2021\/06\/Judo-La-France-est-vice-championne-du-monde-par-equipes.jpg","datePublished":"2021-06-13T17:29:31+00:00","dateModified":"2021-06-14T11:27:49+00:00","description":"Comme en 2019, la France est vice-championne du monde. Elle s'est inclin\u00e9e en finale face \u00e0 un ind\u00e9boulonnable Japon.","breadcrumb":{"@id":"https:\/\/dicodusport.fr\/blog\/judo-la-france-est-vice-championne-du-monde-par-equipes\/#breadcrumb"},"inLanguage":"fr-FR","potentialAction":[{"@type":"ReadAction","target":["https:\/\/dicodusport.fr\/blog\/judo-la-france-est-vice-championne-du-monde-par-equipes\/"]}]},{"@type":"ImageObject","inLanguage":"fr-FR","@id":"https:\/\/dicodusport.fr\/blog\/judo-la-france-est-vice-championne-du-monde-par-equipes\/#primaryimage","url":"https:\/\/dicodusport.fr\/blog\/wp-content\/uploads\/2021\/06\/Judo-La-France-est-vice-championne-du-monde-par-equipes.jpg","contentUrl":"https:\/\/dicodusport.fr\/blog\/wp-content\/uploads\/2021\/06\/Judo-La-France-est-vice-championne-du-monde-par-equipes.jpg","width":800,"height":445,"caption":"Judo - La France est vice-championne du monde par \u00e9quipes"},{"@type":"BreadcrumbList","@id":"https:\/\/dicodusport.fr\/blog\/judo-la-france-est-vice-championne-du-monde-par-equipes\/#breadcrumb","itemListElement":[{"@type":"ListItem","position":1,"name":"Accueil","item":"https:\/\/dicodusport.fr\/blog\/"},{"@type":"ListItem","position":2,"name":"Judo &#8211; La France est vice-championne du monde par \u00e9quipes"}]},{"@type":"WebSite","@id":"https:\/\/dicodusport.fr\/blog\/#website","url":"https:\/\/dicodusport.fr\/blog\/","name":"Dicodusport","description":"L&#039;encyclop\u00e9die de l&#039;actualit\u00e9 sportive","publisher":{"@id":"https:\/\/dicodusport.fr\/blog\/#organization"},"potentialAction":[{"@type":"SearchAction","target":{"@type":"EntryPoint","urlTemplate":"https:\/\/dicodusport.fr\/blog\/?s={search_term_string}"},"query-input":{"@type":"PropertyValueSpecification","valueRequired":true,"valueName":"search_term_string"}}],"inLanguage":"fr-FR"},{"@type":"NewsMediaOrganization","@id":"https:\/\/dicodusport.fr\/blog\/#organization","name":"Dicodusport","url":"https:\/\/dicodusport.fr\/blog\/","logo":{"@type":"ImageObject","inLanguage":"fr-FR","@id":"https:\/\/dicodusport.fr\/blog\/#\/schema\/logo\/image\/","url":"https:\/\/dicodusport.fr\/blog\/wp-content\/uploads\/2020\/06\/cropped-LOGO-DICODUSPORT-2020-SANS-FOND-SANS-TEXTE.png","contentUrl":"https:\/\/dicodusport.fr\/blog\/wp-content\/uploads\/2020\/06\/cropped-LOGO-DICODUSPORT-2020-SANS-FOND-SANS-TEXTE.png","width":512,"height":512,"caption":"Dicodusport"},"image":{"@id":"https:\/\/dicodusport.fr\/blog\/#\/schema\/logo\/image\/"},"sameAs":["https:\/\/www.facebook.com\/dicodusport","https:\/\/x.com\/dicodusport","https:\/\/www.instagram.com\/dicodusport\/","https:\/\/www.youtube.com\/channel\/UC7V2KZ5sd3htJivAbA4ZG3w"],"description":"Dicodusport est l'encyclop\u00e9die de l'actualit\u00e9 sportive.","email":"bonjour@dicodusport.fr","legalName":"DICODUSPORT","foundingDate":"2018-01-14","vatID":"FR71834470973","taxID":"83447097300043","numberOfEmployees":{"@type":"QuantitativeValue","minValue":"1","maxValue":"10"}},{"@type":"Person","@id":"https:\/\/dicodusport.fr\/blog\/#\/schema\/person\/cce96fa88785bd8573e3d43078ac8c79","name":"Arlette Yeye","image":{"@type":"ImageObject","inLanguage":"fr-FR","@id":"https:\/\/dicodusport.fr\/blog\/#\/schema\/person\/image\/","url":"https:\/\/secure.gravatar.com\/avatar\/dca4a6239e6d708e46c45d60e160de6c?s=96&d=wp_user_avatar&r=g","contentUrl":"https:\/\/secure.gravatar.com\/avatar\/dca4a6239e6d708e46c45d60e160de6c?s=96&d=wp_user_avatar&r=g","caption":"Arlette Yeye"},"description":"Journaliste\/r\u00e9dactrice depuis septembre 2015 - Supportrice de Chelsea, j'ai pour sports de pr\u00e9dilection le handball, l'athl\u00e9tisme et le tennis. Si je tweete plus vite que mon ombre, vous pouvez aussi me retrouver les week-ends sur les playgrounds de Bruxelles pour un petit foot ou basket entre potes. Parcourir la France, l'Europe et plus si affinit\u00e9s pour suivre mes sportifs pr\u00e9f\u00e9r\u00e9s ? Mon kif ! Et c'est avec plaisir que je partage les r\u00e9sultats des sports populaires mais \u00e9galement plus confidentiels pour Dicodusport.","sameAs":["https:\/\/x.com\/https:\/\/twitter.com\/Shiclette94"],"url":"https:\/\/dicodusport.fr\/blog\/author\/arlette\/"}]}},"_links":{"self":[{"href":"https:\/\/dicodusport.fr\/blog\/wp-json\/wp\/v2\/posts\/138574","targetHints":{"allow":["GET"]}}],"collection":[{"href":"https:\/\/dicodusport.fr\/blog\/wp-json\/wp\/v2\/posts"}],"about":[{"href":"https:\/\/dicodusport.fr\/blog\/wp-json\/wp\/v2\/types\/post"}],"author":[{"embeddable":true,"href":"https:\/\/dicodusport.fr\/blog\/wp-json\/wp\/v2\/users\/12"}],"replies":[{"embeddable":true,"href":"https:\/\/dicodusport.fr\/blog\/wp-json\/wp\/v2\/comments?post=138574"}],"version-history":[{"count":0,"href":"https:\/\/dicodusport.fr\/blog\/wp-json\/wp\/v2\/posts\/138574\/revisions"}],"wp:featuredmedia":[{"embeddable":true,"href":"https:\/\/dicodusport.fr\/blog\/wp-json\/wp\/v2\/media\/138714"}],"wp:attachment":[{"href":"https:\/\/dicodusport.fr\/blog\/wp-json\/wp\/v2\/media?parent=138574"}],"wp:term":[{"taxonomy":"category","embeddable":true,"href":"https:\/\/dicodusport.fr\/blog\/wp-json\/wp\/v2\/categories?post=138574"},{"taxonomy":"post_tag","embeddable":true,"href":"https:\/\/dicodusport.fr\/blog\/wp-json\/wp\/v2\/tags?post=138574"}],"curies":[{"name":"wp","href":"https:\/\/api.w.org\/{rel}","templated":true}]}}