{"id":138839,"date":"2021-06-14T08:08:54","date_gmt":"2021-06-14T06:08:54","guid":{"rendered":"https:\/\/dicodusport.fr\/blog\/?p=138839"},"modified":"2021-06-14T08:06:53","modified_gmt":"2021-06-14T06:06:53","slug":"14-juin-2007-tony-parker-sacre-mvp-des-finals-nba","status":"publish","type":"post","link":"https:\/\/dicodusport.fr\/blog\/14-juin-2007-tony-parker-sacre-mvp-des-finals-nba\/","title":{"rendered":"14 juin 2007 : Tony Parker sacr\u00e9 MVP des Finals NBA"},"content":{"rendered":"<p style=\"text-align: justify;\"><em><strong><a href=\"https:\/\/dicodusport.fr\/definition-sport\/basket-ball\/\">BASKET-BALL<\/a> &#8211; Un mois auparavant, <a href=\"https:\/\/dicodusport.fr\/blog\/15-mai-2007-dirk-nowitzki-premier-mvp-europeen\/\">Dirk Nowitzki<\/a> devenait le premier Europ\u00e9en \u00e0 remporter le titre de MVP de la saison r\u00e9guli\u00e8re NBA. En ce 14 juin 2007, c\u2019est Tony Parker qui entre dans l\u2019histoire en devenant le premier joueur du Vieux Continent \u00e0 \u00eatre sacr\u00e9 MVP des Finals.<\/strong><\/em><\/p>\n<h2>\u00c7a s&rsquo;est pass\u00e9 le 14 juin 2007<\/h2>\n<p style=\"text-align: justify;\">Au terme de quatre rencontres parfaitement ma\u00eetris\u00e9es par les <strong>Spurs<\/strong>, le sweep est in\u00e9vitable pour Cleveland. A domicile, les <strong>Cavaliers<\/strong> perdent une nouvelle fois et laissent filer le titre de champion NBA. Et \u00e0 l\u2019instar de <strong>Tim Duncan<\/strong> en 2003 et 2005, <strong>Tony Parker<\/strong> a port\u00e9 son \u00e9quipe sur la totalit\u00e9 de la s\u00e9rie. 27 points pour le premier match, 30 lors du second, le meneur tricolore n\u2019a pas ch\u00f4m\u00e9. Malgr\u00e9 les 25 unit\u00e9s du jeune <strong>LeBron James<\/strong> au retour \u00e0 la Quicken Loans Arena -aujourd\u2019hui Rocket Mortgage FieldHouse- et les 17 \u00ab\u00a0seulement\u00a0\u00bb du Fran\u00e7ais, la formation de <strong>Gregg Popovich<\/strong> s\u2019impose de nouveau lors du Game 3.<\/p>\n<p style=\"text-align: justify;\">3-0, l\u2019ultime rencontre se joue alors \u00e0 un petit point. Un petit point qui envoie la franchise texane et un Tricolore de 25 ans au sommet du basket-ball am\u00e9ricain. Avec une moyenne de 24,5 points, 5 rebonds et plus de 3 passes, <strong>Tony Parker<\/strong> cumule \u00e9galement des stats impressionnantes \u00e0 56% au tir, 57% \u00e0 trois points. Avec ce troisi\u00e8me titre de champion et ce premier de MVP des Finals, le Fran\u00e7ais pose ainsi son nom parmi les plus grands de ce sport.<\/p>\n<p style=\"text-align: justify;\"><strong>Info\u00a0<\/strong>: Encore une premi\u00e8re pour <strong>T.P<\/strong>. En effet, en 2002, il devenait le premier Fran\u00e7ais appel\u00e9 pour le<em> Rookie Challenge<\/em>. L\u2019ann\u00e9e suivante, il \u00e9tait sacr\u00e9 champion NBA, quelque chose qu\u2019aucun Tricolore n\u2019avait non plus r\u00e9alis\u00e9. 2006, premi\u00e8re s\u00e9lection All-Star pour lui, encore du jamais vu du c\u00f4t\u00e9 de l\u2019Hexagone.<\/p>\n","protected":false},"excerpt":{"rendered":"<p>Retour sur le 14 juin 2007, lorsque Tony Parker \u00e9tait sacr\u00e9 champion NBA pour la troisi\u00e8me fois et d\u00e9crochait le titre de MVP des Finals.<\/p>\n","protected":false},"author":18,"featured_media":138849,"comment_status":"open","ping_status":"closed","sticky":false,"template":"","format":"standard","meta":{"_acf_changed":false,"_daextam_enable_autolinks":"","footnotes":""},"categories":[8,10533],"tags":[179,3584,1018],"class_list":["post-138839","post","type-post","status-publish","format-standard","has-post-thumbnail","hentry","category-histoire","category-nba","tag-nba","tag-spurs","tag-tony-parker"],"acf":[],"yoast_head":"<!-- This site is optimized with the Yoast SEO Premium plugin v26.7 (Yoast SEO v26.7) - https:\/\/yoast.com\/wordpress\/plugins\/seo\/ -->\n<title>14 juin 2007 : Tony Parker sacr\u00e9 MVP des Finals NBA<\/title>\n<meta name=\"description\" content=\"Retour sur le 14 juin 2007, lorsque Tony Parker \u00e9tait sacr\u00e9 champion NBA pour la troisi\u00e8me fois et d\u00e9crochait le titre de MVP des Finals.\" \/>\n<meta name=\"robots\" content=\"index, follow, max-snippet:-1, max-image-preview:large, max-video-preview:-1\" \/>\n<link rel=\"canonical\" href=\"https:\/\/dicodusport.fr\/blog\/14-juin-2007-tony-parker-sacre-mvp-des-finals-nba\/\" \/>\n<meta property=\"og:locale\" content=\"fr_FR\" \/>\n<meta property=\"og:type\" content=\"article\" \/>\n<meta property=\"og:title\" content=\"14 juin 2007 : Tony Parker sacr\u00e9 MVP des Finals NBA\" \/>\n<meta property=\"og:description\" content=\"%\" \/>\n<meta property=\"og:url\" content=\"https:\/\/dicodusport.fr\/blog\/14-juin-2007-tony-parker-sacre-mvp-des-finals-nba\/\" \/>\n<meta property=\"og:site_name\" content=\"Dicodusport\" \/>\n<meta property=\"article:publisher\" content=\"https:\/\/www.facebook.com\/dicodusport\" \/>\n<meta property=\"article:author\" content=\"https:\/\/www.facebook.com\/soocube\" \/>\n<meta property=\"article:published_time\" content=\"2021-06-14T06:08:54+00:00\" \/>\n<meta property=\"og:image\" content=\"https:\/\/dicodusport.fr\/blog\/wp-content\/uploads\/2021\/06\/14-juin-2007-Tony-Parker-sacre-MVP-des-Finals-NBA.png\" \/>\n\t<meta property=\"og:image:width\" content=\"800\" \/>\n\t<meta property=\"og:image:height\" content=\"445\" \/>\n\t<meta property=\"og:image:type\" content=\"image\/png\" \/>\n<meta name=\"author\" content=\"Sophie Clapier\" \/>\n<meta name=\"twitter:card\" content=\"summary_large_image\" \/>\n<meta name=\"twitter:title\" content=\"14 juin 2007 : Tony Parker sacr\u00e9 MVP des Finals NBA\" \/>\n<meta name=\"twitter:creator\" content=\"@https:\/\/twitter.com\/soocube\" \/>\n<meta name=\"twitter:site\" content=\"@dicodusport\" \/>\n<script type=\"application\/ld+json\" class=\"yoast-schema-graph\">{\"@context\":\"https:\/\/schema.org\",\"@graph\":[{\"@type\":\"NewsArticle\",\"@id\":\"https:\/\/dicodusport.fr\/blog\/14-juin-2007-tony-parker-sacre-mvp-des-finals-nba\/#article\",\"isPartOf\":{\"@id\":\"https:\/\/dicodusport.fr\/blog\/14-juin-2007-tony-parker-sacre-mvp-des-finals-nba\/\"},\"author\":{\"name\":\"Sophie Clapier\",\"@id\":\"https:\/\/dicodusport.fr\/blog\/#\/schema\/person\/416c975648aca9da8839bdfe333a21c9\"},\"headline\":\"14 juin 2007 : Tony Parker sacr\u00e9 MVP des Finals NBA\",\"datePublished\":\"2021-06-14T06:08:54+00:00\",\"mainEntityOfPage\":{\"@id\":\"https:\/\/dicodusport.fr\/blog\/14-juin-2007-tony-parker-sacre-mvp-des-finals-nba\/\"},\"wordCount\":309,\"commentCount\":0,\"publisher\":{\"@id\":\"https:\/\/dicodusport.fr\/blog\/#organization\"},\"image\":{\"@id\":\"https:\/\/dicodusport.fr\/blog\/14-juin-2007-tony-parker-sacre-mvp-des-finals-nba\/#primaryimage\"},\"thumbnailUrl\":\"https:\/\/dicodusport.fr\/blog\/wp-content\/uploads\/2021\/06\/14-juin-2007-Tony-Parker-sacre-MVP-des-Finals-NBA.png\",\"keywords\":[\"NBA\",\"spurs\",\"Tony Parker\"],\"articleSection\":[\"Histoire\",\"NBA\"],\"inLanguage\":\"fr-FR\",\"potentialAction\":[{\"@type\":\"CommentAction\",\"name\":\"Comment\",\"target\":[\"https:\/\/dicodusport.fr\/blog\/14-juin-2007-tony-parker-sacre-mvp-des-finals-nba\/#respond\"]}],\"copyrightYear\":\"2021\",\"copyrightHolder\":{\"@id\":\"https:\/\/dicodusport.fr\/blog\/#organization\"}},{\"@type\":\"WebPage\",\"@id\":\"https:\/\/dicodusport.fr\/blog\/14-juin-2007-tony-parker-sacre-mvp-des-finals-nba\/\",\"url\":\"https:\/\/dicodusport.fr\/blog\/14-juin-2007-tony-parker-sacre-mvp-des-finals-nba\/\",\"name\":\"14 juin 2007 : Tony Parker sacr\u00e9 MVP des Finals NBA\",\"isPartOf\":{\"@id\":\"https:\/\/dicodusport.fr\/blog\/#website\"},\"primaryImageOfPage\":{\"@id\":\"https:\/\/dicodusport.fr\/blog\/14-juin-2007-tony-parker-sacre-mvp-des-finals-nba\/#primaryimage\"},\"image\":{\"@id\":\"https:\/\/dicodusport.fr\/blog\/14-juin-2007-tony-parker-sacre-mvp-des-finals-nba\/#primaryimage\"},\"thumbnailUrl\":\"https:\/\/dicodusport.fr\/blog\/wp-content\/uploads\/2021\/06\/14-juin-2007-Tony-Parker-sacre-MVP-des-Finals-NBA.png\",\"datePublished\":\"2021-06-14T06:08:54+00:00\",\"description\":\"Retour sur le 14 juin 2007, lorsque Tony Parker \u00e9tait sacr\u00e9 champion NBA pour la troisi\u00e8me fois et d\u00e9crochait le titre de MVP des Finals.\",\"breadcrumb\":{\"@id\":\"https:\/\/dicodusport.fr\/blog\/14-juin-2007-tony-parker-sacre-mvp-des-finals-nba\/#breadcrumb\"},\"inLanguage\":\"fr-FR\",\"potentialAction\":[{\"@type\":\"ReadAction\",\"target\":[\"https:\/\/dicodusport.fr\/blog\/14-juin-2007-tony-parker-sacre-mvp-des-finals-nba\/\"]}]},{\"@type\":\"ImageObject\",\"inLanguage\":\"fr-FR\",\"@id\":\"https:\/\/dicodusport.fr\/blog\/14-juin-2007-tony-parker-sacre-mvp-des-finals-nba\/#primaryimage\",\"url\":\"https:\/\/dicodusport.fr\/blog\/wp-content\/uploads\/2021\/06\/14-juin-2007-Tony-Parker-sacre-MVP-des-Finals-NBA.png\",\"contentUrl\":\"https:\/\/dicodusport.fr\/blog\/wp-content\/uploads\/2021\/06\/14-juin-2007-Tony-Parker-sacre-MVP-des-Finals-NBA.png\",\"width\":800,\"height\":445,\"caption\":\"14 juin 2007 : Tony Parker sacr\u00e9 MVP des Finals NBA\"},{\"@type\":\"BreadcrumbList\",\"@id\":\"https:\/\/dicodusport.fr\/blog\/14-juin-2007-tony-parker-sacre-mvp-des-finals-nba\/#breadcrumb\",\"itemListElement\":[{\"@type\":\"ListItem\",\"position\":1,\"name\":\"Accueil\",\"item\":\"https:\/\/dicodusport.fr\/blog\/\"},{\"@type\":\"ListItem\",\"position\":2,\"name\":\"14 juin 2007 : Tony Parker sacr\u00e9 MVP des Finals NBA\"}]},{\"@type\":\"WebSite\",\"@id\":\"https:\/\/dicodusport.fr\/blog\/#website\",\"url\":\"https:\/\/dicodusport.fr\/blog\/\",\"name\":\"Dicodusport\",\"description\":\"L&#039;encyclop\u00e9die de l&#039;actualit\u00e9 sportive\",\"publisher\":{\"@id\":\"https:\/\/dicodusport.fr\/blog\/#organization\"},\"potentialAction\":[{\"@type\":\"SearchAction\",\"target\":{\"@type\":\"EntryPoint\",\"urlTemplate\":\"https:\/\/dicodusport.fr\/blog\/?s={search_term_string}\"},\"query-input\":{\"@type\":\"PropertyValueSpecification\",\"valueRequired\":true,\"valueName\":\"search_term_string\"}}],\"inLanguage\":\"fr-FR\"},{\"@type\":\"NewsMediaOrganization\",\"@id\":\"https:\/\/dicodusport.fr\/blog\/#organization\",\"name\":\"Dicodusport\",\"url\":\"https:\/\/dicodusport.fr\/blog\/\",\"logo\":{\"@type\":\"ImageObject\",\"inLanguage\":\"fr-FR\",\"@id\":\"https:\/\/dicodusport.fr\/blog\/#\/schema\/logo\/image\/\",\"url\":\"https:\/\/dicodusport.fr\/blog\/wp-content\/uploads\/2020\/06\/cropped-LOGO-DICODUSPORT-2020-SANS-FOND-SANS-TEXTE.png\",\"contentUrl\":\"https:\/\/dicodusport.fr\/blog\/wp-content\/uploads\/2020\/06\/cropped-LOGO-DICODUSPORT-2020-SANS-FOND-SANS-TEXTE.png\",\"width\":512,\"height\":512,\"caption\":\"Dicodusport\"},\"image\":{\"@id\":\"https:\/\/dicodusport.fr\/blog\/#\/schema\/logo\/image\/\"},\"sameAs\":[\"https:\/\/www.facebook.com\/dicodusport\",\"https:\/\/x.com\/dicodusport\",\"https:\/\/www.instagram.com\/dicodusport\/\",\"https:\/\/www.youtube.com\/channel\/UC7V2KZ5sd3htJivAbA4ZG3w\"],\"description\":\"Dicodusport est l'encyclop\u00e9die de l'actualit\u00e9 sportive.\",\"email\":\"bonjour@dicodusport.fr\",\"legalName\":\"DICODUSPORT\",\"foundingDate\":\"2018-01-14\",\"vatID\":\"FR71834470973\",\"taxID\":\"83447097300043\",\"numberOfEmployees\":{\"@type\":\"QuantitativeValue\",\"minValue\":\"1\",\"maxValue\":\"10\"}},{\"@type\":\"Person\",\"@id\":\"https:\/\/dicodusport.fr\/blog\/#\/schema\/person\/416c975648aca9da8839bdfe333a21c9\",\"name\":\"Sophie Clapier\",\"image\":{\"@type\":\"ImageObject\",\"inLanguage\":\"fr-FR\",\"@id\":\"https:\/\/dicodusport.fr\/blog\/#\/schema\/person\/image\/\",\"url\":\"https:\/\/dicodusport.fr\/blog\/wp-content\/uploads\/2021\/05\/Sophie-Clapier-150x150.jpg\",\"contentUrl\":\"https:\/\/dicodusport.fr\/blog\/wp-content\/uploads\/2021\/05\/Sophie-Clapier-150x150.jpg\",\"caption\":\"Sophie Clapier\"},\"description\":\"Journaliste\/r\u00e9dactrice depuis janvier 2016 - Passionn\u00e9e de sport depuis toujours, j\u2019en ai pratiqu\u00e9 quelques-uns. Judo, football, handball ou encore tennis, je n\u2019ai jamais pu me mettre d\u2019accord sur un en particulier. Mais \u00e7a, c\u2019\u00e9tait avant de d\u00e9couvrir le basket, devenu mon sport de pr\u00e9dilection. Les actions NBA, le All-Star Week-end, la fureur des Game 7 pendant les playoffs ou mieux, lors des Finals, this is why we play. Team Spurs T.P, je m\u2019accroche encore \u00e0 Gregg Popovich (don\u2019t leave !). Team chef Curry, je souhaite qu\u2019il finisse aux Warriors (staaaay !). Non, il n\u2019y a pas qu\u2019eux, des petits nouveaux -et des petites nouvelles \u00e9videmment- arrivent chaque jour dans toutes les disciplines et cr\u00e9ent de nouveaux exploits. Alors pour les grands \u00e9v\u00e9nements et comp\u00e9titions internationales, vive les pulsations 240\/minutes et le d\u00e9fibrillateur pas loin, et allez les Bleu(e)s ! C\u2019est s\u00fbr, j\u2019aurai plus vu ma vie sur un terrain de sport, mais \u00e0 d\u00e9faut d\u2019en faire en haut niveau, je le partage avec vous.\",\"sameAs\":[\"https:\/\/www.facebook.com\/soocube\",\"https:\/\/x.com\/https:\/\/twitter.com\/soocube\",\"admin\"],\"url\":\"https:\/\/dicodusport.fr\/blog\/author\/sophie\/\"}]}<\/script>\n<!-- \/ Yoast SEO Premium plugin. -->","yoast_head_json":{"title":"14 juin 2007 : Tony Parker sacr\u00e9 MVP des Finals NBA","description":"Retour sur le 14 juin 2007, lorsque Tony Parker \u00e9tait sacr\u00e9 champion NBA pour la troisi\u00e8me fois et d\u00e9crochait le titre de MVP des Finals.","robots":{"index":"index","follow":"follow","max-snippet":"max-snippet:-1","max-image-preview":"max-image-preview:large","max-video-preview":"max-video-preview:-1"},"canonical":"https:\/\/dicodusport.fr\/blog\/14-juin-2007-tony-parker-sacre-mvp-des-finals-nba\/","og_locale":"fr_FR","og_type":"article","og_title":"14 juin 2007 : Tony Parker sacr\u00e9 MVP des Finals NBA","og_description":"%","og_url":"https:\/\/dicodusport.fr\/blog\/14-juin-2007-tony-parker-sacre-mvp-des-finals-nba\/","og_site_name":"Dicodusport","article_publisher":"https:\/\/www.facebook.com\/dicodusport","article_author":"https:\/\/www.facebook.com\/soocube","article_published_time":"2021-06-14T06:08:54+00:00","og_image":[{"width":800,"height":445,"url":"https:\/\/dicodusport.fr\/blog\/wp-content\/uploads\/2021\/06\/14-juin-2007-Tony-Parker-sacre-MVP-des-Finals-NBA.png","type":"image\/png"}],"author":"Sophie Clapier","twitter_card":"summary_large_image","twitter_title":"14 juin 2007 : Tony Parker sacr\u00e9 MVP des Finals NBA","twitter_creator":"@https:\/\/twitter.com\/soocube","twitter_site":"@dicodusport","schema":{"@context":"https:\/\/schema.org","@graph":[{"@type":"NewsArticle","@id":"https:\/\/dicodusport.fr\/blog\/14-juin-2007-tony-parker-sacre-mvp-des-finals-nba\/#article","isPartOf":{"@id":"https:\/\/dicodusport.fr\/blog\/14-juin-2007-tony-parker-sacre-mvp-des-finals-nba\/"},"author":{"name":"Sophie Clapier","@id":"https:\/\/dicodusport.fr\/blog\/#\/schema\/person\/416c975648aca9da8839bdfe333a21c9"},"headline":"14 juin 2007 : Tony Parker sacr\u00e9 MVP des Finals NBA","datePublished":"2021-06-14T06:08:54+00:00","mainEntityOfPage":{"@id":"https:\/\/dicodusport.fr\/blog\/14-juin-2007-tony-parker-sacre-mvp-des-finals-nba\/"},"wordCount":309,"commentCount":0,"publisher":{"@id":"https:\/\/dicodusport.fr\/blog\/#organization"},"image":{"@id":"https:\/\/dicodusport.fr\/blog\/14-juin-2007-tony-parker-sacre-mvp-des-finals-nba\/#primaryimage"},"thumbnailUrl":"https:\/\/dicodusport.fr\/blog\/wp-content\/uploads\/2021\/06\/14-juin-2007-Tony-Parker-sacre-MVP-des-Finals-NBA.png","keywords":["NBA","spurs","Tony Parker"],"articleSection":["Histoire","NBA"],"inLanguage":"fr-FR","potentialAction":[{"@type":"CommentAction","name":"Comment","target":["https:\/\/dicodusport.fr\/blog\/14-juin-2007-tony-parker-sacre-mvp-des-finals-nba\/#respond"]}],"copyrightYear":"2021","copyrightHolder":{"@id":"https:\/\/dicodusport.fr\/blog\/#organization"}},{"@type":"WebPage","@id":"https:\/\/dicodusport.fr\/blog\/14-juin-2007-tony-parker-sacre-mvp-des-finals-nba\/","url":"https:\/\/dicodusport.fr\/blog\/14-juin-2007-tony-parker-sacre-mvp-des-finals-nba\/","name":"14 juin 2007 : Tony Parker sacr\u00e9 MVP des Finals NBA","isPartOf":{"@id":"https:\/\/dicodusport.fr\/blog\/#website"},"primaryImageOfPage":{"@id":"https:\/\/dicodusport.fr\/blog\/14-juin-2007-tony-parker-sacre-mvp-des-finals-nba\/#primaryimage"},"image":{"@id":"https:\/\/dicodusport.fr\/blog\/14-juin-2007-tony-parker-sacre-mvp-des-finals-nba\/#primaryimage"},"thumbnailUrl":"https:\/\/dicodusport.fr\/blog\/wp-content\/uploads\/2021\/06\/14-juin-2007-Tony-Parker-sacre-MVP-des-Finals-NBA.png","datePublished":"2021-06-14T06:08:54+00:00","description":"Retour sur le 14 juin 2007, lorsque Tony Parker \u00e9tait sacr\u00e9 champion NBA pour la troisi\u00e8me fois et d\u00e9crochait le titre de MVP des Finals.","breadcrumb":{"@id":"https:\/\/dicodusport.fr\/blog\/14-juin-2007-tony-parker-sacre-mvp-des-finals-nba\/#breadcrumb"},"inLanguage":"fr-FR","potentialAction":[{"@type":"ReadAction","target":["https:\/\/dicodusport.fr\/blog\/14-juin-2007-tony-parker-sacre-mvp-des-finals-nba\/"]}]},{"@type":"ImageObject","inLanguage":"fr-FR","@id":"https:\/\/dicodusport.fr\/blog\/14-juin-2007-tony-parker-sacre-mvp-des-finals-nba\/#primaryimage","url":"https:\/\/dicodusport.fr\/blog\/wp-content\/uploads\/2021\/06\/14-juin-2007-Tony-Parker-sacre-MVP-des-Finals-NBA.png","contentUrl":"https:\/\/dicodusport.fr\/blog\/wp-content\/uploads\/2021\/06\/14-juin-2007-Tony-Parker-sacre-MVP-des-Finals-NBA.png","width":800,"height":445,"caption":"14 juin 2007 : Tony Parker sacr\u00e9 MVP des Finals NBA"},{"@type":"BreadcrumbList","@id":"https:\/\/dicodusport.fr\/blog\/14-juin-2007-tony-parker-sacre-mvp-des-finals-nba\/#breadcrumb","itemListElement":[{"@type":"ListItem","position":1,"name":"Accueil","item":"https:\/\/dicodusport.fr\/blog\/"},{"@type":"ListItem","position":2,"name":"14 juin 2007 : Tony Parker sacr\u00e9 MVP des Finals NBA"}]},{"@type":"WebSite","@id":"https:\/\/dicodusport.fr\/blog\/#website","url":"https:\/\/dicodusport.fr\/blog\/","name":"Dicodusport","description":"L&#039;encyclop\u00e9die de l&#039;actualit\u00e9 sportive","publisher":{"@id":"https:\/\/dicodusport.fr\/blog\/#organization"},"potentialAction":[{"@type":"SearchAction","target":{"@type":"EntryPoint","urlTemplate":"https:\/\/dicodusport.fr\/blog\/?s={search_term_string}"},"query-input":{"@type":"PropertyValueSpecification","valueRequired":true,"valueName":"search_term_string"}}],"inLanguage":"fr-FR"},{"@type":"NewsMediaOrganization","@id":"https:\/\/dicodusport.fr\/blog\/#organization","name":"Dicodusport","url":"https:\/\/dicodusport.fr\/blog\/","logo":{"@type":"ImageObject","inLanguage":"fr-FR","@id":"https:\/\/dicodusport.fr\/blog\/#\/schema\/logo\/image\/","url":"https:\/\/dicodusport.fr\/blog\/wp-content\/uploads\/2020\/06\/cropped-LOGO-DICODUSPORT-2020-SANS-FOND-SANS-TEXTE.png","contentUrl":"https:\/\/dicodusport.fr\/blog\/wp-content\/uploads\/2020\/06\/cropped-LOGO-DICODUSPORT-2020-SANS-FOND-SANS-TEXTE.png","width":512,"height":512,"caption":"Dicodusport"},"image":{"@id":"https:\/\/dicodusport.fr\/blog\/#\/schema\/logo\/image\/"},"sameAs":["https:\/\/www.facebook.com\/dicodusport","https:\/\/x.com\/dicodusport","https:\/\/www.instagram.com\/dicodusport\/","https:\/\/www.youtube.com\/channel\/UC7V2KZ5sd3htJivAbA4ZG3w"],"description":"Dicodusport est l'encyclop\u00e9die de l'actualit\u00e9 sportive.","email":"bonjour@dicodusport.fr","legalName":"DICODUSPORT","foundingDate":"2018-01-14","vatID":"FR71834470973","taxID":"83447097300043","numberOfEmployees":{"@type":"QuantitativeValue","minValue":"1","maxValue":"10"}},{"@type":"Person","@id":"https:\/\/dicodusport.fr\/blog\/#\/schema\/person\/416c975648aca9da8839bdfe333a21c9","name":"Sophie Clapier","image":{"@type":"ImageObject","inLanguage":"fr-FR","@id":"https:\/\/dicodusport.fr\/blog\/#\/schema\/person\/image\/","url":"https:\/\/dicodusport.fr\/blog\/wp-content\/uploads\/2021\/05\/Sophie-Clapier-150x150.jpg","contentUrl":"https:\/\/dicodusport.fr\/blog\/wp-content\/uploads\/2021\/05\/Sophie-Clapier-150x150.jpg","caption":"Sophie Clapier"},"description":"Journaliste\/r\u00e9dactrice depuis janvier 2016 - Passionn\u00e9e de sport depuis toujours, j\u2019en ai pratiqu\u00e9 quelques-uns. Judo, football, handball ou encore tennis, je n\u2019ai jamais pu me mettre d\u2019accord sur un en particulier. Mais \u00e7a, c\u2019\u00e9tait avant de d\u00e9couvrir le basket, devenu mon sport de pr\u00e9dilection. Les actions NBA, le All-Star Week-end, la fureur des Game 7 pendant les playoffs ou mieux, lors des Finals, this is why we play. Team Spurs T.P, je m\u2019accroche encore \u00e0 Gregg Popovich (don\u2019t leave !). Team chef Curry, je souhaite qu\u2019il finisse aux Warriors (staaaay !). Non, il n\u2019y a pas qu\u2019eux, des petits nouveaux -et des petites nouvelles \u00e9videmment- arrivent chaque jour dans toutes les disciplines et cr\u00e9ent de nouveaux exploits. Alors pour les grands \u00e9v\u00e9nements et comp\u00e9titions internationales, vive les pulsations 240\/minutes et le d\u00e9fibrillateur pas loin, et allez les Bleu(e)s ! C\u2019est s\u00fbr, j\u2019aurai plus vu ma vie sur un terrain de sport, mais \u00e0 d\u00e9faut d\u2019en faire en haut niveau, je le partage avec vous.","sameAs":["https:\/\/www.facebook.com\/soocube","https:\/\/x.com\/https:\/\/twitter.com\/soocube","admin"],"url":"https:\/\/dicodusport.fr\/blog\/author\/sophie\/"}]}},"_links":{"self":[{"href":"https:\/\/dicodusport.fr\/blog\/wp-json\/wp\/v2\/posts\/138839","targetHints":{"allow":["GET"]}}],"collection":[{"href":"https:\/\/dicodusport.fr\/blog\/wp-json\/wp\/v2\/posts"}],"about":[{"href":"https:\/\/dicodusport.fr\/blog\/wp-json\/wp\/v2\/types\/post"}],"author":[{"embeddable":true,"href":"https:\/\/dicodusport.fr\/blog\/wp-json\/wp\/v2\/users\/18"}],"replies":[{"embeddable":true,"href":"https:\/\/dicodusport.fr\/blog\/wp-json\/wp\/v2\/comments?post=138839"}],"version-history":[{"count":0,"href":"https:\/\/dicodusport.fr\/blog\/wp-json\/wp\/v2\/posts\/138839\/revisions"}],"wp:featuredmedia":[{"embeddable":true,"href":"https:\/\/dicodusport.fr\/blog\/wp-json\/wp\/v2\/media\/138849"}],"wp:attachment":[{"href":"https:\/\/dicodusport.fr\/blog\/wp-json\/wp\/v2\/media?parent=138839"}],"wp:term":[{"taxonomy":"category","embeddable":true,"href":"https:\/\/dicodusport.fr\/blog\/wp-json\/wp\/v2\/categories?post=138839"},{"taxonomy":"post_tag","embeddable":true,"href":"https:\/\/dicodusport.fr\/blog\/wp-json\/wp\/v2\/tags?post=138839"}],"curies":[{"name":"wp","href":"https:\/\/api.w.org\/{rel}","templated":true}]}}