{"id":138938,"date":"2021-06-17T17:50:31","date_gmt":"2021-06-17T15:50:31","guid":{"rendered":"https:\/\/dicodusport.fr\/blog\/?p=138938&#038;preview=true&#038;preview_id=138938"},"modified":"2021-06-19T19:09:51","modified_gmt":"2021-06-19T17:09:51","slug":"cyclisme-sur-route-championnats-de-france-2021-programme-complet","status":"publish","type":"post","link":"https:\/\/dicodusport.fr\/blog\/cyclisme-sur-route-championnats-de-france-2021-programme-complet\/","title":{"rendered":"Cyclisme sur route &#8211; Championnats de France 2021 : le programme complet"},"content":{"rendered":"<p style=\"text-align: justify;\"><strong><em><a href=\"https:\/\/dicodusport.fr\/blog\/actualites\/cyclisme\/\">CYCLISME<\/a> &#8211; Les <a href=\"https:\/\/franceroute2021.ffc.fr\/\" target=\"_blank\" rel=\"nofollow noopener\">championnats de France de cyclisme sur route 2021<\/a> se d\u00e9roulent du jeudi 17 au dimanche 20 juin, \u00e0 \u00c9pinal (Vosges). D\u00e9couvrez le programme complet.<\/em><\/strong><\/p>\n<h2 style=\"text-align: justify;\">Cyclisme sur route : Le programme complet des Championnats de France 2021<\/h2>\n<h3 style=\"text-align: justify;\">Jeudi 17 juin<\/h3>\n<p style=\"text-align: justify;\"><strong>Contre-la-montre &#8211; Femmes \u00c9lite (26,3 km) : Thaon-les-Vosges &#8211; \u00c9pinal<br \/>\n<\/strong><em><a href=\"https:\/\/dicodusport.fr\/blog\/championnats-de-france-audrey-cordon-ragot-sacree-sur-le-chrono\/\">R\u00e9sum\u00e9<\/a> &#8211; <a href=\"https:\/\/dicodusport.fr\/blog\/cyclisme-championnats-de-france-2021-contre-la-montre-femmes-classement\/\">Classement<\/a><\/em><\/p>\n<p style=\"text-align: justify;\">Premier d\u00e9part \u00e0 13h00<br \/>\nDerni\u00e8re arriv\u00e9e vers 14h30<\/p>\n<p style=\"text-align: justify;\"><strong>Contre-la-montre &#8211; Hommes \u00c9lite Professionnels et Amateurs (45,6 km) : Thaon-les-Vosges &#8211; \u00c9pinal<br \/>\n<\/strong><em><a href=\"https:\/\/dicodusport.fr\/blog\/cyclisme-championnats-de-france-benjamin-thomas-gagne-le-titre-du-contre-la-montre\/\">R\u00e9sum\u00e9<\/a> &#8211; <a href=\"https:\/\/dicodusport.fr\/blog\/cyclisme-championnats-de-france-2021-contre-la-montre-hommes-classement\/\">Classement<\/a><\/em><strong><br \/>\n<\/strong><\/p>\n<p style=\"text-align: justify;\">Premier d\u00e9part \u00e0 14h00<br \/>\nDerni\u00e8re arriv\u00e9e vers 17h30<\/p>\n<hr \/>\n<h3 style=\"text-align: justify;\">Samedi 19 juin<\/h3>\n<p style=\"text-align: justify;\"><strong>Course en ligne &#8211; Femmes \u00c9lite (112,4 km) : \u00c9pinal &#8211; \u00c9pinal<br \/>\n<\/strong><em><a href=\"https:\/\/dicodusport.fr\/blog\/cyclisme-championnats-de-france-evita-muzic-sacree\/\">R\u00e9sum\u00e9<\/a> &#8211; <a href=\"https:\/\/dicodusport.fr\/blog\/cyclisme-championnats-de-france-2021-course-en-ligne-femmes-classement\/\">Classement<\/a><\/em><strong><br \/>\n<\/strong><\/p>\n<p style=\"text-align: justify;\">D\u00e9part \u00e0 11h20<br \/>\nArriv\u00e9e \u00e0 14h40 environ<\/p>\n<p style=\"text-align: justify;\"><strong>Course en ligne &#8211; Hommes \u00c9lites Amateurs (170,4 km) : \u00c9pinal &#8211; \u00c9pinal<\/strong><br \/>\nD\u00e9part \u00e0 15h20<br \/>\nArriv\u00e9e \u00e0 19h30 environ<\/p>\n<hr \/>\n<h3 style=\"text-align: justify;\">Dimanche 20 juin<\/h3>\n<p style=\"text-align: justify;\"><strong>Course en ligne &#8211; Hommes \u00c9lite Professionnels (242,9 km) : \u00c9pinal &#8211; \u00c9pinal<br \/>\n<\/strong><em><a href=\"https:\/\/dicodusport.fr\/blog\/cyclisme-championnats-de-france-2021-le-profil-de-la-course-en-ligne-hommes\/\">Profil<\/a> &#8211; <a href=\"https:\/\/dicodusport.fr\/blog\/cyclisme-championnats-de-france-2021-course-en-ligne-hommes-nos-favoris\/\">Nos favoris<\/a><\/em><\/p>\n<p style=\"text-align: justify;\">D\u00e9part \u00e0 10h50<br \/>\nArriv\u00e9e \u00e0 16h50 environ<\/p>\n<ul>\n<li style=\"text-align: justify;\"><strong>\u00c0 lire aussi &#8211; <a href=\"https:\/\/dicodusport.fr\/blog\/cyclisme-championnats-de-france-2021-a-quelle-heure-et-sur-quelle-chaine\/\">Le programme TV des championnats de France de cyclisme sur route 2021<\/a><\/strong><\/li>\n<\/ul>\n<p>&nbsp;<\/p>\n","protected":false},"excerpt":{"rendered":"<p>CYCLISME &#8211; Les championnats de France de cyclisme sur route 2021 se d\u00e9roulent du jeudi 17 au dimanche 20 juin, \u00e0 \u00c9pinal (Vosges). D\u00e9couvrez le programme complet.<\/p>\n","protected":false},"author":4,"featured_media":138942,"comment_status":"open","ping_status":"closed","sticky":false,"template":"","format":"standard","meta":{"_acf_changed":false,"_daextam_enable_autolinks":"","footnotes":""},"categories":[2307],"tags":[574,11197],"class_list":["post-138938","post","type-post","status-publish","format-standard","has-post-thumbnail","hentry","category-cyclisme","tag-cyclisme","tag-cyclisme-sur-route"],"acf":[],"yoast_head":"<!-- This site is optimized with the Yoast SEO Premium plugin v26.7 (Yoast SEO v26.7) - https:\/\/yoast.com\/wordpress\/plugins\/seo\/ -->\n<title>Cyclisme sur route - Championnats de France 2021 : le programme complet<\/title>\n<meta name=\"description\" content=\"CYCLISME - Les championnats de France de cyclisme sur route 2021 se d\u00e9roulent du jeudi 17 au dimanche 20 juin, \u00e0 \u00c9pinal. Le programme complet.\" \/>\n<meta name=\"robots\" content=\"index, follow, max-snippet:-1, max-image-preview:large, max-video-preview:-1\" \/>\n<link rel=\"canonical\" href=\"https:\/\/dicodusport.fr\/blog\/cyclisme-sur-route-championnats-de-france-2021-programme-complet\/\" \/>\n<meta property=\"og:locale\" content=\"fr_FR\" \/>\n<meta property=\"og:type\" content=\"article\" \/>\n<meta property=\"og:title\" content=\"Cyclisme sur route - Championnats de France 2021 : le programme complet\" \/>\n<meta property=\"og:description\" content=\"CYCLISME - Les championnats de France de cyclisme sur route 2021 se d\u00e9roulent du jeudi 17 au dimanche 20 juin, \u00e0 \u00c9pinal. Le programme complet.\" \/>\n<meta property=\"og:url\" content=\"https:\/\/dicodusport.fr\/blog\/cyclisme-sur-route-championnats-de-france-2021-programme-complet\/\" \/>\n<meta property=\"og:site_name\" content=\"Dicodusport\" \/>\n<meta property=\"article:publisher\" content=\"https:\/\/www.facebook.com\/dicodusport\" \/>\n<meta property=\"article:author\" content=\"https:\/\/www.facebook.com\/florent.ostermann\" \/>\n<meta property=\"article:published_time\" content=\"2021-06-17T15:50:31+00:00\" \/>\n<meta property=\"article:modified_time\" content=\"2021-06-19T17:09:51+00:00\" \/>\n<meta property=\"og:image\" content=\"https:\/\/dicodusport.fr\/blog\/wp-content\/uploads\/2021\/06\/Cyclisme-sur-route-Championnats-de-France-2021-Le-programme-complet.png\" \/>\n\t<meta property=\"og:image:width\" content=\"800\" \/>\n\t<meta property=\"og:image:height\" content=\"445\" \/>\n\t<meta property=\"og:image:type\" content=\"image\/png\" \/>\n<meta name=\"author\" content=\"Flo Ostermann\" \/>\n<meta name=\"twitter:card\" content=\"summary_large_image\" \/>\n<meta name=\"twitter:title\" content=\"Cyclisme sur route - Championnats de France 2021 : le programme complet\" \/>\n<meta name=\"twitter:creator\" content=\"@https:\/\/twitter.com\/FlOstermann\" \/>\n<meta name=\"twitter:site\" content=\"@dicodusport\" \/>\n<script type=\"application\/ld+json\" class=\"yoast-schema-graph\">{\"@context\":\"https:\/\/schema.org\",\"@graph\":[{\"@type\":\"NewsArticle\",\"@id\":\"https:\/\/dicodusport.fr\/blog\/cyclisme-sur-route-championnats-de-france-2021-programme-complet\/#article\",\"isPartOf\":{\"@id\":\"https:\/\/dicodusport.fr\/blog\/cyclisme-sur-route-championnats-de-france-2021-programme-complet\/\"},\"author\":{\"name\":\"Flo Ostermann\",\"@id\":\"https:\/\/dicodusport.fr\/blog\/#\/schema\/person\/cb02af4c173ce4a653b55e9baf388d4a\"},\"headline\":\"Cyclisme sur route &#8211; Championnats de France 2021 : le programme complet\",\"datePublished\":\"2021-06-17T15:50:31+00:00\",\"dateModified\":\"2021-06-19T17:09:51+00:00\",\"mainEntityOfPage\":{\"@id\":\"https:\/\/dicodusport.fr\/blog\/cyclisme-sur-route-championnats-de-france-2021-programme-complet\/\"},\"wordCount\":174,\"commentCount\":0,\"publisher\":{\"@id\":\"https:\/\/dicodusport.fr\/blog\/#organization\"},\"image\":{\"@id\":\"https:\/\/dicodusport.fr\/blog\/cyclisme-sur-route-championnats-de-france-2021-programme-complet\/#primaryimage\"},\"thumbnailUrl\":\"https:\/\/dicodusport.fr\/blog\/wp-content\/uploads\/2021\/06\/Cyclisme-sur-route-Championnats-de-France-2021-Le-programme-complet.png\",\"keywords\":[\"Cyclisme\",\"Cyclisme sur route\"],\"articleSection\":[\"Cyclisme\"],\"inLanguage\":\"fr-FR\",\"potentialAction\":[{\"@type\":\"CommentAction\",\"name\":\"Comment\",\"target\":[\"https:\/\/dicodusport.fr\/blog\/cyclisme-sur-route-championnats-de-france-2021-programme-complet\/#respond\"]}],\"copyrightYear\":\"2021\",\"copyrightHolder\":{\"@id\":\"https:\/\/dicodusport.fr\/blog\/#organization\"}},{\"@type\":\"WebPage\",\"@id\":\"https:\/\/dicodusport.fr\/blog\/cyclisme-sur-route-championnats-de-france-2021-programme-complet\/\",\"url\":\"https:\/\/dicodusport.fr\/blog\/cyclisme-sur-route-championnats-de-france-2021-programme-complet\/\",\"name\":\"Cyclisme sur route - Championnats de France 2021 : le programme complet\",\"isPartOf\":{\"@id\":\"https:\/\/dicodusport.fr\/blog\/#website\"},\"primaryImageOfPage\":{\"@id\":\"https:\/\/dicodusport.fr\/blog\/cyclisme-sur-route-championnats-de-france-2021-programme-complet\/#primaryimage\"},\"image\":{\"@id\":\"https:\/\/dicodusport.fr\/blog\/cyclisme-sur-route-championnats-de-france-2021-programme-complet\/#primaryimage\"},\"thumbnailUrl\":\"https:\/\/dicodusport.fr\/blog\/wp-content\/uploads\/2021\/06\/Cyclisme-sur-route-Championnats-de-France-2021-Le-programme-complet.png\",\"datePublished\":\"2021-06-17T15:50:31+00:00\",\"dateModified\":\"2021-06-19T17:09:51+00:00\",\"description\":\"CYCLISME - Les championnats de France de cyclisme sur route 2021 se d\u00e9roulent du jeudi 17 au dimanche 20 juin, \u00e0 \u00c9pinal. Le programme complet.\",\"breadcrumb\":{\"@id\":\"https:\/\/dicodusport.fr\/blog\/cyclisme-sur-route-championnats-de-france-2021-programme-complet\/#breadcrumb\"},\"inLanguage\":\"fr-FR\",\"potentialAction\":[{\"@type\":\"ReadAction\",\"target\":[\"https:\/\/dicodusport.fr\/blog\/cyclisme-sur-route-championnats-de-france-2021-programme-complet\/\"]}]},{\"@type\":\"ImageObject\",\"inLanguage\":\"fr-FR\",\"@id\":\"https:\/\/dicodusport.fr\/blog\/cyclisme-sur-route-championnats-de-france-2021-programme-complet\/#primaryimage\",\"url\":\"https:\/\/dicodusport.fr\/blog\/wp-content\/uploads\/2021\/06\/Cyclisme-sur-route-Championnats-de-France-2021-Le-programme-complet.png\",\"contentUrl\":\"https:\/\/dicodusport.fr\/blog\/wp-content\/uploads\/2021\/06\/Cyclisme-sur-route-Championnats-de-France-2021-Le-programme-complet.png\",\"width\":800,\"height\":445,\"caption\":\"Cyclisme sur route - Championnats de France 2021 - Le programme complet\"},{\"@type\":\"BreadcrumbList\",\"@id\":\"https:\/\/dicodusport.fr\/blog\/cyclisme-sur-route-championnats-de-france-2021-programme-complet\/#breadcrumb\",\"itemListElement\":[{\"@type\":\"ListItem\",\"position\":1,\"name\":\"Accueil\",\"item\":\"https:\/\/dicodusport.fr\/blog\/\"},{\"@type\":\"ListItem\",\"position\":2,\"name\":\"Cyclisme sur route &#8211; Championnats de France 2021 : le programme complet\"}]},{\"@type\":\"WebSite\",\"@id\":\"https:\/\/dicodusport.fr\/blog\/#website\",\"url\":\"https:\/\/dicodusport.fr\/blog\/\",\"name\":\"Dicodusport\",\"description\":\"L&#039;encyclop\u00e9die de l&#039;actualit\u00e9 sportive\",\"publisher\":{\"@id\":\"https:\/\/dicodusport.fr\/blog\/#organization\"},\"potentialAction\":[{\"@type\":\"SearchAction\",\"target\":{\"@type\":\"EntryPoint\",\"urlTemplate\":\"https:\/\/dicodusport.fr\/blog\/?s={search_term_string}\"},\"query-input\":{\"@type\":\"PropertyValueSpecification\",\"valueRequired\":true,\"valueName\":\"search_term_string\"}}],\"inLanguage\":\"fr-FR\"},{\"@type\":\"NewsMediaOrganization\",\"@id\":\"https:\/\/dicodusport.fr\/blog\/#organization\",\"name\":\"Dicodusport\",\"url\":\"https:\/\/dicodusport.fr\/blog\/\",\"logo\":{\"@type\":\"ImageObject\",\"inLanguage\":\"fr-FR\",\"@id\":\"https:\/\/dicodusport.fr\/blog\/#\/schema\/logo\/image\/\",\"url\":\"https:\/\/dicodusport.fr\/blog\/wp-content\/uploads\/2020\/06\/cropped-LOGO-DICODUSPORT-2020-SANS-FOND-SANS-TEXTE.png\",\"contentUrl\":\"https:\/\/dicodusport.fr\/blog\/wp-content\/uploads\/2020\/06\/cropped-LOGO-DICODUSPORT-2020-SANS-FOND-SANS-TEXTE.png\",\"width\":512,\"height\":512,\"caption\":\"Dicodusport\"},\"image\":{\"@id\":\"https:\/\/dicodusport.fr\/blog\/#\/schema\/logo\/image\/\"},\"sameAs\":[\"https:\/\/www.facebook.com\/dicodusport\",\"https:\/\/x.com\/dicodusport\",\"https:\/\/www.instagram.com\/dicodusport\/\",\"https:\/\/www.youtube.com\/channel\/UC7V2KZ5sd3htJivAbA4ZG3w\"],\"description\":\"Dicodusport est l'encyclop\u00e9die de l'actualit\u00e9 sportive.\",\"email\":\"bonjour@dicodusport.fr\",\"legalName\":\"DICODUSPORT\",\"foundingDate\":\"2018-01-14\",\"vatID\":\"FR71834470973\",\"taxID\":\"83447097300043\",\"numberOfEmployees\":{\"@type\":\"QuantitativeValue\",\"minValue\":\"1\",\"maxValue\":\"10\"}},{\"@type\":\"Person\",\"@id\":\"https:\/\/dicodusport.fr\/blog\/#\/schema\/person\/cb02af4c173ce4a653b55e9baf388d4a\",\"name\":\"Flo Ostermann\",\"image\":{\"@type\":\"ImageObject\",\"inLanguage\":\"fr-FR\",\"@id\":\"https:\/\/dicodusport.fr\/blog\/#\/schema\/person\/image\/\",\"url\":\"https:\/\/dicodusport.fr\/blog\/wp-content\/uploads\/2021\/05\/Flo-Ostermann-150x150.jpg\",\"contentUrl\":\"https:\/\/dicodusport.fr\/blog\/wp-content\/uploads\/2021\/05\/Flo-Ostermann-150x150.jpg\",\"caption\":\"Flo Ostermann\"},\"description\":\"Journaliste\/R\u00e9dacteur depuis septembre 2015 - Mes premiers souvenirs dans le sport ? Les envol\u00e9es du Stade Toulousain et les duels Villeneuve-Schumacher et H\u00e4kkinen-Schumacher \u00e0 la fin des ann\u00e9es 90, la Coupe du monde de football en 1998, l\u2019exploit du XV de France face aux All Blacks en 1999, mais aussi Richard C\u0153ur de Lion qui vole sur les montagnes du Tour de France. Bien parti pour devenir professeur d\u2019EPS, les \u00e9v\u00e9nements de la vie (et la flemme d\u2019animer des s\u00e9ances de 3x500 m\u00e8tres toute ma vie) m\u2019ont conduit \u00e0 revoir mes plans. Me voil\u00e0 depuis fin 2017 sur Dicodusport, m\u00e9dia gr\u00e2ce (et pour) lequel je partage ma passion : le sport dans tous ses \u00e9tats. Le tout accompagn\u00e9 par les fous furieux et folles furieuses cit\u00e9s sur cette page !\",\"sameAs\":[\"https:\/\/www.facebook.com\/florent.ostermann\",\"https:\/\/x.com\/https:\/\/twitter.com\/FlOstermann\",\"admin\"],\"url\":\"https:\/\/dicodusport.fr\/blog\/author\/flo\/\"}]}<\/script>\n<!-- \/ Yoast SEO Premium plugin. -->","yoast_head_json":{"title":"Cyclisme sur route - Championnats de France 2021 : le programme complet","description":"CYCLISME - Les championnats de France de cyclisme sur route 2021 se d\u00e9roulent du jeudi 17 au dimanche 20 juin, \u00e0 \u00c9pinal. Le programme complet.","robots":{"index":"index","follow":"follow","max-snippet":"max-snippet:-1","max-image-preview":"max-image-preview:large","max-video-preview":"max-video-preview:-1"},"canonical":"https:\/\/dicodusport.fr\/blog\/cyclisme-sur-route-championnats-de-france-2021-programme-complet\/","og_locale":"fr_FR","og_type":"article","og_title":"Cyclisme sur route - Championnats de France 2021 : le programme complet","og_description":"CYCLISME - Les championnats de France de cyclisme sur route 2021 se d\u00e9roulent du jeudi 17 au dimanche 20 juin, \u00e0 \u00c9pinal. Le programme complet.","og_url":"https:\/\/dicodusport.fr\/blog\/cyclisme-sur-route-championnats-de-france-2021-programme-complet\/","og_site_name":"Dicodusport","article_publisher":"https:\/\/www.facebook.com\/dicodusport","article_author":"https:\/\/www.facebook.com\/florent.ostermann","article_published_time":"2021-06-17T15:50:31+00:00","article_modified_time":"2021-06-19T17:09:51+00:00","og_image":[{"width":800,"height":445,"url":"https:\/\/dicodusport.fr\/blog\/wp-content\/uploads\/2021\/06\/Cyclisme-sur-route-Championnats-de-France-2021-Le-programme-complet.png","type":"image\/png"}],"author":"Flo Ostermann","twitter_card":"summary_large_image","twitter_title":"Cyclisme sur route - Championnats de France 2021 : le programme complet","twitter_creator":"@https:\/\/twitter.com\/FlOstermann","twitter_site":"@dicodusport","schema":{"@context":"https:\/\/schema.org","@graph":[{"@type":"NewsArticle","@id":"https:\/\/dicodusport.fr\/blog\/cyclisme-sur-route-championnats-de-france-2021-programme-complet\/#article","isPartOf":{"@id":"https:\/\/dicodusport.fr\/blog\/cyclisme-sur-route-championnats-de-france-2021-programme-complet\/"},"author":{"name":"Flo Ostermann","@id":"https:\/\/dicodusport.fr\/blog\/#\/schema\/person\/cb02af4c173ce4a653b55e9baf388d4a"},"headline":"Cyclisme sur route &#8211; Championnats de France 2021 : le programme complet","datePublished":"2021-06-17T15:50:31+00:00","dateModified":"2021-06-19T17:09:51+00:00","mainEntityOfPage":{"@id":"https:\/\/dicodusport.fr\/blog\/cyclisme-sur-route-championnats-de-france-2021-programme-complet\/"},"wordCount":174,"commentCount":0,"publisher":{"@id":"https:\/\/dicodusport.fr\/blog\/#organization"},"image":{"@id":"https:\/\/dicodusport.fr\/blog\/cyclisme-sur-route-championnats-de-france-2021-programme-complet\/#primaryimage"},"thumbnailUrl":"https:\/\/dicodusport.fr\/blog\/wp-content\/uploads\/2021\/06\/Cyclisme-sur-route-Championnats-de-France-2021-Le-programme-complet.png","keywords":["Cyclisme","Cyclisme sur route"],"articleSection":["Cyclisme"],"inLanguage":"fr-FR","potentialAction":[{"@type":"CommentAction","name":"Comment","target":["https:\/\/dicodusport.fr\/blog\/cyclisme-sur-route-championnats-de-france-2021-programme-complet\/#respond"]}],"copyrightYear":"2021","copyrightHolder":{"@id":"https:\/\/dicodusport.fr\/blog\/#organization"}},{"@type":"WebPage","@id":"https:\/\/dicodusport.fr\/blog\/cyclisme-sur-route-championnats-de-france-2021-programme-complet\/","url":"https:\/\/dicodusport.fr\/blog\/cyclisme-sur-route-championnats-de-france-2021-programme-complet\/","name":"Cyclisme sur route - Championnats de France 2021 : le programme complet","isPartOf":{"@id":"https:\/\/dicodusport.fr\/blog\/#website"},"primaryImageOfPage":{"@id":"https:\/\/dicodusport.fr\/blog\/cyclisme-sur-route-championnats-de-france-2021-programme-complet\/#primaryimage"},"image":{"@id":"https:\/\/dicodusport.fr\/blog\/cyclisme-sur-route-championnats-de-france-2021-programme-complet\/#primaryimage"},"thumbnailUrl":"https:\/\/dicodusport.fr\/blog\/wp-content\/uploads\/2021\/06\/Cyclisme-sur-route-Championnats-de-France-2021-Le-programme-complet.png","datePublished":"2021-06-17T15:50:31+00:00","dateModified":"2021-06-19T17:09:51+00:00","description":"CYCLISME - Les championnats de France de cyclisme sur route 2021 se d\u00e9roulent du jeudi 17 au dimanche 20 juin, \u00e0 \u00c9pinal. Le programme complet.","breadcrumb":{"@id":"https:\/\/dicodusport.fr\/blog\/cyclisme-sur-route-championnats-de-france-2021-programme-complet\/#breadcrumb"},"inLanguage":"fr-FR","potentialAction":[{"@type":"ReadAction","target":["https:\/\/dicodusport.fr\/blog\/cyclisme-sur-route-championnats-de-france-2021-programme-complet\/"]}]},{"@type":"ImageObject","inLanguage":"fr-FR","@id":"https:\/\/dicodusport.fr\/blog\/cyclisme-sur-route-championnats-de-france-2021-programme-complet\/#primaryimage","url":"https:\/\/dicodusport.fr\/blog\/wp-content\/uploads\/2021\/06\/Cyclisme-sur-route-Championnats-de-France-2021-Le-programme-complet.png","contentUrl":"https:\/\/dicodusport.fr\/blog\/wp-content\/uploads\/2021\/06\/Cyclisme-sur-route-Championnats-de-France-2021-Le-programme-complet.png","width":800,"height":445,"caption":"Cyclisme sur route - Championnats de France 2021 - Le programme complet"},{"@type":"BreadcrumbList","@id":"https:\/\/dicodusport.fr\/blog\/cyclisme-sur-route-championnats-de-france-2021-programme-complet\/#breadcrumb","itemListElement":[{"@type":"ListItem","position":1,"name":"Accueil","item":"https:\/\/dicodusport.fr\/blog\/"},{"@type":"ListItem","position":2,"name":"Cyclisme sur route &#8211; Championnats de France 2021 : le programme complet"}]},{"@type":"WebSite","@id":"https:\/\/dicodusport.fr\/blog\/#website","url":"https:\/\/dicodusport.fr\/blog\/","name":"Dicodusport","description":"L&#039;encyclop\u00e9die de l&#039;actualit\u00e9 sportive","publisher":{"@id":"https:\/\/dicodusport.fr\/blog\/#organization"},"potentialAction":[{"@type":"SearchAction","target":{"@type":"EntryPoint","urlTemplate":"https:\/\/dicodusport.fr\/blog\/?s={search_term_string}"},"query-input":{"@type":"PropertyValueSpecification","valueRequired":true,"valueName":"search_term_string"}}],"inLanguage":"fr-FR"},{"@type":"NewsMediaOrganization","@id":"https:\/\/dicodusport.fr\/blog\/#organization","name":"Dicodusport","url":"https:\/\/dicodusport.fr\/blog\/","logo":{"@type":"ImageObject","inLanguage":"fr-FR","@id":"https:\/\/dicodusport.fr\/blog\/#\/schema\/logo\/image\/","url":"https:\/\/dicodusport.fr\/blog\/wp-content\/uploads\/2020\/06\/cropped-LOGO-DICODUSPORT-2020-SANS-FOND-SANS-TEXTE.png","contentUrl":"https:\/\/dicodusport.fr\/blog\/wp-content\/uploads\/2020\/06\/cropped-LOGO-DICODUSPORT-2020-SANS-FOND-SANS-TEXTE.png","width":512,"height":512,"caption":"Dicodusport"},"image":{"@id":"https:\/\/dicodusport.fr\/blog\/#\/schema\/logo\/image\/"},"sameAs":["https:\/\/www.facebook.com\/dicodusport","https:\/\/x.com\/dicodusport","https:\/\/www.instagram.com\/dicodusport\/","https:\/\/www.youtube.com\/channel\/UC7V2KZ5sd3htJivAbA4ZG3w"],"description":"Dicodusport est l'encyclop\u00e9die de l'actualit\u00e9 sportive.","email":"bonjour@dicodusport.fr","legalName":"DICODUSPORT","foundingDate":"2018-01-14","vatID":"FR71834470973","taxID":"83447097300043","numberOfEmployees":{"@type":"QuantitativeValue","minValue":"1","maxValue":"10"}},{"@type":"Person","@id":"https:\/\/dicodusport.fr\/blog\/#\/schema\/person\/cb02af4c173ce4a653b55e9baf388d4a","name":"Flo Ostermann","image":{"@type":"ImageObject","inLanguage":"fr-FR","@id":"https:\/\/dicodusport.fr\/blog\/#\/schema\/person\/image\/","url":"https:\/\/dicodusport.fr\/blog\/wp-content\/uploads\/2021\/05\/Flo-Ostermann-150x150.jpg","contentUrl":"https:\/\/dicodusport.fr\/blog\/wp-content\/uploads\/2021\/05\/Flo-Ostermann-150x150.jpg","caption":"Flo Ostermann"},"description":"Journaliste\/R\u00e9dacteur depuis septembre 2015 - Mes premiers souvenirs dans le sport ? Les envol\u00e9es du Stade Toulousain et les duels Villeneuve-Schumacher et H\u00e4kkinen-Schumacher \u00e0 la fin des ann\u00e9es 90, la Coupe du monde de football en 1998, l\u2019exploit du XV de France face aux All Blacks en 1999, mais aussi Richard C\u0153ur de Lion qui vole sur les montagnes du Tour de France. Bien parti pour devenir professeur d\u2019EPS, les \u00e9v\u00e9nements de la vie (et la flemme d\u2019animer des s\u00e9ances de 3x500 m\u00e8tres toute ma vie) m\u2019ont conduit \u00e0 revoir mes plans. Me voil\u00e0 depuis fin 2017 sur Dicodusport, m\u00e9dia gr\u00e2ce (et pour) lequel je partage ma passion : le sport dans tous ses \u00e9tats. Le tout accompagn\u00e9 par les fous furieux et folles furieuses cit\u00e9s sur cette page !","sameAs":["https:\/\/www.facebook.com\/florent.ostermann","https:\/\/x.com\/https:\/\/twitter.com\/FlOstermann","admin"],"url":"https:\/\/dicodusport.fr\/blog\/author\/flo\/"}]}},"_links":{"self":[{"href":"https:\/\/dicodusport.fr\/blog\/wp-json\/wp\/v2\/posts\/138938","targetHints":{"allow":["GET"]}}],"collection":[{"href":"https:\/\/dicodusport.fr\/blog\/wp-json\/wp\/v2\/posts"}],"about":[{"href":"https:\/\/dicodusport.fr\/blog\/wp-json\/wp\/v2\/types\/post"}],"author":[{"embeddable":true,"href":"https:\/\/dicodusport.fr\/blog\/wp-json\/wp\/v2\/users\/4"}],"replies":[{"embeddable":true,"href":"https:\/\/dicodusport.fr\/blog\/wp-json\/wp\/v2\/comments?post=138938"}],"version-history":[{"count":0,"href":"https:\/\/dicodusport.fr\/blog\/wp-json\/wp\/v2\/posts\/138938\/revisions"}],"wp:featuredmedia":[{"embeddable":true,"href":"https:\/\/dicodusport.fr\/blog\/wp-json\/wp\/v2\/media\/138942"}],"wp:attachment":[{"href":"https:\/\/dicodusport.fr\/blog\/wp-json\/wp\/v2\/media?parent=138938"}],"wp:term":[{"taxonomy":"category","embeddable":true,"href":"https:\/\/dicodusport.fr\/blog\/wp-json\/wp\/v2\/categories?post=138938"},{"taxonomy":"post_tag","embeddable":true,"href":"https:\/\/dicodusport.fr\/blog\/wp-json\/wp\/v2\/tags?post=138938"}],"curies":[{"name":"wp","href":"https:\/\/api.w.org\/{rel}","templated":true}]}}