{"id":13941,"date":"2018-03-07T12:15:23","date_gmt":"2018-03-07T11:15:23","guid":{"rendered":"http:\/\/dicodusport.fr\/blog\/?p=13941"},"modified":"2018-03-07T12:05:10","modified_gmt":"2018-03-07T11:05:10","slug":"face-a-face-pour-contre-reforme-coupe-davis","status":"publish","type":"post","link":"https:\/\/dicodusport.fr\/blog\/face-a-face-pour-contre-reforme-coupe-davis\/","title":{"rendered":"Face \u00e0 face : Pour ou contre la r\u00e9forme de la Coupe Davis ?"},"content":{"rendered":"<p style=\"text-align: justify;\"><em><strong>Chaque mercredi, les r\u00e9dacteurs de Dicodusport\u00a0entrent sur le ring et s\u2019affrontent dans un Face \u00e0 Face autour d\u2019un sujet d\u2019actualit\u00e9. Dans ce un-contre-un engag\u00e9, chaque r\u00e9dacteur ou r\u00e9dactrice tentera de convaincre son adversaire ainsi que vous, cher lecteur, qu\u2019il m\u00e9rite de remporter ce Face \u00e0 Face. Un arbitre sera alors charg\u00e9 de les d\u00e9partager et de d\u00e9signer un vainqueur.\u00a0Aujourd&rsquo;hui, notre d\u00e9bat porte sur la r\u00e9forme de la Coupe Davis. Il n&rsquo;y aura d\u00e9sormais plus qu&rsquo;une semaine de comp\u00e9tition rassemblant 18 pays dans un lieu unique. Est-ce une bonne ou mauvaise id\u00e9e ?<\/strong><\/em><\/p>\n<hr \/>\n<p><img loading=\"lazy\" decoding=\"async\" class=\"size-medium wp-image-13961 aligncenter\" src=\"http:\/\/dicodusport.fr\/blog\/wp-content\/uploads\/2018\/03\/Benjamin-300x300.jpg\" alt=\"\" width=\"300\" height=\"300\" srcset=\"https:\/\/dicodusport.fr\/blog\/wp-content\/uploads\/2018\/03\/Benjamin-300x300.jpg 300w, https:\/\/dicodusport.fr\/blog\/wp-content\/uploads\/2018\/03\/Benjamin-150x150.jpg 150w, https:\/\/dicodusport.fr\/blog\/wp-content\/uploads\/2018\/03\/Benjamin-768x768.jpg 768w, https:\/\/dicodusport.fr\/blog\/wp-content\/uploads\/2018\/03\/Benjamin-1024x1024.jpg 1024w, https:\/\/dicodusport.fr\/blog\/wp-content\/uploads\/2018\/03\/Benjamin.jpg 1361w\" sizes=\"auto, (max-width: 300px) 100vw, 300px\" \/><\/p>\n<h4>\u00a0&#x1f44d; Benjamin : Oui, une r\u00e9forme \u00e9tait n\u00e9cessaire.<\/h4>\n<p style=\"text-align: justify;\">Si elle pr\u00e9sente certains d\u00e9savantages, elle va surtout permettre de regrouper tous les mastodontes du circuit. C\u2019est sur ce point que la r\u00e9forme est importante. Apr\u00e8s une campagne 2017 o\u00f9 les Fran\u00e7ais ont laborieusement remport\u00e9 le saladier d\u2019argent, des conclusions ont \u00e9t\u00e9 tir\u00e9es : la Coupe Davis n\u2019int\u00e9resse pas grand monde. On s\u2019est aper\u00e7u que les cadors de l\u2019ATP (Federer, Djokovic, Murray pour ne citer qu\u2019eux) ne s\u2019attardaient \u00e0 la remporter qu\u2019une fois puis \u00e0 faire l\u2019impasse dessus pour le restant de leur carri\u00e8re. Lucas Pouille, Nico Mahut et Noah affirment que l\u2019ITF a <em>\u00ab tu\u00e9 la Coupe Davis \u00bb<\/em>, mais elle \u00e9tait morte depuis quelque temps.<\/p>\n<p style=\"text-align: justify;\">Ce nouveau format, sur une semaine, ne laissera plus la possibilit\u00e9 aux joueurs de prendre du repos sur les diff\u00e9rents week-end de la saison. A l\u2019image des autres sports, il va permettre de cr\u00e9er une grande f\u00eate du tennis o\u00f9 les meilleures nations se retrouveront. Si le nom reste le m\u00eame, c\u2019est bien une Coupe du monde de tennis qui aura lieu en fin d\u2019ann\u00e9e, de quoi retenir l\u2019attention.<\/p>\n<p style=\"text-align: justify;\">Enfin, derni\u00e8re pr\u00e9cision, le prize money de 20 millions de dollars est si \u00e9lev\u00e9 car les sponsors ont suivi la r\u00e9forme et savent que l\u2019engouement aura lieu autour de cette nouvelle Coupe Davis, bien plus que pour l\u2019actuelle.<\/p>\n<hr \/>\n<p><img loading=\"lazy\" decoding=\"async\" class=\"aligncenter wp-image-9063\" src=\"https:\/\/dicodusport.fr\/blog\/wp-content\/uploads\/2017\/12\/Mathieu-Veillon-300x300.jpg\" alt=\"\" width=\"390\" height=\"390\" srcset=\"https:\/\/dicodusport.fr\/blog\/wp-content\/uploads\/2017\/12\/Mathieu-Veillon-300x300.jpg 300w, https:\/\/dicodusport.fr\/blog\/wp-content\/uploads\/2017\/12\/Mathieu-Veillon-150x150.jpg 150w, https:\/\/dicodusport.fr\/blog\/wp-content\/uploads\/2017\/12\/Mathieu-Veillon-768x768.jpg 768w, https:\/\/dicodusport.fr\/blog\/wp-content\/uploads\/2017\/12\/Mathieu-Veillon.jpg 960w\" sizes=\"auto, (max-width: 390px) 100vw, 390px\" \/><\/p>\n<h4 style=\"text-align: justify;\">&#x1f44e; Mathieu : Non, cette r\u00e9forme va tuer la passion autour de cette \u00e9preuve.<\/h4>\n<p style=\"text-align: justify;\">En d\u00e9localisant la Coupe Davis sur une courte p\u00e9riode dans un pays neutre, cette r\u00e9forme enl\u00e8ve l\u2019int\u00e9r\u00eat principal de la Coupe Davis : la ferveur des supporters ! Fini les matchs \u00e0 l\u2019ext\u00e9rieur contre un public chaud bouillant, fini les rencontres avec un public \u00e9norme qui pousse son \u00e9quipe.<\/p>\n<p style=\"text-align: justify;\">Place au tennis-business, un business qui va d\u2019ailleurs profiter en premier aux joueurs, dont ceux qui d\u00e9sertaient la comp\u00e9tition depuis un moment et qui vont rappliquer en opportunistes. Quant \u00e0 l\u2019argument d\u2019un calendrier lib\u00e9r\u00e9 des rencontres de Coupe Davis, ne soyez pas na\u00effs : d\u2019autres tournois prendront bient\u00f4t leur place, et non pas simplement des rencontres d\u2019exhibition ou du repos comme certains aimeraient.<\/p>\n<p style=\"text-align: justify;\">Et puis, raccourcir le nombre de matchs dans une rencontre (3 contre 5 actuellement), c\u2019est enlever le charme de ce 5\u00e8me match d\u00e9cisif qui a aussi construit la l\u00e9gende des grandes finales de Coupe Davis. Alors on dit merci G\u00e9rard Piqu\u00e9, le footballeur \u00e0 l\u2019origine de ce changement radical, et on dit adieu \u00e0 la Coupe Davis qui devrait mourir \u00e0 cause de cette r\u00e9forme qui ne marchera pas&#8230;<\/p>\n<hr \/>\n<p><em><strong>Verdict de l&rsquo;arbitre :<\/strong><\/em><\/p>\n<p style=\"text-align: justify;\">A premi\u00e8re vue, cette d\u00e9localisation laisse penser \u00e0 un manque de ferveur comme le fait remarquer Mathieu.\u00a0De plus raccourcir le nombre de matchs enl\u00e8ve un peu de charme \u00e0 certaines rencontres endiabl\u00e9es qui se terminaient au 5\u00e8me match d\u00e9cisif. Et puis,\u00a0plusieurs champions\u00a0ont d\u00e9j\u00e0 montr\u00e9\u00a0\u00a0leur m\u00e9contentement via les r\u00e9seaux sociaux<\/p>\n<p style=\"text-align: justify;\">Oui mais voila, les temps changent,\u00a0et le sport \u00e9volue. Si cela pr\u00e9sente quelques points n\u00e9gatifs, il faudrait plut\u00f4t se r\u00e9jouir du fait que les sportifs auront plus de temps afin de pr\u00e9parer cette comp\u00e9tition, comme l&rsquo;avance Benjamin. Mais aussi, motiv\u00e9s d&rsquo;une mani\u00e8re ou d&rsquo;une autre, par un prize money qui semblerait avoisiner les 20 millions de dollars.<\/p>\n<p style=\"text-align: justify;\">En tant que spectateurs, on ne peut qu&rsquo;\u00eatre persuad\u00e9 que cette r\u00e9forme\u00a0soit une bonne id\u00e9e, qui reste n\u00e9anmoins \u00e0 optimiser.<\/p>\n<p style=\"text-align: justify;\"><strong>&#x1f3c6;\u00a0<\/strong><strong>Je d\u00e9clare donc Benjamin vainqueur<\/strong> <strong>!<\/strong><\/p>\n<p><em><strong>Sofiane Soultan<\/strong><\/em><em><br \/>\n<\/em><a href=\"https:\/\/www.facebook.com\/florent.ostermann\"><img loading=\"lazy\" decoding=\"async\" class=\"alignnone wp-image-2909\" src=\"http:\/\/dicodusport.fr\/blog\/wp-content\/uploads\/2017\/07\/logo-facebook-150x150.png\" alt=\"\" width=\"40\" height=\"40\" \/><\/a><\/p>\n","protected":false},"excerpt":{"rendered":"<p>Aujourd&rsquo;hui, notre d\u00e9bat porte sur la r\u00e9forme de la Coupe Davis. Il n&rsquo;y aura d\u00e9sormais plus qu&rsquo;une semaine de comp\u00e9tition rassemblant 18 pays dans un lieu unique. Est-ce une bonne ou mauvaise id\u00e9e ?<\/p>\n","protected":false},"author":16,"featured_media":13968,"comment_status":"open","ping_status":"closed","sticky":false,"template":"","format":"standard","meta":{"_acf_changed":false,"_daextam_enable_autolinks":"","footnotes":""},"categories":[2,2348,2365,2302],"tags":[2540,136],"class_list":["post-13941","post","type-post","status-publish","format-standard","has-post-thumbnail","hentry","category-actualites","category-face-a-face","category-sports-de-raquette","category-tennis","tag-coupe-davis","tag-tennis"],"acf":[],"yoast_head":"<!-- This site is optimized with the Yoast SEO Premium plugin v26.7 (Yoast SEO v26.7) - https:\/\/yoast.com\/wordpress\/plugins\/seo\/ -->\n<title>Face \u00e0 face : Pour ou contre la r\u00e9forme de la Coupe Davis ?<\/title>\n<meta name=\"description\" content=\"Aujourd&#039;hui, notre d\u00e9bat porte sur la r\u00e9forme de la Coupe Davis. Il n&#039;y aura d\u00e9sormais plus qu&#039;une semaine de comp\u00e9tition rassemblant 18 pays dans un lieu unique. Est-ce une bonne ou mauvaise id\u00e9e ?\" \/>\n<meta name=\"robots\" content=\"index, follow, max-snippet:-1, max-image-preview:large, max-video-preview:-1\" \/>\n<link rel=\"canonical\" href=\"https:\/\/dicodusport.fr\/blog\/face-a-face-pour-contre-reforme-coupe-davis\/\" \/>\n<meta property=\"og:locale\" content=\"fr_FR\" \/>\n<meta property=\"og:type\" content=\"article\" \/>\n<meta property=\"og:title\" content=\"Face \u00e0 face : Pour ou contre la r\u00e9forme de la Coupe Davis ?\" \/>\n<meta property=\"og:description\" content=\"Aujourd&#039;hui, notre d\u00e9bat porte sur la r\u00e9forme de la Coupe Davis. Il n&#039;y aura d\u00e9sormais plus qu&#039;une semaine de comp\u00e9tition rassemblant 18 pays dans un lieu unique. Est-ce une bonne ou mauvaise id\u00e9e ?\" \/>\n<meta property=\"og:url\" content=\"https:\/\/dicodusport.fr\/blog\/face-a-face-pour-contre-reforme-coupe-davis\/\" \/>\n<meta property=\"og:site_name\" content=\"Dicodusport\" \/>\n<meta property=\"article:publisher\" content=\"https:\/\/www.facebook.com\/dicodusport\" \/>\n<meta property=\"article:published_time\" content=\"2018-03-07T11:15:23+00:00\" \/>\n<meta property=\"og:image\" content=\"https:\/\/dicodusport.fr\/blog\/wp-content\/uploads\/2018\/03\/R\u00e9forme-Coupe-Davis.png\" \/>\n\t<meta property=\"og:image:width\" content=\"800\" \/>\n\t<meta property=\"og:image:height\" content=\"445\" \/>\n\t<meta property=\"og:image:type\" content=\"image\/png\" \/>\n<meta name=\"author\" content=\"Sofiane\" \/>\n<meta name=\"twitter:card\" content=\"summary_large_image\" \/>\n<meta name=\"twitter:creator\" content=\"@dicodusport\" \/>\n<meta name=\"twitter:site\" content=\"@dicodusport\" \/>\n<script type=\"application\/ld+json\" class=\"yoast-schema-graph\">{\"@context\":\"https:\/\/schema.org\",\"@graph\":[{\"@type\":\"NewsArticle\",\"@id\":\"https:\/\/dicodusport.fr\/blog\/face-a-face-pour-contre-reforme-coupe-davis\/#article\",\"isPartOf\":{\"@id\":\"https:\/\/dicodusport.fr\/blog\/face-a-face-pour-contre-reforme-coupe-davis\/\"},\"author\":{\"name\":\"Sofiane\",\"@id\":\"https:\/\/dicodusport.fr\/blog\/#\/schema\/person\/13e0a3ddb06ad9267132482b9edf1b02\"},\"headline\":\"Face \u00e0 face : Pour ou contre la r\u00e9forme de la Coupe Davis ?\",\"datePublished\":\"2018-03-07T11:15:23+00:00\",\"mainEntityOfPage\":{\"@id\":\"https:\/\/dicodusport.fr\/blog\/face-a-face-pour-contre-reforme-coupe-davis\/\"},\"wordCount\":749,\"commentCount\":0,\"publisher\":{\"@id\":\"https:\/\/dicodusport.fr\/blog\/#organization\"},\"image\":{\"@id\":\"https:\/\/dicodusport.fr\/blog\/face-a-face-pour-contre-reforme-coupe-davis\/#primaryimage\"},\"thumbnailUrl\":\"https:\/\/dicodusport.fr\/blog\/wp-content\/uploads\/2018\/03\/R\u00e9forme-Coupe-Davis.png\",\"keywords\":[\"Coupe Davis\",\"Tennis\"],\"articleSection\":[\"Actualit\u00e9s\",\"Face \u00e0 face\",\"Sports de raquette\",\"Tennis\"],\"inLanguage\":\"fr-FR\",\"potentialAction\":[{\"@type\":\"CommentAction\",\"name\":\"Comment\",\"target\":[\"https:\/\/dicodusport.fr\/blog\/face-a-face-pour-contre-reforme-coupe-davis\/#respond\"]}],\"copyrightYear\":\"2018\",\"copyrightHolder\":{\"@id\":\"https:\/\/dicodusport.fr\/blog\/#organization\"}},{\"@type\":\"WebPage\",\"@id\":\"https:\/\/dicodusport.fr\/blog\/face-a-face-pour-contre-reforme-coupe-davis\/\",\"url\":\"https:\/\/dicodusport.fr\/blog\/face-a-face-pour-contre-reforme-coupe-davis\/\",\"name\":\"Face \u00e0 face : Pour ou contre la r\u00e9forme de la Coupe Davis ?\",\"isPartOf\":{\"@id\":\"https:\/\/dicodusport.fr\/blog\/#website\"},\"primaryImageOfPage\":{\"@id\":\"https:\/\/dicodusport.fr\/blog\/face-a-face-pour-contre-reforme-coupe-davis\/#primaryimage\"},\"image\":{\"@id\":\"https:\/\/dicodusport.fr\/blog\/face-a-face-pour-contre-reforme-coupe-davis\/#primaryimage\"},\"thumbnailUrl\":\"https:\/\/dicodusport.fr\/blog\/wp-content\/uploads\/2018\/03\/R\u00e9forme-Coupe-Davis.png\",\"datePublished\":\"2018-03-07T11:15:23+00:00\",\"description\":\"Aujourd'hui, notre d\u00e9bat porte sur la r\u00e9forme de la Coupe Davis. Il n'y aura d\u00e9sormais plus qu'une semaine de comp\u00e9tition rassemblant 18 pays dans un lieu unique. Est-ce une bonne ou mauvaise id\u00e9e ?\",\"breadcrumb\":{\"@id\":\"https:\/\/dicodusport.fr\/blog\/face-a-face-pour-contre-reforme-coupe-davis\/#breadcrumb\"},\"inLanguage\":\"fr-FR\",\"potentialAction\":[{\"@type\":\"ReadAction\",\"target\":[\"https:\/\/dicodusport.fr\/blog\/face-a-face-pour-contre-reforme-coupe-davis\/\"]}]},{\"@type\":\"ImageObject\",\"inLanguage\":\"fr-FR\",\"@id\":\"https:\/\/dicodusport.fr\/blog\/face-a-face-pour-contre-reforme-coupe-davis\/#primaryimage\",\"url\":\"https:\/\/dicodusport.fr\/blog\/wp-content\/uploads\/2018\/03\/R\u00e9forme-Coupe-Davis.png\",\"contentUrl\":\"https:\/\/dicodusport.fr\/blog\/wp-content\/uploads\/2018\/03\/R\u00e9forme-Coupe-Davis.png\",\"width\":800,\"height\":445},{\"@type\":\"BreadcrumbList\",\"@id\":\"https:\/\/dicodusport.fr\/blog\/face-a-face-pour-contre-reforme-coupe-davis\/#breadcrumb\",\"itemListElement\":[{\"@type\":\"ListItem\",\"position\":1,\"name\":\"Accueil\",\"item\":\"https:\/\/dicodusport.fr\/blog\/\"},{\"@type\":\"ListItem\",\"position\":2,\"name\":\"Face \u00e0 face : Pour ou contre la r\u00e9forme de la Coupe Davis ?\"}]},{\"@type\":\"WebSite\",\"@id\":\"https:\/\/dicodusport.fr\/blog\/#website\",\"url\":\"https:\/\/dicodusport.fr\/blog\/\",\"name\":\"Dicodusport\",\"description\":\"L&#039;encyclop\u00e9die de l&#039;actualit\u00e9 sportive\",\"publisher\":{\"@id\":\"https:\/\/dicodusport.fr\/blog\/#organization\"},\"potentialAction\":[{\"@type\":\"SearchAction\",\"target\":{\"@type\":\"EntryPoint\",\"urlTemplate\":\"https:\/\/dicodusport.fr\/blog\/?s={search_term_string}\"},\"query-input\":{\"@type\":\"PropertyValueSpecification\",\"valueRequired\":true,\"valueName\":\"search_term_string\"}}],\"inLanguage\":\"fr-FR\"},{\"@type\":\"NewsMediaOrganization\",\"@id\":\"https:\/\/dicodusport.fr\/blog\/#organization\",\"name\":\"Dicodusport\",\"url\":\"https:\/\/dicodusport.fr\/blog\/\",\"logo\":{\"@type\":\"ImageObject\",\"inLanguage\":\"fr-FR\",\"@id\":\"https:\/\/dicodusport.fr\/blog\/#\/schema\/logo\/image\/\",\"url\":\"https:\/\/dicodusport.fr\/blog\/wp-content\/uploads\/2020\/06\/cropped-LOGO-DICODUSPORT-2020-SANS-FOND-SANS-TEXTE.png\",\"contentUrl\":\"https:\/\/dicodusport.fr\/blog\/wp-content\/uploads\/2020\/06\/cropped-LOGO-DICODUSPORT-2020-SANS-FOND-SANS-TEXTE.png\",\"width\":512,\"height\":512,\"caption\":\"Dicodusport\"},\"image\":{\"@id\":\"https:\/\/dicodusport.fr\/blog\/#\/schema\/logo\/image\/\"},\"sameAs\":[\"https:\/\/www.facebook.com\/dicodusport\",\"https:\/\/x.com\/dicodusport\",\"https:\/\/www.instagram.com\/dicodusport\/\",\"https:\/\/www.youtube.com\/channel\/UC7V2KZ5sd3htJivAbA4ZG3w\"],\"description\":\"Dicodusport est l'encyclop\u00e9die de l'actualit\u00e9 sportive.\",\"email\":\"bonjour@dicodusport.fr\",\"legalName\":\"DICODUSPORT\",\"foundingDate\":\"2018-01-14\",\"vatID\":\"FR71834470973\",\"taxID\":\"83447097300043\",\"numberOfEmployees\":{\"@type\":\"QuantitativeValue\",\"minValue\":\"1\",\"maxValue\":\"10\"}},{\"@type\":\"Person\",\"@id\":\"https:\/\/dicodusport.fr\/blog\/#\/schema\/person\/13e0a3ddb06ad9267132482b9edf1b02\",\"name\":\"Sofiane\",\"image\":{\"@type\":\"ImageObject\",\"inLanguage\":\"fr-FR\",\"@id\":\"https:\/\/dicodusport.fr\/blog\/#\/schema\/person\/image\/\",\"url\":\"https:\/\/dicodusport.fr\/blog\/wp-content\/uploads\/2018\/06\/User-blue-icon-150x150.png\",\"contentUrl\":\"https:\/\/dicodusport.fr\/blog\/wp-content\/uploads\/2018\/06\/User-blue-icon-150x150.png\",\"caption\":\"Sofiane\"},\"url\":\"https:\/\/dicodusport.fr\/blog\/author\/sofiane\/\"}]}<\/script>\n<!-- \/ Yoast SEO Premium plugin. -->","yoast_head_json":{"title":"Face \u00e0 face : Pour ou contre la r\u00e9forme de la Coupe Davis ?","description":"Aujourd'hui, notre d\u00e9bat porte sur la r\u00e9forme de la Coupe Davis. Il n'y aura d\u00e9sormais plus qu'une semaine de comp\u00e9tition rassemblant 18 pays dans un lieu unique. Est-ce une bonne ou mauvaise id\u00e9e ?","robots":{"index":"index","follow":"follow","max-snippet":"max-snippet:-1","max-image-preview":"max-image-preview:large","max-video-preview":"max-video-preview:-1"},"canonical":"https:\/\/dicodusport.fr\/blog\/face-a-face-pour-contre-reforme-coupe-davis\/","og_locale":"fr_FR","og_type":"article","og_title":"Face \u00e0 face : Pour ou contre la r\u00e9forme de la Coupe Davis ?","og_description":"Aujourd'hui, notre d\u00e9bat porte sur la r\u00e9forme de la Coupe Davis. Il n'y aura d\u00e9sormais plus qu'une semaine de comp\u00e9tition rassemblant 18 pays dans un lieu unique. Est-ce une bonne ou mauvaise id\u00e9e ?","og_url":"https:\/\/dicodusport.fr\/blog\/face-a-face-pour-contre-reforme-coupe-davis\/","og_site_name":"Dicodusport","article_publisher":"https:\/\/www.facebook.com\/dicodusport","article_published_time":"2018-03-07T11:15:23+00:00","og_image":[{"width":800,"height":445,"url":"https:\/\/dicodusport.fr\/blog\/wp-content\/uploads\/2018\/03\/R\u00e9forme-Coupe-Davis.png","type":"image\/png"}],"author":"Sofiane","twitter_card":"summary_large_image","twitter_creator":"@dicodusport","twitter_site":"@dicodusport","schema":{"@context":"https:\/\/schema.org","@graph":[{"@type":"NewsArticle","@id":"https:\/\/dicodusport.fr\/blog\/face-a-face-pour-contre-reforme-coupe-davis\/#article","isPartOf":{"@id":"https:\/\/dicodusport.fr\/blog\/face-a-face-pour-contre-reforme-coupe-davis\/"},"author":{"name":"Sofiane","@id":"https:\/\/dicodusport.fr\/blog\/#\/schema\/person\/13e0a3ddb06ad9267132482b9edf1b02"},"headline":"Face \u00e0 face : Pour ou contre la r\u00e9forme de la Coupe Davis ?","datePublished":"2018-03-07T11:15:23+00:00","mainEntityOfPage":{"@id":"https:\/\/dicodusport.fr\/blog\/face-a-face-pour-contre-reforme-coupe-davis\/"},"wordCount":749,"commentCount":0,"publisher":{"@id":"https:\/\/dicodusport.fr\/blog\/#organization"},"image":{"@id":"https:\/\/dicodusport.fr\/blog\/face-a-face-pour-contre-reforme-coupe-davis\/#primaryimage"},"thumbnailUrl":"https:\/\/dicodusport.fr\/blog\/wp-content\/uploads\/2018\/03\/R\u00e9forme-Coupe-Davis.png","keywords":["Coupe Davis","Tennis"],"articleSection":["Actualit\u00e9s","Face \u00e0 face","Sports de raquette","Tennis"],"inLanguage":"fr-FR","potentialAction":[{"@type":"CommentAction","name":"Comment","target":["https:\/\/dicodusport.fr\/blog\/face-a-face-pour-contre-reforme-coupe-davis\/#respond"]}],"copyrightYear":"2018","copyrightHolder":{"@id":"https:\/\/dicodusport.fr\/blog\/#organization"}},{"@type":"WebPage","@id":"https:\/\/dicodusport.fr\/blog\/face-a-face-pour-contre-reforme-coupe-davis\/","url":"https:\/\/dicodusport.fr\/blog\/face-a-face-pour-contre-reforme-coupe-davis\/","name":"Face \u00e0 face : Pour ou contre la r\u00e9forme de la Coupe Davis ?","isPartOf":{"@id":"https:\/\/dicodusport.fr\/blog\/#website"},"primaryImageOfPage":{"@id":"https:\/\/dicodusport.fr\/blog\/face-a-face-pour-contre-reforme-coupe-davis\/#primaryimage"},"image":{"@id":"https:\/\/dicodusport.fr\/blog\/face-a-face-pour-contre-reforme-coupe-davis\/#primaryimage"},"thumbnailUrl":"https:\/\/dicodusport.fr\/blog\/wp-content\/uploads\/2018\/03\/R\u00e9forme-Coupe-Davis.png","datePublished":"2018-03-07T11:15:23+00:00","description":"Aujourd'hui, notre d\u00e9bat porte sur la r\u00e9forme de la Coupe Davis. Il n'y aura d\u00e9sormais plus qu'une semaine de comp\u00e9tition rassemblant 18 pays dans un lieu unique. Est-ce une bonne ou mauvaise id\u00e9e ?","breadcrumb":{"@id":"https:\/\/dicodusport.fr\/blog\/face-a-face-pour-contre-reforme-coupe-davis\/#breadcrumb"},"inLanguage":"fr-FR","potentialAction":[{"@type":"ReadAction","target":["https:\/\/dicodusport.fr\/blog\/face-a-face-pour-contre-reforme-coupe-davis\/"]}]},{"@type":"ImageObject","inLanguage":"fr-FR","@id":"https:\/\/dicodusport.fr\/blog\/face-a-face-pour-contre-reforme-coupe-davis\/#primaryimage","url":"https:\/\/dicodusport.fr\/blog\/wp-content\/uploads\/2018\/03\/R\u00e9forme-Coupe-Davis.png","contentUrl":"https:\/\/dicodusport.fr\/blog\/wp-content\/uploads\/2018\/03\/R\u00e9forme-Coupe-Davis.png","width":800,"height":445},{"@type":"BreadcrumbList","@id":"https:\/\/dicodusport.fr\/blog\/face-a-face-pour-contre-reforme-coupe-davis\/#breadcrumb","itemListElement":[{"@type":"ListItem","position":1,"name":"Accueil","item":"https:\/\/dicodusport.fr\/blog\/"},{"@type":"ListItem","position":2,"name":"Face \u00e0 face : Pour ou contre la r\u00e9forme de la Coupe Davis ?"}]},{"@type":"WebSite","@id":"https:\/\/dicodusport.fr\/blog\/#website","url":"https:\/\/dicodusport.fr\/blog\/","name":"Dicodusport","description":"L&#039;encyclop\u00e9die de l&#039;actualit\u00e9 sportive","publisher":{"@id":"https:\/\/dicodusport.fr\/blog\/#organization"},"potentialAction":[{"@type":"SearchAction","target":{"@type":"EntryPoint","urlTemplate":"https:\/\/dicodusport.fr\/blog\/?s={search_term_string}"},"query-input":{"@type":"PropertyValueSpecification","valueRequired":true,"valueName":"search_term_string"}}],"inLanguage":"fr-FR"},{"@type":"NewsMediaOrganization","@id":"https:\/\/dicodusport.fr\/blog\/#organization","name":"Dicodusport","url":"https:\/\/dicodusport.fr\/blog\/","logo":{"@type":"ImageObject","inLanguage":"fr-FR","@id":"https:\/\/dicodusport.fr\/blog\/#\/schema\/logo\/image\/","url":"https:\/\/dicodusport.fr\/blog\/wp-content\/uploads\/2020\/06\/cropped-LOGO-DICODUSPORT-2020-SANS-FOND-SANS-TEXTE.png","contentUrl":"https:\/\/dicodusport.fr\/blog\/wp-content\/uploads\/2020\/06\/cropped-LOGO-DICODUSPORT-2020-SANS-FOND-SANS-TEXTE.png","width":512,"height":512,"caption":"Dicodusport"},"image":{"@id":"https:\/\/dicodusport.fr\/blog\/#\/schema\/logo\/image\/"},"sameAs":["https:\/\/www.facebook.com\/dicodusport","https:\/\/x.com\/dicodusport","https:\/\/www.instagram.com\/dicodusport\/","https:\/\/www.youtube.com\/channel\/UC7V2KZ5sd3htJivAbA4ZG3w"],"description":"Dicodusport est l'encyclop\u00e9die de l'actualit\u00e9 sportive.","email":"bonjour@dicodusport.fr","legalName":"DICODUSPORT","foundingDate":"2018-01-14","vatID":"FR71834470973","taxID":"83447097300043","numberOfEmployees":{"@type":"QuantitativeValue","minValue":"1","maxValue":"10"}},{"@type":"Person","@id":"https:\/\/dicodusport.fr\/blog\/#\/schema\/person\/13e0a3ddb06ad9267132482b9edf1b02","name":"Sofiane","image":{"@type":"ImageObject","inLanguage":"fr-FR","@id":"https:\/\/dicodusport.fr\/blog\/#\/schema\/person\/image\/","url":"https:\/\/dicodusport.fr\/blog\/wp-content\/uploads\/2018\/06\/User-blue-icon-150x150.png","contentUrl":"https:\/\/dicodusport.fr\/blog\/wp-content\/uploads\/2018\/06\/User-blue-icon-150x150.png","caption":"Sofiane"},"url":"https:\/\/dicodusport.fr\/blog\/author\/sofiane\/"}]}},"_links":{"self":[{"href":"https:\/\/dicodusport.fr\/blog\/wp-json\/wp\/v2\/posts\/13941","targetHints":{"allow":["GET"]}}],"collection":[{"href":"https:\/\/dicodusport.fr\/blog\/wp-json\/wp\/v2\/posts"}],"about":[{"href":"https:\/\/dicodusport.fr\/blog\/wp-json\/wp\/v2\/types\/post"}],"author":[{"embeddable":true,"href":"https:\/\/dicodusport.fr\/blog\/wp-json\/wp\/v2\/users\/16"}],"replies":[{"embeddable":true,"href":"https:\/\/dicodusport.fr\/blog\/wp-json\/wp\/v2\/comments?post=13941"}],"version-history":[{"count":0,"href":"https:\/\/dicodusport.fr\/blog\/wp-json\/wp\/v2\/posts\/13941\/revisions"}],"wp:featuredmedia":[{"embeddable":true,"href":"https:\/\/dicodusport.fr\/blog\/wp-json\/wp\/v2\/media\/13968"}],"wp:attachment":[{"href":"https:\/\/dicodusport.fr\/blog\/wp-json\/wp\/v2\/media?parent=13941"}],"wp:term":[{"taxonomy":"category","embeddable":true,"href":"https:\/\/dicodusport.fr\/blog\/wp-json\/wp\/v2\/categories?post=13941"},{"taxonomy":"post_tag","embeddable":true,"href":"https:\/\/dicodusport.fr\/blog\/wp-json\/wp\/v2\/tags?post=13941"}],"curies":[{"name":"wp","href":"https:\/\/api.w.org\/{rel}","templated":true}]}}