{"id":139605,"date":"2021-06-17T08:09:15","date_gmt":"2021-06-17T06:09:15","guid":{"rendered":"https:\/\/dicodusport.fr\/blog\/?p=139605&#038;preview=true&#038;preview_id=139605"},"modified":"2021-06-17T08:09:15","modified_gmt":"2021-06-17T06:09:15","slug":"sergio-ramos-quitte-le-real-madrid-karim-benzema-nouveau-capitaine","status":"publish","type":"post","link":"https:\/\/dicodusport.fr\/blog\/sergio-ramos-quitte-le-real-madrid-karim-benzema-nouveau-capitaine\/","title":{"rendered":"Sergio Ramos quitte le Real Madrid, Karim Benzema nouveau capitaine ?"},"content":{"rendered":"<p style=\"text-align: justify;\"><strong><em>FOOTBALL &#8211; Comme cela en prenait le chemin ces derni\u00e8res semaines, Sergio Ramos va bien quitter le Real Madrid apr\u00e8s 16 ann\u00e9es au club.\u00a0<\/em><\/strong><\/p>\n<p style=\"text-align: justify;\">Arriv\u00e9 en 2005 \u00e0 la Maison blanche alors qu&rsquo;il \u00e9tait un d\u00e9fenseur tr\u00e8s prometteur, <strong>Sergio Ramos<\/strong> est simplement devenu un des meilleurs au monde \u00e0 son poste. L&rsquo;homme aux 180 s\u00e9lections avec l<em>a Roja<\/em> a accumul\u00e9 les troph\u00e9es au sein de la Maison Blanche, avec cinq championnats d&rsquo;Espagne, quatre Ligue des Champions, deux Coupe d&rsquo;Espagne ou encore quatre Mondial des clubs. D\u00e9fenseur complet, il a aussi marqu\u00e9 des buts importants pour le Real Madrid, comme ce coup de t\u00eate \u00e0 la 92\u00e8me minute pour \u00e9galiser face \u00e0 l&rsquo;Atletico Madrid.<\/p>\n<p style=\"text-align: justify;\">Le Real Madrid perd son capitaine, apr\u00e8s avoir perdu son entra\u00eeneur, et cela pourrait propulser un Fran\u00e7ais comme nouveau capitaine. <strong>Karim Benzema<\/strong> \u00e9tait le troisi\u00e8me dans la hi\u00e9rarchie au club, mais Marcelo ne devrait plus jouer beaucoup, ce qui pourrait permettre \u00e0 l&rsquo;attaquant fran\u00e7ais de devenir le nouveau capitaine d&rsquo;un des plus grands clubs du monde.<\/p>\n<blockquote class=\"twitter-tweet\">\n<p dir=\"ltr\" lang=\"fr\">Communiqu\u00e9 Officiel.<a href=\"https:\/\/twitter.com\/hashtag\/RealMadrid?src=hash&amp;ref_src=twsrc%5Etfw\">#RealMadrid<\/a><\/p>\n<p>\u2014 Real Madrid C.F. &#x1f1eb;&#x1f1f7; (@realmadridfra) <a href=\"https:\/\/twitter.com\/realmadridfra\/status\/1405250523289300997?ref_src=twsrc%5Etfw\">June 16, 2021<\/a><\/p><\/blockquote>\n<p style=\"text-align: justify;\"><script async src=\"https:\/\/platform.twitter.com\/widgets.js\" charset=\"utf-8\"><\/script><\/p>\n","protected":false},"excerpt":{"rendered":"<p>FOOTBALL &#8211; Comme cela en prenait le chemin ces derni\u00e8res semaines, Sergio Ramos va bien quitter le Real Madrid apr\u00e8s 16 ann\u00e9es au club.\u00a0<\/p>\n","protected":false},"author":1,"featured_media":139610,"comment_status":"open","ping_status":"closed","sticky":false,"template":"","format":"standard","meta":{"_acf_changed":false,"_daextam_enable_autolinks":"","footnotes":""},"categories":[2301],"tags":[75,4727,521,5041],"class_list":["post-139605","post","type-post","status-publish","format-standard","has-post-thumbnail","hentry","category-football","tag-football","tag-karim-benzema","tag-real-madrid","tag-sergio-ramos"],"acf":[],"yoast_head":"<!-- This site is optimized with the Yoast SEO Premium plugin v26.7 (Yoast SEO v26.7) - https:\/\/yoast.com\/wordpress\/plugins\/seo\/ -->\n<title>Sergio Ramos quitte le Real Madrid, Karim Benzema nouveau capitaine ?<\/title>\n<meta name=\"description\" content=\"FOOTBALL - Comme cela en prenait le chemin ces derni\u00e8res semaines, Sergio Ramos va bien quitter le Real Madrid apr\u00e8s 16 ann\u00e9es au club.\u00a0\" \/>\n<meta name=\"robots\" content=\"index, follow, max-snippet:-1, max-image-preview:large, max-video-preview:-1\" \/>\n<link rel=\"canonical\" href=\"https:\/\/dicodusport.fr\/blog\/sergio-ramos-quitte-le-real-madrid-karim-benzema-nouveau-capitaine\/\" \/>\n<meta property=\"og:locale\" content=\"fr_FR\" \/>\n<meta property=\"og:type\" content=\"article\" \/>\n<meta property=\"og:title\" content=\"Sergio Ramos quitte le Real Madrid, Karim Benzema nouveau capitaine ?\" \/>\n<meta property=\"og:description\" content=\"FOOTBALL - Comme cela en prenait le chemin ces derni\u00e8res semaines, Sergio Ramos va bien quitter le Real Madrid apr\u00e8s 16 ann\u00e9es au club.\u00a0\" \/>\n<meta property=\"og:url\" content=\"https:\/\/dicodusport.fr\/blog\/sergio-ramos-quitte-le-real-madrid-karim-benzema-nouveau-capitaine\/\" \/>\n<meta property=\"og:site_name\" content=\"Dicodusport\" \/>\n<meta property=\"article:publisher\" content=\"https:\/\/www.facebook.com\/dicodusport\" \/>\n<meta property=\"article:author\" content=\"https:\/\/www.facebook.com\/dicodusport\" \/>\n<meta property=\"article:published_time\" content=\"2021-06-17T06:09:15+00:00\" \/>\n<meta property=\"og:image\" content=\"https:\/\/dicodusport.fr\/blog\/wp-content\/uploads\/2021\/06\/Sergio-Ramos.png\" \/>\n\t<meta property=\"og:image:width\" content=\"1200\" \/>\n\t<meta property=\"og:image:height\" content=\"670\" \/>\n\t<meta property=\"og:image:type\" content=\"image\/png\" \/>\n<meta name=\"author\" content=\"Nicolas Jacquemard\" \/>\n<meta name=\"twitter:card\" content=\"summary_large_image\" \/>\n<meta name=\"twitter:title\" content=\"Sergio Ramos quitte le Real Madrid, Karim Benzema nouveau capitaine ?\" \/>\n<meta name=\"twitter:creator\" content=\"@https:\/\/twitter.com\/Nico_Jacquemard\" \/>\n<meta name=\"twitter:site\" content=\"@dicodusport\" \/>\n<script type=\"application\/ld+json\" class=\"yoast-schema-graph\">{\"@context\":\"https:\/\/schema.org\",\"@graph\":[{\"@type\":\"NewsArticle\",\"@id\":\"https:\/\/dicodusport.fr\/blog\/sergio-ramos-quitte-le-real-madrid-karim-benzema-nouveau-capitaine\/#article\",\"isPartOf\":{\"@id\":\"https:\/\/dicodusport.fr\/blog\/sergio-ramos-quitte-le-real-madrid-karim-benzema-nouveau-capitaine\/\"},\"author\":{\"name\":\"Nicolas Jacquemard\",\"@id\":\"https:\/\/dicodusport.fr\/blog\/#\/schema\/person\/55dcb50ad410894e431ed812bbb70191\"},\"headline\":\"Sergio Ramos quitte le Real Madrid, Karim Benzema nouveau capitaine ?\",\"datePublished\":\"2021-06-17T06:09:15+00:00\",\"mainEntityOfPage\":{\"@id\":\"https:\/\/dicodusport.fr\/blog\/sergio-ramos-quitte-le-real-madrid-karim-benzema-nouveau-capitaine\/\"},\"wordCount\":208,\"commentCount\":0,\"publisher\":{\"@id\":\"https:\/\/dicodusport.fr\/blog\/#organization\"},\"image\":{\"@id\":\"https:\/\/dicodusport.fr\/blog\/sergio-ramos-quitte-le-real-madrid-karim-benzema-nouveau-capitaine\/#primaryimage\"},\"thumbnailUrl\":\"https:\/\/dicodusport.fr\/blog\/wp-content\/uploads\/2021\/06\/Sergio-Ramos.png\",\"keywords\":[\"Football\",\"Karim Benzema\",\"Real Madrid\",\"Sergio Ramos\"],\"articleSection\":[\"Football\"],\"inLanguage\":\"fr-FR\",\"potentialAction\":[{\"@type\":\"CommentAction\",\"name\":\"Comment\",\"target\":[\"https:\/\/dicodusport.fr\/blog\/sergio-ramos-quitte-le-real-madrid-karim-benzema-nouveau-capitaine\/#respond\"]}],\"copyrightYear\":\"2021\",\"copyrightHolder\":{\"@id\":\"https:\/\/dicodusport.fr\/blog\/#organization\"}},{\"@type\":\"WebPage\",\"@id\":\"https:\/\/dicodusport.fr\/blog\/sergio-ramos-quitte-le-real-madrid-karim-benzema-nouveau-capitaine\/\",\"url\":\"https:\/\/dicodusport.fr\/blog\/sergio-ramos-quitte-le-real-madrid-karim-benzema-nouveau-capitaine\/\",\"name\":\"Sergio Ramos quitte le Real Madrid, Karim Benzema nouveau capitaine ?\",\"isPartOf\":{\"@id\":\"https:\/\/dicodusport.fr\/blog\/#website\"},\"primaryImageOfPage\":{\"@id\":\"https:\/\/dicodusport.fr\/blog\/sergio-ramos-quitte-le-real-madrid-karim-benzema-nouveau-capitaine\/#primaryimage\"},\"image\":{\"@id\":\"https:\/\/dicodusport.fr\/blog\/sergio-ramos-quitte-le-real-madrid-karim-benzema-nouveau-capitaine\/#primaryimage\"},\"thumbnailUrl\":\"https:\/\/dicodusport.fr\/blog\/wp-content\/uploads\/2021\/06\/Sergio-Ramos.png\",\"datePublished\":\"2021-06-17T06:09:15+00:00\",\"description\":\"FOOTBALL - Comme cela en prenait le chemin ces derni\u00e8res semaines, Sergio Ramos va bien quitter le Real Madrid apr\u00e8s 16 ann\u00e9es au club.\u00a0\",\"breadcrumb\":{\"@id\":\"https:\/\/dicodusport.fr\/blog\/sergio-ramos-quitte-le-real-madrid-karim-benzema-nouveau-capitaine\/#breadcrumb\"},\"inLanguage\":\"fr-FR\",\"potentialAction\":[{\"@type\":\"ReadAction\",\"target\":[\"https:\/\/dicodusport.fr\/blog\/sergio-ramos-quitte-le-real-madrid-karim-benzema-nouveau-capitaine\/\"]}]},{\"@type\":\"ImageObject\",\"inLanguage\":\"fr-FR\",\"@id\":\"https:\/\/dicodusport.fr\/blog\/sergio-ramos-quitte-le-real-madrid-karim-benzema-nouveau-capitaine\/#primaryimage\",\"url\":\"https:\/\/dicodusport.fr\/blog\/wp-content\/uploads\/2021\/06\/Sergio-Ramos.png\",\"contentUrl\":\"https:\/\/dicodusport.fr\/blog\/wp-content\/uploads\/2021\/06\/Sergio-Ramos.png\",\"width\":1200,\"height\":670},{\"@type\":\"BreadcrumbList\",\"@id\":\"https:\/\/dicodusport.fr\/blog\/sergio-ramos-quitte-le-real-madrid-karim-benzema-nouveau-capitaine\/#breadcrumb\",\"itemListElement\":[{\"@type\":\"ListItem\",\"position\":1,\"name\":\"Accueil\",\"item\":\"https:\/\/dicodusport.fr\/blog\/\"},{\"@type\":\"ListItem\",\"position\":2,\"name\":\"Sergio Ramos quitte le Real Madrid, Karim Benzema nouveau capitaine ?\"}]},{\"@type\":\"WebSite\",\"@id\":\"https:\/\/dicodusport.fr\/blog\/#website\",\"url\":\"https:\/\/dicodusport.fr\/blog\/\",\"name\":\"Dicodusport\",\"description\":\"L&#039;encyclop\u00e9die de l&#039;actualit\u00e9 sportive\",\"publisher\":{\"@id\":\"https:\/\/dicodusport.fr\/blog\/#organization\"},\"potentialAction\":[{\"@type\":\"SearchAction\",\"target\":{\"@type\":\"EntryPoint\",\"urlTemplate\":\"https:\/\/dicodusport.fr\/blog\/?s={search_term_string}\"},\"query-input\":{\"@type\":\"PropertyValueSpecification\",\"valueRequired\":true,\"valueName\":\"search_term_string\"}}],\"inLanguage\":\"fr-FR\"},{\"@type\":\"NewsMediaOrganization\",\"@id\":\"https:\/\/dicodusport.fr\/blog\/#organization\",\"name\":\"Dicodusport\",\"url\":\"https:\/\/dicodusport.fr\/blog\/\",\"logo\":{\"@type\":\"ImageObject\",\"inLanguage\":\"fr-FR\",\"@id\":\"https:\/\/dicodusport.fr\/blog\/#\/schema\/logo\/image\/\",\"url\":\"https:\/\/dicodusport.fr\/blog\/wp-content\/uploads\/2020\/06\/cropped-LOGO-DICODUSPORT-2020-SANS-FOND-SANS-TEXTE.png\",\"contentUrl\":\"https:\/\/dicodusport.fr\/blog\/wp-content\/uploads\/2020\/06\/cropped-LOGO-DICODUSPORT-2020-SANS-FOND-SANS-TEXTE.png\",\"width\":512,\"height\":512,\"caption\":\"Dicodusport\"},\"image\":{\"@id\":\"https:\/\/dicodusport.fr\/blog\/#\/schema\/logo\/image\/\"},\"sameAs\":[\"https:\/\/www.facebook.com\/dicodusport\",\"https:\/\/x.com\/dicodusport\",\"https:\/\/www.instagram.com\/dicodusport\/\",\"https:\/\/www.youtube.com\/channel\/UC7V2KZ5sd3htJivAbA4ZG3w\"],\"description\":\"Dicodusport est l'encyclop\u00e9die de l'actualit\u00e9 sportive.\",\"email\":\"bonjour@dicodusport.fr\",\"legalName\":\"DICODUSPORT\",\"foundingDate\":\"2018-01-14\",\"vatID\":\"FR71834470973\",\"taxID\":\"83447097300043\",\"numberOfEmployees\":{\"@type\":\"QuantitativeValue\",\"minValue\":\"1\",\"maxValue\":\"10\"}},{\"@type\":\"Person\",\"@id\":\"https:\/\/dicodusport.fr\/blog\/#\/schema\/person\/55dcb50ad410894e431ed812bbb70191\",\"name\":\"Nicolas Jacquemard\",\"image\":{\"@type\":\"ImageObject\",\"inLanguage\":\"fr-FR\",\"@id\":\"https:\/\/dicodusport.fr\/blog\/#\/schema\/person\/image\/\",\"url\":\"https:\/\/dicodusport.fr\/blog\/wp-content\/uploads\/2021\/05\/Nicolas-Jacquemard-150x150.jpeg\",\"contentUrl\":\"https:\/\/dicodusport.fr\/blog\/wp-content\/uploads\/2021\/05\/Nicolas-Jacquemard-150x150.jpeg\",\"caption\":\"Nicolas Jacquemard\"},\"description\":\"Passionn\u00e9 de sport et entrepreneur depuis mes 18 ans, la cr\u00e9ation de Dicodusport m'a sembl\u00e9 \u00e9vidente pour participer \u00e0 la m\u00e9diatisation d'un plus grand nombre de sports. Le chemin est long mais avec une \u00e9quipe des plus motiv\u00e9es et les Jeux Olympiques de Paris 2024 en point de mire, nous y arriverons ! Journaliste dans le monde du sport depuis plus de 5 ans, je traite aussi bien de football, de rugby, de biathlon que de cyclisme.\",\"sameAs\":[\"https:\/\/www.facebook.com\/dicodusport\",\"https:\/\/x.com\/https:\/\/twitter.com\/Nico_Jacquemard\"],\"url\":\"https:\/\/dicodusport.fr\/blog\/author\/dicodusport\/\"}]}<\/script>\n<!-- \/ Yoast SEO Premium plugin. -->","yoast_head_json":{"title":"Sergio Ramos quitte le Real Madrid, Karim Benzema nouveau capitaine ?","description":"FOOTBALL - Comme cela en prenait le chemin ces derni\u00e8res semaines, Sergio Ramos va bien quitter le Real Madrid apr\u00e8s 16 ann\u00e9es au club.\u00a0","robots":{"index":"index","follow":"follow","max-snippet":"max-snippet:-1","max-image-preview":"max-image-preview:large","max-video-preview":"max-video-preview:-1"},"canonical":"https:\/\/dicodusport.fr\/blog\/sergio-ramos-quitte-le-real-madrid-karim-benzema-nouveau-capitaine\/","og_locale":"fr_FR","og_type":"article","og_title":"Sergio Ramos quitte le Real Madrid, Karim Benzema nouveau capitaine ?","og_description":"FOOTBALL - Comme cela en prenait le chemin ces derni\u00e8res semaines, Sergio Ramos va bien quitter le Real Madrid apr\u00e8s 16 ann\u00e9es au club.\u00a0","og_url":"https:\/\/dicodusport.fr\/blog\/sergio-ramos-quitte-le-real-madrid-karim-benzema-nouveau-capitaine\/","og_site_name":"Dicodusport","article_publisher":"https:\/\/www.facebook.com\/dicodusport","article_author":"https:\/\/www.facebook.com\/dicodusport","article_published_time":"2021-06-17T06:09:15+00:00","og_image":[{"width":1200,"height":670,"url":"https:\/\/dicodusport.fr\/blog\/wp-content\/uploads\/2021\/06\/Sergio-Ramos.png","type":"image\/png"}],"author":"Nicolas Jacquemard","twitter_card":"summary_large_image","twitter_title":"Sergio Ramos quitte le Real Madrid, Karim Benzema nouveau capitaine ?","twitter_creator":"@https:\/\/twitter.com\/Nico_Jacquemard","twitter_site":"@dicodusport","schema":{"@context":"https:\/\/schema.org","@graph":[{"@type":"NewsArticle","@id":"https:\/\/dicodusport.fr\/blog\/sergio-ramos-quitte-le-real-madrid-karim-benzema-nouveau-capitaine\/#article","isPartOf":{"@id":"https:\/\/dicodusport.fr\/blog\/sergio-ramos-quitte-le-real-madrid-karim-benzema-nouveau-capitaine\/"},"author":{"name":"Nicolas Jacquemard","@id":"https:\/\/dicodusport.fr\/blog\/#\/schema\/person\/55dcb50ad410894e431ed812bbb70191"},"headline":"Sergio Ramos quitte le Real Madrid, Karim Benzema nouveau capitaine ?","datePublished":"2021-06-17T06:09:15+00:00","mainEntityOfPage":{"@id":"https:\/\/dicodusport.fr\/blog\/sergio-ramos-quitte-le-real-madrid-karim-benzema-nouveau-capitaine\/"},"wordCount":208,"commentCount":0,"publisher":{"@id":"https:\/\/dicodusport.fr\/blog\/#organization"},"image":{"@id":"https:\/\/dicodusport.fr\/blog\/sergio-ramos-quitte-le-real-madrid-karim-benzema-nouveau-capitaine\/#primaryimage"},"thumbnailUrl":"https:\/\/dicodusport.fr\/blog\/wp-content\/uploads\/2021\/06\/Sergio-Ramos.png","keywords":["Football","Karim Benzema","Real Madrid","Sergio Ramos"],"articleSection":["Football"],"inLanguage":"fr-FR","potentialAction":[{"@type":"CommentAction","name":"Comment","target":["https:\/\/dicodusport.fr\/blog\/sergio-ramos-quitte-le-real-madrid-karim-benzema-nouveau-capitaine\/#respond"]}],"copyrightYear":"2021","copyrightHolder":{"@id":"https:\/\/dicodusport.fr\/blog\/#organization"}},{"@type":"WebPage","@id":"https:\/\/dicodusport.fr\/blog\/sergio-ramos-quitte-le-real-madrid-karim-benzema-nouveau-capitaine\/","url":"https:\/\/dicodusport.fr\/blog\/sergio-ramos-quitte-le-real-madrid-karim-benzema-nouveau-capitaine\/","name":"Sergio Ramos quitte le Real Madrid, Karim Benzema nouveau capitaine ?","isPartOf":{"@id":"https:\/\/dicodusport.fr\/blog\/#website"},"primaryImageOfPage":{"@id":"https:\/\/dicodusport.fr\/blog\/sergio-ramos-quitte-le-real-madrid-karim-benzema-nouveau-capitaine\/#primaryimage"},"image":{"@id":"https:\/\/dicodusport.fr\/blog\/sergio-ramos-quitte-le-real-madrid-karim-benzema-nouveau-capitaine\/#primaryimage"},"thumbnailUrl":"https:\/\/dicodusport.fr\/blog\/wp-content\/uploads\/2021\/06\/Sergio-Ramos.png","datePublished":"2021-06-17T06:09:15+00:00","description":"FOOTBALL - Comme cela en prenait le chemin ces derni\u00e8res semaines, Sergio Ramos va bien quitter le Real Madrid apr\u00e8s 16 ann\u00e9es au club.\u00a0","breadcrumb":{"@id":"https:\/\/dicodusport.fr\/blog\/sergio-ramos-quitte-le-real-madrid-karim-benzema-nouveau-capitaine\/#breadcrumb"},"inLanguage":"fr-FR","potentialAction":[{"@type":"ReadAction","target":["https:\/\/dicodusport.fr\/blog\/sergio-ramos-quitte-le-real-madrid-karim-benzema-nouveau-capitaine\/"]}]},{"@type":"ImageObject","inLanguage":"fr-FR","@id":"https:\/\/dicodusport.fr\/blog\/sergio-ramos-quitte-le-real-madrid-karim-benzema-nouveau-capitaine\/#primaryimage","url":"https:\/\/dicodusport.fr\/blog\/wp-content\/uploads\/2021\/06\/Sergio-Ramos.png","contentUrl":"https:\/\/dicodusport.fr\/blog\/wp-content\/uploads\/2021\/06\/Sergio-Ramos.png","width":1200,"height":670},{"@type":"BreadcrumbList","@id":"https:\/\/dicodusport.fr\/blog\/sergio-ramos-quitte-le-real-madrid-karim-benzema-nouveau-capitaine\/#breadcrumb","itemListElement":[{"@type":"ListItem","position":1,"name":"Accueil","item":"https:\/\/dicodusport.fr\/blog\/"},{"@type":"ListItem","position":2,"name":"Sergio Ramos quitte le Real Madrid, Karim Benzema nouveau capitaine ?"}]},{"@type":"WebSite","@id":"https:\/\/dicodusport.fr\/blog\/#website","url":"https:\/\/dicodusport.fr\/blog\/","name":"Dicodusport","description":"L&#039;encyclop\u00e9die de l&#039;actualit\u00e9 sportive","publisher":{"@id":"https:\/\/dicodusport.fr\/blog\/#organization"},"potentialAction":[{"@type":"SearchAction","target":{"@type":"EntryPoint","urlTemplate":"https:\/\/dicodusport.fr\/blog\/?s={search_term_string}"},"query-input":{"@type":"PropertyValueSpecification","valueRequired":true,"valueName":"search_term_string"}}],"inLanguage":"fr-FR"},{"@type":"NewsMediaOrganization","@id":"https:\/\/dicodusport.fr\/blog\/#organization","name":"Dicodusport","url":"https:\/\/dicodusport.fr\/blog\/","logo":{"@type":"ImageObject","inLanguage":"fr-FR","@id":"https:\/\/dicodusport.fr\/blog\/#\/schema\/logo\/image\/","url":"https:\/\/dicodusport.fr\/blog\/wp-content\/uploads\/2020\/06\/cropped-LOGO-DICODUSPORT-2020-SANS-FOND-SANS-TEXTE.png","contentUrl":"https:\/\/dicodusport.fr\/blog\/wp-content\/uploads\/2020\/06\/cropped-LOGO-DICODUSPORT-2020-SANS-FOND-SANS-TEXTE.png","width":512,"height":512,"caption":"Dicodusport"},"image":{"@id":"https:\/\/dicodusport.fr\/blog\/#\/schema\/logo\/image\/"},"sameAs":["https:\/\/www.facebook.com\/dicodusport","https:\/\/x.com\/dicodusport","https:\/\/www.instagram.com\/dicodusport\/","https:\/\/www.youtube.com\/channel\/UC7V2KZ5sd3htJivAbA4ZG3w"],"description":"Dicodusport est l'encyclop\u00e9die de l'actualit\u00e9 sportive.","email":"bonjour@dicodusport.fr","legalName":"DICODUSPORT","foundingDate":"2018-01-14","vatID":"FR71834470973","taxID":"83447097300043","numberOfEmployees":{"@type":"QuantitativeValue","minValue":"1","maxValue":"10"}},{"@type":"Person","@id":"https:\/\/dicodusport.fr\/blog\/#\/schema\/person\/55dcb50ad410894e431ed812bbb70191","name":"Nicolas Jacquemard","image":{"@type":"ImageObject","inLanguage":"fr-FR","@id":"https:\/\/dicodusport.fr\/blog\/#\/schema\/person\/image\/","url":"https:\/\/dicodusport.fr\/blog\/wp-content\/uploads\/2021\/05\/Nicolas-Jacquemard-150x150.jpeg","contentUrl":"https:\/\/dicodusport.fr\/blog\/wp-content\/uploads\/2021\/05\/Nicolas-Jacquemard-150x150.jpeg","caption":"Nicolas Jacquemard"},"description":"Passionn\u00e9 de sport et entrepreneur depuis mes 18 ans, la cr\u00e9ation de Dicodusport m'a sembl\u00e9 \u00e9vidente pour participer \u00e0 la m\u00e9diatisation d'un plus grand nombre de sports. Le chemin est long mais avec une \u00e9quipe des plus motiv\u00e9es et les Jeux Olympiques de Paris 2024 en point de mire, nous y arriverons ! Journaliste dans le monde du sport depuis plus de 5 ans, je traite aussi bien de football, de rugby, de biathlon que de cyclisme.","sameAs":["https:\/\/www.facebook.com\/dicodusport","https:\/\/x.com\/https:\/\/twitter.com\/Nico_Jacquemard"],"url":"https:\/\/dicodusport.fr\/blog\/author\/dicodusport\/"}]}},"_links":{"self":[{"href":"https:\/\/dicodusport.fr\/blog\/wp-json\/wp\/v2\/posts\/139605","targetHints":{"allow":["GET"]}}],"collection":[{"href":"https:\/\/dicodusport.fr\/blog\/wp-json\/wp\/v2\/posts"}],"about":[{"href":"https:\/\/dicodusport.fr\/blog\/wp-json\/wp\/v2\/types\/post"}],"author":[{"embeddable":true,"href":"https:\/\/dicodusport.fr\/blog\/wp-json\/wp\/v2\/users\/1"}],"replies":[{"embeddable":true,"href":"https:\/\/dicodusport.fr\/blog\/wp-json\/wp\/v2\/comments?post=139605"}],"version-history":[{"count":0,"href":"https:\/\/dicodusport.fr\/blog\/wp-json\/wp\/v2\/posts\/139605\/revisions"}],"wp:featuredmedia":[{"embeddable":true,"href":"https:\/\/dicodusport.fr\/blog\/wp-json\/wp\/v2\/media\/139610"}],"wp:attachment":[{"href":"https:\/\/dicodusport.fr\/blog\/wp-json\/wp\/v2\/media?parent=139605"}],"wp:term":[{"taxonomy":"category","embeddable":true,"href":"https:\/\/dicodusport.fr\/blog\/wp-json\/wp\/v2\/categories?post=139605"},{"taxonomy":"post_tag","embeddable":true,"href":"https:\/\/dicodusport.fr\/blog\/wp-json\/wp\/v2\/tags?post=139605"}],"curies":[{"name":"wp","href":"https:\/\/api.w.org\/{rel}","templated":true}]}}