{"id":139696,"date":"2021-06-17T15:05:27","date_gmt":"2021-06-17T13:05:27","guid":{"rendered":"https:\/\/dicodusport.fr\/blog\/?p=139696"},"modified":"2021-06-17T19:45:21","modified_gmt":"2021-06-17T17:45:21","slug":"championnats-de-france-audrey-cordon-ragot-sacree-sur-le-chrono","status":"publish","type":"post","link":"https:\/\/dicodusport.fr\/blog\/championnats-de-france-audrey-cordon-ragot-sacree-sur-le-chrono\/","title":{"rendered":"Championnats de France : Audrey Cordon-Ragot sacr\u00e9e sur le chrono"},"content":{"rendered":"<p style=\"text-align: justify;\"><em><strong>CYCLISME &#8211; CHAMPIONNATS DE FRANCE 2021 &#8211; Sur une distance<\/strong><\/em><em><strong> de 26,3 kilom\u00e8tres entre Thaon-les-Vosges et \u00c9pinal, Audrey Cordon-Ragot (Trek-Segafredo) a d\u00e9croch\u00e9 un cinqui\u00e8me titre de championne de France du contre-la-montre, apr\u00e8s ses sacres en 2015, 2016, 2017 et 2018. Championne de France sortante, Juliette Labous (Team DSM) termine deuxi\u00e8me.<\/strong><\/em><\/p>\n<p style=\"text-align: justify;\">En r\u00e9alisant une seconde moiti\u00e9 de parcours impressionnante, <strong>Audrey Cordon-Ragot<\/strong> (Trek Segafredo) a r\u00e9alis\u00e9 le meilleur temps en 38 minutes et 11 secondes. Partie prudemment, Cordon-Ragot a fait donc la diff\u00e9rence dans la partie vallonn\u00e9e.<\/p>\n<p style=\"text-align: justify;\">Ensuite, la tenante du titre <strong>Juliette Labous<\/strong> (Team DSM) a fini 2\u00e8me \u00e0 29 secondes de la Bretonne alors qu&rsquo;elle n&rsquo;\u00e9tait en retard que de 10 secondes au premier interm\u00e9diaire apr\u00e8s 11,4 kilom\u00e8tres. <strong>Labous<\/strong> sera la repr\u00e9sentante fran\u00e7aise aux Jeux Olympiques de Tokyo. Elle a effectu\u00e9 un stage en altitude \u00e0 Tignes avant ces championnats de France et cela lui a peut-\u00eatre co\u00fbt\u00e9 un peu de force aujourd&rsquo;hui.<\/p>\n<p style=\"text-align: justify;\">Premi\u00e8re concurrente \u00e0 s&rsquo;\u00eatre \u00e9lanc\u00e9e \u00e0 13h et \u00e0 bout de forces sous la chaleur vosgienne, la coureuse de 20 ans <strong>Cedrine Kerbaol<\/strong> (Team Ark\u00e9a) a fait un chrono de 39 minutes et 29 secondes pour monter sur la troisi\u00e8me marche du podium devant <strong>Coralie Demay<\/strong> (Stade Rochelais Charente-Maritime WC) et <strong>Pauline Ferrand-Pr\u00e9vot<\/strong> (Grand Est). Samedi, les femmes se retrouveront \u00e0 Epinal pour la course en ligne.<\/p>\n<blockquote class=\"twitter-tweet\">\n<p dir=\"ltr\" lang=\"en\">Congratulations to the new French TT Champion <a href=\"https:\/\/twitter.com\/CordonRagot?ref_src=twsrc%5Etfw\">@CordonRagot<\/a> &#x1f44f;&#x1f3c6;&#x1f1eb;&#x1f1f7;<br \/>\nSuper strong ride by our Breton rider &#x1f4aa; Second place for Labous (+29&Prime;) and third for Kerbaol (+1&rsquo;17\u00a0\u00bb) <a href=\"https:\/\/t.co\/HGu4RSjvZ4\">pic.twitter.com\/HGu4RSjvZ4<\/a><\/p>\n<p>\u2014 Trek-Segafredo (@TrekSegafredo) <a href=\"https:\/\/twitter.com\/TrekSegafredo\/status\/1405514509620494336?ref_src=twsrc%5Etfw\">June 17, 2021<\/a><\/p><\/blockquote>\n<p><script async src=\"https:\/\/platform.twitter.com\/widgets.js\" charset=\"utf-8\"><\/script><\/p>\n<ul>\n<li style=\"text-align: justify;\"><strong>\u00c0 lire aussi &#8211; <a href=\"https:\/\/dicodusport.fr\/blog\/cyclisme-championnats-de-france-2021-contre-la-montre-femmes-classement\/\">Championnats de France 2021 \u2013 Contre-la-montre femmes : le classement<\/a><\/strong><\/li>\n<\/ul>\n","protected":false},"excerpt":{"rendered":"<p>CYCLISME &#8211; Sur une distance de 26,3 kilom\u00e8tres entre Thaon-les-Vosges et \u00c9pinal, Audrey Cordon-Ragot (Trek-Segafredo) a d\u00e9croch\u00e9 un cinqui\u00e8me titre de championne de France du contre-la-montre, apr\u00e8s ses sacres en 2015, 2016, 2017 et 2018.<\/p>\n","protected":false},"author":48,"featured_media":139716,"comment_status":"open","ping_status":"closed","sticky":false,"template":"","format":"standard","meta":{"_acf_changed":false,"_daextam_enable_autolinks":"","footnotes":""},"categories":[2307],"tags":[3119,17420,2875],"class_list":["post-139696","post","type-post","status-publish","format-standard","has-post-thumbnail","hentry","category-cyclisme","tag-actualite-cyclisme","tag-championnats-de-france-de-cyclisme","tag-cyclisme-feminin"],"acf":[],"yoast_head":"<!-- This site is optimized with the Yoast SEO Premium plugin v26.7 (Yoast SEO v26.7) - https:\/\/yoast.com\/wordpress\/plugins\/seo\/ -->\n<title>Championnats de France : Audrey Cordon-Ragot sacr\u00e9e sur le chrono<\/title>\n<meta name=\"description\" content=\"CYCLISME - Audrey Cordon-Ragot (Trek-Segafredo) a d\u00e9croch\u00e9 un cinqui\u00e8me titre de championne de France du contre-la-montre.\" \/>\n<meta name=\"robots\" content=\"index, follow, max-snippet:-1, max-image-preview:large, max-video-preview:-1\" \/>\n<link rel=\"canonical\" href=\"https:\/\/dicodusport.fr\/blog\/championnats-de-france-audrey-cordon-ragot-sacree-sur-le-chrono\/\" \/>\n<meta property=\"og:locale\" content=\"fr_FR\" \/>\n<meta property=\"og:type\" content=\"article\" \/>\n<meta property=\"og:title\" content=\"Championnats de France : Audrey Cordon-Ragot sacr\u00e9e sur le chrono\" \/>\n<meta property=\"og:description\" content=\"CYCLISME - Audrey Cordon-Ragot (Trek-Segafredo) a d\u00e9croch\u00e9 un cinqui\u00e8me titre de championne de France du contre-la-montre.\" \/>\n<meta property=\"og:url\" content=\"https:\/\/dicodusport.fr\/blog\/championnats-de-france-audrey-cordon-ragot-sacree-sur-le-chrono\/\" \/>\n<meta property=\"og:site_name\" content=\"Dicodusport\" \/>\n<meta property=\"article:publisher\" content=\"https:\/\/www.facebook.com\/dicodusport\" \/>\n<meta property=\"article:author\" content=\"https:\/\/www.facebook.com\/groups\/LesRoisDuPeloton\" \/>\n<meta property=\"article:published_time\" content=\"2021-06-17T13:05:27+00:00\" \/>\n<meta property=\"article:modified_time\" content=\"2021-06-17T17:45:21+00:00\" \/>\n<meta property=\"og:image\" content=\"https:\/\/dicodusport.fr\/blog\/wp-content\/uploads\/2021\/06\/Cyclisme-Championnats-de-France-Audrey-Cordon-Ragot-sacree-sur-le-chrono.png\" \/>\n\t<meta property=\"og:image:width\" content=\"800\" \/>\n\t<meta property=\"og:image:height\" content=\"445\" \/>\n\t<meta property=\"og:image:type\" content=\"image\/png\" \/>\n<meta name=\"author\" content=\"Emilien Descampiaux\" \/>\n<meta name=\"twitter:card\" content=\"summary_large_image\" \/>\n<meta name=\"twitter:title\" content=\"Championnats de France : Audrey Cordon-Ragot sacr\u00e9e sur le chrono\" \/>\n<meta name=\"twitter:creator\" content=\"@https:\/\/twitter.com\/LRoisDuPeloton\" \/>\n<meta name=\"twitter:site\" content=\"@dicodusport\" \/>\n<script type=\"application\/ld+json\" class=\"yoast-schema-graph\">{\"@context\":\"https:\/\/schema.org\",\"@graph\":[{\"@type\":\"NewsArticle\",\"@id\":\"https:\/\/dicodusport.fr\/blog\/championnats-de-france-audrey-cordon-ragot-sacree-sur-le-chrono\/#article\",\"isPartOf\":{\"@id\":\"https:\/\/dicodusport.fr\/blog\/championnats-de-france-audrey-cordon-ragot-sacree-sur-le-chrono\/\"},\"author\":{\"name\":\"Emilien Descampiaux\",\"@id\":\"https:\/\/dicodusport.fr\/blog\/#\/schema\/person\/6db4bae06b171592211be385b32876a7\"},\"headline\":\"Championnats de France : Audrey Cordon-Ragot sacr\u00e9e sur le chrono\",\"datePublished\":\"2021-06-17T13:05:27+00:00\",\"dateModified\":\"2021-06-17T17:45:21+00:00\",\"mainEntityOfPage\":{\"@id\":\"https:\/\/dicodusport.fr\/blog\/championnats-de-france-audrey-cordon-ragot-sacree-sur-le-chrono\/\"},\"wordCount\":291,\"commentCount\":0,\"publisher\":{\"@id\":\"https:\/\/dicodusport.fr\/blog\/#organization\"},\"image\":{\"@id\":\"https:\/\/dicodusport.fr\/blog\/championnats-de-france-audrey-cordon-ragot-sacree-sur-le-chrono\/#primaryimage\"},\"thumbnailUrl\":\"https:\/\/dicodusport.fr\/blog\/wp-content\/uploads\/2021\/06\/Cyclisme-Championnats-de-France-Audrey-Cordon-Ragot-sacree-sur-le-chrono.png\",\"keywords\":[\"Actualit\u00e9 Cyclisme\",\"Championnats de France de cyclisme\",\"cyclisme f\u00e9minin\"],\"articleSection\":[\"Cyclisme\"],\"inLanguage\":\"fr-FR\",\"potentialAction\":[{\"@type\":\"CommentAction\",\"name\":\"Comment\",\"target\":[\"https:\/\/dicodusport.fr\/blog\/championnats-de-france-audrey-cordon-ragot-sacree-sur-le-chrono\/#respond\"]}],\"copyrightYear\":\"2021\",\"copyrightHolder\":{\"@id\":\"https:\/\/dicodusport.fr\/blog\/#organization\"}},{\"@type\":\"WebPage\",\"@id\":\"https:\/\/dicodusport.fr\/blog\/championnats-de-france-audrey-cordon-ragot-sacree-sur-le-chrono\/\",\"url\":\"https:\/\/dicodusport.fr\/blog\/championnats-de-france-audrey-cordon-ragot-sacree-sur-le-chrono\/\",\"name\":\"Championnats de France : Audrey Cordon-Ragot sacr\u00e9e sur le chrono\",\"isPartOf\":{\"@id\":\"https:\/\/dicodusport.fr\/blog\/#website\"},\"primaryImageOfPage\":{\"@id\":\"https:\/\/dicodusport.fr\/blog\/championnats-de-france-audrey-cordon-ragot-sacree-sur-le-chrono\/#primaryimage\"},\"image\":{\"@id\":\"https:\/\/dicodusport.fr\/blog\/championnats-de-france-audrey-cordon-ragot-sacree-sur-le-chrono\/#primaryimage\"},\"thumbnailUrl\":\"https:\/\/dicodusport.fr\/blog\/wp-content\/uploads\/2021\/06\/Cyclisme-Championnats-de-France-Audrey-Cordon-Ragot-sacree-sur-le-chrono.png\",\"datePublished\":\"2021-06-17T13:05:27+00:00\",\"dateModified\":\"2021-06-17T17:45:21+00:00\",\"description\":\"CYCLISME - Audrey Cordon-Ragot (Trek-Segafredo) a d\u00e9croch\u00e9 un cinqui\u00e8me titre de championne de France du contre-la-montre.\",\"breadcrumb\":{\"@id\":\"https:\/\/dicodusport.fr\/blog\/championnats-de-france-audrey-cordon-ragot-sacree-sur-le-chrono\/#breadcrumb\"},\"inLanguage\":\"fr-FR\",\"potentialAction\":[{\"@type\":\"ReadAction\",\"target\":[\"https:\/\/dicodusport.fr\/blog\/championnats-de-france-audrey-cordon-ragot-sacree-sur-le-chrono\/\"]}]},{\"@type\":\"ImageObject\",\"inLanguage\":\"fr-FR\",\"@id\":\"https:\/\/dicodusport.fr\/blog\/championnats-de-france-audrey-cordon-ragot-sacree-sur-le-chrono\/#primaryimage\",\"url\":\"https:\/\/dicodusport.fr\/blog\/wp-content\/uploads\/2021\/06\/Cyclisme-Championnats-de-France-Audrey-Cordon-Ragot-sacree-sur-le-chrono.png\",\"contentUrl\":\"https:\/\/dicodusport.fr\/blog\/wp-content\/uploads\/2021\/06\/Cyclisme-Championnats-de-France-Audrey-Cordon-Ragot-sacree-sur-le-chrono.png\",\"width\":800,\"height\":445,\"caption\":\"Cyclisme - Championnats de France - Audrey Cordon-Ragot sacr\u00e9e sur le chrono\"},{\"@type\":\"BreadcrumbList\",\"@id\":\"https:\/\/dicodusport.fr\/blog\/championnats-de-france-audrey-cordon-ragot-sacree-sur-le-chrono\/#breadcrumb\",\"itemListElement\":[{\"@type\":\"ListItem\",\"position\":1,\"name\":\"Accueil\",\"item\":\"https:\/\/dicodusport.fr\/blog\/\"},{\"@type\":\"ListItem\",\"position\":2,\"name\":\"Championnats de France : Audrey Cordon-Ragot sacr\u00e9e sur le chrono\"}]},{\"@type\":\"WebSite\",\"@id\":\"https:\/\/dicodusport.fr\/blog\/#website\",\"url\":\"https:\/\/dicodusport.fr\/blog\/\",\"name\":\"Dicodusport\",\"description\":\"L&#039;encyclop\u00e9die de l&#039;actualit\u00e9 sportive\",\"publisher\":{\"@id\":\"https:\/\/dicodusport.fr\/blog\/#organization\"},\"potentialAction\":[{\"@type\":\"SearchAction\",\"target\":{\"@type\":\"EntryPoint\",\"urlTemplate\":\"https:\/\/dicodusport.fr\/blog\/?s={search_term_string}\"},\"query-input\":{\"@type\":\"PropertyValueSpecification\",\"valueRequired\":true,\"valueName\":\"search_term_string\"}}],\"inLanguage\":\"fr-FR\"},{\"@type\":\"NewsMediaOrganization\",\"@id\":\"https:\/\/dicodusport.fr\/blog\/#organization\",\"name\":\"Dicodusport\",\"url\":\"https:\/\/dicodusport.fr\/blog\/\",\"logo\":{\"@type\":\"ImageObject\",\"inLanguage\":\"fr-FR\",\"@id\":\"https:\/\/dicodusport.fr\/blog\/#\/schema\/logo\/image\/\",\"url\":\"https:\/\/dicodusport.fr\/blog\/wp-content\/uploads\/2020\/06\/cropped-LOGO-DICODUSPORT-2020-SANS-FOND-SANS-TEXTE.png\",\"contentUrl\":\"https:\/\/dicodusport.fr\/blog\/wp-content\/uploads\/2020\/06\/cropped-LOGO-DICODUSPORT-2020-SANS-FOND-SANS-TEXTE.png\",\"width\":512,\"height\":512,\"caption\":\"Dicodusport\"},\"image\":{\"@id\":\"https:\/\/dicodusport.fr\/blog\/#\/schema\/logo\/image\/\"},\"sameAs\":[\"https:\/\/www.facebook.com\/dicodusport\",\"https:\/\/x.com\/dicodusport\",\"https:\/\/www.instagram.com\/dicodusport\/\",\"https:\/\/www.youtube.com\/channel\/UC7V2KZ5sd3htJivAbA4ZG3w\"],\"description\":\"Dicodusport est l'encyclop\u00e9die de l'actualit\u00e9 sportive.\",\"email\":\"bonjour@dicodusport.fr\",\"legalName\":\"DICODUSPORT\",\"foundingDate\":\"2018-01-14\",\"vatID\":\"FR71834470973\",\"taxID\":\"83447097300043\",\"numberOfEmployees\":{\"@type\":\"QuantitativeValue\",\"minValue\":\"1\",\"maxValue\":\"10\"}},{\"@type\":\"Person\",\"@id\":\"https:\/\/dicodusport.fr\/blog\/#\/schema\/person\/6db4bae06b171592211be385b32876a7\",\"name\":\"Emilien Descampiaux\",\"image\":{\"@type\":\"ImageObject\",\"inLanguage\":\"fr-FR\",\"@id\":\"https:\/\/dicodusport.fr\/blog\/#\/schema\/person\/image\/\",\"url\":\"https:\/\/dicodusport.fr\/blog\/wp-content\/uploads\/2021\/05\/Emilien-Descampiaux-150x150.jpg\",\"contentUrl\":\"https:\/\/dicodusport.fr\/blog\/wp-content\/uploads\/2021\/05\/Emilien-Descampiaux-150x150.jpg\",\"caption\":\"Emilien Descampiaux\"},\"description\":\"Journaliste\/r\u00e9dacteur depuis 2014 - Fan de la classe de Frank Vandenbroucke, je vis cyclisme (et de ses paysages) depuis plus de 20 ans. Je suis tr\u00e8s impliqu\u00e9 sur mes diff\u00e9rents r\u00e9seaux sociaux pour partager ma passion sur le monde et l'Histoire de la bicyclette avec ma voix sur les images en noir et blanc du succ\u00e8s de Rik Van Steenbergen lors du Ronde sur le V\u00e9lodrome de Gand.\",\"sameAs\":[\"https:\/\/www.facebook.com\/groups\/LesRoisDuPeloton\",\"https:\/\/x.com\/https:\/\/twitter.com\/LRoisDuPeloton\"],\"url\":\"https:\/\/dicodusport.fr\/blog\/author\/emiliend\/\"}]}<\/script>\n<!-- \/ Yoast SEO Premium plugin. -->","yoast_head_json":{"title":"Championnats de France : Audrey Cordon-Ragot sacr\u00e9e sur le chrono","description":"CYCLISME - Audrey Cordon-Ragot (Trek-Segafredo) a d\u00e9croch\u00e9 un cinqui\u00e8me titre de championne de France du contre-la-montre.","robots":{"index":"index","follow":"follow","max-snippet":"max-snippet:-1","max-image-preview":"max-image-preview:large","max-video-preview":"max-video-preview:-1"},"canonical":"https:\/\/dicodusport.fr\/blog\/championnats-de-france-audrey-cordon-ragot-sacree-sur-le-chrono\/","og_locale":"fr_FR","og_type":"article","og_title":"Championnats de France : Audrey Cordon-Ragot sacr\u00e9e sur le chrono","og_description":"CYCLISME - Audrey Cordon-Ragot (Trek-Segafredo) a d\u00e9croch\u00e9 un cinqui\u00e8me titre de championne de France du contre-la-montre.","og_url":"https:\/\/dicodusport.fr\/blog\/championnats-de-france-audrey-cordon-ragot-sacree-sur-le-chrono\/","og_site_name":"Dicodusport","article_publisher":"https:\/\/www.facebook.com\/dicodusport","article_author":"https:\/\/www.facebook.com\/groups\/LesRoisDuPeloton","article_published_time":"2021-06-17T13:05:27+00:00","article_modified_time":"2021-06-17T17:45:21+00:00","og_image":[{"width":800,"height":445,"url":"https:\/\/dicodusport.fr\/blog\/wp-content\/uploads\/2021\/06\/Cyclisme-Championnats-de-France-Audrey-Cordon-Ragot-sacree-sur-le-chrono.png","type":"image\/png"}],"author":"Emilien Descampiaux","twitter_card":"summary_large_image","twitter_title":"Championnats de France : Audrey Cordon-Ragot sacr\u00e9e sur le chrono","twitter_creator":"@https:\/\/twitter.com\/LRoisDuPeloton","twitter_site":"@dicodusport","schema":{"@context":"https:\/\/schema.org","@graph":[{"@type":"NewsArticle","@id":"https:\/\/dicodusport.fr\/blog\/championnats-de-france-audrey-cordon-ragot-sacree-sur-le-chrono\/#article","isPartOf":{"@id":"https:\/\/dicodusport.fr\/blog\/championnats-de-france-audrey-cordon-ragot-sacree-sur-le-chrono\/"},"author":{"name":"Emilien Descampiaux","@id":"https:\/\/dicodusport.fr\/blog\/#\/schema\/person\/6db4bae06b171592211be385b32876a7"},"headline":"Championnats de France : Audrey Cordon-Ragot sacr\u00e9e sur le chrono","datePublished":"2021-06-17T13:05:27+00:00","dateModified":"2021-06-17T17:45:21+00:00","mainEntityOfPage":{"@id":"https:\/\/dicodusport.fr\/blog\/championnats-de-france-audrey-cordon-ragot-sacree-sur-le-chrono\/"},"wordCount":291,"commentCount":0,"publisher":{"@id":"https:\/\/dicodusport.fr\/blog\/#organization"},"image":{"@id":"https:\/\/dicodusport.fr\/blog\/championnats-de-france-audrey-cordon-ragot-sacree-sur-le-chrono\/#primaryimage"},"thumbnailUrl":"https:\/\/dicodusport.fr\/blog\/wp-content\/uploads\/2021\/06\/Cyclisme-Championnats-de-France-Audrey-Cordon-Ragot-sacree-sur-le-chrono.png","keywords":["Actualit\u00e9 Cyclisme","Championnats de France de cyclisme","cyclisme f\u00e9minin"],"articleSection":["Cyclisme"],"inLanguage":"fr-FR","potentialAction":[{"@type":"CommentAction","name":"Comment","target":["https:\/\/dicodusport.fr\/blog\/championnats-de-france-audrey-cordon-ragot-sacree-sur-le-chrono\/#respond"]}],"copyrightYear":"2021","copyrightHolder":{"@id":"https:\/\/dicodusport.fr\/blog\/#organization"}},{"@type":"WebPage","@id":"https:\/\/dicodusport.fr\/blog\/championnats-de-france-audrey-cordon-ragot-sacree-sur-le-chrono\/","url":"https:\/\/dicodusport.fr\/blog\/championnats-de-france-audrey-cordon-ragot-sacree-sur-le-chrono\/","name":"Championnats de France : Audrey Cordon-Ragot sacr\u00e9e sur le chrono","isPartOf":{"@id":"https:\/\/dicodusport.fr\/blog\/#website"},"primaryImageOfPage":{"@id":"https:\/\/dicodusport.fr\/blog\/championnats-de-france-audrey-cordon-ragot-sacree-sur-le-chrono\/#primaryimage"},"image":{"@id":"https:\/\/dicodusport.fr\/blog\/championnats-de-france-audrey-cordon-ragot-sacree-sur-le-chrono\/#primaryimage"},"thumbnailUrl":"https:\/\/dicodusport.fr\/blog\/wp-content\/uploads\/2021\/06\/Cyclisme-Championnats-de-France-Audrey-Cordon-Ragot-sacree-sur-le-chrono.png","datePublished":"2021-06-17T13:05:27+00:00","dateModified":"2021-06-17T17:45:21+00:00","description":"CYCLISME - Audrey Cordon-Ragot (Trek-Segafredo) a d\u00e9croch\u00e9 un cinqui\u00e8me titre de championne de France du contre-la-montre.","breadcrumb":{"@id":"https:\/\/dicodusport.fr\/blog\/championnats-de-france-audrey-cordon-ragot-sacree-sur-le-chrono\/#breadcrumb"},"inLanguage":"fr-FR","potentialAction":[{"@type":"ReadAction","target":["https:\/\/dicodusport.fr\/blog\/championnats-de-france-audrey-cordon-ragot-sacree-sur-le-chrono\/"]}]},{"@type":"ImageObject","inLanguage":"fr-FR","@id":"https:\/\/dicodusport.fr\/blog\/championnats-de-france-audrey-cordon-ragot-sacree-sur-le-chrono\/#primaryimage","url":"https:\/\/dicodusport.fr\/blog\/wp-content\/uploads\/2021\/06\/Cyclisme-Championnats-de-France-Audrey-Cordon-Ragot-sacree-sur-le-chrono.png","contentUrl":"https:\/\/dicodusport.fr\/blog\/wp-content\/uploads\/2021\/06\/Cyclisme-Championnats-de-France-Audrey-Cordon-Ragot-sacree-sur-le-chrono.png","width":800,"height":445,"caption":"Cyclisme - Championnats de France - Audrey Cordon-Ragot sacr\u00e9e sur le chrono"},{"@type":"BreadcrumbList","@id":"https:\/\/dicodusport.fr\/blog\/championnats-de-france-audrey-cordon-ragot-sacree-sur-le-chrono\/#breadcrumb","itemListElement":[{"@type":"ListItem","position":1,"name":"Accueil","item":"https:\/\/dicodusport.fr\/blog\/"},{"@type":"ListItem","position":2,"name":"Championnats de France : Audrey Cordon-Ragot sacr\u00e9e sur le chrono"}]},{"@type":"WebSite","@id":"https:\/\/dicodusport.fr\/blog\/#website","url":"https:\/\/dicodusport.fr\/blog\/","name":"Dicodusport","description":"L&#039;encyclop\u00e9die de l&#039;actualit\u00e9 sportive","publisher":{"@id":"https:\/\/dicodusport.fr\/blog\/#organization"},"potentialAction":[{"@type":"SearchAction","target":{"@type":"EntryPoint","urlTemplate":"https:\/\/dicodusport.fr\/blog\/?s={search_term_string}"},"query-input":{"@type":"PropertyValueSpecification","valueRequired":true,"valueName":"search_term_string"}}],"inLanguage":"fr-FR"},{"@type":"NewsMediaOrganization","@id":"https:\/\/dicodusport.fr\/blog\/#organization","name":"Dicodusport","url":"https:\/\/dicodusport.fr\/blog\/","logo":{"@type":"ImageObject","inLanguage":"fr-FR","@id":"https:\/\/dicodusport.fr\/blog\/#\/schema\/logo\/image\/","url":"https:\/\/dicodusport.fr\/blog\/wp-content\/uploads\/2020\/06\/cropped-LOGO-DICODUSPORT-2020-SANS-FOND-SANS-TEXTE.png","contentUrl":"https:\/\/dicodusport.fr\/blog\/wp-content\/uploads\/2020\/06\/cropped-LOGO-DICODUSPORT-2020-SANS-FOND-SANS-TEXTE.png","width":512,"height":512,"caption":"Dicodusport"},"image":{"@id":"https:\/\/dicodusport.fr\/blog\/#\/schema\/logo\/image\/"},"sameAs":["https:\/\/www.facebook.com\/dicodusport","https:\/\/x.com\/dicodusport","https:\/\/www.instagram.com\/dicodusport\/","https:\/\/www.youtube.com\/channel\/UC7V2KZ5sd3htJivAbA4ZG3w"],"description":"Dicodusport est l'encyclop\u00e9die de l'actualit\u00e9 sportive.","email":"bonjour@dicodusport.fr","legalName":"DICODUSPORT","foundingDate":"2018-01-14","vatID":"FR71834470973","taxID":"83447097300043","numberOfEmployees":{"@type":"QuantitativeValue","minValue":"1","maxValue":"10"}},{"@type":"Person","@id":"https:\/\/dicodusport.fr\/blog\/#\/schema\/person\/6db4bae06b171592211be385b32876a7","name":"Emilien Descampiaux","image":{"@type":"ImageObject","inLanguage":"fr-FR","@id":"https:\/\/dicodusport.fr\/blog\/#\/schema\/person\/image\/","url":"https:\/\/dicodusport.fr\/blog\/wp-content\/uploads\/2021\/05\/Emilien-Descampiaux-150x150.jpg","contentUrl":"https:\/\/dicodusport.fr\/blog\/wp-content\/uploads\/2021\/05\/Emilien-Descampiaux-150x150.jpg","caption":"Emilien Descampiaux"},"description":"Journaliste\/r\u00e9dacteur depuis 2014 - Fan de la classe de Frank Vandenbroucke, je vis cyclisme (et de ses paysages) depuis plus de 20 ans. Je suis tr\u00e8s impliqu\u00e9 sur mes diff\u00e9rents r\u00e9seaux sociaux pour partager ma passion sur le monde et l'Histoire de la bicyclette avec ma voix sur les images en noir et blanc du succ\u00e8s de Rik Van Steenbergen lors du Ronde sur le V\u00e9lodrome de Gand.","sameAs":["https:\/\/www.facebook.com\/groups\/LesRoisDuPeloton","https:\/\/x.com\/https:\/\/twitter.com\/LRoisDuPeloton"],"url":"https:\/\/dicodusport.fr\/blog\/author\/emiliend\/"}]}},"_links":{"self":[{"href":"https:\/\/dicodusport.fr\/blog\/wp-json\/wp\/v2\/posts\/139696","targetHints":{"allow":["GET"]}}],"collection":[{"href":"https:\/\/dicodusport.fr\/blog\/wp-json\/wp\/v2\/posts"}],"about":[{"href":"https:\/\/dicodusport.fr\/blog\/wp-json\/wp\/v2\/types\/post"}],"author":[{"embeddable":true,"href":"https:\/\/dicodusport.fr\/blog\/wp-json\/wp\/v2\/users\/48"}],"replies":[{"embeddable":true,"href":"https:\/\/dicodusport.fr\/blog\/wp-json\/wp\/v2\/comments?post=139696"}],"version-history":[{"count":0,"href":"https:\/\/dicodusport.fr\/blog\/wp-json\/wp\/v2\/posts\/139696\/revisions"}],"wp:featuredmedia":[{"embeddable":true,"href":"https:\/\/dicodusport.fr\/blog\/wp-json\/wp\/v2\/media\/139716"}],"wp:attachment":[{"href":"https:\/\/dicodusport.fr\/blog\/wp-json\/wp\/v2\/media?parent=139696"}],"wp:term":[{"taxonomy":"category","embeddable":true,"href":"https:\/\/dicodusport.fr\/blog\/wp-json\/wp\/v2\/categories?post=139696"},{"taxonomy":"post_tag","embeddable":true,"href":"https:\/\/dicodusport.fr\/blog\/wp-json\/wp\/v2\/tags?post=139696"}],"curies":[{"name":"wp","href":"https:\/\/api.w.org\/{rel}","templated":true}]}}