{"id":140039,"date":"2021-06-18T15:04:08","date_gmt":"2021-06-18T13:04:08","guid":{"rendered":"https:\/\/dicodusport.fr\/blog\/?p=140039&#038;preview=true&#038;preview_id=140039"},"modified":"2021-06-18T15:16:56","modified_gmt":"2021-06-18T13:16:56","slug":"motogp-grand-prix-allemagne-miguel-oliveira-meilleur-temps-des-fp2-devant-quartararo","status":"publish","type":"post","link":"https:\/\/dicodusport.fr\/blog\/motogp-grand-prix-allemagne-miguel-oliveira-meilleur-temps-des-fp2-devant-quartararo\/","title":{"rendered":"Grand Prix d&rsquo;Allemagne : Miguel Oliveira meilleur temps des FP2 devant Quartararo"},"content":{"rendered":"<p style=\"text-align: justify;\"><strong><em><a href=\"https:\/\/dicodusport.fr\/blog\/motogp-grand-prix-allemagne-2021-horaires-et-programme-tv-complet\/\">MOTOGP &#8211; GRAND PRIX D&rsquo;ALLEMAGNE<\/a> &#8211; Vainqueur du Grand Prix de Catalogne il y a 15 jours, Miguel Oliveira (KTM) a r\u00e9alis\u00e9 le meilleur temps des FP2 ce vendredi apr\u00e8s-midi, devant Fabio Quartararo (Yamaha). Troisi\u00e8me, la seconde Yamaha officielle de Maverick Vinales a bien r\u00e9agi apr\u00e8s des FP1 mitig\u00e9s.<\/em><\/strong><\/p>\n<p style=\"text-align: justify;\"><strong>Johann Zarco<\/strong> (Pramac) a r\u00e9alis\u00e9 le 8\u00e8me temps (+0.491) et passe directement en Q2 pour le moment, tout comme <strong>Jack Miller<\/strong> (Ducati), 9\u00e8me. En revanche, \u00e7a se complique pour <strong>Marc Marquez<\/strong> (Honda) : invaincu toutes cat\u00e9gories confondues sur le trac\u00e9 allemand depuis 2009, l&rsquo;Espagnol n&rsquo;est que 12\u00e8me au classement combin\u00e9, alors qu&rsquo;il avait sign\u00e9 le meilleur temps des FP1. M\u00eame gal\u00e8re pour le champion du monde en titre, <strong>Joan Mir<\/strong> (Suzuki), seulement 16\u00e8me.<\/p>\n<blockquote class=\"twitter-tweet\">\n<p dir=\"ltr\" lang=\"fr\">Miguel Oliveira en t\u00eate de cette FP2 &#x23f1;&#xfe0f;devant <a href=\"https:\/\/twitter.com\/FabioQ20?ref_src=twsrc%5Etfw\">@FabioQ20<\/a> ! <a href=\"https:\/\/twitter.com\/JohannZarco1?ref_src=twsrc%5Etfw\">@JohannZarco1<\/a> est 8\u00e8me &#x1f3cd;&#xfe0f;<a href=\"https:\/\/twitter.com\/hashtag\/GermanGp?src=hash&amp;ref_src=twsrc%5Etfw\">#GermanGp<\/a><\/p>\n<p>&#x25b6;&#xfe0f; <a href=\"https:\/\/t.co\/6vTgdTN2gP\">https:\/\/t.co\/6vTgdTN2gP<\/a> <a href=\"https:\/\/t.co\/eU7ZxFtisW\">pic.twitter.com\/eU7ZxFtisW<\/a><\/p>\n<p>\u2014 CANAL+ MotoGP&#x2122; (@CanalplusMotoGP) <a href=\"https:\/\/twitter.com\/CanalplusMotoGP\/status\/1405875488430727168?ref_src=twsrc%5Etfw\">June 18, 2021<\/a><\/p><\/blockquote>\n<p><script async src=\"https:\/\/platform.twitter.com\/widgets.js\" charset=\"utf-8\"><\/script><\/p>\n<ul>\n<li style=\"text-align: justify;\"><strong><a href=\"https:\/\/dicodusport.fr\/blog\/motogp-grand-prix-allemagne-2021-classement-essais-libres-2\/\">Le classement des essais libres 2<\/a><\/strong><\/li>\n<li style=\"text-align: justify;\"><a href=\"https:\/\/dicodusport.fr\/blog\/motogp-grand-prix-allemagne-2021-classement-essais-libres-combines\/\"><strong>Le classement des essais combin\u00e9s<\/strong><\/a><\/li>\n<\/ul>\n","protected":false},"excerpt":{"rendered":"<p>MOTOGP &#8211; GRAND PRIX D&rsquo;ALLEMAGNE &#8211; Vainqueur du Grand Prix de Catalogne il y a 15 jours, Miguel Oliveira (KTM) a r\u00e9alis\u00e9 le meilleur temps des FP2 ce vendredi apr\u00e8s-midi, devant Fabio Quartararo.\u00a0<\/p>\n","protected":false},"author":4,"featured_media":140049,"comment_status":"open","ping_status":"closed","sticky":false,"template":"","format":"standard","meta":{"_acf_changed":false,"_daextam_enable_autolinks":"","footnotes":""},"categories":[47087],"tags":[17428,17430],"class_list":["post-140039","post","type-post","status-publish","format-standard","has-post-thumbnail","hentry","category-motogp","tag-grand-prix-dallemagne-motogp","tag-motogp-allemagne"],"acf":[],"yoast_head":"<!-- This site is optimized with the Yoast SEO Premium plugin v26.7 (Yoast SEO v26.7) - https:\/\/yoast.com\/wordpress\/plugins\/seo\/ -->\n<title>Grand Prix d&#039;Allemagne : Miguel Oliveira meilleur temps des FP2 devant Quartararo<\/title>\n<meta name=\"description\" content=\"MOTOGP - GRAND PRIX D&#039;ALLEMAGNE - Vainqueur du Grand Prix de Catalogne il y a 15 jours, Miguel Oliveira (KTM) a r\u00e9alis\u00e9 le meilleur temps des FP2.\" \/>\n<meta name=\"robots\" content=\"index, follow, max-snippet:-1, max-image-preview:large, max-video-preview:-1\" \/>\n<link rel=\"canonical\" href=\"https:\/\/dicodusport.fr\/blog\/motogp-grand-prix-allemagne-miguel-oliveira-meilleur-temps-des-fp2-devant-quartararo\/\" \/>\n<meta property=\"og:locale\" content=\"fr_FR\" \/>\n<meta property=\"og:type\" content=\"article\" \/>\n<meta property=\"og:title\" content=\"Grand Prix d&#039;Allemagne : Miguel Oliveira meilleur temps des FP2 devant Quartararo\" \/>\n<meta property=\"og:description\" content=\"MOTOGP - GRAND PRIX D&#039;ALLEMAGNE - Vainqueur du Grand Prix de Catalogne il y a 15 jours, Miguel Oliveira (KTM) a r\u00e9alis\u00e9 le meilleur temps des FP2.\" \/>\n<meta property=\"og:url\" content=\"https:\/\/dicodusport.fr\/blog\/motogp-grand-prix-allemagne-miguel-oliveira-meilleur-temps-des-fp2-devant-quartararo\/\" \/>\n<meta property=\"og:site_name\" content=\"Dicodusport\" \/>\n<meta property=\"article:publisher\" content=\"https:\/\/www.facebook.com\/dicodusport\" \/>\n<meta property=\"article:author\" content=\"https:\/\/www.facebook.com\/florent.ostermann\" \/>\n<meta property=\"article:published_time\" content=\"2021-06-18T13:04:08+00:00\" \/>\n<meta property=\"article:modified_time\" content=\"2021-06-18T13:16:56+00:00\" \/>\n<meta property=\"og:image\" content=\"https:\/\/dicodusport.fr\/blog\/wp-content\/uploads\/2021\/06\/Grand-Prix-dAllemagne-Miguel-Oliveira-meilleur-temps-des-FP2-devant-Quartararo.png\" \/>\n\t<meta property=\"og:image:width\" content=\"800\" \/>\n\t<meta property=\"og:image:height\" content=\"445\" \/>\n\t<meta property=\"og:image:type\" content=\"image\/png\" \/>\n<meta name=\"author\" content=\"Flo Ostermann\" \/>\n<meta name=\"twitter:card\" content=\"summary_large_image\" \/>\n<meta name=\"twitter:title\" content=\"Grand Prix d&#039;Allemagne : Miguel Oliveira meilleur temps des FP2 devant Quartararo\" \/>\n<meta name=\"twitter:creator\" content=\"@https:\/\/twitter.com\/FlOstermann\" \/>\n<meta name=\"twitter:site\" content=\"@dicodusport\" \/>\n<script type=\"application\/ld+json\" class=\"yoast-schema-graph\">{\"@context\":\"https:\/\/schema.org\",\"@graph\":[{\"@type\":\"NewsArticle\",\"@id\":\"https:\/\/dicodusport.fr\/blog\/motogp-grand-prix-allemagne-miguel-oliveira-meilleur-temps-des-fp2-devant-quartararo\/#article\",\"isPartOf\":{\"@id\":\"https:\/\/dicodusport.fr\/blog\/motogp-grand-prix-allemagne-miguel-oliveira-meilleur-temps-des-fp2-devant-quartararo\/\"},\"author\":{\"name\":\"Flo Ostermann\",\"@id\":\"https:\/\/dicodusport.fr\/blog\/#\/schema\/person\/cb02af4c173ce4a653b55e9baf388d4a\"},\"headline\":\"Grand Prix d&rsquo;Allemagne : Miguel Oliveira meilleur temps des FP2 devant Quartararo\",\"datePublished\":\"2021-06-18T13:04:08+00:00\",\"dateModified\":\"2021-06-18T13:16:56+00:00\",\"mainEntityOfPage\":{\"@id\":\"https:\/\/dicodusport.fr\/blog\/motogp-grand-prix-allemagne-miguel-oliveira-meilleur-temps-des-fp2-devant-quartararo\/\"},\"wordCount\":197,\"commentCount\":0,\"publisher\":{\"@id\":\"https:\/\/dicodusport.fr\/blog\/#organization\"},\"image\":{\"@id\":\"https:\/\/dicodusport.fr\/blog\/motogp-grand-prix-allemagne-miguel-oliveira-meilleur-temps-des-fp2-devant-quartararo\/#primaryimage\"},\"thumbnailUrl\":\"https:\/\/dicodusport.fr\/blog\/wp-content\/uploads\/2021\/06\/Grand-Prix-dAllemagne-Miguel-Oliveira-meilleur-temps-des-FP2-devant-Quartararo.png\",\"keywords\":[\"Grand Prix d'Allemagne MotoGP\",\"MotoGP Allemagne\"],\"articleSection\":[\"MotoGP\"],\"inLanguage\":\"fr-FR\",\"potentialAction\":[{\"@type\":\"CommentAction\",\"name\":\"Comment\",\"target\":[\"https:\/\/dicodusport.fr\/blog\/motogp-grand-prix-allemagne-miguel-oliveira-meilleur-temps-des-fp2-devant-quartararo\/#respond\"]}],\"copyrightYear\":\"2021\",\"copyrightHolder\":{\"@id\":\"https:\/\/dicodusport.fr\/blog\/#organization\"}},{\"@type\":\"WebPage\",\"@id\":\"https:\/\/dicodusport.fr\/blog\/motogp-grand-prix-allemagne-miguel-oliveira-meilleur-temps-des-fp2-devant-quartararo\/\",\"url\":\"https:\/\/dicodusport.fr\/blog\/motogp-grand-prix-allemagne-miguel-oliveira-meilleur-temps-des-fp2-devant-quartararo\/\",\"name\":\"Grand Prix d'Allemagne : Miguel Oliveira meilleur temps des FP2 devant Quartararo\",\"isPartOf\":{\"@id\":\"https:\/\/dicodusport.fr\/blog\/#website\"},\"primaryImageOfPage\":{\"@id\":\"https:\/\/dicodusport.fr\/blog\/motogp-grand-prix-allemagne-miguel-oliveira-meilleur-temps-des-fp2-devant-quartararo\/#primaryimage\"},\"image\":{\"@id\":\"https:\/\/dicodusport.fr\/blog\/motogp-grand-prix-allemagne-miguel-oliveira-meilleur-temps-des-fp2-devant-quartararo\/#primaryimage\"},\"thumbnailUrl\":\"https:\/\/dicodusport.fr\/blog\/wp-content\/uploads\/2021\/06\/Grand-Prix-dAllemagne-Miguel-Oliveira-meilleur-temps-des-FP2-devant-Quartararo.png\",\"datePublished\":\"2021-06-18T13:04:08+00:00\",\"dateModified\":\"2021-06-18T13:16:56+00:00\",\"description\":\"MOTOGP - GRAND PRIX D'ALLEMAGNE - Vainqueur du Grand Prix de Catalogne il y a 15 jours, Miguel Oliveira (KTM) a r\u00e9alis\u00e9 le meilleur temps des FP2.\",\"breadcrumb\":{\"@id\":\"https:\/\/dicodusport.fr\/blog\/motogp-grand-prix-allemagne-miguel-oliveira-meilleur-temps-des-fp2-devant-quartararo\/#breadcrumb\"},\"inLanguage\":\"fr-FR\",\"potentialAction\":[{\"@type\":\"ReadAction\",\"target\":[\"https:\/\/dicodusport.fr\/blog\/motogp-grand-prix-allemagne-miguel-oliveira-meilleur-temps-des-fp2-devant-quartararo\/\"]}]},{\"@type\":\"ImageObject\",\"inLanguage\":\"fr-FR\",\"@id\":\"https:\/\/dicodusport.fr\/blog\/motogp-grand-prix-allemagne-miguel-oliveira-meilleur-temps-des-fp2-devant-quartararo\/#primaryimage\",\"url\":\"https:\/\/dicodusport.fr\/blog\/wp-content\/uploads\/2021\/06\/Grand-Prix-dAllemagne-Miguel-Oliveira-meilleur-temps-des-FP2-devant-Quartararo.png\",\"contentUrl\":\"https:\/\/dicodusport.fr\/blog\/wp-content\/uploads\/2021\/06\/Grand-Prix-dAllemagne-Miguel-Oliveira-meilleur-temps-des-FP2-devant-Quartararo.png\",\"width\":800,\"height\":445,\"caption\":\"Grand Prix d'Allemagne - Miguel Oliveira meilleur temps des FP2 devant Quartararo\"},{\"@type\":\"BreadcrumbList\",\"@id\":\"https:\/\/dicodusport.fr\/blog\/motogp-grand-prix-allemagne-miguel-oliveira-meilleur-temps-des-fp2-devant-quartararo\/#breadcrumb\",\"itemListElement\":[{\"@type\":\"ListItem\",\"position\":1,\"name\":\"Accueil\",\"item\":\"https:\/\/dicodusport.fr\/blog\/\"},{\"@type\":\"ListItem\",\"position\":2,\"name\":\"Grand Prix d&rsquo;Allemagne : Miguel Oliveira meilleur temps des FP2 devant Quartararo\"}]},{\"@type\":\"WebSite\",\"@id\":\"https:\/\/dicodusport.fr\/blog\/#website\",\"url\":\"https:\/\/dicodusport.fr\/blog\/\",\"name\":\"Dicodusport\",\"description\":\"L&#039;encyclop\u00e9die de l&#039;actualit\u00e9 sportive\",\"publisher\":{\"@id\":\"https:\/\/dicodusport.fr\/blog\/#organization\"},\"potentialAction\":[{\"@type\":\"SearchAction\",\"target\":{\"@type\":\"EntryPoint\",\"urlTemplate\":\"https:\/\/dicodusport.fr\/blog\/?s={search_term_string}\"},\"query-input\":{\"@type\":\"PropertyValueSpecification\",\"valueRequired\":true,\"valueName\":\"search_term_string\"}}],\"inLanguage\":\"fr-FR\"},{\"@type\":\"NewsMediaOrganization\",\"@id\":\"https:\/\/dicodusport.fr\/blog\/#organization\",\"name\":\"Dicodusport\",\"url\":\"https:\/\/dicodusport.fr\/blog\/\",\"logo\":{\"@type\":\"ImageObject\",\"inLanguage\":\"fr-FR\",\"@id\":\"https:\/\/dicodusport.fr\/blog\/#\/schema\/logo\/image\/\",\"url\":\"https:\/\/dicodusport.fr\/blog\/wp-content\/uploads\/2020\/06\/cropped-LOGO-DICODUSPORT-2020-SANS-FOND-SANS-TEXTE.png\",\"contentUrl\":\"https:\/\/dicodusport.fr\/blog\/wp-content\/uploads\/2020\/06\/cropped-LOGO-DICODUSPORT-2020-SANS-FOND-SANS-TEXTE.png\",\"width\":512,\"height\":512,\"caption\":\"Dicodusport\"},\"image\":{\"@id\":\"https:\/\/dicodusport.fr\/blog\/#\/schema\/logo\/image\/\"},\"sameAs\":[\"https:\/\/www.facebook.com\/dicodusport\",\"https:\/\/x.com\/dicodusport\",\"https:\/\/www.instagram.com\/dicodusport\/\",\"https:\/\/www.youtube.com\/channel\/UC7V2KZ5sd3htJivAbA4ZG3w\"],\"description\":\"Dicodusport est l'encyclop\u00e9die de l'actualit\u00e9 sportive.\",\"email\":\"bonjour@dicodusport.fr\",\"legalName\":\"DICODUSPORT\",\"foundingDate\":\"2018-01-14\",\"vatID\":\"FR71834470973\",\"taxID\":\"83447097300043\",\"numberOfEmployees\":{\"@type\":\"QuantitativeValue\",\"minValue\":\"1\",\"maxValue\":\"10\"}},{\"@type\":\"Person\",\"@id\":\"https:\/\/dicodusport.fr\/blog\/#\/schema\/person\/cb02af4c173ce4a653b55e9baf388d4a\",\"name\":\"Flo Ostermann\",\"image\":{\"@type\":\"ImageObject\",\"inLanguage\":\"fr-FR\",\"@id\":\"https:\/\/dicodusport.fr\/blog\/#\/schema\/person\/image\/\",\"url\":\"https:\/\/dicodusport.fr\/blog\/wp-content\/uploads\/2021\/05\/Flo-Ostermann-150x150.jpg\",\"contentUrl\":\"https:\/\/dicodusport.fr\/blog\/wp-content\/uploads\/2021\/05\/Flo-Ostermann-150x150.jpg\",\"caption\":\"Flo Ostermann\"},\"description\":\"Journaliste\/R\u00e9dacteur depuis septembre 2015 - Mes premiers souvenirs dans le sport ? Les envol\u00e9es du Stade Toulousain et les duels Villeneuve-Schumacher et H\u00e4kkinen-Schumacher \u00e0 la fin des ann\u00e9es 90, la Coupe du monde de football en 1998, l\u2019exploit du XV de France face aux All Blacks en 1999, mais aussi Richard C\u0153ur de Lion qui vole sur les montagnes du Tour de France. Bien parti pour devenir professeur d\u2019EPS, les \u00e9v\u00e9nements de la vie (et la flemme d\u2019animer des s\u00e9ances de 3x500 m\u00e8tres toute ma vie) m\u2019ont conduit \u00e0 revoir mes plans. Me voil\u00e0 depuis fin 2017 sur Dicodusport, m\u00e9dia gr\u00e2ce (et pour) lequel je partage ma passion : le sport dans tous ses \u00e9tats. Le tout accompagn\u00e9 par les fous furieux et folles furieuses cit\u00e9s sur cette page !\",\"sameAs\":[\"https:\/\/www.facebook.com\/florent.ostermann\",\"https:\/\/x.com\/https:\/\/twitter.com\/FlOstermann\",\"admin\"],\"url\":\"https:\/\/dicodusport.fr\/blog\/author\/flo\/\"}]}<\/script>\n<!-- \/ Yoast SEO Premium plugin. -->","yoast_head_json":{"title":"Grand Prix d'Allemagne : Miguel Oliveira meilleur temps des FP2 devant Quartararo","description":"MOTOGP - GRAND PRIX D'ALLEMAGNE - Vainqueur du Grand Prix de Catalogne il y a 15 jours, Miguel Oliveira (KTM) a r\u00e9alis\u00e9 le meilleur temps des FP2.","robots":{"index":"index","follow":"follow","max-snippet":"max-snippet:-1","max-image-preview":"max-image-preview:large","max-video-preview":"max-video-preview:-1"},"canonical":"https:\/\/dicodusport.fr\/blog\/motogp-grand-prix-allemagne-miguel-oliveira-meilleur-temps-des-fp2-devant-quartararo\/","og_locale":"fr_FR","og_type":"article","og_title":"Grand Prix d'Allemagne : Miguel Oliveira meilleur temps des FP2 devant Quartararo","og_description":"MOTOGP - GRAND PRIX D'ALLEMAGNE - Vainqueur du Grand Prix de Catalogne il y a 15 jours, Miguel Oliveira (KTM) a r\u00e9alis\u00e9 le meilleur temps des FP2.","og_url":"https:\/\/dicodusport.fr\/blog\/motogp-grand-prix-allemagne-miguel-oliveira-meilleur-temps-des-fp2-devant-quartararo\/","og_site_name":"Dicodusport","article_publisher":"https:\/\/www.facebook.com\/dicodusport","article_author":"https:\/\/www.facebook.com\/florent.ostermann","article_published_time":"2021-06-18T13:04:08+00:00","article_modified_time":"2021-06-18T13:16:56+00:00","og_image":[{"width":800,"height":445,"url":"https:\/\/dicodusport.fr\/blog\/wp-content\/uploads\/2021\/06\/Grand-Prix-dAllemagne-Miguel-Oliveira-meilleur-temps-des-FP2-devant-Quartararo.png","type":"image\/png"}],"author":"Flo Ostermann","twitter_card":"summary_large_image","twitter_title":"Grand Prix d'Allemagne : Miguel Oliveira meilleur temps des FP2 devant Quartararo","twitter_creator":"@https:\/\/twitter.com\/FlOstermann","twitter_site":"@dicodusport","schema":{"@context":"https:\/\/schema.org","@graph":[{"@type":"NewsArticle","@id":"https:\/\/dicodusport.fr\/blog\/motogp-grand-prix-allemagne-miguel-oliveira-meilleur-temps-des-fp2-devant-quartararo\/#article","isPartOf":{"@id":"https:\/\/dicodusport.fr\/blog\/motogp-grand-prix-allemagne-miguel-oliveira-meilleur-temps-des-fp2-devant-quartararo\/"},"author":{"name":"Flo Ostermann","@id":"https:\/\/dicodusport.fr\/blog\/#\/schema\/person\/cb02af4c173ce4a653b55e9baf388d4a"},"headline":"Grand Prix d&rsquo;Allemagne : Miguel Oliveira meilleur temps des FP2 devant Quartararo","datePublished":"2021-06-18T13:04:08+00:00","dateModified":"2021-06-18T13:16:56+00:00","mainEntityOfPage":{"@id":"https:\/\/dicodusport.fr\/blog\/motogp-grand-prix-allemagne-miguel-oliveira-meilleur-temps-des-fp2-devant-quartararo\/"},"wordCount":197,"commentCount":0,"publisher":{"@id":"https:\/\/dicodusport.fr\/blog\/#organization"},"image":{"@id":"https:\/\/dicodusport.fr\/blog\/motogp-grand-prix-allemagne-miguel-oliveira-meilleur-temps-des-fp2-devant-quartararo\/#primaryimage"},"thumbnailUrl":"https:\/\/dicodusport.fr\/blog\/wp-content\/uploads\/2021\/06\/Grand-Prix-dAllemagne-Miguel-Oliveira-meilleur-temps-des-FP2-devant-Quartararo.png","keywords":["Grand Prix d'Allemagne MotoGP","MotoGP Allemagne"],"articleSection":["MotoGP"],"inLanguage":"fr-FR","potentialAction":[{"@type":"CommentAction","name":"Comment","target":["https:\/\/dicodusport.fr\/blog\/motogp-grand-prix-allemagne-miguel-oliveira-meilleur-temps-des-fp2-devant-quartararo\/#respond"]}],"copyrightYear":"2021","copyrightHolder":{"@id":"https:\/\/dicodusport.fr\/blog\/#organization"}},{"@type":"WebPage","@id":"https:\/\/dicodusport.fr\/blog\/motogp-grand-prix-allemagne-miguel-oliveira-meilleur-temps-des-fp2-devant-quartararo\/","url":"https:\/\/dicodusport.fr\/blog\/motogp-grand-prix-allemagne-miguel-oliveira-meilleur-temps-des-fp2-devant-quartararo\/","name":"Grand Prix d'Allemagne : Miguel Oliveira meilleur temps des FP2 devant Quartararo","isPartOf":{"@id":"https:\/\/dicodusport.fr\/blog\/#website"},"primaryImageOfPage":{"@id":"https:\/\/dicodusport.fr\/blog\/motogp-grand-prix-allemagne-miguel-oliveira-meilleur-temps-des-fp2-devant-quartararo\/#primaryimage"},"image":{"@id":"https:\/\/dicodusport.fr\/blog\/motogp-grand-prix-allemagne-miguel-oliveira-meilleur-temps-des-fp2-devant-quartararo\/#primaryimage"},"thumbnailUrl":"https:\/\/dicodusport.fr\/blog\/wp-content\/uploads\/2021\/06\/Grand-Prix-dAllemagne-Miguel-Oliveira-meilleur-temps-des-FP2-devant-Quartararo.png","datePublished":"2021-06-18T13:04:08+00:00","dateModified":"2021-06-18T13:16:56+00:00","description":"MOTOGP - GRAND PRIX D'ALLEMAGNE - Vainqueur du Grand Prix de Catalogne il y a 15 jours, Miguel Oliveira (KTM) a r\u00e9alis\u00e9 le meilleur temps des FP2.","breadcrumb":{"@id":"https:\/\/dicodusport.fr\/blog\/motogp-grand-prix-allemagne-miguel-oliveira-meilleur-temps-des-fp2-devant-quartararo\/#breadcrumb"},"inLanguage":"fr-FR","potentialAction":[{"@type":"ReadAction","target":["https:\/\/dicodusport.fr\/blog\/motogp-grand-prix-allemagne-miguel-oliveira-meilleur-temps-des-fp2-devant-quartararo\/"]}]},{"@type":"ImageObject","inLanguage":"fr-FR","@id":"https:\/\/dicodusport.fr\/blog\/motogp-grand-prix-allemagne-miguel-oliveira-meilleur-temps-des-fp2-devant-quartararo\/#primaryimage","url":"https:\/\/dicodusport.fr\/blog\/wp-content\/uploads\/2021\/06\/Grand-Prix-dAllemagne-Miguel-Oliveira-meilleur-temps-des-FP2-devant-Quartararo.png","contentUrl":"https:\/\/dicodusport.fr\/blog\/wp-content\/uploads\/2021\/06\/Grand-Prix-dAllemagne-Miguel-Oliveira-meilleur-temps-des-FP2-devant-Quartararo.png","width":800,"height":445,"caption":"Grand Prix d'Allemagne - Miguel Oliveira meilleur temps des FP2 devant Quartararo"},{"@type":"BreadcrumbList","@id":"https:\/\/dicodusport.fr\/blog\/motogp-grand-prix-allemagne-miguel-oliveira-meilleur-temps-des-fp2-devant-quartararo\/#breadcrumb","itemListElement":[{"@type":"ListItem","position":1,"name":"Accueil","item":"https:\/\/dicodusport.fr\/blog\/"},{"@type":"ListItem","position":2,"name":"Grand Prix d&rsquo;Allemagne : Miguel Oliveira meilleur temps des FP2 devant Quartararo"}]},{"@type":"WebSite","@id":"https:\/\/dicodusport.fr\/blog\/#website","url":"https:\/\/dicodusport.fr\/blog\/","name":"Dicodusport","description":"L&#039;encyclop\u00e9die de l&#039;actualit\u00e9 sportive","publisher":{"@id":"https:\/\/dicodusport.fr\/blog\/#organization"},"potentialAction":[{"@type":"SearchAction","target":{"@type":"EntryPoint","urlTemplate":"https:\/\/dicodusport.fr\/blog\/?s={search_term_string}"},"query-input":{"@type":"PropertyValueSpecification","valueRequired":true,"valueName":"search_term_string"}}],"inLanguage":"fr-FR"},{"@type":"NewsMediaOrganization","@id":"https:\/\/dicodusport.fr\/blog\/#organization","name":"Dicodusport","url":"https:\/\/dicodusport.fr\/blog\/","logo":{"@type":"ImageObject","inLanguage":"fr-FR","@id":"https:\/\/dicodusport.fr\/blog\/#\/schema\/logo\/image\/","url":"https:\/\/dicodusport.fr\/blog\/wp-content\/uploads\/2020\/06\/cropped-LOGO-DICODUSPORT-2020-SANS-FOND-SANS-TEXTE.png","contentUrl":"https:\/\/dicodusport.fr\/blog\/wp-content\/uploads\/2020\/06\/cropped-LOGO-DICODUSPORT-2020-SANS-FOND-SANS-TEXTE.png","width":512,"height":512,"caption":"Dicodusport"},"image":{"@id":"https:\/\/dicodusport.fr\/blog\/#\/schema\/logo\/image\/"},"sameAs":["https:\/\/www.facebook.com\/dicodusport","https:\/\/x.com\/dicodusport","https:\/\/www.instagram.com\/dicodusport\/","https:\/\/www.youtube.com\/channel\/UC7V2KZ5sd3htJivAbA4ZG3w"],"description":"Dicodusport est l'encyclop\u00e9die de l'actualit\u00e9 sportive.","email":"bonjour@dicodusport.fr","legalName":"DICODUSPORT","foundingDate":"2018-01-14","vatID":"FR71834470973","taxID":"83447097300043","numberOfEmployees":{"@type":"QuantitativeValue","minValue":"1","maxValue":"10"}},{"@type":"Person","@id":"https:\/\/dicodusport.fr\/blog\/#\/schema\/person\/cb02af4c173ce4a653b55e9baf388d4a","name":"Flo Ostermann","image":{"@type":"ImageObject","inLanguage":"fr-FR","@id":"https:\/\/dicodusport.fr\/blog\/#\/schema\/person\/image\/","url":"https:\/\/dicodusport.fr\/blog\/wp-content\/uploads\/2021\/05\/Flo-Ostermann-150x150.jpg","contentUrl":"https:\/\/dicodusport.fr\/blog\/wp-content\/uploads\/2021\/05\/Flo-Ostermann-150x150.jpg","caption":"Flo Ostermann"},"description":"Journaliste\/R\u00e9dacteur depuis septembre 2015 - Mes premiers souvenirs dans le sport ? Les envol\u00e9es du Stade Toulousain et les duels Villeneuve-Schumacher et H\u00e4kkinen-Schumacher \u00e0 la fin des ann\u00e9es 90, la Coupe du monde de football en 1998, l\u2019exploit du XV de France face aux All Blacks en 1999, mais aussi Richard C\u0153ur de Lion qui vole sur les montagnes du Tour de France. Bien parti pour devenir professeur d\u2019EPS, les \u00e9v\u00e9nements de la vie (et la flemme d\u2019animer des s\u00e9ances de 3x500 m\u00e8tres toute ma vie) m\u2019ont conduit \u00e0 revoir mes plans. Me voil\u00e0 depuis fin 2017 sur Dicodusport, m\u00e9dia gr\u00e2ce (et pour) lequel je partage ma passion : le sport dans tous ses \u00e9tats. Le tout accompagn\u00e9 par les fous furieux et folles furieuses cit\u00e9s sur cette page !","sameAs":["https:\/\/www.facebook.com\/florent.ostermann","https:\/\/x.com\/https:\/\/twitter.com\/FlOstermann","admin"],"url":"https:\/\/dicodusport.fr\/blog\/author\/flo\/"}]}},"_links":{"self":[{"href":"https:\/\/dicodusport.fr\/blog\/wp-json\/wp\/v2\/posts\/140039","targetHints":{"allow":["GET"]}}],"collection":[{"href":"https:\/\/dicodusport.fr\/blog\/wp-json\/wp\/v2\/posts"}],"about":[{"href":"https:\/\/dicodusport.fr\/blog\/wp-json\/wp\/v2\/types\/post"}],"author":[{"embeddable":true,"href":"https:\/\/dicodusport.fr\/blog\/wp-json\/wp\/v2\/users\/4"}],"replies":[{"embeddable":true,"href":"https:\/\/dicodusport.fr\/blog\/wp-json\/wp\/v2\/comments?post=140039"}],"version-history":[{"count":0,"href":"https:\/\/dicodusport.fr\/blog\/wp-json\/wp\/v2\/posts\/140039\/revisions"}],"wp:featuredmedia":[{"embeddable":true,"href":"https:\/\/dicodusport.fr\/blog\/wp-json\/wp\/v2\/media\/140049"}],"wp:attachment":[{"href":"https:\/\/dicodusport.fr\/blog\/wp-json\/wp\/v2\/media?parent=140039"}],"wp:term":[{"taxonomy":"category","embeddable":true,"href":"https:\/\/dicodusport.fr\/blog\/wp-json\/wp\/v2\/categories?post=140039"},{"taxonomy":"post_tag","embeddable":true,"href":"https:\/\/dicodusport.fr\/blog\/wp-json\/wp\/v2\/tags?post=140039"}],"curies":[{"name":"wp","href":"https:\/\/api.w.org\/{rel}","templated":true}]}}