{"id":140225,"date":"2021-06-19T08:19:51","date_gmt":"2021-06-19T06:19:51","guid":{"rendered":"https:\/\/dicodusport.fr\/blog\/?p=140225"},"modified":"2021-12-02T11:42:32","modified_gmt":"2021-12-02T10:42:32","slug":"euroleague-l-asvel-devient-membre-permanent","status":"publish","type":"post","link":"https:\/\/dicodusport.fr\/blog\/euroleague-l-asvel-devient-membre-permanent\/","title":{"rendered":"Euroleague\u00a0: L\u2019ASVEL devient membre permanent"},"content":{"rendered":"<p align=\"justify\"><em><b>C\u2019\u00e9tait l\u2019un des grands objectifs de Tony Parker depuis sa prise de commandes \u00e0 l\u2019ASVEL et c\u2019est d\u00e9sormais chose faite ! Le club lyonnais a obtenu la licence A lui permettant de devenir un membre permanent de l\u2019Euroleague. En Eurocup, Bourg-en-Bresse et les Metropolitans repr\u00e9senteront la France.<\/b><\/em><\/p>\n<p align=\"justify\">C\u2019\u00e9tait dans les tuyaux depuis plusieurs mois mais c\u2019est d\u00e9sormais officiel. L\u2019<a href=\"https:\/\/dicodusport.fr\/blog\/tag\/asvel\/\"><b>ASVEL<\/b><\/a> fait bel et bien parti du gratin europ\u00e9en invit\u00e9 \u00e0 disputer chaque ann\u00e9e la comp\u00e9tition reine du basket europ\u00e9en, l\u2019<b>Euroleague<\/b>. En janvier dernier, un \u00ab\u00a0accord de principe\u00a0\u00bb avait \u00e9t\u00e9 confirm\u00e9 par le pr\u00e9sident de la ligue, <b>Jordi Bartomeu<\/b>, concernant cette possibilit\u00e9. Ce vendredi, cela a \u00e9t\u00e9 d\u00e9finitivement valid\u00e9 suite \u00e0 l\u2019assembl\u00e9e tenue par le comit\u00e9 directeur.<\/p>\n<blockquote class=\"twitter-tweet\">\n<p dir=\"ltr\" lang=\"en\">.<a href=\"https:\/\/twitter.com\/FCBBTogether?ref_src=twsrc%5Etfw\">@FCBBTogether<\/a> and <a href=\"https:\/\/twitter.com\/LDLCASVEL?ref_src=twsrc%5Etfw\">@LDLCASVEL<\/a> are granted long-term licences.<\/p>\n<p>This is how the 2021-22 Turkish Airlines EuroLeague season will look like &#x1f440; <a href=\"https:\/\/t.co\/y16bWbyqm9\">pic.twitter.com\/y16bWbyqm9<\/a><\/p>\n<p>\u2014 Turkish Airlines EuroLeague (@EuroLeague) <a href=\"https:\/\/twitter.com\/EuroLeague\/status\/1405980634619781130?ref_src=twsrc%5Etfw\">June 18, 2021<\/a><\/p><\/blockquote>\n<p><script async src=\"https:\/\/platform.twitter.com\/widgets.js\" charset=\"utf-8\"><\/script><\/p>\n<h2 align=\"justify\"><b>\u00ab\u00a0<\/b><b>C\u2019\u00e9tait un r\u00eave \u00e0 mon arriv\u00e9e qui devient r\u00e9alit\u00e9\u00a0!\u00a0<\/b>\u00bb<\/h2>\n<p align=\"justify\">Auteur de deux derni\u00e8res campagnes tr\u00e8s encourageantes, l\u2019<strong>ASVEL<\/strong> a prouv\u00e9 sur le parquet qu\u2019elle avait le niveau pour lutter dans la comp\u00e9tition. Disposant en plus d\u2019une surface financi\u00e8re int\u00e9ressante et d\u2019infrastructures de qualit\u00e9, le club lyonnais a \u00e9galement pu compter sur le soutien sans faille de <b>Jean-Michel Aulas<\/b> et de l\u2019<b>OL Groupe<\/b> dans sa g\u00e9n\u00e9ralit\u00e9 pour mener \u00e0 bien son objectif. Le pr\u00e9sident de l\u2019<b>Olympique Lyonnais<\/b> se f\u00e9licite de cette r\u00e9ussite : <em>\u00ab L\u2019admission comme membre permanent de l\u2019Euroleague salue aujourd\u2019hui le travail r\u00e9alis\u00e9 en synergie par LDLC Asvel et l\u2019Olympique Lyonnais.\u00a0\u00bb.<\/em><\/p>\n<p align=\"justify\">Homme phare de ce projet aux c\u00f4t\u00e9s de <strong>Ga\u00ebtan Muller<\/strong> (Pr\u00e9sident d\u00e9l\u00e9gu\u00e9), le pr\u00e9sident de l\u2019ASVEL, <b>Tony Parker<\/b>, vit \u00e9galement cet \u00e9v\u00e9nement comme un v\u00e9ritable aboutissement : <em>\u00ab C\u2019est un grand jour ! C\u2019\u00e9tait un r\u00eave \u00e0 mon arriv\u00e9e qui devient aujourd\u2019hui r\u00e9alit\u00e9 ! Je voudrais remercier tous ceux qui ont \u0153uvr\u00e9 \u00e0 la construction de ce projet. Nous voulons maintenant prouver que l\u2019on m\u00e9rite cette place parmi les plus grands, on veut placer <b>LDLC ASVEL<\/b> au sommet !\u00a0\u00bb<\/em>. La France disposera donc de deux repr\u00e9sentants en <b>Euroleague<\/b> la saison prochaine puisque <b>Monaco<\/b> a valid\u00e9 son billet en remportant l\u2019Eurocup plus t\u00f4t dans la saison. A noter que lors de cette assembl\u00e9e, le <b>Bayern Munich<\/b> a \u00e9galement obtenu une licence permanente.<\/p>\n<h2 align=\"justify\"><b>La JLB et les Metropolitans en Eurocup<\/b><\/h2>\n<p align=\"justify\">Durant la m\u00eame assembl\u00e9e, les \u00e9quipes qualifi\u00e9es pour la prochaine <b>Eurocup<\/b> ont \u00e9galement \u00e9t\u00e9 d\u00e9voil\u00e9es. Deux \u00e9quipes fran\u00e7aises ont ainsi obtenu le droit d\u2019y participer\u00a0: les <b>Boulogne Metroplitans<\/b> (6<sup>e<\/sup> de Jeep \u00c9lite), et la <b>JLB Bourg-en-Bresse<\/b> (5<sup>e<\/sup>). Une excellente nouvelle pour les deux \u00e9quipes alors que pour <b>Dijon<\/b>, c\u2019est la douche froide. Malgr\u00e9 son excellente saison r\u00e9guli\u00e8re boucl\u00e9e en t\u00eate du championnat, la <b>JDA<\/b> devra sans doute se contenter de la Ligue des Champions de la FIBA.<\/p>\n<blockquote class=\"twitter-tweet\">\n<p dir=\"ltr\" lang=\"en\">Here are the 2021-22 7DAYSEuroCup teams!&#x1f60d;<\/p>\n<p>Who will you be cheering for in the upcoming season?<a href=\"https:\/\/twitter.com\/hashtag\/RoadToGreatness?src=hash&amp;ref_src=twsrc%5Etfw\">#RoadToGreatness<\/a> <a href=\"https:\/\/t.co\/CFsSHnWUR7\">pic.twitter.com\/CFsSHnWUR7<\/a><\/p>\n<p>\u2014 7DAYS EuroCup (@EuroCup) <a href=\"https:\/\/twitter.com\/EuroCup\/status\/1405975661131481091?ref_src=twsrc%5Etfw\">June 18, 2021<\/a><\/p><\/blockquote>\n<p><script async src=\"https:\/\/platform.twitter.com\/widgets.js\" charset=\"utf-8\"><\/script><\/p>\n","protected":false},"excerpt":{"rendered":"<p>C\u2019\u00e9tait l\u2019un des grands objectifs de Tony Parker depuis sa prise de commandes \u00e0 l\u2019ASVEL et c\u2019est d\u00e9sormais chose faite ! Le club lyonnais a obtenu la licence A lui permettant de devenir un membre permanent de l\u2019Euroleague. En Eurocup, Bourg-en-Bresse et les Metropolitans repr\u00e9senteront la France.<\/p>\n","protected":false},"author":55,"featured_media":140248,"comment_status":"open","ping_status":"closed","sticky":false,"template":"","format":"standard","meta":{"_acf_changed":false,"_daextam_enable_autolinks":"","footnotes":""},"categories":[2305,47001],"tags":[7864,4475,2845,1018],"class_list":["post-140225","post","type-post","status-publish","format-standard","has-post-thumbnail","hentry","category-basket-ball","category-euroligue","tag-asvel","tag-euroleague","tag-jean-michel-aulas","tag-tony-parker"],"acf":[],"yoast_head":"<!-- This site is optimized with the Yoast SEO Premium plugin v26.7 (Yoast SEO v26.7) - https:\/\/yoast.com\/wordpress\/plugins\/seo\/ -->\n<title>Euroleague\u00a0: L\u2019ASVEL devient membre permanent<\/title>\n<meta name=\"description\" content=\"L&#039;ASVEL a obtenu sa licence A lui permettant de venir membre permanent de l&#039;Euroleague \u00e0 partir de la saison prochaine.\" \/>\n<meta name=\"robots\" content=\"index, follow, max-snippet:-1, max-image-preview:large, max-video-preview:-1\" \/>\n<link rel=\"canonical\" href=\"https:\/\/dicodusport.fr\/blog\/euroleague-l-asvel-devient-membre-permanent\/\" \/>\n<meta property=\"og:locale\" content=\"fr_FR\" \/>\n<meta property=\"og:type\" content=\"article\" \/>\n<meta property=\"og:title\" content=\"Euroleague\u00a0: L\u2019ASVEL devient membre permanent\" \/>\n<meta property=\"og:description\" content=\"L&#039;ASVEL a obtenu sa licence A lui permettant de venir membre permanent de l&#039;Euroleague \u00e0 partir de la saison prochaine.\" \/>\n<meta property=\"og:url\" content=\"https:\/\/dicodusport.fr\/blog\/euroleague-l-asvel-devient-membre-permanent\/\" \/>\n<meta property=\"og:site_name\" content=\"Dicodusport\" \/>\n<meta property=\"article:publisher\" content=\"https:\/\/www.facebook.com\/dicodusport\" \/>\n<meta property=\"article:published_time\" content=\"2021-06-19T06:19:51+00:00\" \/>\n<meta property=\"article:modified_time\" content=\"2021-12-02T10:42:32+00:00\" \/>\n<meta property=\"og:image\" content=\"https:\/\/dicodusport.fr\/blog\/wp-content\/uploads\/2021\/06\/Euroleague-LASVEL-devient-membre-permanent.png\" \/>\n\t<meta property=\"og:image:width\" content=\"800\" \/>\n\t<meta property=\"og:image:height\" content=\"445\" \/>\n\t<meta property=\"og:image:type\" content=\"image\/png\" \/>\n<meta name=\"author\" content=\"Maxime Cazenave\" \/>\n<meta name=\"twitter:card\" content=\"summary_large_image\" \/>\n<meta name=\"twitter:title\" content=\"Euroleague\u00a0: L\u2019ASVEL devient membre permanent\" \/>\n<meta name=\"twitter:creator\" content=\"@https:\/\/twitter.com\/Maxime_Caze\" \/>\n<meta name=\"twitter:site\" content=\"@dicodusport\" \/>\n<script type=\"application\/ld+json\" class=\"yoast-schema-graph\">{\"@context\":\"https:\/\/schema.org\",\"@graph\":[{\"@type\":\"NewsArticle\",\"@id\":\"https:\/\/dicodusport.fr\/blog\/euroleague-l-asvel-devient-membre-permanent\/#article\",\"isPartOf\":{\"@id\":\"https:\/\/dicodusport.fr\/blog\/euroleague-l-asvel-devient-membre-permanent\/\"},\"author\":{\"name\":\"Maxime Cazenave\",\"@id\":\"https:\/\/dicodusport.fr\/blog\/#\/schema\/person\/37def232098a7a5cbab3974a3690abb0\"},\"headline\":\"Euroleague\u00a0: L\u2019ASVEL devient membre permanent\",\"datePublished\":\"2021-06-19T06:19:51+00:00\",\"dateModified\":\"2021-12-02T10:42:32+00:00\",\"mainEntityOfPage\":{\"@id\":\"https:\/\/dicodusport.fr\/blog\/euroleague-l-asvel-devient-membre-permanent\/\"},\"wordCount\":550,\"commentCount\":0,\"publisher\":{\"@id\":\"https:\/\/dicodusport.fr\/blog\/#organization\"},\"image\":{\"@id\":\"https:\/\/dicodusport.fr\/blog\/euroleague-l-asvel-devient-membre-permanent\/#primaryimage\"},\"thumbnailUrl\":\"https:\/\/dicodusport.fr\/blog\/wp-content\/uploads\/2021\/06\/Euroleague-LASVEL-devient-membre-permanent.png\",\"keywords\":[\"ASVEL\",\"Euroleague\",\"Jean-Michel Aulas\",\"Tony Parker\"],\"articleSection\":[\"Basket-ball\",\"EuroLigue\"],\"inLanguage\":\"fr-FR\",\"potentialAction\":[{\"@type\":\"CommentAction\",\"name\":\"Comment\",\"target\":[\"https:\/\/dicodusport.fr\/blog\/euroleague-l-asvel-devient-membre-permanent\/#respond\"]}],\"copyrightYear\":\"2021\",\"copyrightHolder\":{\"@id\":\"https:\/\/dicodusport.fr\/blog\/#organization\"}},{\"@type\":\"WebPage\",\"@id\":\"https:\/\/dicodusport.fr\/blog\/euroleague-l-asvel-devient-membre-permanent\/\",\"url\":\"https:\/\/dicodusport.fr\/blog\/euroleague-l-asvel-devient-membre-permanent\/\",\"name\":\"Euroleague\u00a0: L\u2019ASVEL devient membre permanent\",\"isPartOf\":{\"@id\":\"https:\/\/dicodusport.fr\/blog\/#website\"},\"primaryImageOfPage\":{\"@id\":\"https:\/\/dicodusport.fr\/blog\/euroleague-l-asvel-devient-membre-permanent\/#primaryimage\"},\"image\":{\"@id\":\"https:\/\/dicodusport.fr\/blog\/euroleague-l-asvel-devient-membre-permanent\/#primaryimage\"},\"thumbnailUrl\":\"https:\/\/dicodusport.fr\/blog\/wp-content\/uploads\/2021\/06\/Euroleague-LASVEL-devient-membre-permanent.png\",\"datePublished\":\"2021-06-19T06:19:51+00:00\",\"dateModified\":\"2021-12-02T10:42:32+00:00\",\"description\":\"L'ASVEL a obtenu sa licence A lui permettant de venir membre permanent de l'Euroleague \u00e0 partir de la saison prochaine.\",\"breadcrumb\":{\"@id\":\"https:\/\/dicodusport.fr\/blog\/euroleague-l-asvel-devient-membre-permanent\/#breadcrumb\"},\"inLanguage\":\"fr-FR\",\"potentialAction\":[{\"@type\":\"ReadAction\",\"target\":[\"https:\/\/dicodusport.fr\/blog\/euroleague-l-asvel-devient-membre-permanent\/\"]}]},{\"@type\":\"ImageObject\",\"inLanguage\":\"fr-FR\",\"@id\":\"https:\/\/dicodusport.fr\/blog\/euroleague-l-asvel-devient-membre-permanent\/#primaryimage\",\"url\":\"https:\/\/dicodusport.fr\/blog\/wp-content\/uploads\/2021\/06\/Euroleague-LASVEL-devient-membre-permanent.png\",\"contentUrl\":\"https:\/\/dicodusport.fr\/blog\/wp-content\/uploads\/2021\/06\/Euroleague-LASVEL-devient-membre-permanent.png\",\"width\":800,\"height\":445,\"caption\":\"Euroleague\u00a0: L\u2019ASVEL devient membre permanent\"},{\"@type\":\"BreadcrumbList\",\"@id\":\"https:\/\/dicodusport.fr\/blog\/euroleague-l-asvel-devient-membre-permanent\/#breadcrumb\",\"itemListElement\":[{\"@type\":\"ListItem\",\"position\":1,\"name\":\"Accueil\",\"item\":\"https:\/\/dicodusport.fr\/blog\/\"},{\"@type\":\"ListItem\",\"position\":2,\"name\":\"Euroleague\u00a0: L\u2019ASVEL devient membre permanent\"}]},{\"@type\":\"WebSite\",\"@id\":\"https:\/\/dicodusport.fr\/blog\/#website\",\"url\":\"https:\/\/dicodusport.fr\/blog\/\",\"name\":\"Dicodusport\",\"description\":\"L&#039;encyclop\u00e9die de l&#039;actualit\u00e9 sportive\",\"publisher\":{\"@id\":\"https:\/\/dicodusport.fr\/blog\/#organization\"},\"potentialAction\":[{\"@type\":\"SearchAction\",\"target\":{\"@type\":\"EntryPoint\",\"urlTemplate\":\"https:\/\/dicodusport.fr\/blog\/?s={search_term_string}\"},\"query-input\":{\"@type\":\"PropertyValueSpecification\",\"valueRequired\":true,\"valueName\":\"search_term_string\"}}],\"inLanguage\":\"fr-FR\"},{\"@type\":\"NewsMediaOrganization\",\"@id\":\"https:\/\/dicodusport.fr\/blog\/#organization\",\"name\":\"Dicodusport\",\"url\":\"https:\/\/dicodusport.fr\/blog\/\",\"logo\":{\"@type\":\"ImageObject\",\"inLanguage\":\"fr-FR\",\"@id\":\"https:\/\/dicodusport.fr\/blog\/#\/schema\/logo\/image\/\",\"url\":\"https:\/\/dicodusport.fr\/blog\/wp-content\/uploads\/2020\/06\/cropped-LOGO-DICODUSPORT-2020-SANS-FOND-SANS-TEXTE.png\",\"contentUrl\":\"https:\/\/dicodusport.fr\/blog\/wp-content\/uploads\/2020\/06\/cropped-LOGO-DICODUSPORT-2020-SANS-FOND-SANS-TEXTE.png\",\"width\":512,\"height\":512,\"caption\":\"Dicodusport\"},\"image\":{\"@id\":\"https:\/\/dicodusport.fr\/blog\/#\/schema\/logo\/image\/\"},\"sameAs\":[\"https:\/\/www.facebook.com\/dicodusport\",\"https:\/\/x.com\/dicodusport\",\"https:\/\/www.instagram.com\/dicodusport\/\",\"https:\/\/www.youtube.com\/channel\/UC7V2KZ5sd3htJivAbA4ZG3w\"],\"description\":\"Dicodusport est l'encyclop\u00e9die de l'actualit\u00e9 sportive.\",\"email\":\"bonjour@dicodusport.fr\",\"legalName\":\"DICODUSPORT\",\"foundingDate\":\"2018-01-14\",\"vatID\":\"FR71834470973\",\"taxID\":\"83447097300043\",\"numberOfEmployees\":{\"@type\":\"QuantitativeValue\",\"minValue\":\"1\",\"maxValue\":\"10\"}},{\"@type\":\"Person\",\"@id\":\"https:\/\/dicodusport.fr\/blog\/#\/schema\/person\/37def232098a7a5cbab3974a3690abb0\",\"name\":\"Maxime Cazenave\",\"image\":{\"@type\":\"ImageObject\",\"inLanguage\":\"fr-FR\",\"@id\":\"https:\/\/dicodusport.fr\/blog\/#\/schema\/person\/image\/\",\"url\":\"https:\/\/dicodusport.fr\/blog\/wp-content\/uploads\/2021\/05\/Maxime-Cazenave-150x150.jpg\",\"contentUrl\":\"https:\/\/dicodusport.fr\/blog\/wp-content\/uploads\/2021\/05\/Maxime-Cazenave-150x150.jpg\",\"caption\":\"Maxime Cazenave\"},\"description\":\"Journaliste\/R\u00e9dacteur depuis 2012 - Berc\u00e9 par l\u2019amour des Girondins de Bordeaux, les \u00e9checs de Christophe Moreau sur le Tour de France sous l'\u00e8re Lance Armstrong et le fade-away l\u00e9tal de Dirk Nowitzki, ma passion d\u00e9vorante pour le sport a toujours \u00e9t\u00e9 un pan incontournable de ma vie. Transmettre ma passion \u00e0 l\u2019\u00e9crit a \u00e9t\u00e9 une transition naturelle. Suiveur assidu de basket et de hockey sur glace, je garde toujours un peu de place pour suivre le cyclisme, le football et le maximum de performances fran\u00e7aises.\",\"sameAs\":[\"https:\/\/x.com\/https:\/\/twitter.com\/Maxime_Caze\"],\"url\":\"https:\/\/dicodusport.fr\/blog\/author\/maximec\/\"}]}<\/script>\n<!-- \/ Yoast SEO Premium plugin. -->","yoast_head_json":{"title":"Euroleague\u00a0: L\u2019ASVEL devient membre permanent","description":"L'ASVEL a obtenu sa licence A lui permettant de venir membre permanent de l'Euroleague \u00e0 partir de la saison prochaine.","robots":{"index":"index","follow":"follow","max-snippet":"max-snippet:-1","max-image-preview":"max-image-preview:large","max-video-preview":"max-video-preview:-1"},"canonical":"https:\/\/dicodusport.fr\/blog\/euroleague-l-asvel-devient-membre-permanent\/","og_locale":"fr_FR","og_type":"article","og_title":"Euroleague\u00a0: L\u2019ASVEL devient membre permanent","og_description":"L'ASVEL a obtenu sa licence A lui permettant de venir membre permanent de l'Euroleague \u00e0 partir de la saison prochaine.","og_url":"https:\/\/dicodusport.fr\/blog\/euroleague-l-asvel-devient-membre-permanent\/","og_site_name":"Dicodusport","article_publisher":"https:\/\/www.facebook.com\/dicodusport","article_published_time":"2021-06-19T06:19:51+00:00","article_modified_time":"2021-12-02T10:42:32+00:00","og_image":[{"width":800,"height":445,"url":"https:\/\/dicodusport.fr\/blog\/wp-content\/uploads\/2021\/06\/Euroleague-LASVEL-devient-membre-permanent.png","type":"image\/png"}],"author":"Maxime Cazenave","twitter_card":"summary_large_image","twitter_title":"Euroleague\u00a0: L\u2019ASVEL devient membre permanent","twitter_creator":"@https:\/\/twitter.com\/Maxime_Caze","twitter_site":"@dicodusport","schema":{"@context":"https:\/\/schema.org","@graph":[{"@type":"NewsArticle","@id":"https:\/\/dicodusport.fr\/blog\/euroleague-l-asvel-devient-membre-permanent\/#article","isPartOf":{"@id":"https:\/\/dicodusport.fr\/blog\/euroleague-l-asvel-devient-membre-permanent\/"},"author":{"name":"Maxime Cazenave","@id":"https:\/\/dicodusport.fr\/blog\/#\/schema\/person\/37def232098a7a5cbab3974a3690abb0"},"headline":"Euroleague\u00a0: L\u2019ASVEL devient membre permanent","datePublished":"2021-06-19T06:19:51+00:00","dateModified":"2021-12-02T10:42:32+00:00","mainEntityOfPage":{"@id":"https:\/\/dicodusport.fr\/blog\/euroleague-l-asvel-devient-membre-permanent\/"},"wordCount":550,"commentCount":0,"publisher":{"@id":"https:\/\/dicodusport.fr\/blog\/#organization"},"image":{"@id":"https:\/\/dicodusport.fr\/blog\/euroleague-l-asvel-devient-membre-permanent\/#primaryimage"},"thumbnailUrl":"https:\/\/dicodusport.fr\/blog\/wp-content\/uploads\/2021\/06\/Euroleague-LASVEL-devient-membre-permanent.png","keywords":["ASVEL","Euroleague","Jean-Michel Aulas","Tony Parker"],"articleSection":["Basket-ball","EuroLigue"],"inLanguage":"fr-FR","potentialAction":[{"@type":"CommentAction","name":"Comment","target":["https:\/\/dicodusport.fr\/blog\/euroleague-l-asvel-devient-membre-permanent\/#respond"]}],"copyrightYear":"2021","copyrightHolder":{"@id":"https:\/\/dicodusport.fr\/blog\/#organization"}},{"@type":"WebPage","@id":"https:\/\/dicodusport.fr\/blog\/euroleague-l-asvel-devient-membre-permanent\/","url":"https:\/\/dicodusport.fr\/blog\/euroleague-l-asvel-devient-membre-permanent\/","name":"Euroleague\u00a0: L\u2019ASVEL devient membre permanent","isPartOf":{"@id":"https:\/\/dicodusport.fr\/blog\/#website"},"primaryImageOfPage":{"@id":"https:\/\/dicodusport.fr\/blog\/euroleague-l-asvel-devient-membre-permanent\/#primaryimage"},"image":{"@id":"https:\/\/dicodusport.fr\/blog\/euroleague-l-asvel-devient-membre-permanent\/#primaryimage"},"thumbnailUrl":"https:\/\/dicodusport.fr\/blog\/wp-content\/uploads\/2021\/06\/Euroleague-LASVEL-devient-membre-permanent.png","datePublished":"2021-06-19T06:19:51+00:00","dateModified":"2021-12-02T10:42:32+00:00","description":"L'ASVEL a obtenu sa licence A lui permettant de venir membre permanent de l'Euroleague \u00e0 partir de la saison prochaine.","breadcrumb":{"@id":"https:\/\/dicodusport.fr\/blog\/euroleague-l-asvel-devient-membre-permanent\/#breadcrumb"},"inLanguage":"fr-FR","potentialAction":[{"@type":"ReadAction","target":["https:\/\/dicodusport.fr\/blog\/euroleague-l-asvel-devient-membre-permanent\/"]}]},{"@type":"ImageObject","inLanguage":"fr-FR","@id":"https:\/\/dicodusport.fr\/blog\/euroleague-l-asvel-devient-membre-permanent\/#primaryimage","url":"https:\/\/dicodusport.fr\/blog\/wp-content\/uploads\/2021\/06\/Euroleague-LASVEL-devient-membre-permanent.png","contentUrl":"https:\/\/dicodusport.fr\/blog\/wp-content\/uploads\/2021\/06\/Euroleague-LASVEL-devient-membre-permanent.png","width":800,"height":445,"caption":"Euroleague\u00a0: L\u2019ASVEL devient membre permanent"},{"@type":"BreadcrumbList","@id":"https:\/\/dicodusport.fr\/blog\/euroleague-l-asvel-devient-membre-permanent\/#breadcrumb","itemListElement":[{"@type":"ListItem","position":1,"name":"Accueil","item":"https:\/\/dicodusport.fr\/blog\/"},{"@type":"ListItem","position":2,"name":"Euroleague\u00a0: L\u2019ASVEL devient membre permanent"}]},{"@type":"WebSite","@id":"https:\/\/dicodusport.fr\/blog\/#website","url":"https:\/\/dicodusport.fr\/blog\/","name":"Dicodusport","description":"L&#039;encyclop\u00e9die de l&#039;actualit\u00e9 sportive","publisher":{"@id":"https:\/\/dicodusport.fr\/blog\/#organization"},"potentialAction":[{"@type":"SearchAction","target":{"@type":"EntryPoint","urlTemplate":"https:\/\/dicodusport.fr\/blog\/?s={search_term_string}"},"query-input":{"@type":"PropertyValueSpecification","valueRequired":true,"valueName":"search_term_string"}}],"inLanguage":"fr-FR"},{"@type":"NewsMediaOrganization","@id":"https:\/\/dicodusport.fr\/blog\/#organization","name":"Dicodusport","url":"https:\/\/dicodusport.fr\/blog\/","logo":{"@type":"ImageObject","inLanguage":"fr-FR","@id":"https:\/\/dicodusport.fr\/blog\/#\/schema\/logo\/image\/","url":"https:\/\/dicodusport.fr\/blog\/wp-content\/uploads\/2020\/06\/cropped-LOGO-DICODUSPORT-2020-SANS-FOND-SANS-TEXTE.png","contentUrl":"https:\/\/dicodusport.fr\/blog\/wp-content\/uploads\/2020\/06\/cropped-LOGO-DICODUSPORT-2020-SANS-FOND-SANS-TEXTE.png","width":512,"height":512,"caption":"Dicodusport"},"image":{"@id":"https:\/\/dicodusport.fr\/blog\/#\/schema\/logo\/image\/"},"sameAs":["https:\/\/www.facebook.com\/dicodusport","https:\/\/x.com\/dicodusport","https:\/\/www.instagram.com\/dicodusport\/","https:\/\/www.youtube.com\/channel\/UC7V2KZ5sd3htJivAbA4ZG3w"],"description":"Dicodusport est l'encyclop\u00e9die de l'actualit\u00e9 sportive.","email":"bonjour@dicodusport.fr","legalName":"DICODUSPORT","foundingDate":"2018-01-14","vatID":"FR71834470973","taxID":"83447097300043","numberOfEmployees":{"@type":"QuantitativeValue","minValue":"1","maxValue":"10"}},{"@type":"Person","@id":"https:\/\/dicodusport.fr\/blog\/#\/schema\/person\/37def232098a7a5cbab3974a3690abb0","name":"Maxime Cazenave","image":{"@type":"ImageObject","inLanguage":"fr-FR","@id":"https:\/\/dicodusport.fr\/blog\/#\/schema\/person\/image\/","url":"https:\/\/dicodusport.fr\/blog\/wp-content\/uploads\/2021\/05\/Maxime-Cazenave-150x150.jpg","contentUrl":"https:\/\/dicodusport.fr\/blog\/wp-content\/uploads\/2021\/05\/Maxime-Cazenave-150x150.jpg","caption":"Maxime Cazenave"},"description":"Journaliste\/R\u00e9dacteur depuis 2012 - Berc\u00e9 par l\u2019amour des Girondins de Bordeaux, les \u00e9checs de Christophe Moreau sur le Tour de France sous l'\u00e8re Lance Armstrong et le fade-away l\u00e9tal de Dirk Nowitzki, ma passion d\u00e9vorante pour le sport a toujours \u00e9t\u00e9 un pan incontournable de ma vie. Transmettre ma passion \u00e0 l\u2019\u00e9crit a \u00e9t\u00e9 une transition naturelle. Suiveur assidu de basket et de hockey sur glace, je garde toujours un peu de place pour suivre le cyclisme, le football et le maximum de performances fran\u00e7aises.","sameAs":["https:\/\/x.com\/https:\/\/twitter.com\/Maxime_Caze"],"url":"https:\/\/dicodusport.fr\/blog\/author\/maximec\/"}]}},"_links":{"self":[{"href":"https:\/\/dicodusport.fr\/blog\/wp-json\/wp\/v2\/posts\/140225","targetHints":{"allow":["GET"]}}],"collection":[{"href":"https:\/\/dicodusport.fr\/blog\/wp-json\/wp\/v2\/posts"}],"about":[{"href":"https:\/\/dicodusport.fr\/blog\/wp-json\/wp\/v2\/types\/post"}],"author":[{"embeddable":true,"href":"https:\/\/dicodusport.fr\/blog\/wp-json\/wp\/v2\/users\/55"}],"replies":[{"embeddable":true,"href":"https:\/\/dicodusport.fr\/blog\/wp-json\/wp\/v2\/comments?post=140225"}],"version-history":[{"count":0,"href":"https:\/\/dicodusport.fr\/blog\/wp-json\/wp\/v2\/posts\/140225\/revisions"}],"wp:featuredmedia":[{"embeddable":true,"href":"https:\/\/dicodusport.fr\/blog\/wp-json\/wp\/v2\/media\/140248"}],"wp:attachment":[{"href":"https:\/\/dicodusport.fr\/blog\/wp-json\/wp\/v2\/media?parent=140225"}],"wp:term":[{"taxonomy":"category","embeddable":true,"href":"https:\/\/dicodusport.fr\/blog\/wp-json\/wp\/v2\/categories?post=140225"},{"taxonomy":"post_tag","embeddable":true,"href":"https:\/\/dicodusport.fr\/blog\/wp-json\/wp\/v2\/tags?post=140225"}],"curies":[{"name":"wp","href":"https:\/\/api.w.org\/{rel}","templated":true}]}}