{"id":140228,"date":"2021-06-19T12:13:17","date_gmt":"2021-06-19T10:13:17","guid":{"rendered":"https:\/\/dicodusport.fr\/blog\/?p=140228"},"modified":"2021-06-19T19:55:35","modified_gmt":"2021-06-19T17:55:35","slug":"quel-avenir-pour-victor-wembanyama","status":"publish","type":"post","link":"https:\/\/dicodusport.fr\/blog\/quel-avenir-pour-victor-wembanyama\/","title":{"rendered":"Quel avenir pour Victor Wembanyama\u00a0?"},"content":{"rendered":"<p style=\"text-align: justify;\"><em><b><a href=\"https:\/\/dicodusport.fr\/blog\/?s=jeep+elite\">Jeep \u00c9lite<\/a> &#8211; C\u2019est d\u00e9sormais act\u00e9, Victor Wembanyama va quitter Nanterre. Le club francilien n\u2019est pas parvenu \u00e0 convaincre sa jeune p\u00e9pite de 17 ans de rester. Le joueur va donc avoir un choix \u00e0 faire, et devrait disposer d\u2019une panoplie compl\u00e8te de possibilit\u00e9s.<\/b><\/em><\/p>\n<p style=\"text-align: justify;\">M\u00eame si l\u2019on pouvait s\u2019y attendre, cela reste malgr\u00e9 tout une surprise. D\u00e9barqu\u00e9 au sein des jeunes de la <b>JSF<\/b> \u00e0 l\u2019\u00e2ge de 10 ans, <b>Victor Wembanyama<\/b> va changer de maillot la saison prochaine. Auteur d\u2019une premi\u00e8re saison professionnelle accomplie, le jeune int\u00e9rieur de 2.19 m ne cesse d\u2019impressionner. R\u00e9cemment \u00e9lu meilleur espoir de <b>Jeep <\/b><b>\u00c9lite<\/b>, il a tourn\u00e9 cette saison \u00e0 6.8 points, et 4.7 rebonds. De plus, avec 1.9 contres de moyenne, il est \u00e9galement <strong>le meilleur contreur du championnat de France<\/strong>.<\/p>\n<h2 style=\"text-align: justify;\"><b>Jeep Elite : l\u2019ASVEL ou les Metropolitans pour la Coupe d\u2019Europe ?<\/b><\/h2>\n<p style=\"text-align: justify;\"><b>Nanterre<\/b> lui avait fait signer un contrat de 3 ans dans lequel \u00e9tait incluse une clause lib\u00e9ratoire de 80.000 \u20ac. Un plan solide avait \u00e9t\u00e9 b\u00e2ti afin de faire \u00e9voluer la p\u00e9pite du basket fran\u00e7ais au sein de la structure francilienne pour l\u2019emmener jusqu\u2019\u00e0 la <b>Draft NBA 2023<\/b>. Toutefois, Wembanyama en a d\u00e9cid\u00e9 autrement. Avec son potentiel monstrueux et son impact d\u00e9j\u00e0 r\u00e9el, l\u2019int\u00e9rieur de 2.19 m fait tourner les t\u00eates, et dispose de plusieurs options.<\/p>\n<p style=\"text-align: justify;\">En premier lieu, le plus simple serait de rester en France et de poursuivre sa progression \u00ab\u00a0\u00e0 domicile\u00a0\u00bb. Ayant obtenu r\u00e9cemment<a href=\"https:\/\/dicodusport.fr\/blog\/euroleague-l-asvel-devient-membre-permanent\/\"> une place dans la dur\u00e9e en <b>Euroleague<\/b><\/a>, l\u2019<b>ASVEL<\/b> semble \u00eatre une \u00e9vidence. Le joueur pourrait ainsi se confronter au tr\u00e8s haut niveau europ\u00e9en et disputer beaucoup de rencontres au sein d\u2019une \u00e9quipe qui appr\u00e9cie d\u00e9velopper de jeunes joueurs. Attendu \u00e0 la Draft NBA 2022, <b>Matthew Strazel<\/b> a b\u00e9n\u00e9fici\u00e9 d\u2019un temps de jeu et de responsabilit\u00e9s int\u00e9ressantes cette saison. Mais d\u2019autres options sont envisageables.<\/p>\n<p style=\"text-align: justify;\">Qualifi\u00e9s pour l\u2019Eurocup, <b>Bourg-en-Bresse<\/b> et surtout les <b>Metropolitans<\/b> peuvent \u00eatre des destinations \u00e9galement int\u00e9ressantes. Club francilien, ce dernier pourrait lui permettre de rester dans la r\u00e9gion parisienne et d\u2019obtenir un r\u00f4le tr\u00e8s important. Pour le reste, difficile d\u2019imaginer le joueur \u00eatre int\u00e9ress\u00e9 par un autre club de Jeep \u00c9lite m\u00eame si des \u00e9quipes comme <b>Dijon<\/b> et <b>Strasbourg<\/b> disposent d\u2019atouts \u00e0 faire valoir.<\/p>\n<blockquote class=\"twitter-tweet\">\n<p dir=\"ltr\" lang=\"en\">ASVEL is seriously pursuing adding star prospect Victor Wembanyama for the next season, a source tells me. Two sides are in deep talks.<\/p>\n<p>\u2014 Artem Komarov (@art_basket) <a href=\"https:\/\/twitter.com\/art_basket\/status\/1392039924061380615?ref_src=twsrc%5Etfw\">May 11, 2021<\/a><\/p><\/blockquote>\n<p><script async src=\"https:\/\/platform.twitter.com\/widgets.js\" charset=\"utf-8\"><\/script><\/p>\n<h2 style=\"text-align: justify;\"><b>Une destination europ\u00e9enne pour sortir du confort fran\u00e7ais\u00a0?<\/b><\/h2>\n<p style=\"text-align: justify;\">Une autre possibilit\u00e9 tout \u00e0 fait envisageable serait de partir directement \u00e0 l\u2019\u00e9tranger pour \u00e9voluer dans un championnat plus relev\u00e9, en sortant du \u00ab\u00a0cocon\u00a0\u00bb local. <a href=\"https:\/\/dicodusport.fr\/blog\/nba-suivez-la-draft-2020-en-direct\/\">Draft\u00e9 par les Pistons de D\u00e9troit l\u2019\u00e9t\u00e9 dernier<\/a>, <b>Killian Hayes <\/b>avait franchi le pas en disputant une saison du c\u00f4t\u00e9 d\u2019Ulm, en Allemagne. Cela avait \u00e9t\u00e9 une r\u00e9ussite puisque le meneur a b\u00e9n\u00e9fici\u00e9 de responsabilit\u00e9s et d\u2019un gros temps de jeu pour se montrer, et engranger de l\u2019exp\u00e9rience. Ce n\u2019est pas un secret, les gros clubs europ\u00e9ens ont un \u0153il sur le prospect de 17 ans. \u00c0 10 ans, le <b>FC Barcelone<\/b> avait fait le forcing pour le faire rejoindre la Catalogne avant qu\u2019il ne signe finalement \u00e0 Nanterre.<\/p>\n<p style=\"text-align: justify;\">Ainsi, des grosses \u00e9curies devraient se positionner sur <b>Victor Wembanyama<\/b>. L\u00e0 encore, seules les \u00e9quipes qualifi\u00e9es en Coupe d\u2019Europe, et sans doute m\u00eame en <b>Euroleague<\/b>, ont la possibilit\u00e9 de l\u2019attirer. Ces m\u00eames Catalans notamment peuvent \u00eatre vus comme une bonne option. Cette saison, <a href=\"https:\/\/dicodusport.fr\/blog\/euroligue-le-phenomene-usman-garuba-prend-de-lampleur\/\"><b>Usman Garuba<\/b> a pris de l\u2019ampleur dans la rotation<\/a> au fil du temps pour finalement avoir un r\u00e9el impact en quarts de finale de l\u2019Euroleague (d\u00e9faite face \u00e0 l\u2019Anadolou Efes). L\u2019id\u00e9e serait d\u2019avoir une adversit\u00e9 plus relev\u00e9e au quotidien en int\u00e9grant un gros championnat comme l\u2019<b>Espagne<\/b> donc, mais pourquoi pas l\u2019<b>Italie <\/b>ou l\u2019<b>Allemagne <\/b>\u00e9galement.<\/p>\n<h2 style=\"text-align: justify;\"><b>Le grand saut peu probable aux \u00c9tats-Unis ?<\/b><\/h2>\n<p style=\"text-align: justify;\">Derni\u00e8re option envisageable\u00a0: un d\u00e9part pr\u00e9matur\u00e9 <b>outre-Atlantique<\/b>. Cela est sans doute l\u2019option la moins probable. Pourtant, les courtisans se bousculent \u00e9galement au portillon. On pense en premier lieu \u00e0 la nouvelle <b>Ignite Team<\/b> mise en place en <b>G-League<\/b>. Cette derni\u00e8re a r\u00e9ussi \u00e0 attirer des gros prospects comme <b>Jalen Green<\/b> ou <b>Jonathan Kuminga<\/b> cette saison. Le bon c\u00f4t\u00e9 de la chose est de pouvoir se montrer directement sur le territoire am\u00e9ricain dans l\u2019optique de la <b>Draft NBA 2023<\/b>.<\/p>\n<p style=\"text-align: justify;\">Le mauvais c\u00f4t\u00e9, sans manquer de respect \u00e0 la G-League, est que le niveau n\u2019a rien \u00e0 voir avec le gratin du basket europ\u00e9en. Compos\u00e9e d\u2019\u00e9quipes au sein desquelles la plupart des joueurs cherchent \u00e0 se montrer individuellement afin d\u2019obtenir une opportunit\u00e9 en <b>NBA<\/b>, cette derni\u00e8re ne semble pas correspondre \u00e0 ce qu\u2019attend le jeune joueur fran\u00e7ais. La remarque est \u00e9galement valable pour la <b>\u00ab\u00a0Overtime Elite\u00a0\u00bb<\/b>, autre alternative possible pour les jeunes de 16 \u00e0 18 ans souhaitant passer outre la <b>NCAA<\/b>. Wembanyama est d\u00e9j\u00e0 pr\u00eat \u00e0 \u00e9voluer contre des adultes. Tout le monde l\u2019a bien remarqu\u00e9 cette saison, et il serait donc surprenant de le voir pr\u00e9tendre \u00e0 l\u2019une de ces options. En tout cas, quoi qu\u2019il advienne, l\u2019adolescent aux mains de velours va faire saliver les pr\u00e9tendants qui se massent au portillon.<\/p>\n<blockquote class=\"twitter-tweet\">\n<p dir=\"ltr\" lang=\"en\">Per Jonathan Givony from ESPN &amp; Draft Express report that Victor Wembanyama <a href=\"https:\/\/twitter.com\/vicw_32?ref_src=twsrc%5Etfw\">@vicw_32<\/a> will leave the Nanterre team in France. The G-League Ignite or The Overtime Elite has expressed interest. <a href=\"https:\/\/t.co\/uhtBHJ8YPB\">pic.twitter.com\/uhtBHJ8YPB<\/a><\/p>\n<p>\u2014 thehooppost (@thehooppost) <a href=\"https:\/\/twitter.com\/thehooppost\/status\/1405958044043735040?ref_src=twsrc%5Etfw\">June 18, 2021<\/a><\/p><\/blockquote>\n<p><script async src=\"https:\/\/platform.twitter.com\/widgets.js\" charset=\"utf-8\"><\/script><\/p>\n","protected":false},"excerpt":{"rendered":"<p>Jeep \u00c9lite &#8211; C\u2019est d\u00e9sormais act\u00e9, Victor Wembanyama va quitter Nanterre. Le club francilien n\u2019est pas parvenu \u00e0 convaincre sa jeune p\u00e9pite de 17 ans de rester. Le joueur va donc avoir un choix \u00e0 faire, et devrait disposer d\u2019une panoplie compl\u00e8te de possibilit\u00e9s.<\/p>\n","protected":false},"author":55,"featured_media":140287,"comment_status":"open","ping_status":"closed","sticky":false,"template":"","format":"standard","meta":{"_acf_changed":false,"_daextam_enable_autolinks":"","footnotes":""},"categories":[2305],"tags":[4475,8271,16989,179,24,16921],"class_list":["post-140228","post","type-post","status-publish","format-standard","has-post-thumbnail","hentry","category-basket-ball","tag-euroleague","tag-jeep-elite","tag-nanterre","tag-nba","tag-sport","tag-victor-wembanyama"],"acf":[],"yoast_head":"<!-- This site is optimized with the Yoast SEO Premium plugin v26.7 (Yoast SEO v26.7) - https:\/\/yoast.com\/wordpress\/plugins\/seo\/ -->\n<title>Quel avenir pour Victor Wembanyama\u00a0?<\/title>\n<meta name=\"description\" content=\"Auteur d&#039;une premi\u00e8re belle saison en Jeep Elite, Victor Wembanyama va quitter la JSF Nanterre et s&#039;offrir un nouveau challenge.\" \/>\n<meta name=\"robots\" content=\"index, follow, max-snippet:-1, max-image-preview:large, max-video-preview:-1\" \/>\n<link rel=\"canonical\" href=\"https:\/\/dicodusport.fr\/blog\/quel-avenir-pour-victor-wembanyama\/\" \/>\n<meta property=\"og:locale\" content=\"fr_FR\" \/>\n<meta property=\"og:type\" content=\"article\" \/>\n<meta property=\"og:title\" content=\"Quel avenir pour Victor Wembanyama\u00a0?\" \/>\n<meta property=\"og:description\" content=\"Auteur d&#039;une premi\u00e8re belle saison en Jeep Elite, Victor Wembanyama va quitter la JSF Nanterre et s&#039;offrir un nouveau challenge.\" \/>\n<meta property=\"og:url\" content=\"https:\/\/dicodusport.fr\/blog\/quel-avenir-pour-victor-wembanyama\/\" \/>\n<meta property=\"og:site_name\" content=\"Dicodusport\" \/>\n<meta property=\"article:publisher\" content=\"https:\/\/www.facebook.com\/dicodusport\" \/>\n<meta property=\"article:published_time\" content=\"2021-06-19T10:13:17+00:00\" \/>\n<meta property=\"article:modified_time\" content=\"2021-06-19T17:55:35+00:00\" \/>\n<meta property=\"og:image\" content=\"https:\/\/dicodusport.fr\/blog\/wp-content\/uploads\/2021\/06\/Quel-avenir-pour-Victor-Wembanyama-.png\" \/>\n\t<meta property=\"og:image:width\" content=\"800\" \/>\n\t<meta property=\"og:image:height\" content=\"445\" \/>\n\t<meta property=\"og:image:type\" content=\"image\/png\" \/>\n<meta name=\"author\" content=\"Maxime Cazenave\" \/>\n<meta name=\"twitter:card\" content=\"summary_large_image\" \/>\n<meta name=\"twitter:title\" content=\"Quel avenir pour Victor Wembanyama\u00a0?\" \/>\n<meta name=\"twitter:creator\" content=\"@https:\/\/twitter.com\/Maxime_Caze\" \/>\n<meta name=\"twitter:site\" content=\"@dicodusport\" \/>\n<script type=\"application\/ld+json\" class=\"yoast-schema-graph\">{\"@context\":\"https:\/\/schema.org\",\"@graph\":[{\"@type\":\"NewsArticle\",\"@id\":\"https:\/\/dicodusport.fr\/blog\/quel-avenir-pour-victor-wembanyama\/#article\",\"isPartOf\":{\"@id\":\"https:\/\/dicodusport.fr\/blog\/quel-avenir-pour-victor-wembanyama\/\"},\"author\":{\"name\":\"Maxime Cazenave\",\"@id\":\"https:\/\/dicodusport.fr\/blog\/#\/schema\/person\/37def232098a7a5cbab3974a3690abb0\"},\"headline\":\"Quel avenir pour Victor Wembanyama\u00a0?\",\"datePublished\":\"2021-06-19T10:13:17+00:00\",\"dateModified\":\"2021-06-19T17:55:35+00:00\",\"mainEntityOfPage\":{\"@id\":\"https:\/\/dicodusport.fr\/blog\/quel-avenir-pour-victor-wembanyama\/\"},\"wordCount\":947,\"commentCount\":0,\"publisher\":{\"@id\":\"https:\/\/dicodusport.fr\/blog\/#organization\"},\"image\":{\"@id\":\"https:\/\/dicodusport.fr\/blog\/quel-avenir-pour-victor-wembanyama\/#primaryimage\"},\"thumbnailUrl\":\"https:\/\/dicodusport.fr\/blog\/wp-content\/uploads\/2021\/06\/Quel-avenir-pour-Victor-Wembanyama-.png\",\"keywords\":[\"Euroleague\",\"Jeep Elite\",\"Nanterre\",\"NBA\",\"sport\",\"Victor Wembanyama\"],\"articleSection\":[\"Basket-ball\"],\"inLanguage\":\"fr-FR\",\"potentialAction\":[{\"@type\":\"CommentAction\",\"name\":\"Comment\",\"target\":[\"https:\/\/dicodusport.fr\/blog\/quel-avenir-pour-victor-wembanyama\/#respond\"]}],\"copyrightYear\":\"2021\",\"copyrightHolder\":{\"@id\":\"https:\/\/dicodusport.fr\/blog\/#organization\"}},{\"@type\":\"WebPage\",\"@id\":\"https:\/\/dicodusport.fr\/blog\/quel-avenir-pour-victor-wembanyama\/\",\"url\":\"https:\/\/dicodusport.fr\/blog\/quel-avenir-pour-victor-wembanyama\/\",\"name\":\"Quel avenir pour Victor Wembanyama\u00a0?\",\"isPartOf\":{\"@id\":\"https:\/\/dicodusport.fr\/blog\/#website\"},\"primaryImageOfPage\":{\"@id\":\"https:\/\/dicodusport.fr\/blog\/quel-avenir-pour-victor-wembanyama\/#primaryimage\"},\"image\":{\"@id\":\"https:\/\/dicodusport.fr\/blog\/quel-avenir-pour-victor-wembanyama\/#primaryimage\"},\"thumbnailUrl\":\"https:\/\/dicodusport.fr\/blog\/wp-content\/uploads\/2021\/06\/Quel-avenir-pour-Victor-Wembanyama-.png\",\"datePublished\":\"2021-06-19T10:13:17+00:00\",\"dateModified\":\"2021-06-19T17:55:35+00:00\",\"description\":\"Auteur d'une premi\u00e8re belle saison en Jeep Elite, Victor Wembanyama va quitter la JSF Nanterre et s'offrir un nouveau challenge.\",\"breadcrumb\":{\"@id\":\"https:\/\/dicodusport.fr\/blog\/quel-avenir-pour-victor-wembanyama\/#breadcrumb\"},\"inLanguage\":\"fr-FR\",\"potentialAction\":[{\"@type\":\"ReadAction\",\"target\":[\"https:\/\/dicodusport.fr\/blog\/quel-avenir-pour-victor-wembanyama\/\"]}]},{\"@type\":\"ImageObject\",\"inLanguage\":\"fr-FR\",\"@id\":\"https:\/\/dicodusport.fr\/blog\/quel-avenir-pour-victor-wembanyama\/#primaryimage\",\"url\":\"https:\/\/dicodusport.fr\/blog\/wp-content\/uploads\/2021\/06\/Quel-avenir-pour-Victor-Wembanyama-.png\",\"contentUrl\":\"https:\/\/dicodusport.fr\/blog\/wp-content\/uploads\/2021\/06\/Quel-avenir-pour-Victor-Wembanyama-.png\",\"width\":800,\"height\":445,\"caption\":\"Quel avenir pour Victor Wembanyama\u00a0?\"},{\"@type\":\"BreadcrumbList\",\"@id\":\"https:\/\/dicodusport.fr\/blog\/quel-avenir-pour-victor-wembanyama\/#breadcrumb\",\"itemListElement\":[{\"@type\":\"ListItem\",\"position\":1,\"name\":\"Accueil\",\"item\":\"https:\/\/dicodusport.fr\/blog\/\"},{\"@type\":\"ListItem\",\"position\":2,\"name\":\"Quel avenir pour Victor Wembanyama\u00a0?\"}]},{\"@type\":\"WebSite\",\"@id\":\"https:\/\/dicodusport.fr\/blog\/#website\",\"url\":\"https:\/\/dicodusport.fr\/blog\/\",\"name\":\"Dicodusport\",\"description\":\"L&#039;encyclop\u00e9die de l&#039;actualit\u00e9 sportive\",\"publisher\":{\"@id\":\"https:\/\/dicodusport.fr\/blog\/#organization\"},\"potentialAction\":[{\"@type\":\"SearchAction\",\"target\":{\"@type\":\"EntryPoint\",\"urlTemplate\":\"https:\/\/dicodusport.fr\/blog\/?s={search_term_string}\"},\"query-input\":{\"@type\":\"PropertyValueSpecification\",\"valueRequired\":true,\"valueName\":\"search_term_string\"}}],\"inLanguage\":\"fr-FR\"},{\"@type\":\"NewsMediaOrganization\",\"@id\":\"https:\/\/dicodusport.fr\/blog\/#organization\",\"name\":\"Dicodusport\",\"url\":\"https:\/\/dicodusport.fr\/blog\/\",\"logo\":{\"@type\":\"ImageObject\",\"inLanguage\":\"fr-FR\",\"@id\":\"https:\/\/dicodusport.fr\/blog\/#\/schema\/logo\/image\/\",\"url\":\"https:\/\/dicodusport.fr\/blog\/wp-content\/uploads\/2020\/06\/cropped-LOGO-DICODUSPORT-2020-SANS-FOND-SANS-TEXTE.png\",\"contentUrl\":\"https:\/\/dicodusport.fr\/blog\/wp-content\/uploads\/2020\/06\/cropped-LOGO-DICODUSPORT-2020-SANS-FOND-SANS-TEXTE.png\",\"width\":512,\"height\":512,\"caption\":\"Dicodusport\"},\"image\":{\"@id\":\"https:\/\/dicodusport.fr\/blog\/#\/schema\/logo\/image\/\"},\"sameAs\":[\"https:\/\/www.facebook.com\/dicodusport\",\"https:\/\/x.com\/dicodusport\",\"https:\/\/www.instagram.com\/dicodusport\/\",\"https:\/\/www.youtube.com\/channel\/UC7V2KZ5sd3htJivAbA4ZG3w\"],\"description\":\"Dicodusport est l'encyclop\u00e9die de l'actualit\u00e9 sportive.\",\"email\":\"bonjour@dicodusport.fr\",\"legalName\":\"DICODUSPORT\",\"foundingDate\":\"2018-01-14\",\"vatID\":\"FR71834470973\",\"taxID\":\"83447097300043\",\"numberOfEmployees\":{\"@type\":\"QuantitativeValue\",\"minValue\":\"1\",\"maxValue\":\"10\"}},{\"@type\":\"Person\",\"@id\":\"https:\/\/dicodusport.fr\/blog\/#\/schema\/person\/37def232098a7a5cbab3974a3690abb0\",\"name\":\"Maxime Cazenave\",\"image\":{\"@type\":\"ImageObject\",\"inLanguage\":\"fr-FR\",\"@id\":\"https:\/\/dicodusport.fr\/blog\/#\/schema\/person\/image\/\",\"url\":\"https:\/\/dicodusport.fr\/blog\/wp-content\/uploads\/2021\/05\/Maxime-Cazenave-150x150.jpg\",\"contentUrl\":\"https:\/\/dicodusport.fr\/blog\/wp-content\/uploads\/2021\/05\/Maxime-Cazenave-150x150.jpg\",\"caption\":\"Maxime Cazenave\"},\"description\":\"Journaliste\/R\u00e9dacteur depuis 2012 - Berc\u00e9 par l\u2019amour des Girondins de Bordeaux, les \u00e9checs de Christophe Moreau sur le Tour de France sous l'\u00e8re Lance Armstrong et le fade-away l\u00e9tal de Dirk Nowitzki, ma passion d\u00e9vorante pour le sport a toujours \u00e9t\u00e9 un pan incontournable de ma vie. Transmettre ma passion \u00e0 l\u2019\u00e9crit a \u00e9t\u00e9 une transition naturelle. Suiveur assidu de basket et de hockey sur glace, je garde toujours un peu de place pour suivre le cyclisme, le football et le maximum de performances fran\u00e7aises.\",\"sameAs\":[\"https:\/\/x.com\/https:\/\/twitter.com\/Maxime_Caze\"],\"url\":\"https:\/\/dicodusport.fr\/blog\/author\/maximec\/\"}]}<\/script>\n<!-- \/ Yoast SEO Premium plugin. -->","yoast_head_json":{"title":"Quel avenir pour Victor Wembanyama\u00a0?","description":"Auteur d'une premi\u00e8re belle saison en Jeep Elite, Victor Wembanyama va quitter la JSF Nanterre et s'offrir un nouveau challenge.","robots":{"index":"index","follow":"follow","max-snippet":"max-snippet:-1","max-image-preview":"max-image-preview:large","max-video-preview":"max-video-preview:-1"},"canonical":"https:\/\/dicodusport.fr\/blog\/quel-avenir-pour-victor-wembanyama\/","og_locale":"fr_FR","og_type":"article","og_title":"Quel avenir pour Victor Wembanyama\u00a0?","og_description":"Auteur d'une premi\u00e8re belle saison en Jeep Elite, Victor Wembanyama va quitter la JSF Nanterre et s'offrir un nouveau challenge.","og_url":"https:\/\/dicodusport.fr\/blog\/quel-avenir-pour-victor-wembanyama\/","og_site_name":"Dicodusport","article_publisher":"https:\/\/www.facebook.com\/dicodusport","article_published_time":"2021-06-19T10:13:17+00:00","article_modified_time":"2021-06-19T17:55:35+00:00","og_image":[{"width":800,"height":445,"url":"https:\/\/dicodusport.fr\/blog\/wp-content\/uploads\/2021\/06\/Quel-avenir-pour-Victor-Wembanyama-.png","type":"image\/png"}],"author":"Maxime Cazenave","twitter_card":"summary_large_image","twitter_title":"Quel avenir pour Victor Wembanyama\u00a0?","twitter_creator":"@https:\/\/twitter.com\/Maxime_Caze","twitter_site":"@dicodusport","schema":{"@context":"https:\/\/schema.org","@graph":[{"@type":"NewsArticle","@id":"https:\/\/dicodusport.fr\/blog\/quel-avenir-pour-victor-wembanyama\/#article","isPartOf":{"@id":"https:\/\/dicodusport.fr\/blog\/quel-avenir-pour-victor-wembanyama\/"},"author":{"name":"Maxime Cazenave","@id":"https:\/\/dicodusport.fr\/blog\/#\/schema\/person\/37def232098a7a5cbab3974a3690abb0"},"headline":"Quel avenir pour Victor Wembanyama\u00a0?","datePublished":"2021-06-19T10:13:17+00:00","dateModified":"2021-06-19T17:55:35+00:00","mainEntityOfPage":{"@id":"https:\/\/dicodusport.fr\/blog\/quel-avenir-pour-victor-wembanyama\/"},"wordCount":947,"commentCount":0,"publisher":{"@id":"https:\/\/dicodusport.fr\/blog\/#organization"},"image":{"@id":"https:\/\/dicodusport.fr\/blog\/quel-avenir-pour-victor-wembanyama\/#primaryimage"},"thumbnailUrl":"https:\/\/dicodusport.fr\/blog\/wp-content\/uploads\/2021\/06\/Quel-avenir-pour-Victor-Wembanyama-.png","keywords":["Euroleague","Jeep Elite","Nanterre","NBA","sport","Victor Wembanyama"],"articleSection":["Basket-ball"],"inLanguage":"fr-FR","potentialAction":[{"@type":"CommentAction","name":"Comment","target":["https:\/\/dicodusport.fr\/blog\/quel-avenir-pour-victor-wembanyama\/#respond"]}],"copyrightYear":"2021","copyrightHolder":{"@id":"https:\/\/dicodusport.fr\/blog\/#organization"}},{"@type":"WebPage","@id":"https:\/\/dicodusport.fr\/blog\/quel-avenir-pour-victor-wembanyama\/","url":"https:\/\/dicodusport.fr\/blog\/quel-avenir-pour-victor-wembanyama\/","name":"Quel avenir pour Victor Wembanyama\u00a0?","isPartOf":{"@id":"https:\/\/dicodusport.fr\/blog\/#website"},"primaryImageOfPage":{"@id":"https:\/\/dicodusport.fr\/blog\/quel-avenir-pour-victor-wembanyama\/#primaryimage"},"image":{"@id":"https:\/\/dicodusport.fr\/blog\/quel-avenir-pour-victor-wembanyama\/#primaryimage"},"thumbnailUrl":"https:\/\/dicodusport.fr\/blog\/wp-content\/uploads\/2021\/06\/Quel-avenir-pour-Victor-Wembanyama-.png","datePublished":"2021-06-19T10:13:17+00:00","dateModified":"2021-06-19T17:55:35+00:00","description":"Auteur d'une premi\u00e8re belle saison en Jeep Elite, Victor Wembanyama va quitter la JSF Nanterre et s'offrir un nouveau challenge.","breadcrumb":{"@id":"https:\/\/dicodusport.fr\/blog\/quel-avenir-pour-victor-wembanyama\/#breadcrumb"},"inLanguage":"fr-FR","potentialAction":[{"@type":"ReadAction","target":["https:\/\/dicodusport.fr\/blog\/quel-avenir-pour-victor-wembanyama\/"]}]},{"@type":"ImageObject","inLanguage":"fr-FR","@id":"https:\/\/dicodusport.fr\/blog\/quel-avenir-pour-victor-wembanyama\/#primaryimage","url":"https:\/\/dicodusport.fr\/blog\/wp-content\/uploads\/2021\/06\/Quel-avenir-pour-Victor-Wembanyama-.png","contentUrl":"https:\/\/dicodusport.fr\/blog\/wp-content\/uploads\/2021\/06\/Quel-avenir-pour-Victor-Wembanyama-.png","width":800,"height":445,"caption":"Quel avenir pour Victor Wembanyama\u00a0?"},{"@type":"BreadcrumbList","@id":"https:\/\/dicodusport.fr\/blog\/quel-avenir-pour-victor-wembanyama\/#breadcrumb","itemListElement":[{"@type":"ListItem","position":1,"name":"Accueil","item":"https:\/\/dicodusport.fr\/blog\/"},{"@type":"ListItem","position":2,"name":"Quel avenir pour Victor Wembanyama\u00a0?"}]},{"@type":"WebSite","@id":"https:\/\/dicodusport.fr\/blog\/#website","url":"https:\/\/dicodusport.fr\/blog\/","name":"Dicodusport","description":"L&#039;encyclop\u00e9die de l&#039;actualit\u00e9 sportive","publisher":{"@id":"https:\/\/dicodusport.fr\/blog\/#organization"},"potentialAction":[{"@type":"SearchAction","target":{"@type":"EntryPoint","urlTemplate":"https:\/\/dicodusport.fr\/blog\/?s={search_term_string}"},"query-input":{"@type":"PropertyValueSpecification","valueRequired":true,"valueName":"search_term_string"}}],"inLanguage":"fr-FR"},{"@type":"NewsMediaOrganization","@id":"https:\/\/dicodusport.fr\/blog\/#organization","name":"Dicodusport","url":"https:\/\/dicodusport.fr\/blog\/","logo":{"@type":"ImageObject","inLanguage":"fr-FR","@id":"https:\/\/dicodusport.fr\/blog\/#\/schema\/logo\/image\/","url":"https:\/\/dicodusport.fr\/blog\/wp-content\/uploads\/2020\/06\/cropped-LOGO-DICODUSPORT-2020-SANS-FOND-SANS-TEXTE.png","contentUrl":"https:\/\/dicodusport.fr\/blog\/wp-content\/uploads\/2020\/06\/cropped-LOGO-DICODUSPORT-2020-SANS-FOND-SANS-TEXTE.png","width":512,"height":512,"caption":"Dicodusport"},"image":{"@id":"https:\/\/dicodusport.fr\/blog\/#\/schema\/logo\/image\/"},"sameAs":["https:\/\/www.facebook.com\/dicodusport","https:\/\/x.com\/dicodusport","https:\/\/www.instagram.com\/dicodusport\/","https:\/\/www.youtube.com\/channel\/UC7V2KZ5sd3htJivAbA4ZG3w"],"description":"Dicodusport est l'encyclop\u00e9die de l'actualit\u00e9 sportive.","email":"bonjour@dicodusport.fr","legalName":"DICODUSPORT","foundingDate":"2018-01-14","vatID":"FR71834470973","taxID":"83447097300043","numberOfEmployees":{"@type":"QuantitativeValue","minValue":"1","maxValue":"10"}},{"@type":"Person","@id":"https:\/\/dicodusport.fr\/blog\/#\/schema\/person\/37def232098a7a5cbab3974a3690abb0","name":"Maxime Cazenave","image":{"@type":"ImageObject","inLanguage":"fr-FR","@id":"https:\/\/dicodusport.fr\/blog\/#\/schema\/person\/image\/","url":"https:\/\/dicodusport.fr\/blog\/wp-content\/uploads\/2021\/05\/Maxime-Cazenave-150x150.jpg","contentUrl":"https:\/\/dicodusport.fr\/blog\/wp-content\/uploads\/2021\/05\/Maxime-Cazenave-150x150.jpg","caption":"Maxime Cazenave"},"description":"Journaliste\/R\u00e9dacteur depuis 2012 - Berc\u00e9 par l\u2019amour des Girondins de Bordeaux, les \u00e9checs de Christophe Moreau sur le Tour de France sous l'\u00e8re Lance Armstrong et le fade-away l\u00e9tal de Dirk Nowitzki, ma passion d\u00e9vorante pour le sport a toujours \u00e9t\u00e9 un pan incontournable de ma vie. Transmettre ma passion \u00e0 l\u2019\u00e9crit a \u00e9t\u00e9 une transition naturelle. Suiveur assidu de basket et de hockey sur glace, je garde toujours un peu de place pour suivre le cyclisme, le football et le maximum de performances fran\u00e7aises.","sameAs":["https:\/\/x.com\/https:\/\/twitter.com\/Maxime_Caze"],"url":"https:\/\/dicodusport.fr\/blog\/author\/maximec\/"}]}},"_links":{"self":[{"href":"https:\/\/dicodusport.fr\/blog\/wp-json\/wp\/v2\/posts\/140228","targetHints":{"allow":["GET"]}}],"collection":[{"href":"https:\/\/dicodusport.fr\/blog\/wp-json\/wp\/v2\/posts"}],"about":[{"href":"https:\/\/dicodusport.fr\/blog\/wp-json\/wp\/v2\/types\/post"}],"author":[{"embeddable":true,"href":"https:\/\/dicodusport.fr\/blog\/wp-json\/wp\/v2\/users\/55"}],"replies":[{"embeddable":true,"href":"https:\/\/dicodusport.fr\/blog\/wp-json\/wp\/v2\/comments?post=140228"}],"version-history":[{"count":0,"href":"https:\/\/dicodusport.fr\/blog\/wp-json\/wp\/v2\/posts\/140228\/revisions"}],"wp:featuredmedia":[{"embeddable":true,"href":"https:\/\/dicodusport.fr\/blog\/wp-json\/wp\/v2\/media\/140287"}],"wp:attachment":[{"href":"https:\/\/dicodusport.fr\/blog\/wp-json\/wp\/v2\/media?parent=140228"}],"wp:term":[{"taxonomy":"category","embeddable":true,"href":"https:\/\/dicodusport.fr\/blog\/wp-json\/wp\/v2\/categories?post=140228"},{"taxonomy":"post_tag","embeddable":true,"href":"https:\/\/dicodusport.fr\/blog\/wp-json\/wp\/v2\/tags?post=140228"}],"curies":[{"name":"wp","href":"https:\/\/api.w.org\/{rel}","templated":true}]}}