{"id":140686,"date":"2021-06-20T14:44:05","date_gmt":"2021-06-20T12:44:05","guid":{"rendered":"https:\/\/dicodusport.fr\/blog\/?p=140686&#038;preview=true&#038;preview_id=140686"},"modified":"2021-06-20T15:32:44","modified_gmt":"2021-06-20T13:32:44","slug":"motogp-grand-prix-allemagne-marc-marquez-s-impose-fabio-quartararo-3eme","status":"publish","type":"post","link":"https:\/\/dicodusport.fr\/blog\/motogp-grand-prix-allemagne-marc-marquez-s-impose-fabio-quartararo-3eme\/","title":{"rendered":"Grand Prix d&rsquo;Allemagne : Marc Marquez s&rsquo;impose, Fabio Quartararo 3\u00e8me"},"content":{"rendered":"<p style=\"text-align: justify;\"><strong><em><a href=\"https:\/\/dicodusport.fr\/blog\/motogp-grand-prix-allemagne-2021-horaires-et-programme-tv-complet\/\">MOTOGP &#8211; GRAND PRIX D&rsquo;ALLEMAGNE<\/a> &#8211; Un an, sept mois et trois jours apr\u00e8s sa derni\u00e8re victoire, Marc Marquez (Honda) a remport\u00e9 ce dimanche SON Grand Prix d&rsquo;Allemagne, au Sachsenring. Parti de la deuxi\u00e8me ligne, l&rsquo;Espagnol a fait le show pour s&rsquo;imposer en costaud, sa 57\u00e8me victoire en MotoGP. Miguel Oliveira (KTM) est deuxi\u00e8me, devant un bon Fabio Quartararo (Yamaha).<\/em><\/strong><\/p>\n<p style=\"text-align: justify;\">Il n&rsquo;avait plus gagn\u00e9 depuis le 17 novembre 2019 et son succ\u00e8s sur le Grand Prix de Valence. Ce dimanche, apr\u00e8s une ann\u00e9e 2020 blanche marqu\u00e9e par une grave blessure au bras, <strong>Marc Marquez<\/strong> (Honda) a remport\u00e9 le Grand Prix d&rsquo;Allemagne. Parti en deuxi\u00e8me ligne, l&rsquo;Espagnol s&rsquo;impose pour la 11\u00e8me fois cons\u00e9cutive sur le Sachsenring, toutes cat\u00e9gories confondues, comme un symbole. Solide, il devance <strong>Miguel Oliveira<\/strong> (KTM), qui monte pour la troisi\u00e8me fois de suite sur le podium cette saison, lui qui avait remport\u00e9 le Grand Prix de Catalogne il y a 15 jours.<\/p>\n<h2 style=\"text-align: justify;\">Quartararo sourit, Zarco grimace<\/h2>\n<p style=\"text-align: justify;\">Troisi\u00e8me, <strong>Fabio Quartararo<\/strong> (Yamaha) r\u00e9alise quant \u00e0 lui une tr\u00e8s bonne op\u00e9ration au classement du championnat du monde : <strong>Jack Miller<\/strong> (Ducati) est sixi\u00e8me, tandis que le poleman <strong>Johann Zarco<\/strong> (Pramac) a lui souffert tout au long de la course, et doit se contenter de la 8\u00e8me place. Cons\u00e9quence, le Ni\u00e7ois devance d\u00e9sormais le Cannois de 22 points, l&rsquo;Australien pointant quant \u00e0 lui \u00e0 31 longueurs. <strong>Joan Mir<\/strong> (Suzuki) est 9\u00e8me apr\u00e8s un d\u00e9part en fond de grille. Grand Prix calvaire pour <strong>Maverick Vinales<\/strong> (Yamaha), seulement 19\u00e8me et dernier pilote encore en course.<\/p>\n<blockquote class=\"twitter-tweet\">\n<p dir=\"ltr\" lang=\"fr\">\u00ab\u00a0C&rsquo;est l&rsquo;un des moments les plus importants de ma carri\u00e8re\u00a0\u00bb<\/p>\n<p>Les larmes de Marc Marquez, apr\u00e8s sa victoire au <a href=\"https:\/\/twitter.com\/hashtag\/GermanGP?src=hash&amp;ref_src=twsrc%5Etfw\">#GermanGP<\/a> &#x1f3c1;&#x1f3c6;<\/p>\n<p>&#x25b6;&#xfe0f; <a href=\"https:\/\/t.co\/6vTgdTN2gP\">https:\/\/t.co\/6vTgdTN2gP<\/a> <a href=\"https:\/\/t.co\/BwDrq3h8OQ\">pic.twitter.com\/BwDrq3h8OQ<\/a><\/p>\n<p>\u2014 CANAL+ MotoGP&#x2122; (@CanalplusMotoGP) <a href=\"https:\/\/twitter.com\/CanalplusMotoGP\/status\/1406599702242598914?ref_src=twsrc%5Etfw\">June 20, 2021<\/a><\/p><\/blockquote>\n<p><script async src=\"https:\/\/platform.twitter.com\/widgets.js\" charset=\"utf-8\"><\/script><\/p>\n<h2 style=\"text-align: justify;\"><strong>\u00c0 lire aussi<\/strong><\/h2>\n<ul>\n<li style=\"text-align: justify;\"><a href=\"https:\/\/dicodusport.fr\/blog\/motogp-grand-prix-allemagne-2021-classement-course\/\"><strong>Le classement du Grand Prix d&rsquo;Allemagne<\/strong><\/a><\/li>\n<li style=\"text-align: justify;\"><a href=\"https:\/\/dicodusport.fr\/blog\/moto-gp-le-classement-du-championnat-du-monde-des-pilotes-2021\/\"><strong>Le classement du championnat du monde des pilotes<\/strong><\/a><\/li>\n<\/ul>\n","protected":false},"excerpt":{"rendered":"<p>MOTOGP &#8211; GRAND PRIX D&rsquo;ALLEMAGNE &#8211; Un an, sept mois et trois jours apr\u00e8s sa derni\u00e8re victoire, Marc Marquez (Honda) a remport\u00e9 ce dimanche SON Grand Prix d&rsquo;Allemagne, au Sachsenring. Parti de la deuxi\u00e8me ligne, l&rsquo;Espagnol a fait le show pour s&rsquo;imposer en costaud, sa 57\u00e8me victoire en MotoGP. Miguel Oliveira (KTM) est deuxi\u00e8me, devant un bon Fabio Quartararo (Yamaha).<\/p>\n","protected":false},"author":4,"featured_media":140702,"comment_status":"open","ping_status":"closed","sticky":false,"template":"","format":"standard","meta":{"_acf_changed":false,"_daextam_enable_autolinks":"","footnotes":""},"categories":[47087],"tags":[17428,17430],"class_list":["post-140686","post","type-post","status-publish","format-standard","has-post-thumbnail","hentry","category-motogp","tag-grand-prix-dallemagne-motogp","tag-motogp-allemagne"],"acf":[],"yoast_head":"<!-- This site is optimized with the Yoast SEO Premium plugin v26.7 (Yoast SEO v26.7) - https:\/\/yoast.com\/wordpress\/plugins\/seo\/ -->\n<title>Grand Prix d&#039;Allemagne : Marc Marquez s&#039;impose, Fabio Quartararo 3\u00e8me<\/title>\n<meta name=\"description\" content=\"MOTOGP - GRAND PRIX D&#039;ALLEMAGNE - Marc Marquez (Honda) a remport\u00e9 ce dimanche SON Grand Prix d&#039;Allemagne, au Sachsenring.\" \/>\n<meta name=\"robots\" content=\"index, follow, max-snippet:-1, max-image-preview:large, max-video-preview:-1\" \/>\n<link rel=\"canonical\" href=\"https:\/\/dicodusport.fr\/blog\/motogp-grand-prix-allemagne-marc-marquez-s-impose-fabio-quartararo-3eme\/\" \/>\n<meta property=\"og:locale\" content=\"fr_FR\" \/>\n<meta property=\"og:type\" content=\"article\" \/>\n<meta property=\"og:title\" content=\"Grand Prix d&#039;Allemagne : Marc Marquez s&#039;impose, Fabio Quartararo 3\u00e8me\" \/>\n<meta property=\"og:description\" content=\"MOTOGP - GRAND PRIX D&#039;ALLEMAGNE - Marc Marquez (Honda) a remport\u00e9 ce dimanche SON Grand Prix d&#039;Allemagne, au Sachsenring.\" \/>\n<meta property=\"og:url\" content=\"https:\/\/dicodusport.fr\/blog\/motogp-grand-prix-allemagne-marc-marquez-s-impose-fabio-quartararo-3eme\/\" \/>\n<meta property=\"og:site_name\" content=\"Dicodusport\" \/>\n<meta property=\"article:publisher\" content=\"https:\/\/www.facebook.com\/dicodusport\" \/>\n<meta property=\"article:author\" content=\"https:\/\/www.facebook.com\/florent.ostermann\" \/>\n<meta property=\"article:published_time\" content=\"2021-06-20T12:44:05+00:00\" \/>\n<meta property=\"article:modified_time\" content=\"2021-06-20T13:32:44+00:00\" \/>\n<meta property=\"og:image\" content=\"https:\/\/dicodusport.fr\/blog\/wp-content\/uploads\/2021\/06\/Grand-Prix-dAllemagne-Marc-Marquez-simpose-Fabio-Quartararo-3eme.png\" \/>\n\t<meta property=\"og:image:width\" content=\"800\" \/>\n\t<meta property=\"og:image:height\" content=\"445\" \/>\n\t<meta property=\"og:image:type\" content=\"image\/png\" \/>\n<meta name=\"author\" content=\"Flo Ostermann\" \/>\n<meta name=\"twitter:card\" content=\"summary_large_image\" \/>\n<meta name=\"twitter:title\" content=\"Grand Prix d&#039;Allemagne : Marc Marquez s&#039;impose, Fabio Quartararo 3\u00e8me\" \/>\n<meta name=\"twitter:creator\" content=\"@https:\/\/twitter.com\/FlOstermann\" \/>\n<meta name=\"twitter:site\" content=\"@dicodusport\" \/>\n<script type=\"application\/ld+json\" class=\"yoast-schema-graph\">{\"@context\":\"https:\/\/schema.org\",\"@graph\":[{\"@type\":\"NewsArticle\",\"@id\":\"https:\/\/dicodusport.fr\/blog\/motogp-grand-prix-allemagne-marc-marquez-s-impose-fabio-quartararo-3eme\/#article\",\"isPartOf\":{\"@id\":\"https:\/\/dicodusport.fr\/blog\/motogp-grand-prix-allemagne-marc-marquez-s-impose-fabio-quartararo-3eme\/\"},\"author\":{\"name\":\"Flo Ostermann\",\"@id\":\"https:\/\/dicodusport.fr\/blog\/#\/schema\/person\/cb02af4c173ce4a653b55e9baf388d4a\"},\"headline\":\"Grand Prix d&rsquo;Allemagne : Marc Marquez s&rsquo;impose, Fabio Quartararo 3\u00e8me\",\"datePublished\":\"2021-06-20T12:44:05+00:00\",\"dateModified\":\"2021-06-20T13:32:44+00:00\",\"mainEntityOfPage\":{\"@id\":\"https:\/\/dicodusport.fr\/blog\/motogp-grand-prix-allemagne-marc-marquez-s-impose-fabio-quartararo-3eme\/\"},\"wordCount\":350,\"commentCount\":0,\"publisher\":{\"@id\":\"https:\/\/dicodusport.fr\/blog\/#organization\"},\"image\":{\"@id\":\"https:\/\/dicodusport.fr\/blog\/motogp-grand-prix-allemagne-marc-marquez-s-impose-fabio-quartararo-3eme\/#primaryimage\"},\"thumbnailUrl\":\"https:\/\/dicodusport.fr\/blog\/wp-content\/uploads\/2021\/06\/Grand-Prix-dAllemagne-Marc-Marquez-simpose-Fabio-Quartararo-3eme.png\",\"keywords\":[\"Grand Prix d'Allemagne MotoGP\",\"MotoGP Allemagne\"],\"articleSection\":[\"MotoGP\"],\"inLanguage\":\"fr-FR\",\"potentialAction\":[{\"@type\":\"CommentAction\",\"name\":\"Comment\",\"target\":[\"https:\/\/dicodusport.fr\/blog\/motogp-grand-prix-allemagne-marc-marquez-s-impose-fabio-quartararo-3eme\/#respond\"]}],\"copyrightYear\":\"2021\",\"copyrightHolder\":{\"@id\":\"https:\/\/dicodusport.fr\/blog\/#organization\"}},{\"@type\":\"WebPage\",\"@id\":\"https:\/\/dicodusport.fr\/blog\/motogp-grand-prix-allemagne-marc-marquez-s-impose-fabio-quartararo-3eme\/\",\"url\":\"https:\/\/dicodusport.fr\/blog\/motogp-grand-prix-allemagne-marc-marquez-s-impose-fabio-quartararo-3eme\/\",\"name\":\"Grand Prix d'Allemagne : Marc Marquez s'impose, Fabio Quartararo 3\u00e8me\",\"isPartOf\":{\"@id\":\"https:\/\/dicodusport.fr\/blog\/#website\"},\"primaryImageOfPage\":{\"@id\":\"https:\/\/dicodusport.fr\/blog\/motogp-grand-prix-allemagne-marc-marquez-s-impose-fabio-quartararo-3eme\/#primaryimage\"},\"image\":{\"@id\":\"https:\/\/dicodusport.fr\/blog\/motogp-grand-prix-allemagne-marc-marquez-s-impose-fabio-quartararo-3eme\/#primaryimage\"},\"thumbnailUrl\":\"https:\/\/dicodusport.fr\/blog\/wp-content\/uploads\/2021\/06\/Grand-Prix-dAllemagne-Marc-Marquez-simpose-Fabio-Quartararo-3eme.png\",\"datePublished\":\"2021-06-20T12:44:05+00:00\",\"dateModified\":\"2021-06-20T13:32:44+00:00\",\"description\":\"MOTOGP - GRAND PRIX D'ALLEMAGNE - Marc Marquez (Honda) a remport\u00e9 ce dimanche SON Grand Prix d'Allemagne, au Sachsenring.\",\"breadcrumb\":{\"@id\":\"https:\/\/dicodusport.fr\/blog\/motogp-grand-prix-allemagne-marc-marquez-s-impose-fabio-quartararo-3eme\/#breadcrumb\"},\"inLanguage\":\"fr-FR\",\"potentialAction\":[{\"@type\":\"ReadAction\",\"target\":[\"https:\/\/dicodusport.fr\/blog\/motogp-grand-prix-allemagne-marc-marquez-s-impose-fabio-quartararo-3eme\/\"]}]},{\"@type\":\"ImageObject\",\"inLanguage\":\"fr-FR\",\"@id\":\"https:\/\/dicodusport.fr\/blog\/motogp-grand-prix-allemagne-marc-marquez-s-impose-fabio-quartararo-3eme\/#primaryimage\",\"url\":\"https:\/\/dicodusport.fr\/blog\/wp-content\/uploads\/2021\/06\/Grand-Prix-dAllemagne-Marc-Marquez-simpose-Fabio-Quartararo-3eme.png\",\"contentUrl\":\"https:\/\/dicodusport.fr\/blog\/wp-content\/uploads\/2021\/06\/Grand-Prix-dAllemagne-Marc-Marquez-simpose-Fabio-Quartararo-3eme.png\",\"width\":800,\"height\":445,\"caption\":\"Grand Prix d'Allemagne : Marc Marquez s'impose, Fabio Quartararo 3\u00e8me\"},{\"@type\":\"BreadcrumbList\",\"@id\":\"https:\/\/dicodusport.fr\/blog\/motogp-grand-prix-allemagne-marc-marquez-s-impose-fabio-quartararo-3eme\/#breadcrumb\",\"itemListElement\":[{\"@type\":\"ListItem\",\"position\":1,\"name\":\"Accueil\",\"item\":\"https:\/\/dicodusport.fr\/blog\/\"},{\"@type\":\"ListItem\",\"position\":2,\"name\":\"Grand Prix d&rsquo;Allemagne : Marc Marquez s&rsquo;impose, Fabio Quartararo 3\u00e8me\"}]},{\"@type\":\"WebSite\",\"@id\":\"https:\/\/dicodusport.fr\/blog\/#website\",\"url\":\"https:\/\/dicodusport.fr\/blog\/\",\"name\":\"Dicodusport\",\"description\":\"L&#039;encyclop\u00e9die de l&#039;actualit\u00e9 sportive\",\"publisher\":{\"@id\":\"https:\/\/dicodusport.fr\/blog\/#organization\"},\"potentialAction\":[{\"@type\":\"SearchAction\",\"target\":{\"@type\":\"EntryPoint\",\"urlTemplate\":\"https:\/\/dicodusport.fr\/blog\/?s={search_term_string}\"},\"query-input\":{\"@type\":\"PropertyValueSpecification\",\"valueRequired\":true,\"valueName\":\"search_term_string\"}}],\"inLanguage\":\"fr-FR\"},{\"@type\":\"NewsMediaOrganization\",\"@id\":\"https:\/\/dicodusport.fr\/blog\/#organization\",\"name\":\"Dicodusport\",\"url\":\"https:\/\/dicodusport.fr\/blog\/\",\"logo\":{\"@type\":\"ImageObject\",\"inLanguage\":\"fr-FR\",\"@id\":\"https:\/\/dicodusport.fr\/blog\/#\/schema\/logo\/image\/\",\"url\":\"https:\/\/dicodusport.fr\/blog\/wp-content\/uploads\/2020\/06\/cropped-LOGO-DICODUSPORT-2020-SANS-FOND-SANS-TEXTE.png\",\"contentUrl\":\"https:\/\/dicodusport.fr\/blog\/wp-content\/uploads\/2020\/06\/cropped-LOGO-DICODUSPORT-2020-SANS-FOND-SANS-TEXTE.png\",\"width\":512,\"height\":512,\"caption\":\"Dicodusport\"},\"image\":{\"@id\":\"https:\/\/dicodusport.fr\/blog\/#\/schema\/logo\/image\/\"},\"sameAs\":[\"https:\/\/www.facebook.com\/dicodusport\",\"https:\/\/x.com\/dicodusport\",\"https:\/\/www.instagram.com\/dicodusport\/\",\"https:\/\/www.youtube.com\/channel\/UC7V2KZ5sd3htJivAbA4ZG3w\"],\"description\":\"Dicodusport est l'encyclop\u00e9die de l'actualit\u00e9 sportive.\",\"email\":\"bonjour@dicodusport.fr\",\"legalName\":\"DICODUSPORT\",\"foundingDate\":\"2018-01-14\",\"vatID\":\"FR71834470973\",\"taxID\":\"83447097300043\",\"numberOfEmployees\":{\"@type\":\"QuantitativeValue\",\"minValue\":\"1\",\"maxValue\":\"10\"}},{\"@type\":\"Person\",\"@id\":\"https:\/\/dicodusport.fr\/blog\/#\/schema\/person\/cb02af4c173ce4a653b55e9baf388d4a\",\"name\":\"Flo Ostermann\",\"image\":{\"@type\":\"ImageObject\",\"inLanguage\":\"fr-FR\",\"@id\":\"https:\/\/dicodusport.fr\/blog\/#\/schema\/person\/image\/\",\"url\":\"https:\/\/dicodusport.fr\/blog\/wp-content\/uploads\/2021\/05\/Flo-Ostermann-150x150.jpg\",\"contentUrl\":\"https:\/\/dicodusport.fr\/blog\/wp-content\/uploads\/2021\/05\/Flo-Ostermann-150x150.jpg\",\"caption\":\"Flo Ostermann\"},\"description\":\"Journaliste\/R\u00e9dacteur depuis septembre 2015 - Mes premiers souvenirs dans le sport ? Les envol\u00e9es du Stade Toulousain et les duels Villeneuve-Schumacher et H\u00e4kkinen-Schumacher \u00e0 la fin des ann\u00e9es 90, la Coupe du monde de football en 1998, l\u2019exploit du XV de France face aux All Blacks en 1999, mais aussi Richard C\u0153ur de Lion qui vole sur les montagnes du Tour de France. Bien parti pour devenir professeur d\u2019EPS, les \u00e9v\u00e9nements de la vie (et la flemme d\u2019animer des s\u00e9ances de 3x500 m\u00e8tres toute ma vie) m\u2019ont conduit \u00e0 revoir mes plans. Me voil\u00e0 depuis fin 2017 sur Dicodusport, m\u00e9dia gr\u00e2ce (et pour) lequel je partage ma passion : le sport dans tous ses \u00e9tats. Le tout accompagn\u00e9 par les fous furieux et folles furieuses cit\u00e9s sur cette page !\",\"sameAs\":[\"https:\/\/www.facebook.com\/florent.ostermann\",\"https:\/\/x.com\/https:\/\/twitter.com\/FlOstermann\",\"admin\"],\"url\":\"https:\/\/dicodusport.fr\/blog\/author\/flo\/\"}]}<\/script>\n<!-- \/ Yoast SEO Premium plugin. -->","yoast_head_json":{"title":"Grand Prix d'Allemagne : Marc Marquez s'impose, Fabio Quartararo 3\u00e8me","description":"MOTOGP - GRAND PRIX D'ALLEMAGNE - Marc Marquez (Honda) a remport\u00e9 ce dimanche SON Grand Prix d'Allemagne, au Sachsenring.","robots":{"index":"index","follow":"follow","max-snippet":"max-snippet:-1","max-image-preview":"max-image-preview:large","max-video-preview":"max-video-preview:-1"},"canonical":"https:\/\/dicodusport.fr\/blog\/motogp-grand-prix-allemagne-marc-marquez-s-impose-fabio-quartararo-3eme\/","og_locale":"fr_FR","og_type":"article","og_title":"Grand Prix d'Allemagne : Marc Marquez s'impose, Fabio Quartararo 3\u00e8me","og_description":"MOTOGP - GRAND PRIX D'ALLEMAGNE - Marc Marquez (Honda) a remport\u00e9 ce dimanche SON Grand Prix d'Allemagne, au Sachsenring.","og_url":"https:\/\/dicodusport.fr\/blog\/motogp-grand-prix-allemagne-marc-marquez-s-impose-fabio-quartararo-3eme\/","og_site_name":"Dicodusport","article_publisher":"https:\/\/www.facebook.com\/dicodusport","article_author":"https:\/\/www.facebook.com\/florent.ostermann","article_published_time":"2021-06-20T12:44:05+00:00","article_modified_time":"2021-06-20T13:32:44+00:00","og_image":[{"width":800,"height":445,"url":"https:\/\/dicodusport.fr\/blog\/wp-content\/uploads\/2021\/06\/Grand-Prix-dAllemagne-Marc-Marquez-simpose-Fabio-Quartararo-3eme.png","type":"image\/png"}],"author":"Flo Ostermann","twitter_card":"summary_large_image","twitter_title":"Grand Prix d'Allemagne : Marc Marquez s'impose, Fabio Quartararo 3\u00e8me","twitter_creator":"@https:\/\/twitter.com\/FlOstermann","twitter_site":"@dicodusport","schema":{"@context":"https:\/\/schema.org","@graph":[{"@type":"NewsArticle","@id":"https:\/\/dicodusport.fr\/blog\/motogp-grand-prix-allemagne-marc-marquez-s-impose-fabio-quartararo-3eme\/#article","isPartOf":{"@id":"https:\/\/dicodusport.fr\/blog\/motogp-grand-prix-allemagne-marc-marquez-s-impose-fabio-quartararo-3eme\/"},"author":{"name":"Flo Ostermann","@id":"https:\/\/dicodusport.fr\/blog\/#\/schema\/person\/cb02af4c173ce4a653b55e9baf388d4a"},"headline":"Grand Prix d&rsquo;Allemagne : Marc Marquez s&rsquo;impose, Fabio Quartararo 3\u00e8me","datePublished":"2021-06-20T12:44:05+00:00","dateModified":"2021-06-20T13:32:44+00:00","mainEntityOfPage":{"@id":"https:\/\/dicodusport.fr\/blog\/motogp-grand-prix-allemagne-marc-marquez-s-impose-fabio-quartararo-3eme\/"},"wordCount":350,"commentCount":0,"publisher":{"@id":"https:\/\/dicodusport.fr\/blog\/#organization"},"image":{"@id":"https:\/\/dicodusport.fr\/blog\/motogp-grand-prix-allemagne-marc-marquez-s-impose-fabio-quartararo-3eme\/#primaryimage"},"thumbnailUrl":"https:\/\/dicodusport.fr\/blog\/wp-content\/uploads\/2021\/06\/Grand-Prix-dAllemagne-Marc-Marquez-simpose-Fabio-Quartararo-3eme.png","keywords":["Grand Prix d'Allemagne MotoGP","MotoGP Allemagne"],"articleSection":["MotoGP"],"inLanguage":"fr-FR","potentialAction":[{"@type":"CommentAction","name":"Comment","target":["https:\/\/dicodusport.fr\/blog\/motogp-grand-prix-allemagne-marc-marquez-s-impose-fabio-quartararo-3eme\/#respond"]}],"copyrightYear":"2021","copyrightHolder":{"@id":"https:\/\/dicodusport.fr\/blog\/#organization"}},{"@type":"WebPage","@id":"https:\/\/dicodusport.fr\/blog\/motogp-grand-prix-allemagne-marc-marquez-s-impose-fabio-quartararo-3eme\/","url":"https:\/\/dicodusport.fr\/blog\/motogp-grand-prix-allemagne-marc-marquez-s-impose-fabio-quartararo-3eme\/","name":"Grand Prix d'Allemagne : Marc Marquez s'impose, Fabio Quartararo 3\u00e8me","isPartOf":{"@id":"https:\/\/dicodusport.fr\/blog\/#website"},"primaryImageOfPage":{"@id":"https:\/\/dicodusport.fr\/blog\/motogp-grand-prix-allemagne-marc-marquez-s-impose-fabio-quartararo-3eme\/#primaryimage"},"image":{"@id":"https:\/\/dicodusport.fr\/blog\/motogp-grand-prix-allemagne-marc-marquez-s-impose-fabio-quartararo-3eme\/#primaryimage"},"thumbnailUrl":"https:\/\/dicodusport.fr\/blog\/wp-content\/uploads\/2021\/06\/Grand-Prix-dAllemagne-Marc-Marquez-simpose-Fabio-Quartararo-3eme.png","datePublished":"2021-06-20T12:44:05+00:00","dateModified":"2021-06-20T13:32:44+00:00","description":"MOTOGP - GRAND PRIX D'ALLEMAGNE - Marc Marquez (Honda) a remport\u00e9 ce dimanche SON Grand Prix d'Allemagne, au Sachsenring.","breadcrumb":{"@id":"https:\/\/dicodusport.fr\/blog\/motogp-grand-prix-allemagne-marc-marquez-s-impose-fabio-quartararo-3eme\/#breadcrumb"},"inLanguage":"fr-FR","potentialAction":[{"@type":"ReadAction","target":["https:\/\/dicodusport.fr\/blog\/motogp-grand-prix-allemagne-marc-marquez-s-impose-fabio-quartararo-3eme\/"]}]},{"@type":"ImageObject","inLanguage":"fr-FR","@id":"https:\/\/dicodusport.fr\/blog\/motogp-grand-prix-allemagne-marc-marquez-s-impose-fabio-quartararo-3eme\/#primaryimage","url":"https:\/\/dicodusport.fr\/blog\/wp-content\/uploads\/2021\/06\/Grand-Prix-dAllemagne-Marc-Marquez-simpose-Fabio-Quartararo-3eme.png","contentUrl":"https:\/\/dicodusport.fr\/blog\/wp-content\/uploads\/2021\/06\/Grand-Prix-dAllemagne-Marc-Marquez-simpose-Fabio-Quartararo-3eme.png","width":800,"height":445,"caption":"Grand Prix d'Allemagne : Marc Marquez s'impose, Fabio Quartararo 3\u00e8me"},{"@type":"BreadcrumbList","@id":"https:\/\/dicodusport.fr\/blog\/motogp-grand-prix-allemagne-marc-marquez-s-impose-fabio-quartararo-3eme\/#breadcrumb","itemListElement":[{"@type":"ListItem","position":1,"name":"Accueil","item":"https:\/\/dicodusport.fr\/blog\/"},{"@type":"ListItem","position":2,"name":"Grand Prix d&rsquo;Allemagne : Marc Marquez s&rsquo;impose, Fabio Quartararo 3\u00e8me"}]},{"@type":"WebSite","@id":"https:\/\/dicodusport.fr\/blog\/#website","url":"https:\/\/dicodusport.fr\/blog\/","name":"Dicodusport","description":"L&#039;encyclop\u00e9die de l&#039;actualit\u00e9 sportive","publisher":{"@id":"https:\/\/dicodusport.fr\/blog\/#organization"},"potentialAction":[{"@type":"SearchAction","target":{"@type":"EntryPoint","urlTemplate":"https:\/\/dicodusport.fr\/blog\/?s={search_term_string}"},"query-input":{"@type":"PropertyValueSpecification","valueRequired":true,"valueName":"search_term_string"}}],"inLanguage":"fr-FR"},{"@type":"NewsMediaOrganization","@id":"https:\/\/dicodusport.fr\/blog\/#organization","name":"Dicodusport","url":"https:\/\/dicodusport.fr\/blog\/","logo":{"@type":"ImageObject","inLanguage":"fr-FR","@id":"https:\/\/dicodusport.fr\/blog\/#\/schema\/logo\/image\/","url":"https:\/\/dicodusport.fr\/blog\/wp-content\/uploads\/2020\/06\/cropped-LOGO-DICODUSPORT-2020-SANS-FOND-SANS-TEXTE.png","contentUrl":"https:\/\/dicodusport.fr\/blog\/wp-content\/uploads\/2020\/06\/cropped-LOGO-DICODUSPORT-2020-SANS-FOND-SANS-TEXTE.png","width":512,"height":512,"caption":"Dicodusport"},"image":{"@id":"https:\/\/dicodusport.fr\/blog\/#\/schema\/logo\/image\/"},"sameAs":["https:\/\/www.facebook.com\/dicodusport","https:\/\/x.com\/dicodusport","https:\/\/www.instagram.com\/dicodusport\/","https:\/\/www.youtube.com\/channel\/UC7V2KZ5sd3htJivAbA4ZG3w"],"description":"Dicodusport est l'encyclop\u00e9die de l'actualit\u00e9 sportive.","email":"bonjour@dicodusport.fr","legalName":"DICODUSPORT","foundingDate":"2018-01-14","vatID":"FR71834470973","taxID":"83447097300043","numberOfEmployees":{"@type":"QuantitativeValue","minValue":"1","maxValue":"10"}},{"@type":"Person","@id":"https:\/\/dicodusport.fr\/blog\/#\/schema\/person\/cb02af4c173ce4a653b55e9baf388d4a","name":"Flo Ostermann","image":{"@type":"ImageObject","inLanguage":"fr-FR","@id":"https:\/\/dicodusport.fr\/blog\/#\/schema\/person\/image\/","url":"https:\/\/dicodusport.fr\/blog\/wp-content\/uploads\/2021\/05\/Flo-Ostermann-150x150.jpg","contentUrl":"https:\/\/dicodusport.fr\/blog\/wp-content\/uploads\/2021\/05\/Flo-Ostermann-150x150.jpg","caption":"Flo Ostermann"},"description":"Journaliste\/R\u00e9dacteur depuis septembre 2015 - Mes premiers souvenirs dans le sport ? Les envol\u00e9es du Stade Toulousain et les duels Villeneuve-Schumacher et H\u00e4kkinen-Schumacher \u00e0 la fin des ann\u00e9es 90, la Coupe du monde de football en 1998, l\u2019exploit du XV de France face aux All Blacks en 1999, mais aussi Richard C\u0153ur de Lion qui vole sur les montagnes du Tour de France. Bien parti pour devenir professeur d\u2019EPS, les \u00e9v\u00e9nements de la vie (et la flemme d\u2019animer des s\u00e9ances de 3x500 m\u00e8tres toute ma vie) m\u2019ont conduit \u00e0 revoir mes plans. Me voil\u00e0 depuis fin 2017 sur Dicodusport, m\u00e9dia gr\u00e2ce (et pour) lequel je partage ma passion : le sport dans tous ses \u00e9tats. Le tout accompagn\u00e9 par les fous furieux et folles furieuses cit\u00e9s sur cette page !","sameAs":["https:\/\/www.facebook.com\/florent.ostermann","https:\/\/x.com\/https:\/\/twitter.com\/FlOstermann","admin"],"url":"https:\/\/dicodusport.fr\/blog\/author\/flo\/"}]}},"_links":{"self":[{"href":"https:\/\/dicodusport.fr\/blog\/wp-json\/wp\/v2\/posts\/140686","targetHints":{"allow":["GET"]}}],"collection":[{"href":"https:\/\/dicodusport.fr\/blog\/wp-json\/wp\/v2\/posts"}],"about":[{"href":"https:\/\/dicodusport.fr\/blog\/wp-json\/wp\/v2\/types\/post"}],"author":[{"embeddable":true,"href":"https:\/\/dicodusport.fr\/blog\/wp-json\/wp\/v2\/users\/4"}],"replies":[{"embeddable":true,"href":"https:\/\/dicodusport.fr\/blog\/wp-json\/wp\/v2\/comments?post=140686"}],"version-history":[{"count":0,"href":"https:\/\/dicodusport.fr\/blog\/wp-json\/wp\/v2\/posts\/140686\/revisions"}],"wp:featuredmedia":[{"embeddable":true,"href":"https:\/\/dicodusport.fr\/blog\/wp-json\/wp\/v2\/media\/140702"}],"wp:attachment":[{"href":"https:\/\/dicodusport.fr\/blog\/wp-json\/wp\/v2\/media?parent=140686"}],"wp:term":[{"taxonomy":"category","embeddable":true,"href":"https:\/\/dicodusport.fr\/blog\/wp-json\/wp\/v2\/categories?post=140686"},{"taxonomy":"post_tag","embeddable":true,"href":"https:\/\/dicodusport.fr\/blog\/wp-json\/wp\/v2\/tags?post=140686"}],"curies":[{"name":"wp","href":"https:\/\/api.w.org\/{rel}","templated":true}]}}