{"id":140758,"date":"2021-06-20T16:48:19","date_gmt":"2021-06-20T14:48:19","guid":{"rendered":"https:\/\/dicodusport.fr\/blog\/?p=140758"},"modified":"2021-06-20T21:48:05","modified_gmt":"2021-06-20T19:48:05","slug":"championnats-de-france-remi-cavagna-sacre-sur-course-en-ligne","status":"publish","type":"post","link":"https:\/\/dicodusport.fr\/blog\/championnats-de-france-remi-cavagna-sacre-sur-course-en-ligne\/","title":{"rendered":"Championnats de France : R\u00e9mi Cavagna sacr\u00e9 sur la course sur en ligne"},"content":{"rendered":"<p style=\"text-align: justify;\"><em><strong><a href=\"https:\/\/dicodusport.fr\/blog\/cyclisme-sur-route-championnats-de-france-2021-programme-complet\/\">CYCLISME &#8211; CHAMPIONNATS DE FRANCE 2021<\/a> &#8211; Sur une distance de 242,9 km avec notamment 16 tours d&rsquo;un circuit de 14,5 km \u00e0 \u00c9pinal, R\u00e9mi Cavagna (Deceuninck-Quick Step) s&rsquo;est impos\u00e9 en solitaire en sortie de l&rsquo;\u00e9chapp\u00e9e matinale dans le dernier tour. Victime d&rsquo;un ennui m\u00e9canique, Cavagna avait perdu son titre national du contre-la-montre jeudi.<br \/>\n<\/strong><\/em><\/p>\n<p style=\"text-align: justify;\">D&rsquo;abord, apr\u00e8s deux tours de circuit, treize coureurs ont constitu\u00e9 l&rsquo;\u00e9chapp\u00e9e matinale : <strong>Pierre Rolland<\/strong> (B&amp;B H\u00f4tels p\/b KTM), <strong>J\u00e9r\u00e9my Leveau<\/strong> (Xelliss-Roubaix Lille M\u00e9tropole), <strong>Victor Lafay<\/strong> (Cofidis), <strong>Matthieu Ladagnous, Simon Guglielmi, Rudy Molard<\/strong> (Groupama-FDJ), <strong>Geoffrey Bouchard, Damien Touz\u00e9<\/strong> (AG2R Citro\u00ebn Team), <strong>Alexis Gu\u00e9rin<\/strong> (Team Vorarlberg), <strong>R\u00e9mi Cavagna<\/strong> (Deceuninck-Quick Step),<strong> J\u00e9r\u00e9my Cabot, Fabien Doubey<\/strong> (Team TotalEnergies) et <strong>Warren Barguil<\/strong> (Team Ark\u00e9a-Samsic). L&rsquo;\u00e9cart est mont\u00e9 \u00e0 5 minutes alors qu&rsquo;il restait 9 tours \u00e0 faire.<\/p>\n<p style=\"text-align: justify;\">Apr\u00e8s un gros travail des \u00e9quipes <strong>AG2R Citro\u00ebn Team<\/strong> et <strong>Team TotalEnergies<\/strong>, l&rsquo;\u00e9cart est descendu \u00e0 moins de 3 minutes \u00e0 6 tours de l&rsquo;arriv\u00e9e. Puis, dans le treizi\u00e8me tour, <strong>R\u00e9my Rochas<\/strong> (Cofidis), <strong>Hugo Hofstetter<\/strong> (Israel Start-Up Nation) et <strong>Th\u00e9o Delacroix<\/strong> (Intermarch\u00e9-Wanty-Gobert) sont sortis en contre. Mais au fur et \u00e0 mesure des difficult\u00e9s, Rochas a l\u00e2ch\u00e9 ses deux compagnons de fugue.<\/p>\n<h2 style=\"text-align: justify;\"><strong>La Deceuninck &#8211; Quick-Step fait exploser le peloton, Cavagna pour conclure<\/strong><\/h2>\n<p style=\"text-align: justify;\">Dans le quinzi\u00e8me tour et la C\u00f4te de la Vierge, <strong>Rochas<\/strong> est revenu seul dans le groupe de t\u00eate. Derri\u00e8re, apr\u00e8s un gros rythme impos\u00e9 par <strong>Florian S\u00e9n\u00e9chal<\/strong> (Deceuninck-Quick Step), <strong>Julian Alaphilippe<\/strong> (Deceuninck-Quick Step) a provoqu\u00e9 une grosse s\u00e9lection avec dans son sillage <strong>Guillaume Martin<\/strong> (Cofidis), <strong>David Gaudu<\/strong> (Groupama-FDJ) et <strong>Beno\u00eet Cosnefroy<\/strong> (AG2R Citro\u00ebn Team). <strong>Julien Bernard<\/strong> (Trek-Segafredo), <strong>Valentin Madouas<\/strong> (Groupama-FDJ) et <strong>Pierre Luc P\u00e9richon<\/strong> (Cofidis) sont revenus dans ce groupe de costaud par la suite. Mais, un petit peloton est revenu sur le groupe Alaphilippe \u00e0 1&rsquo;20 des hommes de t\u00eate alors que la pluie a fait son apparition sur la course.<\/p>\n<p style=\"text-align: justify;\">Ensuite, dans l&rsquo;avant-dernier tour, <strong>Guillaume Martin<\/strong> (Cofidis), <strong>Valentin Madouas<\/strong> (Groupama-FDJ) et <strong>Beno\u00eet Cosnefroy<\/strong> (AG2R Citro\u00ebn Team) ont form\u00e9 un trio de contre. Devant, l&rsquo;entente n&rsquo;\u00e9tait plus aussi cordiale.<\/p>\n<p style=\"text-align: justify;\">Enfin, <strong>R\u00e9mi Cavagna<\/strong> (Deceuninck-Quick Step) est sorti du groupe de t\u00eate d\u00e8s l&rsquo;entame du dernier tour. L&rsquo;Auvergnat a obtenu 40 secondes d&rsquo;avance au pied de la c\u00f4te du circuit sur un groupe qui a vu revenir le trio de contre. Malgr\u00e9 des attaques dans cette bosse, <strong>R\u00e9mi Cavagna<\/strong> s&rsquo;est montr\u00e9 surpuissant sur les routes mouill\u00e9es des Vosges pour gagner en solitaire. Au sprint, \u00e0 58 secondes, <strong>Rudy Molard<\/strong> a pris la deuxi\u00e8me place devant <strong>Damien Touz\u00e9<\/strong>. <strong>Warren Barguil<\/strong> a fini au pied du podium devant <strong>J\u00e9r\u00e9my Cabot<\/strong>.<\/p>\n<p style=\"text-align: justify;\"><strong>Cavagna<\/strong> a succ\u00e9d\u00e9 \u00e0 <strong>Jean-Claude Theilli\u00e8re<\/strong> (en 1966) comme champion de France natif du Puy-de-D\u00f4me. De plus, il rejoint aussi Eddy Seigneur, Florent Brard, Nicolas Vogondy et Sylvain Chavanel dans le club de champions de France sur route et du contre-la-montre.<\/p>\n<blockquote class=\"twitter-tweet\">\n<p dir=\"ltr\" lang=\"fr\">&#x1f6b4; L\u2019Auvergnat R\u00e9mi Cavagna (Deceuninck-Quick Step) remporte le titre de champion de France en solitaire ! Malin, il a l\u00e2ch\u00e9 ses compagnons d\u2019\u00e9chapp\u00e9e dans la partie technique du circuit spinalien pour s\u2019offrir le maillot tricolore <a href=\"https:\/\/twitter.com\/hashtag\/Epinal2021?src=hash&amp;ref_src=twsrc%5Etfw\">#Epinal2021<\/a> <a href=\"https:\/\/twitter.com\/FFCyclisme?ref_src=twsrc%5Etfw\">@FFCyclisme<\/a> <a href=\"https:\/\/twitter.com\/deceuninck_qst?ref_src=twsrc%5Etfw\">@deceuninck_qst<\/a> <a href=\"https:\/\/t.co\/TzXJXuOw1X\">pic.twitter.com\/TzXJXuOw1X<\/a><\/p>\n<p>\u2014 France tv sport (@francetvsport) <a href=\"https:\/\/twitter.com\/francetvsport\/status\/1406624183841402890?ref_src=twsrc%5Etfw\">June 20, 2021<\/a><\/p><\/blockquote>\n<p><script async src=\"https:\/\/platform.twitter.com\/widgets.js\" charset=\"utf-8\"><\/script><\/p>\n<ul>\n<li><strong>\u00c0 lire aussi &#8211; <a href=\"https:\/\/dicodusport.fr\/blog\/championnats-de-france-2021-course-en-ligne-hommes-le-classement\/\">Championnats de France 2021 \u2013 Course en ligne hommes : le classement<\/a>\u00a0<\/strong><\/li>\n<\/ul>\n","protected":false},"excerpt":{"rendered":"<p>CYCLISME &#8211; CHAMPIONNATS DE FRANCE 2021 &#8211; Sur une distance de 242,9 km avec notamment 16 tours d&rsquo;un circuit de 14,5 km \u00e0 \u00c9pinal, R\u00e9mi Cavagna (Deceuninck-Quick Step) s&rsquo;est impos\u00e9 en solitaire en sortie de l&rsquo;\u00e9chapp\u00e9e matinale dans le dernier tour. Victime d&rsquo;un ennui m\u00e9canique, Cavagna avait perdu son titre national du contre-la-montre jeudi.<\/p>\n","protected":false},"author":48,"featured_media":140806,"comment_status":"open","ping_status":"closed","sticky":false,"template":"","format":"standard","meta":{"_acf_changed":false,"_daextam_enable_autolinks":"","footnotes":""},"categories":[2307],"tags":[3119,11049,24],"class_list":["post-140758","post","type-post","status-publish","format-standard","has-post-thumbnail","hentry","category-cyclisme","tag-actualite-cyclisme","tag-championnats-de-france-cyclisme","tag-sport"],"acf":[],"yoast_head":"<!-- This site is optimized with the Yoast SEO Premium plugin v26.7 (Yoast SEO v26.7) - https:\/\/yoast.com\/wordpress\/plugins\/seo\/ -->\n<title>Championnats de France : R\u00e9mi Cavagna sacr\u00e9 sur la course sur en ligne<\/title>\n<meta name=\"description\" content=\"CYCLISME - CHAMPIONNATS DE FRANCE 2021 - R\u00e9mi Cavagna (Deceuninck-Quick Step) s&#039;est impos\u00e9 en solitaire sur la course en ligne.\" \/>\n<meta name=\"robots\" content=\"index, follow, max-snippet:-1, max-image-preview:large, max-video-preview:-1\" \/>\n<link rel=\"canonical\" href=\"https:\/\/dicodusport.fr\/blog\/championnats-de-france-remi-cavagna-sacre-sur-course-en-ligne\/\" \/>\n<meta property=\"og:locale\" content=\"fr_FR\" \/>\n<meta property=\"og:type\" content=\"article\" \/>\n<meta property=\"og:title\" content=\"Championnats de France : R\u00e9mi Cavagna sacr\u00e9 sur la course sur en ligne\" \/>\n<meta property=\"og:description\" content=\"CYCLISME - CHAMPIONNATS DE FRANCE 2021 - R\u00e9mi Cavagna (Deceuninck-Quick Step) s&#039;est impos\u00e9 en solitaire sur la course en ligne.\" \/>\n<meta property=\"og:url\" content=\"https:\/\/dicodusport.fr\/blog\/championnats-de-france-remi-cavagna-sacre-sur-course-en-ligne\/\" \/>\n<meta property=\"og:site_name\" content=\"Dicodusport\" \/>\n<meta property=\"article:publisher\" content=\"https:\/\/www.facebook.com\/dicodusport\" \/>\n<meta property=\"article:author\" content=\"https:\/\/www.facebook.com\/groups\/LesRoisDuPeloton\" \/>\n<meta property=\"article:published_time\" content=\"2021-06-20T14:48:19+00:00\" \/>\n<meta property=\"article:modified_time\" content=\"2021-06-20T19:48:05+00:00\" \/>\n<meta property=\"og:image\" content=\"https:\/\/dicodusport.fr\/blog\/wp-content\/uploads\/2021\/06\/Cyclisme-Championnats-de-France-Remi-Cavagna-sacre-sur-la-course-sur-en-ligne.png\" \/>\n\t<meta property=\"og:image:width\" content=\"800\" \/>\n\t<meta property=\"og:image:height\" content=\"445\" \/>\n\t<meta property=\"og:image:type\" content=\"image\/png\" \/>\n<meta name=\"author\" content=\"Emilien Descampiaux\" \/>\n<meta name=\"twitter:card\" content=\"summary_large_image\" \/>\n<meta name=\"twitter:title\" content=\"Championnats de France : R\u00e9mi Cavagna sacr\u00e9 sur la course sur en ligne\" \/>\n<meta name=\"twitter:creator\" content=\"@https:\/\/twitter.com\/LRoisDuPeloton\" \/>\n<meta name=\"twitter:site\" content=\"@dicodusport\" \/>\n<script type=\"application\/ld+json\" class=\"yoast-schema-graph\">{\"@context\":\"https:\/\/schema.org\",\"@graph\":[{\"@type\":\"NewsArticle\",\"@id\":\"https:\/\/dicodusport.fr\/blog\/championnats-de-france-remi-cavagna-sacre-sur-course-en-ligne\/#article\",\"isPartOf\":{\"@id\":\"https:\/\/dicodusport.fr\/blog\/championnats-de-france-remi-cavagna-sacre-sur-course-en-ligne\/\"},\"author\":{\"name\":\"Emilien Descampiaux\",\"@id\":\"https:\/\/dicodusport.fr\/blog\/#\/schema\/person\/6db4bae06b171592211be385b32876a7\"},\"headline\":\"Championnats de France : R\u00e9mi Cavagna sacr\u00e9 sur la course sur en ligne\",\"datePublished\":\"2021-06-20T14:48:19+00:00\",\"dateModified\":\"2021-06-20T19:48:05+00:00\",\"mainEntityOfPage\":{\"@id\":\"https:\/\/dicodusport.fr\/blog\/championnats-de-france-remi-cavagna-sacre-sur-course-en-ligne\/\"},\"wordCount\":592,\"commentCount\":0,\"publisher\":{\"@id\":\"https:\/\/dicodusport.fr\/blog\/#organization\"},\"image\":{\"@id\":\"https:\/\/dicodusport.fr\/blog\/championnats-de-france-remi-cavagna-sacre-sur-course-en-ligne\/#primaryimage\"},\"thumbnailUrl\":\"https:\/\/dicodusport.fr\/blog\/wp-content\/uploads\/2021\/06\/Cyclisme-Championnats-de-France-Remi-Cavagna-sacre-sur-la-course-sur-en-ligne.png\",\"keywords\":[\"Actualit\u00e9 Cyclisme\",\"Championnats de France cyclisme\",\"sport\"],\"articleSection\":[\"Cyclisme\"],\"inLanguage\":\"fr-FR\",\"potentialAction\":[{\"@type\":\"CommentAction\",\"name\":\"Comment\",\"target\":[\"https:\/\/dicodusport.fr\/blog\/championnats-de-france-remi-cavagna-sacre-sur-course-en-ligne\/#respond\"]}],\"copyrightYear\":\"2021\",\"copyrightHolder\":{\"@id\":\"https:\/\/dicodusport.fr\/blog\/#organization\"}},{\"@type\":\"WebPage\",\"@id\":\"https:\/\/dicodusport.fr\/blog\/championnats-de-france-remi-cavagna-sacre-sur-course-en-ligne\/\",\"url\":\"https:\/\/dicodusport.fr\/blog\/championnats-de-france-remi-cavagna-sacre-sur-course-en-ligne\/\",\"name\":\"Championnats de France : R\u00e9mi Cavagna sacr\u00e9 sur la course sur en ligne\",\"isPartOf\":{\"@id\":\"https:\/\/dicodusport.fr\/blog\/#website\"},\"primaryImageOfPage\":{\"@id\":\"https:\/\/dicodusport.fr\/blog\/championnats-de-france-remi-cavagna-sacre-sur-course-en-ligne\/#primaryimage\"},\"image\":{\"@id\":\"https:\/\/dicodusport.fr\/blog\/championnats-de-france-remi-cavagna-sacre-sur-course-en-ligne\/#primaryimage\"},\"thumbnailUrl\":\"https:\/\/dicodusport.fr\/blog\/wp-content\/uploads\/2021\/06\/Cyclisme-Championnats-de-France-Remi-Cavagna-sacre-sur-la-course-sur-en-ligne.png\",\"datePublished\":\"2021-06-20T14:48:19+00:00\",\"dateModified\":\"2021-06-20T19:48:05+00:00\",\"description\":\"CYCLISME - CHAMPIONNATS DE FRANCE 2021 - R\u00e9mi Cavagna (Deceuninck-Quick Step) s'est impos\u00e9 en solitaire sur la course en ligne.\",\"breadcrumb\":{\"@id\":\"https:\/\/dicodusport.fr\/blog\/championnats-de-france-remi-cavagna-sacre-sur-course-en-ligne\/#breadcrumb\"},\"inLanguage\":\"fr-FR\",\"potentialAction\":[{\"@type\":\"ReadAction\",\"target\":[\"https:\/\/dicodusport.fr\/blog\/championnats-de-france-remi-cavagna-sacre-sur-course-en-ligne\/\"]}]},{\"@type\":\"ImageObject\",\"inLanguage\":\"fr-FR\",\"@id\":\"https:\/\/dicodusport.fr\/blog\/championnats-de-france-remi-cavagna-sacre-sur-course-en-ligne\/#primaryimage\",\"url\":\"https:\/\/dicodusport.fr\/blog\/wp-content\/uploads\/2021\/06\/Cyclisme-Championnats-de-France-Remi-Cavagna-sacre-sur-la-course-sur-en-ligne.png\",\"contentUrl\":\"https:\/\/dicodusport.fr\/blog\/wp-content\/uploads\/2021\/06\/Cyclisme-Championnats-de-France-Remi-Cavagna-sacre-sur-la-course-sur-en-ligne.png\",\"width\":800,\"height\":445,\"caption\":\"R\u00e9mi Cavagna - Photo Icon Sport\"},{\"@type\":\"BreadcrumbList\",\"@id\":\"https:\/\/dicodusport.fr\/blog\/championnats-de-france-remi-cavagna-sacre-sur-course-en-ligne\/#breadcrumb\",\"itemListElement\":[{\"@type\":\"ListItem\",\"position\":1,\"name\":\"Accueil\",\"item\":\"https:\/\/dicodusport.fr\/blog\/\"},{\"@type\":\"ListItem\",\"position\":2,\"name\":\"Championnats de France : R\u00e9mi Cavagna sacr\u00e9 sur la course sur en ligne\"}]},{\"@type\":\"WebSite\",\"@id\":\"https:\/\/dicodusport.fr\/blog\/#website\",\"url\":\"https:\/\/dicodusport.fr\/blog\/\",\"name\":\"Dicodusport\",\"description\":\"L&#039;encyclop\u00e9die de l&#039;actualit\u00e9 sportive\",\"publisher\":{\"@id\":\"https:\/\/dicodusport.fr\/blog\/#organization\"},\"potentialAction\":[{\"@type\":\"SearchAction\",\"target\":{\"@type\":\"EntryPoint\",\"urlTemplate\":\"https:\/\/dicodusport.fr\/blog\/?s={search_term_string}\"},\"query-input\":{\"@type\":\"PropertyValueSpecification\",\"valueRequired\":true,\"valueName\":\"search_term_string\"}}],\"inLanguage\":\"fr-FR\"},{\"@type\":\"NewsMediaOrganization\",\"@id\":\"https:\/\/dicodusport.fr\/blog\/#organization\",\"name\":\"Dicodusport\",\"url\":\"https:\/\/dicodusport.fr\/blog\/\",\"logo\":{\"@type\":\"ImageObject\",\"inLanguage\":\"fr-FR\",\"@id\":\"https:\/\/dicodusport.fr\/blog\/#\/schema\/logo\/image\/\",\"url\":\"https:\/\/dicodusport.fr\/blog\/wp-content\/uploads\/2020\/06\/cropped-LOGO-DICODUSPORT-2020-SANS-FOND-SANS-TEXTE.png\",\"contentUrl\":\"https:\/\/dicodusport.fr\/blog\/wp-content\/uploads\/2020\/06\/cropped-LOGO-DICODUSPORT-2020-SANS-FOND-SANS-TEXTE.png\",\"width\":512,\"height\":512,\"caption\":\"Dicodusport\"},\"image\":{\"@id\":\"https:\/\/dicodusport.fr\/blog\/#\/schema\/logo\/image\/\"},\"sameAs\":[\"https:\/\/www.facebook.com\/dicodusport\",\"https:\/\/x.com\/dicodusport\",\"https:\/\/www.instagram.com\/dicodusport\/\",\"https:\/\/www.youtube.com\/channel\/UC7V2KZ5sd3htJivAbA4ZG3w\"],\"description\":\"Dicodusport est l'encyclop\u00e9die de l'actualit\u00e9 sportive.\",\"email\":\"bonjour@dicodusport.fr\",\"legalName\":\"DICODUSPORT\",\"foundingDate\":\"2018-01-14\",\"vatID\":\"FR71834470973\",\"taxID\":\"83447097300043\",\"numberOfEmployees\":{\"@type\":\"QuantitativeValue\",\"minValue\":\"1\",\"maxValue\":\"10\"}},{\"@type\":\"Person\",\"@id\":\"https:\/\/dicodusport.fr\/blog\/#\/schema\/person\/6db4bae06b171592211be385b32876a7\",\"name\":\"Emilien Descampiaux\",\"image\":{\"@type\":\"ImageObject\",\"inLanguage\":\"fr-FR\",\"@id\":\"https:\/\/dicodusport.fr\/blog\/#\/schema\/person\/image\/\",\"url\":\"https:\/\/dicodusport.fr\/blog\/wp-content\/uploads\/2021\/05\/Emilien-Descampiaux-150x150.jpg\",\"contentUrl\":\"https:\/\/dicodusport.fr\/blog\/wp-content\/uploads\/2021\/05\/Emilien-Descampiaux-150x150.jpg\",\"caption\":\"Emilien Descampiaux\"},\"description\":\"Journaliste\/r\u00e9dacteur depuis 2014 - Fan de la classe de Frank Vandenbroucke, je vis cyclisme (et de ses paysages) depuis plus de 20 ans. Je suis tr\u00e8s impliqu\u00e9 sur mes diff\u00e9rents r\u00e9seaux sociaux pour partager ma passion sur le monde et l'Histoire de la bicyclette avec ma voix sur les images en noir et blanc du succ\u00e8s de Rik Van Steenbergen lors du Ronde sur le V\u00e9lodrome de Gand.\",\"sameAs\":[\"https:\/\/www.facebook.com\/groups\/LesRoisDuPeloton\",\"https:\/\/x.com\/https:\/\/twitter.com\/LRoisDuPeloton\"],\"url\":\"https:\/\/dicodusport.fr\/blog\/author\/emiliend\/\"}]}<\/script>\n<!-- \/ Yoast SEO Premium plugin. -->","yoast_head_json":{"title":"Championnats de France : R\u00e9mi Cavagna sacr\u00e9 sur la course sur en ligne","description":"CYCLISME - CHAMPIONNATS DE FRANCE 2021 - R\u00e9mi Cavagna (Deceuninck-Quick Step) s'est impos\u00e9 en solitaire sur la course en ligne.","robots":{"index":"index","follow":"follow","max-snippet":"max-snippet:-1","max-image-preview":"max-image-preview:large","max-video-preview":"max-video-preview:-1"},"canonical":"https:\/\/dicodusport.fr\/blog\/championnats-de-france-remi-cavagna-sacre-sur-course-en-ligne\/","og_locale":"fr_FR","og_type":"article","og_title":"Championnats de France : R\u00e9mi Cavagna sacr\u00e9 sur la course sur en ligne","og_description":"CYCLISME - CHAMPIONNATS DE FRANCE 2021 - R\u00e9mi Cavagna (Deceuninck-Quick Step) s'est impos\u00e9 en solitaire sur la course en ligne.","og_url":"https:\/\/dicodusport.fr\/blog\/championnats-de-france-remi-cavagna-sacre-sur-course-en-ligne\/","og_site_name":"Dicodusport","article_publisher":"https:\/\/www.facebook.com\/dicodusport","article_author":"https:\/\/www.facebook.com\/groups\/LesRoisDuPeloton","article_published_time":"2021-06-20T14:48:19+00:00","article_modified_time":"2021-06-20T19:48:05+00:00","og_image":[{"width":800,"height":445,"url":"https:\/\/dicodusport.fr\/blog\/wp-content\/uploads\/2021\/06\/Cyclisme-Championnats-de-France-Remi-Cavagna-sacre-sur-la-course-sur-en-ligne.png","type":"image\/png"}],"author":"Emilien Descampiaux","twitter_card":"summary_large_image","twitter_title":"Championnats de France : R\u00e9mi Cavagna sacr\u00e9 sur la course sur en ligne","twitter_creator":"@https:\/\/twitter.com\/LRoisDuPeloton","twitter_site":"@dicodusport","schema":{"@context":"https:\/\/schema.org","@graph":[{"@type":"NewsArticle","@id":"https:\/\/dicodusport.fr\/blog\/championnats-de-france-remi-cavagna-sacre-sur-course-en-ligne\/#article","isPartOf":{"@id":"https:\/\/dicodusport.fr\/blog\/championnats-de-france-remi-cavagna-sacre-sur-course-en-ligne\/"},"author":{"name":"Emilien Descampiaux","@id":"https:\/\/dicodusport.fr\/blog\/#\/schema\/person\/6db4bae06b171592211be385b32876a7"},"headline":"Championnats de France : R\u00e9mi Cavagna sacr\u00e9 sur la course sur en ligne","datePublished":"2021-06-20T14:48:19+00:00","dateModified":"2021-06-20T19:48:05+00:00","mainEntityOfPage":{"@id":"https:\/\/dicodusport.fr\/blog\/championnats-de-france-remi-cavagna-sacre-sur-course-en-ligne\/"},"wordCount":592,"commentCount":0,"publisher":{"@id":"https:\/\/dicodusport.fr\/blog\/#organization"},"image":{"@id":"https:\/\/dicodusport.fr\/blog\/championnats-de-france-remi-cavagna-sacre-sur-course-en-ligne\/#primaryimage"},"thumbnailUrl":"https:\/\/dicodusport.fr\/blog\/wp-content\/uploads\/2021\/06\/Cyclisme-Championnats-de-France-Remi-Cavagna-sacre-sur-la-course-sur-en-ligne.png","keywords":["Actualit\u00e9 Cyclisme","Championnats de France cyclisme","sport"],"articleSection":["Cyclisme"],"inLanguage":"fr-FR","potentialAction":[{"@type":"CommentAction","name":"Comment","target":["https:\/\/dicodusport.fr\/blog\/championnats-de-france-remi-cavagna-sacre-sur-course-en-ligne\/#respond"]}],"copyrightYear":"2021","copyrightHolder":{"@id":"https:\/\/dicodusport.fr\/blog\/#organization"}},{"@type":"WebPage","@id":"https:\/\/dicodusport.fr\/blog\/championnats-de-france-remi-cavagna-sacre-sur-course-en-ligne\/","url":"https:\/\/dicodusport.fr\/blog\/championnats-de-france-remi-cavagna-sacre-sur-course-en-ligne\/","name":"Championnats de France : R\u00e9mi Cavagna sacr\u00e9 sur la course sur en ligne","isPartOf":{"@id":"https:\/\/dicodusport.fr\/blog\/#website"},"primaryImageOfPage":{"@id":"https:\/\/dicodusport.fr\/blog\/championnats-de-france-remi-cavagna-sacre-sur-course-en-ligne\/#primaryimage"},"image":{"@id":"https:\/\/dicodusport.fr\/blog\/championnats-de-france-remi-cavagna-sacre-sur-course-en-ligne\/#primaryimage"},"thumbnailUrl":"https:\/\/dicodusport.fr\/blog\/wp-content\/uploads\/2021\/06\/Cyclisme-Championnats-de-France-Remi-Cavagna-sacre-sur-la-course-sur-en-ligne.png","datePublished":"2021-06-20T14:48:19+00:00","dateModified":"2021-06-20T19:48:05+00:00","description":"CYCLISME - CHAMPIONNATS DE FRANCE 2021 - R\u00e9mi Cavagna (Deceuninck-Quick Step) s'est impos\u00e9 en solitaire sur la course en ligne.","breadcrumb":{"@id":"https:\/\/dicodusport.fr\/blog\/championnats-de-france-remi-cavagna-sacre-sur-course-en-ligne\/#breadcrumb"},"inLanguage":"fr-FR","potentialAction":[{"@type":"ReadAction","target":["https:\/\/dicodusport.fr\/blog\/championnats-de-france-remi-cavagna-sacre-sur-course-en-ligne\/"]}]},{"@type":"ImageObject","inLanguage":"fr-FR","@id":"https:\/\/dicodusport.fr\/blog\/championnats-de-france-remi-cavagna-sacre-sur-course-en-ligne\/#primaryimage","url":"https:\/\/dicodusport.fr\/blog\/wp-content\/uploads\/2021\/06\/Cyclisme-Championnats-de-France-Remi-Cavagna-sacre-sur-la-course-sur-en-ligne.png","contentUrl":"https:\/\/dicodusport.fr\/blog\/wp-content\/uploads\/2021\/06\/Cyclisme-Championnats-de-France-Remi-Cavagna-sacre-sur-la-course-sur-en-ligne.png","width":800,"height":445,"caption":"R\u00e9mi Cavagna - Photo Icon Sport"},{"@type":"BreadcrumbList","@id":"https:\/\/dicodusport.fr\/blog\/championnats-de-france-remi-cavagna-sacre-sur-course-en-ligne\/#breadcrumb","itemListElement":[{"@type":"ListItem","position":1,"name":"Accueil","item":"https:\/\/dicodusport.fr\/blog\/"},{"@type":"ListItem","position":2,"name":"Championnats de France : R\u00e9mi Cavagna sacr\u00e9 sur la course sur en ligne"}]},{"@type":"WebSite","@id":"https:\/\/dicodusport.fr\/blog\/#website","url":"https:\/\/dicodusport.fr\/blog\/","name":"Dicodusport","description":"L&#039;encyclop\u00e9die de l&#039;actualit\u00e9 sportive","publisher":{"@id":"https:\/\/dicodusport.fr\/blog\/#organization"},"potentialAction":[{"@type":"SearchAction","target":{"@type":"EntryPoint","urlTemplate":"https:\/\/dicodusport.fr\/blog\/?s={search_term_string}"},"query-input":{"@type":"PropertyValueSpecification","valueRequired":true,"valueName":"search_term_string"}}],"inLanguage":"fr-FR"},{"@type":"NewsMediaOrganization","@id":"https:\/\/dicodusport.fr\/blog\/#organization","name":"Dicodusport","url":"https:\/\/dicodusport.fr\/blog\/","logo":{"@type":"ImageObject","inLanguage":"fr-FR","@id":"https:\/\/dicodusport.fr\/blog\/#\/schema\/logo\/image\/","url":"https:\/\/dicodusport.fr\/blog\/wp-content\/uploads\/2020\/06\/cropped-LOGO-DICODUSPORT-2020-SANS-FOND-SANS-TEXTE.png","contentUrl":"https:\/\/dicodusport.fr\/blog\/wp-content\/uploads\/2020\/06\/cropped-LOGO-DICODUSPORT-2020-SANS-FOND-SANS-TEXTE.png","width":512,"height":512,"caption":"Dicodusport"},"image":{"@id":"https:\/\/dicodusport.fr\/blog\/#\/schema\/logo\/image\/"},"sameAs":["https:\/\/www.facebook.com\/dicodusport","https:\/\/x.com\/dicodusport","https:\/\/www.instagram.com\/dicodusport\/","https:\/\/www.youtube.com\/channel\/UC7V2KZ5sd3htJivAbA4ZG3w"],"description":"Dicodusport est l'encyclop\u00e9die de l'actualit\u00e9 sportive.","email":"bonjour@dicodusport.fr","legalName":"DICODUSPORT","foundingDate":"2018-01-14","vatID":"FR71834470973","taxID":"83447097300043","numberOfEmployees":{"@type":"QuantitativeValue","minValue":"1","maxValue":"10"}},{"@type":"Person","@id":"https:\/\/dicodusport.fr\/blog\/#\/schema\/person\/6db4bae06b171592211be385b32876a7","name":"Emilien Descampiaux","image":{"@type":"ImageObject","inLanguage":"fr-FR","@id":"https:\/\/dicodusport.fr\/blog\/#\/schema\/person\/image\/","url":"https:\/\/dicodusport.fr\/blog\/wp-content\/uploads\/2021\/05\/Emilien-Descampiaux-150x150.jpg","contentUrl":"https:\/\/dicodusport.fr\/blog\/wp-content\/uploads\/2021\/05\/Emilien-Descampiaux-150x150.jpg","caption":"Emilien Descampiaux"},"description":"Journaliste\/r\u00e9dacteur depuis 2014 - Fan de la classe de Frank Vandenbroucke, je vis cyclisme (et de ses paysages) depuis plus de 20 ans. Je suis tr\u00e8s impliqu\u00e9 sur mes diff\u00e9rents r\u00e9seaux sociaux pour partager ma passion sur le monde et l'Histoire de la bicyclette avec ma voix sur les images en noir et blanc du succ\u00e8s de Rik Van Steenbergen lors du Ronde sur le V\u00e9lodrome de Gand.","sameAs":["https:\/\/www.facebook.com\/groups\/LesRoisDuPeloton","https:\/\/x.com\/https:\/\/twitter.com\/LRoisDuPeloton"],"url":"https:\/\/dicodusport.fr\/blog\/author\/emiliend\/"}]}},"_links":{"self":[{"href":"https:\/\/dicodusport.fr\/blog\/wp-json\/wp\/v2\/posts\/140758","targetHints":{"allow":["GET"]}}],"collection":[{"href":"https:\/\/dicodusport.fr\/blog\/wp-json\/wp\/v2\/posts"}],"about":[{"href":"https:\/\/dicodusport.fr\/blog\/wp-json\/wp\/v2\/types\/post"}],"author":[{"embeddable":true,"href":"https:\/\/dicodusport.fr\/blog\/wp-json\/wp\/v2\/users\/48"}],"replies":[{"embeddable":true,"href":"https:\/\/dicodusport.fr\/blog\/wp-json\/wp\/v2\/comments?post=140758"}],"version-history":[{"count":0,"href":"https:\/\/dicodusport.fr\/blog\/wp-json\/wp\/v2\/posts\/140758\/revisions"}],"wp:featuredmedia":[{"embeddable":true,"href":"https:\/\/dicodusport.fr\/blog\/wp-json\/wp\/v2\/media\/140806"}],"wp:attachment":[{"href":"https:\/\/dicodusport.fr\/blog\/wp-json\/wp\/v2\/media?parent=140758"}],"wp:term":[{"taxonomy":"category","embeddable":true,"href":"https:\/\/dicodusport.fr\/blog\/wp-json\/wp\/v2\/categories?post=140758"},{"taxonomy":"post_tag","embeddable":true,"href":"https:\/\/dicodusport.fr\/blog\/wp-json\/wp\/v2\/tags?post=140758"}],"curies":[{"name":"wp","href":"https:\/\/api.w.org\/{rel}","templated":true}]}}