{"id":141077,"date":"2021-06-21T19:11:54","date_gmt":"2021-06-21T17:11:54","guid":{"rendered":"https:\/\/dicodusport.fr\/blog\/?p=141077"},"modified":"2021-06-22T08:31:04","modified_gmt":"2021-06-22T06:31:04","slug":"jeep-elite-l-elan-bearnais-repris-par-des-americains","status":"publish","type":"post","link":"https:\/\/dicodusport.fr\/blog\/jeep-elite-l-elan-bearnais-repris-par-des-americains\/","title":{"rendered":"Jeep \u00c9lite\u00a0: L\u2019\u00c9lan B\u00e9arnais repris par des Am\u00e9ricains"},"content":{"rendered":"<p align=\"justify\"><em><b>JEEP \u00c9LITE &#8211; C\u2019\u00e9tait dans les tuyaux depuis plusieurs mois et c\u2019est d\u00e9sormais officiel. L\u2019\u00c9lan B\u00e9arnais Pau-Lacq-Orthez vient d\u2019\u00eatre officiellement c\u00e9d\u00e9 \u00e0 la soci\u00e9t\u00e9 am\u00e9ricaine, Counterpointe Sports Group.<\/b><\/em><\/p>\n<p align=\"justify\">Le maire de Pau <b>Fran\u00e7ois Bayrou<\/b> l\u2019a annonc\u00e9 dans l\u2019apr\u00e8s-midi lors d\u2019une conf\u00e9rence de presse\u00a0: la vente de l\u2019<b>\u00c9lan B\u00e9arnais<\/b> est ent\u00e9rin\u00e9e. Depuis plusieurs mois, la mairie de la ville paloise \u00e9tait en discussion avec le groupe am\u00e9ricain <b>Counterpointe Sports Group<\/b>. Depuis novembre 2020, c\u2019\u00e9tait cette m\u00eame mairie qui \u00e9tait propri\u00e9taire du club avec la charge de trouver un repreneur pour assurer la p\u00e9rennit\u00e9 du club.<\/p>\n<h2 align=\"justify\">\u00ab Un projet sportif et patrimonial \u00bb<\/h2>\n<p align=\"justify\">Au bout de plusieurs mois de discussions, le d\u00e9volu a donc \u00e9t\u00e9 jet\u00e9 sur la soci\u00e9t\u00e9 GSP. Fond\u00e9e en 2019, cette derni\u00e8re est int\u00e9ress\u00e9e depuis un long moment par la reprise de L\u2019\u00c9lan B\u00e9arnais. Surprenant\u00a0? Pas tellement puisque au sein du groupe d\u2019investisseurs, on retrouve de nombreux noms connus du basket \u00e0 l\u2019image de <b>Jamal Mashburn<\/b>, <b>Stu Jackson <\/b>ou encore <b>Rick Pitino<\/b>. Le soci\u00e9t\u00e9 compte donc miser fortement sur l\u2019\u00e9quipe, mais en parall\u00e8le, des projets immobiliers sont pr\u00e9vus autour du <b>Palais des Sports de Pau<\/b>, avec le respect de l\u2019environnement comme priorit\u00e9. <b>Fran\u00e7ois Bayrou<\/b> s\u2019est exprim\u00e9 \u00e0 propos de ce projet qui est avant tout \u00ab\u00a0un projet sportif et patrimonial. Le but de cet accord est de redonner au club de l\u2019ambition pour les ann\u00e9es \u00e0 venir.\u00a0\u00bb<\/p>\n<h2 align=\"justify\"><b>Un budget de 7 millions d\u2019euros d\u00e8s la saison prochaine<\/b><\/h2>\n<p align=\"justify\">En effet, cela devrait se ressentir imm\u00e9diatement. D\u2019un budget de moins de 5 millions pour la saison \u00e9coul\u00e9e, le club b\u00e9arnais devrait pouvoir compter sur une tr\u00e9sorerie de 7 millions d\u2019euros d\u00e8s la saison prochaine. Une hausse cons\u00e9quente symbolisant l\u2019ambition nouvelle d\u00e9coulant de cette reprise. Contrairement \u00e0 ce que l\u2019on a pu voir chez le voisin aquitain des <b>Girondins de Bordeaux <\/b> avec la tragique reprise de <b>GACP<\/b> orchestr\u00e9e par la mairie de Bordeaux \u00e0 l\u2019\u00e9poque, la mairie de <b>Pau<\/b> ne laissera pas le club s\u2019\u00e9crouler en cas de d\u00e9sengagement de la soci\u00e9t\u00e9 am\u00e9ricaine.<\/p>\n<p align=\"justify\">Cette derni\u00e8re aura donc la priorit\u00e9 en cas de revente du club, ce qui pourra ensuite lui permettre de \u00ab s\u00e9lectionner \u00bb le futur repreneur. Mais avant d\u2019en arriver l\u00e0, l\u2019optimisme est de mise pour le club b\u00e9arnais. Apr\u00e8s des ann\u00e9es \u00e0 se morfondre en milieu de tableau, L\u2019<b>\u00c9lan<\/b> semble avoir d\u00e9sormais les moyens de retrouver sa place dans les hauteurs du basket fran\u00e7ais.<\/p>\n<blockquote class=\"twitter-tweet\">\n<p dir=\"ltr\" lang=\"fr\">Le budget de l&rsquo;Elan B\u00e9arnais passera d\u00e8s la saison prochaine \u00e0 7 M\u20ac. Avec des ambitions encore plus \u00e9lev\u00e9es pour les ann\u00e9es \u00e0 venir.<\/p>\n<p>\u2014 Basket le Mag (@basketlemag) <a href=\"https:\/\/twitter.com\/basketlemag\/status\/1406977852629790726?ref_src=twsrc%5Etfw\">June 21, 2021<\/a><\/p><\/blockquote>\n<p><script async src=\"https:\/\/platform.twitter.com\/widgets.js\" charset=\"utf-8\"><\/script><\/p>\n","protected":false},"excerpt":{"rendered":"<p>JEEP \u00c9LITE &#8211; C\u2019\u00e9tait dans les tuyaux depuis plusieurs mois et c\u2019est d\u00e9sormais officiel. L\u2019\u00c9lan B\u00e9arnais Pau-Lacq-Orthez vient d\u2019\u00eatre officiellement c\u00e9d\u00e9 \u00e0 la soci\u00e9t\u00e9 am\u00e9ricaine, Counterpointe Sports Group.<\/p>\n","protected":false},"author":55,"featured_media":141084,"comment_status":"open","ping_status":"closed","sticky":false,"template":"","format":"standard","meta":{"_acf_changed":false,"_daextam_enable_autolinks":"","footnotes":""},"categories":[2305],"tags":[17110,8271],"class_list":["post-141077","post","type-post","status-publish","format-standard","has-post-thumbnail","hentry","category-basket-ball","tag-elan-bearnais","tag-jeep-elite"],"acf":[],"yoast_head":"<!-- This site is optimized with the Yoast SEO Premium plugin v26.7 (Yoast SEO v26.7) - https:\/\/yoast.com\/wordpress\/plugins\/seo\/ -->\n<title>Jeep \u00c9lite\u00a0: L\u2019\u00c9lan B\u00e9arnais repris par des Am\u00e9ricains<\/title>\n<meta name=\"description\" content=\"Le maire de Pau, Fran\u00e7ois Bayrou, a officialis\u00e9 la vente de l&#039;Elan B\u00e9arnais \u00e0 la soci\u00e9t\u00e9 am\u00e9ricaine, Counterpointe Sports Group.\" \/>\n<meta name=\"robots\" content=\"index, follow, max-snippet:-1, max-image-preview:large, max-video-preview:-1\" \/>\n<link rel=\"canonical\" href=\"https:\/\/dicodusport.fr\/blog\/jeep-elite-l-elan-bearnais-repris-par-des-americains\/\" \/>\n<meta property=\"og:locale\" content=\"fr_FR\" \/>\n<meta property=\"og:type\" content=\"article\" \/>\n<meta property=\"og:title\" content=\"Jeep \u00c9lite\u00a0: L\u2019\u00c9lan B\u00e9arnais repris par des Am\u00e9ricains\" \/>\n<meta property=\"og:description\" content=\"Le maire de Pau, Fran\u00e7ois Bayrou, a officialis\u00e9 la vente de l&#039;Elan B\u00e9arnais \u00e0 la soci\u00e9t\u00e9 am\u00e9ricaine, Counterpointe Sports Group.\" \/>\n<meta property=\"og:url\" content=\"https:\/\/dicodusport.fr\/blog\/jeep-elite-l-elan-bearnais-repris-par-des-americains\/\" \/>\n<meta property=\"og:site_name\" content=\"Dicodusport\" \/>\n<meta property=\"article:publisher\" content=\"https:\/\/www.facebook.com\/dicodusport\" \/>\n<meta property=\"article:published_time\" content=\"2021-06-21T17:11:54+00:00\" \/>\n<meta property=\"article:modified_time\" content=\"2021-06-22T06:31:04+00:00\" \/>\n<meta property=\"og:image\" content=\"https:\/\/dicodusport.fr\/blog\/wp-content\/uploads\/2021\/06\/Jeep-Elite-LElan-Bearnais-repris-par-des-Americains.png\" \/>\n\t<meta property=\"og:image:width\" content=\"800\" \/>\n\t<meta property=\"og:image:height\" content=\"445\" \/>\n\t<meta property=\"og:image:type\" content=\"image\/png\" \/>\n<meta name=\"author\" content=\"Maxime Cazenave\" \/>\n<meta name=\"twitter:card\" content=\"summary_large_image\" \/>\n<meta name=\"twitter:title\" content=\"Jeep \u00c9lite\u00a0: L\u2019\u00c9lan B\u00e9arnais repris par des Am\u00e9ricains\" \/>\n<meta name=\"twitter:creator\" content=\"@https:\/\/twitter.com\/Maxime_Caze\" \/>\n<meta name=\"twitter:site\" content=\"@dicodusport\" \/>\n<script type=\"application\/ld+json\" class=\"yoast-schema-graph\">{\"@context\":\"https:\/\/schema.org\",\"@graph\":[{\"@type\":\"NewsArticle\",\"@id\":\"https:\/\/dicodusport.fr\/blog\/jeep-elite-l-elan-bearnais-repris-par-des-americains\/#article\",\"isPartOf\":{\"@id\":\"https:\/\/dicodusport.fr\/blog\/jeep-elite-l-elan-bearnais-repris-par-des-americains\/\"},\"author\":{\"name\":\"Maxime Cazenave\",\"@id\":\"https:\/\/dicodusport.fr\/blog\/#\/schema\/person\/37def232098a7a5cbab3974a3690abb0\"},\"headline\":\"Jeep \u00c9lite\u00a0: L\u2019\u00c9lan B\u00e9arnais repris par des Am\u00e9ricains\",\"datePublished\":\"2021-06-21T17:11:54+00:00\",\"dateModified\":\"2021-06-22T06:31:04+00:00\",\"mainEntityOfPage\":{\"@id\":\"https:\/\/dicodusport.fr\/blog\/jeep-elite-l-elan-bearnais-repris-par-des-americains\/\"},\"wordCount\":493,\"commentCount\":0,\"publisher\":{\"@id\":\"https:\/\/dicodusport.fr\/blog\/#organization\"},\"image\":{\"@id\":\"https:\/\/dicodusport.fr\/blog\/jeep-elite-l-elan-bearnais-repris-par-des-americains\/#primaryimage\"},\"thumbnailUrl\":\"https:\/\/dicodusport.fr\/blog\/wp-content\/uploads\/2021\/06\/Jeep-Elite-LElan-Bearnais-repris-par-des-Americains.png\",\"keywords\":[\"Elan B\u00e9arnais\",\"Jeep Elite\"],\"articleSection\":[\"Basket-ball\"],\"inLanguage\":\"fr-FR\",\"potentialAction\":[{\"@type\":\"CommentAction\",\"name\":\"Comment\",\"target\":[\"https:\/\/dicodusport.fr\/blog\/jeep-elite-l-elan-bearnais-repris-par-des-americains\/#respond\"]}],\"copyrightYear\":\"2021\",\"copyrightHolder\":{\"@id\":\"https:\/\/dicodusport.fr\/blog\/#organization\"}},{\"@type\":\"WebPage\",\"@id\":\"https:\/\/dicodusport.fr\/blog\/jeep-elite-l-elan-bearnais-repris-par-des-americains\/\",\"url\":\"https:\/\/dicodusport.fr\/blog\/jeep-elite-l-elan-bearnais-repris-par-des-americains\/\",\"name\":\"Jeep \u00c9lite\u00a0: L\u2019\u00c9lan B\u00e9arnais repris par des Am\u00e9ricains\",\"isPartOf\":{\"@id\":\"https:\/\/dicodusport.fr\/blog\/#website\"},\"primaryImageOfPage\":{\"@id\":\"https:\/\/dicodusport.fr\/blog\/jeep-elite-l-elan-bearnais-repris-par-des-americains\/#primaryimage\"},\"image\":{\"@id\":\"https:\/\/dicodusport.fr\/blog\/jeep-elite-l-elan-bearnais-repris-par-des-americains\/#primaryimage\"},\"thumbnailUrl\":\"https:\/\/dicodusport.fr\/blog\/wp-content\/uploads\/2021\/06\/Jeep-Elite-LElan-Bearnais-repris-par-des-Americains.png\",\"datePublished\":\"2021-06-21T17:11:54+00:00\",\"dateModified\":\"2021-06-22T06:31:04+00:00\",\"description\":\"Le maire de Pau, Fran\u00e7ois Bayrou, a officialis\u00e9 la vente de l'Elan B\u00e9arnais \u00e0 la soci\u00e9t\u00e9 am\u00e9ricaine, Counterpointe Sports Group.\",\"breadcrumb\":{\"@id\":\"https:\/\/dicodusport.fr\/blog\/jeep-elite-l-elan-bearnais-repris-par-des-americains\/#breadcrumb\"},\"inLanguage\":\"fr-FR\",\"potentialAction\":[{\"@type\":\"ReadAction\",\"target\":[\"https:\/\/dicodusport.fr\/blog\/jeep-elite-l-elan-bearnais-repris-par-des-americains\/\"]}]},{\"@type\":\"ImageObject\",\"inLanguage\":\"fr-FR\",\"@id\":\"https:\/\/dicodusport.fr\/blog\/jeep-elite-l-elan-bearnais-repris-par-des-americains\/#primaryimage\",\"url\":\"https:\/\/dicodusport.fr\/blog\/wp-content\/uploads\/2021\/06\/Jeep-Elite-LElan-Bearnais-repris-par-des-Americains.png\",\"contentUrl\":\"https:\/\/dicodusport.fr\/blog\/wp-content\/uploads\/2021\/06\/Jeep-Elite-LElan-Bearnais-repris-par-des-Americains.png\",\"width\":800,\"height\":445,\"caption\":\"Jeep \u00c9lite\u00a0- L\u2019\u00c9lan B\u00e9arnais repris par des Am\u00e9ricains\"},{\"@type\":\"BreadcrumbList\",\"@id\":\"https:\/\/dicodusport.fr\/blog\/jeep-elite-l-elan-bearnais-repris-par-des-americains\/#breadcrumb\",\"itemListElement\":[{\"@type\":\"ListItem\",\"position\":1,\"name\":\"Accueil\",\"item\":\"https:\/\/dicodusport.fr\/blog\/\"},{\"@type\":\"ListItem\",\"position\":2,\"name\":\"Jeep \u00c9lite\u00a0: L\u2019\u00c9lan B\u00e9arnais repris par des Am\u00e9ricains\"}]},{\"@type\":\"WebSite\",\"@id\":\"https:\/\/dicodusport.fr\/blog\/#website\",\"url\":\"https:\/\/dicodusport.fr\/blog\/\",\"name\":\"Dicodusport\",\"description\":\"L&#039;encyclop\u00e9die de l&#039;actualit\u00e9 sportive\",\"publisher\":{\"@id\":\"https:\/\/dicodusport.fr\/blog\/#organization\"},\"potentialAction\":[{\"@type\":\"SearchAction\",\"target\":{\"@type\":\"EntryPoint\",\"urlTemplate\":\"https:\/\/dicodusport.fr\/blog\/?s={search_term_string}\"},\"query-input\":{\"@type\":\"PropertyValueSpecification\",\"valueRequired\":true,\"valueName\":\"search_term_string\"}}],\"inLanguage\":\"fr-FR\"},{\"@type\":\"NewsMediaOrganization\",\"@id\":\"https:\/\/dicodusport.fr\/blog\/#organization\",\"name\":\"Dicodusport\",\"url\":\"https:\/\/dicodusport.fr\/blog\/\",\"logo\":{\"@type\":\"ImageObject\",\"inLanguage\":\"fr-FR\",\"@id\":\"https:\/\/dicodusport.fr\/blog\/#\/schema\/logo\/image\/\",\"url\":\"https:\/\/dicodusport.fr\/blog\/wp-content\/uploads\/2020\/06\/cropped-LOGO-DICODUSPORT-2020-SANS-FOND-SANS-TEXTE.png\",\"contentUrl\":\"https:\/\/dicodusport.fr\/blog\/wp-content\/uploads\/2020\/06\/cropped-LOGO-DICODUSPORT-2020-SANS-FOND-SANS-TEXTE.png\",\"width\":512,\"height\":512,\"caption\":\"Dicodusport\"},\"image\":{\"@id\":\"https:\/\/dicodusport.fr\/blog\/#\/schema\/logo\/image\/\"},\"sameAs\":[\"https:\/\/www.facebook.com\/dicodusport\",\"https:\/\/x.com\/dicodusport\",\"https:\/\/www.instagram.com\/dicodusport\/\",\"https:\/\/www.youtube.com\/channel\/UC7V2KZ5sd3htJivAbA4ZG3w\"],\"description\":\"Dicodusport est l'encyclop\u00e9die de l'actualit\u00e9 sportive.\",\"email\":\"bonjour@dicodusport.fr\",\"legalName\":\"DICODUSPORT\",\"foundingDate\":\"2018-01-14\",\"vatID\":\"FR71834470973\",\"taxID\":\"83447097300043\",\"numberOfEmployees\":{\"@type\":\"QuantitativeValue\",\"minValue\":\"1\",\"maxValue\":\"10\"}},{\"@type\":\"Person\",\"@id\":\"https:\/\/dicodusport.fr\/blog\/#\/schema\/person\/37def232098a7a5cbab3974a3690abb0\",\"name\":\"Maxime Cazenave\",\"image\":{\"@type\":\"ImageObject\",\"inLanguage\":\"fr-FR\",\"@id\":\"https:\/\/dicodusport.fr\/blog\/#\/schema\/person\/image\/\",\"url\":\"https:\/\/dicodusport.fr\/blog\/wp-content\/uploads\/2021\/05\/Maxime-Cazenave-150x150.jpg\",\"contentUrl\":\"https:\/\/dicodusport.fr\/blog\/wp-content\/uploads\/2021\/05\/Maxime-Cazenave-150x150.jpg\",\"caption\":\"Maxime Cazenave\"},\"description\":\"Journaliste\/R\u00e9dacteur depuis 2012 - Berc\u00e9 par l\u2019amour des Girondins de Bordeaux, les \u00e9checs de Christophe Moreau sur le Tour de France sous l'\u00e8re Lance Armstrong et le fade-away l\u00e9tal de Dirk Nowitzki, ma passion d\u00e9vorante pour le sport a toujours \u00e9t\u00e9 un pan incontournable de ma vie. Transmettre ma passion \u00e0 l\u2019\u00e9crit a \u00e9t\u00e9 une transition naturelle. Suiveur assidu de basket et de hockey sur glace, je garde toujours un peu de place pour suivre le cyclisme, le football et le maximum de performances fran\u00e7aises.\",\"sameAs\":[\"https:\/\/x.com\/https:\/\/twitter.com\/Maxime_Caze\"],\"url\":\"https:\/\/dicodusport.fr\/blog\/author\/maximec\/\"}]}<\/script>\n<!-- \/ Yoast SEO Premium plugin. -->","yoast_head_json":{"title":"Jeep \u00c9lite\u00a0: L\u2019\u00c9lan B\u00e9arnais repris par des Am\u00e9ricains","description":"Le maire de Pau, Fran\u00e7ois Bayrou, a officialis\u00e9 la vente de l'Elan B\u00e9arnais \u00e0 la soci\u00e9t\u00e9 am\u00e9ricaine, Counterpointe Sports Group.","robots":{"index":"index","follow":"follow","max-snippet":"max-snippet:-1","max-image-preview":"max-image-preview:large","max-video-preview":"max-video-preview:-1"},"canonical":"https:\/\/dicodusport.fr\/blog\/jeep-elite-l-elan-bearnais-repris-par-des-americains\/","og_locale":"fr_FR","og_type":"article","og_title":"Jeep \u00c9lite\u00a0: L\u2019\u00c9lan B\u00e9arnais repris par des Am\u00e9ricains","og_description":"Le maire de Pau, Fran\u00e7ois Bayrou, a officialis\u00e9 la vente de l'Elan B\u00e9arnais \u00e0 la soci\u00e9t\u00e9 am\u00e9ricaine, Counterpointe Sports Group.","og_url":"https:\/\/dicodusport.fr\/blog\/jeep-elite-l-elan-bearnais-repris-par-des-americains\/","og_site_name":"Dicodusport","article_publisher":"https:\/\/www.facebook.com\/dicodusport","article_published_time":"2021-06-21T17:11:54+00:00","article_modified_time":"2021-06-22T06:31:04+00:00","og_image":[{"width":800,"height":445,"url":"https:\/\/dicodusport.fr\/blog\/wp-content\/uploads\/2021\/06\/Jeep-Elite-LElan-Bearnais-repris-par-des-Americains.png","type":"image\/png"}],"author":"Maxime Cazenave","twitter_card":"summary_large_image","twitter_title":"Jeep \u00c9lite\u00a0: L\u2019\u00c9lan B\u00e9arnais repris par des Am\u00e9ricains","twitter_creator":"@https:\/\/twitter.com\/Maxime_Caze","twitter_site":"@dicodusport","schema":{"@context":"https:\/\/schema.org","@graph":[{"@type":"NewsArticle","@id":"https:\/\/dicodusport.fr\/blog\/jeep-elite-l-elan-bearnais-repris-par-des-americains\/#article","isPartOf":{"@id":"https:\/\/dicodusport.fr\/blog\/jeep-elite-l-elan-bearnais-repris-par-des-americains\/"},"author":{"name":"Maxime Cazenave","@id":"https:\/\/dicodusport.fr\/blog\/#\/schema\/person\/37def232098a7a5cbab3974a3690abb0"},"headline":"Jeep \u00c9lite\u00a0: L\u2019\u00c9lan B\u00e9arnais repris par des Am\u00e9ricains","datePublished":"2021-06-21T17:11:54+00:00","dateModified":"2021-06-22T06:31:04+00:00","mainEntityOfPage":{"@id":"https:\/\/dicodusport.fr\/blog\/jeep-elite-l-elan-bearnais-repris-par-des-americains\/"},"wordCount":493,"commentCount":0,"publisher":{"@id":"https:\/\/dicodusport.fr\/blog\/#organization"},"image":{"@id":"https:\/\/dicodusport.fr\/blog\/jeep-elite-l-elan-bearnais-repris-par-des-americains\/#primaryimage"},"thumbnailUrl":"https:\/\/dicodusport.fr\/blog\/wp-content\/uploads\/2021\/06\/Jeep-Elite-LElan-Bearnais-repris-par-des-Americains.png","keywords":["Elan B\u00e9arnais","Jeep Elite"],"articleSection":["Basket-ball"],"inLanguage":"fr-FR","potentialAction":[{"@type":"CommentAction","name":"Comment","target":["https:\/\/dicodusport.fr\/blog\/jeep-elite-l-elan-bearnais-repris-par-des-americains\/#respond"]}],"copyrightYear":"2021","copyrightHolder":{"@id":"https:\/\/dicodusport.fr\/blog\/#organization"}},{"@type":"WebPage","@id":"https:\/\/dicodusport.fr\/blog\/jeep-elite-l-elan-bearnais-repris-par-des-americains\/","url":"https:\/\/dicodusport.fr\/blog\/jeep-elite-l-elan-bearnais-repris-par-des-americains\/","name":"Jeep \u00c9lite\u00a0: L\u2019\u00c9lan B\u00e9arnais repris par des Am\u00e9ricains","isPartOf":{"@id":"https:\/\/dicodusport.fr\/blog\/#website"},"primaryImageOfPage":{"@id":"https:\/\/dicodusport.fr\/blog\/jeep-elite-l-elan-bearnais-repris-par-des-americains\/#primaryimage"},"image":{"@id":"https:\/\/dicodusport.fr\/blog\/jeep-elite-l-elan-bearnais-repris-par-des-americains\/#primaryimage"},"thumbnailUrl":"https:\/\/dicodusport.fr\/blog\/wp-content\/uploads\/2021\/06\/Jeep-Elite-LElan-Bearnais-repris-par-des-Americains.png","datePublished":"2021-06-21T17:11:54+00:00","dateModified":"2021-06-22T06:31:04+00:00","description":"Le maire de Pau, Fran\u00e7ois Bayrou, a officialis\u00e9 la vente de l'Elan B\u00e9arnais \u00e0 la soci\u00e9t\u00e9 am\u00e9ricaine, Counterpointe Sports Group.","breadcrumb":{"@id":"https:\/\/dicodusport.fr\/blog\/jeep-elite-l-elan-bearnais-repris-par-des-americains\/#breadcrumb"},"inLanguage":"fr-FR","potentialAction":[{"@type":"ReadAction","target":["https:\/\/dicodusport.fr\/blog\/jeep-elite-l-elan-bearnais-repris-par-des-americains\/"]}]},{"@type":"ImageObject","inLanguage":"fr-FR","@id":"https:\/\/dicodusport.fr\/blog\/jeep-elite-l-elan-bearnais-repris-par-des-americains\/#primaryimage","url":"https:\/\/dicodusport.fr\/blog\/wp-content\/uploads\/2021\/06\/Jeep-Elite-LElan-Bearnais-repris-par-des-Americains.png","contentUrl":"https:\/\/dicodusport.fr\/blog\/wp-content\/uploads\/2021\/06\/Jeep-Elite-LElan-Bearnais-repris-par-des-Americains.png","width":800,"height":445,"caption":"Jeep \u00c9lite\u00a0- L\u2019\u00c9lan B\u00e9arnais repris par des Am\u00e9ricains"},{"@type":"BreadcrumbList","@id":"https:\/\/dicodusport.fr\/blog\/jeep-elite-l-elan-bearnais-repris-par-des-americains\/#breadcrumb","itemListElement":[{"@type":"ListItem","position":1,"name":"Accueil","item":"https:\/\/dicodusport.fr\/blog\/"},{"@type":"ListItem","position":2,"name":"Jeep \u00c9lite\u00a0: L\u2019\u00c9lan B\u00e9arnais repris par des Am\u00e9ricains"}]},{"@type":"WebSite","@id":"https:\/\/dicodusport.fr\/blog\/#website","url":"https:\/\/dicodusport.fr\/blog\/","name":"Dicodusport","description":"L&#039;encyclop\u00e9die de l&#039;actualit\u00e9 sportive","publisher":{"@id":"https:\/\/dicodusport.fr\/blog\/#organization"},"potentialAction":[{"@type":"SearchAction","target":{"@type":"EntryPoint","urlTemplate":"https:\/\/dicodusport.fr\/blog\/?s={search_term_string}"},"query-input":{"@type":"PropertyValueSpecification","valueRequired":true,"valueName":"search_term_string"}}],"inLanguage":"fr-FR"},{"@type":"NewsMediaOrganization","@id":"https:\/\/dicodusport.fr\/blog\/#organization","name":"Dicodusport","url":"https:\/\/dicodusport.fr\/blog\/","logo":{"@type":"ImageObject","inLanguage":"fr-FR","@id":"https:\/\/dicodusport.fr\/blog\/#\/schema\/logo\/image\/","url":"https:\/\/dicodusport.fr\/blog\/wp-content\/uploads\/2020\/06\/cropped-LOGO-DICODUSPORT-2020-SANS-FOND-SANS-TEXTE.png","contentUrl":"https:\/\/dicodusport.fr\/blog\/wp-content\/uploads\/2020\/06\/cropped-LOGO-DICODUSPORT-2020-SANS-FOND-SANS-TEXTE.png","width":512,"height":512,"caption":"Dicodusport"},"image":{"@id":"https:\/\/dicodusport.fr\/blog\/#\/schema\/logo\/image\/"},"sameAs":["https:\/\/www.facebook.com\/dicodusport","https:\/\/x.com\/dicodusport","https:\/\/www.instagram.com\/dicodusport\/","https:\/\/www.youtube.com\/channel\/UC7V2KZ5sd3htJivAbA4ZG3w"],"description":"Dicodusport est l'encyclop\u00e9die de l'actualit\u00e9 sportive.","email":"bonjour@dicodusport.fr","legalName":"DICODUSPORT","foundingDate":"2018-01-14","vatID":"FR71834470973","taxID":"83447097300043","numberOfEmployees":{"@type":"QuantitativeValue","minValue":"1","maxValue":"10"}},{"@type":"Person","@id":"https:\/\/dicodusport.fr\/blog\/#\/schema\/person\/37def232098a7a5cbab3974a3690abb0","name":"Maxime Cazenave","image":{"@type":"ImageObject","inLanguage":"fr-FR","@id":"https:\/\/dicodusport.fr\/blog\/#\/schema\/person\/image\/","url":"https:\/\/dicodusport.fr\/blog\/wp-content\/uploads\/2021\/05\/Maxime-Cazenave-150x150.jpg","contentUrl":"https:\/\/dicodusport.fr\/blog\/wp-content\/uploads\/2021\/05\/Maxime-Cazenave-150x150.jpg","caption":"Maxime Cazenave"},"description":"Journaliste\/R\u00e9dacteur depuis 2012 - Berc\u00e9 par l\u2019amour des Girondins de Bordeaux, les \u00e9checs de Christophe Moreau sur le Tour de France sous l'\u00e8re Lance Armstrong et le fade-away l\u00e9tal de Dirk Nowitzki, ma passion d\u00e9vorante pour le sport a toujours \u00e9t\u00e9 un pan incontournable de ma vie. Transmettre ma passion \u00e0 l\u2019\u00e9crit a \u00e9t\u00e9 une transition naturelle. Suiveur assidu de basket et de hockey sur glace, je garde toujours un peu de place pour suivre le cyclisme, le football et le maximum de performances fran\u00e7aises.","sameAs":["https:\/\/x.com\/https:\/\/twitter.com\/Maxime_Caze"],"url":"https:\/\/dicodusport.fr\/blog\/author\/maximec\/"}]}},"_links":{"self":[{"href":"https:\/\/dicodusport.fr\/blog\/wp-json\/wp\/v2\/posts\/141077","targetHints":{"allow":["GET"]}}],"collection":[{"href":"https:\/\/dicodusport.fr\/blog\/wp-json\/wp\/v2\/posts"}],"about":[{"href":"https:\/\/dicodusport.fr\/blog\/wp-json\/wp\/v2\/types\/post"}],"author":[{"embeddable":true,"href":"https:\/\/dicodusport.fr\/blog\/wp-json\/wp\/v2\/users\/55"}],"replies":[{"embeddable":true,"href":"https:\/\/dicodusport.fr\/blog\/wp-json\/wp\/v2\/comments?post=141077"}],"version-history":[{"count":0,"href":"https:\/\/dicodusport.fr\/blog\/wp-json\/wp\/v2\/posts\/141077\/revisions"}],"wp:featuredmedia":[{"embeddable":true,"href":"https:\/\/dicodusport.fr\/blog\/wp-json\/wp\/v2\/media\/141084"}],"wp:attachment":[{"href":"https:\/\/dicodusport.fr\/blog\/wp-json\/wp\/v2\/media?parent=141077"}],"wp:term":[{"taxonomy":"category","embeddable":true,"href":"https:\/\/dicodusport.fr\/blog\/wp-json\/wp\/v2\/categories?post=141077"},{"taxonomy":"post_tag","embeddable":true,"href":"https:\/\/dicodusport.fr\/blog\/wp-json\/wp\/v2\/tags?post=141077"}],"curies":[{"name":"wp","href":"https:\/\/api.w.org\/{rel}","templated":true}]}}