{"id":141079,"date":"2021-06-21T21:27:14","date_gmt":"2021-06-21T19:27:14","guid":{"rendered":"https:\/\/dicodusport.fr\/blog\/?p=141079"},"modified":"2021-06-22T08:44:30","modified_gmt":"2021-06-22T06:44:30","slug":"jeep-elite-le-dernier-recital-daxel-julien-au-palais-des-sports-de-dijon","status":"publish","type":"post","link":"https:\/\/dicodusport.fr\/blog\/jeep-elite-le-dernier-recital-daxel-julien-au-palais-des-sports-de-dijon\/","title":{"rendered":"Jeep Elite\u00a0: Le dernier r\u00e9cital d\u2019Axel Julien au Palais des Sports de Dijon"},"content":{"rendered":"<p align=\"justify\"><em><b>JEEP \u00c9LITE &#8211; Ce dimanche, Axel Julien a sign\u00e9 une \u00e9norme performance en inscrivant 26 points pour qualifier Dijon au Final Four de Rouen. Si la conclusion pourrait \u00eatre exceptionnelle avec un titre de champion de France, l\u2019international a disput\u00e9 son dernier match au Palais des Sports Jean-Michel-Geoffroy.<\/b><\/em><\/p>\n<p align=\"justify\">Il voulait s\u2019offrir une belle sortie, et c\u2019est ce qu\u2019il a fait. Apr\u00e8s six ann\u00e9es pass\u00e9es \u00e0 r\u00e9galer le public du <b>Palais des Sports<\/b> de Dijon, <b>Axel Julien<\/b> a sign\u00e9 une derni\u00e8re prestation remarquable. <a href=\"https:\/\/dicodusport.fr\/blog\/jeep-elite-dijon-et-axel-julien-ecrasent-orleans-pour-acceder-au-final-four\/\">Oppos\u00e9 \u00e0 <b>Orl\u00e9ans<\/b> en quarts de finale<\/a>, <b>Dijon<\/b> partait favori, et le leader de la saison r\u00e9guli\u00e8re n\u2019a pas d\u00e9\u00e7u. Attendu au tournant, l\u2019international fran\u00e7ais n\u2019a pas failli alors que la majorit\u00e9 des regards \u00e9taient tourn\u00e9s vers lui.<\/p>\n<h2 align=\"justify\"><b>Legname et Julien, un duo dans l\u2019histoire de la JDA<\/b><\/h2>\n<p align=\"justify\">Il faut dire que l\u2019ext\u00e9rieur de 28 ans est devenu une v\u00e9ritable l\u00e9gende du club de la C\u00f4te d\u2019Or. Arriv\u00e9 en 2015, il vient de disputer six saisons lors desquelles il a \u00e9crit certaines des plus belles pages de l\u2019histoire du club. Pour en arriver l\u00e0, il a pu s\u2019appuyer sur une vieille connaissance, <b>Laurent Legname<\/b>. Co\u00e9quipiers lorsque Julien d\u00e9bute sa carri\u00e8re \u00e0 <b>Hy\u00e8res-Toulon<\/b> en 2009, les deux hommes disputent deux saisons ensemble, avant que Legname ne devienne entra\u00eeneur de l\u2019\u00e9quipe en 2013. Pendant deux saisons, le duo fait les beaux jours de Hy\u00e8res-Toulon avant de rallier Dijon \u00e0 l\u2019\u00e9t\u00e9 2015.<\/p>\n<p align=\"justify\">Sous les ordres de celui qui l\u2019a accompagn\u00e9 durant quasiment toute sa carri\u00e8re professionnelle, le natif de <b>Saint-Tropez <\/b>n\u2019a cess\u00e9 de progresser, devenant l\u2019un des joueurs majeurs de Jeep \u00c9lite. Cela lui a ainsi permis d\u2019\u00eatre s\u00e9lectionn\u00e9 \u00e0 deux reprises au <b>All-Star Game<\/b> (2017, 2020). De plus, il a contribu\u00e9 \u00e0 faire de <b>Dijon<\/b> une puissance respect\u00e9e du championnat malgr\u00e9 des moyens restreints. La JDA et Julien ont ainsi r\u00e9ussi \u00e0 aller chercher la deuxi\u00e8me <b>Leader\u2019s Cup<\/b> de l\u2019histoire du club en 2020. Cette saison est m\u00eame une v\u00e9ritable cons\u00e9cration. Si aucun titre n\u2019est au rendez-vous en attendant l\u2019issue de la <b>Jeep \u00c9lite<\/b>, le club dijonnais a disput\u00e9 une finale de <b>Coupe de France<\/b>, et s\u2019est offert la m\u00e9daille de bronze en <b>Ligue des Champions<\/b>.<\/p>\n<blockquote class=\"twitter-tweet\">\n<p dir=\"ltr\" lang=\"fr\">\u00c0 jamais dans l&rsquo;Histoire &#x2728;<a href=\"https:\/\/twitter.com\/hashtag\/MyJDA?src=hash&amp;ref_src=twsrc%5Etfw\">#MyJDA<\/a> <a href=\"https:\/\/twitter.com\/hashtag\/Dijon?src=hash&amp;ref_src=twsrc%5Etfw\">#Dijon<\/a> <a href=\"https:\/\/twitter.com\/hashtag\/JeepELITE?src=hash&amp;ref_src=twsrc%5Etfw\">#JeepELITE<\/a> <a href=\"https:\/\/t.co\/Wby3kYPNs0\">pic.twitter.com\/Wby3kYPNs0<\/a><\/p>\n<p>\u2014 JDA Dijon Basket (@jdadijonbasket) <a href=\"https:\/\/twitter.com\/jdadijonbasket\/status\/1406674206650163202?ref_src=twsrc%5Etfw\">June 20, 2021<\/a><\/p><\/blockquote>\n<p><script async src=\"https:\/\/platform.twitter.com\/widgets.js\" charset=\"utf-8\"><\/script><\/p>\n<h2 align=\"justify\"><b>Son record de points de la saison en guise d\u2019adieux<\/b><\/h2>\n<p align=\"justify\">Ce dimanche, <b>Axel Julien<\/b>, mais aussi <b>Laurent Legname<\/b> ou encore <b>Alex Chassang<\/b> ont disput\u00e9 leurs derni\u00e8res minutes devant le public dijonnais. Une derni\u00e8re durant laquelle <strong>Axel Julien<\/strong> a d\u00e9roul\u00e9, histoire d\u2019offrir un dernier moment de bonheur en communion avec les 2000 spectateurs pr\u00e9sents. D\u2019embl\u00e9e, le joueur a mis ce qu\u2019il fallait pour chauffer la salle en inscrivant ses trois premi\u00e8res tentatives derri\u00e8re l\u2019arc. Si le jeu dijonnais fut brouillon avec de nombreuses pertes de balle, ces derniers ont nettement domin\u00e9 un <b>Orl\u00e9ans<\/b> d\u00e9pass\u00e9 au rebond, notamment par <b>Jacques Alingu\u00e9<\/b>, devenu meilleur rebondeur de l\u2019histoire du club.<\/p>\n<p align=\"justify\">Julien a lui pris \u00e0 son compte le jeu de son \u00e9quipe pour pallier le match compliqu\u00e9 de <b>David Holston<\/b>. A 3 points, en p\u00e9n\u00e9tration, en post-up, l\u2019international fran\u00e7ais a d\u00e9roul\u00e9 avec r\u00e9ussite (10\/18 au tir) pour conclure la rencontre \u00e0 26 points, son record de la saison. Pass\u00e9 tout pr\u00e8s d\u2019aller chercher son record en carri\u00e8re (28 points), cela est anecdotique. Le plus important \u00e9tait ailleurs.<\/p>\n<p><span class=\"WQOLt04ZVpUvXgqHxGlTaRYPK61wrc7eFEDC2o9nSkjsId35muJhyz\"><iframe loading=\"lazy\" title=\"Dijon vs. Orl\u00e9ans (83-59) - R\u00e9sum\u00e9 - Quart de finale - 2020\/21\" width=\"740\" height=\"416\" src=\"https:\/\/www.youtube.com\/embed\/AT1w_lDJ_kc?feature=oembed\" frameborder=\"0\" allow=\"accelerometer; autoplay; clipboard-write; encrypted-media; gyroscope; picture-in-picture; web-share\" allowfullscreen><\/iframe><\/span><\/p>\n<p align=\"justify\">En plus de faire r\u00eaver tout un peuple \u00e0 un premier titre historique de champion de France, il quitte la salle l\u2019ayant vu devenir un joueur de basket mature et efficace sur un excellent souvenir. Une derni\u00e8re belle note qui compl\u00e8te une partition magnifique construite en six ann\u00e9es. Troisi\u00e8me meilleur marqueur de l\u2019histoire du club, il reviendra au Palais des Sports la saison prochaine, mais sous les couleurs de la JLB. Une rencontre qui sera sans aucun doute remplie d\u2019\u00e9motions. Comme lorsque toute l\u00e9gende revient sur les terres qui l\u2019ont vu exceller.<\/p>\n","protected":false},"excerpt":{"rendered":"<p>JEEP \u00c9LITE &#8211; Ce dimanche, Axel Julien a sign\u00e9 une \u00e9norme performance en inscrivant 26 points pour qualifier Dijon au Final Four de Rouen. Si la conclusion pourrait \u00eatre exceptionnelle avec un titre de champion de France, l\u2019international a disput\u00e9 son dernier match au Palais des Sports Jean-Michel-Geoffroy.<\/p>\n","protected":false},"author":55,"featured_media":141130,"comment_status":"open","ping_status":"closed","sticky":false,"template":"","format":"standard","meta":{"_acf_changed":false,"_daextam_enable_autolinks":"","footnotes":""},"categories":[2305],"tags":[17509,5766,8271],"class_list":["post-141079","post","type-post","status-publish","format-standard","has-post-thumbnail","hentry","category-basket-ball","tag-axel-julien","tag-dijon","tag-jeep-elite"],"acf":[],"yoast_head":"<!-- This site is optimized with the Yoast SEO Premium plugin v26.7 (Yoast SEO v26.7) - https:\/\/yoast.com\/wordpress\/plugins\/seo\/ -->\n<title>Jeep Elite\u00a0: Le dernier r\u00e9cital d\u2019Axel Julien au Palais des Sports de Dijon<\/title>\n<meta name=\"description\" content=\"Ce dimanche, Axel Julien a disput\u00e9 son dernier match au Palais des Sports sous le maillot de la JDA Dijon.\" \/>\n<meta name=\"robots\" content=\"index, follow, max-snippet:-1, max-image-preview:large, max-video-preview:-1\" \/>\n<link rel=\"canonical\" href=\"https:\/\/dicodusport.fr\/blog\/jeep-elite-le-dernier-recital-daxel-julien-au-palais-des-sports-de-dijon\/\" \/>\n<meta property=\"og:locale\" content=\"fr_FR\" \/>\n<meta property=\"og:type\" content=\"article\" \/>\n<meta property=\"og:title\" content=\"Jeep Elite\u00a0: Le dernier r\u00e9cital d\u2019Axel Julien au Palais des Sports de Dijon\" \/>\n<meta property=\"og:description\" content=\"Ce dimanche, Axel Julien a disput\u00e9 son dernier match au Palais des Sports sous le maillot de la JDA Dijon.\" \/>\n<meta property=\"og:url\" content=\"https:\/\/dicodusport.fr\/blog\/jeep-elite-le-dernier-recital-daxel-julien-au-palais-des-sports-de-dijon\/\" \/>\n<meta property=\"og:site_name\" content=\"Dicodusport\" \/>\n<meta property=\"article:publisher\" content=\"https:\/\/www.facebook.com\/dicodusport\" \/>\n<meta property=\"article:published_time\" content=\"2021-06-21T19:27:14+00:00\" \/>\n<meta property=\"article:modified_time\" content=\"2021-06-22T06:44:30+00:00\" \/>\n<meta property=\"og:image\" content=\"https:\/\/dicodusport.fr\/blog\/wp-content\/uploads\/2021\/06\/Jeep-Elite-Le-dernier-recital-dAxel-Julien-au-Palais-des-Sports-de-Dijon.png\" \/>\n\t<meta property=\"og:image:width\" content=\"800\" \/>\n\t<meta property=\"og:image:height\" content=\"445\" \/>\n\t<meta property=\"og:image:type\" content=\"image\/png\" \/>\n<meta name=\"author\" content=\"Maxime Cazenave\" \/>\n<meta name=\"twitter:card\" content=\"summary_large_image\" \/>\n<meta name=\"twitter:title\" content=\"Jeep Elite\u00a0: Le dernier r\u00e9cital d\u2019Axel Julien au Palais des Sports de Dijon\" \/>\n<meta name=\"twitter:creator\" content=\"@https:\/\/twitter.com\/Maxime_Caze\" \/>\n<meta name=\"twitter:site\" content=\"@dicodusport\" \/>\n<script type=\"application\/ld+json\" class=\"yoast-schema-graph\">{\"@context\":\"https:\/\/schema.org\",\"@graph\":[{\"@type\":\"NewsArticle\",\"@id\":\"https:\/\/dicodusport.fr\/blog\/jeep-elite-le-dernier-recital-daxel-julien-au-palais-des-sports-de-dijon\/#article\",\"isPartOf\":{\"@id\":\"https:\/\/dicodusport.fr\/blog\/jeep-elite-le-dernier-recital-daxel-julien-au-palais-des-sports-de-dijon\/\"},\"author\":{\"name\":\"Maxime Cazenave\",\"@id\":\"https:\/\/dicodusport.fr\/blog\/#\/schema\/person\/37def232098a7a5cbab3974a3690abb0\"},\"headline\":\"Jeep Elite\u00a0: Le dernier r\u00e9cital d\u2019Axel Julien au Palais des Sports de Dijon\",\"datePublished\":\"2021-06-21T19:27:14+00:00\",\"dateModified\":\"2021-06-22T06:44:30+00:00\",\"mainEntityOfPage\":{\"@id\":\"https:\/\/dicodusport.fr\/blog\/jeep-elite-le-dernier-recital-daxel-julien-au-palais-des-sports-de-dijon\/\"},\"wordCount\":727,\"commentCount\":0,\"publisher\":{\"@id\":\"https:\/\/dicodusport.fr\/blog\/#organization\"},\"image\":{\"@id\":\"https:\/\/dicodusport.fr\/blog\/jeep-elite-le-dernier-recital-daxel-julien-au-palais-des-sports-de-dijon\/#primaryimage\"},\"thumbnailUrl\":\"https:\/\/dicodusport.fr\/blog\/wp-content\/uploads\/2021\/06\/Jeep-Elite-Le-dernier-recital-dAxel-Julien-au-Palais-des-Sports-de-Dijon.png\",\"keywords\":[\"Axel Julien\",\"Dijon\",\"Jeep Elite\"],\"articleSection\":[\"Basket-ball\"],\"inLanguage\":\"fr-FR\",\"potentialAction\":[{\"@type\":\"CommentAction\",\"name\":\"Comment\",\"target\":[\"https:\/\/dicodusport.fr\/blog\/jeep-elite-le-dernier-recital-daxel-julien-au-palais-des-sports-de-dijon\/#respond\"]}],\"copyrightYear\":\"2021\",\"copyrightHolder\":{\"@id\":\"https:\/\/dicodusport.fr\/blog\/#organization\"}},{\"@type\":\"WebPage\",\"@id\":\"https:\/\/dicodusport.fr\/blog\/jeep-elite-le-dernier-recital-daxel-julien-au-palais-des-sports-de-dijon\/\",\"url\":\"https:\/\/dicodusport.fr\/blog\/jeep-elite-le-dernier-recital-daxel-julien-au-palais-des-sports-de-dijon\/\",\"name\":\"Jeep Elite\u00a0: Le dernier r\u00e9cital d\u2019Axel Julien au Palais des Sports de Dijon\",\"isPartOf\":{\"@id\":\"https:\/\/dicodusport.fr\/blog\/#website\"},\"primaryImageOfPage\":{\"@id\":\"https:\/\/dicodusport.fr\/blog\/jeep-elite-le-dernier-recital-daxel-julien-au-palais-des-sports-de-dijon\/#primaryimage\"},\"image\":{\"@id\":\"https:\/\/dicodusport.fr\/blog\/jeep-elite-le-dernier-recital-daxel-julien-au-palais-des-sports-de-dijon\/#primaryimage\"},\"thumbnailUrl\":\"https:\/\/dicodusport.fr\/blog\/wp-content\/uploads\/2021\/06\/Jeep-Elite-Le-dernier-recital-dAxel-Julien-au-Palais-des-Sports-de-Dijon.png\",\"datePublished\":\"2021-06-21T19:27:14+00:00\",\"dateModified\":\"2021-06-22T06:44:30+00:00\",\"description\":\"Ce dimanche, Axel Julien a disput\u00e9 son dernier match au Palais des Sports sous le maillot de la JDA Dijon.\",\"breadcrumb\":{\"@id\":\"https:\/\/dicodusport.fr\/blog\/jeep-elite-le-dernier-recital-daxel-julien-au-palais-des-sports-de-dijon\/#breadcrumb\"},\"inLanguage\":\"fr-FR\",\"potentialAction\":[{\"@type\":\"ReadAction\",\"target\":[\"https:\/\/dicodusport.fr\/blog\/jeep-elite-le-dernier-recital-daxel-julien-au-palais-des-sports-de-dijon\/\"]}]},{\"@type\":\"ImageObject\",\"inLanguage\":\"fr-FR\",\"@id\":\"https:\/\/dicodusport.fr\/blog\/jeep-elite-le-dernier-recital-daxel-julien-au-palais-des-sports-de-dijon\/#primaryimage\",\"url\":\"https:\/\/dicodusport.fr\/blog\/wp-content\/uploads\/2021\/06\/Jeep-Elite-Le-dernier-recital-dAxel-Julien-au-Palais-des-Sports-de-Dijon.png\",\"contentUrl\":\"https:\/\/dicodusport.fr\/blog\/wp-content\/uploads\/2021\/06\/Jeep-Elite-Le-dernier-recital-dAxel-Julien-au-Palais-des-Sports-de-Dijon.png\",\"width\":800,\"height\":445,\"caption\":\"Jeep Elite\u00a0: Le dernier r\u00e9cital d\u2019Axel Julien au Palais des Sports de Dijon\"},{\"@type\":\"BreadcrumbList\",\"@id\":\"https:\/\/dicodusport.fr\/blog\/jeep-elite-le-dernier-recital-daxel-julien-au-palais-des-sports-de-dijon\/#breadcrumb\",\"itemListElement\":[{\"@type\":\"ListItem\",\"position\":1,\"name\":\"Accueil\",\"item\":\"https:\/\/dicodusport.fr\/blog\/\"},{\"@type\":\"ListItem\",\"position\":2,\"name\":\"Jeep Elite\u00a0: Le dernier r\u00e9cital d\u2019Axel Julien au Palais des Sports de Dijon\"}]},{\"@type\":\"WebSite\",\"@id\":\"https:\/\/dicodusport.fr\/blog\/#website\",\"url\":\"https:\/\/dicodusport.fr\/blog\/\",\"name\":\"Dicodusport\",\"description\":\"L&#039;encyclop\u00e9die de l&#039;actualit\u00e9 sportive\",\"publisher\":{\"@id\":\"https:\/\/dicodusport.fr\/blog\/#organization\"},\"potentialAction\":[{\"@type\":\"SearchAction\",\"target\":{\"@type\":\"EntryPoint\",\"urlTemplate\":\"https:\/\/dicodusport.fr\/blog\/?s={search_term_string}\"},\"query-input\":{\"@type\":\"PropertyValueSpecification\",\"valueRequired\":true,\"valueName\":\"search_term_string\"}}],\"inLanguage\":\"fr-FR\"},{\"@type\":\"NewsMediaOrganization\",\"@id\":\"https:\/\/dicodusport.fr\/blog\/#organization\",\"name\":\"Dicodusport\",\"url\":\"https:\/\/dicodusport.fr\/blog\/\",\"logo\":{\"@type\":\"ImageObject\",\"inLanguage\":\"fr-FR\",\"@id\":\"https:\/\/dicodusport.fr\/blog\/#\/schema\/logo\/image\/\",\"url\":\"https:\/\/dicodusport.fr\/blog\/wp-content\/uploads\/2020\/06\/cropped-LOGO-DICODUSPORT-2020-SANS-FOND-SANS-TEXTE.png\",\"contentUrl\":\"https:\/\/dicodusport.fr\/blog\/wp-content\/uploads\/2020\/06\/cropped-LOGO-DICODUSPORT-2020-SANS-FOND-SANS-TEXTE.png\",\"width\":512,\"height\":512,\"caption\":\"Dicodusport\"},\"image\":{\"@id\":\"https:\/\/dicodusport.fr\/blog\/#\/schema\/logo\/image\/\"},\"sameAs\":[\"https:\/\/www.facebook.com\/dicodusport\",\"https:\/\/x.com\/dicodusport\",\"https:\/\/www.instagram.com\/dicodusport\/\",\"https:\/\/www.youtube.com\/channel\/UC7V2KZ5sd3htJivAbA4ZG3w\"],\"description\":\"Dicodusport est l'encyclop\u00e9die de l'actualit\u00e9 sportive.\",\"email\":\"bonjour@dicodusport.fr\",\"legalName\":\"DICODUSPORT\",\"foundingDate\":\"2018-01-14\",\"vatID\":\"FR71834470973\",\"taxID\":\"83447097300043\",\"numberOfEmployees\":{\"@type\":\"QuantitativeValue\",\"minValue\":\"1\",\"maxValue\":\"10\"}},{\"@type\":\"Person\",\"@id\":\"https:\/\/dicodusport.fr\/blog\/#\/schema\/person\/37def232098a7a5cbab3974a3690abb0\",\"name\":\"Maxime Cazenave\",\"image\":{\"@type\":\"ImageObject\",\"inLanguage\":\"fr-FR\",\"@id\":\"https:\/\/dicodusport.fr\/blog\/#\/schema\/person\/image\/\",\"url\":\"https:\/\/dicodusport.fr\/blog\/wp-content\/uploads\/2021\/05\/Maxime-Cazenave-150x150.jpg\",\"contentUrl\":\"https:\/\/dicodusport.fr\/blog\/wp-content\/uploads\/2021\/05\/Maxime-Cazenave-150x150.jpg\",\"caption\":\"Maxime Cazenave\"},\"description\":\"Journaliste\/R\u00e9dacteur depuis 2012 - Berc\u00e9 par l\u2019amour des Girondins de Bordeaux, les \u00e9checs de Christophe Moreau sur le Tour de France sous l'\u00e8re Lance Armstrong et le fade-away l\u00e9tal de Dirk Nowitzki, ma passion d\u00e9vorante pour le sport a toujours \u00e9t\u00e9 un pan incontournable de ma vie. Transmettre ma passion \u00e0 l\u2019\u00e9crit a \u00e9t\u00e9 une transition naturelle. Suiveur assidu de basket et de hockey sur glace, je garde toujours un peu de place pour suivre le cyclisme, le football et le maximum de performances fran\u00e7aises.\",\"sameAs\":[\"https:\/\/x.com\/https:\/\/twitter.com\/Maxime_Caze\"],\"url\":\"https:\/\/dicodusport.fr\/blog\/author\/maximec\/\"}]}<\/script>\n<!-- \/ Yoast SEO Premium plugin. -->","yoast_head_json":{"title":"Jeep Elite\u00a0: Le dernier r\u00e9cital d\u2019Axel Julien au Palais des Sports de Dijon","description":"Ce dimanche, Axel Julien a disput\u00e9 son dernier match au Palais des Sports sous le maillot de la JDA Dijon.","robots":{"index":"index","follow":"follow","max-snippet":"max-snippet:-1","max-image-preview":"max-image-preview:large","max-video-preview":"max-video-preview:-1"},"canonical":"https:\/\/dicodusport.fr\/blog\/jeep-elite-le-dernier-recital-daxel-julien-au-palais-des-sports-de-dijon\/","og_locale":"fr_FR","og_type":"article","og_title":"Jeep Elite\u00a0: Le dernier r\u00e9cital d\u2019Axel Julien au Palais des Sports de Dijon","og_description":"Ce dimanche, Axel Julien a disput\u00e9 son dernier match au Palais des Sports sous le maillot de la JDA Dijon.","og_url":"https:\/\/dicodusport.fr\/blog\/jeep-elite-le-dernier-recital-daxel-julien-au-palais-des-sports-de-dijon\/","og_site_name":"Dicodusport","article_publisher":"https:\/\/www.facebook.com\/dicodusport","article_published_time":"2021-06-21T19:27:14+00:00","article_modified_time":"2021-06-22T06:44:30+00:00","og_image":[{"width":800,"height":445,"url":"https:\/\/dicodusport.fr\/blog\/wp-content\/uploads\/2021\/06\/Jeep-Elite-Le-dernier-recital-dAxel-Julien-au-Palais-des-Sports-de-Dijon.png","type":"image\/png"}],"author":"Maxime Cazenave","twitter_card":"summary_large_image","twitter_title":"Jeep Elite\u00a0: Le dernier r\u00e9cital d\u2019Axel Julien au Palais des Sports de Dijon","twitter_creator":"@https:\/\/twitter.com\/Maxime_Caze","twitter_site":"@dicodusport","schema":{"@context":"https:\/\/schema.org","@graph":[{"@type":"NewsArticle","@id":"https:\/\/dicodusport.fr\/blog\/jeep-elite-le-dernier-recital-daxel-julien-au-palais-des-sports-de-dijon\/#article","isPartOf":{"@id":"https:\/\/dicodusport.fr\/blog\/jeep-elite-le-dernier-recital-daxel-julien-au-palais-des-sports-de-dijon\/"},"author":{"name":"Maxime Cazenave","@id":"https:\/\/dicodusport.fr\/blog\/#\/schema\/person\/37def232098a7a5cbab3974a3690abb0"},"headline":"Jeep Elite\u00a0: Le dernier r\u00e9cital d\u2019Axel Julien au Palais des Sports de Dijon","datePublished":"2021-06-21T19:27:14+00:00","dateModified":"2021-06-22T06:44:30+00:00","mainEntityOfPage":{"@id":"https:\/\/dicodusport.fr\/blog\/jeep-elite-le-dernier-recital-daxel-julien-au-palais-des-sports-de-dijon\/"},"wordCount":727,"commentCount":0,"publisher":{"@id":"https:\/\/dicodusport.fr\/blog\/#organization"},"image":{"@id":"https:\/\/dicodusport.fr\/blog\/jeep-elite-le-dernier-recital-daxel-julien-au-palais-des-sports-de-dijon\/#primaryimage"},"thumbnailUrl":"https:\/\/dicodusport.fr\/blog\/wp-content\/uploads\/2021\/06\/Jeep-Elite-Le-dernier-recital-dAxel-Julien-au-Palais-des-Sports-de-Dijon.png","keywords":["Axel Julien","Dijon","Jeep Elite"],"articleSection":["Basket-ball"],"inLanguage":"fr-FR","potentialAction":[{"@type":"CommentAction","name":"Comment","target":["https:\/\/dicodusport.fr\/blog\/jeep-elite-le-dernier-recital-daxel-julien-au-palais-des-sports-de-dijon\/#respond"]}],"copyrightYear":"2021","copyrightHolder":{"@id":"https:\/\/dicodusport.fr\/blog\/#organization"}},{"@type":"WebPage","@id":"https:\/\/dicodusport.fr\/blog\/jeep-elite-le-dernier-recital-daxel-julien-au-palais-des-sports-de-dijon\/","url":"https:\/\/dicodusport.fr\/blog\/jeep-elite-le-dernier-recital-daxel-julien-au-palais-des-sports-de-dijon\/","name":"Jeep Elite\u00a0: Le dernier r\u00e9cital d\u2019Axel Julien au Palais des Sports de Dijon","isPartOf":{"@id":"https:\/\/dicodusport.fr\/blog\/#website"},"primaryImageOfPage":{"@id":"https:\/\/dicodusport.fr\/blog\/jeep-elite-le-dernier-recital-daxel-julien-au-palais-des-sports-de-dijon\/#primaryimage"},"image":{"@id":"https:\/\/dicodusport.fr\/blog\/jeep-elite-le-dernier-recital-daxel-julien-au-palais-des-sports-de-dijon\/#primaryimage"},"thumbnailUrl":"https:\/\/dicodusport.fr\/blog\/wp-content\/uploads\/2021\/06\/Jeep-Elite-Le-dernier-recital-dAxel-Julien-au-Palais-des-Sports-de-Dijon.png","datePublished":"2021-06-21T19:27:14+00:00","dateModified":"2021-06-22T06:44:30+00:00","description":"Ce dimanche, Axel Julien a disput\u00e9 son dernier match au Palais des Sports sous le maillot de la JDA Dijon.","breadcrumb":{"@id":"https:\/\/dicodusport.fr\/blog\/jeep-elite-le-dernier-recital-daxel-julien-au-palais-des-sports-de-dijon\/#breadcrumb"},"inLanguage":"fr-FR","potentialAction":[{"@type":"ReadAction","target":["https:\/\/dicodusport.fr\/blog\/jeep-elite-le-dernier-recital-daxel-julien-au-palais-des-sports-de-dijon\/"]}]},{"@type":"ImageObject","inLanguage":"fr-FR","@id":"https:\/\/dicodusport.fr\/blog\/jeep-elite-le-dernier-recital-daxel-julien-au-palais-des-sports-de-dijon\/#primaryimage","url":"https:\/\/dicodusport.fr\/blog\/wp-content\/uploads\/2021\/06\/Jeep-Elite-Le-dernier-recital-dAxel-Julien-au-Palais-des-Sports-de-Dijon.png","contentUrl":"https:\/\/dicodusport.fr\/blog\/wp-content\/uploads\/2021\/06\/Jeep-Elite-Le-dernier-recital-dAxel-Julien-au-Palais-des-Sports-de-Dijon.png","width":800,"height":445,"caption":"Jeep Elite\u00a0: Le dernier r\u00e9cital d\u2019Axel Julien au Palais des Sports de Dijon"},{"@type":"BreadcrumbList","@id":"https:\/\/dicodusport.fr\/blog\/jeep-elite-le-dernier-recital-daxel-julien-au-palais-des-sports-de-dijon\/#breadcrumb","itemListElement":[{"@type":"ListItem","position":1,"name":"Accueil","item":"https:\/\/dicodusport.fr\/blog\/"},{"@type":"ListItem","position":2,"name":"Jeep Elite\u00a0: Le dernier r\u00e9cital d\u2019Axel Julien au Palais des Sports de Dijon"}]},{"@type":"WebSite","@id":"https:\/\/dicodusport.fr\/blog\/#website","url":"https:\/\/dicodusport.fr\/blog\/","name":"Dicodusport","description":"L&#039;encyclop\u00e9die de l&#039;actualit\u00e9 sportive","publisher":{"@id":"https:\/\/dicodusport.fr\/blog\/#organization"},"potentialAction":[{"@type":"SearchAction","target":{"@type":"EntryPoint","urlTemplate":"https:\/\/dicodusport.fr\/blog\/?s={search_term_string}"},"query-input":{"@type":"PropertyValueSpecification","valueRequired":true,"valueName":"search_term_string"}}],"inLanguage":"fr-FR"},{"@type":"NewsMediaOrganization","@id":"https:\/\/dicodusport.fr\/blog\/#organization","name":"Dicodusport","url":"https:\/\/dicodusport.fr\/blog\/","logo":{"@type":"ImageObject","inLanguage":"fr-FR","@id":"https:\/\/dicodusport.fr\/blog\/#\/schema\/logo\/image\/","url":"https:\/\/dicodusport.fr\/blog\/wp-content\/uploads\/2020\/06\/cropped-LOGO-DICODUSPORT-2020-SANS-FOND-SANS-TEXTE.png","contentUrl":"https:\/\/dicodusport.fr\/blog\/wp-content\/uploads\/2020\/06\/cropped-LOGO-DICODUSPORT-2020-SANS-FOND-SANS-TEXTE.png","width":512,"height":512,"caption":"Dicodusport"},"image":{"@id":"https:\/\/dicodusport.fr\/blog\/#\/schema\/logo\/image\/"},"sameAs":["https:\/\/www.facebook.com\/dicodusport","https:\/\/x.com\/dicodusport","https:\/\/www.instagram.com\/dicodusport\/","https:\/\/www.youtube.com\/channel\/UC7V2KZ5sd3htJivAbA4ZG3w"],"description":"Dicodusport est l'encyclop\u00e9die de l'actualit\u00e9 sportive.","email":"bonjour@dicodusport.fr","legalName":"DICODUSPORT","foundingDate":"2018-01-14","vatID":"FR71834470973","taxID":"83447097300043","numberOfEmployees":{"@type":"QuantitativeValue","minValue":"1","maxValue":"10"}},{"@type":"Person","@id":"https:\/\/dicodusport.fr\/blog\/#\/schema\/person\/37def232098a7a5cbab3974a3690abb0","name":"Maxime Cazenave","image":{"@type":"ImageObject","inLanguage":"fr-FR","@id":"https:\/\/dicodusport.fr\/blog\/#\/schema\/person\/image\/","url":"https:\/\/dicodusport.fr\/blog\/wp-content\/uploads\/2021\/05\/Maxime-Cazenave-150x150.jpg","contentUrl":"https:\/\/dicodusport.fr\/blog\/wp-content\/uploads\/2021\/05\/Maxime-Cazenave-150x150.jpg","caption":"Maxime Cazenave"},"description":"Journaliste\/R\u00e9dacteur depuis 2012 - Berc\u00e9 par l\u2019amour des Girondins de Bordeaux, les \u00e9checs de Christophe Moreau sur le Tour de France sous l'\u00e8re Lance Armstrong et le fade-away l\u00e9tal de Dirk Nowitzki, ma passion d\u00e9vorante pour le sport a toujours \u00e9t\u00e9 un pan incontournable de ma vie. Transmettre ma passion \u00e0 l\u2019\u00e9crit a \u00e9t\u00e9 une transition naturelle. Suiveur assidu de basket et de hockey sur glace, je garde toujours un peu de place pour suivre le cyclisme, le football et le maximum de performances fran\u00e7aises.","sameAs":["https:\/\/x.com\/https:\/\/twitter.com\/Maxime_Caze"],"url":"https:\/\/dicodusport.fr\/blog\/author\/maximec\/"}]}},"_links":{"self":[{"href":"https:\/\/dicodusport.fr\/blog\/wp-json\/wp\/v2\/posts\/141079","targetHints":{"allow":["GET"]}}],"collection":[{"href":"https:\/\/dicodusport.fr\/blog\/wp-json\/wp\/v2\/posts"}],"about":[{"href":"https:\/\/dicodusport.fr\/blog\/wp-json\/wp\/v2\/types\/post"}],"author":[{"embeddable":true,"href":"https:\/\/dicodusport.fr\/blog\/wp-json\/wp\/v2\/users\/55"}],"replies":[{"embeddable":true,"href":"https:\/\/dicodusport.fr\/blog\/wp-json\/wp\/v2\/comments?post=141079"}],"version-history":[{"count":0,"href":"https:\/\/dicodusport.fr\/blog\/wp-json\/wp\/v2\/posts\/141079\/revisions"}],"wp:featuredmedia":[{"embeddable":true,"href":"https:\/\/dicodusport.fr\/blog\/wp-json\/wp\/v2\/media\/141130"}],"wp:attachment":[{"href":"https:\/\/dicodusport.fr\/blog\/wp-json\/wp\/v2\/media?parent=141079"}],"wp:term":[{"taxonomy":"category","embeddable":true,"href":"https:\/\/dicodusport.fr\/blog\/wp-json\/wp\/v2\/categories?post=141079"},{"taxonomy":"post_tag","embeddable":true,"href":"https:\/\/dicodusport.fr\/blog\/wp-json\/wp\/v2\/tags?post=141079"}],"curies":[{"name":"wp","href":"https:\/\/api.w.org\/{rel}","templated":true}]}}