{"id":1411,"date":"2017-04-11T13:16:25","date_gmt":"2017-04-11T12:16:25","guid":{"rendered":"http:\/\/dicodusport.fr\/blog\/?p=1411"},"modified":"2021-04-13T23:27:38","modified_gmt":"2021-04-13T21:27:38","slug":"semaine-de-bande-4-2-places-dhonneur-vivian-born-victoire-piste","status":"publish","type":"post","link":"https:\/\/dicodusport.fr\/blog\/semaine-de-bande-4-2-places-dhonneur-vivian-born-victoire-piste\/","title":{"rendered":"La semaine de La Bande #4 : 2 places d&rsquo;honneur pour Vivian Born, une victoire sur piste !"},"content":{"rendered":"<p class=\"p1\" style=\"text-align: justify;\"><span style=\"color: #000000;\"><em>Chaque mardi, retrouvez \u00ab\u00a0la semaine de La Bande\u00a0\u00bb sur votre blog <span style=\"color: #0000ff;\"><a style=\"color: #0000ff;\" href=\"http:\/\/dicodusport.fr\/blog\/\">dicodusport.fr<\/a><\/span> : r\u00e9sultats, actualit\u00e9s, d\u00e9clarations, courses \u00e0 venir. Lucas Destang et Achille Metro gagnent l&rsquo;\u00e9preuve r\u00e9gionale de l&rsquo;am\u00e9ricaine et Vivian Born prend 2 places d&rsquo;honneur.<\/em><\/span><\/p>\n<p class=\"p1\" style=\"text-align: justify;\"><span class=\"s2\" style=\"font-size: 18pt; color: #000000;\"><b>Les R\u00e9sultats<\/b><\/span><\/p>\n<p class=\"p1\" style=\"text-align: justify;\"><span class=\"s3\" style=\"color: #000000;\">05\/04\/2017 <span style=\"color: #0000ff;\"><a style=\"color: #0000ff;\" href=\"http:\/\/www.directvelo.com\/actualite\/57180\/tour-du-canton-du-pays-dunois-classement\" target=\"_blank\" rel=\"noopener\">TOUR DU CANTON DU PAYS DUNOIS<\/a><\/span> (Elite Nationale) Creuse<\/span><\/p>\n<p class=\"p1\" style=\"text-align: justify;\"><span style=\"color: #000000;\"><span class=\"s2\">1er VIMP\u00c8RE Th\u00e9o (Team Pro Immo) 1\u00e8re cat. les 142,6km en 3h33&rsquo;00\u00a0\u00bb<br \/>\n<\/span><span class=\"s2\">30e BORN Vivian* (La Bande)<br \/>\n<\/span><span class=\"s2\">42e WATANABE Ayumu* (La Bande)<br \/>\n<\/span><span class=\"s2\">45e COUTURET Thomas (La Bande)<br \/>\n<\/span><span class=\"s2\">62e CHATELET Nicolas (La Bande)<br \/>\n<\/span><span class=\"s2\">AB Lavigne Baptiste*<\/span><\/span><\/p>\n<p class=\"p1\" style=\"text-align: justify;\"><span class=\"s2\" style=\"color: #000000;\">08\/04\/2017 <span style=\"color: #0000ff;\"><a style=\"color: #0000ff;\" href=\"http:\/\/www.directvelo.com\/actualite\/57248\/tour-de-la-charente-limousine-classement\" target=\"_blank\" rel=\"noopener\">TOUR DE LA CHARENTE LIMOUSINE<\/a><\/span> (Toutes cat\u00e9gories) Charente<\/span><\/p>\n<p class=\"p1\" style=\"text-align: justify;\"><span style=\"color: #000000;\"><span class=\"s1\">1er VIMP\u00c8RE Th\u00e9o (Team Pro Immo)<br \/>\n<\/span><span class=\"s1\">11e BORN Vivian* (La Bande)<br \/>\n<\/span><span class=\"s1\">14e COUTURET Thomas (La Bande)<br \/>\n<\/span><span class=\"s1\">44e CHATELET Nicolas (La Bande)<br \/>\n<\/span><span class=\"s1\">53e BAZIN Cl\u00e9ment (La Bande)<\/span><\/span><\/p>\n<p class=\"p1\" style=\"text-align: justify;\"><span class=\"s2\" style=\"color: #000000;\">10\/04\/2017 <span style=\"color: #0000ff;\"><a style=\"color: #0000ff;\" href=\"http:\/\/www.directvelo.com\/actualite\/57302\/gp-des-fetes-de-cenac-et-saint-julien-florent-pereira-1er\" target=\"_blank\" rel=\"noopener\">GRAND PRIX DES FETES DE CENAC ET SAINT JULIEN<\/a><\/span> (Elite Nationale) Dordogne<\/span><\/p>\n<p class=\"p1\" style=\"text-align: justify;\"><span style=\"color: #000000;\"><span class=\"s1\">1er PEREIRA Florent (Team Pro Immo) 1\u00e8re les 100km en 2h24&rsquo;20\u00a0\u00bb<br \/>\n<\/span><span class=\"s1\">11e BORN Vivian* (La Bande)<br \/>\n<\/span><span class=\"s1\">23e LAVIGNE Baptiste* (La Bande)<br \/>\n<\/span><span class=\"s1\">25e COUTURET Thomas (La Bande)<br \/>\n<\/span><span class=\"s1\">43e CHATELET Nicolas (La Bande)<br \/>\n<\/span><span class=\"s1\">AB Watanabe Ayumu*<br \/>\n<\/span><span class=\"s1\">AB Menville L\u00e9o<br \/>\n<\/span><span class=\"s1\">AB M\u00e9tro Achille*<br \/>\n<\/span><span class=\"s1\">AB Bazin Cl\u00e9ment<\/span><\/span><\/p>\n<p class=\"p1\" style=\"text-align: justify;\"><img loading=\"lazy\" decoding=\"async\" class=\"alignnone size-full wp-image-1413\" src=\"http:\/\/dicodusport.fr\/blog\/wp-content\/uploads\/2017\/04\/Ce\u0301nac-Saint-Julien-2017-038-1.jpg\" alt=\"\" width=\"2048\" height=\"1367\" srcset=\"https:\/\/dicodusport.fr\/blog\/wp-content\/uploads\/2017\/04\/Ce\u0301nac-Saint-Julien-2017-038-1.jpg 2048w, https:\/\/dicodusport.fr\/blog\/wp-content\/uploads\/2017\/04\/Ce\u0301nac-Saint-Julien-2017-038-1-300x200.jpg 300w, https:\/\/dicodusport.fr\/blog\/wp-content\/uploads\/2017\/04\/Ce\u0301nac-Saint-Julien-2017-038-1-768x513.jpg 768w, https:\/\/dicodusport.fr\/blog\/wp-content\/uploads\/2017\/04\/Ce\u0301nac-Saint-Julien-2017-038-1-1024x684.jpg 1024w\" sizes=\"auto, (max-width: 2048px) 100vw, 2048px\" \/><\/p>\n<p class=\"p3\" style=\"text-align: justify;\"><span class=\"s1\" style=\"font-size: 18pt; color: #000000;\"><b>La D\u00e9claration<\/b><\/span><\/p>\n<p class=\"p1\" style=\"text-align: justify;\"><span class=\"s1\" style=\"color: #000000;\"><strong>Vivian Born<\/strong> : \u00a0\u00bb\u00a0Nous avons pass\u00e9 une semaine charg\u00e9e\u00a0! Mercredi nous \u00e9tions 5 en Creuse pour le Dunois. \u00c7a a roul\u00e9 par \u00e0-coups toute la journ\u00e9e sur un circuit tr\u00e8s usant. Je me suis retrouv\u00e9 devant avec 10 coureurs, et je n\u2019ai pas os\u00e9 ressortir quand le contre avec les favoris est rentr\u00e9. Je me suis fait avoir alors que les jambes \u00e9taient bien l\u00e0&#8230;<\/span><\/p>\n<p class=\"p1\" style=\"text-align: justify;\"><span style=\"color: #000000;\"><span class=\"s1\">Samedi, nous sommes partis \u00e0 4 en Charente. On a rat\u00e9 la bonne \u00e9chapp\u00e9e avec Cl\u00e9ment qui \u00e9tait fort. Derri\u00e8re, Nicolas a beaucoup roul\u00e9 mais nous ne sommes jamais rentr\u00e9s sur les 5 \u00e9chapp\u00e9s. Au final, on arrive \u00e0 une cinquantaine pour le sprint et je termine 11<\/span><span class=\"s2\"><sup>\u00e8me<\/sup><\/span><span class=\"s1\">\u00a0et Thomas 14<\/span><span class=\"s2\"><sup>\u00e8me<\/sup><\/span><span class=\"s1\">. C&rsquo;est pas top pour une \u00ab\u00a0toutes cat\u00e9gories\u00a0\u00bb, mais on n\u2019aurait pas pu accrocher les meilleurs jusqu\u2019\u00e0 l\u2019arriv\u00e9e ce jour-l\u00e0.<\/span><\/span><\/p>\n<p class=\"p1\" style=\"text-align: justify;\"><span class=\"s1\" style=\"color: #000000;\">Lundi, \u00e9quipe quasiment compl\u00e8te \u00e0 C\u00e9nac, une \u00e9chap\u00e9e se forme au km 0 avec Achille et Cl\u00e9ment ainsi que 10 costauds. Derri\u00e8re, je rentre en contre avec Ayumu et le reste des favoris. On a tout d\u2019abord perdu Achille puis Ayumu, avant que Bruno Armirail ne fasse exploser le groupe de 20. Il y en avait partout\u00a0! Je n\u2019ai pas pu accrocher les cinq meilleurs, mais je me retrouve dans le deuxi\u00e8me groupe de 8. Dans le dernier tour, je me fais d\u00e9poser par les gars de Pro Immo qui \u00e9taient en surnombre et je termine onzi\u00e8me.<\/span><\/p>\n<p class=\"p1\" style=\"text-align: justify;\"><span class=\"s1\" style=\"color: #000000;\">Personnellement, j\u2019ai franchi un cap et je n\u2019ai jamais eu des jambes de feu comme cette semaine. \u00c7a fait du bien de faire grimacer des gars qu\u2019on pensait intouchables l\u2019an dernier\u00a0!<\/span><\/p>\n<p class=\"p1\" style=\"text-align: justify;\"><span style=\"color: #000000;\"><span class=\"s1\">Au niveau de l\u2019\u00e9quipe, les gars costauds se posent trop de questions et font encore des complexes. Il manque quelques r\u00e9glages et surtout un d\u00e9clic !\u00a0<\/span><span class=\"s1\">Cap sur le Circuit du Men\u00e9 lundi, c\u2019est une course r\u00e9put\u00e9e et \u00e7a peut \u00eatre int\u00e9ressant. Mais il me tarde surtout les deux Coupes de France (30\/04 et 07\/05), qui sont pour moi le plus gros objectif de cette saison avec l\u2019Isard.\u00a0\u00bb\u00a0<\/span><\/span><\/p>\n<p class=\"p1\" style=\"text-align: justify;\"><span class=\"s1\" style=\"font-size: 18pt; color: #000000;\"><b>La Loupe<\/b><\/span><\/p>\n<p class=\"p1\" style=\"text-align: justify;\"><span class=\"s1\" style=\"color: #000000;\">Les jeunes ne s&rsquo;arr\u00eatent plus, sur la premi\u00e8re Inter-region Cadets dimanche, la s\u00e9lection du CD 31 remporte l&rsquo;\u00e9preuve, avec le contre la montre par \u00e9quipe et la victoire de Th\u00e9o Crescence (AS Villemur) une nouvelle fois sur la course en ligne. Plus d&rsquo;informations sur le <span style=\"color: #0000ff;\"><a style=\"color: #0000ff;\" href=\"https:\/\/www.facebook.com\/ComiteHauteGaronneCyclismeFFC\" target=\"_blank\" rel=\"noopener\">facebook du comit\u00e9<\/a><\/span> !\u00a0<\/span><\/p>\n<p class=\"p1\" style=\"text-align: justify;\"><span class=\"s1\" style=\"font-size: 18pt; color: #000000;\"><b>L&rsquo;Actu<\/b><\/span><\/p>\n<p class=\"p1\" style=\"text-align: justify;\"><span style=\"color: #000000;\"><span class=\"s1\">On avait annonc\u00e9 la couleur, cela n&rsquo;\u00e9tait pas pour rien, la paire DESTANG\/M\u00c9TRO remporte le championnat r\u00e9gional sur piste de l&rsquo;Am\u00e9ricaine samedi \u00e0 Tarbes !\u00a0<\/span><span class=\"s1\">En prime une superbe vid\u00e9o de l&rsquo;int\u00e9rieur gr\u00e2ce \u00e0 nos comp\u00e8res du Guidon Fux\u00e9en, \u00e0 voir absolument <span style=\"color: #0000ff;\"><a style=\"color: #0000ff;\" href=\"https:\/\/www.facebook.com\/guidonfuxeen\/videos\/1738363742856850\/\" target=\"_blank\" rel=\"noopener\">ici<\/a><\/span> !<\/span><\/span><\/p>\n<p class=\"p1\" style=\"text-align: justify;\"><span class=\"s1\" style=\"color: #000000;\">L&rsquo;\u00e9preuve de l&rsquo;am\u00e9ricaine est un m\u00e9lange de tactique, agilit\u00e9, entente et gestion de l&rsquo;effort, et nous pouvons voir sur le d\u00e9but de la vid\u00e9o que la tactique \u00e9tait r\u00e9fl\u00e9chis \u00e0 l&rsquo;avance pour notre duo de choc, pourquoi pas une participation aux championnats de France piste&#8230;?<\/span><\/p>\n<p class=\"p1\" style=\"text-align: justify;\"><span class=\"s1\" style=\"font-size: 18pt; color: #000000;\"><b>Les Courses \u00e0 Venir<\/b><\/span><\/p>\n<p class=\"p1\" style=\"text-align: justify;\"><span class=\"s1\" style=\"color: #000000;\">Dimanche direction la Bretagne pour les Espoirs, ils seront sur le circuit du M\u00e9n\u00e9 le Lundi, pendant que les s\u00e9niors participeront au difficile prix du Mont-Pujols en Aquitaine :<\/span><\/p>\n<p class=\"p1\" style=\"text-align: justify;\"><span class=\"s1\" style=\"color: #000000;\">Lundi 17\/04\/2017: <span style=\"color: #0000ff;\"><a style=\"color: #0000ff;\" href=\"http:\/\/www.circuitdumene.com\/\" target=\"_blank\" rel=\"noopener\">Circuit du Men\u00e9<\/a><\/span> (CLM + \u00e9tape) 6 Espoirs (Born, M\u00e9tro, Destang, Lavigne, Gleizes, Watanabe)\u00a0<\/span><\/p>\n<p class=\"p3\" style=\"text-align: justify;\"><span class=\"s4\" style=\"color: #000000;\">Lundi 17\/04\/2017 : <span style=\"color: #0000ff;\"><a style=\"color: #0000ff;\" href=\"http:\/\/www.sudgirondecyclisme.fr\/2017\/04\/lundi-17-avril-coupe-de-france-dames-et-trophee-national-a-pujols-47\/\" target=\"_blank\" rel=\"noopener\">Prix du Mont-Pujols<\/a><\/span> (Elite Nationale) 110km\u00a0<\/span><\/p>\n<p class=\"p1\" style=\"text-align: justify;\"><span class=\"s1\" style=\"color: #000000; font-size: 18pt;\"><b>Le Mot du Manager<\/b><\/span><\/p>\n<p class=\"p1\" style=\"text-align: justify;\"><span style=\"color: #000000;\"><span class=\"s1\"><strong>Max Massat<\/strong> : \u00a0\u00bb Pour le moment pas trop de changement, toujours des places mais pas de r\u00e9el performance, je reste tout de m\u00eame confiant car il commence \u00e0 y avoir une r\u00e9gularit\u00e9 pour certain coureurs, ainsi que de meilleurs sensations. Je suis conscient et je sais que dans le v\u00e9lo on ne peut pas \u00eatre \u00e0 100% tout les we pendant 8 mois, cette ann\u00e9e on essaye de travailler sur des pics de forme notamment pour les coupes de France, m\u00eame si au fond de moi j&rsquo;aimerais des r\u00e9sultats tout les we. Donc j&rsquo;y crois car il y a peut-\u00eatre une mont\u00e9e en puissance en cours du c\u00f4t\u00e9 des espoirs, \u00e0 v\u00e9rifier Lundi sur la f\u00e9d\u00e9rale espoirs en Bretagne, on aura de la route mais maintenant ils sont habitu\u00e9s, et ils savent que c&rsquo;est le tarif si ils veulent faire de belles courses. De mon c\u00f4t\u00e9 c&rsquo;est compliqu\u00e9, je dois jongler entre l&rsquo;arriv\u00e9e des nouvelles tenues qui approche, la pr\u00e9paration de la soir\u00e9e de pr\u00e9sentation, la coupe de France dans la foul\u00e9e, le gros mois de Mai qui arrive et les dossiers en cours pour faire avancer l&rsquo;\u00e9quipe, si les r\u00e9sultats suivent \u00e7a sera un r\u00e9el plaisir&#8230; . Je profite au passage pour remercier les personnes qui d\u00e9filent dans les voitures chaque we pour constituer un staff minimum, un clin d&rsquo;oeil \u00e0 Julien Bonnin et les autres \ud83d\ude09<br \/>\n<\/span><span class=\"s1\">Et <span style=\"color: #0000ff;\"><a style=\"color: #0000ff;\" href=\"https:\/\/www.instagram.com\/p\/BSopnjpgTm1\/\" target=\"_blank\" rel=\"noopener\">bravo \u00e0 Lucas et Achille<\/a><\/span> qui gagne un titre de plus sur piste, \u00e7a fait toujours du bien au moral et j&rsquo;attache de l&rsquo;importance sur le fait que les coureurs doivent garder du plaisir avec des sp\u00e9cialit\u00e9s qui aiment.\u00a0\u00bb<\/span><\/span><\/p>\n<p class=\"p1\" style=\"text-align: justify;\"><img loading=\"lazy\" decoding=\"async\" class=\"size-thumbnail wp-image-999 aligncenter\" src=\"http:\/\/dicodusport.fr\/blog\/wp-content\/uploads\/2017\/01\/cropped-logo-dicodusport-sans-fond-150x150.png\" alt=\"\" width=\"150\" height=\"150\" srcset=\"https:\/\/dicodusport.fr\/blog\/wp-content\/uploads\/2017\/01\/cropped-logo-dicodusport-sans-fond-150x150.png 150w, https:\/\/dicodusport.fr\/blog\/wp-content\/uploads\/2017\/01\/cropped-logo-dicodusport-sans-fond-300x300.png 300w, https:\/\/dicodusport.fr\/blog\/wp-content\/uploads\/2017\/01\/cropped-logo-dicodusport-sans-fond-270x270.png 270w, https:\/\/dicodusport.fr\/blog\/wp-content\/uploads\/2017\/01\/cropped-logo-dicodusport-sans-fond-192x192.png 192w, https:\/\/dicodusport.fr\/blog\/wp-content\/uploads\/2017\/01\/cropped-logo-dicodusport-sans-fond-180x180.png 180w, https:\/\/dicodusport.fr\/blog\/wp-content\/uploads\/2017\/01\/cropped-logo-dicodusport-sans-fond-32x32.png 32w, https:\/\/dicodusport.fr\/blog\/wp-content\/uploads\/2017\/01\/cropped-logo-dicodusport-sans-fond.png 512w\" sizes=\"auto, (max-width: 150px) 100vw, 150px\" \/><\/p>\n","protected":false},"excerpt":{"rendered":"<p>Chaque mardi, retrouvez \u00ab\u00a0la semaine de La Bande\u00a0\u00bb sur votre blog dicodusport.fr : r\u00e9sultats, actualit\u00e9s, d\u00e9clarations, courses \u00e0 venir. Lucas Destang et Achille Metro gagnent l&rsquo;\u00e9preuve r\u00e9gionale de l&rsquo;am\u00e9ricaine et Vivian Born prend 2 places d&rsquo;honneur. Les R\u00e9sultats 05\/04\/2017 TOUR DU CANTON DU PAYS DUNOIS (Elite Nationale) Creuse 1er VIMP\u00c8RE Th\u00e9o (Team Pro Immo) 1\u00e8re [&hellip;]<\/p>\n","protected":false},"author":1,"featured_media":1412,"comment_status":"open","ping_status":"closed","sticky":false,"template":"","format":"standard","meta":{"_acf_changed":false,"_daextam_enable_autolinks":"","footnotes":""},"categories":[2016],"tags":[574,772,773,579],"class_list":["post-1411","post","type-post","status-publish","format-standard","has-post-thumbnail","hentry","category-nos-champions","tag-cyclisme","tag-la-bande","tag-max-massat","tag-velo"],"acf":[],"yoast_head":"<!-- This site is optimized with the Yoast SEO Premium plugin v26.7 (Yoast SEO v26.7) - https:\/\/yoast.com\/wordpress\/plugins\/seo\/ -->\n<title>La semaine de La Bande #4 : 2 places d&#039;honneur pour Vivian Born, une victoire sur piste !<\/title>\n<meta name=\"description\" content=\"Lucas Destang et Achille Metro gagnent l&#039;\u00e9preuve r\u00e9gionale de l&#039;am\u00e9ricaine et Vivian Born prend 2 places d&#039;honneur.\" \/>\n<meta name=\"robots\" content=\"index, follow, max-snippet:-1, max-image-preview:large, max-video-preview:-1\" \/>\n<link rel=\"canonical\" href=\"https:\/\/dicodusport.fr\/blog\/semaine-de-bande-4-2-places-dhonneur-vivian-born-victoire-piste\/\" \/>\n<meta property=\"og:locale\" content=\"fr_FR\" \/>\n<meta property=\"og:type\" content=\"article\" \/>\n<meta property=\"og:title\" content=\"La semaine de La Bande #4 : 2 places d&#039;honneur pour Vivian Born, une victoire sur piste !\" \/>\n<meta property=\"og:description\" content=\"Lucas Destang et Achille Metro gagnent l&#039;\u00e9preuve r\u00e9gionale de l&#039;am\u00e9ricaine et Vivian Born prend 2 places d&#039;honneur.\" \/>\n<meta property=\"og:url\" content=\"https:\/\/dicodusport.fr\/blog\/semaine-de-bande-4-2-places-dhonneur-vivian-born-victoire-piste\/\" \/>\n<meta property=\"og:site_name\" content=\"Dicodusport\" \/>\n<meta property=\"article:publisher\" content=\"https:\/\/www.facebook.com\/dicodusport\" \/>\n<meta property=\"article:author\" content=\"https:\/\/www.facebook.com\/dicodusport\" \/>\n<meta property=\"article:published_time\" content=\"2017-04-11T12:16:25+00:00\" \/>\n<meta property=\"article:modified_time\" content=\"2021-04-13T21:27:38+00:00\" \/>\n<meta property=\"og:image\" content=\"https:\/\/dicodusport.fr\/blog\/wp-content\/uploads\/2017\/04\/Lucas-Destang-Achille-Metro.png\" \/>\n\t<meta property=\"og:image:width\" content=\"1200\" \/>\n\t<meta property=\"og:image:height\" content=\"670\" \/>\n\t<meta property=\"og:image:type\" content=\"image\/png\" \/>\n<meta name=\"author\" content=\"Nicolas Jacquemard\" \/>\n<meta name=\"twitter:card\" content=\"summary_large_image\" \/>\n<meta name=\"twitter:creator\" content=\"@https:\/\/twitter.com\/Nico_Jacquemard\" \/>\n<meta name=\"twitter:site\" content=\"@dicodusport\" \/>\n<script type=\"application\/ld+json\" class=\"yoast-schema-graph\">{\"@context\":\"https:\/\/schema.org\",\"@graph\":[{\"@type\":\"NewsArticle\",\"@id\":\"https:\/\/dicodusport.fr\/blog\/semaine-de-bande-4-2-places-dhonneur-vivian-born-victoire-piste\/#article\",\"isPartOf\":{\"@id\":\"https:\/\/dicodusport.fr\/blog\/semaine-de-bande-4-2-places-dhonneur-vivian-born-victoire-piste\/\"},\"author\":{\"name\":\"Nicolas Jacquemard\",\"@id\":\"https:\/\/dicodusport.fr\/blog\/#\/schema\/person\/55dcb50ad410894e431ed812bbb70191\"},\"headline\":\"La semaine de La Bande #4 : 2 places d&rsquo;honneur pour Vivian Born, une victoire sur piste !\",\"datePublished\":\"2017-04-11T12:16:25+00:00\",\"dateModified\":\"2021-04-13T21:27:38+00:00\",\"mainEntityOfPage\":{\"@id\":\"https:\/\/dicodusport.fr\/blog\/semaine-de-bande-4-2-places-dhonneur-vivian-born-victoire-piste\/\"},\"wordCount\":1070,\"commentCount\":0,\"publisher\":{\"@id\":\"https:\/\/dicodusport.fr\/blog\/#organization\"},\"image\":{\"@id\":\"https:\/\/dicodusport.fr\/blog\/semaine-de-bande-4-2-places-dhonneur-vivian-born-victoire-piste\/#primaryimage\"},\"thumbnailUrl\":\"https:\/\/dicodusport.fr\/blog\/wp-content\/uploads\/2017\/04\/Lucas-Destang-Achille-Metro.png\",\"keywords\":[\"Cyclisme\",\"la bande\",\"max massat\",\"v\u00e9lo\"],\"articleSection\":[\"Nos champions\"],\"inLanguage\":\"fr-FR\",\"potentialAction\":[{\"@type\":\"CommentAction\",\"name\":\"Comment\",\"target\":[\"https:\/\/dicodusport.fr\/blog\/semaine-de-bande-4-2-places-dhonneur-vivian-born-victoire-piste\/#respond\"]}],\"copyrightYear\":\"2017\",\"copyrightHolder\":{\"@id\":\"https:\/\/dicodusport.fr\/blog\/#organization\"}},{\"@type\":\"WebPage\",\"@id\":\"https:\/\/dicodusport.fr\/blog\/semaine-de-bande-4-2-places-dhonneur-vivian-born-victoire-piste\/\",\"url\":\"https:\/\/dicodusport.fr\/blog\/semaine-de-bande-4-2-places-dhonneur-vivian-born-victoire-piste\/\",\"name\":\"La semaine de La Bande #4 : 2 places d'honneur pour Vivian Born, une victoire sur piste !\",\"isPartOf\":{\"@id\":\"https:\/\/dicodusport.fr\/blog\/#website\"},\"primaryImageOfPage\":{\"@id\":\"https:\/\/dicodusport.fr\/blog\/semaine-de-bande-4-2-places-dhonneur-vivian-born-victoire-piste\/#primaryimage\"},\"image\":{\"@id\":\"https:\/\/dicodusport.fr\/blog\/semaine-de-bande-4-2-places-dhonneur-vivian-born-victoire-piste\/#primaryimage\"},\"thumbnailUrl\":\"https:\/\/dicodusport.fr\/blog\/wp-content\/uploads\/2017\/04\/Lucas-Destang-Achille-Metro.png\",\"datePublished\":\"2017-04-11T12:16:25+00:00\",\"dateModified\":\"2021-04-13T21:27:38+00:00\",\"description\":\"Lucas Destang et Achille Metro gagnent l'\u00e9preuve r\u00e9gionale de l'am\u00e9ricaine et Vivian Born prend 2 places d'honneur.\",\"breadcrumb\":{\"@id\":\"https:\/\/dicodusport.fr\/blog\/semaine-de-bande-4-2-places-dhonneur-vivian-born-victoire-piste\/#breadcrumb\"},\"inLanguage\":\"fr-FR\",\"potentialAction\":[{\"@type\":\"ReadAction\",\"target\":[\"https:\/\/dicodusport.fr\/blog\/semaine-de-bande-4-2-places-dhonneur-vivian-born-victoire-piste\/\"]}]},{\"@type\":\"ImageObject\",\"inLanguage\":\"fr-FR\",\"@id\":\"https:\/\/dicodusport.fr\/blog\/semaine-de-bande-4-2-places-dhonneur-vivian-born-victoire-piste\/#primaryimage\",\"url\":\"https:\/\/dicodusport.fr\/blog\/wp-content\/uploads\/2017\/04\/Lucas-Destang-Achille-Metro.png\",\"contentUrl\":\"https:\/\/dicodusport.fr\/blog\/wp-content\/uploads\/2017\/04\/Lucas-Destang-Achille-Metro.png\",\"width\":1200,\"height\":670,\"caption\":\"Lucas Destang Achille Metro\"},{\"@type\":\"BreadcrumbList\",\"@id\":\"https:\/\/dicodusport.fr\/blog\/semaine-de-bande-4-2-places-dhonneur-vivian-born-victoire-piste\/#breadcrumb\",\"itemListElement\":[{\"@type\":\"ListItem\",\"position\":1,\"name\":\"Accueil\",\"item\":\"https:\/\/dicodusport.fr\/blog\/\"},{\"@type\":\"ListItem\",\"position\":2,\"name\":\"La semaine de La Bande #4 : 2 places d&rsquo;honneur pour Vivian Born, une victoire sur piste !\"}]},{\"@type\":\"WebSite\",\"@id\":\"https:\/\/dicodusport.fr\/blog\/#website\",\"url\":\"https:\/\/dicodusport.fr\/blog\/\",\"name\":\"Dicodusport\",\"description\":\"L&#039;encyclop\u00e9die de l&#039;actualit\u00e9 sportive\",\"publisher\":{\"@id\":\"https:\/\/dicodusport.fr\/blog\/#organization\"},\"potentialAction\":[{\"@type\":\"SearchAction\",\"target\":{\"@type\":\"EntryPoint\",\"urlTemplate\":\"https:\/\/dicodusport.fr\/blog\/?s={search_term_string}\"},\"query-input\":{\"@type\":\"PropertyValueSpecification\",\"valueRequired\":true,\"valueName\":\"search_term_string\"}}],\"inLanguage\":\"fr-FR\"},{\"@type\":\"NewsMediaOrganization\",\"@id\":\"https:\/\/dicodusport.fr\/blog\/#organization\",\"name\":\"Dicodusport\",\"url\":\"https:\/\/dicodusport.fr\/blog\/\",\"logo\":{\"@type\":\"ImageObject\",\"inLanguage\":\"fr-FR\",\"@id\":\"https:\/\/dicodusport.fr\/blog\/#\/schema\/logo\/image\/\",\"url\":\"https:\/\/dicodusport.fr\/blog\/wp-content\/uploads\/2020\/06\/cropped-LOGO-DICODUSPORT-2020-SANS-FOND-SANS-TEXTE.png\",\"contentUrl\":\"https:\/\/dicodusport.fr\/blog\/wp-content\/uploads\/2020\/06\/cropped-LOGO-DICODUSPORT-2020-SANS-FOND-SANS-TEXTE.png\",\"width\":512,\"height\":512,\"caption\":\"Dicodusport\"},\"image\":{\"@id\":\"https:\/\/dicodusport.fr\/blog\/#\/schema\/logo\/image\/\"},\"sameAs\":[\"https:\/\/www.facebook.com\/dicodusport\",\"https:\/\/x.com\/dicodusport\",\"https:\/\/www.instagram.com\/dicodusport\/\",\"https:\/\/www.youtube.com\/channel\/UC7V2KZ5sd3htJivAbA4ZG3w\"],\"description\":\"Dicodusport est l'encyclop\u00e9die de l'actualit\u00e9 sportive.\",\"email\":\"bonjour@dicodusport.fr\",\"legalName\":\"DICODUSPORT\",\"foundingDate\":\"2018-01-14\",\"vatID\":\"FR71834470973\",\"taxID\":\"83447097300043\",\"numberOfEmployees\":{\"@type\":\"QuantitativeValue\",\"minValue\":\"1\",\"maxValue\":\"10\"}},{\"@type\":\"Person\",\"@id\":\"https:\/\/dicodusport.fr\/blog\/#\/schema\/person\/55dcb50ad410894e431ed812bbb70191\",\"name\":\"Nicolas Jacquemard\",\"image\":{\"@type\":\"ImageObject\",\"inLanguage\":\"fr-FR\",\"@id\":\"https:\/\/dicodusport.fr\/blog\/#\/schema\/person\/image\/\",\"url\":\"https:\/\/dicodusport.fr\/blog\/wp-content\/uploads\/2021\/05\/Nicolas-Jacquemard-150x150.jpeg\",\"contentUrl\":\"https:\/\/dicodusport.fr\/blog\/wp-content\/uploads\/2021\/05\/Nicolas-Jacquemard-150x150.jpeg\",\"caption\":\"Nicolas Jacquemard\"},\"description\":\"Passionn\u00e9 de sport et entrepreneur depuis mes 18 ans, la cr\u00e9ation de Dicodusport m'a sembl\u00e9 \u00e9vidente pour participer \u00e0 la m\u00e9diatisation d'un plus grand nombre de sports. Le chemin est long mais avec une \u00e9quipe des plus motiv\u00e9es et les Jeux Olympiques de Paris 2024 en point de mire, nous y arriverons ! Journaliste dans le monde du sport depuis plus de 5 ans, je traite aussi bien de football, de rugby, de biathlon que de cyclisme.\",\"sameAs\":[\"https:\/\/www.facebook.com\/dicodusport\",\"https:\/\/x.com\/https:\/\/twitter.com\/Nico_Jacquemard\"],\"url\":\"https:\/\/dicodusport.fr\/blog\/author\/dicodusport\/\"}]}<\/script>\n<!-- \/ Yoast SEO Premium plugin. -->","yoast_head_json":{"title":"La semaine de La Bande #4 : 2 places d'honneur pour Vivian Born, une victoire sur piste !","description":"Lucas Destang et Achille Metro gagnent l'\u00e9preuve r\u00e9gionale de l'am\u00e9ricaine et Vivian Born prend 2 places d'honneur.","robots":{"index":"index","follow":"follow","max-snippet":"max-snippet:-1","max-image-preview":"max-image-preview:large","max-video-preview":"max-video-preview:-1"},"canonical":"https:\/\/dicodusport.fr\/blog\/semaine-de-bande-4-2-places-dhonneur-vivian-born-victoire-piste\/","og_locale":"fr_FR","og_type":"article","og_title":"La semaine de La Bande #4 : 2 places d'honneur pour Vivian Born, une victoire sur piste !","og_description":"Lucas Destang et Achille Metro gagnent l'\u00e9preuve r\u00e9gionale de l'am\u00e9ricaine et Vivian Born prend 2 places d'honneur.","og_url":"https:\/\/dicodusport.fr\/blog\/semaine-de-bande-4-2-places-dhonneur-vivian-born-victoire-piste\/","og_site_name":"Dicodusport","article_publisher":"https:\/\/www.facebook.com\/dicodusport","article_author":"https:\/\/www.facebook.com\/dicodusport","article_published_time":"2017-04-11T12:16:25+00:00","article_modified_time":"2021-04-13T21:27:38+00:00","og_image":[{"width":1200,"height":670,"url":"https:\/\/dicodusport.fr\/blog\/wp-content\/uploads\/2017\/04\/Lucas-Destang-Achille-Metro.png","type":"image\/png"}],"author":"Nicolas Jacquemard","twitter_card":"summary_large_image","twitter_creator":"@https:\/\/twitter.com\/Nico_Jacquemard","twitter_site":"@dicodusport","schema":{"@context":"https:\/\/schema.org","@graph":[{"@type":"NewsArticle","@id":"https:\/\/dicodusport.fr\/blog\/semaine-de-bande-4-2-places-dhonneur-vivian-born-victoire-piste\/#article","isPartOf":{"@id":"https:\/\/dicodusport.fr\/blog\/semaine-de-bande-4-2-places-dhonneur-vivian-born-victoire-piste\/"},"author":{"name":"Nicolas Jacquemard","@id":"https:\/\/dicodusport.fr\/blog\/#\/schema\/person\/55dcb50ad410894e431ed812bbb70191"},"headline":"La semaine de La Bande #4 : 2 places d&rsquo;honneur pour Vivian Born, une victoire sur piste !","datePublished":"2017-04-11T12:16:25+00:00","dateModified":"2021-04-13T21:27:38+00:00","mainEntityOfPage":{"@id":"https:\/\/dicodusport.fr\/blog\/semaine-de-bande-4-2-places-dhonneur-vivian-born-victoire-piste\/"},"wordCount":1070,"commentCount":0,"publisher":{"@id":"https:\/\/dicodusport.fr\/blog\/#organization"},"image":{"@id":"https:\/\/dicodusport.fr\/blog\/semaine-de-bande-4-2-places-dhonneur-vivian-born-victoire-piste\/#primaryimage"},"thumbnailUrl":"https:\/\/dicodusport.fr\/blog\/wp-content\/uploads\/2017\/04\/Lucas-Destang-Achille-Metro.png","keywords":["Cyclisme","la bande","max massat","v\u00e9lo"],"articleSection":["Nos champions"],"inLanguage":"fr-FR","potentialAction":[{"@type":"CommentAction","name":"Comment","target":["https:\/\/dicodusport.fr\/blog\/semaine-de-bande-4-2-places-dhonneur-vivian-born-victoire-piste\/#respond"]}],"copyrightYear":"2017","copyrightHolder":{"@id":"https:\/\/dicodusport.fr\/blog\/#organization"}},{"@type":"WebPage","@id":"https:\/\/dicodusport.fr\/blog\/semaine-de-bande-4-2-places-dhonneur-vivian-born-victoire-piste\/","url":"https:\/\/dicodusport.fr\/blog\/semaine-de-bande-4-2-places-dhonneur-vivian-born-victoire-piste\/","name":"La semaine de La Bande #4 : 2 places d'honneur pour Vivian Born, une victoire sur piste !","isPartOf":{"@id":"https:\/\/dicodusport.fr\/blog\/#website"},"primaryImageOfPage":{"@id":"https:\/\/dicodusport.fr\/blog\/semaine-de-bande-4-2-places-dhonneur-vivian-born-victoire-piste\/#primaryimage"},"image":{"@id":"https:\/\/dicodusport.fr\/blog\/semaine-de-bande-4-2-places-dhonneur-vivian-born-victoire-piste\/#primaryimage"},"thumbnailUrl":"https:\/\/dicodusport.fr\/blog\/wp-content\/uploads\/2017\/04\/Lucas-Destang-Achille-Metro.png","datePublished":"2017-04-11T12:16:25+00:00","dateModified":"2021-04-13T21:27:38+00:00","description":"Lucas Destang et Achille Metro gagnent l'\u00e9preuve r\u00e9gionale de l'am\u00e9ricaine et Vivian Born prend 2 places d'honneur.","breadcrumb":{"@id":"https:\/\/dicodusport.fr\/blog\/semaine-de-bande-4-2-places-dhonneur-vivian-born-victoire-piste\/#breadcrumb"},"inLanguage":"fr-FR","potentialAction":[{"@type":"ReadAction","target":["https:\/\/dicodusport.fr\/blog\/semaine-de-bande-4-2-places-dhonneur-vivian-born-victoire-piste\/"]}]},{"@type":"ImageObject","inLanguage":"fr-FR","@id":"https:\/\/dicodusport.fr\/blog\/semaine-de-bande-4-2-places-dhonneur-vivian-born-victoire-piste\/#primaryimage","url":"https:\/\/dicodusport.fr\/blog\/wp-content\/uploads\/2017\/04\/Lucas-Destang-Achille-Metro.png","contentUrl":"https:\/\/dicodusport.fr\/blog\/wp-content\/uploads\/2017\/04\/Lucas-Destang-Achille-Metro.png","width":1200,"height":670,"caption":"Lucas Destang Achille Metro"},{"@type":"BreadcrumbList","@id":"https:\/\/dicodusport.fr\/blog\/semaine-de-bande-4-2-places-dhonneur-vivian-born-victoire-piste\/#breadcrumb","itemListElement":[{"@type":"ListItem","position":1,"name":"Accueil","item":"https:\/\/dicodusport.fr\/blog\/"},{"@type":"ListItem","position":2,"name":"La semaine de La Bande #4 : 2 places d&rsquo;honneur pour Vivian Born, une victoire sur piste !"}]},{"@type":"WebSite","@id":"https:\/\/dicodusport.fr\/blog\/#website","url":"https:\/\/dicodusport.fr\/blog\/","name":"Dicodusport","description":"L&#039;encyclop\u00e9die de l&#039;actualit\u00e9 sportive","publisher":{"@id":"https:\/\/dicodusport.fr\/blog\/#organization"},"potentialAction":[{"@type":"SearchAction","target":{"@type":"EntryPoint","urlTemplate":"https:\/\/dicodusport.fr\/blog\/?s={search_term_string}"},"query-input":{"@type":"PropertyValueSpecification","valueRequired":true,"valueName":"search_term_string"}}],"inLanguage":"fr-FR"},{"@type":"NewsMediaOrganization","@id":"https:\/\/dicodusport.fr\/blog\/#organization","name":"Dicodusport","url":"https:\/\/dicodusport.fr\/blog\/","logo":{"@type":"ImageObject","inLanguage":"fr-FR","@id":"https:\/\/dicodusport.fr\/blog\/#\/schema\/logo\/image\/","url":"https:\/\/dicodusport.fr\/blog\/wp-content\/uploads\/2020\/06\/cropped-LOGO-DICODUSPORT-2020-SANS-FOND-SANS-TEXTE.png","contentUrl":"https:\/\/dicodusport.fr\/blog\/wp-content\/uploads\/2020\/06\/cropped-LOGO-DICODUSPORT-2020-SANS-FOND-SANS-TEXTE.png","width":512,"height":512,"caption":"Dicodusport"},"image":{"@id":"https:\/\/dicodusport.fr\/blog\/#\/schema\/logo\/image\/"},"sameAs":["https:\/\/www.facebook.com\/dicodusport","https:\/\/x.com\/dicodusport","https:\/\/www.instagram.com\/dicodusport\/","https:\/\/www.youtube.com\/channel\/UC7V2KZ5sd3htJivAbA4ZG3w"],"description":"Dicodusport est l'encyclop\u00e9die de l'actualit\u00e9 sportive.","email":"bonjour@dicodusport.fr","legalName":"DICODUSPORT","foundingDate":"2018-01-14","vatID":"FR71834470973","taxID":"83447097300043","numberOfEmployees":{"@type":"QuantitativeValue","minValue":"1","maxValue":"10"}},{"@type":"Person","@id":"https:\/\/dicodusport.fr\/blog\/#\/schema\/person\/55dcb50ad410894e431ed812bbb70191","name":"Nicolas Jacquemard","image":{"@type":"ImageObject","inLanguage":"fr-FR","@id":"https:\/\/dicodusport.fr\/blog\/#\/schema\/person\/image\/","url":"https:\/\/dicodusport.fr\/blog\/wp-content\/uploads\/2021\/05\/Nicolas-Jacquemard-150x150.jpeg","contentUrl":"https:\/\/dicodusport.fr\/blog\/wp-content\/uploads\/2021\/05\/Nicolas-Jacquemard-150x150.jpeg","caption":"Nicolas Jacquemard"},"description":"Passionn\u00e9 de sport et entrepreneur depuis mes 18 ans, la cr\u00e9ation de Dicodusport m'a sembl\u00e9 \u00e9vidente pour participer \u00e0 la m\u00e9diatisation d'un plus grand nombre de sports. Le chemin est long mais avec une \u00e9quipe des plus motiv\u00e9es et les Jeux Olympiques de Paris 2024 en point de mire, nous y arriverons ! Journaliste dans le monde du sport depuis plus de 5 ans, je traite aussi bien de football, de rugby, de biathlon que de cyclisme.","sameAs":["https:\/\/www.facebook.com\/dicodusport","https:\/\/x.com\/https:\/\/twitter.com\/Nico_Jacquemard"],"url":"https:\/\/dicodusport.fr\/blog\/author\/dicodusport\/"}]}},"_links":{"self":[{"href":"https:\/\/dicodusport.fr\/blog\/wp-json\/wp\/v2\/posts\/1411","targetHints":{"allow":["GET"]}}],"collection":[{"href":"https:\/\/dicodusport.fr\/blog\/wp-json\/wp\/v2\/posts"}],"about":[{"href":"https:\/\/dicodusport.fr\/blog\/wp-json\/wp\/v2\/types\/post"}],"author":[{"embeddable":true,"href":"https:\/\/dicodusport.fr\/blog\/wp-json\/wp\/v2\/users\/1"}],"replies":[{"embeddable":true,"href":"https:\/\/dicodusport.fr\/blog\/wp-json\/wp\/v2\/comments?post=1411"}],"version-history":[{"count":0,"href":"https:\/\/dicodusport.fr\/blog\/wp-json\/wp\/v2\/posts\/1411\/revisions"}],"wp:featuredmedia":[{"embeddable":true,"href":"https:\/\/dicodusport.fr\/blog\/wp-json\/wp\/v2\/media\/1412"}],"wp:attachment":[{"href":"https:\/\/dicodusport.fr\/blog\/wp-json\/wp\/v2\/media?parent=1411"}],"wp:term":[{"taxonomy":"category","embeddable":true,"href":"https:\/\/dicodusport.fr\/blog\/wp-json\/wp\/v2\/categories?post=1411"},{"taxonomy":"post_tag","embeddable":true,"href":"https:\/\/dicodusport.fr\/blog\/wp-json\/wp\/v2\/tags?post=1411"}],"curies":[{"name":"wp","href":"https:\/\/api.w.org\/{rel}","templated":true}]}}