{"id":141206,"date":"2021-06-22T11:56:20","date_gmt":"2021-06-22T09:56:20","guid":{"rendered":"https:\/\/dicodusport.fr\/blog\/?p=141206&#038;preview=true&#038;preview_id=141206"},"modified":"2022-06-24T14:21:23","modified_gmt":"2022-06-24T12:21:23","slug":"tour-de-france-2021-profil-des-21-etapes","status":"publish","type":"post","link":"https:\/\/dicodusport.fr\/blog\/tour-de-france-2021-profil-des-21-etapes\/","title":{"rendered":"Tour de France 2021 : Le profil des 21 \u00e9tapes"},"content":{"rendered":"<p style=\"text-align: justify;\"><em><strong>CYCLISME &#8211; Le <a href=\"https:\/\/dicodusport.fr\/blog\/actualites\/cyclisme\/tour-de-france-2021\/\">Tour de France 2021<\/a> d\u00e9bute ce samedi 26 juin \u00e0 Brest et s&rsquo;ach\u00e8vera le dimanche 18 juillet sur les Champs-\u00c9lys\u00e9es, \u00e0 Paris. D\u00e9couvrez le profil des 21 \u00e9tapes.\u00a0<\/strong><\/em><\/p>\n<h2 style=\"text-align: justify;\"><strong><span style=\"font-size: 24px;\">1\u00e8re \u00e9tape : Brest &#8211; Landerneau (Samedi 26 juin)<\/span><\/strong><\/h2>\n<p style=\"text-align: justify;\">\u00c9tape de plaine d&rsquo;une distance de 197,8 km.<\/p>\n<div id=\"attachment_140995\" style=\"width: 970px\" class=\"wp-caption aligncenter\"><a href=\"https:\/\/dicodusport.fr\/blog\/wp-content\/uploads\/2021\/06\/Profil-de-la-1ere-etape-du-Tour-de-France-2021.jpg\"><img loading=\"lazy\" decoding=\"async\" aria-describedby=\"caption-attachment-140995\" class=\"wp-image-140995 size-full\" src=\"https:\/\/dicodusport.fr\/blog\/wp-content\/uploads\/2021\/06\/Profil-de-la-1ere-etape-du-Tour-de-France-2021.jpg\" alt=\"Profil de la 1\u00e8re \u00e9tape du Tour de France 2021\" width=\"960\" height=\"579\" srcset=\"https:\/\/dicodusport.fr\/blog\/wp-content\/uploads\/2021\/06\/Profil-de-la-1ere-etape-du-Tour-de-France-2021.jpg 960w, https:\/\/dicodusport.fr\/blog\/wp-content\/uploads\/2021\/06\/Profil-de-la-1ere-etape-du-Tour-de-France-2021-300x181.jpg 300w, https:\/\/dicodusport.fr\/blog\/wp-content\/uploads\/2021\/06\/Profil-de-la-1ere-etape-du-Tour-de-France-2021-768x463.jpg 768w, https:\/\/dicodusport.fr\/blog\/wp-content\/uploads\/2021\/06\/Profil-de-la-1ere-etape-du-Tour-de-France-2021-400x240.jpg 400w\" sizes=\"auto, (max-width: 960px) 100vw, 960px\" \/><\/a><p id=\"caption-attachment-140995\" class=\"wp-caption-text\">Profil de la 1\u00e8re \u00e9tape du Tour de France 2021<\/p><\/div>\n<p style=\"text-align: center;\"><a href=\"http:\/\/dicodusport.fr\/blog\/tour-de-france-2021-profil-des-21-etapes\/2\/#deux\" class=\"su-button su-button-style-flat\" style=\"color:#FFFFFF;background-color:#0057ae;border-color:#00468c;border-radius:4px\" target=\"_self\"><span style=\"color:#FFFFFF;padding:0px 22px;font-size:17px;line-height:34px;border-color:#4d8ac7;border-radius:4px;text-shadow:none\"> <strong>2\u00e8me \u00e9tape<\/strong><\/span><\/a><!--nextpage--><\/p>\n<h2 style=\"text-align: justify;\"><a id=\"deux\"><\/a><strong><span style=\"font-size: 24px;\">2\u00e8me \u00e9tape : Perros-Guirec &#8211; M\u00fbr-de-Bretagne (Dimanche 27 juin)<\/span><\/strong><\/h2>\n<p style=\"text-align: justify;\">\u00c9tape de plaine d&rsquo;une distance de 183,5 km.<\/p>\n<div id=\"attachment_140996\" style=\"width: 970px\" class=\"wp-caption aligncenter\"><a href=\"https:\/\/dicodusport.fr\/blog\/wp-content\/uploads\/2021\/06\/Profil-de-la-2eme-etape-du-Tour-de-France-2021.jpg\"><img loading=\"lazy\" decoding=\"async\" aria-describedby=\"caption-attachment-140996\" class=\"wp-image-140996 size-full\" src=\"https:\/\/dicodusport.fr\/blog\/wp-content\/uploads\/2021\/06\/Profil-de-la-2eme-etape-du-Tour-de-France-2021.jpg\" alt=\"Profil de la 2\u00e8me \u00e9tape du Tour de France 2021\" width=\"960\" height=\"579\" srcset=\"https:\/\/dicodusport.fr\/blog\/wp-content\/uploads\/2021\/06\/Profil-de-la-2eme-etape-du-Tour-de-France-2021.jpg 960w, https:\/\/dicodusport.fr\/blog\/wp-content\/uploads\/2021\/06\/Profil-de-la-2eme-etape-du-Tour-de-France-2021-300x181.jpg 300w, https:\/\/dicodusport.fr\/blog\/wp-content\/uploads\/2021\/06\/Profil-de-la-2eme-etape-du-Tour-de-France-2021-768x463.jpg 768w, https:\/\/dicodusport.fr\/blog\/wp-content\/uploads\/2021\/06\/Profil-de-la-2eme-etape-du-Tour-de-France-2021-400x240.jpg 400w\" sizes=\"auto, (max-width: 960px) 100vw, 960px\" \/><\/a><p id=\"caption-attachment-140996\" class=\"wp-caption-text\">Profil de la 2\u00e8me \u00e9tape du Tour de France 2021<\/p><\/div>\n<p style=\"text-align: center;\"><a href=\"http:\/\/dicodusport.fr\/blog\/tour-de-france-2021-profil-des-21-etapes\/3\/#trois\" class=\"su-button su-button-style-flat\" style=\"color:#FFFFFF;background-color:#0057ae;border-color:#00468c;border-radius:4px\" target=\"_self\"><span style=\"color:#FFFFFF;padding:0px 22px;font-size:17px;line-height:34px;border-color:#4d8ac7;border-radius:4px;text-shadow:none\"> <strong>3\u00e8me \u00e9tape<\/strong><\/span><\/a>\n<p><!--nextpage--><\/p>\n<h2 style=\"text-align: justify;\"><a id=\"trois\"><\/a><strong><span style=\"font-size: 24px;\">3\u00e8me \u00e9tape : Lorient &#8211; Pontivy (Lundi 28 juin)<\/span><\/strong><\/h2>\n<p style=\"text-align: justify;\">\u00c9tape de plaine d&rsquo;une distance de 182,9 km.<\/p>\n<div id=\"attachment_140997\" style=\"width: 970px\" class=\"wp-caption aligncenter\"><a href=\"https:\/\/dicodusport.fr\/blog\/wp-content\/uploads\/2021\/06\/Profil-de-la-3eme-etape-du-Tour-de-France-2021.jpg\"><img loading=\"lazy\" decoding=\"async\" aria-describedby=\"caption-attachment-140997\" class=\"wp-image-140997 size-full\" src=\"https:\/\/dicodusport.fr\/blog\/wp-content\/uploads\/2021\/06\/Profil-de-la-3eme-etape-du-Tour-de-France-2021.jpg\" alt=\"Profil de la 3\u00e8me \u00e9tape du Tour de France 2021\" width=\"960\" height=\"579\" srcset=\"https:\/\/dicodusport.fr\/blog\/wp-content\/uploads\/2021\/06\/Profil-de-la-3eme-etape-du-Tour-de-France-2021.jpg 960w, https:\/\/dicodusport.fr\/blog\/wp-content\/uploads\/2021\/06\/Profil-de-la-3eme-etape-du-Tour-de-France-2021-300x181.jpg 300w, https:\/\/dicodusport.fr\/blog\/wp-content\/uploads\/2021\/06\/Profil-de-la-3eme-etape-du-Tour-de-France-2021-768x463.jpg 768w, https:\/\/dicodusport.fr\/blog\/wp-content\/uploads\/2021\/06\/Profil-de-la-3eme-etape-du-Tour-de-France-2021-400x240.jpg 400w\" sizes=\"auto, (max-width: 960px) 100vw, 960px\" \/><\/a><p id=\"caption-attachment-140997\" class=\"wp-caption-text\">Profil de la 3\u00e8me \u00e9tape du Tour de France 2021<\/p><\/div>\n<p style=\"text-align: center;\"><a href=\"http:\/\/dicodusport.fr\/blog\/tour-de-france-2021-profil-des-21-etapes\/4\/#quatre\" class=\"su-button su-button-style-flat\" style=\"color:#FFFFFF;background-color:#0057ae;border-color:#00468c;border-radius:4px\" target=\"_self\"><span style=\"color:#FFFFFF;padding:0px 22px;font-size:17px;line-height:34px;border-color:#4d8ac7;border-radius:4px;text-shadow:none\"> <strong>4\u00e8me \u00e9tape<\/strong><\/span><\/a>\n<p><!--nextpage--><\/p>\n<h2 style=\"text-align: justify;\"><a id=\"quatre\"><\/a><strong><span style=\"font-size: 24px;\">4\u00e8me \u00e9tape : Redon &#8211; Foug\u00e8res (Mardi 29 juin)<\/span><\/strong><\/h2>\n<p>\u00c9tape de plaine d&rsquo;une distance de 150,4 km.<\/p>\n<div id=\"attachment_140998\" style=\"width: 970px\" class=\"wp-caption aligncenter\"><a href=\"https:\/\/dicodusport.fr\/blog\/wp-content\/uploads\/2021\/06\/Profil-de-la-4eme-etape-du-Tour-de-France-2021.jpg\"><img loading=\"lazy\" decoding=\"async\" aria-describedby=\"caption-attachment-140998\" class=\"wp-image-140998 size-full\" src=\"https:\/\/dicodusport.fr\/blog\/wp-content\/uploads\/2021\/06\/Profil-de-la-4eme-etape-du-Tour-de-France-2021.jpg\" alt=\"Profil de la 4\u00e8me \u00e9tape du Tour de France 2021\" width=\"960\" height=\"579\" srcset=\"https:\/\/dicodusport.fr\/blog\/wp-content\/uploads\/2021\/06\/Profil-de-la-4eme-etape-du-Tour-de-France-2021.jpg 960w, https:\/\/dicodusport.fr\/blog\/wp-content\/uploads\/2021\/06\/Profil-de-la-4eme-etape-du-Tour-de-France-2021-300x181.jpg 300w, https:\/\/dicodusport.fr\/blog\/wp-content\/uploads\/2021\/06\/Profil-de-la-4eme-etape-du-Tour-de-France-2021-768x463.jpg 768w, https:\/\/dicodusport.fr\/blog\/wp-content\/uploads\/2021\/06\/Profil-de-la-4eme-etape-du-Tour-de-France-2021-400x240.jpg 400w\" sizes=\"auto, (max-width: 960px) 100vw, 960px\" \/><\/a><p id=\"caption-attachment-140998\" class=\"wp-caption-text\">Profil de la 4\u00e8me \u00e9tape du Tour de France 2021<\/p><\/div>\n<p style=\"text-align: center;\"><a href=\"http:\/\/dicodusport.fr\/blog\/tour-de-france-2021-profil-des-21-etapes\/5\/#cinq\" class=\"su-button su-button-style-flat\" style=\"color:#FFFFFF;background-color:#0057ae;border-color:#00468c;border-radius:4px\" target=\"_self\"><span style=\"color:#FFFFFF;padding:0px 22px;font-size:17px;line-height:34px;border-color:#4d8ac7;border-radius:4px;text-shadow:none\"> <strong>5\u00e8me \u00e9tape<\/strong><\/span><\/a>\n<p><!--nextpage--><\/p>\n<h2 style=\"text-align: justify;\"><a id=\"cinq\"><\/a><strong><span style=\"font-size: 24px;\">5\u00e8me \u00e9tape &#8211; CLM Individuel : Chang\u00e9 &#8211; Laval (Mercredi 30 juin)<\/span><\/strong><\/h2>\n<p style=\"text-align: justify;\">CLM d&rsquo;une distance de 27,2 km.<\/p>\n<div id=\"attachment_140999\" style=\"width: 970px\" class=\"wp-caption aligncenter\"><a href=\"https:\/\/dicodusport.fr\/blog\/wp-content\/uploads\/2021\/06\/Profil-de-la-5eme-etape-du-Tour-de-France-2021.jpg\"><img loading=\"lazy\" decoding=\"async\" aria-describedby=\"caption-attachment-140999\" class=\"wp-image-140999 size-full\" src=\"https:\/\/dicodusport.fr\/blog\/wp-content\/uploads\/2021\/06\/Profil-de-la-5eme-etape-du-Tour-de-France-2021.jpg\" alt=\"Profil de la 5\u00e8me \u00e9tape du Tour de France 2021\" width=\"960\" height=\"579\" srcset=\"https:\/\/dicodusport.fr\/blog\/wp-content\/uploads\/2021\/06\/Profil-de-la-5eme-etape-du-Tour-de-France-2021.jpg 960w, https:\/\/dicodusport.fr\/blog\/wp-content\/uploads\/2021\/06\/Profil-de-la-5eme-etape-du-Tour-de-France-2021-300x181.jpg 300w, https:\/\/dicodusport.fr\/blog\/wp-content\/uploads\/2021\/06\/Profil-de-la-5eme-etape-du-Tour-de-France-2021-768x463.jpg 768w, https:\/\/dicodusport.fr\/blog\/wp-content\/uploads\/2021\/06\/Profil-de-la-5eme-etape-du-Tour-de-France-2021-400x240.jpg 400w\" sizes=\"auto, (max-width: 960px) 100vw, 960px\" \/><\/a><p id=\"caption-attachment-140999\" class=\"wp-caption-text\">Profil de la 5\u00e8me \u00e9tape du Tour de France 2021<\/p><\/div>\n<p style=\"text-align: center;\"><a href=\"http:\/\/dicodusport.fr\/blog\/tour-de-france-2021-profil-des-21-etapes\/6\/#six\" class=\"su-button su-button-style-flat\" style=\"color:#FFFFFF;background-color:#0057ae;border-color:#00468c;border-radius:4px\" target=\"_self\"><span style=\"color:#FFFFFF;padding:0px 22px;font-size:17px;line-height:34px;border-color:#4d8ac7;border-radius:4px;text-shadow:none\"> <strong>6\u00e8me \u00e9tape<\/strong><\/span><\/a><!--nextpage--><\/p>\n<h2 style=\"text-align: justify;\"><a id=\"six\"><\/a><strong><span style=\"font-size: 24px;\">6\u00e8me \u00e9tape : Tours &#8211; Ch\u00e2teauroux (Jeudi 1er juillet)<\/span><\/strong><\/h2>\n<p style=\"text-align: justify;\">\u00c9tape de plaine d&rsquo;une distance de 160,6 km.<\/p>\n<div id=\"attachment_141000\" style=\"width: 970px\" class=\"wp-caption aligncenter\"><a href=\"https:\/\/dicodusport.fr\/blog\/wp-content\/uploads\/2021\/06\/Profil-de-la-6eme-etape-du-Tour-de-France-2021.jpg\"><img loading=\"lazy\" decoding=\"async\" aria-describedby=\"caption-attachment-141000\" class=\"wp-image-141000 size-full\" src=\"https:\/\/dicodusport.fr\/blog\/wp-content\/uploads\/2021\/06\/Profil-de-la-6eme-etape-du-Tour-de-France-2021.jpg\" alt=\"Profil de la 6\u00e8me \u00e9tape du Tour de France 2021\" width=\"960\" height=\"579\" srcset=\"https:\/\/dicodusport.fr\/blog\/wp-content\/uploads\/2021\/06\/Profil-de-la-6eme-etape-du-Tour-de-France-2021.jpg 960w, https:\/\/dicodusport.fr\/blog\/wp-content\/uploads\/2021\/06\/Profil-de-la-6eme-etape-du-Tour-de-France-2021-300x181.jpg 300w, https:\/\/dicodusport.fr\/blog\/wp-content\/uploads\/2021\/06\/Profil-de-la-6eme-etape-du-Tour-de-France-2021-768x463.jpg 768w, https:\/\/dicodusport.fr\/blog\/wp-content\/uploads\/2021\/06\/Profil-de-la-6eme-etape-du-Tour-de-France-2021-400x240.jpg 400w\" sizes=\"auto, (max-width: 960px) 100vw, 960px\" \/><\/a><p id=\"caption-attachment-141000\" class=\"wp-caption-text\">Profil de la 6\u00e8me \u00e9tape du Tour de France 2021<\/p><\/div>\n<p style=\"text-align: center;\"><a href=\"http:\/\/dicodusport.fr\/blog\/tour-de-france-2021-profil-des-21-etapes\/7\/#sept\" class=\"su-button su-button-style-flat\" style=\"color:#FFFFFF;background-color:#0057ae;border-color:#00468c;border-radius:4px\" target=\"_self\"><span style=\"color:#FFFFFF;padding:0px 22px;font-size:17px;line-height:34px;border-color:#4d8ac7;border-radius:4px;text-shadow:none\"> <strong>7\u00e8me \u00e9tape<\/strong><\/span><\/a><!--nextpage--><\/p>\n<h2 style=\"text-align: justify;\"><a id=\"sept\"><\/a>7\u00e8me \u00e9tape : Vierzon &#8211; Le Creusot (Vendredi 2 juillet)<\/h2>\n<p style=\"text-align: justify;\">\u00c9tape vallonn\u00e9e d&rsquo;une distance de 249,1 km.<\/p>\n<div id=\"attachment_141001\" style=\"width: 970px\" class=\"wp-caption aligncenter\"><a href=\"https:\/\/dicodusport.fr\/blog\/wp-content\/uploads\/2021\/06\/Profil-de-la-7eme-etape-du-Tour-de-France-2021.jpg\"><img loading=\"lazy\" decoding=\"async\" aria-describedby=\"caption-attachment-141001\" class=\"wp-image-141001 size-full\" src=\"https:\/\/dicodusport.fr\/blog\/wp-content\/uploads\/2021\/06\/Profil-de-la-7eme-etape-du-Tour-de-France-2021.jpg\" alt=\"Profil de la 7\u00e8me \u00e9tape du Tour de France 2021\" width=\"960\" height=\"579\" srcset=\"https:\/\/dicodusport.fr\/blog\/wp-content\/uploads\/2021\/06\/Profil-de-la-7eme-etape-du-Tour-de-France-2021.jpg 960w, https:\/\/dicodusport.fr\/blog\/wp-content\/uploads\/2021\/06\/Profil-de-la-7eme-etape-du-Tour-de-France-2021-300x181.jpg 300w, https:\/\/dicodusport.fr\/blog\/wp-content\/uploads\/2021\/06\/Profil-de-la-7eme-etape-du-Tour-de-France-2021-768x463.jpg 768w, https:\/\/dicodusport.fr\/blog\/wp-content\/uploads\/2021\/06\/Profil-de-la-7eme-etape-du-Tour-de-France-2021-400x240.jpg 400w\" sizes=\"auto, (max-width: 960px) 100vw, 960px\" \/><\/a><p id=\"caption-attachment-141001\" class=\"wp-caption-text\">Profil de la 7\u00e8me \u00e9tape du Tour de France 2021<\/p><\/div>\n<p style=\"text-align: center;\"><a href=\"http:\/\/dicodusport.fr\/blog\/tour-de-france-2021-profil-des-21-etapes\/8\/#huit\" class=\"su-button su-button-style-flat\" style=\"color:#FFFFFF;background-color:#0057ae;border-color:#00468c;border-radius:4px\" target=\"_self\"><span style=\"color:#FFFFFF;padding:0px 22px;font-size:17px;line-height:34px;border-color:#4d8ac7;border-radius:4px;text-shadow:none\"> <strong>8\u00e8me \u00e9tape<\/strong><\/span><\/a>\n<p><!--nextpage--><\/p>\n<h2 style=\"text-align: justify;\"><a id=\"huit\"><\/a>8\u00e8me \u00e9tape : Oyonnax &#8211; Le Grand-Bornand (Samedi 3 juillet)<\/h2>\n<p style=\"text-align: justify;\">\u00c9tape de montagne d&rsquo;une distance de 150,8 km.<\/p>\n<div id=\"attachment_141002\" style=\"width: 970px\" class=\"wp-caption aligncenter\"><a href=\"https:\/\/dicodusport.fr\/blog\/wp-content\/uploads\/2021\/06\/Profil-de-la-8eme-etape-du-Tour-de-France-2021.jpg\"><img loading=\"lazy\" decoding=\"async\" aria-describedby=\"caption-attachment-141002\" class=\"wp-image-141002 size-full\" src=\"https:\/\/dicodusport.fr\/blog\/wp-content\/uploads\/2021\/06\/Profil-de-la-8eme-etape-du-Tour-de-France-2021.jpg\" alt=\"Profil de la 8\u00e8me \u00e9tape du Tour de France 2021\" width=\"960\" height=\"579\" srcset=\"https:\/\/dicodusport.fr\/blog\/wp-content\/uploads\/2021\/06\/Profil-de-la-8eme-etape-du-Tour-de-France-2021.jpg 960w, https:\/\/dicodusport.fr\/blog\/wp-content\/uploads\/2021\/06\/Profil-de-la-8eme-etape-du-Tour-de-France-2021-300x181.jpg 300w, https:\/\/dicodusport.fr\/blog\/wp-content\/uploads\/2021\/06\/Profil-de-la-8eme-etape-du-Tour-de-France-2021-768x463.jpg 768w, https:\/\/dicodusport.fr\/blog\/wp-content\/uploads\/2021\/06\/Profil-de-la-8eme-etape-du-Tour-de-France-2021-400x240.jpg 400w\" sizes=\"auto, (max-width: 960px) 100vw, 960px\" \/><\/a><p id=\"caption-attachment-141002\" class=\"wp-caption-text\">Profil de la 8\u00e8me \u00e9tape du Tour de France 2021<\/p><\/div>\n<p style=\"text-align: center;\"><a href=\"http:\/\/dicodusport.fr\/blog\/tour-de-france-2021-profil-des-21-etapes\/9\/#neuf\" class=\"su-button su-button-style-flat\" style=\"color:#FFFFFF;background-color:#0057ae;border-color:#00468c;border-radius:4px\" target=\"_self\"><span style=\"color:#FFFFFF;padding:0px 22px;font-size:17px;line-height:34px;border-color:#4d8ac7;border-radius:4px;text-shadow:none\"> <strong>9\u00e8me \u00e9tape<\/strong><\/span><\/a>\n<p><!--nextpage--><\/p>\n<h2 style=\"text-align: justify;\"><a id=\"neuf\"><\/a>9\u00e8me \u00e9tape : Cluses &#8211; Tignes (Dimanche 4 juillet)<\/h2>\n<p style=\"text-align: justify;\">\u00c9tape de haute-montagne d&rsquo;une distance de 144,9 km.<\/p>\n<div id=\"attachment_141003\" style=\"width: 970px\" class=\"wp-caption aligncenter\"><a href=\"https:\/\/dicodusport.fr\/blog\/wp-content\/uploads\/2021\/06\/Profil-de-la-9eme-etape-du-Tour-de-France-2021.jpg\"><img loading=\"lazy\" decoding=\"async\" aria-describedby=\"caption-attachment-141003\" class=\"wp-image-141003 size-full\" src=\"https:\/\/dicodusport.fr\/blog\/wp-content\/uploads\/2021\/06\/Profil-de-la-9eme-etape-du-Tour-de-France-2021.jpg\" alt=\"Profil de la 9\u00e8me \u00e9tape du Tour de France 2021\" width=\"960\" height=\"579\" srcset=\"https:\/\/dicodusport.fr\/blog\/wp-content\/uploads\/2021\/06\/Profil-de-la-9eme-etape-du-Tour-de-France-2021.jpg 960w, https:\/\/dicodusport.fr\/blog\/wp-content\/uploads\/2021\/06\/Profil-de-la-9eme-etape-du-Tour-de-France-2021-300x181.jpg 300w, https:\/\/dicodusport.fr\/blog\/wp-content\/uploads\/2021\/06\/Profil-de-la-9eme-etape-du-Tour-de-France-2021-768x463.jpg 768w, https:\/\/dicodusport.fr\/blog\/wp-content\/uploads\/2021\/06\/Profil-de-la-9eme-etape-du-Tour-de-France-2021-400x240.jpg 400w\" sizes=\"auto, (max-width: 960px) 100vw, 960px\" \/><\/a><p id=\"caption-attachment-141003\" class=\"wp-caption-text\">Profil de la 9\u00e8me \u00e9tape du Tour de France 2021<\/p><\/div>\n<p style=\"text-align: center;\"><a href=\"http:\/\/dicodusport.fr\/blog\/tour-de-france-2021-profil-des-21-etapes\/10\/#dix\" class=\"su-button su-button-style-flat\" style=\"color:#FFFFFF;background-color:#0057ae;border-color:#00468c;border-radius:4px\" target=\"_self\"><span style=\"color:#FFFFFF;padding:0px 22px;font-size:17px;line-height:34px;border-color:#4d8ac7;border-radius:4px;text-shadow:none\"> <strong>10\u00e8me \u00e9tape<\/strong><\/span><\/a>\n<p style=\"text-align: center;\"><!--nextpage--><\/p>\n<h2 style=\"text-align: justify;\"><a id=\"dix\"><\/a>10\u00e8me \u00e9tape : Albertville &#8211; Valence (Mardi 6 juillet)<\/h2>\n<p style=\"text-align: justify;\">\u00c9tape de plaine d&rsquo;une distance de 190,7 km.<\/p>\n<div id=\"attachment_141004\" style=\"width: 970px\" class=\"wp-caption aligncenter\"><a href=\"https:\/\/dicodusport.fr\/blog\/wp-content\/uploads\/2021\/06\/Profil-de-la-10eme-etape-du-Tour-de-France-2021.jpg\"><img loading=\"lazy\" decoding=\"async\" aria-describedby=\"caption-attachment-141004\" class=\"wp-image-141004 size-full\" src=\"https:\/\/dicodusport.fr\/blog\/wp-content\/uploads\/2021\/06\/Profil-de-la-10eme-etape-du-Tour-de-France-2021.jpg\" alt=\"Profil de la 10\u00e8me \u00e9tape du Tour de France 2021\" width=\"960\" height=\"579\" srcset=\"https:\/\/dicodusport.fr\/blog\/wp-content\/uploads\/2021\/06\/Profil-de-la-10eme-etape-du-Tour-de-France-2021.jpg 960w, https:\/\/dicodusport.fr\/blog\/wp-content\/uploads\/2021\/06\/Profil-de-la-10eme-etape-du-Tour-de-France-2021-300x181.jpg 300w, https:\/\/dicodusport.fr\/blog\/wp-content\/uploads\/2021\/06\/Profil-de-la-10eme-etape-du-Tour-de-France-2021-768x463.jpg 768w, https:\/\/dicodusport.fr\/blog\/wp-content\/uploads\/2021\/06\/Profil-de-la-10eme-etape-du-Tour-de-France-2021-400x240.jpg 400w\" sizes=\"auto, (max-width: 960px) 100vw, 960px\" \/><\/a><p id=\"caption-attachment-141004\" class=\"wp-caption-text\">Profil de la 10\u00e8me \u00e9tape du Tour de France 2021<\/p><\/div>\n<p style=\"text-align: center;\"><a href=\"http:\/\/dicodusport.fr\/blog\/tour-de-france-2021-profil-des-21-etapes\/11\/#onze\" class=\"su-button su-button-style-flat\" style=\"color:#FFFFFF;background-color:#0057ae;border-color:#00468c;border-radius:4px\" target=\"_self\"><span style=\"color:#FFFFFF;padding:0px 22px;font-size:17px;line-height:34px;border-color:#4d8ac7;border-radius:4px;text-shadow:none\"> <strong>11\u00e8me \u00e9tape<\/strong><\/span><\/a>\n<p><!--nextpage--><\/p>\n<h2 style=\"text-align: justify;\"><a id=\"onze\"><\/a>11\u00e8me \u00e9tape : Sorgues &#8211; Malauc\u00e8ne (Mercredi 7 juillet)<\/h2>\n<p style=\"text-align: justify;\">\u00c9tape de montagne d&rsquo;une distance de 198,9 km.<\/p>\n<div id=\"attachment_141005\" style=\"width: 970px\" class=\"wp-caption aligncenter\"><a href=\"https:\/\/dicodusport.fr\/blog\/wp-content\/uploads\/2021\/06\/Profil-de-la-11eme-etape-du-Tour-de-France-2021.jpg\"><img loading=\"lazy\" decoding=\"async\" aria-describedby=\"caption-attachment-141005\" class=\"wp-image-141005 size-full\" src=\"https:\/\/dicodusport.fr\/blog\/wp-content\/uploads\/2021\/06\/Profil-de-la-11eme-etape-du-Tour-de-France-2021.jpg\" alt=\"Profil de la 11\u00e8me \u00e9tape du Tour de France 2021\" width=\"960\" height=\"579\" srcset=\"https:\/\/dicodusport.fr\/blog\/wp-content\/uploads\/2021\/06\/Profil-de-la-11eme-etape-du-Tour-de-France-2021.jpg 960w, https:\/\/dicodusport.fr\/blog\/wp-content\/uploads\/2021\/06\/Profil-de-la-11eme-etape-du-Tour-de-France-2021-300x181.jpg 300w, https:\/\/dicodusport.fr\/blog\/wp-content\/uploads\/2021\/06\/Profil-de-la-11eme-etape-du-Tour-de-France-2021-768x463.jpg 768w, https:\/\/dicodusport.fr\/blog\/wp-content\/uploads\/2021\/06\/Profil-de-la-11eme-etape-du-Tour-de-France-2021-400x240.jpg 400w\" sizes=\"auto, (max-width: 960px) 100vw, 960px\" \/><\/a><p id=\"caption-attachment-141005\" class=\"wp-caption-text\">Profil de la 11\u00e8me \u00e9tape du Tour de France 2021<\/p><\/div>\n<p style=\"text-align: center;\"><a href=\"http:\/\/dicodusport.fr\/blog\/tour-de-france-2021-profil-des-21-etapes\/12\/#douze\" class=\"su-button su-button-style-flat\" style=\"color:#FFFFFF;background-color:#0057ae;border-color:#00468c;border-radius:4px\" target=\"_self\"><span style=\"color:#FFFFFF;padding:0px 22px;font-size:17px;line-height:34px;border-color:#4d8ac7;border-radius:4px;text-shadow:none\"> <strong>12\u00e8me \u00e9tape<\/strong><\/span><\/a><!--nextpage--><\/p>\n<h2 style=\"text-align: justify;\"><a id=\"douze\"><\/a>12\u00e8me \u00e9tape : Saint-Paul-Trois-Ch\u00e2teaux &#8211; N\u00eemes (Jeudi 8 juillet)<\/h2>\n<p style=\"text-align: justify;\">\u00c9tape de plaine d&rsquo;une distance de 159,4 km.<\/p>\n<div id=\"attachment_141006\" style=\"width: 970px\" class=\"wp-caption aligncenter\"><a href=\"https:\/\/dicodusport.fr\/blog\/wp-content\/uploads\/2021\/06\/Profil-de-la-12eme-etape-du-Tour-de-France-2021.jpg\"><img loading=\"lazy\" decoding=\"async\" aria-describedby=\"caption-attachment-141006\" class=\"wp-image-141006 size-full\" src=\"https:\/\/dicodusport.fr\/blog\/wp-content\/uploads\/2021\/06\/Profil-de-la-12eme-etape-du-Tour-de-France-2021.jpg\" alt=\"Profil de la 12\u00e8me \u00e9tape du Tour de France 2021\" width=\"960\" height=\"579\" srcset=\"https:\/\/dicodusport.fr\/blog\/wp-content\/uploads\/2021\/06\/Profil-de-la-12eme-etape-du-Tour-de-France-2021.jpg 960w, https:\/\/dicodusport.fr\/blog\/wp-content\/uploads\/2021\/06\/Profil-de-la-12eme-etape-du-Tour-de-France-2021-300x181.jpg 300w, https:\/\/dicodusport.fr\/blog\/wp-content\/uploads\/2021\/06\/Profil-de-la-12eme-etape-du-Tour-de-France-2021-768x463.jpg 768w, https:\/\/dicodusport.fr\/blog\/wp-content\/uploads\/2021\/06\/Profil-de-la-12eme-etape-du-Tour-de-France-2021-400x240.jpg 400w\" sizes=\"auto, (max-width: 960px) 100vw, 960px\" \/><\/a><p id=\"caption-attachment-141006\" class=\"wp-caption-text\">Profil de la 12\u00e8me \u00e9tape du Tour de France 2021<\/p><\/div>\n<p style=\"text-align: center;\"><a href=\"http:\/\/dicodusport.fr\/blog\/tour-de-france-2021-profil-des-21-etapes\/13\/#treize\" class=\"su-button su-button-style-flat\" style=\"color:#FFFFFF;background-color:#0057ae;border-color:#00468c;border-radius:4px\" target=\"_self\"><span style=\"color:#FFFFFF;padding:0px 22px;font-size:17px;line-height:34px;border-color:#4d8ac7;border-radius:4px;text-shadow:none\"> <strong>13\u00e8me \u00e9tape<\/strong><\/span><\/a><!--nextpage--><\/p>\n<h2 style=\"text-align: justify;\"><a id=\"treize\"><\/a>13\u00e8me \u00e9tape : N\u00eemes &#8211; Carcassonne (Vendredi 9 juillet)<\/h2>\n<p style=\"text-align: justify;\">\u00c9tape de plaine d&rsquo;une distance de 219,9 km.<\/p>\n<div id=\"attachment_141007\" style=\"width: 970px\" class=\"wp-caption aligncenter\"><a href=\"https:\/\/dicodusport.fr\/blog\/wp-content\/uploads\/2021\/06\/Profil-de-la-13eme-etape-du-Tour-de-France-2021.jpg\"><img loading=\"lazy\" decoding=\"async\" aria-describedby=\"caption-attachment-141007\" class=\"wp-image-141007 size-full\" src=\"https:\/\/dicodusport.fr\/blog\/wp-content\/uploads\/2021\/06\/Profil-de-la-13eme-etape-du-Tour-de-France-2021.jpg\" alt=\"Profil de la 13\u00e8me \u00e9tape du Tour de France 2021\" width=\"960\" height=\"579\" srcset=\"https:\/\/dicodusport.fr\/blog\/wp-content\/uploads\/2021\/06\/Profil-de-la-13eme-etape-du-Tour-de-France-2021.jpg 960w, https:\/\/dicodusport.fr\/blog\/wp-content\/uploads\/2021\/06\/Profil-de-la-13eme-etape-du-Tour-de-France-2021-300x181.jpg 300w, https:\/\/dicodusport.fr\/blog\/wp-content\/uploads\/2021\/06\/Profil-de-la-13eme-etape-du-Tour-de-France-2021-768x463.jpg 768w, https:\/\/dicodusport.fr\/blog\/wp-content\/uploads\/2021\/06\/Profil-de-la-13eme-etape-du-Tour-de-France-2021-400x240.jpg 400w\" sizes=\"auto, (max-width: 960px) 100vw, 960px\" \/><\/a><p id=\"caption-attachment-141007\" class=\"wp-caption-text\">Profil de la 13\u00e8me \u00e9tape du Tour de France 2021<\/p><\/div>\n<p style=\"text-align: center;\"><a href=\"http:\/\/dicodusport.fr\/blog\/tour-de-france-2021-profil-des-21-etapes\/14\/#quatorze\" class=\"su-button su-button-style-flat\" style=\"color:#FFFFFF;background-color:#0057ae;border-color:#00468c;border-radius:4px\" target=\"_self\"><span style=\"color:#FFFFFF;padding:0px 22px;font-size:17px;line-height:34px;border-color:#4d8ac7;border-radius:4px;text-shadow:none\"> <strong>14\u00e8me \u00e9tape<\/strong><\/span><\/a>\n<p><!--nextpage--><\/p>\n<h2 style=\"text-align: justify;\"><a id=\"quatorze\"><\/a>14\u00e8me \u00e9tape : Carcassonne &#8211; Quillan (Samedi 10 juillet)<\/h2>\n<p style=\"text-align: justify;\">\u00c9tape vallonn\u00e9e longue de 183,7 km.<\/p>\n<div id=\"attachment_141008\" style=\"width: 970px\" class=\"wp-caption aligncenter\"><a href=\"https:\/\/dicodusport.fr\/blog\/wp-content\/uploads\/2021\/06\/Profil-de-la-14eme-etape-du-Tour-de-France-2021.jpg\"><img loading=\"lazy\" decoding=\"async\" aria-describedby=\"caption-attachment-141008\" class=\"wp-image-141008 size-full\" src=\"https:\/\/dicodusport.fr\/blog\/wp-content\/uploads\/2021\/06\/Profil-de-la-14eme-etape-du-Tour-de-France-2021.jpg\" alt=\"Profil de la 14\u00e8me \u00e9tape du Tour de France 2021\" width=\"960\" height=\"579\" srcset=\"https:\/\/dicodusport.fr\/blog\/wp-content\/uploads\/2021\/06\/Profil-de-la-14eme-etape-du-Tour-de-France-2021.jpg 960w, https:\/\/dicodusport.fr\/blog\/wp-content\/uploads\/2021\/06\/Profil-de-la-14eme-etape-du-Tour-de-France-2021-300x181.jpg 300w, https:\/\/dicodusport.fr\/blog\/wp-content\/uploads\/2021\/06\/Profil-de-la-14eme-etape-du-Tour-de-France-2021-768x463.jpg 768w, https:\/\/dicodusport.fr\/blog\/wp-content\/uploads\/2021\/06\/Profil-de-la-14eme-etape-du-Tour-de-France-2021-400x240.jpg 400w\" sizes=\"auto, (max-width: 960px) 100vw, 960px\" \/><\/a><p id=\"caption-attachment-141008\" class=\"wp-caption-text\">Profil de la 14\u00e8me \u00e9tape du Tour de France 2021<\/p><\/div>\n<p style=\"text-align: center;\"><a href=\"http:\/\/dicodusport.fr\/blog\/tour-de-france-2021-profil-des-21-etapes\/15\/#quinze\" class=\"su-button su-button-style-flat\" style=\"color:#FFFFFF;background-color:#0057ae;border-color:#00468c;border-radius:4px\" target=\"_self\"><span style=\"color:#FFFFFF;padding:0px 22px;font-size:17px;line-height:34px;border-color:#4d8ac7;border-radius:4px;text-shadow:none\"> <strong>15\u00e8me \u00e9tape<\/strong><\/span><\/a>\n<p><!--nextpage--><\/p>\n<h2 style=\"text-align: justify;\"><a id=\"quinze\"><\/a>15\u00e8me \u00e9tape : C\u00e9ret &#8211; Andorre-la-Vieille (Dimanche 11 juillet)<\/h2>\n<p style=\"text-align: justify;\">\u00c9tape de haute-montagne d&rsquo;une distance de 191,3 km.<\/p>\n<div id=\"attachment_141009\" style=\"width: 970px\" class=\"wp-caption aligncenter\"><a href=\"https:\/\/dicodusport.fr\/blog\/wp-content\/uploads\/2021\/06\/Profil-de-la-15eme-etape-du-Tour-de-France-2021.jpg\"><img loading=\"lazy\" decoding=\"async\" aria-describedby=\"caption-attachment-141009\" class=\"wp-image-141009 size-full\" src=\"https:\/\/dicodusport.fr\/blog\/wp-content\/uploads\/2021\/06\/Profil-de-la-15eme-etape-du-Tour-de-France-2021.jpg\" alt=\"Profil de la 15\u00e8me \u00e9tape du Tour de France 2021\" width=\"960\" height=\"579\" srcset=\"https:\/\/dicodusport.fr\/blog\/wp-content\/uploads\/2021\/06\/Profil-de-la-15eme-etape-du-Tour-de-France-2021.jpg 960w, https:\/\/dicodusport.fr\/blog\/wp-content\/uploads\/2021\/06\/Profil-de-la-15eme-etape-du-Tour-de-France-2021-300x181.jpg 300w, https:\/\/dicodusport.fr\/blog\/wp-content\/uploads\/2021\/06\/Profil-de-la-15eme-etape-du-Tour-de-France-2021-768x463.jpg 768w, https:\/\/dicodusport.fr\/blog\/wp-content\/uploads\/2021\/06\/Profil-de-la-15eme-etape-du-Tour-de-France-2021-400x240.jpg 400w\" sizes=\"auto, (max-width: 960px) 100vw, 960px\" \/><\/a><p id=\"caption-attachment-141009\" class=\"wp-caption-text\">Profil de la 15\u00e8me \u00e9tape du Tour de France 2021<\/p><\/div>\n<p style=\"text-align: center;\"><a href=\"http:\/\/dicodusport.fr\/blog\/tour-de-france-2021-profil-des-21-etapes\/16\/#seize\" class=\"su-button su-button-style-flat\" style=\"color:#FFFFFF;background-color:#0057ae;border-color:#00468c;border-radius:4px\" target=\"_self\"><span style=\"color:#FFFFFF;padding:0px 22px;font-size:17px;line-height:34px;border-color:#4d8ac7;border-radius:4px;text-shadow:none\"> <strong>16\u00e8me \u00e9tape<\/strong><\/span><\/a>\n<p><!--nextpage--><\/p>\n<h2 style=\"text-align: justify;\"><a id=\"seize\"><\/a>16\u00e8me \u00e9tape : Pas de la Case &#8211; Saint-Gaudens (Mardi 13 juillet)<\/h2>\n<p style=\"text-align: justify;\">\u00c9tape de montagne d&rsquo;une distance de 169 km.<\/p>\n<div id=\"attachment_141010\" style=\"width: 970px\" class=\"wp-caption aligncenter\"><a href=\"https:\/\/dicodusport.fr\/blog\/wp-content\/uploads\/2021\/06\/Profil-de-la-16eme-etape-du-Tour-de-France-2021.jpg\"><img loading=\"lazy\" decoding=\"async\" aria-describedby=\"caption-attachment-141010\" class=\"wp-image-141010 size-full\" src=\"https:\/\/dicodusport.fr\/blog\/wp-content\/uploads\/2021\/06\/Profil-de-la-16eme-etape-du-Tour-de-France-2021.jpg\" alt=\"Profil de la 16\u00e8me \u00e9tape du Tour de France 2021\" width=\"960\" height=\"579\" srcset=\"https:\/\/dicodusport.fr\/blog\/wp-content\/uploads\/2021\/06\/Profil-de-la-16eme-etape-du-Tour-de-France-2021.jpg 960w, https:\/\/dicodusport.fr\/blog\/wp-content\/uploads\/2021\/06\/Profil-de-la-16eme-etape-du-Tour-de-France-2021-300x181.jpg 300w, https:\/\/dicodusport.fr\/blog\/wp-content\/uploads\/2021\/06\/Profil-de-la-16eme-etape-du-Tour-de-France-2021-768x463.jpg 768w, https:\/\/dicodusport.fr\/blog\/wp-content\/uploads\/2021\/06\/Profil-de-la-16eme-etape-du-Tour-de-France-2021-400x240.jpg 400w\" sizes=\"auto, (max-width: 960px) 100vw, 960px\" \/><\/a><p id=\"caption-attachment-141010\" class=\"wp-caption-text\">Profil de la 16\u00e8me \u00e9tape du Tour de France 2021<\/p><\/div>\n<p style=\"text-align: center;\"><a href=\"http:\/\/dicodusport.fr\/blog\/tour-de-france-2021-profil-des-21-etapes\/17\/#dixsept\" class=\"su-button su-button-style-flat\" style=\"color:#FFFFFF;background-color:#0057ae;border-color:#00468c;border-radius:4px\" target=\"_self\"><span style=\"color:#FFFFFF;padding:0px 22px;font-size:17px;line-height:34px;border-color:#4d8ac7;border-radius:4px;text-shadow:none\"> <strong>17\u00e8me \u00e9tape<\/strong><\/span><\/a>\n<p><!--nextpage--><\/p>\n<h2 style=\"text-align: justify;\"><a id=\"dixsept\"><\/a>17\u00e8me \u00e9tape : Muret &#8211; Saint-Lary-Soulon (Mercredi 14 juillet)<\/h2>\n<p style=\"text-align: justify;\">\u00c9tape de haute-montagne d&rsquo;une distance de 178,4 km.<\/p>\n<div id=\"attachment_141011\" style=\"width: 970px\" class=\"wp-caption aligncenter\"><a href=\"https:\/\/dicodusport.fr\/blog\/wp-content\/uploads\/2021\/06\/Profil-de-la-17eme-etape-du-Tour-de-France-2021.jpg\"><img loading=\"lazy\" decoding=\"async\" aria-describedby=\"caption-attachment-141011\" class=\"wp-image-141011 size-full\" src=\"https:\/\/dicodusport.fr\/blog\/wp-content\/uploads\/2021\/06\/Profil-de-la-17eme-etape-du-Tour-de-France-2021.jpg\" alt=\"Profil de la 17\u00e8me \u00e9tape du Tour de France 2021\" width=\"960\" height=\"579\" srcset=\"https:\/\/dicodusport.fr\/blog\/wp-content\/uploads\/2021\/06\/Profil-de-la-17eme-etape-du-Tour-de-France-2021.jpg 960w, https:\/\/dicodusport.fr\/blog\/wp-content\/uploads\/2021\/06\/Profil-de-la-17eme-etape-du-Tour-de-France-2021-300x181.jpg 300w, https:\/\/dicodusport.fr\/blog\/wp-content\/uploads\/2021\/06\/Profil-de-la-17eme-etape-du-Tour-de-France-2021-768x463.jpg 768w, https:\/\/dicodusport.fr\/blog\/wp-content\/uploads\/2021\/06\/Profil-de-la-17eme-etape-du-Tour-de-France-2021-400x240.jpg 400w\" sizes=\"auto, (max-width: 960px) 100vw, 960px\" \/><\/a><p id=\"caption-attachment-141011\" class=\"wp-caption-text\">Profil de la 17\u00e8me \u00e9tape du Tour de France 2021<\/p><\/div>\n<p style=\"text-align: center;\"><a href=\"http:\/\/dicodusport.fr\/blog\/tour-de-france-2021-profil-des-21-etapes\/18\/#dixhuit\" class=\"su-button su-button-style-flat\" style=\"color:#FFFFFF;background-color:#0057ae;border-color:#00468c;border-radius:4px\" target=\"_self\"><span style=\"color:#FFFFFF;padding:0px 22px;font-size:17px;line-height:34px;border-color:#4d8ac7;border-radius:4px;text-shadow:none\"> <strong>18\u00e8me \u00e9tape<\/strong><\/span><\/a><!--nextpage--><\/p>\n<h2 style=\"text-align: justify;\"><a id=\"dixhuit\"><\/a>18\u00e8me \u00e9tape : Pau &#8211; Luz Ardiden (Jeudi 15 juillet)<\/h2>\n<p style=\"text-align: justify;\">\u00c9tape de haute-montagne d&rsquo;une distance de 129,7 km.<\/p>\n<div id=\"attachment_141012\" style=\"width: 970px\" class=\"wp-caption aligncenter\"><a href=\"https:\/\/dicodusport.fr\/blog\/wp-content\/uploads\/2021\/06\/Profil-de-la-18eme-etape-du-Tour-de-France-2021.jpg\"><img loading=\"lazy\" decoding=\"async\" aria-describedby=\"caption-attachment-141012\" class=\"wp-image-141012 size-full\" src=\"https:\/\/dicodusport.fr\/blog\/wp-content\/uploads\/2021\/06\/Profil-de-la-18eme-etape-du-Tour-de-France-2021.jpg\" alt=\"Profil de la 18\u00e8me \u00e9tape du Tour de France 2021\" width=\"960\" height=\"579\" srcset=\"https:\/\/dicodusport.fr\/blog\/wp-content\/uploads\/2021\/06\/Profil-de-la-18eme-etape-du-Tour-de-France-2021.jpg 960w, https:\/\/dicodusport.fr\/blog\/wp-content\/uploads\/2021\/06\/Profil-de-la-18eme-etape-du-Tour-de-France-2021-300x181.jpg 300w, https:\/\/dicodusport.fr\/blog\/wp-content\/uploads\/2021\/06\/Profil-de-la-18eme-etape-du-Tour-de-France-2021-768x463.jpg 768w, https:\/\/dicodusport.fr\/blog\/wp-content\/uploads\/2021\/06\/Profil-de-la-18eme-etape-du-Tour-de-France-2021-400x240.jpg 400w\" sizes=\"auto, (max-width: 960px) 100vw, 960px\" \/><\/a><p id=\"caption-attachment-141012\" class=\"wp-caption-text\">Profil de la 18\u00e8me \u00e9tape du Tour de France 2021<\/p><\/div>\n<p style=\"text-align: center;\"><a href=\"http:\/\/dicodusport.fr\/blog\/tour-de-france-2021-profil-des-21-etapes\/19\/#dixneuf\" class=\"su-button su-button-style-flat\" style=\"color:#FFFFFF;background-color:#0057ae;border-color:#00468c;border-radius:4px\" target=\"_self\"><span style=\"color:#FFFFFF;padding:0px 22px;font-size:17px;line-height:34px;border-color:#4d8ac7;border-radius:4px;text-shadow:none\"> <strong>19\u00e8me \u00e9tape<\/strong><\/span><\/a><!--nextpage--><\/p>\n<h2 style=\"text-align: justify;\"><a id=\"dixneuf\"><\/a>19\u00e8me \u00e9tape : Mourenx &#8211; Libourne (Vendredi 16 juillet)<\/h2>\n<p style=\"text-align: justify;\">\u00c9tape de plaine d&rsquo;une distance de 207 km.<\/p>\n<div id=\"attachment_141013\" style=\"width: 970px\" class=\"wp-caption aligncenter\"><a href=\"https:\/\/dicodusport.fr\/blog\/wp-content\/uploads\/2021\/06\/Profil-de-la-19eme-etape-du-Tour-de-France-2021.jpg\"><img loading=\"lazy\" decoding=\"async\" aria-describedby=\"caption-attachment-141013\" class=\"wp-image-141013 size-full\" src=\"https:\/\/dicodusport.fr\/blog\/wp-content\/uploads\/2021\/06\/Profil-de-la-19eme-etape-du-Tour-de-France-2021.jpg\" alt=\"Profil de la 19\u00e8me \u00e9tape du Tour de France 2021\" width=\"960\" height=\"579\" srcset=\"https:\/\/dicodusport.fr\/blog\/wp-content\/uploads\/2021\/06\/Profil-de-la-19eme-etape-du-Tour-de-France-2021.jpg 960w, https:\/\/dicodusport.fr\/blog\/wp-content\/uploads\/2021\/06\/Profil-de-la-19eme-etape-du-Tour-de-France-2021-300x181.jpg 300w, https:\/\/dicodusport.fr\/blog\/wp-content\/uploads\/2021\/06\/Profil-de-la-19eme-etape-du-Tour-de-France-2021-768x463.jpg 768w, https:\/\/dicodusport.fr\/blog\/wp-content\/uploads\/2021\/06\/Profil-de-la-19eme-etape-du-Tour-de-France-2021-400x240.jpg 400w\" sizes=\"auto, (max-width: 960px) 100vw, 960px\" \/><\/a><p id=\"caption-attachment-141013\" class=\"wp-caption-text\">Profil de la 19\u00e8me \u00e9tape du Tour de France 2021<\/p><\/div>\n<p style=\"text-align: center;\"><a href=\"http:\/\/dicodusport.fr\/blog\/tour-de-france-2021-profil-des-21-etapes\/20\/#vingt\" class=\"su-button su-button-style-flat\" style=\"color:#FFFFFF;background-color:#0057ae;border-color:#00468c;border-radius:4px\" target=\"_self\"><span style=\"color:#FFFFFF;padding:0px 22px;font-size:17px;line-height:34px;border-color:#4d8ac7;border-radius:4px;text-shadow:none\"> <strong>20\u00e8me \u00e9tape<\/strong><\/span><\/a>\n<p><!--nextpage--><\/p>\n<h2 style=\"text-align: justify;\"><a id=\"vingt\"><\/a>20\u00e8me \u00e9tape &#8211; CLM Individuel : Libourne &#8211; Saint-\u00c9milion (Samedi 17 juillet)<\/h2>\n<p style=\"text-align: justify;\">CLM individuel d&rsquo;une distance de 30,8 km.<\/p>\n<div id=\"attachment_141014\" style=\"width: 970px\" class=\"wp-caption aligncenter\"><a href=\"https:\/\/dicodusport.fr\/blog\/wp-content\/uploads\/2021\/06\/Profil-de-la-20eme-etape-du-Tour-de-France-2021.jpg\"><img loading=\"lazy\" decoding=\"async\" aria-describedby=\"caption-attachment-141014\" class=\"wp-image-141014 size-full\" src=\"https:\/\/dicodusport.fr\/blog\/wp-content\/uploads\/2021\/06\/Profil-de-la-20eme-etape-du-Tour-de-France-2021.jpg\" alt=\"Profil de la 20\u00e8me \u00e9tape du Tour de France 2021\" width=\"960\" height=\"579\" srcset=\"https:\/\/dicodusport.fr\/blog\/wp-content\/uploads\/2021\/06\/Profil-de-la-20eme-etape-du-Tour-de-France-2021.jpg 960w, https:\/\/dicodusport.fr\/blog\/wp-content\/uploads\/2021\/06\/Profil-de-la-20eme-etape-du-Tour-de-France-2021-300x181.jpg 300w, https:\/\/dicodusport.fr\/blog\/wp-content\/uploads\/2021\/06\/Profil-de-la-20eme-etape-du-Tour-de-France-2021-768x463.jpg 768w, https:\/\/dicodusport.fr\/blog\/wp-content\/uploads\/2021\/06\/Profil-de-la-20eme-etape-du-Tour-de-France-2021-400x240.jpg 400w\" sizes=\"auto, (max-width: 960px) 100vw, 960px\" \/><\/a><p id=\"caption-attachment-141014\" class=\"wp-caption-text\">Profil de la 20\u00e8me \u00e9tape du Tour de France 2021<\/p><\/div>\n<p style=\"text-align: center;\"><a href=\"http:\/\/dicodusport.fr\/blog\/tour-de-france-2021-profil-des-21-etapes\/21\/#vingtetun\" class=\"su-button su-button-style-flat\" style=\"color:#FFFFFF;background-color:#0057ae;border-color:#00468c;border-radius:4px\" target=\"_self\"><span style=\"color:#FFFFFF;padding:0px 22px;font-size:17px;line-height:34px;border-color:#4d8ac7;border-radius:4px;text-shadow:none\"> <strong>21\u00e8me \u00e9tape<\/strong><\/span><\/a>\n<p><!--nextpage--><\/p>\n<h2 style=\"text-align: justify;\"><a id=\"vingtetun\"><\/a>21\u00e8me \u00e9tape : Chatou &#8211; Paris Champs-\u00c9lys\u00e9es (Dimanche 18 juillet)<\/h2>\n<p style=\"text-align: justify;\">\u00c9tape de plaine longue de 108,4 km.<\/p>\n<div id=\"attachment_141015\" style=\"width: 970px\" class=\"wp-caption aligncenter\"><a href=\"https:\/\/dicodusport.fr\/blog\/wp-content\/uploads\/2021\/06\/Profil-de-la-21eme-etape-du-Tour-de-France-2021.jpg\"><img loading=\"lazy\" decoding=\"async\" aria-describedby=\"caption-attachment-141015\" class=\"wp-image-141015 size-full\" src=\"https:\/\/dicodusport.fr\/blog\/wp-content\/uploads\/2021\/06\/Profil-de-la-21eme-etape-du-Tour-de-France-2021.jpg\" alt=\"Profil de la 21\u00e8me \u00e9tape du Tour de France 2021\" width=\"960\" height=\"579\" srcset=\"https:\/\/dicodusport.fr\/blog\/wp-content\/uploads\/2021\/06\/Profil-de-la-21eme-etape-du-Tour-de-France-2021.jpg 960w, https:\/\/dicodusport.fr\/blog\/wp-content\/uploads\/2021\/06\/Profil-de-la-21eme-etape-du-Tour-de-France-2021-300x181.jpg 300w, https:\/\/dicodusport.fr\/blog\/wp-content\/uploads\/2021\/06\/Profil-de-la-21eme-etape-du-Tour-de-France-2021-768x463.jpg 768w, https:\/\/dicodusport.fr\/blog\/wp-content\/uploads\/2021\/06\/Profil-de-la-21eme-etape-du-Tour-de-France-2021-400x240.jpg 400w\" sizes=\"auto, (max-width: 960px) 100vw, 960px\" \/><\/a><p id=\"caption-attachment-141015\" class=\"wp-caption-text\">Profil de la 21\u00e8me \u00e9tape du Tour de France 2021<\/p><\/div>\n<p style=\"text-align: center;\"><a href=\"http:\/\/dicodusport.fr\/blog\/tour-de-france-2021-profil-des-21-etapes\/\" class=\"su-button su-button-style-flat\" style=\"color:#FFFFFF;background-color:#0057ae;border-color:#00468c;border-radius:4px\" target=\"_self\"><span style=\"color:#FFFFFF;padding:0px 22px;font-size:17px;line-height:34px;border-color:#4d8ac7;border-radius:4px;text-shadow:none\"> <strong>Revenir au d\u00e9but<\/strong><\/span><\/a>\n<p>&nbsp;<\/p>\n","protected":false},"excerpt":{"rendered":"<p>CYCLISME &#8211; Le Tour de France 2021 d\u00e9bute ce samedi 26 juin \u00e0 Brest et s&rsquo;ach\u00e8vera le dimanche 18 juillet sur les Champs-\u00c9lys\u00e9es, \u00e0 Paris. D\u00e9couvrez le profil des 21 \u00e9tapes.\u00a0<\/p>\n","protected":false},"author":4,"featured_media":141241,"comment_status":"open","ping_status":"closed","sticky":false,"template":"","format":"standard","meta":{"_acf_changed":false,"_daextam_enable_autolinks":"","footnotes":""},"categories":[46995],"tags":[574],"class_list":["post-141206","post","type-post","status-publish","format-standard","has-post-thumbnail","hentry","category-tour-de-france","tag-cyclisme"],"acf":[],"yoast_head":"<!-- This site is optimized with the Yoast SEO Premium plugin v26.7 (Yoast SEO v26.7) - https:\/\/yoast.com\/wordpress\/plugins\/seo\/ -->\n<title>Tour de France 2021 : Le profil des 21 \u00e9tapes<\/title>\n<meta name=\"description\" content=\"CYCLISME - Le Tour de France 2021 d\u00e9bute ce samedi 26 juin \u00e0 Brest. D\u00e9couvrez le profil des 21 \u00e9tapes de la Grande Boucle.\" \/>\n<meta name=\"robots\" content=\"index, follow, max-snippet:-1, max-image-preview:large, max-video-preview:-1\" \/>\n<link rel=\"canonical\" href=\"https:\/\/dicodusport.fr\/blog\/tour-de-france-2021-profil-des-21-etapes\/\" \/>\n<link rel=\"next\" href=\"https:\/\/dicodusport.fr\/blog\/tour-de-france-2021-profil-des-21-etapes\/2\/\" \/>\n<meta property=\"og:locale\" content=\"fr_FR\" \/>\n<meta property=\"og:type\" content=\"article\" \/>\n<meta property=\"og:title\" content=\"Tour de France 2020 : Le profil des 21 \u00e9tapes\" \/>\n<meta property=\"og:description\" content=\"CYCLISME - Le Tour de France 2021 d\u00e9bute ce samedi 26 juin \u00e0 Brest. D\u00e9couvrez le profil des 21 \u00e9tapes de la Grande Boucle.\" \/>\n<meta property=\"og:url\" content=\"https:\/\/dicodusport.fr\/blog\/tour-de-france-2021-profil-des-21-etapes\/\" \/>\n<meta property=\"og:site_name\" content=\"Dicodusport\" \/>\n<meta property=\"article:publisher\" content=\"https:\/\/www.facebook.com\/dicodusport\" \/>\n<meta property=\"article:author\" content=\"https:\/\/www.facebook.com\/florent.ostermann\" \/>\n<meta property=\"article:published_time\" content=\"2021-06-22T09:56:20+00:00\" \/>\n<meta property=\"article:modified_time\" content=\"2022-06-24T12:21:23+00:00\" \/>\n<meta property=\"og:image\" content=\"https:\/\/dicodusport.fr\/blog\/wp-content\/uploads\/2021\/06\/Tour-de-France-2021-Le-profil-des-21-etapes.png\" \/>\n\t<meta property=\"og:image:width\" content=\"1200\" \/>\n\t<meta property=\"og:image:height\" content=\"670\" \/>\n\t<meta property=\"og:image:type\" content=\"image\/png\" \/>\n<meta name=\"author\" content=\"Flo Ostermann\" \/>\n<meta name=\"twitter:card\" content=\"summary_large_image\" \/>\n<meta name=\"twitter:title\" content=\"Tour de France 2020 : Le profil des 21 \u00e9tapes\" \/>\n<meta name=\"twitter:creator\" content=\"@https:\/\/twitter.com\/FlOstermann\" \/>\n<meta name=\"twitter:site\" content=\"@dicodusport\" \/>\n<script type=\"application\/ld+json\" class=\"yoast-schema-graph\">{\"@context\":\"https:\/\/schema.org\",\"@graph\":[{\"@type\":\"NewsArticle\",\"@id\":\"https:\/\/dicodusport.fr\/blog\/tour-de-france-2021-profil-des-21-etapes\/#article\",\"isPartOf\":{\"@id\":\"https:\/\/dicodusport.fr\/blog\/tour-de-france-2021-profil-des-21-etapes\/\"},\"author\":{\"name\":\"Flo Ostermann\",\"@id\":\"https:\/\/dicodusport.fr\/blog\/#\/schema\/person\/cb02af4c173ce4a653b55e9baf388d4a\"},\"headline\":\"Tour de France 2021 : Le profil des 21 \u00e9tapes\",\"datePublished\":\"2021-06-22T09:56:20+00:00\",\"dateModified\":\"2022-06-24T12:21:23+00:00\",\"mainEntityOfPage\":{\"@id\":\"https:\/\/dicodusport.fr\/blog\/tour-de-france-2021-profil-des-21-etapes\/\"},\"wordCount\":1150,\"commentCount\":0,\"publisher\":{\"@id\":\"https:\/\/dicodusport.fr\/blog\/#organization\"},\"image\":{\"@id\":\"https:\/\/dicodusport.fr\/blog\/tour-de-france-2021-profil-des-21-etapes\/#primaryimage\"},\"thumbnailUrl\":\"https:\/\/dicodusport.fr\/blog\/wp-content\/uploads\/2021\/06\/Tour-de-France-2021-Le-profil-des-21-etapes.png\",\"keywords\":[\"Cyclisme\"],\"articleSection\":[\"Tour de France\"],\"inLanguage\":\"fr-FR\",\"potentialAction\":[{\"@type\":\"CommentAction\",\"name\":\"Comment\",\"target\":[\"https:\/\/dicodusport.fr\/blog\/tour-de-france-2021-profil-des-21-etapes\/#respond\"]}],\"copyrightYear\":\"2021\",\"copyrightHolder\":{\"@id\":\"https:\/\/dicodusport.fr\/blog\/#organization\"}},{\"@type\":\"WebPage\",\"@id\":\"https:\/\/dicodusport.fr\/blog\/tour-de-france-2021-profil-des-21-etapes\/\",\"url\":\"https:\/\/dicodusport.fr\/blog\/tour-de-france-2021-profil-des-21-etapes\/\",\"name\":\"Tour de France 2021 : Le profil des 21 \u00e9tapes\",\"isPartOf\":{\"@id\":\"https:\/\/dicodusport.fr\/blog\/#website\"},\"primaryImageOfPage\":{\"@id\":\"https:\/\/dicodusport.fr\/blog\/tour-de-france-2021-profil-des-21-etapes\/#primaryimage\"},\"image\":{\"@id\":\"https:\/\/dicodusport.fr\/blog\/tour-de-france-2021-profil-des-21-etapes\/#primaryimage\"},\"thumbnailUrl\":\"https:\/\/dicodusport.fr\/blog\/wp-content\/uploads\/2021\/06\/Tour-de-France-2021-Le-profil-des-21-etapes.png\",\"datePublished\":\"2021-06-22T09:56:20+00:00\",\"dateModified\":\"2022-06-24T12:21:23+00:00\",\"description\":\"CYCLISME - Le Tour de France 2021 d\u00e9bute ce samedi 26 juin \u00e0 Brest. D\u00e9couvrez le profil des 21 \u00e9tapes de la Grande Boucle.\",\"inLanguage\":\"fr-FR\",\"potentialAction\":[{\"@type\":\"ReadAction\",\"target\":[\"https:\/\/dicodusport.fr\/blog\/tour-de-france-2021-profil-des-21-etapes\/\"]}]},{\"@type\":\"ImageObject\",\"inLanguage\":\"fr-FR\",\"@id\":\"https:\/\/dicodusport.fr\/blog\/tour-de-france-2021-profil-des-21-etapes\/#primaryimage\",\"url\":\"https:\/\/dicodusport.fr\/blog\/wp-content\/uploads\/2021\/06\/Tour-de-France-2021-Le-profil-des-21-etapes.png\",\"contentUrl\":\"https:\/\/dicodusport.fr\/blog\/wp-content\/uploads\/2021\/06\/Tour-de-France-2021-Le-profil-des-21-etapes.png\",\"width\":1200,\"height\":670,\"caption\":\"Tour de France 2021 - Le profil des 21 \u00e9tapes\"},{\"@type\":\"WebSite\",\"@id\":\"https:\/\/dicodusport.fr\/blog\/#website\",\"url\":\"https:\/\/dicodusport.fr\/blog\/\",\"name\":\"Dicodusport\",\"description\":\"L&#039;encyclop\u00e9die de l&#039;actualit\u00e9 sportive\",\"publisher\":{\"@id\":\"https:\/\/dicodusport.fr\/blog\/#organization\"},\"potentialAction\":[{\"@type\":\"SearchAction\",\"target\":{\"@type\":\"EntryPoint\",\"urlTemplate\":\"https:\/\/dicodusport.fr\/blog\/?s={search_term_string}\"},\"query-input\":{\"@type\":\"PropertyValueSpecification\",\"valueRequired\":true,\"valueName\":\"search_term_string\"}}],\"inLanguage\":\"fr-FR\"},{\"@type\":\"NewsMediaOrganization\",\"@id\":\"https:\/\/dicodusport.fr\/blog\/#organization\",\"name\":\"Dicodusport\",\"url\":\"https:\/\/dicodusport.fr\/blog\/\",\"logo\":{\"@type\":\"ImageObject\",\"inLanguage\":\"fr-FR\",\"@id\":\"https:\/\/dicodusport.fr\/blog\/#\/schema\/logo\/image\/\",\"url\":\"https:\/\/dicodusport.fr\/blog\/wp-content\/uploads\/2020\/06\/cropped-LOGO-DICODUSPORT-2020-SANS-FOND-SANS-TEXTE.png\",\"contentUrl\":\"https:\/\/dicodusport.fr\/blog\/wp-content\/uploads\/2020\/06\/cropped-LOGO-DICODUSPORT-2020-SANS-FOND-SANS-TEXTE.png\",\"width\":512,\"height\":512,\"caption\":\"Dicodusport\"},\"image\":{\"@id\":\"https:\/\/dicodusport.fr\/blog\/#\/schema\/logo\/image\/\"},\"sameAs\":[\"https:\/\/www.facebook.com\/dicodusport\",\"https:\/\/x.com\/dicodusport\",\"https:\/\/www.instagram.com\/dicodusport\/\",\"https:\/\/www.youtube.com\/channel\/UC7V2KZ5sd3htJivAbA4ZG3w\"],\"description\":\"Dicodusport est l'encyclop\u00e9die de l'actualit\u00e9 sportive.\",\"email\":\"bonjour@dicodusport.fr\",\"legalName\":\"DICODUSPORT\",\"foundingDate\":\"2018-01-14\",\"vatID\":\"FR71834470973\",\"taxID\":\"83447097300043\",\"numberOfEmployees\":{\"@type\":\"QuantitativeValue\",\"minValue\":\"1\",\"maxValue\":\"10\"}},{\"@type\":\"Person\",\"@id\":\"https:\/\/dicodusport.fr\/blog\/#\/schema\/person\/cb02af4c173ce4a653b55e9baf388d4a\",\"name\":\"Flo Ostermann\",\"image\":{\"@type\":\"ImageObject\",\"inLanguage\":\"fr-FR\",\"@id\":\"https:\/\/dicodusport.fr\/blog\/#\/schema\/person\/image\/\",\"url\":\"https:\/\/dicodusport.fr\/blog\/wp-content\/uploads\/2021\/05\/Flo-Ostermann-150x150.jpg\",\"contentUrl\":\"https:\/\/dicodusport.fr\/blog\/wp-content\/uploads\/2021\/05\/Flo-Ostermann-150x150.jpg\",\"caption\":\"Flo Ostermann\"},\"description\":\"Journaliste\/R\u00e9dacteur depuis septembre 2015 - Mes premiers souvenirs dans le sport ? Les envol\u00e9es du Stade Toulousain et les duels Villeneuve-Schumacher et H\u00e4kkinen-Schumacher \u00e0 la fin des ann\u00e9es 90, la Coupe du monde de football en 1998, l\u2019exploit du XV de France face aux All Blacks en 1999, mais aussi Richard C\u0153ur de Lion qui vole sur les montagnes du Tour de France. Bien parti pour devenir professeur d\u2019EPS, les \u00e9v\u00e9nements de la vie (et la flemme d\u2019animer des s\u00e9ances de 3x500 m\u00e8tres toute ma vie) m\u2019ont conduit \u00e0 revoir mes plans. Me voil\u00e0 depuis fin 2017 sur Dicodusport, m\u00e9dia gr\u00e2ce (et pour) lequel je partage ma passion : le sport dans tous ses \u00e9tats. Le tout accompagn\u00e9 par les fous furieux et folles furieuses cit\u00e9s sur cette page !\",\"sameAs\":[\"https:\/\/www.facebook.com\/florent.ostermann\",\"https:\/\/x.com\/https:\/\/twitter.com\/FlOstermann\",\"admin\"],\"url\":\"https:\/\/dicodusport.fr\/blog\/author\/flo\/\"}]}<\/script>\n<!-- \/ Yoast SEO Premium plugin. -->","yoast_head_json":{"title":"Tour de France 2021 : Le profil des 21 \u00e9tapes","description":"CYCLISME - Le Tour de France 2021 d\u00e9bute ce samedi 26 juin \u00e0 Brest. D\u00e9couvrez le profil des 21 \u00e9tapes de la Grande Boucle.","robots":{"index":"index","follow":"follow","max-snippet":"max-snippet:-1","max-image-preview":"max-image-preview:large","max-video-preview":"max-video-preview:-1"},"canonical":"https:\/\/dicodusport.fr\/blog\/tour-de-france-2021-profil-des-21-etapes\/","next":"https:\/\/dicodusport.fr\/blog\/tour-de-france-2021-profil-des-21-etapes\/2\/","og_locale":"fr_FR","og_type":"article","og_title":"Tour de France 2020 : Le profil des 21 \u00e9tapes","og_description":"CYCLISME - Le Tour de France 2021 d\u00e9bute ce samedi 26 juin \u00e0 Brest. D\u00e9couvrez le profil des 21 \u00e9tapes de la Grande Boucle.","og_url":"https:\/\/dicodusport.fr\/blog\/tour-de-france-2021-profil-des-21-etapes\/","og_site_name":"Dicodusport","article_publisher":"https:\/\/www.facebook.com\/dicodusport","article_author":"https:\/\/www.facebook.com\/florent.ostermann","article_published_time":"2021-06-22T09:56:20+00:00","article_modified_time":"2022-06-24T12:21:23+00:00","og_image":[{"width":1200,"height":670,"url":"https:\/\/dicodusport.fr\/blog\/wp-content\/uploads\/2021\/06\/Tour-de-France-2021-Le-profil-des-21-etapes.png","type":"image\/png"}],"author":"Flo Ostermann","twitter_card":"summary_large_image","twitter_title":"Tour de France 2020 : Le profil des 21 \u00e9tapes","twitter_creator":"@https:\/\/twitter.com\/FlOstermann","twitter_site":"@dicodusport","schema":{"@context":"https:\/\/schema.org","@graph":[{"@type":"NewsArticle","@id":"https:\/\/dicodusport.fr\/blog\/tour-de-france-2021-profil-des-21-etapes\/#article","isPartOf":{"@id":"https:\/\/dicodusport.fr\/blog\/tour-de-france-2021-profil-des-21-etapes\/"},"author":{"name":"Flo Ostermann","@id":"https:\/\/dicodusport.fr\/blog\/#\/schema\/person\/cb02af4c173ce4a653b55e9baf388d4a"},"headline":"Tour de France 2021 : Le profil des 21 \u00e9tapes","datePublished":"2021-06-22T09:56:20+00:00","dateModified":"2022-06-24T12:21:23+00:00","mainEntityOfPage":{"@id":"https:\/\/dicodusport.fr\/blog\/tour-de-france-2021-profil-des-21-etapes\/"},"wordCount":1150,"commentCount":0,"publisher":{"@id":"https:\/\/dicodusport.fr\/blog\/#organization"},"image":{"@id":"https:\/\/dicodusport.fr\/blog\/tour-de-france-2021-profil-des-21-etapes\/#primaryimage"},"thumbnailUrl":"https:\/\/dicodusport.fr\/blog\/wp-content\/uploads\/2021\/06\/Tour-de-France-2021-Le-profil-des-21-etapes.png","keywords":["Cyclisme"],"articleSection":["Tour de France"],"inLanguage":"fr-FR","potentialAction":[{"@type":"CommentAction","name":"Comment","target":["https:\/\/dicodusport.fr\/blog\/tour-de-france-2021-profil-des-21-etapes\/#respond"]}],"copyrightYear":"2021","copyrightHolder":{"@id":"https:\/\/dicodusport.fr\/blog\/#organization"}},{"@type":"WebPage","@id":"https:\/\/dicodusport.fr\/blog\/tour-de-france-2021-profil-des-21-etapes\/","url":"https:\/\/dicodusport.fr\/blog\/tour-de-france-2021-profil-des-21-etapes\/","name":"Tour de France 2021 : Le profil des 21 \u00e9tapes","isPartOf":{"@id":"https:\/\/dicodusport.fr\/blog\/#website"},"primaryImageOfPage":{"@id":"https:\/\/dicodusport.fr\/blog\/tour-de-france-2021-profil-des-21-etapes\/#primaryimage"},"image":{"@id":"https:\/\/dicodusport.fr\/blog\/tour-de-france-2021-profil-des-21-etapes\/#primaryimage"},"thumbnailUrl":"https:\/\/dicodusport.fr\/blog\/wp-content\/uploads\/2021\/06\/Tour-de-France-2021-Le-profil-des-21-etapes.png","datePublished":"2021-06-22T09:56:20+00:00","dateModified":"2022-06-24T12:21:23+00:00","description":"CYCLISME - Le Tour de France 2021 d\u00e9bute ce samedi 26 juin \u00e0 Brest. D\u00e9couvrez le profil des 21 \u00e9tapes de la Grande Boucle.","inLanguage":"fr-FR","potentialAction":[{"@type":"ReadAction","target":["https:\/\/dicodusport.fr\/blog\/tour-de-france-2021-profil-des-21-etapes\/"]}]},{"@type":"ImageObject","inLanguage":"fr-FR","@id":"https:\/\/dicodusport.fr\/blog\/tour-de-france-2021-profil-des-21-etapes\/#primaryimage","url":"https:\/\/dicodusport.fr\/blog\/wp-content\/uploads\/2021\/06\/Tour-de-France-2021-Le-profil-des-21-etapes.png","contentUrl":"https:\/\/dicodusport.fr\/blog\/wp-content\/uploads\/2021\/06\/Tour-de-France-2021-Le-profil-des-21-etapes.png","width":1200,"height":670,"caption":"Tour de France 2021 - Le profil des 21 \u00e9tapes"},{"@type":"WebSite","@id":"https:\/\/dicodusport.fr\/blog\/#website","url":"https:\/\/dicodusport.fr\/blog\/","name":"Dicodusport","description":"L&#039;encyclop\u00e9die de l&#039;actualit\u00e9 sportive","publisher":{"@id":"https:\/\/dicodusport.fr\/blog\/#organization"},"potentialAction":[{"@type":"SearchAction","target":{"@type":"EntryPoint","urlTemplate":"https:\/\/dicodusport.fr\/blog\/?s={search_term_string}"},"query-input":{"@type":"PropertyValueSpecification","valueRequired":true,"valueName":"search_term_string"}}],"inLanguage":"fr-FR"},{"@type":"NewsMediaOrganization","@id":"https:\/\/dicodusport.fr\/blog\/#organization","name":"Dicodusport","url":"https:\/\/dicodusport.fr\/blog\/","logo":{"@type":"ImageObject","inLanguage":"fr-FR","@id":"https:\/\/dicodusport.fr\/blog\/#\/schema\/logo\/image\/","url":"https:\/\/dicodusport.fr\/blog\/wp-content\/uploads\/2020\/06\/cropped-LOGO-DICODUSPORT-2020-SANS-FOND-SANS-TEXTE.png","contentUrl":"https:\/\/dicodusport.fr\/blog\/wp-content\/uploads\/2020\/06\/cropped-LOGO-DICODUSPORT-2020-SANS-FOND-SANS-TEXTE.png","width":512,"height":512,"caption":"Dicodusport"},"image":{"@id":"https:\/\/dicodusport.fr\/blog\/#\/schema\/logo\/image\/"},"sameAs":["https:\/\/www.facebook.com\/dicodusport","https:\/\/x.com\/dicodusport","https:\/\/www.instagram.com\/dicodusport\/","https:\/\/www.youtube.com\/channel\/UC7V2KZ5sd3htJivAbA4ZG3w"],"description":"Dicodusport est l'encyclop\u00e9die de l'actualit\u00e9 sportive.","email":"bonjour@dicodusport.fr","legalName":"DICODUSPORT","foundingDate":"2018-01-14","vatID":"FR71834470973","taxID":"83447097300043","numberOfEmployees":{"@type":"QuantitativeValue","minValue":"1","maxValue":"10"}},{"@type":"Person","@id":"https:\/\/dicodusport.fr\/blog\/#\/schema\/person\/cb02af4c173ce4a653b55e9baf388d4a","name":"Flo Ostermann","image":{"@type":"ImageObject","inLanguage":"fr-FR","@id":"https:\/\/dicodusport.fr\/blog\/#\/schema\/person\/image\/","url":"https:\/\/dicodusport.fr\/blog\/wp-content\/uploads\/2021\/05\/Flo-Ostermann-150x150.jpg","contentUrl":"https:\/\/dicodusport.fr\/blog\/wp-content\/uploads\/2021\/05\/Flo-Ostermann-150x150.jpg","caption":"Flo Ostermann"},"description":"Journaliste\/R\u00e9dacteur depuis septembre 2015 - Mes premiers souvenirs dans le sport ? Les envol\u00e9es du Stade Toulousain et les duels Villeneuve-Schumacher et H\u00e4kkinen-Schumacher \u00e0 la fin des ann\u00e9es 90, la Coupe du monde de football en 1998, l\u2019exploit du XV de France face aux All Blacks en 1999, mais aussi Richard C\u0153ur de Lion qui vole sur les montagnes du Tour de France. Bien parti pour devenir professeur d\u2019EPS, les \u00e9v\u00e9nements de la vie (et la flemme d\u2019animer des s\u00e9ances de 3x500 m\u00e8tres toute ma vie) m\u2019ont conduit \u00e0 revoir mes plans. Me voil\u00e0 depuis fin 2017 sur Dicodusport, m\u00e9dia gr\u00e2ce (et pour) lequel je partage ma passion : le sport dans tous ses \u00e9tats. Le tout accompagn\u00e9 par les fous furieux et folles furieuses cit\u00e9s sur cette page !","sameAs":["https:\/\/www.facebook.com\/florent.ostermann","https:\/\/x.com\/https:\/\/twitter.com\/FlOstermann","admin"],"url":"https:\/\/dicodusport.fr\/blog\/author\/flo\/"}]}},"_links":{"self":[{"href":"https:\/\/dicodusport.fr\/blog\/wp-json\/wp\/v2\/posts\/141206","targetHints":{"allow":["GET"]}}],"collection":[{"href":"https:\/\/dicodusport.fr\/blog\/wp-json\/wp\/v2\/posts"}],"about":[{"href":"https:\/\/dicodusport.fr\/blog\/wp-json\/wp\/v2\/types\/post"}],"author":[{"embeddable":true,"href":"https:\/\/dicodusport.fr\/blog\/wp-json\/wp\/v2\/users\/4"}],"replies":[{"embeddable":true,"href":"https:\/\/dicodusport.fr\/blog\/wp-json\/wp\/v2\/comments?post=141206"}],"version-history":[{"count":0,"href":"https:\/\/dicodusport.fr\/blog\/wp-json\/wp\/v2\/posts\/141206\/revisions"}],"wp:featuredmedia":[{"embeddable":true,"href":"https:\/\/dicodusport.fr\/blog\/wp-json\/wp\/v2\/media\/141241"}],"wp:attachment":[{"href":"https:\/\/dicodusport.fr\/blog\/wp-json\/wp\/v2\/media?parent=141206"}],"wp:term":[{"taxonomy":"category","embeddable":true,"href":"https:\/\/dicodusport.fr\/blog\/wp-json\/wp\/v2\/categories?post=141206"},{"taxonomy":"post_tag","embeddable":true,"href":"https:\/\/dicodusport.fr\/blog\/wp-json\/wp\/v2\/tags?post=141206"}],"curies":[{"name":"wp","href":"https:\/\/api.w.org\/{rel}","templated":true}]}}