{"id":141208,"date":"2021-06-27T17:07:20","date_gmt":"2021-06-27T15:07:20","guid":{"rendered":"https:\/\/dicodusport.fr\/blog\/?p=141208&#038;preview=true&#038;preview_id=141208"},"modified":"2021-06-27T17:07:16","modified_gmt":"2021-06-27T15:07:16","slug":"athletisme-championnats-de-france-elite-2021-programme-et-resultats","status":"publish","type":"post","link":"https:\/\/dicodusport.fr\/blog\/athletisme-championnats-de-france-elite-2021-programme-et-resultats\/","title":{"rendered":"Athl\u00e9tisme &#8211; Championnats de France \u00c9lite 2021 : programme et r\u00e9sultats"},"content":{"rendered":"<p style=\"text-align: justify;\"><strong><em>Les Championnats de France d&rsquo;athl\u00e9tisme \u00c9lite se d\u00e9roulent du vendredi 25 juin au dimanche 27 juin \u00e0 Albi. Voici le programme et les r\u00e9sultats.<\/em><\/strong><\/p>\n<p style=\"text-align: justify;\">Les Championnats de France d&rsquo;athl\u00e9tisme \u00c9lite ont lieu du 25 au 27 juin \u00e0 Angers au Stade Josette et Roger Mikulak. De nombreux cadors manqueront \u00e0 l&rsquo;appel comme Yohann Diniz qui poursuit sa pr\u00e9paration olympique, Quentin Bigot touch\u00e9 au dos, Pascal Martinot-Lagarde, Jimmy Vicaut ou Pierre-Ambroise Bosse. C&rsquo;est \u00e9galement le cas de <strong>Christophe Lemaitre<\/strong> qui n&rsquo;est pas \u00e0 \u201c<em>100% de ses moyens physiques, suite notamment \u00e0 de mauvaises r\u00e9actions aux vaccins contre la COVID-19\u201d<\/em>. Le sprinteur n&rsquo;avait pas encore r\u00e9alis\u00e9 le niveau de performance requis pour les Jeux Olympiques et ne pourra donc pas y participer en individuel.<\/p>\n<h2>Retransmission<\/h2>\n<p style=\"text-align: justify;\">Les championnats seront \u00e0 suivre sur <strong>La cha\u00eene l&rsquo;Equipe<\/strong> le samedi 26 juin \u00e0 15h40 et le dimanche 27 juin \u00e0 14h. En dehors des retransmissions t\u00e9l\u00e9vis\u00e9es, les Championnats seront \u00e0 suivre en int\u00e9gralit\u00e9 sur l&rsquo;application <strong><a href=\"https:\/\/www.sportall.fr\/application\/\" target=\"_blank\" rel=\"noopener\">Sportall<\/a><\/strong> et sur la <strong><a href=\"https:\/\/live.lequipe.fr\/\" target=\"_blank\" rel=\"noopener\">plateforme de l&rsquo;Equipe<\/a><\/strong>.<\/p>\n<h2 style=\"text-align: justify;\">Le programme complet<\/h2>\n<p><span style=\"font-size: 14px;\"><em>Horaires susceptibles de modification<\/em><\/span><\/p>\n<p><a href=\"http:\/\/direct.athle.fr\/asp.net\/main.lives\/direct.aspx?competition=251185\" target=\"_blank\" rel=\"noopener\"><span style=\"font-size: 20px;\"><strong>Tous les r\u00e9sultats<\/strong><\/span><\/a><\/p>\n<p style=\"text-align: justify;\"><div class=\"su-tabs su-tabs-style-default su-tabs-mobile-stack\" data-active=\"3\" data-scroll-offset=\"0\" data-anchor-in-url=\"no\"><div class=\"su-tabs-nav\"><span class=\"\" data-url=\"\" data-target=\"blank\" tabindex=\"0\" role=\"button\">Vendredi 25 juin<\/span><span class=\"\" data-url=\"\" data-target=\"blank\" tabindex=\"0\" role=\"button\">Samedi 26 juin<\/span><span class=\"\" data-url=\"\" data-target=\"blank\" tabindex=\"0\" role=\"button\">Dimanche 27 juin<\/span><\/div><div class=\"su-tabs-panes\"><div class=\"su-tabs-pane su-u-clearfix su-u-trim\" data-title=\"Vendredi 25 juin\">\n<p style=\"text-align: justify;\"><strong>13h30 : <\/strong>d\u00e9cathlon &#8211; 100 m H<br \/>\n<strong>14h :<\/strong> heptathlon &#8211; 100 m haies<br \/>\n<strong>14h :<\/strong> <strong>finale lancer du disque H<\/strong><br \/>\n<strong>14h15 : <\/strong>d\u00e9cathlon &#8211; longueur H<strong><br \/>\n14h55 :\u00a0<\/strong>heptathlon &#8211; hauteur F<strong><br \/>\n15h55 : <\/strong>d\u00e9cathlon &#8211; poids H<strong><br \/>\n16h45 : finale lancer du javelot F<br \/>\n<\/strong><strong>17h05 : <\/strong>s\u00e9ries 400 m F<br \/>\n<strong>17h35 : <\/strong>s\u00e9ries 800 m H<br \/>\n<strong>17h45 :<\/strong> d\u00e9cathlon &#8211; hauteur H<br \/>\n<strong>18h10 :\u00a0<\/strong>heptathlon &#8211; poids F<br \/>\n<strong>18h20 :<\/strong> s\u00e9ries 400 m haies H<br \/>\n<strong>18h50 : <\/strong>s\u00e9ries 1500 m F<br \/>\n<strong>19h : finale lancer du javelot H<\/strong><br \/>\n<strong>19h15 : finale 5000 m F<\/strong><br \/>\n<strong>19h45 : <\/strong>heptathlon &#8211; 200 m F<br \/>\n<strong>20h15 : <\/strong>d\u00e9cathlon &#8211; 400 m H<strong><br \/>\n<\/strong><\/div>\n<div class=\"su-tabs-pane su-u-clearfix su-u-trim\" data-title=\"Samedi 26 juin\">\n<p><strong>10h30 : <\/strong>d\u00e9cathlon &#8211; 110 m haies H<br \/>\n<strong>11h15 : <\/strong>d\u00e9cathlon &#8211; disque H<br \/>\n<strong>13h25 : <\/strong>d\u00e9cathlon &#8211; perche H<strong><br \/>\n13h25 : <\/strong>s\u00e9ries 110 m haies H<br \/>\n<strong>13h45 : finale saut en longueur F<br \/>\n<\/strong><strong>14h : finale lancer du disque F<\/strong><br \/>\n<strong>14h05 :<\/strong> s\u00e9ries 400 m H<br \/>\n<strong>14h30 : finale 3000 m steeple F<\/strong><br \/>\n<strong>14h45 :<\/strong> s\u00e9ries 100 m F<br \/>\n<strong>15h10 :<\/strong> s\u00e9ries 100 m H<br \/>\n<strong>15h10 : finale lancer du poids H<\/strong><br \/>\n<strong>15h40 : <\/strong>s\u00e9ries 110 m haies<strong><br \/>\n15h50 : finale triple saut H<\/strong><br \/>\n<strong>16h : <\/strong>heptathlon &#8211; longueur F<strong><br \/>\n16h05 :\u00a0 finale 800 m H<br \/>\n16h15 : finale 400 m F<\/strong><br \/>\n<strong>16h25 : finale 1500 m F<br \/>\n<\/strong><strong>16h30 : <\/strong>d\u00e9cathlon &#8211; javelot H<br \/>\n<strong>16h40 : finale 400 m haies H<\/strong><br \/>\n<strong>16h50 :<\/strong> <strong>finale 100 m F<br \/>\n16h50 : finale saut \u00e0 la perche F<\/strong><br \/>\n<strong>17h : finale 100 m H<\/strong><br \/>\n<strong>17h15 : finale 110 m haies H<\/strong><br \/>\n<strong>17h20 : finale saut en hauteur H<\/strong><br \/>\n<strong>17h30 : <\/strong>s\u00e9ries 800 m F<strong><br \/>\n17h45 :<\/strong> heptathlon &#8211; javelot F<br \/>\n<strong>17h55 :<\/strong> s\u00e9ries 400 m haies F<br \/>\n<strong>18h20 : d\u00e9cathlon &#8211; 1500 m H<\/strong><br \/>\n<strong>18h30 : <\/strong>s\u00e9ries 1500 m H<br \/>\n<strong>18h55 : finale 5000 m H<\/strong><br \/>\n<strong>19h20 : heptathlon &#8211; 800 m F<\/strong><\/p>\n<\/div>\n<div class=\"su-tabs-pane su-u-clearfix su-u-trim\" data-title=\"Dimanche 27 juin\">\n<p style=\"text-align: justify;\"><strong>9h : finale 10 km marche H<br \/>\n10h : finale 10 km marche F<\/strong><br \/>\n<strong>13h : finale lancer du marteau H<br \/>\n<\/strong><strong>13h30 : finale triple saut F<br \/>\n<\/strong><strong>13h45 : <\/strong>s\u00e9ries 200 m F<br \/>\n<strong>14h10 : <\/strong>s\u00e9ries 200 m H<br \/>\n<strong>14h15 : finale saut \u00e0 la perche H<\/strong><br \/>\n<strong>14h30 : finale saut en hauteur F<\/strong><br \/>\n<strong>14h35 : <\/strong>s\u00e9ries 100 m haies F<strong><br \/>\n<\/strong><strong>15h : finale lancer du poids F<br \/>\n15h10 : finale 800 m F<\/strong><br \/>\n<strong>15h30 : finale 400 m haies F<br \/>\n15h30 : finale lancer du marteau F<br \/>\n<\/strong><strong>15h40 : finale 4<\/strong><strong>00 m H<\/strong><strong><br \/>\n15h40 : finale saut en longueur H<\/strong><br \/>\n<strong>15h50 : finale 15<\/strong><strong>00 m H<\/strong><br \/>\n<strong>16h10 : finale 1<\/strong><strong>00 m haies F<\/strong><br \/>\n<strong>16h25 : finale 30<\/strong><strong>00 m steeple H<\/strong><br \/>\n<strong>16h44 : finale 200 m F<\/strong><br \/>\n<strong>16h54 : finale 200 m F<br \/>\n<\/strong><\/p>\n<p style=\"text-align: justify;\"><\/div><\/div><\/div>\n<h2>Les podiums<\/h2>\n<h3 style=\"text-align: justify;\">Femmes<\/h3>\n<table style=\"width: 800px; border-collapse: collapse;\">\n<tbody>\n<tr>\n<td style=\"text-align: center; width: 200px;\"><strong>\u00c9preuves<\/strong><\/td>\n<td style=\"background-color: #fff242; text-align: center; width: 200px;\"><strong>Or<\/strong><\/td>\n<td style=\"background-color: #a8a8a8; text-align: center; width: 200px;\"><strong>Argent<\/strong><\/td>\n<td style=\"background-color: #c97159; text-align: center; width: 200px;\"><strong>Bronze<\/strong><\/td>\n<\/tr>\n<tr>\n<td style=\"text-align: center; width: 200px;\"><strong>100 m<\/strong><\/td>\n<td style=\"text-align: center; width: 200px;\">Orlann Ombissa-Dzangue<br \/>\n11\u203329 <strong>SB<\/strong><\/td>\n<td style=\"text-align: center; width: 200px;\">Cynthia Leduc<br \/>\n11\u203330 <strong>PB<\/strong><\/td>\n<td style=\"text-align: center; width: 200px;\">Carolle Zahi<br \/>\n11\u203334<\/td>\n<\/tr>\n<tr>\n<td style=\"text-align: center; width: 200px;\"><strong>200 m<\/strong><\/td>\n<td style=\"text-align: center; width: 200px;\">Carolle Zahi<br \/>\n23\u203324<\/td>\n<td style=\"text-align: center; width: 200px;\">Gemima Joseph<br \/>\n23\u203337<\/td>\n<td style=\"text-align: center; width: 200px;\">Wided Atatou<br \/>\n23\u203338<\/td>\n<\/tr>\n<tr>\n<td style=\"text-align: center; width: 200px;\"><strong>400 m<\/strong><\/td>\n<td style=\"text-align: center; width: 200px;\">Amandine Brossier<br \/>\n51\u203347<\/td>\n<td style=\"text-align: center; width: 200px;\">Floria Gue\u00ef<br \/>\n51\u203377<\/td>\n<td style=\"text-align: center; width: 200px;\">Brigitte Ntiamoah<br \/>\n52\u203321 <strong>PB<\/strong><\/td>\n<\/tr>\n<tr>\n<td style=\"text-align: center; width: 200px;\"><strong>800 m<\/strong><\/td>\n<td style=\"text-align: center; width: 200px;\">R\u00e9nelle Lamote<br \/>\n2\u203200\u203335<\/td>\n<td style=\"text-align: center; width: 200px;\">Charlotte Pizzo<br \/>\n2\u203201\u203340<\/td>\n<td style=\"text-align: center; width: 200px;\">Meriem Sahnoune<br \/>\n2\u203201\u203375 <strong>PB<\/strong><\/td>\n<\/tr>\n<tr>\n<td style=\"text-align: center; width: 200px;\"><strong>1500 m<\/strong><\/td>\n<td style=\"text-align: center; width: 200px;\">Aurore Fleury<br \/>\n4\u203211\u203339<\/td>\n<td style=\"text-align: center; width: 200px;\">Charlotte Mouchet<br \/>\n4\u203211\u203390 <strong>PB<\/strong><\/td>\n<td style=\"text-align: center; width: 200px;\">B\u00e9r\u00e9nice Cleyet-Merle<br \/>\n4\u203211\u203397<\/td>\n<\/tr>\n<tr>\n<td style=\"text-align: center; width: 200px;\"><strong>5000 m<\/strong><\/td>\n<td style=\"text-align: center; width: 200px;\">Leila Hadji<br \/>\n15\u203248\u203374 <strong>PB<\/strong><\/td>\n<td style=\"text-align: center; width: 200px;\">Alessia Zarbo<br \/>\n15\u203253\u203302 <strong>SB<\/strong><\/td>\n<td style=\"text-align: center; width: 200px;\">Susan Kipsang Jeptooo<br \/>\n15\u203254\u203384<\/td>\n<\/tr>\n<tr>\n<td style=\"text-align: center; width: 200px;\"><strong>100 m haies<\/strong><\/td>\n<td style=\"text-align: center; width: 200px;\">Cyr\u00e9na Samba-Mayela<br \/>\n12\u203380 <strong>MPF MPF ES<\/strong><\/td>\n<td style=\"text-align: center; width: 200px;\">Laura Valette<br \/>\n12\u203389<\/td>\n<td style=\"text-align: center; width: 200px;\">Fanny Quenot<br \/>\n12\u203397 <strong>SB<\/strong><\/td>\n<\/tr>\n<tr>\n<td style=\"text-align: center; width: 200px;\"><strong>400 m haies<\/strong><\/td>\n<td style=\"text-align: center; width: 200px;\">Shana Grebo<br \/>\n56\u203384 <strong>PB MPF MPF ES<\/strong><\/td>\n<td style=\"text-align: center; width: 200px;\">Camille Seri<br \/>\n57\u203314 <strong>PB<\/strong><\/td>\n<td style=\"text-align: center; width: 200px;\">Agn\u00e8s Raharolahy<br \/>\n57\u203316 <strong>PB<\/strong><\/td>\n<\/tr>\n<tr>\n<td style=\"text-align: center; width: 200px;\"><strong>3000 m steeple<\/strong><\/td>\n<td style=\"text-align: center; width: 200px;\">Flavie Renouard<br \/>\n9\u203246\u203381<\/td>\n<td style=\"text-align: center; width: 200px;\">Alexa Lemitre<br \/>\n9\u203249\u203318 <strong>PB<\/strong><\/td>\n<td style=\"text-align: center; width: 200px;\">Claire Palou<br \/>\n9\u203249\u203343<\/td>\n<\/tr>\n<tr>\n<td style=\"text-align: center; width: 200px;\"><strong>10000 m marche<\/strong><\/td>\n<td style=\"text-align: center; width: 200px;\">Cl\u00e9mence Beretta<br \/>\n44\u203247\u203378 <strong>PB RCH MPF<\/strong><\/td>\n<td style=\"text-align: center; width: 200px;\">Pauline Stey<br \/>\n45\u203203\u203376 <strong>PB RF ES MPF ES<\/strong><\/td>\n<td style=\"text-align: center; width: 200px;\">Elo\u00efse Terrec<br \/>\n45\u203229\u203348 <strong>PB<\/strong><\/td>\n<\/tr>\n<tr>\n<td style=\"text-align: center; width: 200px;\"><strong>Saut en hauteur<\/strong><\/td>\n<td style=\"text-align: center; width: 200px;\">Laureen Maxwell<br \/>\n1m91 <strong>PB MPF MPF JU<\/strong><\/td>\n<td style=\"text-align: center; width: 200px;\">Sol\u00e8ne Gicquel<br \/>\n1m89 <strong>PB<\/strong><\/td>\n<td style=\"text-align: center; width: 200px;\">Juliette Perez<br \/>\n1m82<\/td>\n<\/tr>\n<tr>\n<td style=\"text-align: center; width: 200px;\"><strong>Saut \u00e0 la perche<\/strong><\/td>\n<td style=\"text-align: center; width: 200px;\">Margot Chevrier<br \/>\n4m51 <strong>PB MPF MPF ES<\/strong><\/td>\n<td style=\"text-align: center; width: 200px;\">Jade Vigneron<br \/>\n4m30 <strong>PB<\/strong><\/td>\n<td style=\"text-align: center; width: 200px;\">Elina Giallurachis<br \/>\n4m30<\/td>\n<\/tr>\n<tr>\n<td style=\"text-align: center; width: 200px;\"><strong>Saut en longueur<\/strong><\/td>\n<td style=\"text-align: center; width: 200px;\">Yanis Esmeralda David<br \/>\n6m63 <strong>SB MPF<\/strong><\/td>\n<td style=\"text-align: center; width: 200px;\">Marie-Jeanne Ourega<br \/>\n6m51<\/td>\n<td style=\"text-align: center; width: 200px;\">Rougui Sow<br \/>\n6m46 <strong>SB<\/strong><\/td>\n<\/tr>\n<tr>\n<td style=\"text-align: center; width: 200px;\"><strong>Triple saut<\/strong><\/td>\n<td style=\"text-align: center; width: 200px;\">Victoria Josse<br \/>\n13m71 <strong>PB MPF ES<br \/>\n<\/strong><\/td>\n<td style=\"text-align: center; width: 200px;\">Jeanine Assani-Issouf<br \/>\n13m66<\/td>\n<td style=\"text-align: center; width: 200px;\">Ilionis Guillaume<br \/>\n13m31<\/td>\n<\/tr>\n<tr>\n<td style=\"text-align: center; width: 200px;\"><strong>Lancer du poids<\/strong><\/td>\n<td style=\"text-align: center; width: 200px;\">Amanda Ngandu-Ntumba<br \/>\n16m28 <strong>PB MPF MPF ES<\/strong><\/td>\n<td style=\"text-align: center; width: 200px;\">Caroline M\u00e9tayer<br \/>\n15m68 <strong>SB<\/strong><\/td>\n<td style=\"text-align: center; width: 200px;\">Nad\u00e8ge Mendy<br \/>\n15m01 <strong>SB<\/strong><\/td>\n<\/tr>\n<tr>\n<td style=\"text-align: center; width: 200px;\"><strong>Lancer du disque<\/strong><\/td>\n<td style=\"text-align: center; width: 200px;\">M\u00e9lina Robert-Michon<br \/>\n60m88<\/td>\n<td style=\"text-align: center; width: 200px;\">Ir\u00e8ne Donzelot<br \/>\n55m72 <strong>SB<\/strong><\/td>\n<td style=\"text-align: center; width: 200px;\">Amanda Ngandu-Ntumba<br \/>\n55m69<\/td>\n<\/tr>\n<tr>\n<td style=\"text-align: center; width: 200px;\"><strong>Lancer du marteau<\/strong><\/td>\n<td style=\"text-align: center; width: 200px;\">Alexandra Tavernier<br \/>\n73m85 <strong>RCH<\/strong><\/td>\n<td style=\"text-align: center; width: 200px;\">Rose Loga<br \/>\n69m48<\/td>\n<td style=\"text-align: center; width: 200px;\">Lorelei Tallandier<br \/>\n62m18<\/td>\n<\/tr>\n<tr>\n<td style=\"text-align: center; width: 200px;\"><strong>Lancer du javelot<\/strong><\/td>\n<td style=\"text-align: center; width: 200px;\">Jona Aigouy<br \/>\n56m64<\/td>\n<td style=\"text-align: center; width: 200px;\">Aliz\u00e9e Minard<br \/>\n54m00<\/td>\n<td style=\"text-align: center; width: 200px;\">Evelina Mendes<br \/>\n50m45<\/td>\n<\/tr>\n<tr>\n<td style=\"text-align: center; width: 200px;\"><strong>Heptathlon<br \/>\n<\/strong><\/td>\n<td style=\"text-align: center; width: 200px;\">Esther Turpin<br \/>\n5806 pts <strong>SB<\/strong><\/td>\n<td style=\"text-align: center; width: 200px;\">Antoinette Nana Djimou<br \/>\n5738 pts <strong>SB<\/strong><\/td>\n<td style=\"text-align: center; width: 200px;\">Annaelle Nyabeu Djapa<br \/>\n5729 pts<\/td>\n<\/tr>\n<\/tbody>\n<\/table>\n<h3 style=\"text-align: justify;\">Hommes<\/h3>\n<table style=\"width: 800px; border-collapse: collapse;\">\n<tbody>\n<tr>\n<td style=\"text-align: center; width: 200px;\"><strong>\u00c9preuves<\/strong><\/td>\n<td style=\"background-color: #fff242; text-align: center; width: 200px;\"><strong>Or<\/strong><\/td>\n<td style=\"background-color: #a8a8a8; text-align: center; width: 200px;\"><strong>Argent<\/strong><\/td>\n<td style=\"background-color: #c97159; text-align: center; width: 200px;\"><strong>Bronze<\/strong><\/td>\n<\/tr>\n<tr>\n<td style=\"text-align: center; width: 200px;\"><strong>100 m<\/strong><\/td>\n<td style=\"text-align: center; width: 200px;\">Mouhamadou Fall<br \/>\n10\u203329<\/td>\n<td style=\"text-align: center; width: 200px;\">M\u00e9ba-Micka\u00ebl Z\u00e9z\u00e9<br \/>\n10\u203340<\/td>\n<td style=\"text-align: center; width: 200px;\">Ryan Z\u00e9z\u00e9<br \/>\n10\u203349<\/td>\n<\/tr>\n<tr>\n<td style=\"text-align: center; width: 200px;\"><strong>200 m<\/strong><\/td>\n<td style=\"text-align: center; width: 200px;\">Mouhamadou Fall<br \/>\n20\u203361<\/td>\n<td style=\"text-align: center; width: 200px;\">Ryan Z\u00e9z\u00e9<br \/>\n21\u203309<\/td>\n<td style=\"text-align: center; width: 200px;\">Jeff Erius<br \/>\n21\u203322<\/td>\n<\/tr>\n<tr>\n<td style=\"text-align: center; width: 200px;\"><strong>400 m<\/strong><\/td>\n<td style=\"text-align: center; width: 200px;\">Gilles Biron<br \/>\n45\u203399<\/td>\n<td style=\"text-align: center; width: 200px;\">Muhammad Abdall Kounta<br \/>\n46\u203305 <strong>PB<\/strong><\/td>\n<td style=\"text-align: center; width: 200px;\">Mame-Ibra Anne<br \/>\n46\u203327 <strong>SB<\/strong><\/td>\n<\/tr>\n<tr>\n<td style=\"text-align: center; width: 200px;\"><strong>800 m<\/strong><\/td>\n<td style=\"text-align: center; width: 200px;\">Benjamin Robert<br \/>\n1\u203248\u203346<\/td>\n<td style=\"text-align: center; width: 200px;\">Gabriel Tual<br \/>\n1\u203246\u203386<\/td>\n<td style=\"text-align: center; width: 200px;\">Hugo Houyez<br \/>\n1\u203249\u203352<\/td>\n<\/tr>\n<tr>\n<td style=\"text-align: center; width: 200px;\"><strong>1500 m<\/strong><\/td>\n<td style=\"text-align: center; width: 200px;\">Baptiste Mischler<br \/>\n3\u203242\u203357<\/td>\n<td style=\"text-align: center; width: 200px;\">Alexis Miellet<br \/>\n3\u203243\u203306<\/td>\n<td style=\"text-align: center; width: 200px;\">Azeddine Habz<br \/>\n3\u203243\u203325<\/td>\n<\/tr>\n<tr>\n<td style=\"text-align: center; width: 200px;\"><strong>5000 m<\/strong><\/td>\n<td style=\"text-align: center; width: 200px;\">Hugo Hay<br \/>\n13\u203234\u203308<\/td>\n<td style=\"text-align: center; width: 200px;\">Jimmy Gressier<br \/>\n13\u203235\u203394<\/td>\n<td style=\"text-align: center; width: 200px;\">Yann Schrub<br \/>\n13\u203237\u203322 <strong>PB<\/strong><\/td>\n<\/tr>\n<tr>\n<td style=\"text-align: center; width: 200px;\"><strong>110 m haies<\/strong><\/td>\n<td style=\"text-align: center; width: 200px;\">Wilhem Belocian<br \/>\n13\u203315 <strong>PB<\/strong><\/td>\n<td style=\"text-align: center; width: 200px;\">Aurel Manga<br \/>\n13\u203324 <strong>PB<\/strong><\/td>\n<td style=\"text-align: center; width: 200px;\">Just Kwaou-Mathey<br \/>\n13\u203340<\/td>\n<\/tr>\n<tr>\n<td style=\"text-align: center; width: 200px;\"><strong>400 m haies<\/strong><\/td>\n<td style=\"text-align: center; width: 200px;\">Wilfried Happio<br \/>\n49\u203350<\/td>\n<td style=\"text-align: center; width: 200px;\">Ludvy Vaillant<br \/>\n50\u203305<\/td>\n<td style=\"text-align: center; width: 200px;\">Nicolas Jean Moulin<br \/>\n50\u203398 <strong>PB<\/strong><\/td>\n<\/tr>\n<tr>\n<td style=\"text-align: center; width: 200px;\"><strong>3000 m steeple<\/strong><\/td>\n<td style=\"text-align: center; width: 200px;\">Alexis Phelut<br \/>\n8\u203221\u203322<\/td>\n<td style=\"text-align: center; width: 200px;\">Djilali Bedrani<br \/>\n8\u203221\u203362<\/td>\n<td style=\"text-align: center; width: 200px;\">Louis Gilavert<br \/>\n8\u203224\u203355<\/td>\n<\/tr>\n<tr>\n<td style=\"text-align: center; width: 200px;\"><strong>10000 m marche<\/strong><\/td>\n<td style=\"text-align: center; width: 200px;\">Gabriel Bordier<br \/>\n39\u203231\u203361 <strong>PB MPF<\/strong><\/td>\n<td style=\"text-align: center; width: 200px;\">K\u00e9vin Campion<br \/>\n39\u203240\u203370 <strong>SB<\/strong><\/td>\n<td style=\"text-align: center; width: 200px;\">Aur\u00e9lien Quinion<br \/>\n40\u203257\u203303 <strong>PB<\/strong><\/td>\n<\/tr>\n<tr>\n<td style=\"text-align: center; width: 200px;\"><strong>Saut en hauteur<\/strong><\/td>\n<td style=\"text-align: center; width: 200px;\">Nathan Ismar<br \/>\n2m19 <strong>SB MPF ES<\/strong><\/td>\n<td style=\"text-align: center; width: 200px;\">Maxime Dubiez<br \/>\n2m13<\/td>\n<td style=\"text-align: center; width: 200px;\">S\u00e9bastien Micheau<br \/>\n2m13<\/td>\n<\/tr>\n<tr>\n<td style=\"text-align: center; width: 200px;\"><strong>Saut \u00e0 la perche<\/strong><\/td>\n<td style=\"text-align: center; width: 200px;\">Ethan Cormont<br \/>\n5m70<\/td>\n<td style=\"text-align: center; width: 200px;\">Renaud Lavillenie<br \/>\n5m70<\/td>\n<td style=\"text-align: center; width: 200px;\">Valentin Lavillenie<br \/>\n5m65<\/td>\n<\/tr>\n<tr>\n<td style=\"text-align: center; width: 200px;\"><strong>Saut en longueur<\/strong><\/td>\n<td style=\"text-align: center; width: 200px;\">Augustin Bey<br \/>\n7m90<\/td>\n<td style=\"text-align: center; width: 200px;\">Yann Randrianasolo<br \/>\n7m81<\/td>\n<td style=\"text-align: center; width: 200px;\">Jules Pommery<br \/>\n7m79 <strong>SB<\/strong><\/td>\n<\/tr>\n<tr>\n<td style=\"text-align: center; width: 200px;\"><strong>Triple saut<\/strong><\/td>\n<td style=\"text-align: center; width: 200px;\">Jean-Marc Pontvianne<br \/>\n16m88<\/td>\n<td style=\"text-align: center; width: 200px;\">Benjamin Compaor\u00e9<br \/>\n16m79<\/td>\n<td style=\"text-align: center; width: 200px;\">Melvin Raffin<br \/>\n16m78<\/td>\n<\/tr>\n<tr>\n<td style=\"text-align: center; width: 200px;\"><strong>Lancer du poids<\/strong><\/td>\n<td style=\"text-align: center; width: 200px;\">Fr\u00e9d\u00e9ric Dag\u00e9e<br \/>\n20m15 <strong>PB RF MPF RCH<br \/>\n<\/strong><\/td>\n<td style=\"text-align: center; width: 200px;\">Yann Moisan<br \/>\n18m17 <strong>PB<\/strong><\/td>\n<td style=\"text-align: center; width: 200px;\">Antoine Duponchel<br \/>\n18m14<\/td>\n<\/tr>\n<tr>\n<td style=\"text-align: center; width: 200px;\"><strong>Lancer du disque<\/strong><\/td>\n<td style=\"text-align: center; width: 200px;\">Tom Reux<br \/>\n60m68 <strong>PB MPF ES<\/strong><\/td>\n<td style=\"text-align: center; width: 200px;\">Lolassonn Djouhan<br \/>\n60m33<\/td>\n<td style=\"text-align: center; width: 200px;\">Lael Tirnan<br \/>\n54m09 <strong>PB<\/strong><\/td>\n<\/tr>\n<tr>\n<td style=\"text-align: center; width: 200px;\"><strong>Lancer du marteau<\/strong><\/td>\n<td style=\"text-align: center; width: 200px;\">Hugo Tavernier<br \/>\n72m80 <strong>PB MPF ES<br \/>\n<\/strong><\/td>\n<td style=\"text-align: center; width: 200px;\">Yann Chaussinand<br \/>\n72m58<\/td>\n<td style=\"text-align: center; width: 200px;\">Jean-Baptiste Bruxelle<br \/>\n70m33<\/td>\n<\/tr>\n<tr>\n<td style=\"text-align: center; width: 200px;\"><strong>Lancer du javelot<\/strong><\/td>\n<td style=\"text-align: center; width: 200px;\">Teuraiterai Tupaia<br \/>\n79m05<\/td>\n<td style=\"text-align: center; width: 200px;\">R\u00e9mi Conroy<br \/>\n74m12<\/td>\n<td style=\"text-align: center; width: 200px;\">Lenny Briseault<br \/>\n70m18<\/td>\n<\/tr>\n<tr>\n<td style=\"text-align: center; width: 200px;\"><strong>D\u00e9cathlon<br \/>\n<\/strong><\/td>\n<td style=\"text-align: center; width: 200px;\">Ruben Gado<br \/>\n7627 pts<\/td>\n<td style=\"text-align: center; width: 200px;\">Arthur Pr\u00e9vost<br \/>\n7354 pts <strong>PB<\/strong><\/td>\n<td style=\"text-align: center; width: 200px;\">Valentin Charles<br \/>\n7232 pts<\/td>\n<\/tr>\n<\/tbody>\n<\/table>\n<p><em>PB : Record personnel<br \/>\nSB : Meilleure performance personnelle de la saison<\/em><br \/>\n<em>MPF ES : Meilleure performance fran\u00e7aise espoirs de la saison<br \/>\nMPF : Meilleure performance fran\u00e7aise de la saison<br \/>\nRCH : Record des Championnats<br \/>\nRF : Record de France<br \/>\nRF ES : Record de France Espoirs<br \/>\nMPF JU : Meilleure performance fran\u00e7aise juniors de la saison<br \/>\n<\/em><\/p>\n","protected":false},"excerpt":{"rendered":"<p>Les Championnats de France d&rsquo;athl\u00e9tisme \u00c9lite se d\u00e9roulent du vendredi 25 juin au dimanche 27 juin \u00e0 Angers. Voici le programme et les r\u00e9sultats.<\/p>\n","protected":false},"author":12,"featured_media":141682,"comment_status":"open","ping_status":"closed","sticky":false,"template":"","format":"standard","meta":{"_acf_changed":false,"_daextam_enable_autolinks":"","footnotes":""},"categories":[2308],"tags":[3214,143,8332],"class_list":["post-141208","post","type-post","status-publish","format-standard","has-post-thumbnail","hentry","category-athletisme","tag-angers","tag-athletisme","tag-championnats-de-france-elite-dathletisme"],"acf":[],"yoast_head":"<!-- This site is optimized with the Yoast SEO Premium plugin v26.7 (Yoast SEO v26.7) - https:\/\/yoast.com\/wordpress\/plugins\/seo\/ -->\n<title>Athl\u00e9tisme - Championnats de France \u00c9lite 2021 : programme et r\u00e9sultats<\/title>\n<meta name=\"description\" content=\"Les Championnats de France d&#039;athl\u00e9tisme \u00c9lite se d\u00e9roulent ce week-end \u00e0 Angers. Voici le programme et les r\u00e9sultats.\" \/>\n<meta name=\"robots\" content=\"index, follow, max-snippet:-1, max-image-preview:large, max-video-preview:-1\" \/>\n<link rel=\"canonical\" href=\"https:\/\/dicodusport.fr\/blog\/athletisme-championnats-de-france-elite-2021-programme-et-resultats\/\" \/>\n<meta property=\"og:locale\" content=\"fr_FR\" \/>\n<meta property=\"og:type\" content=\"article\" \/>\n<meta property=\"og:title\" content=\"Athl\u00e9tisme - Championnats de France \u00c9lite 2021 : programme et r\u00e9sultats\" \/>\n<meta property=\"og:description\" content=\"Les Championnats de France d&#039;athl\u00e9tisme \u00c9lite se d\u00e9roulent ce week-end \u00e0 Angers. Voici le programme et les r\u00e9sultats.\" \/>\n<meta property=\"og:url\" content=\"https:\/\/dicodusport.fr\/blog\/athletisme-championnats-de-france-elite-2021-programme-et-resultats\/\" \/>\n<meta property=\"og:site_name\" content=\"Dicodusport\" \/>\n<meta property=\"article:publisher\" content=\"https:\/\/www.facebook.com\/dicodusport\" \/>\n<meta property=\"article:published_time\" content=\"2021-06-27T15:07:20+00:00\" \/>\n<meta property=\"og:image\" content=\"https:\/\/dicodusport.fr\/blog\/wp-content\/uploads\/2021\/06\/Championnats-de-France-Elite-dathletisme-2021-programme-et-resultats.jpg\" \/>\n\t<meta property=\"og:image:width\" content=\"800\" \/>\n\t<meta property=\"og:image:height\" content=\"445\" \/>\n\t<meta property=\"og:image:type\" content=\"image\/jpeg\" \/>\n<meta name=\"author\" content=\"Arlette Yeye\" \/>\n<meta name=\"twitter:card\" content=\"summary_large_image\" \/>\n<meta name=\"twitter:title\" content=\"Athl\u00e9tisme - Championnats de France \u00c9lite 2021 : programme et r\u00e9sultats\" \/>\n<meta name=\"twitter:creator\" content=\"@https:\/\/twitter.com\/Shiclette94\" \/>\n<meta name=\"twitter:site\" content=\"@dicodusport\" \/>\n<script type=\"application\/ld+json\" class=\"yoast-schema-graph\">{\"@context\":\"https:\/\/schema.org\",\"@graph\":[{\"@type\":\"NewsArticle\",\"@id\":\"https:\/\/dicodusport.fr\/blog\/athletisme-championnats-de-france-elite-2021-programme-et-resultats\/#article\",\"isPartOf\":{\"@id\":\"https:\/\/dicodusport.fr\/blog\/athletisme-championnats-de-france-elite-2021-programme-et-resultats\/\"},\"author\":{\"name\":\"Arlette Yeye\",\"@id\":\"https:\/\/dicodusport.fr\/blog\/#\/schema\/person\/cce96fa88785bd8573e3d43078ac8c79\"},\"headline\":\"Athl\u00e9tisme &#8211; Championnats de France \u00c9lite 2021 : programme et r\u00e9sultats\",\"datePublished\":\"2021-06-27T15:07:20+00:00\",\"mainEntityOfPage\":{\"@id\":\"https:\/\/dicodusport.fr\/blog\/athletisme-championnats-de-france-elite-2021-programme-et-resultats\/\"},\"wordCount\":1137,\"commentCount\":0,\"publisher\":{\"@id\":\"https:\/\/dicodusport.fr\/blog\/#organization\"},\"image\":{\"@id\":\"https:\/\/dicodusport.fr\/blog\/athletisme-championnats-de-france-elite-2021-programme-et-resultats\/#primaryimage\"},\"thumbnailUrl\":\"https:\/\/dicodusport.fr\/blog\/wp-content\/uploads\/2021\/06\/Championnats-de-France-Elite-dathletisme-2021-programme-et-resultats.jpg\",\"keywords\":[\"Angers\",\"Athl\u00e9tisme\",\"Championnats de France Elite d'athl\u00e9tisme\"],\"articleSection\":[\"Athl\u00e9tisme\"],\"inLanguage\":\"fr-FR\",\"potentialAction\":[{\"@type\":\"CommentAction\",\"name\":\"Comment\",\"target\":[\"https:\/\/dicodusport.fr\/blog\/athletisme-championnats-de-france-elite-2021-programme-et-resultats\/#respond\"]}],\"copyrightYear\":\"2021\",\"copyrightHolder\":{\"@id\":\"https:\/\/dicodusport.fr\/blog\/#organization\"}},{\"@type\":\"WebPage\",\"@id\":\"https:\/\/dicodusport.fr\/blog\/athletisme-championnats-de-france-elite-2021-programme-et-resultats\/\",\"url\":\"https:\/\/dicodusport.fr\/blog\/athletisme-championnats-de-france-elite-2021-programme-et-resultats\/\",\"name\":\"Athl\u00e9tisme - Championnats de France \u00c9lite 2021 : programme et r\u00e9sultats\",\"isPartOf\":{\"@id\":\"https:\/\/dicodusport.fr\/blog\/#website\"},\"primaryImageOfPage\":{\"@id\":\"https:\/\/dicodusport.fr\/blog\/athletisme-championnats-de-france-elite-2021-programme-et-resultats\/#primaryimage\"},\"image\":{\"@id\":\"https:\/\/dicodusport.fr\/blog\/athletisme-championnats-de-france-elite-2021-programme-et-resultats\/#primaryimage\"},\"thumbnailUrl\":\"https:\/\/dicodusport.fr\/blog\/wp-content\/uploads\/2021\/06\/Championnats-de-France-Elite-dathletisme-2021-programme-et-resultats.jpg\",\"datePublished\":\"2021-06-27T15:07:20+00:00\",\"description\":\"Les Championnats de France d'athl\u00e9tisme \u00c9lite se d\u00e9roulent ce week-end \u00e0 Angers. Voici le programme et les r\u00e9sultats.\",\"breadcrumb\":{\"@id\":\"https:\/\/dicodusport.fr\/blog\/athletisme-championnats-de-france-elite-2021-programme-et-resultats\/#breadcrumb\"},\"inLanguage\":\"fr-FR\",\"potentialAction\":[{\"@type\":\"ReadAction\",\"target\":[\"https:\/\/dicodusport.fr\/blog\/athletisme-championnats-de-france-elite-2021-programme-et-resultats\/\"]}]},{\"@type\":\"ImageObject\",\"inLanguage\":\"fr-FR\",\"@id\":\"https:\/\/dicodusport.fr\/blog\/athletisme-championnats-de-france-elite-2021-programme-et-resultats\/#primaryimage\",\"url\":\"https:\/\/dicodusport.fr\/blog\/wp-content\/uploads\/2021\/06\/Championnats-de-France-Elite-dathletisme-2021-programme-et-resultats.jpg\",\"contentUrl\":\"https:\/\/dicodusport.fr\/blog\/wp-content\/uploads\/2021\/06\/Championnats-de-France-Elite-dathletisme-2021-programme-et-resultats.jpg\",\"width\":800,\"height\":445,\"caption\":\"Championnats de France \u00c9lite d'athl\u00e9tisme 2021 programme et r\u00e9sultats.jpg\"},{\"@type\":\"BreadcrumbList\",\"@id\":\"https:\/\/dicodusport.fr\/blog\/athletisme-championnats-de-france-elite-2021-programme-et-resultats\/#breadcrumb\",\"itemListElement\":[{\"@type\":\"ListItem\",\"position\":1,\"name\":\"Accueil\",\"item\":\"https:\/\/dicodusport.fr\/blog\/\"},{\"@type\":\"ListItem\",\"position\":2,\"name\":\"Athl\u00e9tisme &#8211; Championnats de France \u00c9lite 2021 : programme et r\u00e9sultats\"}]},{\"@type\":\"WebSite\",\"@id\":\"https:\/\/dicodusport.fr\/blog\/#website\",\"url\":\"https:\/\/dicodusport.fr\/blog\/\",\"name\":\"Dicodusport\",\"description\":\"L&#039;encyclop\u00e9die de l&#039;actualit\u00e9 sportive\",\"publisher\":{\"@id\":\"https:\/\/dicodusport.fr\/blog\/#organization\"},\"potentialAction\":[{\"@type\":\"SearchAction\",\"target\":{\"@type\":\"EntryPoint\",\"urlTemplate\":\"https:\/\/dicodusport.fr\/blog\/?s={search_term_string}\"},\"query-input\":{\"@type\":\"PropertyValueSpecification\",\"valueRequired\":true,\"valueName\":\"search_term_string\"}}],\"inLanguage\":\"fr-FR\"},{\"@type\":\"NewsMediaOrganization\",\"@id\":\"https:\/\/dicodusport.fr\/blog\/#organization\",\"name\":\"Dicodusport\",\"url\":\"https:\/\/dicodusport.fr\/blog\/\",\"logo\":{\"@type\":\"ImageObject\",\"inLanguage\":\"fr-FR\",\"@id\":\"https:\/\/dicodusport.fr\/blog\/#\/schema\/logo\/image\/\",\"url\":\"https:\/\/dicodusport.fr\/blog\/wp-content\/uploads\/2020\/06\/cropped-LOGO-DICODUSPORT-2020-SANS-FOND-SANS-TEXTE.png\",\"contentUrl\":\"https:\/\/dicodusport.fr\/blog\/wp-content\/uploads\/2020\/06\/cropped-LOGO-DICODUSPORT-2020-SANS-FOND-SANS-TEXTE.png\",\"width\":512,\"height\":512,\"caption\":\"Dicodusport\"},\"image\":{\"@id\":\"https:\/\/dicodusport.fr\/blog\/#\/schema\/logo\/image\/\"},\"sameAs\":[\"https:\/\/www.facebook.com\/dicodusport\",\"https:\/\/x.com\/dicodusport\",\"https:\/\/www.instagram.com\/dicodusport\/\",\"https:\/\/www.youtube.com\/channel\/UC7V2KZ5sd3htJivAbA4ZG3w\"],\"description\":\"Dicodusport est l'encyclop\u00e9die de l'actualit\u00e9 sportive.\",\"email\":\"bonjour@dicodusport.fr\",\"legalName\":\"DICODUSPORT\",\"foundingDate\":\"2018-01-14\",\"vatID\":\"FR71834470973\",\"taxID\":\"83447097300043\",\"numberOfEmployees\":{\"@type\":\"QuantitativeValue\",\"minValue\":\"1\",\"maxValue\":\"10\"}},{\"@type\":\"Person\",\"@id\":\"https:\/\/dicodusport.fr\/blog\/#\/schema\/person\/cce96fa88785bd8573e3d43078ac8c79\",\"name\":\"Arlette Yeye\",\"image\":{\"@type\":\"ImageObject\",\"inLanguage\":\"fr-FR\",\"@id\":\"https:\/\/dicodusport.fr\/blog\/#\/schema\/person\/image\/\",\"url\":\"https:\/\/secure.gravatar.com\/avatar\/dca4a6239e6d708e46c45d60e160de6c?s=96&d=wp_user_avatar&r=g\",\"contentUrl\":\"https:\/\/secure.gravatar.com\/avatar\/dca4a6239e6d708e46c45d60e160de6c?s=96&d=wp_user_avatar&r=g\",\"caption\":\"Arlette Yeye\"},\"description\":\"Journaliste\/r\u00e9dactrice depuis septembre 2015 - Supportrice de Chelsea, j'ai pour sports de pr\u00e9dilection le handball, l'athl\u00e9tisme et le tennis. Si je tweete plus vite que mon ombre, vous pouvez aussi me retrouver les week-ends sur les playgrounds de Bruxelles pour un petit foot ou basket entre potes. Parcourir la France, l'Europe et plus si affinit\u00e9s pour suivre mes sportifs pr\u00e9f\u00e9r\u00e9s ? Mon kif ! Et c'est avec plaisir que je partage les r\u00e9sultats des sports populaires mais \u00e9galement plus confidentiels pour Dicodusport.\",\"sameAs\":[\"https:\/\/x.com\/https:\/\/twitter.com\/Shiclette94\"],\"url\":\"https:\/\/dicodusport.fr\/blog\/author\/arlette\/\"}]}<\/script>\n<!-- \/ Yoast SEO Premium plugin. -->","yoast_head_json":{"title":"Athl\u00e9tisme - Championnats de France \u00c9lite 2021 : programme et r\u00e9sultats","description":"Les Championnats de France d'athl\u00e9tisme \u00c9lite se d\u00e9roulent ce week-end \u00e0 Angers. Voici le programme et les r\u00e9sultats.","robots":{"index":"index","follow":"follow","max-snippet":"max-snippet:-1","max-image-preview":"max-image-preview:large","max-video-preview":"max-video-preview:-1"},"canonical":"https:\/\/dicodusport.fr\/blog\/athletisme-championnats-de-france-elite-2021-programme-et-resultats\/","og_locale":"fr_FR","og_type":"article","og_title":"Athl\u00e9tisme - Championnats de France \u00c9lite 2021 : programme et r\u00e9sultats","og_description":"Les Championnats de France d'athl\u00e9tisme \u00c9lite se d\u00e9roulent ce week-end \u00e0 Angers. Voici le programme et les r\u00e9sultats.","og_url":"https:\/\/dicodusport.fr\/blog\/athletisme-championnats-de-france-elite-2021-programme-et-resultats\/","og_site_name":"Dicodusport","article_publisher":"https:\/\/www.facebook.com\/dicodusport","article_published_time":"2021-06-27T15:07:20+00:00","og_image":[{"width":800,"height":445,"url":"https:\/\/dicodusport.fr\/blog\/wp-content\/uploads\/2021\/06\/Championnats-de-France-Elite-dathletisme-2021-programme-et-resultats.jpg","type":"image\/jpeg"}],"author":"Arlette Yeye","twitter_card":"summary_large_image","twitter_title":"Athl\u00e9tisme - Championnats de France \u00c9lite 2021 : programme et r\u00e9sultats","twitter_creator":"@https:\/\/twitter.com\/Shiclette94","twitter_site":"@dicodusport","schema":{"@context":"https:\/\/schema.org","@graph":[{"@type":"NewsArticle","@id":"https:\/\/dicodusport.fr\/blog\/athletisme-championnats-de-france-elite-2021-programme-et-resultats\/#article","isPartOf":{"@id":"https:\/\/dicodusport.fr\/blog\/athletisme-championnats-de-france-elite-2021-programme-et-resultats\/"},"author":{"name":"Arlette Yeye","@id":"https:\/\/dicodusport.fr\/blog\/#\/schema\/person\/cce96fa88785bd8573e3d43078ac8c79"},"headline":"Athl\u00e9tisme &#8211; Championnats de France \u00c9lite 2021 : programme et r\u00e9sultats","datePublished":"2021-06-27T15:07:20+00:00","mainEntityOfPage":{"@id":"https:\/\/dicodusport.fr\/blog\/athletisme-championnats-de-france-elite-2021-programme-et-resultats\/"},"wordCount":1137,"commentCount":0,"publisher":{"@id":"https:\/\/dicodusport.fr\/blog\/#organization"},"image":{"@id":"https:\/\/dicodusport.fr\/blog\/athletisme-championnats-de-france-elite-2021-programme-et-resultats\/#primaryimage"},"thumbnailUrl":"https:\/\/dicodusport.fr\/blog\/wp-content\/uploads\/2021\/06\/Championnats-de-France-Elite-dathletisme-2021-programme-et-resultats.jpg","keywords":["Angers","Athl\u00e9tisme","Championnats de France Elite d'athl\u00e9tisme"],"articleSection":["Athl\u00e9tisme"],"inLanguage":"fr-FR","potentialAction":[{"@type":"CommentAction","name":"Comment","target":["https:\/\/dicodusport.fr\/blog\/athletisme-championnats-de-france-elite-2021-programme-et-resultats\/#respond"]}],"copyrightYear":"2021","copyrightHolder":{"@id":"https:\/\/dicodusport.fr\/blog\/#organization"}},{"@type":"WebPage","@id":"https:\/\/dicodusport.fr\/blog\/athletisme-championnats-de-france-elite-2021-programme-et-resultats\/","url":"https:\/\/dicodusport.fr\/blog\/athletisme-championnats-de-france-elite-2021-programme-et-resultats\/","name":"Athl\u00e9tisme - Championnats de France \u00c9lite 2021 : programme et r\u00e9sultats","isPartOf":{"@id":"https:\/\/dicodusport.fr\/blog\/#website"},"primaryImageOfPage":{"@id":"https:\/\/dicodusport.fr\/blog\/athletisme-championnats-de-france-elite-2021-programme-et-resultats\/#primaryimage"},"image":{"@id":"https:\/\/dicodusport.fr\/blog\/athletisme-championnats-de-france-elite-2021-programme-et-resultats\/#primaryimage"},"thumbnailUrl":"https:\/\/dicodusport.fr\/blog\/wp-content\/uploads\/2021\/06\/Championnats-de-France-Elite-dathletisme-2021-programme-et-resultats.jpg","datePublished":"2021-06-27T15:07:20+00:00","description":"Les Championnats de France d'athl\u00e9tisme \u00c9lite se d\u00e9roulent ce week-end \u00e0 Angers. Voici le programme et les r\u00e9sultats.","breadcrumb":{"@id":"https:\/\/dicodusport.fr\/blog\/athletisme-championnats-de-france-elite-2021-programme-et-resultats\/#breadcrumb"},"inLanguage":"fr-FR","potentialAction":[{"@type":"ReadAction","target":["https:\/\/dicodusport.fr\/blog\/athletisme-championnats-de-france-elite-2021-programme-et-resultats\/"]}]},{"@type":"ImageObject","inLanguage":"fr-FR","@id":"https:\/\/dicodusport.fr\/blog\/athletisme-championnats-de-france-elite-2021-programme-et-resultats\/#primaryimage","url":"https:\/\/dicodusport.fr\/blog\/wp-content\/uploads\/2021\/06\/Championnats-de-France-Elite-dathletisme-2021-programme-et-resultats.jpg","contentUrl":"https:\/\/dicodusport.fr\/blog\/wp-content\/uploads\/2021\/06\/Championnats-de-France-Elite-dathletisme-2021-programme-et-resultats.jpg","width":800,"height":445,"caption":"Championnats de France \u00c9lite d'athl\u00e9tisme 2021 programme et r\u00e9sultats.jpg"},{"@type":"BreadcrumbList","@id":"https:\/\/dicodusport.fr\/blog\/athletisme-championnats-de-france-elite-2021-programme-et-resultats\/#breadcrumb","itemListElement":[{"@type":"ListItem","position":1,"name":"Accueil","item":"https:\/\/dicodusport.fr\/blog\/"},{"@type":"ListItem","position":2,"name":"Athl\u00e9tisme &#8211; Championnats de France \u00c9lite 2021 : programme et r\u00e9sultats"}]},{"@type":"WebSite","@id":"https:\/\/dicodusport.fr\/blog\/#website","url":"https:\/\/dicodusport.fr\/blog\/","name":"Dicodusport","description":"L&#039;encyclop\u00e9die de l&#039;actualit\u00e9 sportive","publisher":{"@id":"https:\/\/dicodusport.fr\/blog\/#organization"},"potentialAction":[{"@type":"SearchAction","target":{"@type":"EntryPoint","urlTemplate":"https:\/\/dicodusport.fr\/blog\/?s={search_term_string}"},"query-input":{"@type":"PropertyValueSpecification","valueRequired":true,"valueName":"search_term_string"}}],"inLanguage":"fr-FR"},{"@type":"NewsMediaOrganization","@id":"https:\/\/dicodusport.fr\/blog\/#organization","name":"Dicodusport","url":"https:\/\/dicodusport.fr\/blog\/","logo":{"@type":"ImageObject","inLanguage":"fr-FR","@id":"https:\/\/dicodusport.fr\/blog\/#\/schema\/logo\/image\/","url":"https:\/\/dicodusport.fr\/blog\/wp-content\/uploads\/2020\/06\/cropped-LOGO-DICODUSPORT-2020-SANS-FOND-SANS-TEXTE.png","contentUrl":"https:\/\/dicodusport.fr\/blog\/wp-content\/uploads\/2020\/06\/cropped-LOGO-DICODUSPORT-2020-SANS-FOND-SANS-TEXTE.png","width":512,"height":512,"caption":"Dicodusport"},"image":{"@id":"https:\/\/dicodusport.fr\/blog\/#\/schema\/logo\/image\/"},"sameAs":["https:\/\/www.facebook.com\/dicodusport","https:\/\/x.com\/dicodusport","https:\/\/www.instagram.com\/dicodusport\/","https:\/\/www.youtube.com\/channel\/UC7V2KZ5sd3htJivAbA4ZG3w"],"description":"Dicodusport est l'encyclop\u00e9die de l'actualit\u00e9 sportive.","email":"bonjour@dicodusport.fr","legalName":"DICODUSPORT","foundingDate":"2018-01-14","vatID":"FR71834470973","taxID":"83447097300043","numberOfEmployees":{"@type":"QuantitativeValue","minValue":"1","maxValue":"10"}},{"@type":"Person","@id":"https:\/\/dicodusport.fr\/blog\/#\/schema\/person\/cce96fa88785bd8573e3d43078ac8c79","name":"Arlette Yeye","image":{"@type":"ImageObject","inLanguage":"fr-FR","@id":"https:\/\/dicodusport.fr\/blog\/#\/schema\/person\/image\/","url":"https:\/\/secure.gravatar.com\/avatar\/dca4a6239e6d708e46c45d60e160de6c?s=96&d=wp_user_avatar&r=g","contentUrl":"https:\/\/secure.gravatar.com\/avatar\/dca4a6239e6d708e46c45d60e160de6c?s=96&d=wp_user_avatar&r=g","caption":"Arlette Yeye"},"description":"Journaliste\/r\u00e9dactrice depuis septembre 2015 - Supportrice de Chelsea, j'ai pour sports de pr\u00e9dilection le handball, l'athl\u00e9tisme et le tennis. Si je tweete plus vite que mon ombre, vous pouvez aussi me retrouver les week-ends sur les playgrounds de Bruxelles pour un petit foot ou basket entre potes. Parcourir la France, l'Europe et plus si affinit\u00e9s pour suivre mes sportifs pr\u00e9f\u00e9r\u00e9s ? Mon kif ! Et c'est avec plaisir que je partage les r\u00e9sultats des sports populaires mais \u00e9galement plus confidentiels pour Dicodusport.","sameAs":["https:\/\/x.com\/https:\/\/twitter.com\/Shiclette94"],"url":"https:\/\/dicodusport.fr\/blog\/author\/arlette\/"}]}},"_links":{"self":[{"href":"https:\/\/dicodusport.fr\/blog\/wp-json\/wp\/v2\/posts\/141208","targetHints":{"allow":["GET"]}}],"collection":[{"href":"https:\/\/dicodusport.fr\/blog\/wp-json\/wp\/v2\/posts"}],"about":[{"href":"https:\/\/dicodusport.fr\/blog\/wp-json\/wp\/v2\/types\/post"}],"author":[{"embeddable":true,"href":"https:\/\/dicodusport.fr\/blog\/wp-json\/wp\/v2\/users\/12"}],"replies":[{"embeddable":true,"href":"https:\/\/dicodusport.fr\/blog\/wp-json\/wp\/v2\/comments?post=141208"}],"version-history":[{"count":0,"href":"https:\/\/dicodusport.fr\/blog\/wp-json\/wp\/v2\/posts\/141208\/revisions"}],"wp:featuredmedia":[{"embeddable":true,"href":"https:\/\/dicodusport.fr\/blog\/wp-json\/wp\/v2\/media\/141682"}],"wp:attachment":[{"href":"https:\/\/dicodusport.fr\/blog\/wp-json\/wp\/v2\/media?parent=141208"}],"wp:term":[{"taxonomy":"category","embeddable":true,"href":"https:\/\/dicodusport.fr\/blog\/wp-json\/wp\/v2\/categories?post=141208"},{"taxonomy":"post_tag","embeddable":true,"href":"https:\/\/dicodusport.fr\/blog\/wp-json\/wp\/v2\/tags?post=141208"}],"curies":[{"name":"wp","href":"https:\/\/api.w.org\/{rel}","templated":true}]}}