{"id":141330,"date":"2021-06-22T18:17:40","date_gmt":"2021-06-22T16:17:40","guid":{"rendered":"https:\/\/dicodusport.fr\/blog\/?p=141330&#038;preview=true&#038;preview_id=141330"},"modified":"2021-06-22T18:17:40","modified_gmt":"2021-06-22T16:17:40","slug":"evita-muzic-est-votre-championne-du-week-end","status":"publish","type":"post","link":"https:\/\/dicodusport.fr\/blog\/evita-muzic-est-votre-championne-du-week-end\/","title":{"rendered":"\u00c9vita Muzic est votre Championne du week-end"},"content":{"rendered":"<p style=\"text-align: justify;\"><strong><em>CYCLISME &#8211; <a href=\"https:\/\/dicodusport.fr\/blog\/cyclisme-championnats-de-france-evita-muzic-sacree\/\">Championne de France sur la course en ligne samedi<\/a>, \u00c9vita Muzic est votre Championne du week-end. Elle devance M\u00e9lina Robert-Michon, qui a r\u00e9alis\u00e9 son meilleur jet au lancer du disque depuis 2017.<\/em><\/strong><\/p>\n<p style=\"text-align: justify;\">Premi\u00e8re femme maghr\u00e9bine \u00e0 remporter une tournoi sur le circuit WTA, <strong>Ons Jabeur<\/strong> est troisi\u00e8me, devant l&rsquo;Am\u00e9ricaine <strong>Sha&rsquo;Carri Richardson<\/strong>.<\/p>\n<p style=\"text-align: justify;\"><strong><span style=\"font-size: 12px;\"><em>Sondage r\u00e9alis\u00e9 sur notre page <a href=\"https:\/\/www.facebook.com\/dicodusport\/\" target=\"_blank\" rel=\"noopener\">Facebook<\/a><\/em><\/span><\/strong><\/p>\n<h2 style=\"text-align: justify;\"><strong>Le sprint victorieux d&rsquo;\u00c9vita Muzic<\/strong><\/h2>\n<blockquote class=\"twitter-tweet\">\n<p dir=\"ltr\" lang=\"fr\">&#x1f6b4; La Jurassienne Evita Muzic (FDJ Nouvelle-Aquitaine Futuroscope) sacr\u00e9e championne de France ! Elle surprend les favorites, dont Audrey Cordon-Ragot (Trek-Segafredo) et Juliette Labous (Team DSM), en d\u00e9clenchant son sprint de loin <a href=\"https:\/\/twitter.com\/hashtag\/Epinal2021?src=hash&amp;ref_src=twsrc%5Etfw\">#Epinal2021<\/a> <a href=\"https:\/\/twitter.com\/FFCyclisme?ref_src=twsrc%5Etfw\">@FFCyclisme<\/a> <a href=\"https:\/\/twitter.com\/FDJ_NAqui_Fut?ref_src=twsrc%5Etfw\">@FDJ_NAqui_Fut<\/a> <a href=\"https:\/\/t.co\/Gtzr36EKJt\">pic.twitter.com\/Gtzr36EKJt<\/a><\/p>\n<p>\u2014 France tv sport (@francetvsport) <a href=\"https:\/\/twitter.com\/francetvsport\/status\/1406233690036899844?ref_src=twsrc%5Etfw\">June 19, 2021<\/a><\/p><\/blockquote>\n<p><script async src=\"https:\/\/platform.twitter.com\/widgets.js\" charset=\"utf-8\"><\/script><\/p>\n","protected":false},"excerpt":{"rendered":"<p>CYCLISME &#8211; Championne de France sur la course en ligne samedi, \u00c9vita Muzic est votre Championne du week-end. Elle devance M\u00e9lina Robert-Michon, qui a r\u00e9alis\u00e9 son meilleur jet au lancer du disque depuis 2017.<\/p>\n","protected":false},"author":4,"featured_media":140418,"comment_status":"open","ping_status":"closed","sticky":false,"template":"","format":"standard","meta":{"_acf_changed":false,"_daextam_enable_autolinks":"","footnotes":""},"categories":[2366,10279],"tags":[15397,574,17,17556],"class_list":["post-141330","post","type-post","status-publish","format-standard","has-post-thumbnail","hentry","category-multisports","category-vtt","tag-championne-du-week-end","tag-cyclisme","tag-dicodusport","tag-evita-muzic"],"acf":[],"yoast_head":"<!-- This site is optimized with the Yoast SEO Premium plugin v26.7 (Yoast SEO v26.7) - https:\/\/yoast.com\/wordpress\/plugins\/seo\/ -->\n<title>\u00c9vita Muzic est votre Championne du week-end<\/title>\n<meta name=\"description\" content=\"CYCLISME - Championne de France sur la course en ligne samedi, \u00c9vita Muzic est votre Championne du week-end.\" \/>\n<meta name=\"robots\" content=\"index, follow, max-snippet:-1, max-image-preview:large, max-video-preview:-1\" \/>\n<link rel=\"canonical\" href=\"https:\/\/dicodusport.fr\/blog\/evita-muzic-est-votre-championne-du-week-end\/\" \/>\n<meta property=\"og:locale\" content=\"fr_FR\" \/>\n<meta property=\"og:type\" content=\"article\" \/>\n<meta property=\"og:title\" content=\"\u00c9vita Muzic est votre Championne du week-end\" \/>\n<meta property=\"og:description\" content=\"CYCLISME - Championne de France sur la course en ligne samedi, \u00c9vita Muzic est votre Championne du week-end.\" \/>\n<meta property=\"og:url\" content=\"https:\/\/dicodusport.fr\/blog\/evita-muzic-est-votre-championne-du-week-end\/\" \/>\n<meta property=\"og:site_name\" content=\"Dicodusport\" \/>\n<meta property=\"article:publisher\" content=\"https:\/\/www.facebook.com\/dicodusport\" \/>\n<meta property=\"article:author\" content=\"https:\/\/www.facebook.com\/florent.ostermann\" \/>\n<meta property=\"article:published_time\" content=\"2021-06-22T16:17:40+00:00\" \/>\n<meta property=\"og:image\" content=\"https:\/\/dicodusport.fr\/blog\/wp-content\/uploads\/2021\/06\/Cyclisme-Championnats-de-France-Evita-Muzic-sacree-1.png\" \/>\n\t<meta property=\"og:image:width\" content=\"1023\" \/>\n\t<meta property=\"og:image:height\" content=\"576\" \/>\n\t<meta property=\"og:image:type\" content=\"image\/png\" \/>\n<meta name=\"author\" content=\"Flo Ostermann\" \/>\n<meta name=\"twitter:card\" content=\"summary_large_image\" \/>\n<meta name=\"twitter:title\" content=\"\u00c9vita Muzic est votre Championne du week-end\" \/>\n<meta name=\"twitter:creator\" content=\"@https:\/\/twitter.com\/FlOstermann\" \/>\n<meta name=\"twitter:site\" content=\"@dicodusport\" \/>\n<script type=\"application\/ld+json\" class=\"yoast-schema-graph\">{\"@context\":\"https:\/\/schema.org\",\"@graph\":[{\"@type\":\"NewsArticle\",\"@id\":\"https:\/\/dicodusport.fr\/blog\/evita-muzic-est-votre-championne-du-week-end\/#article\",\"isPartOf\":{\"@id\":\"https:\/\/dicodusport.fr\/blog\/evita-muzic-est-votre-championne-du-week-end\/\"},\"author\":{\"name\":\"Flo Ostermann\",\"@id\":\"https:\/\/dicodusport.fr\/blog\/#\/schema\/person\/cb02af4c173ce4a653b55e9baf388d4a\"},\"headline\":\"\u00c9vita Muzic est votre Championne du week-end\",\"datePublished\":\"2021-06-22T16:17:40+00:00\",\"mainEntityOfPage\":{\"@id\":\"https:\/\/dicodusport.fr\/blog\/evita-muzic-est-votre-championne-du-week-end\/\"},\"wordCount\":129,\"commentCount\":0,\"publisher\":{\"@id\":\"https:\/\/dicodusport.fr\/blog\/#organization\"},\"image\":{\"@id\":\"https:\/\/dicodusport.fr\/blog\/evita-muzic-est-votre-championne-du-week-end\/#primaryimage\"},\"thumbnailUrl\":\"https:\/\/dicodusport.fr\/blog\/wp-content\/uploads\/2021\/06\/Cyclisme-Championnats-de-France-Evita-Muzic-sacree-1.png\",\"keywords\":[\"Championne du week-end\",\"Cyclisme\",\"Dicodusport\",\"\u00c9vita Muzic\"],\"articleSection\":[\"Multisports\",\"VTT\"],\"inLanguage\":\"fr-FR\",\"potentialAction\":[{\"@type\":\"CommentAction\",\"name\":\"Comment\",\"target\":[\"https:\/\/dicodusport.fr\/blog\/evita-muzic-est-votre-championne-du-week-end\/#respond\"]}],\"copyrightYear\":\"2021\",\"copyrightHolder\":{\"@id\":\"https:\/\/dicodusport.fr\/blog\/#organization\"}},{\"@type\":\"WebPage\",\"@id\":\"https:\/\/dicodusport.fr\/blog\/evita-muzic-est-votre-championne-du-week-end\/\",\"url\":\"https:\/\/dicodusport.fr\/blog\/evita-muzic-est-votre-championne-du-week-end\/\",\"name\":\"\u00c9vita Muzic est votre Championne du week-end\",\"isPartOf\":{\"@id\":\"https:\/\/dicodusport.fr\/blog\/#website\"},\"primaryImageOfPage\":{\"@id\":\"https:\/\/dicodusport.fr\/blog\/evita-muzic-est-votre-championne-du-week-end\/#primaryimage\"},\"image\":{\"@id\":\"https:\/\/dicodusport.fr\/blog\/evita-muzic-est-votre-championne-du-week-end\/#primaryimage\"},\"thumbnailUrl\":\"https:\/\/dicodusport.fr\/blog\/wp-content\/uploads\/2021\/06\/Cyclisme-Championnats-de-France-Evita-Muzic-sacree-1.png\",\"datePublished\":\"2021-06-22T16:17:40+00:00\",\"description\":\"CYCLISME - Championne de France sur la course en ligne samedi, \u00c9vita Muzic est votre Championne du week-end.\",\"breadcrumb\":{\"@id\":\"https:\/\/dicodusport.fr\/blog\/evita-muzic-est-votre-championne-du-week-end\/#breadcrumb\"},\"inLanguage\":\"fr-FR\",\"potentialAction\":[{\"@type\":\"ReadAction\",\"target\":[\"https:\/\/dicodusport.fr\/blog\/evita-muzic-est-votre-championne-du-week-end\/\"]}]},{\"@type\":\"ImageObject\",\"inLanguage\":\"fr-FR\",\"@id\":\"https:\/\/dicodusport.fr\/blog\/evita-muzic-est-votre-championne-du-week-end\/#primaryimage\",\"url\":\"https:\/\/dicodusport.fr\/blog\/wp-content\/uploads\/2021\/06\/Cyclisme-Championnats-de-France-Evita-Muzic-sacree-1.png\",\"contentUrl\":\"https:\/\/dicodusport.fr\/blog\/wp-content\/uploads\/2021\/06\/Cyclisme-Championnats-de-France-Evita-Muzic-sacree-1.png\",\"width\":1023,\"height\":576,\"caption\":\"\u00c9vita Muzic (au centre), l'espoir du cyclisme f\u00e9minin fran\u00e7ais - Photo Icon Sport\"},{\"@type\":\"BreadcrumbList\",\"@id\":\"https:\/\/dicodusport.fr\/blog\/evita-muzic-est-votre-championne-du-week-end\/#breadcrumb\",\"itemListElement\":[{\"@type\":\"ListItem\",\"position\":1,\"name\":\"Accueil\",\"item\":\"https:\/\/dicodusport.fr\/blog\/\"},{\"@type\":\"ListItem\",\"position\":2,\"name\":\"\u00c9vita Muzic est votre Championne du week-end\"}]},{\"@type\":\"WebSite\",\"@id\":\"https:\/\/dicodusport.fr\/blog\/#website\",\"url\":\"https:\/\/dicodusport.fr\/blog\/\",\"name\":\"Dicodusport\",\"description\":\"L&#039;encyclop\u00e9die de l&#039;actualit\u00e9 sportive\",\"publisher\":{\"@id\":\"https:\/\/dicodusport.fr\/blog\/#organization\"},\"potentialAction\":[{\"@type\":\"SearchAction\",\"target\":{\"@type\":\"EntryPoint\",\"urlTemplate\":\"https:\/\/dicodusport.fr\/blog\/?s={search_term_string}\"},\"query-input\":{\"@type\":\"PropertyValueSpecification\",\"valueRequired\":true,\"valueName\":\"search_term_string\"}}],\"inLanguage\":\"fr-FR\"},{\"@type\":\"NewsMediaOrganization\",\"@id\":\"https:\/\/dicodusport.fr\/blog\/#organization\",\"name\":\"Dicodusport\",\"url\":\"https:\/\/dicodusport.fr\/blog\/\",\"logo\":{\"@type\":\"ImageObject\",\"inLanguage\":\"fr-FR\",\"@id\":\"https:\/\/dicodusport.fr\/blog\/#\/schema\/logo\/image\/\",\"url\":\"https:\/\/dicodusport.fr\/blog\/wp-content\/uploads\/2020\/06\/cropped-LOGO-DICODUSPORT-2020-SANS-FOND-SANS-TEXTE.png\",\"contentUrl\":\"https:\/\/dicodusport.fr\/blog\/wp-content\/uploads\/2020\/06\/cropped-LOGO-DICODUSPORT-2020-SANS-FOND-SANS-TEXTE.png\",\"width\":512,\"height\":512,\"caption\":\"Dicodusport\"},\"image\":{\"@id\":\"https:\/\/dicodusport.fr\/blog\/#\/schema\/logo\/image\/\"},\"sameAs\":[\"https:\/\/www.facebook.com\/dicodusport\",\"https:\/\/x.com\/dicodusport\",\"https:\/\/www.instagram.com\/dicodusport\/\",\"https:\/\/www.youtube.com\/channel\/UC7V2KZ5sd3htJivAbA4ZG3w\"],\"description\":\"Dicodusport est l'encyclop\u00e9die de l'actualit\u00e9 sportive.\",\"email\":\"bonjour@dicodusport.fr\",\"legalName\":\"DICODUSPORT\",\"foundingDate\":\"2018-01-14\",\"vatID\":\"FR71834470973\",\"taxID\":\"83447097300043\",\"numberOfEmployees\":{\"@type\":\"QuantitativeValue\",\"minValue\":\"1\",\"maxValue\":\"10\"}},{\"@type\":\"Person\",\"@id\":\"https:\/\/dicodusport.fr\/blog\/#\/schema\/person\/cb02af4c173ce4a653b55e9baf388d4a\",\"name\":\"Flo Ostermann\",\"image\":{\"@type\":\"ImageObject\",\"inLanguage\":\"fr-FR\",\"@id\":\"https:\/\/dicodusport.fr\/blog\/#\/schema\/person\/image\/\",\"url\":\"https:\/\/dicodusport.fr\/blog\/wp-content\/uploads\/2021\/05\/Flo-Ostermann-150x150.jpg\",\"contentUrl\":\"https:\/\/dicodusport.fr\/blog\/wp-content\/uploads\/2021\/05\/Flo-Ostermann-150x150.jpg\",\"caption\":\"Flo Ostermann\"},\"description\":\"Journaliste\/R\u00e9dacteur depuis septembre 2015 - Mes premiers souvenirs dans le sport ? Les envol\u00e9es du Stade Toulousain et les duels Villeneuve-Schumacher et H\u00e4kkinen-Schumacher \u00e0 la fin des ann\u00e9es 90, la Coupe du monde de football en 1998, l\u2019exploit du XV de France face aux All Blacks en 1999, mais aussi Richard C\u0153ur de Lion qui vole sur les montagnes du Tour de France. Bien parti pour devenir professeur d\u2019EPS, les \u00e9v\u00e9nements de la vie (et la flemme d\u2019animer des s\u00e9ances de 3x500 m\u00e8tres toute ma vie) m\u2019ont conduit \u00e0 revoir mes plans. Me voil\u00e0 depuis fin 2017 sur Dicodusport, m\u00e9dia gr\u00e2ce (et pour) lequel je partage ma passion : le sport dans tous ses \u00e9tats. Le tout accompagn\u00e9 par les fous furieux et folles furieuses cit\u00e9s sur cette page !\",\"sameAs\":[\"https:\/\/www.facebook.com\/florent.ostermann\",\"https:\/\/x.com\/https:\/\/twitter.com\/FlOstermann\",\"admin\"],\"url\":\"https:\/\/dicodusport.fr\/blog\/author\/flo\/\"}]}<\/script>\n<!-- \/ Yoast SEO Premium plugin. -->","yoast_head_json":{"title":"\u00c9vita Muzic est votre Championne du week-end","description":"CYCLISME - Championne de France sur la course en ligne samedi, \u00c9vita Muzic est votre Championne du week-end.","robots":{"index":"index","follow":"follow","max-snippet":"max-snippet:-1","max-image-preview":"max-image-preview:large","max-video-preview":"max-video-preview:-1"},"canonical":"https:\/\/dicodusport.fr\/blog\/evita-muzic-est-votre-championne-du-week-end\/","og_locale":"fr_FR","og_type":"article","og_title":"\u00c9vita Muzic est votre Championne du week-end","og_description":"CYCLISME - Championne de France sur la course en ligne samedi, \u00c9vita Muzic est votre Championne du week-end.","og_url":"https:\/\/dicodusport.fr\/blog\/evita-muzic-est-votre-championne-du-week-end\/","og_site_name":"Dicodusport","article_publisher":"https:\/\/www.facebook.com\/dicodusport","article_author":"https:\/\/www.facebook.com\/florent.ostermann","article_published_time":"2021-06-22T16:17:40+00:00","og_image":[{"width":1023,"height":576,"url":"https:\/\/dicodusport.fr\/blog\/wp-content\/uploads\/2021\/06\/Cyclisme-Championnats-de-France-Evita-Muzic-sacree-1.png","type":"image\/png"}],"author":"Flo Ostermann","twitter_card":"summary_large_image","twitter_title":"\u00c9vita Muzic est votre Championne du week-end","twitter_creator":"@https:\/\/twitter.com\/FlOstermann","twitter_site":"@dicodusport","schema":{"@context":"https:\/\/schema.org","@graph":[{"@type":"NewsArticle","@id":"https:\/\/dicodusport.fr\/blog\/evita-muzic-est-votre-championne-du-week-end\/#article","isPartOf":{"@id":"https:\/\/dicodusport.fr\/blog\/evita-muzic-est-votre-championne-du-week-end\/"},"author":{"name":"Flo Ostermann","@id":"https:\/\/dicodusport.fr\/blog\/#\/schema\/person\/cb02af4c173ce4a653b55e9baf388d4a"},"headline":"\u00c9vita Muzic est votre Championne du week-end","datePublished":"2021-06-22T16:17:40+00:00","mainEntityOfPage":{"@id":"https:\/\/dicodusport.fr\/blog\/evita-muzic-est-votre-championne-du-week-end\/"},"wordCount":129,"commentCount":0,"publisher":{"@id":"https:\/\/dicodusport.fr\/blog\/#organization"},"image":{"@id":"https:\/\/dicodusport.fr\/blog\/evita-muzic-est-votre-championne-du-week-end\/#primaryimage"},"thumbnailUrl":"https:\/\/dicodusport.fr\/blog\/wp-content\/uploads\/2021\/06\/Cyclisme-Championnats-de-France-Evita-Muzic-sacree-1.png","keywords":["Championne du week-end","Cyclisme","Dicodusport","\u00c9vita Muzic"],"articleSection":["Multisports","VTT"],"inLanguage":"fr-FR","potentialAction":[{"@type":"CommentAction","name":"Comment","target":["https:\/\/dicodusport.fr\/blog\/evita-muzic-est-votre-championne-du-week-end\/#respond"]}],"copyrightYear":"2021","copyrightHolder":{"@id":"https:\/\/dicodusport.fr\/blog\/#organization"}},{"@type":"WebPage","@id":"https:\/\/dicodusport.fr\/blog\/evita-muzic-est-votre-championne-du-week-end\/","url":"https:\/\/dicodusport.fr\/blog\/evita-muzic-est-votre-championne-du-week-end\/","name":"\u00c9vita Muzic est votre Championne du week-end","isPartOf":{"@id":"https:\/\/dicodusport.fr\/blog\/#website"},"primaryImageOfPage":{"@id":"https:\/\/dicodusport.fr\/blog\/evita-muzic-est-votre-championne-du-week-end\/#primaryimage"},"image":{"@id":"https:\/\/dicodusport.fr\/blog\/evita-muzic-est-votre-championne-du-week-end\/#primaryimage"},"thumbnailUrl":"https:\/\/dicodusport.fr\/blog\/wp-content\/uploads\/2021\/06\/Cyclisme-Championnats-de-France-Evita-Muzic-sacree-1.png","datePublished":"2021-06-22T16:17:40+00:00","description":"CYCLISME - Championne de France sur la course en ligne samedi, \u00c9vita Muzic est votre Championne du week-end.","breadcrumb":{"@id":"https:\/\/dicodusport.fr\/blog\/evita-muzic-est-votre-championne-du-week-end\/#breadcrumb"},"inLanguage":"fr-FR","potentialAction":[{"@type":"ReadAction","target":["https:\/\/dicodusport.fr\/blog\/evita-muzic-est-votre-championne-du-week-end\/"]}]},{"@type":"ImageObject","inLanguage":"fr-FR","@id":"https:\/\/dicodusport.fr\/blog\/evita-muzic-est-votre-championne-du-week-end\/#primaryimage","url":"https:\/\/dicodusport.fr\/blog\/wp-content\/uploads\/2021\/06\/Cyclisme-Championnats-de-France-Evita-Muzic-sacree-1.png","contentUrl":"https:\/\/dicodusport.fr\/blog\/wp-content\/uploads\/2021\/06\/Cyclisme-Championnats-de-France-Evita-Muzic-sacree-1.png","width":1023,"height":576,"caption":"\u00c9vita Muzic (au centre), l'espoir du cyclisme f\u00e9minin fran\u00e7ais - Photo Icon Sport"},{"@type":"BreadcrumbList","@id":"https:\/\/dicodusport.fr\/blog\/evita-muzic-est-votre-championne-du-week-end\/#breadcrumb","itemListElement":[{"@type":"ListItem","position":1,"name":"Accueil","item":"https:\/\/dicodusport.fr\/blog\/"},{"@type":"ListItem","position":2,"name":"\u00c9vita Muzic est votre Championne du week-end"}]},{"@type":"WebSite","@id":"https:\/\/dicodusport.fr\/blog\/#website","url":"https:\/\/dicodusport.fr\/blog\/","name":"Dicodusport","description":"L&#039;encyclop\u00e9die de l&#039;actualit\u00e9 sportive","publisher":{"@id":"https:\/\/dicodusport.fr\/blog\/#organization"},"potentialAction":[{"@type":"SearchAction","target":{"@type":"EntryPoint","urlTemplate":"https:\/\/dicodusport.fr\/blog\/?s={search_term_string}"},"query-input":{"@type":"PropertyValueSpecification","valueRequired":true,"valueName":"search_term_string"}}],"inLanguage":"fr-FR"},{"@type":"NewsMediaOrganization","@id":"https:\/\/dicodusport.fr\/blog\/#organization","name":"Dicodusport","url":"https:\/\/dicodusport.fr\/blog\/","logo":{"@type":"ImageObject","inLanguage":"fr-FR","@id":"https:\/\/dicodusport.fr\/blog\/#\/schema\/logo\/image\/","url":"https:\/\/dicodusport.fr\/blog\/wp-content\/uploads\/2020\/06\/cropped-LOGO-DICODUSPORT-2020-SANS-FOND-SANS-TEXTE.png","contentUrl":"https:\/\/dicodusport.fr\/blog\/wp-content\/uploads\/2020\/06\/cropped-LOGO-DICODUSPORT-2020-SANS-FOND-SANS-TEXTE.png","width":512,"height":512,"caption":"Dicodusport"},"image":{"@id":"https:\/\/dicodusport.fr\/blog\/#\/schema\/logo\/image\/"},"sameAs":["https:\/\/www.facebook.com\/dicodusport","https:\/\/x.com\/dicodusport","https:\/\/www.instagram.com\/dicodusport\/","https:\/\/www.youtube.com\/channel\/UC7V2KZ5sd3htJivAbA4ZG3w"],"description":"Dicodusport est l'encyclop\u00e9die de l'actualit\u00e9 sportive.","email":"bonjour@dicodusport.fr","legalName":"DICODUSPORT","foundingDate":"2018-01-14","vatID":"FR71834470973","taxID":"83447097300043","numberOfEmployees":{"@type":"QuantitativeValue","minValue":"1","maxValue":"10"}},{"@type":"Person","@id":"https:\/\/dicodusport.fr\/blog\/#\/schema\/person\/cb02af4c173ce4a653b55e9baf388d4a","name":"Flo Ostermann","image":{"@type":"ImageObject","inLanguage":"fr-FR","@id":"https:\/\/dicodusport.fr\/blog\/#\/schema\/person\/image\/","url":"https:\/\/dicodusport.fr\/blog\/wp-content\/uploads\/2021\/05\/Flo-Ostermann-150x150.jpg","contentUrl":"https:\/\/dicodusport.fr\/blog\/wp-content\/uploads\/2021\/05\/Flo-Ostermann-150x150.jpg","caption":"Flo Ostermann"},"description":"Journaliste\/R\u00e9dacteur depuis septembre 2015 - Mes premiers souvenirs dans le sport ? Les envol\u00e9es du Stade Toulousain et les duels Villeneuve-Schumacher et H\u00e4kkinen-Schumacher \u00e0 la fin des ann\u00e9es 90, la Coupe du monde de football en 1998, l\u2019exploit du XV de France face aux All Blacks en 1999, mais aussi Richard C\u0153ur de Lion qui vole sur les montagnes du Tour de France. Bien parti pour devenir professeur d\u2019EPS, les \u00e9v\u00e9nements de la vie (et la flemme d\u2019animer des s\u00e9ances de 3x500 m\u00e8tres toute ma vie) m\u2019ont conduit \u00e0 revoir mes plans. Me voil\u00e0 depuis fin 2017 sur Dicodusport, m\u00e9dia gr\u00e2ce (et pour) lequel je partage ma passion : le sport dans tous ses \u00e9tats. Le tout accompagn\u00e9 par les fous furieux et folles furieuses cit\u00e9s sur cette page !","sameAs":["https:\/\/www.facebook.com\/florent.ostermann","https:\/\/x.com\/https:\/\/twitter.com\/FlOstermann","admin"],"url":"https:\/\/dicodusport.fr\/blog\/author\/flo\/"}]}},"_links":{"self":[{"href":"https:\/\/dicodusport.fr\/blog\/wp-json\/wp\/v2\/posts\/141330","targetHints":{"allow":["GET"]}}],"collection":[{"href":"https:\/\/dicodusport.fr\/blog\/wp-json\/wp\/v2\/posts"}],"about":[{"href":"https:\/\/dicodusport.fr\/blog\/wp-json\/wp\/v2\/types\/post"}],"author":[{"embeddable":true,"href":"https:\/\/dicodusport.fr\/blog\/wp-json\/wp\/v2\/users\/4"}],"replies":[{"embeddable":true,"href":"https:\/\/dicodusport.fr\/blog\/wp-json\/wp\/v2\/comments?post=141330"}],"version-history":[{"count":0,"href":"https:\/\/dicodusport.fr\/blog\/wp-json\/wp\/v2\/posts\/141330\/revisions"}],"wp:featuredmedia":[{"embeddable":true,"href":"https:\/\/dicodusport.fr\/blog\/wp-json\/wp\/v2\/media\/140418"}],"wp:attachment":[{"href":"https:\/\/dicodusport.fr\/blog\/wp-json\/wp\/v2\/media?parent=141330"}],"wp:term":[{"taxonomy":"category","embeddable":true,"href":"https:\/\/dicodusport.fr\/blog\/wp-json\/wp\/v2\/categories?post=141330"},{"taxonomy":"post_tag","embeddable":true,"href":"https:\/\/dicodusport.fr\/blog\/wp-json\/wp\/v2\/tags?post=141330"}],"curies":[{"name":"wp","href":"https:\/\/api.w.org\/{rel}","templated":true}]}}